{"id":100047,"date":"2026-04-26T17:11:22","date_gmt":"2026-04-26T15:11:22","guid":{"rendered":"https:\/\/www.lichen.pl\/?p=100047"},"modified":"2026-04-26T18:34:58","modified_gmt":"2026-04-26T16:34:58","slug":"dzien-skupienia-harcerzy-hufca-zhp-konin-w-sanktuarium-matki-bozej-lichenskiej-2","status":"publish","type":"post","link":"https:\/\/www.lichen.pl\/de\/dzien-skupienia-harcerzy-hufca-zhp-konin-w-sanktuarium-matki-bozej-lichenskiej-2\/","title":{"rendered":"Dzie\u0144 Skupienia Harcerzy Hufca ZHP Konin w sanktuarium Matki Bo\u017cej Liche\u0144skiej"},"content":{"rendered":"<div data-elementor-type=\"wp-post\" data-elementor-id=\"100047\" class=\"elementor elementor-100047\" data-elementor-post-type=\"post\">\n\t\t\t\t\t\t<section class=\"elementor-section elementor-top-section elementor-element elementor-element-1f6249e elementor-section-boxed elementor-section-height-default elementor-section-height-default\" data-id=\"1f6249e\" data-element_type=\"section\" data-e-type=\"section\">\n\t\t\t\t\t\t<div class=\"elementor-container elementor-column-gap-default\">\n\t\t\t\t\t<div class=\"elementor-column elementor-col-100 elementor-top-column elementor-element elementor-element-df8f1c7\" data-id=\"df8f1c7\" data-element_type=\"column\" data-e-type=\"column\">\n\t\t\t<div class=\"elementor-widget-wrap elementor-element-populated\">\n\t\t\t\t\t\t<div class=\"elementor-element elementor-element-711551a elementor-widget elementor-widget-text-editor\" data-id=\"711551a\" data-element_type=\"widget\" data-e-type=\"widget\" data-widget_type=\"text-editor.default\">\n\t\t\t\t<div class=\"elementor-widget-container\">\n\t\t\t\t\t\t\t\t\t<h4><span style=\"color: #000000;\">Dzie\u0144 Skupienia Wielkopolskich Harcerzy to ju\u017c tradycja w liche\u0144skim sanktuarium.\u00a0<\/span><span style=\"color: #000000;\">Tegoroczne spotkanie odby\u0142o si\u0119 w sobot\u0119, 25 kwietnia. Wzi\u0119\u0142o w nim udzia\u0142 \u0142\u0105cznie\u00a0<\/span><span style=\"color: #000000;\">oko\u0142o 120 zuch\u00f3w, harcerzy, instruktor\u00f3w, jak i osoby nale\u017c\u0105ce do Wsp\u00f3lnoty\u00a0<\/span><span style=\"color: #000000;\">Senior\u00f3w ZHP im. ks. harcmistrza Antoniego Bogda\u0144skiego, a tak\u017ce sympatycy\u00a0<\/span><span style=\"color: #000000;\">harcerstwa.<\/span><\/h4>\t\t\t\t\t\t\t\t<\/div>\n\t\t\t\t<\/div>\n\t\t\t\t\t<\/div>\n\t\t<\/div>\n\t\t\t\t\t<\/div>\n\t\t<\/section>\n\t\t\t\t<section class=\"elementor-section elementor-top-section elementor-element elementor-element-cf5c5bf elementor-section-boxed elementor-section-height-default elementor-section-height-default\" data-id=\"cf5c5bf\" data-element_type=\"section\" data-e-type=\"section\">\n\t\t\t\t\t\t<div class=\"elementor-container elementor-column-gap-default\">\n\t\t\t\t\t<div class=\"elementor-column elementor-col-100 elementor-top-column elementor-element elementor-element-c3585f8\" data-id=\"c3585f8\" data-element_type=\"column\" data-e-type=\"column\">\n\t\t\t<div class=\"elementor-widget-wrap elementor-element-populated\">\n\t\t\t\t\t\t<div class=\"elementor-element elementor-element-cf47dfe elementor-widget elementor-widget-text-editor\" data-id=\"cf47dfe\" data-element_type=\"widget\" data-e-type=\"widget\" data-widget_type=\"text-editor.default\">\n\t\t\t\t<div class=\"elementor-widget-container\">\n\t\t\t\t\t\t\t\t\t<p><span style=\"color: #000000;\">Spotkanie, jak co roku, mia\u0142o wymiar nie tylko integracyjny, lecz przede wszystkim duchowy.\u00a0<\/span><span style=\"color: #000000;\">Dla wielu uczestnik\u00f3w by\u0142 to moment zatrzymania si\u0119 w codziennym biegu i spojrzenia na\u00a0<\/span><span style=\"color: #000000;\">swoj\u0105 harcersk\u0105 drog\u0119 z nieco innej perspektywy \u2013 tej g\u0142\u0119bszej, zwi\u0105zanej z warto\u015bciami i\u00a0<\/span><span style=\"color: #000000;\">osobistym rozwojem.<\/span><\/p><p><span style=\"color: #000000;\">W ci\u0105gu dnia harcerze brali udzia\u0142 w przygotowanych aktywno\u015bciach, w tym grach\u00a0<\/span><span style=\"color: #000000;\">terenowych oraz wsp\u00f3lnych spotkaniach. Nie zabrak\u0142o tak\u017ce czasu na rozmowy i bycie r<\/span><span style=\"color: #000000;\">azem, kt\u00f3re od lat stanowi wa\u017cny element harcerskiej wsp\u00f3lnoty.<\/span><\/p>\t\t\t\t\t\t\t\t<\/div>\n\t\t\t\t<\/div>\n\t\t\t\t\t<\/div>\n\t\t<\/div>\n\t\t\t\t\t<\/div>\n\t\t<\/section>\n\t\t\t\t<section class=\"elementor-section elementor-top-section elementor-element elementor-element-a01d2d9 elementor-section-boxed elementor-section-height-default elementor-section-height-default\" data-id=\"a01d2d9\" data-element_type=\"section\" data-e-type=\"section\">\n\t\t\t\t\t\t<div class=\"elementor-container elementor-column-gap-default\">\n\t\t\t\t\t<div class=\"elementor-column elementor-col-100 elementor-top-column elementor-element elementor-element-df613f3\" data-id=\"df613f3\" data-element_type=\"column\" data-e-type=\"column\">\n\t\t\t<div class=\"elementor-widget-wrap elementor-element-populated\">\n\t\t\t\t\t\t<div class=\"elementor-element elementor-element-9b5c8ae elementor-widget elementor-widget-image\" data-id=\"9b5c8ae\" data-element_type=\"widget\" data-e-type=\"widget\" data-widget_type=\"image.default\">\n\t\t\t\t<div class=\"elementor-widget-container\">\n\t\t\t\t\t\t\t\t\t\t\t\t\t\t\t<img fetchpriority=\"high\" decoding=\"async\" width=\"1024\" height=\"683\" src=\"https:\/\/www.lichen.pl\/wp-content\/uploads\/2026\/04\/Dzien_skupienia_ZHP-16-1024x683.jpg\" class=\"attachment-large size-large wp-image-100050\" alt=\"\" srcset=\"https:\/\/www.lichen.pl\/wp-content\/uploads\/2026\/04\/Dzien_skupienia_ZHP-16-1024x683.jpg 1024w, https:\/\/www.lichen.pl\/wp-content\/uploads\/2026\/04\/Dzien_skupienia_ZHP-16-300x200.jpg 300w, https:\/\/www.lichen.pl\/wp-content\/uploads\/2026\/04\/Dzien_skupienia_ZHP-16-768x512.jpg 768w, https:\/\/www.lichen.pl\/wp-content\/uploads\/2026\/04\/Dzien_skupienia_ZHP-16-1536x1024.jpg 1536w, https:\/\/www.lichen.pl\/wp-content\/uploads\/2026\/04\/Dzien_skupienia_ZHP-16-2048x1365.jpg 2048w, https:\/\/www.lichen.pl\/wp-content\/uploads\/2026\/04\/Dzien_skupienia_ZHP-16-18x12.jpg 18w, https:\/\/www.lichen.pl\/wp-content\/uploads\/2026\/04\/Dzien_skupienia_ZHP-16-800x533.jpg 800w, https:\/\/www.lichen.pl\/wp-content\/uploads\/2026\/04\/Dzien_skupienia_ZHP-16.jpg 1920w\" sizes=\"(max-width: 1024px) 100vw, 1024px\" \/>\t\t\t\t\t\t\t\t\t\t\t\t\t\t\t<\/div>\n\t\t\t\t<\/div>\n\t\t\t\t\t<\/div>\n\t\t<\/div>\n\t\t\t\t\t<\/div>\n\t\t<\/section>\n\t\t\t\t<section class=\"elementor-section elementor-top-section elementor-element elementor-element-cacc7ac elementor-section-boxed elementor-section-height-default elementor-section-height-default\" data-id=\"cacc7ac\" data-element_type=\"section\" data-e-type=\"section\">\n\t\t\t\t\t\t<div class=\"elementor-container elementor-column-gap-default\">\n\t\t\t\t\t<div class=\"elementor-column elementor-col-100 elementor-top-column elementor-element elementor-element-cdaf7ee\" data-id=\"cdaf7ee\" data-element_type=\"column\" data-e-type=\"column\">\n\t\t\t<div class=\"elementor-widget-wrap elementor-element-populated\">\n\t\t\t\t\t\t<div class=\"elementor-element elementor-element-0c92ff3 elementor-widget__width-initial elementor-widget elementor-widget-text-editor\" data-id=\"0c92ff3\" data-element_type=\"widget\" data-e-type=\"widget\" data-widget_type=\"text-editor.default\">\n\t\t\t\t<div class=\"elementor-widget-container\">\n\t\t\t\t\t\t\t\t\t<p><span style=\"color: #000000;\">Podczas Mszy \u015bw. sprawowanej o godz. 16:00 w kaplicy Tr\u00f3jcy \u015awi\u0119tej mia\u0142o miejsce\u00a0<\/span><span style=\"color: #000000;\">szczeg\u00f3lne wydarzenie \u2013 <strong>po\u015bwi\u0119cenie obrazu Matki Bo\u017cej Harcerskiej<\/strong>. Jak podkre\u015bla\u00a0<\/span><span style=\"color: #000000;\"><strong>Antoni Sucharski, instruktor Hufca Konin i wsp\u00f3\u0142organizator wydarzenia<\/strong>:<\/span><\/p><p style=\"padding-left: 40px;\"><span style=\"color: #000000;\">-<em> Jest to kopia obrazu namalowanego przez jedn\u0105 z harcerek. Symbolizuje wi\u0119\u017a oraz\u00a0<\/em><\/span><em><span style=\"color: #000000;\">\u0142\u0105czno\u015b\u0107 harcerzy z wiar\u0105, a tak\u017ce przypomina o warto\u015bciach, kt\u00f3re od pocz\u0105tku towarzysz\u0105\u00a0<\/span><\/em><em><span style=\"color: #000000;\">skautingowi.<\/span><\/em><\/p><p><span style=\"color: #000000;\">Instruktor zwr\u00f3ci\u0142 r\u00f3wnie\u017c uwag\u0119 na znaczenie spotkania w Licheniu:<\/span><\/p><p style=\"padding-left: 40px;\"><em><span style=\"color: #000000;\">\u2013 Takie spotkania s\u0105 niezwykle istotne dla budowania poczucia to\u017csamo\u015bci i przynale\u017cno\u015bci\u00a0<\/span><\/em><em><span style=\"color: #000000;\">do ruchu harcerskiego. Wsp\u00f3lnota jednoczy si\u0119 poprzez wsp\u00f3lne prze\u017cywanie wa\u017cnych\u00a0<\/span><\/em><em><span style=\"color: #000000;\">chwil. Liche\u0144 jest dla nas miejscem szczeg\u00f3lnym, pewnym duchowym centrum. Spotykaj\u0105c\u00a0<\/span><\/em><em><span style=\"color: #000000;\">si\u0119 tutaj, wracamy do tego, co w harcerstwie najwa\u017cniejsze \u2013 doda\u0142.<\/span><\/em><\/p><p><span style=\"color: #000000;\">O znaczeniu tego momentu m\u00f3wi\u0142a tak\u017ce <strong>pwd. Jagoda Pigulska, cz\u0142onkini Komendy\u00a0<\/strong><\/span><span style=\"color: #000000;\"><strong>Hufca:<\/strong><\/span><\/p><p style=\"padding-left: 40px;\"><em><span style=\"color: #000000;\">\u2013 To moment, w kt\u00f3rym powierzamy nasze harcerskie drogi, decyzje i codzienn\u0105 s\u0142u\u017cb\u0119 w\u00a0<\/span><\/em><em><span style=\"color: #000000;\">opiek\u0119 Matki Bo\u017cej.<\/span><\/em><\/p><p><span style=\"color: #000000;\">Podkre\u015bli\u0142a r\u00f3wnie\u017c, \u017ce obraz b\u0119dzie przypomina\u0142 o tym, co w harcerstwie najwa\u017cniejsze:<\/span><\/p><p style=\"padding-left: 40px;\"><em><span style=\"color: #000000;\">\u2013 B\u0119dzie dla nas znakiem jedno\u015bci i przypomnieniem, \u017ce harcerstwo to nie tylko przygoda,\u00a0<\/span><\/em><em><span style=\"color: #000000;\">ale te\u017c rozw\u00f3j duchowy i \u017cycie warto\u015bciami na co dzie\u0144.<\/span><\/em><\/p>\t\t\t\t\t\t\t\t<\/div>\n\t\t\t\t<\/div>\n\t\t\t\t\t<\/div>\n\t\t<\/div>\n\t\t\t\t\t<\/div>\n\t\t<\/section>\n\t\t\t\t<section class=\"elementor-section elementor-top-section elementor-element elementor-element-e2d46f5 elementor-section-boxed elementor-section-height-default elementor-section-height-default\" data-id=\"e2d46f5\" data-element_type=\"section\" data-e-type=\"section\">\n\t\t\t\t\t\t<div class=\"elementor-container elementor-column-gap-default\">\n\t\t\t\t\t<div class=\"elementor-column elementor-col-100 elementor-top-column elementor-element elementor-element-01a99c5\" data-id=\"01a99c5\" data-element_type=\"column\" data-e-type=\"column\">\n\t\t\t<div class=\"elementor-widget-wrap elementor-element-populated\">\n\t\t\t\t\t\t<div class=\"elementor-element elementor-element-382176d elementor-widget elementor-widget-image\" data-id=\"382176d\" data-element_type=\"widget\" data-e-type=\"widget\" data-widget_type=\"image.default\">\n\t\t\t\t<div class=\"elementor-widget-container\">\n\t\t\t\t\t\t\t\t\t\t\t\t\t\t\t<img decoding=\"async\" width=\"768\" height=\"1152\" src=\"https:\/\/www.lichen.pl\/wp-content\/uploads\/2026\/04\/Dzien_skupienia_ZHP-9-768x1152.jpg\" class=\"attachment-medium_large size-medium_large wp-image-100072\" alt=\"\" srcset=\"https:\/\/www.lichen.pl\/wp-content\/uploads\/2026\/04\/Dzien_skupienia_ZHP-9-768x1152.jpg 768w, https:\/\/www.lichen.pl\/wp-content\/uploads\/2026\/04\/Dzien_skupienia_ZHP-9-200x300.jpg 200w, https:\/\/www.lichen.pl\/wp-content\/uploads\/2026\/04\/Dzien_skupienia_ZHP-9-683x1024.jpg 683w, https:\/\/www.lichen.pl\/wp-content\/uploads\/2026\/04\/Dzien_skupienia_ZHP-9-1024x1536.jpg 1024w, https:\/\/www.lichen.pl\/wp-content\/uploads\/2026\/04\/Dzien_skupienia_ZHP-9-1365x2048.jpg 1365w, https:\/\/www.lichen.pl\/wp-content\/uploads\/2026\/04\/Dzien_skupienia_ZHP-9-8x12.jpg 8w, https:\/\/www.lichen.pl\/wp-content\/uploads\/2026\/04\/Dzien_skupienia_ZHP-9-800x1200.jpg 800w\" sizes=\"(max-width: 768px) 100vw, 768px\" \/>\t\t\t\t\t\t\t\t\t\t\t\t\t\t\t<\/div>\n\t\t\t\t<\/div>\n\t\t\t\t\t<\/div>\n\t\t<\/div>\n\t\t\t\t\t<\/div>\n\t\t<\/section>\n\t\t\t\t<section class=\"elementor-section elementor-top-section elementor-element elementor-element-13daf00 elementor-section-boxed elementor-section-height-default elementor-section-height-default\" data-id=\"13daf00\" data-element_type=\"section\" data-e-type=\"section\">\n\t\t\t\t\t\t<div class=\"elementor-container elementor-column-gap-default\">\n\t\t\t\t\t<div class=\"elementor-column elementor-col-100 elementor-top-column elementor-element elementor-element-d349ce9\" data-id=\"d349ce9\" data-element_type=\"column\" data-e-type=\"column\">\n\t\t\t<div class=\"elementor-widget-wrap elementor-element-populated\">\n\t\t\t\t\t\t<div class=\"elementor-element elementor-element-01feb5e elementor-widget elementor-widget-text-editor\" data-id=\"01feb5e\" data-element_type=\"widget\" data-e-type=\"widget\" data-widget_type=\"text-editor.default\">\n\t\t\t\t<div class=\"elementor-widget-container\">\n\t\t\t\t\t\t\t\t\t<p><span style=\"color: #000000;\">Mszy \u015awi\u0119tej przewodniczy\u0142 <strong>ks. pwd. Artur Wojczy\u0144ski, kapelan Chor\u0105gwi\u00a0<\/strong><\/span><span style=\"color: #000000;\"><strong>Wielkopolskiej ZHP<\/strong>, a wsp\u00f3\u0142koncelebrowa\u0142 j\u0105 <strong>ks. pwd. Artur Kosierb, kapelan Hufca ZHP\u00a0<\/strong><\/span><span style=\"color: #000000;\"><strong>Konin<\/strong>. W homilii kap\u0142an podkre\u015bli\u0142 znaczenie czuwania, kt\u00f3re stanowi jeden z fundament\u00f3w\u00a0<\/span><span style=\"color: #000000;\">harcerskiej postawy. Nawi\u0105zywa\u0142 do niego w kontek\u015bcie codziennych wybor\u00f3w i postaw,\u00a0<\/span><span style=\"color: #000000;\">zach\u0119caj\u0105c uczestnik\u00f3w do uwa\u017cno\u015bci i odpowiedzialno\u015bci w harcerskim \u017cyciu.<\/span><\/p><p><span style=\"color: #000000;\">Dla wielu uczestnik\u00f3w Dzie\u0144 Skupienia mia\u0142 tak\u017ce osobisty wymiar.<\/span><\/p><p style=\"padding-left: 40px;\"><em><span style=\"color: #000000;\">\u2013 Przypomina mi o wa\u017cnych warto\u015bciach chrze\u015bcija\u0144skich i harcerskich <\/span><\/em><span style=\"color: #000000;\">\u2013 powiedzia\u0142 M\u0142odzik\u00a0<\/span><span style=\"color: #000000;\">Bogusz Magierowski z 11 KWDH \u201eCzarne Kruki\u201d.<\/span><\/p><p><span style=\"color: #000000;\">Jak zauwa\u017ca Jagoda Pigulska, jest to r\u00f3wnie\u017c czas zatrzymania:<\/span><\/p><p style=\"padding-left: 40px;\"><em><span style=\"color: #000000;\">\u2013 To moment, w kt\u00f3rym mo\u017cemy si\u0119 spotka\u0107 i wr\u00f3ci\u0107 do tych warto\u015bci, o kt\u00f3rych czasem\u00a0<\/span><\/em><em><span style=\"color: #000000;\">zapominamy w codziennym biegu \u2013 do spokoju, braterstwa i pokory.<\/span><\/em><\/p><p><span style=\"color: #000000;\">Na zako\u0144czenie spotkania uczestnicy wsp\u00f3lnie od\u015bpiewali harcersk\u0105 modlitw\u0119, kt\u00f3ra stanowi\u00a0<\/span><span style=\"color: #000000;\">wa\u017cny element tradycji i duchowo\u015bci harcerskiej.<\/span><\/p><p><span style=\"color: #000000;\">Dzie\u0144 Skupienia w Licheniu po raz kolejny pokaza\u0142, \u017ce harcerstwo to nie tylko aktywno\u015b\u0107,\u00a0<\/span><span style=\"color: #000000;\">lecz r\u00f3wnie\u017c przestrze\u0144 do rozwoju wewn\u0119trznego. Spotkanie w sanktuarium sta\u0142o si\u0119 okazj\u0105\u00a0<\/span><span style=\"color: #000000;\">do umocnienia tego, co w harcerskiej drodze najwa\u017cniejsze \u2013 s\u0142u\u017cby, wsp\u00f3lnoty i wierno\u015bci\u00a0<\/span><span style=\"color: #000000;\">warto\u015bciom.<\/span><\/p>\t\t\t\t\t\t\t\t<\/div>\n\t\t\t\t<\/div>\n\t\t\t\t\t<\/div>\n\t\t<\/div>\n\t\t\t\t\t<\/div>\n\t\t<\/section>\n\t\t\t\t<section class=\"elementor-section elementor-top-section elementor-element elementor-element-ef5d57a elementor-section-boxed elementor-section-height-default elementor-section-height-default\" data-id=\"ef5d57a\" data-element_type=\"section\" data-e-type=\"section\">\n\t\t\t\t\t\t<div class=\"elementor-container elementor-column-gap-default\">\n\t\t\t\t\t<div class=\"elementor-column elementor-col-100 elementor-top-column elementor-element elementor-element-c86b8b3\" data-id=\"c86b8b3\" data-element_type=\"column\" data-e-type=\"column\">\n\t\t\t<div class=\"elementor-widget-wrap elementor-element-populated\">\n\t\t\t\t\t\t<div class=\"elementor-element elementor-element-0fb2b02 elementor-widget elementor-widget-image-gallery\" data-id=\"0fb2b02\" data-element_type=\"widget\" data-e-type=\"widget\" data-widget_type=\"image-gallery.default\">\n\t\t\t\t<div class=\"elementor-widget-container\">\n\t\t\t\t\t\t\t<div class=\"elementor-image-gallery\">\n\t\t\t\n<a data-elementor-open-lightbox=\"yes\" data-elementor-lightbox-slideshow=\"0fb2b02\" data-elementor-lightbox-title=\"Dzien_skupienia_ZHP (14)\" data-e-action-hash=\"#elementor-action%3Aaction%3Dlightbox%26settings%3DeyJpZCI6MTAwMDQ4LCJ1cmwiOiJodHRwczpcL1wvd3d3LmxpY2hlbi5wbFwvd3AtY29udGVudFwvdXBsb2Fkc1wvMjAyNlwvMDRcL0R6aWVuX3NrdXBpZW5pYV9aSFAtMTQuanBnIiwic2xpZGVzaG93IjoiMGZiMmIwMiJ9\" href='https:\/\/www.lichen.pl\/wp-content\/uploads\/2026\/04\/Dzien_skupienia_ZHP-14.jpg'><img decoding=\"async\" width=\"300\" height=\"300\" src=\"https:\/\/www.lichen.pl\/wp-content\/uploads\/2026\/04\/Dzien_skupienia_ZHP-14-300x300.jpg\" class=\"attachment-woocommerce_thumbnail size-woocommerce_thumbnail\" alt=\"\" srcset=\"https:\/\/www.lichen.pl\/wp-content\/uploads\/2026\/04\/Dzien_skupienia_ZHP-14-300x300.jpg 300w, https:\/\/www.lichen.pl\/wp-content\/uploads\/2026\/04\/Dzien_skupienia_ZHP-14-150x150.jpg 150w\" sizes=\"(max-width: 300px) 100vw, 300px\" \/><\/a>\n<a data-elementor-open-lightbox=\"yes\" data-elementor-lightbox-slideshow=\"0fb2b02\" data-elementor-lightbox-title=\"Dzien_skupienia_ZHP (15)\" data-e-action-hash=\"#elementor-action%3Aaction%3Dlightbox%26settings%3DeyJpZCI6MTAwMDQ5LCJ1cmwiOiJodHRwczpcL1wvd3d3LmxpY2hlbi5wbFwvd3AtY29udGVudFwvdXBsb2Fkc1wvMjAyNlwvMDRcL0R6aWVuX3NrdXBpZW5pYV9aSFAtMTUuanBnIiwic2xpZGVzaG93IjoiMGZiMmIwMiJ9\" href='https:\/\/www.lichen.pl\/wp-content\/uploads\/2026\/04\/Dzien_skupienia_ZHP-15.jpg'><img loading=\"lazy\" decoding=\"async\" width=\"300\" height=\"300\" src=\"https:\/\/www.lichen.pl\/wp-content\/uploads\/2026\/04\/Dzien_skupienia_ZHP-15-300x300.jpg\" class=\"attachment-woocommerce_thumbnail size-woocommerce_thumbnail\" alt=\"\" srcset=\"https:\/\/www.lichen.pl\/wp-content\/uploads\/2026\/04\/Dzien_skupienia_ZHP-15-300x300.jpg 300w, https:\/\/www.lichen.pl\/wp-content\/uploads\/2026\/04\/Dzien_skupienia_ZHP-15-150x150.jpg 150w\" sizes=\"(max-width: 300px) 100vw, 300px\" \/><\/a>\n<a data-elementor-open-lightbox=\"yes\" data-elementor-lightbox-slideshow=\"0fb2b02\" data-elementor-lightbox-title=\"Dzien_skupienia_ZHP (16)\" data-e-action-hash=\"#elementor-action%3Aaction%3Dlightbox%26settings%3DeyJpZCI6MTAwMDUwLCJ1cmwiOiJodHRwczpcL1wvd3d3LmxpY2hlbi5wbFwvd3AtY29udGVudFwvdXBsb2Fkc1wvMjAyNlwvMDRcL0R6aWVuX3NrdXBpZW5pYV9aSFAtMTYuanBnIiwic2xpZGVzaG93IjoiMGZiMmIwMiJ9\" href='https:\/\/www.lichen.pl\/wp-content\/uploads\/2026\/04\/Dzien_skupienia_ZHP-16.jpg'><img loading=\"lazy\" decoding=\"async\" width=\"300\" height=\"300\" src=\"https:\/\/www.lichen.pl\/wp-content\/uploads\/2026\/04\/Dzien_skupienia_ZHP-16-300x300.jpg\" class=\"attachment-woocommerce_thumbnail size-woocommerce_thumbnail\" alt=\"\" srcset=\"https:\/\/www.lichen.pl\/wp-content\/uploads\/2026\/04\/Dzien_skupienia_ZHP-16-300x300.jpg 300w, https:\/\/www.lichen.pl\/wp-content\/uploads\/2026\/04\/Dzien_skupienia_ZHP-16-150x150.jpg 150w\" sizes=\"(max-width: 300px) 100vw, 300px\" \/><\/a>\n<a data-elementor-open-lightbox=\"yes\" data-elementor-lightbox-slideshow=\"0fb2b02\" data-elementor-lightbox-title=\"Dzien_skupienia_ZHP (17)\" data-e-action-hash=\"#elementor-action%3Aaction%3Dlightbox%26settings%3DeyJpZCI6MTAwMDUxLCJ1cmwiOiJodHRwczpcL1wvd3d3LmxpY2hlbi5wbFwvd3AtY29udGVudFwvdXBsb2Fkc1wvMjAyNlwvMDRcL0R6aWVuX3NrdXBpZW5pYV9aSFAtMTcuanBnIiwic2xpZGVzaG93IjoiMGZiMmIwMiJ9\" href='https:\/\/www.lichen.pl\/wp-content\/uploads\/2026\/04\/Dzien_skupienia_ZHP-17.jpg'><img loading=\"lazy\" decoding=\"async\" width=\"300\" height=\"300\" src=\"https:\/\/www.lichen.pl\/wp-content\/uploads\/2026\/04\/Dzien_skupienia_ZHP-17-300x300.jpg\" class=\"attachment-woocommerce_thumbnail size-woocommerce_thumbnail\" alt=\"\" srcset=\"https:\/\/www.lichen.pl\/wp-content\/uploads\/2026\/04\/Dzien_skupienia_ZHP-17-300x300.jpg 300w, https:\/\/www.lichen.pl\/wp-content\/uploads\/2026\/04\/Dzien_skupienia_ZHP-17-150x150.jpg 150w\" sizes=\"(max-width: 300px) 100vw, 300px\" \/><\/a>\n<a data-elementor-open-lightbox=\"yes\" data-elementor-lightbox-slideshow=\"0fb2b02\" data-elementor-lightbox-title=\"Dzien_skupienia_ZHP (18)\" data-e-action-hash=\"#elementor-action%3Aaction%3Dlightbox%26settings%3DeyJpZCI6MTAwMDUyLCJ1cmwiOiJodHRwczpcL1wvd3d3LmxpY2hlbi5wbFwvd3AtY29udGVudFwvdXBsb2Fkc1wvMjAyNlwvMDRcL0R6aWVuX3NrdXBpZW5pYV9aSFAtMTguanBnIiwic2xpZGVzaG93IjoiMGZiMmIwMiJ9\" href='https:\/\/www.lichen.pl\/wp-content\/uploads\/2026\/04\/Dzien_skupienia_ZHP-18.jpg'><img loading=\"lazy\" decoding=\"async\" width=\"300\" height=\"300\" src=\"https:\/\/www.lichen.pl\/wp-content\/uploads\/2026\/04\/Dzien_skupienia_ZHP-18-300x300.jpg\" class=\"attachment-woocommerce_thumbnail size-woocommerce_thumbnail\" alt=\"\" srcset=\"https:\/\/www.lichen.pl\/wp-content\/uploads\/2026\/04\/Dzien_skupienia_ZHP-18-300x300.jpg 300w, https:\/\/www.lichen.pl\/wp-content\/uploads\/2026\/04\/Dzien_skupienia_ZHP-18-150x150.jpg 150w\" sizes=\"(max-width: 300px) 100vw, 300px\" \/><\/a>\n<a data-elementor-open-lightbox=\"yes\" data-elementor-lightbox-slideshow=\"0fb2b02\" data-elementor-lightbox-title=\"Dzien_skupienia_ZHP (19)\" data-e-action-hash=\"#elementor-action%3Aaction%3Dlightbox%26settings%3DeyJpZCI6MTAwMDUzLCJ1cmwiOiJodHRwczpcL1wvd3d3LmxpY2hlbi5wbFwvd3AtY29udGVudFwvdXBsb2Fkc1wvMjAyNlwvMDRcL0R6aWVuX3NrdXBpZW5pYV9aSFAtMTkuanBnIiwic2xpZGVzaG93IjoiMGZiMmIwMiJ9\" href='https:\/\/www.lichen.pl\/wp-content\/uploads\/2026\/04\/Dzien_skupienia_ZHP-19.jpg'><img loading=\"lazy\" decoding=\"async\" width=\"300\" height=\"300\" src=\"https:\/\/www.lichen.pl\/wp-content\/uploads\/2026\/04\/Dzien_skupienia_ZHP-19-300x300.jpg\" class=\"attachment-woocommerce_thumbnail size-woocommerce_thumbnail\" alt=\"\" srcset=\"https:\/\/www.lichen.pl\/wp-content\/uploads\/2026\/04\/Dzien_skupienia_ZHP-19-300x300.jpg 300w, https:\/\/www.lichen.pl\/wp-content\/uploads\/2026\/04\/Dzien_skupienia_ZHP-19-150x150.jpg 150w\" sizes=\"(max-width: 300px) 100vw, 300px\" \/><\/a>\n<a data-elementor-open-lightbox=\"yes\" data-elementor-lightbox-slideshow=\"0fb2b02\" data-elementor-lightbox-title=\"Dzien_skupienia_ZHP (20)\" data-e-action-hash=\"#elementor-action%3Aaction%3Dlightbox%26settings%3DeyJpZCI6MTAwMDU0LCJ1cmwiOiJodHRwczpcL1wvd3d3LmxpY2hlbi5wbFwvd3AtY29udGVudFwvdXBsb2Fkc1wvMjAyNlwvMDRcL0R6aWVuX3NrdXBpZW5pYV9aSFAtMjAuanBnIiwic2xpZGVzaG93IjoiMGZiMmIwMiJ9\" href='https:\/\/www.lichen.pl\/wp-content\/uploads\/2026\/04\/Dzien_skupienia_ZHP-20.jpg'><img loading=\"lazy\" decoding=\"async\" width=\"300\" height=\"300\" src=\"https:\/\/www.lichen.pl\/wp-content\/uploads\/2026\/04\/Dzien_skupienia_ZHP-20-300x300.jpg\" class=\"attachment-woocommerce_thumbnail size-woocommerce_thumbnail\" alt=\"\" srcset=\"https:\/\/www.lichen.pl\/wp-content\/uploads\/2026\/04\/Dzien_skupienia_ZHP-20-300x300.jpg 300w, https:\/\/www.lichen.pl\/wp-content\/uploads\/2026\/04\/Dzien_skupienia_ZHP-20-150x150.jpg 150w\" sizes=\"(max-width: 300px) 100vw, 300px\" \/><\/a>\n<a data-elementor-open-lightbox=\"yes\" data-elementor-lightbox-slideshow=\"0fb2b02\" data-elementor-lightbox-title=\"Dzien_skupienia_ZHP (21)\" data-e-action-hash=\"#elementor-action%3Aaction%3Dlightbox%26settings%3DeyJpZCI6MTAwMDU1LCJ1cmwiOiJodHRwczpcL1wvd3d3LmxpY2hlbi5wbFwvd3AtY29udGVudFwvdXBsb2Fkc1wvMjAyNlwvMDRcL0R6aWVuX3NrdXBpZW5pYV9aSFAtMjEuanBnIiwic2xpZGVzaG93IjoiMGZiMmIwMiJ9\" href='https:\/\/www.lichen.pl\/wp-content\/uploads\/2026\/04\/Dzien_skupienia_ZHP-21.jpg'><img loading=\"lazy\" decoding=\"async\" width=\"300\" height=\"300\" src=\"https:\/\/www.lichen.pl\/wp-content\/uploads\/2026\/04\/Dzien_skupienia_ZHP-21-300x300.jpg\" class=\"attachment-woocommerce_thumbnail size-woocommerce_thumbnail\" alt=\"\" srcset=\"https:\/\/www.lichen.pl\/wp-content\/uploads\/2026\/04\/Dzien_skupienia_ZHP-21-300x300.jpg 300w, https:\/\/www.lichen.pl\/wp-content\/uploads\/2026\/04\/Dzien_skupienia_ZHP-21-150x150.jpg 150w\" sizes=\"(max-width: 300px) 100vw, 300px\" \/><\/a>\n<a data-elementor-open-lightbox=\"yes\" data-elementor-lightbox-slideshow=\"0fb2b02\" data-elementor-lightbox-title=\"Dzien_skupienia_ZHP (22)\" data-e-action-hash=\"#elementor-action%3Aaction%3Dlightbox%26settings%3DeyJpZCI6MTAwMDU2LCJ1cmwiOiJodHRwczpcL1wvd3d3LmxpY2hlbi5wbFwvd3AtY29udGVudFwvdXBsb2Fkc1wvMjAyNlwvMDRcL0R6aWVuX3NrdXBpZW5pYV9aSFAtMjIuanBnIiwic2xpZGVzaG93IjoiMGZiMmIwMiJ9\" href='https:\/\/www.lichen.pl\/wp-content\/uploads\/2026\/04\/Dzien_skupienia_ZHP-22.jpg'><img loading=\"lazy\" decoding=\"async\" width=\"300\" height=\"300\" src=\"https:\/\/www.lichen.pl\/wp-content\/uploads\/2026\/04\/Dzien_skupienia_ZHP-22-300x300.jpg\" class=\"attachment-woocommerce_thumbnail size-woocommerce_thumbnail\" alt=\"\" srcset=\"https:\/\/www.lichen.pl\/wp-content\/uploads\/2026\/04\/Dzien_skupienia_ZHP-22-300x300.jpg 300w, https:\/\/www.lichen.pl\/wp-content\/uploads\/2026\/04\/Dzien_skupienia_ZHP-22-150x150.jpg 150w\" sizes=\"(max-width: 300px) 100vw, 300px\" \/><\/a>\n<a data-elementor-open-lightbox=\"yes\" data-elementor-lightbox-slideshow=\"0fb2b02\" data-elementor-lightbox-title=\"Dzien_skupienia_ZHP (23)\" data-e-action-hash=\"#elementor-action%3Aaction%3Dlightbox%26settings%3DeyJpZCI6MTAwMDU3LCJ1cmwiOiJodHRwczpcL1wvd3d3LmxpY2hlbi5wbFwvd3AtY29udGVudFwvdXBsb2Fkc1wvMjAyNlwvMDRcL0R6aWVuX3NrdXBpZW5pYV9aSFAtMjMuanBnIiwic2xpZGVzaG93IjoiMGZiMmIwMiJ9\" href='https:\/\/www.lichen.pl\/wp-content\/uploads\/2026\/04\/Dzien_skupienia_ZHP-23.jpg'><img loading=\"lazy\" decoding=\"async\" width=\"300\" height=\"300\" src=\"https:\/\/www.lichen.pl\/wp-content\/uploads\/2026\/04\/Dzien_skupienia_ZHP-23-300x300.jpg\" class=\"attachment-woocommerce_thumbnail size-woocommerce_thumbnail\" alt=\"\" srcset=\"https:\/\/www.lichen.pl\/wp-content\/uploads\/2026\/04\/Dzien_skupienia_ZHP-23-300x300.jpg 300w, https:\/\/www.lichen.pl\/wp-content\/uploads\/2026\/04\/Dzien_skupienia_ZHP-23-150x150.jpg 150w\" sizes=\"(max-width: 300px) 100vw, 300px\" \/><\/a>\n<a data-elementor-open-lightbox=\"yes\" data-elementor-lightbox-slideshow=\"0fb2b02\" data-elementor-lightbox-title=\"Dzien_skupienia_ZHP (24)\" data-e-action-hash=\"#elementor-action%3Aaction%3Dlightbox%26settings%3DeyJpZCI6MTAwMDU4LCJ1cmwiOiJodHRwczpcL1wvd3d3LmxpY2hlbi5wbFwvd3AtY29udGVudFwvdXBsb2Fkc1wvMjAyNlwvMDRcL0R6aWVuX3NrdXBpZW5pYV9aSFAtMjQuanBnIiwic2xpZGVzaG93IjoiMGZiMmIwMiJ9\" href='https:\/\/www.lichen.pl\/wp-content\/uploads\/2026\/04\/Dzien_skupienia_ZHP-24.jpg'><img loading=\"lazy\" decoding=\"async\" width=\"300\" height=\"300\" src=\"https:\/\/www.lichen.pl\/wp-content\/uploads\/2026\/04\/Dzien_skupienia_ZHP-24-300x300.jpg\" class=\"attachment-woocommerce_thumbnail size-woocommerce_thumbnail\" alt=\"\" srcset=\"https:\/\/www.lichen.pl\/wp-content\/uploads\/2026\/04\/Dzien_skupienia_ZHP-24-300x300.jpg 300w, https:\/\/www.lichen.pl\/wp-content\/uploads\/2026\/04\/Dzien_skupienia_ZHP-24-150x150.jpg 150w\" sizes=\"(max-width: 300px) 100vw, 300px\" \/><\/a>\n<a data-elementor-open-lightbox=\"yes\" data-elementor-lightbox-slideshow=\"0fb2b02\" data-elementor-lightbox-title=\"Dzien_skupienia_ZHP (25)\" data-e-action-hash=\"#elementor-action%3Aaction%3Dlightbox%26settings%3DeyJpZCI6MTAwMDU5LCJ1cmwiOiJodHRwczpcL1wvd3d3LmxpY2hlbi5wbFwvd3AtY29udGVudFwvdXBsb2Fkc1wvMjAyNlwvMDRcL0R6aWVuX3NrdXBpZW5pYV9aSFAtMjUuanBnIiwic2xpZGVzaG93IjoiMGZiMmIwMiJ9\" href='https:\/\/www.lichen.pl\/wp-content\/uploads\/2026\/04\/Dzien_skupienia_ZHP-25.jpg'><img loading=\"lazy\" decoding=\"async\" width=\"300\" height=\"300\" src=\"https:\/\/www.lichen.pl\/wp-content\/uploads\/2026\/04\/Dzien_skupienia_ZHP-25-300x300.jpg\" class=\"attachment-woocommerce_thumbnail size-woocommerce_thumbnail\" alt=\"\" srcset=\"https:\/\/www.lichen.pl\/wp-content\/uploads\/2026\/04\/Dzien_skupienia_ZHP-25-300x300.jpg 300w, https:\/\/www.lichen.pl\/wp-content\/uploads\/2026\/04\/Dzien_skupienia_ZHP-25-150x150.jpg 150w\" sizes=\"(max-width: 300px) 100vw, 300px\" \/><\/a>\n<a data-elementor-open-lightbox=\"yes\" data-elementor-lightbox-slideshow=\"0fb2b02\" data-elementor-lightbox-title=\"Dzien_skupienia_ZHP (26)\" data-e-action-hash=\"#elementor-action%3Aaction%3Dlightbox%26settings%3DeyJpZCI6MTAwMDYwLCJ1cmwiOiJodHRwczpcL1wvd3d3LmxpY2hlbi5wbFwvd3AtY29udGVudFwvdXBsb2Fkc1wvMjAyNlwvMDRcL0R6aWVuX3NrdXBpZW5pYV9aSFAtMjYuanBnIiwic2xpZGVzaG93IjoiMGZiMmIwMiJ9\" href='https:\/\/www.lichen.pl\/wp-content\/uploads\/2026\/04\/Dzien_skupienia_ZHP-26.jpg'><img loading=\"lazy\" decoding=\"async\" width=\"300\" height=\"300\" src=\"https:\/\/www.lichen.pl\/wp-content\/uploads\/2026\/04\/Dzien_skupienia_ZHP-26-300x300.jpg\" class=\"attachment-woocommerce_thumbnail size-woocommerce_thumbnail\" alt=\"\" srcset=\"https:\/\/www.lichen.pl\/wp-content\/uploads\/2026\/04\/Dzien_skupienia_ZHP-26-300x300.jpg 300w, https:\/\/www.lichen.pl\/wp-content\/uploads\/2026\/04\/Dzien_skupienia_ZHP-26-150x150.jpg 150w\" sizes=\"(max-width: 300px) 100vw, 300px\" \/><\/a>\n<a data-elementor-open-lightbox=\"yes\" data-elementor-lightbox-slideshow=\"0fb2b02\" data-elementor-lightbox-title=\"Dzien_skupienia_ZHP (27)\" data-e-action-hash=\"#elementor-action%3Aaction%3Dlightbox%26settings%3DeyJpZCI6MTAwMDYxLCJ1cmwiOiJodHRwczpcL1wvd3d3LmxpY2hlbi5wbFwvd3AtY29udGVudFwvdXBsb2Fkc1wvMjAyNlwvMDRcL0R6aWVuX3NrdXBpZW5pYV9aSFAtMjcuanBnIiwic2xpZGVzaG93IjoiMGZiMmIwMiJ9\" href='https:\/\/www.lichen.pl\/wp-content\/uploads\/2026\/04\/Dzien_skupienia_ZHP-27.jpg'><img loading=\"lazy\" decoding=\"async\" width=\"300\" height=\"300\" src=\"https:\/\/www.lichen.pl\/wp-content\/uploads\/2026\/04\/Dzien_skupienia_ZHP-27-300x300.jpg\" class=\"attachment-woocommerce_thumbnail size-woocommerce_thumbnail\" alt=\"\" srcset=\"https:\/\/www.lichen.pl\/wp-content\/uploads\/2026\/04\/Dzien_skupienia_ZHP-27-300x300.jpg 300w, https:\/\/www.lichen.pl\/wp-content\/uploads\/2026\/04\/Dzien_skupienia_ZHP-27-150x150.jpg 150w\" sizes=\"(max-width: 300px) 100vw, 300px\" \/><\/a>\n<a data-elementor-open-lightbox=\"yes\" data-elementor-lightbox-slideshow=\"0fb2b02\" data-elementor-lightbox-title=\"Dzien_skupienia_ZHP (28)\" data-e-action-hash=\"#elementor-action%3Aaction%3Dlightbox%26settings%3DeyJpZCI6MTAwMDYyLCJ1cmwiOiJodHRwczpcL1wvd3d3LmxpY2hlbi5wbFwvd3AtY29udGVudFwvdXBsb2Fkc1wvMjAyNlwvMDRcL0R6aWVuX3NrdXBpZW5pYV9aSFAtMjguanBnIiwic2xpZGVzaG93IjoiMGZiMmIwMiJ9\" href='https:\/\/www.lichen.pl\/wp-content\/uploads\/2026\/04\/Dzien_skupienia_ZHP-28.jpg'><img loading=\"lazy\" decoding=\"async\" width=\"300\" height=\"300\" src=\"https:\/\/www.lichen.pl\/wp-content\/uploads\/2026\/04\/Dzien_skupienia_ZHP-28-300x300.jpg\" class=\"attachment-woocommerce_thumbnail size-woocommerce_thumbnail\" alt=\"\" srcset=\"https:\/\/www.lichen.pl\/wp-content\/uploads\/2026\/04\/Dzien_skupienia_ZHP-28-300x300.jpg 300w, https:\/\/www.lichen.pl\/wp-content\/uploads\/2026\/04\/Dzien_skupienia_ZHP-28-150x150.jpg 150w\" sizes=\"(max-width: 300px) 100vw, 300px\" \/><\/a>\n<a data-elementor-open-lightbox=\"yes\" data-elementor-lightbox-slideshow=\"0fb2b02\" data-elementor-lightbox-title=\"Dzien_skupienia_ZHP (29)\" data-e-action-hash=\"#elementor-action%3Aaction%3Dlightbox%26settings%3DeyJpZCI6MTAwMDYzLCJ1cmwiOiJodHRwczpcL1wvd3d3LmxpY2hlbi5wbFwvd3AtY29udGVudFwvdXBsb2Fkc1wvMjAyNlwvMDRcL0R6aWVuX3NrdXBpZW5pYV9aSFAtMjkuanBnIiwic2xpZGVzaG93IjoiMGZiMmIwMiJ9\" href='https:\/\/www.lichen.pl\/wp-content\/uploads\/2026\/04\/Dzien_skupienia_ZHP-29.jpg'><img loading=\"lazy\" decoding=\"async\" width=\"300\" height=\"300\" src=\"https:\/\/www.lichen.pl\/wp-content\/uploads\/2026\/04\/Dzien_skupienia_ZHP-29-300x300.jpg\" class=\"attachment-woocommerce_thumbnail size-woocommerce_thumbnail\" alt=\"\" srcset=\"https:\/\/www.lichen.pl\/wp-content\/uploads\/2026\/04\/Dzien_skupienia_ZHP-29-300x300.jpg 300w, https:\/\/www.lichen.pl\/wp-content\/uploads\/2026\/04\/Dzien_skupienia_ZHP-29-150x150.jpg 150w\" sizes=\"(max-width: 300px) 100vw, 300px\" \/><\/a>\n<a data-elementor-open-lightbox=\"yes\" data-elementor-lightbox-slideshow=\"0fb2b02\" data-elementor-lightbox-title=\"Dzien_skupienia_ZHP (1)\" data-e-action-hash=\"#elementor-action%3Aaction%3Dlightbox%26settings%3DeyJpZCI6MTAwMDY0LCJ1cmwiOiJodHRwczpcL1wvd3d3LmxpY2hlbi5wbFwvd3AtY29udGVudFwvdXBsb2Fkc1wvMjAyNlwvMDRcL0R6aWVuX3NrdXBpZW5pYV9aSFAtMS5qcGciLCJzbGlkZXNob3ciOiIwZmIyYjAyIn0%3D\" href='https:\/\/www.lichen.pl\/wp-content\/uploads\/2026\/04\/Dzien_skupienia_ZHP-1.jpg'><img loading=\"lazy\" decoding=\"async\" width=\"300\" height=\"300\" src=\"https:\/\/www.lichen.pl\/wp-content\/uploads\/2026\/04\/Dzien_skupienia_ZHP-1-300x300.jpg\" class=\"attachment-woocommerce_thumbnail size-woocommerce_thumbnail\" alt=\"\" srcset=\"https:\/\/www.lichen.pl\/wp-content\/uploads\/2026\/04\/Dzien_skupienia_ZHP-1-300x300.jpg 300w, https:\/\/www.lichen.pl\/wp-content\/uploads\/2026\/04\/Dzien_skupienia_ZHP-1-150x150.jpg 150w\" sizes=\"(max-width: 300px) 100vw, 300px\" \/><\/a>\n<a data-elementor-open-lightbox=\"yes\" data-elementor-lightbox-slideshow=\"0fb2b02\" data-elementor-lightbox-title=\"Dzien_skupienia_ZHP (2)\" data-e-action-hash=\"#elementor-action%3Aaction%3Dlightbox%26settings%3DeyJpZCI6MTAwMDY1LCJ1cmwiOiJodHRwczpcL1wvd3d3LmxpY2hlbi5wbFwvd3AtY29udGVudFwvdXBsb2Fkc1wvMjAyNlwvMDRcL0R6aWVuX3NrdXBpZW5pYV9aSFAtMi5qcGciLCJzbGlkZXNob3ciOiIwZmIyYjAyIn0%3D\" href='https:\/\/www.lichen.pl\/wp-content\/uploads\/2026\/04\/Dzien_skupienia_ZHP-2.jpg'><img loading=\"lazy\" decoding=\"async\" width=\"300\" height=\"300\" src=\"https:\/\/www.lichen.pl\/wp-content\/uploads\/2026\/04\/Dzien_skupienia_ZHP-2-300x300.jpg\" class=\"attachment-woocommerce_thumbnail size-woocommerce_thumbnail\" alt=\"\" srcset=\"https:\/\/www.lichen.pl\/wp-content\/uploads\/2026\/04\/Dzien_skupienia_ZHP-2-300x300.jpg 300w, https:\/\/www.lichen.pl\/wp-content\/uploads\/2026\/04\/Dzien_skupienia_ZHP-2-150x150.jpg 150w\" sizes=\"(max-width: 300px) 100vw, 300px\" \/><\/a>\n<a data-elementor-open-lightbox=\"yes\" data-elementor-lightbox-slideshow=\"0fb2b02\" data-elementor-lightbox-title=\"Dzien_skupienia_ZHP (3)\" data-e-action-hash=\"#elementor-action%3Aaction%3Dlightbox%26settings%3DeyJpZCI6MTAwMDY2LCJ1cmwiOiJodHRwczpcL1wvd3d3LmxpY2hlbi5wbFwvd3AtY29udGVudFwvdXBsb2Fkc1wvMjAyNlwvMDRcL0R6aWVuX3NrdXBpZW5pYV9aSFAtMy5qcGciLCJzbGlkZXNob3ciOiIwZmIyYjAyIn0%3D\" href='https:\/\/www.lichen.pl\/wp-content\/uploads\/2026\/04\/Dzien_skupienia_ZHP-3.jpg'><img loading=\"lazy\" decoding=\"async\" width=\"300\" height=\"300\" src=\"https:\/\/www.lichen.pl\/wp-content\/uploads\/2026\/04\/Dzien_skupienia_ZHP-3-300x300.jpg\" class=\"attachment-woocommerce_thumbnail size-woocommerce_thumbnail\" alt=\"\" srcset=\"https:\/\/www.lichen.pl\/wp-content\/uploads\/2026\/04\/Dzien_skupienia_ZHP-3-300x300.jpg 300w, https:\/\/www.lichen.pl\/wp-content\/uploads\/2026\/04\/Dzien_skupienia_ZHP-3-150x150.jpg 150w\" sizes=\"(max-width: 300px) 100vw, 300px\" \/><\/a>\n<a data-elementor-open-lightbox=\"yes\" data-elementor-lightbox-slideshow=\"0fb2b02\" data-elementor-lightbox-title=\"Dzien_skupienia_ZHP (4)\" data-e-action-hash=\"#elementor-action%3Aaction%3Dlightbox%26settings%3DeyJpZCI6MTAwMDY3LCJ1cmwiOiJodHRwczpcL1wvd3d3LmxpY2hlbi5wbFwvd3AtY29udGVudFwvdXBsb2Fkc1wvMjAyNlwvMDRcL0R6aWVuX3NrdXBpZW5pYV9aSFAtNC5qcGciLCJzbGlkZXNob3ciOiIwZmIyYjAyIn0%3D\" href='https:\/\/www.lichen.pl\/wp-content\/uploads\/2026\/04\/Dzien_skupienia_ZHP-4.jpg'><img loading=\"lazy\" decoding=\"async\" width=\"300\" height=\"300\" src=\"https:\/\/www.lichen.pl\/wp-content\/uploads\/2026\/04\/Dzien_skupienia_ZHP-4-300x300.jpg\" class=\"attachment-woocommerce_thumbnail size-woocommerce_thumbnail\" alt=\"\" srcset=\"https:\/\/www.lichen.pl\/wp-content\/uploads\/2026\/04\/Dzien_skupienia_ZHP-4-300x300.jpg 300w, https:\/\/www.lichen.pl\/wp-content\/uploads\/2026\/04\/Dzien_skupienia_ZHP-4-150x150.jpg 150w\" sizes=\"(max-width: 300px) 100vw, 300px\" \/><\/a>\n<a data-elementor-open-lightbox=\"yes\" data-elementor-lightbox-slideshow=\"0fb2b02\" data-elementor-lightbox-title=\"Dzien_skupienia_ZHP (5)\" data-e-action-hash=\"#elementor-action%3Aaction%3Dlightbox%26settings%3DeyJpZCI6MTAwMDY4LCJ1cmwiOiJodHRwczpcL1wvd3d3LmxpY2hlbi5wbFwvd3AtY29udGVudFwvdXBsb2Fkc1wvMjAyNlwvMDRcL0R6aWVuX3NrdXBpZW5pYV9aSFAtNS5qcGciLCJzbGlkZXNob3ciOiIwZmIyYjAyIn0%3D\" href='https:\/\/www.lichen.pl\/wp-content\/uploads\/2026\/04\/Dzien_skupienia_ZHP-5.jpg'><img loading=\"lazy\" decoding=\"async\" width=\"300\" height=\"300\" src=\"https:\/\/www.lichen.pl\/wp-content\/uploads\/2026\/04\/Dzien_skupienia_ZHP-5-300x300.jpg\" class=\"attachment-woocommerce_thumbnail size-woocommerce_thumbnail\" alt=\"\" srcset=\"https:\/\/www.lichen.pl\/wp-content\/uploads\/2026\/04\/Dzien_skupienia_ZHP-5-300x300.jpg 300w, https:\/\/www.lichen.pl\/wp-content\/uploads\/2026\/04\/Dzien_skupienia_ZHP-5-150x150.jpg 150w\" sizes=\"(max-width: 300px) 100vw, 300px\" \/><\/a>\n<a data-elementor-open-lightbox=\"yes\" data-elementor-lightbox-slideshow=\"0fb2b02\" data-elementor-lightbox-title=\"Dzien_skupienia_ZHP (6)\" data-e-action-hash=\"#elementor-action%3Aaction%3Dlightbox%26settings%3DeyJpZCI6MTAwMDY5LCJ1cmwiOiJodHRwczpcL1wvd3d3LmxpY2hlbi5wbFwvd3AtY29udGVudFwvdXBsb2Fkc1wvMjAyNlwvMDRcL0R6aWVuX3NrdXBpZW5pYV9aSFAtNi5qcGciLCJzbGlkZXNob3ciOiIwZmIyYjAyIn0%3D\" href='https:\/\/www.lichen.pl\/wp-content\/uploads\/2026\/04\/Dzien_skupienia_ZHP-6.jpg'><img loading=\"lazy\" decoding=\"async\" width=\"300\" height=\"300\" src=\"https:\/\/www.lichen.pl\/wp-content\/uploads\/2026\/04\/Dzien_skupienia_ZHP-6-300x300.jpg\" class=\"attachment-woocommerce_thumbnail size-woocommerce_thumbnail\" alt=\"\" srcset=\"https:\/\/www.lichen.pl\/wp-content\/uploads\/2026\/04\/Dzien_skupienia_ZHP-6-300x300.jpg 300w, https:\/\/www.lichen.pl\/wp-content\/uploads\/2026\/04\/Dzien_skupienia_ZHP-6-150x150.jpg 150w\" sizes=\"(max-width: 300px) 100vw, 300px\" \/><\/a>\n<a data-elementor-open-lightbox=\"yes\" data-elementor-lightbox-slideshow=\"0fb2b02\" data-elementor-lightbox-title=\"Dzien_skupienia_ZHP (7)\" data-e-action-hash=\"#elementor-action%3Aaction%3Dlightbox%26settings%3DeyJpZCI6MTAwMDcwLCJ1cmwiOiJodHRwczpcL1wvd3d3LmxpY2hlbi5wbFwvd3AtY29udGVudFwvdXBsb2Fkc1wvMjAyNlwvMDRcL0R6aWVuX3NrdXBpZW5pYV9aSFAtNy5qcGciLCJzbGlkZXNob3ciOiIwZmIyYjAyIn0%3D\" href='https:\/\/www.lichen.pl\/wp-content\/uploads\/2026\/04\/Dzien_skupienia_ZHP-7.jpg'><img loading=\"lazy\" decoding=\"async\" width=\"300\" height=\"300\" src=\"https:\/\/www.lichen.pl\/wp-content\/uploads\/2026\/04\/Dzien_skupienia_ZHP-7-300x300.jpg\" class=\"attachment-woocommerce_thumbnail size-woocommerce_thumbnail\" alt=\"\" srcset=\"https:\/\/www.lichen.pl\/wp-content\/uploads\/2026\/04\/Dzien_skupienia_ZHP-7-300x300.jpg 300w, https:\/\/www.lichen.pl\/wp-content\/uploads\/2026\/04\/Dzien_skupienia_ZHP-7-150x150.jpg 150w\" sizes=\"(max-width: 300px) 100vw, 300px\" \/><\/a>\n<a data-elementor-open-lightbox=\"yes\" data-elementor-lightbox-slideshow=\"0fb2b02\" data-elementor-lightbox-title=\"Dzien_skupienia_ZHP (8)\" data-e-action-hash=\"#elementor-action%3Aaction%3Dlightbox%26settings%3DeyJpZCI6MTAwMDcxLCJ1cmwiOiJodHRwczpcL1wvd3d3LmxpY2hlbi5wbFwvd3AtY29udGVudFwvdXBsb2Fkc1wvMjAyNlwvMDRcL0R6aWVuX3NrdXBpZW5pYV9aSFAtOC5qcGciLCJzbGlkZXNob3ciOiIwZmIyYjAyIn0%3D\" href='https:\/\/www.lichen.pl\/wp-content\/uploads\/2026\/04\/Dzien_skupienia_ZHP-8.jpg'><img loading=\"lazy\" decoding=\"async\" width=\"300\" height=\"300\" src=\"https:\/\/www.lichen.pl\/wp-content\/uploads\/2026\/04\/Dzien_skupienia_ZHP-8-300x300.jpg\" class=\"attachment-woocommerce_thumbnail size-woocommerce_thumbnail\" alt=\"\" srcset=\"https:\/\/www.lichen.pl\/wp-content\/uploads\/2026\/04\/Dzien_skupienia_ZHP-8-300x300.jpg 300w, https:\/\/www.lichen.pl\/wp-content\/uploads\/2026\/04\/Dzien_skupienia_ZHP-8-150x150.jpg 150w\" sizes=\"(max-width: 300px) 100vw, 300px\" \/><\/a>\n<a data-elementor-open-lightbox=\"yes\" data-elementor-lightbox-slideshow=\"0fb2b02\" data-elementor-lightbox-title=\"Dzien_skupienia_ZHP (9)\" data-e-action-hash=\"#elementor-action%3Aaction%3Dlightbox%26settings%3DeyJpZCI6MTAwMDcyLCJ1cmwiOiJodHRwczpcL1wvd3d3LmxpY2hlbi5wbFwvd3AtY29udGVudFwvdXBsb2Fkc1wvMjAyNlwvMDRcL0R6aWVuX3NrdXBpZW5pYV9aSFAtOS5qcGciLCJzbGlkZXNob3ciOiIwZmIyYjAyIn0%3D\" href='https:\/\/www.lichen.pl\/wp-content\/uploads\/2026\/04\/Dzien_skupienia_ZHP-9.jpg'><img loading=\"lazy\" decoding=\"async\" width=\"300\" height=\"300\" src=\"https:\/\/www.lichen.pl\/wp-content\/uploads\/2026\/04\/Dzien_skupienia_ZHP-9-300x300.jpg\" class=\"attachment-woocommerce_thumbnail size-woocommerce_thumbnail\" alt=\"\" srcset=\"https:\/\/www.lichen.pl\/wp-content\/uploads\/2026\/04\/Dzien_skupienia_ZHP-9-300x300.jpg 300w, https:\/\/www.lichen.pl\/wp-content\/uploads\/2026\/04\/Dzien_skupienia_ZHP-9-150x150.jpg 150w\" sizes=\"(max-width: 300px) 100vw, 300px\" \/><\/a>\n<a data-elementor-open-lightbox=\"yes\" data-elementor-lightbox-slideshow=\"0fb2b02\" data-elementor-lightbox-title=\"Dzien_skupienia_ZHP (11)\" data-e-action-hash=\"#elementor-action%3Aaction%3Dlightbox%26settings%3DeyJpZCI6MTAwMDc0LCJ1cmwiOiJodHRwczpcL1wvd3d3LmxpY2hlbi5wbFwvd3AtY29udGVudFwvdXBsb2Fkc1wvMjAyNlwvMDRcL0R6aWVuX3NrdXBpZW5pYV9aSFAtMTEuanBnIiwic2xpZGVzaG93IjoiMGZiMmIwMiJ9\" href='https:\/\/www.lichen.pl\/wp-content\/uploads\/2026\/04\/Dzien_skupienia_ZHP-11.jpg'><img loading=\"lazy\" decoding=\"async\" width=\"300\" height=\"300\" src=\"https:\/\/www.lichen.pl\/wp-content\/uploads\/2026\/04\/Dzien_skupienia_ZHP-11-300x300.jpg\" class=\"attachment-woocommerce_thumbnail size-woocommerce_thumbnail\" alt=\"\" srcset=\"https:\/\/www.lichen.pl\/wp-content\/uploads\/2026\/04\/Dzien_skupienia_ZHP-11-300x300.jpg 300w, https:\/\/www.lichen.pl\/wp-content\/uploads\/2026\/04\/Dzien_skupienia_ZHP-11-150x150.jpg 150w\" sizes=\"(max-width: 300px) 100vw, 300px\" \/><\/a>\n<a data-elementor-open-lightbox=\"yes\" data-elementor-lightbox-slideshow=\"0fb2b02\" data-elementor-lightbox-title=\"Dzien_skupienia_ZHP (12)\" data-e-action-hash=\"#elementor-action%3Aaction%3Dlightbox%26settings%3DeyJpZCI6MTAwMDc1LCJ1cmwiOiJodHRwczpcL1wvd3d3LmxpY2hlbi5wbFwvd3AtY29udGVudFwvdXBsb2Fkc1wvMjAyNlwvMDRcL0R6aWVuX3NrdXBpZW5pYV9aSFAtMTIuanBnIiwic2xpZGVzaG93IjoiMGZiMmIwMiJ9\" href='https:\/\/www.lichen.pl\/wp-content\/uploads\/2026\/04\/Dzien_skupienia_ZHP-12.jpg'><img loading=\"lazy\" decoding=\"async\" width=\"300\" height=\"300\" src=\"https:\/\/www.lichen.pl\/wp-content\/uploads\/2026\/04\/Dzien_skupienia_ZHP-12-300x300.jpg\" class=\"attachment-woocommerce_thumbnail size-woocommerce_thumbnail\" alt=\"\" srcset=\"https:\/\/www.lichen.pl\/wp-content\/uploads\/2026\/04\/Dzien_skupienia_ZHP-12-300x300.jpg 300w, https:\/\/www.lichen.pl\/wp-content\/uploads\/2026\/04\/Dzien_skupienia_ZHP-12-150x150.jpg 150w\" sizes=\"(max-width: 300px) 100vw, 300px\" \/><\/a>\n<a data-elementor-open-lightbox=\"yes\" data-elementor-lightbox-slideshow=\"0fb2b02\" data-elementor-lightbox-title=\"Dzien_skupienia_ZHP (13)\" data-e-action-hash=\"#elementor-action%3Aaction%3Dlightbox%26settings%3DeyJpZCI6MTAwMDc2LCJ1cmwiOiJodHRwczpcL1wvd3d3LmxpY2hlbi5wbFwvd3AtY29udGVudFwvdXBsb2Fkc1wvMjAyNlwvMDRcL0R6aWVuX3NrdXBpZW5pYV9aSFAtMTMuanBnIiwic2xpZGVzaG93IjoiMGZiMmIwMiJ9\" href='https:\/\/www.lichen.pl\/wp-content\/uploads\/2026\/04\/Dzien_skupienia_ZHP-13.jpg'><img loading=\"lazy\" decoding=\"async\" width=\"300\" height=\"300\" src=\"https:\/\/www.lichen.pl\/wp-content\/uploads\/2026\/04\/Dzien_skupienia_ZHP-13-300x300.jpg\" class=\"attachment-woocommerce_thumbnail size-woocommerce_thumbnail\" alt=\"\" srcset=\"https:\/\/www.lichen.pl\/wp-content\/uploads\/2026\/04\/Dzien_skupienia_ZHP-13-300x300.jpg 300w, https:\/\/www.lichen.pl\/wp-content\/uploads\/2026\/04\/Dzien_skupienia_ZHP-13-150x150.jpg 150w\" sizes=\"(max-width: 300px) 100vw, 300px\" \/><\/a>\n\t\t<\/div>\n\t\t\t\t\t\t<\/div>\n\t\t\t\t<\/div>\n\t\t\t\t\t<\/div>\n\t\t<\/div>\n\t\t\t\t\t<\/div>\n\t\t<\/section>\n\t\t\t\t<\/div>","protected":false},"excerpt":{"rendered":"<p>Dzie\u0144 Skupienia Wielkopolskich Harcerzy to ju\u017c tradycja w liche\u0144skim sanktuarium.\u00a0Tegoroczne spotkanie odby\u0142o si\u0119 w sobot\u0119, 25 kwietnia. Wzi\u0119\u0142o w nim udzia\u0142 \u0142\u0105cznie\u00a0oko\u0142o 120 zuch\u00f3w, harcerzy, instruktor\u00f3w, jak i osoby nale\u017c\u0105ce do Wsp\u00f3lnoty\u00a0Senior\u00f3w ZHP im. ks. harcmistrza Antoniego Bogda\u0144skiego, a tak\u017ce sympatycy\u00a0harcerstwa. Spotkanie, jak co roku, mia\u0142o wymiar nie tylko integracyjny, lecz przede wszystkim duchowy.\u00a0Dla wielu [&hellip;]<\/p>\n","protected":false},"author":8,"featured_media":100050,"comment_status":"closed","ping_status":"closed","sticky":false,"template":"","format":"standard","meta":{"footnotes":""},"categories":[1],"tags":[],"class_list":["post-100047","post","type-post","status-publish","format-standard","has-post-thumbnail","hentry","category-aktualnosci","wpbf-post"],"yoast_head":"<!-- This site is optimized with the Yoast SEO plugin v27.4 - https:\/\/yoast.com\/product\/yoast-seo-wordpress\/ -->\n<title>Dzie\u0144 Skupienia Harcerzy Hufca ZHP Konin w sanktuarium Matki Bo\u017cej Liche\u0144skiej - SANKTUARIUM W LICHENIU<\/title>\n<meta name=\"robots\" content=\"index, follow, max-snippet:-1, max-image-preview:large, max-video-preview:-1\" \/>\n<link rel=\"canonical\" href=\"https:\/\/www.lichen.pl\/de\/dzien-skupienia-harcerzy-hufca-zhp-konin-w-sanktuarium-matki-bozej-lichenskiej-2\/\" \/>\n<meta property=\"og:locale\" content=\"de_DE\" \/>\n<meta property=\"og:type\" content=\"article\" \/>\n<meta property=\"og:title\" content=\"Dzie\u0144 Skupienia Harcerzy Hufca ZHP Konin w sanktuarium Matki Bo\u017cej Liche\u0144skiej - SANKTUARIUM W LICHENIU\" \/>\n<meta property=\"og:description\" content=\"Dzie\u0144 Skupienia Wielkopolskich Harcerzy to ju\u017c tradycja w liche\u0144skim sanktuarium.\u00a0Tegoroczne spotkanie odby\u0142o si\u0119 w sobot\u0119, 25 kwietnia. Wzi\u0119\u0142o w nim udzia\u0142 \u0142\u0105cznie\u00a0oko\u0142o 120 zuch\u00f3w, harcerzy, instruktor\u00f3w, jak i osoby nale\u017c\u0105ce do Wsp\u00f3lnoty\u00a0Senior\u00f3w ZHP im. ks. harcmistrza Antoniego Bogda\u0144skiego, a tak\u017ce sympatycy\u00a0harcerstwa. Spotkanie, jak co roku, mia\u0142o wymiar nie tylko integracyjny, lecz przede wszystkim duchowy.\u00a0Dla wielu [&hellip;]\" \/>\n<meta property=\"og:url\" content=\"https:\/\/www.lichen.pl\/de\/dzien-skupienia-harcerzy-hufca-zhp-konin-w-sanktuarium-matki-bozej-lichenskiej-2\/\" \/>\n<meta property=\"og:site_name\" content=\"SANKTUARIUM W LICHENIU\" \/>\n<meta property=\"article:published_time\" content=\"2026-04-26T15:11:22+00:00\" \/>\n<meta property=\"article:modified_time\" content=\"2026-04-26T16:34:58+00:00\" \/>\n<meta property=\"og:image\" content=\"https:\/\/www.lichen.pl\/wp-content\/uploads\/2026\/04\/Dzien_skupienia_ZHP-16-1024x683.jpg\" \/>\n\t<meta property=\"og:image:width\" content=\"1024\" \/>\n\t<meta property=\"og:image:height\" content=\"683\" \/>\n\t<meta property=\"og:image:type\" content=\"image\/jpeg\" \/>\n<meta name=\"author\" content=\"Biuro Prasowe\" \/>\n<meta name=\"twitter:card\" content=\"summary_large_image\" \/>\n<meta name=\"twitter:label1\" content=\"Verfasst von\" \/>\n\t<meta name=\"twitter:data1\" content=\"Biuro Prasowe\" \/>\n\t<meta name=\"twitter:label2\" content=\"Gesch\u00e4tzte Lesezeit\" \/>\n\t<meta name=\"twitter:data2\" content=\"9\u00a0Minuten\" \/>\n<script type=\"application\/ld+json\" class=\"yoast-schema-graph\">{\"@context\":\"https:\\\/\\\/schema.org\",\"@graph\":[{\"@type\":\"Article\",\"@id\":\"https:\\\/\\\/www.lichen.pl\\\/dzien-skupienia-harcerzy-hufca-zhp-konin-w-sanktuarium-matki-bozej-lichenskiej-2\\\/#article\",\"isPartOf\":{\"@id\":\"https:\\\/\\\/www.lichen.pl\\\/dzien-skupienia-harcerzy-hufca-zhp-konin-w-sanktuarium-matki-bozej-lichenskiej-2\\\/\"},\"author\":{\"name\":\"Biuro Prasowe\",\"@id\":\"https:\\\/\\\/www.lichen.pl\\\/fr\\\/#\\\/schema\\\/person\\\/682b5cfa2f8a664a298ed0bc19782a02\"},\"headline\":\"Dzie\u0144 Skupienia Harcerzy Hufca ZHP Konin w sanktuarium Matki Bo\u017cej Liche\u0144skiej\",\"datePublished\":\"2026-04-26T15:11:22+00:00\",\"dateModified\":\"2026-04-26T16:34:58+00:00\",\"mainEntityOfPage\":{\"@id\":\"https:\\\/\\\/www.lichen.pl\\\/dzien-skupienia-harcerzy-hufca-zhp-konin-w-sanktuarium-matki-bozej-lichenskiej-2\\\/\"},\"wordCount\":579,\"image\":{\"@id\":\"https:\\\/\\\/www.lichen.pl\\\/dzien-skupienia-harcerzy-hufca-zhp-konin-w-sanktuarium-matki-bozej-lichenskiej-2\\\/#primaryimage\"},\"thumbnailUrl\":\"https:\\\/\\\/www.lichen.pl\\\/wp-content\\\/uploads\\\/2026\\\/04\\\/Dzien_skupienia_ZHP-16.jpg\",\"articleSection\":[\"Aktualno\u015bci\"],\"inLanguage\":\"de\"},{\"@type\":\"WebPage\",\"@id\":\"https:\\\/\\\/www.lichen.pl\\\/dzien-skupienia-harcerzy-hufca-zhp-konin-w-sanktuarium-matki-bozej-lichenskiej-2\\\/\",\"url\":\"https:\\\/\\\/www.lichen.pl\\\/dzien-skupienia-harcerzy-hufca-zhp-konin-w-sanktuarium-matki-bozej-lichenskiej-2\\\/\",\"name\":\"Dzie\u0144 Skupienia Harcerzy Hufca ZHP Konin w sanktuarium Matki Bo\u017cej Liche\u0144skiej - SANKTUARIUM W LICHENIU\",\"isPartOf\":{\"@id\":\"https:\\\/\\\/www.lichen.pl\\\/fr\\\/#website\"},\"primaryImageOfPage\":{\"@id\":\"https:\\\/\\\/www.lichen.pl\\\/dzien-skupienia-harcerzy-hufca-zhp-konin-w-sanktuarium-matki-bozej-lichenskiej-2\\\/#primaryimage\"},\"image\":{\"@id\":\"https:\\\/\\\/www.lichen.pl\\\/dzien-skupienia-harcerzy-hufca-zhp-konin-w-sanktuarium-matki-bozej-lichenskiej-2\\\/#primaryimage\"},\"thumbnailUrl\":\"https:\\\/\\\/www.lichen.pl\\\/wp-content\\\/uploads\\\/2026\\\/04\\\/Dzien_skupienia_ZHP-16.jpg\",\"datePublished\":\"2026-04-26T15:11:22+00:00\",\"dateModified\":\"2026-04-26T16:34:58+00:00\",\"author\":{\"@id\":\"https:\\\/\\\/www.lichen.pl\\\/fr\\\/#\\\/schema\\\/person\\\/682b5cfa2f8a664a298ed0bc19782a02\"},\"breadcrumb\":{\"@id\":\"https:\\\/\\\/www.lichen.pl\\\/dzien-skupienia-harcerzy-hufca-zhp-konin-w-sanktuarium-matki-bozej-lichenskiej-2\\\/#breadcrumb\"},\"inLanguage\":\"de\",\"potentialAction\":[{\"@type\":\"ReadAction\",\"target\":[\"https:\\\/\\\/www.lichen.pl\\\/dzien-skupienia-harcerzy-hufca-zhp-konin-w-sanktuarium-matki-bozej-lichenskiej-2\\\/\"]}]},{\"@type\":\"ImageObject\",\"inLanguage\":\"de\",\"@id\":\"https:\\\/\\\/www.lichen.pl\\\/dzien-skupienia-harcerzy-hufca-zhp-konin-w-sanktuarium-matki-bozej-lichenskiej-2\\\/#primaryimage\",\"url\":\"https:\\\/\\\/www.lichen.pl\\\/wp-content\\\/uploads\\\/2026\\\/04\\\/Dzien_skupienia_ZHP-16.jpg\",\"contentUrl\":\"https:\\\/\\\/www.lichen.pl\\\/wp-content\\\/uploads\\\/2026\\\/04\\\/Dzien_skupienia_ZHP-16.jpg\",\"width\":1920,\"height\":1280},{\"@type\":\"BreadcrumbList\",\"@id\":\"https:\\\/\\\/www.lichen.pl\\\/dzien-skupienia-harcerzy-hufca-zhp-konin-w-sanktuarium-matki-bozej-lichenskiej-2\\\/#breadcrumb\",\"itemListElement\":[{\"@type\":\"ListItem\",\"position\":1,\"name\":\"Strona g\u0142\u00f3wna\",\"item\":\"https:\\\/\\\/www.lichen.pl\\\/\"},{\"@type\":\"ListItem\",\"position\":2,\"name\":\"Dzie\u0144 Skupienia Harcerzy Hufca ZHP Konin w sanktuarium Matki Bo\u017cej Liche\u0144skiej\"}]},{\"@type\":\"WebSite\",\"@id\":\"https:\\\/\\\/www.lichen.pl\\\/fr\\\/#website\",\"url\":\"https:\\\/\\\/www.lichen.pl\\\/fr\\\/\",\"name\":\"SANKTUARIUM W LICHENIU\",\"description\":\"MATKI BO\u017bEJ LICHE\u0143SKIEJ BOLESNEJ KR\u00d3LOWEJ POLSKI\",\"potentialAction\":[{\"@type\":\"SearchAction\",\"target\":{\"@type\":\"EntryPoint\",\"urlTemplate\":\"https:\\\/\\\/www.lichen.pl\\\/fr\\\/?s={search_term_string}\"},\"query-input\":{\"@type\":\"PropertyValueSpecification\",\"valueRequired\":true,\"valueName\":\"search_term_string\"}}],\"inLanguage\":\"de\"},{\"@type\":\"Person\",\"@id\":\"https:\\\/\\\/www.lichen.pl\\\/fr\\\/#\\\/schema\\\/person\\\/682b5cfa2f8a664a298ed0bc19782a02\",\"name\":\"Biuro Prasowe\",\"image\":{\"@type\":\"ImageObject\",\"inLanguage\":\"de\",\"@id\":\"https:\\\/\\\/secure.gravatar.com\\\/avatar\\\/07fa3449d37670fd38888cb2e3db27aa13df245d811ec65206e44888f202bb53?s=96&d=retro&r=g\",\"url\":\"https:\\\/\\\/secure.gravatar.com\\\/avatar\\\/07fa3449d37670fd38888cb2e3db27aa13df245d811ec65206e44888f202bb53?s=96&d=retro&r=g\",\"contentUrl\":\"https:\\\/\\\/secure.gravatar.com\\\/avatar\\\/07fa3449d37670fd38888cb2e3db27aa13df245d811ec65206e44888f202bb53?s=96&d=retro&r=g\",\"caption\":\"Biuro Prasowe\"},\"sameAs\":[\"http:\\\/\\\/www.lichen.pl\"],\"url\":\"https:\\\/\\\/www.lichen.pl\\\/de\\\/author\\\/biuro-prasowe\\\/\"}]}<\/script>\n<!-- \/ Yoast SEO plugin. -->","yoast_head_json":{"title":"Dzie\u0144 Skupienia Harcerzy Hufca ZHP Konin w sanktuarium Matki Bo\u017cej Liche\u0144skiej - SANKTUARIUM W LICHENIU","robots":{"index":"index","follow":"follow","max-snippet":"max-snippet:-1","max-image-preview":"max-image-preview:large","max-video-preview":"max-video-preview:-1"},"canonical":"https:\/\/www.lichen.pl\/de\/dzien-skupienia-harcerzy-hufca-zhp-konin-w-sanktuarium-matki-bozej-lichenskiej-2\/","og_locale":"de_DE","og_type":"article","og_title":"Dzie\u0144 Skupienia Harcerzy Hufca ZHP Konin w sanktuarium Matki Bo\u017cej Liche\u0144skiej - SANKTUARIUM W LICHENIU","og_description":"Dzie\u0144 Skupienia Wielkopolskich Harcerzy to ju\u017c tradycja w liche\u0144skim sanktuarium.\u00a0Tegoroczne spotkanie odby\u0142o si\u0119 w sobot\u0119, 25 kwietnia. Wzi\u0119\u0142o w nim udzia\u0142 \u0142\u0105cznie\u00a0oko\u0142o 120 zuch\u00f3w, harcerzy, instruktor\u00f3w, jak i osoby nale\u017c\u0105ce do Wsp\u00f3lnoty\u00a0Senior\u00f3w ZHP im. ks. harcmistrza Antoniego Bogda\u0144skiego, a tak\u017ce sympatycy\u00a0harcerstwa. Spotkanie, jak co roku, mia\u0142o wymiar nie tylko integracyjny, lecz przede wszystkim duchowy.\u00a0Dla wielu [&hellip;]","og_url":"https:\/\/www.lichen.pl\/de\/dzien-skupienia-harcerzy-hufca-zhp-konin-w-sanktuarium-matki-bozej-lichenskiej-2\/","og_site_name":"SANKTUARIUM W LICHENIU","article_published_time":"2026-04-26T15:11:22+00:00","article_modified_time":"2026-04-26T16:34:58+00:00","og_image":[{"width":1024,"height":683,"url":"https:\/\/www.lichen.pl\/wp-content\/uploads\/2026\/04\/Dzien_skupienia_ZHP-16-1024x683.jpg","type":"image\/jpeg"}],"author":"Biuro Prasowe","twitter_card":"summary_large_image","twitter_misc":{"Verfasst von":"Biuro Prasowe","Gesch\u00e4tzte Lesezeit":"9\u00a0Minuten"},"schema":{"@context":"https:\/\/schema.org","@graph":[{"@type":"Article","@id":"https:\/\/www.lichen.pl\/dzien-skupienia-harcerzy-hufca-zhp-konin-w-sanktuarium-matki-bozej-lichenskiej-2\/#article","isPartOf":{"@id":"https:\/\/www.lichen.pl\/dzien-skupienia-harcerzy-hufca-zhp-konin-w-sanktuarium-matki-bozej-lichenskiej-2\/"},"author":{"name":"Biuro Prasowe","@id":"https:\/\/www.lichen.pl\/fr\/#\/schema\/person\/682b5cfa2f8a664a298ed0bc19782a02"},"headline":"Dzie\u0144 Skupienia Harcerzy Hufca ZHP Konin w sanktuarium Matki Bo\u017cej Liche\u0144skiej","datePublished":"2026-04-26T15:11:22+00:00","dateModified":"2026-04-26T16:34:58+00:00","mainEntityOfPage":{"@id":"https:\/\/www.lichen.pl\/dzien-skupienia-harcerzy-hufca-zhp-konin-w-sanktuarium-matki-bozej-lichenskiej-2\/"},"wordCount":579,"image":{"@id":"https:\/\/www.lichen.pl\/dzien-skupienia-harcerzy-hufca-zhp-konin-w-sanktuarium-matki-bozej-lichenskiej-2\/#primaryimage"},"thumbnailUrl":"https:\/\/www.lichen.pl\/wp-content\/uploads\/2026\/04\/Dzien_skupienia_ZHP-16.jpg","articleSection":["Aktualno\u015bci"],"inLanguage":"de"},{"@type":"WebPage","@id":"https:\/\/www.lichen.pl\/dzien-skupienia-harcerzy-hufca-zhp-konin-w-sanktuarium-matki-bozej-lichenskiej-2\/","url":"https:\/\/www.lichen.pl\/dzien-skupienia-harcerzy-hufca-zhp-konin-w-sanktuarium-matki-bozej-lichenskiej-2\/","name":"Dzie\u0144 Skupienia Harcerzy Hufca ZHP Konin w sanktuarium Matki Bo\u017cej Liche\u0144skiej - SANKTUARIUM W LICHENIU","isPartOf":{"@id":"https:\/\/www.lichen.pl\/fr\/#website"},"primaryImageOfPage":{"@id":"https:\/\/www.lichen.pl\/dzien-skupienia-harcerzy-hufca-zhp-konin-w-sanktuarium-matki-bozej-lichenskiej-2\/#primaryimage"},"image":{"@id":"https:\/\/www.lichen.pl\/dzien-skupienia-harcerzy-hufca-zhp-konin-w-sanktuarium-matki-bozej-lichenskiej-2\/#primaryimage"},"thumbnailUrl":"https:\/\/www.lichen.pl\/wp-content\/uploads\/2026\/04\/Dzien_skupienia_ZHP-16.jpg","datePublished":"2026-04-26T15:11:22+00:00","dateModified":"2026-04-26T16:34:58+00:00","author":{"@id":"https:\/\/www.lichen.pl\/fr\/#\/schema\/person\/682b5cfa2f8a664a298ed0bc19782a02"},"breadcrumb":{"@id":"https:\/\/www.lichen.pl\/dzien-skupienia-harcerzy-hufca-zhp-konin-w-sanktuarium-matki-bozej-lichenskiej-2\/#breadcrumb"},"inLanguage":"de","potentialAction":[{"@type":"ReadAction","target":["https:\/\/www.lichen.pl\/dzien-skupienia-harcerzy-hufca-zhp-konin-w-sanktuarium-matki-bozej-lichenskiej-2\/"]}]},{"@type":"ImageObject","inLanguage":"de","@id":"https:\/\/www.lichen.pl\/dzien-skupienia-harcerzy-hufca-zhp-konin-w-sanktuarium-matki-bozej-lichenskiej-2\/#primaryimage","url":"https:\/\/www.lichen.pl\/wp-content\/uploads\/2026\/04\/Dzien_skupienia_ZHP-16.jpg","contentUrl":"https:\/\/www.lichen.pl\/wp-content\/uploads\/2026\/04\/Dzien_skupienia_ZHP-16.jpg","width":1920,"height":1280},{"@type":"BreadcrumbList","@id":"https:\/\/www.lichen.pl\/dzien-skupienia-harcerzy-hufca-zhp-konin-w-sanktuarium-matki-bozej-lichenskiej-2\/#breadcrumb","itemListElement":[{"@type":"ListItem","position":1,"name":"Strona g\u0142\u00f3wna","item":"https:\/\/www.lichen.pl\/"},{"@type":"ListItem","position":2,"name":"Dzie\u0144 Skupienia Harcerzy Hufca ZHP Konin w sanktuarium Matki Bo\u017cej Liche\u0144skiej"}]},{"@type":"WebSite","@id":"https:\/\/www.lichen.pl\/fr\/#website","url":"https:\/\/www.lichen.pl\/fr\/","name":"HEILIGTUM IN LICHENIEN","description":"DIE TRAURIGE K\u00d6NIGIN UNSERER FLECHEN VON POLEN","potentialAction":[{"@type":"SearchAction","target":{"@type":"EntryPoint","urlTemplate":"https:\/\/www.lichen.pl\/fr\/?s={search_term_string}"},"query-input":{"@type":"PropertyValueSpecification","valueRequired":true,"valueName":"search_term_string"}}],"inLanguage":"de"},{"@type":"Person","@id":"https:\/\/www.lichen.pl\/fr\/#\/schema\/person\/682b5cfa2f8a664a298ed0bc19782a02","name":"Biuro Prasowe","image":{"@type":"ImageObject","inLanguage":"de","@id":"https:\/\/secure.gravatar.com\/avatar\/07fa3449d37670fd38888cb2e3db27aa13df245d811ec65206e44888f202bb53?s=96&d=retro&r=g","url":"https:\/\/secure.gravatar.com\/avatar\/07fa3449d37670fd38888cb2e3db27aa13df245d811ec65206e44888f202bb53?s=96&d=retro&r=g","contentUrl":"https:\/\/secure.gravatar.com\/avatar\/07fa3449d37670fd38888cb2e3db27aa13df245d811ec65206e44888f202bb53?s=96&d=retro&r=g","caption":"Biuro Prasowe"},"sameAs":["http:\/\/www.lichen.pl"],"url":"https:\/\/www.lichen.pl\/de\/author\/biuro-prasowe\/"}]}},"_links":{"self":[{"href":"https:\/\/www.lichen.pl\/de\/wp-json\/wp\/v2\/posts\/100047","targetHints":{"allow":["GET"]}}],"collection":[{"href":"https:\/\/www.lichen.pl\/de\/wp-json\/wp\/v2\/posts"}],"about":[{"href":"https:\/\/www.lichen.pl\/de\/wp-json\/wp\/v2\/types\/post"}],"author":[{"embeddable":true,"href":"https:\/\/www.lichen.pl\/de\/wp-json\/wp\/v2\/users\/8"}],"replies":[{"embeddable":true,"href":"https:\/\/www.lichen.pl\/de\/wp-json\/wp\/v2\/comments?post=100047"}],"version-history":[{"count":6,"href":"https:\/\/www.lichen.pl\/de\/wp-json\/wp\/v2\/posts\/100047\/revisions"}],"predecessor-version":[{"id":100115,"href":"https:\/\/www.lichen.pl\/de\/wp-json\/wp\/v2\/posts\/100047\/revisions\/100115"}],"wp:featuredmedia":[{"embeddable":true,"href":"https:\/\/www.lichen.pl\/de\/wp-json\/wp\/v2\/media\/100050"}],"wp:attachment":[{"href":"https:\/\/www.lichen.pl\/de\/wp-json\/wp\/v2\/media?parent=100047"}],"wp:term":[{"taxonomy":"category","embeddable":true,"href":"https:\/\/www.lichen.pl\/de\/wp-json\/wp\/v2\/categories?post=100047"},{"taxonomy":"post_tag","embeddable":true,"href":"https:\/\/www.lichen.pl\/de\/wp-json\/wp\/v2\/tags?post=100047"}],"curies":[{"name":"wp","href":"https:\/\/api.w.org\/{rel}","templated":true}]}}