{"id":10545,"date":"2021-05-31T13:23:04","date_gmt":"2021-05-31T13:23:04","guid":{"rendered":"http:\/\/www.lichen.pl\/?p=10545"},"modified":"2021-06-03T17:33:50","modified_gmt":"2021-06-03T17:33:50","slug":"ii-wielkopolska-pielgrzyma-rowerowa","status":"publish","type":"post","link":"https:\/\/www.lichen.pl\/de\/ii-wielkopolska-pielgrzyma-rowerowa\/","title":{"rendered":"II Wielkopolska Fahrradwallfahrt"},"content":{"rendered":"<div data-elementor-type=\"wp-post\" data-elementor-id=\"10545\" class=\"elementor elementor-10545\" data-elementor-post-type=\"post\">\n\t\t\t\t\t\t<section class=\"elementor-section elementor-top-section elementor-element elementor-element-14727c81 elementor-section-boxed elementor-section-height-default elementor-section-height-default\" data-id=\"14727c81\" data-element_type=\"section\" data-e-type=\"section\">\n\t\t\t\t\t\t<div class=\"elementor-container elementor-column-gap-default\">\n\t\t\t\t\t<div class=\"elementor-column elementor-col-100 elementor-top-column elementor-element elementor-element-bda6fca\" data-id=\"bda6fca\" data-element_type=\"column\" data-e-type=\"column\">\n\t\t\t<div class=\"elementor-widget-wrap elementor-element-populated\">\n\t\t\t\t\t\t<div class=\"elementor-element elementor-element-6e96698 elementor-widget elementor-widget-heading\" data-id=\"6e96698\" data-element_type=\"widget\" data-e-type=\"widget\" data-widget_type=\"heading.default\">\n\t\t\t\t<div class=\"elementor-widget-container\">\n\t\t\t\t\t<h2 class=\"elementor-heading-title elementor-size-default\">Mit einem L\u00e4cheln im Gesicht und bei g\u00fcnstigem Fr\u00fchlingswetter startete zum zweiten Mal die 2. Radpilgerfahrt Gro\u00dfpolens vom Marienheiligtum in Liche\u0144 Stary<\/h2>\t\t\t\t<\/div>\n\t\t\t\t<\/div>\n\t\t\t\t<section class=\"elementor-section elementor-inner-section elementor-element elementor-element-b3ac2bc elementor-section-boxed elementor-section-height-default elementor-section-height-default\" data-id=\"b3ac2bc\" data-element_type=\"section\" data-e-type=\"section\">\n\t\t\t\t\t\t<div class=\"elementor-container elementor-column-gap-default\">\n\t\t\t\t\t<div class=\"elementor-column elementor-col-50 elementor-inner-column elementor-element elementor-element-a5d0dcf\" data-id=\"a5d0dcf\" data-element_type=\"column\" data-e-type=\"column\">\n\t\t\t<div class=\"elementor-widget-wrap elementor-element-populated\">\n\t\t\t\t\t\t<div class=\"elementor-element elementor-element-84314cd elementor-widget elementor-widget-image\" data-id=\"84314cd\" data-element_type=\"widget\" data-e-type=\"widget\" data-widget_type=\"image.default\">\n\t\t\t\t<div class=\"elementor-widget-container\">\n\t\t\t\t\t\t\t\t\t\t\t\t<figure class=\"wp-caption\">\n\t\t\t\t\t\t\t\t\t\t<img fetchpriority=\"high\" decoding=\"async\" width=\"1024\" height=\"683\" src=\"https:\/\/www.lichen.pl\/wp-content\/uploads\/2021\/05\/II-Pielgrzymka-Rowerowa-43-1024x683.jpg\" class=\"attachment-large size-large wp-image-10653\" alt=\"\" srcset=\"https:\/\/www.lichen.pl\/wp-content\/uploads\/2021\/05\/II-Pielgrzymka-Rowerowa-43-1024x683.jpg 1024w, https:\/\/www.lichen.pl\/wp-content\/uploads\/2021\/05\/II-Pielgrzymka-Rowerowa-43-800x533.jpg 800w, https:\/\/www.lichen.pl\/wp-content\/uploads\/2021\/05\/II-Pielgrzymka-Rowerowa-43-300x200.jpg 300w, https:\/\/www.lichen.pl\/wp-content\/uploads\/2021\/05\/II-Pielgrzymka-Rowerowa-43-768x512.jpg 768w, https:\/\/www.lichen.pl\/wp-content\/uploads\/2021\/05\/II-Pielgrzymka-Rowerowa-43-1536x1024.jpg 1536w, https:\/\/www.lichen.pl\/wp-content\/uploads\/2021\/05\/II-Pielgrzymka-Rowerowa-43-2048x1366.jpg 2048w, https:\/\/www.lichen.pl\/wp-content\/uploads\/2021\/05\/II-Pielgrzymka-Rowerowa-43.jpg 1920w\" sizes=\"(max-width: 1024px) 100vw, 1024px\" \/>\t\t\t\t\t\t\t\t\t\t\t<figcaption class=\"widget-image-caption wp-caption-text\">Fr. Dariusz Hirsch segnet die Teilnehmer der Wallfahrt<\/figcaption>\n\t\t\t\t\t\t\t\t\t\t<\/figure>\n\t\t\t\t\t\t\t\t\t<\/div>\n\t\t\t\t<\/div>\n\t\t\t\t\t<\/div>\n\t\t<\/div>\n\t\t\t\t<div class=\"elementor-column elementor-col-50 elementor-inner-column elementor-element elementor-element-4d6b50b\" data-id=\"4d6b50b\" data-element_type=\"column\" data-e-type=\"column\">\n\t\t\t<div class=\"elementor-widget-wrap elementor-element-populated\">\n\t\t\t\t\t\t<div class=\"elementor-element elementor-element-30d431f elementor-widget elementor-widget-text-editor\" data-id=\"30d431f\" data-element_type=\"widget\" data-e-type=\"widget\" data-widget_type=\"text-editor.default\">\n\t\t\t\t<div class=\"elementor-widget-container\">\n\t\t\t\t\t\t\t\t\t<p>Die Expedition startete um 10.00 auf dem Kr\u00f6nungsplatz im alten Teil des Liche\u0144-Heiligtums. Vor der Tour trafen sich die Radfahrer mit P. Dariusz Hirsch, MIC, der sie segnete und ihnen eine erfolgreiche Reise und ein sicheres Erreichen der Ziellinie w\u00fcnschte.<\/p>\t\t\t\t\t\t\t\t<\/div>\n\t\t\t\t<\/div>\n\t\t\t\t\t<\/div>\n\t\t<\/div>\n\t\t\t\t\t<\/div>\n\t\t<\/section>\n\t\t\t\t<div class=\"elementor-element elementor-element-e0fcb84 elementor-widget elementor-widget-text-editor\" data-id=\"e0fcb84\" data-element_type=\"widget\" data-e-type=\"widget\" data-widget_type=\"text-editor.default\">\n\t\t\t\t<div class=\"elementor-widget-container\">\n\t\t\t\t\t\t\t\t\t<p>Unter den 35 Teilnehmern der Expedition war Herr Pawe\u0142 Hejman, ein Radfahrer, der in der Sektion Fahrradtourismus des Touristenklubs PTTK Ciclo Konin t\u00e4tig ist. Wie er erkl\u00e4rte, war die diesj\u00e4hrige Route der Route sehr \u00e4hnlich, die die Radfahrer w\u00e4hrend der Er\u00f6ffnungswallfahrt im Jahr 2020 zur\u00fccklegten. - \u201eDer einzige Unterschied war, dass die Rallye dieses Jahr von Kindern besucht wurde, was einige \u00c4nderungen und eine leichte Verk\u00fcrzung der zur\u00fcckgelegten Strecke erforderte. Wir wollten, dass alle Teilnehmer der Expedition sicher das Ziel erreichen, denn es geht in erster Linie um Spa\u00df, Zeit im Freien und eine sch\u00f6ne Atmosph\u00e4re, nicht um sportliche Rivalit\u00e4t.\u201c<\/p><p>W\u00e4hrend der 2. Wielkopolska Fahrradpilgerfahrt wurde die Gemeinde Liche\u0144 von der 9-j\u00e4hrigen Nadia Szmyd aus Gr\u0105blin vertreten, die die j\u00fcngste Teilnehmerin der Rallye war. - &quot;Es hat Spa\u00df gemacht. F\u00fcr mich ist es eine ziemliche Anstrengung, aber ich habe es geschafft. Als meine Gro\u00dfmutter sagte, dass eine Rallye organisiert wird, wollte ich sie fahren \u201c, sagte ein Sch\u00fcler der zweiten Klasse einer Grundschule im nahe gelegenen Anielewo.<\/p><p>F\u00fcr die kleine Nadia, die mit 4 Jahren das Fahrradfahren erlernte, war es die erste Herausforderung dieser Art in ihrem Leben. Aber wie das M\u00e4dchen sagte, sie wird in Zukunft bestimmt wieder pilgern, weil sie gerne Fahrrad f\u00e4hrt. Das M\u00e4dchen wurde von ihrer Gro\u00dfmutter Wanda begleitet.<\/p><p>W\u00e4hrend der Pilgerfahrt hielten die Radfahrer an mehreren Orten an, darunter in Ignacewo, am Denkmal zum Gedenken an die gefallenen Januaraufst\u00e4ndischen der Einheit von General Edmund Taczanowski, die am 8. Mai 1863 einen Kampf mit den \u00fcberw\u00e4ltigenden russischen Streitkr\u00e4ften unter dem Kommando von General Krasnokucki gef\u00fchrt haben.<\/p><p>Die Veranstaltung wurde gemeinsam vom Marienheiligtum in Liche\u0144 Stary organisiert, <a href=\"http:\/\/konin.pttk.pl\/\" target=\"_blank\" rel=\"noopener\">Zweigstelle Konin der Polnischen Gesellschaft f\u00fcr Tourismus und Sehensw\u00fcrdigkeiten<\/a> und <a href=\"https:\/\/www.facebook.com\/groups\/ciklo\/\" target=\"_blank\" rel=\"noopener\">Sektion Fahrradtourismus des PTTK Ciclo Konin Tourist Club.<\/a><\/p><p>Nach der Wallfahrt trafen sich die Radfahrer zu einer f\u00fcr sie vorbereiteten Jause.\u00a0<\/p>\t\t\t\t\t\t\t\t<\/div>\n\t\t\t\t<\/div>\n\t\t\t\t<div class=\"elementor-element elementor-element-5789058 elementor-widget elementor-widget-gallery\" data-id=\"5789058\" data-element_type=\"widget\" data-e-type=\"widget\" data-settings=\"{&quot;columns&quot;:5,&quot;lazyload&quot;:&quot;yes&quot;,&quot;gallery_layout&quot;:&quot;grid&quot;,&quot;columns_tablet&quot;:2,&quot;columns_mobile&quot;:1,&quot;gap&quot;:{&quot;unit&quot;:&quot;px&quot;,&quot;size&quot;:10,&quot;sizes&quot;:[]},&quot;gap_tablet&quot;:{&quot;unit&quot;:&quot;px&quot;,&quot;size&quot;:10,&quot;sizes&quot;:[]},&quot;gap_mobile&quot;:{&quot;unit&quot;:&quot;px&quot;,&quot;size&quot;:10,&quot;sizes&quot;:[]},&quot;link_to&quot;:&quot;file&quot;,&quot;aspect_ratio&quot;:&quot;3:2&quot;,&quot;overlay_background&quot;:&quot;yes&quot;,&quot;content_hover_animation&quot;:&quot;fade-in&quot;}\" data-widget_type=\"gallery.default\">\n\t\t\t\t<div class=\"elementor-widget-container\">\n\t\t\t\t\t\t\t<div class=\"elementor-gallery__container\">\n\t\t\t\t\t\t\t<a class=\"e-gallery-item elementor-gallery-item elementor-animated-content\" href=\"https:\/\/www.lichen.pl\/wp-content\/uploads\/2021\/05\/II-Wielkopolska-Pielgrzymka-Rowerowa-2021-2-002-L-1.jpg\" data-elementor-open-lightbox=\"yes\" data-elementor-lightbox-slideshow=\"5789058\" data-elementor-lightbox-title=\"II Wielkopolska Pielgrzymka Rowerowa 2021 2 (002) L\" data-e-action-hash=\"#elementor-action%3Aaction%3Dlightbox%26settings%3DeyJpZCI6MTA2NjgsInVybCI6Imh0dHBzOlwvXC93d3cubGljaGVuLnBsXC93cC1jb250ZW50XC91cGxvYWRzXC8yMDIxXC8wNVwvSUktV2llbGtvcG9sc2thLVBpZWxncnp5bWthLVJvd2Vyb3dhLTIwMjEtMi0wMDItTC0xLmpwZyIsInNsaWRlc2hvdyI6IjU3ODkwNTgifQ%3D%3D\">\n\t\t\t\t\t<div class=\"e-gallery-image elementor-gallery-item__image\" data-thumbnail=\"https:\/\/www.lichen.pl\/wp-content\/uploads\/2021\/05\/II-Wielkopolska-Pielgrzymka-Rowerowa-2021-2-002-L-1-215x300.jpg\" data-width=\"215\" data-height=\"300\" aria-label=\"\" role=\"img\" ><\/div>\n\t\t\t\t\t\t\t\t\t\t\t<div class=\"elementor-gallery-item__overlay\"><\/div>\n\t\t\t\t\t\t\t\t\t\t\t\t\t\t<\/a>\n\t\t\t\t\t\t\t<a class=\"e-gallery-item elementor-gallery-item elementor-animated-content\" href=\"https:\/\/www.lichen.pl\/wp-content\/uploads\/2021\/05\/II-Pielgrzymka-Rowerowa-43.jpg\" data-elementor-open-lightbox=\"yes\" data-elementor-lightbox-slideshow=\"5789058\" data-elementor-lightbox-title=\"II Pielgrzymka Rowerowa 43\" data-e-action-hash=\"#elementor-action%3Aaction%3Dlightbox%26settings%3DeyJpZCI6MTA2NTMsInVybCI6Imh0dHBzOlwvXC93d3cubGljaGVuLnBsXC93cC1jb250ZW50XC91cGxvYWRzXC8yMDIxXC8wNVwvSUktUGllbGdyenlta2EtUm93ZXJvd2EtNDMuanBnIiwic2xpZGVzaG93IjoiNTc4OTA1OCJ9\">\n\t\t\t\t\t<div class=\"e-gallery-image elementor-gallery-item__image\" data-thumbnail=\"https:\/\/www.lichen.pl\/wp-content\/uploads\/2021\/05\/II-Pielgrzymka-Rowerowa-43-300x200.jpg\" data-width=\"300\" data-height=\"200\" aria-label=\"\" role=\"img\" ><\/div>\n\t\t\t\t\t\t\t\t\t\t\t<div class=\"elementor-gallery-item__overlay\"><\/div>\n\t\t\t\t\t\t\t\t\t\t\t\t\t\t<\/a>\n\t\t\t\t\t\t\t<a class=\"e-gallery-item elementor-gallery-item elementor-animated-content\" href=\"https:\/\/www.lichen.pl\/wp-content\/uploads\/2021\/05\/II-Pielgrzymka-Rowerowa.jpg\" data-elementor-open-lightbox=\"yes\" data-elementor-lightbox-slideshow=\"5789058\" data-elementor-lightbox-title=\"II Pielgrzymka Rowerowa\" data-e-action-hash=\"#elementor-action%3Aaction%3Dlightbox%26settings%3DeyJpZCI6MTA2NjMsInVybCI6Imh0dHBzOlwvXC93d3cubGljaGVuLnBsXC93cC1jb250ZW50XC91cGxvYWRzXC8yMDIxXC8wNVwvSUktUGllbGdyenlta2EtUm93ZXJvd2EuanBnIiwic2xpZGVzaG93IjoiNTc4OTA1OCJ9\">\n\t\t\t\t\t<div class=\"e-gallery-image elementor-gallery-item__image\" data-thumbnail=\"https:\/\/www.lichen.pl\/wp-content\/uploads\/2021\/05\/II-Pielgrzymka-Rowerowa-300x200.jpg\" data-width=\"300\" data-height=\"200\" aria-label=\"\" role=\"img\" ><\/div>\n\t\t\t\t\t\t\t\t\t\t\t<div class=\"elementor-gallery-item__overlay\"><\/div>\n\t\t\t\t\t\t\t\t\t\t\t\t\t\t<\/a>\n\t\t\t\t\t\t\t<a class=\"e-gallery-item elementor-gallery-item elementor-animated-content\" href=\"https:\/\/www.lichen.pl\/wp-content\/uploads\/2021\/05\/II-Pielgrzymka-Rowerowa-42.jpg\" data-elementor-open-lightbox=\"yes\" data-elementor-lightbox-slideshow=\"5789058\" data-elementor-lightbox-title=\"II Pielgrzymka Rowerowa 42\" data-e-action-hash=\"#elementor-action%3Aaction%3Dlightbox%26settings%3DeyJpZCI6MTA2NTgsInVybCI6Imh0dHBzOlwvXC93d3cubGljaGVuLnBsXC93cC1jb250ZW50XC91cGxvYWRzXC8yMDIxXC8wNVwvSUktUGllbGdyenlta2EtUm93ZXJvd2EtNDIuanBnIiwic2xpZGVzaG93IjoiNTc4OTA1OCJ9\">\n\t\t\t\t\t<div class=\"e-gallery-image elementor-gallery-item__image\" data-thumbnail=\"https:\/\/www.lichen.pl\/wp-content\/uploads\/2021\/05\/II-Pielgrzymka-Rowerowa-42-300x200.jpg\" data-width=\"300\" data-height=\"200\" aria-label=\"\" role=\"img\" ><\/div>\n\t\t\t\t\t\t\t\t\t\t\t<div class=\"elementor-gallery-item__overlay\"><\/div>\n\t\t\t\t\t\t\t\t\t\t\t\t\t\t<\/a>\n\t\t\t\t\t\t\t<a class=\"e-gallery-item elementor-gallery-item elementor-animated-content\" href=\"https:\/\/www.lichen.pl\/wp-content\/uploads\/2021\/05\/rowery-poziom-scaled.jpg\" data-elementor-open-lightbox=\"yes\" data-elementor-lightbox-slideshow=\"5789058\" data-elementor-lightbox-title=\"rowery poziom\" data-e-action-hash=\"#elementor-action%3Aaction%3Dlightbox%26settings%3DeyJpZCI6MTA1NDYsInVybCI6Imh0dHBzOlwvXC93d3cubGljaGVuLnBsXC93cC1jb250ZW50XC91cGxvYWRzXC8yMDIxXC8wNVwvcm93ZXJ5LXBvemlvbS1zY2FsZWQuanBnIiwic2xpZGVzaG93IjoiNTc4OTA1OCJ9\">\n\t\t\t\t\t<div class=\"e-gallery-image elementor-gallery-item__image\" data-thumbnail=\"https:\/\/www.lichen.pl\/wp-content\/uploads\/2021\/05\/rowery-poziom-300x225.jpg\" data-width=\"300\" data-height=\"225\" aria-label=\"\" role=\"img\" ><\/div>\n\t\t\t\t\t\t\t\t\t\t\t<div class=\"elementor-gallery-item__overlay\"><\/div>\n\t\t\t\t\t\t\t\t\t\t\t\t\t\t<\/a>\n\t\t\t\t\t<\/div>\n\t\t\t\t\t<\/div>\n\t\t\t\t<\/div>\n\t\t\t\t\t<\/div>\n\t\t<\/div>\n\t\t\t\t\t<\/div>\n\t\t<\/section>\n\t\t\t\t<section class=\"elementor-section elementor-top-section elementor-element elementor-element-12c05a4 elementor-section-boxed elementor-section-height-default elementor-section-height-default\" data-id=\"12c05a4\" data-element_type=\"section\" data-e-type=\"section\">\n\t\t\t\t\t\t<div class=\"elementor-container elementor-column-gap-default\">\n\t\t\t\t\t<div class=\"elementor-column elementor-col-100 elementor-top-column elementor-element elementor-element-1215c6f\" data-id=\"1215c6f\" data-element_type=\"column\" data-e-type=\"column\">\n\t\t\t<div class=\"elementor-widget-wrap elementor-element-populated\">\n\t\t\t\t\t\t<div class=\"elementor-element elementor-element-0ee3581 elementor-widget-divider--view-line elementor-widget elementor-widget-divider\" data-id=\"0ee3581\" data-element_type=\"widget\" data-e-type=\"widget\" data-widget_type=\"divider.default\">\n\t\t\t\t<div class=\"elementor-widget-container\">\n\t\t\t\t\t\t\t<div class=\"elementor-divider\">\n\t\t\t<span class=\"elementor-divider-separator\">\n\t\t\t\t\t\t<\/span>\n\t\t<\/div>\n\t\t\t\t\t\t<\/div>\n\t\t\t\t<\/div>\n\t\t\t\t\t<\/div>\n\t\t<\/div>\n\t\t\t\t\t<\/div>\n\t\t<\/section>\n\t\t\t\t<section class=\"elementor-section elementor-top-section elementor-element elementor-element-3334bc5 elementor-section-boxed elementor-section-height-default elementor-section-height-default\" data-id=\"3334bc5\" data-element_type=\"section\" data-e-type=\"section\">\n\t\t\t\t\t\t<div class=\"elementor-container elementor-column-gap-default\">\n\t\t\t\t\t<div class=\"elementor-column elementor-col-100 elementor-top-column elementor-element elementor-element-321e2c1\" data-id=\"321e2c1\" data-element_type=\"column\" data-e-type=\"column\">\n\t\t\t<div class=\"elementor-widget-wrap\">\n\t\t\t\t\t\t\t<\/div>\n\t\t<\/div>\n\t\t\t\t\t<\/div>\n\t\t<\/section>\n\t\t\t\t<\/div>","protected":false},"excerpt":{"rendered":"<p>Z u\u015bmiechem na ustach i przy sprzyjaj\u0105cej, wiosennej pogodzie po raz drugi z Sanktuarium Maryjnego w Licheniu Starym wyruszy\u0142a II Wielkopolska Pielgrzymka Rowerowa ks. Dariusz Hirsch b\u0142ogos\u0142awi uczestnik\u00f3w pielgrzymki Wyprawa rozpocz\u0119\u0142a si\u0119 o godz. 10.00 na Placu Koronacyjnym w starej cz\u0119\u015bci liche\u0144skiego sanktuarium. Przed wyruszeniem w tras\u0119, z cyklistami spotka\u0142 si\u0119 ks. Dariusz Hirsch MIC, [&hellip;]<\/p>\n","protected":false},"author":4,"featured_media":10546,"comment_status":"open","ping_status":"open","sticky":false,"template":"","format":"standard","meta":{"footnotes":""},"categories":[1],"tags":[],"class_list":["post-10545","post","type-post","status-publish","format-standard","has-post-thumbnail","hentry","category-aktualnosci","wpbf-post"],"yoast_head":"<!-- This site is optimized with the Yoast SEO plugin v27.4 - https:\/\/yoast.com\/product\/yoast-seo-wordpress\/ -->\n<title>II Wielkopolska Pielgrzymka Rowerowa - SANKTUARIUM W LICHENIU<\/title>\n<meta name=\"robots\" content=\"index, follow, max-snippet:-1, max-image-preview:large, max-video-preview:-1\" \/>\n<link rel=\"canonical\" href=\"http:\/\/www.lichen.pl\/de\/ii-wielkopolska-pielgrzyma-rowerowa\/\" \/>\n<meta property=\"og:locale\" content=\"de_DE\" \/>\n<meta property=\"og:type\" content=\"article\" \/>\n<meta property=\"og:title\" content=\"II Wielkopolska Pielgrzymka Rowerowa - SANKTUARIUM W LICHENIU\" \/>\n<meta property=\"og:description\" content=\"Z u\u015bmiechem na ustach i przy sprzyjaj\u0105cej, wiosennej pogodzie po raz drugi z Sanktuarium Maryjnego w Licheniu Starym wyruszy\u0142a II Wielkopolska Pielgrzymka Rowerowa ks. Dariusz Hirsch b\u0142ogos\u0142awi uczestnik\u00f3w pielgrzymki Wyprawa rozpocz\u0119\u0142a si\u0119 o godz. 10.00 na Placu Koronacyjnym w starej cz\u0119\u015bci liche\u0144skiego sanktuarium. Przed wyruszeniem w tras\u0119, z cyklistami spotka\u0142 si\u0119 ks. Dariusz Hirsch MIC, [&hellip;]\" \/>\n<meta property=\"og:url\" content=\"http:\/\/www.lichen.pl\/de\/ii-wielkopolska-pielgrzyma-rowerowa\/\" \/>\n<meta property=\"og:site_name\" content=\"SANKTUARIUM W LICHENIU\" \/>\n<meta property=\"article:published_time\" content=\"2021-05-31T13:23:04+00:00\" \/>\n<meta property=\"article:modified_time\" content=\"2021-06-03T17:33:50+00:00\" \/>\n<meta property=\"og:image\" content=\"http:\/\/www.lichen.pl\/wp-content\/uploads\/2021\/05\/rowery-poziom-scaled.jpg\" \/>\n\t<meta property=\"og:image:width\" content=\"1920\" \/>\n\t<meta property=\"og:image:height\" content=\"1440\" \/>\n\t<meta property=\"og:image:type\" content=\"image\/jpeg\" \/>\n<meta name=\"author\" content=\"ROBERT ADAMCZYK\" \/>\n<meta name=\"twitter:card\" content=\"summary_large_image\" \/>\n<meta name=\"twitter:label1\" content=\"Verfasst von\" \/>\n\t<meta name=\"twitter:data1\" content=\"ROBERT ADAMCZYK\" \/>\n\t<meta name=\"twitter:label2\" content=\"Gesch\u00e4tzte Lesezeit\" \/>\n\t<meta name=\"twitter:data2\" content=\"2\u00a0Minuten\" \/>\n<script type=\"application\/ld+json\" class=\"yoast-schema-graph\">{\"@context\":\"https:\\\/\\\/schema.org\",\"@graph\":[{\"@type\":\"Article\",\"@id\":\"http:\\\/\\\/www.lichen.pl\\\/en\\\/ii-wielkopolska-pielgrzyma-rowerowa\\\/#article\",\"isPartOf\":{\"@id\":\"http:\\\/\\\/www.lichen.pl\\\/en\\\/ii-wielkopolska-pielgrzyma-rowerowa\\\/\"},\"author\":{\"name\":\"ROBERT ADAMCZYK\",\"@id\":\"https:\\\/\\\/www.lichen.pl\\\/fr\\\/#\\\/schema\\\/person\\\/c06cd926b95870cc59f18d6ee6e33da5\"},\"headline\":\"II Wielkopolska Pielgrzymka Rowerowa\",\"datePublished\":\"2021-05-31T13:23:04+00:00\",\"dateModified\":\"2021-06-03T17:33:50+00:00\",\"mainEntityOfPage\":{\"@id\":\"http:\\\/\\\/www.lichen.pl\\\/en\\\/ii-wielkopolska-pielgrzyma-rowerowa\\\/\"},\"wordCount\":396,\"commentCount\":0,\"image\":{\"@id\":\"http:\\\/\\\/www.lichen.pl\\\/en\\\/ii-wielkopolska-pielgrzyma-rowerowa\\\/#primaryimage\"},\"thumbnailUrl\":\"https:\\\/\\\/www.lichen.pl\\\/wp-content\\\/uploads\\\/2021\\\/05\\\/rowery-poziom-scaled.jpg\",\"articleSection\":[\"Aktualno\u015bci\"],\"inLanguage\":\"de\",\"potentialAction\":[{\"@type\":\"CommentAction\",\"name\":\"Comment\",\"target\":[\"http:\\\/\\\/www.lichen.pl\\\/en\\\/ii-wielkopolska-pielgrzyma-rowerowa\\\/#respond\"]}]},{\"@type\":\"WebPage\",\"@id\":\"http:\\\/\\\/www.lichen.pl\\\/en\\\/ii-wielkopolska-pielgrzyma-rowerowa\\\/\",\"url\":\"http:\\\/\\\/www.lichen.pl\\\/en\\\/ii-wielkopolska-pielgrzyma-rowerowa\\\/\",\"name\":\"II Wielkopolska Pielgrzymka Rowerowa - SANKTUARIUM W LICHENIU\",\"isPartOf\":{\"@id\":\"https:\\\/\\\/www.lichen.pl\\\/fr\\\/#website\"},\"primaryImageOfPage\":{\"@id\":\"http:\\\/\\\/www.lichen.pl\\\/en\\\/ii-wielkopolska-pielgrzyma-rowerowa\\\/#primaryimage\"},\"image\":{\"@id\":\"http:\\\/\\\/www.lichen.pl\\\/en\\\/ii-wielkopolska-pielgrzyma-rowerowa\\\/#primaryimage\"},\"thumbnailUrl\":\"https:\\\/\\\/www.lichen.pl\\\/wp-content\\\/uploads\\\/2021\\\/05\\\/rowery-poziom-scaled.jpg\",\"datePublished\":\"2021-05-31T13:23:04+00:00\",\"dateModified\":\"2021-06-03T17:33:50+00:00\",\"author\":{\"@id\":\"https:\\\/\\\/www.lichen.pl\\\/fr\\\/#\\\/schema\\\/person\\\/c06cd926b95870cc59f18d6ee6e33da5\"},\"breadcrumb\":{\"@id\":\"http:\\\/\\\/www.lichen.pl\\\/en\\\/ii-wielkopolska-pielgrzyma-rowerowa\\\/#breadcrumb\"},\"inLanguage\":\"de\",\"potentialAction\":[{\"@type\":\"ReadAction\",\"target\":[\"http:\\\/\\\/www.lichen.pl\\\/en\\\/ii-wielkopolska-pielgrzyma-rowerowa\\\/\"]}]},{\"@type\":\"ImageObject\",\"inLanguage\":\"de\",\"@id\":\"http:\\\/\\\/www.lichen.pl\\\/en\\\/ii-wielkopolska-pielgrzyma-rowerowa\\\/#primaryimage\",\"url\":\"https:\\\/\\\/www.lichen.pl\\\/wp-content\\\/uploads\\\/2021\\\/05\\\/rowery-poziom-scaled.jpg\",\"contentUrl\":\"https:\\\/\\\/www.lichen.pl\\\/wp-content\\\/uploads\\\/2021\\\/05\\\/rowery-poziom-scaled.jpg\",\"width\":1920,\"height\":1440,\"caption\":\"II Wielkopolska Pielgrzymka Rowerowa\"},{\"@type\":\"BreadcrumbList\",\"@id\":\"http:\\\/\\\/www.lichen.pl\\\/en\\\/ii-wielkopolska-pielgrzyma-rowerowa\\\/#breadcrumb\",\"itemListElement\":[{\"@type\":\"ListItem\",\"position\":1,\"name\":\"Strona g\u0142\u00f3wna\",\"item\":\"https:\\\/\\\/www.lichen.pl\\\/\"},{\"@type\":\"ListItem\",\"position\":2,\"name\":\"II Wielkopolska Pielgrzymka Rowerowa\"}]},{\"@type\":\"WebSite\",\"@id\":\"https:\\\/\\\/www.lichen.pl\\\/fr\\\/#website\",\"url\":\"https:\\\/\\\/www.lichen.pl\\\/fr\\\/\",\"name\":\"SANKTUARIUM W LICHENIU\",\"description\":\"MATKI BO\u017bEJ LICHE\u0143SKIEJ BOLESNEJ KR\u00d3LOWEJ POLSKI\",\"potentialAction\":[{\"@type\":\"SearchAction\",\"target\":{\"@type\":\"EntryPoint\",\"urlTemplate\":\"https:\\\/\\\/www.lichen.pl\\\/fr\\\/?s={search_term_string}\"},\"query-input\":{\"@type\":\"PropertyValueSpecification\",\"valueRequired\":true,\"valueName\":\"search_term_string\"}}],\"inLanguage\":\"de\"},{\"@type\":\"Person\",\"@id\":\"https:\\\/\\\/www.lichen.pl\\\/fr\\\/#\\\/schema\\\/person\\\/c06cd926b95870cc59f18d6ee6e33da5\",\"name\":\"ROBERT ADAMCZYK\",\"image\":{\"@type\":\"ImageObject\",\"inLanguage\":\"de\",\"@id\":\"https:\\\/\\\/secure.gravatar.com\\\/avatar\\\/53c330430596e73552f4c356c2e47c209ff8f6352a5106011c9b6abcce5e00df?s=96&d=retro&r=g\",\"url\":\"https:\\\/\\\/secure.gravatar.com\\\/avatar\\\/53c330430596e73552f4c356c2e47c209ff8f6352a5106011c9b6abcce5e00df?s=96&d=retro&r=g\",\"contentUrl\":\"https:\\\/\\\/secure.gravatar.com\\\/avatar\\\/53c330430596e73552f4c356c2e47c209ff8f6352a5106011c9b6abcce5e00df?s=96&d=retro&r=g\",\"caption\":\"ROBERT ADAMCZYK\"},\"url\":\"https:\\\/\\\/www.lichen.pl\\\/de\\\/author\\\/press\\\/\"}]}<\/script>\n<!-- \/ Yoast SEO plugin. -->","yoast_head_json":{"title":"II Wielkopolska Pielgrzymka Rowerowa - SANKTUARIUM W LICHENIU","robots":{"index":"index","follow":"follow","max-snippet":"max-snippet:-1","max-image-preview":"max-image-preview:large","max-video-preview":"max-video-preview:-1"},"canonical":"http:\/\/www.lichen.pl\/de\/ii-wielkopolska-pielgrzyma-rowerowa\/","og_locale":"de_DE","og_type":"article","og_title":"II Wielkopolska Pielgrzymka Rowerowa - SANKTUARIUM W LICHENIU","og_description":"Z u\u015bmiechem na ustach i przy sprzyjaj\u0105cej, wiosennej pogodzie po raz drugi z Sanktuarium Maryjnego w Licheniu Starym wyruszy\u0142a II Wielkopolska Pielgrzymka Rowerowa ks. Dariusz Hirsch b\u0142ogos\u0142awi uczestnik\u00f3w pielgrzymki Wyprawa rozpocz\u0119\u0142a si\u0119 o godz. 10.00 na Placu Koronacyjnym w starej cz\u0119\u015bci liche\u0144skiego sanktuarium. Przed wyruszeniem w tras\u0119, z cyklistami spotka\u0142 si\u0119 ks. Dariusz Hirsch MIC, [&hellip;]","og_url":"http:\/\/www.lichen.pl\/de\/ii-wielkopolska-pielgrzyma-rowerowa\/","og_site_name":"SANKTUARIUM W LICHENIU","article_published_time":"2021-05-31T13:23:04+00:00","article_modified_time":"2021-06-03T17:33:50+00:00","og_image":[{"width":1920,"height":1440,"url":"http:\/\/www.lichen.pl\/wp-content\/uploads\/2021\/05\/rowery-poziom-scaled.jpg","type":"image\/jpeg"}],"author":"ROBERT ADAMCZYK","twitter_card":"summary_large_image","twitter_misc":{"Verfasst von":"ROBERT ADAMCZYK","Gesch\u00e4tzte Lesezeit":"2\u00a0Minuten"},"schema":{"@context":"https:\/\/schema.org","@graph":[{"@type":"Article","@id":"http:\/\/www.lichen.pl\/en\/ii-wielkopolska-pielgrzyma-rowerowa\/#article","isPartOf":{"@id":"http:\/\/www.lichen.pl\/en\/ii-wielkopolska-pielgrzyma-rowerowa\/"},"author":{"name":"ROBERT ADAMCZYK","@id":"https:\/\/www.lichen.pl\/fr\/#\/schema\/person\/c06cd926b95870cc59f18d6ee6e33da5"},"headline":"II Wielkopolska Pielgrzymka Rowerowa","datePublished":"2021-05-31T13:23:04+00:00","dateModified":"2021-06-03T17:33:50+00:00","mainEntityOfPage":{"@id":"http:\/\/www.lichen.pl\/en\/ii-wielkopolska-pielgrzyma-rowerowa\/"},"wordCount":396,"commentCount":0,"image":{"@id":"http:\/\/www.lichen.pl\/en\/ii-wielkopolska-pielgrzyma-rowerowa\/#primaryimage"},"thumbnailUrl":"https:\/\/www.lichen.pl\/wp-content\/uploads\/2021\/05\/rowery-poziom-scaled.jpg","articleSection":["Aktualno\u015bci"],"inLanguage":"de","potentialAction":[{"@type":"CommentAction","name":"Comment","target":["http:\/\/www.lichen.pl\/en\/ii-wielkopolska-pielgrzyma-rowerowa\/#respond"]}]},{"@type":"WebPage","@id":"http:\/\/www.lichen.pl\/en\/ii-wielkopolska-pielgrzyma-rowerowa\/","url":"http:\/\/www.lichen.pl\/en\/ii-wielkopolska-pielgrzyma-rowerowa\/","name":"II Wielkopolska Pielgrzymka Rowerowa - SANKTUARIUM W LICHENIU","isPartOf":{"@id":"https:\/\/www.lichen.pl\/fr\/#website"},"primaryImageOfPage":{"@id":"http:\/\/www.lichen.pl\/en\/ii-wielkopolska-pielgrzyma-rowerowa\/#primaryimage"},"image":{"@id":"http:\/\/www.lichen.pl\/en\/ii-wielkopolska-pielgrzyma-rowerowa\/#primaryimage"},"thumbnailUrl":"https:\/\/www.lichen.pl\/wp-content\/uploads\/2021\/05\/rowery-poziom-scaled.jpg","datePublished":"2021-05-31T13:23:04+00:00","dateModified":"2021-06-03T17:33:50+00:00","author":{"@id":"https:\/\/www.lichen.pl\/fr\/#\/schema\/person\/c06cd926b95870cc59f18d6ee6e33da5"},"breadcrumb":{"@id":"http:\/\/www.lichen.pl\/en\/ii-wielkopolska-pielgrzyma-rowerowa\/#breadcrumb"},"inLanguage":"de","potentialAction":[{"@type":"ReadAction","target":["http:\/\/www.lichen.pl\/en\/ii-wielkopolska-pielgrzyma-rowerowa\/"]}]},{"@type":"ImageObject","inLanguage":"de","@id":"http:\/\/www.lichen.pl\/en\/ii-wielkopolska-pielgrzyma-rowerowa\/#primaryimage","url":"https:\/\/www.lichen.pl\/wp-content\/uploads\/2021\/05\/rowery-poziom-scaled.jpg","contentUrl":"https:\/\/www.lichen.pl\/wp-content\/uploads\/2021\/05\/rowery-poziom-scaled.jpg","width":1920,"height":1440,"caption":"II Wielkopolska Pielgrzymka Rowerowa"},{"@type":"BreadcrumbList","@id":"http:\/\/www.lichen.pl\/en\/ii-wielkopolska-pielgrzyma-rowerowa\/#breadcrumb","itemListElement":[{"@type":"ListItem","position":1,"name":"Strona g\u0142\u00f3wna","item":"https:\/\/www.lichen.pl\/"},{"@type":"ListItem","position":2,"name":"II Wielkopolska Pielgrzymka Rowerowa"}]},{"@type":"WebSite","@id":"https:\/\/www.lichen.pl\/fr\/#website","url":"https:\/\/www.lichen.pl\/fr\/","name":"HEILIGTUM IN LICHENIEN","description":"DIE TRAURIGE K\u00d6NIGIN UNSERER FLECHEN VON POLEN","potentialAction":[{"@type":"SearchAction","target":{"@type":"EntryPoint","urlTemplate":"https:\/\/www.lichen.pl\/fr\/?s={search_term_string}"},"query-input":{"@type":"PropertyValueSpecification","valueRequired":true,"valueName":"search_term_string"}}],"inLanguage":"de"},{"@type":"Person","@id":"https:\/\/www.lichen.pl\/fr\/#\/schema\/person\/c06cd926b95870cc59f18d6ee6e33da5","name":"ROBERT ADAMCZYK","image":{"@type":"ImageObject","inLanguage":"de","@id":"https:\/\/secure.gravatar.com\/avatar\/53c330430596e73552f4c356c2e47c209ff8f6352a5106011c9b6abcce5e00df?s=96&d=retro&r=g","url":"https:\/\/secure.gravatar.com\/avatar\/53c330430596e73552f4c356c2e47c209ff8f6352a5106011c9b6abcce5e00df?s=96&d=retro&r=g","contentUrl":"https:\/\/secure.gravatar.com\/avatar\/53c330430596e73552f4c356c2e47c209ff8f6352a5106011c9b6abcce5e00df?s=96&d=retro&r=g","caption":"ROBERT ADAMCZYK"},"url":"https:\/\/www.lichen.pl\/de\/author\/press\/"}]}},"_links":{"self":[{"href":"https:\/\/www.lichen.pl\/de\/wp-json\/wp\/v2\/posts\/10545","targetHints":{"allow":["GET"]}}],"collection":[{"href":"https:\/\/www.lichen.pl\/de\/wp-json\/wp\/v2\/posts"}],"about":[{"href":"https:\/\/www.lichen.pl\/de\/wp-json\/wp\/v2\/types\/post"}],"author":[{"embeddable":true,"href":"https:\/\/www.lichen.pl\/de\/wp-json\/wp\/v2\/users\/4"}],"replies":[{"embeddable":true,"href":"https:\/\/www.lichen.pl\/de\/wp-json\/wp\/v2\/comments?post=10545"}],"version-history":[{"count":26,"href":"https:\/\/www.lichen.pl\/de\/wp-json\/wp\/v2\/posts\/10545\/revisions"}],"predecessor-version":[{"id":10699,"href":"https:\/\/www.lichen.pl\/de\/wp-json\/wp\/v2\/posts\/10545\/revisions\/10699"}],"wp:featuredmedia":[{"embeddable":true,"href":"https:\/\/www.lichen.pl\/de\/wp-json\/wp\/v2\/media\/10546"}],"wp:attachment":[{"href":"https:\/\/www.lichen.pl\/de\/wp-json\/wp\/v2\/media?parent=10545"}],"wp:term":[{"taxonomy":"category","embeddable":true,"href":"https:\/\/www.lichen.pl\/de\/wp-json\/wp\/v2\/categories?post=10545"},{"taxonomy":"post_tag","embeddable":true,"href":"https:\/\/www.lichen.pl\/de\/wp-json\/wp\/v2\/tags?post=10545"}],"curies":[{"name":"wp","href":"https:\/\/api.w.org\/{rel}","templated":true}]}}