{"id":11486,"date":"2021-05-23T10:45:01","date_gmt":"2021-05-23T10:45:01","guid":{"rendered":"http:\/\/www.lichen.pl\/?p=11486"},"modified":"2021-06-08T10:49:27","modified_gmt":"2021-06-08T10:49:27","slug":"msza-swieta-z-maryja-rekolekcje-maryjne","status":"publish","type":"post","link":"https:\/\/www.lichen.pl\/de\/msza-swieta-z-maryja-rekolekcje-maryjne\/","title":{"rendered":"Heilige Messe mit Maria - Marienexerzitien"},"content":{"rendered":"<div data-elementor-type=\"wp-post\" data-elementor-id=\"11486\" class=\"elementor elementor-11486\" data-elementor-post-type=\"post\">\n\t\t\t\t\t\t<section class=\"elementor-section elementor-top-section elementor-element elementor-element-f5e8179 elementor-section-boxed elementor-section-height-default elementor-section-height-default\" data-id=\"f5e8179\" data-element_type=\"section\" data-e-type=\"section\">\n\t\t\t\t\t\t<div class=\"elementor-container elementor-column-gap-default\">\n\t\t\t\t\t<div class=\"elementor-column elementor-col-100 elementor-top-column elementor-element elementor-element-c265ebf\" data-id=\"c265ebf\" data-element_type=\"column\" data-e-type=\"column\">\n\t\t\t<div class=\"elementor-widget-wrap elementor-element-populated\">\n\t\t\t\t\t\t<div class=\"elementor-element elementor-element-e38afb5 elementor-widget elementor-widget-image\" data-id=\"e38afb5\" data-element_type=\"widget\" data-e-type=\"widget\" data-widget_type=\"image.default\">\n\t\t\t\t<div class=\"elementor-widget-container\">\n\t\t\t\t\t\t\t\t\t\t\t\t\t\t\t<img fetchpriority=\"high\" decoding=\"async\" width=\"1024\" height=\"769\" src=\"https:\/\/www.lichen.pl\/wp-content\/uploads\/2021\/06\/P1340890-1024x769.jpg\" class=\"attachment-large size-large wp-image-11492\" alt=\"\" srcset=\"https:\/\/www.lichen.pl\/wp-content\/uploads\/2021\/06\/P1340890-1024x769.jpg 1024w, https:\/\/www.lichen.pl\/wp-content\/uploads\/2021\/06\/P1340890-800x601.jpg 800w, https:\/\/www.lichen.pl\/wp-content\/uploads\/2021\/06\/P1340890-300x225.jpg 300w, https:\/\/www.lichen.pl\/wp-content\/uploads\/2021\/06\/P1340890-768x577.jpg 768w, https:\/\/www.lichen.pl\/wp-content\/uploads\/2021\/06\/P1340890.jpg 1200w\" sizes=\"(max-width: 1024px) 100vw, 1024px\" \/>\t\t\t\t\t\t\t\t\t\t\t\t\t\t\t<\/div>\n\t\t\t\t<\/div>\n\t\t\t\t<div class=\"elementor-element elementor-element-33b5de0 elementor-widget elementor-widget-text-editor\" data-id=\"33b5de0\" data-element_type=\"widget\" data-e-type=\"widget\" data-widget_type=\"text-editor.default\">\n\t\t\t\t<div class=\"elementor-widget-container\">\n\t\t\t\t\t\t\t\t\t<p style=\"text-align: justify;\"><span style=\"color: #000000;\"><b>Mai eucharistische marianische Exerzitien im Heiligtum Unserer Lieben Frau von Liche\u0144, geleitet von P. Janusz Kumala, MIC, der Kurator des Flechtenheiligtums, versammelte 13 Personen.<\/b><\/span><\/p><p style=\"text-align: justify;\"><span style=\"color: #000000;\">W\u00e4hrend der Konferenz erkl\u00e4rte der Kurator des Liche\u0144-Heiligtums, wie man die Messe fruchtbar leben kann. aus der N\u00e4he zur Gottesmutter. - Wir bereiten uns auf die Heilige Messe vor. wie Maria, die voller Gnade, des Heiligen Geistes und der Liebe auf das Kommen Christi wartete. Diese Vorbereitung soll das Herz reinigen, das Sakrament der Bu\u00dfe und der Vers\u00f6hnung empfangen. Die ganze Woche f\u00fchrt uns zur sonnt\u00e4glichen Eucharistiefeier. Maria stand unter dem Kreuz Christi und wir haben w\u00e4hrend der Eucharistie Anteil an der Liebe Jesu. Dann sind wir Jesus nahe, von dem wir Maria annehmen, wir werden Br\u00fcder und Schwestern, damit wir andere Menschen mit Liebe betrachten - erkl\u00e4rte P. Kumala. Er betonte auch die Bedeutung des Augenblicks der Anbetung nach dem Empfang der Heiligen Kommunion, dem Schlusssegen und der Entsendung. - Gott sendet uns, wir gehen mit Christus in unser t\u00e4gliches Leben, um ihn zu den Menschen zu bringen. Teilnahme an der Heiligen Messe ist obligatorisch - betonte der Kurator. - Es ist wichtig, dass wir Gott mutig Zeugnis geben, ein Beispiel ist die Gottesmutter, die mit dem Herrn Jesus unter ihrem Herzen geht, um Elisabeth und Zacharias die Frohe Botschaft zu bringen - f\u00fcgte er hinzu.<\/span><\/p>\t\t\t\t\t\t\t\t<\/div>\n\t\t\t\t<\/div>\n\t\t\t\t<div class=\"elementor-element elementor-element-28237b6 elementor-widget elementor-widget-gallery\" data-id=\"28237b6\" data-element_type=\"widget\" data-e-type=\"widget\" data-settings=\"{&quot;lazyload&quot;:&quot;yes&quot;,&quot;gallery_layout&quot;:&quot;grid&quot;,&quot;columns&quot;:4,&quot;columns_tablet&quot;:2,&quot;columns_mobile&quot;:1,&quot;gap&quot;:{&quot;unit&quot;:&quot;px&quot;,&quot;size&quot;:10,&quot;sizes&quot;:[]},&quot;gap_tablet&quot;:{&quot;unit&quot;:&quot;px&quot;,&quot;size&quot;:10,&quot;sizes&quot;:[]},&quot;gap_mobile&quot;:{&quot;unit&quot;:&quot;px&quot;,&quot;size&quot;:10,&quot;sizes&quot;:[]},&quot;link_to&quot;:&quot;file&quot;,&quot;aspect_ratio&quot;:&quot;3:2&quot;,&quot;overlay_background&quot;:&quot;yes&quot;,&quot;content_hover_animation&quot;:&quot;fade-in&quot;}\" data-widget_type=\"gallery.default\">\n\t\t\t\t<div class=\"elementor-widget-container\">\n\t\t\t\t\t\t\t<div class=\"elementor-gallery__container\">\n\t\t\t\t\t\t\t<a class=\"e-gallery-item elementor-gallery-item elementor-animated-content\" href=\"https:\/\/www.lichen.pl\/wp-content\/uploads\/2021\/06\/P1340895.jpg\" data-elementor-open-lightbox=\"yes\" data-elementor-lightbox-slideshow=\"28237b6\" data-elementor-lightbox-title=\"P1340895\" data-e-action-hash=\"#elementor-action%3Aaction%3Dlightbox%26settings%3DeyJpZCI6MTE1MDcsInVybCI6Imh0dHBzOlwvXC93d3cubGljaGVuLnBsXC93cC1jb250ZW50XC91cGxvYWRzXC8yMDIxXC8wNlwvUDEzNDA4OTUuanBnIiwic2xpZGVzaG93IjoiMjgyMzdiNiJ9\">\n\t\t\t\t\t<div class=\"e-gallery-image elementor-gallery-item__image\" data-thumbnail=\"https:\/\/www.lichen.pl\/wp-content\/uploads\/2021\/06\/P1340895-225x300.jpg\" data-width=\"225\" data-height=\"300\" aria-label=\"\" role=\"img\" ><\/div>\n\t\t\t\t\t\t\t\t\t\t\t<div class=\"elementor-gallery-item__overlay\"><\/div>\n\t\t\t\t\t\t\t\t\t\t\t\t\t\t<\/a>\n\t\t\t\t\t\t\t<a class=\"e-gallery-item elementor-gallery-item elementor-animated-content\" href=\"https:\/\/www.lichen.pl\/wp-content\/uploads\/2021\/06\/P1340891.jpg\" data-elementor-open-lightbox=\"yes\" data-elementor-lightbox-slideshow=\"28237b6\" data-elementor-lightbox-title=\"P1340891\" data-e-action-hash=\"#elementor-action%3Aaction%3Dlightbox%26settings%3DeyJpZCI6MTE0OTcsInVybCI6Imh0dHBzOlwvXC93d3cubGljaGVuLnBsXC93cC1jb250ZW50XC91cGxvYWRzXC8yMDIxXC8wNlwvUDEzNDA4OTEuanBnIiwic2xpZGVzaG93IjoiMjgyMzdiNiJ9\">\n\t\t\t\t\t<div class=\"e-gallery-image elementor-gallery-item__image\" data-thumbnail=\"https:\/\/www.lichen.pl\/wp-content\/uploads\/2021\/06\/P1340891-300x225.jpg\" data-width=\"300\" data-height=\"225\" aria-label=\"\" role=\"img\" ><\/div>\n\t\t\t\t\t\t\t\t\t\t\t<div class=\"elementor-gallery-item__overlay\"><\/div>\n\t\t\t\t\t\t\t\t\t\t\t\t\t\t<\/a>\n\t\t\t\t\t\t\t<a class=\"e-gallery-item elementor-gallery-item elementor-animated-content\" href=\"https:\/\/www.lichen.pl\/wp-content\/uploads\/2021\/06\/P1340894.jpg\" data-elementor-open-lightbox=\"yes\" data-elementor-lightbox-slideshow=\"28237b6\" data-elementor-lightbox-title=\"P1340894\" data-e-action-hash=\"#elementor-action%3Aaction%3Dlightbox%26settings%3DeyJpZCI6MTE1MDIsInVybCI6Imh0dHBzOlwvXC93d3cubGljaGVuLnBsXC93cC1jb250ZW50XC91cGxvYWRzXC8yMDIxXC8wNlwvUDEzNDA4OTQuanBnIiwic2xpZGVzaG93IjoiMjgyMzdiNiJ9\">\n\t\t\t\t\t<div class=\"e-gallery-image elementor-gallery-item__image\" data-thumbnail=\"https:\/\/www.lichen.pl\/wp-content\/uploads\/2021\/06\/P1340894-300x225.jpg\" data-width=\"300\" data-height=\"225\" aria-label=\"\" role=\"img\" ><\/div>\n\t\t\t\t\t\t\t\t\t\t\t<div class=\"elementor-gallery-item__overlay\"><\/div>\n\t\t\t\t\t\t\t\t\t\t\t\t\t\t<\/a>\n\t\t\t\t\t\t\t<a class=\"e-gallery-item elementor-gallery-item elementor-animated-content\" href=\"https:\/\/www.lichen.pl\/wp-content\/uploads\/2021\/06\/P1340888.jpg\" data-elementor-open-lightbox=\"yes\" data-elementor-lightbox-slideshow=\"28237b6\" data-elementor-lightbox-title=\"P1340888\" data-e-action-hash=\"#elementor-action%3Aaction%3Dlightbox%26settings%3DeyJpZCI6MTE0ODcsInVybCI6Imh0dHBzOlwvXC93d3cubGljaGVuLnBsXC93cC1jb250ZW50XC91cGxvYWRzXC8yMDIxXC8wNlwvUDEzNDA4ODguanBnIiwic2xpZGVzaG93IjoiMjgyMzdiNiJ9\">\n\t\t\t\t\t<div class=\"e-gallery-image elementor-gallery-item__image\" data-thumbnail=\"https:\/\/www.lichen.pl\/wp-content\/uploads\/2021\/06\/P1340888-300x225.jpg\" data-width=\"300\" data-height=\"225\" aria-label=\"\" role=\"img\" ><\/div>\n\t\t\t\t\t\t\t\t\t\t\t<div class=\"elementor-gallery-item__overlay\"><\/div>\n\t\t\t\t\t\t\t\t\t\t\t\t\t\t<\/a>\n\t\t\t\t\t<\/div>\n\t\t\t\t\t<\/div>\n\t\t\t\t<\/div>\n\t\t\t\t<div class=\"elementor-element elementor-element-7d0d111 elementor-widget elementor-widget-text-editor\" data-id=\"7d0d111\" data-element_type=\"widget\" data-e-type=\"widget\" data-widget_type=\"text-editor.default\">\n\t\t\t\t<div class=\"elementor-widget-container\">\n\t\t\t\t\t\t\t\t\t<p style=\"text-align: justify;\"><span style=\"color: #000000;\">Frau El\u017cbieta aus Pi\u0142a pilgert seit \u00fcber 30 Jahren jedes Jahr zum Heiligtum Unserer Lieben Frau von Liche\u0144. Zum ersten Mal kam sie in den 1980er Jahren dank einer \u00e4lteren Nachbarin. - Ich hoffe, dass ich f\u00fcr den Rest meines Lebens hierher kommen werde, ich erlebe das Retreat sehr spirituell. Wenn der Januar naht, freue ich mich darauf, nach Liche\u0144 zu fahren, ich vermisse die Muttergottes - gab Frau El\u017cbieta zu. Sie freut sich, dass sie gemeinsam mit ihrer Enkelin Karolina an den Retreats teilnehmen kann.<\/span><\/p><p style=\"text-align: justify;\"><span style=\"color: #000000;\">W\u00e4hrend der Exerzitien feierten Ryszard und Jolanta aus Gdynia ihren 42. Hochzeitstag und erneuerten ihr Ehegel\u00fcbde. - Ich bin auf einem neuen Weg, zum Glauben zur\u00fcckzukehren, ich beginne ein neues Leben - teilte Herr Ryszard mit, der zum vierten Mal an den Marianischen Exerzitien teilnimmt. - Fr. Kumala ist ein sehr herzlicher R\u00fcckzugsort, da ein Vater uns zu Gott f\u00fchrt \u2013 f\u00fcgte er hinzu.<\/span><\/p><p style=\"text-align: justify;\"><span style=\"color: #000000;\">Das Ehepaar nahm auch Frau Daniela aus W\u0142oc\u0142awek mit. - Ich bin sehr froh, dass ich ins Flechtenheiligtum kommen konnte. Ich f\u00fchle mich spirituell bereichert. Wir haben mit meinem Mann die Muttergottes von Liche\u0144 besucht, aber mein Mann ist gestorben. Heute kann ich Maris Gottesh\u00e4user dank meiner Freunde besuchen - sagt sie. - Das Heiligtum Unserer Lieben Frau von Liche\u0144 ist ein gro\u00dfartiger Ort, um sich zu beruhigen und sich auf Ihre Spiritualit\u00e4t zu konzentrieren. Solche M\u00f6glichkeiten gibt es nirgendwo. Auch wenn es Tausende von Wanderpilgern gibt, finden wir immer einen abgelegenen Ort, Frieden und Kontakt mit Gott \u2013 geben Ryszard und Jolanta zu.<\/span><\/p>\t\t\t\t\t\t\t\t<\/div>\n\t\t\t\t<\/div>\n\t\t\t\t\t<\/div>\n\t\t<\/div>\n\t\t\t\t\t<\/div>\n\t\t<\/section>\n\t\t\t\t<\/div>","protected":false},"excerpt":{"rendered":"<p>Majowe Eucharystyczne rekolekcje maryjne w Sanktuarium Matki Bo\u017cej Liche\u0144skiej, kt\u00f3re prowadzi\u0142 ks. Janusz Kumala MIC, kustosz liche\u0144skiego sanktuarium, zgromadzi\u0142y 13 os\u00f3b. Podczas konferencji kustosz liche\u0144skiego sanktuarium wyja\u015bnia\u0142, jak owocnie prze\u017cywa\u0107 Msz\u0119 \u015bw. z blisko\u015bci z Matk\u0105 Bo\u017c\u0105. \u2013 Przygotowujemy si\u0119 do Mszy \u015bw. jak Maryja, kt\u00f3ra czeka\u0142a na przyj\u015bcie Chrystusa pe\u0142na \u0142aski, Ducha \u015awi\u0119tego i [&hellip;]<\/p>\n","protected":false},"author":6,"featured_media":11492,"comment_status":"open","ping_status":"open","sticky":false,"template":"","format":"standard","meta":{"footnotes":""},"categories":[1],"tags":[],"class_list":["post-11486","post","type-post","status-publish","format-standard","has-post-thumbnail","hentry","category-aktualnosci","wpbf-post"],"yoast_head":"<!-- This site is optimized with the Yoast SEO plugin v27.4 - https:\/\/yoast.com\/product\/yoast-seo-wordpress\/ -->\n<title>Msza \u015awi\u0119ta z Maryj\u0105 - rekolekcje maryjne - SANKTUARIUM W LICHENIU<\/title>\n<meta name=\"robots\" content=\"index, follow, max-snippet:-1, max-image-preview:large, max-video-preview:-1\" \/>\n<link rel=\"canonical\" href=\"http:\/\/www.lichen.pl\/de\/msza-swieta-z-maryja-rekolekcje-maryjne\/\" \/>\n<meta property=\"og:locale\" content=\"de_DE\" \/>\n<meta property=\"og:type\" content=\"article\" \/>\n<meta property=\"og:title\" content=\"Msza \u015awi\u0119ta z Maryj\u0105 - rekolekcje maryjne - SANKTUARIUM W LICHENIU\" \/>\n<meta property=\"og:description\" content=\"Majowe Eucharystyczne rekolekcje maryjne w Sanktuarium Matki Bo\u017cej Liche\u0144skiej, kt\u00f3re prowadzi\u0142 ks. Janusz Kumala MIC, kustosz liche\u0144skiego sanktuarium, zgromadzi\u0142y 13 os\u00f3b. Podczas konferencji kustosz liche\u0144skiego sanktuarium wyja\u015bnia\u0142, jak owocnie prze\u017cywa\u0107 Msz\u0119 \u015bw. z blisko\u015bci z Matk\u0105 Bo\u017c\u0105. \u2013 Przygotowujemy si\u0119 do Mszy \u015bw. jak Maryja, kt\u00f3ra czeka\u0142a na przyj\u015bcie Chrystusa pe\u0142na \u0142aski, Ducha \u015awi\u0119tego i [&hellip;]\" \/>\n<meta property=\"og:url\" content=\"http:\/\/www.lichen.pl\/de\/msza-swieta-z-maryja-rekolekcje-maryjne\/\" \/>\n<meta property=\"og:site_name\" content=\"SANKTUARIUM W LICHENIU\" \/>\n<meta property=\"article:published_time\" content=\"2021-05-23T10:45:01+00:00\" \/>\n<meta property=\"article:modified_time\" content=\"2021-06-08T10:49:27+00:00\" \/>\n<meta property=\"og:image\" content=\"http:\/\/www.lichen.pl\/wp-content\/uploads\/2021\/06\/P1340890.jpg\" \/>\n\t<meta property=\"og:image:width\" content=\"1200\" \/>\n\t<meta property=\"og:image:height\" content=\"901\" \/>\n\t<meta property=\"og:image:type\" content=\"image\/jpeg\" \/>\n<meta name=\"author\" content=\"AMELIA SIUDA-KOSZELA\" \/>\n<meta name=\"twitter:card\" content=\"summary_large_image\" \/>\n<meta name=\"twitter:label1\" content=\"Verfasst von\" \/>\n\t<meta name=\"twitter:data1\" content=\"AMELIA SIUDA-KOSZELA\" \/>\n\t<meta name=\"twitter:label2\" content=\"Gesch\u00e4tzte Lesezeit\" \/>\n\t<meta name=\"twitter:data2\" content=\"2\u00a0Minuten\" \/>\n<script type=\"application\/ld+json\" class=\"yoast-schema-graph\">{\"@context\":\"https:\\\/\\\/schema.org\",\"@graph\":[{\"@type\":\"Article\",\"@id\":\"http:\\\/\\\/www.lichen.pl\\\/it\\\/msza-swieta-z-maryja-rekolekcje-maryjne\\\/#article\",\"isPartOf\":{\"@id\":\"http:\\\/\\\/www.lichen.pl\\\/it\\\/msza-swieta-z-maryja-rekolekcje-maryjne\\\/\"},\"author\":{\"name\":\"AMELIA SIUDA-KOSZELA\",\"@id\":\"https:\\\/\\\/www.lichen.pl\\\/fr\\\/#\\\/schema\\\/person\\\/70bf824c102f176cf976b0d90af0d62a\"},\"headline\":\"Msza \u015awi\u0119ta z Maryj\u0105 &#8211; rekolekcje maryjne\",\"datePublished\":\"2021-05-23T10:45:01+00:00\",\"dateModified\":\"2021-06-08T10:49:27+00:00\",\"mainEntityOfPage\":{\"@id\":\"http:\\\/\\\/www.lichen.pl\\\/it\\\/msza-swieta-z-maryja-rekolekcje-maryjne\\\/\"},\"wordCount\":484,\"commentCount\":0,\"image\":{\"@id\":\"http:\\\/\\\/www.lichen.pl\\\/it\\\/msza-swieta-z-maryja-rekolekcje-maryjne\\\/#primaryimage\"},\"thumbnailUrl\":\"https:\\\/\\\/www.lichen.pl\\\/wp-content\\\/uploads\\\/2021\\\/06\\\/P1340890.jpg\",\"articleSection\":[\"Aktualno\u015bci\"],\"inLanguage\":\"de\",\"potentialAction\":[{\"@type\":\"CommentAction\",\"name\":\"Comment\",\"target\":[\"http:\\\/\\\/www.lichen.pl\\\/it\\\/msza-swieta-z-maryja-rekolekcje-maryjne\\\/#respond\"]}]},{\"@type\":\"WebPage\",\"@id\":\"http:\\\/\\\/www.lichen.pl\\\/it\\\/msza-swieta-z-maryja-rekolekcje-maryjne\\\/\",\"url\":\"http:\\\/\\\/www.lichen.pl\\\/it\\\/msza-swieta-z-maryja-rekolekcje-maryjne\\\/\",\"name\":\"Msza \u015awi\u0119ta z Maryj\u0105 - rekolekcje maryjne - SANKTUARIUM W LICHENIU\",\"isPartOf\":{\"@id\":\"https:\\\/\\\/www.lichen.pl\\\/fr\\\/#website\"},\"primaryImageOfPage\":{\"@id\":\"http:\\\/\\\/www.lichen.pl\\\/it\\\/msza-swieta-z-maryja-rekolekcje-maryjne\\\/#primaryimage\"},\"image\":{\"@id\":\"http:\\\/\\\/www.lichen.pl\\\/it\\\/msza-swieta-z-maryja-rekolekcje-maryjne\\\/#primaryimage\"},\"thumbnailUrl\":\"https:\\\/\\\/www.lichen.pl\\\/wp-content\\\/uploads\\\/2021\\\/06\\\/P1340890.jpg\",\"datePublished\":\"2021-05-23T10:45:01+00:00\",\"dateModified\":\"2021-06-08T10:49:27+00:00\",\"author\":{\"@id\":\"https:\\\/\\\/www.lichen.pl\\\/fr\\\/#\\\/schema\\\/person\\\/70bf824c102f176cf976b0d90af0d62a\"},\"breadcrumb\":{\"@id\":\"http:\\\/\\\/www.lichen.pl\\\/it\\\/msza-swieta-z-maryja-rekolekcje-maryjne\\\/#breadcrumb\"},\"inLanguage\":\"de\",\"potentialAction\":[{\"@type\":\"ReadAction\",\"target\":[\"http:\\\/\\\/www.lichen.pl\\\/it\\\/msza-swieta-z-maryja-rekolekcje-maryjne\\\/\"]}]},{\"@type\":\"ImageObject\",\"inLanguage\":\"de\",\"@id\":\"http:\\\/\\\/www.lichen.pl\\\/it\\\/msza-swieta-z-maryja-rekolekcje-maryjne\\\/#primaryimage\",\"url\":\"https:\\\/\\\/www.lichen.pl\\\/wp-content\\\/uploads\\\/2021\\\/06\\\/P1340890.jpg\",\"contentUrl\":\"https:\\\/\\\/www.lichen.pl\\\/wp-content\\\/uploads\\\/2021\\\/06\\\/P1340890.jpg\",\"width\":1200,\"height\":901},{\"@type\":\"BreadcrumbList\",\"@id\":\"http:\\\/\\\/www.lichen.pl\\\/it\\\/msza-swieta-z-maryja-rekolekcje-maryjne\\\/#breadcrumb\",\"itemListElement\":[{\"@type\":\"ListItem\",\"position\":1,\"name\":\"Strona g\u0142\u00f3wna\",\"item\":\"https:\\\/\\\/www.lichen.pl\\\/\"},{\"@type\":\"ListItem\",\"position\":2,\"name\":\"Msza \u015awi\u0119ta z Maryj\u0105 &#8211; rekolekcje maryjne\"}]},{\"@type\":\"WebSite\",\"@id\":\"https:\\\/\\\/www.lichen.pl\\\/fr\\\/#website\",\"url\":\"https:\\\/\\\/www.lichen.pl\\\/fr\\\/\",\"name\":\"SANKTUARIUM W LICHENIU\",\"description\":\"MATKI BO\u017bEJ LICHE\u0143SKIEJ BOLESNEJ KR\u00d3LOWEJ POLSKI\",\"potentialAction\":[{\"@type\":\"SearchAction\",\"target\":{\"@type\":\"EntryPoint\",\"urlTemplate\":\"https:\\\/\\\/www.lichen.pl\\\/fr\\\/?s={search_term_string}\"},\"query-input\":{\"@type\":\"PropertyValueSpecification\",\"valueRequired\":true,\"valueName\":\"search_term_string\"}}],\"inLanguage\":\"de\"},{\"@type\":\"Person\",\"@id\":\"https:\\\/\\\/www.lichen.pl\\\/fr\\\/#\\\/schema\\\/person\\\/70bf824c102f176cf976b0d90af0d62a\",\"name\":\"AMELIA SIUDA-KOSZELA\",\"image\":{\"@type\":\"ImageObject\",\"inLanguage\":\"de\",\"@id\":\"https:\\\/\\\/secure.gravatar.com\\\/avatar\\\/a0f9a92186ab02fb8db116f5388e3bc7280dd7bd01565c5d6b7ceb07ff27d6d9?s=96&d=retro&r=g\",\"url\":\"https:\\\/\\\/secure.gravatar.com\\\/avatar\\\/a0f9a92186ab02fb8db116f5388e3bc7280dd7bd01565c5d6b7ceb07ff27d6d9?s=96&d=retro&r=g\",\"contentUrl\":\"https:\\\/\\\/secure.gravatar.com\\\/avatar\\\/a0f9a92186ab02fb8db116f5388e3bc7280dd7bd01565c5d6b7ceb07ff27d6d9?s=96&d=retro&r=g\",\"caption\":\"AMELIA SIUDA-KOSZELA\"},\"url\":\"https:\\\/\\\/www.lichen.pl\\\/de\\\/author\\\/amelia\\\/\"}]}<\/script>\n<!-- \/ Yoast SEO plugin. -->","yoast_head_json":{"title":"Msza \u015awi\u0119ta z Maryj\u0105 - rekolekcje maryjne - SANKTUARIUM W LICHENIU","robots":{"index":"index","follow":"follow","max-snippet":"max-snippet:-1","max-image-preview":"max-image-preview:large","max-video-preview":"max-video-preview:-1"},"canonical":"http:\/\/www.lichen.pl\/de\/msza-swieta-z-maryja-rekolekcje-maryjne\/","og_locale":"de_DE","og_type":"article","og_title":"Msza \u015awi\u0119ta z Maryj\u0105 - rekolekcje maryjne - SANKTUARIUM W LICHENIU","og_description":"Majowe Eucharystyczne rekolekcje maryjne w Sanktuarium Matki Bo\u017cej Liche\u0144skiej, kt\u00f3re prowadzi\u0142 ks. Janusz Kumala MIC, kustosz liche\u0144skiego sanktuarium, zgromadzi\u0142y 13 os\u00f3b. Podczas konferencji kustosz liche\u0144skiego sanktuarium wyja\u015bnia\u0142, jak owocnie prze\u017cywa\u0107 Msz\u0119 \u015bw. z blisko\u015bci z Matk\u0105 Bo\u017c\u0105. \u2013 Przygotowujemy si\u0119 do Mszy \u015bw. jak Maryja, kt\u00f3ra czeka\u0142a na przyj\u015bcie Chrystusa pe\u0142na \u0142aski, Ducha \u015awi\u0119tego i [&hellip;]","og_url":"http:\/\/www.lichen.pl\/de\/msza-swieta-z-maryja-rekolekcje-maryjne\/","og_site_name":"SANKTUARIUM W LICHENIU","article_published_time":"2021-05-23T10:45:01+00:00","article_modified_time":"2021-06-08T10:49:27+00:00","og_image":[{"width":1200,"height":901,"url":"http:\/\/www.lichen.pl\/wp-content\/uploads\/2021\/06\/P1340890.jpg","type":"image\/jpeg"}],"author":"AMELIA SIUDA-KOSZELA","twitter_card":"summary_large_image","twitter_misc":{"Verfasst von":"AMELIA SIUDA-KOSZELA","Gesch\u00e4tzte Lesezeit":"2\u00a0Minuten"},"schema":{"@context":"https:\/\/schema.org","@graph":[{"@type":"Article","@id":"http:\/\/www.lichen.pl\/it\/msza-swieta-z-maryja-rekolekcje-maryjne\/#article","isPartOf":{"@id":"http:\/\/www.lichen.pl\/it\/msza-swieta-z-maryja-rekolekcje-maryjne\/"},"author":{"name":"AMELIA SIUDA-KOSZELA","@id":"https:\/\/www.lichen.pl\/fr\/#\/schema\/person\/70bf824c102f176cf976b0d90af0d62a"},"headline":"Msza \u015awi\u0119ta z Maryj\u0105 &#8211; rekolekcje maryjne","datePublished":"2021-05-23T10:45:01+00:00","dateModified":"2021-06-08T10:49:27+00:00","mainEntityOfPage":{"@id":"http:\/\/www.lichen.pl\/it\/msza-swieta-z-maryja-rekolekcje-maryjne\/"},"wordCount":484,"commentCount":0,"image":{"@id":"http:\/\/www.lichen.pl\/it\/msza-swieta-z-maryja-rekolekcje-maryjne\/#primaryimage"},"thumbnailUrl":"https:\/\/www.lichen.pl\/wp-content\/uploads\/2021\/06\/P1340890.jpg","articleSection":["Aktualno\u015bci"],"inLanguage":"de","potentialAction":[{"@type":"CommentAction","name":"Comment","target":["http:\/\/www.lichen.pl\/it\/msza-swieta-z-maryja-rekolekcje-maryjne\/#respond"]}]},{"@type":"WebPage","@id":"http:\/\/www.lichen.pl\/it\/msza-swieta-z-maryja-rekolekcje-maryjne\/","url":"http:\/\/www.lichen.pl\/it\/msza-swieta-z-maryja-rekolekcje-maryjne\/","name":"Msza \u015awi\u0119ta z Maryj\u0105 - rekolekcje maryjne - SANKTUARIUM W LICHENIU","isPartOf":{"@id":"https:\/\/www.lichen.pl\/fr\/#website"},"primaryImageOfPage":{"@id":"http:\/\/www.lichen.pl\/it\/msza-swieta-z-maryja-rekolekcje-maryjne\/#primaryimage"},"image":{"@id":"http:\/\/www.lichen.pl\/it\/msza-swieta-z-maryja-rekolekcje-maryjne\/#primaryimage"},"thumbnailUrl":"https:\/\/www.lichen.pl\/wp-content\/uploads\/2021\/06\/P1340890.jpg","datePublished":"2021-05-23T10:45:01+00:00","dateModified":"2021-06-08T10:49:27+00:00","author":{"@id":"https:\/\/www.lichen.pl\/fr\/#\/schema\/person\/70bf824c102f176cf976b0d90af0d62a"},"breadcrumb":{"@id":"http:\/\/www.lichen.pl\/it\/msza-swieta-z-maryja-rekolekcje-maryjne\/#breadcrumb"},"inLanguage":"de","potentialAction":[{"@type":"ReadAction","target":["http:\/\/www.lichen.pl\/it\/msza-swieta-z-maryja-rekolekcje-maryjne\/"]}]},{"@type":"ImageObject","inLanguage":"de","@id":"http:\/\/www.lichen.pl\/it\/msza-swieta-z-maryja-rekolekcje-maryjne\/#primaryimage","url":"https:\/\/www.lichen.pl\/wp-content\/uploads\/2021\/06\/P1340890.jpg","contentUrl":"https:\/\/www.lichen.pl\/wp-content\/uploads\/2021\/06\/P1340890.jpg","width":1200,"height":901},{"@type":"BreadcrumbList","@id":"http:\/\/www.lichen.pl\/it\/msza-swieta-z-maryja-rekolekcje-maryjne\/#breadcrumb","itemListElement":[{"@type":"ListItem","position":1,"name":"Strona g\u0142\u00f3wna","item":"https:\/\/www.lichen.pl\/"},{"@type":"ListItem","position":2,"name":"Msza \u015awi\u0119ta z Maryj\u0105 &#8211; rekolekcje maryjne"}]},{"@type":"WebSite","@id":"https:\/\/www.lichen.pl\/fr\/#website","url":"https:\/\/www.lichen.pl\/fr\/","name":"HEILIGTUM IN LICHENIEN","description":"DIE TRAURIGE K\u00d6NIGIN UNSERER FLECHEN VON POLEN","potentialAction":[{"@type":"SearchAction","target":{"@type":"EntryPoint","urlTemplate":"https:\/\/www.lichen.pl\/fr\/?s={search_term_string}"},"query-input":{"@type":"PropertyValueSpecification","valueRequired":true,"valueName":"search_term_string"}}],"inLanguage":"de"},{"@type":"Person","@id":"https:\/\/www.lichen.pl\/fr\/#\/schema\/person\/70bf824c102f176cf976b0d90af0d62a","name":"AMELIA SIUDA-KOSZELA","image":{"@type":"ImageObject","inLanguage":"de","@id":"https:\/\/secure.gravatar.com\/avatar\/a0f9a92186ab02fb8db116f5388e3bc7280dd7bd01565c5d6b7ceb07ff27d6d9?s=96&d=retro&r=g","url":"https:\/\/secure.gravatar.com\/avatar\/a0f9a92186ab02fb8db116f5388e3bc7280dd7bd01565c5d6b7ceb07ff27d6d9?s=96&d=retro&r=g","contentUrl":"https:\/\/secure.gravatar.com\/avatar\/a0f9a92186ab02fb8db116f5388e3bc7280dd7bd01565c5d6b7ceb07ff27d6d9?s=96&d=retro&r=g","caption":"AMELIA SIUDA-KOSZELA"},"url":"https:\/\/www.lichen.pl\/de\/author\/amelia\/"}]}},"_links":{"self":[{"href":"https:\/\/www.lichen.pl\/de\/wp-json\/wp\/v2\/posts\/11486","targetHints":{"allow":["GET"]}}],"collection":[{"href":"https:\/\/www.lichen.pl\/de\/wp-json\/wp\/v2\/posts"}],"about":[{"href":"https:\/\/www.lichen.pl\/de\/wp-json\/wp\/v2\/types\/post"}],"author":[{"embeddable":true,"href":"https:\/\/www.lichen.pl\/de\/wp-json\/wp\/v2\/users\/6"}],"replies":[{"embeddable":true,"href":"https:\/\/www.lichen.pl\/de\/wp-json\/wp\/v2\/comments?post=11486"}],"version-history":[{"count":4,"href":"https:\/\/www.lichen.pl\/de\/wp-json\/wp\/v2\/posts\/11486\/revisions"}],"predecessor-version":[{"id":11515,"href":"https:\/\/www.lichen.pl\/de\/wp-json\/wp\/v2\/posts\/11486\/revisions\/11515"}],"wp:featuredmedia":[{"embeddable":true,"href":"https:\/\/www.lichen.pl\/de\/wp-json\/wp\/v2\/media\/11492"}],"wp:attachment":[{"href":"https:\/\/www.lichen.pl\/de\/wp-json\/wp\/v2\/media?parent=11486"}],"wp:term":[{"taxonomy":"category","embeddable":true,"href":"https:\/\/www.lichen.pl\/de\/wp-json\/wp\/v2\/categories?post=11486"},{"taxonomy":"post_tag","embeddable":true,"href":"https:\/\/www.lichen.pl\/de\/wp-json\/wp\/v2\/tags?post=11486"}],"curies":[{"name":"wp","href":"https:\/\/api.w.org\/{rel}","templated":true}]}}