{"id":11895,"date":"2021-06-09T12:24:16","date_gmt":"2021-06-09T12:24:16","guid":{"rendered":"http:\/\/www.lichen.pl\/?p=11895"},"modified":"2021-06-10T12:39:43","modified_gmt":"2021-06-10T12:39:43","slug":"11895","status":"publish","type":"post","link":"https:\/\/www.lichen.pl\/de\/11895\/","title":{"rendered":"Die Erinnerung an St. Jadwiga, K\u00f6nig von Polen"},"content":{"rendered":"<div data-elementor-type=\"wp-post\" data-elementor-id=\"11895\" class=\"elementor elementor-11895\" data-elementor-post-type=\"post\">\n\t\t\t\t\t\t<section class=\"elementor-section elementor-top-section elementor-element elementor-element-dd8fca3 elementor-section-boxed elementor-section-height-default elementor-section-height-default\" data-id=\"dd8fca3\" data-element_type=\"section\" data-e-type=\"section\">\n\t\t\t\t\t\t<div class=\"elementor-container elementor-column-gap-default\">\n\t\t\t\t\t<div class=\"elementor-column elementor-col-100 elementor-top-column elementor-element elementor-element-72c6fc67\" data-id=\"72c6fc67\" data-element_type=\"column\" data-e-type=\"column\">\n\t\t\t<div class=\"elementor-widget-wrap elementor-element-populated\">\n\t\t\t\t\t\t<section class=\"elementor-section elementor-inner-section elementor-element elementor-element-3e8edb8 elementor-section-boxed elementor-section-height-default elementor-section-height-default\" data-id=\"3e8edb8\" data-element_type=\"section\" data-e-type=\"section\">\n\t\t\t\t\t\t<div class=\"elementor-container elementor-column-gap-default\">\n\t\t\t\t\t<div class=\"elementor-column elementor-col-100 elementor-inner-column elementor-element elementor-element-52183b9\" data-id=\"52183b9\" data-element_type=\"column\" data-e-type=\"column\">\n\t\t\t<div class=\"elementor-widget-wrap elementor-element-populated\">\n\t\t\t\t\t\t<div class=\"elementor-element elementor-element-bb6ef54 elementor-widget elementor-widget-image\" data-id=\"bb6ef54\" data-element_type=\"widget\" data-e-type=\"widget\" data-widget_type=\"image.default\">\n\t\t\t\t<div class=\"elementor-widget-container\">\n\t\t\t\t\t\t\t\t\t\t\t\t<figure class=\"wp-caption\">\n\t\t\t\t\t\t\t\t\t\t<img fetchpriority=\"high\" decoding=\"async\" width=\"768\" height=\"512\" src=\"https:\/\/www.lichen.pl\/wp-content\/uploads\/2021\/06\/IMG_6641-768x512.jpg\" class=\"attachment-medium_large size-medium_large wp-image-11835\" alt=\"\" srcset=\"https:\/\/www.lichen.pl\/wp-content\/uploads\/2021\/06\/IMG_6641-768x512.jpg 768w, https:\/\/www.lichen.pl\/wp-content\/uploads\/2021\/06\/IMG_6641-300x200.jpg 300w\" sizes=\"(max-width: 768px) 100vw, 768px\" \/>\t\t\t\t\t\t\t\t\t\t\t<figcaption class=\"widget-image-caption wp-caption-text\">St. Hedwig, K\u00f6nig von Polen.  <\/figcaption>\n\t\t\t\t\t\t\t\t\t\t<\/figure>\n\t\t\t\t\t\t\t\t\t<\/div>\n\t\t\t\t<\/div>\n\t\t\t\t\t<\/div>\n\t\t<\/div>\n\t\t\t\t\t<\/div>\n\t\t<\/section>\n\t\t\t\t<section class=\"elementor-section elementor-inner-section elementor-element elementor-element-5f50071 elementor-section-boxed elementor-section-height-default elementor-section-height-default\" data-id=\"5f50071\" data-element_type=\"section\" data-e-type=\"section\">\n\t\t\t\t\t\t<div class=\"elementor-container elementor-column-gap-default\">\n\t\t\t\t\t<div class=\"elementor-column elementor-col-50 elementor-inner-column elementor-element elementor-element-a68e3e8\" data-id=\"a68e3e8\" data-element_type=\"column\" data-e-type=\"column\">\n\t\t\t<div class=\"elementor-widget-wrap elementor-element-populated\">\n\t\t\t\t\t\t<div class=\"elementor-element elementor-element-20134d2 elementor-widget elementor-widget-text-editor\" data-id=\"20134d2\" data-element_type=\"widget\" data-e-type=\"widget\" data-widget_type=\"text-editor.default\">\n\t\t\t\t<div class=\"elementor-widget-container\">\n\t\t\t\t\t\t\t\t\t<p>F\u00fcr die Weisheit des Heiligen Geistes f\u00fcr alle Polen und Litauer, damit sie die Freundschaft zwischen ihren V\u00f6lkern festigen m\u00f6gen, betete heute, am 8. Hedwig, K\u00f6nig von Polen. Anl\u00e4sslich des heute im Flechtenheiligtum begangenen Gebetstages f\u00fcr die polnisch-litauische Freundschaft wurde das Bildnis des hl. Hedwig, die in der Tor-der-Morgenr\u00f6te-Kapelle nahe der Flechte Golgatha h\u00e4ngen wird.<br \/>Wenden wir die Worte des heutigen Evangeliums auf St. Jadwiga, Fr. Janusz Kumala, der Kurator des Flechtenheiligtums, sagte, dass sie eine Person sei, die im Licht Christi lebe. - <em>&quot;St. Hedwig, obwohl sie in den Augen ihrer Untertanen Macht, Geld und Anerkennung hatte, konzentrierte sich nicht auf sich selbst, sondern auf Christus, dem sie in anderen Menschen diente - den Armen, den Bed\u00fcrftigen. So haben sich Generationen an sie erinnert. Sie sorgte auch daf\u00fcr, dass Christus bekannt und geliebt w\u00fcrde. Als sich also die M\u00f6glichkeit ergab, Christus in Litauen zu verk\u00fcnden, war sie es, die W\u0142adys\u0142aw Jagie\u0142\u0142o, den Gro\u00dfherzog von Litauen, heiratete, und dank dessen wurde die Christianisierung eingeleitet, dh die Verk\u00fcndigung Christi in ganz Litauen.<\/em>.<br \/>Bei der Heiligen Messe Erstkommunionkinder aus der Pfarrei st. Katharina von Alexandria in Goleni\u00f3w. In der Predigt von Fr. Kumala wies darauf hin, dass die dominierende Farbe im Liche\u0144-Tempel heute Wei\u00df ist. Dies ist einer Gruppe von Kindern zu verdanken, die gekommen sind, um Jesus daf\u00fcr zu danken, dass er in ihre Herzen gekommen ist. Der Priester bezog sich auch auf das Evangelium nach St. Matth\u00e4us, in dem Jesus sagt, dass jeder von uns das Salz dieser Erde ist.<br \/>&#8211; <em>\u201eDie Symbolik des Salzes soll uns sagen, dass wir Christen der Welt, das hei\u00dft den Menschen, unter denen wir leben, Geschmack verleihen sollen, damit die Welt gut ist. Unsere Aufgabe hier auf der Erde ist es, die Menschen, die darauf leben, gut, freundlich und mit Liebe lebend zu machen. Wir, als J\u00fcnger Jesu, m\u00fcssen danach streben und uns mit aller Kraft daf\u00fcr einsetzen\u201c<\/em> - sagte Fr. Kumala.<\/p>\t\t\t\t\t\t\t\t<\/div>\n\t\t\t\t<\/div>\n\t\t\t\t\t<\/div>\n\t\t<\/div>\n\t\t\t\t<div class=\"elementor-column elementor-col-50 elementor-inner-column elementor-element elementor-element-59fc7f7\" data-id=\"59fc7f7\" data-element_type=\"column\" data-e-type=\"column\">\n\t\t\t<div class=\"elementor-widget-wrap elementor-element-populated\">\n\t\t\t\t\t\t<div class=\"elementor-element elementor-element-fe09cce elementor-widget elementor-widget-text-editor\" data-id=\"fe09cce\" data-element_type=\"widget\" data-e-type=\"widget\" data-widget_type=\"text-editor.default\">\n\t\t\t\t<div class=\"elementor-widget-container\">\n\t\t\t\t\t\t\t\t\t<p>Die Predigt fragte auch: Was bedeutet die Aussage im heutigen Evangelium, dass wir das Salz der Welt sein sollen? - <em>\u201eEs bedeutet, dass wir Jesus in uns haben sollen, dass wir in Liebe leben sollen, dass wir nach Gottes Geboten leben sollen. Dann sind wir Salz in dieser Welt, in der wir leben. Dazu sind wir alle aufgerufen\u201c<\/em> Erkl\u00e4rte der Marian.<br \/>Der Priester f\u00fcgte hinzu, dass wir Jesus brauchen, der Licht ist, um andere Menschen zu sehen. - <em>\u201eEr ist Licht und er scheint durch uns. Wir strahlen Licht, Gutes und Liebe aus. Und wenn es kein Licht in uns gibt, werden wir andere Menschen nicht bemerken. Deshalb brauchen wir Jesus in unserem Leben, der uns den Weg zeigt\u201c<\/em>.<br \/>Abschlie\u00dfend die \u00dcberlegungen von Fr. Kumala betonte, dass die beiden Nationen Polen und Litauen durch eine lange und gemeinsame Geschichte verbunden seien. - <em>\u201eDurch die F\u00fcrbitte des hl. Jadwiga, bitten wir um Gottes Segen f\u00fcr die litauischen Br\u00fcder, damit die Schwierigkeiten und Probleme Litauens \u00fcberwunden werden und uns eine immer gr\u00f6\u00dfere Freundschaft und gegenseitige G\u00fcte verbindet, denn uns verbindet die Geschichte, die Heiligen, Christus schlie\u00dft sich uns an.\u201c<\/em><br \/>Vor dem Ende der Heiligen Messe weihte der Kustos von Kumala, MIC, das Gem\u00e4lde, das das Bild des hl. Hedwig, K\u00f6nig von Polen. Das Gem\u00e4lde wird in der Kapelle Unserer Lieben Frau von Ostra Brama h\u00e4ngen, die sich in der N\u00e4he der Flechte Golgatha im alten Teil des Flechtenheiligtums befindet.<br \/>St. Hedwig wurde 1374 als Tochter des ungarisch-polnischen K\u00f6nigs Ludwig von Anjou geboren. Sie erbte den polnischen Thron von ihrem Vater und wurde 1384 gekr\u00f6nt. Sie heiratete den litauischen Gro\u00dfherzog W\u0142adys\u0142aw Jagie\u0142\u0142o und trug so zur Bekehrung des Landes zum Christentum bei. Sie trug auch zur Gr\u00fcndung der Theologischen Fakult\u00e4t in Krakau und zur Erneuerung der Universit\u00e4t bei. Ihr ganzes Leben lang war sie gro\u00dfz\u00fcgig zu den Armen. Sie starb am 17. Juli 1399 in Krakau. Sie ist die Schutzpatronin von Litauen und Polen. Sie wurde im Keller der Wawel-Kathedrale in Krakau beigesetzt. Sie wurde 1997 von St. Papst Johannes Paul II. In der Ikonographie von St. Hedwig wird in k\u00f6niglicher Kleidung gezeigt.<\/p>\t\t\t\t\t\t\t\t<\/div>\n\t\t\t\t<\/div>\n\t\t\t\t\t<\/div>\n\t\t<\/div>\n\t\t\t\t\t<\/div>\n\t\t<\/section>\n\t\t\t\t<div class=\"elementor-element elementor-element-302f6cf elementor-widget-divider--view-line_icon elementor-view-default elementor-widget-divider--element-align-center elementor-widget elementor-widget-divider\" data-id=\"302f6cf\" data-element_type=\"widget\" data-e-type=\"widget\" data-widget_type=\"divider.default\">\n\t\t\t\t<div class=\"elementor-widget-container\">\n\t\t\t\t\t\t\t<div class=\"elementor-divider\">\n\t\t\t<span class=\"elementor-divider-separator\">\n\t\t\t\t\t\t\t<div class=\"elementor-icon elementor-divider__element\">\n\t\t\t\t\t<i aria-hidden=\"true\" class=\"fas fa-camera\"><\/i><\/div>\n\t\t\t\t\t\t<\/span>\n\t\t<\/div>\n\t\t\t\t\t\t<\/div>\n\t\t\t\t<\/div>\n\t\t\t\t<div class=\"elementor-element elementor-element-320fd6c elementor-widget elementor-widget-gallery\" data-id=\"320fd6c\" data-element_type=\"widget\" data-e-type=\"widget\" data-settings=\"{&quot;columns&quot;:3,&quot;gap&quot;:{&quot;unit&quot;:&quot;px&quot;,&quot;size&quot;:21,&quot;sizes&quot;:[]},&quot;lazyload&quot;:&quot;yes&quot;,&quot;gallery_layout&quot;:&quot;grid&quot;,&quot;columns_tablet&quot;:2,&quot;columns_mobile&quot;:1,&quot;gap_tablet&quot;:{&quot;unit&quot;:&quot;px&quot;,&quot;size&quot;:10,&quot;sizes&quot;:[]},&quot;gap_mobile&quot;:{&quot;unit&quot;:&quot;px&quot;,&quot;size&quot;:10,&quot;sizes&quot;:[]},&quot;link_to&quot;:&quot;file&quot;,&quot;aspect_ratio&quot;:&quot;3:2&quot;,&quot;overlay_background&quot;:&quot;yes&quot;,&quot;content_hover_animation&quot;:&quot;fade-in&quot;}\" data-widget_type=\"gallery.default\">\n\t\t\t\t<div class=\"elementor-widget-container\">\n\t\t\t\t\t\t\t<div class=\"elementor-gallery__container\">\n\t\t\t\t\t\t\t<a class=\"e-gallery-item elementor-gallery-item elementor-animated-content\" href=\"https:\/\/www.lichen.pl\/wp-content\/uploads\/2021\/06\/IMG_6660-scaled.jpg\" data-elementor-open-lightbox=\"yes\" data-elementor-lightbox-slideshow=\"320fd6c\" data-elementor-lightbox-title=\"IMG_6660\" data-e-action-hash=\"#elementor-action%3Aaction%3Dlightbox%26settings%3DeyJpZCI6MTE4NTksInVybCI6Imh0dHBzOlwvXC93d3cubGljaGVuLnBsXC93cC1jb250ZW50XC91cGxvYWRzXC8yMDIxXC8wNlwvSU1HXzY2NjAtc2NhbGVkLmpwZyIsInNsaWRlc2hvdyI6IjMyMGZkNmMifQ%3D%3D\">\n\t\t\t\t\t<div class=\"e-gallery-image elementor-gallery-item__image\" data-thumbnail=\"https:\/\/www.lichen.pl\/wp-content\/uploads\/2021\/06\/IMG_6660-300x200.jpg\" data-width=\"300\" data-height=\"200\" aria-label=\"\" role=\"img\" ><\/div>\n\t\t\t\t\t\t\t\t\t\t\t<div class=\"elementor-gallery-item__overlay\"><\/div>\n\t\t\t\t\t\t\t\t\t\t\t\t\t\t<\/a>\n\t\t\t\t\t\t\t<a class=\"e-gallery-item elementor-gallery-item elementor-animated-content\" href=\"https:\/\/www.lichen.pl\/wp-content\/uploads\/2021\/06\/IMG_6654-scaled.jpg\" data-elementor-open-lightbox=\"yes\" data-elementor-lightbox-slideshow=\"320fd6c\" data-elementor-lightbox-title=\"IMG_6654\" data-e-action-hash=\"#elementor-action%3Aaction%3Dlightbox%26settings%3DeyJpZCI6MTE4NTQsInVybCI6Imh0dHBzOlwvXC93d3cubGljaGVuLnBsXC93cC1jb250ZW50XC91cGxvYWRzXC8yMDIxXC8wNlwvSU1HXzY2NTQtc2NhbGVkLmpwZyIsInNsaWRlc2hvdyI6IjMyMGZkNmMifQ%3D%3D\">\n\t\t\t\t\t<div class=\"e-gallery-image elementor-gallery-item__image\" data-thumbnail=\"https:\/\/www.lichen.pl\/wp-content\/uploads\/2021\/06\/IMG_6654-300x200.jpg\" data-width=\"300\" data-height=\"200\" aria-label=\"\" role=\"img\" ><\/div>\n\t\t\t\t\t\t\t\t\t\t\t<div class=\"elementor-gallery-item__overlay\"><\/div>\n\t\t\t\t\t\t\t\t\t\t\t\t\t\t<\/a>\n\t\t\t\t\t\t\t<a class=\"e-gallery-item elementor-gallery-item elementor-animated-content\" href=\"https:\/\/www.lichen.pl\/wp-content\/uploads\/2021\/06\/IMG_6649-scaled.jpg\" data-elementor-open-lightbox=\"yes\" data-elementor-lightbox-slideshow=\"320fd6c\" data-elementor-lightbox-title=\"IMG_6649\" data-e-action-hash=\"#elementor-action%3Aaction%3Dlightbox%26settings%3DeyJpZCI6MTE4NDksInVybCI6Imh0dHBzOlwvXC93d3cubGljaGVuLnBsXC93cC1jb250ZW50XC91cGxvYWRzXC8yMDIxXC8wNlwvSU1HXzY2NDktc2NhbGVkLmpwZyIsInNsaWRlc2hvdyI6IjMyMGZkNmMifQ%3D%3D\">\n\t\t\t\t\t<div class=\"e-gallery-image elementor-gallery-item__image\" data-thumbnail=\"https:\/\/www.lichen.pl\/wp-content\/uploads\/2021\/06\/IMG_6649-200x300.jpg\" data-width=\"200\" data-height=\"300\" aria-label=\"\" role=\"img\" ><\/div>\n\t\t\t\t\t\t\t\t\t\t\t<div class=\"elementor-gallery-item__overlay\"><\/div>\n\t\t\t\t\t\t\t\t\t\t\t\t\t\t<\/a>\n\t\t\t\t\t\t\t<a class=\"e-gallery-item elementor-gallery-item elementor-animated-content\" href=\"https:\/\/www.lichen.pl\/wp-content\/uploads\/2021\/06\/IMG_6643-scaled.jpg\" data-elementor-open-lightbox=\"yes\" data-elementor-lightbox-slideshow=\"320fd6c\" data-elementor-lightbox-title=\"IMG_6643\" data-e-action-hash=\"#elementor-action%3Aaction%3Dlightbox%26settings%3DeyJpZCI6MTE4NDMsInVybCI6Imh0dHBzOlwvXC93d3cubGljaGVuLnBsXC93cC1jb250ZW50XC91cGxvYWRzXC8yMDIxXC8wNlwvSU1HXzY2NDMtc2NhbGVkLmpwZyIsInNsaWRlc2hvdyI6IjMyMGZkNmMifQ%3D%3D\">\n\t\t\t\t\t<div class=\"e-gallery-image elementor-gallery-item__image\" data-thumbnail=\"https:\/\/www.lichen.pl\/wp-content\/uploads\/2021\/06\/IMG_6643-300x200.jpg\" data-width=\"300\" data-height=\"200\" aria-label=\"\" role=\"img\" ><\/div>\n\t\t\t\t\t\t\t\t\t\t\t<div class=\"elementor-gallery-item__overlay\"><\/div>\n\t\t\t\t\t\t\t\t\t\t\t\t\t\t<\/a>\n\t\t\t\t\t\t\t<a class=\"e-gallery-item elementor-gallery-item elementor-animated-content\" href=\"https:\/\/www.lichen.pl\/wp-content\/uploads\/2021\/06\/IMG_6641-scaled-e1623241939198.jpg\" data-elementor-open-lightbox=\"yes\" data-elementor-lightbox-slideshow=\"320fd6c\" data-elementor-lightbox-title=\"IMG_6641\" data-e-action-hash=\"#elementor-action%3Aaction%3Dlightbox%26settings%3DeyJpZCI6MTE4MzUsInVybCI6Imh0dHBzOlwvXC93d3cubGljaGVuLnBsXC93cC1jb250ZW50XC91cGxvYWRzXC8yMDIxXC8wNlwvSU1HXzY2NDEtc2NhbGVkLWUxNjIzMjQxOTM5MTk4LmpwZyIsInNsaWRlc2hvdyI6IjMyMGZkNmMifQ%3D%3D\">\n\t\t\t\t\t<div class=\"e-gallery-image elementor-gallery-item__image\" data-thumbnail=\"https:\/\/www.lichen.pl\/wp-content\/uploads\/2021\/06\/IMG_6641-300x200.jpg\" data-width=\"300\" data-height=\"200\" aria-label=\"\" role=\"img\" ><\/div>\n\t\t\t\t\t\t\t\t\t\t\t<div class=\"elementor-gallery-item__overlay\"><\/div>\n\t\t\t\t\t\t\t\t\t\t\t\t\t\t<\/a>\n\t\t\t\t\t\t\t<a class=\"e-gallery-item elementor-gallery-item elementor-animated-content\" href=\"https:\/\/www.lichen.pl\/wp-content\/uploads\/2021\/06\/IMG_6638-scaled.jpg\" data-elementor-open-lightbox=\"yes\" data-elementor-lightbox-slideshow=\"320fd6c\" data-elementor-lightbox-title=\"IMG_6638\" data-e-action-hash=\"#elementor-action%3Aaction%3Dlightbox%26settings%3DeyJpZCI6MTE4MjcsInVybCI6Imh0dHBzOlwvXC93d3cubGljaGVuLnBsXC93cC1jb250ZW50XC91cGxvYWRzXC8yMDIxXC8wNlwvSU1HXzY2Mzgtc2NhbGVkLmpwZyIsInNsaWRlc2hvdyI6IjMyMGZkNmMifQ%3D%3D\">\n\t\t\t\t\t<div class=\"e-gallery-image elementor-gallery-item__image\" data-thumbnail=\"https:\/\/www.lichen.pl\/wp-content\/uploads\/2021\/06\/IMG_6638-200x300.jpg\" data-width=\"200\" data-height=\"300\" aria-label=\"\" role=\"img\" ><\/div>\n\t\t\t\t\t\t\t\t\t\t\t<div class=\"elementor-gallery-item__overlay\"><\/div>\n\t\t\t\t\t\t\t\t\t\t\t\t\t\t<\/a>\n\t\t\t\t\t<\/div>\n\t\t\t\t\t<\/div>\n\t\t\t\t<\/div>\n\t\t\t\t<div class=\"elementor-element elementor-element-a2f5b0e elementor-widget-divider--view-line elementor-widget elementor-widget-divider\" data-id=\"a2f5b0e\" data-element_type=\"widget\" data-e-type=\"widget\" data-widget_type=\"divider.default\">\n\t\t\t\t<div class=\"elementor-widget-container\">\n\t\t\t\t\t\t\t<div class=\"elementor-divider\">\n\t\t\t<span class=\"elementor-divider-separator\">\n\t\t\t\t\t\t<\/span>\n\t\t<\/div>\n\t\t\t\t\t\t<\/div>\n\t\t\t\t<\/div>\n\t\t\t\t\t<\/div>\n\t\t<\/div>\n\t\t\t\t\t<\/div>\n\t\t<\/section>\n\t\t\t\t<\/div>","protected":false},"excerpt":{"rendered":"<p>Obraz \u015bw. Jadwigi, Kr\u00f3la Polski. O m\u0105dro\u015b\u0107 Ducha \u015awi\u0119tego dla wszystkich Polak\u00f3w i Litwin\u00f3w, aby umacniali przyja\u017a\u0144 mi\u0119dzy swoimi narodami, modlono si\u0119 dzi\u015b, 8 czerwca, w liche\u0144skiej bazylice w dniu liturgicznego wspomnienia \u015bw. Jadwigi, Kr\u00f3la Polski. W zwi\u0105zku z obchodzonym dzi\u015b w liche\u0144skim sanktuarium dniem modlitw w intencji przyja\u017ani polsko-litewskiej, podczas po\u0142udniowej Eucharystii zosta\u0142 po\u015bwi\u0119cony [&hellip;]<\/p>\n","protected":false},"author":4,"featured_media":11835,"comment_status":"open","ping_status":"open","sticky":false,"template":"","format":"standard","meta":{"footnotes":""},"categories":[1],"tags":[],"class_list":["post-11895","post","type-post","status-publish","format-standard","has-post-thumbnail","hentry","category-aktualnosci","wpbf-post"],"yoast_head":"<!-- This site is optimized with the Yoast SEO plugin v27.4 - https:\/\/yoast.com\/product\/yoast-seo-wordpress\/ -->\n<title>Wspomnienie \u015bw. Jadwigi, Kr\u00f3la Polski - SANKTUARIUM W LICHENIU<\/title>\n<meta name=\"robots\" content=\"index, follow, max-snippet:-1, max-image-preview:large, max-video-preview:-1\" \/>\n<link rel=\"canonical\" href=\"http:\/\/www.lichen.pl\/de\/11895\/\" \/>\n<meta property=\"og:locale\" content=\"de_DE\" \/>\n<meta property=\"og:type\" content=\"article\" \/>\n<meta property=\"og:title\" content=\"Wspomnienie \u015bw. Jadwigi, Kr\u00f3la Polski - SANKTUARIUM W LICHENIU\" \/>\n<meta property=\"og:description\" content=\"Obraz \u015bw. Jadwigi, Kr\u00f3la Polski. O m\u0105dro\u015b\u0107 Ducha \u015awi\u0119tego dla wszystkich Polak\u00f3w i Litwin\u00f3w, aby umacniali przyja\u017a\u0144 mi\u0119dzy swoimi narodami, modlono si\u0119 dzi\u015b, 8 czerwca, w liche\u0144skiej bazylice w dniu liturgicznego wspomnienia \u015bw. Jadwigi, Kr\u00f3la Polski. W zwi\u0105zku z obchodzonym dzi\u015b w liche\u0144skim sanktuarium dniem modlitw w intencji przyja\u017ani polsko-litewskiej, podczas po\u0142udniowej Eucharystii zosta\u0142 po\u015bwi\u0119cony [&hellip;]\" \/>\n<meta property=\"og:url\" content=\"http:\/\/www.lichen.pl\/de\/11895\/\" \/>\n<meta property=\"og:site_name\" content=\"SANKTUARIUM W LICHENIU\" \/>\n<meta property=\"article:published_time\" content=\"2021-06-09T12:24:16+00:00\" \/>\n<meta property=\"article:modified_time\" content=\"2021-06-10T12:39:43+00:00\" \/>\n<meta property=\"og:image\" content=\"http:\/\/www.lichen.pl\/wp-content\/uploads\/2021\/06\/IMG_6641-scaled-e1623241939198.jpg\" \/>\n\t<meta property=\"og:image:width\" content=\"1920\" \/>\n\t<meta property=\"og:image:height\" content=\"1295\" \/>\n\t<meta property=\"og:image:type\" content=\"image\/jpeg\" \/>\n<meta name=\"author\" content=\"ROBERT ADAMCZYK\" \/>\n<meta name=\"twitter:card\" content=\"summary_large_image\" \/>\n<meta name=\"twitter:label1\" content=\"Verfasst von\" \/>\n\t<meta name=\"twitter:data1\" content=\"ROBERT ADAMCZYK\" \/>\n\t<meta name=\"twitter:label2\" content=\"Gesch\u00e4tzte Lesezeit\" \/>\n\t<meta name=\"twitter:data2\" content=\"3\u00a0Minuten\" \/>\n<script type=\"application\/ld+json\" class=\"yoast-schema-graph\">{\"@context\":\"https:\\\/\\\/schema.org\",\"@graph\":[{\"@type\":\"Article\",\"@id\":\"http:\\\/\\\/www.lichen.pl\\\/11895\\\/#article\",\"isPartOf\":{\"@id\":\"http:\\\/\\\/www.lichen.pl\\\/11895\\\/\"},\"author\":{\"name\":\"ROBERT ADAMCZYK\",\"@id\":\"https:\\\/\\\/www.lichen.pl\\\/fr\\\/#\\\/schema\\\/person\\\/c06cd926b95870cc59f18d6ee6e33da5\"},\"headline\":\"Wspomnienie \u015bw. Jadwigi, Kr\u00f3la Polski\",\"datePublished\":\"2021-06-09T12:24:16+00:00\",\"dateModified\":\"2021-06-10T12:39:43+00:00\",\"mainEntityOfPage\":{\"@id\":\"http:\\\/\\\/www.lichen.pl\\\/11895\\\/\"},\"wordCount\":734,\"commentCount\":0,\"image\":{\"@id\":\"http:\\\/\\\/www.lichen.pl\\\/11895\\\/#primaryimage\"},\"thumbnailUrl\":\"https:\\\/\\\/www.lichen.pl\\\/wp-content\\\/uploads\\\/2021\\\/06\\\/IMG_6641-scaled-e1623241939198.jpg\",\"articleSection\":[\"Aktualno\u015bci\"],\"inLanguage\":\"de\",\"potentialAction\":[{\"@type\":\"CommentAction\",\"name\":\"Comment\",\"target\":[\"http:\\\/\\\/www.lichen.pl\\\/11895\\\/#respond\"]}]},{\"@type\":\"WebPage\",\"@id\":\"http:\\\/\\\/www.lichen.pl\\\/11895\\\/\",\"url\":\"http:\\\/\\\/www.lichen.pl\\\/11895\\\/\",\"name\":\"Wspomnienie \u015bw. Jadwigi, Kr\u00f3la Polski - SANKTUARIUM W LICHENIU\",\"isPartOf\":{\"@id\":\"https:\\\/\\\/www.lichen.pl\\\/fr\\\/#website\"},\"primaryImageOfPage\":{\"@id\":\"http:\\\/\\\/www.lichen.pl\\\/11895\\\/#primaryimage\"},\"image\":{\"@id\":\"http:\\\/\\\/www.lichen.pl\\\/11895\\\/#primaryimage\"},\"thumbnailUrl\":\"https:\\\/\\\/www.lichen.pl\\\/wp-content\\\/uploads\\\/2021\\\/06\\\/IMG_6641-scaled-e1623241939198.jpg\",\"datePublished\":\"2021-06-09T12:24:16+00:00\",\"dateModified\":\"2021-06-10T12:39:43+00:00\",\"author\":{\"@id\":\"https:\\\/\\\/www.lichen.pl\\\/fr\\\/#\\\/schema\\\/person\\\/c06cd926b95870cc59f18d6ee6e33da5\"},\"breadcrumb\":{\"@id\":\"http:\\\/\\\/www.lichen.pl\\\/11895\\\/#breadcrumb\"},\"inLanguage\":\"de\",\"potentialAction\":[{\"@type\":\"ReadAction\",\"target\":[\"http:\\\/\\\/www.lichen.pl\\\/11895\\\/\"]}]},{\"@type\":\"ImageObject\",\"inLanguage\":\"de\",\"@id\":\"http:\\\/\\\/www.lichen.pl\\\/11895\\\/#primaryimage\",\"url\":\"https:\\\/\\\/www.lichen.pl\\\/wp-content\\\/uploads\\\/2021\\\/06\\\/IMG_6641-scaled-e1623241939198.jpg\",\"contentUrl\":\"https:\\\/\\\/www.lichen.pl\\\/wp-content\\\/uploads\\\/2021\\\/06\\\/IMG_6641-scaled-e1623241939198.jpg\",\"width\":1920,\"height\":1295,\"caption\":\"Po\u015bwi\u0119cenie obraz \u015bw. Jadwigi, Kr\u00f3la Polski\"},{\"@type\":\"BreadcrumbList\",\"@id\":\"http:\\\/\\\/www.lichen.pl\\\/11895\\\/#breadcrumb\",\"itemListElement\":[{\"@type\":\"ListItem\",\"position\":1,\"name\":\"Strona g\u0142\u00f3wna\",\"item\":\"https:\\\/\\\/www.lichen.pl\\\/\"},{\"@type\":\"ListItem\",\"position\":2,\"name\":\"Wspomnienie \u015bw. Jadwigi, Kr\u00f3la Polski\"}]},{\"@type\":\"WebSite\",\"@id\":\"https:\\\/\\\/www.lichen.pl\\\/fr\\\/#website\",\"url\":\"https:\\\/\\\/www.lichen.pl\\\/fr\\\/\",\"name\":\"SANKTUARIUM W LICHENIU\",\"description\":\"MATKI BO\u017bEJ LICHE\u0143SKIEJ BOLESNEJ KR\u00d3LOWEJ POLSKI\",\"potentialAction\":[{\"@type\":\"SearchAction\",\"target\":{\"@type\":\"EntryPoint\",\"urlTemplate\":\"https:\\\/\\\/www.lichen.pl\\\/fr\\\/?s={search_term_string}\"},\"query-input\":{\"@type\":\"PropertyValueSpecification\",\"valueRequired\":true,\"valueName\":\"search_term_string\"}}],\"inLanguage\":\"de\"},{\"@type\":\"Person\",\"@id\":\"https:\\\/\\\/www.lichen.pl\\\/fr\\\/#\\\/schema\\\/person\\\/c06cd926b95870cc59f18d6ee6e33da5\",\"name\":\"ROBERT ADAMCZYK\",\"image\":{\"@type\":\"ImageObject\",\"inLanguage\":\"de\",\"@id\":\"https:\\\/\\\/secure.gravatar.com\\\/avatar\\\/53c330430596e73552f4c356c2e47c209ff8f6352a5106011c9b6abcce5e00df?s=96&d=retro&r=g\",\"url\":\"https:\\\/\\\/secure.gravatar.com\\\/avatar\\\/53c330430596e73552f4c356c2e47c209ff8f6352a5106011c9b6abcce5e00df?s=96&d=retro&r=g\",\"contentUrl\":\"https:\\\/\\\/secure.gravatar.com\\\/avatar\\\/53c330430596e73552f4c356c2e47c209ff8f6352a5106011c9b6abcce5e00df?s=96&d=retro&r=g\",\"caption\":\"ROBERT ADAMCZYK\"},\"url\":\"https:\\\/\\\/www.lichen.pl\\\/de\\\/author\\\/press\\\/\"}]}<\/script>\n<!-- \/ Yoast SEO plugin. -->","yoast_head_json":{"title":"Wspomnienie \u015bw. Jadwigi, Kr\u00f3la Polski - SANKTUARIUM W LICHENIU","robots":{"index":"index","follow":"follow","max-snippet":"max-snippet:-1","max-image-preview":"max-image-preview:large","max-video-preview":"max-video-preview:-1"},"canonical":"http:\/\/www.lichen.pl\/de\/11895\/","og_locale":"de_DE","og_type":"article","og_title":"Wspomnienie \u015bw. Jadwigi, Kr\u00f3la Polski - SANKTUARIUM W LICHENIU","og_description":"Obraz \u015bw. Jadwigi, Kr\u00f3la Polski. O m\u0105dro\u015b\u0107 Ducha \u015awi\u0119tego dla wszystkich Polak\u00f3w i Litwin\u00f3w, aby umacniali przyja\u017a\u0144 mi\u0119dzy swoimi narodami, modlono si\u0119 dzi\u015b, 8 czerwca, w liche\u0144skiej bazylice w dniu liturgicznego wspomnienia \u015bw. Jadwigi, Kr\u00f3la Polski. W zwi\u0105zku z obchodzonym dzi\u015b w liche\u0144skim sanktuarium dniem modlitw w intencji przyja\u017ani polsko-litewskiej, podczas po\u0142udniowej Eucharystii zosta\u0142 po\u015bwi\u0119cony [&hellip;]","og_url":"http:\/\/www.lichen.pl\/de\/11895\/","og_site_name":"SANKTUARIUM W LICHENIU","article_published_time":"2021-06-09T12:24:16+00:00","article_modified_time":"2021-06-10T12:39:43+00:00","og_image":[{"width":1920,"height":1295,"url":"http:\/\/www.lichen.pl\/wp-content\/uploads\/2021\/06\/IMG_6641-scaled-e1623241939198.jpg","type":"image\/jpeg"}],"author":"ROBERT ADAMCZYK","twitter_card":"summary_large_image","twitter_misc":{"Verfasst von":"ROBERT ADAMCZYK","Gesch\u00e4tzte Lesezeit":"3\u00a0Minuten"},"schema":{"@context":"https:\/\/schema.org","@graph":[{"@type":"Article","@id":"http:\/\/www.lichen.pl\/11895\/#article","isPartOf":{"@id":"http:\/\/www.lichen.pl\/11895\/"},"author":{"name":"ROBERT ADAMCZYK","@id":"https:\/\/www.lichen.pl\/fr\/#\/schema\/person\/c06cd926b95870cc59f18d6ee6e33da5"},"headline":"Wspomnienie \u015bw. Jadwigi, Kr\u00f3la Polski","datePublished":"2021-06-09T12:24:16+00:00","dateModified":"2021-06-10T12:39:43+00:00","mainEntityOfPage":{"@id":"http:\/\/www.lichen.pl\/11895\/"},"wordCount":734,"commentCount":0,"image":{"@id":"http:\/\/www.lichen.pl\/11895\/#primaryimage"},"thumbnailUrl":"https:\/\/www.lichen.pl\/wp-content\/uploads\/2021\/06\/IMG_6641-scaled-e1623241939198.jpg","articleSection":["Aktualno\u015bci"],"inLanguage":"de","potentialAction":[{"@type":"CommentAction","name":"Comment","target":["http:\/\/www.lichen.pl\/11895\/#respond"]}]},{"@type":"WebPage","@id":"http:\/\/www.lichen.pl\/11895\/","url":"http:\/\/www.lichen.pl\/11895\/","name":"Wspomnienie \u015bw. Jadwigi, Kr\u00f3la Polski - SANKTUARIUM W LICHENIU","isPartOf":{"@id":"https:\/\/www.lichen.pl\/fr\/#website"},"primaryImageOfPage":{"@id":"http:\/\/www.lichen.pl\/11895\/#primaryimage"},"image":{"@id":"http:\/\/www.lichen.pl\/11895\/#primaryimage"},"thumbnailUrl":"https:\/\/www.lichen.pl\/wp-content\/uploads\/2021\/06\/IMG_6641-scaled-e1623241939198.jpg","datePublished":"2021-06-09T12:24:16+00:00","dateModified":"2021-06-10T12:39:43+00:00","author":{"@id":"https:\/\/www.lichen.pl\/fr\/#\/schema\/person\/c06cd926b95870cc59f18d6ee6e33da5"},"breadcrumb":{"@id":"http:\/\/www.lichen.pl\/11895\/#breadcrumb"},"inLanguage":"de","potentialAction":[{"@type":"ReadAction","target":["http:\/\/www.lichen.pl\/11895\/"]}]},{"@type":"ImageObject","inLanguage":"de","@id":"http:\/\/www.lichen.pl\/11895\/#primaryimage","url":"https:\/\/www.lichen.pl\/wp-content\/uploads\/2021\/06\/IMG_6641-scaled-e1623241939198.jpg","contentUrl":"https:\/\/www.lichen.pl\/wp-content\/uploads\/2021\/06\/IMG_6641-scaled-e1623241939198.jpg","width":1920,"height":1295,"caption":"Po\u015bwi\u0119cenie obraz \u015bw. Jadwigi, Kr\u00f3la Polski"},{"@type":"BreadcrumbList","@id":"http:\/\/www.lichen.pl\/11895\/#breadcrumb","itemListElement":[{"@type":"ListItem","position":1,"name":"Strona g\u0142\u00f3wna","item":"https:\/\/www.lichen.pl\/"},{"@type":"ListItem","position":2,"name":"Wspomnienie \u015bw. Jadwigi, Kr\u00f3la Polski"}]},{"@type":"WebSite","@id":"https:\/\/www.lichen.pl\/fr\/#website","url":"https:\/\/www.lichen.pl\/fr\/","name":"HEILIGTUM IN LICHENIEN","description":"DIE TRAURIGE K\u00d6NIGIN UNSERER FLECHEN VON POLEN","potentialAction":[{"@type":"SearchAction","target":{"@type":"EntryPoint","urlTemplate":"https:\/\/www.lichen.pl\/fr\/?s={search_term_string}"},"query-input":{"@type":"PropertyValueSpecification","valueRequired":true,"valueName":"search_term_string"}}],"inLanguage":"de"},{"@type":"Person","@id":"https:\/\/www.lichen.pl\/fr\/#\/schema\/person\/c06cd926b95870cc59f18d6ee6e33da5","name":"ROBERT ADAMCZYK","image":{"@type":"ImageObject","inLanguage":"de","@id":"https:\/\/secure.gravatar.com\/avatar\/53c330430596e73552f4c356c2e47c209ff8f6352a5106011c9b6abcce5e00df?s=96&d=retro&r=g","url":"https:\/\/secure.gravatar.com\/avatar\/53c330430596e73552f4c356c2e47c209ff8f6352a5106011c9b6abcce5e00df?s=96&d=retro&r=g","contentUrl":"https:\/\/secure.gravatar.com\/avatar\/53c330430596e73552f4c356c2e47c209ff8f6352a5106011c9b6abcce5e00df?s=96&d=retro&r=g","caption":"ROBERT ADAMCZYK"},"url":"https:\/\/www.lichen.pl\/de\/author\/press\/"}]}},"_links":{"self":[{"href":"https:\/\/www.lichen.pl\/de\/wp-json\/wp\/v2\/posts\/11895","targetHints":{"allow":["GET"]}}],"collection":[{"href":"https:\/\/www.lichen.pl\/de\/wp-json\/wp\/v2\/posts"}],"about":[{"href":"https:\/\/www.lichen.pl\/de\/wp-json\/wp\/v2\/types\/post"}],"author":[{"embeddable":true,"href":"https:\/\/www.lichen.pl\/de\/wp-json\/wp\/v2\/users\/4"}],"replies":[{"embeddable":true,"href":"https:\/\/www.lichen.pl\/de\/wp-json\/wp\/v2\/comments?post=11895"}],"version-history":[{"count":15,"href":"https:\/\/www.lichen.pl\/de\/wp-json\/wp\/v2\/posts\/11895\/revisions"}],"predecessor-version":[{"id":12003,"href":"https:\/\/www.lichen.pl\/de\/wp-json\/wp\/v2\/posts\/11895\/revisions\/12003"}],"wp:featuredmedia":[{"embeddable":true,"href":"https:\/\/www.lichen.pl\/de\/wp-json\/wp\/v2\/media\/11835"}],"wp:attachment":[{"href":"https:\/\/www.lichen.pl\/de\/wp-json\/wp\/v2\/media?parent=11895"}],"wp:term":[{"taxonomy":"category","embeddable":true,"href":"https:\/\/www.lichen.pl\/de\/wp-json\/wp\/v2\/categories?post=11895"},{"taxonomy":"post_tag","embeddable":true,"href":"https:\/\/www.lichen.pl\/de\/wp-json\/wp\/v2\/tags?post=11895"}],"curies":[{"name":"wp","href":"https:\/\/api.w.org\/{rel}","templated":true}]}}