{"id":14112,"date":"2018-11-19T12:31:51","date_gmt":"2018-11-19T12:31:51","guid":{"rendered":"http:\/\/www.lichen.pl\/?p=14112"},"modified":"2021-06-17T08:45:54","modified_gmt":"2021-06-17T08:45:54","slug":"ministranci-marianscy-w-licheniu","status":"publish","type":"post","link":"https:\/\/www.lichen.pl\/de\/ministranci-marianscy-w-licheniu\/","title":{"rendered":"Mariendiener in Liche\u0144"},"content":{"rendered":"<div data-elementor-type=\"wp-post\" data-elementor-id=\"14112\" class=\"elementor elementor-14112\" data-elementor-post-type=\"post\">\n\t\t\t\t\t\t<section class=\"elementor-section elementor-top-section elementor-element elementor-element-d21a8ac elementor-section-boxed elementor-section-height-default elementor-section-height-default\" data-id=\"d21a8ac\" data-element_type=\"section\" data-e-type=\"section\">\n\t\t\t\t\t\t<div class=\"elementor-container elementor-column-gap-default\">\n\t\t\t\t\t<div class=\"elementor-column elementor-col-100 elementor-top-column elementor-element elementor-element-0fb859e\" data-id=\"0fb859e\" data-element_type=\"column\" data-e-type=\"column\">\n\t\t\t<div class=\"elementor-widget-wrap elementor-element-populated\">\n\t\t\t\t\t\t<div class=\"elementor-element elementor-element-2d633fe elementor-widget elementor-widget-heading\" data-id=\"2d633fe\" data-element_type=\"widget\" data-e-type=\"widget\" data-widget_type=\"heading.default\">\n\t\t\t\t<div class=\"elementor-widget-container\">\n\t\t\t\t\t<h2 class=\"elementor-heading-title elementor-size-default\">Das 25. Jubil\u00e4umstreffen der Ministranten, das vom 16. bis 18. November in der Wallfahrtskirche Unserer Lieben Frau von Liche\u0144 stattfand, war eine Gelegenheit zur spirituellen Erneuerung sowie zur Vertiefung des Wissens und zur Integration in den Fitnesswettbewerb von fast 200 Jugendlichen aus 13 Mariengemeinden in Polen.<\/h2>\t\t\t\t<\/div>\n\t\t\t\t<\/div>\n\t\t\t\t<div class=\"elementor-element elementor-element-2d0fba1 elementor-widget elementor-widget-text-editor\" data-id=\"2d0fba1\" data-element_type=\"widget\" data-e-type=\"widget\" data-widget_type=\"text-editor.default\">\n\t\t\t\t<div class=\"elementor-widget-container\">\n\t\t\t\t\t\t\t\t\t<p>Das Thema des Treffens stand im Einklang mit dem Pastoraljahr \u201eErf\u00fcllt vom Heiligen Geist\u201c, in dessen Zusammenhang P. Am ersten Tag f\u00fchrte Tomasz Sad\u0142owski, MIC, die Ministranten in die geistliche Erfahrung des Konvents in Liche\u0144 ein, an diesem Tag gab es auch Gelegenheit zur Beichte des hl.<\/p><p>Am Samstagvormittag nahmen Ministranten an einem Wissensturnier f\u00fcr drei Altersklassen teil: Gruppe I \u2013 Grundschule bis Klasse VI \u2013 mit dem Schwerpunkt Leben des hl. Stanis\u0142aw Kostka, Gruppe II \u2013 Klassen VII-VIII der Grundschule und Mittelschule \u2013 konnte Kenntnisse von Fragmenten aus demonstrieren <em>Youcatu<\/em> \u00fcber den Heiligen Geist, w\u00e4hrend die dritte Gruppe aus der Oberstufe Fragen zu dem Fragment beantwortete. Katechismus der Katholischen Kirche, auch \u00fcber den Heiligen Geist. Die letzten beiden Gruppen nahmen mit Hilfe des Kahoot-Programms am Turnier teil, dank dem sie Fragen schnell und bequem auf ihrem Smartphone beantworten konnten. - Nach dem Wissensturnier konnten alle Ministranten mit freundlicher Genehmigung des Kurators des Heiligtums den Turm der Liche\u0144-Basilika betreten und ab 16 in der Turnhalle der Grundschule in Liche\u0144 konnten sie sich w\u00e4hrend eines Fitnessturniers in ca. 18 Kategorien messen - das waren unter anderem Seilspringen, Board (Vorderst\u00fctzen auf den Unterarmen), W\u00fcrfe zum Korb, Liegest\u00fctze oder Kniebeugen - informiert Fr. Rafa\u0142 Krauze, MIC, Jugend- und Berufungsseelsorger in der Kongregation der Marianischen Priester, Organisator des Treffens.<\/p><p>In diesem Jahr konnten erstmals alle Ministranten an dem Wettkampf - Wissens- oder Fitnessturnier teilnehmen, bisher konnten nur Gemeindevertreter, die an der Gesamtwertung der Gemeinde mitarbeiteten, an dem Spiel teilnehmen. - Es ist wichtig f\u00fcr uns, dass die neue Formel funktioniert hat, und die Ministranten haben sogar um eine Verl\u00e4ngerung des Fitnessturniers gebeten, ein gro\u00dfes Engagement war offensichtlich - sagte Fr. Krause. Den ersten Platz im diesj\u00e4hrigen Wettbewerb belegte die Gemeinde Rdzawka, die zweiten Pl\u00e4tze belegten die Gemeinden Liche\u0144, Marymont und SKKEC und den dritten Platz belegte die Gemeinde G\u00f3ra Kalwaria. Die Bekanntgabe der Ergebnisse war sehr feierlich \u2013 ein Ballon zum Jubil\u00e4um des Treffens ragte \u00fcber den Teilnehmern auf und Konfetti schoss in die Luft.<\/p><p>W\u00e4hrend der Wochenend-Exerzitien f\u00fcr Ministranten war viel Zeit zum Gebet. Am Samstag und Sonntag nahmen die Jugendlichen an der feierlichen Liturgie der Heiligen Messe teil, leisteten liturgische Assistenz, und die Priester, die mit ihren M\u00fcndeln kamen, predigten das Wort Gottes.<\/p><p>Ministranten aus Mariengemeinden treffen sich zweimal im Jahr \u2013 in Liche\u0144 und Sk\u00f3rc.<\/p>\t\t\t\t\t\t\t\t<\/div>\n\t\t\t\t<\/div>\n\t\t\t\t<div class=\"elementor-element elementor-element-763d498 elementor-widget-divider--view-line elementor-widget elementor-widget-divider\" data-id=\"763d498\" data-element_type=\"widget\" data-e-type=\"widget\" data-widget_type=\"divider.default\">\n\t\t\t\t<div class=\"elementor-widget-container\">\n\t\t\t\t\t\t\t<div class=\"elementor-divider\">\n\t\t\t<span class=\"elementor-divider-separator\">\n\t\t\t\t\t\t<\/span>\n\t\t<\/div>\n\t\t\t\t\t\t<\/div>\n\t\t\t\t<\/div>\n\t\t\t\t\t<\/div>\n\t\t<\/div>\n\t\t\t\t\t<\/div>\n\t\t<\/section>\n\t\t\t\t<\/div>","protected":false},"excerpt":{"rendered":"<p>Okazj\u0105 do odnowy duchowej, ale tak\u017ce pog\u0142\u0119bienia wiedzy i integracji w rywalizacji sprawno\u015bciowej blisko 200 m\u0142odych z 13 parafii maria\u0144skich z Polski by\u0142o 25. jubileuszowe spotkanie ministrant\u00f3w, kt\u00f3re odby\u0142o si\u0119 w dniach 16-18 listopada w Sanktuarium Matki Bo\u017cej Liche\u0144skiej. Temat spotkania by\u0142 zgodny z rokiem duszpasterskim \u201eNape\u0142nieni Duchem \u015awi\u0119tym\u201d, w zwi\u0105zku z nim ks. Tomasz [&hellip;]<\/p>\n","protected":false},"author":4,"featured_media":12663,"comment_status":"open","ping_status":"open","sticky":false,"template":"","format":"standard","meta":{"footnotes":""},"categories":[1],"tags":[],"class_list":["post-14112","post","type-post","status-publish","format-standard","has-post-thumbnail","hentry","category-aktualnosci","wpbf-post"],"yoast_head":"<!-- This site is optimized with the Yoast SEO plugin v27.4 - https:\/\/yoast.com\/product\/yoast-seo-wordpress\/ -->\n<title>Ministranci maria\u0144scy w Licheniu - SANKTUARIUM W LICHENIU<\/title>\n<meta name=\"robots\" content=\"index, follow, max-snippet:-1, max-image-preview:large, max-video-preview:-1\" \/>\n<link rel=\"canonical\" href=\"http:\/\/www.lichen.pl\/de\/ministranci-marianscy-w-licheniu\/\" \/>\n<meta property=\"og:locale\" content=\"de_DE\" \/>\n<meta property=\"og:type\" content=\"article\" \/>\n<meta property=\"og:title\" content=\"Ministranci maria\u0144scy w Licheniu - SANKTUARIUM W LICHENIU\" \/>\n<meta property=\"og:description\" content=\"Okazj\u0105 do odnowy duchowej, ale tak\u017ce pog\u0142\u0119bienia wiedzy i integracji w rywalizacji sprawno\u015bciowej blisko 200 m\u0142odych z 13 parafii maria\u0144skich z Polski by\u0142o 25. jubileuszowe spotkanie ministrant\u00f3w, kt\u00f3re odby\u0142o si\u0119 w dniach 16-18 listopada w Sanktuarium Matki Bo\u017cej Liche\u0144skiej. Temat spotkania by\u0142 zgodny z rokiem duszpasterskim \u201eNape\u0142nieni Duchem \u015awi\u0119tym\u201d, w zwi\u0105zku z nim ks. Tomasz [&hellip;]\" \/>\n<meta property=\"og:url\" content=\"http:\/\/www.lichen.pl\/de\/ministranci-marianscy-w-licheniu\/\" \/>\n<meta property=\"og:site_name\" content=\"SANKTUARIUM W LICHENIU\" \/>\n<meta property=\"article:published_time\" content=\"2018-11-19T12:31:51+00:00\" \/>\n<meta property=\"article:modified_time\" content=\"2021-06-17T08:45:54+00:00\" \/>\n<meta property=\"og:image\" content=\"http:\/\/www.lichen.pl\/wp-content\/uploads\/2021\/06\/bazylika-z-arki.jpg\" \/>\n\t<meta property=\"og:image:width\" content=\"600\" \/>\n\t<meta property=\"og:image:height\" content=\"450\" \/>\n\t<meta property=\"og:image:type\" content=\"image\/jpeg\" \/>\n<meta name=\"author\" content=\"ROBERT ADAMCZYK\" \/>\n<meta name=\"twitter:card\" content=\"summary_large_image\" \/>\n<meta name=\"twitter:label1\" content=\"Verfasst von\" \/>\n\t<meta name=\"twitter:data1\" content=\"ROBERT ADAMCZYK\" \/>\n\t<meta name=\"twitter:label2\" content=\"Gesch\u00e4tzte Lesezeit\" \/>\n\t<meta name=\"twitter:data2\" content=\"2\u00a0Minuten\" \/>\n<script type=\"application\/ld+json\" class=\"yoast-schema-graph\">{\"@context\":\"https:\\\/\\\/schema.org\",\"@graph\":[{\"@type\":\"Article\",\"@id\":\"http:\\\/\\\/www.lichen.pl\\\/ministranci-marianscy-w-licheniu\\\/#article\",\"isPartOf\":{\"@id\":\"http:\\\/\\\/www.lichen.pl\\\/ministranci-marianscy-w-licheniu\\\/\"},\"author\":{\"name\":\"ROBERT ADAMCZYK\",\"@id\":\"https:\\\/\\\/www.lichen.pl\\\/fr\\\/#\\\/schema\\\/person\\\/c06cd926b95870cc59f18d6ee6e33da5\"},\"headline\":\"Ministranci maria\u0144scy w Licheniu\",\"datePublished\":\"2018-11-19T12:31:51+00:00\",\"dateModified\":\"2021-06-17T08:45:54+00:00\",\"mainEntityOfPage\":{\"@id\":\"http:\\\/\\\/www.lichen.pl\\\/ministranci-marianscy-w-licheniu\\\/\"},\"wordCount\":459,\"commentCount\":0,\"image\":{\"@id\":\"http:\\\/\\\/www.lichen.pl\\\/ministranci-marianscy-w-licheniu\\\/#primaryimage\"},\"thumbnailUrl\":\"https:\\\/\\\/www.lichen.pl\\\/wp-content\\\/uploads\\\/2021\\\/06\\\/bazylika-z-arki.jpg\",\"articleSection\":[\"Aktualno\u015bci\"],\"inLanguage\":\"de\",\"potentialAction\":[{\"@type\":\"CommentAction\",\"name\":\"Comment\",\"target\":[\"http:\\\/\\\/www.lichen.pl\\\/ministranci-marianscy-w-licheniu\\\/#respond\"]}]},{\"@type\":\"WebPage\",\"@id\":\"http:\\\/\\\/www.lichen.pl\\\/ministranci-marianscy-w-licheniu\\\/\",\"url\":\"http:\\\/\\\/www.lichen.pl\\\/ministranci-marianscy-w-licheniu\\\/\",\"name\":\"Ministranci maria\u0144scy w Licheniu - SANKTUARIUM W LICHENIU\",\"isPartOf\":{\"@id\":\"https:\\\/\\\/www.lichen.pl\\\/fr\\\/#website\"},\"primaryImageOfPage\":{\"@id\":\"http:\\\/\\\/www.lichen.pl\\\/ministranci-marianscy-w-licheniu\\\/#primaryimage\"},\"image\":{\"@id\":\"http:\\\/\\\/www.lichen.pl\\\/ministranci-marianscy-w-licheniu\\\/#primaryimage\"},\"thumbnailUrl\":\"https:\\\/\\\/www.lichen.pl\\\/wp-content\\\/uploads\\\/2021\\\/06\\\/bazylika-z-arki.jpg\",\"datePublished\":\"2018-11-19T12:31:51+00:00\",\"dateModified\":\"2021-06-17T08:45:54+00:00\",\"author\":{\"@id\":\"https:\\\/\\\/www.lichen.pl\\\/fr\\\/#\\\/schema\\\/person\\\/c06cd926b95870cc59f18d6ee6e33da5\"},\"breadcrumb\":{\"@id\":\"http:\\\/\\\/www.lichen.pl\\\/ministranci-marianscy-w-licheniu\\\/#breadcrumb\"},\"inLanguage\":\"de\",\"potentialAction\":[{\"@type\":\"ReadAction\",\"target\":[\"http:\\\/\\\/www.lichen.pl\\\/ministranci-marianscy-w-licheniu\\\/\"]}]},{\"@type\":\"ImageObject\",\"inLanguage\":\"de\",\"@id\":\"http:\\\/\\\/www.lichen.pl\\\/ministranci-marianscy-w-licheniu\\\/#primaryimage\",\"url\":\"https:\\\/\\\/www.lichen.pl\\\/wp-content\\\/uploads\\\/2021\\\/06\\\/bazylika-z-arki.jpg\",\"contentUrl\":\"https:\\\/\\\/www.lichen.pl\\\/wp-content\\\/uploads\\\/2021\\\/06\\\/bazylika-z-arki.jpg\",\"width\":600,\"height\":450},{\"@type\":\"BreadcrumbList\",\"@id\":\"http:\\\/\\\/www.lichen.pl\\\/ministranci-marianscy-w-licheniu\\\/#breadcrumb\",\"itemListElement\":[{\"@type\":\"ListItem\",\"position\":1,\"name\":\"Strona g\u0142\u00f3wna\",\"item\":\"https:\\\/\\\/www.lichen.pl\\\/\"},{\"@type\":\"ListItem\",\"position\":2,\"name\":\"Ministranci maria\u0144scy w Licheniu\"}]},{\"@type\":\"WebSite\",\"@id\":\"https:\\\/\\\/www.lichen.pl\\\/fr\\\/#website\",\"url\":\"https:\\\/\\\/www.lichen.pl\\\/fr\\\/\",\"name\":\"SANKTUARIUM W LICHENIU\",\"description\":\"MATKI BO\u017bEJ LICHE\u0143SKIEJ BOLESNEJ KR\u00d3LOWEJ POLSKI\",\"potentialAction\":[{\"@type\":\"SearchAction\",\"target\":{\"@type\":\"EntryPoint\",\"urlTemplate\":\"https:\\\/\\\/www.lichen.pl\\\/fr\\\/?s={search_term_string}\"},\"query-input\":{\"@type\":\"PropertyValueSpecification\",\"valueRequired\":true,\"valueName\":\"search_term_string\"}}],\"inLanguage\":\"de\"},{\"@type\":\"Person\",\"@id\":\"https:\\\/\\\/www.lichen.pl\\\/fr\\\/#\\\/schema\\\/person\\\/c06cd926b95870cc59f18d6ee6e33da5\",\"name\":\"ROBERT ADAMCZYK\",\"image\":{\"@type\":\"ImageObject\",\"inLanguage\":\"de\",\"@id\":\"https:\\\/\\\/secure.gravatar.com\\\/avatar\\\/53c330430596e73552f4c356c2e47c209ff8f6352a5106011c9b6abcce5e00df?s=96&d=retro&r=g\",\"url\":\"https:\\\/\\\/secure.gravatar.com\\\/avatar\\\/53c330430596e73552f4c356c2e47c209ff8f6352a5106011c9b6abcce5e00df?s=96&d=retro&r=g\",\"contentUrl\":\"https:\\\/\\\/secure.gravatar.com\\\/avatar\\\/53c330430596e73552f4c356c2e47c209ff8f6352a5106011c9b6abcce5e00df?s=96&d=retro&r=g\",\"caption\":\"ROBERT ADAMCZYK\"},\"url\":\"https:\\\/\\\/www.lichen.pl\\\/de\\\/author\\\/press\\\/\"}]}<\/script>\n<!-- \/ Yoast SEO plugin. -->","yoast_head_json":{"title":"Ministranci maria\u0144scy w Licheniu - SANKTUARIUM W LICHENIU","robots":{"index":"index","follow":"follow","max-snippet":"max-snippet:-1","max-image-preview":"max-image-preview:large","max-video-preview":"max-video-preview:-1"},"canonical":"http:\/\/www.lichen.pl\/de\/ministranci-marianscy-w-licheniu\/","og_locale":"de_DE","og_type":"article","og_title":"Ministranci maria\u0144scy w Licheniu - SANKTUARIUM W LICHENIU","og_description":"Okazj\u0105 do odnowy duchowej, ale tak\u017ce pog\u0142\u0119bienia wiedzy i integracji w rywalizacji sprawno\u015bciowej blisko 200 m\u0142odych z 13 parafii maria\u0144skich z Polski by\u0142o 25. jubileuszowe spotkanie ministrant\u00f3w, kt\u00f3re odby\u0142o si\u0119 w dniach 16-18 listopada w Sanktuarium Matki Bo\u017cej Liche\u0144skiej. Temat spotkania by\u0142 zgodny z rokiem duszpasterskim \u201eNape\u0142nieni Duchem \u015awi\u0119tym\u201d, w zwi\u0105zku z nim ks. Tomasz [&hellip;]","og_url":"http:\/\/www.lichen.pl\/de\/ministranci-marianscy-w-licheniu\/","og_site_name":"SANKTUARIUM W LICHENIU","article_published_time":"2018-11-19T12:31:51+00:00","article_modified_time":"2021-06-17T08:45:54+00:00","og_image":[{"width":600,"height":450,"url":"http:\/\/www.lichen.pl\/wp-content\/uploads\/2021\/06\/bazylika-z-arki.jpg","type":"image\/jpeg"}],"author":"ROBERT ADAMCZYK","twitter_card":"summary_large_image","twitter_misc":{"Verfasst von":"ROBERT ADAMCZYK","Gesch\u00e4tzte Lesezeit":"2\u00a0Minuten"},"schema":{"@context":"https:\/\/schema.org","@graph":[{"@type":"Article","@id":"http:\/\/www.lichen.pl\/ministranci-marianscy-w-licheniu\/#article","isPartOf":{"@id":"http:\/\/www.lichen.pl\/ministranci-marianscy-w-licheniu\/"},"author":{"name":"ROBERT ADAMCZYK","@id":"https:\/\/www.lichen.pl\/fr\/#\/schema\/person\/c06cd926b95870cc59f18d6ee6e33da5"},"headline":"Ministranci maria\u0144scy w Licheniu","datePublished":"2018-11-19T12:31:51+00:00","dateModified":"2021-06-17T08:45:54+00:00","mainEntityOfPage":{"@id":"http:\/\/www.lichen.pl\/ministranci-marianscy-w-licheniu\/"},"wordCount":459,"commentCount":0,"image":{"@id":"http:\/\/www.lichen.pl\/ministranci-marianscy-w-licheniu\/#primaryimage"},"thumbnailUrl":"https:\/\/www.lichen.pl\/wp-content\/uploads\/2021\/06\/bazylika-z-arki.jpg","articleSection":["Aktualno\u015bci"],"inLanguage":"de","potentialAction":[{"@type":"CommentAction","name":"Comment","target":["http:\/\/www.lichen.pl\/ministranci-marianscy-w-licheniu\/#respond"]}]},{"@type":"WebPage","@id":"http:\/\/www.lichen.pl\/ministranci-marianscy-w-licheniu\/","url":"http:\/\/www.lichen.pl\/ministranci-marianscy-w-licheniu\/","name":"Ministranci maria\u0144scy w Licheniu - SANKTUARIUM W LICHENIU","isPartOf":{"@id":"https:\/\/www.lichen.pl\/fr\/#website"},"primaryImageOfPage":{"@id":"http:\/\/www.lichen.pl\/ministranci-marianscy-w-licheniu\/#primaryimage"},"image":{"@id":"http:\/\/www.lichen.pl\/ministranci-marianscy-w-licheniu\/#primaryimage"},"thumbnailUrl":"https:\/\/www.lichen.pl\/wp-content\/uploads\/2021\/06\/bazylika-z-arki.jpg","datePublished":"2018-11-19T12:31:51+00:00","dateModified":"2021-06-17T08:45:54+00:00","author":{"@id":"https:\/\/www.lichen.pl\/fr\/#\/schema\/person\/c06cd926b95870cc59f18d6ee6e33da5"},"breadcrumb":{"@id":"http:\/\/www.lichen.pl\/ministranci-marianscy-w-licheniu\/#breadcrumb"},"inLanguage":"de","potentialAction":[{"@type":"ReadAction","target":["http:\/\/www.lichen.pl\/ministranci-marianscy-w-licheniu\/"]}]},{"@type":"ImageObject","inLanguage":"de","@id":"http:\/\/www.lichen.pl\/ministranci-marianscy-w-licheniu\/#primaryimage","url":"https:\/\/www.lichen.pl\/wp-content\/uploads\/2021\/06\/bazylika-z-arki.jpg","contentUrl":"https:\/\/www.lichen.pl\/wp-content\/uploads\/2021\/06\/bazylika-z-arki.jpg","width":600,"height":450},{"@type":"BreadcrumbList","@id":"http:\/\/www.lichen.pl\/ministranci-marianscy-w-licheniu\/#breadcrumb","itemListElement":[{"@type":"ListItem","position":1,"name":"Strona g\u0142\u00f3wna","item":"https:\/\/www.lichen.pl\/"},{"@type":"ListItem","position":2,"name":"Ministranci maria\u0144scy w Licheniu"}]},{"@type":"WebSite","@id":"https:\/\/www.lichen.pl\/fr\/#website","url":"https:\/\/www.lichen.pl\/fr\/","name":"HEILIGTUM IN LICHENIEN","description":"DIE TRAURIGE K\u00d6NIGIN UNSERER FLECHEN VON POLEN","potentialAction":[{"@type":"SearchAction","target":{"@type":"EntryPoint","urlTemplate":"https:\/\/www.lichen.pl\/fr\/?s={search_term_string}"},"query-input":{"@type":"PropertyValueSpecification","valueRequired":true,"valueName":"search_term_string"}}],"inLanguage":"de"},{"@type":"Person","@id":"https:\/\/www.lichen.pl\/fr\/#\/schema\/person\/c06cd926b95870cc59f18d6ee6e33da5","name":"ROBERT ADAMCZYK","image":{"@type":"ImageObject","inLanguage":"de","@id":"https:\/\/secure.gravatar.com\/avatar\/53c330430596e73552f4c356c2e47c209ff8f6352a5106011c9b6abcce5e00df?s=96&d=retro&r=g","url":"https:\/\/secure.gravatar.com\/avatar\/53c330430596e73552f4c356c2e47c209ff8f6352a5106011c9b6abcce5e00df?s=96&d=retro&r=g","contentUrl":"https:\/\/secure.gravatar.com\/avatar\/53c330430596e73552f4c356c2e47c209ff8f6352a5106011c9b6abcce5e00df?s=96&d=retro&r=g","caption":"ROBERT ADAMCZYK"},"url":"https:\/\/www.lichen.pl\/de\/author\/press\/"}]}},"_links":{"self":[{"href":"https:\/\/www.lichen.pl\/de\/wp-json\/wp\/v2\/posts\/14112","targetHints":{"allow":["GET"]}}],"collection":[{"href":"https:\/\/www.lichen.pl\/de\/wp-json\/wp\/v2\/posts"}],"about":[{"href":"https:\/\/www.lichen.pl\/de\/wp-json\/wp\/v2\/types\/post"}],"author":[{"embeddable":true,"href":"https:\/\/www.lichen.pl\/de\/wp-json\/wp\/v2\/users\/4"}],"replies":[{"embeddable":true,"href":"https:\/\/www.lichen.pl\/de\/wp-json\/wp\/v2\/comments?post=14112"}],"version-history":[{"count":8,"href":"https:\/\/www.lichen.pl\/de\/wp-json\/wp\/v2\/posts\/14112\/revisions"}],"predecessor-version":[{"id":14230,"href":"https:\/\/www.lichen.pl\/de\/wp-json\/wp\/v2\/posts\/14112\/revisions\/14230"}],"wp:featuredmedia":[{"embeddable":true,"href":"https:\/\/www.lichen.pl\/de\/wp-json\/wp\/v2\/media\/12663"}],"wp:attachment":[{"href":"https:\/\/www.lichen.pl\/de\/wp-json\/wp\/v2\/media?parent=14112"}],"wp:term":[{"taxonomy":"category","embeddable":true,"href":"https:\/\/www.lichen.pl\/de\/wp-json\/wp\/v2\/categories?post=14112"},{"taxonomy":"post_tag","embeddable":true,"href":"https:\/\/www.lichen.pl\/de\/wp-json\/wp\/v2\/tags?post=14112"}],"curies":[{"name":"wp","href":"https:\/\/api.w.org\/{rel}","templated":true}]}}