{"id":14489,"date":"2019-02-07T21:50:14","date_gmt":"2019-02-07T21:50:14","guid":{"rendered":"http:\/\/www.lichen.pl\/?p=14489"},"modified":"2021-06-20T12:19:38","modified_gmt":"2021-06-20T12:19:38","slug":"wspomnienie-sw-doroty","status":"publish","type":"post","link":"https:\/\/www.lichen.pl\/de\/wspomnienie-sw-doroty\/","title":{"rendered":"Die Erinnerung an St. Dorothee"},"content":{"rendered":"<div data-elementor-type=\"wp-post\" data-elementor-id=\"14489\" class=\"elementor elementor-14489\" data-elementor-post-type=\"post\">\n\t\t\t\t\t\t<section class=\"elementor-section elementor-top-section elementor-element elementor-element-48384f8 elementor-section-boxed elementor-section-height-default elementor-section-height-default\" data-id=\"48384f8\" data-element_type=\"section\" data-e-type=\"section\">\n\t\t\t\t\t\t<div class=\"elementor-container elementor-column-gap-default\">\n\t\t\t\t\t<div class=\"elementor-column elementor-col-100 elementor-top-column elementor-element elementor-element-db1ca7e\" data-id=\"db1ca7e\" data-element_type=\"column\" data-e-type=\"column\">\n\t\t\t<div class=\"elementor-widget-wrap elementor-element-populated\">\n\t\t\t\t\t\t<div class=\"elementor-element elementor-element-7e2eb1d elementor-widget elementor-widget-heading\" data-id=\"7e2eb1d\" data-element_type=\"widget\" data-e-type=\"widget\" data-widget_type=\"heading.default\">\n\t\t\t\t<div class=\"elementor-widget-container\">\n\t\t\t\t\t<h2 class=\"elementor-heading-title elementor-size-default\">W\u00e4hrend der heiligen Messe beteten die Gemeindemitglieder von Liche\u0144, die Priester des Ordenshauses der Kongregation der Marienpatres und die Priester der Dekanate von Konin gemeinsam. in der Pfarrkirche in Liche\u0144, am Gedenktag des hl. Dorothy, Jungfrau und M\u00e4rtyrerin, Schutzpatronin des Tempels (02\/06). \n\n<\/h2>\t\t\t\t<\/div>\n\t\t\t\t<\/div>\n\t\t\t\t<div class=\"elementor-element elementor-element-2cb1351 elementor-widget elementor-widget-text-editor\" data-id=\"2cb1351\" data-element_type=\"widget\" data-e-type=\"widget\" data-widget_type=\"text-editor.default\">\n\t\t\t\t<div class=\"elementor-widget-container\">\n\t\t\t\t\t\t\t\t\t<p>Feierliche Ablasssumme bei 17.00 Uhr unter dem Vorsitz von Fr. Dariusz Hirsch, MIC, Bewohner des Ordenshauses der Priester und Br\u00fcder in Liche\u0144. Die Heilige Eucharistie wurde unter anderem konzelebriert Fr. Bogus\u0142aw Binda, MIC, Oberer der Gemeinschaft, Fr. Janusz Kumala, MIC, der Kurator des Flechtenheiligtums, und P. Henryk Kulik, MIC, Pfarrer der Gemeinde Liche\u0144.<\/p><p>In einem Wort an die Gl\u00e4ubigen, P. Hirsch wies darauf hin, dass St. Dorothy lehrt uns heute, bei Gott zu bleiben. - \u201eSie hatte eine wundervolle Zeit, in der sie sich Jesus hingab. Es war in heiligmachender Gnade, d.h. <em>die Parasiten der Ungerechtigkeit sind geistlich nicht ausgetrocknet<\/em>\u201c, sagte der Priester.<\/p>\t\t\t\t\t\t\t\t<\/div>\n\t\t\t\t<\/div>\n\t\t\t\t<section class=\"elementor-section elementor-inner-section elementor-element elementor-element-a09b09e elementor-section-boxed elementor-section-height-default elementor-section-height-default\" data-id=\"a09b09e\" data-element_type=\"section\" data-e-type=\"section\">\n\t\t\t\t\t\t<div class=\"elementor-container elementor-column-gap-default\">\n\t\t\t\t\t<div class=\"elementor-column elementor-col-50 elementor-inner-column elementor-element elementor-element-d5fd7cb\" data-id=\"d5fd7cb\" data-element_type=\"column\" data-e-type=\"column\">\n\t\t\t<div class=\"elementor-widget-wrap elementor-element-populated\">\n\t\t\t\t\t\t<div class=\"elementor-element elementor-element-5501f7d elementor-widget elementor-widget-image\" data-id=\"5501f7d\" data-element_type=\"widget\" data-e-type=\"widget\" data-widget_type=\"image.default\">\n\t\t\t\t<div class=\"elementor-widget-container\">\n\t\t\t\t\t\t\t\t\t\t\t\t\t\t\t<img fetchpriority=\"high\" decoding=\"async\" width=\"768\" height=\"512\" src=\"https:\/\/www.lichen.pl\/wp-content\/uploads\/2021\/06\/IMG_8793-768x512.jpg\" class=\"attachment-medium_large size-medium_large wp-image-14419\" alt=\"\" srcset=\"https:\/\/www.lichen.pl\/wp-content\/uploads\/2021\/06\/IMG_8793-768x512.jpg 768w, https:\/\/www.lichen.pl\/wp-content\/uploads\/2021\/06\/IMG_8793-800x533.jpg 800w, https:\/\/www.lichen.pl\/wp-content\/uploads\/2021\/06\/IMG_8793-300x200.jpg 300w, https:\/\/www.lichen.pl\/wp-content\/uploads\/2021\/06\/IMG_8793-1024x683.jpg 1024w, https:\/\/www.lichen.pl\/wp-content\/uploads\/2021\/06\/IMG_8793.jpg 1152w\" sizes=\"(max-width: 768px) 100vw, 768px\" \/>\t\t\t\t\t\t\t\t\t\t\t\t\t\t\t<\/div>\n\t\t\t\t<\/div>\n\t\t\t\t\t<\/div>\n\t\t<\/div>\n\t\t\t\t<div class=\"elementor-column elementor-col-50 elementor-inner-column elementor-element elementor-element-6170b62\" data-id=\"6170b62\" data-element_type=\"column\" data-e-type=\"column\">\n\t\t\t<div class=\"elementor-widget-wrap elementor-element-populated\">\n\t\t\t\t\t\t<div class=\"elementor-element elementor-element-f479416 elementor-blockquote--skin-border elementor-widget elementor-widget-blockquote\" data-id=\"f479416\" data-element_type=\"widget\" data-e-type=\"widget\" data-widget_type=\"blockquote.default\">\n\t\t\t\t<div class=\"elementor-widget-container\">\n\t\t\t\t\t\t\t<blockquote class=\"elementor-blockquote\">\n\t\t\t<p class=\"elementor-blockquote__content\">\n\t\t\t\tEs gibt Phasen im Leben, in denen Sie am Kreuz haften m\u00fcssen; man sollte bei Jesus sein als St. Dorothee. Alles zwischen Jesus und mir muss gut beleuchtet sein. Dann wird die Frucht gut sein. St. Dorothee. Sie ist diejenige, die heute \u00fcber uns pr\u00e4sidiert\n\t\t\t<\/p>\n\t\t\t\t\t\t\t<div class=\"e-q-footer\">\n\t\t\t\t\t\t\t\t\t\t\t<cite class=\"elementor-blockquote__author\">Fr. Dariusz Hirsch, MIC<\/cite>\n\t\t\t\t\t\t\t\t\t\t\t\t\t\t<\/div>\n\t\t\t\t\t<\/blockquote>\n\t\t\t\t\t\t<\/div>\n\t\t\t\t<\/div>\n\t\t\t\t\t<\/div>\n\t\t<\/div>\n\t\t\t\t\t<\/div>\n\t\t<\/section>\n\t\t\t\t<div class=\"elementor-element elementor-element-83fd771 elementor-widget elementor-widget-text-editor\" data-id=\"83fd771\" data-element_type=\"widget\" data-e-type=\"widget\" data-widget_type=\"text-editor.default\">\n\t\t\t\t<div class=\"elementor-widget-container\">\n\t\t\t\t\t\t\t\t\t<p>Der Priester ermutigte auch, dass w\u00e4hrend der Litanei zu St. Dorothy rezitierte vor dem Ende der Eucharistie, alle Anwesenden im Tempel beteten f\u00fcr die drei auserw\u00e4hlten Frauen und drei M\u00e4nner.\u00a0<\/p><p>Gekr\u00f6nt wurde das gemeinsame Gebet mit dem feierlichen Singen des TeDeum und dem Schlusssegen des Priesters mit dem Allerheiligsten Sakrament. Beim Verlassen des Tempels konnten die Gl\u00e4ubigen \u00c4pfel aus K\u00f6rben im Presbyterium mit nach Hause nehmen, denn diese Fr\u00fcchte symbolisieren den Hl. Dorothee.<\/p><p>F\u00fcr die musikalische Umrahmung der Liturgie sorgte der Pfarrchor \u201eVirtus Dei\u201c unter der Leitung von Herrn Czes\u0142aw Fija\u0142kowski.<\/p><p>Nach der \u00dcberlieferung von St. Dorota stammte aus C\u00e4sarea Kappadokien (heutige T\u00fcrkei). Ihr griechischer Name \u201eDorothy\u201c bedeutet \u201eGeschenk Gottes\u201c. St. Dorothy, Jungfrau und M\u00e4rtyrerin, wird in der Kirche ihres Namens in Rom auf Trastevere gefunden. Liturgische Feier zu Ehren des hl. Dorothy ist am 6. Februar.<\/p><p>Die heilige Dorota ist die Schutzpatronin der Botaniker, Bergleute, G\u00e4rtner, Floristen, Brauer, Hebammen, jungen Paare und M\u00fctter. In der christlichen Ikonographie wird sie als junge Frau in k\u00f6niglicher Kleidung dargestellt, mit einem Diadem oder einer Krone auf dem Kopf und Attributen: einer Rosenbl\u00fcte oder einem Blumenstrau\u00df, einem Kranz oder Strauch, der zu ihren F\u00fc\u00dfen w\u00e4chst, und einem Korb mit Fr\u00fcchten und Blumen .<\/p>\t\t\t\t\t\t\t\t<\/div>\n\t\t\t\t<\/div>\n\t\t\t\t\t<\/div>\n\t\t<\/div>\n\t\t\t\t\t<\/div>\n\t\t<\/section>\n\t\t\t\t<\/div>","protected":false},"excerpt":{"rendered":"<p>Liche\u0144scy parafianie, ksi\u0119\u017ca z domu zakonnego Zgromadzenia Ksi\u0119zy Marian\u00f3w oraz kap\u0142ani z koni\u0144skich dekanat\u00f3w modlili si\u0119 wsp\u00f3lnie podczas Mszy \u015bw. w ko\u015bciele parafialnym w Licheniu, w dniu wspomnienia \u015bw. Doroty, dziewicy i m\u0119czennicy, patronki \u015bwi\u0105tyni (06.02). Uroczystej sumie odpustowej o godz. 17.00 przewodniczy\u0142 ks. Dariusz Hirsch MIC, rezydent domu zakonnego ksi\u0119\u017cy i braci marian\u00f3w w [&hellip;]<\/p>\n","protected":false},"author":4,"featured_media":14658,"comment_status":"open","ping_status":"open","sticky":false,"template":"","format":"standard","meta":{"footnotes":""},"categories":[1],"tags":[],"class_list":["post-14489","post","type-post","status-publish","format-standard","has-post-thumbnail","hentry","category-aktualnosci","wpbf-post"],"yoast_head":"<!-- This site is optimized with the Yoast SEO plugin v27.4 - https:\/\/yoast.com\/product\/yoast-seo-wordpress\/ -->\n<title>Wspomnienie \u015bw. Doroty - SANKTUARIUM W LICHENIU<\/title>\n<meta name=\"robots\" content=\"index, follow, max-snippet:-1, max-image-preview:large, max-video-preview:-1\" \/>\n<link rel=\"canonical\" href=\"https:\/\/www.lichen.pl\/de\/wspomnienie-sw-doroty\/\" \/>\n<meta property=\"og:locale\" content=\"de_DE\" \/>\n<meta property=\"og:type\" content=\"article\" \/>\n<meta property=\"og:title\" content=\"Wspomnienie \u015bw. Doroty - SANKTUARIUM W LICHENIU\" \/>\n<meta property=\"og:description\" content=\"Liche\u0144scy parafianie, ksi\u0119\u017ca z domu zakonnego Zgromadzenia Ksi\u0119zy Marian\u00f3w oraz kap\u0142ani z koni\u0144skich dekanat\u00f3w modlili si\u0119 wsp\u00f3lnie podczas Mszy \u015bw. w ko\u015bciele parafialnym w Licheniu, w dniu wspomnienia \u015bw. Doroty, dziewicy i m\u0119czennicy, patronki \u015bwi\u0105tyni (06.02). Uroczystej sumie odpustowej o godz. 17.00 przewodniczy\u0142 ks. Dariusz Hirsch MIC, rezydent domu zakonnego ksi\u0119\u017cy i braci marian\u00f3w w [&hellip;]\" \/>\n<meta property=\"og:url\" content=\"https:\/\/www.lichen.pl\/de\/wspomnienie-sw-doroty\/\" \/>\n<meta property=\"og:site_name\" content=\"SANKTUARIUM W LICHENIU\" \/>\n<meta property=\"article:published_time\" content=\"2019-02-07T21:50:14+00:00\" \/>\n<meta property=\"article:modified_time\" content=\"2021-06-20T12:19:38+00:00\" \/>\n<meta property=\"og:image\" content=\"https:\/\/www.lichen.pl\/wp-content\/uploads\/2019\/02\/Kadr-Sw.-Dorota.jpg\" \/>\n\t<meta property=\"og:image:width\" content=\"249\" \/>\n\t<meta property=\"og:image:height\" content=\"216\" \/>\n\t<meta property=\"og:image:type\" content=\"image\/jpeg\" \/>\n<meta name=\"author\" content=\"ROBERT ADAMCZYK\" \/>\n<meta name=\"twitter:card\" content=\"summary_large_image\" \/>\n<meta name=\"twitter:label1\" content=\"Verfasst von\" \/>\n\t<meta name=\"twitter:data1\" content=\"ROBERT ADAMCZYK\" \/>\n\t<meta name=\"twitter:label2\" content=\"Gesch\u00e4tzte Lesezeit\" \/>\n\t<meta name=\"twitter:data2\" content=\"2\u00a0Minuten\" \/>\n<script type=\"application\/ld+json\" class=\"yoast-schema-graph\">{\"@context\":\"https:\\\/\\\/schema.org\",\"@graph\":[{\"@type\":\"Article\",\"@id\":\"https:\\\/\\\/www.lichen.pl\\\/en\\\/wspomnienie-sw-doroty\\\/#article\",\"isPartOf\":{\"@id\":\"https:\\\/\\\/www.lichen.pl\\\/en\\\/wspomnienie-sw-doroty\\\/\"},\"author\":{\"name\":\"ROBERT ADAMCZYK\",\"@id\":\"https:\\\/\\\/www.lichen.pl\\\/fr\\\/#\\\/schema\\\/person\\\/c06cd926b95870cc59f18d6ee6e33da5\"},\"headline\":\"Wspomnienie \u015bw. Doroty\",\"datePublished\":\"2019-02-07T21:50:14+00:00\",\"dateModified\":\"2021-06-20T12:19:38+00:00\",\"mainEntityOfPage\":{\"@id\":\"https:\\\/\\\/www.lichen.pl\\\/en\\\/wspomnienie-sw-doroty\\\/\"},\"wordCount\":442,\"commentCount\":0,\"image\":{\"@id\":\"https:\\\/\\\/www.lichen.pl\\\/en\\\/wspomnienie-sw-doroty\\\/#primaryimage\"},\"thumbnailUrl\":\"https:\\\/\\\/www.lichen.pl\\\/wp-content\\\/uploads\\\/2019\\\/02\\\/Kadr-Sw.-Dorota.jpg\",\"articleSection\":[\"Aktualno\u015bci\"],\"inLanguage\":\"de\",\"potentialAction\":[{\"@type\":\"CommentAction\",\"name\":\"Comment\",\"target\":[\"https:\\\/\\\/www.lichen.pl\\\/en\\\/wspomnienie-sw-doroty\\\/#respond\"]}]},{\"@type\":\"WebPage\",\"@id\":\"https:\\\/\\\/www.lichen.pl\\\/en\\\/wspomnienie-sw-doroty\\\/\",\"url\":\"https:\\\/\\\/www.lichen.pl\\\/en\\\/wspomnienie-sw-doroty\\\/\",\"name\":\"Wspomnienie \u015bw. Doroty - SANKTUARIUM W LICHENIU\",\"isPartOf\":{\"@id\":\"https:\\\/\\\/www.lichen.pl\\\/fr\\\/#website\"},\"primaryImageOfPage\":{\"@id\":\"https:\\\/\\\/www.lichen.pl\\\/en\\\/wspomnienie-sw-doroty\\\/#primaryimage\"},\"image\":{\"@id\":\"https:\\\/\\\/www.lichen.pl\\\/en\\\/wspomnienie-sw-doroty\\\/#primaryimage\"},\"thumbnailUrl\":\"https:\\\/\\\/www.lichen.pl\\\/wp-content\\\/uploads\\\/2019\\\/02\\\/Kadr-Sw.-Dorota.jpg\",\"datePublished\":\"2019-02-07T21:50:14+00:00\",\"dateModified\":\"2021-06-20T12:19:38+00:00\",\"author\":{\"@id\":\"https:\\\/\\\/www.lichen.pl\\\/fr\\\/#\\\/schema\\\/person\\\/c06cd926b95870cc59f18d6ee6e33da5\"},\"breadcrumb\":{\"@id\":\"https:\\\/\\\/www.lichen.pl\\\/en\\\/wspomnienie-sw-doroty\\\/#breadcrumb\"},\"inLanguage\":\"de\",\"potentialAction\":[{\"@type\":\"ReadAction\",\"target\":[\"https:\\\/\\\/www.lichen.pl\\\/en\\\/wspomnienie-sw-doroty\\\/\"]}]},{\"@type\":\"ImageObject\",\"inLanguage\":\"de\",\"@id\":\"https:\\\/\\\/www.lichen.pl\\\/en\\\/wspomnienie-sw-doroty\\\/#primaryimage\",\"url\":\"https:\\\/\\\/www.lichen.pl\\\/wp-content\\\/uploads\\\/2019\\\/02\\\/Kadr-Sw.-Dorota.jpg\",\"contentUrl\":\"https:\\\/\\\/www.lichen.pl\\\/wp-content\\\/uploads\\\/2019\\\/02\\\/Kadr-Sw.-Dorota.jpg\",\"width\":249,\"height\":216},{\"@type\":\"BreadcrumbList\",\"@id\":\"https:\\\/\\\/www.lichen.pl\\\/en\\\/wspomnienie-sw-doroty\\\/#breadcrumb\",\"itemListElement\":[{\"@type\":\"ListItem\",\"position\":1,\"name\":\"Strona g\u0142\u00f3wna\",\"item\":\"https:\\\/\\\/www.lichen.pl\\\/\"},{\"@type\":\"ListItem\",\"position\":2,\"name\":\"Wspomnienie \u015bw. Doroty\"}]},{\"@type\":\"WebSite\",\"@id\":\"https:\\\/\\\/www.lichen.pl\\\/fr\\\/#website\",\"url\":\"https:\\\/\\\/www.lichen.pl\\\/fr\\\/\",\"name\":\"SANKTUARIUM W LICHENIU\",\"description\":\"MATKI BO\u017bEJ LICHE\u0143SKIEJ BOLESNEJ KR\u00d3LOWEJ POLSKI\",\"potentialAction\":[{\"@type\":\"SearchAction\",\"target\":{\"@type\":\"EntryPoint\",\"urlTemplate\":\"https:\\\/\\\/www.lichen.pl\\\/fr\\\/?s={search_term_string}\"},\"query-input\":{\"@type\":\"PropertyValueSpecification\",\"valueRequired\":true,\"valueName\":\"search_term_string\"}}],\"inLanguage\":\"de\"},{\"@type\":\"Person\",\"@id\":\"https:\\\/\\\/www.lichen.pl\\\/fr\\\/#\\\/schema\\\/person\\\/c06cd926b95870cc59f18d6ee6e33da5\",\"name\":\"ROBERT ADAMCZYK\",\"image\":{\"@type\":\"ImageObject\",\"inLanguage\":\"de\",\"@id\":\"https:\\\/\\\/secure.gravatar.com\\\/avatar\\\/53c330430596e73552f4c356c2e47c209ff8f6352a5106011c9b6abcce5e00df?s=96&d=retro&r=g\",\"url\":\"https:\\\/\\\/secure.gravatar.com\\\/avatar\\\/53c330430596e73552f4c356c2e47c209ff8f6352a5106011c9b6abcce5e00df?s=96&d=retro&r=g\",\"contentUrl\":\"https:\\\/\\\/secure.gravatar.com\\\/avatar\\\/53c330430596e73552f4c356c2e47c209ff8f6352a5106011c9b6abcce5e00df?s=96&d=retro&r=g\",\"caption\":\"ROBERT ADAMCZYK\"},\"url\":\"https:\\\/\\\/www.lichen.pl\\\/de\\\/author\\\/press\\\/\"}]}<\/script>\n<!-- \/ Yoast SEO plugin. -->","yoast_head_json":{"title":"Wspomnienie \u015bw. Doroty - SANKTUARIUM W LICHENIU","robots":{"index":"index","follow":"follow","max-snippet":"max-snippet:-1","max-image-preview":"max-image-preview:large","max-video-preview":"max-video-preview:-1"},"canonical":"https:\/\/www.lichen.pl\/de\/wspomnienie-sw-doroty\/","og_locale":"de_DE","og_type":"article","og_title":"Wspomnienie \u015bw. Doroty - SANKTUARIUM W LICHENIU","og_description":"Liche\u0144scy parafianie, ksi\u0119\u017ca z domu zakonnego Zgromadzenia Ksi\u0119zy Marian\u00f3w oraz kap\u0142ani z koni\u0144skich dekanat\u00f3w modlili si\u0119 wsp\u00f3lnie podczas Mszy \u015bw. w ko\u015bciele parafialnym w Licheniu, w dniu wspomnienia \u015bw. Doroty, dziewicy i m\u0119czennicy, patronki \u015bwi\u0105tyni (06.02). Uroczystej sumie odpustowej o godz. 17.00 przewodniczy\u0142 ks. Dariusz Hirsch MIC, rezydent domu zakonnego ksi\u0119\u017cy i braci marian\u00f3w w [&hellip;]","og_url":"https:\/\/www.lichen.pl\/de\/wspomnienie-sw-doroty\/","og_site_name":"SANKTUARIUM W LICHENIU","article_published_time":"2019-02-07T21:50:14+00:00","article_modified_time":"2021-06-20T12:19:38+00:00","og_image":[{"width":249,"height":216,"url":"https:\/\/www.lichen.pl\/wp-content\/uploads\/2019\/02\/Kadr-Sw.-Dorota.jpg","type":"image\/jpeg"}],"author":"ROBERT ADAMCZYK","twitter_card":"summary_large_image","twitter_misc":{"Verfasst von":"ROBERT ADAMCZYK","Gesch\u00e4tzte Lesezeit":"2\u00a0Minuten"},"schema":{"@context":"https:\/\/schema.org","@graph":[{"@type":"Article","@id":"https:\/\/www.lichen.pl\/en\/wspomnienie-sw-doroty\/#article","isPartOf":{"@id":"https:\/\/www.lichen.pl\/en\/wspomnienie-sw-doroty\/"},"author":{"name":"ROBERT ADAMCZYK","@id":"https:\/\/www.lichen.pl\/fr\/#\/schema\/person\/c06cd926b95870cc59f18d6ee6e33da5"},"headline":"Wspomnienie \u015bw. Doroty","datePublished":"2019-02-07T21:50:14+00:00","dateModified":"2021-06-20T12:19:38+00:00","mainEntityOfPage":{"@id":"https:\/\/www.lichen.pl\/en\/wspomnienie-sw-doroty\/"},"wordCount":442,"commentCount":0,"image":{"@id":"https:\/\/www.lichen.pl\/en\/wspomnienie-sw-doroty\/#primaryimage"},"thumbnailUrl":"https:\/\/www.lichen.pl\/wp-content\/uploads\/2019\/02\/Kadr-Sw.-Dorota.jpg","articleSection":["Aktualno\u015bci"],"inLanguage":"de","potentialAction":[{"@type":"CommentAction","name":"Comment","target":["https:\/\/www.lichen.pl\/en\/wspomnienie-sw-doroty\/#respond"]}]},{"@type":"WebPage","@id":"https:\/\/www.lichen.pl\/en\/wspomnienie-sw-doroty\/","url":"https:\/\/www.lichen.pl\/en\/wspomnienie-sw-doroty\/","name":"Wspomnienie \u015bw. Doroty - SANKTUARIUM W LICHENIU","isPartOf":{"@id":"https:\/\/www.lichen.pl\/fr\/#website"},"primaryImageOfPage":{"@id":"https:\/\/www.lichen.pl\/en\/wspomnienie-sw-doroty\/#primaryimage"},"image":{"@id":"https:\/\/www.lichen.pl\/en\/wspomnienie-sw-doroty\/#primaryimage"},"thumbnailUrl":"https:\/\/www.lichen.pl\/wp-content\/uploads\/2019\/02\/Kadr-Sw.-Dorota.jpg","datePublished":"2019-02-07T21:50:14+00:00","dateModified":"2021-06-20T12:19:38+00:00","author":{"@id":"https:\/\/www.lichen.pl\/fr\/#\/schema\/person\/c06cd926b95870cc59f18d6ee6e33da5"},"breadcrumb":{"@id":"https:\/\/www.lichen.pl\/en\/wspomnienie-sw-doroty\/#breadcrumb"},"inLanguage":"de","potentialAction":[{"@type":"ReadAction","target":["https:\/\/www.lichen.pl\/en\/wspomnienie-sw-doroty\/"]}]},{"@type":"ImageObject","inLanguage":"de","@id":"https:\/\/www.lichen.pl\/en\/wspomnienie-sw-doroty\/#primaryimage","url":"https:\/\/www.lichen.pl\/wp-content\/uploads\/2019\/02\/Kadr-Sw.-Dorota.jpg","contentUrl":"https:\/\/www.lichen.pl\/wp-content\/uploads\/2019\/02\/Kadr-Sw.-Dorota.jpg","width":249,"height":216},{"@type":"BreadcrumbList","@id":"https:\/\/www.lichen.pl\/en\/wspomnienie-sw-doroty\/#breadcrumb","itemListElement":[{"@type":"ListItem","position":1,"name":"Strona g\u0142\u00f3wna","item":"https:\/\/www.lichen.pl\/"},{"@type":"ListItem","position":2,"name":"Wspomnienie \u015bw. Doroty"}]},{"@type":"WebSite","@id":"https:\/\/www.lichen.pl\/fr\/#website","url":"https:\/\/www.lichen.pl\/fr\/","name":"HEILIGTUM IN LICHENIEN","description":"DIE TRAURIGE K\u00d6NIGIN UNSERER FLECHEN VON POLEN","potentialAction":[{"@type":"SearchAction","target":{"@type":"EntryPoint","urlTemplate":"https:\/\/www.lichen.pl\/fr\/?s={search_term_string}"},"query-input":{"@type":"PropertyValueSpecification","valueRequired":true,"valueName":"search_term_string"}}],"inLanguage":"de"},{"@type":"Person","@id":"https:\/\/www.lichen.pl\/fr\/#\/schema\/person\/c06cd926b95870cc59f18d6ee6e33da5","name":"ROBERT ADAMCZYK","image":{"@type":"ImageObject","inLanguage":"de","@id":"https:\/\/secure.gravatar.com\/avatar\/53c330430596e73552f4c356c2e47c209ff8f6352a5106011c9b6abcce5e00df?s=96&d=retro&r=g","url":"https:\/\/secure.gravatar.com\/avatar\/53c330430596e73552f4c356c2e47c209ff8f6352a5106011c9b6abcce5e00df?s=96&d=retro&r=g","contentUrl":"https:\/\/secure.gravatar.com\/avatar\/53c330430596e73552f4c356c2e47c209ff8f6352a5106011c9b6abcce5e00df?s=96&d=retro&r=g","caption":"ROBERT ADAMCZYK"},"url":"https:\/\/www.lichen.pl\/de\/author\/press\/"}]}},"_links":{"self":[{"href":"https:\/\/www.lichen.pl\/de\/wp-json\/wp\/v2\/posts\/14489","targetHints":{"allow":["GET"]}}],"collection":[{"href":"https:\/\/www.lichen.pl\/de\/wp-json\/wp\/v2\/posts"}],"about":[{"href":"https:\/\/www.lichen.pl\/de\/wp-json\/wp\/v2\/types\/post"}],"author":[{"embeddable":true,"href":"https:\/\/www.lichen.pl\/de\/wp-json\/wp\/v2\/users\/4"}],"replies":[{"embeddable":true,"href":"https:\/\/www.lichen.pl\/de\/wp-json\/wp\/v2\/comments?post=14489"}],"version-history":[{"count":6,"href":"https:\/\/www.lichen.pl\/de\/wp-json\/wp\/v2\/posts\/14489\/revisions"}],"predecessor-version":[{"id":14495,"href":"https:\/\/www.lichen.pl\/de\/wp-json\/wp\/v2\/posts\/14489\/revisions\/14495"}],"wp:featuredmedia":[{"embeddable":true,"href":"https:\/\/www.lichen.pl\/de\/wp-json\/wp\/v2\/media\/14658"}],"wp:attachment":[{"href":"https:\/\/www.lichen.pl\/de\/wp-json\/wp\/v2\/media?parent=14489"}],"wp:term":[{"taxonomy":"category","embeddable":true,"href":"https:\/\/www.lichen.pl\/de\/wp-json\/wp\/v2\/categories?post=14489"},{"taxonomy":"post_tag","embeddable":true,"href":"https:\/\/www.lichen.pl\/de\/wp-json\/wp\/v2\/tags?post=14489"}],"curies":[{"name":"wp","href":"https:\/\/api.w.org\/{rel}","templated":true}]}}