{"id":14701,"date":"2021-06-20T17:50:07","date_gmt":"2021-06-20T17:50:07","guid":{"rendered":"http:\/\/www.lichen.pl\/?p=14701"},"modified":"2021-06-21T10:42:17","modified_gmt":"2021-06-21T10:42:17","slug":"msza-sw-z-okazji-dnia-przedsiebiorcy","status":"publish","type":"post","link":"https:\/\/www.lichen.pl\/de\/msza-sw-z-okazji-dnia-przedsiebiorcy\/","title":{"rendered":"heilige Messe anl\u00e4sslich des Unternehmertags"},"content":{"rendered":"<div data-elementor-type=\"wp-post\" data-elementor-id=\"14701\" class=\"elementor elementor-14701\" data-elementor-post-type=\"post\">\n\t\t\t\t\t\t<section class=\"elementor-section elementor-top-section elementor-element elementor-element-f999f69 elementor-section-boxed elementor-section-height-default elementor-section-height-default\" data-id=\"f999f69\" data-element_type=\"section\" data-e-type=\"section\">\n\t\t\t\t\t\t<div class=\"elementor-container elementor-column-gap-default\">\n\t\t\t\t\t<div class=\"elementor-column elementor-col-100 elementor-top-column elementor-element elementor-element-1416dd1\" data-id=\"1416dd1\" data-element_type=\"column\" data-e-type=\"column\">\n\t\t\t<div class=\"elementor-widget-wrap elementor-element-populated\">\n\t\t\t\t\t\t<div class=\"elementor-element elementor-element-ecddca0 elementor-widget elementor-widget-heading\" data-id=\"ecddca0\" data-element_type=\"widget\" data-e-type=\"widget\" data-widget_type=\"heading.default\">\n\t\t\t\t<div class=\"elementor-widget-container\">\n\t\t\t\t\t<h2 class=\"elementor-heading-title elementor-size-default\">&quot;Jesus liebt dich. Wenn er in deine Welt eintritt, bringt er dir als Erstes die Erfahrung seiner Liebe.\u201c Diese Worte richtete Erzbischof Grzegorz Ry\u015b, der Bischof der Metropole \u0141\u00f3d\u017a, w\u00e4hrend der feierlichen Heiligen Messe an die Unternehmer. vor dem Gnadenbild Unserer Lieben Frau von Liche\u0144 im Zusammenhang mit dem Tag des Unternehmers gefeiert. An der in der Lichen-Basilika gefeierten Eucharistie nahmen Vertreter der polnischen Regierung, Abgeordnete, Vertreter der lokalen Regierung und Unternehmer aus verschiedenen Teilen Polens teil.<\/h2>\t\t\t\t<\/div>\n\t\t\t\t<\/div>\n\t\t\t\t<div class=\"elementor-element elementor-element-b5c7849 elementor-widget elementor-widget-text-editor\" data-id=\"b5c7849\" data-element_type=\"widget\" data-e-type=\"widget\" data-widget_type=\"text-editor.default\">\n\t\t\t\t<div class=\"elementor-widget-container\">\n\t\t\t\t\t\t\t\t\t<p>Zu Beginn der Messe, Fr. Janusz Kumala, MIC, der die in der Lichen-Basilika versammelten G\u00e4ste begr\u00fc\u00dfte. Der Hausmeister erinnerte an die Worte des hl. Johannes Paul II., der vor 22 Jahren bei einem Besuch des Heiligtums von Liche\u0144 \u00fcber die im Bau befindliche Basilika sagte, dass \u201esie in ihrer architektonischen Dynamik ein Ausdruck des Glaubens und der Liebe zu Jesus und Maria ist\u201c.<\/p><p>Fr. Kumala f\u00fcgte hinzu, dass der Tempel ein sichtbares Zeichen Gottes in unseren Herzen ist. - &quot;Wir brauchen solche Heiligt\u00fcmer, in denen wir als Gottes pilgerndes Volk Halt machen, um unseren Weg, unsere Lebensrichtung zu \u00fcberpr\u00fcfen und vor allem, um uns im Glauben zu st\u00e4rken, denn ohne Glauben hat unser christliches Leben keinen Sinn.&quot;<\/p>\t\t\t\t\t\t\t\t<\/div>\n\t\t\t\t<\/div>\n\t\t\t\t<section class=\"elementor-section elementor-inner-section elementor-element elementor-element-883517f elementor-section-boxed elementor-section-height-default elementor-section-height-default\" data-id=\"883517f\" data-element_type=\"section\" data-e-type=\"section\">\n\t\t\t\t\t\t<div class=\"elementor-container elementor-column-gap-default\">\n\t\t\t\t\t<div class=\"elementor-column elementor-col-50 elementor-inner-column elementor-element elementor-element-4965899\" data-id=\"4965899\" data-element_type=\"column\" data-e-type=\"column\">\n\t\t\t<div class=\"elementor-widget-wrap elementor-element-populated\">\n\t\t\t\t\t\t<div class=\"elementor-element elementor-element-dddd881 elementor-widget elementor-widget-image\" data-id=\"dddd881\" data-element_type=\"widget\" data-e-type=\"widget\" data-widget_type=\"image.default\">\n\t\t\t\t<div class=\"elementor-widget-container\">\n\t\t\t\t\t\t\t\t\t\t\t\t\t\t\t<img fetchpriority=\"high\" decoding=\"async\" width=\"768\" height=\"579\" src=\"https:\/\/www.lichen.pl\/wp-content\/uploads\/2021\/06\/IMG_9655-768x579.jpg\" class=\"attachment-medium_large size-medium_large wp-image-14707\" alt=\"\" srcset=\"https:\/\/www.lichen.pl\/wp-content\/uploads\/2021\/06\/IMG_9655-768x579.jpg 768w, https:\/\/www.lichen.pl\/wp-content\/uploads\/2021\/06\/IMG_9655-800x603.jpg 800w, https:\/\/www.lichen.pl\/wp-content\/uploads\/2021\/06\/IMG_9655-300x226.jpg 300w, https:\/\/www.lichen.pl\/wp-content\/uploads\/2021\/06\/IMG_9655-1024x772.jpg 1024w, https:\/\/www.lichen.pl\/wp-content\/uploads\/2021\/06\/IMG_9655.jpg 1333w\" sizes=\"(max-width: 768px) 100vw, 768px\" \/>\t\t\t\t\t\t\t\t\t\t\t\t\t\t\t<\/div>\n\t\t\t\t<\/div>\n\t\t\t\t\t<\/div>\n\t\t<\/div>\n\t\t\t\t<div class=\"elementor-column elementor-col-50 elementor-inner-column elementor-element elementor-element-9f65eeb\" data-id=\"9f65eeb\" data-element_type=\"column\" data-e-type=\"column\">\n\t\t\t<div class=\"elementor-widget-wrap elementor-element-populated\">\n\t\t\t\t\t\t<div class=\"elementor-element elementor-element-27890d1 elementor-blockquote--skin-border elementor-widget elementor-widget-blockquote\" data-id=\"27890d1\" data-element_type=\"widget\" data-e-type=\"widget\" data-widget_type=\"blockquote.default\">\n\t\t\t\t<div class=\"elementor-widget-container\">\n\t\t\t\t\t\t\t<blockquote class=\"elementor-blockquote\">\n\t\t\t<p class=\"elementor-blockquote__content\">\n\t\t\t\tMit Jesus in die Welt zu gehen bedeutet f\u00fcr die Welt der polnischen Unternehmer, in die Welt der Wirtschaft, der Unternehmen und des Gesch\u00e4fts einzutreten. Sie wissen am besten, ob es so einfach ist, mit Ihrem christlichen Glauben, mit Ihrer Liebe zu Jesus, oder ob es so einfach ist, in die Gesch\u00e4ftswelt einzusteigen.\t\t\t<\/p>\n\t\t\t\t\t\t\t<div class=\"e-q-footer\">\n\t\t\t\t\t\t\t\t\t\t\t<cite class=\"elementor-blockquote__author\">Fr. Erzbischof Grzegorz Ry\u015b, 20. Juni 2021<\/cite>\n\t\t\t\t\t\t\t\t\t\t\t\t\t\t<\/div>\n\t\t\t\t\t<\/blockquote>\n\t\t\t\t\t\t<\/div>\n\t\t\t\t<\/div>\n\t\t\t\t\t<\/div>\n\t\t<\/div>\n\t\t\t\t\t<\/div>\n\t\t<\/section>\n\t\t\t\t<div class=\"elementor-element elementor-element-b54f0e3 elementor-widget elementor-widget-text-editor\" data-id=\"b54f0e3\" data-element_type=\"widget\" data-e-type=\"widget\" data-widget_type=\"text-editor.default\">\n\t\t\t\t<div class=\"elementor-widget-container\">\n\t\t\t\t\t\t\t\t\t<p>Erzbischof Ry\u015b erinnerte an die schwierigen Zeiten des 19. Jahrhunderts, als es eine dynamische Entwicklung der modernen Wirtschaft gab, und damit an das Zusammentreffen von Kirche und Arbeitswelt, das nicht ohne Hindernisse und Schwierigkeiten verlief. - <em>Wir sp\u00fcren einen gewissen Widerstand, eine Schwierigkeit in dieser Begegnung der Wirtschaft, die mit der Botschaft von Jesus Christus geboren wurde.<\/em><\/p><p>Als n\u00e4chstes fragte sich der Metropolit von Lodz, was das Kommen Jesu in die Welt der Unternehmer bringt? Die Antwort ist seiner Meinung nach in der heutigen zweiten Lesung (2. Korinther) enthalten, die mit den Worten beginnt: \u201e<em><strong>Die Liebe Christi dr\u00e4ngt uns<\/strong><\/em>&quot;. Zu den Unternehmern gewandt sagte der Hierarch: <em>Jesus liebt dich. Wenn er in Ihre Welt eintritt, bringt er Ihnen als Erstes die Erfahrung seiner Liebe<\/em>.<\/p><p>In Bezug auf den biblischen Begriff Liebe sagte Erzbischof Ry\u015b, dass dies der Fall sei <em>agape<\/em>, das hei\u00dft, die Art von Liebe, die Gott uns gegeben hat. - <em>Es ist eine Liebe, die es uns erm\u00f6glicht, Dinge zu tun, die wir als Menschen allein nicht tun k\u00f6nnten.<\/em><\/p><p>Die Predigt betonte, dass diese Liebe ein Geschenk ist. - <em>H\u00f6ren Sie, dass Sie auch begabt sind. Nicht nur die ganze Realit\u00e4t deines Lebens ist Arbeit, Arbeit, Arbeit. Sie kommen zu allem durch Ihre eigene Anstrengung, aber bevor Platz f\u00fcr Ihre Anstrengung ist, kommt etwas, das vorher kommt \u2013 ein Geschenk von Jesus, das Liebe genannt wird<\/em>\u00a0- sagte Bischof Ry\u015b.<\/p>\t\t\t\t\t\t\t\t<\/div>\n\t\t\t\t<\/div>\n\t\t\t\t<div class=\"elementor-element elementor-element-2356e1c elementor-widget elementor-widget-image\" data-id=\"2356e1c\" data-element_type=\"widget\" data-e-type=\"widget\" data-widget_type=\"image.default\">\n\t\t\t\t<div class=\"elementor-widget-container\">\n\t\t\t\t\t\t\t\t\t\t\t\t<figure class=\"wp-caption\">\n\t\t\t\t\t\t\t\t\t\t<img decoding=\"async\" width=\"768\" height=\"512\" src=\"https:\/\/www.lichen.pl\/wp-content\/uploads\/2021\/06\/IMG_9672-768x512.jpg\" class=\"attachment-medium_large size-medium_large wp-image-14712\" alt=\"\" srcset=\"https:\/\/www.lichen.pl\/wp-content\/uploads\/2021\/06\/IMG_9672-768x512.jpg 768w, https:\/\/www.lichen.pl\/wp-content\/uploads\/2021\/06\/IMG_9672-800x533.jpg 800w, https:\/\/www.lichen.pl\/wp-content\/uploads\/2021\/06\/IMG_9672-300x200.jpg 300w, https:\/\/www.lichen.pl\/wp-content\/uploads\/2021\/06\/IMG_9672-1024x682.jpg 1024w, https:\/\/www.lichen.pl\/wp-content\/uploads\/2021\/06\/IMG_9672-1536x1024.jpg 1536w, https:\/\/www.lichen.pl\/wp-content\/uploads\/2021\/06\/IMG_9672.jpg 1920w\" sizes=\"(max-width: 768px) 100vw, 768px\" \/>\t\t\t\t\t\t\t\t\t\t\t<figcaption class=\"widget-image-caption wp-caption-text\">Erzbischof Grzegorz Ry\u015b steht am 20. Juni 2021 der Eucharistiefeier in der Basilika Liche\u0144 vor<\/figcaption>\n\t\t\t\t\t\t\t\t\t\t<\/figure>\n\t\t\t\t\t\t\t\t\t<\/div>\n\t\t\t\t<\/div>\n\t\t\t\t<div class=\"elementor-element elementor-element-06dfc9f elementor-widget elementor-widget-text-editor\" data-id=\"06dfc9f\" data-element_type=\"widget\" data-e-type=\"widget\" data-widget_type=\"text-editor.default\">\n\t\t\t\t<div class=\"elementor-widget-container\">\n\t\t\t\t\t\t\t\t\t<p>Der Metropolit von Lodz bezog sich auch auf einen Satz von Jan Duns Scotus, dass Gott nach Liebesgenossen sucht, also nach denen, die mit ihm lieben werden. - <em>Das Christentum kennt keine andere Berufung als die Liebe. Alles andere ist nur eine Form, aber die Berufung des Menschen, wie sie vom Christentum verstanden wird, ist nur eine - es ist die Berufung zur Liebe. Und so sehr, dass er mit seiner Liebe, die ich empfange, andere mit Gott lieben m\u00f6chte.<\/em><\/p><p>Die Predigt erw\u00e4hnte auch Gleichnisse des Evangeliums, die von Unternehmern direkt angesprochen werden k\u00f6nnen. Das erste war das Gleichnis von den Talenten, in dem wir das Lob des Unternehmertums sehen, weil man nur Gutes hat, das man vermehrt. - <em>Die Lehre Jesu zeigt, dass sich nicht alles auf Zahlen oder Summen reduzieren l\u00e4sst. Ich denke, das interessanteste Gleichnis \u00fcber das Unternehmertum ist das \u00fcber die Arbeiter im Weinberg<\/em>. Die Predigt betonte, dass das Wohl des Menschen die Arbeit selbst ist - <em>Dieses Gleichnis zeigt, dass Unternehmertum nicht auf die einfachen Regeln des freien Marktes reduziert werden kann. Es gibt noch etwas anderes. Es geht um Menschen, denn Arbeit dreht sich letztlich immer um Menschen. Es geht auch um diesen Mann, der Unternehmer ist. Dies sind kraftvolle Gleichnisse \u00fcber Menschen, die im Leben ein erfolgreiches Gesch\u00e4ft gemacht haben. Sagt Jesus dann, wenn das Gesch\u00e4ft erfolgreich ist, wenn sich Unternehmertum in gro\u00dfen finanziellen Ergebnissen verwirklicht, ob Ihre Menschlichkeit in gleichem Ma\u00dfe w\u00e4chst? Vermehrt sich das, was wir im Leben mit humanistischen Werten definieren, in uns wie unser Besitz?<\/em>\u00a0fragte Erzbischof Ry\u015b.<\/p>\t\t\t\t\t\t\t\t<\/div>\n\t\t\t\t<\/div>\n\t\t\t\t<section class=\"elementor-section elementor-inner-section elementor-element elementor-element-3e86688 elementor-section-boxed elementor-section-height-default elementor-section-height-default\" data-id=\"3e86688\" data-element_type=\"section\" data-e-type=\"section\">\n\t\t\t\t\t\t<div class=\"elementor-container elementor-column-gap-default\">\n\t\t\t\t\t<div class=\"elementor-column elementor-col-50 elementor-inner-column elementor-element elementor-element-b6cc731\" data-id=\"b6cc731\" data-element_type=\"column\" data-e-type=\"column\">\n\t\t\t<div class=\"elementor-widget-wrap elementor-element-populated\">\n\t\t\t\t\t\t<div class=\"elementor-element elementor-element-b0a89b4 elementor-widget elementor-widget-text-editor\" data-id=\"b0a89b4\" data-element_type=\"widget\" data-e-type=\"widget\" data-widget_type=\"text-editor.default\">\n\t\t\t\t<div class=\"elementor-widget-container\">\n\t\t\t\t\t\t\t\t\t<p>W\u00e4hrend der Heiligen Messe in der Liche\u0144-Basilika von An der Heiligen Jungfrau Maria von Liche\u0144 nahmen teil: Minister Zdzis\u0142aw Sokal, Berater des Pr\u00e4sidenten der Republik Polen; Nachwort: Ewa Szyma\u0144ska, Bart\u0142omiej Wr\u00f3blewski, Katarzyna S\u00f3jka, Zbigniew Dolata; und auch: Micha\u0142 Zieli\u0144ski, Woiwode von Gro\u00dfpolen, Maciej Sytek, Pr\u00e4sident der Agentur f\u00fcr regionale Entwicklung (im Namen des Marschalls der Woiwodschaft Gro\u00dfpolen), W\u0142adys\u0142aw Kocaj, stellvertretender Starost des Kreises Konin, Mariusz Zaborowski, B\u00fcrgermeister von \u015alesin und Fr. Dr. Rafa\u0142 Ostrowski, Kaplan des Talentministeriums in Pozna\u0144, aktiv unter Unternehmern.<\/p><p>\u00a0<\/p>\t\t\t\t\t\t\t\t<\/div>\n\t\t\t\t<\/div>\n\t\t\t\t\t<\/div>\n\t\t<\/div>\n\t\t\t\t<div class=\"elementor-column elementor-col-50 elementor-inner-column elementor-element elementor-element-a73aa85\" data-id=\"a73aa85\" data-element_type=\"column\" data-e-type=\"column\">\n\t\t\t<div class=\"elementor-widget-wrap elementor-element-populated\">\n\t\t\t\t\t\t<div class=\"elementor-element elementor-element-7eb22ad elementor-widget elementor-widget-image\" data-id=\"7eb22ad\" data-element_type=\"widget\" data-e-type=\"widget\" data-widget_type=\"image.default\">\n\t\t\t\t<div class=\"elementor-widget-container\">\n\t\t\t\t\t\t\t\t\t\t\t\t\t\t\t<img decoding=\"async\" width=\"768\" height=\"512\" src=\"https:\/\/www.lichen.pl\/wp-content\/uploads\/2021\/06\/IMG_9613-768x512.jpg\" class=\"attachment-medium_large size-medium_large wp-image-14717\" alt=\"\" srcset=\"https:\/\/www.lichen.pl\/wp-content\/uploads\/2021\/06\/IMG_9613-768x512.jpg 768w, https:\/\/www.lichen.pl\/wp-content\/uploads\/2021\/06\/IMG_9613-800x533.jpg 800w, https:\/\/www.lichen.pl\/wp-content\/uploads\/2021\/06\/IMG_9613-300x200.jpg 300w, https:\/\/www.lichen.pl\/wp-content\/uploads\/2021\/06\/IMG_9613-1024x682.jpg 1024w, https:\/\/www.lichen.pl\/wp-content\/uploads\/2021\/06\/IMG_9613-1536x1024.jpg 1536w, https:\/\/www.lichen.pl\/wp-content\/uploads\/2021\/06\/IMG_9613.jpg 1920w\" sizes=\"(max-width: 768px) 100vw, 768px\" \/>\t\t\t\t\t\t\t\t\t\t\t\t\t\t\t<\/div>\n\t\t\t\t<\/div>\n\t\t\t\t\t<\/div>\n\t\t<\/div>\n\t\t\t\t\t<\/div>\n\t\t<\/section>\n\t\t\t\t<div class=\"elementor-element elementor-element-017147c elementor-widget elementor-widget-text-editor\" data-id=\"017147c\" data-element_type=\"widget\" data-e-type=\"widget\" data-widget_type=\"text-editor.default\">\n\t\t\t\t<div class=\"elementor-widget-container\">\n\t\t\t\t\t\t\t\t\t<p>Der Unternehmertag wurde vom Sejm der Republik Polen mit Beschluss vom 9. Juni 2016 ins Leben gerufen. Der Initiator der Einf\u00fchrung dieses Feiertags war J\u00f3zef Bere\u017cewski von der Polnischen Handelskammer, und der Bef\u00fcrworter der Resolution im Sejm war unter anderem Herr Adam Abramowicz, damals MP, und jetzt Sprecher f\u00fcr kleine und mittlere Unternehmen.<\/p><p>heilige Messe geschm\u00fcckt durch die Auff\u00fchrung des Chores der Lichen Basilica <em>Stabat mater<\/em>. Liturgische Gef\u00e4\u00dfe (Kelch und Patene), die w\u00e4hrend der heutigen Eucharistie verwendet wurden, wurden dem Liche\u0144-Heiligtum von dem Verstorbenen gespendet Maria und Lech Kaczy\u0144ski anl\u00e4sslich der Seligsprechung von Pater Stanis\u0142aw Papczy\u0144ski, dem Gr\u00fcnder der Kongregation der Marienpater.<\/p>\t\t\t\t\t\t\t\t<\/div>\n\t\t\t\t<\/div>\n\t\t\t\t<div class=\"elementor-element elementor-element-679756b elementor-widget elementor-widget-image\" data-id=\"679756b\" data-element_type=\"widget\" data-e-type=\"widget\" data-widget_type=\"image.default\">\n\t\t\t\t<div class=\"elementor-widget-container\">\n\t\t\t\t\t\t\t\t\t\t\t\t<figure class=\"wp-caption\">\n\t\t\t\t\t\t\t\t\t\t<img loading=\"lazy\" decoding=\"async\" width=\"768\" height=\"512\" src=\"https:\/\/www.lichen.pl\/wp-content\/uploads\/2021\/06\/IMG_9641-768x512.jpg\" class=\"attachment-medium_large size-medium_large wp-image-14722\" alt=\"\" srcset=\"https:\/\/www.lichen.pl\/wp-content\/uploads\/2021\/06\/IMG_9641-768x512.jpg 768w, https:\/\/www.lichen.pl\/wp-content\/uploads\/2021\/06\/IMG_9641-800x533.jpg 800w, https:\/\/www.lichen.pl\/wp-content\/uploads\/2021\/06\/IMG_9641-300x200.jpg 300w, https:\/\/www.lichen.pl\/wp-content\/uploads\/2021\/06\/IMG_9641-1024x682.jpg 1024w, https:\/\/www.lichen.pl\/wp-content\/uploads\/2021\/06\/IMG_9641-1536x1024.jpg 1536w, https:\/\/www.lichen.pl\/wp-content\/uploads\/2021\/06\/IMG_9641.jpg 1920w\" sizes=\"(max-width: 768px) 100vw, 768px\" \/>\t\t\t\t\t\t\t\t\t\t\t<figcaption class=\"widget-image-caption wp-caption-text\">Chor der Flechtenbasilika STABAT MATER<\/figcaption>\n\t\t\t\t\t\t\t\t\t\t<\/figure>\n\t\t\t\t\t\t\t\t\t<\/div>\n\t\t\t\t<\/div>\n\t\t\t\t<div class=\"elementor-element elementor-element-08caea5 elementor-widget-divider--view-line elementor-widget elementor-widget-divider\" data-id=\"08caea5\" data-element_type=\"widget\" data-e-type=\"widget\" data-widget_type=\"divider.default\">\n\t\t\t\t<div class=\"elementor-widget-container\">\n\t\t\t\t\t\t\t<div class=\"elementor-divider\">\n\t\t\t<span class=\"elementor-divider-separator\">\n\t\t\t\t\t\t<\/span>\n\t\t<\/div>\n\t\t\t\t\t\t<\/div>\n\t\t\t\t<\/div>\n\t\t\t\t<div class=\"elementor-element elementor-element-5395d74 elementor-widget elementor-widget-gallery\" data-id=\"5395d74\" data-element_type=\"widget\" data-e-type=\"widget\" data-settings=\"{&quot;columns&quot;:6,&quot;gap&quot;:{&quot;unit&quot;:&quot;px&quot;,&quot;size&quot;:17,&quot;sizes&quot;:[]},&quot;lazyload&quot;:&quot;yes&quot;,&quot;gallery_layout&quot;:&quot;grid&quot;,&quot;columns_tablet&quot;:2,&quot;columns_mobile&quot;:1,&quot;gap_tablet&quot;:{&quot;unit&quot;:&quot;px&quot;,&quot;size&quot;:10,&quot;sizes&quot;:[]},&quot;gap_mobile&quot;:{&quot;unit&quot;:&quot;px&quot;,&quot;size&quot;:10,&quot;sizes&quot;:[]},&quot;link_to&quot;:&quot;file&quot;,&quot;aspect_ratio&quot;:&quot;3:2&quot;,&quot;overlay_background&quot;:&quot;yes&quot;,&quot;content_hover_animation&quot;:&quot;fade-in&quot;}\" data-widget_type=\"gallery.default\">\n\t\t\t\t<div class=\"elementor-widget-container\">\n\t\t\t\t\t\t\t<div class=\"elementor-gallery__container\">\n\t\t\t\t\t\t\t<a class=\"e-gallery-item elementor-gallery-item elementor-animated-content\" href=\"https:\/\/www.lichen.pl\/wp-content\/uploads\/2021\/06\/IMG_9567.jpg\" data-elementor-open-lightbox=\"yes\" data-elementor-lightbox-slideshow=\"5395d74\" data-elementor-lightbox-title=\"IMG_9567\" data-e-action-hash=\"#elementor-action%3Aaction%3Dlightbox%26settings%3DeyJpZCI6MTQ3MzYsInVybCI6Imh0dHBzOlwvXC93d3cubGljaGVuLnBsXC93cC1jb250ZW50XC91cGxvYWRzXC8yMDIxXC8wNlwvSU1HXzk1NjcuanBnIiwic2xpZGVzaG93IjoiNTM5NWQ3NCJ9\">\n\t\t\t\t\t<div class=\"e-gallery-image elementor-gallery-item__image\" data-thumbnail=\"https:\/\/www.lichen.pl\/wp-content\/uploads\/2021\/06\/IMG_9567-200x300.jpg\" data-width=\"200\" data-height=\"300\" aria-label=\"\" role=\"img\" ><\/div>\n\t\t\t\t\t\t\t\t\t\t\t<div class=\"elementor-gallery-item__overlay\"><\/div>\n\t\t\t\t\t\t\t\t\t\t\t\t\t\t<\/a>\n\t\t\t\t\t\t\t<a class=\"e-gallery-item elementor-gallery-item elementor-animated-content\" href=\"https:\/\/www.lichen.pl\/wp-content\/uploads\/2021\/06\/IMG_9657.jpg\" data-elementor-open-lightbox=\"yes\" data-elementor-lightbox-slideshow=\"5395d74\" data-elementor-lightbox-title=\"IMG_9657\" data-e-action-hash=\"#elementor-action%3Aaction%3Dlightbox%26settings%3DeyJpZCI6MTQ3MzAsInVybCI6Imh0dHBzOlwvXC93d3cubGljaGVuLnBsXC93cC1jb250ZW50XC91cGxvYWRzXC8yMDIxXC8wNlwvSU1HXzk2NTcuanBnIiwic2xpZGVzaG93IjoiNTM5NWQ3NCJ9\">\n\t\t\t\t\t<div class=\"e-gallery-image elementor-gallery-item__image\" data-thumbnail=\"https:\/\/www.lichen.pl\/wp-content\/uploads\/2021\/06\/IMG_9657-300x225.jpg\" data-width=\"300\" data-height=\"225\" aria-label=\"\" role=\"img\" ><\/div>\n\t\t\t\t\t\t\t\t\t\t\t<div class=\"elementor-gallery-item__overlay\"><\/div>\n\t\t\t\t\t\t\t\t\t\t\t\t\t\t<\/a>\n\t\t\t\t\t\t\t<a class=\"e-gallery-item elementor-gallery-item elementor-animated-content\" href=\"https:\/\/www.lichen.pl\/wp-content\/uploads\/2021\/06\/IMG_9613.jpg\" data-elementor-open-lightbox=\"yes\" data-elementor-lightbox-slideshow=\"5395d74\" data-elementor-lightbox-title=\"IMG_9613\" data-e-action-hash=\"#elementor-action%3Aaction%3Dlightbox%26settings%3DeyJpZCI6MTQ3MTcsInVybCI6Imh0dHBzOlwvXC93d3cubGljaGVuLnBsXC93cC1jb250ZW50XC91cGxvYWRzXC8yMDIxXC8wNlwvSU1HXzk2MTMuanBnIiwic2xpZGVzaG93IjoiNTM5NWQ3NCJ9\">\n\t\t\t\t\t<div class=\"e-gallery-image elementor-gallery-item__image\" data-thumbnail=\"https:\/\/www.lichen.pl\/wp-content\/uploads\/2021\/06\/IMG_9613-300x200.jpg\" data-width=\"300\" data-height=\"200\" aria-label=\"\" role=\"img\" ><\/div>\n\t\t\t\t\t\t\t\t\t\t\t<div class=\"elementor-gallery-item__overlay\"><\/div>\n\t\t\t\t\t\t\t\t\t\t\t\t\t\t<\/a>\n\t\t\t\t\t\t\t<a class=\"e-gallery-item elementor-gallery-item elementor-animated-content\" href=\"https:\/\/www.lichen.pl\/wp-content\/uploads\/2021\/06\/IMG_9641-1.jpg\" data-elementor-open-lightbox=\"yes\" data-elementor-lightbox-slideshow=\"5395d74\" data-elementor-lightbox-title=\"IMG_9641\" data-e-action-hash=\"#elementor-action%3Aaction%3Dlightbox%26settings%3DeyJpZCI6MTQ3ODEsInVybCI6Imh0dHBzOlwvXC93d3cubGljaGVuLnBsXC93cC1jb250ZW50XC91cGxvYWRzXC8yMDIxXC8wNlwvSU1HXzk2NDEtMS5qcGciLCJzbGlkZXNob3ciOiI1Mzk1ZDc0In0%3D\">\n\t\t\t\t\t<div class=\"e-gallery-image elementor-gallery-item__image\" data-thumbnail=\"https:\/\/www.lichen.pl\/wp-content\/uploads\/2021\/06\/IMG_9641-1-300x200.jpg\" data-width=\"300\" data-height=\"200\" aria-label=\"\" role=\"img\" ><\/div>\n\t\t\t\t\t\t\t\t\t\t\t<div class=\"elementor-gallery-item__overlay\"><\/div>\n\t\t\t\t\t\t\t\t\t\t\t\t\t\t<\/a>\n\t\t\t\t\t\t\t<a class=\"e-gallery-item elementor-gallery-item elementor-animated-content\" href=\"https:\/\/www.lichen.pl\/wp-content\/uploads\/2021\/06\/IMG_9619.jpg\" data-elementor-open-lightbox=\"yes\" data-elementor-lightbox-slideshow=\"5395d74\" data-elementor-lightbox-title=\"IMG_9619\" data-e-action-hash=\"#elementor-action%3Aaction%3Dlightbox%26settings%3DeyJpZCI6MTQ3NzEsInVybCI6Imh0dHBzOlwvXC93d3cubGljaGVuLnBsXC93cC1jb250ZW50XC91cGxvYWRzXC8yMDIxXC8wNlwvSU1HXzk2MTkuanBnIiwic2xpZGVzaG93IjoiNTM5NWQ3NCJ9\">\n\t\t\t\t\t<div class=\"e-gallery-image elementor-gallery-item__image\" data-thumbnail=\"https:\/\/www.lichen.pl\/wp-content\/uploads\/2021\/06\/IMG_9619-200x300.jpg\" data-width=\"200\" data-height=\"300\" aria-label=\"\" role=\"img\" ><\/div>\n\t\t\t\t\t\t\t\t\t\t\t<div class=\"elementor-gallery-item__overlay\"><\/div>\n\t\t\t\t\t\t\t\t\t\t\t\t\t\t<\/a>\n\t\t\t\t\t\t\t<a class=\"e-gallery-item elementor-gallery-item elementor-animated-content\" href=\"https:\/\/www.lichen.pl\/wp-content\/uploads\/2021\/06\/IMG_9664.jpg\" data-elementor-open-lightbox=\"yes\" data-elementor-lightbox-slideshow=\"5395d74\" data-elementor-lightbox-title=\"IMG_9664\" data-e-action-hash=\"#elementor-action%3Aaction%3Dlightbox%26settings%3DeyJpZCI6MTQ4MDYsInVybCI6Imh0dHBzOlwvXC93d3cubGljaGVuLnBsXC93cC1jb250ZW50XC91cGxvYWRzXC8yMDIxXC8wNlwvSU1HXzk2NjQuanBnIiwic2xpZGVzaG93IjoiNTM5NWQ3NCJ9\">\n\t\t\t\t\t<div class=\"e-gallery-image elementor-gallery-item__image\" data-thumbnail=\"https:\/\/www.lichen.pl\/wp-content\/uploads\/2021\/06\/IMG_9664-300x200.jpg\" data-width=\"300\" data-height=\"200\" aria-label=\"\" role=\"img\" ><\/div>\n\t\t\t\t\t\t\t\t\t\t\t<div class=\"elementor-gallery-item__overlay\"><\/div>\n\t\t\t\t\t\t\t\t\t\t\t\t\t\t<\/a>\n\t\t\t\t\t\t\t<a class=\"e-gallery-item elementor-gallery-item elementor-animated-content\" href=\"https:\/\/www.lichen.pl\/wp-content\/uploads\/2021\/06\/IMG_9650.jpg\" data-elementor-open-lightbox=\"yes\" data-elementor-lightbox-slideshow=\"5395d74\" data-elementor-lightbox-title=\"IMG_9650\" data-e-action-hash=\"#elementor-action%3Aaction%3Dlightbox%26settings%3DeyJpZCI6MTQ3OTEsInVybCI6Imh0dHBzOlwvXC93d3cubGljaGVuLnBsXC93cC1jb250ZW50XC91cGxvYWRzXC8yMDIxXC8wNlwvSU1HXzk2NTAuanBnIiwic2xpZGVzaG93IjoiNTM5NWQ3NCJ9\">\n\t\t\t\t\t<div class=\"e-gallery-image elementor-gallery-item__image\" data-thumbnail=\"https:\/\/www.lichen.pl\/wp-content\/uploads\/2021\/06\/IMG_9650-225x300.jpg\" data-width=\"225\" data-height=\"300\" aria-label=\"\" role=\"img\" ><\/div>\n\t\t\t\t\t\t\t\t\t\t\t<div class=\"elementor-gallery-item__overlay\"><\/div>\n\t\t\t\t\t\t\t\t\t\t\t\t\t\t<\/a>\n\t\t\t\t\t\t\t<a class=\"e-gallery-item elementor-gallery-item elementor-animated-content\" href=\"https:\/\/www.lichen.pl\/wp-content\/uploads\/2021\/06\/IMG_9672-1.jpg\" data-elementor-open-lightbox=\"yes\" data-elementor-lightbox-slideshow=\"5395d74\" data-elementor-lightbox-title=\"IMG_9672\" data-e-action-hash=\"#elementor-action%3Aaction%3Dlightbox%26settings%3DeyJpZCI6MTQ4MTYsInVybCI6Imh0dHBzOlwvXC93d3cubGljaGVuLnBsXC93cC1jb250ZW50XC91cGxvYWRzXC8yMDIxXC8wNlwvSU1HXzk2NzItMS5qcGciLCJzbGlkZXNob3ciOiI1Mzk1ZDc0In0%3D\">\n\t\t\t\t\t<div class=\"e-gallery-image elementor-gallery-item__image\" data-thumbnail=\"https:\/\/www.lichen.pl\/wp-content\/uploads\/2021\/06\/IMG_9672-1-300x200.jpg\" data-width=\"300\" data-height=\"200\" aria-label=\"\" role=\"img\" ><\/div>\n\t\t\t\t\t\t\t\t\t\t\t<div class=\"elementor-gallery-item__overlay\"><\/div>\n\t\t\t\t\t\t\t\t\t\t\t\t\t\t<\/a>\n\t\t\t\t\t\t\t<a class=\"e-gallery-item elementor-gallery-item elementor-animated-content\" href=\"https:\/\/www.lichen.pl\/wp-content\/uploads\/2021\/06\/IMG_9715.jpg\" data-elementor-open-lightbox=\"yes\" data-elementor-lightbox-slideshow=\"5395d74\" data-elementor-lightbox-title=\"IMG_9715\" data-e-action-hash=\"#elementor-action%3Aaction%3Dlightbox%26settings%3DeyJpZCI6MTQ4MzYsInVybCI6Imh0dHBzOlwvXC93d3cubGljaGVuLnBsXC93cC1jb250ZW50XC91cGxvYWRzXC8yMDIxXC8wNlwvSU1HXzk3MTUuanBnIiwic2xpZGVzaG93IjoiNTM5NWQ3NCJ9\">\n\t\t\t\t\t<div class=\"e-gallery-image elementor-gallery-item__image\" data-thumbnail=\"https:\/\/www.lichen.pl\/wp-content\/uploads\/2021\/06\/IMG_9715-300x225.jpg\" data-width=\"300\" data-height=\"225\" aria-label=\"\" role=\"img\" ><\/div>\n\t\t\t\t\t\t\t\t\t\t\t<div class=\"elementor-gallery-item__overlay\"><\/div>\n\t\t\t\t\t\t\t\t\t\t\t\t\t\t<\/a>\n\t\t\t\t\t\t\t<a class=\"e-gallery-item elementor-gallery-item elementor-animated-content\" href=\"https:\/\/www.lichen.pl\/wp-content\/uploads\/2021\/06\/IMG_9712.jpg\" data-elementor-open-lightbox=\"yes\" data-elementor-lightbox-slideshow=\"5395d74\" data-elementor-lightbox-title=\"IMG_9712\" data-e-action-hash=\"#elementor-action%3Aaction%3Dlightbox%26settings%3DeyJpZCI6MTQ4MzEsInVybCI6Imh0dHBzOlwvXC93d3cubGljaGVuLnBsXC93cC1jb250ZW50XC91cGxvYWRzXC8yMDIxXC8wNlwvSU1HXzk3MTIuanBnIiwic2xpZGVzaG93IjoiNTM5NWQ3NCJ9\">\n\t\t\t\t\t<div class=\"e-gallery-image elementor-gallery-item__image\" data-thumbnail=\"https:\/\/www.lichen.pl\/wp-content\/uploads\/2021\/06\/IMG_9712-300x200.jpg\" data-width=\"300\" data-height=\"200\" aria-label=\"\" role=\"img\" ><\/div>\n\t\t\t\t\t\t\t\t\t\t\t<div class=\"elementor-gallery-item__overlay\"><\/div>\n\t\t\t\t\t\t\t\t\t\t\t\t\t\t<\/a>\n\t\t\t\t\t\t\t<a class=\"e-gallery-item elementor-gallery-item elementor-animated-content\" href=\"https:\/\/www.lichen.pl\/wp-content\/uploads\/2021\/06\/IMG_9685.jpg\" data-elementor-open-lightbox=\"yes\" data-elementor-lightbox-slideshow=\"5395d74\" data-elementor-lightbox-title=\"IMG_9685\" data-e-action-hash=\"#elementor-action%3Aaction%3Dlightbox%26settings%3DeyJpZCI6MTQ4MjYsInVybCI6Imh0dHBzOlwvXC93d3cubGljaGVuLnBsXC93cC1jb250ZW50XC91cGxvYWRzXC8yMDIxXC8wNlwvSU1HXzk2ODUuanBnIiwic2xpZGVzaG93IjoiNTM5NWQ3NCJ9\">\n\t\t\t\t\t<div class=\"e-gallery-image elementor-gallery-item__image\" data-thumbnail=\"https:\/\/www.lichen.pl\/wp-content\/uploads\/2021\/06\/IMG_9685-200x300.jpg\" data-width=\"200\" data-height=\"300\" aria-label=\"\" role=\"img\" ><\/div>\n\t\t\t\t\t\t\t\t\t\t\t<div class=\"elementor-gallery-item__overlay\"><\/div>\n\t\t\t\t\t\t\t\t\t\t\t\t\t\t<\/a>\n\t\t\t\t\t\t\t<a class=\"e-gallery-item elementor-gallery-item elementor-animated-content\" href=\"https:\/\/www.lichen.pl\/wp-content\/uploads\/2021\/06\/IMG_9678.jpg\" data-elementor-open-lightbox=\"yes\" data-elementor-lightbox-slideshow=\"5395d74\" data-elementor-lightbox-title=\"IMG_9678\" data-e-action-hash=\"#elementor-action%3Aaction%3Dlightbox%26settings%3DeyJpZCI6MTQ4MjEsInVybCI6Imh0dHBzOlwvXC93d3cubGljaGVuLnBsXC93cC1jb250ZW50XC91cGxvYWRzXC8yMDIxXC8wNlwvSU1HXzk2NzguanBnIiwic2xpZGVzaG93IjoiNTM5NWQ3NCJ9\">\n\t\t\t\t\t<div class=\"e-gallery-image elementor-gallery-item__image\" data-thumbnail=\"https:\/\/www.lichen.pl\/wp-content\/uploads\/2021\/06\/IMG_9678-225x300.jpg\" data-width=\"225\" data-height=\"300\" aria-label=\"\" role=\"img\" ><\/div>\n\t\t\t\t\t\t\t\t\t\t\t<div class=\"elementor-gallery-item__overlay\"><\/div>\n\t\t\t\t\t\t\t\t\t\t\t\t\t\t<\/a>\n\t\t\t\t\t<\/div>\n\t\t\t\t\t<\/div>\n\t\t\t\t<\/div>\n\t\t\t\t<div class=\"elementor-element elementor-element-e3825af elementor-widget-divider--view-line elementor-widget elementor-widget-divider\" data-id=\"e3825af\" data-element_type=\"widget\" data-e-type=\"widget\" data-widget_type=\"divider.default\">\n\t\t\t\t<div class=\"elementor-widget-container\">\n\t\t\t\t\t\t\t<div class=\"elementor-divider\">\n\t\t\t<span class=\"elementor-divider-separator\">\n\t\t\t\t\t\t<\/span>\n\t\t<\/div>\n\t\t\t\t\t\t<\/div>\n\t\t\t\t<\/div>\n\t\t\t\t\t<\/div>\n\t\t<\/div>\n\t\t\t\t\t<\/div>\n\t\t<\/section>\n\t\t\t\t<\/div>","protected":false},"excerpt":{"rendered":"<p>\u201eJezus was kocha. Wtedy, gdy wchodzi w wasz \u015bwiat, to pierwsze co wam przynosi, to do\u015bwiadczenie Swojej mi\u0142o\u015bci\u201d. Tymi s\u0142owami zwr\u00f3ci\u0142 si\u0119 do przedsi\u0119biorc\u00f3w abp Grzegorz Ry\u015b, ordynariusz metropolii \u0142\u00f3dzkiej, podczas uroczystej Mszy \u015bw. sprawowanej przed Cudownym Obrazem Matki Bo\u017cej Liche\u0144skiej w zwi\u0105zku z przypadaj\u0105cym Dniem Przedsi\u0119biorcy. Podczas Eucharystii sprawowanej w liche\u0144skiej bazylice obecni byli [&hellip;]<\/p>\n","protected":false},"author":4,"featured_media":14730,"comment_status":"open","ping_status":"open","sticky":false,"template":"","format":"standard","meta":{"footnotes":""},"categories":[1],"tags":[],"class_list":["post-14701","post","type-post","status-publish","format-standard","has-post-thumbnail","hentry","category-aktualnosci","wpbf-post"],"yoast_head":"<!-- This site is optimized with the Yoast SEO plugin v27.4 - https:\/\/yoast.com\/product\/yoast-seo-wordpress\/ -->\n<title>Msza \u015bw. z okazji Dnia Przedsi\u0119biorcy - SANKTUARIUM W LICHENIU<\/title>\n<meta name=\"robots\" content=\"index, follow, max-snippet:-1, max-image-preview:large, max-video-preview:-1\" \/>\n<link rel=\"canonical\" href=\"https:\/\/www.lichen.pl\/de\/msza-sw-z-okazji-dnia-przedsiebiorcy\/\" \/>\n<meta property=\"og:locale\" content=\"de_DE\" \/>\n<meta property=\"og:type\" content=\"article\" \/>\n<meta property=\"og:title\" content=\"Msza \u015bw. z okazji Dnia Przedsi\u0119biorcy - SANKTUARIUM W LICHENIU\" \/>\n<meta property=\"og:description\" content=\"\u201eJezus was kocha. Wtedy, gdy wchodzi w wasz \u015bwiat, to pierwsze co wam przynosi, to do\u015bwiadczenie Swojej mi\u0142o\u015bci\u201d. Tymi s\u0142owami zwr\u00f3ci\u0142 si\u0119 do przedsi\u0119biorc\u00f3w abp Grzegorz Ry\u015b, ordynariusz metropolii \u0142\u00f3dzkiej, podczas uroczystej Mszy \u015bw. sprawowanej przed Cudownym Obrazem Matki Bo\u017cej Liche\u0144skiej w zwi\u0105zku z przypadaj\u0105cym Dniem Przedsi\u0119biorcy. Podczas Eucharystii sprawowanej w liche\u0144skiej bazylice obecni byli [&hellip;]\" \/>\n<meta property=\"og:url\" content=\"https:\/\/www.lichen.pl\/de\/msza-sw-z-okazji-dnia-przedsiebiorcy\/\" \/>\n<meta property=\"og:site_name\" content=\"SANKTUARIUM W LICHENIU\" \/>\n<meta property=\"article:published_time\" content=\"2021-06-20T17:50:07+00:00\" \/>\n<meta property=\"article:modified_time\" content=\"2021-06-21T10:42:17+00:00\" \/>\n<meta property=\"og:image\" content=\"https:\/\/www.lichen.pl\/wp-content\/uploads\/2021\/06\/IMG_9657.jpg\" \/>\n\t<meta property=\"og:image:width\" content=\"1920\" \/>\n\t<meta property=\"og:image:height\" content=\"1440\" \/>\n\t<meta property=\"og:image:type\" content=\"image\/jpeg\" \/>\n<meta name=\"author\" content=\"ROBERT ADAMCZYK\" \/>\n<meta name=\"twitter:card\" content=\"summary_large_image\" \/>\n<meta name=\"twitter:label1\" content=\"Verfasst von\" \/>\n\t<meta name=\"twitter:data1\" content=\"ROBERT ADAMCZYK\" \/>\n\t<meta name=\"twitter:label2\" content=\"Gesch\u00e4tzte Lesezeit\" \/>\n\t<meta name=\"twitter:data2\" content=\"5\u00a0Minuten\" \/>\n<script type=\"application\/ld+json\" class=\"yoast-schema-graph\">{\"@context\":\"https:\\\/\\\/schema.org\",\"@graph\":[{\"@type\":\"Article\",\"@id\":\"https:\\\/\\\/www.lichen.pl\\\/de\\\/msza-sw-z-okazji-dnia-przedsiebiorcy\\\/#article\",\"isPartOf\":{\"@id\":\"https:\\\/\\\/www.lichen.pl\\\/de\\\/msza-sw-z-okazji-dnia-przedsiebiorcy\\\/\"},\"author\":{\"name\":\"ROBERT ADAMCZYK\",\"@id\":\"https:\\\/\\\/www.lichen.pl\\\/fr\\\/#\\\/schema\\\/person\\\/c06cd926b95870cc59f18d6ee6e33da5\"},\"headline\":\"Msza \u015bw. z okazji Dnia Przedsi\u0119biorcy\",\"datePublished\":\"2021-06-20T17:50:07+00:00\",\"dateModified\":\"2021-06-21T10:42:17+00:00\",\"mainEntityOfPage\":{\"@id\":\"https:\\\/\\\/www.lichen.pl\\\/de\\\/msza-sw-z-okazji-dnia-przedsiebiorcy\\\/\"},\"wordCount\":1030,\"commentCount\":0,\"image\":{\"@id\":\"https:\\\/\\\/www.lichen.pl\\\/de\\\/msza-sw-z-okazji-dnia-przedsiebiorcy\\\/#primaryimage\"},\"thumbnailUrl\":\"https:\\\/\\\/www.lichen.pl\\\/wp-content\\\/uploads\\\/2021\\\/06\\\/IMG_9657.jpg\",\"articleSection\":[\"Aktualno\u015bci\"],\"inLanguage\":\"de\",\"potentialAction\":[{\"@type\":\"CommentAction\",\"name\":\"Comment\",\"target\":[\"https:\\\/\\\/www.lichen.pl\\\/de\\\/msza-sw-z-okazji-dnia-przedsiebiorcy\\\/#respond\"]}]},{\"@type\":\"WebPage\",\"@id\":\"https:\\\/\\\/www.lichen.pl\\\/de\\\/msza-sw-z-okazji-dnia-przedsiebiorcy\\\/\",\"url\":\"https:\\\/\\\/www.lichen.pl\\\/de\\\/msza-sw-z-okazji-dnia-przedsiebiorcy\\\/\",\"name\":\"Msza \u015bw. z okazji Dnia Przedsi\u0119biorcy - SANKTUARIUM W LICHENIU\",\"isPartOf\":{\"@id\":\"https:\\\/\\\/www.lichen.pl\\\/fr\\\/#website\"},\"primaryImageOfPage\":{\"@id\":\"https:\\\/\\\/www.lichen.pl\\\/de\\\/msza-sw-z-okazji-dnia-przedsiebiorcy\\\/#primaryimage\"},\"image\":{\"@id\":\"https:\\\/\\\/www.lichen.pl\\\/de\\\/msza-sw-z-okazji-dnia-przedsiebiorcy\\\/#primaryimage\"},\"thumbnailUrl\":\"https:\\\/\\\/www.lichen.pl\\\/wp-content\\\/uploads\\\/2021\\\/06\\\/IMG_9657.jpg\",\"datePublished\":\"2021-06-20T17:50:07+00:00\",\"dateModified\":\"2021-06-21T10:42:17+00:00\",\"author\":{\"@id\":\"https:\\\/\\\/www.lichen.pl\\\/fr\\\/#\\\/schema\\\/person\\\/c06cd926b95870cc59f18d6ee6e33da5\"},\"breadcrumb\":{\"@id\":\"https:\\\/\\\/www.lichen.pl\\\/de\\\/msza-sw-z-okazji-dnia-przedsiebiorcy\\\/#breadcrumb\"},\"inLanguage\":\"de\",\"potentialAction\":[{\"@type\":\"ReadAction\",\"target\":[\"https:\\\/\\\/www.lichen.pl\\\/de\\\/msza-sw-z-okazji-dnia-przedsiebiorcy\\\/\"]}]},{\"@type\":\"ImageObject\",\"inLanguage\":\"de\",\"@id\":\"https:\\\/\\\/www.lichen.pl\\\/de\\\/msza-sw-z-okazji-dnia-przedsiebiorcy\\\/#primaryimage\",\"url\":\"https:\\\/\\\/www.lichen.pl\\\/wp-content\\\/uploads\\\/2021\\\/06\\\/IMG_9657.jpg\",\"contentUrl\":\"https:\\\/\\\/www.lichen.pl\\\/wp-content\\\/uploads\\\/2021\\\/06\\\/IMG_9657.jpg\",\"width\":1920,\"height\":1440},{\"@type\":\"BreadcrumbList\",\"@id\":\"https:\\\/\\\/www.lichen.pl\\\/de\\\/msza-sw-z-okazji-dnia-przedsiebiorcy\\\/#breadcrumb\",\"itemListElement\":[{\"@type\":\"ListItem\",\"position\":1,\"name\":\"Strona g\u0142\u00f3wna\",\"item\":\"https:\\\/\\\/www.lichen.pl\\\/\"},{\"@type\":\"ListItem\",\"position\":2,\"name\":\"Msza \u015bw. z okazji Dnia Przedsi\u0119biorcy\"}]},{\"@type\":\"WebSite\",\"@id\":\"https:\\\/\\\/www.lichen.pl\\\/fr\\\/#website\",\"url\":\"https:\\\/\\\/www.lichen.pl\\\/fr\\\/\",\"name\":\"SANKTUARIUM W LICHENIU\",\"description\":\"MATKI BO\u017bEJ LICHE\u0143SKIEJ BOLESNEJ KR\u00d3LOWEJ POLSKI\",\"potentialAction\":[{\"@type\":\"SearchAction\",\"target\":{\"@type\":\"EntryPoint\",\"urlTemplate\":\"https:\\\/\\\/www.lichen.pl\\\/fr\\\/?s={search_term_string}\"},\"query-input\":{\"@type\":\"PropertyValueSpecification\",\"valueRequired\":true,\"valueName\":\"search_term_string\"}}],\"inLanguage\":\"de\"},{\"@type\":\"Person\",\"@id\":\"https:\\\/\\\/www.lichen.pl\\\/fr\\\/#\\\/schema\\\/person\\\/c06cd926b95870cc59f18d6ee6e33da5\",\"name\":\"ROBERT ADAMCZYK\",\"image\":{\"@type\":\"ImageObject\",\"inLanguage\":\"de\",\"@id\":\"https:\\\/\\\/secure.gravatar.com\\\/avatar\\\/53c330430596e73552f4c356c2e47c209ff8f6352a5106011c9b6abcce5e00df?s=96&d=retro&r=g\",\"url\":\"https:\\\/\\\/secure.gravatar.com\\\/avatar\\\/53c330430596e73552f4c356c2e47c209ff8f6352a5106011c9b6abcce5e00df?s=96&d=retro&r=g\",\"contentUrl\":\"https:\\\/\\\/secure.gravatar.com\\\/avatar\\\/53c330430596e73552f4c356c2e47c209ff8f6352a5106011c9b6abcce5e00df?s=96&d=retro&r=g\",\"caption\":\"ROBERT ADAMCZYK\"},\"url\":\"https:\\\/\\\/www.lichen.pl\\\/de\\\/author\\\/press\\\/\"}]}<\/script>\n<!-- \/ Yoast SEO plugin. -->","yoast_head_json":{"title":"Msza \u015bw. z okazji Dnia Przedsi\u0119biorcy - SANKTUARIUM W LICHENIU","robots":{"index":"index","follow":"follow","max-snippet":"max-snippet:-1","max-image-preview":"max-image-preview:large","max-video-preview":"max-video-preview:-1"},"canonical":"https:\/\/www.lichen.pl\/de\/msza-sw-z-okazji-dnia-przedsiebiorcy\/","og_locale":"de_DE","og_type":"article","og_title":"Msza \u015bw. z okazji Dnia Przedsi\u0119biorcy - SANKTUARIUM W LICHENIU","og_description":"\u201eJezus was kocha. Wtedy, gdy wchodzi w wasz \u015bwiat, to pierwsze co wam przynosi, to do\u015bwiadczenie Swojej mi\u0142o\u015bci\u201d. Tymi s\u0142owami zwr\u00f3ci\u0142 si\u0119 do przedsi\u0119biorc\u00f3w abp Grzegorz Ry\u015b, ordynariusz metropolii \u0142\u00f3dzkiej, podczas uroczystej Mszy \u015bw. sprawowanej przed Cudownym Obrazem Matki Bo\u017cej Liche\u0144skiej w zwi\u0105zku z przypadaj\u0105cym Dniem Przedsi\u0119biorcy. Podczas Eucharystii sprawowanej w liche\u0144skiej bazylice obecni byli [&hellip;]","og_url":"https:\/\/www.lichen.pl\/de\/msza-sw-z-okazji-dnia-przedsiebiorcy\/","og_site_name":"SANKTUARIUM W LICHENIU","article_published_time":"2021-06-20T17:50:07+00:00","article_modified_time":"2021-06-21T10:42:17+00:00","og_image":[{"width":1920,"height":1440,"url":"https:\/\/www.lichen.pl\/wp-content\/uploads\/2021\/06\/IMG_9657.jpg","type":"image\/jpeg"}],"author":"ROBERT ADAMCZYK","twitter_card":"summary_large_image","twitter_misc":{"Verfasst von":"ROBERT ADAMCZYK","Gesch\u00e4tzte Lesezeit":"5\u00a0Minuten"},"schema":{"@context":"https:\/\/schema.org","@graph":[{"@type":"Article","@id":"https:\/\/www.lichen.pl\/de\/msza-sw-z-okazji-dnia-przedsiebiorcy\/#article","isPartOf":{"@id":"https:\/\/www.lichen.pl\/de\/msza-sw-z-okazji-dnia-przedsiebiorcy\/"},"author":{"name":"ROBERT ADAMCZYK","@id":"https:\/\/www.lichen.pl\/fr\/#\/schema\/person\/c06cd926b95870cc59f18d6ee6e33da5"},"headline":"Msza \u015bw. z okazji Dnia Przedsi\u0119biorcy","datePublished":"2021-06-20T17:50:07+00:00","dateModified":"2021-06-21T10:42:17+00:00","mainEntityOfPage":{"@id":"https:\/\/www.lichen.pl\/de\/msza-sw-z-okazji-dnia-przedsiebiorcy\/"},"wordCount":1030,"commentCount":0,"image":{"@id":"https:\/\/www.lichen.pl\/de\/msza-sw-z-okazji-dnia-przedsiebiorcy\/#primaryimage"},"thumbnailUrl":"https:\/\/www.lichen.pl\/wp-content\/uploads\/2021\/06\/IMG_9657.jpg","articleSection":["Aktualno\u015bci"],"inLanguage":"de","potentialAction":[{"@type":"CommentAction","name":"Comment","target":["https:\/\/www.lichen.pl\/de\/msza-sw-z-okazji-dnia-przedsiebiorcy\/#respond"]}]},{"@type":"WebPage","@id":"https:\/\/www.lichen.pl\/de\/msza-sw-z-okazji-dnia-przedsiebiorcy\/","url":"https:\/\/www.lichen.pl\/de\/msza-sw-z-okazji-dnia-przedsiebiorcy\/","name":"Msza \u015bw. z okazji Dnia Przedsi\u0119biorcy - SANKTUARIUM W LICHENIU","isPartOf":{"@id":"https:\/\/www.lichen.pl\/fr\/#website"},"primaryImageOfPage":{"@id":"https:\/\/www.lichen.pl\/de\/msza-sw-z-okazji-dnia-przedsiebiorcy\/#primaryimage"},"image":{"@id":"https:\/\/www.lichen.pl\/de\/msza-sw-z-okazji-dnia-przedsiebiorcy\/#primaryimage"},"thumbnailUrl":"https:\/\/www.lichen.pl\/wp-content\/uploads\/2021\/06\/IMG_9657.jpg","datePublished":"2021-06-20T17:50:07+00:00","dateModified":"2021-06-21T10:42:17+00:00","author":{"@id":"https:\/\/www.lichen.pl\/fr\/#\/schema\/person\/c06cd926b95870cc59f18d6ee6e33da5"},"breadcrumb":{"@id":"https:\/\/www.lichen.pl\/de\/msza-sw-z-okazji-dnia-przedsiebiorcy\/#breadcrumb"},"inLanguage":"de","potentialAction":[{"@type":"ReadAction","target":["https:\/\/www.lichen.pl\/de\/msza-sw-z-okazji-dnia-przedsiebiorcy\/"]}]},{"@type":"ImageObject","inLanguage":"de","@id":"https:\/\/www.lichen.pl\/de\/msza-sw-z-okazji-dnia-przedsiebiorcy\/#primaryimage","url":"https:\/\/www.lichen.pl\/wp-content\/uploads\/2021\/06\/IMG_9657.jpg","contentUrl":"https:\/\/www.lichen.pl\/wp-content\/uploads\/2021\/06\/IMG_9657.jpg","width":1920,"height":1440},{"@type":"BreadcrumbList","@id":"https:\/\/www.lichen.pl\/de\/msza-sw-z-okazji-dnia-przedsiebiorcy\/#breadcrumb","itemListElement":[{"@type":"ListItem","position":1,"name":"Strona g\u0142\u00f3wna","item":"https:\/\/www.lichen.pl\/"},{"@type":"ListItem","position":2,"name":"Msza \u015bw. z okazji Dnia Przedsi\u0119biorcy"}]},{"@type":"WebSite","@id":"https:\/\/www.lichen.pl\/fr\/#website","url":"https:\/\/www.lichen.pl\/fr\/","name":"HEILIGTUM IN LICHENIEN","description":"DIE TRAURIGE K\u00d6NIGIN UNSERER FLECHEN VON POLEN","potentialAction":[{"@type":"SearchAction","target":{"@type":"EntryPoint","urlTemplate":"https:\/\/www.lichen.pl\/fr\/?s={search_term_string}"},"query-input":{"@type":"PropertyValueSpecification","valueRequired":true,"valueName":"search_term_string"}}],"inLanguage":"de"},{"@type":"Person","@id":"https:\/\/www.lichen.pl\/fr\/#\/schema\/person\/c06cd926b95870cc59f18d6ee6e33da5","name":"ROBERT ADAMCZYK","image":{"@type":"ImageObject","inLanguage":"de","@id":"https:\/\/secure.gravatar.com\/avatar\/53c330430596e73552f4c356c2e47c209ff8f6352a5106011c9b6abcce5e00df?s=96&d=retro&r=g","url":"https:\/\/secure.gravatar.com\/avatar\/53c330430596e73552f4c356c2e47c209ff8f6352a5106011c9b6abcce5e00df?s=96&d=retro&r=g","contentUrl":"https:\/\/secure.gravatar.com\/avatar\/53c330430596e73552f4c356c2e47c209ff8f6352a5106011c9b6abcce5e00df?s=96&d=retro&r=g","caption":"ROBERT ADAMCZYK"},"url":"https:\/\/www.lichen.pl\/de\/author\/press\/"}]}},"_links":{"self":[{"href":"https:\/\/www.lichen.pl\/de\/wp-json\/wp\/v2\/posts\/14701","targetHints":{"allow":["GET"]}}],"collection":[{"href":"https:\/\/www.lichen.pl\/de\/wp-json\/wp\/v2\/posts"}],"about":[{"href":"https:\/\/www.lichen.pl\/de\/wp-json\/wp\/v2\/types\/post"}],"author":[{"embeddable":true,"href":"https:\/\/www.lichen.pl\/de\/wp-json\/wp\/v2\/users\/4"}],"replies":[{"embeddable":true,"href":"https:\/\/www.lichen.pl\/de\/wp-json\/wp\/v2\/comments?post=14701"}],"version-history":[{"count":10,"href":"https:\/\/www.lichen.pl\/de\/wp-json\/wp\/v2\/posts\/14701\/revisions"}],"predecessor-version":[{"id":15001,"href":"https:\/\/www.lichen.pl\/de\/wp-json\/wp\/v2\/posts\/14701\/revisions\/15001"}],"wp:featuredmedia":[{"embeddable":true,"href":"https:\/\/www.lichen.pl\/de\/wp-json\/wp\/v2\/media\/14730"}],"wp:attachment":[{"href":"https:\/\/www.lichen.pl\/de\/wp-json\/wp\/v2\/media?parent=14701"}],"wp:term":[{"taxonomy":"category","embeddable":true,"href":"https:\/\/www.lichen.pl\/de\/wp-json\/wp\/v2\/categories?post=14701"},{"taxonomy":"post_tag","embeddable":true,"href":"https:\/\/www.lichen.pl\/de\/wp-json\/wp\/v2\/tags?post=14701"}],"curies":[{"name":"wp","href":"https:\/\/api.w.org\/{rel}","templated":true}]}}