{"id":16011,"date":"2021-06-24T19:00:26","date_gmt":"2021-06-24T19:00:26","guid":{"rendered":"http:\/\/www.lichen.pl\/?p=16011"},"modified":"2021-06-29T20:32:48","modified_gmt":"2021-06-29T20:32:48","slug":"rekolekcje-trzezwosciowe-ozywieni-slowem-18-20-czerwca-2021","status":"publish","type":"post","link":"https:\/\/www.lichen.pl\/de\/rekolekcje-trzezwosciowe-ozywieni-slowem-18-20-czerwca-2021\/","title":{"rendered":"N\u00fcchternheits-Retreat &quot;Animated by Word&quot;, 18.-20. Juni 2021."},"content":{"rendered":"<div data-elementor-type=\"wp-post\" data-elementor-id=\"16011\" class=\"elementor elementor-16011\" data-elementor-post-type=\"post\">\n\t\t\t\t\t\t<section class=\"elementor-section elementor-top-section elementor-element elementor-element-7940e44 elementor-section-boxed elementor-section-height-default elementor-section-height-default\" data-id=\"7940e44\" data-element_type=\"section\" data-e-type=\"section\">\n\t\t\t\t\t\t<div class=\"elementor-container elementor-column-gap-default\">\n\t\t\t\t\t<div class=\"elementor-column elementor-col-100 elementor-top-column elementor-element elementor-element-e958e16\" data-id=\"e958e16\" data-element_type=\"column\" data-e-type=\"column\">\n\t\t\t<div class=\"elementor-widget-wrap elementor-element-populated\">\n\t\t\t\t\t\t<div class=\"elementor-element elementor-element-f9d992d elementor-widget elementor-widget-heading\" data-id=\"f9d992d\" data-element_type=\"widget\" data-e-type=\"widget\" data-widget_type=\"heading.default\">\n\t\t\t\t<div class=\"elementor-widget-container\">\n\t\t\t\t\t<h2 class=\"elementor-heading-title elementor-size-default\">Fast 60 Menschen aus ganz Polen nahmen am Wochenende vom 18. bis 20. Juni an den N\u00fcchternheitsretreats &quot;Revived by Word&quot; teil, die in der Wallfahrtskirche Unserer Lieben Frau von Liche\u0144 organisiert wurden<\/h2>\t\t\t\t<\/div>\n\t\t\t\t<\/div>\n\t\t\t\t\t<\/div>\n\t\t<\/div>\n\t\t\t\t\t<\/div>\n\t\t<\/section>\n\t\t\t\t<section class=\"elementor-section elementor-top-section elementor-element elementor-element-dfaf7ed elementor-section-boxed elementor-section-height-default elementor-section-height-default\" data-id=\"dfaf7ed\" data-element_type=\"section\" data-e-type=\"section\">\n\t\t\t\t\t\t<div class=\"elementor-container elementor-column-gap-default\">\n\t\t\t\t\t<div class=\"elementor-column elementor-col-100 elementor-top-column elementor-element elementor-element-41c24f2\" data-id=\"41c24f2\" data-element_type=\"column\" data-e-type=\"column\">\n\t\t\t<div class=\"elementor-widget-wrap elementor-element-populated\">\n\t\t\t\t\t\t<div class=\"elementor-element elementor-element-bf578a4 elementor-widget elementor-widget-text-editor\" data-id=\"bf578a4\" data-element_type=\"widget\" data-e-type=\"widget\" data-widget_type=\"text-editor.default\">\n\t\t\t\t<div class=\"elementor-widget-container\">\n\t\t\t\t\t\t\t\t\t<p>W\u00e4hrend der drei Tage der Exerzitien h\u00f6rten die Teilnehmer den Konferenzen zu, die in einer Atmosph\u00e4re des Gebets abgehalten wurden. Am Freitag, 18. Juni, fand auf der Flechten Golgatha ein einzigartiger Kreuzweg statt, verbunden mit den Zeugnissen der Teilnehmer. Das n\u00e4chste N\u00fcchternheits-Retreat im Heiligtum von Liche\u0144 findet dieses Jahr am 10.-12. September und 10.-12. Dezember statt.<\/p>\t\t\t\t\t\t\t\t<\/div>\n\t\t\t\t<\/div>\n\t\t\t\t<div class=\"elementor-element elementor-element-dffcd92 elementor-widget elementor-widget-text-editor\" data-id=\"dffcd92\" data-element_type=\"widget\" data-e-type=\"widget\" data-widget_type=\"text-editor.default\">\n\t\t\t\t<div class=\"elementor-widget-container\">\n\t\t\t\t\t\t\t\t\t<p>&#8211; <em>\u201eDieses Retreat richtet sich an alle. Wir hatten zu Hause ein Alkoholproblem, also dachte ich, das ist der richtige Ort.&quot;<\/em> - sagt Beata aus W\u0142oc\u0142awek, die mit ihrem Mann nach Liche\u0144 kam. - <em>\u201eDie Teilnahme am N\u00fcchternheitsretreat hat mir best\u00e4tigt, dass das Alkoholproblem, das bei uns zu Hause aufgetreten ist, keine Strafe ist. Dass ich vielleicht am richtigen Ort bin \u2013 im Sinne dieser Familie \u2013 dass ich vielleicht meinem Mann dabei helfen kann, zu \u00fcberleben. Vielleicht muss er das so genannte nicht durchmachen unten, vielleicht k\u00f6nnen wir es fr\u00fcher tun. Ich habe mich von meinen Problemen gel\u00f6st, ich habe der Muttergottes geschenkt, was in unserem bisherigen Leben passiert ist.&quot;<\/em><\/p>\t\t\t\t\t\t\t\t<\/div>\n\t\t\t\t<\/div>\n\t\t\t\t<section class=\"elementor-section elementor-inner-section elementor-element elementor-element-eb45066 elementor-section-boxed elementor-section-height-default elementor-section-height-default\" data-id=\"eb45066\" data-element_type=\"section\" data-e-type=\"section\">\n\t\t\t\t\t\t<div class=\"elementor-container elementor-column-gap-default\">\n\t\t\t\t\t<div class=\"elementor-column elementor-col-50 elementor-inner-column elementor-element elementor-element-e866386\" data-id=\"e866386\" data-element_type=\"column\" data-e-type=\"column\">\n\t\t\t<div class=\"elementor-widget-wrap elementor-element-populated\">\n\t\t\t\t\t\t<div class=\"elementor-element elementor-element-9b4dc91 elementor-blockquote--skin-boxed elementor-widget elementor-widget-blockquote\" data-id=\"9b4dc91\" data-element_type=\"widget\" data-e-type=\"widget\" data-widget_type=\"blockquote.default\">\n\t\t\t\t<div class=\"elementor-widget-container\">\n\t\t\t\t\t\t\t<blockquote class=\"elementor-blockquote\">\n\t\t\t<p class=\"elementor-blockquote__content\">\n\t\t\t\t\u201eWir beginnen unsere Exerzitientage mit Laudes und greifen auf die Tradition der Kirche zur\u00fcck. Wir lernen die Methode der Lectio Divina kennen, damit sie zum Studium des Wortes Gottes genutzt werden kann. Es gibt eine gemeinsame Lesung des Wortes Gottes, einen Kommentar des Leiters und eine Einladung zur Einzelmeditation. Das Thema des Retreats &quot;vom Wort belebt&quot; ist den bevorstehenden Liche\u0144 Sobriety Meetings entnommen. Das Wort umgibt uns. Es ist in unserem Alltag pr\u00e4sent. Das Wort des Menschen ist nicht immer belebend. Manchmal ist er sogar ein Killer. Wir m\u00f6chten Gottes Wort zeigen, das die Kraft hat zu heilen, aufzurichten und aufzuerstehen. Zu dem Retreat sind alle Menschen eingeladen, die jede Art von Sucht oder Fesselung erlebt haben. Heute ist dieses Suchtspektrum sehr gro\u00df. Wir verbinden normalerweise N\u00fcchternheit damit, nicht zu trinken. Dies ist jedoch eine gro\u00dfe Vereinfachung. Es kann Freiheit von Porno-, Essens-, Computer- und Zigarettensucht sein. Sie sind auch Co-Abh\u00e4ngigkeiten, in denen die in unserer Umgebung lebenden S\u00fcchtigen unsere Freiheit einschr\u00e4nken.\t\t\t<\/p>\n\t\t\t\t\t\t\t<div class=\"e-q-footer\">\n\t\t\t\t\t\t\t\t\t\t\t<cite class=\"elementor-blockquote__author\">Fr. Zbigniew Borkowski, MIC<\/cite>\n\t\t\t\t\t\t\t\t\t\t\t\t\t\t<\/div>\n\t\t\t\t\t<\/blockquote>\n\t\t\t\t\t\t<\/div>\n\t\t\t\t<\/div>\n\t\t\t\t\t<\/div>\n\t\t<\/div>\n\t\t\t\t<div class=\"elementor-column elementor-col-50 elementor-inner-column elementor-element elementor-element-4238968\" data-id=\"4238968\" data-element_type=\"column\" data-e-type=\"column\">\n\t\t\t<div class=\"elementor-widget-wrap elementor-element-populated\">\n\t\t\t\t\t\t<div class=\"elementor-element elementor-element-cb0a36c elementor-widget elementor-widget-image\" data-id=\"cb0a36c\" data-element_type=\"widget\" data-e-type=\"widget\" data-widget_type=\"image.default\">\n\t\t\t\t<div class=\"elementor-widget-container\">\n\t\t\t\t\t\t\t\t\t\t\t\t<figure class=\"wp-caption\">\n\t\t\t\t\t\t\t\t\t\t<img fetchpriority=\"high\" decoding=\"async\" width=\"512\" height=\"341\" src=\"https:\/\/www.lichen.pl\/wp-content\/uploads\/2021\/06\/Rekolekcje-trzezwosciowe-Ozywieni-Slowem-18-20-czerwca-2021-7.jpg\" class=\"attachment-medium_large size-medium_large wp-image-16013\" alt=\"\" srcset=\"https:\/\/www.lichen.pl\/wp-content\/uploads\/2021\/06\/Rekolekcje-trzezwosciowe-Ozywieni-Slowem-18-20-czerwca-2021-7.jpg 512w, https:\/\/www.lichen.pl\/wp-content\/uploads\/2021\/06\/Rekolekcje-trzezwosciowe-Ozywieni-Slowem-18-20-czerwca-2021-7-300x200.jpg 300w\" sizes=\"(max-width: 512px) 100vw, 512px\" \/>\t\t\t\t\t\t\t\t\t\t\t<figcaption class=\"widget-image-caption wp-caption-text\">Fr. Zbigniew Borkowski, MIC, Direktor des Zentrums f\u00fcr Familien- und Suchthilfe Liche\u0144<\/figcaption>\n\t\t\t\t\t\t\t\t\t\t<\/figure>\n\t\t\t\t\t\t\t\t\t<\/div>\n\t\t\t\t<\/div>\n\t\t\t\t\t<\/div>\n\t\t<\/div>\n\t\t\t\t\t<\/div>\n\t\t<\/section>\n\t\t\t\t<div class=\"elementor-element elementor-element-6f45bcf elementor-widget elementor-widget-text-editor\" data-id=\"6f45bcf\" data-element_type=\"widget\" data-e-type=\"widget\" data-widget_type=\"text-editor.default\">\n\t\t\t\t<div class=\"elementor-widget-container\">\n\t\t\t\t\t\t\t\t\t<p>st. Jakobus \u2013 12 Schritte f\u00fcr Christen ist ein Ort, um die Beziehung zu Gott und anderen Menschen zu vertiefen, wo er durch die Umsetzung der 12 Schritte versucht, Gottes Willen in seinem Leben zu verwirklichen. Das Juni-Retreat war ein weiterer Besuch in Liche\u0144, sowohl der Gemeinde als auch der Umgebung, die mit dem TVP-Programm &quot;Survivors&quot; verbunden sind. Beide Realit\u00e4ten beteiligen sich seit mehreren Jahren an den j\u00e4hrlichen Sobriety Meetings in Liche\u0144. - <em>\u201eGemeinde St. Jakub hat mich begeistert&quot;<\/em> - sagt Beata - &quot;<em>erwachsene M\u00e4nner, in ihren besten Jahren, nach einer solchen Tortur, dass ich nicht daran denken kann, dass Sie daraus herauskommen, haben sie keine Angst, ein Kreuz vor den Altar zu stellen.<\/em><\/p>\t\t\t\t\t\t\t\t<\/div>\n\t\t\t\t<\/div>\n\t\t\t\t<section class=\"elementor-section elementor-inner-section elementor-element elementor-element-9fff872 elementor-section-boxed elementor-section-height-default elementor-section-height-default\" data-id=\"9fff872\" data-element_type=\"section\" data-e-type=\"section\">\n\t\t\t\t\t\t<div class=\"elementor-container elementor-column-gap-default\">\n\t\t\t\t\t<div class=\"elementor-column elementor-col-50 elementor-inner-column elementor-element elementor-element-a1c6bab\" data-id=\"a1c6bab\" data-element_type=\"column\" data-e-type=\"column\">\n\t\t\t<div class=\"elementor-widget-wrap elementor-element-populated\">\n\t\t\t\t\t\t<div class=\"elementor-element elementor-element-9267ac0 elementor-widget elementor-widget-image\" data-id=\"9267ac0\" data-element_type=\"widget\" data-e-type=\"widget\" data-widget_type=\"image.default\">\n\t\t\t\t<div class=\"elementor-widget-container\">\n\t\t\t\t\t\t\t\t\t\t\t\t<figure class=\"wp-caption\">\n\t\t\t\t\t\t\t\t\t\t<img decoding=\"async\" width=\"900\" height=\"506\" src=\"https:\/\/www.lichen.pl\/wp-content\/uploads\/2021\/06\/Rekolekcje-trzezwosciowe-Ozywieni-Slowem-18-20-czerwca-2021-8.jpg\" class=\"attachment-large size-large wp-image-16019\" alt=\"\" srcset=\"https:\/\/www.lichen.pl\/wp-content\/uploads\/2021\/06\/Rekolekcje-trzezwosciowe-Ozywieni-Slowem-18-20-czerwca-2021-8.jpg 900w, https:\/\/www.lichen.pl\/wp-content\/uploads\/2021\/06\/Rekolekcje-trzezwosciowe-Ozywieni-Slowem-18-20-czerwca-2021-8-800x450.jpg 800w, https:\/\/www.lichen.pl\/wp-content\/uploads\/2021\/06\/Rekolekcje-trzezwosciowe-Ozywieni-Slowem-18-20-czerwca-2021-8-300x169.jpg 300w, https:\/\/www.lichen.pl\/wp-content\/uploads\/2021\/06\/Rekolekcje-trzezwosciowe-Ozywieni-Slowem-18-20-czerwca-2021-8-768x432.jpg 768w\" sizes=\"(max-width: 900px) 100vw, 900px\" \/>\t\t\t\t\t\t\t\t\t\t\t<figcaption class=\"widget-image-caption wp-caption-text\">Rafa\u0142 Porzezi\u0144ski, Urheber, Sch\u00f6pfer und Moderator des Programms &quot;Survivors&quot; <\/figcaption>\n\t\t\t\t\t\t\t\t\t\t<\/figure>\n\t\t\t\t\t\t\t\t\t<\/div>\n\t\t\t\t<\/div>\n\t\t\t\t\t<\/div>\n\t\t<\/div>\n\t\t\t\t<div class=\"elementor-column elementor-col-50 elementor-inner-column elementor-element elementor-element-40f5bc1\" data-id=\"40f5bc1\" data-element_type=\"column\" data-e-type=\"column\">\n\t\t\t<div class=\"elementor-widget-wrap elementor-element-populated\">\n\t\t\t\t\t\t<div class=\"elementor-element elementor-element-7a43ff8 elementor-blockquote--skin-boxed elementor-widget elementor-widget-blockquote\" data-id=\"7a43ff8\" data-element_type=\"widget\" data-e-type=\"widget\" data-widget_type=\"blockquote.default\">\n\t\t\t\t<div class=\"elementor-widget-container\">\n\t\t\t\t\t\t\t<blockquote class=\"elementor-blockquote\">\n\t\t\t<p class=\"elementor-blockquote__content\">\n\t\t\t\t\u201eWir sind mit der Gemeinde St. James und die Survivors-Community, um \u00fcber das 12-Schritte-Programm zu sprechen - woher kommt dieses erstaunliche Programm, das von Alkoholikern geschrieben wurde, und wie kann es nicht nur Alkoholikern, sondern allen helfen, sch\u00f6n, weise, gut und ehrlich zu werden? Wir sprechen \u00fcber den Weg von der Krise zur Heiligkeit\u201c \t\t\t<\/p>\n\t\t\t\t\t\t\t<div class=\"e-q-footer\">\n\t\t\t\t\t\t\t\t\t\t\t<cite class=\"elementor-blockquote__author\">Rafa\u0142 Porzezi\u0144ski<\/cite>\n\t\t\t\t\t\t\t\t\t\t\t\t\t\t<\/div>\n\t\t\t\t\t<\/blockquote>\n\t\t\t\t\t\t<\/div>\n\t\t\t\t<\/div>\n\t\t\t\t\t<\/div>\n\t\t<\/div>\n\t\t\t\t\t<\/div>\n\t\t<\/section>\n\t\t\t\t<div class=\"elementor-element elementor-element-6f04d09 elementor-widget elementor-widget-text-editor\" data-id=\"6f04d09\" data-element_type=\"widget\" data-e-type=\"widget\" data-widget_type=\"text-editor.default\">\n\t\t\t\t<div class=\"elementor-widget-container\">\n\t\t\t\t\t\t\t\t\t<p>W\u00e4hrend der Konferenzen sprach Rafa\u0142 Porzezi\u0144ski \u00fcber die Korrelation des Briefes des Hl. Jakub mit dem 12-Schritte-Programm. <em>&quot;Dieser Brief umfasst nur 5 Kapitel des Neuen Testaments und war der Quelltext f\u00fcr das 12-Schritte-Programm von AA&quot;<\/em> - erkl\u00e4rt der Journalist - <em>\u201eDiejenigen, die es gelesen haben, wissen, wie nah es an dem ist, was uns gl\u00fccklich macht \u2013 es gibt Worte, dass Glaube, so sch\u00f6n er auch sein mag, ohne Werke nichts bedeutet. Wir k\u00f6nnen Glauben bekennen und b\u00f6se leben. Der Glaube an Gott ist immer noch nichts \u2013 es ist wichtig, ihm zu glauben, ein Risiko einzugehen, auf Fels zu bauen.\u201c\u00a0<\/em>In Bezug auf die f\u00fcr den 23. bis 25. Juli geplanten N\u00fcchternheitstreffen in Liche\u0144 erkl\u00e4rte er: <em>\u201eEs wird eine Gelegenheit sein, das ewige Wort und die Bedeutung unserer Worte zu erkennen. Um sie nicht links und rechts zu verschwenden, schw\u00f6ren Sie nicht. Der Brief von Jakobus lehrt, dass die Bedeutung des Wortes wichtig ist. Wenn du etwas sagst, bleib dabei. Anstatt tausendmal zu sagen, dass Sie es tun werden, tun Sie Ihren Job. Ich bin froh, dass hier so viele n\u00fcchterne Realit\u00e4ten auftauchen. Ich hoffe, dass dieses Jahr die Wahrheit geh\u00f6rt wird, dass unsere N\u00fcchternheit darauf beruht, dass unsere Rede mit unseren Gedanken und unserem Glauben \u00fcbereinstimmt. Ich denke, dass wir uns nach einem Jahr langer Pause in die Arme werfen werden. Der Hauptpunkt ist, in die Arme des Einen zu fallen, der uns erschaffen hat, uns Liebe geschenkt hat und uns weiterhin unterst\u00fctzt. Es wird eine tolle Zeit in Liche\u0144!\u201c<\/em><\/p>\t\t\t\t\t\t\t\t<\/div>\n\t\t\t\t<\/div>\n\t\t\t\t<div class=\"elementor-element elementor-element-5efb1b1 elementor-widget elementor-widget-text-editor\" data-id=\"5efb1b1\" data-element_type=\"widget\" data-e-type=\"widget\" data-widget_type=\"text-editor.default\">\n\t\t\t\t<div class=\"elementor-widget-container\">\n\t\t\t\t\t\t\t\t\t<p><strong>Lesen Sie auch:<\/strong> <a href=\"http:\/\/www.pomoc.lichen.pl\/index.php?rekolekcje2\" target=\"_blank\" rel=\"noopener\"><span style=\"color: #ff0000;\">N\u00fcchternheits-Retreat im Liche\u0144 Help Center<\/span><\/a><\/p>\t\t\t\t\t\t\t\t<\/div>\n\t\t\t\t<\/div>\n\t\t\t\t<div class=\"elementor-element elementor-element-069d00f elementor-position-left elementor-vertical-align-middle elementor-widget elementor-widget-image-box\" data-id=\"069d00f\" data-element_type=\"widget\" data-e-type=\"widget\" data-widget_type=\"image-box.default\">\n\t\t\t\t<div class=\"elementor-widget-container\">\n\t\t\t\t\t<div class=\"elementor-image-box-wrapper\"><figure class=\"elementor-image-box-img\"><img decoding=\"async\" width=\"768\" height=\"1086\" src=\"https:\/\/www.lichen.pl\/wp-content\/uploads\/2021\/06\/Rekolekcje-trzezwosciowe-Ozywieni-Slowem-18-20-czerwca-2021-6-768x1086.jpg\" class=\"attachment-medium_large size-medium_large wp-image-16049\" alt=\"\" srcset=\"https:\/\/www.lichen.pl\/wp-content\/uploads\/2021\/06\/Rekolekcje-trzezwosciowe-Ozywieni-Slowem-18-20-czerwca-2021-6-768x1086.jpg 768w, https:\/\/www.lichen.pl\/wp-content\/uploads\/2021\/06\/Rekolekcje-trzezwosciowe-Ozywieni-Slowem-18-20-czerwca-2021-6-800x1131.jpg 800w, https:\/\/www.lichen.pl\/wp-content\/uploads\/2021\/06\/Rekolekcje-trzezwosciowe-Ozywieni-Slowem-18-20-czerwca-2021-6-212x300.jpg 212w, https:\/\/www.lichen.pl\/wp-content\/uploads\/2021\/06\/Rekolekcje-trzezwosciowe-Ozywieni-Slowem-18-20-czerwca-2021-6-724x1024.jpg 724w, https:\/\/www.lichen.pl\/wp-content\/uploads\/2021\/06\/Rekolekcje-trzezwosciowe-Ozywieni-Slowem-18-20-czerwca-2021-6.jpg 843w\" sizes=\"(max-width: 768px) 100vw, 768px\" \/><\/figure><div class=\"elementor-image-box-content\"><p class=\"elementor-image-box-description\">Man kann sagen, dass das Juni-Retreat den Boden bereitete f\u00fcr die National Sobriety Meetings, die am letzten (vollen) Wochenende im Juli zum 28. Mal stattfinden werden. In diesem Jahr findet die Veranstaltung vom 23. bis 25. Juli statt. Die Organisatoren haben Treffen f\u00fcr Anonyme Alkoholiker, Drogens\u00fcchtige, Spieler, Nikotinisten, Essenstrinker, Sex- und Liebess\u00fcchtige, Depressiva, Schuldner, Sexs\u00fcchtige und Missbraucher, und Al-Anon - Verwandte und Freunde von Alkoholikern, DDA \/ DDD - Erwachsene Kinder geplant der Alkoholiker \/ Kinder mit Funktionsst\u00f6rung, Alateen - Kinder von Alkoholikern, S-Anon - Verwandte und Freunde, sowie die St. Jakobus \u2013 12 Schritte f\u00fcr Christen. Das Treffen der \u00dcberlebendengemeinschaft findet am 23. Juli im Saal des Pilgerhauses \u201eBethlehem\u201c statt. 15:00 und 25.07 Uhr 10:00. Der Gast der Sitzungen wird Fr. Marek Dziewiecki, der Preistr\u00e4ger der diesj\u00e4hrigen Pelikan-Statuette - eine Auszeichnung f\u00fcr eine durch N\u00fcchternheit ausgezeichnete Person. Begegnungen sind ein Ort der Gotteserfahrung \u2013 es wird Kreuzweg und heilige Messen geben. Sie werden auch &quot;Treffen unter den Sternen&quot; genannt, weil das n\u00e4chtliche Treffen traditionell unter freiem Himmel vor der Basilika stattfindet.<\/p><\/div><\/div>\t\t\t\t<\/div>\n\t\t\t\t<\/div>\n\t\t\t\t<div class=\"elementor-element elementor-element-2f8996f elementor-widget elementor-widget-text-editor\" data-id=\"2f8996f\" data-element_type=\"widget\" data-e-type=\"widget\" data-widget_type=\"text-editor.default\">\n\t\t\t\t<div class=\"elementor-widget-container\">\n\t\t\t\t\t\t\t\t\t<p>Text und Fotos: Sanctuary Press Office<\/p>\t\t\t\t\t\t\t\t<\/div>\n\t\t\t\t<\/div>\n\t\t\t\t<div class=\"elementor-element elementor-element-06970e0 elementor-widget-divider--view-line_icon elementor-view-default elementor-widget-divider--element-align-center elementor-widget elementor-widget-divider\" data-id=\"06970e0\" data-element_type=\"widget\" data-e-type=\"widget\" data-widget_type=\"divider.default\">\n\t\t\t\t<div class=\"elementor-widget-container\">\n\t\t\t\t\t\t\t<div class=\"elementor-divider\">\n\t\t\t<span class=\"elementor-divider-separator\">\n\t\t\t\t\t\t\t<div class=\"elementor-icon elementor-divider__element\">\n\t\t\t\t\t<i aria-hidden=\"true\" class=\"fas fa-camera\"><\/i><\/div>\n\t\t\t\t\t\t<\/span>\n\t\t<\/div>\n\t\t\t\t\t\t<\/div>\n\t\t\t\t<\/div>\n\t\t\t\t<div class=\"elementor-element elementor-element-dad76c5 elementor-widget elementor-widget-gallery\" data-id=\"dad76c5\" data-element_type=\"widget\" data-e-type=\"widget\" data-settings=\"{&quot;columns&quot;:6,&quot;lazyload&quot;:&quot;yes&quot;,&quot;gallery_layout&quot;:&quot;grid&quot;,&quot;columns_tablet&quot;:2,&quot;columns_mobile&quot;:1,&quot;gap&quot;:{&quot;unit&quot;:&quot;px&quot;,&quot;size&quot;:10,&quot;sizes&quot;:[]},&quot;gap_tablet&quot;:{&quot;unit&quot;:&quot;px&quot;,&quot;size&quot;:10,&quot;sizes&quot;:[]},&quot;gap_mobile&quot;:{&quot;unit&quot;:&quot;px&quot;,&quot;size&quot;:10,&quot;sizes&quot;:[]},&quot;link_to&quot;:&quot;file&quot;,&quot;aspect_ratio&quot;:&quot;3:2&quot;,&quot;overlay_background&quot;:&quot;yes&quot;,&quot;content_hover_animation&quot;:&quot;fade-in&quot;}\" data-widget_type=\"gallery.default\">\n\t\t\t\t<div class=\"elementor-widget-container\">\n\t\t\t\t\t\t\t<div class=\"elementor-gallery__container\">\n\t\t\t\t\t\t\t<a class=\"e-gallery-item elementor-gallery-item elementor-animated-content\" href=\"https:\/\/www.lichen.pl\/wp-content\/uploads\/2021\/06\/Rekolekcje-trzezwosciowe-Ozywieni-Slowem-18-20-czerwca-2021-1.jpg\" data-elementor-open-lightbox=\"yes\" data-elementor-lightbox-slideshow=\"dad76c5\" data-elementor-lightbox-title=\"Rekolekcje trze\u017awo\u015bciowe O\u017cywieni S\u0142owem, 18-20 czerwca 2021 1\" data-e-action-hash=\"#elementor-action%3Aaction%3Dlightbox%26settings%3DeyJpZCI6MTYwMjQsInVybCI6Imh0dHBzOlwvXC93d3cubGljaGVuLnBsXC93cC1jb250ZW50XC91cGxvYWRzXC8yMDIxXC8wNlwvUmVrb2xla2NqZS10cnplendvc2Npb3dlLU96eXdpZW5pLVNsb3dlbS0xOC0yMC1jemVyd2NhLTIwMjEtMS5qcGciLCJzbGlkZXNob3ciOiJkYWQ3NmM1In0%3D\">\n\t\t\t\t\t<div class=\"e-gallery-image elementor-gallery-item__image\" data-thumbnail=\"https:\/\/www.lichen.pl\/wp-content\/uploads\/2021\/06\/Rekolekcje-trzezwosciowe-Ozywieni-Slowem-18-20-czerwca-2021-1-300x200.jpg\" data-width=\"300\" data-height=\"200\" aria-label=\"\" role=\"img\" ><\/div>\n\t\t\t\t\t\t\t\t\t\t\t<div class=\"elementor-gallery-item__overlay\"><\/div>\n\t\t\t\t\t\t\t\t\t\t\t\t\t\t<\/a>\n\t\t\t\t\t\t\t<a class=\"e-gallery-item elementor-gallery-item elementor-animated-content\" href=\"https:\/\/www.lichen.pl\/wp-content\/uploads\/2021\/06\/Rekolekcje-trzezwosciowe-Ozywieni-Slowem-18-20-czerwca-2021-2.jpg\" data-elementor-open-lightbox=\"yes\" data-elementor-lightbox-slideshow=\"dad76c5\" data-elementor-lightbox-title=\"Rekolekcje trze\u017awo\u015bciowe O\u017cywieni S\u0142owem, 18-20 czerwca 2021 2\" data-e-action-hash=\"#elementor-action%3Aaction%3Dlightbox%26settings%3DeyJpZCI6MTYwMjksInVybCI6Imh0dHBzOlwvXC93d3cubGljaGVuLnBsXC93cC1jb250ZW50XC91cGxvYWRzXC8yMDIxXC8wNlwvUmVrb2xla2NqZS10cnplendvc2Npb3dlLU96eXdpZW5pLVNsb3dlbS0xOC0yMC1jemVyd2NhLTIwMjEtMi5qcGciLCJzbGlkZXNob3ciOiJkYWQ3NmM1In0%3D\">\n\t\t\t\t\t<div class=\"e-gallery-image elementor-gallery-item__image\" data-thumbnail=\"https:\/\/www.lichen.pl\/wp-content\/uploads\/2021\/06\/Rekolekcje-trzezwosciowe-Ozywieni-Slowem-18-20-czerwca-2021-2-300x200.jpg\" data-width=\"300\" data-height=\"200\" aria-label=\"\" role=\"img\" ><\/div>\n\t\t\t\t\t\t\t\t\t\t\t<div class=\"elementor-gallery-item__overlay\"><\/div>\n\t\t\t\t\t\t\t\t\t\t\t\t\t\t<\/a>\n\t\t\t\t\t\t\t<a class=\"e-gallery-item elementor-gallery-item elementor-animated-content\" href=\"https:\/\/www.lichen.pl\/wp-content\/uploads\/2021\/06\/Rekolekcje-trzezwosciowe-Ozywieni-Slowem-18-20-czerwca-2021-3.jpg\" data-elementor-open-lightbox=\"yes\" data-elementor-lightbox-slideshow=\"dad76c5\" data-elementor-lightbox-title=\"Rekolekcje trze\u017awo\u015bciowe O\u017cywieni S\u0142owem, 18-20 czerwca 2021 3\" data-e-action-hash=\"#elementor-action%3Aaction%3Dlightbox%26settings%3DeyJpZCI6MTYwMzQsInVybCI6Imh0dHBzOlwvXC93d3cubGljaGVuLnBsXC93cC1jb250ZW50XC91cGxvYWRzXC8yMDIxXC8wNlwvUmVrb2xla2NqZS10cnplendvc2Npb3dlLU96eXdpZW5pLVNsb3dlbS0xOC0yMC1jemVyd2NhLTIwMjEtMy5qcGciLCJzbGlkZXNob3ciOiJkYWQ3NmM1In0%3D\">\n\t\t\t\t\t<div class=\"e-gallery-image elementor-gallery-item__image\" data-thumbnail=\"https:\/\/www.lichen.pl\/wp-content\/uploads\/2021\/06\/Rekolekcje-trzezwosciowe-Ozywieni-Slowem-18-20-czerwca-2021-3-200x300.jpg\" data-width=\"200\" data-height=\"300\" aria-label=\"\" role=\"img\" ><\/div>\n\t\t\t\t\t\t\t\t\t\t\t<div class=\"elementor-gallery-item__overlay\"><\/div>\n\t\t\t\t\t\t\t\t\t\t\t\t\t\t<\/a>\n\t\t\t\t\t\t\t<a class=\"e-gallery-item elementor-gallery-item elementor-animated-content\" href=\"https:\/\/www.lichen.pl\/wp-content\/uploads\/2021\/06\/Rekolekcje-trzezwosciowe-Ozywieni-Slowem-18-20-czerwca-2021-4.jpg\" data-elementor-open-lightbox=\"yes\" data-elementor-lightbox-slideshow=\"dad76c5\" data-elementor-lightbox-title=\"Rekolekcje trze\u017awo\u015bciowe O\u017cywieni S\u0142owem, 18-20 czerwca 2021 4\" data-e-action-hash=\"#elementor-action%3Aaction%3Dlightbox%26settings%3DeyJpZCI6MTYwMzksInVybCI6Imh0dHBzOlwvXC93d3cubGljaGVuLnBsXC93cC1jb250ZW50XC91cGxvYWRzXC8yMDIxXC8wNlwvUmVrb2xla2NqZS10cnplendvc2Npb3dlLU96eXdpZW5pLVNsb3dlbS0xOC0yMC1jemVyd2NhLTIwMjEtNC5qcGciLCJzbGlkZXNob3ciOiJkYWQ3NmM1In0%3D\">\n\t\t\t\t\t<div class=\"e-gallery-image elementor-gallery-item__image\" data-thumbnail=\"https:\/\/www.lichen.pl\/wp-content\/uploads\/2021\/06\/Rekolekcje-trzezwosciowe-Ozywieni-Slowem-18-20-czerwca-2021-4-200x300.jpg\" data-width=\"200\" data-height=\"300\" aria-label=\"\" role=\"img\" ><\/div>\n\t\t\t\t\t\t\t\t\t\t\t<div class=\"elementor-gallery-item__overlay\"><\/div>\n\t\t\t\t\t\t\t\t\t\t\t\t\t\t<\/a>\n\t\t\t\t\t\t\t<a class=\"e-gallery-item elementor-gallery-item elementor-animated-content\" href=\"https:\/\/www.lichen.pl\/wp-content\/uploads\/2021\/06\/Rekolekcje-trzezwosciowe-Ozywieni-Slowem-18-20-czerwca-2021-5.jpg\" data-elementor-open-lightbox=\"yes\" data-elementor-lightbox-slideshow=\"dad76c5\" data-elementor-lightbox-title=\"Rekolekcje trze\u017awo\u015bciowe O\u017cywieni S\u0142owem, 18-20 czerwca 2021 5\" data-e-action-hash=\"#elementor-action%3Aaction%3Dlightbox%26settings%3DeyJpZCI6MTYwNDQsInVybCI6Imh0dHBzOlwvXC93d3cubGljaGVuLnBsXC93cC1jb250ZW50XC91cGxvYWRzXC8yMDIxXC8wNlwvUmVrb2xla2NqZS10cnplendvc2Npb3dlLU96eXdpZW5pLVNsb3dlbS0xOC0yMC1jemVyd2NhLTIwMjEtNS5qcGciLCJzbGlkZXNob3ciOiJkYWQ3NmM1In0%3D\">\n\t\t\t\t\t<div class=\"e-gallery-image elementor-gallery-item__image\" data-thumbnail=\"https:\/\/www.lichen.pl\/wp-content\/uploads\/2021\/06\/Rekolekcje-trzezwosciowe-Ozywieni-Slowem-18-20-czerwca-2021-5-200x300.jpg\" data-width=\"200\" data-height=\"300\" aria-label=\"\" role=\"img\" ><\/div>\n\t\t\t\t\t\t\t\t\t\t\t<div class=\"elementor-gallery-item__overlay\"><\/div>\n\t\t\t\t\t\t\t\t\t\t\t\t\t\t<\/a>\n\t\t\t\t\t\t\t<a class=\"e-gallery-item elementor-gallery-item elementor-animated-content\" href=\"https:\/\/www.lichen.pl\/wp-content\/uploads\/2021\/06\/2021-plakat-rekolekcje-trzezwosciowe-scaled-1.jpg\" data-elementor-open-lightbox=\"yes\" data-elementor-lightbox-slideshow=\"dad76c5\" data-elementor-lightbox-title=\"lichen\u0301\" data-e-action-hash=\"#elementor-action%3Aaction%3Dlightbox%26settings%3DeyJpZCI6MTYwNTQsInVybCI6Imh0dHBzOlwvXC93d3cubGljaGVuLnBsXC93cC1jb250ZW50XC91cGxvYWRzXC8yMDIxXC8wNlwvMjAyMS1wbGFrYXQtcmVrb2xla2NqZS10cnplendvc2Npb3dlLXNjYWxlZC0xLmpwZyIsInNsaWRlc2hvdyI6ImRhZDc2YzUifQ%3D%3D\">\n\t\t\t\t\t<div class=\"e-gallery-image elementor-gallery-item__image\" data-thumbnail=\"https:\/\/www.lichen.pl\/wp-content\/uploads\/2021\/06\/2021-plakat-rekolekcje-trzezwosciowe-scaled-1-212x300.jpg\" data-width=\"212\" data-height=\"300\" aria-label=\"\" role=\"img\" ><\/div>\n\t\t\t\t\t\t\t\t\t\t\t<div class=\"elementor-gallery-item__overlay\"><\/div>\n\t\t\t\t\t\t\t\t\t\t\t\t\t\t<\/a>\n\t\t\t\t\t<\/div>\n\t\t\t\t\t<\/div>\n\t\t\t\t<\/div>\n\t\t\t\t\t<\/div>\n\t\t<\/div>\n\t\t\t\t\t<\/div>\n\t\t<\/section>\n\t\t\t\t<section class=\"elementor-section elementor-top-section elementor-element elementor-element-c3e49ff elementor-section-boxed elementor-section-height-default elementor-section-height-default\" data-id=\"c3e49ff\" data-element_type=\"section\" data-e-type=\"section\">\n\t\t\t\t\t\t<div class=\"elementor-container elementor-column-gap-default\">\n\t\t\t\t\t<div class=\"elementor-column elementor-col-100 elementor-top-column elementor-element elementor-element-333dc09\" data-id=\"333dc09\" data-element_type=\"column\" data-e-type=\"column\">\n\t\t\t<div class=\"elementor-widget-wrap elementor-element-populated\">\n\t\t\t\t\t\t<div class=\"elementor-element elementor-element-e77d162 elementor-widget-divider--view-line elementor-widget elementor-widget-divider\" data-id=\"e77d162\" data-element_type=\"widget\" data-e-type=\"widget\" data-widget_type=\"divider.default\">\n\t\t\t\t<div class=\"elementor-widget-container\">\n\t\t\t\t\t\t\t<div class=\"elementor-divider\">\n\t\t\t<span class=\"elementor-divider-separator\">\n\t\t\t\t\t\t<\/span>\n\t\t<\/div>\n\t\t\t\t\t\t<\/div>\n\t\t\t\t<\/div>\n\t\t\t\t\t<\/div>\n\t\t<\/div>\n\t\t\t\t\t<\/div>\n\t\t<\/section>\n\t\t\t\t<\/div>","protected":false},"excerpt":{"rendered":"<p>Niemal 60 os\u00f3b z ca\u0142ej Polski w weekend 18-20 czerwca, wzi\u0119\u0142o udzia\u0142 w rekolekcjach trze\u017awo\u015bciowych &#8220;O\u017cywieni S\u0142owem&#8221; organizowanych w Sanktuarium Matki Bo\u017cej Liche\u0144skiej W ci\u0105gu trzech dni rekolekcji uczestnicy wys\u0142uchali konferencji, kt\u00f3re odbywa\u0142y si\u0119 w klimacie modlitwy. W pi\u0105tek, 18 czerwca, na liche\u0144skiej Golgocie mia\u0142a miejsce wyj\u0105tkowa Droga Krzy\u017cowa po\u0142\u0105czona ze \u015bwiadectwami uczestnik\u00f3w. Kolejne rekolekcje [&hellip;]<\/p>\n","protected":false},"author":2,"featured_media":11985,"comment_status":"open","ping_status":"open","sticky":false,"template":"","format":"standard","meta":{"footnotes":""},"categories":[1],"tags":[],"class_list":["post-16011","post","type-post","status-publish","format-standard","has-post-thumbnail","hentry","category-aktualnosci","wpbf-post"],"yoast_head":"<!-- This site is optimized with the Yoast SEO plugin v27.4 - https:\/\/yoast.com\/product\/yoast-seo-wordpress\/ -->\n<title>Rekolekcje trze\u017awo\u015bciowe &quot;O\u017cywieni S\u0142owem&quot;, 18-20 czerwca 2021. - SANKTUARIUM W LICHENIU<\/title>\n<meta name=\"robots\" content=\"index, follow, max-snippet:-1, max-image-preview:large, max-video-preview:-1\" \/>\n<link rel=\"canonical\" href=\"http:\/\/www.lichen.pl\/de\/rekolekcje-trzezwosciowe-ozywieni-slowem-18-20-czerwca-2021\/\" \/>\n<meta property=\"og:locale\" content=\"de_DE\" \/>\n<meta property=\"og:type\" content=\"article\" \/>\n<meta property=\"og:title\" content=\"Rekolekcje trze\u017awo\u015bciowe &quot;O\u017cywieni S\u0142owem&quot;, 18-20 czerwca 2021. - SANKTUARIUM W LICHENIU\" \/>\n<meta property=\"og:description\" content=\"Niemal 60 os\u00f3b z ca\u0142ej Polski w weekend 18-20 czerwca, wzi\u0119\u0142o udzia\u0142 w rekolekcjach trze\u017awo\u015bciowych &#8220;O\u017cywieni S\u0142owem&#8221; organizowanych w Sanktuarium Matki Bo\u017cej Liche\u0144skiej W ci\u0105gu trzech dni rekolekcji uczestnicy wys\u0142uchali konferencji, kt\u00f3re odbywa\u0142y si\u0119 w klimacie modlitwy. W pi\u0105tek, 18 czerwca, na liche\u0144skiej Golgocie mia\u0142a miejsce wyj\u0105tkowa Droga Krzy\u017cowa po\u0142\u0105czona ze \u015bwiadectwami uczestnik\u00f3w. Kolejne rekolekcje [&hellip;]\" \/>\n<meta property=\"og:url\" content=\"http:\/\/www.lichen.pl\/de\/rekolekcje-trzezwosciowe-ozywieni-slowem-18-20-czerwca-2021\/\" \/>\n<meta property=\"og:site_name\" content=\"SANKTUARIUM W LICHENIU\" \/>\n<meta property=\"article:published_time\" content=\"2021-06-24T19:00:26+00:00\" \/>\n<meta property=\"article:modified_time\" content=\"2021-06-29T20:32:48+00:00\" \/>\n<meta property=\"og:image\" content=\"http:\/\/www.lichen.pl\/wp-content\/uploads\/2021\/04\/2021-plakat-rekolekcje-trzezwosciowe-scaled-e1624997896802.jpg\" \/>\n\t<meta property=\"og:image:width\" content=\"1810\" \/>\n\t<meta property=\"og:image:height\" content=\"837\" \/>\n\t<meta property=\"og:image:type\" content=\"image\/jpeg\" \/>\n<meta name=\"author\" content=\"Arkadiusz Gorgolewski\" \/>\n<meta name=\"twitter:card\" content=\"summary_large_image\" \/>\n<meta name=\"twitter:label1\" content=\"Verfasst von\" \/>\n\t<meta name=\"twitter:data1\" content=\"Arkadiusz Gorgolewski\" \/>\n\t<meta name=\"twitter:label2\" content=\"Gesch\u00e4tzte Lesezeit\" \/>\n\t<meta name=\"twitter:data2\" content=\"5\u00a0Minuten\" \/>\n<script type=\"application\/ld+json\" class=\"yoast-schema-graph\">{\"@context\":\"https:\\\/\\\/schema.org\",\"@graph\":[{\"@type\":\"Article\",\"@id\":\"http:\\\/\\\/www.lichen.pl\\\/de\\\/rekolekcje-trzezwosciowe-ozywieni-slowem-18-20-czerwca-2021\\\/#article\",\"isPartOf\":{\"@id\":\"http:\\\/\\\/www.lichen.pl\\\/de\\\/rekolekcje-trzezwosciowe-ozywieni-slowem-18-20-czerwca-2021\\\/\"},\"author\":{\"name\":\"Arkadiusz Gorgolewski\",\"@id\":\"https:\\\/\\\/www.lichen.pl\\\/fr\\\/#\\\/schema\\\/person\\\/56fc5b38d70a2b34983408f9a457fd9d\"},\"headline\":\"Rekolekcje trze\u017awo\u015bciowe &#8220;O\u017cywieni S\u0142owem&#8221;, 18-20 czerwca 2021.\",\"datePublished\":\"2021-06-24T19:00:26+00:00\",\"dateModified\":\"2021-06-29T20:32:48+00:00\",\"mainEntityOfPage\":{\"@id\":\"http:\\\/\\\/www.lichen.pl\\\/de\\\/rekolekcje-trzezwosciowe-ozywieni-slowem-18-20-czerwca-2021\\\/\"},\"wordCount\":1145,\"commentCount\":0,\"image\":{\"@id\":\"http:\\\/\\\/www.lichen.pl\\\/de\\\/rekolekcje-trzezwosciowe-ozywieni-slowem-18-20-czerwca-2021\\\/#primaryimage\"},\"thumbnailUrl\":\"https:\\\/\\\/www.lichen.pl\\\/wp-content\\\/uploads\\\/2021\\\/04\\\/2021-plakat-rekolekcje-trzezwosciowe-scaled-e1624997896802.jpg\",\"articleSection\":[\"Aktualno\u015bci\"],\"inLanguage\":\"de\",\"potentialAction\":[{\"@type\":\"CommentAction\",\"name\":\"Comment\",\"target\":[\"http:\\\/\\\/www.lichen.pl\\\/de\\\/rekolekcje-trzezwosciowe-ozywieni-slowem-18-20-czerwca-2021\\\/#respond\"]}]},{\"@type\":\"WebPage\",\"@id\":\"http:\\\/\\\/www.lichen.pl\\\/de\\\/rekolekcje-trzezwosciowe-ozywieni-slowem-18-20-czerwca-2021\\\/\",\"url\":\"http:\\\/\\\/www.lichen.pl\\\/de\\\/rekolekcje-trzezwosciowe-ozywieni-slowem-18-20-czerwca-2021\\\/\",\"name\":\"Rekolekcje trze\u017awo\u015bciowe \\\"O\u017cywieni S\u0142owem\\\", 18-20 czerwca 2021. - SANKTUARIUM W LICHENIU\",\"isPartOf\":{\"@id\":\"https:\\\/\\\/www.lichen.pl\\\/fr\\\/#website\"},\"primaryImageOfPage\":{\"@id\":\"http:\\\/\\\/www.lichen.pl\\\/de\\\/rekolekcje-trzezwosciowe-ozywieni-slowem-18-20-czerwca-2021\\\/#primaryimage\"},\"image\":{\"@id\":\"http:\\\/\\\/www.lichen.pl\\\/de\\\/rekolekcje-trzezwosciowe-ozywieni-slowem-18-20-czerwca-2021\\\/#primaryimage\"},\"thumbnailUrl\":\"https:\\\/\\\/www.lichen.pl\\\/wp-content\\\/uploads\\\/2021\\\/04\\\/2021-plakat-rekolekcje-trzezwosciowe-scaled-e1624997896802.jpg\",\"datePublished\":\"2021-06-24T19:00:26+00:00\",\"dateModified\":\"2021-06-29T20:32:48+00:00\",\"author\":{\"@id\":\"https:\\\/\\\/www.lichen.pl\\\/fr\\\/#\\\/schema\\\/person\\\/56fc5b38d70a2b34983408f9a457fd9d\"},\"breadcrumb\":{\"@id\":\"http:\\\/\\\/www.lichen.pl\\\/de\\\/rekolekcje-trzezwosciowe-ozywieni-slowem-18-20-czerwca-2021\\\/#breadcrumb\"},\"inLanguage\":\"de\",\"potentialAction\":[{\"@type\":\"ReadAction\",\"target\":[\"http:\\\/\\\/www.lichen.pl\\\/de\\\/rekolekcje-trzezwosciowe-ozywieni-slowem-18-20-czerwca-2021\\\/\"]}]},{\"@type\":\"ImageObject\",\"inLanguage\":\"de\",\"@id\":\"http:\\\/\\\/www.lichen.pl\\\/de\\\/rekolekcje-trzezwosciowe-ozywieni-slowem-18-20-czerwca-2021\\\/#primaryimage\",\"url\":\"https:\\\/\\\/www.lichen.pl\\\/wp-content\\\/uploads\\\/2021\\\/04\\\/2021-plakat-rekolekcje-trzezwosciowe-scaled-e1624997896802.jpg\",\"contentUrl\":\"https:\\\/\\\/www.lichen.pl\\\/wp-content\\\/uploads\\\/2021\\\/04\\\/2021-plakat-rekolekcje-trzezwosciowe-scaled-e1624997896802.jpg\",\"width\":1810,\"height\":837},{\"@type\":\"BreadcrumbList\",\"@id\":\"http:\\\/\\\/www.lichen.pl\\\/de\\\/rekolekcje-trzezwosciowe-ozywieni-slowem-18-20-czerwca-2021\\\/#breadcrumb\",\"itemListElement\":[{\"@type\":\"ListItem\",\"position\":1,\"name\":\"Strona g\u0142\u00f3wna\",\"item\":\"https:\\\/\\\/www.lichen.pl\\\/\"},{\"@type\":\"ListItem\",\"position\":2,\"name\":\"Rekolekcje trze\u017awo\u015bciowe &#8220;O\u017cywieni S\u0142owem&#8221;, 18-20 czerwca 2021.\"}]},{\"@type\":\"WebSite\",\"@id\":\"https:\\\/\\\/www.lichen.pl\\\/fr\\\/#website\",\"url\":\"https:\\\/\\\/www.lichen.pl\\\/fr\\\/\",\"name\":\"SANKTUARIUM W LICHENIU\",\"description\":\"MATKI BO\u017bEJ LICHE\u0143SKIEJ BOLESNEJ KR\u00d3LOWEJ POLSKI\",\"potentialAction\":[{\"@type\":\"SearchAction\",\"target\":{\"@type\":\"EntryPoint\",\"urlTemplate\":\"https:\\\/\\\/www.lichen.pl\\\/fr\\\/?s={search_term_string}\"},\"query-input\":{\"@type\":\"PropertyValueSpecification\",\"valueRequired\":true,\"valueName\":\"search_term_string\"}}],\"inLanguage\":\"de\"},{\"@type\":\"Person\",\"@id\":\"https:\\\/\\\/www.lichen.pl\\\/fr\\\/#\\\/schema\\\/person\\\/56fc5b38d70a2b34983408f9a457fd9d\",\"name\":\"Arkadiusz Gorgolewski\",\"image\":{\"@type\":\"ImageObject\",\"inLanguage\":\"de\",\"@id\":\"https:\\\/\\\/secure.gravatar.com\\\/avatar\\\/0f571b370f5aa245b1fd3b9c945511b004fe17579bdefd5054d99f0ba315149c?s=96&d=retro&r=g\",\"url\":\"https:\\\/\\\/secure.gravatar.com\\\/avatar\\\/0f571b370f5aa245b1fd3b9c945511b004fe17579bdefd5054d99f0ba315149c?s=96&d=retro&r=g\",\"contentUrl\":\"https:\\\/\\\/secure.gravatar.com\\\/avatar\\\/0f571b370f5aa245b1fd3b9c945511b004fe17579bdefd5054d99f0ba315149c?s=96&d=retro&r=g\",\"caption\":\"Arkadiusz Gorgolewski\"},\"url\":\"https:\\\/\\\/www.lichen.pl\\\/de\\\/author\\\/sanadmin\\\/\"}]}<\/script>\n<!-- \/ Yoast SEO plugin. -->","yoast_head_json":{"title":"Rekolekcje trze\u017awo\u015bciowe \"O\u017cywieni S\u0142owem\", 18-20 czerwca 2021. - SANKTUARIUM W LICHENIU","robots":{"index":"index","follow":"follow","max-snippet":"max-snippet:-1","max-image-preview":"max-image-preview:large","max-video-preview":"max-video-preview:-1"},"canonical":"http:\/\/www.lichen.pl\/de\/rekolekcje-trzezwosciowe-ozywieni-slowem-18-20-czerwca-2021\/","og_locale":"de_DE","og_type":"article","og_title":"Rekolekcje trze\u017awo\u015bciowe \"O\u017cywieni S\u0142owem\", 18-20 czerwca 2021. - SANKTUARIUM W LICHENIU","og_description":"Niemal 60 os\u00f3b z ca\u0142ej Polski w weekend 18-20 czerwca, wzi\u0119\u0142o udzia\u0142 w rekolekcjach trze\u017awo\u015bciowych &#8220;O\u017cywieni S\u0142owem&#8221; organizowanych w Sanktuarium Matki Bo\u017cej Liche\u0144skiej W ci\u0105gu trzech dni rekolekcji uczestnicy wys\u0142uchali konferencji, kt\u00f3re odbywa\u0142y si\u0119 w klimacie modlitwy. W pi\u0105tek, 18 czerwca, na liche\u0144skiej Golgocie mia\u0142a miejsce wyj\u0105tkowa Droga Krzy\u017cowa po\u0142\u0105czona ze \u015bwiadectwami uczestnik\u00f3w. Kolejne rekolekcje [&hellip;]","og_url":"http:\/\/www.lichen.pl\/de\/rekolekcje-trzezwosciowe-ozywieni-slowem-18-20-czerwca-2021\/","og_site_name":"SANKTUARIUM W LICHENIU","article_published_time":"2021-06-24T19:00:26+00:00","article_modified_time":"2021-06-29T20:32:48+00:00","og_image":[{"width":1810,"height":837,"url":"http:\/\/www.lichen.pl\/wp-content\/uploads\/2021\/04\/2021-plakat-rekolekcje-trzezwosciowe-scaled-e1624997896802.jpg","type":"image\/jpeg"}],"author":"Arkadiusz Gorgolewski","twitter_card":"summary_large_image","twitter_misc":{"Verfasst von":"Arkadiusz Gorgolewski","Gesch\u00e4tzte Lesezeit":"5\u00a0Minuten"},"schema":{"@context":"https:\/\/schema.org","@graph":[{"@type":"Article","@id":"http:\/\/www.lichen.pl\/de\/rekolekcje-trzezwosciowe-ozywieni-slowem-18-20-czerwca-2021\/#article","isPartOf":{"@id":"http:\/\/www.lichen.pl\/de\/rekolekcje-trzezwosciowe-ozywieni-slowem-18-20-czerwca-2021\/"},"author":{"name":"Arkadiusz Gorgolewski","@id":"https:\/\/www.lichen.pl\/fr\/#\/schema\/person\/56fc5b38d70a2b34983408f9a457fd9d"},"headline":"Rekolekcje trze\u017awo\u015bciowe &#8220;O\u017cywieni S\u0142owem&#8221;, 18-20 czerwca 2021.","datePublished":"2021-06-24T19:00:26+00:00","dateModified":"2021-06-29T20:32:48+00:00","mainEntityOfPage":{"@id":"http:\/\/www.lichen.pl\/de\/rekolekcje-trzezwosciowe-ozywieni-slowem-18-20-czerwca-2021\/"},"wordCount":1145,"commentCount":0,"image":{"@id":"http:\/\/www.lichen.pl\/de\/rekolekcje-trzezwosciowe-ozywieni-slowem-18-20-czerwca-2021\/#primaryimage"},"thumbnailUrl":"https:\/\/www.lichen.pl\/wp-content\/uploads\/2021\/04\/2021-plakat-rekolekcje-trzezwosciowe-scaled-e1624997896802.jpg","articleSection":["Aktualno\u015bci"],"inLanguage":"de","potentialAction":[{"@type":"CommentAction","name":"Comment","target":["http:\/\/www.lichen.pl\/de\/rekolekcje-trzezwosciowe-ozywieni-slowem-18-20-czerwca-2021\/#respond"]}]},{"@type":"WebPage","@id":"http:\/\/www.lichen.pl\/de\/rekolekcje-trzezwosciowe-ozywieni-slowem-18-20-czerwca-2021\/","url":"http:\/\/www.lichen.pl\/de\/rekolekcje-trzezwosciowe-ozywieni-slowem-18-20-czerwca-2021\/","name":"Rekolekcje trze\u017awo\u015bciowe \"O\u017cywieni S\u0142owem\", 18-20 czerwca 2021. - SANKTUARIUM W LICHENIU","isPartOf":{"@id":"https:\/\/www.lichen.pl\/fr\/#website"},"primaryImageOfPage":{"@id":"http:\/\/www.lichen.pl\/de\/rekolekcje-trzezwosciowe-ozywieni-slowem-18-20-czerwca-2021\/#primaryimage"},"image":{"@id":"http:\/\/www.lichen.pl\/de\/rekolekcje-trzezwosciowe-ozywieni-slowem-18-20-czerwca-2021\/#primaryimage"},"thumbnailUrl":"https:\/\/www.lichen.pl\/wp-content\/uploads\/2021\/04\/2021-plakat-rekolekcje-trzezwosciowe-scaled-e1624997896802.jpg","datePublished":"2021-06-24T19:00:26+00:00","dateModified":"2021-06-29T20:32:48+00:00","author":{"@id":"https:\/\/www.lichen.pl\/fr\/#\/schema\/person\/56fc5b38d70a2b34983408f9a457fd9d"},"breadcrumb":{"@id":"http:\/\/www.lichen.pl\/de\/rekolekcje-trzezwosciowe-ozywieni-slowem-18-20-czerwca-2021\/#breadcrumb"},"inLanguage":"de","potentialAction":[{"@type":"ReadAction","target":["http:\/\/www.lichen.pl\/de\/rekolekcje-trzezwosciowe-ozywieni-slowem-18-20-czerwca-2021\/"]}]},{"@type":"ImageObject","inLanguage":"de","@id":"http:\/\/www.lichen.pl\/de\/rekolekcje-trzezwosciowe-ozywieni-slowem-18-20-czerwca-2021\/#primaryimage","url":"https:\/\/www.lichen.pl\/wp-content\/uploads\/2021\/04\/2021-plakat-rekolekcje-trzezwosciowe-scaled-e1624997896802.jpg","contentUrl":"https:\/\/www.lichen.pl\/wp-content\/uploads\/2021\/04\/2021-plakat-rekolekcje-trzezwosciowe-scaled-e1624997896802.jpg","width":1810,"height":837},{"@type":"BreadcrumbList","@id":"http:\/\/www.lichen.pl\/de\/rekolekcje-trzezwosciowe-ozywieni-slowem-18-20-czerwca-2021\/#breadcrumb","itemListElement":[{"@type":"ListItem","position":1,"name":"Strona g\u0142\u00f3wna","item":"https:\/\/www.lichen.pl\/"},{"@type":"ListItem","position":2,"name":"Rekolekcje trze\u017awo\u015bciowe &#8220;O\u017cywieni S\u0142owem&#8221;, 18-20 czerwca 2021."}]},{"@type":"WebSite","@id":"https:\/\/www.lichen.pl\/fr\/#website","url":"https:\/\/www.lichen.pl\/fr\/","name":"HEILIGTUM IN LICHENIEN","description":"DIE TRAURIGE K\u00d6NIGIN UNSERER FLECHEN VON POLEN","potentialAction":[{"@type":"SearchAction","target":{"@type":"EntryPoint","urlTemplate":"https:\/\/www.lichen.pl\/fr\/?s={search_term_string}"},"query-input":{"@type":"PropertyValueSpecification","valueRequired":true,"valueName":"search_term_string"}}],"inLanguage":"de"},{"@type":"Person","@id":"https:\/\/www.lichen.pl\/fr\/#\/schema\/person\/56fc5b38d70a2b34983408f9a457fd9d","name":"Arkadiusz Gorgolewski","image":{"@type":"ImageObject","inLanguage":"de","@id":"https:\/\/secure.gravatar.com\/avatar\/0f571b370f5aa245b1fd3b9c945511b004fe17579bdefd5054d99f0ba315149c?s=96&d=retro&r=g","url":"https:\/\/secure.gravatar.com\/avatar\/0f571b370f5aa245b1fd3b9c945511b004fe17579bdefd5054d99f0ba315149c?s=96&d=retro&r=g","contentUrl":"https:\/\/secure.gravatar.com\/avatar\/0f571b370f5aa245b1fd3b9c945511b004fe17579bdefd5054d99f0ba315149c?s=96&d=retro&r=g","caption":"Arkadiusz Gorgolewski"},"url":"https:\/\/www.lichen.pl\/de\/author\/sanadmin\/"}]}},"_links":{"self":[{"href":"https:\/\/www.lichen.pl\/de\/wp-json\/wp\/v2\/posts\/16011","targetHints":{"allow":["GET"]}}],"collection":[{"href":"https:\/\/www.lichen.pl\/de\/wp-json\/wp\/v2\/posts"}],"about":[{"href":"https:\/\/www.lichen.pl\/de\/wp-json\/wp\/v2\/types\/post"}],"author":[{"embeddable":true,"href":"https:\/\/www.lichen.pl\/de\/wp-json\/wp\/v2\/users\/2"}],"replies":[{"embeddable":true,"href":"https:\/\/www.lichen.pl\/de\/wp-json\/wp\/v2\/comments?post=16011"}],"version-history":[{"count":23,"href":"https:\/\/www.lichen.pl\/de\/wp-json\/wp\/v2\/posts\/16011\/revisions"}],"predecessor-version":[{"id":16080,"href":"https:\/\/www.lichen.pl\/de\/wp-json\/wp\/v2\/posts\/16011\/revisions\/16080"}],"wp:featuredmedia":[{"embeddable":true,"href":"https:\/\/www.lichen.pl\/de\/wp-json\/wp\/v2\/media\/11985"}],"wp:attachment":[{"href":"https:\/\/www.lichen.pl\/de\/wp-json\/wp\/v2\/media?parent=16011"}],"wp:term":[{"taxonomy":"category","embeddable":true,"href":"https:\/\/www.lichen.pl\/de\/wp-json\/wp\/v2\/categories?post=16011"},{"taxonomy":"post_tag","embeddable":true,"href":"https:\/\/www.lichen.pl\/de\/wp-json\/wp\/v2\/tags?post=16011"}],"curies":[{"name":"wp","href":"https:\/\/api.w.org\/{rel}","templated":true}]}}