{"id":16390,"date":"2020-11-22T09:31:34","date_gmt":"2020-11-22T09:31:34","guid":{"rendered":"http:\/\/www.lichen.pl\/?p=16390"},"modified":"2021-06-30T10:25:58","modified_gmt":"2021-06-30T10:25:58","slug":"uroczystosc-jezusa-chrystusa-krola-wszechswiata-w-sanktuarium-matki-bozej-lichenskiej","status":"publish","type":"post","link":"https:\/\/www.lichen.pl\/de\/uroczystosc-jezusa-chrystusa-krola-wszechswiata-w-sanktuarium-matki-bozej-lichenskiej\/","title":{"rendered":"Hochfest Jesu Christi des K\u00f6nigs des Universums im Heiligtum Unserer Lieben Frau von Liche\u0144"},"content":{"rendered":"<div data-elementor-type=\"wp-post\" data-elementor-id=\"16390\" class=\"elementor elementor-16390\" data-elementor-post-type=\"post\">\n\t\t\t\t\t\t<section class=\"elementor-section elementor-top-section elementor-element elementor-element-f816b88 elementor-section-boxed elementor-section-height-default elementor-section-height-default\" data-id=\"f816b88\" data-element_type=\"section\" data-e-type=\"section\">\n\t\t\t\t\t\t<div class=\"elementor-container elementor-column-gap-default\">\n\t\t\t\t\t<div class=\"elementor-column elementor-col-100 elementor-top-column elementor-element elementor-element-b442b5f\" data-id=\"b442b5f\" data-element_type=\"column\" data-e-type=\"column\">\n\t\t\t<div class=\"elementor-widget-wrap elementor-element-populated\">\n\t\t\t\t\t\t<div class=\"elementor-element elementor-element-dda3f92 elementor-widget elementor-widget-text-editor\" data-id=\"dda3f92\" data-element_type=\"widget\" data-e-type=\"widget\" data-widget_type=\"text-editor.default\">\n\t\t\t\t<div class=\"elementor-widget-container\">\n\t\t\t\t\t\t\t\t\t<p class=\"MsoNormal\" style=\"text-align: justify;\"><span style=\"color: #000000;\"><b>- Entdecken wir unsere Schw\u00e4chen, Geisteskrankheiten, S\u00fcnden. Was ist das Ergebnis dieser Entdeckung? Dass Christus sich dem kleinsten Bruder n\u00e4hert, um ihn zu heilen, zu tr\u00f6sten und zu befreien. Er ist unser K\u00f6nig \u2013 sagte P. Janusz Kumala, MIC zum Hochfest Jesu Christi, des K\u00f6nigs des Universums im Heiligtum Unserer Lieben Frau von Liche\u0144.<\/b><\/span><\/p><p class=\"MsoNormal\" style=\"text-align: justify; text-indent: 35.4pt;\">\u00a0<\/p>\t\t\t\t\t\t\t\t<\/div>\n\t\t\t\t<\/div>\n\t\t\t\t<div class=\"elementor-element elementor-element-75b8fe2 elementor-widget elementor-widget-image\" data-id=\"75b8fe2\" data-element_type=\"widget\" data-e-type=\"widget\" data-widget_type=\"image.default\">\n\t\t\t\t<div class=\"elementor-widget-container\">\n\t\t\t\t\t\t\t\t\t\t\t\t\t\t\t<img fetchpriority=\"high\" decoding=\"async\" width=\"769\" height=\"1024\" src=\"https:\/\/www.lichen.pl\/wp-content\/uploads\/2020\/11\/P1310125-769x1024.jpg\" class=\"attachment-large size-large wp-image-16641\" alt=\"\" srcset=\"https:\/\/www.lichen.pl\/wp-content\/uploads\/2020\/11\/P1310125-769x1024.jpg 769w, https:\/\/www.lichen.pl\/wp-content\/uploads\/2020\/11\/P1310125-800x1065.jpg 800w, https:\/\/www.lichen.pl\/wp-content\/uploads\/2020\/11\/P1310125-225x300.jpg 225w, https:\/\/www.lichen.pl\/wp-content\/uploads\/2020\/11\/P1310125-768x1023.jpg 768w, https:\/\/www.lichen.pl\/wp-content\/uploads\/2020\/11\/P1310125.jpg 901w\" sizes=\"(max-width: 769px) 100vw, 769px\" \/>\t\t\t\t\t\t\t\t\t\t\t\t\t\t\t<\/div>\n\t\t\t\t<\/div>\n\t\t\t\t\t<\/div>\n\t\t<\/div>\n\t\t\t\t\t<\/div>\n\t\t<\/section>\n\t\t\t\t<section class=\"elementor-section elementor-top-section elementor-element elementor-element-b27b99a elementor-section-boxed elementor-section-height-default elementor-section-height-default\" data-id=\"b27b99a\" data-element_type=\"section\" data-e-type=\"section\">\n\t\t\t\t\t\t<div class=\"elementor-container elementor-column-gap-default\">\n\t\t\t\t\t<div class=\"elementor-column elementor-col-100 elementor-top-column elementor-element elementor-element-32407de\" data-id=\"32407de\" data-element_type=\"column\" data-e-type=\"column\">\n\t\t\t<div class=\"elementor-widget-wrap elementor-element-populated\">\n\t\t\t\t\t\t<div class=\"elementor-element elementor-element-67f349c elementor-widget elementor-widget-text-editor\" data-id=\"67f349c\" data-element_type=\"widget\" data-e-type=\"widget\" data-widget_type=\"text-editor.default\">\n\t\t\t\t<div class=\"elementor-widget-container\">\n\t\t\t\t\t\t\t\t\t<p class=\"MsoNormal\" style=\"text-align: justify; text-indent: 35.4pt;\"><span style=\"color: #000000;\">W\u00e4hrend der Mittagsmesse am letzten Sonntag des Kirchenjahres wird P. Janusz Kumala, MIC, der Kurator des Lichen-Schreins, begr\u00fc\u00dfte die anwesenden Pilger in der Basilika und verband sich per Online-\u00dcbertragung. Er stellte fest, dass in der Welt des Guten gegen das B\u00f6se die st\u00e4ndige Gefahr bestehe, das ewige Leben zu verlieren. - Denn Christus muss herrschen, sagt St. Paulus der Apostel. Wenn wir die Welt betrachten, in der wir leben, bekommen diese Worte eine tiefe Bedeutung. Sie werden zum Gebet, zu unserem Schrei zu Gott, sagte der Kurator des Heiligtums. Er betonte, wie leicht wir Gott den R\u00fccken kehren und uns weigern k\u00f6nnen, seine Herrschaft anzunehmen. - Daher stellen wir sicher, dass der Sonntag der Tag des Herrn ist, wenn wir Jesus in der Eucharistie begegnen - Fr. Kumala erinnerte daran, dass jeder Mensch in der Ewigkeit zum Leben berufen ist. Er erinnerte auch an die h\u00e4ufig gestellte Frage: &quot;Wo ist Gott?&quot;. - Heute haben wir die Antwort: &quot;Was du f\u00fcr einen meiner geringsten Br\u00fcder getan hast, hast du f\u00fcr mich getan.&quot; Das Evangelium sagt uns, dass Jesus in unserer Mitte und in uns gegenw\u00e4rtig ist. Wenn wir Gott vermissen, lasst uns die Wahrheit \u00fcber Barmherzige Liebe entdecken. Wir m\u00fcssen den kleinsten Bruder in uns treffen, den wir kennenlernen sollen, uns \u00fcber ihn beugen, ihm die Hand geben. Jeder von uns ist hungrig nach Liebe und einem guten Wort. Entdecken wir unsere Schw\u00e4chen, Geisteskrankheiten, S\u00fcnden. Was ist das Ergebnis dieser Entdeckung? Dass Christus sich dem kleinsten Bruder n\u00e4hert, um ihn zu heilen, zu tr\u00f6sten und zu befreien. Er ist unser K\u00f6nig, erkl\u00e4rte der Kurator. \u201eWenn wir den Reichtum der Liebe Christi entdecken, wollen wir ihn an andere weitergeben\u201c, sagte der Zelebrant.<\/span><\/p><p class=\"MsoNormal\" style=\"text-align: justify;\"><span style=\"color: #000000;\">Vor dem Segen, Fr. Janusz Kumala las den Akt der Weihe der Menschheit an Jesus Christus, den K\u00f6nig des Universums. - Wir wollen Ihm unser Herz und unser Leben \u00f6ffnen und Ihm unser pers\u00f6nliches, famili\u00e4res und soziales Alltagsleben vor der Mutter der Kirche, Unserer Lieben Frau der Schmerzen, K\u00f6nigin von Polen, anvertrauen.<\/span><\/p><p class=\"MsoNormal\" style=\"text-align: justify;\"><span style=\"color: #000000;\">Am selben Tag, dem Patrozinium des Liturgiegottesdienstes, dankte die Marianerin in den Pfarrgemeinden allen am Dienst Gottes und den Menschen Beteiligten am Altar. Der Hausmeister appellierte an die Gl\u00e4ubigen, den \u00e4lteren Menschen den Zugang zur \u00dcbertragung der Heiligen Messe zu erm\u00f6glichen, und ermutigte sie vor allem, zum Heiligtum von Liche\u0144 zu pilgern.<\/span><\/p>\t\t\t\t\t\t\t\t<\/div>\n\t\t\t\t<\/div>\n\t\t\t\t<div class=\"elementor-element elementor-element-10850e3 elementor-widget elementor-widget-gallery\" data-id=\"10850e3\" data-element_type=\"widget\" data-e-type=\"widget\" data-settings=\"{&quot;lazyload&quot;:&quot;yes&quot;,&quot;gallery_layout&quot;:&quot;grid&quot;,&quot;columns&quot;:4,&quot;columns_tablet&quot;:2,&quot;columns_mobile&quot;:1,&quot;gap&quot;:{&quot;unit&quot;:&quot;px&quot;,&quot;size&quot;:10,&quot;sizes&quot;:[]},&quot;gap_tablet&quot;:{&quot;unit&quot;:&quot;px&quot;,&quot;size&quot;:10,&quot;sizes&quot;:[]},&quot;gap_mobile&quot;:{&quot;unit&quot;:&quot;px&quot;,&quot;size&quot;:10,&quot;sizes&quot;:[]},&quot;link_to&quot;:&quot;file&quot;,&quot;aspect_ratio&quot;:&quot;3:2&quot;,&quot;overlay_background&quot;:&quot;yes&quot;,&quot;content_hover_animation&quot;:&quot;fade-in&quot;}\" data-widget_type=\"gallery.default\">\n\t\t\t\t<div class=\"elementor-widget-container\">\n\t\t\t\t\t\t\t<div class=\"elementor-gallery__container\">\n\t\t\t\t\t\t\t<a class=\"e-gallery-item elementor-gallery-item elementor-animated-content\" href=\"https:\/\/www.lichen.pl\/wp-content\/uploads\/2020\/11\/P1310113.jpg\" data-elementor-open-lightbox=\"yes\" data-elementor-lightbox-slideshow=\"10850e3\" data-elementor-lightbox-title=\"P1310113\" data-e-action-hash=\"#elementor-action%3Aaction%3Dlightbox%26settings%3DeyJpZCI6MTY2MzEsInVybCI6Imh0dHBzOlwvXC93d3cubGljaGVuLnBsXC93cC1jb250ZW50XC91cGxvYWRzXC8yMDIwXC8xMVwvUDEzMTAxMTMuanBnIiwic2xpZGVzaG93IjoiMTA4NTBlMyJ9\">\n\t\t\t\t\t<div class=\"e-gallery-image elementor-gallery-item__image\" data-thumbnail=\"https:\/\/www.lichen.pl\/wp-content\/uploads\/2020\/11\/P1310113-300x225.jpg\" data-width=\"300\" data-height=\"225\" aria-label=\"\" role=\"img\" ><\/div>\n\t\t\t\t\t\t\t\t\t\t\t<div class=\"elementor-gallery-item__overlay\"><\/div>\n\t\t\t\t\t\t\t\t\t\t\t\t\t\t<\/a>\n\t\t\t\t\t\t\t<a class=\"e-gallery-item elementor-gallery-item elementor-animated-content\" href=\"https:\/\/www.lichen.pl\/wp-content\/uploads\/2020\/11\/P1310115.jpg\" data-elementor-open-lightbox=\"yes\" data-elementor-lightbox-slideshow=\"10850e3\" data-elementor-lightbox-title=\"P1310115\" data-e-action-hash=\"#elementor-action%3Aaction%3Dlightbox%26settings%3DeyJpZCI6MTY2MzYsInVybCI6Imh0dHBzOlwvXC93d3cubGljaGVuLnBsXC93cC1jb250ZW50XC91cGxvYWRzXC8yMDIwXC8xMVwvUDEzMTAxMTUuanBnIiwic2xpZGVzaG93IjoiMTA4NTBlMyJ9\">\n\t\t\t\t\t<div class=\"e-gallery-image elementor-gallery-item__image\" data-thumbnail=\"https:\/\/www.lichen.pl\/wp-content\/uploads\/2020\/11\/P1310115-225x300.jpg\" data-width=\"225\" data-height=\"300\" aria-label=\"\" role=\"img\" ><\/div>\n\t\t\t\t\t\t\t\t\t\t\t<div class=\"elementor-gallery-item__overlay\"><\/div>\n\t\t\t\t\t\t\t\t\t\t\t\t\t\t<\/a>\n\t\t\t\t\t\t\t<a class=\"e-gallery-item elementor-gallery-item elementor-animated-content\" href=\"https:\/\/www.lichen.pl\/wp-content\/uploads\/2020\/11\/P1310133.jpg\" data-elementor-open-lightbox=\"yes\" data-elementor-lightbox-slideshow=\"10850e3\" data-elementor-lightbox-title=\"P1310133\" data-e-action-hash=\"#elementor-action%3Aaction%3Dlightbox%26settings%3DeyJpZCI6MTY2NDYsInVybCI6Imh0dHBzOlwvXC93d3cubGljaGVuLnBsXC93cC1jb250ZW50XC91cGxvYWRzXC8yMDIwXC8xMVwvUDEzMTAxMzMuanBnIiwic2xpZGVzaG93IjoiMTA4NTBlMyJ9\">\n\t\t\t\t\t<div class=\"e-gallery-image elementor-gallery-item__image\" data-thumbnail=\"https:\/\/www.lichen.pl\/wp-content\/uploads\/2020\/11\/P1310133-300x225.jpg\" data-width=\"300\" data-height=\"225\" aria-label=\"\" role=\"img\" ><\/div>\n\t\t\t\t\t\t\t\t\t\t\t<div class=\"elementor-gallery-item__overlay\"><\/div>\n\t\t\t\t\t\t\t\t\t\t\t\t\t\t<\/a>\n\t\t\t\t\t\t\t<a class=\"e-gallery-item elementor-gallery-item elementor-animated-content\" href=\"https:\/\/www.lichen.pl\/wp-content\/uploads\/2020\/11\/P1310143.jpg\" data-elementor-open-lightbox=\"yes\" data-elementor-lightbox-slideshow=\"10850e3\" data-elementor-lightbox-title=\"P1310143\" data-e-action-hash=\"#elementor-action%3Aaction%3Dlightbox%26settings%3DeyJpZCI6MTY2NTEsInVybCI6Imh0dHBzOlwvXC93d3cubGljaGVuLnBsXC93cC1jb250ZW50XC91cGxvYWRzXC8yMDIwXC8xMVwvUDEzMTAxNDMuanBnIiwic2xpZGVzaG93IjoiMTA4NTBlMyJ9\">\n\t\t\t\t\t<div class=\"e-gallery-image elementor-gallery-item__image\" data-thumbnail=\"https:\/\/www.lichen.pl\/wp-content\/uploads\/2020\/11\/P1310143-300x225.jpg\" data-width=\"300\" data-height=\"225\" aria-label=\"\" role=\"img\" ><\/div>\n\t\t\t\t\t\t\t\t\t\t\t<div class=\"elementor-gallery-item__overlay\"><\/div>\n\t\t\t\t\t\t\t\t\t\t\t\t\t\t<\/a>\n\t\t\t\t\t\t\t<a class=\"e-gallery-item elementor-gallery-item elementor-animated-content\" href=\"https:\/\/www.lichen.pl\/wp-content\/uploads\/2020\/11\/P1310151.jpg\" data-elementor-open-lightbox=\"yes\" data-elementor-lightbox-slideshow=\"10850e3\" data-elementor-lightbox-title=\"P1310151\" data-e-action-hash=\"#elementor-action%3Aaction%3Dlightbox%26settings%3DeyJpZCI6MTY2NTYsInVybCI6Imh0dHBzOlwvXC93d3cubGljaGVuLnBsXC93cC1jb250ZW50XC91cGxvYWRzXC8yMDIwXC8xMVwvUDEzMTAxNTEuanBnIiwic2xpZGVzaG93IjoiMTA4NTBlMyJ9\">\n\t\t\t\t\t<div class=\"e-gallery-image elementor-gallery-item__image\" data-thumbnail=\"https:\/\/www.lichen.pl\/wp-content\/uploads\/2020\/11\/P1310151-225x300.jpg\" data-width=\"225\" data-height=\"300\" aria-label=\"\" role=\"img\" ><\/div>\n\t\t\t\t\t\t\t\t\t\t\t<div class=\"elementor-gallery-item__overlay\"><\/div>\n\t\t\t\t\t\t\t\t\t\t\t\t\t\t<\/a>\n\t\t\t\t\t\t\t<a class=\"e-gallery-item elementor-gallery-item elementor-animated-content\" href=\"https:\/\/www.lichen.pl\/wp-content\/uploads\/2020\/11\/P1310159.jpg\" data-elementor-open-lightbox=\"yes\" data-elementor-lightbox-slideshow=\"10850e3\" data-elementor-lightbox-title=\"P1310159\" data-e-action-hash=\"#elementor-action%3Aaction%3Dlightbox%26settings%3DeyJpZCI6MTY2NjEsInVybCI6Imh0dHBzOlwvXC93d3cubGljaGVuLnBsXC93cC1jb250ZW50XC91cGxvYWRzXC8yMDIwXC8xMVwvUDEzMTAxNTkuanBnIiwic2xpZGVzaG93IjoiMTA4NTBlMyJ9\">\n\t\t\t\t\t<div class=\"e-gallery-image elementor-gallery-item__image\" data-thumbnail=\"https:\/\/www.lichen.pl\/wp-content\/uploads\/2020\/11\/P1310159-204x300.jpg\" data-width=\"204\" data-height=\"300\" aria-label=\"\" role=\"img\" ><\/div>\n\t\t\t\t\t\t\t\t\t\t\t<div class=\"elementor-gallery-item__overlay\"><\/div>\n\t\t\t\t\t\t\t\t\t\t\t\t\t\t<\/a>\n\t\t\t\t\t\t\t<a class=\"e-gallery-item elementor-gallery-item elementor-animated-content\" href=\"https:\/\/www.lichen.pl\/wp-content\/uploads\/2020\/11\/P1310176.jpg\" data-elementor-open-lightbox=\"yes\" data-elementor-lightbox-slideshow=\"10850e3\" data-elementor-lightbox-title=\"P1310176\" data-e-action-hash=\"#elementor-action%3Aaction%3Dlightbox%26settings%3DeyJpZCI6MTY2NjYsInVybCI6Imh0dHBzOlwvXC93d3cubGljaGVuLnBsXC93cC1jb250ZW50XC91cGxvYWRzXC8yMDIwXC8xMVwvUDEzMTAxNzYuanBnIiwic2xpZGVzaG93IjoiMTA4NTBlMyJ9\">\n\t\t\t\t\t<div class=\"e-gallery-image elementor-gallery-item__image\" data-thumbnail=\"https:\/\/www.lichen.pl\/wp-content\/uploads\/2020\/11\/P1310176-225x300.jpg\" data-width=\"225\" data-height=\"300\" aria-label=\"\" role=\"img\" ><\/div>\n\t\t\t\t\t\t\t\t\t\t\t<div class=\"elementor-gallery-item__overlay\"><\/div>\n\t\t\t\t\t\t\t\t\t\t\t\t\t\t<\/a>\n\t\t\t\t\t\t\t<a class=\"e-gallery-item elementor-gallery-item elementor-animated-content\" href=\"https:\/\/www.lichen.pl\/wp-content\/uploads\/2020\/11\/P1310180.jpg\" data-elementor-open-lightbox=\"yes\" data-elementor-lightbox-slideshow=\"10850e3\" data-elementor-lightbox-title=\"P1310180\" data-e-action-hash=\"#elementor-action%3Aaction%3Dlightbox%26settings%3DeyJpZCI6MTY2NzEsInVybCI6Imh0dHBzOlwvXC93d3cubGljaGVuLnBsXC93cC1jb250ZW50XC91cGxvYWRzXC8yMDIwXC8xMVwvUDEzMTAxODAuanBnIiwic2xpZGVzaG93IjoiMTA4NTBlMyJ9\">\n\t\t\t\t\t<div class=\"e-gallery-image elementor-gallery-item__image\" data-thumbnail=\"https:\/\/www.lichen.pl\/wp-content\/uploads\/2020\/11\/P1310180-225x300.jpg\" data-width=\"225\" data-height=\"300\" aria-label=\"\" role=\"img\" ><\/div>\n\t\t\t\t\t\t\t\t\t\t\t<div class=\"elementor-gallery-item__overlay\"><\/div>\n\t\t\t\t\t\t\t\t\t\t\t\t\t\t<\/a>\n\t\t\t\t\t<\/div>\n\t\t\t\t\t<\/div>\n\t\t\t\t<\/div>\n\t\t\t\t\t<\/div>\n\t\t<\/div>\n\t\t\t\t\t<\/div>\n\t\t<\/section>\n\t\t\t\t<\/div>","protected":false},"excerpt":{"rendered":"<p>\u2013 Odkryjmy nasze s\u0142abo\u015bci, choroby ducha, grzechy. Co wynika z tego odkrycia? \u017be do najmniejszego brata przybli\u017ca si\u0119 Chrystus, by uzdrowi\u0107, pocieszy\u0107 i wyzwoli\u0107. On jest naszym Kr\u00f3lem \u2013 m\u00f3wi\u0142 ks. Janusz Kumala MIC w uroczysto\u015b\u0107 Jezusa Chrystusa Kr\u00f3la Wszech\u015bwiata w Sanktuarium Matki Bo\u017cej Liche\u0144skiej. Podczas po\u0142udniowej Mszy \u015bw., w ostatni\u0105 niedziel\u0119 roku liturgicznego ks. [&hellip;]<\/p>\n","protected":false},"author":6,"featured_media":16641,"comment_status":"open","ping_status":"open","sticky":false,"template":"","format":"standard","meta":{"footnotes":""},"categories":[1],"tags":[],"class_list":["post-16390","post","type-post","status-publish","format-standard","has-post-thumbnail","hentry","category-aktualnosci","wpbf-post"],"yoast_head":"<!-- This site is optimized with the Yoast SEO plugin v27.4 - https:\/\/yoast.com\/product\/yoast-seo-wordpress\/ -->\n<title>Uroczysto\u015b\u0107 Jezusa Chrystusa Kr\u00f3la Wszech\u015bwiata w Sanktuarium Matki Bo\u017cej Liche\u0144skiej - SANKTUARIUM W LICHENIU<\/title>\n<meta name=\"robots\" content=\"index, follow, max-snippet:-1, max-image-preview:large, max-video-preview:-1\" \/>\n<link rel=\"canonical\" href=\"http:\/\/www.lichen.pl\/de\/uroczystosc-jezusa-chrystusa-krola-wszechswiata-w-sanktuarium-matki-bozej-lichenskiej\/\" \/>\n<meta property=\"og:locale\" content=\"de_DE\" \/>\n<meta property=\"og:type\" content=\"article\" \/>\n<meta property=\"og:title\" content=\"Uroczysto\u015b\u0107 Jezusa Chrystusa Kr\u00f3la Wszech\u015bwiata w Sanktuarium Matki Bo\u017cej Liche\u0144skiej - SANKTUARIUM W LICHENIU\" \/>\n<meta property=\"og:description\" content=\"\u2013 Odkryjmy nasze s\u0142abo\u015bci, choroby ducha, grzechy. Co wynika z tego odkrycia? \u017be do najmniejszego brata przybli\u017ca si\u0119 Chrystus, by uzdrowi\u0107, pocieszy\u0107 i wyzwoli\u0107. On jest naszym Kr\u00f3lem \u2013 m\u00f3wi\u0142 ks. Janusz Kumala MIC w uroczysto\u015b\u0107 Jezusa Chrystusa Kr\u00f3la Wszech\u015bwiata w Sanktuarium Matki Bo\u017cej Liche\u0144skiej. Podczas po\u0142udniowej Mszy \u015bw., w ostatni\u0105 niedziel\u0119 roku liturgicznego ks. [&hellip;]\" \/>\n<meta property=\"og:url\" content=\"http:\/\/www.lichen.pl\/de\/uroczystosc-jezusa-chrystusa-krola-wszechswiata-w-sanktuarium-matki-bozej-lichenskiej\/\" \/>\n<meta property=\"og:site_name\" content=\"SANKTUARIUM W LICHENIU\" \/>\n<meta property=\"article:published_time\" content=\"2020-11-22T09:31:34+00:00\" \/>\n<meta property=\"article:modified_time\" content=\"2021-06-30T10:25:58+00:00\" \/>\n<meta property=\"og:image\" content=\"http:\/\/www.lichen.pl\/wp-content\/uploads\/2020\/11\/P1310125.jpg\" \/>\n\t<meta property=\"og:image:width\" content=\"901\" \/>\n\t<meta property=\"og:image:height\" content=\"1200\" \/>\n\t<meta property=\"og:image:type\" content=\"image\/jpeg\" \/>\n<meta name=\"author\" content=\"AMELIA SIUDA-KOSZELA\" \/>\n<meta name=\"twitter:card\" content=\"summary_large_image\" \/>\n<meta name=\"twitter:label1\" content=\"Verfasst von\" \/>\n\t<meta name=\"twitter:data1\" content=\"AMELIA SIUDA-KOSZELA\" \/>\n\t<meta name=\"twitter:label2\" content=\"Gesch\u00e4tzte Lesezeit\" \/>\n\t<meta name=\"twitter:data2\" content=\"2\u00a0Minuten\" \/>\n<script type=\"application\/ld+json\" class=\"yoast-schema-graph\">{\"@context\":\"https:\\\/\\\/schema.org\",\"@graph\":[{\"@type\":\"Article\",\"@id\":\"http:\\\/\\\/www.lichen.pl\\\/it\\\/uroczystosc-jezusa-chrystusa-krola-wszechswiata-w-sanktuarium-matki-bozej-lichenskiej\\\/#article\",\"isPartOf\":{\"@id\":\"http:\\\/\\\/www.lichen.pl\\\/it\\\/uroczystosc-jezusa-chrystusa-krola-wszechswiata-w-sanktuarium-matki-bozej-lichenskiej\\\/\"},\"author\":{\"name\":\"AMELIA SIUDA-KOSZELA\",\"@id\":\"https:\\\/\\\/www.lichen.pl\\\/fr\\\/#\\\/schema\\\/person\\\/70bf824c102f176cf976b0d90af0d62a\"},\"headline\":\"Uroczysto\u015b\u0107 Jezusa Chrystusa Kr\u00f3la Wszech\u015bwiata w Sanktuarium Matki Bo\u017cej Liche\u0144skiej\",\"datePublished\":\"2020-11-22T09:31:34+00:00\",\"dateModified\":\"2021-06-30T10:25:58+00:00\",\"mainEntityOfPage\":{\"@id\":\"http:\\\/\\\/www.lichen.pl\\\/it\\\/uroczystosc-jezusa-chrystusa-krola-wszechswiata-w-sanktuarium-matki-bozej-lichenskiej\\\/\"},\"wordCount\":465,\"commentCount\":0,\"image\":{\"@id\":\"http:\\\/\\\/www.lichen.pl\\\/it\\\/uroczystosc-jezusa-chrystusa-krola-wszechswiata-w-sanktuarium-matki-bozej-lichenskiej\\\/#primaryimage\"},\"thumbnailUrl\":\"https:\\\/\\\/www.lichen.pl\\\/wp-content\\\/uploads\\\/2020\\\/11\\\/P1310125.jpg\",\"articleSection\":[\"Aktualno\u015bci\"],\"inLanguage\":\"de\",\"potentialAction\":[{\"@type\":\"CommentAction\",\"name\":\"Comment\",\"target\":[\"http:\\\/\\\/www.lichen.pl\\\/it\\\/uroczystosc-jezusa-chrystusa-krola-wszechswiata-w-sanktuarium-matki-bozej-lichenskiej\\\/#respond\"]}]},{\"@type\":\"WebPage\",\"@id\":\"http:\\\/\\\/www.lichen.pl\\\/it\\\/uroczystosc-jezusa-chrystusa-krola-wszechswiata-w-sanktuarium-matki-bozej-lichenskiej\\\/\",\"url\":\"http:\\\/\\\/www.lichen.pl\\\/it\\\/uroczystosc-jezusa-chrystusa-krola-wszechswiata-w-sanktuarium-matki-bozej-lichenskiej\\\/\",\"name\":\"Uroczysto\u015b\u0107 Jezusa Chrystusa Kr\u00f3la Wszech\u015bwiata w Sanktuarium Matki Bo\u017cej Liche\u0144skiej - SANKTUARIUM W LICHENIU\",\"isPartOf\":{\"@id\":\"https:\\\/\\\/www.lichen.pl\\\/fr\\\/#website\"},\"primaryImageOfPage\":{\"@id\":\"http:\\\/\\\/www.lichen.pl\\\/it\\\/uroczystosc-jezusa-chrystusa-krola-wszechswiata-w-sanktuarium-matki-bozej-lichenskiej\\\/#primaryimage\"},\"image\":{\"@id\":\"http:\\\/\\\/www.lichen.pl\\\/it\\\/uroczystosc-jezusa-chrystusa-krola-wszechswiata-w-sanktuarium-matki-bozej-lichenskiej\\\/#primaryimage\"},\"thumbnailUrl\":\"https:\\\/\\\/www.lichen.pl\\\/wp-content\\\/uploads\\\/2020\\\/11\\\/P1310125.jpg\",\"datePublished\":\"2020-11-22T09:31:34+00:00\",\"dateModified\":\"2021-06-30T10:25:58+00:00\",\"author\":{\"@id\":\"https:\\\/\\\/www.lichen.pl\\\/fr\\\/#\\\/schema\\\/person\\\/70bf824c102f176cf976b0d90af0d62a\"},\"breadcrumb\":{\"@id\":\"http:\\\/\\\/www.lichen.pl\\\/it\\\/uroczystosc-jezusa-chrystusa-krola-wszechswiata-w-sanktuarium-matki-bozej-lichenskiej\\\/#breadcrumb\"},\"inLanguage\":\"de\",\"potentialAction\":[{\"@type\":\"ReadAction\",\"target\":[\"http:\\\/\\\/www.lichen.pl\\\/it\\\/uroczystosc-jezusa-chrystusa-krola-wszechswiata-w-sanktuarium-matki-bozej-lichenskiej\\\/\"]}]},{\"@type\":\"ImageObject\",\"inLanguage\":\"de\",\"@id\":\"http:\\\/\\\/www.lichen.pl\\\/it\\\/uroczystosc-jezusa-chrystusa-krola-wszechswiata-w-sanktuarium-matki-bozej-lichenskiej\\\/#primaryimage\",\"url\":\"https:\\\/\\\/www.lichen.pl\\\/wp-content\\\/uploads\\\/2020\\\/11\\\/P1310125.jpg\",\"contentUrl\":\"https:\\\/\\\/www.lichen.pl\\\/wp-content\\\/uploads\\\/2020\\\/11\\\/P1310125.jpg\",\"width\":901,\"height\":1200},{\"@type\":\"BreadcrumbList\",\"@id\":\"http:\\\/\\\/www.lichen.pl\\\/it\\\/uroczystosc-jezusa-chrystusa-krola-wszechswiata-w-sanktuarium-matki-bozej-lichenskiej\\\/#breadcrumb\",\"itemListElement\":[{\"@type\":\"ListItem\",\"position\":1,\"name\":\"Strona g\u0142\u00f3wna\",\"item\":\"https:\\\/\\\/www.lichen.pl\\\/\"},{\"@type\":\"ListItem\",\"position\":2,\"name\":\"Uroczysto\u015b\u0107 Jezusa Chrystusa Kr\u00f3la Wszech\u015bwiata w Sanktuarium Matki Bo\u017cej Liche\u0144skiej\"}]},{\"@type\":\"WebSite\",\"@id\":\"https:\\\/\\\/www.lichen.pl\\\/fr\\\/#website\",\"url\":\"https:\\\/\\\/www.lichen.pl\\\/fr\\\/\",\"name\":\"SANKTUARIUM W LICHENIU\",\"description\":\"MATKI BO\u017bEJ LICHE\u0143SKIEJ BOLESNEJ KR\u00d3LOWEJ POLSKI\",\"potentialAction\":[{\"@type\":\"SearchAction\",\"target\":{\"@type\":\"EntryPoint\",\"urlTemplate\":\"https:\\\/\\\/www.lichen.pl\\\/fr\\\/?s={search_term_string}\"},\"query-input\":{\"@type\":\"PropertyValueSpecification\",\"valueRequired\":true,\"valueName\":\"search_term_string\"}}],\"inLanguage\":\"de\"},{\"@type\":\"Person\",\"@id\":\"https:\\\/\\\/www.lichen.pl\\\/fr\\\/#\\\/schema\\\/person\\\/70bf824c102f176cf976b0d90af0d62a\",\"name\":\"AMELIA SIUDA-KOSZELA\",\"image\":{\"@type\":\"ImageObject\",\"inLanguage\":\"de\",\"@id\":\"https:\\\/\\\/secure.gravatar.com\\\/avatar\\\/a0f9a92186ab02fb8db116f5388e3bc7280dd7bd01565c5d6b7ceb07ff27d6d9?s=96&d=retro&r=g\",\"url\":\"https:\\\/\\\/secure.gravatar.com\\\/avatar\\\/a0f9a92186ab02fb8db116f5388e3bc7280dd7bd01565c5d6b7ceb07ff27d6d9?s=96&d=retro&r=g\",\"contentUrl\":\"https:\\\/\\\/secure.gravatar.com\\\/avatar\\\/a0f9a92186ab02fb8db116f5388e3bc7280dd7bd01565c5d6b7ceb07ff27d6d9?s=96&d=retro&r=g\",\"caption\":\"AMELIA SIUDA-KOSZELA\"},\"url\":\"https:\\\/\\\/www.lichen.pl\\\/de\\\/author\\\/amelia\\\/\"}]}<\/script>\n<!-- \/ Yoast SEO plugin. -->","yoast_head_json":{"title":"Uroczysto\u015b\u0107 Jezusa Chrystusa Kr\u00f3la Wszech\u015bwiata w Sanktuarium Matki Bo\u017cej Liche\u0144skiej - SANKTUARIUM W LICHENIU","robots":{"index":"index","follow":"follow","max-snippet":"max-snippet:-1","max-image-preview":"max-image-preview:large","max-video-preview":"max-video-preview:-1"},"canonical":"http:\/\/www.lichen.pl\/de\/uroczystosc-jezusa-chrystusa-krola-wszechswiata-w-sanktuarium-matki-bozej-lichenskiej\/","og_locale":"de_DE","og_type":"article","og_title":"Uroczysto\u015b\u0107 Jezusa Chrystusa Kr\u00f3la Wszech\u015bwiata w Sanktuarium Matki Bo\u017cej Liche\u0144skiej - SANKTUARIUM W LICHENIU","og_description":"\u2013 Odkryjmy nasze s\u0142abo\u015bci, choroby ducha, grzechy. Co wynika z tego odkrycia? \u017be do najmniejszego brata przybli\u017ca si\u0119 Chrystus, by uzdrowi\u0107, pocieszy\u0107 i wyzwoli\u0107. On jest naszym Kr\u00f3lem \u2013 m\u00f3wi\u0142 ks. Janusz Kumala MIC w uroczysto\u015b\u0107 Jezusa Chrystusa Kr\u00f3la Wszech\u015bwiata w Sanktuarium Matki Bo\u017cej Liche\u0144skiej. Podczas po\u0142udniowej Mszy \u015bw., w ostatni\u0105 niedziel\u0119 roku liturgicznego ks. [&hellip;]","og_url":"http:\/\/www.lichen.pl\/de\/uroczystosc-jezusa-chrystusa-krola-wszechswiata-w-sanktuarium-matki-bozej-lichenskiej\/","og_site_name":"SANKTUARIUM W LICHENIU","article_published_time":"2020-11-22T09:31:34+00:00","article_modified_time":"2021-06-30T10:25:58+00:00","og_image":[{"width":901,"height":1200,"url":"http:\/\/www.lichen.pl\/wp-content\/uploads\/2020\/11\/P1310125.jpg","type":"image\/jpeg"}],"author":"AMELIA SIUDA-KOSZELA","twitter_card":"summary_large_image","twitter_misc":{"Verfasst von":"AMELIA SIUDA-KOSZELA","Gesch\u00e4tzte Lesezeit":"2\u00a0Minuten"},"schema":{"@context":"https:\/\/schema.org","@graph":[{"@type":"Article","@id":"http:\/\/www.lichen.pl\/it\/uroczystosc-jezusa-chrystusa-krola-wszechswiata-w-sanktuarium-matki-bozej-lichenskiej\/#article","isPartOf":{"@id":"http:\/\/www.lichen.pl\/it\/uroczystosc-jezusa-chrystusa-krola-wszechswiata-w-sanktuarium-matki-bozej-lichenskiej\/"},"author":{"name":"AMELIA SIUDA-KOSZELA","@id":"https:\/\/www.lichen.pl\/fr\/#\/schema\/person\/70bf824c102f176cf976b0d90af0d62a"},"headline":"Uroczysto\u015b\u0107 Jezusa Chrystusa Kr\u00f3la Wszech\u015bwiata w Sanktuarium Matki Bo\u017cej Liche\u0144skiej","datePublished":"2020-11-22T09:31:34+00:00","dateModified":"2021-06-30T10:25:58+00:00","mainEntityOfPage":{"@id":"http:\/\/www.lichen.pl\/it\/uroczystosc-jezusa-chrystusa-krola-wszechswiata-w-sanktuarium-matki-bozej-lichenskiej\/"},"wordCount":465,"commentCount":0,"image":{"@id":"http:\/\/www.lichen.pl\/it\/uroczystosc-jezusa-chrystusa-krola-wszechswiata-w-sanktuarium-matki-bozej-lichenskiej\/#primaryimage"},"thumbnailUrl":"https:\/\/www.lichen.pl\/wp-content\/uploads\/2020\/11\/P1310125.jpg","articleSection":["Aktualno\u015bci"],"inLanguage":"de","potentialAction":[{"@type":"CommentAction","name":"Comment","target":["http:\/\/www.lichen.pl\/it\/uroczystosc-jezusa-chrystusa-krola-wszechswiata-w-sanktuarium-matki-bozej-lichenskiej\/#respond"]}]},{"@type":"WebPage","@id":"http:\/\/www.lichen.pl\/it\/uroczystosc-jezusa-chrystusa-krola-wszechswiata-w-sanktuarium-matki-bozej-lichenskiej\/","url":"http:\/\/www.lichen.pl\/it\/uroczystosc-jezusa-chrystusa-krola-wszechswiata-w-sanktuarium-matki-bozej-lichenskiej\/","name":"Uroczysto\u015b\u0107 Jezusa Chrystusa Kr\u00f3la Wszech\u015bwiata w Sanktuarium Matki Bo\u017cej Liche\u0144skiej - SANKTUARIUM W LICHENIU","isPartOf":{"@id":"https:\/\/www.lichen.pl\/fr\/#website"},"primaryImageOfPage":{"@id":"http:\/\/www.lichen.pl\/it\/uroczystosc-jezusa-chrystusa-krola-wszechswiata-w-sanktuarium-matki-bozej-lichenskiej\/#primaryimage"},"image":{"@id":"http:\/\/www.lichen.pl\/it\/uroczystosc-jezusa-chrystusa-krola-wszechswiata-w-sanktuarium-matki-bozej-lichenskiej\/#primaryimage"},"thumbnailUrl":"https:\/\/www.lichen.pl\/wp-content\/uploads\/2020\/11\/P1310125.jpg","datePublished":"2020-11-22T09:31:34+00:00","dateModified":"2021-06-30T10:25:58+00:00","author":{"@id":"https:\/\/www.lichen.pl\/fr\/#\/schema\/person\/70bf824c102f176cf976b0d90af0d62a"},"breadcrumb":{"@id":"http:\/\/www.lichen.pl\/it\/uroczystosc-jezusa-chrystusa-krola-wszechswiata-w-sanktuarium-matki-bozej-lichenskiej\/#breadcrumb"},"inLanguage":"de","potentialAction":[{"@type":"ReadAction","target":["http:\/\/www.lichen.pl\/it\/uroczystosc-jezusa-chrystusa-krola-wszechswiata-w-sanktuarium-matki-bozej-lichenskiej\/"]}]},{"@type":"ImageObject","inLanguage":"de","@id":"http:\/\/www.lichen.pl\/it\/uroczystosc-jezusa-chrystusa-krola-wszechswiata-w-sanktuarium-matki-bozej-lichenskiej\/#primaryimage","url":"https:\/\/www.lichen.pl\/wp-content\/uploads\/2020\/11\/P1310125.jpg","contentUrl":"https:\/\/www.lichen.pl\/wp-content\/uploads\/2020\/11\/P1310125.jpg","width":901,"height":1200},{"@type":"BreadcrumbList","@id":"http:\/\/www.lichen.pl\/it\/uroczystosc-jezusa-chrystusa-krola-wszechswiata-w-sanktuarium-matki-bozej-lichenskiej\/#breadcrumb","itemListElement":[{"@type":"ListItem","position":1,"name":"Strona g\u0142\u00f3wna","item":"https:\/\/www.lichen.pl\/"},{"@type":"ListItem","position":2,"name":"Uroczysto\u015b\u0107 Jezusa Chrystusa Kr\u00f3la Wszech\u015bwiata w Sanktuarium Matki Bo\u017cej Liche\u0144skiej"}]},{"@type":"WebSite","@id":"https:\/\/www.lichen.pl\/fr\/#website","url":"https:\/\/www.lichen.pl\/fr\/","name":"HEILIGTUM IN LICHENIEN","description":"DIE TRAURIGE K\u00d6NIGIN UNSERER FLECHEN VON POLEN","potentialAction":[{"@type":"SearchAction","target":{"@type":"EntryPoint","urlTemplate":"https:\/\/www.lichen.pl\/fr\/?s={search_term_string}"},"query-input":{"@type":"PropertyValueSpecification","valueRequired":true,"valueName":"search_term_string"}}],"inLanguage":"de"},{"@type":"Person","@id":"https:\/\/www.lichen.pl\/fr\/#\/schema\/person\/70bf824c102f176cf976b0d90af0d62a","name":"AMELIA SIUDA-KOSZELA","image":{"@type":"ImageObject","inLanguage":"de","@id":"https:\/\/secure.gravatar.com\/avatar\/a0f9a92186ab02fb8db116f5388e3bc7280dd7bd01565c5d6b7ceb07ff27d6d9?s=96&d=retro&r=g","url":"https:\/\/secure.gravatar.com\/avatar\/a0f9a92186ab02fb8db116f5388e3bc7280dd7bd01565c5d6b7ceb07ff27d6d9?s=96&d=retro&r=g","contentUrl":"https:\/\/secure.gravatar.com\/avatar\/a0f9a92186ab02fb8db116f5388e3bc7280dd7bd01565c5d6b7ceb07ff27d6d9?s=96&d=retro&r=g","caption":"AMELIA SIUDA-KOSZELA"},"url":"https:\/\/www.lichen.pl\/de\/author\/amelia\/"}]}},"_links":{"self":[{"href":"https:\/\/www.lichen.pl\/de\/wp-json\/wp\/v2\/posts\/16390","targetHints":{"allow":["GET"]}}],"collection":[{"href":"https:\/\/www.lichen.pl\/de\/wp-json\/wp\/v2\/posts"}],"about":[{"href":"https:\/\/www.lichen.pl\/de\/wp-json\/wp\/v2\/types\/post"}],"author":[{"embeddable":true,"href":"https:\/\/www.lichen.pl\/de\/wp-json\/wp\/v2\/users\/6"}],"replies":[{"embeddable":true,"href":"https:\/\/www.lichen.pl\/de\/wp-json\/wp\/v2\/comments?post=16390"}],"version-history":[{"count":8,"href":"https:\/\/www.lichen.pl\/de\/wp-json\/wp\/v2\/posts\/16390\/revisions"}],"predecessor-version":[{"id":16678,"href":"https:\/\/www.lichen.pl\/de\/wp-json\/wp\/v2\/posts\/16390\/revisions\/16678"}],"wp:featuredmedia":[{"embeddable":true,"href":"https:\/\/www.lichen.pl\/de\/wp-json\/wp\/v2\/media\/16641"}],"wp:attachment":[{"href":"https:\/\/www.lichen.pl\/de\/wp-json\/wp\/v2\/media?parent=16390"}],"wp:term":[{"taxonomy":"category","embeddable":true,"href":"https:\/\/www.lichen.pl\/de\/wp-json\/wp\/v2\/categories?post=16390"},{"taxonomy":"post_tag","embeddable":true,"href":"https:\/\/www.lichen.pl\/de\/wp-json\/wp\/v2\/tags?post=16390"}],"curies":[{"name":"wp","href":"https:\/\/api.w.org\/{rel}","templated":true}]}}