{"id":16453,"date":"2020-05-25T09:44:54","date_gmt":"2020-05-25T09:44:54","guid":{"rendered":"http:\/\/www.lichen.pl\/?p=16453"},"modified":"2022-08-03T14:02:08","modified_gmt":"2022-08-03T12:02:08","slug":"dzien-matki-w-domu-matki","status":"publish","type":"post","link":"https:\/\/www.lichen.pl\/de\/dzien-matki-w-domu-matki\/","title":{"rendered":"Muttertag im Mutterhaus"},"content":{"rendered":"<div data-elementor-type=\"wp-post\" data-elementor-id=\"16453\" class=\"elementor elementor-16453\" data-elementor-post-type=\"post\">\n\t\t\t\t\t\t<section class=\"elementor-section elementor-top-section elementor-element elementor-element-be24497 elementor-section-boxed elementor-section-height-default elementor-section-height-default\" data-id=\"be24497\" data-element_type=\"section\" data-e-type=\"section\">\n\t\t\t\t\t\t<div class=\"elementor-container elementor-column-gap-default\">\n\t\t\t\t\t<div class=\"elementor-column elementor-col-100 elementor-top-column elementor-element elementor-element-8db2afd\" data-id=\"8db2afd\" data-element_type=\"column\" data-e-type=\"column\">\n\t\t\t<div class=\"elementor-widget-wrap elementor-element-populated\">\n\t\t\t\t\t\t<div class=\"elementor-element elementor-element-6e7e88b elementor-widget elementor-widget-text-editor\" data-id=\"6e7e88b\" data-element_type=\"widget\" data-e-type=\"widget\" data-widget_type=\"text-editor.default\">\n\t\t\t\t<div class=\"elementor-widget-container\">\n\t\t\t\t\t\t\t\t\t<p class=\"MsoNormal\" style=\"text-align: justify; text-indent: 35.4pt;\"><span style=\"color: #000000;\"><b>Mehrere Hundert Gl\u00e4ubige feierten im Heiligtum Unserer Lieben Frau von Liche\u0144 die Himmelfahrt unseres Herrn und beteten anl\u00e4sslich des Muttertags am 26. Mai zu allen M\u00fcttern.\u00a0 <\/b><\/span><\/p><p class=\"MsoNormal\" style=\"text-align: justify; text-indent: 35.4pt;\"><span style=\"color: #000000;\">- Heute schaut die ganze Kirche zum Himmel, blickt auf Christus, der in das Haus des Vaters zur\u00fcckkehrt und versichert: &quot;Und hier bin ich alle Tage bei euch, bis ans Ende der Welt&quot; - sagte P. Janusz Kumala, MIC, H\u00fcter des Flechtenheiligtums, empf\u00e4ngt die Gl\u00e4ubigen w\u00e4hrend der Mittagsmesse in der Basilika vor Unserer Lieben Frau von Flechten, Patronin des Familiengl\u00fccks. - Hoffen wir, dass das Geschenk der Mutterschaft, das Gott den Frauen schenkt, von ihnen angenommen und von allen respektiert wird, damit wir gemeinsam in den Himmel kommen k\u00f6nnen - betonte er.<\/span><\/p><p class=\"MsoNormal\" style=\"text-align: justify; text-indent: 35.4pt;\"><span style=\"color: #000000;\">Der Zelebrant betonte in der Predigt, dass wir nicht leben k\u00f6nnen, ohne Christus zu begegnen. Irgendwann stellen sich Fragen nach dem Sinn des Lebens. - Wenn wir nicht in den Himmel blicken, auf das Ziel unserer Wanderung, kann uns unser Alltag \u00fcberfordern. Die Himmelfahrtszeremonie erinnert uns daran, dass wir im Leben Pilger sind, sagte der Marianer. Diese Dimension des Lebens wird auch durch das Heiligtum und den Tempel angedeutet. - Der Altar und die darauf gefeierte Eucharistie vergegenw\u00e4rtigen die Verkl\u00e4rung Christi, das Opfer und das Fest der Auferstehung. Es ist auch ein Symbol der Himmelfahrt \u2013 betonte er. Bezugnehmend auf das gelesene Evangelium nach St. Mateusz, Fr. Kumala erkl\u00e4rte, dass Christus seine J\u00fcnger nicht tadelte, wenn er zweifelte, sondern n\u00e4her zu ihnen ging und eine tiefere Beziehung zu ihnen aufbauen wollte. - Er wei\u00df, dass er, wenn er n\u00e4her kommt, den J\u00fcngern helfen, unsere Zweifel \u00fcberwinden und die Mission anvertrauen wird: &quot;Geht daher und macht alle V\u00f6lker zu J\u00fcngern.&quot; Die Sch\u00fcler d\u00fcrfen nicht stehen bleiben. Sie sollen hingehen und die Wahrheit \u00fcber Christus verk\u00fcnden \u2013 betonte er.<\/span><\/p><p class=\"MsoNormal\" style=\"text-align: justify; text-indent: 35.4pt;\"><span style=\"color: #000000;\">Der Muttertag ist ein Ereignis, das uns daran erinnert, dass die Menschen, die in unserem Leben anwesend sind, Zeichen der Gegenwart und des Wirkens Gottes sind, r\u00e4umte die Kuratorin ein. - Die gro\u00dfe Freude einer Mutter, wenn sie von dem neuen Leben erf\u00e4hrt, das sie unter ihrem Herzen tr\u00e4gt und mit Liebe annimmt, ist ein Zeichen der sch\u00f6pferischen Liebe Gottes am Anfang unseres Lebens. Die Freude und die uneigenn\u00fctzige Liebe Gottes zeigen sich in der Haltung einer liebevollen Mutter - sagte P. Kumala. - Das Wesen der Mutterschaft ist Liebe, von Anfang bis zum Unendlichen. Das Leben endet nicht, die bedingungslose Mutterliebe bleibt f\u00fcr alle Ewigkeit. Daher ist das gr\u00f6\u00dfte Leid einer Mutter die Ablehnung Gottes durch ihre Kinder, wenn ihr Heil bedroht ist - sagte der Marian. Die W\u00e4rterin des Flechtenheiligtums sensibilisierte die Gl\u00e4ubigen f\u00fcr die unterschiedlichen Gesichter der Mutterschaft: alleinerziehende M\u00fctter, Opfer h\u00e4uslicher Gewalt oder die ihren m\u00fctterlichen Auftrag nicht erf\u00fcllen konnten. - Oder ist es an der Zeit, einer Mutter zu vergeben, die uns auf irgendeine Weise verletzt hat? Oder \u201eEs tut mir leid\u201c sagen, wenn wir selbst es vers\u00e4umt haben, sie zu respektieren? Es gibt verschiedene Geschichten aus dem Leben von M\u00fcttern, lasst uns sie alle mit Gebet, Liebe und Hilfe umarmen \u2013 befahl er.<\/span><\/p><p class=\"MsoNormal\" style=\"text-align: justify; text-indent: 35.4pt;\"><span style=\"color: #000000;\">M\u00fctter, auch mit ihren Familien, waren aktiv an der Eucharistiefeier beteiligt. Sie nahmen am Wortgottesdienst teil, trugen Geschenke zum Altar und lasen zusammen mit dem W\u00e4chter den Akt der Muttervertrauung Unserer Lieben Frau von Liche\u0144 vor. Nach der Heiligen Messe. M\u00fctter, die bei der Eucharistie anwesend waren, erhielten eine Mappe mit dem t\u00e4glichen Gebet ihrer Mutter zu Unserer Lieben Frau von Liche\u0144.\u00a0<\/span><\/p>\t\t\t\t\t\t\t\t<\/div>\n\t\t\t\t<\/div>\n\t\t\t\t\t<\/div>\n\t\t<\/div>\n\t\t\t\t\t<\/div>\n\t\t<\/section>\n\t\t\t\t<\/div>","protected":false},"excerpt":{"rendered":"<p>Kilkuset wiernych w Sanktuarium Matki Bo\u017cej Liche\u0144skiej \u015bwi\u0119towa\u0142o uroczysto\u015b\u0107 Wniebowst\u0105pienia Pa\u0144skiego i otacza\u0142o modlitw\u0105 wszystkie matki, z okazji przypadaj\u0105cego 26 maja Dnia Matki. \u2013 Dzi\u015b ca\u0142y Ko\u015bci\u00f3\u0142 patrzy w niebo, wpatruje si\u0119 w Chrystusa, kt\u00f3ry wraca do Domu Ojca i zapewnia: \u201eA oto Ja jestem z wami przez wszystkie dni, a\u017c do sko\u0144czenia \u015bwiata\u201d \u2013 [&hellip;]<\/p>\n","protected":false},"author":6,"featured_media":43741,"comment_status":"open","ping_status":"open","sticky":false,"template":"","format":"standard","meta":{"footnotes":""},"categories":[1],"tags":[],"class_list":["post-16453","post","type-post","status-publish","format-standard","has-post-thumbnail","hentry","category-aktualnosci","wpbf-post"],"yoast_head":"<!-- This site is optimized with the Yoast SEO plugin v27.4 - https:\/\/yoast.com\/product\/yoast-seo-wordpress\/ -->\n<title>Dzie\u0144 Matki w Domu Matki - SANKTUARIUM W LICHENIU<\/title>\n<meta name=\"robots\" content=\"index, follow, max-snippet:-1, max-image-preview:large, max-video-preview:-1\" \/>\n<link rel=\"canonical\" href=\"https:\/\/www.lichen.pl\/de\/dzien-matki-w-domu-matki\/\" \/>\n<meta property=\"og:locale\" content=\"de_DE\" \/>\n<meta property=\"og:type\" content=\"article\" \/>\n<meta property=\"og:title\" content=\"Dzie\u0144 Matki w Domu Matki - SANKTUARIUM W LICHENIU\" \/>\n<meta property=\"og:description\" content=\"Kilkuset wiernych w Sanktuarium Matki Bo\u017cej Liche\u0144skiej \u015bwi\u0119towa\u0142o uroczysto\u015b\u0107 Wniebowst\u0105pienia Pa\u0144skiego i otacza\u0142o modlitw\u0105 wszystkie matki, z okazji przypadaj\u0105cego 26 maja Dnia Matki. \u2013 Dzi\u015b ca\u0142y Ko\u015bci\u00f3\u0142 patrzy w niebo, wpatruje si\u0119 w Chrystusa, kt\u00f3ry wraca do Domu Ojca i zapewnia: \u201eA oto Ja jestem z wami przez wszystkie dni, a\u017c do sko\u0144czenia \u015bwiata\u201d \u2013 [&hellip;]\" \/>\n<meta property=\"og:url\" content=\"https:\/\/www.lichen.pl\/de\/dzien-matki-w-domu-matki\/\" \/>\n<meta property=\"og:site_name\" content=\"SANKTUARIUM W LICHENIU\" \/>\n<meta property=\"article:published_time\" content=\"2020-05-25T09:44:54+00:00\" \/>\n<meta property=\"article:modified_time\" content=\"2022-08-03T12:02:08+00:00\" \/>\n<meta property=\"og:image\" content=\"https:\/\/www.lichen.pl\/wp-content\/uploads\/2020\/05\/Dzien-Matki-w-Domu-Matki-25-maja-2020-r.-kadr.jpg\" \/>\n\t<meta property=\"og:image:width\" content=\"1207\" \/>\n\t<meta property=\"og:image:height\" content=\"736\" \/>\n\t<meta property=\"og:image:type\" content=\"image\/jpeg\" \/>\n<meta name=\"author\" content=\"AMELIA SIUDA-KOSZELA\" \/>\n<meta name=\"twitter:card\" content=\"summary_large_image\" \/>\n<meta name=\"twitter:label1\" content=\"Verfasst von\" \/>\n\t<meta name=\"twitter:data1\" content=\"AMELIA SIUDA-KOSZELA\" \/>\n\t<meta name=\"twitter:label2\" content=\"Gesch\u00e4tzte Lesezeit\" \/>\n\t<meta name=\"twitter:data2\" content=\"2\u00a0Minuten\" \/>\n<script type=\"application\/ld+json\" class=\"yoast-schema-graph\">{\"@context\":\"https:\\\/\\\/schema.org\",\"@graph\":[{\"@type\":\"Article\",\"@id\":\"https:\\\/\\\/www.lichen.pl\\\/dzien-matki-w-domu-matki\\\/#article\",\"isPartOf\":{\"@id\":\"https:\\\/\\\/www.lichen.pl\\\/dzien-matki-w-domu-matki\\\/\"},\"author\":{\"name\":\"AMELIA SIUDA-KOSZELA\",\"@id\":\"https:\\\/\\\/www.lichen.pl\\\/fr\\\/#\\\/schema\\\/person\\\/70bf824c102f176cf976b0d90af0d62a\"},\"headline\":\"Dzie\u0144 Matki w Domu Matki\",\"datePublished\":\"2020-05-25T09:44:54+00:00\",\"dateModified\":\"2022-08-03T12:02:08+00:00\",\"mainEntityOfPage\":{\"@id\":\"https:\\\/\\\/www.lichen.pl\\\/dzien-matki-w-domu-matki\\\/\"},\"wordCount\":566,\"commentCount\":0,\"image\":{\"@id\":\"https:\\\/\\\/www.lichen.pl\\\/dzien-matki-w-domu-matki\\\/#primaryimage\"},\"thumbnailUrl\":\"https:\\\/\\\/www.lichen.pl\\\/wp-content\\\/uploads\\\/2020\\\/05\\\/Dzien-Matki-w-Domu-Matki-25-maja-2020-r.-kadr.jpg\",\"articleSection\":[\"Aktualno\u015bci\"],\"inLanguage\":\"de\",\"potentialAction\":[{\"@type\":\"CommentAction\",\"name\":\"Comment\",\"target\":[\"https:\\\/\\\/www.lichen.pl\\\/dzien-matki-w-domu-matki\\\/#respond\"]}]},{\"@type\":\"WebPage\",\"@id\":\"https:\\\/\\\/www.lichen.pl\\\/dzien-matki-w-domu-matki\\\/\",\"url\":\"https:\\\/\\\/www.lichen.pl\\\/dzien-matki-w-domu-matki\\\/\",\"name\":\"Dzie\u0144 Matki w Domu Matki - SANKTUARIUM W LICHENIU\",\"isPartOf\":{\"@id\":\"https:\\\/\\\/www.lichen.pl\\\/fr\\\/#website\"},\"primaryImageOfPage\":{\"@id\":\"https:\\\/\\\/www.lichen.pl\\\/dzien-matki-w-domu-matki\\\/#primaryimage\"},\"image\":{\"@id\":\"https:\\\/\\\/www.lichen.pl\\\/dzien-matki-w-domu-matki\\\/#primaryimage\"},\"thumbnailUrl\":\"https:\\\/\\\/www.lichen.pl\\\/wp-content\\\/uploads\\\/2020\\\/05\\\/Dzien-Matki-w-Domu-Matki-25-maja-2020-r.-kadr.jpg\",\"datePublished\":\"2020-05-25T09:44:54+00:00\",\"dateModified\":\"2022-08-03T12:02:08+00:00\",\"author\":{\"@id\":\"https:\\\/\\\/www.lichen.pl\\\/fr\\\/#\\\/schema\\\/person\\\/70bf824c102f176cf976b0d90af0d62a\"},\"breadcrumb\":{\"@id\":\"https:\\\/\\\/www.lichen.pl\\\/dzien-matki-w-domu-matki\\\/#breadcrumb\"},\"inLanguage\":\"de\",\"potentialAction\":[{\"@type\":\"ReadAction\",\"target\":[\"https:\\\/\\\/www.lichen.pl\\\/dzien-matki-w-domu-matki\\\/\"]}]},{\"@type\":\"ImageObject\",\"inLanguage\":\"de\",\"@id\":\"https:\\\/\\\/www.lichen.pl\\\/dzien-matki-w-domu-matki\\\/#primaryimage\",\"url\":\"https:\\\/\\\/www.lichen.pl\\\/wp-content\\\/uploads\\\/2020\\\/05\\\/Dzien-Matki-w-Domu-Matki-25-maja-2020-r.-kadr.jpg\",\"contentUrl\":\"https:\\\/\\\/www.lichen.pl\\\/wp-content\\\/uploads\\\/2020\\\/05\\\/Dzien-Matki-w-Domu-Matki-25-maja-2020-r.-kadr.jpg\",\"width\":1207,\"height\":736},{\"@type\":\"BreadcrumbList\",\"@id\":\"https:\\\/\\\/www.lichen.pl\\\/dzien-matki-w-domu-matki\\\/#breadcrumb\",\"itemListElement\":[{\"@type\":\"ListItem\",\"position\":1,\"name\":\"Strona g\u0142\u00f3wna\",\"item\":\"https:\\\/\\\/www.lichen.pl\\\/\"},{\"@type\":\"ListItem\",\"position\":2,\"name\":\"Dzie\u0144 Matki w Domu Matki\"}]},{\"@type\":\"WebSite\",\"@id\":\"https:\\\/\\\/www.lichen.pl\\\/fr\\\/#website\",\"url\":\"https:\\\/\\\/www.lichen.pl\\\/fr\\\/\",\"name\":\"SANKTUARIUM W LICHENIU\",\"description\":\"MATKI BO\u017bEJ LICHE\u0143SKIEJ BOLESNEJ KR\u00d3LOWEJ POLSKI\",\"potentialAction\":[{\"@type\":\"SearchAction\",\"target\":{\"@type\":\"EntryPoint\",\"urlTemplate\":\"https:\\\/\\\/www.lichen.pl\\\/fr\\\/?s={search_term_string}\"},\"query-input\":{\"@type\":\"PropertyValueSpecification\",\"valueRequired\":true,\"valueName\":\"search_term_string\"}}],\"inLanguage\":\"de\"},{\"@type\":\"Person\",\"@id\":\"https:\\\/\\\/www.lichen.pl\\\/fr\\\/#\\\/schema\\\/person\\\/70bf824c102f176cf976b0d90af0d62a\",\"name\":\"AMELIA SIUDA-KOSZELA\",\"image\":{\"@type\":\"ImageObject\",\"inLanguage\":\"de\",\"@id\":\"https:\\\/\\\/secure.gravatar.com\\\/avatar\\\/a0f9a92186ab02fb8db116f5388e3bc7280dd7bd01565c5d6b7ceb07ff27d6d9?s=96&d=retro&r=g\",\"url\":\"https:\\\/\\\/secure.gravatar.com\\\/avatar\\\/a0f9a92186ab02fb8db116f5388e3bc7280dd7bd01565c5d6b7ceb07ff27d6d9?s=96&d=retro&r=g\",\"contentUrl\":\"https:\\\/\\\/secure.gravatar.com\\\/avatar\\\/a0f9a92186ab02fb8db116f5388e3bc7280dd7bd01565c5d6b7ceb07ff27d6d9?s=96&d=retro&r=g\",\"caption\":\"AMELIA SIUDA-KOSZELA\"},\"url\":\"https:\\\/\\\/www.lichen.pl\\\/de\\\/author\\\/amelia\\\/\"}]}<\/script>\n<!-- \/ Yoast SEO plugin. -->","yoast_head_json":{"title":"Dzie\u0144 Matki w Domu Matki - SANKTUARIUM W LICHENIU","robots":{"index":"index","follow":"follow","max-snippet":"max-snippet:-1","max-image-preview":"max-image-preview:large","max-video-preview":"max-video-preview:-1"},"canonical":"https:\/\/www.lichen.pl\/de\/dzien-matki-w-domu-matki\/","og_locale":"de_DE","og_type":"article","og_title":"Dzie\u0144 Matki w Domu Matki - SANKTUARIUM W LICHENIU","og_description":"Kilkuset wiernych w Sanktuarium Matki Bo\u017cej Liche\u0144skiej \u015bwi\u0119towa\u0142o uroczysto\u015b\u0107 Wniebowst\u0105pienia Pa\u0144skiego i otacza\u0142o modlitw\u0105 wszystkie matki, z okazji przypadaj\u0105cego 26 maja Dnia Matki. \u2013 Dzi\u015b ca\u0142y Ko\u015bci\u00f3\u0142 patrzy w niebo, wpatruje si\u0119 w Chrystusa, kt\u00f3ry wraca do Domu Ojca i zapewnia: \u201eA oto Ja jestem z wami przez wszystkie dni, a\u017c do sko\u0144czenia \u015bwiata\u201d \u2013 [&hellip;]","og_url":"https:\/\/www.lichen.pl\/de\/dzien-matki-w-domu-matki\/","og_site_name":"SANKTUARIUM W LICHENIU","article_published_time":"2020-05-25T09:44:54+00:00","article_modified_time":"2022-08-03T12:02:08+00:00","og_image":[{"width":1207,"height":736,"url":"https:\/\/www.lichen.pl\/wp-content\/uploads\/2020\/05\/Dzien-Matki-w-Domu-Matki-25-maja-2020-r.-kadr.jpg","type":"image\/jpeg"}],"author":"AMELIA SIUDA-KOSZELA","twitter_card":"summary_large_image","twitter_misc":{"Verfasst von":"AMELIA SIUDA-KOSZELA","Gesch\u00e4tzte Lesezeit":"2\u00a0Minuten"},"schema":{"@context":"https:\/\/schema.org","@graph":[{"@type":"Article","@id":"https:\/\/www.lichen.pl\/dzien-matki-w-domu-matki\/#article","isPartOf":{"@id":"https:\/\/www.lichen.pl\/dzien-matki-w-domu-matki\/"},"author":{"name":"AMELIA SIUDA-KOSZELA","@id":"https:\/\/www.lichen.pl\/fr\/#\/schema\/person\/70bf824c102f176cf976b0d90af0d62a"},"headline":"Dzie\u0144 Matki w Domu Matki","datePublished":"2020-05-25T09:44:54+00:00","dateModified":"2022-08-03T12:02:08+00:00","mainEntityOfPage":{"@id":"https:\/\/www.lichen.pl\/dzien-matki-w-domu-matki\/"},"wordCount":566,"commentCount":0,"image":{"@id":"https:\/\/www.lichen.pl\/dzien-matki-w-domu-matki\/#primaryimage"},"thumbnailUrl":"https:\/\/www.lichen.pl\/wp-content\/uploads\/2020\/05\/Dzien-Matki-w-Domu-Matki-25-maja-2020-r.-kadr.jpg","articleSection":["Aktualno\u015bci"],"inLanguage":"de","potentialAction":[{"@type":"CommentAction","name":"Comment","target":["https:\/\/www.lichen.pl\/dzien-matki-w-domu-matki\/#respond"]}]},{"@type":"WebPage","@id":"https:\/\/www.lichen.pl\/dzien-matki-w-domu-matki\/","url":"https:\/\/www.lichen.pl\/dzien-matki-w-domu-matki\/","name":"Dzie\u0144 Matki w Domu Matki - SANKTUARIUM W LICHENIU","isPartOf":{"@id":"https:\/\/www.lichen.pl\/fr\/#website"},"primaryImageOfPage":{"@id":"https:\/\/www.lichen.pl\/dzien-matki-w-domu-matki\/#primaryimage"},"image":{"@id":"https:\/\/www.lichen.pl\/dzien-matki-w-domu-matki\/#primaryimage"},"thumbnailUrl":"https:\/\/www.lichen.pl\/wp-content\/uploads\/2020\/05\/Dzien-Matki-w-Domu-Matki-25-maja-2020-r.-kadr.jpg","datePublished":"2020-05-25T09:44:54+00:00","dateModified":"2022-08-03T12:02:08+00:00","author":{"@id":"https:\/\/www.lichen.pl\/fr\/#\/schema\/person\/70bf824c102f176cf976b0d90af0d62a"},"breadcrumb":{"@id":"https:\/\/www.lichen.pl\/dzien-matki-w-domu-matki\/#breadcrumb"},"inLanguage":"de","potentialAction":[{"@type":"ReadAction","target":["https:\/\/www.lichen.pl\/dzien-matki-w-domu-matki\/"]}]},{"@type":"ImageObject","inLanguage":"de","@id":"https:\/\/www.lichen.pl\/dzien-matki-w-domu-matki\/#primaryimage","url":"https:\/\/www.lichen.pl\/wp-content\/uploads\/2020\/05\/Dzien-Matki-w-Domu-Matki-25-maja-2020-r.-kadr.jpg","contentUrl":"https:\/\/www.lichen.pl\/wp-content\/uploads\/2020\/05\/Dzien-Matki-w-Domu-Matki-25-maja-2020-r.-kadr.jpg","width":1207,"height":736},{"@type":"BreadcrumbList","@id":"https:\/\/www.lichen.pl\/dzien-matki-w-domu-matki\/#breadcrumb","itemListElement":[{"@type":"ListItem","position":1,"name":"Strona g\u0142\u00f3wna","item":"https:\/\/www.lichen.pl\/"},{"@type":"ListItem","position":2,"name":"Dzie\u0144 Matki w Domu Matki"}]},{"@type":"WebSite","@id":"https:\/\/www.lichen.pl\/fr\/#website","url":"https:\/\/www.lichen.pl\/fr\/","name":"HEILIGTUM IN LICHENIEN","description":"DIE TRAURIGE K\u00d6NIGIN UNSERER FLECHEN VON POLEN","potentialAction":[{"@type":"SearchAction","target":{"@type":"EntryPoint","urlTemplate":"https:\/\/www.lichen.pl\/fr\/?s={search_term_string}"},"query-input":{"@type":"PropertyValueSpecification","valueRequired":true,"valueName":"search_term_string"}}],"inLanguage":"de"},{"@type":"Person","@id":"https:\/\/www.lichen.pl\/fr\/#\/schema\/person\/70bf824c102f176cf976b0d90af0d62a","name":"AMELIA SIUDA-KOSZELA","image":{"@type":"ImageObject","inLanguage":"de","@id":"https:\/\/secure.gravatar.com\/avatar\/a0f9a92186ab02fb8db116f5388e3bc7280dd7bd01565c5d6b7ceb07ff27d6d9?s=96&d=retro&r=g","url":"https:\/\/secure.gravatar.com\/avatar\/a0f9a92186ab02fb8db116f5388e3bc7280dd7bd01565c5d6b7ceb07ff27d6d9?s=96&d=retro&r=g","contentUrl":"https:\/\/secure.gravatar.com\/avatar\/a0f9a92186ab02fb8db116f5388e3bc7280dd7bd01565c5d6b7ceb07ff27d6d9?s=96&d=retro&r=g","caption":"AMELIA SIUDA-KOSZELA"},"url":"https:\/\/www.lichen.pl\/de\/author\/amelia\/"}]}},"_links":{"self":[{"href":"https:\/\/www.lichen.pl\/de\/wp-json\/wp\/v2\/posts\/16453","targetHints":{"allow":["GET"]}}],"collection":[{"href":"https:\/\/www.lichen.pl\/de\/wp-json\/wp\/v2\/posts"}],"about":[{"href":"https:\/\/www.lichen.pl\/de\/wp-json\/wp\/v2\/types\/post"}],"author":[{"embeddable":true,"href":"https:\/\/www.lichen.pl\/de\/wp-json\/wp\/v2\/users\/6"}],"replies":[{"embeddable":true,"href":"https:\/\/www.lichen.pl\/de\/wp-json\/wp\/v2\/comments?post=16453"}],"version-history":[{"count":5,"href":"https:\/\/www.lichen.pl\/de\/wp-json\/wp\/v2\/posts\/16453\/revisions"}],"predecessor-version":[{"id":43742,"href":"https:\/\/www.lichen.pl\/de\/wp-json\/wp\/v2\/posts\/16453\/revisions\/43742"}],"wp:featuredmedia":[{"embeddable":true,"href":"https:\/\/www.lichen.pl\/de\/wp-json\/wp\/v2\/media\/43741"}],"wp:attachment":[{"href":"https:\/\/www.lichen.pl\/de\/wp-json\/wp\/v2\/media?parent=16453"}],"wp:term":[{"taxonomy":"category","embeddable":true,"href":"https:\/\/www.lichen.pl\/de\/wp-json\/wp\/v2\/categories?post=16453"},{"taxonomy":"post_tag","embeddable":true,"href":"https:\/\/www.lichen.pl\/de\/wp-json\/wp\/v2\/tags?post=16453"}],"curies":[{"name":"wp","href":"https:\/\/api.w.org\/{rel}","templated":true}]}}