{"id":17113,"date":"2019-04-25T14:18:30","date_gmt":"2019-04-25T14:18:30","guid":{"rendered":"http:\/\/www.lichen.pl\/?p=17113"},"modified":"2021-06-30T11:26:22","modified_gmt":"2021-06-30T11:26:22","slug":"amerykanscy-i-europejscy-organisci-zwiedzili-lichenska-bazylike","status":"publish","type":"post","link":"https:\/\/www.lichen.pl\/de\/amerykanscy-i-europejscy-organisci-zwiedzili-lichenska-bazylike\/","title":{"rendered":"Amerikanische und europ\u00e4ische Organisten besuchten die Flechtenbasilika"},"content":{"rendered":"<div data-elementor-type=\"wp-post\" data-elementor-id=\"17113\" class=\"elementor elementor-17113\" data-elementor-post-type=\"post\">\n\t\t\t\t\t\t<section class=\"elementor-section elementor-top-section elementor-element elementor-element-9725c5e elementor-section-boxed elementor-section-height-default elementor-section-height-default\" data-id=\"9725c5e\" data-element_type=\"section\" data-e-type=\"section\">\n\t\t\t\t\t\t<div class=\"elementor-container elementor-column-gap-default\">\n\t\t\t\t\t<div class=\"elementor-column elementor-col-100 elementor-top-column elementor-element elementor-element-b14f5a9\" data-id=\"b14f5a9\" data-element_type=\"column\" data-e-type=\"column\">\n\t\t\t<div class=\"elementor-widget-wrap elementor-element-populated\">\n\t\t\t\t\t\t<div class=\"elementor-element elementor-element-7429daa elementor-widget elementor-widget-heading\" data-id=\"7429daa\" data-element_type=\"widget\" data-e-type=\"widget\" data-widget_type=\"heading.default\">\n\t\t\t\t<div class=\"elementor-widget-container\">\n\t\t\t\t\t<h2 class=\"elementor-heading-title elementor-size-default\">Organisten des europ\u00e4ischen Zweigs der American Society of Organists kamen zum Marienheiligtum in Lichen Stary, wo sie die Basilika besuchten und den Klang der Orgel von St. Johannes Paul II., die den Zeremonien im Tempel Glanz verleihen. \n\n<\/h2>\t\t\t\t<\/div>\n\t\t\t\t<\/div>\n\t\t\t\t<div class=\"elementor-element elementor-element-c73c2a0 elementor-widget elementor-widget-text-editor\" data-id=\"c73c2a0\" data-element_type=\"widget\" data-e-type=\"widget\" data-widget_type=\"text-editor.default\">\n\t\t\t\t<div class=\"elementor-widget-container\">\n\t\t\t\t\t\t\t\t\t<p>An dem Treffen, das von Dr. Micha\u0142 Szostak, ehemaliger Organist der Flechtenbasilika, organisiert wurde, nehmen Musiker aus Europa teil, die dem \u00f6rtlichen Zweig der oben genannten geh\u00f6ren. Verb\u00e4nde, d.h. aus: Deutschland, Frankreich, Italien, Gro\u00dfbritannien, D\u00e4nemark, Finnland, Niederlande und Belgien.<\/p>\t\t\t\t\t\t\t\t<\/div>\n\t\t\t\t<\/div>\n\t\t\t\t<div class=\"elementor-element elementor-element-d4a1f4c elementor-widget elementor-widget-image\" data-id=\"d4a1f4c\" data-element_type=\"widget\" data-e-type=\"widget\" data-widget_type=\"image.default\">\n\t\t\t\t<div class=\"elementor-widget-container\">\n\t\t\t\t\t\t\t\t\t\t\t\t<figure class=\"wp-caption\">\n\t\t\t\t\t\t\t\t\t\t<img fetchpriority=\"high\" decoding=\"async\" width=\"768\" height=\"511\" src=\"https:\/\/www.lichen.pl\/wp-content\/uploads\/2021\/06\/IMG_6508-768x511.jpg\" class=\"attachment-medium_large size-medium_large wp-image-17022\" alt=\"\" srcset=\"https:\/\/www.lichen.pl\/wp-content\/uploads\/2021\/06\/IMG_6508-768x511.jpg 768w, https:\/\/www.lichen.pl\/wp-content\/uploads\/2021\/06\/IMG_6508-800x532.jpg 800w, https:\/\/www.lichen.pl\/wp-content\/uploads\/2021\/06\/IMG_6508-300x200.jpg 300w, https:\/\/www.lichen.pl\/wp-content\/uploads\/2021\/06\/IMG_6508-1024x681.jpg 1024w, https:\/\/www.lichen.pl\/wp-content\/uploads\/2021\/06\/IMG_6508.jpg 1154w\" sizes=\"(max-width: 768px) 100vw, 768px\" \/>\t\t\t\t\t\t\t\t\t\t\t<figcaption class=\"widget-image-caption wp-caption-text\">Organisten vor der Basilika von Liche\u0144<\/figcaption>\n\t\t\t\t\t\t\t\t\t\t<\/figure>\n\t\t\t\t\t\t\t\t\t<\/div>\n\t\t\t\t<\/div>\n\t\t\t\t<div class=\"elementor-element elementor-element-1bf4b00 elementor-widget elementor-widget-text-editor\" data-id=\"1bf4b00\" data-element_type=\"widget\" data-e-type=\"widget\" data-widget_type=\"text-editor.default\">\n\t\t\t\t<div class=\"elementor-widget-container\">\n\t\t\t\t\t\t\t\t\t<p>In Liche\u0144 lernten sie die Geschichte des Heiligtums kennen. Au\u00dferdem h\u00f6rten sie ein kurzes Konzert von Dr. Szostak, dank dem sie den Klang der Flechtenorgel erleben konnten.<\/p><p>&#8211; <strong><em>Wir treffen uns einmal im Jahr am Wohnort eines unserer Mitglieder. Da Herr Micha\u0142 zu unserer Organisation geh\u00f6rt, haben wir uns dieses besondere Jahr entschlossen, uns in Polen zu treffen. Ich freue mich sehr, dass wir hierher kommen konnten. Polen ist ein wundersch\u00f6nes Land und wir werden auf jeden Fall wieder hierher kommen<\/em>\u00a0<\/strong>Sagte Judy Riefel-Lindel, Dekanin des europ\u00e4ischen Zweiges der American Organists Association, die die Organisation seit 20 Jahren in Europa leitet und seit 30 Jahren in den Niederlanden lebt.<\/p>\t\t\t\t\t\t\t\t<\/div>\n\t\t\t\t<\/div>\n\t\t\t\t<div class=\"elementor-element elementor-element-07021a2 elementor-widget elementor-widget-text-editor\" data-id=\"07021a2\" data-element_type=\"widget\" data-e-type=\"widget\" data-widget_type=\"text-editor.default\">\n\t\t\t\t<div class=\"elementor-widget-container\">\n\t\t\t\t\t\t\t\t\t<p>Die American Association of Organists hat 22.000 Mitglieder. Die meisten leben in den USA. In den letzten 40 Jahren wurden jedoch auch an anderen Orten der Welt, auch in europ\u00e4ischen L\u00e4ndern, Zweigstellen gegr\u00fcndet, in denen dem Verein 140 Personen angeh\u00f6ren - Organisten und Menschen, die Musik lieben und die Organisation unterst\u00fctzen.<\/p>\t\t\t\t\t\t\t\t<\/div>\n\t\t\t\t<\/div>\n\t\t\t\t<section class=\"elementor-section elementor-inner-section elementor-element elementor-element-a66d277 elementor-section-boxed elementor-section-height-default elementor-section-height-default\" data-id=\"a66d277\" data-element_type=\"section\" data-e-type=\"section\">\n\t\t\t\t\t\t<div class=\"elementor-container elementor-column-gap-default\">\n\t\t\t\t\t<div class=\"elementor-column elementor-col-50 elementor-inner-column elementor-element elementor-element-11c7f36\" data-id=\"11c7f36\" data-element_type=\"column\" data-e-type=\"column\">\n\t\t\t<div class=\"elementor-widget-wrap elementor-element-populated\">\n\t\t\t\t\t\t<div class=\"elementor-element elementor-element-52b22c9 elementor-widget elementor-widget-image\" data-id=\"52b22c9\" data-element_type=\"widget\" data-e-type=\"widget\" data-widget_type=\"image.default\">\n\t\t\t\t<div class=\"elementor-widget-container\">\n\t\t\t\t\t\t\t\t\t\t\t\t\t\t\t<img decoding=\"async\" width=\"1024\" height=\"681\" src=\"https:\/\/www.lichen.pl\/wp-content\/uploads\/2021\/06\/IMG_6514-1024x681.jpg\" class=\"attachment-large size-large wp-image-17027\" alt=\"\" srcset=\"https:\/\/www.lichen.pl\/wp-content\/uploads\/2021\/06\/IMG_6514-1024x681.jpg 1024w, https:\/\/www.lichen.pl\/wp-content\/uploads\/2021\/06\/IMG_6514-800x532.jpg 800w, https:\/\/www.lichen.pl\/wp-content\/uploads\/2021\/06\/IMG_6514-300x200.jpg 300w, https:\/\/www.lichen.pl\/wp-content\/uploads\/2021\/06\/IMG_6514-768x511.jpg 768w, https:\/\/www.lichen.pl\/wp-content\/uploads\/2021\/06\/IMG_6514.jpg 1154w\" sizes=\"(max-width: 1024px) 100vw, 1024px\" \/>\t\t\t\t\t\t\t\t\t\t\t\t\t\t\t<\/div>\n\t\t\t\t<\/div>\n\t\t\t\t\t<\/div>\n\t\t<\/div>\n\t\t\t\t<div class=\"elementor-column elementor-col-50 elementor-inner-column elementor-element elementor-element-08f11d7\" data-id=\"08f11d7\" data-element_type=\"column\" data-e-type=\"column\">\n\t\t\t<div class=\"elementor-widget-wrap elementor-element-populated\">\n\t\t\t\t\t\t<div class=\"elementor-element elementor-element-3bd4f2c elementor-widget elementor-widget-text-editor\" data-id=\"3bd4f2c\" data-element_type=\"widget\" data-e-type=\"widget\" data-widget_type=\"text-editor.default\">\n\t\t\t\t<div class=\"elementor-widget-container\">\n\t\t\t\t\t\t\t\t\t<p>Einer der Musiker, die Lichen besuchten, war Johan Hermans aus Belgien. Es war sein 12. Besuch in Polen. Zuvor hatte er unter anderem die M\u00f6glichkeit, Konzerte zu geben in Warschau, Krakau, Posen und Breslau. In Bezug auf den Musiker ist Polen eine Art Vorbild f\u00fcr die westeurop\u00e4ischen L\u00e4nder in Sachen Orgelmusik, die vor allem mit Glauben und Kirche in Verbindung gebracht wird. - <em>Viele Gl\u00e4ubige kommen in polnische Kirchen. Daher ist es sehr lohnend, die Orgel in Ihrem Land zu bereisen, wenn viele Menschen Live-Musik h\u00f6ren<\/em>\u00a0- sagte der Musiker, der seine berufliche T\u00e4tigkeit als Organist an der Kathedrale von Hasselt in Belgien mit der Lehrt\u00e4tigkeit am Organistenkonservatorium verbindet.<\/p>\t\t\t\t\t\t\t\t<\/div>\n\t\t\t\t<\/div>\n\t\t\t\t\t<\/div>\n\t\t<\/div>\n\t\t\t\t\t<\/div>\n\t\t<\/section>\n\t\t\t\t\t<\/div>\n\t\t<\/div>\n\t\t\t\t\t<\/div>\n\t\t<\/section>\n\t\t\t\t<\/div>","protected":false},"excerpt":{"rendered":"<p>Organi\u015bci zrzeszeni w europejskim oddziale Ameryka\u0144skiego Stowarzyszenia Organist\u00f3w przybyli do Sanktuarium Maryjnego w Licheniu Starym, gdzie zwiedzili bazylik\u0119 oraz mogli zobaczy\u0107 i pos\u0142ucha\u0107 brzmienia organ\u00f3w \u015bw. Jana Paw\u0142a II, kt\u00f3re u\u015bwietniaj\u0105 uroczysto\u015bci odbywaj\u0105ce si\u0119 w \u015bwi\u0105tyni. W spotkaniu, kt\u00f3re zosta\u0142o zorganizowane przez dra Micha\u0142a Szostaka, by\u0142ego organist\u0119 liche\u0144skiej bazyliki, bior\u0105 udzia\u0142 muzycy pochodz\u0105cy z Europy [&hellip;]<\/p>\n","protected":false},"author":4,"featured_media":17032,"comment_status":"open","ping_status":"open","sticky":false,"template":"","format":"standard","meta":{"footnotes":""},"categories":[1],"tags":[],"class_list":["post-17113","post","type-post","status-publish","format-standard","has-post-thumbnail","hentry","category-aktualnosci","wpbf-post"],"yoast_head":"<!-- This site is optimized with the Yoast SEO plugin v27.4 - https:\/\/yoast.com\/product\/yoast-seo-wordpress\/ -->\n<title>Ameryka\u0144scy i europejscy organi\u015bci zwiedzili liche\u0144sk\u0105 bazylik\u0119 - SANKTUARIUM W LICHENIU<\/title>\n<meta name=\"robots\" content=\"index, follow, max-snippet:-1, max-image-preview:large, max-video-preview:-1\" \/>\n<link rel=\"canonical\" href=\"http:\/\/www.lichen.pl\/de\/amerykanscy-i-europejscy-organisci-zwiedzili-lichenska-bazylike\/\" \/>\n<meta property=\"og:locale\" content=\"de_DE\" \/>\n<meta property=\"og:type\" content=\"article\" \/>\n<meta property=\"og:title\" content=\"Ameryka\u0144scy i europejscy organi\u015bci zwiedzili liche\u0144sk\u0105 bazylik\u0119 - SANKTUARIUM W LICHENIU\" \/>\n<meta property=\"og:description\" content=\"Organi\u015bci zrzeszeni w europejskim oddziale Ameryka\u0144skiego Stowarzyszenia Organist\u00f3w przybyli do Sanktuarium Maryjnego w Licheniu Starym, gdzie zwiedzili bazylik\u0119 oraz mogli zobaczy\u0107 i pos\u0142ucha\u0107 brzmienia organ\u00f3w \u015bw. Jana Paw\u0142a II, kt\u00f3re u\u015bwietniaj\u0105 uroczysto\u015bci odbywaj\u0105ce si\u0119 w \u015bwi\u0105tyni. W spotkaniu, kt\u00f3re zosta\u0142o zorganizowane przez dra Micha\u0142a Szostaka, by\u0142ego organist\u0119 liche\u0144skiej bazyliki, bior\u0105 udzia\u0142 muzycy pochodz\u0105cy z Europy [&hellip;]\" \/>\n<meta property=\"og:url\" content=\"http:\/\/www.lichen.pl\/de\/amerykanscy-i-europejscy-organisci-zwiedzili-lichenska-bazylike\/\" \/>\n<meta property=\"og:site_name\" content=\"SANKTUARIUM W LICHENIU\" \/>\n<meta property=\"article:published_time\" content=\"2019-04-25T14:18:30+00:00\" \/>\n<meta property=\"article:modified_time\" content=\"2021-06-30T11:26:22+00:00\" \/>\n<meta property=\"og:image\" content=\"http:\/\/www.lichen.pl\/wp-content\/uploads\/2021\/06\/IMG_6525.jpg\" \/>\n\t<meta property=\"og:image:width\" content=\"1154\" \/>\n\t<meta property=\"og:image:height\" content=\"768\" \/>\n\t<meta property=\"og:image:type\" content=\"image\/jpeg\" \/>\n<meta name=\"author\" content=\"ROBERT ADAMCZYK\" \/>\n<meta name=\"twitter:card\" content=\"summary_large_image\" \/>\n<meta name=\"twitter:label1\" content=\"Verfasst von\" \/>\n\t<meta name=\"twitter:data1\" content=\"ROBERT ADAMCZYK\" \/>\n\t<meta name=\"twitter:label2\" content=\"Gesch\u00e4tzte Lesezeit\" \/>\n\t<meta name=\"twitter:data2\" content=\"2\u00a0Minuten\" \/>\n<script type=\"application\/ld+json\" class=\"yoast-schema-graph\">{\"@context\":\"https:\\\/\\\/schema.org\",\"@graph\":[{\"@type\":\"Article\",\"@id\":\"http:\\\/\\\/www.lichen.pl\\\/en\\\/amerykanscy-i-europejscy-organisci-zwiedzili-lichenska-bazylike\\\/#article\",\"isPartOf\":{\"@id\":\"http:\\\/\\\/www.lichen.pl\\\/en\\\/amerykanscy-i-europejscy-organisci-zwiedzili-lichenska-bazylike\\\/\"},\"author\":{\"name\":\"ROBERT ADAMCZYK\",\"@id\":\"https:\\\/\\\/www.lichen.pl\\\/fr\\\/#\\\/schema\\\/person\\\/c06cd926b95870cc59f18d6ee6e33da5\"},\"headline\":\"Ameryka\u0144scy i europejscy organi\u015bci zwiedzili liche\u0144sk\u0105 bazylik\u0119\",\"datePublished\":\"2019-04-25T14:18:30+00:00\",\"dateModified\":\"2021-06-30T11:26:22+00:00\",\"mainEntityOfPage\":{\"@id\":\"http:\\\/\\\/www.lichen.pl\\\/en\\\/amerykanscy-i-europejscy-organisci-zwiedzili-lichenska-bazylike\\\/\"},\"wordCount\":391,\"commentCount\":0,\"image\":{\"@id\":\"http:\\\/\\\/www.lichen.pl\\\/en\\\/amerykanscy-i-europejscy-organisci-zwiedzili-lichenska-bazylike\\\/#primaryimage\"},\"thumbnailUrl\":\"https:\\\/\\\/www.lichen.pl\\\/wp-content\\\/uploads\\\/2021\\\/06\\\/IMG_6525.jpg\",\"articleSection\":[\"Aktualno\u015bci\"],\"inLanguage\":\"de\",\"potentialAction\":[{\"@type\":\"CommentAction\",\"name\":\"Comment\",\"target\":[\"http:\\\/\\\/www.lichen.pl\\\/en\\\/amerykanscy-i-europejscy-organisci-zwiedzili-lichenska-bazylike\\\/#respond\"]}]},{\"@type\":\"WebPage\",\"@id\":\"http:\\\/\\\/www.lichen.pl\\\/en\\\/amerykanscy-i-europejscy-organisci-zwiedzili-lichenska-bazylike\\\/\",\"url\":\"http:\\\/\\\/www.lichen.pl\\\/en\\\/amerykanscy-i-europejscy-organisci-zwiedzili-lichenska-bazylike\\\/\",\"name\":\"Ameryka\u0144scy i europejscy organi\u015bci zwiedzili liche\u0144sk\u0105 bazylik\u0119 - SANKTUARIUM W LICHENIU\",\"isPartOf\":{\"@id\":\"https:\\\/\\\/www.lichen.pl\\\/fr\\\/#website\"},\"primaryImageOfPage\":{\"@id\":\"http:\\\/\\\/www.lichen.pl\\\/en\\\/amerykanscy-i-europejscy-organisci-zwiedzili-lichenska-bazylike\\\/#primaryimage\"},\"image\":{\"@id\":\"http:\\\/\\\/www.lichen.pl\\\/en\\\/amerykanscy-i-europejscy-organisci-zwiedzili-lichenska-bazylike\\\/#primaryimage\"},\"thumbnailUrl\":\"https:\\\/\\\/www.lichen.pl\\\/wp-content\\\/uploads\\\/2021\\\/06\\\/IMG_6525.jpg\",\"datePublished\":\"2019-04-25T14:18:30+00:00\",\"dateModified\":\"2021-06-30T11:26:22+00:00\",\"author\":{\"@id\":\"https:\\\/\\\/www.lichen.pl\\\/fr\\\/#\\\/schema\\\/person\\\/c06cd926b95870cc59f18d6ee6e33da5\"},\"breadcrumb\":{\"@id\":\"http:\\\/\\\/www.lichen.pl\\\/en\\\/amerykanscy-i-europejscy-organisci-zwiedzili-lichenska-bazylike\\\/#breadcrumb\"},\"inLanguage\":\"de\",\"potentialAction\":[{\"@type\":\"ReadAction\",\"target\":[\"http:\\\/\\\/www.lichen.pl\\\/en\\\/amerykanscy-i-europejscy-organisci-zwiedzili-lichenska-bazylike\\\/\"]}]},{\"@type\":\"ImageObject\",\"inLanguage\":\"de\",\"@id\":\"http:\\\/\\\/www.lichen.pl\\\/en\\\/amerykanscy-i-europejscy-organisci-zwiedzili-lichenska-bazylike\\\/#primaryimage\",\"url\":\"https:\\\/\\\/www.lichen.pl\\\/wp-content\\\/uploads\\\/2021\\\/06\\\/IMG_6525.jpg\",\"contentUrl\":\"https:\\\/\\\/www.lichen.pl\\\/wp-content\\\/uploads\\\/2021\\\/06\\\/IMG_6525.jpg\",\"width\":1154,\"height\":768},{\"@type\":\"BreadcrumbList\",\"@id\":\"http:\\\/\\\/www.lichen.pl\\\/en\\\/amerykanscy-i-europejscy-organisci-zwiedzili-lichenska-bazylike\\\/#breadcrumb\",\"itemListElement\":[{\"@type\":\"ListItem\",\"position\":1,\"name\":\"Strona g\u0142\u00f3wna\",\"item\":\"https:\\\/\\\/www.lichen.pl\\\/\"},{\"@type\":\"ListItem\",\"position\":2,\"name\":\"Ameryka\u0144scy i europejscy organi\u015bci zwiedzili liche\u0144sk\u0105 bazylik\u0119\"}]},{\"@type\":\"WebSite\",\"@id\":\"https:\\\/\\\/www.lichen.pl\\\/fr\\\/#website\",\"url\":\"https:\\\/\\\/www.lichen.pl\\\/fr\\\/\",\"name\":\"SANKTUARIUM W LICHENIU\",\"description\":\"MATKI BO\u017bEJ LICHE\u0143SKIEJ BOLESNEJ KR\u00d3LOWEJ POLSKI\",\"potentialAction\":[{\"@type\":\"SearchAction\",\"target\":{\"@type\":\"EntryPoint\",\"urlTemplate\":\"https:\\\/\\\/www.lichen.pl\\\/fr\\\/?s={search_term_string}\"},\"query-input\":{\"@type\":\"PropertyValueSpecification\",\"valueRequired\":true,\"valueName\":\"search_term_string\"}}],\"inLanguage\":\"de\"},{\"@type\":\"Person\",\"@id\":\"https:\\\/\\\/www.lichen.pl\\\/fr\\\/#\\\/schema\\\/person\\\/c06cd926b95870cc59f18d6ee6e33da5\",\"name\":\"ROBERT ADAMCZYK\",\"image\":{\"@type\":\"ImageObject\",\"inLanguage\":\"de\",\"@id\":\"https:\\\/\\\/secure.gravatar.com\\\/avatar\\\/53c330430596e73552f4c356c2e47c209ff8f6352a5106011c9b6abcce5e00df?s=96&d=retro&r=g\",\"url\":\"https:\\\/\\\/secure.gravatar.com\\\/avatar\\\/53c330430596e73552f4c356c2e47c209ff8f6352a5106011c9b6abcce5e00df?s=96&d=retro&r=g\",\"contentUrl\":\"https:\\\/\\\/secure.gravatar.com\\\/avatar\\\/53c330430596e73552f4c356c2e47c209ff8f6352a5106011c9b6abcce5e00df?s=96&d=retro&r=g\",\"caption\":\"ROBERT ADAMCZYK\"},\"url\":\"https:\\\/\\\/www.lichen.pl\\\/de\\\/author\\\/press\\\/\"}]}<\/script>\n<!-- \/ Yoast SEO plugin. -->","yoast_head_json":{"title":"Ameryka\u0144scy i europejscy organi\u015bci zwiedzili liche\u0144sk\u0105 bazylik\u0119 - SANKTUARIUM W LICHENIU","robots":{"index":"index","follow":"follow","max-snippet":"max-snippet:-1","max-image-preview":"max-image-preview:large","max-video-preview":"max-video-preview:-1"},"canonical":"http:\/\/www.lichen.pl\/de\/amerykanscy-i-europejscy-organisci-zwiedzili-lichenska-bazylike\/","og_locale":"de_DE","og_type":"article","og_title":"Ameryka\u0144scy i europejscy organi\u015bci zwiedzili liche\u0144sk\u0105 bazylik\u0119 - SANKTUARIUM W LICHENIU","og_description":"Organi\u015bci zrzeszeni w europejskim oddziale Ameryka\u0144skiego Stowarzyszenia Organist\u00f3w przybyli do Sanktuarium Maryjnego w Licheniu Starym, gdzie zwiedzili bazylik\u0119 oraz mogli zobaczy\u0107 i pos\u0142ucha\u0107 brzmienia organ\u00f3w \u015bw. Jana Paw\u0142a II, kt\u00f3re u\u015bwietniaj\u0105 uroczysto\u015bci odbywaj\u0105ce si\u0119 w \u015bwi\u0105tyni. W spotkaniu, kt\u00f3re zosta\u0142o zorganizowane przez dra Micha\u0142a Szostaka, by\u0142ego organist\u0119 liche\u0144skiej bazyliki, bior\u0105 udzia\u0142 muzycy pochodz\u0105cy z Europy [&hellip;]","og_url":"http:\/\/www.lichen.pl\/de\/amerykanscy-i-europejscy-organisci-zwiedzili-lichenska-bazylike\/","og_site_name":"SANKTUARIUM W LICHENIU","article_published_time":"2019-04-25T14:18:30+00:00","article_modified_time":"2021-06-30T11:26:22+00:00","og_image":[{"width":1154,"height":768,"url":"http:\/\/www.lichen.pl\/wp-content\/uploads\/2021\/06\/IMG_6525.jpg","type":"image\/jpeg"}],"author":"ROBERT ADAMCZYK","twitter_card":"summary_large_image","twitter_misc":{"Verfasst von":"ROBERT ADAMCZYK","Gesch\u00e4tzte Lesezeit":"2\u00a0Minuten"},"schema":{"@context":"https:\/\/schema.org","@graph":[{"@type":"Article","@id":"http:\/\/www.lichen.pl\/en\/amerykanscy-i-europejscy-organisci-zwiedzili-lichenska-bazylike\/#article","isPartOf":{"@id":"http:\/\/www.lichen.pl\/en\/amerykanscy-i-europejscy-organisci-zwiedzili-lichenska-bazylike\/"},"author":{"name":"ROBERT ADAMCZYK","@id":"https:\/\/www.lichen.pl\/fr\/#\/schema\/person\/c06cd926b95870cc59f18d6ee6e33da5"},"headline":"Ameryka\u0144scy i europejscy organi\u015bci zwiedzili liche\u0144sk\u0105 bazylik\u0119","datePublished":"2019-04-25T14:18:30+00:00","dateModified":"2021-06-30T11:26:22+00:00","mainEntityOfPage":{"@id":"http:\/\/www.lichen.pl\/en\/amerykanscy-i-europejscy-organisci-zwiedzili-lichenska-bazylike\/"},"wordCount":391,"commentCount":0,"image":{"@id":"http:\/\/www.lichen.pl\/en\/amerykanscy-i-europejscy-organisci-zwiedzili-lichenska-bazylike\/#primaryimage"},"thumbnailUrl":"https:\/\/www.lichen.pl\/wp-content\/uploads\/2021\/06\/IMG_6525.jpg","articleSection":["Aktualno\u015bci"],"inLanguage":"de","potentialAction":[{"@type":"CommentAction","name":"Comment","target":["http:\/\/www.lichen.pl\/en\/amerykanscy-i-europejscy-organisci-zwiedzili-lichenska-bazylike\/#respond"]}]},{"@type":"WebPage","@id":"http:\/\/www.lichen.pl\/en\/amerykanscy-i-europejscy-organisci-zwiedzili-lichenska-bazylike\/","url":"http:\/\/www.lichen.pl\/en\/amerykanscy-i-europejscy-organisci-zwiedzili-lichenska-bazylike\/","name":"Ameryka\u0144scy i europejscy organi\u015bci zwiedzili liche\u0144sk\u0105 bazylik\u0119 - SANKTUARIUM W LICHENIU","isPartOf":{"@id":"https:\/\/www.lichen.pl\/fr\/#website"},"primaryImageOfPage":{"@id":"http:\/\/www.lichen.pl\/en\/amerykanscy-i-europejscy-organisci-zwiedzili-lichenska-bazylike\/#primaryimage"},"image":{"@id":"http:\/\/www.lichen.pl\/en\/amerykanscy-i-europejscy-organisci-zwiedzili-lichenska-bazylike\/#primaryimage"},"thumbnailUrl":"https:\/\/www.lichen.pl\/wp-content\/uploads\/2021\/06\/IMG_6525.jpg","datePublished":"2019-04-25T14:18:30+00:00","dateModified":"2021-06-30T11:26:22+00:00","author":{"@id":"https:\/\/www.lichen.pl\/fr\/#\/schema\/person\/c06cd926b95870cc59f18d6ee6e33da5"},"breadcrumb":{"@id":"http:\/\/www.lichen.pl\/en\/amerykanscy-i-europejscy-organisci-zwiedzili-lichenska-bazylike\/#breadcrumb"},"inLanguage":"de","potentialAction":[{"@type":"ReadAction","target":["http:\/\/www.lichen.pl\/en\/amerykanscy-i-europejscy-organisci-zwiedzili-lichenska-bazylike\/"]}]},{"@type":"ImageObject","inLanguage":"de","@id":"http:\/\/www.lichen.pl\/en\/amerykanscy-i-europejscy-organisci-zwiedzili-lichenska-bazylike\/#primaryimage","url":"https:\/\/www.lichen.pl\/wp-content\/uploads\/2021\/06\/IMG_6525.jpg","contentUrl":"https:\/\/www.lichen.pl\/wp-content\/uploads\/2021\/06\/IMG_6525.jpg","width":1154,"height":768},{"@type":"BreadcrumbList","@id":"http:\/\/www.lichen.pl\/en\/amerykanscy-i-europejscy-organisci-zwiedzili-lichenska-bazylike\/#breadcrumb","itemListElement":[{"@type":"ListItem","position":1,"name":"Strona g\u0142\u00f3wna","item":"https:\/\/www.lichen.pl\/"},{"@type":"ListItem","position":2,"name":"Ameryka\u0144scy i europejscy organi\u015bci zwiedzili liche\u0144sk\u0105 bazylik\u0119"}]},{"@type":"WebSite","@id":"https:\/\/www.lichen.pl\/fr\/#website","url":"https:\/\/www.lichen.pl\/fr\/","name":"HEILIGTUM IN LICHENIEN","description":"DIE TRAURIGE K\u00d6NIGIN UNSERER FLECHEN VON POLEN","potentialAction":[{"@type":"SearchAction","target":{"@type":"EntryPoint","urlTemplate":"https:\/\/www.lichen.pl\/fr\/?s={search_term_string}"},"query-input":{"@type":"PropertyValueSpecification","valueRequired":true,"valueName":"search_term_string"}}],"inLanguage":"de"},{"@type":"Person","@id":"https:\/\/www.lichen.pl\/fr\/#\/schema\/person\/c06cd926b95870cc59f18d6ee6e33da5","name":"ROBERT ADAMCZYK","image":{"@type":"ImageObject","inLanguage":"de","@id":"https:\/\/secure.gravatar.com\/avatar\/53c330430596e73552f4c356c2e47c209ff8f6352a5106011c9b6abcce5e00df?s=96&d=retro&r=g","url":"https:\/\/secure.gravatar.com\/avatar\/53c330430596e73552f4c356c2e47c209ff8f6352a5106011c9b6abcce5e00df?s=96&d=retro&r=g","contentUrl":"https:\/\/secure.gravatar.com\/avatar\/53c330430596e73552f4c356c2e47c209ff8f6352a5106011c9b6abcce5e00df?s=96&d=retro&r=g","caption":"ROBERT ADAMCZYK"},"url":"https:\/\/www.lichen.pl\/de\/author\/press\/"}]}},"_links":{"self":[{"href":"https:\/\/www.lichen.pl\/de\/wp-json\/wp\/v2\/posts\/17113","targetHints":{"allow":["GET"]}}],"collection":[{"href":"https:\/\/www.lichen.pl\/de\/wp-json\/wp\/v2\/posts"}],"about":[{"href":"https:\/\/www.lichen.pl\/de\/wp-json\/wp\/v2\/types\/post"}],"author":[{"embeddable":true,"href":"https:\/\/www.lichen.pl\/de\/wp-json\/wp\/v2\/users\/4"}],"replies":[{"embeddable":true,"href":"https:\/\/www.lichen.pl\/de\/wp-json\/wp\/v2\/comments?post=17113"}],"version-history":[{"count":4,"href":"https:\/\/www.lichen.pl\/de\/wp-json\/wp\/v2\/posts\/17113\/revisions"}],"predecessor-version":[{"id":17168,"href":"https:\/\/www.lichen.pl\/de\/wp-json\/wp\/v2\/posts\/17113\/revisions\/17168"}],"wp:featuredmedia":[{"embeddable":true,"href":"https:\/\/www.lichen.pl\/de\/wp-json\/wp\/v2\/media\/17032"}],"wp:attachment":[{"href":"https:\/\/www.lichen.pl\/de\/wp-json\/wp\/v2\/media?parent=17113"}],"wp:term":[{"taxonomy":"category","embeddable":true,"href":"https:\/\/www.lichen.pl\/de\/wp-json\/wp\/v2\/categories?post=17113"},{"taxonomy":"post_tag","embeddable":true,"href":"https:\/\/www.lichen.pl\/de\/wp-json\/wp\/v2\/tags?post=17113"}],"curies":[{"name":"wp","href":"https:\/\/api.w.org\/{rel}","templated":true}]}}