{"id":17138,"date":"2020-09-28T11:21:24","date_gmt":"2020-09-28T11:21:24","guid":{"rendered":"http:\/\/www.lichen.pl\/?p=17138"},"modified":"2021-06-30T11:24:08","modified_gmt":"2021-06-30T11:24:08","slug":"z-maryja-uczyli-sie-przebywania-z-jezusem","status":"publish","type":"post","link":"https:\/\/www.lichen.pl\/de\/z-maryja-uczyli-sie-przebywania-z-jezusem\/","title":{"rendered":"Bei Maria lernten sie, bei Jesus zu sein"},"content":{"rendered":"<div data-elementor-type=\"wp-post\" data-elementor-id=\"17138\" class=\"elementor elementor-17138\" data-elementor-post-type=\"post\">\n\t\t\t\t\t\t<section class=\"elementor-section elementor-top-section elementor-element elementor-element-78f8106 elementor-section-boxed elementor-section-height-default elementor-section-height-default\" data-id=\"78f8106\" data-element_type=\"section\" data-e-type=\"section\">\n\t\t\t\t\t\t<div class=\"elementor-container elementor-column-gap-default\">\n\t\t\t\t\t<div class=\"elementor-column elementor-col-100 elementor-top-column elementor-element elementor-element-cd6768e\" data-id=\"cd6768e\" data-element_type=\"column\" data-e-type=\"column\">\n\t\t\t<div class=\"elementor-widget-wrap elementor-element-populated\">\n\t\t\t\t\t\t<div class=\"elementor-element elementor-element-e247b8a elementor-widget elementor-widget-text-editor\" data-id=\"e247b8a\" data-element_type=\"widget\" data-e-type=\"widget\" data-widget_type=\"text-editor.default\">\n\t\t\t\t<div class=\"elementor-widget-container\">\n\t\t\t\t\t\t\t\t\t<p><span style=\"color: #000000;\">Seit vielen Jahren kommen die Einwohner von Gorz\u00f3w Wielkopolski zu Unserer Lieben Frau von Flechten. Am Anfang war diese Wallfahrt nicht zahlreich. Die Wallfahrtstradition hat sich jedoch unter den Einwohnern von Gorz\u00f3w verwurzelt und in letzter Zeit kommen sie sogar in einem 60-k\u00f6pfigen Team zu Unserer Lieben Frau von Liche\u0144. Vielen Dank an Anna Gali\u0144ska, die Sie einl\u00e4dt, gemeinsam in Liche\u0144 zu beten. Sie betont, dass die Reise kein Besuch im Heiligtum sein soll, sondern eine Begegnung mit Gott. - Am Anfang ging ich selbst zu den Heiligt\u00fcmern der Muttergottes. Bei einem der Exerzitien habe ich versprochen: \u201eGottesmutter, ich komme nie wieder allein zu dir\u201c, sagt Anna. Von diesem Moment an begann sie, Freunde zu organisieren und regelm\u00e4\u00dfig Unsere Liebe Frau von Liche\u0144 zu besuchen.<\/span><\/p><p><span style=\"color: #000000;\">Um das Gebet tiefer und fruchtbarer zu machen, nehmen Pilger aus Gorz\u00f3w Wielkopolski an marianischen Exerzitien teil, die vom Marianischen Bildungszentrum im Heiligtum Unserer Lieben Frau von Liche\u0144 organisiert werden. - Diese Momente des Nachdenkens ver\u00e4ndern einen Menschen. Dies ist nicht dasselbe wie eine Pfarrei. Dann rennst du nach Hause und denkst \u00fcber deine t\u00e4glichen Pflichten nach. Und in Liche\u0144 ist der Mensch davon ausgeschlossen und erlebt tief und innerlich die Begegnung mit Gott. Viele Menschen teilten mit, dass sie sehr gl\u00fccklich waren, in das Heiligtum zu kommen. Es baut mich sehr auf - sagt Anna Gali\u0144ska.<\/span><\/p>\t\t\t\t\t\t\t\t<\/div>\n\t\t\t\t<\/div>\n\t\t\t\t<div class=\"elementor-element elementor-element-aed614f elementor-widget elementor-widget-image\" data-id=\"aed614f\" data-element_type=\"widget\" data-e-type=\"widget\" data-widget_type=\"image.default\">\n\t\t\t\t<div class=\"elementor-widget-container\">\n\t\t\t\t\t\t\t\t\t\t\t\t\t\t\t<img fetchpriority=\"high\" decoding=\"async\" width=\"769\" height=\"1024\" src=\"https:\/\/www.lichen.pl\/wp-content\/uploads\/2020\/09\/P1300344-769x1024.jpg\" class=\"attachment-large size-large wp-image-17145\" alt=\"\" srcset=\"https:\/\/www.lichen.pl\/wp-content\/uploads\/2020\/09\/P1300344-769x1024.jpg 769w, https:\/\/www.lichen.pl\/wp-content\/uploads\/2020\/09\/P1300344-800x1065.jpg 800w, https:\/\/www.lichen.pl\/wp-content\/uploads\/2020\/09\/P1300344-225x300.jpg 225w, https:\/\/www.lichen.pl\/wp-content\/uploads\/2020\/09\/P1300344-768x1023.jpg 768w, https:\/\/www.lichen.pl\/wp-content\/uploads\/2020\/09\/P1300344.jpg 901w\" sizes=\"(max-width: 769px) 100vw, 769px\" \/>\t\t\t\t\t\t\t\t\t\t\t\t\t\t\t<\/div>\n\t\t\t\t<\/div>\n\t\t\t\t\t<\/div>\n\t\t<\/div>\n\t\t\t\t\t<\/div>\n\t\t<\/section>\n\t\t\t\t<section class=\"elementor-section elementor-top-section elementor-element elementor-element-4b426c9 elementor-section-boxed elementor-section-height-default elementor-section-height-default\" data-id=\"4b426c9\" data-element_type=\"section\" data-e-type=\"section\">\n\t\t\t\t\t\t<div class=\"elementor-container elementor-column-gap-default\">\n\t\t\t\t\t<div class=\"elementor-column elementor-col-100 elementor-top-column elementor-element elementor-element-131159e\" data-id=\"131159e\" data-element_type=\"column\" data-e-type=\"column\">\n\t\t\t<div class=\"elementor-widget-wrap elementor-element-populated\">\n\t\t\t\t\t\t<div class=\"elementor-element elementor-element-0ebcb0a elementor-widget elementor-widget-text-editor\" data-id=\"0ebcb0a\" data-element_type=\"widget\" data-e-type=\"widget\" data-widget_type=\"text-editor.default\">\n\t\t\t\t<div class=\"elementor-widget-container\">\n\t\t\t\t\t\t\t\t\t<p><span style=\"color: #000000;\">Diesmal nahmen 35 Teilnehmer der Rosenkranz-Exerzitien unter der Leitung von P. Dr. Janusz Kumala, MIC, W\u00e4chter des Flechtenheiligtums und Leiter des Marianischen Ausbildungszentrums, konzentrierte sich auf das Thema: \u201eMit Maria lernen wir, bei Jesus zu sein.\u201c - Der Rosenkranz soll uns Gott n\u00e4her bringen. Jedes Gebet bedeutet, Gott nahe zu sein, aber diese Pr\u00e4senz sollte bewusst sein. Es ist wichtig, dass wir uns auf die Gegenwart Gottes in unserem Leben verlassen \u2013 der W\u00e4chter des Heiligtums erkl\u00e4rte, dass wir, wie Maria w\u00e4hrend der Verk\u00fcndigung, unsere Identit\u00e4t in den Worten des Erzengels Gabriel entdecken k\u00f6nnen. Auch wir werden von Gott geliebt wie Maria, und wie sie k\u00f6nnen wir erleben, dass \u201eder Herr mit uns ist.\u201c - Im Zusammensein mit Gott ist es wichtig, auf ihn zu h\u00f6ren und seine Liebe zu sp\u00fcren. Wie ein kleines Kind, das seine Eltern nicht versteht, sich aber durch ihre Liebe sicher f\u00fchlt. Wir werden die F\u00fclle der Liebe Gottes im Himmel entdecken. Und zuh\u00f6ren bedeutet, gehorsam zu sein - betonte P. Kumala. Er bemerkte auch, dass Gott im Alltag in anderen Menschen entdeckt werden sollte. - Der Raum f\u00fcr die Begegnung Jesu ist die Kirche. Dort h\u00f6ren wir das Wort Gottes, es gibt Zeit zum Nachdenken und f\u00fcr unsere Antwort. Die Meditation \u00fcber die Geheimnisse des Rosenkranzes wird helfen, die Gegenwart mit Jesus zu erfahren - erinnerte der Kurator des Heiligtums.<\/span><\/p><p><span style=\"color: #000000;\">Neben der Tagung war Zeit f\u00fcr die Heilige Messe, Anbetung des Allerheiligsten Sakramentes, Rosenkranz, pers\u00f6nliches Gebet und Besinnung sowie ein Gespr\u00e4ch mit Exerzitien.<\/span><\/p><p><span style=\"color: #000000;\">Es gibt die Flechtengemeinschaft des Rosenkranzes im Heiligtum. Ausf\u00fchrliche Informationen erhalten Sie im Pilgerserviceb\u00fcro Nr. Tel. (+48) 63 270 81 63, (+48) 63 270 81 42, (+48) 63 270 85 75 oder schriftlich an die Adresse liche\u0144@lichen.pl.<\/span><\/p>\t\t\t\t\t\t\t\t<\/div>\n\t\t\t\t<\/div>\n\t\t\t\t<div class=\"elementor-element elementor-element-cda3258 elementor-widget elementor-widget-gallery\" data-id=\"cda3258\" data-element_type=\"widget\" data-e-type=\"widget\" data-settings=\"{&quot;lazyload&quot;:&quot;yes&quot;,&quot;gallery_layout&quot;:&quot;grid&quot;,&quot;columns&quot;:4,&quot;columns_tablet&quot;:2,&quot;columns_mobile&quot;:1,&quot;gap&quot;:{&quot;unit&quot;:&quot;px&quot;,&quot;size&quot;:10,&quot;sizes&quot;:[]},&quot;gap_tablet&quot;:{&quot;unit&quot;:&quot;px&quot;,&quot;size&quot;:10,&quot;sizes&quot;:[]},&quot;gap_mobile&quot;:{&quot;unit&quot;:&quot;px&quot;,&quot;size&quot;:10,&quot;sizes&quot;:[]},&quot;link_to&quot;:&quot;file&quot;,&quot;aspect_ratio&quot;:&quot;3:2&quot;,&quot;overlay_background&quot;:&quot;yes&quot;,&quot;content_hover_animation&quot;:&quot;fade-in&quot;}\" data-widget_type=\"gallery.default\">\n\t\t\t\t<div class=\"elementor-widget-container\">\n\t\t\t\t\t\t\t<div class=\"elementor-gallery__container\">\n\t\t\t\t\t\t\t<a class=\"e-gallery-item elementor-gallery-item elementor-animated-content\" href=\"https:\/\/www.lichen.pl\/wp-content\/uploads\/2020\/09\/P1300347.jpg\" data-elementor-open-lightbox=\"yes\" data-elementor-lightbox-slideshow=\"cda3258\" data-elementor-lightbox-title=\"P1300347\" data-e-action-hash=\"#elementor-action%3Aaction%3Dlightbox%26settings%3DeyJpZCI6MTcxNTUsInVybCI6Imh0dHBzOlwvXC93d3cubGljaGVuLnBsXC93cC1jb250ZW50XC91cGxvYWRzXC8yMDIwXC8wOVwvUDEzMDAzNDcuanBnIiwic2xpZGVzaG93IjoiY2RhMzI1OCJ9\">\n\t\t\t\t\t<div class=\"e-gallery-image elementor-gallery-item__image\" data-thumbnail=\"https:\/\/www.lichen.pl\/wp-content\/uploads\/2020\/09\/P1300347-300x225.jpg\" data-width=\"300\" data-height=\"225\" aria-label=\"\" role=\"img\" ><\/div>\n\t\t\t\t\t\t\t\t\t\t\t<div class=\"elementor-gallery-item__overlay\"><\/div>\n\t\t\t\t\t\t\t\t\t\t\t\t\t\t<\/a>\n\t\t\t\t\t\t\t<a class=\"e-gallery-item elementor-gallery-item elementor-animated-content\" href=\"https:\/\/www.lichen.pl\/wp-content\/uploads\/2020\/09\/P1300345.jpg\" data-elementor-open-lightbox=\"yes\" data-elementor-lightbox-slideshow=\"cda3258\" data-elementor-lightbox-title=\"P1300345\" data-e-action-hash=\"#elementor-action%3Aaction%3Dlightbox%26settings%3DeyJpZCI6MTcxNTAsInVybCI6Imh0dHBzOlwvXC93d3cubGljaGVuLnBsXC93cC1jb250ZW50XC91cGxvYWRzXC8yMDIwXC8wOVwvUDEzMDAzNDUuanBnIiwic2xpZGVzaG93IjoiY2RhMzI1OCJ9\">\n\t\t\t\t\t<div class=\"e-gallery-image elementor-gallery-item__image\" data-thumbnail=\"https:\/\/www.lichen.pl\/wp-content\/uploads\/2020\/09\/P1300345-300x225.jpg\" data-width=\"300\" data-height=\"225\" aria-label=\"\" role=\"img\" ><\/div>\n\t\t\t\t\t\t\t\t\t\t\t<div class=\"elementor-gallery-item__overlay\"><\/div>\n\t\t\t\t\t\t\t\t\t\t\t\t\t\t<\/a>\n\t\t\t\t\t\t\t<a class=\"e-gallery-item elementor-gallery-item elementor-animated-content\" href=\"https:\/\/www.lichen.pl\/wp-content\/uploads\/2020\/09\/P1300342.jpg\" data-elementor-open-lightbox=\"yes\" data-elementor-lightbox-slideshow=\"cda3258\" data-elementor-lightbox-title=\"P1300342\" data-e-action-hash=\"#elementor-action%3Aaction%3Dlightbox%26settings%3DeyJpZCI6MTcxNDAsInVybCI6Imh0dHBzOlwvXC93d3cubGljaGVuLnBsXC93cC1jb250ZW50XC91cGxvYWRzXC8yMDIwXC8wOVwvUDEzMDAzNDIuanBnIiwic2xpZGVzaG93IjoiY2RhMzI1OCJ9\">\n\t\t\t\t\t<div class=\"e-gallery-image elementor-gallery-item__image\" data-thumbnail=\"https:\/\/www.lichen.pl\/wp-content\/uploads\/2020\/09\/P1300342-300x225.jpg\" data-width=\"300\" data-height=\"225\" aria-label=\"\" role=\"img\" ><\/div>\n\t\t\t\t\t\t\t\t\t\t\t<div class=\"elementor-gallery-item__overlay\"><\/div>\n\t\t\t\t\t\t\t\t\t\t\t\t\t\t<\/a>\n\t\t\t\t\t<\/div>\n\t\t\t\t\t<\/div>\n\t\t\t\t<\/div>\n\t\t\t\t\t<\/div>\n\t\t<\/div>\n\t\t\t\t\t<\/div>\n\t\t<\/section>\n\t\t\t\t<\/div>","protected":false},"excerpt":{"rendered":"<p>Od wielu lat do Matki Bo\u017cej Liche\u0144skiej przyje\u017cd\u017caj\u0105 mieszka\u0144cy Gorzowa Wielkopolskiego. Na samym pocz\u0105tku ta pielgrzymka nie by\u0142a liczna. Jednak tradycja pielgrzymowania zakorzeni\u0142a si\u0119 w\u015br\u00f3d gorzowian i w ostatnim czasie przyje\u017cd\u017caj\u0105 do Matki Bo\u017cej Liche\u0144skiej nawet w 60-osobowej ekipie. Wszystko dzi\u0119ki Annie Gali\u0144skiej, kt\u00f3ra zaprasza do wsp\u00f3lnej modlitwy w Licheniu. Podkre\u015bla, \u017ce nie chce, by [&hellip;]<\/p>\n","protected":false},"author":6,"featured_media":17145,"comment_status":"open","ping_status":"open","sticky":false,"template":"","format":"standard","meta":{"footnotes":""},"categories":[1],"tags":[],"class_list":["post-17138","post","type-post","status-publish","format-standard","has-post-thumbnail","hentry","category-aktualnosci","wpbf-post"],"yoast_head":"<!-- This site is optimized with the Yoast SEO plugin v27.4 - https:\/\/yoast.com\/product\/yoast-seo-wordpress\/ -->\n<title>Z Maryj\u0105 uczyli si\u0119 przebywania z Jezusem - SANKTUARIUM W LICHENIU<\/title>\n<meta name=\"robots\" content=\"index, follow, max-snippet:-1, max-image-preview:large, max-video-preview:-1\" \/>\n<link rel=\"canonical\" href=\"http:\/\/www.lichen.pl\/de\/z-maryja-uczyli-sie-przebywania-z-jezusem\/\" \/>\n<meta property=\"og:locale\" content=\"de_DE\" \/>\n<meta property=\"og:type\" content=\"article\" \/>\n<meta property=\"og:title\" content=\"Z Maryj\u0105 uczyli si\u0119 przebywania z Jezusem - SANKTUARIUM W LICHENIU\" \/>\n<meta property=\"og:description\" content=\"Od wielu lat do Matki Bo\u017cej Liche\u0144skiej przyje\u017cd\u017caj\u0105 mieszka\u0144cy Gorzowa Wielkopolskiego. Na samym pocz\u0105tku ta pielgrzymka nie by\u0142a liczna. Jednak tradycja pielgrzymowania zakorzeni\u0142a si\u0119 w\u015br\u00f3d gorzowian i w ostatnim czasie przyje\u017cd\u017caj\u0105 do Matki Bo\u017cej Liche\u0144skiej nawet w 60-osobowej ekipie. Wszystko dzi\u0119ki Annie Gali\u0144skiej, kt\u00f3ra zaprasza do wsp\u00f3lnej modlitwy w Licheniu. Podkre\u015bla, \u017ce nie chce, by [&hellip;]\" \/>\n<meta property=\"og:url\" content=\"http:\/\/www.lichen.pl\/de\/z-maryja-uczyli-sie-przebywania-z-jezusem\/\" \/>\n<meta property=\"og:site_name\" content=\"SANKTUARIUM W LICHENIU\" \/>\n<meta property=\"article:published_time\" content=\"2020-09-28T11:21:24+00:00\" \/>\n<meta property=\"article:modified_time\" content=\"2021-06-30T11:24:08+00:00\" \/>\n<meta property=\"og:image\" content=\"http:\/\/www.lichen.pl\/wp-content\/uploads\/2020\/09\/P1300344.jpg\" \/>\n\t<meta property=\"og:image:width\" content=\"901\" \/>\n\t<meta property=\"og:image:height\" content=\"1200\" \/>\n\t<meta property=\"og:image:type\" content=\"image\/jpeg\" \/>\n<meta name=\"author\" content=\"AMELIA SIUDA-KOSZELA\" \/>\n<meta name=\"twitter:card\" content=\"summary_large_image\" \/>\n<meta name=\"twitter:label1\" content=\"Verfasst von\" \/>\n\t<meta name=\"twitter:data1\" content=\"AMELIA SIUDA-KOSZELA\" \/>\n\t<meta name=\"twitter:label2\" content=\"Gesch\u00e4tzte Lesezeit\" \/>\n\t<meta name=\"twitter:data2\" content=\"3\u00a0Minuten\" \/>\n<script type=\"application\/ld+json\" class=\"yoast-schema-graph\">{\"@context\":\"https:\\\/\\\/schema.org\",\"@graph\":[{\"@type\":\"Article\",\"@id\":\"http:\\\/\\\/www.lichen.pl\\\/en\\\/z-maryja-uczyli-sie-przebywania-z-jezusem\\\/#article\",\"isPartOf\":{\"@id\":\"http:\\\/\\\/www.lichen.pl\\\/en\\\/z-maryja-uczyli-sie-przebywania-z-jezusem\\\/\"},\"author\":{\"name\":\"AMELIA SIUDA-KOSZELA\",\"@id\":\"https:\\\/\\\/www.lichen.pl\\\/fr\\\/#\\\/schema\\\/person\\\/70bf824c102f176cf976b0d90af0d62a\"},\"headline\":\"Z Maryj\u0105 uczyli si\u0119 przebywania z Jezusem\",\"datePublished\":\"2020-09-28T11:21:24+00:00\",\"dateModified\":\"2021-06-30T11:24:08+00:00\",\"mainEntityOfPage\":{\"@id\":\"http:\\\/\\\/www.lichen.pl\\\/en\\\/z-maryja-uczyli-sie-przebywania-z-jezusem\\\/\"},\"wordCount\":527,\"commentCount\":0,\"image\":{\"@id\":\"http:\\\/\\\/www.lichen.pl\\\/en\\\/z-maryja-uczyli-sie-przebywania-z-jezusem\\\/#primaryimage\"},\"thumbnailUrl\":\"https:\\\/\\\/www.lichen.pl\\\/wp-content\\\/uploads\\\/2020\\\/09\\\/P1300344.jpg\",\"articleSection\":[\"Aktualno\u015bci\"],\"inLanguage\":\"de\",\"potentialAction\":[{\"@type\":\"CommentAction\",\"name\":\"Comment\",\"target\":[\"http:\\\/\\\/www.lichen.pl\\\/en\\\/z-maryja-uczyli-sie-przebywania-z-jezusem\\\/#respond\"]}]},{\"@type\":\"WebPage\",\"@id\":\"http:\\\/\\\/www.lichen.pl\\\/en\\\/z-maryja-uczyli-sie-przebywania-z-jezusem\\\/\",\"url\":\"http:\\\/\\\/www.lichen.pl\\\/en\\\/z-maryja-uczyli-sie-przebywania-z-jezusem\\\/\",\"name\":\"Z Maryj\u0105 uczyli si\u0119 przebywania z Jezusem - SANKTUARIUM W LICHENIU\",\"isPartOf\":{\"@id\":\"https:\\\/\\\/www.lichen.pl\\\/fr\\\/#website\"},\"primaryImageOfPage\":{\"@id\":\"http:\\\/\\\/www.lichen.pl\\\/en\\\/z-maryja-uczyli-sie-przebywania-z-jezusem\\\/#primaryimage\"},\"image\":{\"@id\":\"http:\\\/\\\/www.lichen.pl\\\/en\\\/z-maryja-uczyli-sie-przebywania-z-jezusem\\\/#primaryimage\"},\"thumbnailUrl\":\"https:\\\/\\\/www.lichen.pl\\\/wp-content\\\/uploads\\\/2020\\\/09\\\/P1300344.jpg\",\"datePublished\":\"2020-09-28T11:21:24+00:00\",\"dateModified\":\"2021-06-30T11:24:08+00:00\",\"author\":{\"@id\":\"https:\\\/\\\/www.lichen.pl\\\/fr\\\/#\\\/schema\\\/person\\\/70bf824c102f176cf976b0d90af0d62a\"},\"breadcrumb\":{\"@id\":\"http:\\\/\\\/www.lichen.pl\\\/en\\\/z-maryja-uczyli-sie-przebywania-z-jezusem\\\/#breadcrumb\"},\"inLanguage\":\"de\",\"potentialAction\":[{\"@type\":\"ReadAction\",\"target\":[\"http:\\\/\\\/www.lichen.pl\\\/en\\\/z-maryja-uczyli-sie-przebywania-z-jezusem\\\/\"]}]},{\"@type\":\"ImageObject\",\"inLanguage\":\"de\",\"@id\":\"http:\\\/\\\/www.lichen.pl\\\/en\\\/z-maryja-uczyli-sie-przebywania-z-jezusem\\\/#primaryimage\",\"url\":\"https:\\\/\\\/www.lichen.pl\\\/wp-content\\\/uploads\\\/2020\\\/09\\\/P1300344.jpg\",\"contentUrl\":\"https:\\\/\\\/www.lichen.pl\\\/wp-content\\\/uploads\\\/2020\\\/09\\\/P1300344.jpg\",\"width\":901,\"height\":1200},{\"@type\":\"BreadcrumbList\",\"@id\":\"http:\\\/\\\/www.lichen.pl\\\/en\\\/z-maryja-uczyli-sie-przebywania-z-jezusem\\\/#breadcrumb\",\"itemListElement\":[{\"@type\":\"ListItem\",\"position\":1,\"name\":\"Strona g\u0142\u00f3wna\",\"item\":\"https:\\\/\\\/www.lichen.pl\\\/\"},{\"@type\":\"ListItem\",\"position\":2,\"name\":\"Z Maryj\u0105 uczyli si\u0119 przebywania z Jezusem\"}]},{\"@type\":\"WebSite\",\"@id\":\"https:\\\/\\\/www.lichen.pl\\\/fr\\\/#website\",\"url\":\"https:\\\/\\\/www.lichen.pl\\\/fr\\\/\",\"name\":\"SANKTUARIUM W LICHENIU\",\"description\":\"MATKI BO\u017bEJ LICHE\u0143SKIEJ BOLESNEJ KR\u00d3LOWEJ POLSKI\",\"potentialAction\":[{\"@type\":\"SearchAction\",\"target\":{\"@type\":\"EntryPoint\",\"urlTemplate\":\"https:\\\/\\\/www.lichen.pl\\\/fr\\\/?s={search_term_string}\"},\"query-input\":{\"@type\":\"PropertyValueSpecification\",\"valueRequired\":true,\"valueName\":\"search_term_string\"}}],\"inLanguage\":\"de\"},{\"@type\":\"Person\",\"@id\":\"https:\\\/\\\/www.lichen.pl\\\/fr\\\/#\\\/schema\\\/person\\\/70bf824c102f176cf976b0d90af0d62a\",\"name\":\"AMELIA SIUDA-KOSZELA\",\"image\":{\"@type\":\"ImageObject\",\"inLanguage\":\"de\",\"@id\":\"https:\\\/\\\/secure.gravatar.com\\\/avatar\\\/a0f9a92186ab02fb8db116f5388e3bc7280dd7bd01565c5d6b7ceb07ff27d6d9?s=96&d=retro&r=g\",\"url\":\"https:\\\/\\\/secure.gravatar.com\\\/avatar\\\/a0f9a92186ab02fb8db116f5388e3bc7280dd7bd01565c5d6b7ceb07ff27d6d9?s=96&d=retro&r=g\",\"contentUrl\":\"https:\\\/\\\/secure.gravatar.com\\\/avatar\\\/a0f9a92186ab02fb8db116f5388e3bc7280dd7bd01565c5d6b7ceb07ff27d6d9?s=96&d=retro&r=g\",\"caption\":\"AMELIA SIUDA-KOSZELA\"},\"url\":\"https:\\\/\\\/www.lichen.pl\\\/de\\\/author\\\/amelia\\\/\"}]}<\/script>\n<!-- \/ Yoast SEO plugin. -->","yoast_head_json":{"title":"Z Maryj\u0105 uczyli si\u0119 przebywania z Jezusem - SANKTUARIUM W LICHENIU","robots":{"index":"index","follow":"follow","max-snippet":"max-snippet:-1","max-image-preview":"max-image-preview:large","max-video-preview":"max-video-preview:-1"},"canonical":"http:\/\/www.lichen.pl\/de\/z-maryja-uczyli-sie-przebywania-z-jezusem\/","og_locale":"de_DE","og_type":"article","og_title":"Z Maryj\u0105 uczyli si\u0119 przebywania z Jezusem - SANKTUARIUM W LICHENIU","og_description":"Od wielu lat do Matki Bo\u017cej Liche\u0144skiej przyje\u017cd\u017caj\u0105 mieszka\u0144cy Gorzowa Wielkopolskiego. Na samym pocz\u0105tku ta pielgrzymka nie by\u0142a liczna. Jednak tradycja pielgrzymowania zakorzeni\u0142a si\u0119 w\u015br\u00f3d gorzowian i w ostatnim czasie przyje\u017cd\u017caj\u0105 do Matki Bo\u017cej Liche\u0144skiej nawet w 60-osobowej ekipie. Wszystko dzi\u0119ki Annie Gali\u0144skiej, kt\u00f3ra zaprasza do wsp\u00f3lnej modlitwy w Licheniu. Podkre\u015bla, \u017ce nie chce, by [&hellip;]","og_url":"http:\/\/www.lichen.pl\/de\/z-maryja-uczyli-sie-przebywania-z-jezusem\/","og_site_name":"SANKTUARIUM W LICHENIU","article_published_time":"2020-09-28T11:21:24+00:00","article_modified_time":"2021-06-30T11:24:08+00:00","og_image":[{"width":901,"height":1200,"url":"http:\/\/www.lichen.pl\/wp-content\/uploads\/2020\/09\/P1300344.jpg","type":"image\/jpeg"}],"author":"AMELIA SIUDA-KOSZELA","twitter_card":"summary_large_image","twitter_misc":{"Verfasst von":"AMELIA SIUDA-KOSZELA","Gesch\u00e4tzte Lesezeit":"3\u00a0Minuten"},"schema":{"@context":"https:\/\/schema.org","@graph":[{"@type":"Article","@id":"http:\/\/www.lichen.pl\/en\/z-maryja-uczyli-sie-przebywania-z-jezusem\/#article","isPartOf":{"@id":"http:\/\/www.lichen.pl\/en\/z-maryja-uczyli-sie-przebywania-z-jezusem\/"},"author":{"name":"AMELIA SIUDA-KOSZELA","@id":"https:\/\/www.lichen.pl\/fr\/#\/schema\/person\/70bf824c102f176cf976b0d90af0d62a"},"headline":"Z Maryj\u0105 uczyli si\u0119 przebywania z Jezusem","datePublished":"2020-09-28T11:21:24+00:00","dateModified":"2021-06-30T11:24:08+00:00","mainEntityOfPage":{"@id":"http:\/\/www.lichen.pl\/en\/z-maryja-uczyli-sie-przebywania-z-jezusem\/"},"wordCount":527,"commentCount":0,"image":{"@id":"http:\/\/www.lichen.pl\/en\/z-maryja-uczyli-sie-przebywania-z-jezusem\/#primaryimage"},"thumbnailUrl":"https:\/\/www.lichen.pl\/wp-content\/uploads\/2020\/09\/P1300344.jpg","articleSection":["Aktualno\u015bci"],"inLanguage":"de","potentialAction":[{"@type":"CommentAction","name":"Comment","target":["http:\/\/www.lichen.pl\/en\/z-maryja-uczyli-sie-przebywania-z-jezusem\/#respond"]}]},{"@type":"WebPage","@id":"http:\/\/www.lichen.pl\/en\/z-maryja-uczyli-sie-przebywania-z-jezusem\/","url":"http:\/\/www.lichen.pl\/en\/z-maryja-uczyli-sie-przebywania-z-jezusem\/","name":"Z Maryj\u0105 uczyli si\u0119 przebywania z Jezusem - SANKTUARIUM W LICHENIU","isPartOf":{"@id":"https:\/\/www.lichen.pl\/fr\/#website"},"primaryImageOfPage":{"@id":"http:\/\/www.lichen.pl\/en\/z-maryja-uczyli-sie-przebywania-z-jezusem\/#primaryimage"},"image":{"@id":"http:\/\/www.lichen.pl\/en\/z-maryja-uczyli-sie-przebywania-z-jezusem\/#primaryimage"},"thumbnailUrl":"https:\/\/www.lichen.pl\/wp-content\/uploads\/2020\/09\/P1300344.jpg","datePublished":"2020-09-28T11:21:24+00:00","dateModified":"2021-06-30T11:24:08+00:00","author":{"@id":"https:\/\/www.lichen.pl\/fr\/#\/schema\/person\/70bf824c102f176cf976b0d90af0d62a"},"breadcrumb":{"@id":"http:\/\/www.lichen.pl\/en\/z-maryja-uczyli-sie-przebywania-z-jezusem\/#breadcrumb"},"inLanguage":"de","potentialAction":[{"@type":"ReadAction","target":["http:\/\/www.lichen.pl\/en\/z-maryja-uczyli-sie-przebywania-z-jezusem\/"]}]},{"@type":"ImageObject","inLanguage":"de","@id":"http:\/\/www.lichen.pl\/en\/z-maryja-uczyli-sie-przebywania-z-jezusem\/#primaryimage","url":"https:\/\/www.lichen.pl\/wp-content\/uploads\/2020\/09\/P1300344.jpg","contentUrl":"https:\/\/www.lichen.pl\/wp-content\/uploads\/2020\/09\/P1300344.jpg","width":901,"height":1200},{"@type":"BreadcrumbList","@id":"http:\/\/www.lichen.pl\/en\/z-maryja-uczyli-sie-przebywania-z-jezusem\/#breadcrumb","itemListElement":[{"@type":"ListItem","position":1,"name":"Strona g\u0142\u00f3wna","item":"https:\/\/www.lichen.pl\/"},{"@type":"ListItem","position":2,"name":"Z Maryj\u0105 uczyli si\u0119 przebywania z Jezusem"}]},{"@type":"WebSite","@id":"https:\/\/www.lichen.pl\/fr\/#website","url":"https:\/\/www.lichen.pl\/fr\/","name":"HEILIGTUM IN LICHENIEN","description":"DIE TRAURIGE K\u00d6NIGIN UNSERER FLECHEN VON POLEN","potentialAction":[{"@type":"SearchAction","target":{"@type":"EntryPoint","urlTemplate":"https:\/\/www.lichen.pl\/fr\/?s={search_term_string}"},"query-input":{"@type":"PropertyValueSpecification","valueRequired":true,"valueName":"search_term_string"}}],"inLanguage":"de"},{"@type":"Person","@id":"https:\/\/www.lichen.pl\/fr\/#\/schema\/person\/70bf824c102f176cf976b0d90af0d62a","name":"AMELIA SIUDA-KOSZELA","image":{"@type":"ImageObject","inLanguage":"de","@id":"https:\/\/secure.gravatar.com\/avatar\/a0f9a92186ab02fb8db116f5388e3bc7280dd7bd01565c5d6b7ceb07ff27d6d9?s=96&d=retro&r=g","url":"https:\/\/secure.gravatar.com\/avatar\/a0f9a92186ab02fb8db116f5388e3bc7280dd7bd01565c5d6b7ceb07ff27d6d9?s=96&d=retro&r=g","contentUrl":"https:\/\/secure.gravatar.com\/avatar\/a0f9a92186ab02fb8db116f5388e3bc7280dd7bd01565c5d6b7ceb07ff27d6d9?s=96&d=retro&r=g","caption":"AMELIA SIUDA-KOSZELA"},"url":"https:\/\/www.lichen.pl\/de\/author\/amelia\/"}]}},"_links":{"self":[{"href":"https:\/\/www.lichen.pl\/de\/wp-json\/wp\/v2\/posts\/17138","targetHints":{"allow":["GET"]}}],"collection":[{"href":"https:\/\/www.lichen.pl\/de\/wp-json\/wp\/v2\/posts"}],"about":[{"href":"https:\/\/www.lichen.pl\/de\/wp-json\/wp\/v2\/types\/post"}],"author":[{"embeddable":true,"href":"https:\/\/www.lichen.pl\/de\/wp-json\/wp\/v2\/users\/6"}],"replies":[{"embeddable":true,"href":"https:\/\/www.lichen.pl\/de\/wp-json\/wp\/v2\/comments?post=17138"}],"version-history":[{"count":4,"href":"https:\/\/www.lichen.pl\/de\/wp-json\/wp\/v2\/posts\/17138\/revisions"}],"predecessor-version":[{"id":17162,"href":"https:\/\/www.lichen.pl\/de\/wp-json\/wp\/v2\/posts\/17138\/revisions\/17162"}],"wp:featuredmedia":[{"embeddable":true,"href":"https:\/\/www.lichen.pl\/de\/wp-json\/wp\/v2\/media\/17145"}],"wp:attachment":[{"href":"https:\/\/www.lichen.pl\/de\/wp-json\/wp\/v2\/media?parent=17138"}],"wp:term":[{"taxonomy":"category","embeddable":true,"href":"https:\/\/www.lichen.pl\/de\/wp-json\/wp\/v2\/categories?post=17138"},{"taxonomy":"post_tag","embeddable":true,"href":"https:\/\/www.lichen.pl\/de\/wp-json\/wp\/v2\/tags?post=17138"}],"curies":[{"name":"wp","href":"https:\/\/api.w.org\/{rel}","templated":true}]}}