{"id":17269,"date":"2020-12-12T11:45:05","date_gmt":"2020-12-12T11:45:05","guid":{"rendered":"http:\/\/www.lichen.pl\/?p=17269"},"modified":"2021-06-30T11:51:32","modified_gmt":"2021-06-30T11:51:32","slug":"modlili-sie-za-zmarlych-w-hospicjum","status":"publish","type":"post","link":"https:\/\/www.lichen.pl\/de\/modlili-sie-za-zmarlych-w-hospicjum\/","title":{"rendered":"Sie beteten f\u00fcr die Toten im Hospiz"},"content":{"rendered":"<div data-elementor-type=\"wp-post\" data-elementor-id=\"17269\" class=\"elementor elementor-17269\" data-elementor-post-type=\"post\">\n\t\t\t\t\t\t<section class=\"elementor-section elementor-top-section elementor-element elementor-element-3a8aab3 elementor-section-boxed elementor-section-height-default elementor-section-height-default\" data-id=\"3a8aab3\" data-element_type=\"section\" data-e-type=\"section\">\n\t\t\t\t\t\t<div class=\"elementor-container elementor-column-gap-default\">\n\t\t\t\t\t<div class=\"elementor-column elementor-col-100 elementor-top-column elementor-element elementor-element-7fd1f12\" data-id=\"7fd1f12\" data-element_type=\"column\" data-e-type=\"column\">\n\t\t\t<div class=\"elementor-widget-wrap elementor-element-populated\">\n\t\t\t\t\t\t<div class=\"elementor-element elementor-element-389becf elementor-widget elementor-widget-text-editor\" data-id=\"389becf\" data-element_type=\"widget\" data-e-type=\"widget\" data-widget_type=\"text-editor.default\">\n\t\t\t\t<div class=\"elementor-widget-container\">\n\t\t\t\t\t\t\t\t\t<p><span style=\"color: #000000;\"><strong>Familien, Freunde und Mitarbeiter des Hospizes Liche\u0144 beteten w\u00e4hrend der Heiligen Messe. 12. Dezember in der unteren Basilika f\u00fcr 108 verstorbene Patienten, die 2020 an den Herrn \u00fcbergeben wurden.<\/strong><\/span><\/p><p><span style=\"color: #000000;\">Messe wie jedes Jahr. Vorangegangen war eine Diashow mit den Namen der im Hospiz Verstorbenen. Stanis\u0142aw Papczy\u0144ski, MIC in Liche\u0144. - Dies ist eine wichtige Zeit, weil wir gemeinsam mit den Familien beten k\u00f6nnen. Ein Hospiz ist ein Zuhause, eine Gemeinschaft von Menschen: medizinisches Personal, Verwaltungsangestellte, Seelsorger, Ehrenamtliche und Familien. Wir stehen den Kranken und ihren Angeh\u00f6rigen sehr nahe, weshalb die allj\u00e4hrliche Heilige Messe stattfindet. es ist ein sehr ber\u00fchrender Moment f\u00fcr uns. Wir erinnern uns an die Menschen, die wir im Laufe des Jahres betreut haben - sagt Urszula Kulig, Freiwilligenkoordinatorin im Hospiz Liche\u0144.<\/span><\/p><p><span style=\"color: #000000;\">Nach dem Gebet \u201eEwige Ruhe \u2026\u201c begann die Eucharistiefeier mit P. Jaros\u0142aw Hybza, MIC von der Flechtengemeinschaft der Marienpriester. - Hallo Familie, Verwandte und Freunde des Verstorbenen. Danke f\u00fcr das sch\u00f6ne Geschenk ihres Lebens, danke, dass wir sie auf ihrer irdischen Pilgerreise zum Vaterhaus begleiten durften. Wir glauben, dass Christus, der Tod, S\u00fcnde und Satan besiegt hat, unter uns gegenw\u00e4rtig ist und dass sein Haus uns allen offen steht, wandte er sich an die anwesenden Marianer.<\/span><\/p><p><span style=\"color: #000000;\">Jeder Teilnehmer hatte die M\u00f6glichkeit, in das Sakrament der Beichte einzutreten und einen vollkommenen Ablass zu gew\u00f6hnlichen Bedingungen zu erlangen, den er f\u00fcr die Seele eines geliebten Verstorbenen anbieten konnte. Fr. Hybza erinnerte daran, dass das m\u00e4chtigste Gebet die Heilige Messe ist, das m\u00e4chtigste Geschenk f\u00fcr die Toten der vollkommene Ablass ist und dass es die Person ist, die entscheidet, wohin sie nach dem Tod gehen m\u00f6chte. - In der Bibel wird der Tod als Traum, als Zustand des Einschlafens und der Friedhof als Schlafzimmer dargestellt, in dem die Menschen ruhen und auf die Auferstehung warten und zu einem neuen Leben erwachen. Barmherzigkeit gegen\u00fcber anderen Menschen, menschliche Liebe und Demut zeigen bereits, dass der Himmel in uns ist und wir ihn mit anderen teilen \u2013 der Marianer hat uns ermutigt, ein ganzes Jahr lang der Toten zu gedenken. - Ich w\u00fcnsche mir und dir, dass unser Glaube und unsere Liebe zu Christus immer tiefer werden. M\u00f6gen wir hier schon im Himmel leben und ihn mit anderen teilen.<\/span><\/p>\t\t\t\t\t\t\t\t<\/div>\n\t\t\t\t<\/div>\n\t\t\t\t<div class=\"elementor-element elementor-element-f4c9dea elementor-skin-carousel elementor-arrows-yes elementor-pagination-type-bullets elementor-pagination-position-outside elementor-widget elementor-widget-media-carousel\" data-id=\"f4c9dea\" data-element_type=\"widget\" data-e-type=\"widget\" data-settings=\"{&quot;skin&quot;:&quot;carousel&quot;,&quot;effect&quot;:&quot;slide&quot;,&quot;show_arrows&quot;:&quot;yes&quot;,&quot;pagination&quot;:&quot;bullets&quot;,&quot;speed&quot;:500,&quot;autoplay&quot;:&quot;yes&quot;,&quot;autoplay_speed&quot;:5000,&quot;loop&quot;:&quot;yes&quot;,&quot;pause_on_hover&quot;:&quot;yes&quot;,&quot;pause_on_interaction&quot;:&quot;yes&quot;,&quot;space_between&quot;:{&quot;unit&quot;:&quot;px&quot;,&quot;size&quot;:10,&quot;sizes&quot;:[]},&quot;space_between_tablet&quot;:{&quot;unit&quot;:&quot;px&quot;,&quot;size&quot;:10,&quot;sizes&quot;:[]},&quot;space_between_mobile&quot;:{&quot;unit&quot;:&quot;px&quot;,&quot;size&quot;:10,&quot;sizes&quot;:[]}}\" data-widget_type=\"media-carousel.default\">\n\t\t\t\t<div class=\"elementor-widget-container\">\n\t\t\t\t\t\t\t\t\t<div class=\"elementor-swiper\">\n\t\t\t\t\t<div class=\"elementor-main-swiper swiper\" role=\"region\" aria-roledescription=\"carousel\" aria-label=\"Slajdy\">\n\t\t\t\t<div class=\"swiper-wrapper\">\n\t\t\t\t\t\t\t\t\t\t\t<div class=\"swiper-slide\" role=\"group\" aria-roledescription=\"slide\">\n\t\t\t\t\t\t\t\t\t<div class=\"elementor-carousel-image\" role=\"img\" aria-label=\"P1310422\" style=\"background-image: url(&#039;https:\/\/www.lichen.pl\/wp-content\/uploads\/2021\/06\/P1310422.jpg&#039;)\">\n\n\t\t\t\n\t\t\t\t\t<\/div>\n\t\t\t\t\t\t\t\t<\/div>\n\t\t\t\t\t\t\t\t\t\t\t<div class=\"swiper-slide\" role=\"group\" aria-roledescription=\"slide\">\n\t\t\t\t\t\t\t\t\t<div class=\"elementor-carousel-image\" role=\"img\" aria-label=\"P1310426\" style=\"background-image: url(&#039;https:\/\/www.lichen.pl\/wp-content\/uploads\/2021\/06\/P1310426.jpg&#039;)\">\n\n\t\t\t\n\t\t\t\t\t<\/div>\n\t\t\t\t\t\t\t\t<\/div>\n\t\t\t\t\t\t\t\t\t\t\t<div class=\"swiper-slide\" role=\"group\" aria-roledescription=\"slide\">\n\t\t\t\t\t\t\t\t\t<div class=\"elementor-carousel-image\" role=\"img\" aria-label=\"P1310429\" style=\"background-image: url(&#039;https:\/\/www.lichen.pl\/wp-content\/uploads\/2021\/06\/P1310429.jpg&#039;)\">\n\n\t\t\t\n\t\t\t\t\t<\/div>\n\t\t\t\t\t\t\t\t<\/div>\n\t\t\t\t\t\t\t\t\t\t\t<div class=\"swiper-slide\" role=\"group\" aria-roledescription=\"slide\">\n\t\t\t\t\t\t\t\t\t<div class=\"elementor-carousel-image\" role=\"img\" aria-label=\"P1310437\" style=\"background-image: url(&#039;https:\/\/www.lichen.pl\/wp-content\/uploads\/2021\/06\/P1310437.jpg&#039;)\">\n\n\t\t\t\n\t\t\t\t\t<\/div>\n\t\t\t\t\t\t\t\t<\/div>\n\t\t\t\t\t\t\t\t\t<\/div>\n\t\t\t\t\t\t\t\t\t\t\t\t\t\t\t<div class=\"elementor-swiper-button elementor-swiper-button-prev\" role=\"button\" tabindex=\"0\" aria-label=\"Poprzedni\">\n\t\t\t\t\t\t\t<i aria-hidden=\"true\" class=\"eicon-chevron-left\"><\/i>\t\t\t\t\t\t<\/div>\n\t\t\t\t\t\t<div class=\"elementor-swiper-button elementor-swiper-button-next\" role=\"button\" tabindex=\"0\" aria-label=\"Nast\u0119pny\">\n\t\t\t\t\t\t\t<i aria-hidden=\"true\" class=\"eicon-chevron-right\"><\/i>\t\t\t\t\t\t<\/div>\n\t\t\t\t\t\t\t\t\t\t\t\t\t\t\t\t<div class=\"swiper-pagination\"><\/div>\n\t\t\t\t\t\t\t\t\t\t\t\t<\/div>\n\t\t\t\t<\/div>\n\t\t\t\t\t\t\t\t<\/div>\n\t\t\t\t<\/div>\n\t\t\t\t<div class=\"elementor-element elementor-element-37044d7 elementor-widget elementor-widget-text-editor\" data-id=\"37044d7\" data-element_type=\"widget\" data-e-type=\"widget\" data-widget_type=\"text-editor.default\">\n\t\t\t\t<div class=\"elementor-widget-container\">\n\t\t\t\t\t\t\t\t\t<p><span style=\"color: #000000;\">Nach der Messe Es gab einen Weihnachtsmarkt, bei dem es m\u00f6glich war, Weihnachtsschmuck zu kaufen, der von Freiwilligen des Flechtenhospizes hergestellt wurde. Die Einnahmen gehen an das Flechtenhospiz.\u00a0<\/span><\/p>\t\t\t\t\t\t\t\t<\/div>\n\t\t\t\t<\/div>\n\t\t\t\t<div class=\"elementor-element elementor-element-9007a35 elementor-widget elementor-widget-gallery\" data-id=\"9007a35\" data-element_type=\"widget\" data-e-type=\"widget\" data-settings=\"{&quot;lazyload&quot;:&quot;yes&quot;,&quot;gallery_layout&quot;:&quot;grid&quot;,&quot;columns&quot;:4,&quot;columns_tablet&quot;:2,&quot;columns_mobile&quot;:1,&quot;gap&quot;:{&quot;unit&quot;:&quot;px&quot;,&quot;size&quot;:10,&quot;sizes&quot;:[]},&quot;gap_tablet&quot;:{&quot;unit&quot;:&quot;px&quot;,&quot;size&quot;:10,&quot;sizes&quot;:[]},&quot;gap_mobile&quot;:{&quot;unit&quot;:&quot;px&quot;,&quot;size&quot;:10,&quot;sizes&quot;:[]},&quot;link_to&quot;:&quot;file&quot;,&quot;aspect_ratio&quot;:&quot;3:2&quot;,&quot;overlay_background&quot;:&quot;yes&quot;,&quot;content_hover_animation&quot;:&quot;fade-in&quot;}\" data-widget_type=\"gallery.default\">\n\t\t\t\t<div class=\"elementor-widget-container\">\n\t\t\t\t\t\t\t<div class=\"elementor-gallery__container\">\n\t\t\t\t\t\t\t<a class=\"e-gallery-item elementor-gallery-item elementor-animated-content\" href=\"https:\/\/www.lichen.pl\/wp-content\/uploads\/2021\/06\/P1310461.jpg\" data-elementor-open-lightbox=\"yes\" data-elementor-lightbox-slideshow=\"9007a35\" data-elementor-lightbox-title=\"P1310461\" data-e-action-hash=\"#elementor-action%3Aaction%3Dlightbox%26settings%3DeyJpZCI6MTczNjAsInVybCI6Imh0dHBzOlwvXC93d3cubGljaGVuLnBsXC93cC1jb250ZW50XC91cGxvYWRzXC8yMDIxXC8wNlwvUDEzMTA0NjEuanBnIiwic2xpZGVzaG93IjoiOTAwN2EzNSJ9\">\n\t\t\t\t\t<div class=\"e-gallery-image elementor-gallery-item__image\" data-thumbnail=\"https:\/\/www.lichen.pl\/wp-content\/uploads\/2021\/06\/P1310461-225x300.jpg\" data-width=\"225\" data-height=\"300\" aria-label=\"\" role=\"img\" ><\/div>\n\t\t\t\t\t\t\t\t\t\t\t<div class=\"elementor-gallery-item__overlay\"><\/div>\n\t\t\t\t\t\t\t\t\t\t\t\t\t\t<\/a>\n\t\t\t\t\t\t\t<a class=\"e-gallery-item elementor-gallery-item elementor-animated-content\" href=\"https:\/\/www.lichen.pl\/wp-content\/uploads\/2021\/06\/P1310452.jpg\" data-elementor-open-lightbox=\"yes\" data-elementor-lightbox-slideshow=\"9007a35\" data-elementor-lightbox-title=\"P1310452\" data-e-action-hash=\"#elementor-action%3Aaction%3Dlightbox%26settings%3DeyJpZCI6MTczNTUsInVybCI6Imh0dHBzOlwvXC93d3cubGljaGVuLnBsXC93cC1jb250ZW50XC91cGxvYWRzXC8yMDIxXC8wNlwvUDEzMTA0NTIuanBnIiwic2xpZGVzaG93IjoiOTAwN2EzNSJ9\">\n\t\t\t\t\t<div class=\"e-gallery-image elementor-gallery-item__image\" data-thumbnail=\"https:\/\/www.lichen.pl\/wp-content\/uploads\/2021\/06\/P1310452-225x300.jpg\" data-width=\"225\" data-height=\"300\" aria-label=\"\" role=\"img\" ><\/div>\n\t\t\t\t\t\t\t\t\t\t\t<div class=\"elementor-gallery-item__overlay\"><\/div>\n\t\t\t\t\t\t\t\t\t\t\t\t\t\t<\/a>\n\t\t\t\t\t\t\t<a class=\"e-gallery-item elementor-gallery-item elementor-animated-content\" href=\"https:\/\/www.lichen.pl\/wp-content\/uploads\/2021\/06\/P1310450.jpg\" data-elementor-open-lightbox=\"yes\" data-elementor-lightbox-slideshow=\"9007a35\" data-elementor-lightbox-title=\"P1310450\" data-e-action-hash=\"#elementor-action%3Aaction%3Dlightbox%26settings%3DeyJpZCI6MTczNTAsInVybCI6Imh0dHBzOlwvXC93d3cubGljaGVuLnBsXC93cC1jb250ZW50XC91cGxvYWRzXC8yMDIxXC8wNlwvUDEzMTA0NTAuanBnIiwic2xpZGVzaG93IjoiOTAwN2EzNSJ9\">\n\t\t\t\t\t<div class=\"e-gallery-image elementor-gallery-item__image\" data-thumbnail=\"https:\/\/www.lichen.pl\/wp-content\/uploads\/2021\/06\/P1310450-225x300.jpg\" data-width=\"225\" data-height=\"300\" aria-label=\"\" role=\"img\" ><\/div>\n\t\t\t\t\t\t\t\t\t\t\t<div class=\"elementor-gallery-item__overlay\"><\/div>\n\t\t\t\t\t\t\t\t\t\t\t\t\t\t<\/a>\n\t\t\t\t\t\t\t<a class=\"e-gallery-item elementor-gallery-item elementor-animated-content\" href=\"https:\/\/www.lichen.pl\/wp-content\/uploads\/2021\/06\/P1310441.jpg\" data-elementor-open-lightbox=\"yes\" data-elementor-lightbox-slideshow=\"9007a35\" data-elementor-lightbox-title=\"P1310441\" data-e-action-hash=\"#elementor-action%3Aaction%3Dlightbox%26settings%3DeyJpZCI6MTczNDUsInVybCI6Imh0dHBzOlwvXC93d3cubGljaGVuLnBsXC93cC1jb250ZW50XC91cGxvYWRzXC8yMDIxXC8wNlwvUDEzMTA0NDEuanBnIiwic2xpZGVzaG93IjoiOTAwN2EzNSJ9\">\n\t\t\t\t\t<div class=\"e-gallery-image elementor-gallery-item__image\" data-thumbnail=\"https:\/\/www.lichen.pl\/wp-content\/uploads\/2021\/06\/P1310441-225x300.jpg\" data-width=\"225\" data-height=\"300\" aria-label=\"\" role=\"img\" ><\/div>\n\t\t\t\t\t\t\t\t\t\t\t<div class=\"elementor-gallery-item__overlay\"><\/div>\n\t\t\t\t\t\t\t\t\t\t\t\t\t\t<\/a>\n\t\t\t\t\t<\/div>\n\t\t\t\t\t<\/div>\n\t\t\t\t<\/div>\n\t\t\t\t\t<\/div>\n\t\t<\/div>\n\t\t\t\t\t<\/div>\n\t\t<\/section>\n\t\t\t\t<\/div>","protected":false},"excerpt":{"rendered":"<p>Rodziny, przyjaciele oraz pracownicy liche\u0144skiego hospicjum modlili si\u0119 podczas Mszy \u015bw. 12 grudnia w dolnej bazylice za 108 zmar\u0142ych pacjent\u00f3w, kt\u00f3rzy odeszli do Pana w 2020 roku. Jak ka\u017cdego roku, Msz\u0119 \u015bw. poprzedzi\u0142 pokaz slajd\u00f3w z nazwiskami os\u00f3b zmar\u0142ych w Hospicjum im. Stanis\u0142awa Papczy\u0144skiego MIC w Licheniu. \u2013 To wa\u017cny czas, bo mo\u017cemy wsp\u00f3lnie pomodli\u0107 [&hellip;]<\/p>\n","protected":false},"author":6,"featured_media":17345,"comment_status":"open","ping_status":"open","sticky":false,"template":"","format":"standard","meta":{"footnotes":""},"categories":[1],"tags":[],"class_list":["post-17269","post","type-post","status-publish","format-standard","has-post-thumbnail","hentry","category-aktualnosci","wpbf-post"],"yoast_head":"<!-- This site is optimized with the Yoast SEO plugin v27.4 - https:\/\/yoast.com\/product\/yoast-seo-wordpress\/ -->\n<title>Modlili si\u0119 za zmar\u0142ych w hospicjum - SANKTUARIUM W LICHENIU<\/title>\n<meta name=\"robots\" content=\"index, follow, max-snippet:-1, max-image-preview:large, max-video-preview:-1\" \/>\n<link rel=\"canonical\" href=\"http:\/\/www.lichen.pl\/de\/modlili-sie-za-zmarlych-w-hospicjum\/\" \/>\n<meta property=\"og:locale\" content=\"de_DE\" \/>\n<meta property=\"og:type\" content=\"article\" \/>\n<meta property=\"og:title\" content=\"Modlili si\u0119 za zmar\u0142ych w hospicjum - SANKTUARIUM W LICHENIU\" \/>\n<meta property=\"og:description\" content=\"Rodziny, przyjaciele oraz pracownicy liche\u0144skiego hospicjum modlili si\u0119 podczas Mszy \u015bw. 12 grudnia w dolnej bazylice za 108 zmar\u0142ych pacjent\u00f3w, kt\u00f3rzy odeszli do Pana w 2020 roku. Jak ka\u017cdego roku, Msz\u0119 \u015bw. poprzedzi\u0142 pokaz slajd\u00f3w z nazwiskami os\u00f3b zmar\u0142ych w Hospicjum im. Stanis\u0142awa Papczy\u0144skiego MIC w Licheniu. \u2013 To wa\u017cny czas, bo mo\u017cemy wsp\u00f3lnie pomodli\u0107 [&hellip;]\" \/>\n<meta property=\"og:url\" content=\"http:\/\/www.lichen.pl\/de\/modlili-sie-za-zmarlych-w-hospicjum\/\" \/>\n<meta property=\"og:site_name\" content=\"SANKTUARIUM W LICHENIU\" \/>\n<meta property=\"article:published_time\" content=\"2020-12-12T11:45:05+00:00\" \/>\n<meta property=\"article:modified_time\" content=\"2021-06-30T11:51:32+00:00\" \/>\n<meta property=\"og:image\" content=\"http:\/\/www.lichen.pl\/wp-content\/uploads\/2021\/06\/P1310441.jpg\" \/>\n\t<meta property=\"og:image:width\" content=\"901\" \/>\n\t<meta property=\"og:image:height\" content=\"1200\" \/>\n\t<meta property=\"og:image:type\" content=\"image\/jpeg\" \/>\n<meta name=\"author\" content=\"AMELIA SIUDA-KOSZELA\" \/>\n<meta name=\"twitter:card\" content=\"summary_large_image\" \/>\n<meta name=\"twitter:label1\" content=\"Verfasst von\" \/>\n\t<meta name=\"twitter:data1\" content=\"AMELIA SIUDA-KOSZELA\" \/>\n\t<meta name=\"twitter:label2\" content=\"Gesch\u00e4tzte Lesezeit\" \/>\n\t<meta name=\"twitter:data2\" content=\"2\u00a0Minuten\" \/>\n<script type=\"application\/ld+json\" class=\"yoast-schema-graph\">{\"@context\":\"https:\\\/\\\/schema.org\",\"@graph\":[{\"@type\":\"Article\",\"@id\":\"http:\\\/\\\/www.lichen.pl\\\/en\\\/modlili-sie-za-zmarlych-w-hospicjum\\\/#article\",\"isPartOf\":{\"@id\":\"http:\\\/\\\/www.lichen.pl\\\/en\\\/modlili-sie-za-zmarlych-w-hospicjum\\\/\"},\"author\":{\"name\":\"AMELIA SIUDA-KOSZELA\",\"@id\":\"https:\\\/\\\/www.lichen.pl\\\/fr\\\/#\\\/schema\\\/person\\\/70bf824c102f176cf976b0d90af0d62a\"},\"headline\":\"Modlili si\u0119 za zmar\u0142ych w hospicjum\",\"datePublished\":\"2020-12-12T11:45:05+00:00\",\"dateModified\":\"2021-06-30T11:51:32+00:00\",\"mainEntityOfPage\":{\"@id\":\"http:\\\/\\\/www.lichen.pl\\\/en\\\/modlili-sie-za-zmarlych-w-hospicjum\\\/\"},\"wordCount\":401,\"commentCount\":0,\"image\":{\"@id\":\"http:\\\/\\\/www.lichen.pl\\\/en\\\/modlili-sie-za-zmarlych-w-hospicjum\\\/#primaryimage\"},\"thumbnailUrl\":\"https:\\\/\\\/www.lichen.pl\\\/wp-content\\\/uploads\\\/2021\\\/06\\\/P1310441.jpg\",\"articleSection\":[\"Aktualno\u015bci\"],\"inLanguage\":\"de\",\"potentialAction\":[{\"@type\":\"CommentAction\",\"name\":\"Comment\",\"target\":[\"http:\\\/\\\/www.lichen.pl\\\/en\\\/modlili-sie-za-zmarlych-w-hospicjum\\\/#respond\"]}]},{\"@type\":\"WebPage\",\"@id\":\"http:\\\/\\\/www.lichen.pl\\\/en\\\/modlili-sie-za-zmarlych-w-hospicjum\\\/\",\"url\":\"http:\\\/\\\/www.lichen.pl\\\/en\\\/modlili-sie-za-zmarlych-w-hospicjum\\\/\",\"name\":\"Modlili si\u0119 za zmar\u0142ych w hospicjum - SANKTUARIUM W LICHENIU\",\"isPartOf\":{\"@id\":\"https:\\\/\\\/www.lichen.pl\\\/fr\\\/#website\"},\"primaryImageOfPage\":{\"@id\":\"http:\\\/\\\/www.lichen.pl\\\/en\\\/modlili-sie-za-zmarlych-w-hospicjum\\\/#primaryimage\"},\"image\":{\"@id\":\"http:\\\/\\\/www.lichen.pl\\\/en\\\/modlili-sie-za-zmarlych-w-hospicjum\\\/#primaryimage\"},\"thumbnailUrl\":\"https:\\\/\\\/www.lichen.pl\\\/wp-content\\\/uploads\\\/2021\\\/06\\\/P1310441.jpg\",\"datePublished\":\"2020-12-12T11:45:05+00:00\",\"dateModified\":\"2021-06-30T11:51:32+00:00\",\"author\":{\"@id\":\"https:\\\/\\\/www.lichen.pl\\\/fr\\\/#\\\/schema\\\/person\\\/70bf824c102f176cf976b0d90af0d62a\"},\"breadcrumb\":{\"@id\":\"http:\\\/\\\/www.lichen.pl\\\/en\\\/modlili-sie-za-zmarlych-w-hospicjum\\\/#breadcrumb\"},\"inLanguage\":\"de\",\"potentialAction\":[{\"@type\":\"ReadAction\",\"target\":[\"http:\\\/\\\/www.lichen.pl\\\/en\\\/modlili-sie-za-zmarlych-w-hospicjum\\\/\"]}]},{\"@type\":\"ImageObject\",\"inLanguage\":\"de\",\"@id\":\"http:\\\/\\\/www.lichen.pl\\\/en\\\/modlili-sie-za-zmarlych-w-hospicjum\\\/#primaryimage\",\"url\":\"https:\\\/\\\/www.lichen.pl\\\/wp-content\\\/uploads\\\/2021\\\/06\\\/P1310441.jpg\",\"contentUrl\":\"https:\\\/\\\/www.lichen.pl\\\/wp-content\\\/uploads\\\/2021\\\/06\\\/P1310441.jpg\",\"width\":901,\"height\":1200},{\"@type\":\"BreadcrumbList\",\"@id\":\"http:\\\/\\\/www.lichen.pl\\\/en\\\/modlili-sie-za-zmarlych-w-hospicjum\\\/#breadcrumb\",\"itemListElement\":[{\"@type\":\"ListItem\",\"position\":1,\"name\":\"Strona g\u0142\u00f3wna\",\"item\":\"https:\\\/\\\/www.lichen.pl\\\/\"},{\"@type\":\"ListItem\",\"position\":2,\"name\":\"Modlili si\u0119 za zmar\u0142ych w hospicjum\"}]},{\"@type\":\"WebSite\",\"@id\":\"https:\\\/\\\/www.lichen.pl\\\/fr\\\/#website\",\"url\":\"https:\\\/\\\/www.lichen.pl\\\/fr\\\/\",\"name\":\"SANKTUARIUM W LICHENIU\",\"description\":\"MATKI BO\u017bEJ LICHE\u0143SKIEJ BOLESNEJ KR\u00d3LOWEJ POLSKI\",\"potentialAction\":[{\"@type\":\"SearchAction\",\"target\":{\"@type\":\"EntryPoint\",\"urlTemplate\":\"https:\\\/\\\/www.lichen.pl\\\/fr\\\/?s={search_term_string}\"},\"query-input\":{\"@type\":\"PropertyValueSpecification\",\"valueRequired\":true,\"valueName\":\"search_term_string\"}}],\"inLanguage\":\"de\"},{\"@type\":\"Person\",\"@id\":\"https:\\\/\\\/www.lichen.pl\\\/fr\\\/#\\\/schema\\\/person\\\/70bf824c102f176cf976b0d90af0d62a\",\"name\":\"AMELIA SIUDA-KOSZELA\",\"image\":{\"@type\":\"ImageObject\",\"inLanguage\":\"de\",\"@id\":\"https:\\\/\\\/secure.gravatar.com\\\/avatar\\\/a0f9a92186ab02fb8db116f5388e3bc7280dd7bd01565c5d6b7ceb07ff27d6d9?s=96&d=retro&r=g\",\"url\":\"https:\\\/\\\/secure.gravatar.com\\\/avatar\\\/a0f9a92186ab02fb8db116f5388e3bc7280dd7bd01565c5d6b7ceb07ff27d6d9?s=96&d=retro&r=g\",\"contentUrl\":\"https:\\\/\\\/secure.gravatar.com\\\/avatar\\\/a0f9a92186ab02fb8db116f5388e3bc7280dd7bd01565c5d6b7ceb07ff27d6d9?s=96&d=retro&r=g\",\"caption\":\"AMELIA SIUDA-KOSZELA\"},\"url\":\"https:\\\/\\\/www.lichen.pl\\\/de\\\/author\\\/amelia\\\/\"}]}<\/script>\n<!-- \/ Yoast SEO plugin. -->","yoast_head_json":{"title":"Modlili si\u0119 za zmar\u0142ych w hospicjum - SANKTUARIUM W LICHENIU","robots":{"index":"index","follow":"follow","max-snippet":"max-snippet:-1","max-image-preview":"max-image-preview:large","max-video-preview":"max-video-preview:-1"},"canonical":"http:\/\/www.lichen.pl\/de\/modlili-sie-za-zmarlych-w-hospicjum\/","og_locale":"de_DE","og_type":"article","og_title":"Modlili si\u0119 za zmar\u0142ych w hospicjum - SANKTUARIUM W LICHENIU","og_description":"Rodziny, przyjaciele oraz pracownicy liche\u0144skiego hospicjum modlili si\u0119 podczas Mszy \u015bw. 12 grudnia w dolnej bazylice za 108 zmar\u0142ych pacjent\u00f3w, kt\u00f3rzy odeszli do Pana w 2020 roku. Jak ka\u017cdego roku, Msz\u0119 \u015bw. poprzedzi\u0142 pokaz slajd\u00f3w z nazwiskami os\u00f3b zmar\u0142ych w Hospicjum im. Stanis\u0142awa Papczy\u0144skiego MIC w Licheniu. \u2013 To wa\u017cny czas, bo mo\u017cemy wsp\u00f3lnie pomodli\u0107 [&hellip;]","og_url":"http:\/\/www.lichen.pl\/de\/modlili-sie-za-zmarlych-w-hospicjum\/","og_site_name":"SANKTUARIUM W LICHENIU","article_published_time":"2020-12-12T11:45:05+00:00","article_modified_time":"2021-06-30T11:51:32+00:00","og_image":[{"width":901,"height":1200,"url":"http:\/\/www.lichen.pl\/wp-content\/uploads\/2021\/06\/P1310441.jpg","type":"image\/jpeg"}],"author":"AMELIA SIUDA-KOSZELA","twitter_card":"summary_large_image","twitter_misc":{"Verfasst von":"AMELIA SIUDA-KOSZELA","Gesch\u00e4tzte Lesezeit":"2\u00a0Minuten"},"schema":{"@context":"https:\/\/schema.org","@graph":[{"@type":"Article","@id":"http:\/\/www.lichen.pl\/en\/modlili-sie-za-zmarlych-w-hospicjum\/#article","isPartOf":{"@id":"http:\/\/www.lichen.pl\/en\/modlili-sie-za-zmarlych-w-hospicjum\/"},"author":{"name":"AMELIA SIUDA-KOSZELA","@id":"https:\/\/www.lichen.pl\/fr\/#\/schema\/person\/70bf824c102f176cf976b0d90af0d62a"},"headline":"Modlili si\u0119 za zmar\u0142ych w hospicjum","datePublished":"2020-12-12T11:45:05+00:00","dateModified":"2021-06-30T11:51:32+00:00","mainEntityOfPage":{"@id":"http:\/\/www.lichen.pl\/en\/modlili-sie-za-zmarlych-w-hospicjum\/"},"wordCount":401,"commentCount":0,"image":{"@id":"http:\/\/www.lichen.pl\/en\/modlili-sie-za-zmarlych-w-hospicjum\/#primaryimage"},"thumbnailUrl":"https:\/\/www.lichen.pl\/wp-content\/uploads\/2021\/06\/P1310441.jpg","articleSection":["Aktualno\u015bci"],"inLanguage":"de","potentialAction":[{"@type":"CommentAction","name":"Comment","target":["http:\/\/www.lichen.pl\/en\/modlili-sie-za-zmarlych-w-hospicjum\/#respond"]}]},{"@type":"WebPage","@id":"http:\/\/www.lichen.pl\/en\/modlili-sie-za-zmarlych-w-hospicjum\/","url":"http:\/\/www.lichen.pl\/en\/modlili-sie-za-zmarlych-w-hospicjum\/","name":"Modlili si\u0119 za zmar\u0142ych w hospicjum - SANKTUARIUM W LICHENIU","isPartOf":{"@id":"https:\/\/www.lichen.pl\/fr\/#website"},"primaryImageOfPage":{"@id":"http:\/\/www.lichen.pl\/en\/modlili-sie-za-zmarlych-w-hospicjum\/#primaryimage"},"image":{"@id":"http:\/\/www.lichen.pl\/en\/modlili-sie-za-zmarlych-w-hospicjum\/#primaryimage"},"thumbnailUrl":"https:\/\/www.lichen.pl\/wp-content\/uploads\/2021\/06\/P1310441.jpg","datePublished":"2020-12-12T11:45:05+00:00","dateModified":"2021-06-30T11:51:32+00:00","author":{"@id":"https:\/\/www.lichen.pl\/fr\/#\/schema\/person\/70bf824c102f176cf976b0d90af0d62a"},"breadcrumb":{"@id":"http:\/\/www.lichen.pl\/en\/modlili-sie-za-zmarlych-w-hospicjum\/#breadcrumb"},"inLanguage":"de","potentialAction":[{"@type":"ReadAction","target":["http:\/\/www.lichen.pl\/en\/modlili-sie-za-zmarlych-w-hospicjum\/"]}]},{"@type":"ImageObject","inLanguage":"de","@id":"http:\/\/www.lichen.pl\/en\/modlili-sie-za-zmarlych-w-hospicjum\/#primaryimage","url":"https:\/\/www.lichen.pl\/wp-content\/uploads\/2021\/06\/P1310441.jpg","contentUrl":"https:\/\/www.lichen.pl\/wp-content\/uploads\/2021\/06\/P1310441.jpg","width":901,"height":1200},{"@type":"BreadcrumbList","@id":"http:\/\/www.lichen.pl\/en\/modlili-sie-za-zmarlych-w-hospicjum\/#breadcrumb","itemListElement":[{"@type":"ListItem","position":1,"name":"Strona g\u0142\u00f3wna","item":"https:\/\/www.lichen.pl\/"},{"@type":"ListItem","position":2,"name":"Modlili si\u0119 za zmar\u0142ych w hospicjum"}]},{"@type":"WebSite","@id":"https:\/\/www.lichen.pl\/fr\/#website","url":"https:\/\/www.lichen.pl\/fr\/","name":"HEILIGTUM IN LICHENIEN","description":"DIE TRAURIGE K\u00d6NIGIN UNSERER FLECHEN VON POLEN","potentialAction":[{"@type":"SearchAction","target":{"@type":"EntryPoint","urlTemplate":"https:\/\/www.lichen.pl\/fr\/?s={search_term_string}"},"query-input":{"@type":"PropertyValueSpecification","valueRequired":true,"valueName":"search_term_string"}}],"inLanguage":"de"},{"@type":"Person","@id":"https:\/\/www.lichen.pl\/fr\/#\/schema\/person\/70bf824c102f176cf976b0d90af0d62a","name":"AMELIA SIUDA-KOSZELA","image":{"@type":"ImageObject","inLanguage":"de","@id":"https:\/\/secure.gravatar.com\/avatar\/a0f9a92186ab02fb8db116f5388e3bc7280dd7bd01565c5d6b7ceb07ff27d6d9?s=96&d=retro&r=g","url":"https:\/\/secure.gravatar.com\/avatar\/a0f9a92186ab02fb8db116f5388e3bc7280dd7bd01565c5d6b7ceb07ff27d6d9?s=96&d=retro&r=g","contentUrl":"https:\/\/secure.gravatar.com\/avatar\/a0f9a92186ab02fb8db116f5388e3bc7280dd7bd01565c5d6b7ceb07ff27d6d9?s=96&d=retro&r=g","caption":"AMELIA SIUDA-KOSZELA"},"url":"https:\/\/www.lichen.pl\/de\/author\/amelia\/"}]}},"_links":{"self":[{"href":"https:\/\/www.lichen.pl\/de\/wp-json\/wp\/v2\/posts\/17269","targetHints":{"allow":["GET"]}}],"collection":[{"href":"https:\/\/www.lichen.pl\/de\/wp-json\/wp\/v2\/posts"}],"about":[{"href":"https:\/\/www.lichen.pl\/de\/wp-json\/wp\/v2\/types\/post"}],"author":[{"embeddable":true,"href":"https:\/\/www.lichen.pl\/de\/wp-json\/wp\/v2\/users\/6"}],"replies":[{"embeddable":true,"href":"https:\/\/www.lichen.pl\/de\/wp-json\/wp\/v2\/comments?post=17269"}],"version-history":[{"count":4,"href":"https:\/\/www.lichen.pl\/de\/wp-json\/wp\/v2\/posts\/17269\/revisions"}],"predecessor-version":[{"id":17372,"href":"https:\/\/www.lichen.pl\/de\/wp-json\/wp\/v2\/posts\/17269\/revisions\/17372"}],"wp:featuredmedia":[{"embeddable":true,"href":"https:\/\/www.lichen.pl\/de\/wp-json\/wp\/v2\/media\/17345"}],"wp:attachment":[{"href":"https:\/\/www.lichen.pl\/de\/wp-json\/wp\/v2\/media?parent=17269"}],"wp:term":[{"taxonomy":"category","embeddable":true,"href":"https:\/\/www.lichen.pl\/de\/wp-json\/wp\/v2\/categories?post=17269"},{"taxonomy":"post_tag","embeddable":true,"href":"https:\/\/www.lichen.pl\/de\/wp-json\/wp\/v2\/tags?post=17269"}],"curies":[{"name":"wp","href":"https:\/\/api.w.org\/{rel}","templated":true}]}}