{"id":1865,"date":"2020-07-26T11:53:29","date_gmt":"2020-07-26T11:53:29","guid":{"rendered":"http:\/\/www.lichen.pl\/lichen-modlitwa-za-malzonkow-copy\/"},"modified":"2021-06-15T18:47:46","modified_gmt":"2021-06-15T18:47:46","slug":"lichen-modlitwa-o-trzezwosc","status":"publish","type":"post","link":"https:\/\/www.lichen.pl\/de\/lichen-modlitwa-o-trzezwosc\/","title":{"rendered":"Flechte. Gebet f\u00fcr N\u00fcchternheit"},"content":{"rendered":"<div data-elementor-type=\"wp-post\" data-elementor-id=\"1865\" class=\"elementor elementor-1865\" data-elementor-post-type=\"post\">\n\t\t\t\t\t\t<section class=\"elementor-section elementor-top-section elementor-element elementor-element-dcc57a2 elementor-section-boxed elementor-section-height-default elementor-section-height-default\" data-id=\"dcc57a2\" data-element_type=\"section\" data-e-type=\"section\">\n\t\t\t\t\t\t<div class=\"elementor-container elementor-column-gap-default\">\n\t\t\t\t\t<div class=\"elementor-column elementor-col-100 elementor-top-column elementor-element elementor-element-1e909ff1\" data-id=\"1e909ff1\" data-element_type=\"column\" data-e-type=\"column\">\n\t\t\t<div class=\"elementor-widget-wrap elementor-element-populated\">\n\t\t\t\t\t\t<div class=\"elementor-element elementor-element-a69bf14 elementor-widget elementor-widget-heading\" data-id=\"a69bf14\" data-element_type=\"widget\" data-e-type=\"widget\" data-widget_type=\"heading.default\">\n\t\t\t\t<div class=\"elementor-widget-container\">\n\t\t\t\t\t<h2 class=\"elementor-heading-title elementor-size-default\">Fast 30 Jahre lang war das letzte Juliwochenende im Liche\u0144-Heiligtum die Zeit der N\u00fcchternheitstreffen. Die diesj\u00e4hrigen 28. Nationalen N\u00fcchternheitstreffen in Liche\u0144 wurden aufgrund der epidemischen Situation auf den 23. bis 25. Juli 2021 verschoben.<\/h2>\t\t\t\t<\/div>\n\t\t\t\t<\/div>\n\t\t\t\t<div class=\"elementor-element elementor-element-6687d8a elementor-widget elementor-widget-text-editor\" data-id=\"6687d8a\" data-element_type=\"widget\" data-e-type=\"widget\" data-widget_type=\"text-editor.default\">\n\t\t\t\t<div class=\"elementor-widget-container\">\n\t\t\t\t\t\t\t\t\t<p>Am Samstag, dem 25. Juli, wurde in der Basilika Liche\u0144 f\u00fcr die N\u00fcchternheit der Familien gebetet. Die um 19.00 Uhr vor dem Gnadenbild Unserer Lieben Frau von Flechten gefeierte Eucharistie wurde von P. Robert Krzywicki, MIC, Direktor des Liche\u0144-Zentrums zur Unterst\u00fctzung von Familien und Suchtkranken. Etwa 1,5 Tausend Gl\u00e4ubige nahmen an der Liturgie teil. Es wurden Gebete gesprochen f\u00fcr die moralische Wiedergeburt von Familien, die Befreiung vom Alkoholismus und seinen Folgen sowie f\u00fcr alle, deren Suchts\u00fcnden von Gott wegnehmen und zerst\u00f6ren.<\/p>\t\t\t\t\t\t\t\t<\/div>\n\t\t\t\t<\/div>\n\t\t\t\t<div class=\"elementor-element elementor-element-a94efd6 elementor-blockquote--skin-border elementor-widget elementor-widget-blockquote\" data-id=\"a94efd6\" data-element_type=\"widget\" data-e-type=\"widget\" data-widget_type=\"blockquote.default\">\n\t\t\t\t<div class=\"elementor-widget-container\">\n\t\t\t\t\t\t\t<blockquote class=\"elementor-blockquote\">\n\t\t\t<p class=\"elementor-blockquote__content\">\n\t\t\t\tWir m\u00f6chten unser Leben beherrschen, die Zukunft vorhersagen und umsetzen. Wir hatten Pl\u00e4ne, und in diesem Jahr, 2020, standen wir vor einer Pandemie, die unsere Denkweise ver\u00e4ndert hat. Wir mussten in unserem Leben pausieren. Wir dachten, wir w\u00fcrden an den 28. Sobriety Meetings teilnehmen. Viele Menschen wollten hierher kommen, aber der Zustand der Epidemie hat alles ver\u00e4ndert. Wir erkennen, dass unser Leben nicht von unseren Pl\u00e4nen abh\u00e4ngt. Unser Leben ist wie Blumen, die morgens bl\u00fchen und abends verwelken und verwelken k\u00f6nnen\t\t\t<\/p>\n\t\t\t\t\t\t\t<div class=\"e-q-footer\">\n\t\t\t\t\t\t\t\t\t\t\t<cite class=\"elementor-blockquote__author\">Fr. Robert Krzywicki, MIC, 25. Juli 2020<\/cite>\n\t\t\t\t\t\t\t\t\t\t\t\t\t\t<\/div>\n\t\t\t\t\t<\/blockquote>\n\t\t\t\t\t\t<\/div>\n\t\t\t\t<\/div>\n\t\t\t\t<div class=\"elementor-element elementor-element-dfa9e30 elementor-widget elementor-widget-text-editor\" data-id=\"dfa9e30\" data-element_type=\"widget\" data-e-type=\"widget\" data-widget_type=\"text-editor.default\">\n\t\t\t\t<div class=\"elementor-widget-container\">\n\t\t\t\t\t\t\t\t\t<p>Marianin betonte, dass Gott gem\u00e4\u00df der biblischen Lehre ein Fels ist und sich nicht ver\u00e4ndert, ewig dauert und uns die gegenw\u00e4rtige Situation bewusst macht, dass unser Leben nicht in unseren H\u00e4nden liegt. <em>Der Herr Jesus kommt, um eine spirituelle Transformation zu bewirken, Er ist die L\u00f6sung f\u00fcr uns <\/em>- er sagte - <em>Er ist die Antwort auf die Frage nach der Umsetzung von Pl\u00e4nen f\u00fcr unser Leben. Eine Pandemie ist eine Gelegenheit, Ihr Leben neu aufzubauen. Nicht weil wir stark sind. Wir sind wie Tongef\u00e4\u00dfe \u2013 der Herr Jesus l\u00e4sst uns an Wert gewinnen, wenn er in uns ist. Der Herr l\u00e4dt uns zu dieser Verwandlung ein, um ihm nachzufolgen. \u00d6ffnen wir unsere Herzen f\u00fcr sein Handeln, f\u00fcr sein Wort<\/em>\u00a0Der Pfarrer ermutigt.<\/p><p>Es sei daran erinnert, dass die Sobriety Meetings im Jahr 2019 eine Rekordzahl von \u00fcber 30.000 Teilnehmern verzeichneten. W\u00e4hrend des Wochenendes, das dann unter dem Motto stand <strong>\u201eDu wirst wieder Kraft sch\u00f6pfen\u201c<\/strong> 16 Treffen wurden f\u00fcr viele Gruppen organisiert, darunter: Anonyme Alkoholiker, Drogenabh\u00e4ngige, Raucher, Drogenabh\u00e4ngige, Missbraucher, Depressiva, Essenstrinker, Gl\u00fccksspieler und ihre Angeh\u00f6rigen. Es gab auch Treffen f\u00fcr S\u00fcchtige auf Russisch und Ukrainisch.<\/p><p>Flechte Stary, 26. Juli 2020<\/p>\t\t\t\t\t\t\t\t<\/div>\n\t\t\t\t<\/div>\n\t\t\t\t<div class=\"elementor-element elementor-element-d21c9f9 elementor-widget elementor-widget-text-editor\" data-id=\"d21c9f9\" data-element_type=\"widget\" data-e-type=\"widget\" data-widget_type=\"text-editor.default\">\n\t\t\t\t<div class=\"elementor-widget-container\">\n\t\t\t\t\t\t\t\t\t<p>Text: Justyna Zacharek, Sanctuary Press Office<\/p>\t\t\t\t\t\t\t\t<\/div>\n\t\t\t\t<\/div>\n\t\t\t\t<div class=\"elementor-element elementor-element-9669490 elementor-widget-divider--view-line_icon elementor-view-default elementor-widget-divider--element-align-center elementor-widget elementor-widget-divider\" data-id=\"9669490\" data-element_type=\"widget\" data-e-type=\"widget\" data-widget_type=\"divider.default\">\n\t\t\t\t<div class=\"elementor-widget-container\">\n\t\t\t\t\t\t\t<div class=\"elementor-divider\">\n\t\t\t<span class=\"elementor-divider-separator\">\n\t\t\t\t\t\t\t<div class=\"elementor-icon elementor-divider__element\">\n\t\t\t\t\t<i aria-hidden=\"true\" class=\"fas fa-camera\"><\/i><\/div>\n\t\t\t\t\t\t<\/span>\n\t\t<\/div>\n\t\t\t\t\t\t<\/div>\n\t\t\t\t<\/div>\n\t\t\t\t<div class=\"elementor-element elementor-element-6a98f2d elementor-widget elementor-widget-gallery\" data-id=\"6a98f2d\" data-element_type=\"widget\" data-e-type=\"widget\" data-settings=\"{&quot;columns&quot;:3,&quot;lazyload&quot;:&quot;yes&quot;,&quot;gallery_layout&quot;:&quot;grid&quot;,&quot;columns_tablet&quot;:2,&quot;columns_mobile&quot;:1,&quot;gap&quot;:{&quot;unit&quot;:&quot;px&quot;,&quot;size&quot;:10,&quot;sizes&quot;:[]},&quot;gap_tablet&quot;:{&quot;unit&quot;:&quot;px&quot;,&quot;size&quot;:10,&quot;sizes&quot;:[]},&quot;gap_mobile&quot;:{&quot;unit&quot;:&quot;px&quot;,&quot;size&quot;:10,&quot;sizes&quot;:[]},&quot;link_to&quot;:&quot;file&quot;,&quot;aspect_ratio&quot;:&quot;3:2&quot;,&quot;overlay_background&quot;:&quot;yes&quot;,&quot;content_hover_animation&quot;:&quot;fade-in&quot;}\" data-widget_type=\"gallery.default\">\n\t\t\t\t<div class=\"elementor-widget-container\">\n\t\t\t\t\t\t\t<div class=\"elementor-gallery__container\">\n\t\t\t\t\t\t\t<a class=\"e-gallery-item elementor-gallery-item elementor-animated-content\" href=\"https:\/\/www.lichen.pl\/wp-content\/uploads\/2020\/08\/IMG_1162-Copy.jpg\" data-elementor-open-lightbox=\"yes\" data-elementor-lightbox-slideshow=\"6a98f2d\" data-elementor-lightbox-title=\"IMG_1162 (Copy)\" data-e-action-hash=\"#elementor-action%3Aaction%3Dlightbox%26settings%3DeyJpZCI6MTg3MiwidXJsIjoiaHR0cHM6XC9cL3d3dy5saWNoZW4ucGxcL3dwLWNvbnRlbnRcL3VwbG9hZHNcLzIwMjBcLzA4XC9JTUdfMTE2Mi1Db3B5LmpwZyIsInNsaWRlc2hvdyI6IjZhOThmMmQifQ%3D%3D\">\n\t\t\t\t\t<div class=\"e-gallery-image elementor-gallery-item__image\" data-thumbnail=\"https:\/\/www.lichen.pl\/wp-content\/uploads\/2020\/08\/IMG_1162-Copy-200x300.jpg\" data-width=\"200\" data-height=\"300\" aria-label=\"\" role=\"img\" ><\/div>\n\t\t\t\t\t\t\t\t\t\t\t<div class=\"elementor-gallery-item__overlay\"><\/div>\n\t\t\t\t\t\t\t\t\t\t\t\t\t\t<\/a>\n\t\t\t\t\t\t\t<a class=\"e-gallery-item elementor-gallery-item elementor-animated-content\" href=\"https:\/\/www.lichen.pl\/wp-content\/uploads\/2020\/08\/IMG_1187-Copy.jpg\" data-elementor-open-lightbox=\"yes\" data-elementor-lightbox-slideshow=\"6a98f2d\" data-elementor-lightbox-title=\"IMG_1187 (Copy)\" data-e-action-hash=\"#elementor-action%3Aaction%3Dlightbox%26settings%3DeyJpZCI6MTg3NywidXJsIjoiaHR0cHM6XC9cL3d3dy5saWNoZW4ucGxcL3dwLWNvbnRlbnRcL3VwbG9hZHNcLzIwMjBcLzA4XC9JTUdfMTE4Ny1Db3B5LmpwZyIsInNsaWRlc2hvdyI6IjZhOThmMmQifQ%3D%3D\">\n\t\t\t\t\t<div class=\"e-gallery-image elementor-gallery-item__image\" data-thumbnail=\"https:\/\/www.lichen.pl\/wp-content\/uploads\/2020\/08\/IMG_1187-Copy-300x200.jpg\" data-width=\"300\" data-height=\"200\" aria-label=\"\" role=\"img\" ><\/div>\n\t\t\t\t\t\t\t\t\t\t\t<div class=\"elementor-gallery-item__overlay\"><\/div>\n\t\t\t\t\t\t\t\t\t\t\t\t\t\t<\/a>\n\t\t\t\t\t\t\t<a class=\"e-gallery-item elementor-gallery-item elementor-animated-content\" href=\"https:\/\/www.lichen.pl\/wp-content\/uploads\/2020\/08\/IMG_1189-Copy.jpg\" data-elementor-open-lightbox=\"yes\" data-elementor-lightbox-slideshow=\"6a98f2d\" data-elementor-lightbox-title=\"IMG_1189 (Copy)\" data-e-action-hash=\"#elementor-action%3Aaction%3Dlightbox%26settings%3DeyJpZCI6MTg4MiwidXJsIjoiaHR0cHM6XC9cL3d3dy5saWNoZW4ucGxcL3dwLWNvbnRlbnRcL3VwbG9hZHNcLzIwMjBcLzA4XC9JTUdfMTE4OS1Db3B5LmpwZyIsInNsaWRlc2hvdyI6IjZhOThmMmQifQ%3D%3D\">\n\t\t\t\t\t<div class=\"e-gallery-image elementor-gallery-item__image\" data-thumbnail=\"https:\/\/www.lichen.pl\/wp-content\/uploads\/2020\/08\/IMG_1189-Copy-300x200.jpg\" data-width=\"300\" data-height=\"200\" aria-label=\"\" role=\"img\" ><\/div>\n\t\t\t\t\t\t\t\t\t\t\t<div class=\"elementor-gallery-item__overlay\"><\/div>\n\t\t\t\t\t\t\t\t\t\t\t\t\t\t<\/a>\n\t\t\t\t\t\t\t<a class=\"e-gallery-item elementor-gallery-item elementor-animated-content\" href=\"https:\/\/www.lichen.pl\/wp-content\/uploads\/2020\/08\/IMG_1201-Copy.jpg\" data-elementor-open-lightbox=\"yes\" data-elementor-lightbox-slideshow=\"6a98f2d\" data-elementor-lightbox-title=\"IMG_1201 (Copy)\" data-e-action-hash=\"#elementor-action%3Aaction%3Dlightbox%26settings%3DeyJpZCI6MTg5MiwidXJsIjoiaHR0cHM6XC9cL3d3dy5saWNoZW4ucGxcL3dwLWNvbnRlbnRcL3VwbG9hZHNcLzIwMjBcLzA4XC9JTUdfMTIwMS1Db3B5LmpwZyIsInNsaWRlc2hvdyI6IjZhOThmMmQifQ%3D%3D\">\n\t\t\t\t\t<div class=\"e-gallery-image elementor-gallery-item__image\" data-thumbnail=\"https:\/\/www.lichen.pl\/wp-content\/uploads\/2020\/08\/IMG_1201-Copy-200x300.jpg\" data-width=\"200\" data-height=\"300\" aria-label=\"\" role=\"img\" ><\/div>\n\t\t\t\t\t\t\t\t\t\t\t<div class=\"elementor-gallery-item__overlay\"><\/div>\n\t\t\t\t\t\t\t\t\t\t\t\t\t\t<\/a>\n\t\t\t\t\t\t\t<a class=\"e-gallery-item elementor-gallery-item elementor-animated-content\" href=\"https:\/\/www.lichen.pl\/wp-content\/uploads\/2020\/08\/IMG_1204-Copy.jpg\" data-elementor-open-lightbox=\"yes\" data-elementor-lightbox-slideshow=\"6a98f2d\" data-elementor-lightbox-title=\"IMG_1204 (Copy)\" data-e-action-hash=\"#elementor-action%3Aaction%3Dlightbox%26settings%3DeyJpZCI6MTg5NywidXJsIjoiaHR0cHM6XC9cL3d3dy5saWNoZW4ucGxcL3dwLWNvbnRlbnRcL3VwbG9hZHNcLzIwMjBcLzA4XC9JTUdfMTIwNC1Db3B5LmpwZyIsInNsaWRlc2hvdyI6IjZhOThmMmQifQ%3D%3D\">\n\t\t\t\t\t<div class=\"e-gallery-image elementor-gallery-item__image\" data-thumbnail=\"https:\/\/www.lichen.pl\/wp-content\/uploads\/2020\/08\/IMG_1204-Copy-200x300.jpg\" data-width=\"200\" data-height=\"300\" aria-label=\"\" role=\"img\" ><\/div>\n\t\t\t\t\t\t\t\t\t\t\t<div class=\"elementor-gallery-item__overlay\"><\/div>\n\t\t\t\t\t\t\t\t\t\t\t\t\t\t<\/a>\n\t\t\t\t\t\t\t<a class=\"e-gallery-item elementor-gallery-item elementor-animated-content\" href=\"https:\/\/www.lichen.pl\/wp-content\/uploads\/2020\/08\/IMG_1230-Copy.jpg\" data-elementor-open-lightbox=\"yes\" data-elementor-lightbox-slideshow=\"6a98f2d\" data-elementor-lightbox-title=\"IMG_1230 (Copy)\" data-e-action-hash=\"#elementor-action%3Aaction%3Dlightbox%26settings%3DeyJpZCI6MTkwMiwidXJsIjoiaHR0cHM6XC9cL3d3dy5saWNoZW4ucGxcL3dwLWNvbnRlbnRcL3VwbG9hZHNcLzIwMjBcLzA4XC9JTUdfMTIzMC1Db3B5LmpwZyIsInNsaWRlc2hvdyI6IjZhOThmMmQifQ%3D%3D\">\n\t\t\t\t\t<div class=\"e-gallery-image elementor-gallery-item__image\" data-thumbnail=\"https:\/\/www.lichen.pl\/wp-content\/uploads\/2020\/08\/IMG_1230-Copy-200x300.jpg\" data-width=\"200\" data-height=\"300\" aria-label=\"\" role=\"img\" ><\/div>\n\t\t\t\t\t\t\t\t\t\t\t<div class=\"elementor-gallery-item__overlay\"><\/div>\n\t\t\t\t\t\t\t\t\t\t\t\t\t\t<\/a>\n\t\t\t\t\t<\/div>\n\t\t\t\t\t<\/div>\n\t\t\t\t<\/div>\n\t\t\t\t<div class=\"elementor-element elementor-element-ea48774 elementor-widget-divider--view-line elementor-widget elementor-widget-divider\" data-id=\"ea48774\" data-element_type=\"widget\" data-e-type=\"widget\" data-widget_type=\"divider.default\">\n\t\t\t\t<div class=\"elementor-widget-container\">\n\t\t\t\t\t\t\t<div class=\"elementor-divider\">\n\t\t\t<span class=\"elementor-divider-separator\">\n\t\t\t\t\t\t<\/span>\n\t\t<\/div>\n\t\t\t\t\t\t<\/div>\n\t\t\t\t<\/div>\n\t\t\t\t\t<\/div>\n\t\t<\/div>\n\t\t\t\t\t<\/div>\n\t\t<\/section>\n\t\t\t\t<\/div>","protected":false},"excerpt":{"rendered":"<p>Niemal od 30 lat w liche\u0144skim Sanktuarium ostatni weekend lipca by\u0142 czasem Spotka\u0144 Trze\u017awo\u015bciowych. Tegoroczne, 28. Og\u00f3lnopolskie Spotkania Trze\u017awo\u015bciowe w Licheniu z powodu sytuacji epidemicznej zosta\u0142y prze\u0142o\u017cone na 23- 25 lipca 2021 r. W sobot\u0119, 25 lipca w bazylice liche\u0144skiej modlono si\u0119 o trze\u017awo\u015b\u0107 w rodzinach. Eucharystii odprawionej o godzinie 19.00 przed Cudownym Obrazem Matki [&hellip;]<\/p>\n","protected":false},"author":2,"featured_media":1866,"comment_status":"open","ping_status":"open","sticky":false,"template":"","format":"standard","meta":{"footnotes":""},"categories":[1],"tags":[],"class_list":["post-1865","post","type-post","status-publish","format-standard","has-post-thumbnail","hentry","category-aktualnosci","wpbf-post"],"yoast_head":"<!-- This site is optimized with the Yoast SEO plugin v27.4 - https:\/\/yoast.com\/product\/yoast-seo-wordpress\/ -->\n<title>Liche\u0144. Modlitwa o trze\u017awo\u015b\u0107 - SANKTUARIUM W LICHENIU<\/title>\n<meta name=\"robots\" content=\"index, follow, max-snippet:-1, max-image-preview:large, max-video-preview:-1\" \/>\n<link rel=\"canonical\" href=\"https:\/\/www.lichen.pl\/de\/lichen-modlitwa-o-trzezwosc\/\" \/>\n<meta property=\"og:locale\" content=\"de_DE\" \/>\n<meta property=\"og:type\" content=\"article\" \/>\n<meta property=\"og:title\" content=\"Liche\u0144. Modlitwa o trze\u017awo\u015b\u0107 - SANKTUARIUM W LICHENIU\" \/>\n<meta property=\"og:description\" content=\"Niemal od 30 lat w liche\u0144skim Sanktuarium ostatni weekend lipca by\u0142 czasem Spotka\u0144 Trze\u017awo\u015bciowych. Tegoroczne, 28. Og\u00f3lnopolskie Spotkania Trze\u017awo\u015bciowe w Licheniu z powodu sytuacji epidemicznej zosta\u0142y prze\u0142o\u017cone na 23- 25 lipca 2021 r. W sobot\u0119, 25 lipca w bazylice liche\u0144skiej modlono si\u0119 o trze\u017awo\u015b\u0107 w rodzinach. Eucharystii odprawionej o godzinie 19.00 przed Cudownym Obrazem Matki [&hellip;]\" \/>\n<meta property=\"og:url\" content=\"https:\/\/www.lichen.pl\/de\/lichen-modlitwa-o-trzezwosc\/\" \/>\n<meta property=\"og:site_name\" content=\"SANKTUARIUM W LICHENIU\" \/>\n<meta property=\"article:published_time\" content=\"2020-07-26T11:53:29+00:00\" \/>\n<meta property=\"article:modified_time\" content=\"2021-06-15T18:47:46+00:00\" \/>\n<meta property=\"og:image\" content=\"https:\/\/www.lichen.pl\/wp-content\/uploads\/2020\/08\/IMG_1152-Copy.jpg\" \/>\n\t<meta property=\"og:image:width\" content=\"1920\" \/>\n\t<meta property=\"og:image:height\" content=\"1278\" \/>\n\t<meta property=\"og:image:type\" content=\"image\/jpeg\" \/>\n<meta name=\"author\" content=\"Arkadiusz Gorgolewski\" \/>\n<meta name=\"twitter:card\" content=\"summary_large_image\" \/>\n<meta name=\"twitter:label1\" content=\"Verfasst von\" \/>\n\t<meta name=\"twitter:data1\" content=\"Arkadiusz Gorgolewski\" \/>\n\t<meta name=\"twitter:label2\" content=\"Gesch\u00e4tzte Lesezeit\" \/>\n\t<meta name=\"twitter:data2\" content=\"2\u00a0Minuten\" \/>\n<script type=\"application\/ld+json\" class=\"yoast-schema-graph\">{\"@context\":\"https:\\\/\\\/schema.org\",\"@graph\":[{\"@type\":\"Article\",\"@id\":\"https:\\\/\\\/www.lichen.pl\\\/es\\\/lichen-modlitwa-o-trzezwosc\\\/#article\",\"isPartOf\":{\"@id\":\"https:\\\/\\\/www.lichen.pl\\\/es\\\/lichen-modlitwa-o-trzezwosc\\\/\"},\"author\":{\"name\":\"Arkadiusz Gorgolewski\",\"@id\":\"https:\\\/\\\/www.lichen.pl\\\/fr\\\/#\\\/schema\\\/person\\\/56fc5b38d70a2b34983408f9a457fd9d\"},\"headline\":\"Liche\u0144. Modlitwa o trze\u017awo\u015b\u0107\",\"datePublished\":\"2020-07-26T11:53:29+00:00\",\"dateModified\":\"2021-06-15T18:47:46+00:00\",\"mainEntityOfPage\":{\"@id\":\"https:\\\/\\\/www.lichen.pl\\\/es\\\/lichen-modlitwa-o-trzezwosc\\\/\"},\"wordCount\":430,\"commentCount\":0,\"image\":{\"@id\":\"https:\\\/\\\/www.lichen.pl\\\/es\\\/lichen-modlitwa-o-trzezwosc\\\/#primaryimage\"},\"thumbnailUrl\":\"https:\\\/\\\/www.lichen.pl\\\/wp-content\\\/uploads\\\/2020\\\/08\\\/IMG_1152-Copy.jpg\",\"articleSection\":[\"Aktualno\u015bci\"],\"inLanguage\":\"de\",\"potentialAction\":[{\"@type\":\"CommentAction\",\"name\":\"Comment\",\"target\":[\"https:\\\/\\\/www.lichen.pl\\\/es\\\/lichen-modlitwa-o-trzezwosc\\\/#respond\"]}]},{\"@type\":\"WebPage\",\"@id\":\"https:\\\/\\\/www.lichen.pl\\\/es\\\/lichen-modlitwa-o-trzezwosc\\\/\",\"url\":\"https:\\\/\\\/www.lichen.pl\\\/es\\\/lichen-modlitwa-o-trzezwosc\\\/\",\"name\":\"Liche\u0144. Modlitwa o trze\u017awo\u015b\u0107 - SANKTUARIUM W LICHENIU\",\"isPartOf\":{\"@id\":\"https:\\\/\\\/www.lichen.pl\\\/fr\\\/#website\"},\"primaryImageOfPage\":{\"@id\":\"https:\\\/\\\/www.lichen.pl\\\/es\\\/lichen-modlitwa-o-trzezwosc\\\/#primaryimage\"},\"image\":{\"@id\":\"https:\\\/\\\/www.lichen.pl\\\/es\\\/lichen-modlitwa-o-trzezwosc\\\/#primaryimage\"},\"thumbnailUrl\":\"https:\\\/\\\/www.lichen.pl\\\/wp-content\\\/uploads\\\/2020\\\/08\\\/IMG_1152-Copy.jpg\",\"datePublished\":\"2020-07-26T11:53:29+00:00\",\"dateModified\":\"2021-06-15T18:47:46+00:00\",\"author\":{\"@id\":\"https:\\\/\\\/www.lichen.pl\\\/fr\\\/#\\\/schema\\\/person\\\/56fc5b38d70a2b34983408f9a457fd9d\"},\"breadcrumb\":{\"@id\":\"https:\\\/\\\/www.lichen.pl\\\/es\\\/lichen-modlitwa-o-trzezwosc\\\/#breadcrumb\"},\"inLanguage\":\"de\",\"potentialAction\":[{\"@type\":\"ReadAction\",\"target\":[\"https:\\\/\\\/www.lichen.pl\\\/es\\\/lichen-modlitwa-o-trzezwosc\\\/\"]}]},{\"@type\":\"ImageObject\",\"inLanguage\":\"de\",\"@id\":\"https:\\\/\\\/www.lichen.pl\\\/es\\\/lichen-modlitwa-o-trzezwosc\\\/#primaryimage\",\"url\":\"https:\\\/\\\/www.lichen.pl\\\/wp-content\\\/uploads\\\/2020\\\/08\\\/IMG_1152-Copy.jpg\",\"contentUrl\":\"https:\\\/\\\/www.lichen.pl\\\/wp-content\\\/uploads\\\/2020\\\/08\\\/IMG_1152-Copy.jpg\",\"width\":1920,\"height\":1278},{\"@type\":\"BreadcrumbList\",\"@id\":\"https:\\\/\\\/www.lichen.pl\\\/es\\\/lichen-modlitwa-o-trzezwosc\\\/#breadcrumb\",\"itemListElement\":[{\"@type\":\"ListItem\",\"position\":1,\"name\":\"Strona g\u0142\u00f3wna\",\"item\":\"https:\\\/\\\/www.lichen.pl\\\/\"},{\"@type\":\"ListItem\",\"position\":2,\"name\":\"Liche\u0144. Modlitwa o trze\u017awo\u015b\u0107\"}]},{\"@type\":\"WebSite\",\"@id\":\"https:\\\/\\\/www.lichen.pl\\\/fr\\\/#website\",\"url\":\"https:\\\/\\\/www.lichen.pl\\\/fr\\\/\",\"name\":\"SANKTUARIUM W LICHENIU\",\"description\":\"MATKI BO\u017bEJ LICHE\u0143SKIEJ BOLESNEJ KR\u00d3LOWEJ POLSKI\",\"potentialAction\":[{\"@type\":\"SearchAction\",\"target\":{\"@type\":\"EntryPoint\",\"urlTemplate\":\"https:\\\/\\\/www.lichen.pl\\\/fr\\\/?s={search_term_string}\"},\"query-input\":{\"@type\":\"PropertyValueSpecification\",\"valueRequired\":true,\"valueName\":\"search_term_string\"}}],\"inLanguage\":\"de\"},{\"@type\":\"Person\",\"@id\":\"https:\\\/\\\/www.lichen.pl\\\/fr\\\/#\\\/schema\\\/person\\\/56fc5b38d70a2b34983408f9a457fd9d\",\"name\":\"Arkadiusz Gorgolewski\",\"image\":{\"@type\":\"ImageObject\",\"inLanguage\":\"de\",\"@id\":\"https:\\\/\\\/secure.gravatar.com\\\/avatar\\\/0f571b370f5aa245b1fd3b9c945511b004fe17579bdefd5054d99f0ba315149c?s=96&d=retro&r=g\",\"url\":\"https:\\\/\\\/secure.gravatar.com\\\/avatar\\\/0f571b370f5aa245b1fd3b9c945511b004fe17579bdefd5054d99f0ba315149c?s=96&d=retro&r=g\",\"contentUrl\":\"https:\\\/\\\/secure.gravatar.com\\\/avatar\\\/0f571b370f5aa245b1fd3b9c945511b004fe17579bdefd5054d99f0ba315149c?s=96&d=retro&r=g\",\"caption\":\"Arkadiusz Gorgolewski\"},\"url\":\"https:\\\/\\\/www.lichen.pl\\\/de\\\/author\\\/sanadmin\\\/\"}]}<\/script>\n<!-- \/ Yoast SEO plugin. -->","yoast_head_json":{"title":"Liche\u0144. Modlitwa o trze\u017awo\u015b\u0107 - SANKTUARIUM W LICHENIU","robots":{"index":"index","follow":"follow","max-snippet":"max-snippet:-1","max-image-preview":"max-image-preview:large","max-video-preview":"max-video-preview:-1"},"canonical":"https:\/\/www.lichen.pl\/de\/lichen-modlitwa-o-trzezwosc\/","og_locale":"de_DE","og_type":"article","og_title":"Liche\u0144. Modlitwa o trze\u017awo\u015b\u0107 - SANKTUARIUM W LICHENIU","og_description":"Niemal od 30 lat w liche\u0144skim Sanktuarium ostatni weekend lipca by\u0142 czasem Spotka\u0144 Trze\u017awo\u015bciowych. Tegoroczne, 28. Og\u00f3lnopolskie Spotkania Trze\u017awo\u015bciowe w Licheniu z powodu sytuacji epidemicznej zosta\u0142y prze\u0142o\u017cone na 23- 25 lipca 2021 r. W sobot\u0119, 25 lipca w bazylice liche\u0144skiej modlono si\u0119 o trze\u017awo\u015b\u0107 w rodzinach. Eucharystii odprawionej o godzinie 19.00 przed Cudownym Obrazem Matki [&hellip;]","og_url":"https:\/\/www.lichen.pl\/de\/lichen-modlitwa-o-trzezwosc\/","og_site_name":"SANKTUARIUM W LICHENIU","article_published_time":"2020-07-26T11:53:29+00:00","article_modified_time":"2021-06-15T18:47:46+00:00","og_image":[{"width":1920,"height":1278,"url":"https:\/\/www.lichen.pl\/wp-content\/uploads\/2020\/08\/IMG_1152-Copy.jpg","type":"image\/jpeg"}],"author":"Arkadiusz Gorgolewski","twitter_card":"summary_large_image","twitter_misc":{"Verfasst von":"Arkadiusz Gorgolewski","Gesch\u00e4tzte Lesezeit":"2\u00a0Minuten"},"schema":{"@context":"https:\/\/schema.org","@graph":[{"@type":"Article","@id":"https:\/\/www.lichen.pl\/es\/lichen-modlitwa-o-trzezwosc\/#article","isPartOf":{"@id":"https:\/\/www.lichen.pl\/es\/lichen-modlitwa-o-trzezwosc\/"},"author":{"name":"Arkadiusz Gorgolewski","@id":"https:\/\/www.lichen.pl\/fr\/#\/schema\/person\/56fc5b38d70a2b34983408f9a457fd9d"},"headline":"Liche\u0144. Modlitwa o trze\u017awo\u015b\u0107","datePublished":"2020-07-26T11:53:29+00:00","dateModified":"2021-06-15T18:47:46+00:00","mainEntityOfPage":{"@id":"https:\/\/www.lichen.pl\/es\/lichen-modlitwa-o-trzezwosc\/"},"wordCount":430,"commentCount":0,"image":{"@id":"https:\/\/www.lichen.pl\/es\/lichen-modlitwa-o-trzezwosc\/#primaryimage"},"thumbnailUrl":"https:\/\/www.lichen.pl\/wp-content\/uploads\/2020\/08\/IMG_1152-Copy.jpg","articleSection":["Aktualno\u015bci"],"inLanguage":"de","potentialAction":[{"@type":"CommentAction","name":"Comment","target":["https:\/\/www.lichen.pl\/es\/lichen-modlitwa-o-trzezwosc\/#respond"]}]},{"@type":"WebPage","@id":"https:\/\/www.lichen.pl\/es\/lichen-modlitwa-o-trzezwosc\/","url":"https:\/\/www.lichen.pl\/es\/lichen-modlitwa-o-trzezwosc\/","name":"Liche\u0144. Modlitwa o trze\u017awo\u015b\u0107 - SANKTUARIUM W LICHENIU","isPartOf":{"@id":"https:\/\/www.lichen.pl\/fr\/#website"},"primaryImageOfPage":{"@id":"https:\/\/www.lichen.pl\/es\/lichen-modlitwa-o-trzezwosc\/#primaryimage"},"image":{"@id":"https:\/\/www.lichen.pl\/es\/lichen-modlitwa-o-trzezwosc\/#primaryimage"},"thumbnailUrl":"https:\/\/www.lichen.pl\/wp-content\/uploads\/2020\/08\/IMG_1152-Copy.jpg","datePublished":"2020-07-26T11:53:29+00:00","dateModified":"2021-06-15T18:47:46+00:00","author":{"@id":"https:\/\/www.lichen.pl\/fr\/#\/schema\/person\/56fc5b38d70a2b34983408f9a457fd9d"},"breadcrumb":{"@id":"https:\/\/www.lichen.pl\/es\/lichen-modlitwa-o-trzezwosc\/#breadcrumb"},"inLanguage":"de","potentialAction":[{"@type":"ReadAction","target":["https:\/\/www.lichen.pl\/es\/lichen-modlitwa-o-trzezwosc\/"]}]},{"@type":"ImageObject","inLanguage":"de","@id":"https:\/\/www.lichen.pl\/es\/lichen-modlitwa-o-trzezwosc\/#primaryimage","url":"https:\/\/www.lichen.pl\/wp-content\/uploads\/2020\/08\/IMG_1152-Copy.jpg","contentUrl":"https:\/\/www.lichen.pl\/wp-content\/uploads\/2020\/08\/IMG_1152-Copy.jpg","width":1920,"height":1278},{"@type":"BreadcrumbList","@id":"https:\/\/www.lichen.pl\/es\/lichen-modlitwa-o-trzezwosc\/#breadcrumb","itemListElement":[{"@type":"ListItem","position":1,"name":"Strona g\u0142\u00f3wna","item":"https:\/\/www.lichen.pl\/"},{"@type":"ListItem","position":2,"name":"Liche\u0144. Modlitwa o trze\u017awo\u015b\u0107"}]},{"@type":"WebSite","@id":"https:\/\/www.lichen.pl\/fr\/#website","url":"https:\/\/www.lichen.pl\/fr\/","name":"HEILIGTUM IN LICHENIEN","description":"DIE TRAURIGE K\u00d6NIGIN UNSERER FLECHEN VON POLEN","potentialAction":[{"@type":"SearchAction","target":{"@type":"EntryPoint","urlTemplate":"https:\/\/www.lichen.pl\/fr\/?s={search_term_string}"},"query-input":{"@type":"PropertyValueSpecification","valueRequired":true,"valueName":"search_term_string"}}],"inLanguage":"de"},{"@type":"Person","@id":"https:\/\/www.lichen.pl\/fr\/#\/schema\/person\/56fc5b38d70a2b34983408f9a457fd9d","name":"Arkadiusz Gorgolewski","image":{"@type":"ImageObject","inLanguage":"de","@id":"https:\/\/secure.gravatar.com\/avatar\/0f571b370f5aa245b1fd3b9c945511b004fe17579bdefd5054d99f0ba315149c?s=96&d=retro&r=g","url":"https:\/\/secure.gravatar.com\/avatar\/0f571b370f5aa245b1fd3b9c945511b004fe17579bdefd5054d99f0ba315149c?s=96&d=retro&r=g","contentUrl":"https:\/\/secure.gravatar.com\/avatar\/0f571b370f5aa245b1fd3b9c945511b004fe17579bdefd5054d99f0ba315149c?s=96&d=retro&r=g","caption":"Arkadiusz Gorgolewski"},"url":"https:\/\/www.lichen.pl\/de\/author\/sanadmin\/"}]}},"_links":{"self":[{"href":"https:\/\/www.lichen.pl\/de\/wp-json\/wp\/v2\/posts\/1865","targetHints":{"allow":["GET"]}}],"collection":[{"href":"https:\/\/www.lichen.pl\/de\/wp-json\/wp\/v2\/posts"}],"about":[{"href":"https:\/\/www.lichen.pl\/de\/wp-json\/wp\/v2\/types\/post"}],"author":[{"embeddable":true,"href":"https:\/\/www.lichen.pl\/de\/wp-json\/wp\/v2\/users\/2"}],"replies":[{"embeddable":true,"href":"https:\/\/www.lichen.pl\/de\/wp-json\/wp\/v2\/comments?post=1865"}],"version-history":[{"count":6,"href":"https:\/\/www.lichen.pl\/de\/wp-json\/wp\/v2\/posts\/1865\/revisions"}],"predecessor-version":[{"id":13928,"href":"https:\/\/www.lichen.pl\/de\/wp-json\/wp\/v2\/posts\/1865\/revisions\/13928"}],"wp:featuredmedia":[{"embeddable":true,"href":"https:\/\/www.lichen.pl\/de\/wp-json\/wp\/v2\/media\/1866"}],"wp:attachment":[{"href":"https:\/\/www.lichen.pl\/de\/wp-json\/wp\/v2\/media?parent=1865"}],"wp:term":[{"taxonomy":"category","embeddable":true,"href":"https:\/\/www.lichen.pl\/de\/wp-json\/wp\/v2\/categories?post=1865"},{"taxonomy":"post_tag","embeddable":true,"href":"https:\/\/www.lichen.pl\/de\/wp-json\/wp\/v2\/tags?post=1865"}],"curies":[{"name":"wp","href":"https:\/\/api.w.org\/{rel}","templated":true}]}}