{"id":19057,"date":"2021-07-13T18:06:35","date_gmt":"2021-07-13T18:06:35","guid":{"rendered":"http:\/\/www.lichen.pl\/dzien-z-bl-marianna-biernacka-dzien-modlitw-tesciowych-i-synowych-copy\/"},"modified":"2021-07-14T12:38:42","modified_gmt":"2021-07-14T12:38:42","slug":"dzien-z-bl-marianna-biernacka-dzien-modlitw-tesciowych-i-synowych-copy","status":"publish","type":"post","link":"https:\/\/www.lichen.pl\/de\/dzien-z-bl-marianna-biernacka-dzien-modlitw-tesciowych-i-synowych-copy\/","title":{"rendered":"XX. Pilgerfahrt der unterdr\u00fcckten Soldaten - Bergleute zum Heiligtum in Liche\u0144"},"content":{"rendered":"<div data-elementor-type=\"wp-post\" data-elementor-id=\"19057\" class=\"elementor elementor-19057\" data-elementor-post-type=\"post\">\n\t\t\t\t\t\t<section class=\"elementor-section elementor-top-section elementor-element elementor-element-e69ee2f elementor-section-boxed elementor-section-height-default elementor-section-height-default\" data-id=\"e69ee2f\" data-element_type=\"section\" data-e-type=\"section\">\n\t\t\t\t\t\t<div class=\"elementor-container elementor-column-gap-default\">\n\t\t\t\t\t<div class=\"elementor-column elementor-col-100 elementor-top-column elementor-element elementor-element-caed8bd\" data-id=\"caed8bd\" data-element_type=\"column\" data-e-type=\"column\">\n\t\t\t<div class=\"elementor-widget-wrap elementor-element-populated\">\n\t\t\t\t\t\t<div class=\"elementor-element elementor-element-fb33c1a elementor-widget elementor-widget-heading\" data-id=\"fb33c1a\" data-element_type=\"widget\" data-e-type=\"widget\" data-widget_type=\"heading.default\">\n\t\t\t\t<div class=\"elementor-widget-container\">\n\t\t\t\t\t<h2 class=\"elementor-heading-title elementor-size-default\">Mitglieder der Union der unterdr\u00fcckten Soldaten der Bergleute dankten Gott in der Wallfahrtskirche Unserer Lieben Frau von Liche\u0144 f\u00fcr das 30-j\u00e4hrige Bestehen und die Enth\u00fcllung der Wahrheit \u00fcber die kommunistische Verfolgung.<\/h2>\t\t\t\t<\/div>\n\t\t\t\t<\/div>\n\t\t\t\t<div class=\"elementor-element elementor-element-c2872a7 elementor-widget elementor-widget-image\" data-id=\"c2872a7\" data-element_type=\"widget\" data-e-type=\"widget\" data-widget_type=\"image.default\">\n\t\t\t\t<div class=\"elementor-widget-container\">\n\t\t\t\t\t\t\t\t\t\t\t\t<figure class=\"wp-caption\">\n\t\t\t\t\t\t\t\t\t\t<img fetchpriority=\"high\" decoding=\"async\" width=\"768\" height=\"577\" src=\"https:\/\/www.lichen.pl\/wp-content\/uploads\/2021\/07\/13-Dzien-Represjonowanych-Zolnierzy-i-Gornikow-768x577.jpg\" class=\"attachment-medium_large size-medium_large wp-image-19119\" alt=\"\" srcset=\"https:\/\/www.lichen.pl\/wp-content\/uploads\/2021\/07\/13-Dzien-Represjonowanych-Zolnierzy-i-Gornikow-768x577.jpg 768w, https:\/\/www.lichen.pl\/wp-content\/uploads\/2021\/07\/13-Dzien-Represjonowanych-Zolnierzy-i-Gornikow-800x601.jpg 800w, https:\/\/www.lichen.pl\/wp-content\/uploads\/2021\/07\/13-Dzien-Represjonowanych-Zolnierzy-i-Gornikow-300x225.jpg 300w, https:\/\/www.lichen.pl\/wp-content\/uploads\/2021\/07\/13-Dzien-Represjonowanych-Zolnierzy-i-Gornikow-1024x769.jpg 1024w, https:\/\/www.lichen.pl\/wp-content\/uploads\/2021\/07\/13-Dzien-Represjonowanych-Zolnierzy-i-Gornikow.jpg 1200w\" sizes=\"(max-width: 768px) 100vw, 768px\" \/>\t\t\t\t\t\t\t\t\t\t\t<figcaption class=\"widget-image-caption wp-caption-text\">Die Wallfahrt der Union der politisch unterdr\u00fcckten Soldaten-Bergleute kam zum Liche\u0144-Heiligtum. Lichen Stary, 13. Juli 2021.<\/figcaption>\n\t\t\t\t\t\t\t\t\t\t<\/figure>\n\t\t\t\t\t\t\t\t\t<\/div>\n\t\t\t\t<\/div>\n\t\t\t\t\t<\/div>\n\t\t<\/div>\n\t\t\t\t\t<\/div>\n\t\t<\/section>\n\t\t\t\t<section class=\"elementor-section elementor-top-section elementor-element elementor-element-d50bb7d elementor-section-boxed elementor-section-height-default elementor-section-height-default\" data-id=\"d50bb7d\" data-element_type=\"section\" data-e-type=\"section\">\n\t\t\t\t\t\t<div class=\"elementor-container elementor-column-gap-default\">\n\t\t\t\t\t<div class=\"elementor-column elementor-col-100 elementor-top-column elementor-element elementor-element-9ebeae0\" data-id=\"9ebeae0\" data-element_type=\"column\" data-e-type=\"column\">\n\t\t\t<div class=\"elementor-widget-wrap elementor-element-populated\">\n\t\t\t\t\t\t<div class=\"elementor-element elementor-element-5f8197c elementor-widget elementor-widget-text-editor\" data-id=\"5f8197c\" data-element_type=\"widget\" data-e-type=\"widget\" data-widget_type=\"text-editor.default\">\n\t\t\t\t<div class=\"elementor-widget-container\">\n\t\t\t\t\t\t\t\t\t<p>Zum 20. Mal pilgerten Bergarbeitersoldaten zum Heiligtum von Liche\u0144, die in den Jahren 1949-1959 zur Arbeit in Steinbr\u00fcchen, Uran- und Kohlebergwerken gezwungen wurden.<\/p>\t\t\t\t\t\t\t\t<\/div>\n\t\t\t\t<\/div>\n\t\t\t\t<div class=\"elementor-element elementor-element-cae0d2d elementor-widget-divider--view-line elementor-widget elementor-widget-divider\" data-id=\"cae0d2d\" data-element_type=\"widget\" data-e-type=\"widget\" data-widget_type=\"divider.default\">\n\t\t\t\t<div class=\"elementor-widget-container\">\n\t\t\t\t\t\t\t<div class=\"elementor-divider\">\n\t\t\t<span class=\"elementor-divider-separator\">\n\t\t\t\t\t\t<\/span>\n\t\t<\/div>\n\t\t\t\t\t\t<\/div>\n\t\t\t\t<\/div>\n\t\t\t\t<div class=\"elementor-element elementor-element-cd80361 elementor-widget elementor-widget-text-editor\" data-id=\"cd80361\" data-element_type=\"widget\" data-e-type=\"widget\" data-widget_type=\"text-editor.default\">\n\t\t\t\t<div class=\"elementor-widget-container\">\n\t\t\t\t\t\t\t\t\t<p>&quot;Im Jahr 1991, nach Jahrzehnten der kommunistischen Versklavung, durften wir endlich die Wahrheit \u00fcber die milit\u00e4rischen Bergbaubataillone zeigen&quot;, sagte Boles\u0142aw Karandyszowski, Vorsitzender des Bezirksvorstands des Verbandes der unterdr\u00fcckten Bergleute in Bydgoszcz .<\/p>\t\t\t\t\t\t\t\t<\/div>\n\t\t\t\t<\/div>\n\t\t\t\t<div class=\"elementor-element elementor-element-f4b1e84 elementor-widget-divider--view-line elementor-widget elementor-widget-divider\" data-id=\"f4b1e84\" data-element_type=\"widget\" data-e-type=\"widget\" data-widget_type=\"divider.default\">\n\t\t\t\t<div class=\"elementor-widget-container\">\n\t\t\t\t\t\t\t<div class=\"elementor-divider\">\n\t\t\t<span class=\"elementor-divider-separator\">\n\t\t\t\t\t\t<\/span>\n\t\t<\/div>\n\t\t\t\t\t\t<\/div>\n\t\t\t\t<\/div>\n\t\t\t\t<div class=\"elementor-element elementor-element-a2236a0 elementor-widget elementor-widget-text-editor\" data-id=\"a2236a0\" data-element_type=\"widget\" data-e-type=\"widget\" data-widget_type=\"text-editor.default\">\n\t\t\t\t<div class=\"elementor-widget-container\">\n\t\t\t\t\t\t\t\t\t<p>Soldaten mit ihren Familien, Maciej Bogdanowicz, Gouverneur der Woiwodschaft Kujawien-Pommern, Boles\u0142aw Karandyszowski, Vorsitzender des Bezirksvorstands des Verbandes der unterdr\u00fcckten Bergmannssoldaten in Bydgoszcz, Lt. Maciej Sandomierz vom Milit\u00e4rstab der Provinz in Bydgoszcz, Fr. wesentlich Tomasz Krawczyk, Fr. Adam Stankiewicz, MIC, der stellvertretende W\u00e4chter des Flechtenheiligtums, und die polnische Armee versammelten sich am Denkmal im Sanktuarium, das als Votivgabe f\u00fcr die Soldaten der Bergleute um ihr Leben errichtet wurde. <br \/>Die Teilnehmer nahmen an der Gedenkfeier teil und legten Blumen am Denkmal nieder. Es gab auch eine Ehrensalve. <br \/><br \/>Woiwode Maciej Bogdanowicz betonte, dass die sogenannte Feinde des Volkes, die von den kommunistischen Beh\u00f6rden als potentielle Bedrohung ihrer Existenz angesehen wurden. - Knochenbr\u00fcche, zu denen Soldaten, Bergleute und Bauarbeiter gezwungen wurden, sollten den Geist der jungen Generation brechen, die ihre Kindheit w\u00e4hrend des Krieges erlebte - so der Woiwode. <br \/>Am Mittag nahmen die Bergleute und ihre Angeh\u00f6rigen an der feierlichen Danksagung teil, die von P. wesentlich Tomasz Krawczyk. Die versammelten Leute wurden von Fr. Bogus\u0142aw Binda, MIC, Oberer des Ordenshauses Liche\u0144.<br \/>- <em>Die Soldaten arbeiteten 16 oder sogar 20 Stunden am Tag. Ich m\u00f6chte Ihnen daf\u00fcr danken, dass Sie den Geist des Glaubens und des Patriotismus nicht ausl\u00f6schen. Ja, Ihnen wurde befohlen, zu schweigen. Die L\u00fcge ist seit Jahren st\u00e4rker als die Wahrheit \u00fcber dich, aber die Wahrheit kann nicht zum Schweigen gebracht werden!<\/em> - sagte Fr. wesentlich Tomasz Krawczyk.<\/p>\t\t\t\t\t\t\t\t<\/div>\n\t\t\t\t<\/div>\n\t\t\t\t<div class=\"elementor-element elementor-element-1e1f3cb elementor-widget-divider--view-line elementor-widget elementor-widget-divider\" data-id=\"1e1f3cb\" data-element_type=\"widget\" data-e-type=\"widget\" data-widget_type=\"divider.default\">\n\t\t\t\t<div class=\"elementor-widget-container\">\n\t\t\t\t\t\t\t<div class=\"elementor-divider\">\n\t\t\t<span class=\"elementor-divider-separator\">\n\t\t\t\t\t\t<\/span>\n\t\t<\/div>\n\t\t\t\t\t\t<\/div>\n\t\t\t\t<\/div>\n\t\t\t\t<div class=\"elementor-element elementor-element-0e7599d elementor-widget elementor-widget-text-editor\" data-id=\"0e7599d\" data-element_type=\"widget\" data-e-type=\"widget\" data-widget_type=\"text-editor.default\">\n\t\t\t\t<div class=\"elementor-widget-container\">\n\t\t\t\t\t\t\t\t\t<p>\u201eWie schwer es f\u00fcr uns war, vom Ende des Dienstes bis 1991 zu leben, belegen unsere Erinnerungen in B\u00fcchern und Presseartikeln. Lassen Sie unseren Bergbau schreien - Gott segne - f\u00fcr die n\u00e4chsten Jahre unserer T\u00e4tigkeit dauern &quot;- sagte Pr\u00e4sident Boles\u0142aw Karandyszowski<\/p>\t\t\t\t\t\t\t\t<\/div>\n\t\t\t\t<\/div>\n\t\t\t\t<div class=\"elementor-element elementor-element-3277ee6 elementor-widget-divider--view-line elementor-widget elementor-widget-divider\" data-id=\"3277ee6\" data-element_type=\"widget\" data-e-type=\"widget\" data-widget_type=\"divider.default\">\n\t\t\t\t<div class=\"elementor-widget-container\">\n\t\t\t\t\t\t\t<div class=\"elementor-divider\">\n\t\t\t<span class=\"elementor-divider-separator\">\n\t\t\t\t\t\t<\/span>\n\t\t<\/div>\n\t\t\t\t\t\t<\/div>\n\t\t\t\t<\/div>\n\t\t\t\t<div class=\"elementor-element elementor-element-7271fc2 elementor-widget-divider--view-line_icon elementor-view-default elementor-widget-divider--element-align-center elementor-widget elementor-widget-divider\" data-id=\"7271fc2\" data-element_type=\"widget\" data-e-type=\"widget\" data-widget_type=\"divider.default\">\n\t\t\t\t<div class=\"elementor-widget-container\">\n\t\t\t\t\t\t\t<div class=\"elementor-divider\">\n\t\t\t<span class=\"elementor-divider-separator\">\n\t\t\t\t\t\t\t<div class=\"elementor-icon elementor-divider__element\">\n\t\t\t\t\t<i aria-hidden=\"true\" class=\"fas fa-camera\"><\/i><\/div>\n\t\t\t\t\t\t<\/span>\n\t\t<\/div>\n\t\t\t\t\t\t<\/div>\n\t\t\t\t<\/div>\n\t\t\t\t<div class=\"elementor-element elementor-element-d4a3ecc elementor-widget elementor-widget-gallery\" data-id=\"d4a3ecc\" data-element_type=\"widget\" data-e-type=\"widget\" data-settings=\"{&quot;columns&quot;:5,&quot;lazyload&quot;:&quot;yes&quot;,&quot;gallery_layout&quot;:&quot;grid&quot;,&quot;columns_tablet&quot;:2,&quot;columns_mobile&quot;:1,&quot;gap&quot;:{&quot;unit&quot;:&quot;px&quot;,&quot;size&quot;:10,&quot;sizes&quot;:[]},&quot;gap_tablet&quot;:{&quot;unit&quot;:&quot;px&quot;,&quot;size&quot;:10,&quot;sizes&quot;:[]},&quot;gap_mobile&quot;:{&quot;unit&quot;:&quot;px&quot;,&quot;size&quot;:10,&quot;sizes&quot;:[]},&quot;link_to&quot;:&quot;file&quot;,&quot;aspect_ratio&quot;:&quot;3:2&quot;,&quot;overlay_background&quot;:&quot;yes&quot;,&quot;content_hover_animation&quot;:&quot;fade-in&quot;}\" data-widget_type=\"gallery.default\">\n\t\t\t\t<div class=\"elementor-widget-container\">\n\t\t\t\t\t\t\t<div class=\"elementor-gallery__container\">\n\t\t\t\t\t\t\t<a class=\"e-gallery-item elementor-gallery-item elementor-animated-content\" href=\"https:\/\/www.lichen.pl\/wp-content\/uploads\/2021\/07\/1-Dzien-Represjonowanych-Zolnierzy-i-Gornikow.jpg\" data-elementor-open-lightbox=\"yes\" data-elementor-lightbox-slideshow=\"d4a3ecc\" data-elementor-lightbox-title=\"Dzie\u0144 Represjonowanych \u017bo\u0142nierzy-G\u00f3rnik\u00f3w 13 lipca 2021\" data-e-action-hash=\"#elementor-action%3Aaction%3Dlightbox%26settings%3DeyJpZCI6MTkwNTksInVybCI6Imh0dHBzOlwvXC93d3cubGljaGVuLnBsXC93cC1jb250ZW50XC91cGxvYWRzXC8yMDIxXC8wN1wvMS1Eemllbi1SZXByZXNqb25vd2FueWNoLVpvbG5pZXJ6eS1pLUdvcm5pa293LmpwZyIsInNsaWRlc2hvdyI6ImQ0YTNlY2MifQ%3D%3D\">\n\t\t\t\t\t<div class=\"e-gallery-image elementor-gallery-item__image\" data-thumbnail=\"https:\/\/www.lichen.pl\/wp-content\/uploads\/2021\/07\/1-Dzien-Represjonowanych-Zolnierzy-i-Gornikow-300x225.jpg\" data-width=\"300\" data-height=\"225\" aria-label=\"\" role=\"img\" ><\/div>\n\t\t\t\t\t\t\t\t\t\t\t<div class=\"elementor-gallery-item__overlay\"><\/div>\n\t\t\t\t\t\t\t\t\t\t\t\t\t\t<\/a>\n\t\t\t\t\t\t\t<a class=\"e-gallery-item elementor-gallery-item elementor-animated-content\" href=\"https:\/\/www.lichen.pl\/wp-content\/uploads\/2021\/07\/2-Dzien-Represjonowanych-Zolnierzy-i-Gornikow.jpg\" data-elementor-open-lightbox=\"yes\" data-elementor-lightbox-slideshow=\"d4a3ecc\" data-elementor-lightbox-title=\"Dzie\u0144 Represjonowanych \u017bo\u0142nierzy-G\u00f3rnik\u00f3w 13 lipca 2021\" data-e-action-hash=\"#elementor-action%3Aaction%3Dlightbox%26settings%3DeyJpZCI6MTkwNjQsInVybCI6Imh0dHBzOlwvXC93d3cubGljaGVuLnBsXC93cC1jb250ZW50XC91cGxvYWRzXC8yMDIxXC8wN1wvMi1Eemllbi1SZXByZXNqb25vd2FueWNoLVpvbG5pZXJ6eS1pLUdvcm5pa293LmpwZyIsInNsaWRlc2hvdyI6ImQ0YTNlY2MifQ%3D%3D\">\n\t\t\t\t\t<div class=\"e-gallery-image elementor-gallery-item__image\" data-thumbnail=\"https:\/\/www.lichen.pl\/wp-content\/uploads\/2021\/07\/2-Dzien-Represjonowanych-Zolnierzy-i-Gornikow-225x300.jpg\" data-width=\"225\" data-height=\"300\" aria-label=\"\" role=\"img\" ><\/div>\n\t\t\t\t\t\t\t\t\t\t\t<div class=\"elementor-gallery-item__overlay\"><\/div>\n\t\t\t\t\t\t\t\t\t\t\t\t\t\t<\/a>\n\t\t\t\t\t\t\t<a class=\"e-gallery-item elementor-gallery-item elementor-animated-content\" href=\"https:\/\/www.lichen.pl\/wp-content\/uploads\/2021\/07\/3-Dzien-Represjonowanych-Zolnierzy-i-Gornikow.jpg\" data-elementor-open-lightbox=\"yes\" data-elementor-lightbox-slideshow=\"d4a3ecc\" data-elementor-lightbox-title=\"Dzie\u0144 Represjonowanych \u017bo\u0142nierzy-G\u00f3rnik\u00f3w 13 lipca 2021\" data-e-action-hash=\"#elementor-action%3Aaction%3Dlightbox%26settings%3DeyJpZCI6MTkwNjksInVybCI6Imh0dHBzOlwvXC93d3cubGljaGVuLnBsXC93cC1jb250ZW50XC91cGxvYWRzXC8yMDIxXC8wN1wvMy1Eemllbi1SZXByZXNqb25vd2FueWNoLVpvbG5pZXJ6eS1pLUdvcm5pa293LmpwZyIsInNsaWRlc2hvdyI6ImQ0YTNlY2MifQ%3D%3D\">\n\t\t\t\t\t<div class=\"e-gallery-image elementor-gallery-item__image\" data-thumbnail=\"https:\/\/www.lichen.pl\/wp-content\/uploads\/2021\/07\/3-Dzien-Represjonowanych-Zolnierzy-i-Gornikow-300x225.jpg\" data-width=\"300\" data-height=\"225\" aria-label=\"\" role=\"img\" ><\/div>\n\t\t\t\t\t\t\t\t\t\t\t<div class=\"elementor-gallery-item__overlay\"><\/div>\n\t\t\t\t\t\t\t\t\t\t\t\t\t\t<\/a>\n\t\t\t\t\t\t\t<a class=\"e-gallery-item elementor-gallery-item elementor-animated-content\" href=\"https:\/\/www.lichen.pl\/wp-content\/uploads\/2021\/07\/4-Dzien-Represjonowanych-Zolnierzy-i-Gornikow.jpg\" data-elementor-open-lightbox=\"yes\" data-elementor-lightbox-slideshow=\"d4a3ecc\" data-elementor-lightbox-title=\"Dzie\u0144 Represjonowanych \u017bo\u0142nierzy-G\u00f3rnik\u00f3w 13 lipca 2021\" data-e-action-hash=\"#elementor-action%3Aaction%3Dlightbox%26settings%3DeyJpZCI6MTkwNzQsInVybCI6Imh0dHBzOlwvXC93d3cubGljaGVuLnBsXC93cC1jb250ZW50XC91cGxvYWRzXC8yMDIxXC8wN1wvNC1Eemllbi1SZXByZXNqb25vd2FueWNoLVpvbG5pZXJ6eS1pLUdvcm5pa293LmpwZyIsInNsaWRlc2hvdyI6ImQ0YTNlY2MifQ%3D%3D\">\n\t\t\t\t\t<div class=\"e-gallery-image elementor-gallery-item__image\" data-thumbnail=\"https:\/\/www.lichen.pl\/wp-content\/uploads\/2021\/07\/4-Dzien-Represjonowanych-Zolnierzy-i-Gornikow-300x225.jpg\" data-width=\"300\" data-height=\"225\" aria-label=\"\" role=\"img\" ><\/div>\n\t\t\t\t\t\t\t\t\t\t\t<div class=\"elementor-gallery-item__overlay\"><\/div>\n\t\t\t\t\t\t\t\t\t\t\t\t\t\t<\/a>\n\t\t\t\t\t\t\t<a class=\"e-gallery-item elementor-gallery-item elementor-animated-content\" href=\"https:\/\/www.lichen.pl\/wp-content\/uploads\/2021\/07\/5-Dzien-Represjonowanych-Zolnierzy-i-Gornikow.jpg\" data-elementor-open-lightbox=\"yes\" data-elementor-lightbox-slideshow=\"d4a3ecc\" data-elementor-lightbox-title=\"Dzie\u0144 Represjonowanych \u017bo\u0142nierzy-G\u00f3rnik\u00f3w 13 lipca 2021\" data-e-action-hash=\"#elementor-action%3Aaction%3Dlightbox%26settings%3DeyJpZCI6MTkwNzksInVybCI6Imh0dHBzOlwvXC93d3cubGljaGVuLnBsXC93cC1jb250ZW50XC91cGxvYWRzXC8yMDIxXC8wN1wvNS1Eemllbi1SZXByZXNqb25vd2FueWNoLVpvbG5pZXJ6eS1pLUdvcm5pa293LmpwZyIsInNsaWRlc2hvdyI6ImQ0YTNlY2MifQ%3D%3D\">\n\t\t\t\t\t<div class=\"e-gallery-image elementor-gallery-item__image\" data-thumbnail=\"https:\/\/www.lichen.pl\/wp-content\/uploads\/2021\/07\/5-Dzien-Represjonowanych-Zolnierzy-i-Gornikow-225x300.jpg\" data-width=\"225\" data-height=\"300\" aria-label=\"\" role=\"img\" ><\/div>\n\t\t\t\t\t\t\t\t\t\t\t<div class=\"elementor-gallery-item__overlay\"><\/div>\n\t\t\t\t\t\t\t\t\t\t\t\t\t\t<\/a>\n\t\t\t\t\t\t\t<a class=\"e-gallery-item elementor-gallery-item elementor-animated-content\" href=\"https:\/\/www.lichen.pl\/wp-content\/uploads\/2021\/07\/6-Dzien-Represjonowanych-Zolnierzy-i-Gornikow.jpg\" data-elementor-open-lightbox=\"yes\" data-elementor-lightbox-slideshow=\"d4a3ecc\" data-elementor-lightbox-title=\"Dzie\u0144 Represjonowanych \u017bo\u0142nierzy-G\u00f3rnik\u00f3w 13 lipca 2021\" data-e-action-hash=\"#elementor-action%3Aaction%3Dlightbox%26settings%3DeyJpZCI6MTkwODQsInVybCI6Imh0dHBzOlwvXC93d3cubGljaGVuLnBsXC93cC1jb250ZW50XC91cGxvYWRzXC8yMDIxXC8wN1wvNi1Eemllbi1SZXByZXNqb25vd2FueWNoLVpvbG5pZXJ6eS1pLUdvcm5pa293LmpwZyIsInNsaWRlc2hvdyI6ImQ0YTNlY2MifQ%3D%3D\">\n\t\t\t\t\t<div class=\"e-gallery-image elementor-gallery-item__image\" data-thumbnail=\"https:\/\/www.lichen.pl\/wp-content\/uploads\/2021\/07\/6-Dzien-Represjonowanych-Zolnierzy-i-Gornikow-225x300.jpg\" data-width=\"225\" data-height=\"300\" aria-label=\"\" role=\"img\" ><\/div>\n\t\t\t\t\t\t\t\t\t\t\t<div class=\"elementor-gallery-item__overlay\"><\/div>\n\t\t\t\t\t\t\t\t\t\t\t\t\t\t<\/a>\n\t\t\t\t\t\t\t<a class=\"e-gallery-item elementor-gallery-item elementor-animated-content\" href=\"https:\/\/www.lichen.pl\/wp-content\/uploads\/2021\/07\/7-Dzien-Represjonowanych-Zolnierzy-i-Gornikow.jpg\" data-elementor-open-lightbox=\"yes\" data-elementor-lightbox-slideshow=\"d4a3ecc\" data-elementor-lightbox-title=\"Dzie\u0144 Represjonowanych \u017bo\u0142nierzy-G\u00f3rnik\u00f3w 13 lipca 2021\" data-e-action-hash=\"#elementor-action%3Aaction%3Dlightbox%26settings%3DeyJpZCI6MTkwODksInVybCI6Imh0dHBzOlwvXC93d3cubGljaGVuLnBsXC93cC1jb250ZW50XC91cGxvYWRzXC8yMDIxXC8wN1wvNy1Eemllbi1SZXByZXNqb25vd2FueWNoLVpvbG5pZXJ6eS1pLUdvcm5pa293LmpwZyIsInNsaWRlc2hvdyI6ImQ0YTNlY2MifQ%3D%3D\">\n\t\t\t\t\t<div class=\"e-gallery-image elementor-gallery-item__image\" data-thumbnail=\"https:\/\/www.lichen.pl\/wp-content\/uploads\/2021\/07\/7-Dzien-Represjonowanych-Zolnierzy-i-Gornikow-225x300.jpg\" data-width=\"225\" data-height=\"300\" aria-label=\"\" role=\"img\" ><\/div>\n\t\t\t\t\t\t\t\t\t\t\t<div class=\"elementor-gallery-item__overlay\"><\/div>\n\t\t\t\t\t\t\t\t\t\t\t\t\t\t<\/a>\n\t\t\t\t\t\t\t<a class=\"e-gallery-item elementor-gallery-item elementor-animated-content\" href=\"https:\/\/www.lichen.pl\/wp-content\/uploads\/2021\/07\/12-Dzien-Represjonowanych-Zolnierzy-i-Gornikow.jpg\" data-elementor-open-lightbox=\"yes\" data-elementor-lightbox-slideshow=\"d4a3ecc\" data-elementor-lightbox-title=\"Dzie\u0144 Represjonowanych \u017bo\u0142nierzy-G\u00f3rnik\u00f3w 13 lipca 2021\" data-e-action-hash=\"#elementor-action%3Aaction%3Dlightbox%26settings%3DeyJpZCI6MTkxMTQsInVybCI6Imh0dHBzOlwvXC93d3cubGljaGVuLnBsXC93cC1jb250ZW50XC91cGxvYWRzXC8yMDIxXC8wN1wvMTItRHppZW4tUmVwcmVzam9ub3dhbnljaC1ab2xuaWVyenktaS1Hb3JuaWtvdy5qcGciLCJzbGlkZXNob3ciOiJkNGEzZWNjIn0%3D\">\n\t\t\t\t\t<div class=\"e-gallery-image elementor-gallery-item__image\" data-thumbnail=\"https:\/\/www.lichen.pl\/wp-content\/uploads\/2021\/07\/12-Dzien-Represjonowanych-Zolnierzy-i-Gornikow-300x225.jpg\" data-width=\"300\" data-height=\"225\" aria-label=\"\" role=\"img\" ><\/div>\n\t\t\t\t\t\t\t\t\t\t\t<div class=\"elementor-gallery-item__overlay\"><\/div>\n\t\t\t\t\t\t\t\t\t\t\t\t\t\t<\/a>\n\t\t\t\t\t\t\t<a class=\"e-gallery-item elementor-gallery-item elementor-animated-content\" href=\"https:\/\/www.lichen.pl\/wp-content\/uploads\/2021\/07\/11-Dzien-Represjonowanych-Zolnierzy-i-Gornikow.jpg\" data-elementor-open-lightbox=\"yes\" data-elementor-lightbox-slideshow=\"d4a3ecc\" data-elementor-lightbox-title=\"Dzie\u0144 Represjonowanych \u017bo\u0142nierzy-G\u00f3rnik\u00f3w 13 lipca 2021\" data-e-action-hash=\"#elementor-action%3Aaction%3Dlightbox%26settings%3DeyJpZCI6MTkxMDksInVybCI6Imh0dHBzOlwvXC93d3cubGljaGVuLnBsXC93cC1jb250ZW50XC91cGxvYWRzXC8yMDIxXC8wN1wvMTEtRHppZW4tUmVwcmVzam9ub3dhbnljaC1ab2xuaWVyenktaS1Hb3JuaWtvdy5qcGciLCJzbGlkZXNob3ciOiJkNGEzZWNjIn0%3D\">\n\t\t\t\t\t<div class=\"e-gallery-image elementor-gallery-item__image\" data-thumbnail=\"https:\/\/www.lichen.pl\/wp-content\/uploads\/2021\/07\/11-Dzien-Represjonowanych-Zolnierzy-i-Gornikow-225x300.jpg\" data-width=\"225\" data-height=\"300\" aria-label=\"\" role=\"img\" ><\/div>\n\t\t\t\t\t\t\t\t\t\t\t<div class=\"elementor-gallery-item__overlay\"><\/div>\n\t\t\t\t\t\t\t\t\t\t\t\t\t\t<\/a>\n\t\t\t\t\t\t\t<a class=\"e-gallery-item elementor-gallery-item elementor-animated-content\" href=\"https:\/\/www.lichen.pl\/wp-content\/uploads\/2021\/07\/10-Dzien-Represjonowanych-Zolnierzy-i-Gornikow.jpg\" data-elementor-open-lightbox=\"yes\" data-elementor-lightbox-slideshow=\"d4a3ecc\" data-elementor-lightbox-title=\"Dzie\u0144 Represjonowanych \u017bo\u0142nierzy-G\u00f3rnik\u00f3w 13 lipca 2021\" data-e-action-hash=\"#elementor-action%3Aaction%3Dlightbox%26settings%3DeyJpZCI6MTkxMDQsInVybCI6Imh0dHBzOlwvXC93d3cubGljaGVuLnBsXC93cC1jb250ZW50XC91cGxvYWRzXC8yMDIxXC8wN1wvMTAtRHppZW4tUmVwcmVzam9ub3dhbnljaC1ab2xuaWVyenktaS1Hb3JuaWtvdy5qcGciLCJzbGlkZXNob3ciOiJkNGEzZWNjIn0%3D\">\n\t\t\t\t\t<div class=\"e-gallery-image elementor-gallery-item__image\" data-thumbnail=\"https:\/\/www.lichen.pl\/wp-content\/uploads\/2021\/07\/10-Dzien-Represjonowanych-Zolnierzy-i-Gornikow-225x300.jpg\" data-width=\"225\" data-height=\"300\" aria-label=\"\" role=\"img\" ><\/div>\n\t\t\t\t\t\t\t\t\t\t\t<div class=\"elementor-gallery-item__overlay\"><\/div>\n\t\t\t\t\t\t\t\t\t\t\t\t\t\t<\/a>\n\t\t\t\t\t\t\t<a class=\"e-gallery-item elementor-gallery-item elementor-animated-content\" href=\"https:\/\/www.lichen.pl\/wp-content\/uploads\/2021\/07\/9-Dzien-Represjonowanych-Zolnierzy-i-Gornikow.jpg\" data-elementor-open-lightbox=\"yes\" data-elementor-lightbox-slideshow=\"d4a3ecc\" data-elementor-lightbox-title=\"Dzie\u0144 Represjonowanych \u017bo\u0142nierzy-G\u00f3rnik\u00f3w 13 lipca 2021\" data-e-action-hash=\"#elementor-action%3Aaction%3Dlightbox%26settings%3DeyJpZCI6MTkwOTksInVybCI6Imh0dHBzOlwvXC93d3cubGljaGVuLnBsXC93cC1jb250ZW50XC91cGxvYWRzXC8yMDIxXC8wN1wvOS1Eemllbi1SZXByZXNqb25vd2FueWNoLVpvbG5pZXJ6eS1pLUdvcm5pa293LmpwZyIsInNsaWRlc2hvdyI6ImQ0YTNlY2MifQ%3D%3D\">\n\t\t\t\t\t<div class=\"e-gallery-image elementor-gallery-item__image\" data-thumbnail=\"https:\/\/www.lichen.pl\/wp-content\/uploads\/2021\/07\/9-Dzien-Represjonowanych-Zolnierzy-i-Gornikow-225x300.jpg\" data-width=\"225\" data-height=\"300\" aria-label=\"\" role=\"img\" ><\/div>\n\t\t\t\t\t\t\t\t\t\t\t<div class=\"elementor-gallery-item__overlay\"><\/div>\n\t\t\t\t\t\t\t\t\t\t\t\t\t\t<\/a>\n\t\t\t\t\t\t\t<a class=\"e-gallery-item elementor-gallery-item elementor-animated-content\" href=\"https:\/\/www.lichen.pl\/wp-content\/uploads\/2021\/07\/8-Dzien-Represjonowanych-Zolnierzy-i-Gornikow.jpg\" data-elementor-open-lightbox=\"yes\" data-elementor-lightbox-slideshow=\"d4a3ecc\" data-elementor-lightbox-title=\"Dzie\u0144 Represjonowanych \u017bo\u0142nierzy-G\u00f3rnik\u00f3w 13 lipca 2021\" data-e-action-hash=\"#elementor-action%3Aaction%3Dlightbox%26settings%3DeyJpZCI6MTkwOTQsInVybCI6Imh0dHBzOlwvXC93d3cubGljaGVuLnBsXC93cC1jb250ZW50XC91cGxvYWRzXC8yMDIxXC8wN1wvOC1Eemllbi1SZXByZXNqb25vd2FueWNoLVpvbG5pZXJ6eS1pLUdvcm5pa293LmpwZyIsInNsaWRlc2hvdyI6ImQ0YTNlY2MifQ%3D%3D\">\n\t\t\t\t\t<div class=\"e-gallery-image elementor-gallery-item__image\" data-thumbnail=\"https:\/\/www.lichen.pl\/wp-content\/uploads\/2021\/07\/8-Dzien-Represjonowanych-Zolnierzy-i-Gornikow-225x300.jpg\" data-width=\"225\" data-height=\"300\" aria-label=\"\" role=\"img\" ><\/div>\n\t\t\t\t\t\t\t\t\t\t\t<div class=\"elementor-gallery-item__overlay\"><\/div>\n\t\t\t\t\t\t\t\t\t\t\t\t\t\t<\/a>\n\t\t\t\t\t\t\t<a class=\"e-gallery-item elementor-gallery-item elementor-animated-content\" href=\"https:\/\/www.lichen.pl\/wp-content\/uploads\/2021\/07\/14-Dzien-Represjonowanych-Zolnierzy-i-Gornikow.jpg\" data-elementor-open-lightbox=\"yes\" data-elementor-lightbox-slideshow=\"d4a3ecc\" data-elementor-lightbox-title=\"Dzie\u0144 Represjonowanych \u017bo\u0142nierzy-G\u00f3rnik\u00f3w 13 lipca 2021\" data-e-action-hash=\"#elementor-action%3Aaction%3Dlightbox%26settings%3DeyJpZCI6MTkxMjQsInVybCI6Imh0dHBzOlwvXC93d3cubGljaGVuLnBsXC93cC1jb250ZW50XC91cGxvYWRzXC8yMDIxXC8wN1wvMTQtRHppZW4tUmVwcmVzam9ub3dhbnljaC1ab2xuaWVyenktaS1Hb3JuaWtvdy5qcGciLCJzbGlkZXNob3ciOiJkNGEzZWNjIn0%3D\">\n\t\t\t\t\t<div class=\"e-gallery-image elementor-gallery-item__image\" data-thumbnail=\"https:\/\/www.lichen.pl\/wp-content\/uploads\/2021\/07\/14-Dzien-Represjonowanych-Zolnierzy-i-Gornikow-300x225.jpg\" data-width=\"300\" data-height=\"225\" aria-label=\"\" role=\"img\" ><\/div>\n\t\t\t\t\t\t\t\t\t\t\t<div class=\"elementor-gallery-item__overlay\"><\/div>\n\t\t\t\t\t\t\t\t\t\t\t\t\t\t<\/a>\n\t\t\t\t\t\t\t<a class=\"e-gallery-item elementor-gallery-item elementor-animated-content\" href=\"https:\/\/www.lichen.pl\/wp-content\/uploads\/2021\/07\/15-Dzien-Represjonowanych-Zolnierzy-i-Gornikow.jpg\" data-elementor-open-lightbox=\"yes\" data-elementor-lightbox-slideshow=\"d4a3ecc\" data-elementor-lightbox-title=\"Dzie\u0144 Represjonowanych \u017bo\u0142nierzy-G\u00f3rnik\u00f3w 13 lipca 2021\" data-e-action-hash=\"#elementor-action%3Aaction%3Dlightbox%26settings%3DeyJpZCI6MTkxMjksInVybCI6Imh0dHBzOlwvXC93d3cubGljaGVuLnBsXC93cC1jb250ZW50XC91cGxvYWRzXC8yMDIxXC8wN1wvMTUtRHppZW4tUmVwcmVzam9ub3dhbnljaC1ab2xuaWVyenktaS1Hb3JuaWtvdy5qcGciLCJzbGlkZXNob3ciOiJkNGEzZWNjIn0%3D\">\n\t\t\t\t\t<div class=\"e-gallery-image elementor-gallery-item__image\" data-thumbnail=\"https:\/\/www.lichen.pl\/wp-content\/uploads\/2021\/07\/15-Dzien-Represjonowanych-Zolnierzy-i-Gornikow-300x225.jpg\" data-width=\"300\" data-height=\"225\" aria-label=\"\" role=\"img\" ><\/div>\n\t\t\t\t\t\t\t\t\t\t\t<div class=\"elementor-gallery-item__overlay\"><\/div>\n\t\t\t\t\t\t\t\t\t\t\t\t\t\t<\/a>\n\t\t\t\t\t\t\t<a class=\"e-gallery-item elementor-gallery-item elementor-animated-content\" href=\"https:\/\/www.lichen.pl\/wp-content\/uploads\/2021\/07\/16-Dzien-Represjonowanych-Zolnierzy-i-Gornikow.jpg\" data-elementor-open-lightbox=\"yes\" data-elementor-lightbox-slideshow=\"d4a3ecc\" data-elementor-lightbox-title=\"Dzie\u0144 Represjonowanych \u017bo\u0142nierzy-G\u00f3rnik\u00f3w 13 lipca 2021\" data-e-action-hash=\"#elementor-action%3Aaction%3Dlightbox%26settings%3DeyJpZCI6MTkxMzQsInVybCI6Imh0dHBzOlwvXC93d3cubGljaGVuLnBsXC93cC1jb250ZW50XC91cGxvYWRzXC8yMDIxXC8wN1wvMTYtRHppZW4tUmVwcmVzam9ub3dhbnljaC1ab2xuaWVyenktaS1Hb3JuaWtvdy5qcGciLCJzbGlkZXNob3ciOiJkNGEzZWNjIn0%3D\">\n\t\t\t\t\t<div class=\"e-gallery-image elementor-gallery-item__image\" data-thumbnail=\"https:\/\/www.lichen.pl\/wp-content\/uploads\/2021\/07\/16-Dzien-Represjonowanych-Zolnierzy-i-Gornikow-300x225.jpg\" data-width=\"300\" data-height=\"225\" aria-label=\"\" role=\"img\" ><\/div>\n\t\t\t\t\t\t\t\t\t\t\t<div class=\"elementor-gallery-item__overlay\"><\/div>\n\t\t\t\t\t\t\t\t\t\t\t\t\t\t<\/a>\n\t\t\t\t\t\t\t<a class=\"e-gallery-item elementor-gallery-item elementor-animated-content\" href=\"https:\/\/www.lichen.pl\/wp-content\/uploads\/2021\/07\/17-Dzien-Represjonowanych-Zolnierzy-i-Gornikow.jpg\" data-elementor-open-lightbox=\"yes\" data-elementor-lightbox-slideshow=\"d4a3ecc\" data-elementor-lightbox-title=\"Dzie\u0144 Represjonowanych \u017bo\u0142nierzy-G\u00f3rnik\u00f3w 13 lipca 2021\" data-e-action-hash=\"#elementor-action%3Aaction%3Dlightbox%26settings%3DeyJpZCI6MTkxMzksInVybCI6Imh0dHBzOlwvXC93d3cubGljaGVuLnBsXC93cC1jb250ZW50XC91cGxvYWRzXC8yMDIxXC8wN1wvMTctRHppZW4tUmVwcmVzam9ub3dhbnljaC1ab2xuaWVyenktaS1Hb3JuaWtvdy5qcGciLCJzbGlkZXNob3ciOiJkNGEzZWNjIn0%3D\">\n\t\t\t\t\t<div class=\"e-gallery-image elementor-gallery-item__image\" data-thumbnail=\"https:\/\/www.lichen.pl\/wp-content\/uploads\/2021\/07\/17-Dzien-Represjonowanych-Zolnierzy-i-Gornikow-300x225.jpg\" data-width=\"300\" data-height=\"225\" aria-label=\"\" role=\"img\" ><\/div>\n\t\t\t\t\t\t\t\t\t\t\t<div class=\"elementor-gallery-item__overlay\"><\/div>\n\t\t\t\t\t\t\t\t\t\t\t\t\t\t<\/a>\n\t\t\t\t\t\t\t<a class=\"e-gallery-item elementor-gallery-item elementor-animated-content\" href=\"https:\/\/www.lichen.pl\/wp-content\/uploads\/2021\/07\/18-Dzien-Represjonowanych-Zolnierzy-i-Gornikow.jpg\" data-elementor-open-lightbox=\"yes\" data-elementor-lightbox-slideshow=\"d4a3ecc\" data-elementor-lightbox-title=\"Dzie\u0144 Represjonowanych \u017bo\u0142nierzy-G\u00f3rnik\u00f3w 13 lipca 2021\" data-e-action-hash=\"#elementor-action%3Aaction%3Dlightbox%26settings%3DeyJpZCI6MTkxNDQsInVybCI6Imh0dHBzOlwvXC93d3cubGljaGVuLnBsXC93cC1jb250ZW50XC91cGxvYWRzXC8yMDIxXC8wN1wvMTgtRHppZW4tUmVwcmVzam9ub3dhbnljaC1ab2xuaWVyenktaS1Hb3JuaWtvdy5qcGciLCJzbGlkZXNob3ciOiJkNGEzZWNjIn0%3D\">\n\t\t\t\t\t<div class=\"e-gallery-image elementor-gallery-item__image\" data-thumbnail=\"https:\/\/www.lichen.pl\/wp-content\/uploads\/2021\/07\/18-Dzien-Represjonowanych-Zolnierzy-i-Gornikow-300x225.jpg\" data-width=\"300\" data-height=\"225\" aria-label=\"\" role=\"img\" ><\/div>\n\t\t\t\t\t\t\t\t\t\t\t<div class=\"elementor-gallery-item__overlay\"><\/div>\n\t\t\t\t\t\t\t\t\t\t\t\t\t\t<\/a>\n\t\t\t\t\t\t\t<a class=\"e-gallery-item elementor-gallery-item elementor-animated-content\" href=\"https:\/\/www.lichen.pl\/wp-content\/uploads\/2021\/07\/19-Dzien-Represjonowanych-Zolnierzy-i-Gornikow.jpg\" data-elementor-open-lightbox=\"yes\" data-elementor-lightbox-slideshow=\"d4a3ecc\" data-elementor-lightbox-title=\"Dzie\u0144 Represjonowanych \u017bo\u0142nierzy-G\u00f3rnik\u00f3w 13 lipca 2021\" data-e-action-hash=\"#elementor-action%3Aaction%3Dlightbox%26settings%3DeyJpZCI6MTkxNDksInVybCI6Imh0dHBzOlwvXC93d3cubGljaGVuLnBsXC93cC1jb250ZW50XC91cGxvYWRzXC8yMDIxXC8wN1wvMTktRHppZW4tUmVwcmVzam9ub3dhbnljaC1ab2xuaWVyenktaS1Hb3JuaWtvdy5qcGciLCJzbGlkZXNob3ciOiJkNGEzZWNjIn0%3D\">\n\t\t\t\t\t<div class=\"e-gallery-image elementor-gallery-item__image\" data-thumbnail=\"https:\/\/www.lichen.pl\/wp-content\/uploads\/2021\/07\/19-Dzien-Represjonowanych-Zolnierzy-i-Gornikow-300x225.jpg\" data-width=\"300\" data-height=\"225\" aria-label=\"\" role=\"img\" ><\/div>\n\t\t\t\t\t\t\t\t\t\t\t<div class=\"elementor-gallery-item__overlay\"><\/div>\n\t\t\t\t\t\t\t\t\t\t\t\t\t\t<\/a>\n\t\t\t\t\t\t\t<a class=\"e-gallery-item elementor-gallery-item elementor-animated-content\" href=\"https:\/\/www.lichen.pl\/wp-content\/uploads\/2021\/07\/25-Dzien-Represjonowanych-Zolnierzy-i-Gornikow.jpg\" data-elementor-open-lightbox=\"yes\" data-elementor-lightbox-slideshow=\"d4a3ecc\" data-elementor-lightbox-title=\"Dzie\u0144 Represjonowanych \u017bo\u0142nierzy-G\u00f3rnik\u00f3w 13 lipca 2021\" data-e-action-hash=\"#elementor-action%3Aaction%3Dlightbox%26settings%3DeyJpZCI6MTkxNzksInVybCI6Imh0dHBzOlwvXC93d3cubGljaGVuLnBsXC93cC1jb250ZW50XC91cGxvYWRzXC8yMDIxXC8wN1wvMjUtRHppZW4tUmVwcmVzam9ub3dhbnljaC1ab2xuaWVyenktaS1Hb3JuaWtvdy5qcGciLCJzbGlkZXNob3ciOiJkNGEzZWNjIn0%3D\">\n\t\t\t\t\t<div class=\"e-gallery-image elementor-gallery-item__image\" data-thumbnail=\"https:\/\/www.lichen.pl\/wp-content\/uploads\/2021\/07\/25-Dzien-Represjonowanych-Zolnierzy-i-Gornikow-300x225.jpg\" data-width=\"300\" data-height=\"225\" aria-label=\"\" role=\"img\" ><\/div>\n\t\t\t\t\t\t\t\t\t\t\t<div class=\"elementor-gallery-item__overlay\"><\/div>\n\t\t\t\t\t\t\t\t\t\t\t\t\t\t<\/a>\n\t\t\t\t\t\t\t<a class=\"e-gallery-item elementor-gallery-item elementor-animated-content\" href=\"https:\/\/www.lichen.pl\/wp-content\/uploads\/2021\/07\/24-Dzien-Represjonowanych-Zolnierzy-i-Gornikow.jpg\" data-elementor-open-lightbox=\"yes\" data-elementor-lightbox-slideshow=\"d4a3ecc\" data-elementor-lightbox-title=\"Dzie\u0144 Represjonowanych \u017bo\u0142nierzy-G\u00f3rnik\u00f3w 13 lipca 2021\" data-e-action-hash=\"#elementor-action%3Aaction%3Dlightbox%26settings%3DeyJpZCI6MTkxNzQsInVybCI6Imh0dHBzOlwvXC93d3cubGljaGVuLnBsXC93cC1jb250ZW50XC91cGxvYWRzXC8yMDIxXC8wN1wvMjQtRHppZW4tUmVwcmVzam9ub3dhbnljaC1ab2xuaWVyenktaS1Hb3JuaWtvdy5qcGciLCJzbGlkZXNob3ciOiJkNGEzZWNjIn0%3D\">\n\t\t\t\t\t<div class=\"e-gallery-image elementor-gallery-item__image\" data-thumbnail=\"https:\/\/www.lichen.pl\/wp-content\/uploads\/2021\/07\/24-Dzien-Represjonowanych-Zolnierzy-i-Gornikow-300x225.jpg\" data-width=\"300\" data-height=\"225\" aria-label=\"\" role=\"img\" ><\/div>\n\t\t\t\t\t\t\t\t\t\t\t<div class=\"elementor-gallery-item__overlay\"><\/div>\n\t\t\t\t\t\t\t\t\t\t\t\t\t\t<\/a>\n\t\t\t\t\t\t\t<a class=\"e-gallery-item elementor-gallery-item elementor-animated-content\" href=\"https:\/\/www.lichen.pl\/wp-content\/uploads\/2021\/07\/23-Dzien-Represjonowanych-Zolnierzy-i-Gornikow.jpg\" data-elementor-open-lightbox=\"yes\" data-elementor-lightbox-slideshow=\"d4a3ecc\" data-elementor-lightbox-title=\"Dzie\u0144 Represjonowanych \u017bo\u0142nierzy-G\u00f3rnik\u00f3w 13 lipca 2021\" data-e-action-hash=\"#elementor-action%3Aaction%3Dlightbox%26settings%3DeyJpZCI6MTkxNjksInVybCI6Imh0dHBzOlwvXC93d3cubGljaGVuLnBsXC93cC1jb250ZW50XC91cGxvYWRzXC8yMDIxXC8wN1wvMjMtRHppZW4tUmVwcmVzam9ub3dhbnljaC1ab2xuaWVyenktaS1Hb3JuaWtvdy5qcGciLCJzbGlkZXNob3ciOiJkNGEzZWNjIn0%3D\">\n\t\t\t\t\t<div class=\"e-gallery-image elementor-gallery-item__image\" data-thumbnail=\"https:\/\/www.lichen.pl\/wp-content\/uploads\/2021\/07\/23-Dzien-Represjonowanych-Zolnierzy-i-Gornikow-225x300.jpg\" data-width=\"225\" data-height=\"300\" aria-label=\"\" role=\"img\" ><\/div>\n\t\t\t\t\t\t\t\t\t\t\t<div class=\"elementor-gallery-item__overlay\"><\/div>\n\t\t\t\t\t\t\t\t\t\t\t\t\t\t<\/a>\n\t\t\t\t\t\t\t<a class=\"e-gallery-item elementor-gallery-item elementor-animated-content\" href=\"https:\/\/www.lichen.pl\/wp-content\/uploads\/2021\/07\/22-Dzien-Represjonowanych-Zolnierzy-i-Gornikow.jpg\" data-elementor-open-lightbox=\"yes\" data-elementor-lightbox-slideshow=\"d4a3ecc\" data-elementor-lightbox-title=\"Dzie\u0144 Represjonowanych \u017bo\u0142nierzy-G\u00f3rnik\u00f3w 13 lipca 2021\" data-e-action-hash=\"#elementor-action%3Aaction%3Dlightbox%26settings%3DeyJpZCI6MTkxNjQsInVybCI6Imh0dHBzOlwvXC93d3cubGljaGVuLnBsXC93cC1jb250ZW50XC91cGxvYWRzXC8yMDIxXC8wN1wvMjItRHppZW4tUmVwcmVzam9ub3dhbnljaC1ab2xuaWVyenktaS1Hb3JuaWtvdy5qcGciLCJzbGlkZXNob3ciOiJkNGEzZWNjIn0%3D\">\n\t\t\t\t\t<div class=\"e-gallery-image elementor-gallery-item__image\" data-thumbnail=\"https:\/\/www.lichen.pl\/wp-content\/uploads\/2021\/07\/22-Dzien-Represjonowanych-Zolnierzy-i-Gornikow-300x225.jpg\" data-width=\"300\" data-height=\"225\" aria-label=\"\" role=\"img\" ><\/div>\n\t\t\t\t\t\t\t\t\t\t\t<div class=\"elementor-gallery-item__overlay\"><\/div>\n\t\t\t\t\t\t\t\t\t\t\t\t\t\t<\/a>\n\t\t\t\t\t\t\t<a class=\"e-gallery-item elementor-gallery-item elementor-animated-content\" href=\"https:\/\/www.lichen.pl\/wp-content\/uploads\/2021\/07\/21-Dzien-Represjonowanych-Zolnierzy-i-Gornikow.jpg\" data-elementor-open-lightbox=\"yes\" data-elementor-lightbox-slideshow=\"d4a3ecc\" data-elementor-lightbox-title=\"Dzie\u0144 Represjonowanych \u017bo\u0142nierzy-G\u00f3rnik\u00f3w 13 lipca 2021\" data-e-action-hash=\"#elementor-action%3Aaction%3Dlightbox%26settings%3DeyJpZCI6MTkxNTksInVybCI6Imh0dHBzOlwvXC93d3cubGljaGVuLnBsXC93cC1jb250ZW50XC91cGxvYWRzXC8yMDIxXC8wN1wvMjEtRHppZW4tUmVwcmVzam9ub3dhbnljaC1ab2xuaWVyenktaS1Hb3JuaWtvdy5qcGciLCJzbGlkZXNob3ciOiJkNGEzZWNjIn0%3D\">\n\t\t\t\t\t<div class=\"e-gallery-image elementor-gallery-item__image\" data-thumbnail=\"https:\/\/www.lichen.pl\/wp-content\/uploads\/2021\/07\/21-Dzien-Represjonowanych-Zolnierzy-i-Gornikow-300x225.jpg\" data-width=\"300\" data-height=\"225\" aria-label=\"\" role=\"img\" ><\/div>\n\t\t\t\t\t\t\t\t\t\t\t<div class=\"elementor-gallery-item__overlay\"><\/div>\n\t\t\t\t\t\t\t\t\t\t\t\t\t\t<\/a>\n\t\t\t\t\t\t\t<a class=\"e-gallery-item elementor-gallery-item elementor-animated-content\" href=\"https:\/\/www.lichen.pl\/wp-content\/uploads\/2021\/07\/20-Dzien-Represjonowanych-Zolnierzy-i-Gornikow.jpg\" data-elementor-open-lightbox=\"yes\" data-elementor-lightbox-slideshow=\"d4a3ecc\" data-elementor-lightbox-title=\"Dzie\u0144 Represjonowanych \u017bo\u0142nierzy-G\u00f3rnik\u00f3w 13 lipca 2021\" data-e-action-hash=\"#elementor-action%3Aaction%3Dlightbox%26settings%3DeyJpZCI6MTkxNTQsInVybCI6Imh0dHBzOlwvXC93d3cubGljaGVuLnBsXC93cC1jb250ZW50XC91cGxvYWRzXC8yMDIxXC8wN1wvMjAtRHppZW4tUmVwcmVzam9ub3dhbnljaC1ab2xuaWVyenktaS1Hb3JuaWtvdy5qcGciLCJzbGlkZXNob3ciOiJkNGEzZWNjIn0%3D\">\n\t\t\t\t\t<div class=\"e-gallery-image elementor-gallery-item__image\" data-thumbnail=\"https:\/\/www.lichen.pl\/wp-content\/uploads\/2021\/07\/20-Dzien-Represjonowanych-Zolnierzy-i-Gornikow-300x225.jpg\" data-width=\"300\" data-height=\"225\" aria-label=\"\" role=\"img\" ><\/div>\n\t\t\t\t\t\t\t\t\t\t\t<div class=\"elementor-gallery-item__overlay\"><\/div>\n\t\t\t\t\t\t\t\t\t\t\t\t\t\t<\/a>\n\t\t\t\t\t\t\t<a class=\"e-gallery-item elementor-gallery-item elementor-animated-content\" href=\"https:\/\/www.lichen.pl\/wp-content\/uploads\/2021\/07\/26-Dzien-Represjonowanych-Zolnierzy-i-Gornikow.jpg\" data-elementor-open-lightbox=\"yes\" data-elementor-lightbox-slideshow=\"d4a3ecc\" data-elementor-lightbox-title=\"Dzie\u0144 Represjonowanych \u017bo\u0142nierzy-G\u00f3rnik\u00f3w 13 lipca 2021\" data-e-action-hash=\"#elementor-action%3Aaction%3Dlightbox%26settings%3DeyJpZCI6MTkxODQsInVybCI6Imh0dHBzOlwvXC93d3cubGljaGVuLnBsXC93cC1jb250ZW50XC91cGxvYWRzXC8yMDIxXC8wN1wvMjYtRHppZW4tUmVwcmVzam9ub3dhbnljaC1ab2xuaWVyenktaS1Hb3JuaWtvdy5qcGciLCJzbGlkZXNob3ciOiJkNGEzZWNjIn0%3D\">\n\t\t\t\t\t<div class=\"e-gallery-image elementor-gallery-item__image\" data-thumbnail=\"https:\/\/www.lichen.pl\/wp-content\/uploads\/2021\/07\/26-Dzien-Represjonowanych-Zolnierzy-i-Gornikow-300x225.jpg\" data-width=\"300\" data-height=\"225\" aria-label=\"\" role=\"img\" ><\/div>\n\t\t\t\t\t\t\t\t\t\t\t<div class=\"elementor-gallery-item__overlay\"><\/div>\n\t\t\t\t\t\t\t\t\t\t\t\t\t\t<\/a>\n\t\t\t\t\t\t\t<a class=\"e-gallery-item elementor-gallery-item elementor-animated-content\" href=\"https:\/\/www.lichen.pl\/wp-content\/uploads\/2021\/07\/27-Dzien-Represjonowanych-Zolnierzy-i-Gornikow.jpg\" data-elementor-open-lightbox=\"yes\" data-elementor-lightbox-slideshow=\"d4a3ecc\" data-elementor-lightbox-title=\"Dzie\u0144 Represjonowanych \u017bo\u0142nierzy-G\u00f3rnik\u00f3w 13 lipca 2021\" data-e-action-hash=\"#elementor-action%3Aaction%3Dlightbox%26settings%3DeyJpZCI6MTkxODksInVybCI6Imh0dHBzOlwvXC93d3cubGljaGVuLnBsXC93cC1jb250ZW50XC91cGxvYWRzXC8yMDIxXC8wN1wvMjctRHppZW4tUmVwcmVzam9ub3dhbnljaC1ab2xuaWVyenktaS1Hb3JuaWtvdy5qcGciLCJzbGlkZXNob3ciOiJkNGEzZWNjIn0%3D\">\n\t\t\t\t\t<div class=\"e-gallery-image elementor-gallery-item__image\" data-thumbnail=\"https:\/\/www.lichen.pl\/wp-content\/uploads\/2021\/07\/27-Dzien-Represjonowanych-Zolnierzy-i-Gornikow-300x225.jpg\" data-width=\"300\" data-height=\"225\" aria-label=\"\" role=\"img\" ><\/div>\n\t\t\t\t\t\t\t\t\t\t\t<div class=\"elementor-gallery-item__overlay\"><\/div>\n\t\t\t\t\t\t\t\t\t\t\t\t\t\t<\/a>\n\t\t\t\t\t\t\t<a class=\"e-gallery-item elementor-gallery-item elementor-animated-content\" href=\"https:\/\/www.lichen.pl\/wp-content\/uploads\/2021\/07\/28-Dzien-Represjonowanych-Zolnierzy-i-Gornikow.jpg\" data-elementor-open-lightbox=\"yes\" data-elementor-lightbox-slideshow=\"d4a3ecc\" data-elementor-lightbox-title=\"Dzie\u0144 Represjonowanych \u017bo\u0142nierzy-G\u00f3rnik\u00f3w 13 lipca 2021\" data-e-action-hash=\"#elementor-action%3Aaction%3Dlightbox%26settings%3DeyJpZCI6MTkxOTQsInVybCI6Imh0dHBzOlwvXC93d3cubGljaGVuLnBsXC93cC1jb250ZW50XC91cGxvYWRzXC8yMDIxXC8wN1wvMjgtRHppZW4tUmVwcmVzam9ub3dhbnljaC1ab2xuaWVyenktaS1Hb3JuaWtvdy5qcGciLCJzbGlkZXNob3ciOiJkNGEzZWNjIn0%3D\">\n\t\t\t\t\t<div class=\"e-gallery-image elementor-gallery-item__image\" data-thumbnail=\"https:\/\/www.lichen.pl\/wp-content\/uploads\/2021\/07\/28-Dzien-Represjonowanych-Zolnierzy-i-Gornikow-300x225.jpg\" data-width=\"300\" data-height=\"225\" aria-label=\"\" role=\"img\" ><\/div>\n\t\t\t\t\t\t\t\t\t\t\t<div class=\"elementor-gallery-item__overlay\"><\/div>\n\t\t\t\t\t\t\t\t\t\t\t\t\t\t<\/a>\n\t\t\t\t\t\t\t<a class=\"e-gallery-item elementor-gallery-item elementor-animated-content\" href=\"https:\/\/www.lichen.pl\/wp-content\/uploads\/2021\/07\/29-Dzien-Represjonowanych-Zolnierzy-i-Gornikow.jpg\" data-elementor-open-lightbox=\"yes\" data-elementor-lightbox-slideshow=\"d4a3ecc\" data-elementor-lightbox-title=\"Dzie\u0144 Represjonowanych \u017bo\u0142nierzy-G\u00f3rnik\u00f3w 13 lipca 2021\" data-e-action-hash=\"#elementor-action%3Aaction%3Dlightbox%26settings%3DeyJpZCI6MTkxOTksInVybCI6Imh0dHBzOlwvXC93d3cubGljaGVuLnBsXC93cC1jb250ZW50XC91cGxvYWRzXC8yMDIxXC8wN1wvMjktRHppZW4tUmVwcmVzam9ub3dhbnljaC1ab2xuaWVyenktaS1Hb3JuaWtvdy5qcGciLCJzbGlkZXNob3ciOiJkNGEzZWNjIn0%3D\">\n\t\t\t\t\t<div class=\"e-gallery-image elementor-gallery-item__image\" data-thumbnail=\"https:\/\/www.lichen.pl\/wp-content\/uploads\/2021\/07\/29-Dzien-Represjonowanych-Zolnierzy-i-Gornikow-225x300.jpg\" data-width=\"225\" data-height=\"300\" aria-label=\"\" role=\"img\" ><\/div>\n\t\t\t\t\t\t\t\t\t\t\t<div class=\"elementor-gallery-item__overlay\"><\/div>\n\t\t\t\t\t\t\t\t\t\t\t\t\t\t<\/a>\n\t\t\t\t\t\t\t<a class=\"e-gallery-item elementor-gallery-item elementor-animated-content\" href=\"https:\/\/www.lichen.pl\/wp-content\/uploads\/2021\/07\/30-Dzien-Represjonowanych-Zolnierzy-i-Gornikow.jpg\" data-elementor-open-lightbox=\"yes\" data-elementor-lightbox-slideshow=\"d4a3ecc\" data-elementor-lightbox-title=\"Dzie\u0144 Represjonowanych \u017bo\u0142nierzy-G\u00f3rnik\u00f3w 13 lipca 2021\" data-e-action-hash=\"#elementor-action%3Aaction%3Dlightbox%26settings%3DeyJpZCI6MTkyMDQsInVybCI6Imh0dHBzOlwvXC93d3cubGljaGVuLnBsXC93cC1jb250ZW50XC91cGxvYWRzXC8yMDIxXC8wN1wvMzAtRHppZW4tUmVwcmVzam9ub3dhbnljaC1ab2xuaWVyenktaS1Hb3JuaWtvdy5qcGciLCJzbGlkZXNob3ciOiJkNGEzZWNjIn0%3D\">\n\t\t\t\t\t<div class=\"e-gallery-image elementor-gallery-item__image\" data-thumbnail=\"https:\/\/www.lichen.pl\/wp-content\/uploads\/2021\/07\/30-Dzien-Represjonowanych-Zolnierzy-i-Gornikow-225x300.jpg\" data-width=\"225\" data-height=\"300\" aria-label=\"\" role=\"img\" ><\/div>\n\t\t\t\t\t\t\t\t\t\t\t<div class=\"elementor-gallery-item__overlay\"><\/div>\n\t\t\t\t\t\t\t\t\t\t\t\t\t\t<\/a>\n\t\t\t\t\t\t\t<a class=\"e-gallery-item elementor-gallery-item elementor-animated-content\" href=\"https:\/\/www.lichen.pl\/wp-content\/uploads\/2021\/07\/31-Dzien-Represjonowanych-Zolnierzy-i-Gornikow.jpg\" data-elementor-open-lightbox=\"yes\" data-elementor-lightbox-slideshow=\"d4a3ecc\" data-elementor-lightbox-title=\"Dzie\u0144 Represjonowanych \u017bo\u0142nierzy-G\u00f3rnik\u00f3w 13 lipca 2021\" data-e-action-hash=\"#elementor-action%3Aaction%3Dlightbox%26settings%3DeyJpZCI6MTkyMDksInVybCI6Imh0dHBzOlwvXC93d3cubGljaGVuLnBsXC93cC1jb250ZW50XC91cGxvYWRzXC8yMDIxXC8wN1wvMzEtRHppZW4tUmVwcmVzam9ub3dhbnljaC1ab2xuaWVyenktaS1Hb3JuaWtvdy5qcGciLCJzbGlkZXNob3ciOiJkNGEzZWNjIn0%3D\">\n\t\t\t\t\t<div class=\"e-gallery-image elementor-gallery-item__image\" data-thumbnail=\"https:\/\/www.lichen.pl\/wp-content\/uploads\/2021\/07\/31-Dzien-Represjonowanych-Zolnierzy-i-Gornikow-225x300.jpg\" data-width=\"225\" data-height=\"300\" aria-label=\"\" role=\"img\" ><\/div>\n\t\t\t\t\t\t\t\t\t\t\t<div class=\"elementor-gallery-item__overlay\"><\/div>\n\t\t\t\t\t\t\t\t\t\t\t\t\t\t<\/a>\n\t\t\t\t\t<\/div>\n\t\t\t\t\t<\/div>\n\t\t\t\t<\/div>\n\t\t\t\t\t<\/div>\n\t\t<\/div>\n\t\t\t\t\t<\/div>\n\t\t<\/section>\n\t\t\t\t<section class=\"elementor-section elementor-top-section elementor-element elementor-element-b347ca8 elementor-section-boxed elementor-section-height-default elementor-section-height-default\" data-id=\"b347ca8\" data-element_type=\"section\" data-e-type=\"section\">\n\t\t\t\t\t\t<div class=\"elementor-container elementor-column-gap-default\">\n\t\t\t\t\t<div class=\"elementor-column elementor-col-100 elementor-top-column elementor-element elementor-element-fcfac55\" data-id=\"fcfac55\" data-element_type=\"column\" data-e-type=\"column\">\n\t\t\t<div class=\"elementor-widget-wrap elementor-element-populated\">\n\t\t\t\t\t\t<div class=\"elementor-element elementor-element-5849356 elementor-widget elementor-widget-text-editor\" data-id=\"5849356\" data-element_type=\"widget\" data-e-type=\"widget\" data-widget_type=\"text-editor.default\">\n\t\t\t\t<div class=\"elementor-widget-container\">\n\t\t\t\t\t\t\t\t\t<p>Text und Fotos: Sanctuary Press Office<\/p>\t\t\t\t\t\t\t\t<\/div>\n\t\t\t\t<\/div>\n\t\t\t\t<div class=\"elementor-element elementor-element-15fef0b elementor-widget-divider--view-line elementor-widget elementor-widget-divider\" data-id=\"15fef0b\" data-element_type=\"widget\" data-e-type=\"widget\" data-widget_type=\"divider.default\">\n\t\t\t\t<div class=\"elementor-widget-container\">\n\t\t\t\t\t\t\t<div class=\"elementor-divider\">\n\t\t\t<span class=\"elementor-divider-separator\">\n\t\t\t\t\t\t<\/span>\n\t\t<\/div>\n\t\t\t\t\t\t<\/div>\n\t\t\t\t<\/div>\n\t\t\t\t\t<\/div>\n\t\t<\/div>\n\t\t\t\t\t<\/div>\n\t\t<\/section>\n\t\t\t\t<\/div>","protected":false},"excerpt":{"rendered":"<p>Cz\u0142onkowie Zwi\u0105zku Represjonowanych \u017bo\u0142nierzy G\u00f3rnik\u00f3w dzi\u0119kowali Bogu w Sanktuarium Matki Bo\u017cej Liche\u0144skiej za 30 lat istnienia i ods\u0142aniania prawdy o komunistycznych prze\u015bladowaniach. Do liche\u0144skiego Sanktuarium przyby\u0142a Pielgrzymka Zwi\u0105zku Represjonowanych Politycznie \u017bo\u0142nierzy-G\u00f3rnik\u00f3w. Liche\u0144 Stary, 13 lipca 2021. Ju\u017c po raz 20. do liche\u0144skiego sanktuarium pielgrzymowali \u017co\u0142nierze g\u00f3rnicy, kt\u00f3rzy w latach 1949-1959 przymusowo pracowali w kamienio\u0142omach, kopalniach [&hellip;]<\/p>\n","protected":false},"author":2,"featured_media":19119,"comment_status":"open","ping_status":"open","sticky":false,"template":"","format":"standard","meta":{"footnotes":""},"categories":[1],"tags":[],"class_list":["post-19057","post","type-post","status-publish","format-standard","has-post-thumbnail","hentry","category-aktualnosci","wpbf-post"],"yoast_head":"<!-- This site is optimized with the Yoast SEO plugin v27.4 - https:\/\/yoast.com\/product\/yoast-seo-wordpress\/ -->\n<title>XX Pielgrzymka Represjonowanych \u017bo\u0142nierzy - G\u00f3rnik\u00f3w do Sanktuarium w Licheniu - SANKTUARIUM W LICHENIU<\/title>\n<meta name=\"robots\" content=\"index, follow, max-snippet:-1, max-image-preview:large, max-video-preview:-1\" \/>\n<link rel=\"canonical\" href=\"https:\/\/www.lichen.pl\/de\/dzien-z-bl-marianna-biernacka-dzien-modlitw-tesciowych-i-synowych-copy\/\" \/>\n<meta property=\"og:locale\" content=\"de_DE\" \/>\n<meta property=\"og:type\" content=\"article\" \/>\n<meta property=\"og:title\" content=\"XX Pielgrzymka Represjonowanych \u017bo\u0142nierzy - G\u00f3rnik\u00f3w do Sanktuarium w Licheniu - SANKTUARIUM W LICHENIU\" \/>\n<meta property=\"og:description\" content=\"Cz\u0142onkowie Zwi\u0105zku Represjonowanych \u017bo\u0142nierzy G\u00f3rnik\u00f3w dzi\u0119kowali Bogu w Sanktuarium Matki Bo\u017cej Liche\u0144skiej za 30 lat istnienia i ods\u0142aniania prawdy o komunistycznych prze\u015bladowaniach. Do liche\u0144skiego Sanktuarium przyby\u0142a Pielgrzymka Zwi\u0105zku Represjonowanych Politycznie \u017bo\u0142nierzy-G\u00f3rnik\u00f3w. Liche\u0144 Stary, 13 lipca 2021. Ju\u017c po raz 20. do liche\u0144skiego sanktuarium pielgrzymowali \u017co\u0142nierze g\u00f3rnicy, kt\u00f3rzy w latach 1949-1959 przymusowo pracowali w kamienio\u0142omach, kopalniach [&hellip;]\" \/>\n<meta property=\"og:url\" content=\"https:\/\/www.lichen.pl\/de\/dzien-z-bl-marianna-biernacka-dzien-modlitw-tesciowych-i-synowych-copy\/\" \/>\n<meta property=\"og:site_name\" content=\"SANKTUARIUM W LICHENIU\" \/>\n<meta property=\"article:published_time\" content=\"2021-07-13T18:06:35+00:00\" \/>\n<meta property=\"article:modified_time\" content=\"2021-07-14T12:38:42+00:00\" \/>\n<meta property=\"og:image\" content=\"https:\/\/www.lichen.pl\/wp-content\/uploads\/2021\/07\/13-Dzien-Represjonowanych-Zolnierzy-i-Gornikow.jpg\" \/>\n\t<meta property=\"og:image:width\" content=\"1200\" \/>\n\t<meta property=\"og:image:height\" content=\"901\" \/>\n\t<meta property=\"og:image:type\" content=\"image\/jpeg\" \/>\n<meta name=\"author\" content=\"Arkadiusz Gorgolewski\" \/>\n<meta name=\"twitter:card\" content=\"summary_large_image\" \/>\n<meta name=\"twitter:label1\" content=\"Verfasst von\" \/>\n\t<meta name=\"twitter:data1\" content=\"Arkadiusz Gorgolewski\" \/>\n\t<meta name=\"twitter:label2\" content=\"Gesch\u00e4tzte Lesezeit\" \/>\n\t<meta name=\"twitter:data2\" content=\"2\u00a0Minuten\" \/>\n<script type=\"application\/ld+json\" class=\"yoast-schema-graph\">{\"@context\":\"https:\\\/\\\/schema.org\",\"@graph\":[{\"@type\":\"Article\",\"@id\":\"https:\\\/\\\/www.lichen.pl\\\/en\\\/dzien-z-bl-marianna-biernacka-dzien-modlitw-tesciowych-i-synowych-copy\\\/#article\",\"isPartOf\":{\"@id\":\"https:\\\/\\\/www.lichen.pl\\\/en\\\/dzien-z-bl-marianna-biernacka-dzien-modlitw-tesciowych-i-synowych-copy\\\/\"},\"author\":{\"name\":\"Arkadiusz Gorgolewski\",\"@id\":\"https:\\\/\\\/www.lichen.pl\\\/fr\\\/#\\\/schema\\\/person\\\/56fc5b38d70a2b34983408f9a457fd9d\"},\"headline\":\"XX Pielgrzymka Represjonowanych \u017bo\u0142nierzy &#8211; G\u00f3rnik\u00f3w do Sanktuarium w Licheniu\",\"datePublished\":\"2021-07-13T18:06:35+00:00\",\"dateModified\":\"2021-07-14T12:38:42+00:00\",\"mainEntityOfPage\":{\"@id\":\"https:\\\/\\\/www.lichen.pl\\\/en\\\/dzien-z-bl-marianna-biernacka-dzien-modlitw-tesciowych-i-synowych-copy\\\/\"},\"wordCount\":432,\"commentCount\":0,\"image\":{\"@id\":\"https:\\\/\\\/www.lichen.pl\\\/en\\\/dzien-z-bl-marianna-biernacka-dzien-modlitw-tesciowych-i-synowych-copy\\\/#primaryimage\"},\"thumbnailUrl\":\"https:\\\/\\\/www.lichen.pl\\\/wp-content\\\/uploads\\\/2021\\\/07\\\/13-Dzien-Represjonowanych-Zolnierzy-i-Gornikow.jpg\",\"articleSection\":[\"Aktualno\u015bci\"],\"inLanguage\":\"de\",\"potentialAction\":[{\"@type\":\"CommentAction\",\"name\":\"Comment\",\"target\":[\"https:\\\/\\\/www.lichen.pl\\\/en\\\/dzien-z-bl-marianna-biernacka-dzien-modlitw-tesciowych-i-synowych-copy\\\/#respond\"]}]},{\"@type\":\"WebPage\",\"@id\":\"https:\\\/\\\/www.lichen.pl\\\/en\\\/dzien-z-bl-marianna-biernacka-dzien-modlitw-tesciowych-i-synowych-copy\\\/\",\"url\":\"https:\\\/\\\/www.lichen.pl\\\/en\\\/dzien-z-bl-marianna-biernacka-dzien-modlitw-tesciowych-i-synowych-copy\\\/\",\"name\":\"XX Pielgrzymka Represjonowanych \u017bo\u0142nierzy - G\u00f3rnik\u00f3w do Sanktuarium w Licheniu - SANKTUARIUM W LICHENIU\",\"isPartOf\":{\"@id\":\"https:\\\/\\\/www.lichen.pl\\\/fr\\\/#website\"},\"primaryImageOfPage\":{\"@id\":\"https:\\\/\\\/www.lichen.pl\\\/en\\\/dzien-z-bl-marianna-biernacka-dzien-modlitw-tesciowych-i-synowych-copy\\\/#primaryimage\"},\"image\":{\"@id\":\"https:\\\/\\\/www.lichen.pl\\\/en\\\/dzien-z-bl-marianna-biernacka-dzien-modlitw-tesciowych-i-synowych-copy\\\/#primaryimage\"},\"thumbnailUrl\":\"https:\\\/\\\/www.lichen.pl\\\/wp-content\\\/uploads\\\/2021\\\/07\\\/13-Dzien-Represjonowanych-Zolnierzy-i-Gornikow.jpg\",\"datePublished\":\"2021-07-13T18:06:35+00:00\",\"dateModified\":\"2021-07-14T12:38:42+00:00\",\"author\":{\"@id\":\"https:\\\/\\\/www.lichen.pl\\\/fr\\\/#\\\/schema\\\/person\\\/56fc5b38d70a2b34983408f9a457fd9d\"},\"breadcrumb\":{\"@id\":\"https:\\\/\\\/www.lichen.pl\\\/en\\\/dzien-z-bl-marianna-biernacka-dzien-modlitw-tesciowych-i-synowych-copy\\\/#breadcrumb\"},\"inLanguage\":\"de\",\"potentialAction\":[{\"@type\":\"ReadAction\",\"target\":[\"https:\\\/\\\/www.lichen.pl\\\/en\\\/dzien-z-bl-marianna-biernacka-dzien-modlitw-tesciowych-i-synowych-copy\\\/\"]}]},{\"@type\":\"ImageObject\",\"inLanguage\":\"de\",\"@id\":\"https:\\\/\\\/www.lichen.pl\\\/en\\\/dzien-z-bl-marianna-biernacka-dzien-modlitw-tesciowych-i-synowych-copy\\\/#primaryimage\",\"url\":\"https:\\\/\\\/www.lichen.pl\\\/wp-content\\\/uploads\\\/2021\\\/07\\\/13-Dzien-Represjonowanych-Zolnierzy-i-Gornikow.jpg\",\"contentUrl\":\"https:\\\/\\\/www.lichen.pl\\\/wp-content\\\/uploads\\\/2021\\\/07\\\/13-Dzien-Represjonowanych-Zolnierzy-i-Gornikow.jpg\",\"width\":1200,\"height\":901,\"caption\":\"Dzie\u0144 Represjonowanych \u017bo\u0142nierzy-G\u00f3rnik\u00f3w 13 lipca 2021\"},{\"@type\":\"BreadcrumbList\",\"@id\":\"https:\\\/\\\/www.lichen.pl\\\/en\\\/dzien-z-bl-marianna-biernacka-dzien-modlitw-tesciowych-i-synowych-copy\\\/#breadcrumb\",\"itemListElement\":[{\"@type\":\"ListItem\",\"position\":1,\"name\":\"Strona g\u0142\u00f3wna\",\"item\":\"https:\\\/\\\/www.lichen.pl\\\/\"},{\"@type\":\"ListItem\",\"position\":2,\"name\":\"XX Pielgrzymka Represjonowanych \u017bo\u0142nierzy &#8211; G\u00f3rnik\u00f3w do Sanktuarium w Licheniu\"}]},{\"@type\":\"WebSite\",\"@id\":\"https:\\\/\\\/www.lichen.pl\\\/fr\\\/#website\",\"url\":\"https:\\\/\\\/www.lichen.pl\\\/fr\\\/\",\"name\":\"SANKTUARIUM W LICHENIU\",\"description\":\"MATKI BO\u017bEJ LICHE\u0143SKIEJ BOLESNEJ KR\u00d3LOWEJ POLSKI\",\"potentialAction\":[{\"@type\":\"SearchAction\",\"target\":{\"@type\":\"EntryPoint\",\"urlTemplate\":\"https:\\\/\\\/www.lichen.pl\\\/fr\\\/?s={search_term_string}\"},\"query-input\":{\"@type\":\"PropertyValueSpecification\",\"valueRequired\":true,\"valueName\":\"search_term_string\"}}],\"inLanguage\":\"de\"},{\"@type\":\"Person\",\"@id\":\"https:\\\/\\\/www.lichen.pl\\\/fr\\\/#\\\/schema\\\/person\\\/56fc5b38d70a2b34983408f9a457fd9d\",\"name\":\"Arkadiusz Gorgolewski\",\"image\":{\"@type\":\"ImageObject\",\"inLanguage\":\"de\",\"@id\":\"https:\\\/\\\/secure.gravatar.com\\\/avatar\\\/0f571b370f5aa245b1fd3b9c945511b004fe17579bdefd5054d99f0ba315149c?s=96&d=retro&r=g\",\"url\":\"https:\\\/\\\/secure.gravatar.com\\\/avatar\\\/0f571b370f5aa245b1fd3b9c945511b004fe17579bdefd5054d99f0ba315149c?s=96&d=retro&r=g\",\"contentUrl\":\"https:\\\/\\\/secure.gravatar.com\\\/avatar\\\/0f571b370f5aa245b1fd3b9c945511b004fe17579bdefd5054d99f0ba315149c?s=96&d=retro&r=g\",\"caption\":\"Arkadiusz Gorgolewski\"},\"url\":\"https:\\\/\\\/www.lichen.pl\\\/de\\\/author\\\/sanadmin\\\/\"}]}<\/script>\n<!-- \/ Yoast SEO plugin. -->","yoast_head_json":{"title":"XX Pielgrzymka Represjonowanych \u017bo\u0142nierzy - G\u00f3rnik\u00f3w do Sanktuarium w Licheniu - SANKTUARIUM W LICHENIU","robots":{"index":"index","follow":"follow","max-snippet":"max-snippet:-1","max-image-preview":"max-image-preview:large","max-video-preview":"max-video-preview:-1"},"canonical":"https:\/\/www.lichen.pl\/de\/dzien-z-bl-marianna-biernacka-dzien-modlitw-tesciowych-i-synowych-copy\/","og_locale":"de_DE","og_type":"article","og_title":"XX Pielgrzymka Represjonowanych \u017bo\u0142nierzy - G\u00f3rnik\u00f3w do Sanktuarium w Licheniu - SANKTUARIUM W LICHENIU","og_description":"Cz\u0142onkowie Zwi\u0105zku Represjonowanych \u017bo\u0142nierzy G\u00f3rnik\u00f3w dzi\u0119kowali Bogu w Sanktuarium Matki Bo\u017cej Liche\u0144skiej za 30 lat istnienia i ods\u0142aniania prawdy o komunistycznych prze\u015bladowaniach. Do liche\u0144skiego Sanktuarium przyby\u0142a Pielgrzymka Zwi\u0105zku Represjonowanych Politycznie \u017bo\u0142nierzy-G\u00f3rnik\u00f3w. Liche\u0144 Stary, 13 lipca 2021. Ju\u017c po raz 20. do liche\u0144skiego sanktuarium pielgrzymowali \u017co\u0142nierze g\u00f3rnicy, kt\u00f3rzy w latach 1949-1959 przymusowo pracowali w kamienio\u0142omach, kopalniach [&hellip;]","og_url":"https:\/\/www.lichen.pl\/de\/dzien-z-bl-marianna-biernacka-dzien-modlitw-tesciowych-i-synowych-copy\/","og_site_name":"SANKTUARIUM W LICHENIU","article_published_time":"2021-07-13T18:06:35+00:00","article_modified_time":"2021-07-14T12:38:42+00:00","og_image":[{"width":1200,"height":901,"url":"https:\/\/www.lichen.pl\/wp-content\/uploads\/2021\/07\/13-Dzien-Represjonowanych-Zolnierzy-i-Gornikow.jpg","type":"image\/jpeg"}],"author":"Arkadiusz Gorgolewski","twitter_card":"summary_large_image","twitter_misc":{"Verfasst von":"Arkadiusz Gorgolewski","Gesch\u00e4tzte Lesezeit":"2\u00a0Minuten"},"schema":{"@context":"https:\/\/schema.org","@graph":[{"@type":"Article","@id":"https:\/\/www.lichen.pl\/en\/dzien-z-bl-marianna-biernacka-dzien-modlitw-tesciowych-i-synowych-copy\/#article","isPartOf":{"@id":"https:\/\/www.lichen.pl\/en\/dzien-z-bl-marianna-biernacka-dzien-modlitw-tesciowych-i-synowych-copy\/"},"author":{"name":"Arkadiusz Gorgolewski","@id":"https:\/\/www.lichen.pl\/fr\/#\/schema\/person\/56fc5b38d70a2b34983408f9a457fd9d"},"headline":"XX Pielgrzymka Represjonowanych \u017bo\u0142nierzy &#8211; G\u00f3rnik\u00f3w do Sanktuarium w Licheniu","datePublished":"2021-07-13T18:06:35+00:00","dateModified":"2021-07-14T12:38:42+00:00","mainEntityOfPage":{"@id":"https:\/\/www.lichen.pl\/en\/dzien-z-bl-marianna-biernacka-dzien-modlitw-tesciowych-i-synowych-copy\/"},"wordCount":432,"commentCount":0,"image":{"@id":"https:\/\/www.lichen.pl\/en\/dzien-z-bl-marianna-biernacka-dzien-modlitw-tesciowych-i-synowych-copy\/#primaryimage"},"thumbnailUrl":"https:\/\/www.lichen.pl\/wp-content\/uploads\/2021\/07\/13-Dzien-Represjonowanych-Zolnierzy-i-Gornikow.jpg","articleSection":["Aktualno\u015bci"],"inLanguage":"de","potentialAction":[{"@type":"CommentAction","name":"Comment","target":["https:\/\/www.lichen.pl\/en\/dzien-z-bl-marianna-biernacka-dzien-modlitw-tesciowych-i-synowych-copy\/#respond"]}]},{"@type":"WebPage","@id":"https:\/\/www.lichen.pl\/en\/dzien-z-bl-marianna-biernacka-dzien-modlitw-tesciowych-i-synowych-copy\/","url":"https:\/\/www.lichen.pl\/en\/dzien-z-bl-marianna-biernacka-dzien-modlitw-tesciowych-i-synowych-copy\/","name":"XX Pielgrzymka Represjonowanych \u017bo\u0142nierzy - G\u00f3rnik\u00f3w do Sanktuarium w Licheniu - SANKTUARIUM W LICHENIU","isPartOf":{"@id":"https:\/\/www.lichen.pl\/fr\/#website"},"primaryImageOfPage":{"@id":"https:\/\/www.lichen.pl\/en\/dzien-z-bl-marianna-biernacka-dzien-modlitw-tesciowych-i-synowych-copy\/#primaryimage"},"image":{"@id":"https:\/\/www.lichen.pl\/en\/dzien-z-bl-marianna-biernacka-dzien-modlitw-tesciowych-i-synowych-copy\/#primaryimage"},"thumbnailUrl":"https:\/\/www.lichen.pl\/wp-content\/uploads\/2021\/07\/13-Dzien-Represjonowanych-Zolnierzy-i-Gornikow.jpg","datePublished":"2021-07-13T18:06:35+00:00","dateModified":"2021-07-14T12:38:42+00:00","author":{"@id":"https:\/\/www.lichen.pl\/fr\/#\/schema\/person\/56fc5b38d70a2b34983408f9a457fd9d"},"breadcrumb":{"@id":"https:\/\/www.lichen.pl\/en\/dzien-z-bl-marianna-biernacka-dzien-modlitw-tesciowych-i-synowych-copy\/#breadcrumb"},"inLanguage":"de","potentialAction":[{"@type":"ReadAction","target":["https:\/\/www.lichen.pl\/en\/dzien-z-bl-marianna-biernacka-dzien-modlitw-tesciowych-i-synowych-copy\/"]}]},{"@type":"ImageObject","inLanguage":"de","@id":"https:\/\/www.lichen.pl\/en\/dzien-z-bl-marianna-biernacka-dzien-modlitw-tesciowych-i-synowych-copy\/#primaryimage","url":"https:\/\/www.lichen.pl\/wp-content\/uploads\/2021\/07\/13-Dzien-Represjonowanych-Zolnierzy-i-Gornikow.jpg","contentUrl":"https:\/\/www.lichen.pl\/wp-content\/uploads\/2021\/07\/13-Dzien-Represjonowanych-Zolnierzy-i-Gornikow.jpg","width":1200,"height":901,"caption":"Dzie\u0144 Represjonowanych \u017bo\u0142nierzy-G\u00f3rnik\u00f3w 13 lipca 2021"},{"@type":"BreadcrumbList","@id":"https:\/\/www.lichen.pl\/en\/dzien-z-bl-marianna-biernacka-dzien-modlitw-tesciowych-i-synowych-copy\/#breadcrumb","itemListElement":[{"@type":"ListItem","position":1,"name":"Strona g\u0142\u00f3wna","item":"https:\/\/www.lichen.pl\/"},{"@type":"ListItem","position":2,"name":"XX Pielgrzymka Represjonowanych \u017bo\u0142nierzy &#8211; G\u00f3rnik\u00f3w do Sanktuarium w Licheniu"}]},{"@type":"WebSite","@id":"https:\/\/www.lichen.pl\/fr\/#website","url":"https:\/\/www.lichen.pl\/fr\/","name":"HEILIGTUM IN LICHENIEN","description":"DIE TRAURIGE K\u00d6NIGIN UNSERER FLECHEN VON POLEN","potentialAction":[{"@type":"SearchAction","target":{"@type":"EntryPoint","urlTemplate":"https:\/\/www.lichen.pl\/fr\/?s={search_term_string}"},"query-input":{"@type":"PropertyValueSpecification","valueRequired":true,"valueName":"search_term_string"}}],"inLanguage":"de"},{"@type":"Person","@id":"https:\/\/www.lichen.pl\/fr\/#\/schema\/person\/56fc5b38d70a2b34983408f9a457fd9d","name":"Arkadiusz Gorgolewski","image":{"@type":"ImageObject","inLanguage":"de","@id":"https:\/\/secure.gravatar.com\/avatar\/0f571b370f5aa245b1fd3b9c945511b004fe17579bdefd5054d99f0ba315149c?s=96&d=retro&r=g","url":"https:\/\/secure.gravatar.com\/avatar\/0f571b370f5aa245b1fd3b9c945511b004fe17579bdefd5054d99f0ba315149c?s=96&d=retro&r=g","contentUrl":"https:\/\/secure.gravatar.com\/avatar\/0f571b370f5aa245b1fd3b9c945511b004fe17579bdefd5054d99f0ba315149c?s=96&d=retro&r=g","caption":"Arkadiusz Gorgolewski"},"url":"https:\/\/www.lichen.pl\/de\/author\/sanadmin\/"}]}},"_links":{"self":[{"href":"https:\/\/www.lichen.pl\/de\/wp-json\/wp\/v2\/posts\/19057","targetHints":{"allow":["GET"]}}],"collection":[{"href":"https:\/\/www.lichen.pl\/de\/wp-json\/wp\/v2\/posts"}],"about":[{"href":"https:\/\/www.lichen.pl\/de\/wp-json\/wp\/v2\/types\/post"}],"author":[{"embeddable":true,"href":"https:\/\/www.lichen.pl\/de\/wp-json\/wp\/v2\/users\/2"}],"replies":[{"embeddable":true,"href":"https:\/\/www.lichen.pl\/de\/wp-json\/wp\/v2\/comments?post=19057"}],"version-history":[{"count":5,"href":"https:\/\/www.lichen.pl\/de\/wp-json\/wp\/v2\/posts\/19057\/revisions"}],"predecessor-version":[{"id":19218,"href":"https:\/\/www.lichen.pl\/de\/wp-json\/wp\/v2\/posts\/19057\/revisions\/19218"}],"wp:featuredmedia":[{"embeddable":true,"href":"https:\/\/www.lichen.pl\/de\/wp-json\/wp\/v2\/media\/19119"}],"wp:attachment":[{"href":"https:\/\/www.lichen.pl\/de\/wp-json\/wp\/v2\/media?parent=19057"}],"wp:term":[{"taxonomy":"category","embeddable":true,"href":"https:\/\/www.lichen.pl\/de\/wp-json\/wp\/v2\/categories?post=19057"},{"taxonomy":"post_tag","embeddable":true,"href":"https:\/\/www.lichen.pl\/de\/wp-json\/wp\/v2\/tags?post=19057"}],"curies":[{"name":"wp","href":"https:\/\/api.w.org\/{rel}","templated":true}]}}