{"id":19416,"date":"2021-07-16T12:20:50","date_gmt":"2021-07-16T12:20:50","guid":{"rendered":"http:\/\/www.lichen.pl\/?p=19416"},"modified":"2021-07-20T15:54:18","modified_gmt":"2021-07-20T15:54:18","slug":"40-pielgrzymka-marianska-przybyla-do-sanktuarium-matki-bozej-lichenskiej-15-lipca-2021","status":"publish","type":"post","link":"https:\/\/www.lichen.pl\/de\/40-pielgrzymka-marianska-przybyla-do-sanktuarium-matki-bozej-lichenskiej-15-lipca-2021\/","title":{"rendered":"Die 40. Marienwallfahrt kam zum Heiligtum Unserer Lieben Frau von Liche\u0144"},"content":{"rendered":"<div data-elementor-type=\"wp-post\" data-elementor-id=\"19416\" class=\"elementor elementor-19416\" data-elementor-post-type=\"post\">\n\t\t\t\t\t\t<section class=\"elementor-section elementor-top-section elementor-element elementor-element-18d5cec elementor-section-boxed elementor-section-height-default elementor-section-height-default\" data-id=\"18d5cec\" data-element_type=\"section\" data-e-type=\"section\">\n\t\t\t\t\t\t<div class=\"elementor-container elementor-column-gap-default\">\n\t\t\t\t\t<div class=\"elementor-column elementor-col-100 elementor-top-column elementor-element elementor-element-6106202\" data-id=\"6106202\" data-element_type=\"column\" data-e-type=\"column\">\n\t\t\t<div class=\"elementor-widget-wrap elementor-element-populated\">\n\t\t\t\t\t\t<div class=\"elementor-element elementor-element-0dbe66d elementor-widget elementor-widget-heading\" data-id=\"0dbe66d\" data-element_type=\"widget\" data-e-type=\"widget\" data-widget_type=\"heading.default\">\n\t\t\t\t<div class=\"elementor-widget-container\">\n\t\t\t\t\t<h2 class=\"elementor-heading-title elementor-size-default\">Etwa 30 Menschen legten in neun Tagen 268 Kilometer zur\u00fcck. Die Pilger brachen am 7. Juli von G\u00f3ra Kalwaria auf, wo das Grab des hl. Pater Stanis\u0142aw Papczy\u0144ski, der Gr\u00fcnder der Kongregation der Marienv\u00e4ter.<\/h2>\t\t\t\t<\/div>\n\t\t\t\t<\/div>\n\t\t\t\t<section class=\"elementor-section elementor-inner-section elementor-element elementor-element-4fcb20c elementor-section-boxed elementor-section-height-default elementor-section-height-default\" data-id=\"4fcb20c\" data-element_type=\"section\" data-e-type=\"section\">\n\t\t\t\t\t\t<div class=\"elementor-container elementor-column-gap-default\">\n\t\t\t\t\t<div class=\"elementor-column elementor-col-50 elementor-inner-column elementor-element elementor-element-48471c9\" data-id=\"48471c9\" data-element_type=\"column\" data-e-type=\"column\">\n\t\t\t<div class=\"elementor-widget-wrap elementor-element-populated\">\n\t\t\t\t\t\t<div class=\"elementor-element elementor-element-600ef00 elementor-widget elementor-widget-image\" data-id=\"600ef00\" data-element_type=\"widget\" data-e-type=\"widget\" data-widget_type=\"image.default\">\n\t\t\t\t<div class=\"elementor-widget-container\">\n\t\t\t\t\t\t\t\t\t\t\t\t\t\t\t\t<a href=\"https:\/\/pielgrzymka7.wixsite.com\/pielgrzymka-lichenia\" target=\"_blank\">\n\t\t\t\t\t\t\t<img fetchpriority=\"high\" decoding=\"async\" width=\"768\" height=\"1085\" src=\"https:\/\/www.lichen.pl\/wp-content\/uploads\/2021\/07\/Plakat-768x1085.gif\" class=\"attachment-medium_large size-medium_large wp-image-19424\" alt=\"\" srcset=\"https:\/\/www.lichen.pl\/wp-content\/uploads\/2021\/07\/Plakat-768x1085.gif 768w, https:\/\/www.lichen.pl\/wp-content\/uploads\/2021\/07\/Plakat-scaled-800x1130.gif 800w, https:\/\/www.lichen.pl\/wp-content\/uploads\/2021\/07\/Plakat-212x300.gif 212w, https:\/\/www.lichen.pl\/wp-content\/uploads\/2021\/07\/Plakat-725x1024.gif 725w, https:\/\/www.lichen.pl\/wp-content\/uploads\/2021\/07\/Plakat-1449x2048.gif 1449w\" sizes=\"(max-width: 768px) 100vw, 768px\" \/>\t\t\t\t\t\t\t\t<\/a>\n\t\t\t\t\t\t\t\t\t\t\t\t\t\t\t<\/div>\n\t\t\t\t<\/div>\n\t\t\t\t\t<\/div>\n\t\t<\/div>\n\t\t\t\t<div class=\"elementor-column elementor-col-50 elementor-inner-column elementor-element elementor-element-29a1045\" data-id=\"29a1045\" data-element_type=\"column\" data-e-type=\"column\">\n\t\t\t<div class=\"elementor-widget-wrap elementor-element-populated\">\n\t\t\t\t\t\t<div class=\"elementor-element elementor-element-6ec034d elementor-widget elementor-widget-text-editor\" data-id=\"6ec034d\" data-element_type=\"widget\" data-e-type=\"widget\" data-widget_type=\"text-editor.default\">\n\t\t\t\t<div class=\"elementor-widget-container\">\n\t\t\t\t\t\t\t\t\t<p>Meine Seele verherrlicht den Herrn<\/p>\t\t\t\t\t\t\t\t<\/div>\n\t\t\t\t<\/div>\n\t\t\t\t<div class=\"elementor-element elementor-element-d6b3375 elementor-blockquote--skin-quotation elementor-widget elementor-widget-blockquote\" data-id=\"d6b3375\" data-element_type=\"widget\" data-e-type=\"widget\" data-widget_type=\"blockquote.default\">\n\t\t\t\t<div class=\"elementor-widget-container\">\n\t\t\t\t\t\t\t<blockquote class=\"elementor-blockquote\">\n\t\t\t<p class=\"elementor-blockquote__content\">\n\t\t\t\tWir legen den Schwerpunkt der Seele auf das Beten f\u00fcr die Toten, was Teil unseres marianischen Charismas ist ... Au\u00dfer Wasser und einem Sweatshirt im Rucksack nahmen alle ihre Absichten, Familie und Freunde mit. Sie reichten von Bitten um Gesundheit bis hin zu Gebeten f\u00fcr einen guten Ehemann. - Wir erinnern uns immer an unsere Verwandten und Wohlt\u00e4ter, die uns auf unserem Weg willkommen hei\u00dfen. Unsere Pilgerreise basiert auf dem guten Herzen einer anderen Person, die Wasser spendet, f\u00fcttert oder \u00fcber Nacht bleibt\t\t\t<\/p>\n\t\t\t\t\t\t\t<div class=\"e-q-footer\">\n\t\t\t\t\t\t\t\t\t\t\t<cite class=\"elementor-blockquote__author\">Fr. Kacper Pawlak, MIC, der Wallfahrtsw\u00e4chter<\/cite>\n\t\t\t\t\t\t\t\t\t\t\t\t\t\t<\/div>\n\t\t\t\t\t<\/blockquote>\n\t\t\t\t\t\t<\/div>\n\t\t\t\t<\/div>\n\t\t\t\t\t<\/div>\n\t\t<\/div>\n\t\t\t\t\t<\/div>\n\t\t<\/section>\n\t\t\t\t<div class=\"elementor-element elementor-element-dc0585d elementor-widget elementor-widget-text-editor\" data-id=\"dc0585d\" data-element_type=\"widget\" data-e-type=\"widget\" data-widget_type=\"text-editor.default\">\n\t\t\t\t<div class=\"elementor-widget-container\">\n\t\t\t\t\t\t\t\t\t<p>F\u00fcr Fr. Pawlak war eine einzigartige Pilgerfahrt, weil er sie zum ersten Mal leitete. - <em>Es ist eine gro\u00dfe Verantwortung. Ich ging nicht f\u00fcr mich und nicht als der Wichtigste, sondern als jemand, der sich um die Pilger k\u00fcmmert. Ich habe viel Erfahrung gesammelt<\/em> - r\u00e4umt ein und betont, dass alle Situationen Gott anvertraut werden sollten, \u00fcberzeugt davon, dass die Pilgerfahrt kein menschliches Werk ist, sondern Gottes Werk.<\/p>\t\t\t\t\t\t\t\t<\/div>\n\t\t\t\t<\/div>\n\t\t\t\t<div class=\"elementor-element elementor-element-4d19a5a elementor-widget elementor-widget-text-editor\" data-id=\"4d19a5a\" data-element_type=\"widget\" data-e-type=\"widget\" data-widget_type=\"text-editor.default\">\n\t\t\t\t<div class=\"elementor-widget-container\">\n\t\t\t\t\t\t\t\t\t<p>Familien mit Kindern, Gro\u00dfm\u00fctter mit Enkeln und einzelne Pilger im Alter von 11 bis \u00fcber 70 Jahren reisten unter dem Motto aus dem Magnificat durch Polen: <strong>\u201eMeine Seele verherrlicht den Herrn\u201c<\/strong>.<\/p><p>Unterwegs hatten die Teilnehmer auch die M\u00f6glichkeit, beichten zu k\u00f6nnen. Auch die Pfarrer der Pfarrgemeinden, in denen die Wallfahrt geblieben ist, spendeten gerne das Sakrament der Bu\u00dfe und Vers\u00f6hnung.<\/p><p>Neben den traditionellen Formen der Wallfahrtsfr\u00f6mmigkeit beteten die Pilger eine Novene zu St. Pater Papczy\u0144ski und betete den Rosenkranz der zehn Tugenden der seligen Jungfrau Maria.<\/p><p>Die Absichten, mit denen die Pilger reisten, wurden der Muttergottes von Liche\u0144 vor Augen gef\u00fchrt, und w\u00e4hrend des Marienappells in der Flechtenbasilika wurde der Angeh\u00f6rigen der Verstorbenen gedacht.<\/p><p>Die Wallfahrt endete mit einer feierlichen Heiligen Messe. 16. Juli um 10.00 Uhr<\/p>\t\t\t\t\t\t\t\t<\/div>\n\t\t\t\t<\/div>\n\t\t\t\t<div class=\"elementor-element elementor-element-bc1a229 elementor-widget elementor-widget-text-editor\" data-id=\"bc1a229\" data-element_type=\"widget\" data-e-type=\"widget\" data-widget_type=\"text-editor.default\">\n\t\t\t\t<div class=\"elementor-widget-container\">\n\t\t\t\t\t\t\t\t\t<p>Text und Fotos: Sanctuary Press Office<\/p>\t\t\t\t\t\t\t\t<\/div>\n\t\t\t\t<\/div>\n\t\t\t\t<div class=\"elementor-element elementor-element-d8d96cd elementor-widget-divider--view-line_icon elementor-view-default elementor-widget-divider--element-align-center elementor-widget elementor-widget-divider\" data-id=\"d8d96cd\" data-element_type=\"widget\" data-e-type=\"widget\" data-widget_type=\"divider.default\">\n\t\t\t\t<div class=\"elementor-widget-container\">\n\t\t\t\t\t\t\t<div class=\"elementor-divider\">\n\t\t\t<span class=\"elementor-divider-separator\">\n\t\t\t\t\t\t\t<div class=\"elementor-icon elementor-divider__element\">\n\t\t\t\t\t<i aria-hidden=\"true\" class=\"fas fa-camera\"><\/i><\/div>\n\t\t\t\t\t\t<\/span>\n\t\t<\/div>\n\t\t\t\t\t\t<\/div>\n\t\t\t\t<\/div>\n\t\t\t\t\t<\/div>\n\t\t<\/div>\n\t\t\t\t\t<\/div>\n\t\t<\/section>\n\t\t\t\t<section class=\"elementor-section elementor-top-section elementor-element elementor-element-4a7d53d elementor-section-boxed elementor-section-height-default elementor-section-height-default\" data-id=\"4a7d53d\" data-element_type=\"section\" data-e-type=\"section\">\n\t\t\t\t\t\t<div class=\"elementor-container elementor-column-gap-default\">\n\t\t\t\t\t<div class=\"elementor-column elementor-col-100 elementor-top-column elementor-element elementor-element-62aaead\" data-id=\"62aaead\" data-element_type=\"column\" data-e-type=\"column\">\n\t\t\t<div class=\"elementor-widget-wrap elementor-element-populated\">\n\t\t\t\t\t\t<div class=\"elementor-element elementor-element-0bacfa4 elementor-widget elementor-widget-gallery\" data-id=\"0bacfa4\" data-element_type=\"widget\" data-e-type=\"widget\" data-settings=\"{&quot;columns&quot;:6,&quot;lazyload&quot;:&quot;yes&quot;,&quot;gallery_layout&quot;:&quot;grid&quot;,&quot;columns_tablet&quot;:2,&quot;columns_mobile&quot;:1,&quot;gap&quot;:{&quot;unit&quot;:&quot;px&quot;,&quot;size&quot;:10,&quot;sizes&quot;:[]},&quot;gap_tablet&quot;:{&quot;unit&quot;:&quot;px&quot;,&quot;size&quot;:10,&quot;sizes&quot;:[]},&quot;gap_mobile&quot;:{&quot;unit&quot;:&quot;px&quot;,&quot;size&quot;:10,&quot;sizes&quot;:[]},&quot;link_to&quot;:&quot;file&quot;,&quot;aspect_ratio&quot;:&quot;3:2&quot;,&quot;overlay_background&quot;:&quot;yes&quot;,&quot;content_hover_animation&quot;:&quot;fade-in&quot;}\" data-widget_type=\"gallery.default\">\n\t\t\t\t<div class=\"elementor-widget-container\">\n\t\t\t\t\t\t\t<div class=\"elementor-gallery__container\">\n\t\t\t\t\t\t\t<a class=\"e-gallery-item elementor-gallery-item elementor-animated-content\" href=\"https:\/\/www.lichen.pl\/wp-content\/uploads\/2021\/07\/Plakat-scaled.gif\" data-elementor-open-lightbox=\"yes\" data-elementor-lightbox-slideshow=\"0bacfa4\" data-elementor-lightbox-title=\"40 Jubileuszowa Piesza Pielgrzymka Maria\u0144ska\" data-e-action-hash=\"#elementor-action%3Aaction%3Dlightbox%26settings%3DeyJpZCI6MTk0MjQsInVybCI6Imh0dHBzOlwvXC93d3cubGljaGVuLnBsXC93cC1jb250ZW50XC91cGxvYWRzXC8yMDIxXC8wN1wvUGxha2F0LXNjYWxlZC5naWYiLCJzbGlkZXNob3ciOiIwYmFjZmE0In0%3D\">\n\t\t\t\t\t<div class=\"e-gallery-image elementor-gallery-item__image\" data-thumbnail=\"https:\/\/www.lichen.pl\/wp-content\/uploads\/2021\/07\/Plakat-212x300.gif\" data-width=\"212\" data-height=\"300\" aria-label=\"\" role=\"img\" ><\/div>\n\t\t\t\t\t\t\t\t\t\t\t<div class=\"elementor-gallery-item__overlay\"><\/div>\n\t\t\t\t\t\t\t\t\t\t\t\t\t\t<\/a>\n\t\t\t\t\t\t\t<a class=\"e-gallery-item elementor-gallery-item elementor-animated-content\" href=\"https:\/\/www.lichen.pl\/wp-content\/uploads\/2021\/07\/1-Pielgrzymka-Marianska.jpg\" data-elementor-open-lightbox=\"yes\" data-elementor-lightbox-slideshow=\"0bacfa4\" data-elementor-lightbox-title=\"40 Jubileuszowa Piesza Pielgrzymka Maria\u0144ska\" data-e-action-hash=\"#elementor-action%3Aaction%3Dlightbox%26settings%3DeyJpZCI6MTk0MzksInVybCI6Imh0dHBzOlwvXC93d3cubGljaGVuLnBsXC93cC1jb250ZW50XC91cGxvYWRzXC8yMDIxXC8wN1wvMS1QaWVsZ3J6eW1rYS1NYXJpYW5za2EuanBnIiwic2xpZGVzaG93IjoiMGJhY2ZhNCJ9\">\n\t\t\t\t\t<div class=\"e-gallery-image elementor-gallery-item__image\" data-thumbnail=\"https:\/\/www.lichen.pl\/wp-content\/uploads\/2021\/07\/1-Pielgrzymka-Marianska-300x225.jpg\" data-width=\"300\" data-height=\"225\" aria-label=\"\" role=\"img\" ><\/div>\n\t\t\t\t\t\t\t\t\t\t\t<div class=\"elementor-gallery-item__overlay\"><\/div>\n\t\t\t\t\t\t\t\t\t\t\t\t\t\t<\/a>\n\t\t\t\t\t\t\t<a class=\"e-gallery-item elementor-gallery-item elementor-animated-content\" href=\"https:\/\/www.lichen.pl\/wp-content\/uploads\/2021\/07\/2-Pielgrzymka-Marianska.jpg\" data-elementor-open-lightbox=\"yes\" data-elementor-lightbox-slideshow=\"0bacfa4\" data-elementor-lightbox-title=\"40 Jubileuszowa Piesza Pielgrzymka Maria\u0144ska\" data-e-action-hash=\"#elementor-action%3Aaction%3Dlightbox%26settings%3DeyJpZCI6MTk0NDQsInVybCI6Imh0dHBzOlwvXC93d3cubGljaGVuLnBsXC93cC1jb250ZW50XC91cGxvYWRzXC8yMDIxXC8wN1wvMi1QaWVsZ3J6eW1rYS1NYXJpYW5za2EuanBnIiwic2xpZGVzaG93IjoiMGJhY2ZhNCJ9\">\n\t\t\t\t\t<div class=\"e-gallery-image elementor-gallery-item__image\" data-thumbnail=\"https:\/\/www.lichen.pl\/wp-content\/uploads\/2021\/07\/2-Pielgrzymka-Marianska-300x225.jpg\" data-width=\"300\" data-height=\"225\" aria-label=\"\" role=\"img\" ><\/div>\n\t\t\t\t\t\t\t\t\t\t\t<div class=\"elementor-gallery-item__overlay\"><\/div>\n\t\t\t\t\t\t\t\t\t\t\t\t\t\t<\/a>\n\t\t\t\t\t\t\t<a class=\"e-gallery-item elementor-gallery-item elementor-animated-content\" href=\"https:\/\/www.lichen.pl\/wp-content\/uploads\/2021\/07\/3-Pielgrzymka-Marianska.jpg\" data-elementor-open-lightbox=\"yes\" data-elementor-lightbox-slideshow=\"0bacfa4\" data-elementor-lightbox-title=\"40 Jubileuszowa Piesza Pielgrzymka Maria\u0144ska\" data-e-action-hash=\"#elementor-action%3Aaction%3Dlightbox%26settings%3DeyJpZCI6MTk0NDksInVybCI6Imh0dHBzOlwvXC93d3cubGljaGVuLnBsXC93cC1jb250ZW50XC91cGxvYWRzXC8yMDIxXC8wN1wvMy1QaWVsZ3J6eW1rYS1NYXJpYW5za2EuanBnIiwic2xpZGVzaG93IjoiMGJhY2ZhNCJ9\">\n\t\t\t\t\t<div class=\"e-gallery-image elementor-gallery-item__image\" data-thumbnail=\"https:\/\/www.lichen.pl\/wp-content\/uploads\/2021\/07\/3-Pielgrzymka-Marianska-300x225.jpg\" data-width=\"300\" data-height=\"225\" aria-label=\"\" role=\"img\" ><\/div>\n\t\t\t\t\t\t\t\t\t\t\t<div class=\"elementor-gallery-item__overlay\"><\/div>\n\t\t\t\t\t\t\t\t\t\t\t\t\t\t<\/a>\n\t\t\t\t\t\t\t<a class=\"e-gallery-item elementor-gallery-item elementor-animated-content\" href=\"https:\/\/www.lichen.pl\/wp-content\/uploads\/2021\/07\/4-Pielgrzymka-Marianska.jpg\" data-elementor-open-lightbox=\"yes\" data-elementor-lightbox-slideshow=\"0bacfa4\" data-elementor-lightbox-title=\"40 Jubileuszowa Piesza Pielgrzymka Maria\u0144ska\" data-e-action-hash=\"#elementor-action%3Aaction%3Dlightbox%26settings%3DeyJpZCI6MTk0NTQsInVybCI6Imh0dHBzOlwvXC93d3cubGljaGVuLnBsXC93cC1jb250ZW50XC91cGxvYWRzXC8yMDIxXC8wN1wvNC1QaWVsZ3J6eW1rYS1NYXJpYW5za2EuanBnIiwic2xpZGVzaG93IjoiMGJhY2ZhNCJ9\">\n\t\t\t\t\t<div class=\"e-gallery-image elementor-gallery-item__image\" data-thumbnail=\"https:\/\/www.lichen.pl\/wp-content\/uploads\/2021\/07\/4-Pielgrzymka-Marianska-300x225.jpg\" data-width=\"300\" data-height=\"225\" aria-label=\"\" role=\"img\" ><\/div>\n\t\t\t\t\t\t\t\t\t\t\t<div class=\"elementor-gallery-item__overlay\"><\/div>\n\t\t\t\t\t\t\t\t\t\t\t\t\t\t<\/a>\n\t\t\t\t\t\t\t<a class=\"e-gallery-item elementor-gallery-item elementor-animated-content\" href=\"https:\/\/www.lichen.pl\/wp-content\/uploads\/2021\/07\/6-Pielgrzymka-Marianska.jpg\" data-elementor-open-lightbox=\"yes\" data-elementor-lightbox-slideshow=\"0bacfa4\" data-elementor-lightbox-title=\"40 Jubileuszowa Piesza Pielgrzymka Maria\u0144ska\" data-e-action-hash=\"#elementor-action%3Aaction%3Dlightbox%26settings%3DeyJpZCI6MTk0MTcsInVybCI6Imh0dHBzOlwvXC93d3cubGljaGVuLnBsXC93cC1jb250ZW50XC91cGxvYWRzXC8yMDIxXC8wN1wvNi1QaWVsZ3J6eW1rYS1NYXJpYW5za2EuanBnIiwic2xpZGVzaG93IjoiMGJhY2ZhNCJ9\">\n\t\t\t\t\t<div class=\"e-gallery-image elementor-gallery-item__image\" data-thumbnail=\"https:\/\/www.lichen.pl\/wp-content\/uploads\/2021\/07\/6-Pielgrzymka-Marianska-300x225.jpg\" data-width=\"300\" data-height=\"225\" aria-label=\"\" role=\"img\" ><\/div>\n\t\t\t\t\t\t\t\t\t\t\t<div class=\"elementor-gallery-item__overlay\"><\/div>\n\t\t\t\t\t\t\t\t\t\t\t\t\t\t<\/a>\n\t\t\t\t\t\t\t<a class=\"e-gallery-item elementor-gallery-item elementor-animated-content\" href=\"https:\/\/www.lichen.pl\/wp-content\/uploads\/2021\/07\/5-Pielgrzymka-Marianska.jpg\" data-elementor-open-lightbox=\"yes\" data-elementor-lightbox-slideshow=\"0bacfa4\" data-elementor-lightbox-title=\"40 Jubileuszowa Piesza Pielgrzymka Maria\u0144ska\" data-e-action-hash=\"#elementor-action%3Aaction%3Dlightbox%26settings%3DeyJpZCI6MTk0NTksInVybCI6Imh0dHBzOlwvXC93d3cubGljaGVuLnBsXC93cC1jb250ZW50XC91cGxvYWRzXC8yMDIxXC8wN1wvNS1QaWVsZ3J6eW1rYS1NYXJpYW5za2EuanBnIiwic2xpZGVzaG93IjoiMGJhY2ZhNCJ9\">\n\t\t\t\t\t<div class=\"e-gallery-image elementor-gallery-item__image\" data-thumbnail=\"https:\/\/www.lichen.pl\/wp-content\/uploads\/2021\/07\/5-Pielgrzymka-Marianska-300x225.jpg\" data-width=\"300\" data-height=\"225\" aria-label=\"\" role=\"img\" ><\/div>\n\t\t\t\t\t\t\t\t\t\t\t<div class=\"elementor-gallery-item__overlay\"><\/div>\n\t\t\t\t\t\t\t\t\t\t\t\t\t\t<\/a>\n\t\t\t\t\t\t\t<a class=\"e-gallery-item elementor-gallery-item elementor-animated-content\" href=\"https:\/\/www.lichen.pl\/wp-content\/uploads\/2021\/07\/7-Pielgrzymka-Marianska.jpg\" data-elementor-open-lightbox=\"yes\" data-elementor-lightbox-slideshow=\"0bacfa4\" data-elementor-lightbox-title=\"40 Jubileuszowa Piesza Pielgrzymka Maria\u0144ska\" data-e-action-hash=\"#elementor-action%3Aaction%3Dlightbox%26settings%3DeyJpZCI6MTk0NjksInVybCI6Imh0dHBzOlwvXC93d3cubGljaGVuLnBsXC93cC1jb250ZW50XC91cGxvYWRzXC8yMDIxXC8wN1wvNy1QaWVsZ3J6eW1rYS1NYXJpYW5za2EuanBnIiwic2xpZGVzaG93IjoiMGJhY2ZhNCJ9\">\n\t\t\t\t\t<div class=\"e-gallery-image elementor-gallery-item__image\" data-thumbnail=\"https:\/\/www.lichen.pl\/wp-content\/uploads\/2021\/07\/7-Pielgrzymka-Marianska-300x225.jpg\" data-width=\"300\" data-height=\"225\" aria-label=\"\" role=\"img\" ><\/div>\n\t\t\t\t\t\t\t\t\t\t\t<div class=\"elementor-gallery-item__overlay\"><\/div>\n\t\t\t\t\t\t\t\t\t\t\t\t\t\t<\/a>\n\t\t\t\t\t\t\t<a class=\"e-gallery-item elementor-gallery-item elementor-animated-content\" href=\"https:\/\/www.lichen.pl\/wp-content\/uploads\/2021\/07\/8-Pielgrzymka-Marianska.jpg\" data-elementor-open-lightbox=\"yes\" data-elementor-lightbox-slideshow=\"0bacfa4\" data-elementor-lightbox-title=\"40 Jubileuszowa Piesza Pielgrzymka Maria\u0144ska\" data-e-action-hash=\"#elementor-action%3Aaction%3Dlightbox%26settings%3DeyJpZCI6MTk0NzQsInVybCI6Imh0dHBzOlwvXC93d3cubGljaGVuLnBsXC93cC1jb250ZW50XC91cGxvYWRzXC8yMDIxXC8wN1wvOC1QaWVsZ3J6eW1rYS1NYXJpYW5za2EuanBnIiwic2xpZGVzaG93IjoiMGJhY2ZhNCJ9\">\n\t\t\t\t\t<div class=\"e-gallery-image elementor-gallery-item__image\" data-thumbnail=\"https:\/\/www.lichen.pl\/wp-content\/uploads\/2021\/07\/8-Pielgrzymka-Marianska-300x225.jpg\" data-width=\"300\" data-height=\"225\" aria-label=\"\" role=\"img\" ><\/div>\n\t\t\t\t\t\t\t\t\t\t\t<div class=\"elementor-gallery-item__overlay\"><\/div>\n\t\t\t\t\t\t\t\t\t\t\t\t\t\t<\/a>\n\t\t\t\t\t\t\t<a class=\"e-gallery-item elementor-gallery-item elementor-animated-content\" href=\"https:\/\/www.lichen.pl\/wp-content\/uploads\/2021\/07\/9-Pielgrzymka-Marianska.jpg\" data-elementor-open-lightbox=\"yes\" data-elementor-lightbox-slideshow=\"0bacfa4\" data-elementor-lightbox-title=\"40 Jubileuszowa Piesza Pielgrzymka Maria\u0144ska\" data-e-action-hash=\"#elementor-action%3Aaction%3Dlightbox%26settings%3DeyJpZCI6MTk0NzksInVybCI6Imh0dHBzOlwvXC93d3cubGljaGVuLnBsXC93cC1jb250ZW50XC91cGxvYWRzXC8yMDIxXC8wN1wvOS1QaWVsZ3J6eW1rYS1NYXJpYW5za2EuanBnIiwic2xpZGVzaG93IjoiMGJhY2ZhNCJ9\">\n\t\t\t\t\t<div class=\"e-gallery-image elementor-gallery-item__image\" data-thumbnail=\"https:\/\/www.lichen.pl\/wp-content\/uploads\/2021\/07\/9-Pielgrzymka-Marianska-300x225.jpg\" data-width=\"300\" data-height=\"225\" aria-label=\"\" role=\"img\" ><\/div>\n\t\t\t\t\t\t\t\t\t\t\t<div class=\"elementor-gallery-item__overlay\"><\/div>\n\t\t\t\t\t\t\t\t\t\t\t\t\t\t<\/a>\n\t\t\t\t\t\t\t<a class=\"e-gallery-item elementor-gallery-item elementor-animated-content\" href=\"https:\/\/www.lichen.pl\/wp-content\/uploads\/2021\/07\/10-Pielgrzymka-Marianska.jpg\" data-elementor-open-lightbox=\"yes\" data-elementor-lightbox-slideshow=\"0bacfa4\" data-elementor-lightbox-title=\"40 Jubileuszowa Piesza Pielgrzymka Maria\u0144ska\" data-e-action-hash=\"#elementor-action%3Aaction%3Dlightbox%26settings%3DeyJpZCI6MTk0ODQsInVybCI6Imh0dHBzOlwvXC93d3cubGljaGVuLnBsXC93cC1jb250ZW50XC91cGxvYWRzXC8yMDIxXC8wN1wvMTAtUGllbGdyenlta2EtTWFyaWFuc2thLmpwZyIsInNsaWRlc2hvdyI6IjBiYWNmYTQifQ%3D%3D\">\n\t\t\t\t\t<div class=\"e-gallery-image elementor-gallery-item__image\" data-thumbnail=\"https:\/\/www.lichen.pl\/wp-content\/uploads\/2021\/07\/10-Pielgrzymka-Marianska-300x225.jpg\" data-width=\"300\" data-height=\"225\" aria-label=\"\" role=\"img\" ><\/div>\n\t\t\t\t\t\t\t\t\t\t\t<div class=\"elementor-gallery-item__overlay\"><\/div>\n\t\t\t\t\t\t\t\t\t\t\t\t\t\t<\/a>\n\t\t\t\t\t\t\t<a class=\"e-gallery-item elementor-gallery-item elementor-animated-content\" href=\"https:\/\/www.lichen.pl\/wp-content\/uploads\/2021\/07\/11-Pielgrzymka-Marianska.jpg\" data-elementor-open-lightbox=\"yes\" data-elementor-lightbox-slideshow=\"0bacfa4\" data-elementor-lightbox-title=\"40 Jubileuszowa Piesza Pielgrzymka Maria\u0144ska\" data-e-action-hash=\"#elementor-action%3Aaction%3Dlightbox%26settings%3DeyJpZCI6MTk0ODksInVybCI6Imh0dHBzOlwvXC93d3cubGljaGVuLnBsXC93cC1jb250ZW50XC91cGxvYWRzXC8yMDIxXC8wN1wvMTEtUGllbGdyenlta2EtTWFyaWFuc2thLmpwZyIsInNsaWRlc2hvdyI6IjBiYWNmYTQifQ%3D%3D\">\n\t\t\t\t\t<div class=\"e-gallery-image elementor-gallery-item__image\" data-thumbnail=\"https:\/\/www.lichen.pl\/wp-content\/uploads\/2021\/07\/11-Pielgrzymka-Marianska-300x225.jpg\" data-width=\"300\" data-height=\"225\" aria-label=\"\" role=\"img\" ><\/div>\n\t\t\t\t\t\t\t\t\t\t\t<div class=\"elementor-gallery-item__overlay\"><\/div>\n\t\t\t\t\t\t\t\t\t\t\t\t\t\t<\/a>\n\t\t\t\t\t<\/div>\n\t\t\t\t\t<\/div>\n\t\t\t\t<\/div>\n\t\t\t\t\t<\/div>\n\t\t<\/div>\n\t\t\t\t\t<\/div>\n\t\t<\/section>\n\t\t\t\t<section class=\"elementor-section elementor-top-section elementor-element elementor-element-c8d12f1 elementor-section-boxed elementor-section-height-default elementor-section-height-default\" data-id=\"c8d12f1\" data-element_type=\"section\" data-e-type=\"section\">\n\t\t\t\t\t\t<div class=\"elementor-container elementor-column-gap-default\">\n\t\t\t\t\t<div class=\"elementor-column elementor-col-100 elementor-top-column elementor-element elementor-element-2e91572\" data-id=\"2e91572\" data-element_type=\"column\" data-e-type=\"column\">\n\t\t\t<div class=\"elementor-widget-wrap elementor-element-populated\">\n\t\t\t\t\t\t<div class=\"elementor-element elementor-element-df6c247 elementor-widget-divider--view-line elementor-widget elementor-widget-divider\" data-id=\"df6c247\" data-element_type=\"widget\" data-e-type=\"widget\" data-widget_type=\"divider.default\">\n\t\t\t\t<div class=\"elementor-widget-container\">\n\t\t\t\t\t\t\t<div class=\"elementor-divider\">\n\t\t\t<span class=\"elementor-divider-separator\">\n\t\t\t\t\t\t<\/span>\n\t\t<\/div>\n\t\t\t\t\t\t<\/div>\n\t\t\t\t<\/div>\n\t\t\t\t\t<\/div>\n\t\t<\/div>\n\t\t\t\t\t<\/div>\n\t\t<\/section>\n\t\t\t\t<\/div>","protected":false},"excerpt":{"rendered":"<p>Oko\u0142o 30 os\u00f3b przemierzy\u0142o 268 kilometr\u00f3w w dziewi\u0119\u0107 dni. P\u0105tnicy wyruszyli 7 lipca z G\u00f3ry Kalwarii, gdzie znajduje si\u0119 gr\u00f3b \u015bw. o. Stanis\u0142awa Papczy\u0144skiego, za\u0142o\u017cyciela Zgromadzenia Ksi\u0119\u017cy Marian\u00f3w. Wielbi dusza moja Pana K\u0142adli\u015bmy duszy nacisk na modlitw\u0119 za zmar\u0142ych, kt\u00f3ra mie\u015bci si\u0119 w naszym maria\u0144skim charyzmacie&#8230; Opr\u00f3cz wody i bluzy w plecaku, ka\u017cdy zabra\u0142 ze [&hellip;]<\/p>\n","protected":false},"author":2,"featured_media":19417,"comment_status":"open","ping_status":"open","sticky":false,"template":"","format":"standard","meta":{"footnotes":""},"categories":[1],"tags":[],"class_list":["post-19416","post","type-post","status-publish","format-standard","has-post-thumbnail","hentry","category-aktualnosci","wpbf-post"],"yoast_head":"<!-- This site is optimized with the Yoast SEO plugin v27.4 - https:\/\/yoast.com\/product\/yoast-seo-wordpress\/ -->\n<title>40. Pielgrzymka Maria\u0144ska przyby\u0142a do Sanktuarium Matki Bo\u017cej Liche\u0144skiej - SANKTUARIUM W LICHENIU<\/title>\n<meta name=\"robots\" content=\"index, follow, max-snippet:-1, max-image-preview:large, max-video-preview:-1\" \/>\n<link rel=\"canonical\" href=\"http:\/\/www.lichen.pl\/de\/40-pielgrzymka-marianska-przybyla-do-sanktuarium-matki-bozej-lichenskiej-15-lipca-2021\/\" \/>\n<meta property=\"og:locale\" content=\"de_DE\" \/>\n<meta property=\"og:type\" content=\"article\" \/>\n<meta property=\"og:title\" content=\"40. Pielgrzymka Maria\u0144ska przyby\u0142a do Sanktuarium Matki Bo\u017cej Liche\u0144skiej - SANKTUARIUM W LICHENIU\" \/>\n<meta property=\"og:description\" content=\"Oko\u0142o 30 os\u00f3b przemierzy\u0142o 268 kilometr\u00f3w w dziewi\u0119\u0107 dni. P\u0105tnicy wyruszyli 7 lipca z G\u00f3ry Kalwarii, gdzie znajduje si\u0119 gr\u00f3b \u015bw. o. Stanis\u0142awa Papczy\u0144skiego, za\u0142o\u017cyciela Zgromadzenia Ksi\u0119\u017cy Marian\u00f3w. Wielbi dusza moja Pana K\u0142adli\u015bmy duszy nacisk na modlitw\u0119 za zmar\u0142ych, kt\u00f3ra mie\u015bci si\u0119 w naszym maria\u0144skim charyzmacie&#8230; Opr\u00f3cz wody i bluzy w plecaku, ka\u017cdy zabra\u0142 ze [&hellip;]\" \/>\n<meta property=\"og:url\" content=\"http:\/\/www.lichen.pl\/de\/40-pielgrzymka-marianska-przybyla-do-sanktuarium-matki-bozej-lichenskiej-15-lipca-2021\/\" \/>\n<meta property=\"og:site_name\" content=\"SANKTUARIUM W LICHENIU\" \/>\n<meta property=\"article:published_time\" content=\"2021-07-16T12:20:50+00:00\" \/>\n<meta property=\"article:modified_time\" content=\"2021-07-20T15:54:18+00:00\" \/>\n<meta property=\"og:image\" content=\"http:\/\/www.lichen.pl\/wp-content\/uploads\/2021\/07\/6-Pielgrzymka-Marianska.jpg\" \/>\n\t<meta property=\"og:image:width\" content=\"1200\" \/>\n\t<meta property=\"og:image:height\" content=\"901\" \/>\n\t<meta property=\"og:image:type\" content=\"image\/jpeg\" \/>\n<meta name=\"author\" content=\"Arkadiusz Gorgolewski\" \/>\n<meta name=\"twitter:card\" content=\"summary_large_image\" \/>\n<meta name=\"twitter:label1\" content=\"Verfasst von\" \/>\n\t<meta name=\"twitter:data1\" content=\"Arkadiusz Gorgolewski\" \/>\n\t<meta name=\"twitter:label2\" content=\"Gesch\u00e4tzte Lesezeit\" \/>\n\t<meta name=\"twitter:data2\" content=\"2\u00a0Minuten\" \/>\n<script type=\"application\/ld+json\" class=\"yoast-schema-graph\">{\"@context\":\"https:\\\/\\\/schema.org\",\"@graph\":[{\"@type\":\"Article\",\"@id\":\"http:\\\/\\\/www.lichen.pl\\\/en\\\/40-pielgrzymka-marianska-przybyla-do-sanktuarium-matki-bozej-lichenskiej-15-lipca-2021\\\/#article\",\"isPartOf\":{\"@id\":\"http:\\\/\\\/www.lichen.pl\\\/en\\\/40-pielgrzymka-marianska-przybyla-do-sanktuarium-matki-bozej-lichenskiej-15-lipca-2021\\\/\"},\"author\":{\"name\":\"Arkadiusz Gorgolewski\",\"@id\":\"https:\\\/\\\/www.lichen.pl\\\/fr\\\/#\\\/schema\\\/person\\\/56fc5b38d70a2b34983408f9a457fd9d\"},\"headline\":\"40. Pielgrzymka Maria\u0144ska przyby\u0142a do Sanktuarium Matki Bo\u017cej Liche\u0144skiej\",\"datePublished\":\"2021-07-16T12:20:50+00:00\",\"dateModified\":\"2021-07-20T15:54:18+00:00\",\"mainEntityOfPage\":{\"@id\":\"http:\\\/\\\/www.lichen.pl\\\/en\\\/40-pielgrzymka-marianska-przybyla-do-sanktuarium-matki-bozej-lichenskiej-15-lipca-2021\\\/\"},\"wordCount\":350,\"commentCount\":0,\"image\":{\"@id\":\"http:\\\/\\\/www.lichen.pl\\\/en\\\/40-pielgrzymka-marianska-przybyla-do-sanktuarium-matki-bozej-lichenskiej-15-lipca-2021\\\/#primaryimage\"},\"thumbnailUrl\":\"https:\\\/\\\/www.lichen.pl\\\/wp-content\\\/uploads\\\/2021\\\/07\\\/6-Pielgrzymka-Marianska.jpg\",\"articleSection\":[\"Aktualno\u015bci\"],\"inLanguage\":\"de\",\"potentialAction\":[{\"@type\":\"CommentAction\",\"name\":\"Comment\",\"target\":[\"http:\\\/\\\/www.lichen.pl\\\/en\\\/40-pielgrzymka-marianska-przybyla-do-sanktuarium-matki-bozej-lichenskiej-15-lipca-2021\\\/#respond\"]}]},{\"@type\":\"WebPage\",\"@id\":\"http:\\\/\\\/www.lichen.pl\\\/en\\\/40-pielgrzymka-marianska-przybyla-do-sanktuarium-matki-bozej-lichenskiej-15-lipca-2021\\\/\",\"url\":\"http:\\\/\\\/www.lichen.pl\\\/en\\\/40-pielgrzymka-marianska-przybyla-do-sanktuarium-matki-bozej-lichenskiej-15-lipca-2021\\\/\",\"name\":\"40. Pielgrzymka Maria\u0144ska przyby\u0142a do Sanktuarium Matki Bo\u017cej Liche\u0144skiej - SANKTUARIUM W LICHENIU\",\"isPartOf\":{\"@id\":\"https:\\\/\\\/www.lichen.pl\\\/fr\\\/#website\"},\"primaryImageOfPage\":{\"@id\":\"http:\\\/\\\/www.lichen.pl\\\/en\\\/40-pielgrzymka-marianska-przybyla-do-sanktuarium-matki-bozej-lichenskiej-15-lipca-2021\\\/#primaryimage\"},\"image\":{\"@id\":\"http:\\\/\\\/www.lichen.pl\\\/en\\\/40-pielgrzymka-marianska-przybyla-do-sanktuarium-matki-bozej-lichenskiej-15-lipca-2021\\\/#primaryimage\"},\"thumbnailUrl\":\"https:\\\/\\\/www.lichen.pl\\\/wp-content\\\/uploads\\\/2021\\\/07\\\/6-Pielgrzymka-Marianska.jpg\",\"datePublished\":\"2021-07-16T12:20:50+00:00\",\"dateModified\":\"2021-07-20T15:54:18+00:00\",\"author\":{\"@id\":\"https:\\\/\\\/www.lichen.pl\\\/fr\\\/#\\\/schema\\\/person\\\/56fc5b38d70a2b34983408f9a457fd9d\"},\"breadcrumb\":{\"@id\":\"http:\\\/\\\/www.lichen.pl\\\/en\\\/40-pielgrzymka-marianska-przybyla-do-sanktuarium-matki-bozej-lichenskiej-15-lipca-2021\\\/#breadcrumb\"},\"inLanguage\":\"de\",\"potentialAction\":[{\"@type\":\"ReadAction\",\"target\":[\"http:\\\/\\\/www.lichen.pl\\\/en\\\/40-pielgrzymka-marianska-przybyla-do-sanktuarium-matki-bozej-lichenskiej-15-lipca-2021\\\/\"]}]},{\"@type\":\"ImageObject\",\"inLanguage\":\"de\",\"@id\":\"http:\\\/\\\/www.lichen.pl\\\/en\\\/40-pielgrzymka-marianska-przybyla-do-sanktuarium-matki-bozej-lichenskiej-15-lipca-2021\\\/#primaryimage\",\"url\":\"https:\\\/\\\/www.lichen.pl\\\/wp-content\\\/uploads\\\/2021\\\/07\\\/6-Pielgrzymka-Marianska.jpg\",\"contentUrl\":\"https:\\\/\\\/www.lichen.pl\\\/wp-content\\\/uploads\\\/2021\\\/07\\\/6-Pielgrzymka-Marianska.jpg\",\"width\":1200,\"height\":901,\"caption\":\"40 Jubileuszowa Piesza Pielgrzymka Maria\u0144ska\"},{\"@type\":\"BreadcrumbList\",\"@id\":\"http:\\\/\\\/www.lichen.pl\\\/en\\\/40-pielgrzymka-marianska-przybyla-do-sanktuarium-matki-bozej-lichenskiej-15-lipca-2021\\\/#breadcrumb\",\"itemListElement\":[{\"@type\":\"ListItem\",\"position\":1,\"name\":\"Strona g\u0142\u00f3wna\",\"item\":\"https:\\\/\\\/www.lichen.pl\\\/\"},{\"@type\":\"ListItem\",\"position\":2,\"name\":\"40. Pielgrzymka Maria\u0144ska przyby\u0142a do Sanktuarium Matki Bo\u017cej Liche\u0144skiej\"}]},{\"@type\":\"WebSite\",\"@id\":\"https:\\\/\\\/www.lichen.pl\\\/fr\\\/#website\",\"url\":\"https:\\\/\\\/www.lichen.pl\\\/fr\\\/\",\"name\":\"SANKTUARIUM W LICHENIU\",\"description\":\"MATKI BO\u017bEJ LICHE\u0143SKIEJ BOLESNEJ KR\u00d3LOWEJ POLSKI\",\"potentialAction\":[{\"@type\":\"SearchAction\",\"target\":{\"@type\":\"EntryPoint\",\"urlTemplate\":\"https:\\\/\\\/www.lichen.pl\\\/fr\\\/?s={search_term_string}\"},\"query-input\":{\"@type\":\"PropertyValueSpecification\",\"valueRequired\":true,\"valueName\":\"search_term_string\"}}],\"inLanguage\":\"de\"},{\"@type\":\"Person\",\"@id\":\"https:\\\/\\\/www.lichen.pl\\\/fr\\\/#\\\/schema\\\/person\\\/56fc5b38d70a2b34983408f9a457fd9d\",\"name\":\"Arkadiusz Gorgolewski\",\"image\":{\"@type\":\"ImageObject\",\"inLanguage\":\"de\",\"@id\":\"https:\\\/\\\/secure.gravatar.com\\\/avatar\\\/0f571b370f5aa245b1fd3b9c945511b004fe17579bdefd5054d99f0ba315149c?s=96&d=retro&r=g\",\"url\":\"https:\\\/\\\/secure.gravatar.com\\\/avatar\\\/0f571b370f5aa245b1fd3b9c945511b004fe17579bdefd5054d99f0ba315149c?s=96&d=retro&r=g\",\"contentUrl\":\"https:\\\/\\\/secure.gravatar.com\\\/avatar\\\/0f571b370f5aa245b1fd3b9c945511b004fe17579bdefd5054d99f0ba315149c?s=96&d=retro&r=g\",\"caption\":\"Arkadiusz Gorgolewski\"},\"url\":\"https:\\\/\\\/www.lichen.pl\\\/de\\\/author\\\/sanadmin\\\/\"}]}<\/script>\n<!-- \/ Yoast SEO plugin. -->","yoast_head_json":{"title":"40. Pielgrzymka Maria\u0144ska przyby\u0142a do Sanktuarium Matki Bo\u017cej Liche\u0144skiej - SANKTUARIUM W LICHENIU","robots":{"index":"index","follow":"follow","max-snippet":"max-snippet:-1","max-image-preview":"max-image-preview:large","max-video-preview":"max-video-preview:-1"},"canonical":"http:\/\/www.lichen.pl\/de\/40-pielgrzymka-marianska-przybyla-do-sanktuarium-matki-bozej-lichenskiej-15-lipca-2021\/","og_locale":"de_DE","og_type":"article","og_title":"40. Pielgrzymka Maria\u0144ska przyby\u0142a do Sanktuarium Matki Bo\u017cej Liche\u0144skiej - SANKTUARIUM W LICHENIU","og_description":"Oko\u0142o 30 os\u00f3b przemierzy\u0142o 268 kilometr\u00f3w w dziewi\u0119\u0107 dni. P\u0105tnicy wyruszyli 7 lipca z G\u00f3ry Kalwarii, gdzie znajduje si\u0119 gr\u00f3b \u015bw. o. Stanis\u0142awa Papczy\u0144skiego, za\u0142o\u017cyciela Zgromadzenia Ksi\u0119\u017cy Marian\u00f3w. Wielbi dusza moja Pana K\u0142adli\u015bmy duszy nacisk na modlitw\u0119 za zmar\u0142ych, kt\u00f3ra mie\u015bci si\u0119 w naszym maria\u0144skim charyzmacie&#8230; Opr\u00f3cz wody i bluzy w plecaku, ka\u017cdy zabra\u0142 ze [&hellip;]","og_url":"http:\/\/www.lichen.pl\/de\/40-pielgrzymka-marianska-przybyla-do-sanktuarium-matki-bozej-lichenskiej-15-lipca-2021\/","og_site_name":"SANKTUARIUM W LICHENIU","article_published_time":"2021-07-16T12:20:50+00:00","article_modified_time":"2021-07-20T15:54:18+00:00","og_image":[{"width":1200,"height":901,"url":"http:\/\/www.lichen.pl\/wp-content\/uploads\/2021\/07\/6-Pielgrzymka-Marianska.jpg","type":"image\/jpeg"}],"author":"Arkadiusz Gorgolewski","twitter_card":"summary_large_image","twitter_misc":{"Verfasst von":"Arkadiusz Gorgolewski","Gesch\u00e4tzte Lesezeit":"2\u00a0Minuten"},"schema":{"@context":"https:\/\/schema.org","@graph":[{"@type":"Article","@id":"http:\/\/www.lichen.pl\/en\/40-pielgrzymka-marianska-przybyla-do-sanktuarium-matki-bozej-lichenskiej-15-lipca-2021\/#article","isPartOf":{"@id":"http:\/\/www.lichen.pl\/en\/40-pielgrzymka-marianska-przybyla-do-sanktuarium-matki-bozej-lichenskiej-15-lipca-2021\/"},"author":{"name":"Arkadiusz Gorgolewski","@id":"https:\/\/www.lichen.pl\/fr\/#\/schema\/person\/56fc5b38d70a2b34983408f9a457fd9d"},"headline":"40. Pielgrzymka Maria\u0144ska przyby\u0142a do Sanktuarium Matki Bo\u017cej Liche\u0144skiej","datePublished":"2021-07-16T12:20:50+00:00","dateModified":"2021-07-20T15:54:18+00:00","mainEntityOfPage":{"@id":"http:\/\/www.lichen.pl\/en\/40-pielgrzymka-marianska-przybyla-do-sanktuarium-matki-bozej-lichenskiej-15-lipca-2021\/"},"wordCount":350,"commentCount":0,"image":{"@id":"http:\/\/www.lichen.pl\/en\/40-pielgrzymka-marianska-przybyla-do-sanktuarium-matki-bozej-lichenskiej-15-lipca-2021\/#primaryimage"},"thumbnailUrl":"https:\/\/www.lichen.pl\/wp-content\/uploads\/2021\/07\/6-Pielgrzymka-Marianska.jpg","articleSection":["Aktualno\u015bci"],"inLanguage":"de","potentialAction":[{"@type":"CommentAction","name":"Comment","target":["http:\/\/www.lichen.pl\/en\/40-pielgrzymka-marianska-przybyla-do-sanktuarium-matki-bozej-lichenskiej-15-lipca-2021\/#respond"]}]},{"@type":"WebPage","@id":"http:\/\/www.lichen.pl\/en\/40-pielgrzymka-marianska-przybyla-do-sanktuarium-matki-bozej-lichenskiej-15-lipca-2021\/","url":"http:\/\/www.lichen.pl\/en\/40-pielgrzymka-marianska-przybyla-do-sanktuarium-matki-bozej-lichenskiej-15-lipca-2021\/","name":"40. Pielgrzymka Maria\u0144ska przyby\u0142a do Sanktuarium Matki Bo\u017cej Liche\u0144skiej - SANKTUARIUM W LICHENIU","isPartOf":{"@id":"https:\/\/www.lichen.pl\/fr\/#website"},"primaryImageOfPage":{"@id":"http:\/\/www.lichen.pl\/en\/40-pielgrzymka-marianska-przybyla-do-sanktuarium-matki-bozej-lichenskiej-15-lipca-2021\/#primaryimage"},"image":{"@id":"http:\/\/www.lichen.pl\/en\/40-pielgrzymka-marianska-przybyla-do-sanktuarium-matki-bozej-lichenskiej-15-lipca-2021\/#primaryimage"},"thumbnailUrl":"https:\/\/www.lichen.pl\/wp-content\/uploads\/2021\/07\/6-Pielgrzymka-Marianska.jpg","datePublished":"2021-07-16T12:20:50+00:00","dateModified":"2021-07-20T15:54:18+00:00","author":{"@id":"https:\/\/www.lichen.pl\/fr\/#\/schema\/person\/56fc5b38d70a2b34983408f9a457fd9d"},"breadcrumb":{"@id":"http:\/\/www.lichen.pl\/en\/40-pielgrzymka-marianska-przybyla-do-sanktuarium-matki-bozej-lichenskiej-15-lipca-2021\/#breadcrumb"},"inLanguage":"de","potentialAction":[{"@type":"ReadAction","target":["http:\/\/www.lichen.pl\/en\/40-pielgrzymka-marianska-przybyla-do-sanktuarium-matki-bozej-lichenskiej-15-lipca-2021\/"]}]},{"@type":"ImageObject","inLanguage":"de","@id":"http:\/\/www.lichen.pl\/en\/40-pielgrzymka-marianska-przybyla-do-sanktuarium-matki-bozej-lichenskiej-15-lipca-2021\/#primaryimage","url":"https:\/\/www.lichen.pl\/wp-content\/uploads\/2021\/07\/6-Pielgrzymka-Marianska.jpg","contentUrl":"https:\/\/www.lichen.pl\/wp-content\/uploads\/2021\/07\/6-Pielgrzymka-Marianska.jpg","width":1200,"height":901,"caption":"40 Jubileuszowa Piesza Pielgrzymka Maria\u0144ska"},{"@type":"BreadcrumbList","@id":"http:\/\/www.lichen.pl\/en\/40-pielgrzymka-marianska-przybyla-do-sanktuarium-matki-bozej-lichenskiej-15-lipca-2021\/#breadcrumb","itemListElement":[{"@type":"ListItem","position":1,"name":"Strona g\u0142\u00f3wna","item":"https:\/\/www.lichen.pl\/"},{"@type":"ListItem","position":2,"name":"40. Pielgrzymka Maria\u0144ska przyby\u0142a do Sanktuarium Matki Bo\u017cej Liche\u0144skiej"}]},{"@type":"WebSite","@id":"https:\/\/www.lichen.pl\/fr\/#website","url":"https:\/\/www.lichen.pl\/fr\/","name":"HEILIGTUM IN LICHENIEN","description":"DIE TRAURIGE K\u00d6NIGIN UNSERER FLECHEN VON POLEN","potentialAction":[{"@type":"SearchAction","target":{"@type":"EntryPoint","urlTemplate":"https:\/\/www.lichen.pl\/fr\/?s={search_term_string}"},"query-input":{"@type":"PropertyValueSpecification","valueRequired":true,"valueName":"search_term_string"}}],"inLanguage":"de"},{"@type":"Person","@id":"https:\/\/www.lichen.pl\/fr\/#\/schema\/person\/56fc5b38d70a2b34983408f9a457fd9d","name":"Arkadiusz Gorgolewski","image":{"@type":"ImageObject","inLanguage":"de","@id":"https:\/\/secure.gravatar.com\/avatar\/0f571b370f5aa245b1fd3b9c945511b004fe17579bdefd5054d99f0ba315149c?s=96&d=retro&r=g","url":"https:\/\/secure.gravatar.com\/avatar\/0f571b370f5aa245b1fd3b9c945511b004fe17579bdefd5054d99f0ba315149c?s=96&d=retro&r=g","contentUrl":"https:\/\/secure.gravatar.com\/avatar\/0f571b370f5aa245b1fd3b9c945511b004fe17579bdefd5054d99f0ba315149c?s=96&d=retro&r=g","caption":"Arkadiusz Gorgolewski"},"url":"https:\/\/www.lichen.pl\/de\/author\/sanadmin\/"}]}},"_links":{"self":[{"href":"https:\/\/www.lichen.pl\/de\/wp-json\/wp\/v2\/posts\/19416","targetHints":{"allow":["GET"]}}],"collection":[{"href":"https:\/\/www.lichen.pl\/de\/wp-json\/wp\/v2\/posts"}],"about":[{"href":"https:\/\/www.lichen.pl\/de\/wp-json\/wp\/v2\/types\/post"}],"author":[{"embeddable":true,"href":"https:\/\/www.lichen.pl\/de\/wp-json\/wp\/v2\/users\/2"}],"replies":[{"embeddable":true,"href":"https:\/\/www.lichen.pl\/de\/wp-json\/wp\/v2\/comments?post=19416"}],"version-history":[{"count":17,"href":"https:\/\/www.lichen.pl\/de\/wp-json\/wp\/v2\/posts\/19416\/revisions"}],"predecessor-version":[{"id":19924,"href":"https:\/\/www.lichen.pl\/de\/wp-json\/wp\/v2\/posts\/19416\/revisions\/19924"}],"wp:featuredmedia":[{"embeddable":true,"href":"https:\/\/www.lichen.pl\/de\/wp-json\/wp\/v2\/media\/19417"}],"wp:attachment":[{"href":"https:\/\/www.lichen.pl\/de\/wp-json\/wp\/v2\/media?parent=19416"}],"wp:term":[{"taxonomy":"category","embeddable":true,"href":"https:\/\/www.lichen.pl\/de\/wp-json\/wp\/v2\/categories?post=19416"},{"taxonomy":"post_tag","embeddable":true,"href":"https:\/\/www.lichen.pl\/de\/wp-json\/wp\/v2\/tags?post=19416"}],"curies":[{"name":"wp","href":"https:\/\/api.w.org\/{rel}","templated":true}]}}