{"id":1982,"date":"2020-07-11T19:00:49","date_gmt":"2020-07-11T19:00:49","guid":{"rendered":"http:\/\/www.lichen.pl\/lichen-koncert-muzyka-i-slowo-festiwal-organowy-copy\/"},"modified":"2021-06-15T19:35:31","modified_gmt":"2021-06-15T19:35:31","slug":"lichen-modlitwa-za-rodzicow-dzieci-utraconych","status":"publish","type":"post","link":"https:\/\/www.lichen.pl\/de\/lichen-modlitwa-za-rodzicow-dzieci-utraconych\/","title":{"rendered":"Gebet f\u00fcr die Eltern verlorener Kinder"},"content":{"rendered":"<div data-elementor-type=\"wp-post\" data-elementor-id=\"1982\" class=\"elementor elementor-1982\" data-elementor-post-type=\"post\">\n\t\t\t\t\t\t<section class=\"elementor-section elementor-top-section elementor-element elementor-element-dcc57a2 elementor-section-boxed elementor-section-height-default elementor-section-height-default\" data-id=\"dcc57a2\" data-element_type=\"section\" data-e-type=\"section\">\n\t\t\t\t\t\t<div class=\"elementor-container elementor-column-gap-default\">\n\t\t\t\t\t<div class=\"elementor-column elementor-col-100 elementor-top-column elementor-element elementor-element-1e909ff1\" data-id=\"1e909ff1\" data-element_type=\"column\" data-e-type=\"column\">\n\t\t\t<div class=\"elementor-widget-wrap elementor-element-populated\">\n\t\t\t\t\t\t<div class=\"elementor-element elementor-element-5c6ff29 elementor-widget elementor-widget-heading\" data-id=\"5c6ff29\" data-element_type=\"widget\" data-e-type=\"widget\" data-widget_type=\"heading.default\">\n\t\t\t\t<div class=\"elementor-widget-container\">\n\t\t\t\t\t<h2 class=\"elementor-heading-title elementor-size-default\">Laut Statistik kommt es in Polen jedes Jahr zu bis zu 40.000 Fehlgeburten. In Erinnerung an fr\u00fch verstorbene Kinder luden die Marianischen Patres am Samstag, den 11. Juli, die Gl\u00e4ubigen ein, f\u00fcr sie und ihre Eltern zu beten.<\/h2>\t\t\t\t<\/div>\n\t\t\t\t<\/div>\n\t\t\t\t<div class=\"elementor-element elementor-element-6c3ca82 elementor-blockquote--skin-boxed elementor-blockquote--align-center elementor-widget elementor-widget-blockquote\" data-id=\"6c3ca82\" data-element_type=\"widget\" data-e-type=\"widget\" data-widget_type=\"blockquote.default\">\n\t\t\t\t<div class=\"elementor-widget-container\">\n\t\t\t\t\t\t\t<blockquote class=\"elementor-blockquote\">\n\t\t\t<p class=\"elementor-blockquote__content\">\n\t\t\t\tGott, zusammen mit Maria, der Schmerzhaften Mutter, beten wir f\u00fcr Eltern, die ihre Kinder vorzeitig verloren haben. Lass Deine Liebe ihre Wunden heilen, damit sie trotz des Schmerzes Deinen Willen im Alltag annehmen k\u00f6nnen (...) Kinder, die vor der Geburt gestorben sind, zu Dir nach Hause nehmen\t\t\t<\/p>\n\t\t\t\t\t<\/blockquote>\n\t\t\t\t\t\t<\/div>\n\t\t\t\t<\/div>\n\t\t\t\t<div class=\"elementor-element elementor-element-1cb98d3 elementor-widget elementor-widget-text-editor\" data-id=\"1cb98d3\" data-element_type=\"widget\" data-e-type=\"widget\" data-widget_type=\"text-editor.default\">\n\t\t\t\t<div class=\"elementor-widget-container\">\n\t\t\t\t\t\t\t\t\t<p>W\u00e4hrend der Mittagsmesse in Konzelebration unter dem Vorsitz von P. Bogus\u0142aw Binda, MIC, dem Oberen der Flechten-Religionsgemeinschaft der Priester und Marienbr\u00fcder, wurden in der Flechten-Basilika die oben genannten Gebetsworte geh\u00f6rt.<\/p><p><em>Es ist Unsere Liebe Frau der Schmerzen, die sie am meisten willkommen hei\u00dfen und verstehen kann, was sie durchmachen, nachdem sie ihr Kind verloren haben<\/em> - bemerkte Fr. Binda. - <em>Viele M\u00fctter erleben Schmerz und Traurigkeit in ihren Herzen, sie sind nicht einverstanden mit dem, was passiert ist \u2013 sie fragen, warum ich dieses Baby verloren habe. Heute kommen wir zu der, die Unsere Liebe Frau der Schmerzen ist. Sie m\u00f6chte uns wirklich helfen und tut es in schwierigen und schmerzhaften Situationen.<\/em> Die Predigt betonte, dass Traurigkeit und Unzufriedenheit in solchen Situationen nat\u00fcrliche Gef\u00fchle sind, und f\u00fcgte hinzu: <em>Erinnern wir uns daran, dass wir mit diesem Schmerz, mit dieser Traurigkeit, dieser Trauer nicht allein gelassen werden ... Geben wir es heute zur\u00fcck<\/em>\u00a0- ermutigt Fr. Bogus\u0142aw und versicherte, dass die Versammelten auch f\u00fcr Eltern beteten, die ihre Kinder verloren haben und nicht im Liche\u0144-Tempel anwesend sind.<\/p><p>Nach der Messe nutzten mehrere Dutzend Menschen die Gelegenheit, um an den Altarstufen eine Kerze anzuz\u00fcnden. Diese Geste war ein Ausdruck des Gebets f\u00fcr die verlorenen Kinder und ihre Eltern. Der Tag der verlorenen Kinder wird am 15. Oktober gefeiert. Zu diesem Zeitpunkt gedenkt auch das Heiligtum Unserer Lieben Frau von Liche\u0144 der verlorenen Kinder und ihrer Eltern.<\/p><p>Flechte Stary, 11. Juli 2020\u00a0\u00a0\u00a0<\/p>\t\t\t\t\t\t\t\t<\/div>\n\t\t\t\t<\/div>\n\t\t\t\t<div class=\"elementor-element elementor-element-6a6e02f elementor-widget elementor-widget-text-editor\" data-id=\"6a6e02f\" data-element_type=\"widget\" data-e-type=\"widget\" data-widget_type=\"text-editor.default\">\n\t\t\t\t<div class=\"elementor-widget-container\">\n\t\t\t\t\t\t\t\t\t<p>Text: Justyna Zacharek, Sanctuary Press Office<\/p>\t\t\t\t\t\t\t\t<\/div>\n\t\t\t\t<\/div>\n\t\t\t\t<div class=\"elementor-element elementor-element-8b1ef97 elementor-widget-divider--view-line_icon elementor-view-default elementor-widget-divider--element-align-center elementor-widget elementor-widget-divider\" data-id=\"8b1ef97\" data-element_type=\"widget\" data-e-type=\"widget\" data-widget_type=\"divider.default\">\n\t\t\t\t<div class=\"elementor-widget-container\">\n\t\t\t\t\t\t\t<div class=\"elementor-divider\">\n\t\t\t<span class=\"elementor-divider-separator\">\n\t\t\t\t\t\t\t<div class=\"elementor-icon elementor-divider__element\">\n\t\t\t\t\t<i aria-hidden=\"true\" class=\"fas fa-camera\"><\/i><\/div>\n\t\t\t\t\t\t<\/span>\n\t\t<\/div>\n\t\t\t\t\t\t<\/div>\n\t\t\t\t<\/div>\n\t\t\t\t<div class=\"elementor-element elementor-element-6a98f2d elementor-widget elementor-widget-gallery\" data-id=\"6a98f2d\" data-element_type=\"widget\" data-e-type=\"widget\" data-settings=\"{&quot;lazyload&quot;:&quot;yes&quot;,&quot;gallery_layout&quot;:&quot;grid&quot;,&quot;columns&quot;:4,&quot;columns_tablet&quot;:2,&quot;columns_mobile&quot;:1,&quot;gap&quot;:{&quot;unit&quot;:&quot;px&quot;,&quot;size&quot;:10,&quot;sizes&quot;:[]},&quot;gap_tablet&quot;:{&quot;unit&quot;:&quot;px&quot;,&quot;size&quot;:10,&quot;sizes&quot;:[]},&quot;gap_mobile&quot;:{&quot;unit&quot;:&quot;px&quot;,&quot;size&quot;:10,&quot;sizes&quot;:[]},&quot;link_to&quot;:&quot;file&quot;,&quot;aspect_ratio&quot;:&quot;3:2&quot;,&quot;overlay_background&quot;:&quot;yes&quot;,&quot;content_hover_animation&quot;:&quot;fade-in&quot;}\" data-widget_type=\"gallery.default\">\n\t\t\t\t<div class=\"elementor-widget-container\">\n\t\t\t\t\t\t\t<div class=\"elementor-gallery__container\">\n\t\t\t\t\t\t\t<a class=\"e-gallery-item elementor-gallery-item elementor-animated-content\" href=\"https:\/\/www.lichen.pl\/wp-content\/uploads\/2020\/08\/IMG_0315-Copy.jpg\" data-elementor-open-lightbox=\"yes\" data-elementor-lightbox-slideshow=\"6a98f2d\" data-elementor-lightbox-title=\"IMG_0315 (Copy)\" data-e-action-hash=\"#elementor-action%3Aaction%3Dlightbox%26settings%3DeyJpZCI6MTk5NCwidXJsIjoiaHR0cHM6XC9cL3d3dy5saWNoZW4ucGxcL3dwLWNvbnRlbnRcL3VwbG9hZHNcLzIwMjBcLzA4XC9JTUdfMDMxNS1Db3B5LmpwZyIsInNsaWRlc2hvdyI6IjZhOThmMmQifQ%3D%3D\">\n\t\t\t\t\t<div class=\"e-gallery-image elementor-gallery-item__image\" data-thumbnail=\"https:\/\/www.lichen.pl\/wp-content\/uploads\/2020\/08\/IMG_0315-Copy-200x300.jpg\" data-width=\"200\" data-height=\"300\" aria-label=\"\" role=\"img\" ><\/div>\n\t\t\t\t\t\t\t\t\t\t\t<div class=\"elementor-gallery-item__overlay\"><\/div>\n\t\t\t\t\t\t\t\t\t\t\t\t\t\t<\/a>\n\t\t\t\t\t\t\t<a class=\"e-gallery-item elementor-gallery-item elementor-animated-content\" href=\"https:\/\/www.lichen.pl\/wp-content\/uploads\/2020\/08\/IMG_0323-Copy.jpg\" data-elementor-open-lightbox=\"yes\" data-elementor-lightbox-slideshow=\"6a98f2d\" data-elementor-lightbox-title=\"IMG_0323 (Copy)\" data-e-action-hash=\"#elementor-action%3Aaction%3Dlightbox%26settings%3DeyJpZCI6MTk5OSwidXJsIjoiaHR0cHM6XC9cL3d3dy5saWNoZW4ucGxcL3dwLWNvbnRlbnRcL3VwbG9hZHNcLzIwMjBcLzA4XC9JTUdfMDMyMy1Db3B5LmpwZyIsInNsaWRlc2hvdyI6IjZhOThmMmQifQ%3D%3D\">\n\t\t\t\t\t<div class=\"e-gallery-image elementor-gallery-item__image\" data-thumbnail=\"https:\/\/www.lichen.pl\/wp-content\/uploads\/2020\/08\/IMG_0323-Copy-300x200.jpg\" data-width=\"300\" data-height=\"200\" aria-label=\"\" role=\"img\" ><\/div>\n\t\t\t\t\t\t\t\t\t\t\t<div class=\"elementor-gallery-item__overlay\"><\/div>\n\t\t\t\t\t\t\t\t\t\t\t\t\t\t<\/a>\n\t\t\t\t\t\t\t<a class=\"e-gallery-item elementor-gallery-item elementor-animated-content\" href=\"https:\/\/www.lichen.pl\/wp-content\/uploads\/2020\/08\/IMG_0326-2-Copy.jpg\" data-elementor-open-lightbox=\"yes\" data-elementor-lightbox-slideshow=\"6a98f2d\" data-elementor-lightbox-title=\"IMG_0326-2 (Copy)\" data-e-action-hash=\"#elementor-action%3Aaction%3Dlightbox%26settings%3DeyJpZCI6MjAwNCwidXJsIjoiaHR0cHM6XC9cL3d3dy5saWNoZW4ucGxcL3dwLWNvbnRlbnRcL3VwbG9hZHNcLzIwMjBcLzA4XC9JTUdfMDMyNi0yLUNvcHkuanBnIiwic2xpZGVzaG93IjoiNmE5OGYyZCJ9\">\n\t\t\t\t\t<div class=\"e-gallery-image elementor-gallery-item__image\" data-thumbnail=\"https:\/\/www.lichen.pl\/wp-content\/uploads\/2020\/08\/IMG_0326-2-Copy-200x300.jpg\" data-width=\"200\" data-height=\"300\" aria-label=\"\" role=\"img\" ><\/div>\n\t\t\t\t\t\t\t\t\t\t\t<div class=\"elementor-gallery-item__overlay\"><\/div>\n\t\t\t\t\t\t\t\t\t\t\t\t\t\t<\/a>\n\t\t\t\t\t\t\t<a class=\"e-gallery-item elementor-gallery-item elementor-animated-content\" href=\"https:\/\/www.lichen.pl\/wp-content\/uploads\/2020\/08\/IMG_0346-2-Copy.jpg\" data-elementor-open-lightbox=\"yes\" data-elementor-lightbox-slideshow=\"6a98f2d\" data-elementor-lightbox-title=\"IMG_0346-2 (Copy)\" data-e-action-hash=\"#elementor-action%3Aaction%3Dlightbox%26settings%3DeyJpZCI6MjAwOSwidXJsIjoiaHR0cHM6XC9cL3d3dy5saWNoZW4ucGxcL3dwLWNvbnRlbnRcL3VwbG9hZHNcLzIwMjBcLzA4XC9JTUdfMDM0Ni0yLUNvcHkuanBnIiwic2xpZGVzaG93IjoiNmE5OGYyZCJ9\">\n\t\t\t\t\t<div class=\"e-gallery-image elementor-gallery-item__image\" data-thumbnail=\"https:\/\/www.lichen.pl\/wp-content\/uploads\/2020\/08\/IMG_0346-2-Copy-300x200.jpg\" data-width=\"300\" data-height=\"200\" aria-label=\"\" role=\"img\" ><\/div>\n\t\t\t\t\t\t\t\t\t\t\t<div class=\"elementor-gallery-item__overlay\"><\/div>\n\t\t\t\t\t\t\t\t\t\t\t\t\t\t<\/a>\n\t\t\t\t\t<\/div>\n\t\t\t\t\t<\/div>\n\t\t\t\t<\/div>\n\t\t\t\t<div class=\"elementor-element elementor-element-fdbe167 elementor-widget-divider--view-line elementor-widget elementor-widget-divider\" data-id=\"fdbe167\" data-element_type=\"widget\" data-e-type=\"widget\" data-widget_type=\"divider.default\">\n\t\t\t\t<div class=\"elementor-widget-container\">\n\t\t\t\t\t\t\t<div class=\"elementor-divider\">\n\t\t\t<span class=\"elementor-divider-separator\">\n\t\t\t\t\t\t<\/span>\n\t\t<\/div>\n\t\t\t\t\t\t<\/div>\n\t\t\t\t<\/div>\n\t\t\t\t\t<\/div>\n\t\t<\/div>\n\t\t\t\t\t<\/div>\n\t\t<\/section>\n\t\t\t\t<\/div>","protected":false},"excerpt":{"rendered":"<p>Wed\u0142ug statystyk, w Polsce, co roku dochodzi do nawet 40 000 poronie\u0144. Pami\u0119taj\u0105c o przedwcze\u015bnie zmar\u0142ych dzieciach ksi\u0119\u017ca marianie w sobot\u0119, 11 lipca zaprosili wiernych do wsp\u00f3lnej modlitwy w intencji ich oraz ich rodzic\u00f3w Bo\u017ce, razem z Maryj\u0105, Bolesn\u0105 Matk\u0105, prosimy za rodzicami, kt\u00f3rzy utracili przedwcze\u015bnie swoje dzieci. Niech Twoja mi\u0142o\u015b\u0107 uleczy ich rany, aby [&hellip;]<\/p>\n","protected":false},"author":2,"featured_media":1983,"comment_status":"open","ping_status":"open","sticky":false,"template":"","format":"standard","meta":{"footnotes":""},"categories":[1],"tags":[],"class_list":["post-1982","post","type-post","status-publish","format-standard","has-post-thumbnail","hentry","category-aktualnosci","wpbf-post"],"yoast_head":"<!-- This site is optimized with the Yoast SEO plugin v27.4 - https:\/\/yoast.com\/product\/yoast-seo-wordpress\/ -->\n<title>Modlitwa za rodzic\u00f3w dzieci utraconych - SANKTUARIUM W LICHENIU<\/title>\n<meta name=\"robots\" content=\"index, follow, max-snippet:-1, max-image-preview:large, max-video-preview:-1\" \/>\n<link rel=\"canonical\" href=\"http:\/\/www.lichen.pl\/de\/lichen-modlitwa-za-rodzicow-dzieci-utraconych\/\" \/>\n<meta property=\"og:locale\" content=\"de_DE\" \/>\n<meta property=\"og:type\" content=\"article\" \/>\n<meta property=\"og:title\" content=\"Modlitwa za rodzic\u00f3w dzieci utraconych - SANKTUARIUM W LICHENIU\" \/>\n<meta property=\"og:description\" content=\"Wed\u0142ug statystyk, w Polsce, co roku dochodzi do nawet 40 000 poronie\u0144. Pami\u0119taj\u0105c o przedwcze\u015bnie zmar\u0142ych dzieciach ksi\u0119\u017ca marianie w sobot\u0119, 11 lipca zaprosili wiernych do wsp\u00f3lnej modlitwy w intencji ich oraz ich rodzic\u00f3w Bo\u017ce, razem z Maryj\u0105, Bolesn\u0105 Matk\u0105, prosimy za rodzicami, kt\u00f3rzy utracili przedwcze\u015bnie swoje dzieci. Niech Twoja mi\u0142o\u015b\u0107 uleczy ich rany, aby [&hellip;]\" \/>\n<meta property=\"og:url\" content=\"http:\/\/www.lichen.pl\/de\/lichen-modlitwa-za-rodzicow-dzieci-utraconych\/\" \/>\n<meta property=\"og:site_name\" content=\"SANKTUARIUM W LICHENIU\" \/>\n<meta property=\"article:published_time\" content=\"2020-07-11T19:00:49+00:00\" \/>\n<meta property=\"article:modified_time\" content=\"2021-06-15T19:35:31+00:00\" \/>\n<meta property=\"og:image\" content=\"http:\/\/www.lichen.pl\/wp-content\/uploads\/2020\/08\/IMG_0309-Copy.jpg\" \/>\n\t<meta property=\"og:image:width\" content=\"1920\" \/>\n\t<meta property=\"og:image:height\" content=\"1278\" \/>\n\t<meta property=\"og:image:type\" content=\"image\/jpeg\" \/>\n<meta name=\"author\" content=\"Arkadiusz Gorgolewski\" \/>\n<meta name=\"twitter:card\" content=\"summary_large_image\" \/>\n<meta name=\"twitter:label1\" content=\"Verfasst von\" \/>\n\t<meta name=\"twitter:data1\" content=\"Arkadiusz Gorgolewski\" \/>\n\t<meta name=\"twitter:label2\" content=\"Gesch\u00e4tzte Lesezeit\" \/>\n\t<meta name=\"twitter:data2\" content=\"2\u00a0Minuten\" \/>\n<script type=\"application\/ld+json\" class=\"yoast-schema-graph\">{\"@context\":\"https:\\\/\\\/schema.org\",\"@graph\":[{\"@type\":\"Article\",\"@id\":\"http:\\\/\\\/www.lichen.pl\\\/fr\\\/lichen-modlitwa-za-rodzicow-dzieci-utraconych\\\/#article\",\"isPartOf\":{\"@id\":\"http:\\\/\\\/www.lichen.pl\\\/fr\\\/lichen-modlitwa-za-rodzicow-dzieci-utraconych\\\/\"},\"author\":{\"name\":\"Arkadiusz Gorgolewski\",\"@id\":\"https:\\\/\\\/www.lichen.pl\\\/fr\\\/#\\\/schema\\\/person\\\/56fc5b38d70a2b34983408f9a457fd9d\"},\"headline\":\"Modlitwa za rodzic\u00f3w dzieci utraconych\",\"datePublished\":\"2020-07-11T19:00:49+00:00\",\"dateModified\":\"2021-06-15T19:35:31+00:00\",\"mainEntityOfPage\":{\"@id\":\"http:\\\/\\\/www.lichen.pl\\\/fr\\\/lichen-modlitwa-za-rodzicow-dzieci-utraconych\\\/\"},\"wordCount\":338,\"commentCount\":0,\"image\":{\"@id\":\"http:\\\/\\\/www.lichen.pl\\\/fr\\\/lichen-modlitwa-za-rodzicow-dzieci-utraconych\\\/#primaryimage\"},\"thumbnailUrl\":\"https:\\\/\\\/www.lichen.pl\\\/wp-content\\\/uploads\\\/2020\\\/08\\\/IMG_0309-Copy.jpg\",\"articleSection\":[\"Aktualno\u015bci\"],\"inLanguage\":\"de\",\"potentialAction\":[{\"@type\":\"CommentAction\",\"name\":\"Comment\",\"target\":[\"http:\\\/\\\/www.lichen.pl\\\/fr\\\/lichen-modlitwa-za-rodzicow-dzieci-utraconych\\\/#respond\"]}]},{\"@type\":\"WebPage\",\"@id\":\"http:\\\/\\\/www.lichen.pl\\\/fr\\\/lichen-modlitwa-za-rodzicow-dzieci-utraconych\\\/\",\"url\":\"http:\\\/\\\/www.lichen.pl\\\/fr\\\/lichen-modlitwa-za-rodzicow-dzieci-utraconych\\\/\",\"name\":\"Modlitwa za rodzic\u00f3w dzieci utraconych - SANKTUARIUM W LICHENIU\",\"isPartOf\":{\"@id\":\"https:\\\/\\\/www.lichen.pl\\\/fr\\\/#website\"},\"primaryImageOfPage\":{\"@id\":\"http:\\\/\\\/www.lichen.pl\\\/fr\\\/lichen-modlitwa-za-rodzicow-dzieci-utraconych\\\/#primaryimage\"},\"image\":{\"@id\":\"http:\\\/\\\/www.lichen.pl\\\/fr\\\/lichen-modlitwa-za-rodzicow-dzieci-utraconych\\\/#primaryimage\"},\"thumbnailUrl\":\"https:\\\/\\\/www.lichen.pl\\\/wp-content\\\/uploads\\\/2020\\\/08\\\/IMG_0309-Copy.jpg\",\"datePublished\":\"2020-07-11T19:00:49+00:00\",\"dateModified\":\"2021-06-15T19:35:31+00:00\",\"author\":{\"@id\":\"https:\\\/\\\/www.lichen.pl\\\/fr\\\/#\\\/schema\\\/person\\\/56fc5b38d70a2b34983408f9a457fd9d\"},\"breadcrumb\":{\"@id\":\"http:\\\/\\\/www.lichen.pl\\\/fr\\\/lichen-modlitwa-za-rodzicow-dzieci-utraconych\\\/#breadcrumb\"},\"inLanguage\":\"de\",\"potentialAction\":[{\"@type\":\"ReadAction\",\"target\":[\"http:\\\/\\\/www.lichen.pl\\\/fr\\\/lichen-modlitwa-za-rodzicow-dzieci-utraconych\\\/\"]}]},{\"@type\":\"ImageObject\",\"inLanguage\":\"de\",\"@id\":\"http:\\\/\\\/www.lichen.pl\\\/fr\\\/lichen-modlitwa-za-rodzicow-dzieci-utraconych\\\/#primaryimage\",\"url\":\"https:\\\/\\\/www.lichen.pl\\\/wp-content\\\/uploads\\\/2020\\\/08\\\/IMG_0309-Copy.jpg\",\"contentUrl\":\"https:\\\/\\\/www.lichen.pl\\\/wp-content\\\/uploads\\\/2020\\\/08\\\/IMG_0309-Copy.jpg\",\"width\":1920,\"height\":1278},{\"@type\":\"BreadcrumbList\",\"@id\":\"http:\\\/\\\/www.lichen.pl\\\/fr\\\/lichen-modlitwa-za-rodzicow-dzieci-utraconych\\\/#breadcrumb\",\"itemListElement\":[{\"@type\":\"ListItem\",\"position\":1,\"name\":\"Strona g\u0142\u00f3wna\",\"item\":\"https:\\\/\\\/www.lichen.pl\\\/\"},{\"@type\":\"ListItem\",\"position\":2,\"name\":\"Modlitwa za rodzic\u00f3w dzieci utraconych\"}]},{\"@type\":\"WebSite\",\"@id\":\"https:\\\/\\\/www.lichen.pl\\\/fr\\\/#website\",\"url\":\"https:\\\/\\\/www.lichen.pl\\\/fr\\\/\",\"name\":\"SANKTUARIUM W LICHENIU\",\"description\":\"MATKI BO\u017bEJ LICHE\u0143SKIEJ BOLESNEJ KR\u00d3LOWEJ POLSKI\",\"potentialAction\":[{\"@type\":\"SearchAction\",\"target\":{\"@type\":\"EntryPoint\",\"urlTemplate\":\"https:\\\/\\\/www.lichen.pl\\\/fr\\\/?s={search_term_string}\"},\"query-input\":{\"@type\":\"PropertyValueSpecification\",\"valueRequired\":true,\"valueName\":\"search_term_string\"}}],\"inLanguage\":\"de\"},{\"@type\":\"Person\",\"@id\":\"https:\\\/\\\/www.lichen.pl\\\/fr\\\/#\\\/schema\\\/person\\\/56fc5b38d70a2b34983408f9a457fd9d\",\"name\":\"Arkadiusz Gorgolewski\",\"image\":{\"@type\":\"ImageObject\",\"inLanguage\":\"de\",\"@id\":\"https:\\\/\\\/secure.gravatar.com\\\/avatar\\\/0f571b370f5aa245b1fd3b9c945511b004fe17579bdefd5054d99f0ba315149c?s=96&d=retro&r=g\",\"url\":\"https:\\\/\\\/secure.gravatar.com\\\/avatar\\\/0f571b370f5aa245b1fd3b9c945511b004fe17579bdefd5054d99f0ba315149c?s=96&d=retro&r=g\",\"contentUrl\":\"https:\\\/\\\/secure.gravatar.com\\\/avatar\\\/0f571b370f5aa245b1fd3b9c945511b004fe17579bdefd5054d99f0ba315149c?s=96&d=retro&r=g\",\"caption\":\"Arkadiusz Gorgolewski\"},\"url\":\"https:\\\/\\\/www.lichen.pl\\\/de\\\/author\\\/sanadmin\\\/\"}]}<\/script>\n<!-- \/ Yoast SEO plugin. -->","yoast_head_json":{"title":"Modlitwa za rodzic\u00f3w dzieci utraconych - SANKTUARIUM W LICHENIU","robots":{"index":"index","follow":"follow","max-snippet":"max-snippet:-1","max-image-preview":"max-image-preview:large","max-video-preview":"max-video-preview:-1"},"canonical":"http:\/\/www.lichen.pl\/de\/lichen-modlitwa-za-rodzicow-dzieci-utraconych\/","og_locale":"de_DE","og_type":"article","og_title":"Modlitwa za rodzic\u00f3w dzieci utraconych - SANKTUARIUM W LICHENIU","og_description":"Wed\u0142ug statystyk, w Polsce, co roku dochodzi do nawet 40 000 poronie\u0144. Pami\u0119taj\u0105c o przedwcze\u015bnie zmar\u0142ych dzieciach ksi\u0119\u017ca marianie w sobot\u0119, 11 lipca zaprosili wiernych do wsp\u00f3lnej modlitwy w intencji ich oraz ich rodzic\u00f3w Bo\u017ce, razem z Maryj\u0105, Bolesn\u0105 Matk\u0105, prosimy za rodzicami, kt\u00f3rzy utracili przedwcze\u015bnie swoje dzieci. Niech Twoja mi\u0142o\u015b\u0107 uleczy ich rany, aby [&hellip;]","og_url":"http:\/\/www.lichen.pl\/de\/lichen-modlitwa-za-rodzicow-dzieci-utraconych\/","og_site_name":"SANKTUARIUM W LICHENIU","article_published_time":"2020-07-11T19:00:49+00:00","article_modified_time":"2021-06-15T19:35:31+00:00","og_image":[{"width":1920,"height":1278,"url":"http:\/\/www.lichen.pl\/wp-content\/uploads\/2020\/08\/IMG_0309-Copy.jpg","type":"image\/jpeg"}],"author":"Arkadiusz Gorgolewski","twitter_card":"summary_large_image","twitter_misc":{"Verfasst von":"Arkadiusz Gorgolewski","Gesch\u00e4tzte Lesezeit":"2\u00a0Minuten"},"schema":{"@context":"https:\/\/schema.org","@graph":[{"@type":"Article","@id":"http:\/\/www.lichen.pl\/fr\/lichen-modlitwa-za-rodzicow-dzieci-utraconych\/#article","isPartOf":{"@id":"http:\/\/www.lichen.pl\/fr\/lichen-modlitwa-za-rodzicow-dzieci-utraconych\/"},"author":{"name":"Arkadiusz Gorgolewski","@id":"https:\/\/www.lichen.pl\/fr\/#\/schema\/person\/56fc5b38d70a2b34983408f9a457fd9d"},"headline":"Modlitwa za rodzic\u00f3w dzieci utraconych","datePublished":"2020-07-11T19:00:49+00:00","dateModified":"2021-06-15T19:35:31+00:00","mainEntityOfPage":{"@id":"http:\/\/www.lichen.pl\/fr\/lichen-modlitwa-za-rodzicow-dzieci-utraconych\/"},"wordCount":338,"commentCount":0,"image":{"@id":"http:\/\/www.lichen.pl\/fr\/lichen-modlitwa-za-rodzicow-dzieci-utraconych\/#primaryimage"},"thumbnailUrl":"https:\/\/www.lichen.pl\/wp-content\/uploads\/2020\/08\/IMG_0309-Copy.jpg","articleSection":["Aktualno\u015bci"],"inLanguage":"de","potentialAction":[{"@type":"CommentAction","name":"Comment","target":["http:\/\/www.lichen.pl\/fr\/lichen-modlitwa-za-rodzicow-dzieci-utraconych\/#respond"]}]},{"@type":"WebPage","@id":"http:\/\/www.lichen.pl\/fr\/lichen-modlitwa-za-rodzicow-dzieci-utraconych\/","url":"http:\/\/www.lichen.pl\/fr\/lichen-modlitwa-za-rodzicow-dzieci-utraconych\/","name":"Modlitwa za rodzic\u00f3w dzieci utraconych - SANKTUARIUM W LICHENIU","isPartOf":{"@id":"https:\/\/www.lichen.pl\/fr\/#website"},"primaryImageOfPage":{"@id":"http:\/\/www.lichen.pl\/fr\/lichen-modlitwa-za-rodzicow-dzieci-utraconych\/#primaryimage"},"image":{"@id":"http:\/\/www.lichen.pl\/fr\/lichen-modlitwa-za-rodzicow-dzieci-utraconych\/#primaryimage"},"thumbnailUrl":"https:\/\/www.lichen.pl\/wp-content\/uploads\/2020\/08\/IMG_0309-Copy.jpg","datePublished":"2020-07-11T19:00:49+00:00","dateModified":"2021-06-15T19:35:31+00:00","author":{"@id":"https:\/\/www.lichen.pl\/fr\/#\/schema\/person\/56fc5b38d70a2b34983408f9a457fd9d"},"breadcrumb":{"@id":"http:\/\/www.lichen.pl\/fr\/lichen-modlitwa-za-rodzicow-dzieci-utraconych\/#breadcrumb"},"inLanguage":"de","potentialAction":[{"@type":"ReadAction","target":["http:\/\/www.lichen.pl\/fr\/lichen-modlitwa-za-rodzicow-dzieci-utraconych\/"]}]},{"@type":"ImageObject","inLanguage":"de","@id":"http:\/\/www.lichen.pl\/fr\/lichen-modlitwa-za-rodzicow-dzieci-utraconych\/#primaryimage","url":"https:\/\/www.lichen.pl\/wp-content\/uploads\/2020\/08\/IMG_0309-Copy.jpg","contentUrl":"https:\/\/www.lichen.pl\/wp-content\/uploads\/2020\/08\/IMG_0309-Copy.jpg","width":1920,"height":1278},{"@type":"BreadcrumbList","@id":"http:\/\/www.lichen.pl\/fr\/lichen-modlitwa-za-rodzicow-dzieci-utraconych\/#breadcrumb","itemListElement":[{"@type":"ListItem","position":1,"name":"Strona g\u0142\u00f3wna","item":"https:\/\/www.lichen.pl\/"},{"@type":"ListItem","position":2,"name":"Modlitwa za rodzic\u00f3w dzieci utraconych"}]},{"@type":"WebSite","@id":"https:\/\/www.lichen.pl\/fr\/#website","url":"https:\/\/www.lichen.pl\/fr\/","name":"HEILIGTUM IN LICHENIEN","description":"DIE TRAURIGE K\u00d6NIGIN UNSERER FLECHEN VON POLEN","potentialAction":[{"@type":"SearchAction","target":{"@type":"EntryPoint","urlTemplate":"https:\/\/www.lichen.pl\/fr\/?s={search_term_string}"},"query-input":{"@type":"PropertyValueSpecification","valueRequired":true,"valueName":"search_term_string"}}],"inLanguage":"de"},{"@type":"Person","@id":"https:\/\/www.lichen.pl\/fr\/#\/schema\/person\/56fc5b38d70a2b34983408f9a457fd9d","name":"Arkadiusz Gorgolewski","image":{"@type":"ImageObject","inLanguage":"de","@id":"https:\/\/secure.gravatar.com\/avatar\/0f571b370f5aa245b1fd3b9c945511b004fe17579bdefd5054d99f0ba315149c?s=96&d=retro&r=g","url":"https:\/\/secure.gravatar.com\/avatar\/0f571b370f5aa245b1fd3b9c945511b004fe17579bdefd5054d99f0ba315149c?s=96&d=retro&r=g","contentUrl":"https:\/\/secure.gravatar.com\/avatar\/0f571b370f5aa245b1fd3b9c945511b004fe17579bdefd5054d99f0ba315149c?s=96&d=retro&r=g","caption":"Arkadiusz Gorgolewski"},"url":"https:\/\/www.lichen.pl\/de\/author\/sanadmin\/"}]}},"_links":{"self":[{"href":"https:\/\/www.lichen.pl\/de\/wp-json\/wp\/v2\/posts\/1982","targetHints":{"allow":["GET"]}}],"collection":[{"href":"https:\/\/www.lichen.pl\/de\/wp-json\/wp\/v2\/posts"}],"about":[{"href":"https:\/\/www.lichen.pl\/de\/wp-json\/wp\/v2\/types\/post"}],"author":[{"embeddable":true,"href":"https:\/\/www.lichen.pl\/de\/wp-json\/wp\/v2\/users\/2"}],"replies":[{"embeddable":true,"href":"https:\/\/www.lichen.pl\/de\/wp-json\/wp\/v2\/comments?post=1982"}],"version-history":[{"count":13,"href":"https:\/\/www.lichen.pl\/de\/wp-json\/wp\/v2\/posts\/1982\/revisions"}],"predecessor-version":[{"id":13945,"href":"https:\/\/www.lichen.pl\/de\/wp-json\/wp\/v2\/posts\/1982\/revisions\/13945"}],"wp:featuredmedia":[{"embeddable":true,"href":"https:\/\/www.lichen.pl\/de\/wp-json\/wp\/v2\/media\/1983"}],"wp:attachment":[{"href":"https:\/\/www.lichen.pl\/de\/wp-json\/wp\/v2\/media?parent=1982"}],"wp:term":[{"taxonomy":"category","embeddable":true,"href":"https:\/\/www.lichen.pl\/de\/wp-json\/wp\/v2\/categories?post=1982"},{"taxonomy":"post_tag","embeddable":true,"href":"https:\/\/www.lichen.pl\/de\/wp-json\/wp\/v2\/tags?post=1982"}],"curies":[{"name":"wp","href":"https:\/\/api.w.org\/{rel}","templated":true}]}}