{"id":20284,"date":"2021-07-18T15:23:01","date_gmt":"2021-07-18T15:23:01","guid":{"rendered":"http:\/\/www.lichen.pl\/?p=20284"},"modified":"2021-07-21T22:08:49","modified_gmt":"2021-07-21T22:08:49","slug":"iii-pielgrzymka-wspolnoty-rozancowej","status":"publish","type":"post","link":"https:\/\/www.lichen.pl\/de\/iii-pielgrzymka-wspolnoty-rozancowej\/","title":{"rendered":"III Pilgerfahrt der Rosenkranzgemeinschaft"},"content":{"rendered":"<div data-elementor-type=\"wp-post\" data-elementor-id=\"20284\" class=\"elementor elementor-20284\" data-elementor-post-type=\"post\">\n\t\t\t\t\t\t<section class=\"elementor-section elementor-top-section elementor-element elementor-element-67f7123 elementor-section-boxed elementor-section-height-default elementor-section-height-default\" data-id=\"67f7123\" data-element_type=\"section\" data-e-type=\"section\">\n\t\t\t\t\t\t<div class=\"elementor-container elementor-column-gap-default\">\n\t\t\t\t\t<div class=\"elementor-column elementor-col-100 elementor-top-column elementor-element elementor-element-c9f49cd\" data-id=\"c9f49cd\" data-element_type=\"column\" data-e-type=\"column\">\n\t\t\t<div class=\"elementor-widget-wrap elementor-element-populated\">\n\t\t\t\t\t\t<div class=\"elementor-element elementor-element-f6ced2b elementor-widget elementor-widget-heading\" data-id=\"f6ced2b\" data-element_type=\"widget\" data-e-type=\"widget\" data-widget_type=\"heading.default\">\n\t\t\t\t<div class=\"elementor-widget-container\">\n\t\t\t\t\t<h2 class=\"elementor-heading-title elementor-size-default\">Das Heiligtum ist ein Ort der Begegnung mit Jesus in Gegenwart der Mutter. Hier ermutigt Maria uns, den Rosenkranz zu beten, denn nur diese Art des Gebets wird unserem Leben einen tieferen Sinn geben. <\/h2>\t\t\t\t<\/div>\n\t\t\t\t<\/div>\n\t\t\t\t\t<\/div>\n\t\t<\/div>\n\t\t\t\t\t<\/div>\n\t\t<\/section>\n\t\t\t\t<section class=\"elementor-section elementor-top-section elementor-element elementor-element-ae8e8ea elementor-section-boxed elementor-section-height-default elementor-section-height-default\" data-id=\"ae8e8ea\" data-element_type=\"section\" data-e-type=\"section\">\n\t\t\t\t\t\t<div class=\"elementor-container elementor-column-gap-default\">\n\t\t\t\t\t<div class=\"elementor-column elementor-col-100 elementor-top-column elementor-element elementor-element-249388f\" data-id=\"249388f\" data-element_type=\"column\" data-e-type=\"column\">\n\t\t\t<div class=\"elementor-widget-wrap elementor-element-populated\">\n\t\t\t\t\t\t<section class=\"elementor-section elementor-inner-section elementor-element elementor-element-e7638cd elementor-section-boxed elementor-section-height-default elementor-section-height-default\" data-id=\"e7638cd\" data-element_type=\"section\" data-e-type=\"section\">\n\t\t\t\t\t\t<div class=\"elementor-container elementor-column-gap-default\">\n\t\t\t\t\t<div class=\"elementor-column elementor-col-100 elementor-inner-column elementor-element elementor-element-15df33a\" data-id=\"15df33a\" data-element_type=\"column\" data-e-type=\"column\">\n\t\t\t<div class=\"elementor-widget-wrap elementor-element-populated\">\n\t\t\t\t\t\t<div class=\"elementor-element elementor-element-6182909 elementor-widget elementor-widget-text-editor\" data-id=\"6182909\" data-element_type=\"widget\" data-e-type=\"widget\" data-widget_type=\"text-editor.default\">\n\t\t\t\t<div class=\"elementor-widget-container\">\n\t\t\t\t\t\t\t\t\t<blockquote><p>\u201eGott sagt, wenn du bei mir bleibst, wirst du gl\u00fccklich sein; wenn du mit mir vereint bist, wirst du Frieden und Freude in deinem Herzen haben. Um Gott zu finden, musst du Zeit f\u00fcr Ihn finden. Und Zeit f\u00fcr Gott ist eine Zeit des Gebets\u201c.<\/p><\/blockquote>\t\t\t\t\t\t\t\t<\/div>\n\t\t\t\t<\/div>\n\t\t\t\t<div class=\"elementor-element elementor-element-785799e elementor-widget elementor-widget-text-editor\" data-id=\"785799e\" data-element_type=\"widget\" data-e-type=\"widget\" data-widget_type=\"text-editor.default\">\n\t\t\t\t<div class=\"elementor-widget-container\">\n\t\t\t\t\t\t\t\t\t<p>Sonntagsmesse. bei. 12.00 Uhr wurde von Fr gefeiert. Janusz Kumala, MIC, W\u00e4chter der Wallfahrtskirche Unserer Lieben Frau von Liche\u0144. An dem Gottesdienst nahmen etwa 3.000 Menschen teil. Menschen. Die Messe wurde f\u00fcr die Intention der Mitglieder der Flechtengemeinschaft des Rosenkranzes gefeiert.<\/p><p>In der Predigt, Fr. der kurator betonte, dass jeder von uns sein gl\u00fcck finden m\u00f6chte. Und die einzige Antwort auf unsere Sehnsucht ist Gott. Der Priester sagte, dass wir in der Hektik des Alltags das t\u00e4gliche Gebet vergessen. Und der heutige Rosenkranzsonntag in Liche\u0144 lenkt unsere Aufmerksamkeit auf die Notwendigkeit des Gebets \u2013 insbesondere des Rosenkranzes.\u00a0<\/p>\t\t\t\t\t\t\t\t<\/div>\n\t\t\t\t<\/div>\n\t\t\t\t\t<\/div>\n\t\t<\/div>\n\t\t\t\t\t<\/div>\n\t\t<\/section>\n\t\t\t\t<div class=\"elementor-element elementor-element-bee7d82 elementor-widget elementor-widget-heading\" data-id=\"bee7d82\" data-element_type=\"widget\" data-e-type=\"widget\" data-widget_type=\"heading.default\">\n\t\t\t\t<div class=\"elementor-widget-container\">\n\t\t\t\t\t<h2 class=\"elementor-heading-title elementor-size-default\">Eine polnische Familie braucht einen Rosenkranz <\/h2>\t\t\t\t<\/div>\n\t\t\t\t<\/div>\n\t\t\t\t\t<\/div>\n\t\t<\/div>\n\t\t\t\t\t<\/div>\n\t\t<\/section>\n\t\t\t\t<section class=\"elementor-section elementor-top-section elementor-element elementor-element-71395ba elementor-section-boxed elementor-section-height-default elementor-section-height-default\" data-id=\"71395ba\" data-element_type=\"section\" data-e-type=\"section\">\n\t\t\t\t\t\t<div class=\"elementor-container elementor-column-gap-default\">\n\t\t\t\t\t<div class=\"elementor-column elementor-col-100 elementor-top-column elementor-element elementor-element-5a57b3b\" data-id=\"5a57b3b\" data-element_type=\"column\" data-e-type=\"column\">\n\t\t\t<div class=\"elementor-widget-wrap elementor-element-populated\">\n\t\t\t\t\t\t<section class=\"elementor-section elementor-inner-section elementor-element elementor-element-2c72280 elementor-section-boxed elementor-section-height-default elementor-section-height-default\" data-id=\"2c72280\" data-element_type=\"section\" data-e-type=\"section\">\n\t\t\t\t\t\t<div class=\"elementor-container elementor-column-gap-default\">\n\t\t\t\t\t<div class=\"elementor-column elementor-col-50 elementor-inner-column elementor-element elementor-element-351efa8\" data-id=\"351efa8\" data-element_type=\"column\" data-e-type=\"column\">\n\t\t\t<div class=\"elementor-widget-wrap elementor-element-populated\">\n\t\t\t\t\t\t<div class=\"elementor-element elementor-element-e2ac81b elementor-widget elementor-widget-image\" data-id=\"e2ac81b\" data-element_type=\"widget\" data-e-type=\"widget\" data-widget_type=\"image.default\">\n\t\t\t\t<div class=\"elementor-widget-container\">\n\t\t\t\t\t\t\t\t\t\t\t\t\t\t\t<img fetchpriority=\"high\" decoding=\"async\" width=\"1024\" height=\"683\" src=\"https:\/\/www.lichen.pl\/wp-content\/uploads\/2021\/07\/4-III-Pielgrzymka-Rozancowa-18-lipca-2021-1024x683.jpg\" class=\"attachment-large size-large wp-image-20307\" alt=\"\" srcset=\"https:\/\/www.lichen.pl\/wp-content\/uploads\/2021\/07\/4-III-Pielgrzymka-Rozancowa-18-lipca-2021-1024x683.jpg 1024w, https:\/\/www.lichen.pl\/wp-content\/uploads\/2021\/07\/4-III-Pielgrzymka-Rozancowa-18-lipca-2021-800x534.jpg 800w, https:\/\/www.lichen.pl\/wp-content\/uploads\/2021\/07\/4-III-Pielgrzymka-Rozancowa-18-lipca-2021-300x200.jpg 300w, https:\/\/www.lichen.pl\/wp-content\/uploads\/2021\/07\/4-III-Pielgrzymka-Rozancowa-18-lipca-2021-768x512.jpg 768w, https:\/\/www.lichen.pl\/wp-content\/uploads\/2021\/07\/4-III-Pielgrzymka-Rozancowa-18-lipca-2021.jpg 1333w\" sizes=\"(max-width: 1024px) 100vw, 1024px\" \/>\t\t\t\t\t\t\t\t\t\t\t\t\t\t\t<\/div>\n\t\t\t\t<\/div>\n\t\t\t\t\t<\/div>\n\t\t<\/div>\n\t\t\t\t<div class=\"elementor-column elementor-col-50 elementor-inner-column elementor-element elementor-element-095c022\" data-id=\"095c022\" data-element_type=\"column\" data-e-type=\"column\">\n\t\t\t<div class=\"elementor-widget-wrap elementor-element-populated\">\n\t\t\t\t\t\t<div class=\"elementor-element elementor-element-e60a182 elementor-widget elementor-widget-text-editor\" data-id=\"e60a182\" data-element_type=\"widget\" data-e-type=\"widget\" data-widget_type=\"text-editor.default\">\n\t\t\t\t<div class=\"elementor-widget-container\">\n\t\t\t\t\t\t\t\t\t<p>Fr. Kumala lenkte die Aufmerksamkeit der Gl\u00e4ubigen auf den Rosenkranz, der an der rechten Seite des Wundert\u00e4tigen Bildes Unserer Lieben Frau von Flechte hing, ein Geschenk der St. Johannes Paul II., der 1999 zum Flechtenheiligtum pilgerte, ermutigte die Menschen durch das \u00dcberreichen des Rosenkranzes, den Rosenkranz zu beten. <br \/>- \u201eDer Rosenkranz ist eine Meditation \u00fcber die Geheimnisse des Lebens von Jesus und Maria. Der Rosenkranz ist eine Schule des Bleibens bei Gott. Es ist ein Raum, in dem wir die wichtigsten Geheimnisse unseres Glaubens betrachten. Und das Heiligtum ist ein Ort der Begegnung mit Jesus in Gegenwart der Mutter. Die Muttergottes wird ermutigt, den Rosenkranz zu beten, denn nur diese Art des Gebets wird unserem Leben einen tieferen Sinn geben. Wenn wir Zeit finden, Gott in Stille und Konzentration zu begegnen, dann werden wir Ihn in anderen Menschen, in Ereignissen, in der Tiefe unseres Herzens finden\u201c, sagte der H\u00fcter.<\/p>\t\t\t\t\t\t\t\t<\/div>\n\t\t\t\t<\/div>\n\t\t\t\t\t<\/div>\n\t\t<\/div>\n\t\t\t\t\t<\/div>\n\t\t<\/section>\n\t\t\t\t<div class=\"elementor-element elementor-element-ff2f63a elementor-widget elementor-widget-heading\" data-id=\"ff2f63a\" data-element_type=\"widget\" data-e-type=\"widget\" data-widget_type=\"heading.default\">\n\t\t\t\t<div class=\"elementor-widget-container\">\n\t\t\t\t\t<h2 class=\"elementor-heading-title elementor-size-default\">Familien m\u00fcssen sich zum t\u00e4glichen Gebet treffen<\/h2>\t\t\t\t<\/div>\n\t\t\t\t<\/div>\n\t\t\t\t<div class=\"elementor-element elementor-element-f11ef11 elementor-widget elementor-widget-text-editor\" data-id=\"f11ef11\" data-element_type=\"widget\" data-e-type=\"widget\" data-widget_type=\"text-editor.default\">\n\t\t\t\t<div class=\"elementor-widget-container\">\n\t\t\t\t\t\t\t\t\t<p>Krisen, Schwierigkeiten und Spaltungen treten in polnischen Familien immer noch auf. - \u201eDas liegt daran, dass die Familie nicht immer bei Gott lebt. Es sollte sich jeden Tag zum gemeinsamen Gebet treffen \u201c, sagte Pater. Kumala ermutigt uns, den Versuchungen Satans zu trotzen, kniet zusammen und betet zusammen. Er sprach auch von Zeichen, die unsere Hingabe und Hingabe an Gott zeigen. - \u201eDas erste Zeichen ist das Kreuz in unseren H\u00e4usern. Hier sollte sich die Familie zum Gebet versammeln. Das zweite Zeichen ist das Bild Unserer Lieben Frau am Kreuz, die uns in unserem t\u00e4glichen Leben begleitet und uns lehrt, Christus zu lieben. Das dritte Zeichen ist das Buch der Heiligen Schrift, dessen Lesen und Meditieren durch das Gebet des Rosenkranzes gelehrt wird.<\/p><p>Apropos Liche\u0144-Heiligtum, Fr. Der Kurator sagte, dass es ein Ort der Bu\u00dfe und Vers\u00f6hnung, aber auch ein Ort der geistlichen Ruhe sei, und bezog sich dabei auf den Ruf Christi aus dem Sonntagsevangelium: <em>&quot;Ruh dich ein wenig aus&quot;<\/em>. - \u201eWenn wir geistig erfrischt sind, tun wir unsere Arbeit aus Liebe zu Gott und den Menschen. Nicht nur die Mittel f\u00fcr den Alltag zu haben, sondern Liebe zu Gott und zum N\u00e4chsten zu zeigen\u201c.<\/p>\t\t\t\t\t\t\t\t<\/div>\n\t\t\t\t<\/div>\n\t\t\t\t<div class=\"elementor-element elementor-element-f31fc38 elementor-widget elementor-widget-heading\" data-id=\"f31fc38\" data-element_type=\"widget\" data-e-type=\"widget\" data-widget_type=\"heading.default\">\n\t\t\t\t<div class=\"elementor-widget-container\">\n\t\t\t\t\t<h2 class=\"elementor-heading-title elementor-size-default\">Entdecke die Gegenwart Christi in dir<\/h2>\t\t\t\t<\/div>\n\t\t\t\t<\/div>\n\t\t\t\t\t<\/div>\n\t\t<\/div>\n\t\t\t\t\t<\/div>\n\t\t<\/section>\n\t\t\t\t<section class=\"elementor-section elementor-top-section elementor-element elementor-element-a4a196a elementor-section-boxed elementor-section-height-default elementor-section-height-default\" data-id=\"a4a196a\" data-element_type=\"section\" data-e-type=\"section\">\n\t\t\t\t\t\t<div class=\"elementor-container elementor-column-gap-default\">\n\t\t\t\t\t<div class=\"elementor-column elementor-col-100 elementor-top-column elementor-element elementor-element-c0bd2ac\" data-id=\"c0bd2ac\" data-element_type=\"column\" data-e-type=\"column\">\n\t\t\t<div class=\"elementor-widget-wrap elementor-element-populated\">\n\t\t\t\t\t\t<section class=\"elementor-section elementor-inner-section elementor-element elementor-element-9de73ff elementor-section-boxed elementor-section-height-default elementor-section-height-default\" data-id=\"9de73ff\" data-element_type=\"section\" data-e-type=\"section\">\n\t\t\t\t\t\t<div class=\"elementor-container elementor-column-gap-default\">\n\t\t\t\t\t<div class=\"elementor-column elementor-col-50 elementor-inner-column elementor-element elementor-element-bad28dc\" data-id=\"bad28dc\" data-element_type=\"column\" data-e-type=\"column\">\n\t\t\t<div class=\"elementor-widget-wrap elementor-element-populated\">\n\t\t\t\t\t\t<div class=\"elementor-element elementor-element-489a477 elementor-widget elementor-widget-text-editor\" data-id=\"489a477\" data-element_type=\"widget\" data-e-type=\"widget\" data-widget_type=\"text-editor.default\">\n\t\t\t\t<div class=\"elementor-widget-container\">\n\t\t\t\t\t\t\t\t\t<p>Fr. Kumala ermutigte die Menschen, sich in der Gegenwart Christi zu entdecken. - \u201eLass diese Eucharistie ein Wunder in unserem Leben wirken. Lasst uns Zeugen des Wunders auf dem Altar sein, aber auch des Wunders der Verwandlung unseres Herzens. Und lass uns gehen, froh, dass wir den Gott getroffen haben, der unsere Herzen ber\u00fchrt hat.\u201c<\/p><p>Nach der Heiligen Messe Priester, liturgische Assistenz und die an der Wallfahrt teilnehmenden Gl\u00e4ubigen zogen in einer feierlichen Prozession durch die Gassen des Flechtenheiligtums, bei der eine Kopie des Gnadenbildes Unserer Lieben Frau von Flechten und ein mehrere Meter hoher Rosenkranz getragen wurden. Nach der Prozession, Fr. Janusz Kumala, MIC, las den Akt der \u00dcbergabe von Familien an die Muttergottes von Liche\u0144. <br \/>Die musikalische Umrahmung der Heiligen Messe. wurde vom Chor der Basilika Liche\u0144 Stabat Mater sowie vom Sanctuary Wind Quintet zur Verf\u00fcgung gestellt.<\/p>\t\t\t\t\t\t\t\t<\/div>\n\t\t\t\t<\/div>\n\t\t\t\t<div class=\"elementor-element elementor-element-605ac04 elementor-widget elementor-widget-text-editor\" data-id=\"605ac04\" data-element_type=\"widget\" data-e-type=\"widget\" data-widget_type=\"text-editor.default\">\n\t\t\t\t<div class=\"elementor-widget-container\">\n\t\t\t\t\t\t\t\t\t<p>Text und Fotos: Sanctuary Press Office<\/p>\t\t\t\t\t\t\t\t<\/div>\n\t\t\t\t<\/div>\n\t\t\t\t\t<\/div>\n\t\t<\/div>\n\t\t\t\t<div class=\"elementor-column elementor-col-50 elementor-inner-column elementor-element elementor-element-c0e555c\" data-id=\"c0e555c\" data-element_type=\"column\" data-e-type=\"column\">\n\t\t\t<div class=\"elementor-widget-wrap elementor-element-populated\">\n\t\t\t\t\t\t<div class=\"elementor-element elementor-element-d4c03e5 elementor-widget elementor-widget-image\" data-id=\"d4c03e5\" data-element_type=\"widget\" data-e-type=\"widget\" data-widget_type=\"image.default\">\n\t\t\t\t<div class=\"elementor-widget-container\">\n\t\t\t\t\t\t\t\t\t\t\t\t\t\t\t<img decoding=\"async\" width=\"768\" height=\"512\" src=\"https:\/\/www.lichen.pl\/wp-content\/uploads\/2021\/07\/14-III-Pielgrzymka-Rozancowa-18-lipca-2021-768x512.jpg\" class=\"attachment-medium_large size-medium_large wp-image-20357\" alt=\"\" srcset=\"https:\/\/www.lichen.pl\/wp-content\/uploads\/2021\/07\/14-III-Pielgrzymka-Rozancowa-18-lipca-2021-768x512.jpg 768w, https:\/\/www.lichen.pl\/wp-content\/uploads\/2021\/07\/14-III-Pielgrzymka-Rozancowa-18-lipca-2021-800x534.jpg 800w, https:\/\/www.lichen.pl\/wp-content\/uploads\/2021\/07\/14-III-Pielgrzymka-Rozancowa-18-lipca-2021-300x200.jpg 300w, https:\/\/www.lichen.pl\/wp-content\/uploads\/2021\/07\/14-III-Pielgrzymka-Rozancowa-18-lipca-2021-1024x683.jpg 1024w, https:\/\/www.lichen.pl\/wp-content\/uploads\/2021\/07\/14-III-Pielgrzymka-Rozancowa-18-lipca-2021.jpg 1333w\" sizes=\"(max-width: 768px) 100vw, 768px\" \/>\t\t\t\t\t\t\t\t\t\t\t\t\t\t\t<\/div>\n\t\t\t\t<\/div>\n\t\t\t\t\t<\/div>\n\t\t<\/div>\n\t\t\t\t\t<\/div>\n\t\t<\/section>\n\t\t\t\t<div class=\"elementor-element elementor-element-a2867b8 elementor-widget-divider--view-line_icon elementor-view-default elementor-widget-divider--element-align-center elementor-widget elementor-widget-divider\" data-id=\"a2867b8\" data-element_type=\"widget\" data-e-type=\"widget\" data-widget_type=\"divider.default\">\n\t\t\t\t<div class=\"elementor-widget-container\">\n\t\t\t\t\t\t\t<div class=\"elementor-divider\">\n\t\t\t<span class=\"elementor-divider-separator\">\n\t\t\t\t\t\t\t<div class=\"elementor-icon elementor-divider__element\">\n\t\t\t\t\t<i aria-hidden=\"true\" class=\"fas fa-camera\"><\/i><\/div>\n\t\t\t\t\t\t<\/span>\n\t\t<\/div>\n\t\t\t\t\t\t<\/div>\n\t\t\t\t<\/div>\n\t\t\t\t\t<\/div>\n\t\t<\/div>\n\t\t\t\t\t<\/div>\n\t\t<\/section>\n\t\t\t\t<section class=\"elementor-section elementor-top-section elementor-element elementor-element-47b8684 elementor-section-boxed elementor-section-height-default elementor-section-height-default\" data-id=\"47b8684\" data-element_type=\"section\" data-e-type=\"section\">\n\t\t\t\t\t\t<div class=\"elementor-container elementor-column-gap-default\">\n\t\t\t\t\t<div class=\"elementor-column elementor-col-100 elementor-top-column elementor-element elementor-element-bfa126b\" data-id=\"bfa126b\" data-element_type=\"column\" data-e-type=\"column\">\n\t\t\t<div class=\"elementor-widget-wrap elementor-element-populated\">\n\t\t\t\t\t\t<div class=\"elementor-element elementor-element-5f9cc14 elementor-widget elementor-widget-gallery\" data-id=\"5f9cc14\" data-element_type=\"widget\" data-e-type=\"widget\" data-settings=\"{&quot;columns&quot;:6,&quot;lazyload&quot;:&quot;yes&quot;,&quot;gallery_layout&quot;:&quot;grid&quot;,&quot;columns_tablet&quot;:2,&quot;columns_mobile&quot;:1,&quot;gap&quot;:{&quot;unit&quot;:&quot;px&quot;,&quot;size&quot;:10,&quot;sizes&quot;:[]},&quot;gap_tablet&quot;:{&quot;unit&quot;:&quot;px&quot;,&quot;size&quot;:10,&quot;sizes&quot;:[]},&quot;gap_mobile&quot;:{&quot;unit&quot;:&quot;px&quot;,&quot;size&quot;:10,&quot;sizes&quot;:[]},&quot;link_to&quot;:&quot;file&quot;,&quot;aspect_ratio&quot;:&quot;3:2&quot;,&quot;overlay_background&quot;:&quot;yes&quot;,&quot;content_hover_animation&quot;:&quot;fade-in&quot;}\" data-widget_type=\"gallery.default\">\n\t\t\t\t<div class=\"elementor-widget-container\">\n\t\t\t\t\t\t\t<div class=\"elementor-gallery__container\">\n\t\t\t\t\t\t\t<a class=\"e-gallery-item elementor-gallery-item elementor-animated-content\" href=\"https:\/\/www.lichen.pl\/wp-content\/uploads\/2021\/07\/3-III-Pielgrzymka-Rozancowa-18-lipca-2021.jpg\" data-elementor-open-lightbox=\"yes\" data-elementor-lightbox-slideshow=\"5f9cc14\" data-elementor-lightbox-title=\"III Pielgrzymka R\u00f3\u017ca\u0144cowa, 18 lipca 2021\" data-e-action-hash=\"#elementor-action%3Aaction%3Dlightbox%26settings%3DeyJpZCI6MjAzMDIsInVybCI6Imh0dHBzOlwvXC93d3cubGljaGVuLnBsXC93cC1jb250ZW50XC91cGxvYWRzXC8yMDIxXC8wN1wvMy1JSUktUGllbGdyenlta2EtUm96YW5jb3dhLTE4LWxpcGNhLTIwMjEuanBnIiwic2xpZGVzaG93IjoiNWY5Y2MxNCJ9\">\n\t\t\t\t\t<div class=\"e-gallery-image elementor-gallery-item__image\" data-thumbnail=\"https:\/\/www.lichen.pl\/wp-content\/uploads\/2021\/07\/3-III-Pielgrzymka-Rozancowa-18-lipca-2021-300x200.jpg\" data-width=\"300\" data-height=\"200\" aria-label=\"\" role=\"img\" ><\/div>\n\t\t\t\t\t\t\t\t\t\t\t<div class=\"elementor-gallery-item__overlay\"><\/div>\n\t\t\t\t\t\t\t\t\t\t\t\t\t\t<\/a>\n\t\t\t\t\t\t\t<a class=\"e-gallery-item elementor-gallery-item elementor-animated-content\" href=\"https:\/\/www.lichen.pl\/wp-content\/uploads\/2021\/07\/5-III-Pielgrzymka-Rozancowa-18-lipca-2021.jpg\" data-elementor-open-lightbox=\"yes\" data-elementor-lightbox-slideshow=\"5f9cc14\" data-elementor-lightbox-title=\"5 III Pielgrzymka R\u00f3\u017ca\u0144cowa, 18 lipca 2021\" data-e-action-hash=\"#elementor-action%3Aaction%3Dlightbox%26settings%3DeyJpZCI6MjAzMTIsInVybCI6Imh0dHBzOlwvXC93d3cubGljaGVuLnBsXC93cC1jb250ZW50XC91cGxvYWRzXC8yMDIxXC8wN1wvNS1JSUktUGllbGdyenlta2EtUm96YW5jb3dhLTE4LWxpcGNhLTIwMjEuanBnIiwic2xpZGVzaG93IjoiNWY5Y2MxNCJ9\">\n\t\t\t\t\t<div class=\"e-gallery-image elementor-gallery-item__image\" data-thumbnail=\"https:\/\/www.lichen.pl\/wp-content\/uploads\/2021\/07\/5-III-Pielgrzymka-Rozancowa-18-lipca-2021-200x300.jpg\" data-width=\"200\" data-height=\"300\" aria-label=\"III Pielgrzymka R\u00f3\u017ca\u0144cowa, 18 lipca 2021\" role=\"img\" ><\/div>\n\t\t\t\t\t\t\t\t\t\t\t<div class=\"elementor-gallery-item__overlay\"><\/div>\n\t\t\t\t\t\t\t\t\t\t\t\t\t\t<\/a>\n\t\t\t\t\t\t\t<a class=\"e-gallery-item elementor-gallery-item elementor-animated-content\" href=\"https:\/\/www.lichen.pl\/wp-content\/uploads\/2021\/07\/7-III-Pielgrzymka-Rozancowa-18-lipca-2021.jpg\" data-elementor-open-lightbox=\"yes\" data-elementor-lightbox-slideshow=\"5f9cc14\" data-elementor-lightbox-title=\"III Pielgrzymka R\u00f3\u017ca\u0144cowa, 18 lipca 2021\" data-e-action-hash=\"#elementor-action%3Aaction%3Dlightbox%26settings%3DeyJpZCI6MjAzMjIsInVybCI6Imh0dHBzOlwvXC93d3cubGljaGVuLnBsXC93cC1jb250ZW50XC91cGxvYWRzXC8yMDIxXC8wN1wvNy1JSUktUGllbGdyenlta2EtUm96YW5jb3dhLTE4LWxpcGNhLTIwMjEuanBnIiwic2xpZGVzaG93IjoiNWY5Y2MxNCJ9\">\n\t\t\t\t\t<div class=\"e-gallery-image elementor-gallery-item__image\" data-thumbnail=\"https:\/\/www.lichen.pl\/wp-content\/uploads\/2021\/07\/7-III-Pielgrzymka-Rozancowa-18-lipca-2021-300x200.jpg\" data-width=\"300\" data-height=\"200\" aria-label=\"\" role=\"img\" ><\/div>\n\t\t\t\t\t\t\t\t\t\t\t<div class=\"elementor-gallery-item__overlay\"><\/div>\n\t\t\t\t\t\t\t\t\t\t\t\t\t\t<\/a>\n\t\t\t\t\t\t\t<a class=\"e-gallery-item elementor-gallery-item elementor-animated-content\" href=\"https:\/\/www.lichen.pl\/wp-content\/uploads\/2021\/07\/8-III-Pielgrzymka-Rozancowa-18-lipca-2021.jpg\" data-elementor-open-lightbox=\"yes\" data-elementor-lightbox-slideshow=\"5f9cc14\" data-elementor-lightbox-title=\"III Pielgrzymka R\u00f3\u017ca\u0144cowa, 18 lipca 2021\" data-e-action-hash=\"#elementor-action%3Aaction%3Dlightbox%26settings%3DeyJpZCI6MjAzMjcsInVybCI6Imh0dHBzOlwvXC93d3cubGljaGVuLnBsXC93cC1jb250ZW50XC91cGxvYWRzXC8yMDIxXC8wN1wvOC1JSUktUGllbGdyenlta2EtUm96YW5jb3dhLTE4LWxpcGNhLTIwMjEuanBnIiwic2xpZGVzaG93IjoiNWY5Y2MxNCJ9\">\n\t\t\t\t\t<div class=\"e-gallery-image elementor-gallery-item__image\" data-thumbnail=\"https:\/\/www.lichen.pl\/wp-content\/uploads\/2021\/07\/8-III-Pielgrzymka-Rozancowa-18-lipca-2021-200x300.jpg\" data-width=\"200\" data-height=\"300\" aria-label=\"\" role=\"img\" ><\/div>\n\t\t\t\t\t\t\t\t\t\t\t<div class=\"elementor-gallery-item__overlay\"><\/div>\n\t\t\t\t\t\t\t\t\t\t\t\t\t\t<\/a>\n\t\t\t\t\t\t\t<a class=\"e-gallery-item elementor-gallery-item elementor-animated-content\" href=\"https:\/\/www.lichen.pl\/wp-content\/uploads\/2021\/07\/9-III-Pielgrzymka-Rozancowa-18-lipca-2021.jpg\" data-elementor-open-lightbox=\"yes\" data-elementor-lightbox-slideshow=\"5f9cc14\" data-elementor-lightbox-title=\"III Pielgrzymka R\u00f3\u017ca\u0144cowa, 18 lipca 2021\" data-e-action-hash=\"#elementor-action%3Aaction%3Dlightbox%26settings%3DeyJpZCI6MjAzMzIsInVybCI6Imh0dHBzOlwvXC93d3cubGljaGVuLnBsXC93cC1jb250ZW50XC91cGxvYWRzXC8yMDIxXC8wN1wvOS1JSUktUGllbGdyenlta2EtUm96YW5jb3dhLTE4LWxpcGNhLTIwMjEuanBnIiwic2xpZGVzaG93IjoiNWY5Y2MxNCJ9\">\n\t\t\t\t\t<div class=\"e-gallery-image elementor-gallery-item__image\" data-thumbnail=\"https:\/\/www.lichen.pl\/wp-content\/uploads\/2021\/07\/9-III-Pielgrzymka-Rozancowa-18-lipca-2021-200x300.jpg\" data-width=\"200\" data-height=\"300\" aria-label=\"\" role=\"img\" ><\/div>\n\t\t\t\t\t\t\t\t\t\t\t<div class=\"elementor-gallery-item__overlay\"><\/div>\n\t\t\t\t\t\t\t\t\t\t\t\t\t\t<\/a>\n\t\t\t\t\t\t\t<a class=\"e-gallery-item elementor-gallery-item elementor-animated-content\" href=\"https:\/\/www.lichen.pl\/wp-content\/uploads\/2021\/07\/10-III-Pielgrzymka-Rozancowa-18-lipca-2021.jpg\" data-elementor-open-lightbox=\"yes\" data-elementor-lightbox-slideshow=\"5f9cc14\" data-elementor-lightbox-title=\"III Pielgrzymka R\u00f3\u017ca\u0144cowa, 18 lipca 2021\" data-e-action-hash=\"#elementor-action%3Aaction%3Dlightbox%26settings%3DeyJpZCI6MjAzMzcsInVybCI6Imh0dHBzOlwvXC93d3cubGljaGVuLnBsXC93cC1jb250ZW50XC91cGxvYWRzXC8yMDIxXC8wN1wvMTAtSUlJLVBpZWxncnp5bWthLVJvemFuY293YS0xOC1saXBjYS0yMDIxLmpwZyIsInNsaWRlc2hvdyI6IjVmOWNjMTQifQ%3D%3D\">\n\t\t\t\t\t<div class=\"e-gallery-image elementor-gallery-item__image\" data-thumbnail=\"https:\/\/www.lichen.pl\/wp-content\/uploads\/2021\/07\/10-III-Pielgrzymka-Rozancowa-18-lipca-2021-300x200.jpg\" data-width=\"300\" data-height=\"200\" aria-label=\"\" role=\"img\" ><\/div>\n\t\t\t\t\t\t\t\t\t\t\t<div class=\"elementor-gallery-item__overlay\"><\/div>\n\t\t\t\t\t\t\t\t\t\t\t\t\t\t<\/a>\n\t\t\t\t\t\t\t<a class=\"e-gallery-item elementor-gallery-item elementor-animated-content\" href=\"https:\/\/www.lichen.pl\/wp-content\/uploads\/2021\/07\/11-III-Pielgrzymka-Rozancowa-18-lipca-2021.jpg\" data-elementor-open-lightbox=\"yes\" data-elementor-lightbox-slideshow=\"5f9cc14\" data-elementor-lightbox-title=\"III Pielgrzymka R\u00f3\u017ca\u0144cowa, 18 lipca 2021\" data-e-action-hash=\"#elementor-action%3Aaction%3Dlightbox%26settings%3DeyJpZCI6MjAzNDIsInVybCI6Imh0dHBzOlwvXC93d3cubGljaGVuLnBsXC93cC1jb250ZW50XC91cGxvYWRzXC8yMDIxXC8wN1wvMTEtSUlJLVBpZWxncnp5bWthLVJvemFuY293YS0xOC1saXBjYS0yMDIxLmpwZyIsInNsaWRlc2hvdyI6IjVmOWNjMTQifQ%3D%3D\">\n\t\t\t\t\t<div class=\"e-gallery-image elementor-gallery-item__image\" data-thumbnail=\"https:\/\/www.lichen.pl\/wp-content\/uploads\/2021\/07\/11-III-Pielgrzymka-Rozancowa-18-lipca-2021-200x300.jpg\" data-width=\"200\" data-height=\"300\" aria-label=\"\" role=\"img\" ><\/div>\n\t\t\t\t\t\t\t\t\t\t\t<div class=\"elementor-gallery-item__overlay\"><\/div>\n\t\t\t\t\t\t\t\t\t\t\t\t\t\t<\/a>\n\t\t\t\t\t\t\t<a class=\"e-gallery-item elementor-gallery-item elementor-animated-content\" href=\"https:\/\/www.lichen.pl\/wp-content\/uploads\/2021\/07\/12-III-Pielgrzymka-Rozancowa-18-lipca-2021.jpg\" data-elementor-open-lightbox=\"yes\" data-elementor-lightbox-slideshow=\"5f9cc14\" data-elementor-lightbox-title=\"III Pielgrzymka R\u00f3\u017ca\u0144cowa, 18 lipca 2021\" data-e-action-hash=\"#elementor-action%3Aaction%3Dlightbox%26settings%3DeyJpZCI6MjAzNDcsInVybCI6Imh0dHBzOlwvXC93d3cubGljaGVuLnBsXC93cC1jb250ZW50XC91cGxvYWRzXC8yMDIxXC8wN1wvMTItSUlJLVBpZWxncnp5bWthLVJvemFuY293YS0xOC1saXBjYS0yMDIxLmpwZyIsInNsaWRlc2hvdyI6IjVmOWNjMTQifQ%3D%3D\">\n\t\t\t\t\t<div class=\"e-gallery-image elementor-gallery-item__image\" data-thumbnail=\"https:\/\/www.lichen.pl\/wp-content\/uploads\/2021\/07\/12-III-Pielgrzymka-Rozancowa-18-lipca-2021-300x200.jpg\" data-width=\"300\" data-height=\"200\" aria-label=\"\" role=\"img\" ><\/div>\n\t\t\t\t\t\t\t\t\t\t\t<div class=\"elementor-gallery-item__overlay\"><\/div>\n\t\t\t\t\t\t\t\t\t\t\t\t\t\t<\/a>\n\t\t\t\t\t\t\t<a class=\"e-gallery-item elementor-gallery-item elementor-animated-content\" href=\"https:\/\/www.lichen.pl\/wp-content\/uploads\/2021\/07\/13-III-Pielgrzymka-Rozancowa-18-lipca-2021.jpg\" data-elementor-open-lightbox=\"yes\" data-elementor-lightbox-slideshow=\"5f9cc14\" data-elementor-lightbox-title=\"13 III Pielgrzymka R\u00f3\u017ca\u0144cowa, 18 lipca 2021\" data-e-action-hash=\"#elementor-action%3Aaction%3Dlightbox%26settings%3DeyJpZCI6MjAzNTIsInVybCI6Imh0dHBzOlwvXC93d3cubGljaGVuLnBsXC93cC1jb250ZW50XC91cGxvYWRzXC8yMDIxXC8wN1wvMTMtSUlJLVBpZWxncnp5bWthLVJvemFuY293YS0xOC1saXBjYS0yMDIxLmpwZyIsInNsaWRlc2hvdyI6IjVmOWNjMTQifQ%3D%3D\">\n\t\t\t\t\t<div class=\"e-gallery-image elementor-gallery-item__image\" data-thumbnail=\"https:\/\/www.lichen.pl\/wp-content\/uploads\/2021\/07\/13-III-Pielgrzymka-Rozancowa-18-lipca-2021-300x200.jpg\" data-width=\"300\" data-height=\"200\" aria-label=\"\" role=\"img\" ><\/div>\n\t\t\t\t\t\t\t\t\t\t\t<div class=\"elementor-gallery-item__overlay\"><\/div>\n\t\t\t\t\t\t\t\t\t\t\t\t\t\t<\/a>\n\t\t\t\t\t\t\t<a class=\"e-gallery-item elementor-gallery-item elementor-animated-content\" href=\"https:\/\/www.lichen.pl\/wp-content\/uploads\/2021\/07\/15-III-Pielgrzymka-Rozancowa-18-lipca-2021.jpg\" data-elementor-open-lightbox=\"yes\" data-elementor-lightbox-slideshow=\"5f9cc14\" data-elementor-lightbox-title=\"III Pielgrzymka R\u00f3\u017ca\u0144cowa, 18 lipca 2021\" data-e-action-hash=\"#elementor-action%3Aaction%3Dlightbox%26settings%3DeyJpZCI6MjAzNjIsInVybCI6Imh0dHBzOlwvXC93d3cubGljaGVuLnBsXC93cC1jb250ZW50XC91cGxvYWRzXC8yMDIxXC8wN1wvMTUtSUlJLVBpZWxncnp5bWthLVJvemFuY293YS0xOC1saXBjYS0yMDIxLmpwZyIsInNsaWRlc2hvdyI6IjVmOWNjMTQifQ%3D%3D\">\n\t\t\t\t\t<div class=\"e-gallery-image elementor-gallery-item__image\" data-thumbnail=\"https:\/\/www.lichen.pl\/wp-content\/uploads\/2021\/07\/15-III-Pielgrzymka-Rozancowa-18-lipca-2021-300x200.jpg\" data-width=\"300\" data-height=\"200\" aria-label=\"\" role=\"img\" ><\/div>\n\t\t\t\t\t\t\t\t\t\t\t<div class=\"elementor-gallery-item__overlay\"><\/div>\n\t\t\t\t\t\t\t\t\t\t\t\t\t\t<\/a>\n\t\t\t\t\t\t\t<a class=\"e-gallery-item elementor-gallery-item elementor-animated-content\" href=\"https:\/\/www.lichen.pl\/wp-content\/uploads\/2021\/07\/16-III-Pielgrzymka-Rozancowa-18-lipca-2021.jpg\" data-elementor-open-lightbox=\"yes\" data-elementor-lightbox-slideshow=\"5f9cc14\" data-elementor-lightbox-title=\"III Pielgrzymka R\u00f3\u017ca\u0144cowa, 18 lipca 2021\" data-e-action-hash=\"#elementor-action%3Aaction%3Dlightbox%26settings%3DeyJpZCI6MjAzNjcsInVybCI6Imh0dHBzOlwvXC93d3cubGljaGVuLnBsXC93cC1jb250ZW50XC91cGxvYWRzXC8yMDIxXC8wN1wvMTYtSUlJLVBpZWxncnp5bWthLVJvemFuY293YS0xOC1saXBjYS0yMDIxLmpwZyIsInNsaWRlc2hvdyI6IjVmOWNjMTQifQ%3D%3D\">\n\t\t\t\t\t<div class=\"e-gallery-image elementor-gallery-item__image\" data-thumbnail=\"https:\/\/www.lichen.pl\/wp-content\/uploads\/2021\/07\/16-III-Pielgrzymka-Rozancowa-18-lipca-2021-300x200.jpg\" data-width=\"300\" data-height=\"200\" aria-label=\"\" role=\"img\" ><\/div>\n\t\t\t\t\t\t\t\t\t\t\t<div class=\"elementor-gallery-item__overlay\"><\/div>\n\t\t\t\t\t\t\t\t\t\t\t\t\t\t<\/a>\n\t\t\t\t\t\t\t<a class=\"e-gallery-item elementor-gallery-item elementor-animated-content\" href=\"https:\/\/www.lichen.pl\/wp-content\/uploads\/2021\/07\/17-III-Pielgrzymka-Rozancowa-18-lipca-2021.jpg\" data-elementor-open-lightbox=\"yes\" data-elementor-lightbox-slideshow=\"5f9cc14\" data-elementor-lightbox-title=\"III Pielgrzymka R\u00f3\u017ca\u0144cowa, 18 lipca 2021\" data-e-action-hash=\"#elementor-action%3Aaction%3Dlightbox%26settings%3DeyJpZCI6MjAzNzIsInVybCI6Imh0dHBzOlwvXC93d3cubGljaGVuLnBsXC93cC1jb250ZW50XC91cGxvYWRzXC8yMDIxXC8wN1wvMTctSUlJLVBpZWxncnp5bWthLVJvemFuY293YS0xOC1saXBjYS0yMDIxLmpwZyIsInNsaWRlc2hvdyI6IjVmOWNjMTQifQ%3D%3D\">\n\t\t\t\t\t<div class=\"e-gallery-image elementor-gallery-item__image\" data-thumbnail=\"https:\/\/www.lichen.pl\/wp-content\/uploads\/2021\/07\/17-III-Pielgrzymka-Rozancowa-18-lipca-2021-300x200.jpg\" data-width=\"300\" data-height=\"200\" aria-label=\"\" role=\"img\" ><\/div>\n\t\t\t\t\t\t\t\t\t\t\t<div class=\"elementor-gallery-item__overlay\"><\/div>\n\t\t\t\t\t\t\t\t\t\t\t\t\t\t<\/a>\n\t\t\t\t\t\t\t<a class=\"e-gallery-item elementor-gallery-item elementor-animated-content\" href=\"https:\/\/www.lichen.pl\/wp-content\/uploads\/2021\/07\/18-III-Pielgrzymka-Rozancowa-18-lipca-2021.jpg\" data-elementor-open-lightbox=\"yes\" data-elementor-lightbox-slideshow=\"5f9cc14\" data-elementor-lightbox-title=\"III Pielgrzymka R\u00f3\u017ca\u0144cowa, 18 lipca 2021\" data-e-action-hash=\"#elementor-action%3Aaction%3Dlightbox%26settings%3DeyJpZCI6MjAzNzcsInVybCI6Imh0dHBzOlwvXC93d3cubGljaGVuLnBsXC93cC1jb250ZW50XC91cGxvYWRzXC8yMDIxXC8wN1wvMTgtSUlJLVBpZWxncnp5bWthLVJvemFuY293YS0xOC1saXBjYS0yMDIxLmpwZyIsInNsaWRlc2hvdyI6IjVmOWNjMTQifQ%3D%3D\">\n\t\t\t\t\t<div class=\"e-gallery-image elementor-gallery-item__image\" data-thumbnail=\"https:\/\/www.lichen.pl\/wp-content\/uploads\/2021\/07\/18-III-Pielgrzymka-Rozancowa-18-lipca-2021-300x200.jpg\" data-width=\"300\" data-height=\"200\" aria-label=\"\" role=\"img\" ><\/div>\n\t\t\t\t\t\t\t\t\t\t\t<div class=\"elementor-gallery-item__overlay\"><\/div>\n\t\t\t\t\t\t\t\t\t\t\t\t\t\t<\/a>\n\t\t\t\t\t\t\t<a class=\"e-gallery-item elementor-gallery-item elementor-animated-content\" href=\"https:\/\/www.lichen.pl\/wp-content\/uploads\/2021\/07\/19-III-Pielgrzymka-Rozancowa-18-lipca-2021.jpg\" data-elementor-open-lightbox=\"yes\" data-elementor-lightbox-slideshow=\"5f9cc14\" data-elementor-lightbox-title=\"III Pielgrzymka R\u00f3\u017ca\u0144cowa, 18 lipca 2021\" data-e-action-hash=\"#elementor-action%3Aaction%3Dlightbox%26settings%3DeyJpZCI6MjAzODIsInVybCI6Imh0dHBzOlwvXC93d3cubGljaGVuLnBsXC93cC1jb250ZW50XC91cGxvYWRzXC8yMDIxXC8wN1wvMTktSUlJLVBpZWxncnp5bWthLVJvemFuY293YS0xOC1saXBjYS0yMDIxLmpwZyIsInNsaWRlc2hvdyI6IjVmOWNjMTQifQ%3D%3D\">\n\t\t\t\t\t<div class=\"e-gallery-image elementor-gallery-item__image\" data-thumbnail=\"https:\/\/www.lichen.pl\/wp-content\/uploads\/2021\/07\/19-III-Pielgrzymka-Rozancowa-18-lipca-2021-200x300.jpg\" data-width=\"200\" data-height=\"300\" aria-label=\"\" role=\"img\" ><\/div>\n\t\t\t\t\t\t\t\t\t\t\t<div class=\"elementor-gallery-item__overlay\"><\/div>\n\t\t\t\t\t\t\t\t\t\t\t\t\t\t<\/a>\n\t\t\t\t\t\t\t<a class=\"e-gallery-item elementor-gallery-item elementor-animated-content\" href=\"https:\/\/www.lichen.pl\/wp-content\/uploads\/2021\/07\/20-III-Pielgrzymka-Rozancowa-18-lipca-2021.jpg\" data-elementor-open-lightbox=\"yes\" data-elementor-lightbox-slideshow=\"5f9cc14\" data-elementor-lightbox-title=\"III Pielgrzymka R\u00f3\u017ca\u0144cowa, 18 lipca 2021\" data-e-action-hash=\"#elementor-action%3Aaction%3Dlightbox%26settings%3DeyJpZCI6MjAzODcsInVybCI6Imh0dHBzOlwvXC93d3cubGljaGVuLnBsXC93cC1jb250ZW50XC91cGxvYWRzXC8yMDIxXC8wN1wvMjAtSUlJLVBpZWxncnp5bWthLVJvemFuY293YS0xOC1saXBjYS0yMDIxLmpwZyIsInNsaWRlc2hvdyI6IjVmOWNjMTQifQ%3D%3D\">\n\t\t\t\t\t<div class=\"e-gallery-image elementor-gallery-item__image\" data-thumbnail=\"https:\/\/www.lichen.pl\/wp-content\/uploads\/2021\/07\/20-III-Pielgrzymka-Rozancowa-18-lipca-2021-200x300.jpg\" data-width=\"200\" data-height=\"300\" aria-label=\"\" role=\"img\" ><\/div>\n\t\t\t\t\t\t\t\t\t\t\t<div class=\"elementor-gallery-item__overlay\"><\/div>\n\t\t\t\t\t\t\t\t\t\t\t\t\t\t<\/a>\n\t\t\t\t\t\t\t<a class=\"e-gallery-item elementor-gallery-item elementor-animated-content\" href=\"https:\/\/www.lichen.pl\/wp-content\/uploads\/2021\/07\/21-III-Pielgrzymka-Rozancowa-18-lipca-2021.jpg\" data-elementor-open-lightbox=\"yes\" data-elementor-lightbox-slideshow=\"5f9cc14\" data-elementor-lightbox-title=\"21 III Pielgrzymka R\u00f3\u017ca\u0144cowa, 18 lipca 2021\" data-e-action-hash=\"#elementor-action%3Aaction%3Dlightbox%26settings%3DeyJpZCI6MjAzOTIsInVybCI6Imh0dHBzOlwvXC93d3cubGljaGVuLnBsXC93cC1jb250ZW50XC91cGxvYWRzXC8yMDIxXC8wN1wvMjEtSUlJLVBpZWxncnp5bWthLVJvemFuY293YS0xOC1saXBjYS0yMDIxLmpwZyIsInNsaWRlc2hvdyI6IjVmOWNjMTQifQ%3D%3D\">\n\t\t\t\t\t<div class=\"e-gallery-image elementor-gallery-item__image\" data-thumbnail=\"https:\/\/www.lichen.pl\/wp-content\/uploads\/2021\/07\/21-III-Pielgrzymka-Rozancowa-18-lipca-2021-300x200.jpg\" data-width=\"300\" data-height=\"200\" aria-label=\"\" role=\"img\" ><\/div>\n\t\t\t\t\t\t\t\t\t\t\t<div class=\"elementor-gallery-item__overlay\"><\/div>\n\t\t\t\t\t\t\t\t\t\t\t\t\t\t<\/a>\n\t\t\t\t\t\t\t<a class=\"e-gallery-item elementor-gallery-item elementor-animated-content\" href=\"https:\/\/www.lichen.pl\/wp-content\/uploads\/2021\/07\/22-III-Pielgrzymka-Rozancowa-18-lipca-2021.jpg\" data-elementor-open-lightbox=\"yes\" data-elementor-lightbox-slideshow=\"5f9cc14\" data-elementor-lightbox-title=\"22 III Pielgrzymka R\u00f3\u017ca\u0144cowa, 18 lipca 2021\" data-e-action-hash=\"#elementor-action%3Aaction%3Dlightbox%26settings%3DeyJpZCI6MjAzOTcsInVybCI6Imh0dHBzOlwvXC93d3cubGljaGVuLnBsXC93cC1jb250ZW50XC91cGxvYWRzXC8yMDIxXC8wN1wvMjItSUlJLVBpZWxncnp5bWthLVJvemFuY293YS0xOC1saXBjYS0yMDIxLmpwZyIsInNsaWRlc2hvdyI6IjVmOWNjMTQifQ%3D%3D\">\n\t\t\t\t\t<div class=\"e-gallery-image elementor-gallery-item__image\" data-thumbnail=\"https:\/\/www.lichen.pl\/wp-content\/uploads\/2021\/07\/22-III-Pielgrzymka-Rozancowa-18-lipca-2021-300x200.jpg\" data-width=\"300\" data-height=\"200\" aria-label=\"\" role=\"img\" ><\/div>\n\t\t\t\t\t\t\t\t\t\t\t<div class=\"elementor-gallery-item__overlay\"><\/div>\n\t\t\t\t\t\t\t\t\t\t\t\t\t\t<\/a>\n\t\t\t\t\t\t\t<a class=\"e-gallery-item elementor-gallery-item elementor-animated-content\" href=\"https:\/\/www.lichen.pl\/wp-content\/uploads\/2021\/07\/23-III-Pielgrzymka-Rozancowa-18-lipca-2021.jpg\" data-elementor-open-lightbox=\"yes\" data-elementor-lightbox-slideshow=\"5f9cc14\" data-elementor-lightbox-title=\"III Pielgrzymka R\u00f3\u017ca\u0144cowa, 18 lipca 2021\" data-e-action-hash=\"#elementor-action%3Aaction%3Dlightbox%26settings%3DeyJpZCI6MjA0MDIsInVybCI6Imh0dHBzOlwvXC93d3cubGljaGVuLnBsXC93cC1jb250ZW50XC91cGxvYWRzXC8yMDIxXC8wN1wvMjMtSUlJLVBpZWxncnp5bWthLVJvemFuY293YS0xOC1saXBjYS0yMDIxLmpwZyIsInNsaWRlc2hvdyI6IjVmOWNjMTQifQ%3D%3D\">\n\t\t\t\t\t<div class=\"e-gallery-image elementor-gallery-item__image\" data-thumbnail=\"https:\/\/www.lichen.pl\/wp-content\/uploads\/2021\/07\/23-III-Pielgrzymka-Rozancowa-18-lipca-2021-300x200.jpg\" data-width=\"300\" data-height=\"200\" aria-label=\"\" role=\"img\" ><\/div>\n\t\t\t\t\t\t\t\t\t\t\t<div class=\"elementor-gallery-item__overlay\"><\/div>\n\t\t\t\t\t\t\t\t\t\t\t\t\t\t<\/a>\n\t\t\t\t\t\t\t<a class=\"e-gallery-item elementor-gallery-item elementor-animated-content\" href=\"https:\/\/www.lichen.pl\/wp-content\/uploads\/2021\/07\/24-III-Pielgrzymka-Rozancowa-18-lipca-2021.jpg\" data-elementor-open-lightbox=\"yes\" data-elementor-lightbox-slideshow=\"5f9cc14\" data-elementor-lightbox-title=\"III Pielgrzymka R\u00f3\u017ca\u0144cowa, 18 lipca 2021\" data-e-action-hash=\"#elementor-action%3Aaction%3Dlightbox%26settings%3DeyJpZCI6MjA0MDcsInVybCI6Imh0dHBzOlwvXC93d3cubGljaGVuLnBsXC93cC1jb250ZW50XC91cGxvYWRzXC8yMDIxXC8wN1wvMjQtSUlJLVBpZWxncnp5bWthLVJvemFuY293YS0xOC1saXBjYS0yMDIxLmpwZyIsInNsaWRlc2hvdyI6IjVmOWNjMTQifQ%3D%3D\">\n\t\t\t\t\t<div class=\"e-gallery-image elementor-gallery-item__image\" data-thumbnail=\"https:\/\/www.lichen.pl\/wp-content\/uploads\/2021\/07\/24-III-Pielgrzymka-Rozancowa-18-lipca-2021-300x200.jpg\" data-width=\"300\" data-height=\"200\" aria-label=\"\" role=\"img\" ><\/div>\n\t\t\t\t\t\t\t\t\t\t\t<div class=\"elementor-gallery-item__overlay\"><\/div>\n\t\t\t\t\t\t\t\t\t\t\t\t\t\t<\/a>\n\t\t\t\t\t\t\t<a class=\"e-gallery-item elementor-gallery-item elementor-animated-content\" href=\"https:\/\/www.lichen.pl\/wp-content\/uploads\/2021\/07\/25-III-Pielgrzymka-Rozancowa-18-lipca-2021.jpg\" data-elementor-open-lightbox=\"yes\" data-elementor-lightbox-slideshow=\"5f9cc14\" data-elementor-lightbox-title=\"III Pielgrzymka R\u00f3\u017ca\u0144cowa, 18 lipca 2021\" data-e-action-hash=\"#elementor-action%3Aaction%3Dlightbox%26settings%3DeyJpZCI6MjA0MTIsInVybCI6Imh0dHBzOlwvXC93d3cubGljaGVuLnBsXC93cC1jb250ZW50XC91cGxvYWRzXC8yMDIxXC8wN1wvMjUtSUlJLVBpZWxncnp5bWthLVJvemFuY293YS0xOC1saXBjYS0yMDIxLmpwZyIsInNsaWRlc2hvdyI6IjVmOWNjMTQifQ%3D%3D\">\n\t\t\t\t\t<div class=\"e-gallery-image elementor-gallery-item__image\" data-thumbnail=\"https:\/\/www.lichen.pl\/wp-content\/uploads\/2021\/07\/25-III-Pielgrzymka-Rozancowa-18-lipca-2021-300x200.jpg\" data-width=\"300\" data-height=\"200\" aria-label=\"\" role=\"img\" ><\/div>\n\t\t\t\t\t\t\t\t\t\t\t<div class=\"elementor-gallery-item__overlay\"><\/div>\n\t\t\t\t\t\t\t\t\t\t\t\t\t\t<\/a>\n\t\t\t\t\t\t\t<a class=\"e-gallery-item elementor-gallery-item elementor-animated-content\" href=\"https:\/\/www.lichen.pl\/wp-content\/uploads\/2021\/07\/26-III-Pielgrzymka-Rozancowa-18-lipca-2021.jpg\" data-elementor-open-lightbox=\"yes\" data-elementor-lightbox-slideshow=\"5f9cc14\" data-elementor-lightbox-title=\"III Pielgrzymka R\u00f3\u017ca\u0144cowa, 18 lipca 2021\" data-e-action-hash=\"#elementor-action%3Aaction%3Dlightbox%26settings%3DeyJpZCI6MjA0MTcsInVybCI6Imh0dHBzOlwvXC93d3cubGljaGVuLnBsXC93cC1jb250ZW50XC91cGxvYWRzXC8yMDIxXC8wN1wvMjYtSUlJLVBpZWxncnp5bWthLVJvemFuY293YS0xOC1saXBjYS0yMDIxLmpwZyIsInNsaWRlc2hvdyI6IjVmOWNjMTQifQ%3D%3D\">\n\t\t\t\t\t<div class=\"e-gallery-image elementor-gallery-item__image\" data-thumbnail=\"https:\/\/www.lichen.pl\/wp-content\/uploads\/2021\/07\/26-III-Pielgrzymka-Rozancowa-18-lipca-2021-300x200.jpg\" data-width=\"300\" data-height=\"200\" aria-label=\"\" role=\"img\" ><\/div>\n\t\t\t\t\t\t\t\t\t\t\t<div class=\"elementor-gallery-item__overlay\"><\/div>\n\t\t\t\t\t\t\t\t\t\t\t\t\t\t<\/a>\n\t\t\t\t\t\t\t<a class=\"e-gallery-item elementor-gallery-item elementor-animated-content\" href=\"https:\/\/www.lichen.pl\/wp-content\/uploads\/2021\/07\/27-III-Pielgrzymka-Rozancowa-18-lipca-2021.jpg\" data-elementor-open-lightbox=\"yes\" data-elementor-lightbox-slideshow=\"5f9cc14\" data-elementor-lightbox-title=\"III Pielgrzymka R\u00f3\u017ca\u0144cowa, 18 lipca 2021\" data-e-action-hash=\"#elementor-action%3Aaction%3Dlightbox%26settings%3DeyJpZCI6MjA0MjIsInVybCI6Imh0dHBzOlwvXC93d3cubGljaGVuLnBsXC93cC1jb250ZW50XC91cGxvYWRzXC8yMDIxXC8wN1wvMjctSUlJLVBpZWxncnp5bWthLVJvemFuY293YS0xOC1saXBjYS0yMDIxLmpwZyIsInNsaWRlc2hvdyI6IjVmOWNjMTQifQ%3D%3D\">\n\t\t\t\t\t<div class=\"e-gallery-image elementor-gallery-item__image\" data-thumbnail=\"https:\/\/www.lichen.pl\/wp-content\/uploads\/2021\/07\/27-III-Pielgrzymka-Rozancowa-18-lipca-2021-300x200.jpg\" data-width=\"300\" data-height=\"200\" aria-label=\"\" role=\"img\" ><\/div>\n\t\t\t\t\t\t\t\t\t\t\t<div class=\"elementor-gallery-item__overlay\"><\/div>\n\t\t\t\t\t\t\t\t\t\t\t\t\t\t<\/a>\n\t\t\t\t\t\t\t<a class=\"e-gallery-item elementor-gallery-item elementor-animated-content\" href=\"https:\/\/www.lichen.pl\/wp-content\/uploads\/2021\/07\/28-III-Pielgrzymka-Rozancowa-18-lipca-2021.jpg\" data-elementor-open-lightbox=\"yes\" data-elementor-lightbox-slideshow=\"5f9cc14\" data-elementor-lightbox-title=\"III Pielgrzymka R\u00f3\u017ca\u0144cowa, 18 lipca 2021\" data-e-action-hash=\"#elementor-action%3Aaction%3Dlightbox%26settings%3DeyJpZCI6MjA0MjcsInVybCI6Imh0dHBzOlwvXC93d3cubGljaGVuLnBsXC93cC1jb250ZW50XC91cGxvYWRzXC8yMDIxXC8wN1wvMjgtSUlJLVBpZWxncnp5bWthLVJvemFuY293YS0xOC1saXBjYS0yMDIxLmpwZyIsInNsaWRlc2hvdyI6IjVmOWNjMTQifQ%3D%3D\">\n\t\t\t\t\t<div class=\"e-gallery-image elementor-gallery-item__image\" data-thumbnail=\"https:\/\/www.lichen.pl\/wp-content\/uploads\/2021\/07\/28-III-Pielgrzymka-Rozancowa-18-lipca-2021-300x200.jpg\" data-width=\"300\" data-height=\"200\" aria-label=\"\" role=\"img\" ><\/div>\n\t\t\t\t\t\t\t\t\t\t\t<div class=\"elementor-gallery-item__overlay\"><\/div>\n\t\t\t\t\t\t\t\t\t\t\t\t\t\t<\/a>\n\t\t\t\t\t\t\t<a class=\"e-gallery-item elementor-gallery-item elementor-animated-content\" href=\"https:\/\/www.lichen.pl\/wp-content\/uploads\/2021\/07\/29-III-Pielgrzymka-Rozancowa-18-lipca-2021.jpg\" data-elementor-open-lightbox=\"yes\" data-elementor-lightbox-slideshow=\"5f9cc14\" data-elementor-lightbox-title=\"III Pielgrzymka R\u00f3\u017ca\u0144cowa, 18 lipca 2021\" data-e-action-hash=\"#elementor-action%3Aaction%3Dlightbox%26settings%3DeyJpZCI6MjA0MzIsInVybCI6Imh0dHBzOlwvXC93d3cubGljaGVuLnBsXC93cC1jb250ZW50XC91cGxvYWRzXC8yMDIxXC8wN1wvMjktSUlJLVBpZWxncnp5bWthLVJvemFuY293YS0xOC1saXBjYS0yMDIxLmpwZyIsInNsaWRlc2hvdyI6IjVmOWNjMTQifQ%3D%3D\">\n\t\t\t\t\t<div class=\"e-gallery-image elementor-gallery-item__image\" data-thumbnail=\"https:\/\/www.lichen.pl\/wp-content\/uploads\/2021\/07\/29-III-Pielgrzymka-Rozancowa-18-lipca-2021-300x200.jpg\" data-width=\"300\" data-height=\"200\" aria-label=\"\" role=\"img\" ><\/div>\n\t\t\t\t\t\t\t\t\t\t\t<div class=\"elementor-gallery-item__overlay\"><\/div>\n\t\t\t\t\t\t\t\t\t\t\t\t\t\t<\/a>\n\t\t\t\t\t<\/div>\n\t\t\t\t\t<\/div>\n\t\t\t\t<\/div>\n\t\t\t\t<div class=\"elementor-element elementor-element-1789b69 elementor-widget-divider--view-line elementor-widget elementor-widget-divider\" data-id=\"1789b69\" data-element_type=\"widget\" data-e-type=\"widget\" data-widget_type=\"divider.default\">\n\t\t\t\t<div class=\"elementor-widget-container\">\n\t\t\t\t\t\t\t<div class=\"elementor-divider\">\n\t\t\t<span class=\"elementor-divider-separator\">\n\t\t\t\t\t\t<\/span>\n\t\t<\/div>\n\t\t\t\t\t\t<\/div>\n\t\t\t\t<\/div>\n\t\t\t\t\t<\/div>\n\t\t<\/div>\n\t\t\t\t\t<\/div>\n\t\t<\/section>\n\t\t\t\t<\/div>","protected":false},"excerpt":{"rendered":"<p>Sanktuarium to miejsce spotkania z Jezusem w obecno\u015bci Matki. To tutaj kierowana jest do nas zach\u0119ta Maryi do modlitwy r\u00f3\u017ca\u0144cowej, bo tylko taka modlitwa sprawi, \u017ce nasze \u017cycie odnajdzie g\u0142\u0119bszy sens. \u201eB\u00f3g m\u00f3wi &#8211; je\u015bli ze Mn\u0105 b\u0119dziesz przebywa\u0142, to b\u0119dziesz szcz\u0119\u015bliwy; je\u015bli b\u0119dziesz zjednoczony ze Mn\u0105, to b\u0119dziesz mia\u0142 pok\u00f3j i rado\u015b\u0107 w sercu. [&hellip;]<\/p>\n","protected":false},"author":2,"featured_media":20286,"comment_status":"open","ping_status":"open","sticky":false,"template":"","format":"standard","meta":{"footnotes":""},"categories":[1],"tags":[],"class_list":["post-20284","post","type-post","status-publish","format-standard","has-post-thumbnail","hentry","category-aktualnosci","wpbf-post"],"yoast_head":"<!-- This site is optimized with the Yoast SEO plugin v27.4 - https:\/\/yoast.com\/product\/yoast-seo-wordpress\/ -->\n<title>III Pielgrzymka Wsp\u00f3lnoty R\u00f3\u017ca\u0144cowej - SANKTUARIUM W LICHENIU<\/title>\n<meta name=\"robots\" content=\"index, follow, max-snippet:-1, max-image-preview:large, max-video-preview:-1\" \/>\n<link rel=\"canonical\" href=\"https:\/\/www.lichen.pl\/de\/iii-pielgrzymka-wspolnoty-rozancowej\/\" \/>\n<meta property=\"og:locale\" content=\"de_DE\" \/>\n<meta property=\"og:type\" content=\"article\" \/>\n<meta property=\"og:title\" content=\"III Pielgrzymka Wsp\u00f3lnoty R\u00f3\u017ca\u0144cowej - SANKTUARIUM W LICHENIU\" \/>\n<meta property=\"og:description\" content=\"Sanktuarium to miejsce spotkania z Jezusem w obecno\u015bci Matki. To tutaj kierowana jest do nas zach\u0119ta Maryi do modlitwy r\u00f3\u017ca\u0144cowej, bo tylko taka modlitwa sprawi, \u017ce nasze \u017cycie odnajdzie g\u0142\u0119bszy sens. \u201eB\u00f3g m\u00f3wi &#8211; je\u015bli ze Mn\u0105 b\u0119dziesz przebywa\u0142, to b\u0119dziesz szcz\u0119\u015bliwy; je\u015bli b\u0119dziesz zjednoczony ze Mn\u0105, to b\u0119dziesz mia\u0142 pok\u00f3j i rado\u015b\u0107 w sercu. [&hellip;]\" \/>\n<meta property=\"og:url\" content=\"https:\/\/www.lichen.pl\/de\/iii-pielgrzymka-wspolnoty-rozancowej\/\" \/>\n<meta property=\"og:site_name\" content=\"SANKTUARIUM W LICHENIU\" \/>\n<meta property=\"article:published_time\" content=\"2021-07-18T15:23:01+00:00\" \/>\n<meta property=\"article:modified_time\" content=\"2021-07-21T22:08:49+00:00\" \/>\n<meta property=\"og:image\" content=\"https:\/\/www.lichen.pl\/wp-content\/uploads\/2021\/07\/1-III-Pielgrzymka-Rozancowa-18-lipca-2021-kadr.jpg\" \/>\n\t<meta property=\"og:image:width\" content=\"796\" \/>\n\t<meta property=\"og:image:height\" content=\"537\" \/>\n\t<meta property=\"og:image:type\" content=\"image\/jpeg\" \/>\n<meta name=\"author\" content=\"Arkadiusz Gorgolewski\" \/>\n<meta name=\"twitter:card\" content=\"summary_large_image\" \/>\n<meta name=\"twitter:label1\" content=\"Verfasst von\" \/>\n\t<meta name=\"twitter:data1\" content=\"Arkadiusz Gorgolewski\" \/>\n\t<meta name=\"twitter:label2\" content=\"Gesch\u00e4tzte Lesezeit\" \/>\n\t<meta name=\"twitter:data2\" content=\"3\u00a0Minuten\" \/>\n<script type=\"application\/ld+json\" class=\"yoast-schema-graph\">{\"@context\":\"https:\\\/\\\/schema.org\",\"@graph\":[{\"@type\":\"Article\",\"@id\":\"https:\\\/\\\/www.lichen.pl\\\/iii-pielgrzymka-wspolnoty-rozancowej\\\/#article\",\"isPartOf\":{\"@id\":\"https:\\\/\\\/www.lichen.pl\\\/iii-pielgrzymka-wspolnoty-rozancowej\\\/\"},\"author\":{\"name\":\"Arkadiusz Gorgolewski\",\"@id\":\"https:\\\/\\\/www.lichen.pl\\\/fr\\\/#\\\/schema\\\/person\\\/56fc5b38d70a2b34983408f9a457fd9d\"},\"headline\":\"III Pielgrzymka Wsp\u00f3lnoty R\u00f3\u017ca\u0144cowej\",\"datePublished\":\"2021-07-18T15:23:01+00:00\",\"dateModified\":\"2021-07-21T22:08:49+00:00\",\"mainEntityOfPage\":{\"@id\":\"https:\\\/\\\/www.lichen.pl\\\/iii-pielgrzymka-wspolnoty-rozancowej\\\/\"},\"wordCount\":690,\"commentCount\":0,\"image\":{\"@id\":\"https:\\\/\\\/www.lichen.pl\\\/iii-pielgrzymka-wspolnoty-rozancowej\\\/#primaryimage\"},\"thumbnailUrl\":\"https:\\\/\\\/www.lichen.pl\\\/wp-content\\\/uploads\\\/2021\\\/07\\\/1-III-Pielgrzymka-Rozancowa-18-lipca-2021-kadr.jpg\",\"articleSection\":[\"Aktualno\u015bci\"],\"inLanguage\":\"de\",\"potentialAction\":[{\"@type\":\"CommentAction\",\"name\":\"Comment\",\"target\":[\"https:\\\/\\\/www.lichen.pl\\\/iii-pielgrzymka-wspolnoty-rozancowej\\\/#respond\"]}]},{\"@type\":\"WebPage\",\"@id\":\"https:\\\/\\\/www.lichen.pl\\\/iii-pielgrzymka-wspolnoty-rozancowej\\\/\",\"url\":\"https:\\\/\\\/www.lichen.pl\\\/iii-pielgrzymka-wspolnoty-rozancowej\\\/\",\"name\":\"III Pielgrzymka Wsp\u00f3lnoty R\u00f3\u017ca\u0144cowej - SANKTUARIUM W LICHENIU\",\"isPartOf\":{\"@id\":\"https:\\\/\\\/www.lichen.pl\\\/fr\\\/#website\"},\"primaryImageOfPage\":{\"@id\":\"https:\\\/\\\/www.lichen.pl\\\/iii-pielgrzymka-wspolnoty-rozancowej\\\/#primaryimage\"},\"image\":{\"@id\":\"https:\\\/\\\/www.lichen.pl\\\/iii-pielgrzymka-wspolnoty-rozancowej\\\/#primaryimage\"},\"thumbnailUrl\":\"https:\\\/\\\/www.lichen.pl\\\/wp-content\\\/uploads\\\/2021\\\/07\\\/1-III-Pielgrzymka-Rozancowa-18-lipca-2021-kadr.jpg\",\"datePublished\":\"2021-07-18T15:23:01+00:00\",\"dateModified\":\"2021-07-21T22:08:49+00:00\",\"author\":{\"@id\":\"https:\\\/\\\/www.lichen.pl\\\/fr\\\/#\\\/schema\\\/person\\\/56fc5b38d70a2b34983408f9a457fd9d\"},\"breadcrumb\":{\"@id\":\"https:\\\/\\\/www.lichen.pl\\\/iii-pielgrzymka-wspolnoty-rozancowej\\\/#breadcrumb\"},\"inLanguage\":\"de\",\"potentialAction\":[{\"@type\":\"ReadAction\",\"target\":[\"https:\\\/\\\/www.lichen.pl\\\/iii-pielgrzymka-wspolnoty-rozancowej\\\/\"]}]},{\"@type\":\"ImageObject\",\"inLanguage\":\"de\",\"@id\":\"https:\\\/\\\/www.lichen.pl\\\/iii-pielgrzymka-wspolnoty-rozancowej\\\/#primaryimage\",\"url\":\"https:\\\/\\\/www.lichen.pl\\\/wp-content\\\/uploads\\\/2021\\\/07\\\/1-III-Pielgrzymka-Rozancowa-18-lipca-2021-kadr.jpg\",\"contentUrl\":\"https:\\\/\\\/www.lichen.pl\\\/wp-content\\\/uploads\\\/2021\\\/07\\\/1-III-Pielgrzymka-Rozancowa-18-lipca-2021-kadr.jpg\",\"width\":796,\"height\":537},{\"@type\":\"BreadcrumbList\",\"@id\":\"https:\\\/\\\/www.lichen.pl\\\/iii-pielgrzymka-wspolnoty-rozancowej\\\/#breadcrumb\",\"itemListElement\":[{\"@type\":\"ListItem\",\"position\":1,\"name\":\"Strona g\u0142\u00f3wna\",\"item\":\"https:\\\/\\\/www.lichen.pl\\\/\"},{\"@type\":\"ListItem\",\"position\":2,\"name\":\"III Pielgrzymka Wsp\u00f3lnoty R\u00f3\u017ca\u0144cowej\"}]},{\"@type\":\"WebSite\",\"@id\":\"https:\\\/\\\/www.lichen.pl\\\/fr\\\/#website\",\"url\":\"https:\\\/\\\/www.lichen.pl\\\/fr\\\/\",\"name\":\"SANKTUARIUM W LICHENIU\",\"description\":\"MATKI BO\u017bEJ LICHE\u0143SKIEJ BOLESNEJ KR\u00d3LOWEJ POLSKI\",\"potentialAction\":[{\"@type\":\"SearchAction\",\"target\":{\"@type\":\"EntryPoint\",\"urlTemplate\":\"https:\\\/\\\/www.lichen.pl\\\/fr\\\/?s={search_term_string}\"},\"query-input\":{\"@type\":\"PropertyValueSpecification\",\"valueRequired\":true,\"valueName\":\"search_term_string\"}}],\"inLanguage\":\"de\"},{\"@type\":\"Person\",\"@id\":\"https:\\\/\\\/www.lichen.pl\\\/fr\\\/#\\\/schema\\\/person\\\/56fc5b38d70a2b34983408f9a457fd9d\",\"name\":\"Arkadiusz Gorgolewski\",\"image\":{\"@type\":\"ImageObject\",\"inLanguage\":\"de\",\"@id\":\"https:\\\/\\\/secure.gravatar.com\\\/avatar\\\/0f571b370f5aa245b1fd3b9c945511b004fe17579bdefd5054d99f0ba315149c?s=96&d=retro&r=g\",\"url\":\"https:\\\/\\\/secure.gravatar.com\\\/avatar\\\/0f571b370f5aa245b1fd3b9c945511b004fe17579bdefd5054d99f0ba315149c?s=96&d=retro&r=g\",\"contentUrl\":\"https:\\\/\\\/secure.gravatar.com\\\/avatar\\\/0f571b370f5aa245b1fd3b9c945511b004fe17579bdefd5054d99f0ba315149c?s=96&d=retro&r=g\",\"caption\":\"Arkadiusz Gorgolewski\"},\"url\":\"https:\\\/\\\/www.lichen.pl\\\/de\\\/author\\\/sanadmin\\\/\"}]}<\/script>\n<!-- \/ Yoast SEO plugin. -->","yoast_head_json":{"title":"III Pielgrzymka Wsp\u00f3lnoty R\u00f3\u017ca\u0144cowej - SANKTUARIUM W LICHENIU","robots":{"index":"index","follow":"follow","max-snippet":"max-snippet:-1","max-image-preview":"max-image-preview:large","max-video-preview":"max-video-preview:-1"},"canonical":"https:\/\/www.lichen.pl\/de\/iii-pielgrzymka-wspolnoty-rozancowej\/","og_locale":"de_DE","og_type":"article","og_title":"III Pielgrzymka Wsp\u00f3lnoty R\u00f3\u017ca\u0144cowej - SANKTUARIUM W LICHENIU","og_description":"Sanktuarium to miejsce spotkania z Jezusem w obecno\u015bci Matki. To tutaj kierowana jest do nas zach\u0119ta Maryi do modlitwy r\u00f3\u017ca\u0144cowej, bo tylko taka modlitwa sprawi, \u017ce nasze \u017cycie odnajdzie g\u0142\u0119bszy sens. \u201eB\u00f3g m\u00f3wi &#8211; je\u015bli ze Mn\u0105 b\u0119dziesz przebywa\u0142, to b\u0119dziesz szcz\u0119\u015bliwy; je\u015bli b\u0119dziesz zjednoczony ze Mn\u0105, to b\u0119dziesz mia\u0142 pok\u00f3j i rado\u015b\u0107 w sercu. [&hellip;]","og_url":"https:\/\/www.lichen.pl\/de\/iii-pielgrzymka-wspolnoty-rozancowej\/","og_site_name":"SANKTUARIUM W LICHENIU","article_published_time":"2021-07-18T15:23:01+00:00","article_modified_time":"2021-07-21T22:08:49+00:00","og_image":[{"width":796,"height":537,"url":"https:\/\/www.lichen.pl\/wp-content\/uploads\/2021\/07\/1-III-Pielgrzymka-Rozancowa-18-lipca-2021-kadr.jpg","type":"image\/jpeg"}],"author":"Arkadiusz Gorgolewski","twitter_card":"summary_large_image","twitter_misc":{"Verfasst von":"Arkadiusz Gorgolewski","Gesch\u00e4tzte Lesezeit":"3\u00a0Minuten"},"schema":{"@context":"https:\/\/schema.org","@graph":[{"@type":"Article","@id":"https:\/\/www.lichen.pl\/iii-pielgrzymka-wspolnoty-rozancowej\/#article","isPartOf":{"@id":"https:\/\/www.lichen.pl\/iii-pielgrzymka-wspolnoty-rozancowej\/"},"author":{"name":"Arkadiusz Gorgolewski","@id":"https:\/\/www.lichen.pl\/fr\/#\/schema\/person\/56fc5b38d70a2b34983408f9a457fd9d"},"headline":"III Pielgrzymka Wsp\u00f3lnoty R\u00f3\u017ca\u0144cowej","datePublished":"2021-07-18T15:23:01+00:00","dateModified":"2021-07-21T22:08:49+00:00","mainEntityOfPage":{"@id":"https:\/\/www.lichen.pl\/iii-pielgrzymka-wspolnoty-rozancowej\/"},"wordCount":690,"commentCount":0,"image":{"@id":"https:\/\/www.lichen.pl\/iii-pielgrzymka-wspolnoty-rozancowej\/#primaryimage"},"thumbnailUrl":"https:\/\/www.lichen.pl\/wp-content\/uploads\/2021\/07\/1-III-Pielgrzymka-Rozancowa-18-lipca-2021-kadr.jpg","articleSection":["Aktualno\u015bci"],"inLanguage":"de","potentialAction":[{"@type":"CommentAction","name":"Comment","target":["https:\/\/www.lichen.pl\/iii-pielgrzymka-wspolnoty-rozancowej\/#respond"]}]},{"@type":"WebPage","@id":"https:\/\/www.lichen.pl\/iii-pielgrzymka-wspolnoty-rozancowej\/","url":"https:\/\/www.lichen.pl\/iii-pielgrzymka-wspolnoty-rozancowej\/","name":"III Pielgrzymka Wsp\u00f3lnoty R\u00f3\u017ca\u0144cowej - SANKTUARIUM W LICHENIU","isPartOf":{"@id":"https:\/\/www.lichen.pl\/fr\/#website"},"primaryImageOfPage":{"@id":"https:\/\/www.lichen.pl\/iii-pielgrzymka-wspolnoty-rozancowej\/#primaryimage"},"image":{"@id":"https:\/\/www.lichen.pl\/iii-pielgrzymka-wspolnoty-rozancowej\/#primaryimage"},"thumbnailUrl":"https:\/\/www.lichen.pl\/wp-content\/uploads\/2021\/07\/1-III-Pielgrzymka-Rozancowa-18-lipca-2021-kadr.jpg","datePublished":"2021-07-18T15:23:01+00:00","dateModified":"2021-07-21T22:08:49+00:00","author":{"@id":"https:\/\/www.lichen.pl\/fr\/#\/schema\/person\/56fc5b38d70a2b34983408f9a457fd9d"},"breadcrumb":{"@id":"https:\/\/www.lichen.pl\/iii-pielgrzymka-wspolnoty-rozancowej\/#breadcrumb"},"inLanguage":"de","potentialAction":[{"@type":"ReadAction","target":["https:\/\/www.lichen.pl\/iii-pielgrzymka-wspolnoty-rozancowej\/"]}]},{"@type":"ImageObject","inLanguage":"de","@id":"https:\/\/www.lichen.pl\/iii-pielgrzymka-wspolnoty-rozancowej\/#primaryimage","url":"https:\/\/www.lichen.pl\/wp-content\/uploads\/2021\/07\/1-III-Pielgrzymka-Rozancowa-18-lipca-2021-kadr.jpg","contentUrl":"https:\/\/www.lichen.pl\/wp-content\/uploads\/2021\/07\/1-III-Pielgrzymka-Rozancowa-18-lipca-2021-kadr.jpg","width":796,"height":537},{"@type":"BreadcrumbList","@id":"https:\/\/www.lichen.pl\/iii-pielgrzymka-wspolnoty-rozancowej\/#breadcrumb","itemListElement":[{"@type":"ListItem","position":1,"name":"Strona g\u0142\u00f3wna","item":"https:\/\/www.lichen.pl\/"},{"@type":"ListItem","position":2,"name":"III Pielgrzymka Wsp\u00f3lnoty R\u00f3\u017ca\u0144cowej"}]},{"@type":"WebSite","@id":"https:\/\/www.lichen.pl\/fr\/#website","url":"https:\/\/www.lichen.pl\/fr\/","name":"HEILIGTUM IN LICHENIEN","description":"DIE TRAURIGE K\u00d6NIGIN UNSERER FLECHEN VON POLEN","potentialAction":[{"@type":"SearchAction","target":{"@type":"EntryPoint","urlTemplate":"https:\/\/www.lichen.pl\/fr\/?s={search_term_string}"},"query-input":{"@type":"PropertyValueSpecification","valueRequired":true,"valueName":"search_term_string"}}],"inLanguage":"de"},{"@type":"Person","@id":"https:\/\/www.lichen.pl\/fr\/#\/schema\/person\/56fc5b38d70a2b34983408f9a457fd9d","name":"Arkadiusz Gorgolewski","image":{"@type":"ImageObject","inLanguage":"de","@id":"https:\/\/secure.gravatar.com\/avatar\/0f571b370f5aa245b1fd3b9c945511b004fe17579bdefd5054d99f0ba315149c?s=96&d=retro&r=g","url":"https:\/\/secure.gravatar.com\/avatar\/0f571b370f5aa245b1fd3b9c945511b004fe17579bdefd5054d99f0ba315149c?s=96&d=retro&r=g","contentUrl":"https:\/\/secure.gravatar.com\/avatar\/0f571b370f5aa245b1fd3b9c945511b004fe17579bdefd5054d99f0ba315149c?s=96&d=retro&r=g","caption":"Arkadiusz Gorgolewski"},"url":"https:\/\/www.lichen.pl\/de\/author\/sanadmin\/"}]}},"_links":{"self":[{"href":"https:\/\/www.lichen.pl\/de\/wp-json\/wp\/v2\/posts\/20284","targetHints":{"allow":["GET"]}}],"collection":[{"href":"https:\/\/www.lichen.pl\/de\/wp-json\/wp\/v2\/posts"}],"about":[{"href":"https:\/\/www.lichen.pl\/de\/wp-json\/wp\/v2\/types\/post"}],"author":[{"embeddable":true,"href":"https:\/\/www.lichen.pl\/de\/wp-json\/wp\/v2\/users\/2"}],"replies":[{"embeddable":true,"href":"https:\/\/www.lichen.pl\/de\/wp-json\/wp\/v2\/comments?post=20284"}],"version-history":[{"count":10,"href":"https:\/\/www.lichen.pl\/de\/wp-json\/wp\/v2\/posts\/20284\/revisions"}],"predecessor-version":[{"id":20445,"href":"https:\/\/www.lichen.pl\/de\/wp-json\/wp\/v2\/posts\/20284\/revisions\/20445"}],"wp:featuredmedia":[{"embeddable":true,"href":"https:\/\/www.lichen.pl\/de\/wp-json\/wp\/v2\/media\/20286"}],"wp:attachment":[{"href":"https:\/\/www.lichen.pl\/de\/wp-json\/wp\/v2\/media?parent=20284"}],"wp:term":[{"taxonomy":"category","embeddable":true,"href":"https:\/\/www.lichen.pl\/de\/wp-json\/wp\/v2\/categories?post=20284"},{"taxonomy":"post_tag","embeddable":true,"href":"https:\/\/www.lichen.pl\/de\/wp-json\/wp\/v2\/tags?post=20284"}],"curies":[{"name":"wp","href":"https:\/\/api.w.org\/{rel}","templated":true}]}}