{"id":20660,"date":"2021-08-01T15:40:22","date_gmt":"2021-08-01T15:40:22","guid":{"rendered":"http:\/\/www.lichen.pl\/koncert-organowy-piotr-grajter-copy\/"},"modified":"2021-08-03T07:44:53","modified_gmt":"2021-08-03T07:44:53","slug":"koncert-organowy-piotr-grajter-copy","status":"publish","type":"post","link":"https:\/\/www.lichen.pl\/de\/koncert-organowy-piotr-grajter-copy\/","title":{"rendered":"Festival &quot;Basilica Sonans&quot; - Orgelkonzert - Vincent de Pol (Hamburg)"},"content":{"rendered":"<div data-elementor-type=\"wp-post\" data-elementor-id=\"20660\" class=\"elementor elementor-20660\" data-elementor-post-type=\"post\">\n\t\t\t\t\t\t<section class=\"elementor-section elementor-top-section elementor-element elementor-element-e9efdf5 elementor-section-boxed elementor-section-height-default elementor-section-height-default\" data-id=\"e9efdf5\" data-element_type=\"section\" data-e-type=\"section\">\n\t\t\t\t\t\t<div class=\"elementor-container elementor-column-gap-default\">\n\t\t\t\t\t<div class=\"elementor-column elementor-col-100 elementor-top-column elementor-element elementor-element-a1a9922\" data-id=\"a1a9922\" data-element_type=\"column\" data-e-type=\"column\">\n\t\t\t<div class=\"elementor-widget-wrap elementor-element-populated\">\n\t\t\t\t\t\t<div class=\"elementor-element elementor-element-fbe3fa6 elementor-widget elementor-widget-heading\" data-id=\"fbe3fa6\" data-element_type=\"widget\" data-e-type=\"widget\" data-widget_type=\"heading.default\">\n\t\t\t\t<div class=\"elementor-widget-container\">\n\t\t\t\t\t<h2 class=\"elementor-heading-title elementor-size-default\">Am Sonntag, 1. August, haben wir im Rahmen des Orgelfestivals &quot;Basilica Sonans&quot; einen weiteren K\u00fcnstler geh\u00f6rt. Diesmal sa\u00df Vincent de Pol aus Hamburg an der Orgel. <\/h2>\t\t\t\t<\/div>\n\t\t\t\t<\/div>\n\t\t\t\t<section class=\"elementor-section elementor-inner-section elementor-element elementor-element-1a2c3ad elementor-section-boxed elementor-section-height-default elementor-section-height-default\" data-id=\"1a2c3ad\" data-element_type=\"section\" data-e-type=\"section\">\n\t\t\t\t\t\t<div class=\"elementor-container elementor-column-gap-default\">\n\t\t\t\t\t<div class=\"elementor-column elementor-col-100 elementor-inner-column elementor-element elementor-element-944a4aa\" data-id=\"944a4aa\" data-element_type=\"column\" data-e-type=\"column\">\n\t\t\t<div class=\"elementor-widget-wrap elementor-element-populated\">\n\t\t\t\t\t\t<div class=\"elementor-element elementor-element-a7b9f22 elementor-widget elementor-widget-text-editor\" data-id=\"a7b9f22\" data-element_type=\"widget\" data-e-type=\"widget\" data-widget_type=\"text-editor.default\">\n\t\t\t\t<div class=\"elementor-widget-container\">\n\t\t\t\t\t\t\t\t\t<div><div dir=\"auto\">Der Orgelvirtuose stammt aus Kielce und lebt und arbeitet seit \u00fcber 20 Jahren in Hamburg. Er begann seine musikalische Ausbildung bei seinem Vater Stefan Strz\u0119p und studierte Klavier an einer Musikoberschule. Er graduierte an der Musikuniversit\u00e4t von F. Chopin in Warschau in der Klasse von Prof. Dr. A. Chorosi\u0144ski, Hochschule f\u00fcr Musik und Theater in Hamburg und Indiana University Jacobs School of Music in Bloomington. Er war der erste in der Geschichte der Indiana University, der ein Performer-Diplom in k\u00fcnstlerischem Orgelspiel erhielt.<\/div><\/div>\t\t\t\t\t\t\t\t<\/div>\n\t\t\t\t<\/div>\n\t\t\t\t<div class=\"elementor-element elementor-element-084bdae elementor-widget elementor-widget-text-editor\" data-id=\"084bdae\" data-element_type=\"widget\" data-e-type=\"widget\" data-widget_type=\"text-editor.default\">\n\t\t\t\t<div class=\"elementor-widget-container\">\n\t\t\t\t\t\t\t\t\t<div class=\"o9v6fnle cxmmr5t8 oygrvhab hcukyx3x c1et5uql ii04i59q\"><div dir=\"auto\">Organist und Musikdirektor der Kirche St. Bernard, sowie Veranstalter des Klassik International Music Festival in St. Bernard, das haupts\u00e4chlich K\u00fcnstler aus Polen und polnischer Herkunft pr\u00e4sentiert. Zu seinen k\u00fcnstlerischen Leistungen z\u00e4hlen Aufnahmen von Alben f\u00fcr u.a. Arte Nova BMG, Pavane Records. Plein Jeu Production und ZS Records. Er konzertiert auf allen Kontinenten und z\u00e4hlt zu den elit\u00e4ren Orgelvirtuosen. Daneben h\u00e4lt er neben Konzertreisen und Aufnahmen u.a. Vorlesungen \u00fcber Literatur und Interpretation von Orgelmusik in Australien, Namibia, den Vereinigten Staaten und Singapur. Autor einer Biografie, eines Werkverzeichnisses und der weltweit ersten Einspielung von Orgelwerken des vergessenen Felix Borowski.<\/div><\/div>\t\t\t\t\t\t\t\t<\/div>\n\t\t\t\t<\/div>\n\t\t\t\t<div class=\"elementor-element elementor-element-297bf70 elementor-widget elementor-widget-spacer\" data-id=\"297bf70\" data-element_type=\"widget\" data-e-type=\"widget\" data-widget_type=\"spacer.default\">\n\t\t\t\t<div class=\"elementor-widget-container\">\n\t\t\t\t\t\t\t<div class=\"elementor-spacer\">\n\t\t\t<div class=\"elementor-spacer-inner\"><\/div>\n\t\t<\/div>\n\t\t\t\t\t\t<\/div>\n\t\t\t\t<\/div>\n\t\t\t\t\t<\/div>\n\t\t<\/div>\n\t\t\t\t\t<\/div>\n\t\t<\/section>\n\t\t\t\t<div class=\"elementor-element elementor-element-f447741 elementor-widget elementor-widget-image\" data-id=\"f447741\" data-element_type=\"widget\" data-e-type=\"widget\" data-widget_type=\"image.default\">\n\t\t\t\t<div class=\"elementor-widget-container\">\n\t\t\t\t\t\t\t\t\t\t\t\t\t\t\t\t<a href=\"http:\/\/www.lichen.pl\/wp-content\/uploads\/2021\/07\/de-Pol-poziom-scaled.jpg\" data-elementor-open-lightbox=\"yes\" data-elementor-lightbox-title=\"de Pol-poziom\" data-e-action-hash=\"#elementor-action%3Aaction%3Dlightbox%26settings%3DeyJpZCI6MjA4OTksInVybCI6Imh0dHBzOlwvXC93d3cubGljaGVuLnBsXC93cC1jb250ZW50XC91cGxvYWRzXC8yMDIxXC8wN1wvZGUtUG9sLXBvemlvbS1zY2FsZWQuanBnIn0%3D\">\n\t\t\t\t\t\t\t<img fetchpriority=\"high\" decoding=\"async\" width=\"768\" height=\"544\" src=\"https:\/\/www.lichen.pl\/wp-content\/uploads\/2021\/07\/de-Pol-poziom-768x544.jpg\" class=\"attachment-medium_large size-medium_large wp-image-20899\" alt=\"\" srcset=\"https:\/\/www.lichen.pl\/wp-content\/uploads\/2021\/07\/de-Pol-poziom-768x544.jpg 768w, https:\/\/www.lichen.pl\/wp-content\/uploads\/2021\/07\/de-Pol-poziom-scaled-800x566.jpg 800w, https:\/\/www.lichen.pl\/wp-content\/uploads\/2021\/07\/de-Pol-poziom-300x212.jpg 300w, https:\/\/www.lichen.pl\/wp-content\/uploads\/2021\/07\/de-Pol-poziom-1024x725.jpg 1024w, https:\/\/www.lichen.pl\/wp-content\/uploads\/2021\/07\/de-Pol-poziom-2048x1450.jpg 2048w, https:\/\/www.lichen.pl\/wp-content\/uploads\/2021\/07\/de-Pol-poziom-scaled.jpg 1920w\" sizes=\"(max-width: 768px) 100vw, 768px\" \/>\t\t\t\t\t\t\t\t<\/a>\n\t\t\t\t\t\t\t\t\t\t\t\t\t\t\t<\/div>\n\t\t\t\t<\/div>\n\t\t\t\t<div class=\"elementor-element elementor-element-78eb4bc elementor-widget elementor-widget-text-editor\" data-id=\"78eb4bc\" data-element_type=\"widget\" data-e-type=\"widget\" data-widget_type=\"text-editor.default\">\n\t\t\t\t<div class=\"elementor-widget-container\">\n\t\t\t\t\t\t\t\t\t<div class=\"o9v6fnle cxmmr5t8 oygrvhab hcukyx3x c1et5uql ii04i59q\"><div dir=\"auto\"><div class=\"kvgmc6g5 cxmmr5t8 oygrvhab hcukyx3x c1et5uql ii04i59q\">F\u00fcr das n\u00e4chste Konzert laden wir das Publikum am Sonntag, 8. August 2021 um . in die Basilika ein 14.30.<\/div><div class=\"kvgmc6g5 cxmmr5t8 oygrvhab hcukyx3x c1et5uql ii04i59q\">Renata Marcinkut\u00e8 Lesieur aus Vilnius wird St\u00fccke von Johann Sebastian Bach, Wolfgang Amadeus Mozart, Mikolajus K. Ciurlionis, Tomaso Albinoni, C\u00e8sar Franck, Gabriel Faur\u00e9, Charles Marie Widor spielen. Wir laden euch ein.<\/div><\/div><\/div>\t\t\t\t\t\t\t\t<\/div>\n\t\t\t\t<\/div>\n\t\t\t\t<div class=\"elementor-element elementor-element-153f3e3 elementor-widget-divider--view-line_icon elementor-view-default elementor-widget-divider--element-align-center elementor-widget elementor-widget-divider\" data-id=\"153f3e3\" data-element_type=\"widget\" data-e-type=\"widget\" data-widget_type=\"divider.default\">\n\t\t\t\t<div class=\"elementor-widget-container\">\n\t\t\t\t\t\t\t<div class=\"elementor-divider\">\n\t\t\t<span class=\"elementor-divider-separator\">\n\t\t\t\t\t\t\t<div class=\"elementor-icon elementor-divider__element\">\n\t\t\t\t\t<i aria-hidden=\"true\" class=\"fas fa-camera\"><\/i><\/div>\n\t\t\t\t\t\t<\/span>\n\t\t<\/div>\n\t\t\t\t\t\t<\/div>\n\t\t\t\t<\/div>\n\t\t\t\t<div class=\"elementor-element elementor-element-5256fad elementor-widget elementor-widget-gallery\" data-id=\"5256fad\" data-element_type=\"widget\" data-e-type=\"widget\" data-settings=\"{&quot;columns&quot;:6,&quot;lazyload&quot;:&quot;yes&quot;,&quot;gallery_layout&quot;:&quot;grid&quot;,&quot;columns_tablet&quot;:2,&quot;columns_mobile&quot;:1,&quot;gap&quot;:{&quot;unit&quot;:&quot;px&quot;,&quot;size&quot;:10,&quot;sizes&quot;:[]},&quot;gap_tablet&quot;:{&quot;unit&quot;:&quot;px&quot;,&quot;size&quot;:10,&quot;sizes&quot;:[]},&quot;gap_mobile&quot;:{&quot;unit&quot;:&quot;px&quot;,&quot;size&quot;:10,&quot;sizes&quot;:[]},&quot;link_to&quot;:&quot;file&quot;,&quot;aspect_ratio&quot;:&quot;3:2&quot;,&quot;overlay_background&quot;:&quot;yes&quot;,&quot;content_hover_animation&quot;:&quot;fade-in&quot;}\" data-widget_type=\"gallery.default\">\n\t\t\t\t<div class=\"elementor-widget-container\">\n\t\t\t\t\t\t\t<div class=\"elementor-gallery__container\">\n\t\t\t\t\t\t\t<a class=\"e-gallery-item elementor-gallery-item elementor-animated-content\" href=\"https:\/\/www.lichen.pl\/wp-content\/uploads\/2021\/08\/39-Vincent-de-Pol-Basilica-Sonans-2021.jpg\" data-elementor-open-lightbox=\"yes\" data-elementor-lightbox-slideshow=\"5256fad\" data-elementor-lightbox-title=\"Vincent de Pol, Basilica Sonans 2021 r.\" data-e-action-hash=\"#elementor-action%3Aaction%3Dlightbox%26settings%3DeyJpZCI6MjYwMzMsInVybCI6Imh0dHBzOlwvXC93d3cubGljaGVuLnBsXC93cC1jb250ZW50XC91cGxvYWRzXC8yMDIxXC8wOFwvMzktVmluY2VudC1kZS1Qb2wtQmFzaWxpY2EtU29uYW5zLTIwMjEuanBnIiwic2xpZGVzaG93IjoiNTI1NmZhZCJ9\">\n\t\t\t\t\t<div class=\"e-gallery-image elementor-gallery-item__image\" data-thumbnail=\"https:\/\/www.lichen.pl\/wp-content\/uploads\/2021\/08\/39-Vincent-de-Pol-Basilica-Sonans-2021-200x300.jpg\" data-width=\"200\" data-height=\"300\" aria-label=\"\" role=\"img\" ><\/div>\n\t\t\t\t\t\t\t\t\t\t\t<div class=\"elementor-gallery-item__overlay\"><\/div>\n\t\t\t\t\t\t\t\t\t\t\t\t\t\t<\/a>\n\t\t\t\t\t\t\t<a class=\"e-gallery-item elementor-gallery-item elementor-animated-content\" href=\"https:\/\/www.lichen.pl\/wp-content\/uploads\/2021\/08\/40-Vincent-de-Pol-Basilica-Sonans-2021.jpg\" data-elementor-open-lightbox=\"yes\" data-elementor-lightbox-slideshow=\"5256fad\" data-elementor-lightbox-title=\"Vincent de Pol, Basilica Sonans 2021 r.\" data-e-action-hash=\"#elementor-action%3Aaction%3Dlightbox%26settings%3DeyJpZCI6MjYwMzgsInVybCI6Imh0dHBzOlwvXC93d3cubGljaGVuLnBsXC93cC1jb250ZW50XC91cGxvYWRzXC8yMDIxXC8wOFwvNDAtVmluY2VudC1kZS1Qb2wtQmFzaWxpY2EtU29uYW5zLTIwMjEuanBnIiwic2xpZGVzaG93IjoiNTI1NmZhZCJ9\">\n\t\t\t\t\t<div class=\"e-gallery-image elementor-gallery-item__image\" data-thumbnail=\"https:\/\/www.lichen.pl\/wp-content\/uploads\/2021\/08\/40-Vincent-de-Pol-Basilica-Sonans-2021-300x200.jpg\" data-width=\"300\" data-height=\"200\" aria-label=\"\" role=\"img\" ><\/div>\n\t\t\t\t\t\t\t\t\t\t\t<div class=\"elementor-gallery-item__overlay\"><\/div>\n\t\t\t\t\t\t\t\t\t\t\t\t\t\t<\/a>\n\t\t\t\t\t\t\t<a class=\"e-gallery-item elementor-gallery-item elementor-animated-content\" href=\"https:\/\/www.lichen.pl\/wp-content\/uploads\/2021\/08\/41-Vincent-de-Pol-Basilica-Sonans-2021.jpg\" data-elementor-open-lightbox=\"yes\" data-elementor-lightbox-slideshow=\"5256fad\" data-elementor-lightbox-title=\"Vincent de Pol, Basilica Sonans 2021 r.\" data-e-action-hash=\"#elementor-action%3Aaction%3Dlightbox%26settings%3DeyJpZCI6MjYwNDMsInVybCI6Imh0dHBzOlwvXC93d3cubGljaGVuLnBsXC93cC1jb250ZW50XC91cGxvYWRzXC8yMDIxXC8wOFwvNDEtVmluY2VudC1kZS1Qb2wtQmFzaWxpY2EtU29uYW5zLTIwMjEuanBnIiwic2xpZGVzaG93IjoiNTI1NmZhZCJ9\">\n\t\t\t\t\t<div class=\"e-gallery-image elementor-gallery-item__image\" data-thumbnail=\"https:\/\/www.lichen.pl\/wp-content\/uploads\/2021\/08\/41-Vincent-de-Pol-Basilica-Sonans-2021-200x300.jpg\" data-width=\"200\" data-height=\"300\" aria-label=\"\" role=\"img\" ><\/div>\n\t\t\t\t\t\t\t\t\t\t\t<div class=\"elementor-gallery-item__overlay\"><\/div>\n\t\t\t\t\t\t\t\t\t\t\t\t\t\t<\/a>\n\t\t\t\t\t\t\t<a class=\"e-gallery-item elementor-gallery-item elementor-animated-content\" href=\"https:\/\/www.lichen.pl\/wp-content\/uploads\/2021\/08\/45-Vincent-de-Pol-Basilica-Sonans-2021.jpg\" data-elementor-open-lightbox=\"yes\" data-elementor-lightbox-slideshow=\"5256fad\" data-elementor-lightbox-title=\"Vincent de Pol, Basilica Sonans 2021 r.\" data-e-action-hash=\"#elementor-action%3Aaction%3Dlightbox%26settings%3DeyJpZCI6MjYwNjMsInVybCI6Imh0dHBzOlwvXC93d3cubGljaGVuLnBsXC93cC1jb250ZW50XC91cGxvYWRzXC8yMDIxXC8wOFwvNDUtVmluY2VudC1kZS1Qb2wtQmFzaWxpY2EtU29uYW5zLTIwMjEuanBnIiwic2xpZGVzaG93IjoiNTI1NmZhZCJ9\">\n\t\t\t\t\t<div class=\"e-gallery-image elementor-gallery-item__image\" data-thumbnail=\"https:\/\/www.lichen.pl\/wp-content\/uploads\/2021\/08\/45-Vincent-de-Pol-Basilica-Sonans-2021-200x300.jpg\" data-width=\"200\" data-height=\"300\" aria-label=\"\" role=\"img\" ><\/div>\n\t\t\t\t\t\t\t\t\t\t\t<div class=\"elementor-gallery-item__overlay\"><\/div>\n\t\t\t\t\t\t\t\t\t\t\t\t\t\t<\/a>\n\t\t\t\t\t\t\t<a class=\"e-gallery-item elementor-gallery-item elementor-animated-content\" href=\"https:\/\/www.lichen.pl\/wp-content\/uploads\/2021\/08\/43-Vincent-de-Pol-Basilica-Sonans-2021.jpg\" data-elementor-open-lightbox=\"yes\" data-elementor-lightbox-slideshow=\"5256fad\" data-elementor-lightbox-title=\"Vincent de Pol, Basilica Sonans 2021 r.\" data-e-action-hash=\"#elementor-action%3Aaction%3Dlightbox%26settings%3DeyJpZCI6MjYwNTMsInVybCI6Imh0dHBzOlwvXC93d3cubGljaGVuLnBsXC93cC1jb250ZW50XC91cGxvYWRzXC8yMDIxXC8wOFwvNDMtVmluY2VudC1kZS1Qb2wtQmFzaWxpY2EtU29uYW5zLTIwMjEuanBnIiwic2xpZGVzaG93IjoiNTI1NmZhZCJ9\">\n\t\t\t\t\t<div class=\"e-gallery-image elementor-gallery-item__image\" data-thumbnail=\"https:\/\/www.lichen.pl\/wp-content\/uploads\/2021\/08\/43-Vincent-de-Pol-Basilica-Sonans-2021-200x300.jpg\" data-width=\"200\" data-height=\"300\" aria-label=\"\" role=\"img\" ><\/div>\n\t\t\t\t\t\t\t\t\t\t\t<div class=\"elementor-gallery-item__overlay\"><\/div>\n\t\t\t\t\t\t\t\t\t\t\t\t\t\t<\/a>\n\t\t\t\t\t\t\t<a class=\"e-gallery-item elementor-gallery-item elementor-animated-content\" href=\"https:\/\/www.lichen.pl\/wp-content\/uploads\/2021\/08\/47-Vincent-de-Pol-Basilica-Sonans-2021.jpg\" data-elementor-open-lightbox=\"yes\" data-elementor-lightbox-slideshow=\"5256fad\" data-elementor-lightbox-title=\"Vincent de Pol, Basilica Sonans 2021 r.\" data-e-action-hash=\"#elementor-action%3Aaction%3Dlightbox%26settings%3DeyJpZCI6MjYwNzQsInVybCI6Imh0dHBzOlwvXC93d3cubGljaGVuLnBsXC93cC1jb250ZW50XC91cGxvYWRzXC8yMDIxXC8wOFwvNDctVmluY2VudC1kZS1Qb2wtQmFzaWxpY2EtU29uYW5zLTIwMjEuanBnIiwic2xpZGVzaG93IjoiNTI1NmZhZCJ9\">\n\t\t\t\t\t<div class=\"e-gallery-image elementor-gallery-item__image\" data-thumbnail=\"https:\/\/www.lichen.pl\/wp-content\/uploads\/2021\/08\/47-Vincent-de-Pol-Basilica-Sonans-2021-200x300.jpg\" data-width=\"200\" data-height=\"300\" aria-label=\"\" role=\"img\" ><\/div>\n\t\t\t\t\t\t\t\t\t\t\t<div class=\"elementor-gallery-item__overlay\"><\/div>\n\t\t\t\t\t\t\t\t\t\t\t\t\t\t<\/a>\n\t\t\t\t\t\t\t<a class=\"e-gallery-item elementor-gallery-item elementor-animated-content\" href=\"https:\/\/www.lichen.pl\/wp-content\/uploads\/2021\/08\/48-Vincent-de-Pol-Basilica-Sonans-2021.jpg\" data-elementor-open-lightbox=\"yes\" data-elementor-lightbox-slideshow=\"5256fad\" data-elementor-lightbox-title=\"Vincent de Pol, Basilica Sonans 2021 r.\" data-e-action-hash=\"#elementor-action%3Aaction%3Dlightbox%26settings%3DeyJpZCI6MjYwNzksInVybCI6Imh0dHBzOlwvXC93d3cubGljaGVuLnBsXC93cC1jb250ZW50XC91cGxvYWRzXC8yMDIxXC8wOFwvNDgtVmluY2VudC1kZS1Qb2wtQmFzaWxpY2EtU29uYW5zLTIwMjEuanBnIiwic2xpZGVzaG93IjoiNTI1NmZhZCJ9\">\n\t\t\t\t\t<div class=\"e-gallery-image elementor-gallery-item__image\" data-thumbnail=\"https:\/\/www.lichen.pl\/wp-content\/uploads\/2021\/08\/48-Vincent-de-Pol-Basilica-Sonans-2021-200x300.jpg\" data-width=\"200\" data-height=\"300\" aria-label=\"\" role=\"img\" ><\/div>\n\t\t\t\t\t\t\t\t\t\t\t<div class=\"elementor-gallery-item__overlay\"><\/div>\n\t\t\t\t\t\t\t\t\t\t\t\t\t\t<\/a>\n\t\t\t\t\t\t\t<a class=\"e-gallery-item elementor-gallery-item elementor-animated-content\" href=\"https:\/\/www.lichen.pl\/wp-content\/uploads\/2021\/08\/52-Vincent-de-Pol-Basilica-Sonans-2021.jpg\" data-elementor-open-lightbox=\"yes\" data-elementor-lightbox-slideshow=\"5256fad\" data-elementor-lightbox-title=\"Vincent de Pol, Basilica Sonans 2021 r.\" data-e-action-hash=\"#elementor-action%3Aaction%3Dlightbox%26settings%3DeyJpZCI6MjYwOTksInVybCI6Imh0dHBzOlwvXC93d3cubGljaGVuLnBsXC93cC1jb250ZW50XC91cGxvYWRzXC8yMDIxXC8wOFwvNTItVmluY2VudC1kZS1Qb2wtQmFzaWxpY2EtU29uYW5zLTIwMjEuanBnIiwic2xpZGVzaG93IjoiNTI1NmZhZCJ9\">\n\t\t\t\t\t<div class=\"e-gallery-image elementor-gallery-item__image\" data-thumbnail=\"https:\/\/www.lichen.pl\/wp-content\/uploads\/2021\/08\/52-Vincent-de-Pol-Basilica-Sonans-2021-200x300.jpg\" data-width=\"200\" data-height=\"300\" aria-label=\"\" role=\"img\" ><\/div>\n\t\t\t\t\t\t\t\t\t\t\t<div class=\"elementor-gallery-item__overlay\"><\/div>\n\t\t\t\t\t\t\t\t\t\t\t\t\t\t<\/a>\n\t\t\t\t\t\t\t<a class=\"e-gallery-item elementor-gallery-item elementor-animated-content\" href=\"https:\/\/www.lichen.pl\/wp-content\/uploads\/2021\/08\/50-Vincent-de-Pol-Basilica-Sonans-2021.jpg\" data-elementor-open-lightbox=\"yes\" data-elementor-lightbox-slideshow=\"5256fad\" data-elementor-lightbox-title=\"Vincent de Pol, Basilica Sonans 2021 r.\" data-e-action-hash=\"#elementor-action%3Aaction%3Dlightbox%26settings%3DeyJpZCI6MjYwODksInVybCI6Imh0dHBzOlwvXC93d3cubGljaGVuLnBsXC93cC1jb250ZW50XC91cGxvYWRzXC8yMDIxXC8wOFwvNTAtVmluY2VudC1kZS1Qb2wtQmFzaWxpY2EtU29uYW5zLTIwMjEuanBnIiwic2xpZGVzaG93IjoiNTI1NmZhZCJ9\">\n\t\t\t\t\t<div class=\"e-gallery-image elementor-gallery-item__image\" data-thumbnail=\"https:\/\/www.lichen.pl\/wp-content\/uploads\/2021\/08\/50-Vincent-de-Pol-Basilica-Sonans-2021-300x200.jpg\" data-width=\"300\" data-height=\"200\" aria-label=\"\" role=\"img\" ><\/div>\n\t\t\t\t\t\t\t\t\t\t\t<div class=\"elementor-gallery-item__overlay\"><\/div>\n\t\t\t\t\t\t\t\t\t\t\t\t\t\t<\/a>\n\t\t\t\t\t\t\t<a class=\"e-gallery-item elementor-gallery-item elementor-animated-content\" href=\"https:\/\/www.lichen.pl\/wp-content\/uploads\/2021\/08\/51-Vincent-de-Pol-Basilica-Sonans-2021.jpg\" data-elementor-open-lightbox=\"yes\" data-elementor-lightbox-slideshow=\"5256fad\" data-elementor-lightbox-title=\"Vincent de Pol, Basilica Sonans 2021 r.\" data-e-action-hash=\"#elementor-action%3Aaction%3Dlightbox%26settings%3DeyJpZCI6MjYwOTQsInVybCI6Imh0dHBzOlwvXC93d3cubGljaGVuLnBsXC93cC1jb250ZW50XC91cGxvYWRzXC8yMDIxXC8wOFwvNTEtVmluY2VudC1kZS1Qb2wtQmFzaWxpY2EtU29uYW5zLTIwMjEuanBnIiwic2xpZGVzaG93IjoiNTI1NmZhZCJ9\">\n\t\t\t\t\t<div class=\"e-gallery-image elementor-gallery-item__image\" data-thumbnail=\"https:\/\/www.lichen.pl\/wp-content\/uploads\/2021\/08\/51-Vincent-de-Pol-Basilica-Sonans-2021-300x200.jpg\" data-width=\"300\" data-height=\"200\" aria-label=\"\" role=\"img\" ><\/div>\n\t\t\t\t\t\t\t\t\t\t\t<div class=\"elementor-gallery-item__overlay\"><\/div>\n\t\t\t\t\t\t\t\t\t\t\t\t\t\t<\/a>\n\t\t\t\t\t\t\t<a class=\"e-gallery-item elementor-gallery-item elementor-animated-content\" href=\"https:\/\/www.lichen.pl\/wp-content\/uploads\/2021\/08\/57-Vincent-de-Pol-Basilica-Sonans-2021.jpg\" data-elementor-open-lightbox=\"yes\" data-elementor-lightbox-slideshow=\"5256fad\" data-elementor-lightbox-title=\"Vincent de Pol, Basilica Sonans 2021 r.\" data-e-action-hash=\"#elementor-action%3Aaction%3Dlightbox%26settings%3DeyJpZCI6MjYxMjQsInVybCI6Imh0dHBzOlwvXC93d3cubGljaGVuLnBsXC93cC1jb250ZW50XC91cGxvYWRzXC8yMDIxXC8wOFwvNTctVmluY2VudC1kZS1Qb2wtQmFzaWxpY2EtU29uYW5zLTIwMjEuanBnIiwic2xpZGVzaG93IjoiNTI1NmZhZCJ9\">\n\t\t\t\t\t<div class=\"e-gallery-image elementor-gallery-item__image\" data-thumbnail=\"https:\/\/www.lichen.pl\/wp-content\/uploads\/2021\/08\/57-Vincent-de-Pol-Basilica-Sonans-2021-300x200.jpg\" data-width=\"300\" data-height=\"200\" aria-label=\"\" role=\"img\" ><\/div>\n\t\t\t\t\t\t\t\t\t\t\t<div class=\"elementor-gallery-item__overlay\"><\/div>\n\t\t\t\t\t\t\t\t\t\t\t\t\t\t<\/a>\n\t\t\t\t\t\t\t<a class=\"e-gallery-item elementor-gallery-item elementor-animated-content\" href=\"https:\/\/www.lichen.pl\/wp-content\/uploads\/2021\/08\/58-Vincent-de-Pol-Basilica-Sonans-2021.jpg\" data-elementor-open-lightbox=\"yes\" data-elementor-lightbox-slideshow=\"5256fad\" data-elementor-lightbox-title=\"Vincent de Pol, Basilica Sonans 2021 r.\" data-e-action-hash=\"#elementor-action%3Aaction%3Dlightbox%26settings%3DeyJpZCI6MjYxMjksInVybCI6Imh0dHBzOlwvXC93d3cubGljaGVuLnBsXC93cC1jb250ZW50XC91cGxvYWRzXC8yMDIxXC8wOFwvNTgtVmluY2VudC1kZS1Qb2wtQmFzaWxpY2EtU29uYW5zLTIwMjEuanBnIiwic2xpZGVzaG93IjoiNTI1NmZhZCJ9\">\n\t\t\t\t\t<div class=\"e-gallery-image elementor-gallery-item__image\" data-thumbnail=\"https:\/\/www.lichen.pl\/wp-content\/uploads\/2021\/08\/58-Vincent-de-Pol-Basilica-Sonans-2021-200x300.jpg\" data-width=\"200\" data-height=\"300\" aria-label=\"\" role=\"img\" ><\/div>\n\t\t\t\t\t\t\t\t\t\t\t<div class=\"elementor-gallery-item__overlay\"><\/div>\n\t\t\t\t\t\t\t\t\t\t\t\t\t\t<\/a>\n\t\t\t\t\t<\/div>\n\t\t\t\t\t<\/div>\n\t\t\t\t<\/div>\n\t\t\t\t<div class=\"elementor-element elementor-element-156e8c4 elementor-widget-divider--view-line elementor-widget elementor-widget-divider\" data-id=\"156e8c4\" data-element_type=\"widget\" data-e-type=\"widget\" data-widget_type=\"divider.default\">\n\t\t\t\t<div class=\"elementor-widget-container\">\n\t\t\t\t\t\t\t<div class=\"elementor-divider\">\n\t\t\t<span class=\"elementor-divider-separator\">\n\t\t\t\t\t\t<\/span>\n\t\t<\/div>\n\t\t\t\t\t\t<\/div>\n\t\t\t\t<\/div>\n\t\t\t\t<div class=\"elementor-element elementor-element-4cbe10d elementor-widget elementor-widget-spacer\" data-id=\"4cbe10d\" data-element_type=\"widget\" data-e-type=\"widget\" data-widget_type=\"spacer.default\">\n\t\t\t\t<div class=\"elementor-widget-container\">\n\t\t\t\t\t\t\t<div class=\"elementor-spacer\">\n\t\t\t<div class=\"elementor-spacer-inner\"><\/div>\n\t\t<\/div>\n\t\t\t\t\t\t<\/div>\n\t\t\t\t<\/div>\n\t\t\t\t<div class=\"elementor-element elementor-element-f7a980b elementor-widget elementor-widget-text-editor\" data-id=\"f7a980b\" data-element_type=\"widget\" data-e-type=\"widget\" data-widget_type=\"text-editor.default\">\n\t\t\t\t<div class=\"elementor-widget-container\">\n\t\t\t\t\t\t\t\t\t<p><strong>Lesen Sie auch:<\/strong>\u00a0 <span style=\"color: #ff0000;\"><a style=\"color: #ff0000;\" href=\"http:\/\/www.lichen.pl\/de\/koncerty-organowe\/\" target=\"_blank\" rel=\"noopener\">Orgelkonzerte<\/a><\/span><\/p>\t\t\t\t\t\t\t\t<\/div>\n\t\t\t\t<\/div>\n\t\t\t\t<div class=\"elementor-element elementor-element-69f5a2a elementor-widget-divider--view-line elementor-widget elementor-widget-divider\" data-id=\"69f5a2a\" data-element_type=\"widget\" data-e-type=\"widget\" data-widget_type=\"divider.default\">\n\t\t\t\t<div class=\"elementor-widget-container\">\n\t\t\t\t\t\t\t<div class=\"elementor-divider\">\n\t\t\t<span class=\"elementor-divider-separator\">\n\t\t\t\t\t\t<\/span>\n\t\t<\/div>\n\t\t\t\t\t\t<\/div>\n\t\t\t\t<\/div>\n\t\t\t\t\t<\/div>\n\t\t<\/div>\n\t\t\t\t\t<\/div>\n\t\t<\/section>\n\t\t\t\t<\/div>","protected":false},"excerpt":{"rendered":"<p>W niedziel\u0119, 1 sierpnia, w ramach festiwalu organowego &#8220;Basilica Sonans&#8221; wys\u0142uchali\u015bmy kolejnego artysty. Tym razem za sto\u0142em organowym zasiad\u0142 Vincent de Pol z Hamburga. Wirtuoz gry na organach pochodzi z Kielc, od ponad 20 lat mieszka i pracuje w Hamburgu. Muzyczn\u0105 edukacj\u0119 rozpocz\u0105\u0142 pod okiem ojca, Stefana Strz\u0119pa, w \u015bredniej szkole muzycznej kszta\u0142ci\u0142 si\u0119 w [&hellip;]<\/p>\n","protected":false},"author":2,"featured_media":20907,"comment_status":"open","ping_status":"open","sticky":false,"template":"","format":"standard","meta":{"footnotes":""},"categories":[1],"tags":[],"class_list":["post-20660","post","type-post","status-publish","format-standard","has-post-thumbnail","hentry","category-aktualnosci","wpbf-post"],"yoast_head":"<!-- This site is optimized with the Yoast SEO plugin v27.4 - https:\/\/yoast.com\/product\/yoast-seo-wordpress\/ -->\n<title>Festiwal &quot;Basilica Sonans&quot; - koncert organowy - Vincent de Pol (Hamburg) - SANKTUARIUM W LICHENIU<\/title>\n<meta name=\"robots\" content=\"index, follow, max-snippet:-1, max-image-preview:large, max-video-preview:-1\" \/>\n<link rel=\"canonical\" href=\"http:\/\/www.lichen.pl\/de\/koncert-organowy-piotr-grajter-copy\/\" \/>\n<meta property=\"og:locale\" content=\"de_DE\" \/>\n<meta property=\"og:type\" content=\"article\" \/>\n<meta property=\"og:title\" content=\"Festiwal &quot;Basilica Sonans&quot; - koncert organowy - Vincent de Pol (Hamburg) - SANKTUARIUM W LICHENIU\" \/>\n<meta property=\"og:description\" content=\"W niedziel\u0119, 1 sierpnia, w ramach festiwalu organowego &#8220;Basilica Sonans&#8221; wys\u0142uchali\u015bmy kolejnego artysty. Tym razem za sto\u0142em organowym zasiad\u0142 Vincent de Pol z Hamburga. Wirtuoz gry na organach pochodzi z Kielc, od ponad 20 lat mieszka i pracuje w Hamburgu. Muzyczn\u0105 edukacj\u0119 rozpocz\u0105\u0142 pod okiem ojca, Stefana Strz\u0119pa, w \u015bredniej szkole muzycznej kszta\u0142ci\u0142 si\u0119 w [&hellip;]\" \/>\n<meta property=\"og:url\" content=\"http:\/\/www.lichen.pl\/de\/koncert-organowy-piotr-grajter-copy\/\" \/>\n<meta property=\"og:site_name\" content=\"SANKTUARIUM W LICHENIU\" \/>\n<meta property=\"article:published_time\" content=\"2021-08-01T15:40:22+00:00\" \/>\n<meta property=\"article:modified_time\" content=\"2021-08-03T07:44:53+00:00\" \/>\n<meta property=\"og:image\" content=\"http:\/\/www.lichen.pl\/wp-content\/uploads\/2021\/07\/de-Pol-kadr-scaled.jpg\" \/>\n\t<meta property=\"og:image:width\" content=\"1920\" \/>\n\t<meta property=\"og:image:height\" content=\"1324\" \/>\n\t<meta property=\"og:image:type\" content=\"image\/jpeg\" \/>\n<meta name=\"author\" content=\"Arkadiusz Gorgolewski\" \/>\n<meta name=\"twitter:card\" content=\"summary_large_image\" \/>\n<meta name=\"twitter:label1\" content=\"Verfasst von\" \/>\n\t<meta name=\"twitter:data1\" content=\"Arkadiusz Gorgolewski\" \/>\n\t<meta name=\"twitter:label2\" content=\"Gesch\u00e4tzte Lesezeit\" \/>\n\t<meta name=\"twitter:data2\" content=\"2\u00a0Minuten\" \/>\n<script type=\"application\/ld+json\" class=\"yoast-schema-graph\">{\"@context\":\"https:\\\/\\\/schema.org\",\"@graph\":[{\"@type\":\"Article\",\"@id\":\"http:\\\/\\\/www.lichen.pl\\\/it\\\/koncert-organowy-piotr-grajter-copy\\\/#article\",\"isPartOf\":{\"@id\":\"http:\\\/\\\/www.lichen.pl\\\/it\\\/koncert-organowy-piotr-grajter-copy\\\/\"},\"author\":{\"name\":\"Arkadiusz Gorgolewski\",\"@id\":\"https:\\\/\\\/www.lichen.pl\\\/fr\\\/#\\\/schema\\\/person\\\/56fc5b38d70a2b34983408f9a457fd9d\"},\"headline\":\"Festiwal &#8220;Basilica Sonans&#8221; &#8211; koncert organowy &#8211; Vincent de Pol (Hamburg)\",\"datePublished\":\"2021-08-01T15:40:22+00:00\",\"dateModified\":\"2021-08-03T07:44:53+00:00\",\"mainEntityOfPage\":{\"@id\":\"http:\\\/\\\/www.lichen.pl\\\/it\\\/koncert-organowy-piotr-grajter-copy\\\/\"},\"wordCount\":277,\"commentCount\":0,\"image\":{\"@id\":\"http:\\\/\\\/www.lichen.pl\\\/it\\\/koncert-organowy-piotr-grajter-copy\\\/#primaryimage\"},\"thumbnailUrl\":\"https:\\\/\\\/www.lichen.pl\\\/wp-content\\\/uploads\\\/2021\\\/07\\\/de-Pol-kadr-scaled.jpg\",\"articleSection\":[\"Aktualno\u015bci\"],\"inLanguage\":\"de\",\"potentialAction\":[{\"@type\":\"CommentAction\",\"name\":\"Comment\",\"target\":[\"http:\\\/\\\/www.lichen.pl\\\/it\\\/koncert-organowy-piotr-grajter-copy\\\/#respond\"]}]},{\"@type\":\"WebPage\",\"@id\":\"http:\\\/\\\/www.lichen.pl\\\/it\\\/koncert-organowy-piotr-grajter-copy\\\/\",\"url\":\"http:\\\/\\\/www.lichen.pl\\\/it\\\/koncert-organowy-piotr-grajter-copy\\\/\",\"name\":\"Festiwal \\\"Basilica Sonans\\\" - koncert organowy - Vincent de Pol (Hamburg) - SANKTUARIUM W LICHENIU\",\"isPartOf\":{\"@id\":\"https:\\\/\\\/www.lichen.pl\\\/fr\\\/#website\"},\"primaryImageOfPage\":{\"@id\":\"http:\\\/\\\/www.lichen.pl\\\/it\\\/koncert-organowy-piotr-grajter-copy\\\/#primaryimage\"},\"image\":{\"@id\":\"http:\\\/\\\/www.lichen.pl\\\/it\\\/koncert-organowy-piotr-grajter-copy\\\/#primaryimage\"},\"thumbnailUrl\":\"https:\\\/\\\/www.lichen.pl\\\/wp-content\\\/uploads\\\/2021\\\/07\\\/de-Pol-kadr-scaled.jpg\",\"datePublished\":\"2021-08-01T15:40:22+00:00\",\"dateModified\":\"2021-08-03T07:44:53+00:00\",\"author\":{\"@id\":\"https:\\\/\\\/www.lichen.pl\\\/fr\\\/#\\\/schema\\\/person\\\/56fc5b38d70a2b34983408f9a457fd9d\"},\"breadcrumb\":{\"@id\":\"http:\\\/\\\/www.lichen.pl\\\/it\\\/koncert-organowy-piotr-grajter-copy\\\/#breadcrumb\"},\"inLanguage\":\"de\",\"potentialAction\":[{\"@type\":\"ReadAction\",\"target\":[\"http:\\\/\\\/www.lichen.pl\\\/it\\\/koncert-organowy-piotr-grajter-copy\\\/\"]}]},{\"@type\":\"ImageObject\",\"inLanguage\":\"de\",\"@id\":\"http:\\\/\\\/www.lichen.pl\\\/it\\\/koncert-organowy-piotr-grajter-copy\\\/#primaryimage\",\"url\":\"https:\\\/\\\/www.lichen.pl\\\/wp-content\\\/uploads\\\/2021\\\/07\\\/de-Pol-kadr-scaled.jpg\",\"contentUrl\":\"https:\\\/\\\/www.lichen.pl\\\/wp-content\\\/uploads\\\/2021\\\/07\\\/de-Pol-kadr-scaled.jpg\",\"width\":1920,\"height\":1324},{\"@type\":\"BreadcrumbList\",\"@id\":\"http:\\\/\\\/www.lichen.pl\\\/it\\\/koncert-organowy-piotr-grajter-copy\\\/#breadcrumb\",\"itemListElement\":[{\"@type\":\"ListItem\",\"position\":1,\"name\":\"Strona g\u0142\u00f3wna\",\"item\":\"https:\\\/\\\/www.lichen.pl\\\/\"},{\"@type\":\"ListItem\",\"position\":2,\"name\":\"Festiwal &#8220;Basilica Sonans&#8221; &#8211; koncert organowy &#8211; Vincent de Pol (Hamburg)\"}]},{\"@type\":\"WebSite\",\"@id\":\"https:\\\/\\\/www.lichen.pl\\\/fr\\\/#website\",\"url\":\"https:\\\/\\\/www.lichen.pl\\\/fr\\\/\",\"name\":\"SANKTUARIUM W LICHENIU\",\"description\":\"MATKI BO\u017bEJ LICHE\u0143SKIEJ BOLESNEJ KR\u00d3LOWEJ POLSKI\",\"potentialAction\":[{\"@type\":\"SearchAction\",\"target\":{\"@type\":\"EntryPoint\",\"urlTemplate\":\"https:\\\/\\\/www.lichen.pl\\\/fr\\\/?s={search_term_string}\"},\"query-input\":{\"@type\":\"PropertyValueSpecification\",\"valueRequired\":true,\"valueName\":\"search_term_string\"}}],\"inLanguage\":\"de\"},{\"@type\":\"Person\",\"@id\":\"https:\\\/\\\/www.lichen.pl\\\/fr\\\/#\\\/schema\\\/person\\\/56fc5b38d70a2b34983408f9a457fd9d\",\"name\":\"Arkadiusz Gorgolewski\",\"image\":{\"@type\":\"ImageObject\",\"inLanguage\":\"de\",\"@id\":\"https:\\\/\\\/secure.gravatar.com\\\/avatar\\\/0f571b370f5aa245b1fd3b9c945511b004fe17579bdefd5054d99f0ba315149c?s=96&d=retro&r=g\",\"url\":\"https:\\\/\\\/secure.gravatar.com\\\/avatar\\\/0f571b370f5aa245b1fd3b9c945511b004fe17579bdefd5054d99f0ba315149c?s=96&d=retro&r=g\",\"contentUrl\":\"https:\\\/\\\/secure.gravatar.com\\\/avatar\\\/0f571b370f5aa245b1fd3b9c945511b004fe17579bdefd5054d99f0ba315149c?s=96&d=retro&r=g\",\"caption\":\"Arkadiusz Gorgolewski\"},\"url\":\"https:\\\/\\\/www.lichen.pl\\\/de\\\/author\\\/sanadmin\\\/\"}]}<\/script>\n<!-- \/ Yoast SEO plugin. -->","yoast_head_json":{"title":"Festiwal \"Basilica Sonans\" - koncert organowy - Vincent de Pol (Hamburg) - SANKTUARIUM W LICHENIU","robots":{"index":"index","follow":"follow","max-snippet":"max-snippet:-1","max-image-preview":"max-image-preview:large","max-video-preview":"max-video-preview:-1"},"canonical":"http:\/\/www.lichen.pl\/de\/koncert-organowy-piotr-grajter-copy\/","og_locale":"de_DE","og_type":"article","og_title":"Festiwal \"Basilica Sonans\" - koncert organowy - Vincent de Pol (Hamburg) - SANKTUARIUM W LICHENIU","og_description":"W niedziel\u0119, 1 sierpnia, w ramach festiwalu organowego &#8220;Basilica Sonans&#8221; wys\u0142uchali\u015bmy kolejnego artysty. Tym razem za sto\u0142em organowym zasiad\u0142 Vincent de Pol z Hamburga. Wirtuoz gry na organach pochodzi z Kielc, od ponad 20 lat mieszka i pracuje w Hamburgu. Muzyczn\u0105 edukacj\u0119 rozpocz\u0105\u0142 pod okiem ojca, Stefana Strz\u0119pa, w \u015bredniej szkole muzycznej kszta\u0142ci\u0142 si\u0119 w [&hellip;]","og_url":"http:\/\/www.lichen.pl\/de\/koncert-organowy-piotr-grajter-copy\/","og_site_name":"SANKTUARIUM W LICHENIU","article_published_time":"2021-08-01T15:40:22+00:00","article_modified_time":"2021-08-03T07:44:53+00:00","og_image":[{"width":1920,"height":1324,"url":"http:\/\/www.lichen.pl\/wp-content\/uploads\/2021\/07\/de-Pol-kadr-scaled.jpg","type":"image\/jpeg"}],"author":"Arkadiusz Gorgolewski","twitter_card":"summary_large_image","twitter_misc":{"Verfasst von":"Arkadiusz Gorgolewski","Gesch\u00e4tzte Lesezeit":"2\u00a0Minuten"},"schema":{"@context":"https:\/\/schema.org","@graph":[{"@type":"Article","@id":"http:\/\/www.lichen.pl\/it\/koncert-organowy-piotr-grajter-copy\/#article","isPartOf":{"@id":"http:\/\/www.lichen.pl\/it\/koncert-organowy-piotr-grajter-copy\/"},"author":{"name":"Arkadiusz Gorgolewski","@id":"https:\/\/www.lichen.pl\/fr\/#\/schema\/person\/56fc5b38d70a2b34983408f9a457fd9d"},"headline":"Festiwal &#8220;Basilica Sonans&#8221; &#8211; koncert organowy &#8211; Vincent de Pol (Hamburg)","datePublished":"2021-08-01T15:40:22+00:00","dateModified":"2021-08-03T07:44:53+00:00","mainEntityOfPage":{"@id":"http:\/\/www.lichen.pl\/it\/koncert-organowy-piotr-grajter-copy\/"},"wordCount":277,"commentCount":0,"image":{"@id":"http:\/\/www.lichen.pl\/it\/koncert-organowy-piotr-grajter-copy\/#primaryimage"},"thumbnailUrl":"https:\/\/www.lichen.pl\/wp-content\/uploads\/2021\/07\/de-Pol-kadr-scaled.jpg","articleSection":["Aktualno\u015bci"],"inLanguage":"de","potentialAction":[{"@type":"CommentAction","name":"Comment","target":["http:\/\/www.lichen.pl\/it\/koncert-organowy-piotr-grajter-copy\/#respond"]}]},{"@type":"WebPage","@id":"http:\/\/www.lichen.pl\/it\/koncert-organowy-piotr-grajter-copy\/","url":"http:\/\/www.lichen.pl\/it\/koncert-organowy-piotr-grajter-copy\/","name":"Festiwal \"Basilica Sonans\" - koncert organowy - Vincent de Pol (Hamburg) - SANKTUARIUM W LICHENIU","isPartOf":{"@id":"https:\/\/www.lichen.pl\/fr\/#website"},"primaryImageOfPage":{"@id":"http:\/\/www.lichen.pl\/it\/koncert-organowy-piotr-grajter-copy\/#primaryimage"},"image":{"@id":"http:\/\/www.lichen.pl\/it\/koncert-organowy-piotr-grajter-copy\/#primaryimage"},"thumbnailUrl":"https:\/\/www.lichen.pl\/wp-content\/uploads\/2021\/07\/de-Pol-kadr-scaled.jpg","datePublished":"2021-08-01T15:40:22+00:00","dateModified":"2021-08-03T07:44:53+00:00","author":{"@id":"https:\/\/www.lichen.pl\/fr\/#\/schema\/person\/56fc5b38d70a2b34983408f9a457fd9d"},"breadcrumb":{"@id":"http:\/\/www.lichen.pl\/it\/koncert-organowy-piotr-grajter-copy\/#breadcrumb"},"inLanguage":"de","potentialAction":[{"@type":"ReadAction","target":["http:\/\/www.lichen.pl\/it\/koncert-organowy-piotr-grajter-copy\/"]}]},{"@type":"ImageObject","inLanguage":"de","@id":"http:\/\/www.lichen.pl\/it\/koncert-organowy-piotr-grajter-copy\/#primaryimage","url":"https:\/\/www.lichen.pl\/wp-content\/uploads\/2021\/07\/de-Pol-kadr-scaled.jpg","contentUrl":"https:\/\/www.lichen.pl\/wp-content\/uploads\/2021\/07\/de-Pol-kadr-scaled.jpg","width":1920,"height":1324},{"@type":"BreadcrumbList","@id":"http:\/\/www.lichen.pl\/it\/koncert-organowy-piotr-grajter-copy\/#breadcrumb","itemListElement":[{"@type":"ListItem","position":1,"name":"Strona g\u0142\u00f3wna","item":"https:\/\/www.lichen.pl\/"},{"@type":"ListItem","position":2,"name":"Festiwal &#8220;Basilica Sonans&#8221; &#8211; koncert organowy &#8211; Vincent de Pol (Hamburg)"}]},{"@type":"WebSite","@id":"https:\/\/www.lichen.pl\/fr\/#website","url":"https:\/\/www.lichen.pl\/fr\/","name":"HEILIGTUM IN LICHENIEN","description":"DIE TRAURIGE K\u00d6NIGIN UNSERER FLECHEN VON POLEN","potentialAction":[{"@type":"SearchAction","target":{"@type":"EntryPoint","urlTemplate":"https:\/\/www.lichen.pl\/fr\/?s={search_term_string}"},"query-input":{"@type":"PropertyValueSpecification","valueRequired":true,"valueName":"search_term_string"}}],"inLanguage":"de"},{"@type":"Person","@id":"https:\/\/www.lichen.pl\/fr\/#\/schema\/person\/56fc5b38d70a2b34983408f9a457fd9d","name":"Arkadiusz Gorgolewski","image":{"@type":"ImageObject","inLanguage":"de","@id":"https:\/\/secure.gravatar.com\/avatar\/0f571b370f5aa245b1fd3b9c945511b004fe17579bdefd5054d99f0ba315149c?s=96&d=retro&r=g","url":"https:\/\/secure.gravatar.com\/avatar\/0f571b370f5aa245b1fd3b9c945511b004fe17579bdefd5054d99f0ba315149c?s=96&d=retro&r=g","contentUrl":"https:\/\/secure.gravatar.com\/avatar\/0f571b370f5aa245b1fd3b9c945511b004fe17579bdefd5054d99f0ba315149c?s=96&d=retro&r=g","caption":"Arkadiusz Gorgolewski"},"url":"https:\/\/www.lichen.pl\/de\/author\/sanadmin\/"}]}},"_links":{"self":[{"href":"https:\/\/www.lichen.pl\/de\/wp-json\/wp\/v2\/posts\/20660","targetHints":{"allow":["GET"]}}],"collection":[{"href":"https:\/\/www.lichen.pl\/de\/wp-json\/wp\/v2\/posts"}],"about":[{"href":"https:\/\/www.lichen.pl\/de\/wp-json\/wp\/v2\/types\/post"}],"author":[{"embeddable":true,"href":"https:\/\/www.lichen.pl\/de\/wp-json\/wp\/v2\/users\/2"}],"replies":[{"embeddable":true,"href":"https:\/\/www.lichen.pl\/de\/wp-json\/wp\/v2\/comments?post=20660"}],"version-history":[{"count":23,"href":"https:\/\/www.lichen.pl\/de\/wp-json\/wp\/v2\/posts\/20660\/revisions"}],"predecessor-version":[{"id":26151,"href":"https:\/\/www.lichen.pl\/de\/wp-json\/wp\/v2\/posts\/20660\/revisions\/26151"}],"wp:featuredmedia":[{"embeddable":true,"href":"https:\/\/www.lichen.pl\/de\/wp-json\/wp\/v2\/media\/20907"}],"wp:attachment":[{"href":"https:\/\/www.lichen.pl\/de\/wp-json\/wp\/v2\/media?parent=20660"}],"wp:term":[{"taxonomy":"category","embeddable":true,"href":"https:\/\/www.lichen.pl\/de\/wp-json\/wp\/v2\/categories?post=20660"},{"taxonomy":"post_tag","embeddable":true,"href":"https:\/\/www.lichen.pl\/de\/wp-json\/wp\/v2\/tags?post=20660"}],"curies":[{"name":"wp","href":"https:\/\/api.w.org\/{rel}","templated":true}]}}