{"id":21746,"date":"2020-06-13T15:14:14","date_gmt":"2020-06-13T15:14:14","guid":{"rendered":"http:\/\/www.lichen.pl\/?p=21746"},"modified":"2021-07-28T11:21:10","modified_gmt":"2021-07-28T11:21:10","slug":"uroczystosc-ku-czci-108-blogoslawionych-meczennikow-ii-wojny-swiatowej","status":"publish","type":"post","link":"https:\/\/www.lichen.pl\/de\/uroczystosc-ku-czci-108-blogoslawionych-meczennikow-ii-wojny-swiatowej\/","title":{"rendered":"Feier zu Ehren von 108 seligen M\u00e4rtyrern des Zweiten Weltkriegs"},"content":{"rendered":"<div data-elementor-type=\"wp-post\" data-elementor-id=\"21746\" class=\"elementor elementor-21746\" data-elementor-post-type=\"post\">\n\t\t\t\t\t\t<section class=\"elementor-section elementor-top-section elementor-element elementor-element-b7a4be5 elementor-section-boxed elementor-section-height-default elementor-section-height-default\" data-id=\"b7a4be5\" data-element_type=\"section\" data-e-type=\"section\">\n\t\t\t\t\t\t<div class=\"elementor-container elementor-column-gap-default\">\n\t\t\t\t\t<div class=\"elementor-column elementor-col-100 elementor-top-column elementor-element elementor-element-61a8ec4\" data-id=\"61a8ec4\" data-element_type=\"column\" data-e-type=\"column\">\n\t\t\t<div class=\"elementor-widget-wrap elementor-element-populated\">\n\t\t\t\t\t\t<div class=\"elementor-element elementor-element-bbe290d elementor-widget elementor-widget-heading\" data-id=\"bbe290d\" data-element_type=\"widget\" data-e-type=\"widget\" data-widget_type=\"heading.default\">\n\t\t\t\t<div class=\"elementor-widget-container\">\n\t\t\t\t\t<h2 class=\"elementor-heading-title elementor-size-medium\">Pater Gabriel Bartoszewski OFMCap leitete die landesweiten Feierlichkeiten zu Ehren von 108 gesegneten M\u00e4rtyrern des Zweiten Weltkriegs. heilige Messe beim. Mittags, gefeiert vor dem Gnadenbild Unserer Lieben Frau von Liche\u0144, konzelebriert von: Fr. Bogus\u0142aw Binda, MIC, Oberer der Flechtengemeinschaft der Marianischen Priester und Br\u00fcder, P. Janusz Kumala, MIC, der Kurator des Flechtenheiligtums, und auch P. Msgr. Tomasz Kaczmarek, Generalpostulator f\u00fcr den Heiligsprechungsprozess von 108 seligen M\u00e4rtyrern, der w\u00e4hrend der Eucharistiefeier eine Gedenkpredigt hielt. \n<\/h2>\t\t\t\t<\/div>\n\t\t\t\t<\/div>\n\t\t\t\t<div class=\"elementor-element elementor-element-36ab8d1 elementor-widget elementor-widget-text-editor\" data-id=\"36ab8d1\" data-element_type=\"widget\" data-e-type=\"widget\" data-widget_type=\"text-editor.default\">\n\t\t\t\t<div class=\"elementor-widget-container\">\n\t\t\t\t\t\t\t\t\t<p>\u00dcberlegungen von Fr. Tomasz Kaczmarek begann damit, sich daran zu erinnern, wer sie waren und warum sie durch die Hand der Folterknechte starben, der M\u00e4rtyrer, die heute in der Liturgie der Kirche erw\u00e4hnt werden: - &quot;<strong>In unseren Gebeten versuchen wir, \u201einnezuhalten in der Reflexion von denen, die aus gr\u00f6\u00dfter Liebe ihr Leben f\u00fcr den Glauben, f\u00fcr die Kirche, f\u00fcr ihre Br\u00fcder und Schwestern geopfert haben, um zuzuh\u00f6ren, was sie uns heute und an uns sagen wollen lerne von ihnen die Liebe der Kirche. Indem wir sie anbeten, geben wir Gott die Ehre, der in ihnen die Macht seiner Liebe gezeigt hat<\/strong>.&quot;<\/p><p>Die Predigt wies darauf hin, dass das Evangelium von Anfang an auf den blinden Widerstand einer b\u00f6sen, dunklen Macht gesto\u00dfen ist, die st\u00e4ndig \u201eNein\u201c zum Guten, zur Liebe, zur Wahrheit, zur Sch\u00f6nheit und zum Leben sagt. Laut dem Priester &quot;<strong>es ist Satans Reaktion auf Gottes Liebe, dass der Mensch Gott findet, seinen Zweck, und seine Liebe annimmt<\/strong>Ex. &quot;<\/p>\t\t\t\t\t\t\t\t<\/div>\n\t\t\t\t<\/div>\n\t\t\t\t<div class=\"elementor-element elementor-element-191076c elementor-widget elementor-widget-image\" data-id=\"191076c\" data-element_type=\"widget\" data-e-type=\"widget\" data-widget_type=\"image.default\">\n\t\t\t\t<div class=\"elementor-widget-container\">\n\t\t\t\t\t\t\t\t\t\t\t\t<figure class=\"wp-caption\">\n\t\t\t\t\t\t\t\t\t\t<img fetchpriority=\"high\" decoding=\"async\" width=\"768\" height=\"512\" src=\"https:\/\/www.lichen.pl\/wp-content\/uploads\/2021\/07\/IMG_9736-768x512.jpg\" class=\"attachment-medium_large size-medium_large wp-image-21747\" alt=\"\" srcset=\"https:\/\/www.lichen.pl\/wp-content\/uploads\/2021\/07\/IMG_9736-768x512.jpg 768w, https:\/\/www.lichen.pl\/wp-content\/uploads\/2021\/07\/IMG_9736-800x533.jpg 800w, https:\/\/www.lichen.pl\/wp-content\/uploads\/2021\/07\/IMG_9736-300x200.jpg 300w, https:\/\/www.lichen.pl\/wp-content\/uploads\/2021\/07\/IMG_9736-1024x683.jpg 1024w, https:\/\/www.lichen.pl\/wp-content\/uploads\/2021\/07\/IMG_9736.jpg 1152w\" sizes=\"(max-width: 768px) 100vw, 768px\" \/>\t\t\t\t\t\t\t\t\t\t\t<figcaption class=\"widget-image-caption wp-caption-text\">Fr. Kaczmarek, P. Bartoszewski und P. Dr. Binda<\/figcaption>\n\t\t\t\t\t\t\t\t\t\t<\/figure>\n\t\t\t\t\t\t\t\t\t<\/div>\n\t\t\t\t<\/div>\n\t\t\t\t<div class=\"elementor-element elementor-element-f858656 elementor-widget elementor-widget-text-editor\" data-id=\"f858656\" data-element_type=\"widget\" data-e-type=\"widget\" data-widget_type=\"text-editor.default\">\n\t\t\t\t<div class=\"elementor-widget-container\">\n\t\t\t\t\t\t\t\t\t<p>Im Laufe der Geschichte ist immer das Blut der M\u00e4rtyrer geflossen. - &quot;<strong>Verschiedene Menschen \u00fcbergaben sie dem Tod: Herrscher, Beamte, geistlose Menschen. Sie wurden gefoltert, gequ\u00e4lt, bestraft, wie die gr\u00f6\u00dften Verbrecher. Und sie sagten, auch im Angesicht des Todes: \u201eWir sollten Gott mehr gehorchen als den Menschen, denn Gottes Gesetz ist heilig und wir d\u00fcrfen es um keinen Preis mit F\u00fc\u00dfen treten, weil die Grenzen zwischen Gut und B\u00f6se verloren gehen \u2013 und dann der Untergang wird nur fortschreiten, die Menschheit<\/strong>. \u201d- sagte Fr. Tomasz Kaczmarek.<\/p><p>Der Priester stellte fest, dass die Zahl der M\u00e4rtyrer der katholischen Kirche im 20. Jahrhundert etwa 3 Millionen Menschen betrug, von denen allein in Russland etwa eine halbe Million aufgrund ihres Glaubens an Jesus Christus ihr Leben verloren.<\/p>\t\t\t\t\t\t\t\t<\/div>\n\t\t\t\t<\/div>\n\t\t\t\t<div class=\"elementor-element elementor-element-870b7d3 elementor-widget elementor-widget-text-editor\" data-id=\"870b7d3\" data-element_type=\"widget\" data-e-type=\"widget\" data-widget_type=\"text-editor.default\">\n\t\t\t\t<div class=\"elementor-widget-container\">\n\t\t\t\t\t\t\t\t\t<p>Fr. Kaczmarek bezog sich in seiner Predigt auch auf die Worte des hl. Johannes Paul II. in die Ermahnung aufgenommen <em>Ecclesia in Europa<\/em>in dem der polnische Papst von M\u00e4rtyrern f\u00fcr den Glauben sprach: \u201e<strong>Sie best\u00e4tigen die Vitalit\u00e4t der Kirche; sie erscheinen als Licht f\u00fcr die Kirche und f\u00fcr die Menschheit, weil sie das Licht Christi in der Dunkelheit leuchten lassen<\/strong>&quot;.<\/p><p>Sp\u00e4ter im Wort, Fr. Kaczmarek erinnerte an die Gestalten mehrerer der 108 gesegneten M\u00e4rtyrer: P. Hilary Pawe\u0142 Januszewski, P. Dr. Emil Szramka, Natalia Tulasiewicz, Fr. Micha\u0142 Piaszczy\u0144ski und P. Jerzy Kaszyra, MIC, ein Marianer, der mit seinen Gemeindemitgliedern im Dorf Rosica (heutiges Wei\u00dfrussland) lebendig verbrannt wurde.<\/p><p>Abschlie\u00dfend stellte der Priester fest, dass das Opfer der 108 gesegneten M\u00e4rtyrer des Zweiten Weltkriegs nicht umsonst war, weil &quot;<strong>das Blut der M\u00e4rtyrer wurde zur Saat neuer Gl\u00e4ubiger<\/strong>&quot;. Sie sind die besten Verb\u00fcndeten auf unserem Weg zu Gott. Heilige sind ein gro\u00dfes Geschenk der Kirche. - &quot;<strong>Gesegnete M\u00e4rtyrer, begleitet uns auf unseren Lebenswegen. F\u00fchre uns zu Gott. Gesegnete M\u00e4rtyrer, bitte f\u00fcr uns. Amen<\/strong>.&quot;<\/p>\t\t\t\t\t\t\t\t<\/div>\n\t\t\t\t<\/div>\n\t\t\t\t<div class=\"elementor-element elementor-element-e795589 elementor-widget elementor-widget-image\" data-id=\"e795589\" data-element_type=\"widget\" data-e-type=\"widget\" data-widget_type=\"image.default\">\n\t\t\t\t<div class=\"elementor-widget-container\">\n\t\t\t\t\t\t\t\t\t\t\t\t<figure class=\"wp-caption\">\n\t\t\t\t\t\t\t\t\t\t<img decoding=\"async\" width=\"768\" height=\"512\" src=\"https:\/\/www.lichen.pl\/wp-content\/uploads\/2021\/07\/IMG_9873-768x512.jpg\" class=\"attachment-medium_large size-medium_large wp-image-21755\" alt=\"\" srcset=\"https:\/\/www.lichen.pl\/wp-content\/uploads\/2021\/07\/IMG_9873-768x512.jpg 768w, https:\/\/www.lichen.pl\/wp-content\/uploads\/2021\/07\/IMG_9873-800x533.jpg 800w, https:\/\/www.lichen.pl\/wp-content\/uploads\/2021\/07\/IMG_9873-300x200.jpg 300w, https:\/\/www.lichen.pl\/wp-content\/uploads\/2021\/07\/IMG_9873-1024x683.jpg 1024w, https:\/\/www.lichen.pl\/wp-content\/uploads\/2021\/07\/IMG_9873.jpg 1152w\" sizes=\"(max-width: 768px) 100vw, 768px\" \/>\t\t\t\t\t\t\t\t\t\t\t<figcaption class=\"widget-image-caption wp-caption-text\">Kapelle der 108 Seligen M\u00e4rtyrer<\/figcaption>\n\t\t\t\t\t\t\t\t\t\t<\/figure>\n\t\t\t\t\t\t\t\t\t<\/div>\n\t\t\t\t<\/div>\n\t\t\t\t<div class=\"elementor-element elementor-element-4ad5e82 elementor-widget elementor-widget-text-editor\" data-id=\"4ad5e82\" data-element_type=\"widget\" data-e-type=\"widget\" data-widget_type=\"text-editor.default\">\n\t\t\t\t<div class=\"elementor-widget-container\">\n\t\t\t\t\t\t\t\t\t<p>Er erhob 108 gesegnete M\u00e4rtyrer des Zweiten Weltkriegs zu den Alt\u00e4ren der St. Johannes Paul II. am 13. Juni 1999 in Warschau w\u00e4hrend seiner siebten Wallfahrt in sein Heimatland. Der polnische Kultort der Seligen ist das Heiligtum Unserer Lieben Frau von Liche\u0144, wo sich im unteren Teil der Basilika eine ihnen gewidmete Kapelle befindet, in der sich ein Gem\u00e4lde aus der Seligsprechungsmesse und Portr\u00e4ts aller M\u00e4rtyrer befinden.<\/p><p>Der Tag der Gebete mit Bl. Marianna Biernacka, Patronin von Schwiegermutter und Schwiegertochter, eine von 108 M\u00e4rtyrern, die f\u00fcr eine schwangere Schwiegertochter ihr Leben gab.<\/p>\t\t\t\t\t\t\t\t<\/div>\n\t\t\t\t<\/div>\n\t\t\t\t\t<\/div>\n\t\t<\/div>\n\t\t\t\t\t<\/div>\n\t\t<\/section>\n\t\t\t\t<\/div>","protected":false},"excerpt":{"rendered":"<p>O. Gabriel Bartoszewski OFMCap przewodniczy\u0142 og\u00f3lnopolskim uroczysto\u015bciom ku czci 108 b\u0142ogos\u0142awionych m\u0119czennik\u00f3w z czas\u00f3w II wojny \u015bwiatowej. Msz\u0119 \u015bw. o godz. 12.00 sprawowan\u0105 przed Cudownym Obrazem Matki Bo\u017cej Liche\u0144skiej koncelebrowali: ks. Bogus\u0142aw Binda MIC, prze\u0142o\u017cony liche\u0144skiej wsp\u00f3lnoty ksi\u0119\u017cy i braci marian\u00f3w, ks. Janusz Kumala MIC, kustosz liche\u0144skiego sanktuarium, a tak\u017ce ks. pra\u0142. Tomasz Kaczmarek, postulator [&hellip;]<\/p>\n","protected":false},"author":4,"featured_media":21763,"comment_status":"open","ping_status":"open","sticky":false,"template":"","format":"standard","meta":{"footnotes":""},"categories":[1],"tags":[],"class_list":["post-21746","post","type-post","status-publish","format-standard","has-post-thumbnail","hentry","category-aktualnosci","wpbf-post"],"yoast_head":"<!-- This site is optimized with the Yoast SEO plugin v27.4 - https:\/\/yoast.com\/product\/yoast-seo-wordpress\/ -->\n<title>Uroczysto\u015b\u0107 ku czci 108 b\u0142ogos\u0142awionych m\u0119czennik\u00f3w II wojny \u015bwiatowej - SANKTUARIUM W LICHENIU<\/title>\n<meta name=\"robots\" content=\"index, follow, max-snippet:-1, max-image-preview:large, max-video-preview:-1\" \/>\n<link rel=\"canonical\" href=\"https:\/\/www.lichen.pl\/de\/uroczystosc-ku-czci-108-blogoslawionych-meczennikow-ii-wojny-swiatowej\/\" \/>\n<meta property=\"og:locale\" content=\"de_DE\" \/>\n<meta property=\"og:type\" content=\"article\" \/>\n<meta property=\"og:title\" content=\"Uroczysto\u015b\u0107 ku czci 108 b\u0142ogos\u0142awionych m\u0119czennik\u00f3w II wojny \u015bwiatowej - SANKTUARIUM W LICHENIU\" \/>\n<meta property=\"og:description\" content=\"O. Gabriel Bartoszewski OFMCap przewodniczy\u0142 og\u00f3lnopolskim uroczysto\u015bciom ku czci 108 b\u0142ogos\u0142awionych m\u0119czennik\u00f3w z czas\u00f3w II wojny \u015bwiatowej. Msz\u0119 \u015bw. o godz. 12.00 sprawowan\u0105 przed Cudownym Obrazem Matki Bo\u017cej Liche\u0144skiej koncelebrowali: ks. Bogus\u0142aw Binda MIC, prze\u0142o\u017cony liche\u0144skiej wsp\u00f3lnoty ksi\u0119\u017cy i braci marian\u00f3w, ks. Janusz Kumala MIC, kustosz liche\u0144skiego sanktuarium, a tak\u017ce ks. pra\u0142. Tomasz Kaczmarek, postulator [&hellip;]\" \/>\n<meta property=\"og:url\" content=\"https:\/\/www.lichen.pl\/de\/uroczystosc-ku-czci-108-blogoslawionych-meczennikow-ii-wojny-swiatowej\/\" \/>\n<meta property=\"og:site_name\" content=\"SANKTUARIUM W LICHENIU\" \/>\n<meta property=\"article:published_time\" content=\"2020-06-13T15:14:14+00:00\" \/>\n<meta property=\"article:modified_time\" content=\"2021-07-28T11:21:10+00:00\" \/>\n<meta property=\"og:image\" content=\"https:\/\/www.lichen.pl\/wp-content\/uploads\/2021\/07\/IMG_9868.jpg\" \/>\n\t<meta property=\"og:image:width\" content=\"1152\" \/>\n\t<meta property=\"og:image:height\" content=\"768\" \/>\n\t<meta property=\"og:image:type\" content=\"image\/jpeg\" \/>\n<meta name=\"author\" content=\"ROBERT ADAMCZYK\" \/>\n<meta name=\"twitter:card\" content=\"summary_large_image\" \/>\n<meta name=\"twitter:label1\" content=\"Verfasst von\" \/>\n\t<meta name=\"twitter:data1\" content=\"ROBERT ADAMCZYK\" \/>\n\t<meta name=\"twitter:label2\" content=\"Gesch\u00e4tzte Lesezeit\" \/>\n\t<meta name=\"twitter:data2\" content=\"3\u00a0Minuten\" \/>\n<script type=\"application\/ld+json\" class=\"yoast-schema-graph\">{\"@context\":\"https:\\\/\\\/schema.org\",\"@graph\":[{\"@type\":\"Article\",\"@id\":\"https:\\\/\\\/www.lichen.pl\\\/es\\\/uroczystosc-ku-czci-108-blogoslawionych-meczennikow-ii-wojny-swiatowej\\\/#article\",\"isPartOf\":{\"@id\":\"https:\\\/\\\/www.lichen.pl\\\/es\\\/uroczystosc-ku-czci-108-blogoslawionych-meczennikow-ii-wojny-swiatowej\\\/\"},\"author\":{\"name\":\"ROBERT ADAMCZYK\",\"@id\":\"https:\\\/\\\/www.lichen.pl\\\/fr\\\/#\\\/schema\\\/person\\\/c06cd926b95870cc59f18d6ee6e33da5\"},\"headline\":\"Uroczysto\u015b\u0107 ku czci 108 b\u0142ogos\u0142awionych m\u0119czennik\u00f3w II wojny \u015bwiatowej\",\"datePublished\":\"2020-06-13T15:14:14+00:00\",\"dateModified\":\"2021-07-28T11:21:10+00:00\",\"mainEntityOfPage\":{\"@id\":\"https:\\\/\\\/www.lichen.pl\\\/es\\\/uroczystosc-ku-czci-108-blogoslawionych-meczennikow-ii-wojny-swiatowej\\\/\"},\"wordCount\":730,\"commentCount\":0,\"image\":{\"@id\":\"https:\\\/\\\/www.lichen.pl\\\/es\\\/uroczystosc-ku-czci-108-blogoslawionych-meczennikow-ii-wojny-swiatowej\\\/#primaryimage\"},\"thumbnailUrl\":\"https:\\\/\\\/www.lichen.pl\\\/wp-content\\\/uploads\\\/2021\\\/07\\\/IMG_9868.jpg\",\"articleSection\":[\"Aktualno\u015bci\"],\"inLanguage\":\"de\",\"potentialAction\":[{\"@type\":\"CommentAction\",\"name\":\"Comment\",\"target\":[\"https:\\\/\\\/www.lichen.pl\\\/es\\\/uroczystosc-ku-czci-108-blogoslawionych-meczennikow-ii-wojny-swiatowej\\\/#respond\"]}]},{\"@type\":\"WebPage\",\"@id\":\"https:\\\/\\\/www.lichen.pl\\\/es\\\/uroczystosc-ku-czci-108-blogoslawionych-meczennikow-ii-wojny-swiatowej\\\/\",\"url\":\"https:\\\/\\\/www.lichen.pl\\\/es\\\/uroczystosc-ku-czci-108-blogoslawionych-meczennikow-ii-wojny-swiatowej\\\/\",\"name\":\"Uroczysto\u015b\u0107 ku czci 108 b\u0142ogos\u0142awionych m\u0119czennik\u00f3w II wojny \u015bwiatowej - SANKTUARIUM W LICHENIU\",\"isPartOf\":{\"@id\":\"https:\\\/\\\/www.lichen.pl\\\/fr\\\/#website\"},\"primaryImageOfPage\":{\"@id\":\"https:\\\/\\\/www.lichen.pl\\\/es\\\/uroczystosc-ku-czci-108-blogoslawionych-meczennikow-ii-wojny-swiatowej\\\/#primaryimage\"},\"image\":{\"@id\":\"https:\\\/\\\/www.lichen.pl\\\/es\\\/uroczystosc-ku-czci-108-blogoslawionych-meczennikow-ii-wojny-swiatowej\\\/#primaryimage\"},\"thumbnailUrl\":\"https:\\\/\\\/www.lichen.pl\\\/wp-content\\\/uploads\\\/2021\\\/07\\\/IMG_9868.jpg\",\"datePublished\":\"2020-06-13T15:14:14+00:00\",\"dateModified\":\"2021-07-28T11:21:10+00:00\",\"author\":{\"@id\":\"https:\\\/\\\/www.lichen.pl\\\/fr\\\/#\\\/schema\\\/person\\\/c06cd926b95870cc59f18d6ee6e33da5\"},\"breadcrumb\":{\"@id\":\"https:\\\/\\\/www.lichen.pl\\\/es\\\/uroczystosc-ku-czci-108-blogoslawionych-meczennikow-ii-wojny-swiatowej\\\/#breadcrumb\"},\"inLanguage\":\"de\",\"potentialAction\":[{\"@type\":\"ReadAction\",\"target\":[\"https:\\\/\\\/www.lichen.pl\\\/es\\\/uroczystosc-ku-czci-108-blogoslawionych-meczennikow-ii-wojny-swiatowej\\\/\"]}]},{\"@type\":\"ImageObject\",\"inLanguage\":\"de\",\"@id\":\"https:\\\/\\\/www.lichen.pl\\\/es\\\/uroczystosc-ku-czci-108-blogoslawionych-meczennikow-ii-wojny-swiatowej\\\/#primaryimage\",\"url\":\"https:\\\/\\\/www.lichen.pl\\\/wp-content\\\/uploads\\\/2021\\\/07\\\/IMG_9868.jpg\",\"contentUrl\":\"https:\\\/\\\/www.lichen.pl\\\/wp-content\\\/uploads\\\/2021\\\/07\\\/IMG_9868.jpg\",\"width\":1152,\"height\":768},{\"@type\":\"BreadcrumbList\",\"@id\":\"https:\\\/\\\/www.lichen.pl\\\/es\\\/uroczystosc-ku-czci-108-blogoslawionych-meczennikow-ii-wojny-swiatowej\\\/#breadcrumb\",\"itemListElement\":[{\"@type\":\"ListItem\",\"position\":1,\"name\":\"Strona g\u0142\u00f3wna\",\"item\":\"https:\\\/\\\/www.lichen.pl\\\/\"},{\"@type\":\"ListItem\",\"position\":2,\"name\":\"Uroczysto\u015b\u0107 ku czci 108 b\u0142ogos\u0142awionych m\u0119czennik\u00f3w II wojny \u015bwiatowej\"}]},{\"@type\":\"WebSite\",\"@id\":\"https:\\\/\\\/www.lichen.pl\\\/fr\\\/#website\",\"url\":\"https:\\\/\\\/www.lichen.pl\\\/fr\\\/\",\"name\":\"SANKTUARIUM W LICHENIU\",\"description\":\"MATKI BO\u017bEJ LICHE\u0143SKIEJ BOLESNEJ KR\u00d3LOWEJ POLSKI\",\"potentialAction\":[{\"@type\":\"SearchAction\",\"target\":{\"@type\":\"EntryPoint\",\"urlTemplate\":\"https:\\\/\\\/www.lichen.pl\\\/fr\\\/?s={search_term_string}\"},\"query-input\":{\"@type\":\"PropertyValueSpecification\",\"valueRequired\":true,\"valueName\":\"search_term_string\"}}],\"inLanguage\":\"de\"},{\"@type\":\"Person\",\"@id\":\"https:\\\/\\\/www.lichen.pl\\\/fr\\\/#\\\/schema\\\/person\\\/c06cd926b95870cc59f18d6ee6e33da5\",\"name\":\"ROBERT ADAMCZYK\",\"image\":{\"@type\":\"ImageObject\",\"inLanguage\":\"de\",\"@id\":\"https:\\\/\\\/secure.gravatar.com\\\/avatar\\\/53c330430596e73552f4c356c2e47c209ff8f6352a5106011c9b6abcce5e00df?s=96&d=retro&r=g\",\"url\":\"https:\\\/\\\/secure.gravatar.com\\\/avatar\\\/53c330430596e73552f4c356c2e47c209ff8f6352a5106011c9b6abcce5e00df?s=96&d=retro&r=g\",\"contentUrl\":\"https:\\\/\\\/secure.gravatar.com\\\/avatar\\\/53c330430596e73552f4c356c2e47c209ff8f6352a5106011c9b6abcce5e00df?s=96&d=retro&r=g\",\"caption\":\"ROBERT ADAMCZYK\"},\"url\":\"https:\\\/\\\/www.lichen.pl\\\/de\\\/author\\\/press\\\/\"}]}<\/script>\n<!-- \/ Yoast SEO plugin. -->","yoast_head_json":{"title":"Uroczysto\u015b\u0107 ku czci 108 b\u0142ogos\u0142awionych m\u0119czennik\u00f3w II wojny \u015bwiatowej - SANKTUARIUM W LICHENIU","robots":{"index":"index","follow":"follow","max-snippet":"max-snippet:-1","max-image-preview":"max-image-preview:large","max-video-preview":"max-video-preview:-1"},"canonical":"https:\/\/www.lichen.pl\/de\/uroczystosc-ku-czci-108-blogoslawionych-meczennikow-ii-wojny-swiatowej\/","og_locale":"de_DE","og_type":"article","og_title":"Uroczysto\u015b\u0107 ku czci 108 b\u0142ogos\u0142awionych m\u0119czennik\u00f3w II wojny \u015bwiatowej - SANKTUARIUM W LICHENIU","og_description":"O. Gabriel Bartoszewski OFMCap przewodniczy\u0142 og\u00f3lnopolskim uroczysto\u015bciom ku czci 108 b\u0142ogos\u0142awionych m\u0119czennik\u00f3w z czas\u00f3w II wojny \u015bwiatowej. Msz\u0119 \u015bw. o godz. 12.00 sprawowan\u0105 przed Cudownym Obrazem Matki Bo\u017cej Liche\u0144skiej koncelebrowali: ks. Bogus\u0142aw Binda MIC, prze\u0142o\u017cony liche\u0144skiej wsp\u00f3lnoty ksi\u0119\u017cy i braci marian\u00f3w, ks. Janusz Kumala MIC, kustosz liche\u0144skiego sanktuarium, a tak\u017ce ks. pra\u0142. Tomasz Kaczmarek, postulator [&hellip;]","og_url":"https:\/\/www.lichen.pl\/de\/uroczystosc-ku-czci-108-blogoslawionych-meczennikow-ii-wojny-swiatowej\/","og_site_name":"SANKTUARIUM W LICHENIU","article_published_time":"2020-06-13T15:14:14+00:00","article_modified_time":"2021-07-28T11:21:10+00:00","og_image":[{"width":1152,"height":768,"url":"https:\/\/www.lichen.pl\/wp-content\/uploads\/2021\/07\/IMG_9868.jpg","type":"image\/jpeg"}],"author":"ROBERT ADAMCZYK","twitter_card":"summary_large_image","twitter_misc":{"Verfasst von":"ROBERT ADAMCZYK","Gesch\u00e4tzte Lesezeit":"3\u00a0Minuten"},"schema":{"@context":"https:\/\/schema.org","@graph":[{"@type":"Article","@id":"https:\/\/www.lichen.pl\/es\/uroczystosc-ku-czci-108-blogoslawionych-meczennikow-ii-wojny-swiatowej\/#article","isPartOf":{"@id":"https:\/\/www.lichen.pl\/es\/uroczystosc-ku-czci-108-blogoslawionych-meczennikow-ii-wojny-swiatowej\/"},"author":{"name":"ROBERT ADAMCZYK","@id":"https:\/\/www.lichen.pl\/fr\/#\/schema\/person\/c06cd926b95870cc59f18d6ee6e33da5"},"headline":"Uroczysto\u015b\u0107 ku czci 108 b\u0142ogos\u0142awionych m\u0119czennik\u00f3w II wojny \u015bwiatowej","datePublished":"2020-06-13T15:14:14+00:00","dateModified":"2021-07-28T11:21:10+00:00","mainEntityOfPage":{"@id":"https:\/\/www.lichen.pl\/es\/uroczystosc-ku-czci-108-blogoslawionych-meczennikow-ii-wojny-swiatowej\/"},"wordCount":730,"commentCount":0,"image":{"@id":"https:\/\/www.lichen.pl\/es\/uroczystosc-ku-czci-108-blogoslawionych-meczennikow-ii-wojny-swiatowej\/#primaryimage"},"thumbnailUrl":"https:\/\/www.lichen.pl\/wp-content\/uploads\/2021\/07\/IMG_9868.jpg","articleSection":["Aktualno\u015bci"],"inLanguage":"de","potentialAction":[{"@type":"CommentAction","name":"Comment","target":["https:\/\/www.lichen.pl\/es\/uroczystosc-ku-czci-108-blogoslawionych-meczennikow-ii-wojny-swiatowej\/#respond"]}]},{"@type":"WebPage","@id":"https:\/\/www.lichen.pl\/es\/uroczystosc-ku-czci-108-blogoslawionych-meczennikow-ii-wojny-swiatowej\/","url":"https:\/\/www.lichen.pl\/es\/uroczystosc-ku-czci-108-blogoslawionych-meczennikow-ii-wojny-swiatowej\/","name":"Uroczysto\u015b\u0107 ku czci 108 b\u0142ogos\u0142awionych m\u0119czennik\u00f3w II wojny \u015bwiatowej - SANKTUARIUM W LICHENIU","isPartOf":{"@id":"https:\/\/www.lichen.pl\/fr\/#website"},"primaryImageOfPage":{"@id":"https:\/\/www.lichen.pl\/es\/uroczystosc-ku-czci-108-blogoslawionych-meczennikow-ii-wojny-swiatowej\/#primaryimage"},"image":{"@id":"https:\/\/www.lichen.pl\/es\/uroczystosc-ku-czci-108-blogoslawionych-meczennikow-ii-wojny-swiatowej\/#primaryimage"},"thumbnailUrl":"https:\/\/www.lichen.pl\/wp-content\/uploads\/2021\/07\/IMG_9868.jpg","datePublished":"2020-06-13T15:14:14+00:00","dateModified":"2021-07-28T11:21:10+00:00","author":{"@id":"https:\/\/www.lichen.pl\/fr\/#\/schema\/person\/c06cd926b95870cc59f18d6ee6e33da5"},"breadcrumb":{"@id":"https:\/\/www.lichen.pl\/es\/uroczystosc-ku-czci-108-blogoslawionych-meczennikow-ii-wojny-swiatowej\/#breadcrumb"},"inLanguage":"de","potentialAction":[{"@type":"ReadAction","target":["https:\/\/www.lichen.pl\/es\/uroczystosc-ku-czci-108-blogoslawionych-meczennikow-ii-wojny-swiatowej\/"]}]},{"@type":"ImageObject","inLanguage":"de","@id":"https:\/\/www.lichen.pl\/es\/uroczystosc-ku-czci-108-blogoslawionych-meczennikow-ii-wojny-swiatowej\/#primaryimage","url":"https:\/\/www.lichen.pl\/wp-content\/uploads\/2021\/07\/IMG_9868.jpg","contentUrl":"https:\/\/www.lichen.pl\/wp-content\/uploads\/2021\/07\/IMG_9868.jpg","width":1152,"height":768},{"@type":"BreadcrumbList","@id":"https:\/\/www.lichen.pl\/es\/uroczystosc-ku-czci-108-blogoslawionych-meczennikow-ii-wojny-swiatowej\/#breadcrumb","itemListElement":[{"@type":"ListItem","position":1,"name":"Strona g\u0142\u00f3wna","item":"https:\/\/www.lichen.pl\/"},{"@type":"ListItem","position":2,"name":"Uroczysto\u015b\u0107 ku czci 108 b\u0142ogos\u0142awionych m\u0119czennik\u00f3w II wojny \u015bwiatowej"}]},{"@type":"WebSite","@id":"https:\/\/www.lichen.pl\/fr\/#website","url":"https:\/\/www.lichen.pl\/fr\/","name":"HEILIGTUM IN LICHENIEN","description":"DIE TRAURIGE K\u00d6NIGIN UNSERER FLECHEN VON POLEN","potentialAction":[{"@type":"SearchAction","target":{"@type":"EntryPoint","urlTemplate":"https:\/\/www.lichen.pl\/fr\/?s={search_term_string}"},"query-input":{"@type":"PropertyValueSpecification","valueRequired":true,"valueName":"search_term_string"}}],"inLanguage":"de"},{"@type":"Person","@id":"https:\/\/www.lichen.pl\/fr\/#\/schema\/person\/c06cd926b95870cc59f18d6ee6e33da5","name":"ROBERT ADAMCZYK","image":{"@type":"ImageObject","inLanguage":"de","@id":"https:\/\/secure.gravatar.com\/avatar\/53c330430596e73552f4c356c2e47c209ff8f6352a5106011c9b6abcce5e00df?s=96&d=retro&r=g","url":"https:\/\/secure.gravatar.com\/avatar\/53c330430596e73552f4c356c2e47c209ff8f6352a5106011c9b6abcce5e00df?s=96&d=retro&r=g","contentUrl":"https:\/\/secure.gravatar.com\/avatar\/53c330430596e73552f4c356c2e47c209ff8f6352a5106011c9b6abcce5e00df?s=96&d=retro&r=g","caption":"ROBERT ADAMCZYK"},"url":"https:\/\/www.lichen.pl\/de\/author\/press\/"}]}},"_links":{"self":[{"href":"https:\/\/www.lichen.pl\/de\/wp-json\/wp\/v2\/posts\/21746","targetHints":{"allow":["GET"]}}],"collection":[{"href":"https:\/\/www.lichen.pl\/de\/wp-json\/wp\/v2\/posts"}],"about":[{"href":"https:\/\/www.lichen.pl\/de\/wp-json\/wp\/v2\/types\/post"}],"author":[{"embeddable":true,"href":"https:\/\/www.lichen.pl\/de\/wp-json\/wp\/v2\/users\/4"}],"replies":[{"embeddable":true,"href":"https:\/\/www.lichen.pl\/de\/wp-json\/wp\/v2\/comments?post=21746"}],"version-history":[{"count":4,"href":"https:\/\/www.lichen.pl\/de\/wp-json\/wp\/v2\/posts\/21746\/revisions"}],"predecessor-version":[{"id":21768,"href":"https:\/\/www.lichen.pl\/de\/wp-json\/wp\/v2\/posts\/21746\/revisions\/21768"}],"wp:featuredmedia":[{"embeddable":true,"href":"https:\/\/www.lichen.pl\/de\/wp-json\/wp\/v2\/media\/21763"}],"wp:attachment":[{"href":"https:\/\/www.lichen.pl\/de\/wp-json\/wp\/v2\/media?parent=21746"}],"wp:term":[{"taxonomy":"category","embeddable":true,"href":"https:\/\/www.lichen.pl\/de\/wp-json\/wp\/v2\/categories?post=21746"},{"taxonomy":"post_tag","embeddable":true,"href":"https:\/\/www.lichen.pl\/de\/wp-json\/wp\/v2\/tags?post=21746"}],"curies":[{"name":"wp","href":"https:\/\/api.w.org\/{rel}","templated":true}]}}