{"id":27589,"date":"2021-08-15T16:00:11","date_gmt":"2021-08-15T16:00:11","guid":{"rendered":"http:\/\/www.lichen.pl\/?p=27589"},"modified":"2021-08-17T20:27:14","modified_gmt":"2021-08-17T20:27:14","slug":"wniebowziecie-nmp-zapowiedz","status":"publish","type":"post","link":"https:\/\/www.lichen.pl\/de\/wniebowziecie-nmp-zapowiedz\/","title":{"rendered":"Hochfest Mari\u00e4 Himmelfahrt"},"content":{"rendered":"<div data-elementor-type=\"wp-post\" data-elementor-id=\"27589\" class=\"elementor elementor-27589\" data-elementor-post-type=\"post\">\n\t\t\t\t\t\t<section class=\"elementor-section elementor-top-section elementor-element elementor-element-f75a0e2 elementor-section-boxed elementor-section-height-default elementor-section-height-default\" data-id=\"f75a0e2\" data-element_type=\"section\" data-e-type=\"section\">\n\t\t\t\t\t\t<div class=\"elementor-container elementor-column-gap-default\">\n\t\t\t\t\t<div class=\"elementor-column elementor-col-100 elementor-top-column elementor-element elementor-element-5cf418c\" data-id=\"5cf418c\" data-element_type=\"column\" data-e-type=\"column\">\n\t\t\t<div class=\"elementor-widget-wrap elementor-element-populated\">\n\t\t\t\t\t\t<div class=\"elementor-element elementor-element-7d3003a elementor-widget elementor-widget-heading\" data-id=\"7d3003a\" data-element_type=\"widget\" data-e-type=\"widget\" data-widget_type=\"heading.default\">\n\t\t\t\t<div class=\"elementor-widget-container\">\n\t\t\t\t\t<h2 class=\"elementor-heading-title elementor-size-default\">Fr. Tomasz Nowaczek, MIC, der Obere der Provinz von der G\u00f6ttlichen Vorsehung der Kongregation der Marienv\u00e4ter, leitete den Ablassbetrag am 15. August, der Zeremonie der Himmelfahrt der seligen Jungfrau Maria. <\/h2>\t\t\t\t<\/div>\n\t\t\t\t<\/div>\n\t\t\t\t<section class=\"elementor-section elementor-inner-section elementor-element elementor-element-1bc6d94 elementor-section-boxed elementor-section-height-default elementor-section-height-default\" data-id=\"1bc6d94\" data-element_type=\"section\" data-e-type=\"section\">\n\t\t\t\t\t\t<div class=\"elementor-container elementor-column-gap-default\">\n\t\t\t\t\t<div class=\"elementor-column elementor-col-50 elementor-inner-column elementor-element elementor-element-028965c\" data-id=\"028965c\" data-element_type=\"column\" data-e-type=\"column\">\n\t\t\t<div class=\"elementor-widget-wrap elementor-element-populated\">\n\t\t\t\t\t\t<div class=\"elementor-element elementor-element-89365f7 elementor-widget elementor-widget-image\" data-id=\"89365f7\" data-element_type=\"widget\" data-e-type=\"widget\" data-widget_type=\"image.default\">\n\t\t\t\t<div class=\"elementor-widget-container\">\n\t\t\t\t\t\t\t\t\t\t\t\t<figure class=\"wp-caption\">\n\t\t\t\t\t\t\t\t\t\t<img fetchpriority=\"high\" decoding=\"async\" width=\"768\" height=\"1021\" src=\"https:\/\/www.lichen.pl\/wp-content\/uploads\/2021\/08\/MBL.jpg\" class=\"attachment-medium_large size-medium_large wp-image-27590\" alt=\"\" srcset=\"https:\/\/www.lichen.pl\/wp-content\/uploads\/2021\/08\/MBL.jpg 768w, https:\/\/www.lichen.pl\/wp-content\/uploads\/2021\/08\/MBL-226x300.jpg 226w\" sizes=\"(max-width: 768px) 100vw, 768px\" \/>\t\t\t\t\t\t\t\t\t\t\t<figcaption class=\"widget-image-caption wp-caption-text\">Wunderbares Bild Unserer Lieben Frau von Flechten<\/figcaption>\n\t\t\t\t\t\t\t\t\t\t<\/figure>\n\t\t\t\t\t\t\t\t\t<\/div>\n\t\t\t\t<\/div>\n\t\t\t\t\t<\/div>\n\t\t<\/div>\n\t\t\t\t<div class=\"elementor-column elementor-col-50 elementor-inner-column elementor-element elementor-element-22f5f07\" data-id=\"22f5f07\" data-element_type=\"column\" data-e-type=\"column\">\n\t\t\t<div class=\"elementor-widget-wrap elementor-element-populated\">\n\t\t\t\t\t\t<div class=\"elementor-element elementor-element-77cccaf elementor-blockquote--skin-border elementor-widget elementor-widget-blockquote\" data-id=\"77cccaf\" data-element_type=\"widget\" data-e-type=\"widget\" data-widget_type=\"blockquote.default\">\n\t\t\t\t<div class=\"elementor-widget-container\">\n\t\t\t\t\t\t\t<blockquote class=\"elementor-blockquote\">\n\t\t\t<p class=\"elementor-blockquote__content\">\n\t\t\t\tIch betrachte das Innere eines Flechtentempels, der mit den lebendigen Steinen gef\u00fcllt ist, die du bist, und sp\u00fcre, wie mein Herz beginnt, diesen Ort als Zuhause zu erkennen. Ein sicherer Ort, wo man sich wohlf\u00fchlt, wo es sch\u00f6n ist, wo man immer wieder zur\u00fcckkommen m\u00f6chte. Wenn Sie dort w\u00e4ren, wo ich jetzt stehe, w\u00fcrden Sie sehen, wie sch\u00f6n dieser Tempel ist, wie sch\u00f6n Sie sind\t\t\t<\/p>\n\t\t\t\t\t\t\t<div class=\"e-q-footer\">\n\t\t\t\t\t\t\t\t\t\t\t<cite class=\"elementor-blockquote__author\">Fr. Tomasz Nowaczek, MIC, Oberer der Provinz von der G\u00f6ttlichen Vorsehung der Kongregation der Marianischen Patres, 15. August 2021<\/cite>\n\t\t\t\t\t\t\t\t\t\t\t\t\t\t<\/div>\n\t\t\t\t\t<\/blockquote>\n\t\t\t\t\t\t<\/div>\n\t\t\t\t<\/div>\n\t\t\t\t\t<\/div>\n\t\t<\/div>\n\t\t\t\t\t<\/div>\n\t\t<\/section>\n\t\t\t\t<div class=\"elementor-element elementor-element-5269c23 elementor-widget elementor-widget-text-editor\" data-id=\"5269c23\" data-element_type=\"widget\" data-e-type=\"widget\" data-widget_type=\"text-editor.default\">\n\t\t\t\t<div class=\"elementor-widget-container\">\n\t\t\t\t\t\t\t\t\t<p>\u201eHeute blicken wir in den Himmel, wohin die selige Jungfrau Maria gebracht wurde\u201c, sagte P. Tomasz Nowaczek, MIC w\u00e4hrend des gro\u00dfen Totals in der Basilika Liche\u0144 am 15. August, am Fest Mari\u00e4 Himmelfahrt. <br \/>\u201eDas Hochfest Mari\u00e4 Himmelfahrt ist ein besonderer Tag f\u00fcr das Heiligtum von Liche\u0144. Es versammelt immer viele Pilger, insbesondere die Einwohner der Region Konin \u201c, sagte Pater. Janusz Kumala, MIC, beginnt mit der Liturgie der Sonntagshauptmesse. Der Hausmeister erinnerte daran, dass am 15. August 1967 Card. St. Wyszy\u0144ski sagte, dass die Muttergottes von Liche\u0144 die Schutzpatronin der Region Konin ist. \u201eHierher kommen seit 1852 Pilger, um die Gottesmutter um Hilfe und F\u00fcrbitte zu bitten. Heute erheben wir unsere Augen zum Himmel, um auf Erden noch besser zu leben. Wir versammeln uns als Gemeinschaft von Br\u00fcdern und Schwestern auf einer Pilgerfahrt zum Himmel.\u201c <br \/><br \/><\/p>\t\t\t\t\t\t\t\t<\/div>\n\t\t\t\t<\/div>\n\t\t\t\t<section class=\"elementor-section elementor-inner-section elementor-element elementor-element-e90cfe7 elementor-section-boxed elementor-section-height-default elementor-section-height-default\" data-id=\"e90cfe7\" data-element_type=\"section\" data-e-type=\"section\">\n\t\t\t\t\t\t<div class=\"elementor-container elementor-column-gap-default\">\n\t\t\t\t\t<div class=\"elementor-column elementor-col-33 elementor-inner-column elementor-element elementor-element-57a7987\" data-id=\"57a7987\" data-element_type=\"column\" data-e-type=\"column\">\n\t\t\t<div class=\"elementor-widget-wrap elementor-element-populated\">\n\t\t\t\t\t\t<div class=\"elementor-element elementor-element-c6e01a0 elementor-widget elementor-widget-image\" data-id=\"c6e01a0\" data-element_type=\"widget\" data-e-type=\"widget\" data-widget_type=\"image.default\">\n\t\t\t\t<div class=\"elementor-widget-container\">\n\t\t\t\t\t\t\t\t\t\t\t\t\t\t\t<img decoding=\"async\" width=\"682\" height=\"1024\" src=\"https:\/\/www.lichen.pl\/wp-content\/uploads\/2021\/08\/Uroczystosc-Wniebowziecia-NMP-15-sierpnia-2021-r.-44-682x1024.jpg\" class=\"attachment-large size-large wp-image-28282\" alt=\"\" srcset=\"https:\/\/www.lichen.pl\/wp-content\/uploads\/2021\/08\/Uroczystosc-Wniebowziecia-NMP-15-sierpnia-2021-r.-44-682x1024.jpg 682w, https:\/\/www.lichen.pl\/wp-content\/uploads\/2021\/08\/Uroczystosc-Wniebowziecia-NMP-15-sierpnia-2021-r.-44-800x1200.jpg 800w, https:\/\/www.lichen.pl\/wp-content\/uploads\/2021\/08\/Uroczystosc-Wniebowziecia-NMP-15-sierpnia-2021-r.-44-200x300.jpg 200w, https:\/\/www.lichen.pl\/wp-content\/uploads\/2021\/08\/Uroczystosc-Wniebowziecia-NMP-15-sierpnia-2021-r.-44-768x1152.jpg 768w, https:\/\/www.lichen.pl\/wp-content\/uploads\/2021\/08\/Uroczystosc-Wniebowziecia-NMP-15-sierpnia-2021-r.-44-1024x1536.jpg 1024w, https:\/\/www.lichen.pl\/wp-content\/uploads\/2021\/08\/Uroczystosc-Wniebowziecia-NMP-15-sierpnia-2021-r.-44.jpg 853w\" sizes=\"(max-width: 682px) 100vw, 682px\" \/>\t\t\t\t\t\t\t\t\t\t\t\t\t\t\t<\/div>\n\t\t\t\t<\/div>\n\t\t\t\t\t<\/div>\n\t\t<\/div>\n\t\t\t\t<div class=\"elementor-column elementor-col-33 elementor-inner-column elementor-element elementor-element-5811db3\" data-id=\"5811db3\" data-element_type=\"column\" data-e-type=\"column\">\n\t\t\t<div class=\"elementor-widget-wrap elementor-element-populated\">\n\t\t\t\t\t\t<div class=\"elementor-element elementor-element-319cdbf elementor-widget elementor-widget-image\" data-id=\"319cdbf\" data-element_type=\"widget\" data-e-type=\"widget\" data-widget_type=\"image.default\">\n\t\t\t\t<div class=\"elementor-widget-container\">\n\t\t\t\t\t\t\t\t\t\t\t\t\t\t\t<img decoding=\"async\" width=\"1024\" height=\"683\" src=\"https:\/\/www.lichen.pl\/wp-content\/uploads\/2021\/08\/Uroczystosc-Wniebowziecia-NMP-15-sierpnia-2021-r.-57-1024x683.jpg\" class=\"attachment-large size-large wp-image-28347\" alt=\"\" srcset=\"https:\/\/www.lichen.pl\/wp-content\/uploads\/2021\/08\/Uroczystosc-Wniebowziecia-NMP-15-sierpnia-2021-r.-57-1024x683.jpg 1024w, https:\/\/www.lichen.pl\/wp-content\/uploads\/2021\/08\/Uroczystosc-Wniebowziecia-NMP-15-sierpnia-2021-r.-57-800x534.jpg 800w, https:\/\/www.lichen.pl\/wp-content\/uploads\/2021\/08\/Uroczystosc-Wniebowziecia-NMP-15-sierpnia-2021-r.-57-300x200.jpg 300w, https:\/\/www.lichen.pl\/wp-content\/uploads\/2021\/08\/Uroczystosc-Wniebowziecia-NMP-15-sierpnia-2021-r.-57-768x512.jpg 768w, https:\/\/www.lichen.pl\/wp-content\/uploads\/2021\/08\/Uroczystosc-Wniebowziecia-NMP-15-sierpnia-2021-r.-57.jpg 1333w\" sizes=\"(max-width: 1024px) 100vw, 1024px\" \/>\t\t\t\t\t\t\t\t\t\t\t\t\t\t\t<\/div>\n\t\t\t\t<\/div>\n\t\t\t\t<div class=\"elementor-element elementor-element-8ba7f30 elementor-widget elementor-widget-image\" data-id=\"8ba7f30\" data-element_type=\"widget\" data-e-type=\"widget\" data-widget_type=\"image.default\">\n\t\t\t\t<div class=\"elementor-widget-container\">\n\t\t\t\t\t\t\t\t\t\t\t\t\t\t\t<img loading=\"lazy\" decoding=\"async\" width=\"1024\" height=\"683\" src=\"https:\/\/www.lichen.pl\/wp-content\/uploads\/2021\/08\/Uroczystosc-Wniebowziecia-NMP-15-sierpnia-2021-r.-55-1024x683.jpg\" class=\"attachment-large size-large wp-image-28337\" alt=\"\" srcset=\"https:\/\/www.lichen.pl\/wp-content\/uploads\/2021\/08\/Uroczystosc-Wniebowziecia-NMP-15-sierpnia-2021-r.-55-1024x683.jpg 1024w, https:\/\/www.lichen.pl\/wp-content\/uploads\/2021\/08\/Uroczystosc-Wniebowziecia-NMP-15-sierpnia-2021-r.-55-800x534.jpg 800w, https:\/\/www.lichen.pl\/wp-content\/uploads\/2021\/08\/Uroczystosc-Wniebowziecia-NMP-15-sierpnia-2021-r.-55-300x200.jpg 300w, https:\/\/www.lichen.pl\/wp-content\/uploads\/2021\/08\/Uroczystosc-Wniebowziecia-NMP-15-sierpnia-2021-r.-55-768x512.jpg 768w, https:\/\/www.lichen.pl\/wp-content\/uploads\/2021\/08\/Uroczystosc-Wniebowziecia-NMP-15-sierpnia-2021-r.-55.jpg 1333w\" sizes=\"(max-width: 1024px) 100vw, 1024px\" \/>\t\t\t\t\t\t\t\t\t\t\t\t\t\t\t<\/div>\n\t\t\t\t<\/div>\n\t\t\t\t\t<\/div>\n\t\t<\/div>\n\t\t\t\t<div class=\"elementor-column elementor-col-33 elementor-inner-column elementor-element elementor-element-95992a5\" data-id=\"95992a5\" data-element_type=\"column\" data-e-type=\"column\">\n\t\t\t<div class=\"elementor-widget-wrap elementor-element-populated\">\n\t\t\t\t\t\t<div class=\"elementor-element elementor-element-19367bc elementor-widget elementor-widget-image\" data-id=\"19367bc\" data-element_type=\"widget\" data-e-type=\"widget\" data-widget_type=\"image.default\">\n\t\t\t\t<div class=\"elementor-widget-container\">\n\t\t\t\t\t\t\t\t\t\t\t\t\t\t\t<img loading=\"lazy\" decoding=\"async\" width=\"768\" height=\"1153\" src=\"https:\/\/www.lichen.pl\/wp-content\/uploads\/2021\/08\/Uroczystosc-Wniebowziecia-NMP-15-sierpnia-2021-r.-60-768x1153.jpg\" class=\"attachment-medium_large size-medium_large wp-image-28362\" alt=\"\" srcset=\"https:\/\/www.lichen.pl\/wp-content\/uploads\/2021\/08\/Uroczystosc-Wniebowziecia-NMP-15-sierpnia-2021-r.-60-768x1153.jpg 768w, https:\/\/www.lichen.pl\/wp-content\/uploads\/2021\/08\/Uroczystosc-Wniebowziecia-NMP-15-sierpnia-2021-r.-60-800x1202.jpg 800w, https:\/\/www.lichen.pl\/wp-content\/uploads\/2021\/08\/Uroczystosc-Wniebowziecia-NMP-15-sierpnia-2021-r.-60-200x300.jpg 200w, https:\/\/www.lichen.pl\/wp-content\/uploads\/2021\/08\/Uroczystosc-Wniebowziecia-NMP-15-sierpnia-2021-r.-60-682x1024.jpg 682w, https:\/\/www.lichen.pl\/wp-content\/uploads\/2021\/08\/Uroczystosc-Wniebowziecia-NMP-15-sierpnia-2021-r.-60-1023x1536.jpg 1023w, https:\/\/www.lichen.pl\/wp-content\/uploads\/2021\/08\/Uroczystosc-Wniebowziecia-NMP-15-sierpnia-2021-r.-60.jpg 852w\" sizes=\"(max-width: 768px) 100vw, 768px\" \/>\t\t\t\t\t\t\t\t\t\t\t\t\t\t\t<\/div>\n\t\t\t\t<\/div>\n\t\t\t\t\t<\/div>\n\t\t<\/div>\n\t\t\t\t\t<\/div>\n\t\t<\/section>\n\t\t\t\t<div class=\"elementor-element elementor-element-ef46cdf elementor-widget elementor-widget-text-editor\" data-id=\"ef46cdf\" data-element_type=\"widget\" data-e-type=\"widget\" data-widget_type=\"text-editor.default\">\n\t\t\t\t<div class=\"elementor-widget-container\">\n\t\t\t\t\t\t\t\t\t<p style=\"text-align: center;\">Die eucharistische Prozession vor der Basilika zieht jedes Jahr Scharen von Gl\u00e4ubigen an<\/p>\t\t\t\t\t\t\t\t<\/div>\n\t\t\t\t<\/div>\n\t\t\t\t<div class=\"elementor-element elementor-element-cef1a7a elementor-widget elementor-widget-text-editor\" data-id=\"cef1a7a\" data-element_type=\"widget\" data-e-type=\"widget\" data-widget_type=\"text-editor.default\">\n\t\t\t\t<div class=\"elementor-widget-container\">\n\t\t\t\t\t\t\t\t\t<p>\u201eWenn man Ihr Gebet h\u00f6rt, ist es unm\u00f6glich, nicht an Gott zu denken, dass er alles gut und sch\u00f6n gemacht hat. F\u00fchlen Sie sich in diesem Abendmahlssaal von Gott selbst empfangen, der jedem von uns den Heiligen Geist vermitteln m\u00f6chte\u201c, sagte P. Nowaczek. \u201eDieser Ort erfreut sich der Pr\u00e4senz des Bildes der traurigen K\u00f6nigin von Polen. Maria tr\u00e4gt in sich etwas, was Gott ruft und was die Kirche als das ewige Wort angenommen hat. Jesus Christus, der Satan und S\u00fcnde zerst\u00f6rt, den Tod zerst\u00f6rt, uns Leben und eine himmlische Perspektive gibt. Er ist ein Begleiter in der Kraft des Heiligen Geistes in unserem t\u00e4glichen Leben, von morgens bis abends und so jeden Tag\u201c.<br \/>Der marianische Provinzial stellte fest, dass viele von uns keinen Vorteil daraus ziehen wollen: \u201eWir sind zu Menschen geworden, die leichte Gef\u00fchle haben und nur schwer die Wahrheit suchen, anstatt das Wort zu suchen, das Verst\u00e4ndnis und Annahme verlangt.\u201c Er ermutigte uns, das Wort in uns selbst zu verteidigen, uns zu bem\u00fchen, wie Maria, die in die W\u00fcste floh, um bei Jesus zu sein: \u201eDeshalb sind wir hier, um bei ihm zu sein und das Wort der Wahrheit zu empfangen, das mich best\u00e4tigt. Im Herzen Marias in der W\u00fcste und derer, die beten, wird eine Lebensbejahung geboren. Aus einem von Gottes Gegenwart geformten Herzen kommt die Hymne: \u201aMeine Seele erhebt den Herrn\u2018.\u201c<br \/>\u201eGott ist der Herr der Geschichte. Wenn wir ihn vergessen, endet unsere Geschichte. Der eigentliche Bezug zum Anderen, zum N\u00e4chsten, wird enden. Unsere Kultur, die \u00c4ra, wird enden und in die Dunkelheit von Stolz, Gier, Unreinheit, Faulheit, V\u00f6llerei, Eifersucht und Wut gest\u00fcrzt werden. Gott will das nicht. Er hat f\u00fcr uns einen Blumenstrau\u00df seiner Sch\u00f6pfung vorbereitet, und unter diesem Blumenstrau\u00df - einer Krone - ein Mann, du und ich \u201c, sagte P. Nowaczek.<br \/>Bei der Mittagsmesse wurde gebetet, dass wir uns vertrauensvoll dem Schutz Marias anvertrauen und f\u00fcr die Treue auf polnischem Boden sorgen. W\u00e4hrend sie die glorreiche Himmelfahrt der Muttergottes betrachteten, erinnerten sich die Versammelten an den Ruf zur Ewigkeit.<br \/>\u201eWenn wir uns die geografische Karte unseres Heimatlandes ansehen, sehen wir Flechten im Herzen Polens. Wenn wir das Bild Unserer Lieben Frau von Liche\u0144 mit dem Adler auf ihrer Brust betrachten, sehen wir Polen im Herzen Marias \u201c, bemerkte P. Janusz Kumala, MIC, der Kurator des Heiligtums, erinnert an das vor 54 Jahren, Kardinal Stefan Wyszy\u0144ski sagte w\u00e4hrend der Kr\u00f6nung des Flechtenbildes, dass dies das Programm f\u00fcr die Zukunft sei. \u201eMaria umarmt unser Heimatland, uns alle, ans Herz, in dem Jesus ist. Wir sind sicher, weil wir bei Jesus sind \u201c- betonte der Kurator. <br \/>Am Ende der Liturgie fand vor der Basilika eine eucharistische Prozession statt. Priester, liturgische Assistenten und zahlreiche Gl\u00e4ubige versammelten sich in den Gassen des Heiligtums und dankten der Muttergottes f\u00fcr ihre Anwesenheit im Flechtenbild nach dem Allerheiligsten Sakrament.<br \/>Die Ablassfeierlichkeiten bereicherten das Bl\u00e4serquintett der Wallfahrtskirche und der Chor der Basilika Liche\u0144 \u201eStabat Mater\u201c unter der Leitung von Jacek Hy\u017cny, dem Organisten der Basilika, zusammen mit dem Korrepetitor Micha\u0142 Botor.<\/p>\t\t\t\t\t\t\t\t<\/div>\n\t\t\t\t<\/div>\n\t\t\t\t<div class=\"elementor-element elementor-element-e5b4591 elementor-widget-divider--view-line_icon elementor-view-default elementor-widget-divider--element-align-center elementor-widget elementor-widget-divider\" data-id=\"e5b4591\" data-element_type=\"widget\" data-e-type=\"widget\" data-widget_type=\"divider.default\">\n\t\t\t\t<div class=\"elementor-widget-container\">\n\t\t\t\t\t\t\t<div class=\"elementor-divider\">\n\t\t\t<span class=\"elementor-divider-separator\">\n\t\t\t\t\t\t\t<div class=\"elementor-icon elementor-divider__element\">\n\t\t\t\t\t<i aria-hidden=\"true\" class=\"fas fa-camera\"><\/i><\/div>\n\t\t\t\t\t\t<\/span>\n\t\t<\/div>\n\t\t\t\t\t\t<\/div>\n\t\t\t\t<\/div>\n\t\t\t\t<div class=\"elementor-element elementor-element-31a4dd4 elementor-widget elementor-widget-gallery\" data-id=\"31a4dd4\" data-element_type=\"widget\" data-e-type=\"widget\" data-settings=\"{&quot;columns&quot;:6,&quot;lazyload&quot;:&quot;yes&quot;,&quot;gallery_layout&quot;:&quot;grid&quot;,&quot;columns_tablet&quot;:2,&quot;columns_mobile&quot;:1,&quot;gap&quot;:{&quot;unit&quot;:&quot;px&quot;,&quot;size&quot;:10,&quot;sizes&quot;:[]},&quot;gap_tablet&quot;:{&quot;unit&quot;:&quot;px&quot;,&quot;size&quot;:10,&quot;sizes&quot;:[]},&quot;gap_mobile&quot;:{&quot;unit&quot;:&quot;px&quot;,&quot;size&quot;:10,&quot;sizes&quot;:[]},&quot;link_to&quot;:&quot;file&quot;,&quot;aspect_ratio&quot;:&quot;3:2&quot;,&quot;overlay_background&quot;:&quot;yes&quot;,&quot;content_hover_animation&quot;:&quot;fade-in&quot;}\" data-widget_type=\"gallery.default\">\n\t\t\t\t<div class=\"elementor-widget-container\">\n\t\t\t\t\t\t\t<div class=\"elementor-gallery__container\">\n\t\t\t\t\t\t\t<a class=\"e-gallery-item elementor-gallery-item elementor-animated-content\" href=\"https:\/\/www.lichen.pl\/wp-content\/uploads\/2021\/08\/Uroczystosc-Wniebowziecia-NMP-15-sierpnia-2021-r.-1.jpg\" data-elementor-open-lightbox=\"yes\" data-elementor-lightbox-slideshow=\"31a4dd4\" data-elementor-lightbox-title=\"Uroczysto\u015b\u0107 Wniebowzi\u0119cia NMP, 15 sierpnia 2021 r. 1\" data-e-action-hash=\"#elementor-action%3Aaction%3Dlightbox%26settings%3DeyJpZCI6MjgwNjcsInVybCI6Imh0dHBzOlwvXC93d3cubGljaGVuLnBsXC93cC1jb250ZW50XC91cGxvYWRzXC8yMDIxXC8wOFwvVXJvY3p5c3Rvc2MtV25pZWJvd3ppZWNpYS1OTVAtMTUtc2llcnBuaWEtMjAyMS1yLi0xLmpwZyIsInNsaWRlc2hvdyI6IjMxYTRkZDQifQ%3D%3D\">\n\t\t\t\t\t<div class=\"e-gallery-image elementor-gallery-item__image\" data-thumbnail=\"https:\/\/www.lichen.pl\/wp-content\/uploads\/2021\/08\/Uroczystosc-Wniebowziecia-NMP-15-sierpnia-2021-r.-1-300x200.jpg\" data-width=\"300\" data-height=\"200\" aria-label=\"\" role=\"img\" ><\/div>\n\t\t\t\t\t\t\t\t\t\t\t<div class=\"elementor-gallery-item__overlay\"><\/div>\n\t\t\t\t\t\t\t\t\t\t\t\t\t\t<\/a>\n\t\t\t\t\t\t\t<a class=\"e-gallery-item elementor-gallery-item elementor-animated-content\" href=\"https:\/\/www.lichen.pl\/wp-content\/uploads\/2021\/08\/Uroczystosc-Wniebowziecia-NMP-15-sierpnia-2021-r.-4.jpg\" data-elementor-open-lightbox=\"yes\" data-elementor-lightbox-slideshow=\"31a4dd4\" data-elementor-lightbox-title=\"Uroczysto\u015b\u0107 Wniebowzi\u0119cia NMP, 15 sierpnia 2021 r. 4\" data-e-action-hash=\"#elementor-action%3Aaction%3Dlightbox%26settings%3DeyJpZCI6MjgwODIsInVybCI6Imh0dHBzOlwvXC93d3cubGljaGVuLnBsXC93cC1jb250ZW50XC91cGxvYWRzXC8yMDIxXC8wOFwvVXJvY3p5c3Rvc2MtV25pZWJvd3ppZWNpYS1OTVAtMTUtc2llcnBuaWEtMjAyMS1yLi00LmpwZyIsInNsaWRlc2hvdyI6IjMxYTRkZDQifQ%3D%3D\">\n\t\t\t\t\t<div class=\"e-gallery-image elementor-gallery-item__image\" data-thumbnail=\"https:\/\/www.lichen.pl\/wp-content\/uploads\/2021\/08\/Uroczystosc-Wniebowziecia-NMP-15-sierpnia-2021-r.-4-300x200.jpg\" data-width=\"300\" data-height=\"200\" aria-label=\"\" role=\"img\" ><\/div>\n\t\t\t\t\t\t\t\t\t\t\t<div class=\"elementor-gallery-item__overlay\"><\/div>\n\t\t\t\t\t\t\t\t\t\t\t\t\t\t<\/a>\n\t\t\t\t\t\t\t<a class=\"e-gallery-item elementor-gallery-item elementor-animated-content\" href=\"https:\/\/www.lichen.pl\/wp-content\/uploads\/2021\/08\/Uroczystosc-Wniebowziecia-NMP-15-sierpnia-2021-r.-10.jpg\" data-elementor-open-lightbox=\"yes\" data-elementor-lightbox-slideshow=\"31a4dd4\" data-elementor-lightbox-title=\"Uroczysto\u015b\u0107 Wniebowzi\u0119cia NMP, 15 sierpnia 2021 r. 10\" data-e-action-hash=\"#elementor-action%3Aaction%3Dlightbox%26settings%3DeyJpZCI6MjgxMTIsInVybCI6Imh0dHBzOlwvXC93d3cubGljaGVuLnBsXC93cC1jb250ZW50XC91cGxvYWRzXC8yMDIxXC8wOFwvVXJvY3p5c3Rvc2MtV25pZWJvd3ppZWNpYS1OTVAtMTUtc2llcnBuaWEtMjAyMS1yLi0xMC5qcGciLCJzbGlkZXNob3ciOiIzMWE0ZGQ0In0%3D\">\n\t\t\t\t\t<div class=\"e-gallery-image elementor-gallery-item__image\" data-thumbnail=\"https:\/\/www.lichen.pl\/wp-content\/uploads\/2021\/08\/Uroczystosc-Wniebowziecia-NMP-15-sierpnia-2021-r.-10-300x200.jpg\" data-width=\"300\" data-height=\"200\" aria-label=\"\" role=\"img\" ><\/div>\n\t\t\t\t\t\t\t\t\t\t\t<div class=\"elementor-gallery-item__overlay\"><\/div>\n\t\t\t\t\t\t\t\t\t\t\t\t\t\t<\/a>\n\t\t\t\t\t\t\t<a class=\"e-gallery-item elementor-gallery-item elementor-animated-content\" href=\"https:\/\/www.lichen.pl\/wp-content\/uploads\/2021\/08\/Uroczystosc-Wniebowziecia-NMP-15-sierpnia-2021-r.-11.jpg\" data-elementor-open-lightbox=\"yes\" data-elementor-lightbox-slideshow=\"31a4dd4\" data-elementor-lightbox-title=\"Uroczysto\u015b\u0107 Wniebowzi\u0119cia NMP, 15 sierpnia 2021 r. 11\" data-e-action-hash=\"#elementor-action%3Aaction%3Dlightbox%26settings%3DeyJpZCI6MjgxMTcsInVybCI6Imh0dHBzOlwvXC93d3cubGljaGVuLnBsXC93cC1jb250ZW50XC91cGxvYWRzXC8yMDIxXC8wOFwvVXJvY3p5c3Rvc2MtV25pZWJvd3ppZWNpYS1OTVAtMTUtc2llcnBuaWEtMjAyMS1yLi0xMS5qcGciLCJzbGlkZXNob3ciOiIzMWE0ZGQ0In0%3D\">\n\t\t\t\t\t<div class=\"e-gallery-image elementor-gallery-item__image\" data-thumbnail=\"https:\/\/www.lichen.pl\/wp-content\/uploads\/2021\/08\/Uroczystosc-Wniebowziecia-NMP-15-sierpnia-2021-r.-11-300x200.jpg\" data-width=\"300\" data-height=\"200\" aria-label=\"\" role=\"img\" ><\/div>\n\t\t\t\t\t\t\t\t\t\t\t<div class=\"elementor-gallery-item__overlay\"><\/div>\n\t\t\t\t\t\t\t\t\t\t\t\t\t\t<\/a>\n\t\t\t\t\t\t\t<a class=\"e-gallery-item elementor-gallery-item elementor-animated-content\" href=\"https:\/\/www.lichen.pl\/wp-content\/uploads\/2021\/08\/Uroczystosc-Wniebowziecia-NMP-15-sierpnia-2021-r.-25.jpg\" data-elementor-open-lightbox=\"yes\" data-elementor-lightbox-slideshow=\"31a4dd4\" data-elementor-lightbox-title=\"Uroczysto\u015b\u0107 Wniebowzi\u0119cia NMP, 15 sierpnia 2021 r. 25\" data-e-action-hash=\"#elementor-action%3Aaction%3Dlightbox%26settings%3DeyJpZCI6MjgxODcsInVybCI6Imh0dHBzOlwvXC93d3cubGljaGVuLnBsXC93cC1jb250ZW50XC91cGxvYWRzXC8yMDIxXC8wOFwvVXJvY3p5c3Rvc2MtV25pZWJvd3ppZWNpYS1OTVAtMTUtc2llcnBuaWEtMjAyMS1yLi0yNS5qcGciLCJzbGlkZXNob3ciOiIzMWE0ZGQ0In0%3D\">\n\t\t\t\t\t<div class=\"e-gallery-image elementor-gallery-item__image\" data-thumbnail=\"https:\/\/www.lichen.pl\/wp-content\/uploads\/2021\/08\/Uroczystosc-Wniebowziecia-NMP-15-sierpnia-2021-r.-25-200x300.jpg\" data-width=\"200\" data-height=\"300\" aria-label=\"\" role=\"img\" ><\/div>\n\t\t\t\t\t\t\t\t\t\t\t<div class=\"elementor-gallery-item__overlay\"><\/div>\n\t\t\t\t\t\t\t\t\t\t\t\t\t\t<\/a>\n\t\t\t\t\t\t\t<a class=\"e-gallery-item elementor-gallery-item elementor-animated-content\" href=\"https:\/\/www.lichen.pl\/wp-content\/uploads\/2021\/08\/Uroczystosc-Wniebowziecia-NMP-15-sierpnia-2021-r.-23.jpg\" data-elementor-open-lightbox=\"yes\" data-elementor-lightbox-slideshow=\"31a4dd4\" data-elementor-lightbox-title=\"Uroczysto\u015b\u0107 Wniebowzi\u0119cia NMP, 15 sierpnia 2021 r. 23\" data-e-action-hash=\"#elementor-action%3Aaction%3Dlightbox%26settings%3DeyJpZCI6MjgxNzcsInVybCI6Imh0dHBzOlwvXC93d3cubGljaGVuLnBsXC93cC1jb250ZW50XC91cGxvYWRzXC8yMDIxXC8wOFwvVXJvY3p5c3Rvc2MtV25pZWJvd3ppZWNpYS1OTVAtMTUtc2llcnBuaWEtMjAyMS1yLi0yMy5qcGciLCJzbGlkZXNob3ciOiIzMWE0ZGQ0In0%3D\">\n\t\t\t\t\t<div class=\"e-gallery-image elementor-gallery-item__image\" data-thumbnail=\"https:\/\/www.lichen.pl\/wp-content\/uploads\/2021\/08\/Uroczystosc-Wniebowziecia-NMP-15-sierpnia-2021-r.-23-300x200.jpg\" data-width=\"300\" data-height=\"200\" aria-label=\"\" role=\"img\" ><\/div>\n\t\t\t\t\t\t\t\t\t\t\t<div class=\"elementor-gallery-item__overlay\"><\/div>\n\t\t\t\t\t\t\t\t\t\t\t\t\t\t<\/a>\n\t\t\t\t\t\t\t<a class=\"e-gallery-item elementor-gallery-item elementor-animated-content\" href=\"https:\/\/www.lichen.pl\/wp-content\/uploads\/2021\/08\/Uroczystosc-Wniebowziecia-NMP-15-sierpnia-2021-r.-37.jpg\" data-elementor-open-lightbox=\"yes\" data-elementor-lightbox-slideshow=\"31a4dd4\" data-elementor-lightbox-title=\"Uroczysto\u015b\u0107 Wniebowzi\u0119cia NMP, 15 sierpnia 2021 r. 37\" data-e-action-hash=\"#elementor-action%3Aaction%3Dlightbox%26settings%3DeyJpZCI6MjgyNDcsInVybCI6Imh0dHBzOlwvXC93d3cubGljaGVuLnBsXC93cC1jb250ZW50XC91cGxvYWRzXC8yMDIxXC8wOFwvVXJvY3p5c3Rvc2MtV25pZWJvd3ppZWNpYS1OTVAtMTUtc2llcnBuaWEtMjAyMS1yLi0zNy5qcGciLCJzbGlkZXNob3ciOiIzMWE0ZGQ0In0%3D\">\n\t\t\t\t\t<div class=\"e-gallery-image elementor-gallery-item__image\" data-thumbnail=\"https:\/\/www.lichen.pl\/wp-content\/uploads\/2021\/08\/Uroczystosc-Wniebowziecia-NMP-15-sierpnia-2021-r.-37-300x200.jpg\" data-width=\"300\" data-height=\"200\" aria-label=\"\" role=\"img\" ><\/div>\n\t\t\t\t\t\t\t\t\t\t\t<div class=\"elementor-gallery-item__overlay\"><\/div>\n\t\t\t\t\t\t\t\t\t\t\t\t\t\t<\/a>\n\t\t\t\t\t\t\t<a class=\"e-gallery-item elementor-gallery-item elementor-animated-content\" href=\"https:\/\/www.lichen.pl\/wp-content\/uploads\/2021\/08\/Uroczystosc-Wniebowziecia-NMP-15-sierpnia-2021-r.-43.jpg\" data-elementor-open-lightbox=\"yes\" data-elementor-lightbox-slideshow=\"31a4dd4\" data-elementor-lightbox-title=\"Uroczysto\u015b\u0107 Wniebowzi\u0119cia NMP, 15 sierpnia 2021 r. 43\" data-e-action-hash=\"#elementor-action%3Aaction%3Dlightbox%26settings%3DeyJpZCI6MjgyNzcsInVybCI6Imh0dHBzOlwvXC93d3cubGljaGVuLnBsXC93cC1jb250ZW50XC91cGxvYWRzXC8yMDIxXC8wOFwvVXJvY3p5c3Rvc2MtV25pZWJvd3ppZWNpYS1OTVAtMTUtc2llcnBuaWEtMjAyMS1yLi00My5qcGciLCJzbGlkZXNob3ciOiIzMWE0ZGQ0In0%3D\">\n\t\t\t\t\t<div class=\"e-gallery-image elementor-gallery-item__image\" data-thumbnail=\"https:\/\/www.lichen.pl\/wp-content\/uploads\/2021\/08\/Uroczystosc-Wniebowziecia-NMP-15-sierpnia-2021-r.-43-200x300.jpg\" data-width=\"200\" data-height=\"300\" aria-label=\"\" role=\"img\" ><\/div>\n\t\t\t\t\t\t\t\t\t\t\t<div class=\"elementor-gallery-item__overlay\"><\/div>\n\t\t\t\t\t\t\t\t\t\t\t\t\t\t<\/a>\n\t\t\t\t\t\t\t<a class=\"e-gallery-item elementor-gallery-item elementor-animated-content\" href=\"https:\/\/www.lichen.pl\/wp-content\/uploads\/2021\/08\/Uroczystosc-Wniebowziecia-NMP-15-sierpnia-2021-r.-44.jpg\" data-elementor-open-lightbox=\"yes\" data-elementor-lightbox-slideshow=\"31a4dd4\" data-elementor-lightbox-title=\"Uroczysto\u015b\u0107 Wniebowzi\u0119cia NMP, 15 sierpnia 2021 r. 44\" data-e-action-hash=\"#elementor-action%3Aaction%3Dlightbox%26settings%3DeyJpZCI6MjgyODIsInVybCI6Imh0dHBzOlwvXC93d3cubGljaGVuLnBsXC93cC1jb250ZW50XC91cGxvYWRzXC8yMDIxXC8wOFwvVXJvY3p5c3Rvc2MtV25pZWJvd3ppZWNpYS1OTVAtMTUtc2llcnBuaWEtMjAyMS1yLi00NC5qcGciLCJzbGlkZXNob3ciOiIzMWE0ZGQ0In0%3D\">\n\t\t\t\t\t<div class=\"e-gallery-image elementor-gallery-item__image\" data-thumbnail=\"https:\/\/www.lichen.pl\/wp-content\/uploads\/2021\/08\/Uroczystosc-Wniebowziecia-NMP-15-sierpnia-2021-r.-44-200x300.jpg\" data-width=\"200\" data-height=\"300\" aria-label=\"\" role=\"img\" ><\/div>\n\t\t\t\t\t\t\t\t\t\t\t<div class=\"elementor-gallery-item__overlay\"><\/div>\n\t\t\t\t\t\t\t\t\t\t\t\t\t\t<\/a>\n\t\t\t\t\t\t\t<a class=\"e-gallery-item elementor-gallery-item elementor-animated-content\" href=\"https:\/\/www.lichen.pl\/wp-content\/uploads\/2021\/08\/Uroczystosc-Wniebowziecia-NMP-15-sierpnia-2021-r.-47.jpg\" data-elementor-open-lightbox=\"yes\" data-elementor-lightbox-slideshow=\"31a4dd4\" data-elementor-lightbox-title=\"Uroczysto\u015b\u0107 Wniebowzi\u0119cia NMP, 15 sierpnia 2021 r. 47\" data-e-action-hash=\"#elementor-action%3Aaction%3Dlightbox%26settings%3DeyJpZCI6MjgyOTcsInVybCI6Imh0dHBzOlwvXC93d3cubGljaGVuLnBsXC93cC1jb250ZW50XC91cGxvYWRzXC8yMDIxXC8wOFwvVXJvY3p5c3Rvc2MtV25pZWJvd3ppZWNpYS1OTVAtMTUtc2llcnBuaWEtMjAyMS1yLi00Ny5qcGciLCJzbGlkZXNob3ciOiIzMWE0ZGQ0In0%3D\">\n\t\t\t\t\t<div class=\"e-gallery-image elementor-gallery-item__image\" data-thumbnail=\"https:\/\/www.lichen.pl\/wp-content\/uploads\/2021\/08\/Uroczystosc-Wniebowziecia-NMP-15-sierpnia-2021-r.-47-300x200.jpg\" data-width=\"300\" data-height=\"200\" aria-label=\"\" role=\"img\" ><\/div>\n\t\t\t\t\t\t\t\t\t\t\t<div class=\"elementor-gallery-item__overlay\"><\/div>\n\t\t\t\t\t\t\t\t\t\t\t\t\t\t<\/a>\n\t\t\t\t\t\t\t<a class=\"e-gallery-item elementor-gallery-item elementor-animated-content\" href=\"https:\/\/www.lichen.pl\/wp-content\/uploads\/2021\/08\/Uroczystosc-Wniebowziecia-NMP-15-sierpnia-2021-r.-48.jpg\" data-elementor-open-lightbox=\"yes\" data-elementor-lightbox-slideshow=\"31a4dd4\" data-elementor-lightbox-title=\"Uroczysto\u015b\u0107 Wniebowzi\u0119cia NMP, 15 sierpnia 2021 r. 48\" data-e-action-hash=\"#elementor-action%3Aaction%3Dlightbox%26settings%3DeyJpZCI6MjgzMDIsInVybCI6Imh0dHBzOlwvXC93d3cubGljaGVuLnBsXC93cC1jb250ZW50XC91cGxvYWRzXC8yMDIxXC8wOFwvVXJvY3p5c3Rvc2MtV25pZWJvd3ppZWNpYS1OTVAtMTUtc2llcnBuaWEtMjAyMS1yLi00OC5qcGciLCJzbGlkZXNob3ciOiIzMWE0ZGQ0In0%3D\">\n\t\t\t\t\t<div class=\"e-gallery-image elementor-gallery-item__image\" data-thumbnail=\"https:\/\/www.lichen.pl\/wp-content\/uploads\/2021\/08\/Uroczystosc-Wniebowziecia-NMP-15-sierpnia-2021-r.-48-300x200.jpg\" data-width=\"300\" data-height=\"200\" aria-label=\"\" role=\"img\" ><\/div>\n\t\t\t\t\t\t\t\t\t\t\t<div class=\"elementor-gallery-item__overlay\"><\/div>\n\t\t\t\t\t\t\t\t\t\t\t\t\t\t<\/a>\n\t\t\t\t\t\t\t<a class=\"e-gallery-item elementor-gallery-item elementor-animated-content\" href=\"https:\/\/www.lichen.pl\/wp-content\/uploads\/2021\/08\/Uroczystosc-Wniebowziecia-NMP-15-sierpnia-2021-r.-50.jpg\" data-elementor-open-lightbox=\"yes\" data-elementor-lightbox-slideshow=\"31a4dd4\" data-elementor-lightbox-title=\"Uroczysto\u015b\u0107 Wniebowzi\u0119cia NMP, 15 sierpnia 2021 r. 50\" data-e-action-hash=\"#elementor-action%3Aaction%3Dlightbox%26settings%3DeyJpZCI6MjgzMTIsInVybCI6Imh0dHBzOlwvXC93d3cubGljaGVuLnBsXC93cC1jb250ZW50XC91cGxvYWRzXC8yMDIxXC8wOFwvVXJvY3p5c3Rvc2MtV25pZWJvd3ppZWNpYS1OTVAtMTUtc2llcnBuaWEtMjAyMS1yLi01MC5qcGciLCJzbGlkZXNob3ciOiIzMWE0ZGQ0In0%3D\">\n\t\t\t\t\t<div class=\"e-gallery-image elementor-gallery-item__image\" data-thumbnail=\"https:\/\/www.lichen.pl\/wp-content\/uploads\/2021\/08\/Uroczystosc-Wniebowziecia-NMP-15-sierpnia-2021-r.-50-300x200.jpg\" data-width=\"300\" data-height=\"200\" aria-label=\"\" role=\"img\" ><\/div>\n\t\t\t\t\t\t\t\t\t\t\t<div class=\"elementor-gallery-item__overlay\"><\/div>\n\t\t\t\t\t\t\t\t\t\t\t\t\t\t<\/a>\n\t\t\t\t\t\t\t<a class=\"e-gallery-item elementor-gallery-item elementor-animated-content\" href=\"https:\/\/www.lichen.pl\/wp-content\/uploads\/2021\/08\/Uroczystosc-Wniebowziecia-NMP-15-sierpnia-2021-r.-51.jpg\" data-elementor-open-lightbox=\"yes\" data-elementor-lightbox-slideshow=\"31a4dd4\" data-elementor-lightbox-title=\"Uroczysto\u015b\u0107 Wniebowzi\u0119cia NMP, 15 sierpnia 2021 r. 51\" data-e-action-hash=\"#elementor-action%3Aaction%3Dlightbox%26settings%3DeyJpZCI6MjgzMTcsInVybCI6Imh0dHBzOlwvXC93d3cubGljaGVuLnBsXC93cC1jb250ZW50XC91cGxvYWRzXC8yMDIxXC8wOFwvVXJvY3p5c3Rvc2MtV25pZWJvd3ppZWNpYS1OTVAtMTUtc2llcnBuaWEtMjAyMS1yLi01MS5qcGciLCJzbGlkZXNob3ciOiIzMWE0ZGQ0In0%3D\">\n\t\t\t\t\t<div class=\"e-gallery-image elementor-gallery-item__image\" data-thumbnail=\"https:\/\/www.lichen.pl\/wp-content\/uploads\/2021\/08\/Uroczystosc-Wniebowziecia-NMP-15-sierpnia-2021-r.-51-300x200.jpg\" data-width=\"300\" data-height=\"200\" aria-label=\"\" role=\"img\" ><\/div>\n\t\t\t\t\t\t\t\t\t\t\t<div class=\"elementor-gallery-item__overlay\"><\/div>\n\t\t\t\t\t\t\t\t\t\t\t\t\t\t<\/a>\n\t\t\t\t\t\t\t<a class=\"e-gallery-item elementor-gallery-item elementor-animated-content\" href=\"https:\/\/www.lichen.pl\/wp-content\/uploads\/2021\/08\/Uroczystosc-Wniebowziecia-NMP-15-sierpnia-2021-r.-52.jpg\" data-elementor-open-lightbox=\"yes\" data-elementor-lightbox-slideshow=\"31a4dd4\" data-elementor-lightbox-title=\"Uroczysto\u015b\u0107 Wniebowzi\u0119cia NMP, 15 sierpnia 2021 r. 52\" data-e-action-hash=\"#elementor-action%3Aaction%3Dlightbox%26settings%3DeyJpZCI6MjgzMjIsInVybCI6Imh0dHBzOlwvXC93d3cubGljaGVuLnBsXC93cC1jb250ZW50XC91cGxvYWRzXC8yMDIxXC8wOFwvVXJvY3p5c3Rvc2MtV25pZWJvd3ppZWNpYS1OTVAtMTUtc2llcnBuaWEtMjAyMS1yLi01Mi5qcGciLCJzbGlkZXNob3ciOiIzMWE0ZGQ0In0%3D\">\n\t\t\t\t\t<div class=\"e-gallery-image elementor-gallery-item__image\" data-thumbnail=\"https:\/\/www.lichen.pl\/wp-content\/uploads\/2021\/08\/Uroczystosc-Wniebowziecia-NMP-15-sierpnia-2021-r.-52-200x300.jpg\" data-width=\"200\" data-height=\"300\" aria-label=\"\" role=\"img\" ><\/div>\n\t\t\t\t\t\t\t\t\t\t\t<div class=\"elementor-gallery-item__overlay\"><\/div>\n\t\t\t\t\t\t\t\t\t\t\t\t\t\t<\/a>\n\t\t\t\t\t\t\t<a class=\"e-gallery-item elementor-gallery-item elementor-animated-content\" href=\"https:\/\/www.lichen.pl\/wp-content\/uploads\/2021\/08\/Uroczystosc-Wniebowziecia-NMP-15-sierpnia-2021-r.-55.jpg\" data-elementor-open-lightbox=\"yes\" data-elementor-lightbox-slideshow=\"31a4dd4\" data-elementor-lightbox-title=\"Uroczysto\u015b\u0107 Wniebowzi\u0119cia NMP, 15 sierpnia 2021 r. 55\" data-e-action-hash=\"#elementor-action%3Aaction%3Dlightbox%26settings%3DeyJpZCI6MjgzMzcsInVybCI6Imh0dHBzOlwvXC93d3cubGljaGVuLnBsXC93cC1jb250ZW50XC91cGxvYWRzXC8yMDIxXC8wOFwvVXJvY3p5c3Rvc2MtV25pZWJvd3ppZWNpYS1OTVAtMTUtc2llcnBuaWEtMjAyMS1yLi01NS5qcGciLCJzbGlkZXNob3ciOiIzMWE0ZGQ0In0%3D\">\n\t\t\t\t\t<div class=\"e-gallery-image elementor-gallery-item__image\" data-thumbnail=\"https:\/\/www.lichen.pl\/wp-content\/uploads\/2021\/08\/Uroczystosc-Wniebowziecia-NMP-15-sierpnia-2021-r.-55-300x200.jpg\" data-width=\"300\" data-height=\"200\" aria-label=\"\" role=\"img\" ><\/div>\n\t\t\t\t\t\t\t\t\t\t\t<div class=\"elementor-gallery-item__overlay\"><\/div>\n\t\t\t\t\t\t\t\t\t\t\t\t\t\t<\/a>\n\t\t\t\t\t\t\t<a class=\"e-gallery-item elementor-gallery-item elementor-animated-content\" href=\"https:\/\/www.lichen.pl\/wp-content\/uploads\/2021\/08\/Uroczystosc-Wniebowziecia-NMP-15-sierpnia-2021-r.-56.jpg\" data-elementor-open-lightbox=\"yes\" data-elementor-lightbox-slideshow=\"31a4dd4\" data-elementor-lightbox-title=\"Uroczysto\u015b\u0107 Wniebowzi\u0119cia NMP, 15 sierpnia 2021 r. 56\" data-e-action-hash=\"#elementor-action%3Aaction%3Dlightbox%26settings%3DeyJpZCI6MjgzNDIsInVybCI6Imh0dHBzOlwvXC93d3cubGljaGVuLnBsXC93cC1jb250ZW50XC91cGxvYWRzXC8yMDIxXC8wOFwvVXJvY3p5c3Rvc2MtV25pZWJvd3ppZWNpYS1OTVAtMTUtc2llcnBuaWEtMjAyMS1yLi01Ni5qcGciLCJzbGlkZXNob3ciOiIzMWE0ZGQ0In0%3D\">\n\t\t\t\t\t<div class=\"e-gallery-image elementor-gallery-item__image\" data-thumbnail=\"https:\/\/www.lichen.pl\/wp-content\/uploads\/2021\/08\/Uroczystosc-Wniebowziecia-NMP-15-sierpnia-2021-r.-56-300x200.jpg\" data-width=\"300\" data-height=\"200\" aria-label=\"\" role=\"img\" ><\/div>\n\t\t\t\t\t\t\t\t\t\t\t<div class=\"elementor-gallery-item__overlay\"><\/div>\n\t\t\t\t\t\t\t\t\t\t\t\t\t\t<\/a>\n\t\t\t\t\t\t\t<a class=\"e-gallery-item elementor-gallery-item elementor-animated-content\" href=\"https:\/\/www.lichen.pl\/wp-content\/uploads\/2021\/08\/Uroczystosc-Wniebowziecia-NMP-15-sierpnia-2021-r.-60.jpg\" data-elementor-open-lightbox=\"yes\" data-elementor-lightbox-slideshow=\"31a4dd4\" data-elementor-lightbox-title=\"Uroczysto\u015b\u0107 Wniebowzi\u0119cia NMP, 15 sierpnia 2021 r. 60\" data-e-action-hash=\"#elementor-action%3Aaction%3Dlightbox%26settings%3DeyJpZCI6MjgzNjIsInVybCI6Imh0dHBzOlwvXC93d3cubGljaGVuLnBsXC93cC1jb250ZW50XC91cGxvYWRzXC8yMDIxXC8wOFwvVXJvY3p5c3Rvc2MtV25pZWJvd3ppZWNpYS1OTVAtMTUtc2llcnBuaWEtMjAyMS1yLi02MC5qcGciLCJzbGlkZXNob3ciOiIzMWE0ZGQ0In0%3D\">\n\t\t\t\t\t<div class=\"e-gallery-image elementor-gallery-item__image\" data-thumbnail=\"https:\/\/www.lichen.pl\/wp-content\/uploads\/2021\/08\/Uroczystosc-Wniebowziecia-NMP-15-sierpnia-2021-r.-60-200x300.jpg\" data-width=\"200\" data-height=\"300\" aria-label=\"\" role=\"img\" ><\/div>\n\t\t\t\t\t\t\t\t\t\t\t<div class=\"elementor-gallery-item__overlay\"><\/div>\n\t\t\t\t\t\t\t\t\t\t\t\t\t\t<\/a>\n\t\t\t\t\t\t\t<a class=\"e-gallery-item elementor-gallery-item elementor-animated-content\" href=\"https:\/\/www.lichen.pl\/wp-content\/uploads\/2021\/08\/Uroczystosc-Wniebowziecia-NMP-15-sierpnia-2021-r.-62.jpg\" data-elementor-open-lightbox=\"yes\" data-elementor-lightbox-slideshow=\"31a4dd4\" data-elementor-lightbox-title=\"Uroczysto\u015b\u0107 Wniebowzi\u0119cia NMP, 15 sierpnia 2021 r. 62\" data-e-action-hash=\"#elementor-action%3Aaction%3Dlightbox%26settings%3DeyJpZCI6MjgzNzIsInVybCI6Imh0dHBzOlwvXC93d3cubGljaGVuLnBsXC93cC1jb250ZW50XC91cGxvYWRzXC8yMDIxXC8wOFwvVXJvY3p5c3Rvc2MtV25pZWJvd3ppZWNpYS1OTVAtMTUtc2llcnBuaWEtMjAyMS1yLi02Mi5qcGciLCJzbGlkZXNob3ciOiIzMWE0ZGQ0In0%3D\">\n\t\t\t\t\t<div class=\"e-gallery-image elementor-gallery-item__image\" data-thumbnail=\"https:\/\/www.lichen.pl\/wp-content\/uploads\/2021\/08\/Uroczystosc-Wniebowziecia-NMP-15-sierpnia-2021-r.-62-300x200.jpg\" data-width=\"300\" data-height=\"200\" aria-label=\"\" role=\"img\" ><\/div>\n\t\t\t\t\t\t\t\t\t\t\t<div class=\"elementor-gallery-item__overlay\"><\/div>\n\t\t\t\t\t\t\t\t\t\t\t\t\t\t<\/a>\n\t\t\t\t\t<\/div>\n\t\t\t\t\t<\/div>\n\t\t\t\t<\/div>\n\t\t\t\t<div class=\"elementor-element elementor-element-73a59ec elementor-widget-divider--view-line elementor-widget elementor-widget-divider\" data-id=\"73a59ec\" data-element_type=\"widget\" data-e-type=\"widget\" data-widget_type=\"divider.default\">\n\t\t\t\t<div class=\"elementor-widget-container\">\n\t\t\t\t\t\t\t<div class=\"elementor-divider\">\n\t\t\t<span class=\"elementor-divider-separator\">\n\t\t\t\t\t\t<\/span>\n\t\t<\/div>\n\t\t\t\t\t\t<\/div>\n\t\t\t\t<\/div>\n\t\t\t\t\t<\/div>\n\t\t<\/div>\n\t\t\t\t\t<\/div>\n\t\t<\/section>\n\t\t\t\t<\/div>","protected":false},"excerpt":{"rendered":"<p>Ks. Tomasz Nowaczek MIC, prze\u0142o\u017cony Prowincji Opatrzno\u015bci Bo\u017cej Zgromadzenia Ksi\u0119\u017cy Marian\u00f3w, przewodniczy\u0142 sumie odpustowej w przypadaj\u0105c\u0105 15 sierpnia uroczysto\u015b\u0107 Wniebowzi\u0119cia Naj\u015bwi\u0119tszej Maryi Panny. Cudowny Obraz Matki Bo\u017cej Liche\u0144skiej Patrz\u0119 na wn\u0119trze liche\u0144skiej \u015bwi\u0105tyni wype\u0142nione \u017cywymi kamieniami, kt\u00f3rymi wy jeste\u015bcie i czuj\u0119 jak moje serce zaczyna uznawa\u0107 to miejsce za dom. Miejsce bezpieczne, gdzie cz\u0142owiek czuje [&hellip;]<\/p>\n","protected":false},"author":4,"featured_media":27608,"comment_status":"open","ping_status":"open","sticky":false,"template":"","format":"standard","meta":{"footnotes":""},"categories":[1],"tags":[],"class_list":["post-27589","post","type-post","status-publish","format-standard","has-post-thumbnail","hentry","category-aktualnosci","wpbf-post"],"yoast_head":"<!-- This site is optimized with the Yoast SEO plugin v27.4 - https:\/\/yoast.com\/product\/yoast-seo-wordpress\/ -->\n<title>Uroczysto\u015b\u0107 Wniebowzi\u0119cia Naj\u015bwi\u0119tszej Maryi Panny - SANKTUARIUM W LICHENIU<\/title>\n<meta name=\"robots\" content=\"index, follow, max-snippet:-1, max-image-preview:large, max-video-preview:-1\" \/>\n<link rel=\"canonical\" href=\"http:\/\/www.lichen.pl\/de\/wniebowziecie-nmp-zapowiedz\/\" \/>\n<meta property=\"og:locale\" content=\"de_DE\" \/>\n<meta property=\"og:type\" content=\"article\" \/>\n<meta property=\"og:title\" content=\"Uroczysto\u015b\u0107 Wniebowzi\u0119cia Naj\u015bwi\u0119tszej Maryi Panny - SANKTUARIUM W LICHENIU\" \/>\n<meta property=\"og:description\" content=\"Ks. Tomasz Nowaczek MIC, prze\u0142o\u017cony Prowincji Opatrzno\u015bci Bo\u017cej Zgromadzenia Ksi\u0119\u017cy Marian\u00f3w, przewodniczy\u0142 sumie odpustowej w przypadaj\u0105c\u0105 15 sierpnia uroczysto\u015b\u0107 Wniebowzi\u0119cia Naj\u015bwi\u0119tszej Maryi Panny. Cudowny Obraz Matki Bo\u017cej Liche\u0144skiej Patrz\u0119 na wn\u0119trze liche\u0144skiej \u015bwi\u0105tyni wype\u0142nione \u017cywymi kamieniami, kt\u00f3rymi wy jeste\u015bcie i czuj\u0119 jak moje serce zaczyna uznawa\u0107 to miejsce za dom. Miejsce bezpieczne, gdzie cz\u0142owiek czuje [&hellip;]\" \/>\n<meta property=\"og:url\" content=\"http:\/\/www.lichen.pl\/de\/wniebowziecie-nmp-zapowiedz\/\" \/>\n<meta property=\"og:site_name\" content=\"SANKTUARIUM W LICHENIU\" \/>\n<meta property=\"article:published_time\" content=\"2021-08-15T16:00:11+00:00\" \/>\n<meta property=\"article:modified_time\" content=\"2021-08-17T20:27:14+00:00\" \/>\n<meta property=\"og:image\" content=\"http:\/\/www.lichen.pl\/wp-content\/uploads\/2021\/08\/MBL-kadr.jpg\" \/>\n\t<meta property=\"og:image:width\" content=\"673\" \/>\n\t<meta property=\"og:image:height\" content=\"425\" \/>\n\t<meta property=\"og:image:type\" content=\"image\/jpeg\" \/>\n<meta name=\"author\" content=\"ROBERT ADAMCZYK\" \/>\n<meta name=\"twitter:card\" content=\"summary_large_image\" \/>\n<meta name=\"twitter:label1\" content=\"Verfasst von\" \/>\n\t<meta name=\"twitter:data1\" content=\"ROBERT ADAMCZYK\" \/>\n\t<meta name=\"twitter:label2\" content=\"Gesch\u00e4tzte Lesezeit\" \/>\n\t<meta name=\"twitter:data2\" content=\"4\u00a0Minuten\" \/>\n<script type=\"application\/ld+json\" class=\"yoast-schema-graph\">{\"@context\":\"https:\\\/\\\/schema.org\",\"@graph\":[{\"@type\":\"Article\",\"@id\":\"http:\\\/\\\/www.lichen.pl\\\/wniebowziecie-nmp-zapowiedz\\\/#article\",\"isPartOf\":{\"@id\":\"http:\\\/\\\/www.lichen.pl\\\/wniebowziecie-nmp-zapowiedz\\\/\"},\"author\":{\"name\":\"ROBERT ADAMCZYK\",\"@id\":\"https:\\\/\\\/www.lichen.pl\\\/fr\\\/#\\\/schema\\\/person\\\/c06cd926b95870cc59f18d6ee6e33da5\"},\"headline\":\"Uroczysto\u015b\u0107 Wniebowzi\u0119cia Naj\u015bwi\u0119tszej Maryi Panny\",\"datePublished\":\"2021-08-15T16:00:11+00:00\",\"dateModified\":\"2021-08-17T20:27:14+00:00\",\"mainEntityOfPage\":{\"@id\":\"http:\\\/\\\/www.lichen.pl\\\/wniebowziecie-nmp-zapowiedz\\\/\"},\"wordCount\":791,\"commentCount\":0,\"image\":{\"@id\":\"http:\\\/\\\/www.lichen.pl\\\/wniebowziecie-nmp-zapowiedz\\\/#primaryimage\"},\"thumbnailUrl\":\"https:\\\/\\\/www.lichen.pl\\\/wp-content\\\/uploads\\\/2021\\\/08\\\/MBL-kadr.jpg\",\"articleSection\":[\"Aktualno\u015bci\"],\"inLanguage\":\"de\",\"potentialAction\":[{\"@type\":\"CommentAction\",\"name\":\"Comment\",\"target\":[\"http:\\\/\\\/www.lichen.pl\\\/wniebowziecie-nmp-zapowiedz\\\/#respond\"]}]},{\"@type\":\"WebPage\",\"@id\":\"http:\\\/\\\/www.lichen.pl\\\/wniebowziecie-nmp-zapowiedz\\\/\",\"url\":\"http:\\\/\\\/www.lichen.pl\\\/wniebowziecie-nmp-zapowiedz\\\/\",\"name\":\"Uroczysto\u015b\u0107 Wniebowzi\u0119cia Naj\u015bwi\u0119tszej Maryi Panny - SANKTUARIUM W LICHENIU\",\"isPartOf\":{\"@id\":\"https:\\\/\\\/www.lichen.pl\\\/fr\\\/#website\"},\"primaryImageOfPage\":{\"@id\":\"http:\\\/\\\/www.lichen.pl\\\/wniebowziecie-nmp-zapowiedz\\\/#primaryimage\"},\"image\":{\"@id\":\"http:\\\/\\\/www.lichen.pl\\\/wniebowziecie-nmp-zapowiedz\\\/#primaryimage\"},\"thumbnailUrl\":\"https:\\\/\\\/www.lichen.pl\\\/wp-content\\\/uploads\\\/2021\\\/08\\\/MBL-kadr.jpg\",\"datePublished\":\"2021-08-15T16:00:11+00:00\",\"dateModified\":\"2021-08-17T20:27:14+00:00\",\"author\":{\"@id\":\"https:\\\/\\\/www.lichen.pl\\\/fr\\\/#\\\/schema\\\/person\\\/c06cd926b95870cc59f18d6ee6e33da5\"},\"breadcrumb\":{\"@id\":\"http:\\\/\\\/www.lichen.pl\\\/wniebowziecie-nmp-zapowiedz\\\/#breadcrumb\"},\"inLanguage\":\"de\",\"potentialAction\":[{\"@type\":\"ReadAction\",\"target\":[\"http:\\\/\\\/www.lichen.pl\\\/wniebowziecie-nmp-zapowiedz\\\/\"]}]},{\"@type\":\"ImageObject\",\"inLanguage\":\"de\",\"@id\":\"http:\\\/\\\/www.lichen.pl\\\/wniebowziecie-nmp-zapowiedz\\\/#primaryimage\",\"url\":\"https:\\\/\\\/www.lichen.pl\\\/wp-content\\\/uploads\\\/2021\\\/08\\\/MBL-kadr.jpg\",\"contentUrl\":\"https:\\\/\\\/www.lichen.pl\\\/wp-content\\\/uploads\\\/2021\\\/08\\\/MBL-kadr.jpg\",\"width\":673,\"height\":425},{\"@type\":\"BreadcrumbList\",\"@id\":\"http:\\\/\\\/www.lichen.pl\\\/wniebowziecie-nmp-zapowiedz\\\/#breadcrumb\",\"itemListElement\":[{\"@type\":\"ListItem\",\"position\":1,\"name\":\"Strona g\u0142\u00f3wna\",\"item\":\"https:\\\/\\\/www.lichen.pl\\\/\"},{\"@type\":\"ListItem\",\"position\":2,\"name\":\"Uroczysto\u015b\u0107 Wniebowzi\u0119cia Naj\u015bwi\u0119tszej Maryi Panny\"}]},{\"@type\":\"WebSite\",\"@id\":\"https:\\\/\\\/www.lichen.pl\\\/fr\\\/#website\",\"url\":\"https:\\\/\\\/www.lichen.pl\\\/fr\\\/\",\"name\":\"SANKTUARIUM W LICHENIU\",\"description\":\"MATKI BO\u017bEJ LICHE\u0143SKIEJ BOLESNEJ KR\u00d3LOWEJ POLSKI\",\"potentialAction\":[{\"@type\":\"SearchAction\",\"target\":{\"@type\":\"EntryPoint\",\"urlTemplate\":\"https:\\\/\\\/www.lichen.pl\\\/fr\\\/?s={search_term_string}\"},\"query-input\":{\"@type\":\"PropertyValueSpecification\",\"valueRequired\":true,\"valueName\":\"search_term_string\"}}],\"inLanguage\":\"de\"},{\"@type\":\"Person\",\"@id\":\"https:\\\/\\\/www.lichen.pl\\\/fr\\\/#\\\/schema\\\/person\\\/c06cd926b95870cc59f18d6ee6e33da5\",\"name\":\"ROBERT ADAMCZYK\",\"image\":{\"@type\":\"ImageObject\",\"inLanguage\":\"de\",\"@id\":\"https:\\\/\\\/secure.gravatar.com\\\/avatar\\\/53c330430596e73552f4c356c2e47c209ff8f6352a5106011c9b6abcce5e00df?s=96&d=retro&r=g\",\"url\":\"https:\\\/\\\/secure.gravatar.com\\\/avatar\\\/53c330430596e73552f4c356c2e47c209ff8f6352a5106011c9b6abcce5e00df?s=96&d=retro&r=g\",\"contentUrl\":\"https:\\\/\\\/secure.gravatar.com\\\/avatar\\\/53c330430596e73552f4c356c2e47c209ff8f6352a5106011c9b6abcce5e00df?s=96&d=retro&r=g\",\"caption\":\"ROBERT ADAMCZYK\"},\"url\":\"https:\\\/\\\/www.lichen.pl\\\/de\\\/author\\\/press\\\/\"}]}<\/script>\n<!-- \/ Yoast SEO plugin. -->","yoast_head_json":{"title":"Uroczysto\u015b\u0107 Wniebowzi\u0119cia Naj\u015bwi\u0119tszej Maryi Panny - SANKTUARIUM W LICHENIU","robots":{"index":"index","follow":"follow","max-snippet":"max-snippet:-1","max-image-preview":"max-image-preview:large","max-video-preview":"max-video-preview:-1"},"canonical":"http:\/\/www.lichen.pl\/de\/wniebowziecie-nmp-zapowiedz\/","og_locale":"de_DE","og_type":"article","og_title":"Uroczysto\u015b\u0107 Wniebowzi\u0119cia Naj\u015bwi\u0119tszej Maryi Panny - SANKTUARIUM W LICHENIU","og_description":"Ks. Tomasz Nowaczek MIC, prze\u0142o\u017cony Prowincji Opatrzno\u015bci Bo\u017cej Zgromadzenia Ksi\u0119\u017cy Marian\u00f3w, przewodniczy\u0142 sumie odpustowej w przypadaj\u0105c\u0105 15 sierpnia uroczysto\u015b\u0107 Wniebowzi\u0119cia Naj\u015bwi\u0119tszej Maryi Panny. Cudowny Obraz Matki Bo\u017cej Liche\u0144skiej Patrz\u0119 na wn\u0119trze liche\u0144skiej \u015bwi\u0105tyni wype\u0142nione \u017cywymi kamieniami, kt\u00f3rymi wy jeste\u015bcie i czuj\u0119 jak moje serce zaczyna uznawa\u0107 to miejsce za dom. Miejsce bezpieczne, gdzie cz\u0142owiek czuje [&hellip;]","og_url":"http:\/\/www.lichen.pl\/de\/wniebowziecie-nmp-zapowiedz\/","og_site_name":"SANKTUARIUM W LICHENIU","article_published_time":"2021-08-15T16:00:11+00:00","article_modified_time":"2021-08-17T20:27:14+00:00","og_image":[{"width":673,"height":425,"url":"http:\/\/www.lichen.pl\/wp-content\/uploads\/2021\/08\/MBL-kadr.jpg","type":"image\/jpeg"}],"author":"ROBERT ADAMCZYK","twitter_card":"summary_large_image","twitter_misc":{"Verfasst von":"ROBERT ADAMCZYK","Gesch\u00e4tzte Lesezeit":"4\u00a0Minuten"},"schema":{"@context":"https:\/\/schema.org","@graph":[{"@type":"Article","@id":"http:\/\/www.lichen.pl\/wniebowziecie-nmp-zapowiedz\/#article","isPartOf":{"@id":"http:\/\/www.lichen.pl\/wniebowziecie-nmp-zapowiedz\/"},"author":{"name":"ROBERT ADAMCZYK","@id":"https:\/\/www.lichen.pl\/fr\/#\/schema\/person\/c06cd926b95870cc59f18d6ee6e33da5"},"headline":"Uroczysto\u015b\u0107 Wniebowzi\u0119cia Naj\u015bwi\u0119tszej Maryi Panny","datePublished":"2021-08-15T16:00:11+00:00","dateModified":"2021-08-17T20:27:14+00:00","mainEntityOfPage":{"@id":"http:\/\/www.lichen.pl\/wniebowziecie-nmp-zapowiedz\/"},"wordCount":791,"commentCount":0,"image":{"@id":"http:\/\/www.lichen.pl\/wniebowziecie-nmp-zapowiedz\/#primaryimage"},"thumbnailUrl":"https:\/\/www.lichen.pl\/wp-content\/uploads\/2021\/08\/MBL-kadr.jpg","articleSection":["Aktualno\u015bci"],"inLanguage":"de","potentialAction":[{"@type":"CommentAction","name":"Comment","target":["http:\/\/www.lichen.pl\/wniebowziecie-nmp-zapowiedz\/#respond"]}]},{"@type":"WebPage","@id":"http:\/\/www.lichen.pl\/wniebowziecie-nmp-zapowiedz\/","url":"http:\/\/www.lichen.pl\/wniebowziecie-nmp-zapowiedz\/","name":"Uroczysto\u015b\u0107 Wniebowzi\u0119cia Naj\u015bwi\u0119tszej Maryi Panny - SANKTUARIUM W LICHENIU","isPartOf":{"@id":"https:\/\/www.lichen.pl\/fr\/#website"},"primaryImageOfPage":{"@id":"http:\/\/www.lichen.pl\/wniebowziecie-nmp-zapowiedz\/#primaryimage"},"image":{"@id":"http:\/\/www.lichen.pl\/wniebowziecie-nmp-zapowiedz\/#primaryimage"},"thumbnailUrl":"https:\/\/www.lichen.pl\/wp-content\/uploads\/2021\/08\/MBL-kadr.jpg","datePublished":"2021-08-15T16:00:11+00:00","dateModified":"2021-08-17T20:27:14+00:00","author":{"@id":"https:\/\/www.lichen.pl\/fr\/#\/schema\/person\/c06cd926b95870cc59f18d6ee6e33da5"},"breadcrumb":{"@id":"http:\/\/www.lichen.pl\/wniebowziecie-nmp-zapowiedz\/#breadcrumb"},"inLanguage":"de","potentialAction":[{"@type":"ReadAction","target":["http:\/\/www.lichen.pl\/wniebowziecie-nmp-zapowiedz\/"]}]},{"@type":"ImageObject","inLanguage":"de","@id":"http:\/\/www.lichen.pl\/wniebowziecie-nmp-zapowiedz\/#primaryimage","url":"https:\/\/www.lichen.pl\/wp-content\/uploads\/2021\/08\/MBL-kadr.jpg","contentUrl":"https:\/\/www.lichen.pl\/wp-content\/uploads\/2021\/08\/MBL-kadr.jpg","width":673,"height":425},{"@type":"BreadcrumbList","@id":"http:\/\/www.lichen.pl\/wniebowziecie-nmp-zapowiedz\/#breadcrumb","itemListElement":[{"@type":"ListItem","position":1,"name":"Strona g\u0142\u00f3wna","item":"https:\/\/www.lichen.pl\/"},{"@type":"ListItem","position":2,"name":"Uroczysto\u015b\u0107 Wniebowzi\u0119cia Naj\u015bwi\u0119tszej Maryi Panny"}]},{"@type":"WebSite","@id":"https:\/\/www.lichen.pl\/fr\/#website","url":"https:\/\/www.lichen.pl\/fr\/","name":"HEILIGTUM IN LICHENIEN","description":"DIE TRAURIGE K\u00d6NIGIN UNSERER FLECHEN VON POLEN","potentialAction":[{"@type":"SearchAction","target":{"@type":"EntryPoint","urlTemplate":"https:\/\/www.lichen.pl\/fr\/?s={search_term_string}"},"query-input":{"@type":"PropertyValueSpecification","valueRequired":true,"valueName":"search_term_string"}}],"inLanguage":"de"},{"@type":"Person","@id":"https:\/\/www.lichen.pl\/fr\/#\/schema\/person\/c06cd926b95870cc59f18d6ee6e33da5","name":"ROBERT ADAMCZYK","image":{"@type":"ImageObject","inLanguage":"de","@id":"https:\/\/secure.gravatar.com\/avatar\/53c330430596e73552f4c356c2e47c209ff8f6352a5106011c9b6abcce5e00df?s=96&d=retro&r=g","url":"https:\/\/secure.gravatar.com\/avatar\/53c330430596e73552f4c356c2e47c209ff8f6352a5106011c9b6abcce5e00df?s=96&d=retro&r=g","contentUrl":"https:\/\/secure.gravatar.com\/avatar\/53c330430596e73552f4c356c2e47c209ff8f6352a5106011c9b6abcce5e00df?s=96&d=retro&r=g","caption":"ROBERT ADAMCZYK"},"url":"https:\/\/www.lichen.pl\/de\/author\/press\/"}]}},"_links":{"self":[{"href":"https:\/\/www.lichen.pl\/de\/wp-json\/wp\/v2\/posts\/27589","targetHints":{"allow":["GET"]}}],"collection":[{"href":"https:\/\/www.lichen.pl\/de\/wp-json\/wp\/v2\/posts"}],"about":[{"href":"https:\/\/www.lichen.pl\/de\/wp-json\/wp\/v2\/types\/post"}],"author":[{"embeddable":true,"href":"https:\/\/www.lichen.pl\/de\/wp-json\/wp\/v2\/users\/4"}],"replies":[{"embeddable":true,"href":"https:\/\/www.lichen.pl\/de\/wp-json\/wp\/v2\/comments?post=27589"}],"version-history":[{"count":12,"href":"https:\/\/www.lichen.pl\/de\/wp-json\/wp\/v2\/posts\/27589\/revisions"}],"predecessor-version":[{"id":28379,"href":"https:\/\/www.lichen.pl\/de\/wp-json\/wp\/v2\/posts\/27589\/revisions\/28379"}],"wp:featuredmedia":[{"embeddable":true,"href":"https:\/\/www.lichen.pl\/de\/wp-json\/wp\/v2\/media\/27608"}],"wp:attachment":[{"href":"https:\/\/www.lichen.pl\/de\/wp-json\/wp\/v2\/media?parent=27589"}],"wp:term":[{"taxonomy":"category","embeddable":true,"href":"https:\/\/www.lichen.pl\/de\/wp-json\/wp\/v2\/categories?post=27589"},{"taxonomy":"post_tag","embeddable":true,"href":"https:\/\/www.lichen.pl\/de\/wp-json\/wp\/v2\/tags?post=27589"}],"curies":[{"name":"wp","href":"https:\/\/api.w.org\/{rel}","templated":true}]}}