{"id":27642,"date":"2021-08-14T14:00:51","date_gmt":"2021-08-14T14:00:51","guid":{"rendered":"http:\/\/www.lichen.pl\/iii-pielgrzymka-wspolnoty-rozancowej-copy-copy\/"},"modified":"2021-08-17T18:32:10","modified_gmt":"2021-08-17T18:32:10","slug":"dzien-modlitw-w-intencji-malzenstw-bezdzietnych","status":"publish","type":"post","link":"https:\/\/www.lichen.pl\/de\/dzien-modlitw-w-intencji-malzenstw-bezdzietnych\/","title":{"rendered":"Gebetstag f\u00fcr kinderlose Paare"},"content":{"rendered":"<div data-elementor-type=\"wp-post\" data-elementor-id=\"27642\" class=\"elementor elementor-27642\" data-elementor-post-type=\"post\">\n\t\t\t\t\t\t<section class=\"elementor-section elementor-top-section elementor-element elementor-element-67f7123 elementor-section-boxed elementor-section-height-default elementor-section-height-default\" data-id=\"67f7123\" data-element_type=\"section\" data-e-type=\"section\">\n\t\t\t\t\t\t<div class=\"elementor-container elementor-column-gap-default\">\n\t\t\t\t\t<div class=\"elementor-column elementor-col-100 elementor-top-column elementor-element elementor-element-c9f49cd\" data-id=\"c9f49cd\" data-element_type=\"column\" data-e-type=\"column\">\n\t\t\t<div class=\"elementor-widget-wrap elementor-element-populated\">\n\t\t\t\t\t\t<div class=\"elementor-element elementor-element-f6ced2b elementor-widget elementor-widget-heading\" data-id=\"f6ced2b\" data-element_type=\"widget\" data-e-type=\"widget\" data-widget_type=\"heading.default\">\n\t\t\t\t<div class=\"elementor-widget-container\">\n\t\t\t\t\t<h2 class=\"elementor-heading-title elementor-size-default\">Am 14. August wird das Gedenken an St. Maximilian Maria Kolbe betete im Heiligtum von Liche\u0144 f\u00fcr die Anliegen von Paaren, die Probleme haben, ein Kind zu zeugen.<\/h2>\t\t\t\t<\/div>\n\t\t\t\t<\/div>\n\t\t\t\t\t<\/div>\n\t\t<\/div>\n\t\t\t\t\t<\/div>\n\t\t<\/section>\n\t\t\t\t<section class=\"elementor-section elementor-top-section elementor-element elementor-element-ae8e8ea elementor-section-boxed elementor-section-height-default elementor-section-height-default\" data-id=\"ae8e8ea\" data-element_type=\"section\" data-e-type=\"section\">\n\t\t\t\t\t\t<div class=\"elementor-container elementor-column-gap-default\">\n\t\t\t\t\t<div class=\"elementor-column elementor-col-100 elementor-top-column elementor-element elementor-element-249388f\" data-id=\"249388f\" data-element_type=\"column\" data-e-type=\"column\">\n\t\t\t<div class=\"elementor-widget-wrap elementor-element-populated\">\n\t\t\t\t\t\t<section class=\"elementor-section elementor-inner-section elementor-element elementor-element-e7638cd elementor-section-boxed elementor-section-height-default elementor-section-height-default\" data-id=\"e7638cd\" data-element_type=\"section\" data-e-type=\"section\">\n\t\t\t\t\t\t<div class=\"elementor-container elementor-column-gap-default\">\n\t\t\t\t\t<div class=\"elementor-column elementor-col-100 elementor-inner-column elementor-element elementor-element-15df33a\" data-id=\"15df33a\" data-element_type=\"column\" data-e-type=\"column\">\n\t\t\t<div class=\"elementor-widget-wrap elementor-element-populated\">\n\t\t\t\t\t\t<div class=\"elementor-element elementor-element-6182909 elementor-widget elementor-widget-text-editor\" data-id=\"6182909\" data-element_type=\"widget\" data-e-type=\"widget\" data-widget_type=\"text-editor.default\">\n\t\t\t\t<div class=\"elementor-widget-container\">\n\t\t\t\t\t\t\t\t\t<blockquote><p>Lass diese Absicht von heute uns nahe sein. Schauen wir uns diese Paare an, weil sie m\u00f6chten, dass ihr Zuhause mit dem L\u00e4rm ihrer Kinder gef\u00fcllt wird. Umarmen wir diese Absichten mit unserem Gebet<\/p><\/blockquote>\t\t\t\t\t\t\t\t<\/div>\n\t\t\t\t<\/div>\n\t\t\t\t\t<\/div>\n\t\t<\/div>\n\t\t\t\t\t<\/div>\n\t\t<\/section>\n\t\t\t\t\t<\/div>\n\t\t<\/div>\n\t\t\t\t\t<\/div>\n\t\t<\/section>\n\t\t\t\t<section class=\"elementor-section elementor-top-section elementor-element elementor-element-71395ba elementor-section-boxed elementor-section-height-default elementor-section-height-default\" data-id=\"71395ba\" data-element_type=\"section\" data-e-type=\"section\">\n\t\t\t\t\t\t<div class=\"elementor-container elementor-column-gap-default\">\n\t\t\t\t\t<div class=\"elementor-column elementor-col-100 elementor-top-column elementor-element elementor-element-5a57b3b\" data-id=\"5a57b3b\" data-element_type=\"column\" data-e-type=\"column\">\n\t\t\t<div class=\"elementor-widget-wrap elementor-element-populated\">\n\t\t\t\t\t\t<section class=\"elementor-section elementor-inner-section elementor-element elementor-element-2c72280 elementor-section-boxed elementor-section-height-default elementor-section-height-default\" data-id=\"2c72280\" data-element_type=\"section\" data-e-type=\"section\">\n\t\t\t\t\t\t<div class=\"elementor-container elementor-column-gap-default\">\n\t\t\t\t\t<div class=\"elementor-column elementor-col-50 elementor-inner-column elementor-element elementor-element-351efa8\" data-id=\"351efa8\" data-element_type=\"column\" data-e-type=\"column\">\n\t\t\t<div class=\"elementor-widget-wrap elementor-element-populated\">\n\t\t\t\t\t\t<div class=\"elementor-element elementor-element-e2ac81b elementor-widget elementor-widget-image\" data-id=\"e2ac81b\" data-element_type=\"widget\" data-e-type=\"widget\" data-widget_type=\"image.default\">\n\t\t\t\t<div class=\"elementor-widget-container\">\n\t\t\t\t\t\t\t\t\t\t\t\t<figure class=\"wp-caption\">\n\t\t\t\t\t\t\t\t\t\t<img fetchpriority=\"high\" decoding=\"async\" width=\"768\" height=\"1152\" src=\"https:\/\/www.lichen.pl\/wp-content\/uploads\/2021\/08\/Dzien-modlitw-w-intencji-malzenstw-bezdzietnych-5.jpg\" class=\"attachment-medium_large size-medium_large wp-image-27664\" alt=\"\" srcset=\"https:\/\/www.lichen.pl\/wp-content\/uploads\/2021\/08\/Dzien-modlitw-w-intencji-malzenstw-bezdzietnych-5.jpg 768w, https:\/\/www.lichen.pl\/wp-content\/uploads\/2021\/08\/Dzien-modlitw-w-intencji-malzenstw-bezdzietnych-5-200x300.jpg 200w, https:\/\/www.lichen.pl\/wp-content\/uploads\/2021\/08\/Dzien-modlitw-w-intencji-malzenstw-bezdzietnych-5-683x1024.jpg 683w\" sizes=\"(max-width: 768px) 100vw, 768px\" \/>\t\t\t\t\t\t\t\t\t\t\t<figcaption class=\"widget-image-caption wp-caption-text\">Fr. Janusz Kumala, MIC, Heilige Messe f\u00fcr kinderlose Paare, 14. August 2021<\/figcaption>\n\t\t\t\t\t\t\t\t\t\t<\/figure>\n\t\t\t\t\t\t\t\t\t<\/div>\n\t\t\t\t<\/div>\n\t\t\t\t\t<\/div>\n\t\t<\/div>\n\t\t\t\t<div class=\"elementor-column elementor-col-50 elementor-inner-column elementor-element elementor-element-095c022\" data-id=\"095c022\" data-element_type=\"column\" data-e-type=\"column\">\n\t\t\t<div class=\"elementor-widget-wrap elementor-element-populated\">\n\t\t\t\t\t\t<div class=\"elementor-element elementor-element-785799e elementor-widget elementor-widget-text-editor\" data-id=\"785799e\" data-element_type=\"widget\" data-e-type=\"widget\" data-widget_type=\"text-editor.default\">\n\t\t\t\t<div class=\"elementor-widget-container\">\n\t\t\t\t\t\t\t\t\t<p>Hauptmesse. vor dem Gnadenbild Unserer Lieben Frau von Liche\u0144 bei 12.00 Uhr unter dem Vorsitz von Fr. Janusz Kumala, MIC, der Kurator des Heiligtums, der in seiner Predigt solche Ehepaare zum Gebet ermutigte.<br \/>- \u201eWir leben in der Welt, um den Himmel zu erreichen. Die morgige Feier wird unsere Augen zum Himmel heben. Hier auf der Erde haben wir kein festes Haus oder Wohnung \u2013 wir sind nur Passanten, um Gott n\u00e4her zu kommen und ihn f\u00fcr alle Ewigkeit zu genie\u00dfen \u201c, sagte Fr. Janusz Kumala, MIC. <br \/>Das Vorbild einer solchen Wallfahrt ist Maria, die in jedem Moment ihres Lebens den Willen Gottes erf\u00fcllt hat. - &quot;Heute wollen wir den Herrn Jesus bitten, die Liebe in unserem Leben zu mehren, nach dem Vorbild Marias.&quot;<br \/>Bezugnehmend auf die Figur des hl. Maximilian Maria Kolbe, der Pfarrer, sagte, er sei ein Vorbild f\u00fcr ein Leben voller Liebe zu Gott und anderen Menschen. - \u201eSt. Maximilian sah Maria an und war daran beteiligt, Menschen zu retten und ihnen zu helfen. Er war ein Werkzeug in der Hand Gottes. Leiden und Sterben in Auschwitz sind die Quintessenz seines Weges \u2013 heroische Liebe bis zum Schluss\u201c.<\/p>\t\t\t\t\t\t\t\t<\/div>\n\t\t\t\t<\/div>\n\t\t\t\t\t<\/div>\n\t\t<\/div>\n\t\t\t\t\t<\/div>\n\t\t<\/section>\n\t\t\t\t<div class=\"elementor-element elementor-element-ff2f63a elementor-widget elementor-widget-heading\" data-id=\"ff2f63a\" data-element_type=\"widget\" data-e-type=\"widget\" data-widget_type=\"heading.default\">\n\t\t\t\t<div class=\"elementor-widget-container\">\n\t\t\t\t\t<h2 class=\"elementor-heading-title elementor-size-default\">Unfruchtbarkeit ist keine Strafe seitens Gottes<\/h2>\t\t\t\t<\/div>\n\t\t\t\t<\/div>\n\t\t\t\t<div class=\"elementor-element elementor-element-f11ef11 elementor-widget elementor-widget-text-editor\" data-id=\"f11ef11\" data-element_type=\"widget\" data-e-type=\"widget\" data-widget_type=\"text-editor.default\">\n\t\t\t\t<div class=\"elementor-widget-container\">\n\t\t\t\t\t\t\t\t\t<div dir=\"auto\">In Bezug auf Ehepaare, die mit der Empf\u00e4ngnis eines Kindes zu k\u00e4mpfen haben, stellte der Kurator fest, dass dies ein Problem ist, mit dem \u00fcber eine Million Ehepaare in Polen zu k\u00e4mpfen haben. - \u201eUnfruchtbarkeit ist keine Strafe Gottes. Es ist ein gro\u00dfes Leid und ein Zeichen f\u00fcr uns. Diese Paare m\u00fcssen unterst\u00fctzt werden \u2013 mit Gebet, mit einem guten Wort, mit Pr\u00e4senz. Jedes Leben ist ein Geschenk Gottes. Solche Ehen lehren uns zu lieben. Ihre Sehnsucht nach einem Kind ist ein Zeichen ihrer Liebe. Wir m\u00fcssen uns gegenseitig unterst\u00fctzen, weil wir auf diese Weise anderen Menschen Liebe zeigen.&quot;<\/div>\t\t\t\t\t\t\t\t<\/div>\n\t\t\t\t<\/div>\n\t\t\t\t\t<\/div>\n\t\t<\/div>\n\t\t\t\t\t<\/div>\n\t\t<\/section>\n\t\t\t\t<section class=\"elementor-section elementor-top-section elementor-element elementor-element-a4a196a elementor-section-boxed elementor-section-height-default elementor-section-height-default\" data-id=\"a4a196a\" data-element_type=\"section\" data-e-type=\"section\">\n\t\t\t\t\t\t<div class=\"elementor-container elementor-column-gap-default\">\n\t\t\t\t\t<div class=\"elementor-column elementor-col-100 elementor-top-column elementor-element elementor-element-c0bd2ac\" data-id=\"c0bd2ac\" data-element_type=\"column\" data-e-type=\"column\">\n\t\t\t<div class=\"elementor-widget-wrap elementor-element-populated\">\n\t\t\t\t\t\t<div class=\"elementor-element elementor-element-f761959 elementor-widget elementor-widget-text-editor\" data-id=\"f761959\" data-element_type=\"widget\" data-e-type=\"widget\" data-widget_type=\"text-editor.default\">\n\t\t\t\t<div class=\"elementor-widget-container\">\n\t\t\t\t\t\t\t\t\t<div class=\"kvgmc6g5 cxmmr5t8 oygrvhab hcukyx3x c1et5uql ii04i59q\"><div dir=\"auto\"><div class=\"kvgmc6g5 cxmmr5t8 oygrvhab hcukyx3x c1et5uql ii04i59q\"><div dir=\"auto\">- \u201eLass uns diese Absicht von heute nahe sein. Schauen wir uns diese Paare an, weil sie m\u00f6chten, dass ihr Zuhause mit dem L\u00e4rm ihrer Kinder gef\u00fcllt wird. Lassen Sie uns diese Absichten mit unserem Gebet annehmen \u201c- ermutigte die Kuratorin.<br \/>Am Ende der Messe ein Gebet f\u00fcr Ehepaare mit Kinderwunsch wurde gelesen.<\/div><\/div><\/div><\/div>\t\t\t\t\t\t\t\t<\/div>\n\t\t\t\t<\/div>\n\t\t\t\t<div class=\"elementor-element elementor-element-605ac04 elementor-widget elementor-widget-text-editor\" data-id=\"605ac04\" data-element_type=\"widget\" data-e-type=\"widget\" data-widget_type=\"text-editor.default\">\n\t\t\t\t<div class=\"elementor-widget-container\">\n\t\t\t\t\t\t\t\t\t<p>Text und Fotos: Sanctuary Press Office<\/p>\t\t\t\t\t\t\t\t<\/div>\n\t\t\t\t<\/div>\n\t\t\t\t<div class=\"elementor-element elementor-element-a2867b8 elementor-widget-divider--view-line_icon elementor-view-default elementor-widget-divider--element-align-center elementor-widget elementor-widget-divider\" data-id=\"a2867b8\" data-element_type=\"widget\" data-e-type=\"widget\" data-widget_type=\"divider.default\">\n\t\t\t\t<div class=\"elementor-widget-container\">\n\t\t\t\t\t\t\t<div class=\"elementor-divider\">\n\t\t\t<span class=\"elementor-divider-separator\">\n\t\t\t\t\t\t\t<div class=\"elementor-icon elementor-divider__element\">\n\t\t\t\t\t<i aria-hidden=\"true\" class=\"fas fa-camera\"><\/i><\/div>\n\t\t\t\t\t\t<\/span>\n\t\t<\/div>\n\t\t\t\t\t\t<\/div>\n\t\t\t\t<\/div>\n\t\t\t\t\t<\/div>\n\t\t<\/div>\n\t\t\t\t\t<\/div>\n\t\t<\/section>\n\t\t\t\t<section class=\"elementor-section elementor-top-section elementor-element elementor-element-47b8684 elementor-section-boxed elementor-section-height-default elementor-section-height-default\" data-id=\"47b8684\" data-element_type=\"section\" data-e-type=\"section\">\n\t\t\t\t\t\t<div class=\"elementor-container elementor-column-gap-default\">\n\t\t\t\t\t<div class=\"elementor-column elementor-col-100 elementor-top-column elementor-element elementor-element-bfa126b\" data-id=\"bfa126b\" data-element_type=\"column\" data-e-type=\"column\">\n\t\t\t<div class=\"elementor-widget-wrap elementor-element-populated\">\n\t\t\t\t\t\t<div class=\"elementor-element elementor-element-e2f36e1 elementor-widget elementor-widget-gallery\" data-id=\"e2f36e1\" data-element_type=\"widget\" data-e-type=\"widget\" data-settings=\"{&quot;columns&quot;:6,&quot;lazyload&quot;:&quot;yes&quot;,&quot;gallery_layout&quot;:&quot;grid&quot;,&quot;columns_tablet&quot;:2,&quot;columns_mobile&quot;:1,&quot;gap&quot;:{&quot;unit&quot;:&quot;px&quot;,&quot;size&quot;:10,&quot;sizes&quot;:[]},&quot;gap_tablet&quot;:{&quot;unit&quot;:&quot;px&quot;,&quot;size&quot;:10,&quot;sizes&quot;:[]},&quot;gap_mobile&quot;:{&quot;unit&quot;:&quot;px&quot;,&quot;size&quot;:10,&quot;sizes&quot;:[]},&quot;link_to&quot;:&quot;file&quot;,&quot;aspect_ratio&quot;:&quot;3:2&quot;,&quot;overlay_background&quot;:&quot;yes&quot;,&quot;content_hover_animation&quot;:&quot;fade-in&quot;}\" data-widget_type=\"gallery.default\">\n\t\t\t\t<div class=\"elementor-widget-container\">\n\t\t\t\t\t\t\t<div class=\"elementor-gallery__container\">\n\t\t\t\t\t\t\t<a class=\"e-gallery-item elementor-gallery-item elementor-animated-content\" href=\"https:\/\/www.lichen.pl\/wp-content\/uploads\/2021\/08\/Dzien-modlitw-w-intencji-malzenstw-bezdzietnych-1.jpg\" data-elementor-open-lightbox=\"yes\" data-elementor-lightbox-slideshow=\"e2f36e1\" data-elementor-lightbox-title=\"Dzie\u0144 modlitw w intencji ma\u0142\u017ce\u0144stw bezdzietnych 1\" data-e-action-hash=\"#elementor-action%3Aaction%3Dlightbox%26settings%3DeyJpZCI6Mjc2NDQsInVybCI6Imh0dHBzOlwvXC93d3cubGljaGVuLnBsXC93cC1jb250ZW50XC91cGxvYWRzXC8yMDIxXC8wOFwvRHppZW4tbW9kbGl0dy13LWludGVuY2ppLW1hbHplbnN0dy1iZXpkemlldG55Y2gtMS5qcGciLCJzbGlkZXNob3ciOiJlMmYzNmUxIn0%3D\">\n\t\t\t\t\t<div class=\"e-gallery-image elementor-gallery-item__image\" data-thumbnail=\"https:\/\/www.lichen.pl\/wp-content\/uploads\/2021\/08\/Dzien-modlitw-w-intencji-malzenstw-bezdzietnych-1-300x200.jpg\" data-width=\"300\" data-height=\"200\" aria-label=\"\" role=\"img\" ><\/div>\n\t\t\t\t\t\t\t\t\t\t\t<div class=\"elementor-gallery-item__overlay\"><\/div>\n\t\t\t\t\t\t\t\t\t\t\t\t\t\t<\/a>\n\t\t\t\t\t\t\t<a class=\"e-gallery-item elementor-gallery-item elementor-animated-content\" href=\"https:\/\/www.lichen.pl\/wp-content\/uploads\/2021\/08\/Dzien-modlitw-w-intencji-malzenstw-bezdzietnych-2.jpg\" data-elementor-open-lightbox=\"yes\" data-elementor-lightbox-slideshow=\"e2f36e1\" data-elementor-lightbox-title=\"Dzie\u0144 modlitw w intencji ma\u0142\u017ce\u0144stw bezdzietnych 2\" data-e-action-hash=\"#elementor-action%3Aaction%3Dlightbox%26settings%3DeyJpZCI6Mjc2NDksInVybCI6Imh0dHBzOlwvXC93d3cubGljaGVuLnBsXC93cC1jb250ZW50XC91cGxvYWRzXC8yMDIxXC8wOFwvRHppZW4tbW9kbGl0dy13LWludGVuY2ppLW1hbHplbnN0dy1iZXpkemlldG55Y2gtMi5qcGciLCJzbGlkZXNob3ciOiJlMmYzNmUxIn0%3D\">\n\t\t\t\t\t<div class=\"e-gallery-image elementor-gallery-item__image\" data-thumbnail=\"https:\/\/www.lichen.pl\/wp-content\/uploads\/2021\/08\/Dzien-modlitw-w-intencji-malzenstw-bezdzietnych-2-200x300.jpg\" data-width=\"200\" data-height=\"300\" aria-label=\"\" role=\"img\" ><\/div>\n\t\t\t\t\t\t\t\t\t\t\t<div class=\"elementor-gallery-item__overlay\"><\/div>\n\t\t\t\t\t\t\t\t\t\t\t\t\t\t<\/a>\n\t\t\t\t\t\t\t<a class=\"e-gallery-item elementor-gallery-item elementor-animated-content\" href=\"https:\/\/www.lichen.pl\/wp-content\/uploads\/2021\/08\/Dzien-modlitw-w-intencji-malzenstw-bezdzietnych-3.jpg\" data-elementor-open-lightbox=\"yes\" data-elementor-lightbox-slideshow=\"e2f36e1\" data-elementor-lightbox-title=\"Dzie\u0144 modlitw w intencji ma\u0142\u017ce\u0144stw bezdzietnych 3\" data-e-action-hash=\"#elementor-action%3Aaction%3Dlightbox%26settings%3DeyJpZCI6Mjc2NTQsInVybCI6Imh0dHBzOlwvXC93d3cubGljaGVuLnBsXC93cC1jb250ZW50XC91cGxvYWRzXC8yMDIxXC8wOFwvRHppZW4tbW9kbGl0dy13LWludGVuY2ppLW1hbHplbnN0dy1iZXpkemlldG55Y2gtMy5qcGciLCJzbGlkZXNob3ciOiJlMmYzNmUxIn0%3D\">\n\t\t\t\t\t<div class=\"e-gallery-image elementor-gallery-item__image\" data-thumbnail=\"https:\/\/www.lichen.pl\/wp-content\/uploads\/2021\/08\/Dzien-modlitw-w-intencji-malzenstw-bezdzietnych-3-200x300.jpg\" data-width=\"200\" data-height=\"300\" aria-label=\"\" role=\"img\" ><\/div>\n\t\t\t\t\t\t\t\t\t\t\t<div class=\"elementor-gallery-item__overlay\"><\/div>\n\t\t\t\t\t\t\t\t\t\t\t\t\t\t<\/a>\n\t\t\t\t\t\t\t<a class=\"e-gallery-item elementor-gallery-item elementor-animated-content\" href=\"https:\/\/www.lichen.pl\/wp-content\/uploads\/2021\/08\/Dzien-modlitw-w-intencji-malzenstw-bezdzietnych-4.jpg\" data-elementor-open-lightbox=\"yes\" data-elementor-lightbox-slideshow=\"e2f36e1\" data-elementor-lightbox-title=\"Dzie\u0144 modlitw w intencji ma\u0142\u017ce\u0144stw bezdzietnych 4\" data-e-action-hash=\"#elementor-action%3Aaction%3Dlightbox%26settings%3DeyJpZCI6Mjc2NTksInVybCI6Imh0dHBzOlwvXC93d3cubGljaGVuLnBsXC93cC1jb250ZW50XC91cGxvYWRzXC8yMDIxXC8wOFwvRHppZW4tbW9kbGl0dy13LWludGVuY2ppLW1hbHplbnN0dy1iZXpkemlldG55Y2gtNC5qcGciLCJzbGlkZXNob3ciOiJlMmYzNmUxIn0%3D\">\n\t\t\t\t\t<div class=\"e-gallery-image elementor-gallery-item__image\" data-thumbnail=\"https:\/\/www.lichen.pl\/wp-content\/uploads\/2021\/08\/Dzien-modlitw-w-intencji-malzenstw-bezdzietnych-4-200x300.jpg\" data-width=\"200\" data-height=\"300\" aria-label=\"\" role=\"img\" ><\/div>\n\t\t\t\t\t\t\t\t\t\t\t<div class=\"elementor-gallery-item__overlay\"><\/div>\n\t\t\t\t\t\t\t\t\t\t\t\t\t\t<\/a>\n\t\t\t\t\t\t\t<a class=\"e-gallery-item elementor-gallery-item elementor-animated-content\" href=\"https:\/\/www.lichen.pl\/wp-content\/uploads\/2021\/08\/Dzien-modlitw-w-intencji-malzenstw-bezdzietnych-7.jpg\" data-elementor-open-lightbox=\"yes\" data-elementor-lightbox-slideshow=\"e2f36e1\" data-elementor-lightbox-title=\"Dzie\u0144 modlitw w intencji ma\u0142\u017ce\u0144stw bezdzietnych 7\" data-e-action-hash=\"#elementor-action%3Aaction%3Dlightbox%26settings%3DeyJpZCI6Mjc2NzQsInVybCI6Imh0dHBzOlwvXC93d3cubGljaGVuLnBsXC93cC1jb250ZW50XC91cGxvYWRzXC8yMDIxXC8wOFwvRHppZW4tbW9kbGl0dy13LWludGVuY2ppLW1hbHplbnN0dy1iZXpkemlldG55Y2gtNy5qcGciLCJzbGlkZXNob3ciOiJlMmYzNmUxIn0%3D\">\n\t\t\t\t\t<div class=\"e-gallery-image elementor-gallery-item__image\" data-thumbnail=\"https:\/\/www.lichen.pl\/wp-content\/uploads\/2021\/08\/Dzien-modlitw-w-intencji-malzenstw-bezdzietnych-7-300x200.jpg\" data-width=\"300\" data-height=\"200\" aria-label=\"\" role=\"img\" ><\/div>\n\t\t\t\t\t\t\t\t\t\t\t<div class=\"elementor-gallery-item__overlay\"><\/div>\n\t\t\t\t\t\t\t\t\t\t\t\t\t\t<\/a>\n\t\t\t\t\t\t\t<a class=\"e-gallery-item elementor-gallery-item elementor-animated-content\" href=\"https:\/\/www.lichen.pl\/wp-content\/uploads\/2021\/08\/Dzien-modlitw-w-intencji-malzenstw-bezdzietnych-8.jpg\" data-elementor-open-lightbox=\"yes\" data-elementor-lightbox-slideshow=\"e2f36e1\" data-elementor-lightbox-title=\"Dzie\u0144 modlitw w intencji ma\u0142\u017ce\u0144stw bezdzietnych 8\" data-e-action-hash=\"#elementor-action%3Aaction%3Dlightbox%26settings%3DeyJpZCI6Mjc2NzksInVybCI6Imh0dHBzOlwvXC93d3cubGljaGVuLnBsXC93cC1jb250ZW50XC91cGxvYWRzXC8yMDIxXC8wOFwvRHppZW4tbW9kbGl0dy13LWludGVuY2ppLW1hbHplbnN0dy1iZXpkemlldG55Y2gtOC5qcGciLCJzbGlkZXNob3ciOiJlMmYzNmUxIn0%3D\">\n\t\t\t\t\t<div class=\"e-gallery-image elementor-gallery-item__image\" data-thumbnail=\"https:\/\/www.lichen.pl\/wp-content\/uploads\/2021\/08\/Dzien-modlitw-w-intencji-malzenstw-bezdzietnych-8-300x200.jpg\" data-width=\"300\" data-height=\"200\" aria-label=\"\" role=\"img\" ><\/div>\n\t\t\t\t\t\t\t\t\t\t\t<div class=\"elementor-gallery-item__overlay\"><\/div>\n\t\t\t\t\t\t\t\t\t\t\t\t\t\t<\/a>\n\t\t\t\t\t\t\t<a class=\"e-gallery-item elementor-gallery-item elementor-animated-content\" href=\"https:\/\/www.lichen.pl\/wp-content\/uploads\/2021\/08\/Dzien-modlitw-w-intencji-malzenstw-bezdzietnych-9.jpg\" data-elementor-open-lightbox=\"yes\" data-elementor-lightbox-slideshow=\"e2f36e1\" data-elementor-lightbox-title=\"Dzie\u0144 modlitw w intencji ma\u0142\u017ce\u0144stw bezdzietnych 9\" data-e-action-hash=\"#elementor-action%3Aaction%3Dlightbox%26settings%3DeyJpZCI6Mjc2ODQsInVybCI6Imh0dHBzOlwvXC93d3cubGljaGVuLnBsXC93cC1jb250ZW50XC91cGxvYWRzXC8yMDIxXC8wOFwvRHppZW4tbW9kbGl0dy13LWludGVuY2ppLW1hbHplbnN0dy1iZXpkemlldG55Y2gtOS5qcGciLCJzbGlkZXNob3ciOiJlMmYzNmUxIn0%3D\">\n\t\t\t\t\t<div class=\"e-gallery-image elementor-gallery-item__image\" data-thumbnail=\"https:\/\/www.lichen.pl\/wp-content\/uploads\/2021\/08\/Dzien-modlitw-w-intencji-malzenstw-bezdzietnych-9-300x200.jpg\" data-width=\"300\" data-height=\"200\" aria-label=\"\" role=\"img\" ><\/div>\n\t\t\t\t\t\t\t\t\t\t\t<div class=\"elementor-gallery-item__overlay\"><\/div>\n\t\t\t\t\t\t\t\t\t\t\t\t\t\t<\/a>\n\t\t\t\t\t\t\t<a class=\"e-gallery-item elementor-gallery-item elementor-animated-content\" href=\"https:\/\/www.lichen.pl\/wp-content\/uploads\/2021\/08\/Dzien-modlitw-w-intencji-malzenstw-bezdzietnych-10.jpg\" data-elementor-open-lightbox=\"yes\" data-elementor-lightbox-slideshow=\"e2f36e1\" data-elementor-lightbox-title=\"Dzie\u0144 modlitw w intencji ma\u0142\u017ce\u0144stw bezdzietnych 10\" data-e-action-hash=\"#elementor-action%3Aaction%3Dlightbox%26settings%3DeyJpZCI6Mjc2ODksInVybCI6Imh0dHBzOlwvXC93d3cubGljaGVuLnBsXC93cC1jb250ZW50XC91cGxvYWRzXC8yMDIxXC8wOFwvRHppZW4tbW9kbGl0dy13LWludGVuY2ppLW1hbHplbnN0dy1iZXpkemlldG55Y2gtMTAuanBnIiwic2xpZGVzaG93IjoiZTJmMzZlMSJ9\">\n\t\t\t\t\t<div class=\"e-gallery-image elementor-gallery-item__image\" data-thumbnail=\"https:\/\/www.lichen.pl\/wp-content\/uploads\/2021\/08\/Dzien-modlitw-w-intencji-malzenstw-bezdzietnych-10-300x200.jpg\" data-width=\"300\" data-height=\"200\" aria-label=\"\" role=\"img\" ><\/div>\n\t\t\t\t\t\t\t\t\t\t\t<div class=\"elementor-gallery-item__overlay\"><\/div>\n\t\t\t\t\t\t\t\t\t\t\t\t\t\t<\/a>\n\t\t\t\t\t\t\t<a class=\"e-gallery-item elementor-gallery-item elementor-animated-content\" href=\"https:\/\/www.lichen.pl\/wp-content\/uploads\/2021\/08\/Dzien-modlitw-w-intencji-malzenstw-bezdzietnych-12.jpg\" data-elementor-open-lightbox=\"yes\" data-elementor-lightbox-slideshow=\"e2f36e1\" data-elementor-lightbox-title=\"Dzie\u0144 modlitw w intencji ma\u0142\u017ce\u0144stw bezdzietnych 12\" data-e-action-hash=\"#elementor-action%3Aaction%3Dlightbox%26settings%3DeyJpZCI6Mjc2OTksInVybCI6Imh0dHBzOlwvXC93d3cubGljaGVuLnBsXC93cC1jb250ZW50XC91cGxvYWRzXC8yMDIxXC8wOFwvRHppZW4tbW9kbGl0dy13LWludGVuY2ppLW1hbHplbnN0dy1iZXpkemlldG55Y2gtMTIuanBnIiwic2xpZGVzaG93IjoiZTJmMzZlMSJ9\">\n\t\t\t\t\t<div class=\"e-gallery-image elementor-gallery-item__image\" data-thumbnail=\"https:\/\/www.lichen.pl\/wp-content\/uploads\/2021\/08\/Dzien-modlitw-w-intencji-malzenstw-bezdzietnych-12-300x200.jpg\" data-width=\"300\" data-height=\"200\" aria-label=\"\" role=\"img\" ><\/div>\n\t\t\t\t\t\t\t\t\t\t\t<div class=\"elementor-gallery-item__overlay\"><\/div>\n\t\t\t\t\t\t\t\t\t\t\t\t\t\t<\/a>\n\t\t\t\t\t\t\t<a class=\"e-gallery-item elementor-gallery-item elementor-animated-content\" href=\"https:\/\/www.lichen.pl\/wp-content\/uploads\/2021\/08\/Dzien-modlitw-w-intencji-malzenstw-bezdzietnych-11.jpg\" data-elementor-open-lightbox=\"yes\" data-elementor-lightbox-slideshow=\"e2f36e1\" data-elementor-lightbox-title=\"Dzie\u0144 modlitw w intencji ma\u0142\u017ce\u0144stw bezdzietnych 11\" data-e-action-hash=\"#elementor-action%3Aaction%3Dlightbox%26settings%3DeyJpZCI6Mjc2OTQsInVybCI6Imh0dHBzOlwvXC93d3cubGljaGVuLnBsXC93cC1jb250ZW50XC91cGxvYWRzXC8yMDIxXC8wOFwvRHppZW4tbW9kbGl0dy13LWludGVuY2ppLW1hbHplbnN0dy1iZXpkemlldG55Y2gtMTEuanBnIiwic2xpZGVzaG93IjoiZTJmMzZlMSJ9\">\n\t\t\t\t\t<div class=\"e-gallery-image elementor-gallery-item__image\" data-thumbnail=\"https:\/\/www.lichen.pl\/wp-content\/uploads\/2021\/08\/Dzien-modlitw-w-intencji-malzenstw-bezdzietnych-11-300x200.jpg\" data-width=\"300\" data-height=\"200\" aria-label=\"\" role=\"img\" ><\/div>\n\t\t\t\t\t\t\t\t\t\t\t<div class=\"elementor-gallery-item__overlay\"><\/div>\n\t\t\t\t\t\t\t\t\t\t\t\t\t\t<\/a>\n\t\t\t\t\t\t\t<a class=\"e-gallery-item elementor-gallery-item elementor-animated-content\" href=\"https:\/\/www.lichen.pl\/wp-content\/uploads\/2021\/08\/Dzien-modlitw-w-intencji-malzenstw-bezdzietnych-13.jpg\" data-elementor-open-lightbox=\"yes\" data-elementor-lightbox-slideshow=\"e2f36e1\" data-elementor-lightbox-title=\"Dzie\u0144 modlitw w intencji ma\u0142\u017ce\u0144stw bezdzietnych 13\" data-e-action-hash=\"#elementor-action%3Aaction%3Dlightbox%26settings%3DeyJpZCI6Mjc3MDQsInVybCI6Imh0dHBzOlwvXC93d3cubGljaGVuLnBsXC93cC1jb250ZW50XC91cGxvYWRzXC8yMDIxXC8wOFwvRHppZW4tbW9kbGl0dy13LWludGVuY2ppLW1hbHplbnN0dy1iZXpkemlldG55Y2gtMTMuanBnIiwic2xpZGVzaG93IjoiZTJmMzZlMSJ9\">\n\t\t\t\t\t<div class=\"e-gallery-image elementor-gallery-item__image\" data-thumbnail=\"https:\/\/www.lichen.pl\/wp-content\/uploads\/2021\/08\/Dzien-modlitw-w-intencji-malzenstw-bezdzietnych-13-300x200.jpg\" data-width=\"300\" data-height=\"200\" aria-label=\"\" role=\"img\" ><\/div>\n\t\t\t\t\t\t\t\t\t\t\t<div class=\"elementor-gallery-item__overlay\"><\/div>\n\t\t\t\t\t\t\t\t\t\t\t\t\t\t<\/a>\n\t\t\t\t\t\t\t<a class=\"e-gallery-item elementor-gallery-item elementor-animated-content\" href=\"https:\/\/www.lichen.pl\/wp-content\/uploads\/2021\/08\/Dzien-modlitw-w-intencji-malzenstw-bezdzietnych-15.jpg\" data-elementor-open-lightbox=\"yes\" data-elementor-lightbox-slideshow=\"e2f36e1\" data-elementor-lightbox-title=\"Dzie\u0144 modlitw w intencji ma\u0142\u017ce\u0144stw bezdzietnych 15\" data-e-action-hash=\"#elementor-action%3Aaction%3Dlightbox%26settings%3DeyJpZCI6Mjc3MTQsInVybCI6Imh0dHBzOlwvXC93d3cubGljaGVuLnBsXC93cC1jb250ZW50XC91cGxvYWRzXC8yMDIxXC8wOFwvRHppZW4tbW9kbGl0dy13LWludGVuY2ppLW1hbHplbnN0dy1iZXpkemlldG55Y2gtMTUuanBnIiwic2xpZGVzaG93IjoiZTJmMzZlMSJ9\">\n\t\t\t\t\t<div class=\"e-gallery-image elementor-gallery-item__image\" data-thumbnail=\"https:\/\/www.lichen.pl\/wp-content\/uploads\/2021\/08\/Dzien-modlitw-w-intencji-malzenstw-bezdzietnych-15-200x300.jpg\" data-width=\"200\" data-height=\"300\" aria-label=\"\" role=\"img\" ><\/div>\n\t\t\t\t\t\t\t\t\t\t\t<div class=\"elementor-gallery-item__overlay\"><\/div>\n\t\t\t\t\t\t\t\t\t\t\t\t\t\t<\/a>\n\t\t\t\t\t<\/div>\n\t\t\t\t\t<\/div>\n\t\t\t\t<\/div>\n\t\t\t\t<div class=\"elementor-element elementor-element-1789b69 elementor-widget-divider--view-line elementor-widget elementor-widget-divider\" data-id=\"1789b69\" data-element_type=\"widget\" data-e-type=\"widget\" data-widget_type=\"divider.default\">\n\t\t\t\t<div class=\"elementor-widget-container\">\n\t\t\t\t\t\t\t<div class=\"elementor-divider\">\n\t\t\t<span class=\"elementor-divider-separator\">\n\t\t\t\t\t\t<\/span>\n\t\t<\/div>\n\t\t\t\t\t\t<\/div>\n\t\t\t\t<\/div>\n\t\t\t\t\t<\/div>\n\t\t<\/div>\n\t\t\t\t\t<\/div>\n\t\t<\/section>\n\t\t\t\t<\/div>","protected":false},"excerpt":{"rendered":"<p>W przypadaj\u0105ce dzi\u015b, 14 sierpnia, wspomnienie \u015bw. Maksymiliana Marii Kolbego, w liche\u0144skim sanktuarium modlono si\u0119 w intencji ma\u0142\u017ce\u0144stw maj\u0105cych problemy z pocz\u0119ciem dziecka. Niech ta intencja dnia dzisiejszego b\u0119dzie nam bliska. Pochylmy si\u0119 nad tymi ma\u0142\u017ce\u0144stwami, gdy\u017c pragn\u0105, aby ich dom wype\u0142ni\u0142 si\u0119 gwarem dzieci. Ogarnijmy te intencje nasz\u0105 modlitw\u0105 Ks. Janusz Kumala MIC, Msza [&hellip;]<\/p>\n","protected":false},"author":2,"featured_media":27719,"comment_status":"open","ping_status":"open","sticky":false,"template":"","format":"standard","meta":{"footnotes":""},"categories":[1],"tags":[],"class_list":["post-27642","post","type-post","status-publish","format-standard","has-post-thumbnail","hentry","category-aktualnosci","wpbf-post"],"yoast_head":"<!-- This site is optimized with the Yoast SEO plugin v27.4 - https:\/\/yoast.com\/product\/yoast-seo-wordpress\/ -->\n<title>Dzie\u0144 modlitw w intencji ma\u0142\u017ce\u0144stw bezdzietnych - SANKTUARIUM W LICHENIU<\/title>\n<meta name=\"robots\" content=\"index, follow, max-snippet:-1, max-image-preview:large, max-video-preview:-1\" \/>\n<link rel=\"canonical\" href=\"http:\/\/www.lichen.pl\/de\/dzien-modlitw-w-intencji-malzenstw-bezdzietnych\/\" \/>\n<meta property=\"og:locale\" content=\"de_DE\" \/>\n<meta property=\"og:type\" content=\"article\" \/>\n<meta property=\"og:title\" content=\"Dzie\u0144 modlitw w intencji ma\u0142\u017ce\u0144stw bezdzietnych - SANKTUARIUM W LICHENIU\" \/>\n<meta property=\"og:description\" content=\"W przypadaj\u0105ce dzi\u015b, 14 sierpnia, wspomnienie \u015bw. Maksymiliana Marii Kolbego, w liche\u0144skim sanktuarium modlono si\u0119 w intencji ma\u0142\u017ce\u0144stw maj\u0105cych problemy z pocz\u0119ciem dziecka. Niech ta intencja dnia dzisiejszego b\u0119dzie nam bliska. Pochylmy si\u0119 nad tymi ma\u0142\u017ce\u0144stwami, gdy\u017c pragn\u0105, aby ich dom wype\u0142ni\u0142 si\u0119 gwarem dzieci. Ogarnijmy te intencje nasz\u0105 modlitw\u0105 Ks. Janusz Kumala MIC, Msza [&hellip;]\" \/>\n<meta property=\"og:url\" content=\"http:\/\/www.lichen.pl\/de\/dzien-modlitw-w-intencji-malzenstw-bezdzietnych\/\" \/>\n<meta property=\"og:site_name\" content=\"SANKTUARIUM W LICHENIU\" \/>\n<meta property=\"article:published_time\" content=\"2021-08-14T14:00:51+00:00\" \/>\n<meta property=\"article:modified_time\" content=\"2021-08-17T18:32:10+00:00\" \/>\n<meta property=\"og:image\" content=\"http:\/\/www.lichen.pl\/wp-content\/uploads\/2021\/08\/Kadr.jpg\" \/>\n\t<meta property=\"og:image:width\" content=\"512\" \/>\n\t<meta property=\"og:image:height\" content=\"352\" \/>\n\t<meta property=\"og:image:type\" content=\"image\/jpeg\" \/>\n<meta name=\"author\" content=\"Arkadiusz Gorgolewski\" \/>\n<meta name=\"twitter:card\" content=\"summary_large_image\" \/>\n<meta name=\"twitter:label1\" content=\"Verfasst von\" \/>\n\t<meta name=\"twitter:data1\" content=\"Arkadiusz Gorgolewski\" \/>\n\t<meta name=\"twitter:label2\" content=\"Gesch\u00e4tzte Lesezeit\" \/>\n\t<meta name=\"twitter:data2\" content=\"2\u00a0Minuten\" \/>\n<script type=\"application\/ld+json\" class=\"yoast-schema-graph\">{\"@context\":\"https:\\\/\\\/schema.org\",\"@graph\":[{\"@type\":\"Article\",\"@id\":\"http:\\\/\\\/www.lichen.pl\\\/en\\\/dzien-modlitw-w-intencji-malzenstw-bezdzietnych\\\/#article\",\"isPartOf\":{\"@id\":\"http:\\\/\\\/www.lichen.pl\\\/en\\\/dzien-modlitw-w-intencji-malzenstw-bezdzietnych\\\/\"},\"author\":{\"name\":\"Arkadiusz Gorgolewski\",\"@id\":\"https:\\\/\\\/www.lichen.pl\\\/fr\\\/#\\\/schema\\\/person\\\/56fc5b38d70a2b34983408f9a457fd9d\"},\"headline\":\"Dzie\u0144 modlitw w intencji ma\u0142\u017ce\u0144stw bezdzietnych\",\"datePublished\":\"2021-08-14T14:00:51+00:00\",\"dateModified\":\"2021-08-17T18:32:10+00:00\",\"mainEntityOfPage\":{\"@id\":\"http:\\\/\\\/www.lichen.pl\\\/en\\\/dzien-modlitw-w-intencji-malzenstw-bezdzietnych\\\/\"},\"wordCount\":451,\"commentCount\":0,\"image\":{\"@id\":\"http:\\\/\\\/www.lichen.pl\\\/en\\\/dzien-modlitw-w-intencji-malzenstw-bezdzietnych\\\/#primaryimage\"},\"thumbnailUrl\":\"https:\\\/\\\/www.lichen.pl\\\/wp-content\\\/uploads\\\/2021\\\/08\\\/Kadr.jpg\",\"articleSection\":[\"Aktualno\u015bci\"],\"inLanguage\":\"de\",\"potentialAction\":[{\"@type\":\"CommentAction\",\"name\":\"Comment\",\"target\":[\"http:\\\/\\\/www.lichen.pl\\\/en\\\/dzien-modlitw-w-intencji-malzenstw-bezdzietnych\\\/#respond\"]}]},{\"@type\":\"WebPage\",\"@id\":\"http:\\\/\\\/www.lichen.pl\\\/en\\\/dzien-modlitw-w-intencji-malzenstw-bezdzietnych\\\/\",\"url\":\"http:\\\/\\\/www.lichen.pl\\\/en\\\/dzien-modlitw-w-intencji-malzenstw-bezdzietnych\\\/\",\"name\":\"Dzie\u0144 modlitw w intencji ma\u0142\u017ce\u0144stw bezdzietnych - SANKTUARIUM W LICHENIU\",\"isPartOf\":{\"@id\":\"https:\\\/\\\/www.lichen.pl\\\/fr\\\/#website\"},\"primaryImageOfPage\":{\"@id\":\"http:\\\/\\\/www.lichen.pl\\\/en\\\/dzien-modlitw-w-intencji-malzenstw-bezdzietnych\\\/#primaryimage\"},\"image\":{\"@id\":\"http:\\\/\\\/www.lichen.pl\\\/en\\\/dzien-modlitw-w-intencji-malzenstw-bezdzietnych\\\/#primaryimage\"},\"thumbnailUrl\":\"https:\\\/\\\/www.lichen.pl\\\/wp-content\\\/uploads\\\/2021\\\/08\\\/Kadr.jpg\",\"datePublished\":\"2021-08-14T14:00:51+00:00\",\"dateModified\":\"2021-08-17T18:32:10+00:00\",\"author\":{\"@id\":\"https:\\\/\\\/www.lichen.pl\\\/fr\\\/#\\\/schema\\\/person\\\/56fc5b38d70a2b34983408f9a457fd9d\"},\"breadcrumb\":{\"@id\":\"http:\\\/\\\/www.lichen.pl\\\/en\\\/dzien-modlitw-w-intencji-malzenstw-bezdzietnych\\\/#breadcrumb\"},\"inLanguage\":\"de\",\"potentialAction\":[{\"@type\":\"ReadAction\",\"target\":[\"http:\\\/\\\/www.lichen.pl\\\/en\\\/dzien-modlitw-w-intencji-malzenstw-bezdzietnych\\\/\"]}]},{\"@type\":\"ImageObject\",\"inLanguage\":\"de\",\"@id\":\"http:\\\/\\\/www.lichen.pl\\\/en\\\/dzien-modlitw-w-intencji-malzenstw-bezdzietnych\\\/#primaryimage\",\"url\":\"https:\\\/\\\/www.lichen.pl\\\/wp-content\\\/uploads\\\/2021\\\/08\\\/Kadr.jpg\",\"contentUrl\":\"https:\\\/\\\/www.lichen.pl\\\/wp-content\\\/uploads\\\/2021\\\/08\\\/Kadr.jpg\",\"width\":512,\"height\":352},{\"@type\":\"BreadcrumbList\",\"@id\":\"http:\\\/\\\/www.lichen.pl\\\/en\\\/dzien-modlitw-w-intencji-malzenstw-bezdzietnych\\\/#breadcrumb\",\"itemListElement\":[{\"@type\":\"ListItem\",\"position\":1,\"name\":\"Strona g\u0142\u00f3wna\",\"item\":\"https:\\\/\\\/www.lichen.pl\\\/\"},{\"@type\":\"ListItem\",\"position\":2,\"name\":\"Dzie\u0144 modlitw w intencji ma\u0142\u017ce\u0144stw bezdzietnych\"}]},{\"@type\":\"WebSite\",\"@id\":\"https:\\\/\\\/www.lichen.pl\\\/fr\\\/#website\",\"url\":\"https:\\\/\\\/www.lichen.pl\\\/fr\\\/\",\"name\":\"SANKTUARIUM W LICHENIU\",\"description\":\"MATKI BO\u017bEJ LICHE\u0143SKIEJ BOLESNEJ KR\u00d3LOWEJ POLSKI\",\"potentialAction\":[{\"@type\":\"SearchAction\",\"target\":{\"@type\":\"EntryPoint\",\"urlTemplate\":\"https:\\\/\\\/www.lichen.pl\\\/fr\\\/?s={search_term_string}\"},\"query-input\":{\"@type\":\"PropertyValueSpecification\",\"valueRequired\":true,\"valueName\":\"search_term_string\"}}],\"inLanguage\":\"de\"},{\"@type\":\"Person\",\"@id\":\"https:\\\/\\\/www.lichen.pl\\\/fr\\\/#\\\/schema\\\/person\\\/56fc5b38d70a2b34983408f9a457fd9d\",\"name\":\"Arkadiusz Gorgolewski\",\"image\":{\"@type\":\"ImageObject\",\"inLanguage\":\"de\",\"@id\":\"https:\\\/\\\/secure.gravatar.com\\\/avatar\\\/0f571b370f5aa245b1fd3b9c945511b004fe17579bdefd5054d99f0ba315149c?s=96&d=retro&r=g\",\"url\":\"https:\\\/\\\/secure.gravatar.com\\\/avatar\\\/0f571b370f5aa245b1fd3b9c945511b004fe17579bdefd5054d99f0ba315149c?s=96&d=retro&r=g\",\"contentUrl\":\"https:\\\/\\\/secure.gravatar.com\\\/avatar\\\/0f571b370f5aa245b1fd3b9c945511b004fe17579bdefd5054d99f0ba315149c?s=96&d=retro&r=g\",\"caption\":\"Arkadiusz Gorgolewski\"},\"url\":\"https:\\\/\\\/www.lichen.pl\\\/de\\\/author\\\/sanadmin\\\/\"}]}<\/script>\n<!-- \/ Yoast SEO plugin. -->","yoast_head_json":{"title":"Dzie\u0144 modlitw w intencji ma\u0142\u017ce\u0144stw bezdzietnych - SANKTUARIUM W LICHENIU","robots":{"index":"index","follow":"follow","max-snippet":"max-snippet:-1","max-image-preview":"max-image-preview:large","max-video-preview":"max-video-preview:-1"},"canonical":"http:\/\/www.lichen.pl\/de\/dzien-modlitw-w-intencji-malzenstw-bezdzietnych\/","og_locale":"de_DE","og_type":"article","og_title":"Dzie\u0144 modlitw w intencji ma\u0142\u017ce\u0144stw bezdzietnych - SANKTUARIUM W LICHENIU","og_description":"W przypadaj\u0105ce dzi\u015b, 14 sierpnia, wspomnienie \u015bw. Maksymiliana Marii Kolbego, w liche\u0144skim sanktuarium modlono si\u0119 w intencji ma\u0142\u017ce\u0144stw maj\u0105cych problemy z pocz\u0119ciem dziecka. Niech ta intencja dnia dzisiejszego b\u0119dzie nam bliska. Pochylmy si\u0119 nad tymi ma\u0142\u017ce\u0144stwami, gdy\u017c pragn\u0105, aby ich dom wype\u0142ni\u0142 si\u0119 gwarem dzieci. Ogarnijmy te intencje nasz\u0105 modlitw\u0105 Ks. Janusz Kumala MIC, Msza [&hellip;]","og_url":"http:\/\/www.lichen.pl\/de\/dzien-modlitw-w-intencji-malzenstw-bezdzietnych\/","og_site_name":"SANKTUARIUM W LICHENIU","article_published_time":"2021-08-14T14:00:51+00:00","article_modified_time":"2021-08-17T18:32:10+00:00","og_image":[{"width":512,"height":352,"url":"http:\/\/www.lichen.pl\/wp-content\/uploads\/2021\/08\/Kadr.jpg","type":"image\/jpeg"}],"author":"Arkadiusz Gorgolewski","twitter_card":"summary_large_image","twitter_misc":{"Verfasst von":"Arkadiusz Gorgolewski","Gesch\u00e4tzte Lesezeit":"2\u00a0Minuten"},"schema":{"@context":"https:\/\/schema.org","@graph":[{"@type":"Article","@id":"http:\/\/www.lichen.pl\/en\/dzien-modlitw-w-intencji-malzenstw-bezdzietnych\/#article","isPartOf":{"@id":"http:\/\/www.lichen.pl\/en\/dzien-modlitw-w-intencji-malzenstw-bezdzietnych\/"},"author":{"name":"Arkadiusz Gorgolewski","@id":"https:\/\/www.lichen.pl\/fr\/#\/schema\/person\/56fc5b38d70a2b34983408f9a457fd9d"},"headline":"Dzie\u0144 modlitw w intencji ma\u0142\u017ce\u0144stw bezdzietnych","datePublished":"2021-08-14T14:00:51+00:00","dateModified":"2021-08-17T18:32:10+00:00","mainEntityOfPage":{"@id":"http:\/\/www.lichen.pl\/en\/dzien-modlitw-w-intencji-malzenstw-bezdzietnych\/"},"wordCount":451,"commentCount":0,"image":{"@id":"http:\/\/www.lichen.pl\/en\/dzien-modlitw-w-intencji-malzenstw-bezdzietnych\/#primaryimage"},"thumbnailUrl":"https:\/\/www.lichen.pl\/wp-content\/uploads\/2021\/08\/Kadr.jpg","articleSection":["Aktualno\u015bci"],"inLanguage":"de","potentialAction":[{"@type":"CommentAction","name":"Comment","target":["http:\/\/www.lichen.pl\/en\/dzien-modlitw-w-intencji-malzenstw-bezdzietnych\/#respond"]}]},{"@type":"WebPage","@id":"http:\/\/www.lichen.pl\/en\/dzien-modlitw-w-intencji-malzenstw-bezdzietnych\/","url":"http:\/\/www.lichen.pl\/en\/dzien-modlitw-w-intencji-malzenstw-bezdzietnych\/","name":"Dzie\u0144 modlitw w intencji ma\u0142\u017ce\u0144stw bezdzietnych - SANKTUARIUM W LICHENIU","isPartOf":{"@id":"https:\/\/www.lichen.pl\/fr\/#website"},"primaryImageOfPage":{"@id":"http:\/\/www.lichen.pl\/en\/dzien-modlitw-w-intencji-malzenstw-bezdzietnych\/#primaryimage"},"image":{"@id":"http:\/\/www.lichen.pl\/en\/dzien-modlitw-w-intencji-malzenstw-bezdzietnych\/#primaryimage"},"thumbnailUrl":"https:\/\/www.lichen.pl\/wp-content\/uploads\/2021\/08\/Kadr.jpg","datePublished":"2021-08-14T14:00:51+00:00","dateModified":"2021-08-17T18:32:10+00:00","author":{"@id":"https:\/\/www.lichen.pl\/fr\/#\/schema\/person\/56fc5b38d70a2b34983408f9a457fd9d"},"breadcrumb":{"@id":"http:\/\/www.lichen.pl\/en\/dzien-modlitw-w-intencji-malzenstw-bezdzietnych\/#breadcrumb"},"inLanguage":"de","potentialAction":[{"@type":"ReadAction","target":["http:\/\/www.lichen.pl\/en\/dzien-modlitw-w-intencji-malzenstw-bezdzietnych\/"]}]},{"@type":"ImageObject","inLanguage":"de","@id":"http:\/\/www.lichen.pl\/en\/dzien-modlitw-w-intencji-malzenstw-bezdzietnych\/#primaryimage","url":"https:\/\/www.lichen.pl\/wp-content\/uploads\/2021\/08\/Kadr.jpg","contentUrl":"https:\/\/www.lichen.pl\/wp-content\/uploads\/2021\/08\/Kadr.jpg","width":512,"height":352},{"@type":"BreadcrumbList","@id":"http:\/\/www.lichen.pl\/en\/dzien-modlitw-w-intencji-malzenstw-bezdzietnych\/#breadcrumb","itemListElement":[{"@type":"ListItem","position":1,"name":"Strona g\u0142\u00f3wna","item":"https:\/\/www.lichen.pl\/"},{"@type":"ListItem","position":2,"name":"Dzie\u0144 modlitw w intencji ma\u0142\u017ce\u0144stw bezdzietnych"}]},{"@type":"WebSite","@id":"https:\/\/www.lichen.pl\/fr\/#website","url":"https:\/\/www.lichen.pl\/fr\/","name":"HEILIGTUM IN LICHENIEN","description":"DIE TRAURIGE K\u00d6NIGIN UNSERER FLECHEN VON POLEN","potentialAction":[{"@type":"SearchAction","target":{"@type":"EntryPoint","urlTemplate":"https:\/\/www.lichen.pl\/fr\/?s={search_term_string}"},"query-input":{"@type":"PropertyValueSpecification","valueRequired":true,"valueName":"search_term_string"}}],"inLanguage":"de"},{"@type":"Person","@id":"https:\/\/www.lichen.pl\/fr\/#\/schema\/person\/56fc5b38d70a2b34983408f9a457fd9d","name":"Arkadiusz Gorgolewski","image":{"@type":"ImageObject","inLanguage":"de","@id":"https:\/\/secure.gravatar.com\/avatar\/0f571b370f5aa245b1fd3b9c945511b004fe17579bdefd5054d99f0ba315149c?s=96&d=retro&r=g","url":"https:\/\/secure.gravatar.com\/avatar\/0f571b370f5aa245b1fd3b9c945511b004fe17579bdefd5054d99f0ba315149c?s=96&d=retro&r=g","contentUrl":"https:\/\/secure.gravatar.com\/avatar\/0f571b370f5aa245b1fd3b9c945511b004fe17579bdefd5054d99f0ba315149c?s=96&d=retro&r=g","caption":"Arkadiusz Gorgolewski"},"url":"https:\/\/www.lichen.pl\/de\/author\/sanadmin\/"}]}},"_links":{"self":[{"href":"https:\/\/www.lichen.pl\/de\/wp-json\/wp\/v2\/posts\/27642","targetHints":{"allow":["GET"]}}],"collection":[{"href":"https:\/\/www.lichen.pl\/de\/wp-json\/wp\/v2\/posts"}],"about":[{"href":"https:\/\/www.lichen.pl\/de\/wp-json\/wp\/v2\/types\/post"}],"author":[{"embeddable":true,"href":"https:\/\/www.lichen.pl\/de\/wp-json\/wp\/v2\/users\/2"}],"replies":[{"embeddable":true,"href":"https:\/\/www.lichen.pl\/de\/wp-json\/wp\/v2\/comments?post=27642"}],"version-history":[{"count":4,"href":"https:\/\/www.lichen.pl\/de\/wp-json\/wp\/v2\/posts\/27642\/revisions"}],"predecessor-version":[{"id":27727,"href":"https:\/\/www.lichen.pl\/de\/wp-json\/wp\/v2\/posts\/27642\/revisions\/27727"}],"wp:featuredmedia":[{"embeddable":true,"href":"https:\/\/www.lichen.pl\/de\/wp-json\/wp\/v2\/media\/27719"}],"wp:attachment":[{"href":"https:\/\/www.lichen.pl\/de\/wp-json\/wp\/v2\/media?parent=27642"}],"wp:term":[{"taxonomy":"category","embeddable":true,"href":"https:\/\/www.lichen.pl\/de\/wp-json\/wp\/v2\/categories?post=27642"},{"taxonomy":"post_tag","embeddable":true,"href":"https:\/\/www.lichen.pl\/de\/wp-json\/wp\/v2\/tags?post=27642"}],"curies":[{"name":"wp","href":"https:\/\/api.w.org\/{rel}","templated":true}]}}