{"id":28990,"date":"2021-08-28T13:10:42","date_gmt":"2021-08-28T13:10:42","guid":{"rendered":"http:\/\/www.lichen.pl\/?p=28990"},"modified":"2021-09-03T12:43:24","modified_gmt":"2021-09-03T12:43:24","slug":"modlili-sie-o-jednosc-malzenska","status":"publish","type":"post","link":"https:\/\/www.lichen.pl\/de\/modlili-sie-o-jednosc-malzenska\/","title":{"rendered":"Wir beten f\u00fcr die eheliche Einheit - Ein Gebetstag f\u00fcr Ehen in der Krise"},"content":{"rendered":"<div data-elementor-type=\"wp-post\" data-elementor-id=\"28990\" class=\"elementor elementor-28990\" data-elementor-post-type=\"post\">\n\t\t\t\t\t\t<section class=\"elementor-section elementor-top-section elementor-element elementor-element-8f02237 elementor-section-boxed elementor-section-height-default elementor-section-height-default\" data-id=\"8f02237\" data-element_type=\"section\" data-e-type=\"section\">\n\t\t\t\t\t\t<div class=\"elementor-container elementor-column-gap-default\">\n\t\t\t\t\t<div class=\"elementor-column elementor-col-100 elementor-top-column elementor-element elementor-element-53294b8\" data-id=\"53294b8\" data-element_type=\"column\" data-e-type=\"column\">\n\t\t\t<div class=\"elementor-widget-wrap elementor-element-populated\">\n\t\t\t\t\t\t<div class=\"elementor-element elementor-element-77b8c31 elementor-widget elementor-widget-image\" data-id=\"77b8c31\" data-element_type=\"widget\" data-e-type=\"widget\" data-widget_type=\"image.default\">\n\t\t\t\t<div class=\"elementor-widget-container\">\n\t\t\t\t\t\t\t\t\t\t\t\t\t\t\t<img fetchpriority=\"high\" decoding=\"async\" width=\"768\" height=\"1023\" src=\"https:\/\/www.lichen.pl\/wp-content\/uploads\/2021\/09\/P1390206-768x1023.jpg\" class=\"attachment-medium_large size-medium_large wp-image-28991\" alt=\"\" srcset=\"https:\/\/www.lichen.pl\/wp-content\/uploads\/2021\/09\/P1390206-768x1023.jpg 768w, https:\/\/www.lichen.pl\/wp-content\/uploads\/2021\/09\/P1390206-225x300.jpg 225w, https:\/\/www.lichen.pl\/wp-content\/uploads\/2021\/09\/P1390206-769x1024.jpg 769w, https:\/\/www.lichen.pl\/wp-content\/uploads\/2021\/09\/P1390206-1154x1536.jpg 1154w, https:\/\/www.lichen.pl\/wp-content\/uploads\/2021\/09\/P1390206-1538x2048.jpg 1538w, https:\/\/www.lichen.pl\/wp-content\/uploads\/2021\/09\/P1390206-scaled.jpg 962w\" sizes=\"(max-width: 768px) 100vw, 768px\" \/>\t\t\t\t\t\t\t\t\t\t\t\t\t\t\t<\/div>\n\t\t\t\t<\/div>\n\t\t\t\t<div class=\"elementor-element elementor-element-f74b405 elementor-widget elementor-widget-text-editor\" data-id=\"f74b405\" data-element_type=\"widget\" data-e-type=\"widget\" data-widget_type=\"text-editor.default\">\n\t\t\t\t<div class=\"elementor-widget-container\">\n\t\t\t\t\t\t\t\t\t<p style=\"text-align: justify;\"><span style=\"color: #000000;\"><b style=\"font-family: var( --e-global-typography-text-font-family ), aleo;\">Die Teilnehmer der Mittagsmesse beteten f\u00fcr eine Erneuerung der ehelichen Liebe. 28. August. In der Wallfahrtskirche Unserer Lieben Frau von Liche\u0144 war es ein Gebetstag f\u00fcr Ehepaare in der Krise.<\/b><\/span><\/p><p style=\"text-align: justify;\"><span style=\"color: #000000;\">Mittagsmesse wurde von Fr. Bogus\u0142aw Binda, MIC, Oberer der Flechtengemeinschaft der Marienpriester. Zum Gedenken an St. Augustinus, einer der vier Lehrer der westlichen Kirche, erinnerte daran, dass wir w\u00e4hrend der Eucharistie im Tempel an der Quelle des Lebens sind und f\u00fcr Gott nichts unm\u00f6glich ist, solange wir f\u00fcr seine Gnaden offen sind. - Heute m\u00f6chten wir f\u00fcr diejenigen beten, die mit verschiedenen Schwierigkeiten in Bezug auf Versklavung und S\u00fcnde konfrontiert sind - sagte er und erinnerte an das Beispiel des Lebens des hl. Augustinus - die Geschichte der Bekehrung des Heiligen. - Denken wir daran, zu konvertieren und Zeugen zu sein. Es ist wichtig, das Wort Gottes jeden Tag zu leben und sich um seinen inneren Tempel zu k\u00fcmmern. Lasst uns von Maria lernen, \u201eJa\u201c zu Gott zu sagen. Sie zeigt uns Christus, der der Weg ist. Wir m\u00f6chten Maria in unsere Hauskirche einladen, im Vertrauen darauf, dass wir im Guten ausharren und die Herrlichkeit des Himmels erlangen k\u00f6nnen - sagte P. Binda.<\/span><\/p><p style=\"text-align: justify;\"><span style=\"color: #000000;\">- Einberufene k\u00f6nnen eine schwierige Zeit in der gemeinsamen Beziehung durchmachen, eine Krise erleben, aber es muss nicht zum Scheitern der Ehe f\u00fchren. Wenn sich ein Ehepaar Christus zuwendet, wird es von ihm sicherlich die Gnade der erneuerten Liebe und die Kraft empfangen, die Schwierigkeiten zu \u00fcberwinden, denen sie begegnen.<\/span><\/p><p style=\"text-align: justify;\"><span style=\"color: #000000;\">Diejenigen, die nach der Eucharistie bereit waren, konnten eine Mappe mit einem Gebet zu Unserer Lieben Frau von Flechten f\u00fcr Ehen in der Krise und eine spezielle Novene zu Unserer Lieben Frau von Flechten f\u00fcr Ehen, die vom Auseinanderfallen bedroht sind, mitnehmen. Am morgigen Sonntag findet im Heiligtum von Liche\u0144 ein Gebetstag f\u00fcr Kinder und Jugendliche zum Schuljahresbeginn statt.<\/span><\/p><p style=\"text-align: justify;\"><span style=\"color: #000000;\">Es sei daran erinnert, dass jeden Samstagabend die Heilige Messe in der Basilika f\u00fcr Ehepaare und Familien angeboten wird. Und Ehepaare k\u00f6nnen ihr Eheversprechen erneuern und um Beharrlichkeit in der Liebe bitten.\u00a0<\/span><\/p>\t\t\t\t\t\t\t\t<\/div>\n\t\t\t\t<\/div>\n\t\t\t\t<div class=\"elementor-element elementor-element-dad401b elementor-widget-divider--view-line_icon elementor-view-default elementor-widget elementor-widget-divider\" data-id=\"dad401b\" data-element_type=\"widget\" data-e-type=\"widget\" data-widget_type=\"divider.default\">\n\t\t\t\t<div class=\"elementor-widget-container\">\n\t\t\t\t\t\t\t<div class=\"elementor-divider\">\n\t\t\t<span class=\"elementor-divider-separator\">\n\t\t\t\t\t\t\t<div class=\"elementor-icon elementor-divider__element\">\n\t\t\t\t\t<i aria-hidden=\"true\" class=\"fas fa-camera\"><\/i><\/div>\n\t\t\t\t\t\t<\/span>\n\t\t<\/div>\n\t\t\t\t\t\t<\/div>\n\t\t\t\t<\/div>\n\t\t\t\t<div class=\"elementor-element elementor-element-fabf595 elementor-widget elementor-widget-gallery\" data-id=\"fabf595\" data-element_type=\"widget\" data-e-type=\"widget\" data-settings=\"{&quot;columns&quot;:8,&quot;lazyload&quot;:&quot;yes&quot;,&quot;gallery_layout&quot;:&quot;grid&quot;,&quot;columns_tablet&quot;:2,&quot;columns_mobile&quot;:1,&quot;gap&quot;:{&quot;unit&quot;:&quot;px&quot;,&quot;size&quot;:10,&quot;sizes&quot;:[]},&quot;gap_tablet&quot;:{&quot;unit&quot;:&quot;px&quot;,&quot;size&quot;:10,&quot;sizes&quot;:[]},&quot;gap_mobile&quot;:{&quot;unit&quot;:&quot;px&quot;,&quot;size&quot;:10,&quot;sizes&quot;:[]},&quot;link_to&quot;:&quot;file&quot;,&quot;aspect_ratio&quot;:&quot;3:2&quot;,&quot;overlay_background&quot;:&quot;yes&quot;,&quot;content_hover_animation&quot;:&quot;fade-in&quot;}\" data-widget_type=\"gallery.default\">\n\t\t\t\t<div class=\"elementor-widget-container\">\n\t\t\t\t\t\t\t<div class=\"elementor-gallery__container\">\n\t\t\t\t\t\t\t<a class=\"e-gallery-item elementor-gallery-item elementor-animated-content\" href=\"https:\/\/www.lichen.pl\/wp-content\/uploads\/2021\/09\/P1390254-scaled.jpg\" data-elementor-open-lightbox=\"yes\" data-elementor-lightbox-slideshow=\"fabf595\" data-elementor-lightbox-title=\"P1390254\" data-e-action-hash=\"#elementor-action%3Aaction%3Dlightbox%26settings%3DeyJpZCI6MjkwMzYsInVybCI6Imh0dHBzOlwvXC93d3cubGljaGVuLnBsXC93cC1jb250ZW50XC91cGxvYWRzXC8yMDIxXC8wOVwvUDEzOTAyNTQtc2NhbGVkLmpwZyIsInNsaWRlc2hvdyI6ImZhYmY1OTUifQ%3D%3D\">\n\t\t\t\t\t<div class=\"e-gallery-image elementor-gallery-item__image\" data-thumbnail=\"https:\/\/www.lichen.pl\/wp-content\/uploads\/2021\/09\/P1390254-300x225.jpg\" data-width=\"300\" data-height=\"225\" aria-label=\"\" role=\"img\" ><\/div>\n\t\t\t\t\t\t\t\t\t\t\t<div class=\"elementor-gallery-item__overlay\"><\/div>\n\t\t\t\t\t\t\t\t\t\t\t\t\t\t<\/a>\n\t\t\t\t\t\t\t<a class=\"e-gallery-item elementor-gallery-item elementor-animated-content\" href=\"https:\/\/www.lichen.pl\/wp-content\/uploads\/2021\/09\/P1390253-scaled.jpg\" data-elementor-open-lightbox=\"yes\" data-elementor-lightbox-slideshow=\"fabf595\" data-elementor-lightbox-title=\"P1390253\" data-e-action-hash=\"#elementor-action%3Aaction%3Dlightbox%26settings%3DeyJpZCI6MjkwMzEsInVybCI6Imh0dHBzOlwvXC93d3cubGljaGVuLnBsXC93cC1jb250ZW50XC91cGxvYWRzXC8yMDIxXC8wOVwvUDEzOTAyNTMtc2NhbGVkLmpwZyIsInNsaWRlc2hvdyI6ImZhYmY1OTUifQ%3D%3D\">\n\t\t\t\t\t<div class=\"e-gallery-image elementor-gallery-item__image\" data-thumbnail=\"https:\/\/www.lichen.pl\/wp-content\/uploads\/2021\/09\/P1390253-225x300.jpg\" data-width=\"225\" data-height=\"300\" aria-label=\"\" role=\"img\" ><\/div>\n\t\t\t\t\t\t\t\t\t\t\t<div class=\"elementor-gallery-item__overlay\"><\/div>\n\t\t\t\t\t\t\t\t\t\t\t\t\t\t<\/a>\n\t\t\t\t\t\t\t<a class=\"e-gallery-item elementor-gallery-item elementor-animated-content\" href=\"https:\/\/www.lichen.pl\/wp-content\/uploads\/2021\/09\/P1390241-scaled.jpg\" data-elementor-open-lightbox=\"yes\" data-elementor-lightbox-slideshow=\"fabf595\" data-elementor-lightbox-title=\"P1390241\" data-e-action-hash=\"#elementor-action%3Aaction%3Dlightbox%26settings%3DeyJpZCI6MjkwMjYsInVybCI6Imh0dHBzOlwvXC93d3cubGljaGVuLnBsXC93cC1jb250ZW50XC91cGxvYWRzXC8yMDIxXC8wOVwvUDEzOTAyNDEtc2NhbGVkLmpwZyIsInNsaWRlc2hvdyI6ImZhYmY1OTUifQ%3D%3D\">\n\t\t\t\t\t<div class=\"e-gallery-image elementor-gallery-item__image\" data-thumbnail=\"https:\/\/www.lichen.pl\/wp-content\/uploads\/2021\/09\/P1390241-225x300.jpg\" data-width=\"225\" data-height=\"300\" aria-label=\"\" role=\"img\" ><\/div>\n\t\t\t\t\t\t\t\t\t\t\t<div class=\"elementor-gallery-item__overlay\"><\/div>\n\t\t\t\t\t\t\t\t\t\t\t\t\t\t<\/a>\n\t\t\t\t\t\t\t<a class=\"e-gallery-item elementor-gallery-item elementor-animated-content\" href=\"https:\/\/www.lichen.pl\/wp-content\/uploads\/2021\/09\/P1390221-scaled.jpg\" data-elementor-open-lightbox=\"yes\" data-elementor-lightbox-slideshow=\"fabf595\" data-elementor-lightbox-title=\"P1390221\" data-e-action-hash=\"#elementor-action%3Aaction%3Dlightbox%26settings%3DeyJpZCI6MjkwMjEsInVybCI6Imh0dHBzOlwvXC93d3cubGljaGVuLnBsXC93cC1jb250ZW50XC91cGxvYWRzXC8yMDIxXC8wOVwvUDEzOTAyMjEtc2NhbGVkLmpwZyIsInNsaWRlc2hvdyI6ImZhYmY1OTUifQ%3D%3D\">\n\t\t\t\t\t<div class=\"e-gallery-image elementor-gallery-item__image\" data-thumbnail=\"https:\/\/www.lichen.pl\/wp-content\/uploads\/2021\/09\/P1390221-225x300.jpg\" data-width=\"225\" data-height=\"300\" aria-label=\"\" role=\"img\" ><\/div>\n\t\t\t\t\t\t\t\t\t\t\t<div class=\"elementor-gallery-item__overlay\"><\/div>\n\t\t\t\t\t\t\t\t\t\t\t\t\t\t<\/a>\n\t\t\t\t\t\t\t<a class=\"e-gallery-item elementor-gallery-item elementor-animated-content\" href=\"https:\/\/www.lichen.pl\/wp-content\/uploads\/2021\/09\/P1390220-scaled.jpg\" data-elementor-open-lightbox=\"yes\" data-elementor-lightbox-slideshow=\"fabf595\" data-elementor-lightbox-title=\"P1390220\" data-e-action-hash=\"#elementor-action%3Aaction%3Dlightbox%26settings%3DeyJpZCI6MjkwMTYsInVybCI6Imh0dHBzOlwvXC93d3cubGljaGVuLnBsXC93cC1jb250ZW50XC91cGxvYWRzXC8yMDIxXC8wOVwvUDEzOTAyMjAtc2NhbGVkLmpwZyIsInNsaWRlc2hvdyI6ImZhYmY1OTUifQ%3D%3D\">\n\t\t\t\t\t<div class=\"e-gallery-image elementor-gallery-item__image\" data-thumbnail=\"https:\/\/www.lichen.pl\/wp-content\/uploads\/2021\/09\/P1390220-225x300.jpg\" data-width=\"225\" data-height=\"300\" aria-label=\"\" role=\"img\" ><\/div>\n\t\t\t\t\t\t\t\t\t\t\t<div class=\"elementor-gallery-item__overlay\"><\/div>\n\t\t\t\t\t\t\t\t\t\t\t\t\t\t<\/a>\n\t\t\t\t\t\t\t<a class=\"e-gallery-item elementor-gallery-item elementor-animated-content\" href=\"https:\/\/www.lichen.pl\/wp-content\/uploads\/2021\/09\/P1390218-scaled.jpg\" data-elementor-open-lightbox=\"yes\" data-elementor-lightbox-slideshow=\"fabf595\" data-elementor-lightbox-title=\"P1390218\" data-e-action-hash=\"#elementor-action%3Aaction%3Dlightbox%26settings%3DeyJpZCI6MjkwMTEsInVybCI6Imh0dHBzOlwvXC93d3cubGljaGVuLnBsXC93cC1jb250ZW50XC91cGxvYWRzXC8yMDIxXC8wOVwvUDEzOTAyMTgtc2NhbGVkLmpwZyIsInNsaWRlc2hvdyI6ImZhYmY1OTUifQ%3D%3D\">\n\t\t\t\t\t<div class=\"e-gallery-image elementor-gallery-item__image\" data-thumbnail=\"https:\/\/www.lichen.pl\/wp-content\/uploads\/2021\/09\/P1390218-225x300.jpg\" data-width=\"225\" data-height=\"300\" aria-label=\"\" role=\"img\" ><\/div>\n\t\t\t\t\t\t\t\t\t\t\t<div class=\"elementor-gallery-item__overlay\"><\/div>\n\t\t\t\t\t\t\t\t\t\t\t\t\t\t<\/a>\n\t\t\t\t\t\t\t<a class=\"e-gallery-item elementor-gallery-item elementor-animated-content\" href=\"https:\/\/www.lichen.pl\/wp-content\/uploads\/2021\/09\/P1390216-scaled.jpg\" data-elementor-open-lightbox=\"yes\" data-elementor-lightbox-slideshow=\"fabf595\" data-elementor-lightbox-title=\"P1390216\" data-e-action-hash=\"#elementor-action%3Aaction%3Dlightbox%26settings%3DeyJpZCI6MjkwMDYsInVybCI6Imh0dHBzOlwvXC93d3cubGljaGVuLnBsXC93cC1jb250ZW50XC91cGxvYWRzXC8yMDIxXC8wOVwvUDEzOTAyMTYtc2NhbGVkLmpwZyIsInNsaWRlc2hvdyI6ImZhYmY1OTUifQ%3D%3D\">\n\t\t\t\t\t<div class=\"e-gallery-image elementor-gallery-item__image\" data-thumbnail=\"https:\/\/www.lichen.pl\/wp-content\/uploads\/2021\/09\/P1390216-300x225.jpg\" data-width=\"300\" data-height=\"225\" aria-label=\"\" role=\"img\" ><\/div>\n\t\t\t\t\t\t\t\t\t\t\t<div class=\"elementor-gallery-item__overlay\"><\/div>\n\t\t\t\t\t\t\t\t\t\t\t\t\t\t<\/a>\n\t\t\t\t\t\t\t<a class=\"e-gallery-item elementor-gallery-item elementor-animated-content\" href=\"https:\/\/www.lichen.pl\/wp-content\/uploads\/2021\/09\/P1390214-scaled.jpg\" data-elementor-open-lightbox=\"yes\" data-elementor-lightbox-slideshow=\"fabf595\" data-elementor-lightbox-title=\"P1390214\" data-e-action-hash=\"#elementor-action%3Aaction%3Dlightbox%26settings%3DeyJpZCI6MjkwMDEsInVybCI6Imh0dHBzOlwvXC93d3cubGljaGVuLnBsXC93cC1jb250ZW50XC91cGxvYWRzXC8yMDIxXC8wOVwvUDEzOTAyMTQtc2NhbGVkLmpwZyIsInNsaWRlc2hvdyI6ImZhYmY1OTUifQ%3D%3D\">\n\t\t\t\t\t<div class=\"e-gallery-image elementor-gallery-item__image\" data-thumbnail=\"https:\/\/www.lichen.pl\/wp-content\/uploads\/2021\/09\/P1390214-300x225.jpg\" data-width=\"300\" data-height=\"225\" aria-label=\"\" role=\"img\" ><\/div>\n\t\t\t\t\t\t\t\t\t\t\t<div class=\"elementor-gallery-item__overlay\"><\/div>\n\t\t\t\t\t\t\t\t\t\t\t\t\t\t<\/a>\n\t\t\t\t\t<\/div>\n\t\t\t\t\t<\/div>\n\t\t\t\t<\/div>\n\t\t\t\t\t<\/div>\n\t\t<\/div>\n\t\t\t\t\t<\/div>\n\t\t<\/section>\n\t\t\t\t<section class=\"elementor-section elementor-top-section elementor-element elementor-element-86cf2a4 elementor-section-boxed elementor-section-height-default elementor-section-height-default\" data-id=\"86cf2a4\" data-element_type=\"section\" data-e-type=\"section\">\n\t\t\t\t\t\t<div class=\"elementor-container elementor-column-gap-default\">\n\t\t\t\t\t<div class=\"elementor-column elementor-col-100 elementor-top-column elementor-element elementor-element-72c8fa5\" data-id=\"72c8fa5\" data-element_type=\"column\" data-e-type=\"column\">\n\t\t\t<div class=\"elementor-widget-wrap elementor-element-populated\">\n\t\t\t\t\t\t<div class=\"elementor-element elementor-element-f2953c0 elementor-widget-divider--view-line elementor-widget elementor-widget-divider\" data-id=\"f2953c0\" data-element_type=\"widget\" data-e-type=\"widget\" data-widget_type=\"divider.default\">\n\t\t\t\t<div class=\"elementor-widget-container\">\n\t\t\t\t\t\t\t<div class=\"elementor-divider\">\n\t\t\t<span class=\"elementor-divider-separator\">\n\t\t\t\t\t\t<\/span>\n\t\t<\/div>\n\t\t\t\t\t\t<\/div>\n\t\t\t\t<\/div>\n\t\t\t\t\t<\/div>\n\t\t<\/div>\n\t\t\t\t\t<\/div>\n\t\t<\/section>\n\t\t\t\t<\/div>","protected":false},"excerpt":{"rendered":"<p>O odnow\u0119 ma\u0142\u017ce\u0144skiej mi\u0142o\u015bci modlili si\u0119 uczestnicy po\u0142udniowej Mszy \u015bw. 28 sierpnia. W Sanktuarium Matki Bo\u017cej Liche\u0144skiej by\u0142 to Dzie\u0144 modlitw w intencji ma\u0142\u017ce\u0144stw w kryzysie. Po\u0142udniow\u0105 Msz\u0119 \u015bw. sprawowa\u0142 ks. Bogus\u0142aw Binda MIC, prze\u0142o\u017cony liche\u0144skiej wsp\u00f3lnoty ksi\u0119\u017cy marian\u00f3w. We wspomnienie \u015bw. Augustyna, jednego z czterech doktor\u00f3w Ko\u015bcio\u0142a Zachodniego, przypomnia\u0142, \u017ce podczas Eucharystii w \u015bwi\u0105tyni [&hellip;]<\/p>\n","protected":false},"author":6,"featured_media":29031,"comment_status":"open","ping_status":"open","sticky":false,"template":"","format":"standard","meta":{"footnotes":""},"categories":[1],"tags":[],"class_list":["post-28990","post","type-post","status-publish","format-standard","has-post-thumbnail","hentry","category-aktualnosci","wpbf-post"],"yoast_head":"<!-- This site is optimized with the Yoast SEO plugin v27.4 - https:\/\/yoast.com\/product\/yoast-seo-wordpress\/ -->\n<title>Modlimy si\u0119 o jedno\u015b\u0107 ma\u0142\u017ce\u0144sk\u0105 - Dzie\u0144 modlitw w intencji ma\u0142\u017ce\u0144stw w kryzysie - SANKTUARIUM W LICHENIU<\/title>\n<meta name=\"robots\" content=\"index, follow, max-snippet:-1, max-image-preview:large, max-video-preview:-1\" \/>\n<link rel=\"canonical\" href=\"http:\/\/www.lichen.pl\/de\/modlili-sie-o-jednosc-malzenska\/\" \/>\n<meta property=\"og:locale\" content=\"de_DE\" \/>\n<meta property=\"og:type\" content=\"article\" \/>\n<meta property=\"og:title\" content=\"Modlimy si\u0119 o jedno\u015b\u0107 ma\u0142\u017ce\u0144sk\u0105 - Dzie\u0144 modlitw w intencji ma\u0142\u017ce\u0144stw w kryzysie - SANKTUARIUM W LICHENIU\" \/>\n<meta property=\"og:description\" content=\"O odnow\u0119 ma\u0142\u017ce\u0144skiej mi\u0142o\u015bci modlili si\u0119 uczestnicy po\u0142udniowej Mszy \u015bw. 28 sierpnia. W Sanktuarium Matki Bo\u017cej Liche\u0144skiej by\u0142 to Dzie\u0144 modlitw w intencji ma\u0142\u017ce\u0144stw w kryzysie. Po\u0142udniow\u0105 Msz\u0119 \u015bw. sprawowa\u0142 ks. Bogus\u0142aw Binda MIC, prze\u0142o\u017cony liche\u0144skiej wsp\u00f3lnoty ksi\u0119\u017cy marian\u00f3w. We wspomnienie \u015bw. Augustyna, jednego z czterech doktor\u00f3w Ko\u015bcio\u0142a Zachodniego, przypomnia\u0142, \u017ce podczas Eucharystii w \u015bwi\u0105tyni [&hellip;]\" \/>\n<meta property=\"og:url\" content=\"http:\/\/www.lichen.pl\/de\/modlili-sie-o-jednosc-malzenska\/\" \/>\n<meta property=\"og:site_name\" content=\"SANKTUARIUM W LICHENIU\" \/>\n<meta property=\"article:published_time\" content=\"2021-08-28T13:10:42+00:00\" \/>\n<meta property=\"article:modified_time\" content=\"2021-09-03T12:43:24+00:00\" \/>\n<meta property=\"og:image\" content=\"http:\/\/www.lichen.pl\/wp-content\/uploads\/2021\/09\/P1390253-scaled.jpg\" \/>\n\t<meta property=\"og:image:width\" content=\"962\" \/>\n\t<meta property=\"og:image:height\" content=\"1280\" \/>\n\t<meta property=\"og:image:type\" content=\"image\/jpeg\" \/>\n<meta name=\"author\" content=\"AMELIA SIUDA-KOSZELA\" \/>\n<meta name=\"twitter:card\" content=\"summary_large_image\" \/>\n<meta name=\"twitter:label1\" content=\"Verfasst von\" \/>\n\t<meta name=\"twitter:data1\" content=\"AMELIA SIUDA-KOSZELA\" \/>\n\t<meta name=\"twitter:label2\" content=\"Gesch\u00e4tzte Lesezeit\" \/>\n\t<meta name=\"twitter:data2\" content=\"2\u00a0Minuten\" \/>\n<script type=\"application\/ld+json\" class=\"yoast-schema-graph\">{\"@context\":\"https:\\\/\\\/schema.org\",\"@graph\":[{\"@type\":\"Article\",\"@id\":\"http:\\\/\\\/www.lichen.pl\\\/it\\\/modlili-sie-o-jednosc-malzenska\\\/#article\",\"isPartOf\":{\"@id\":\"http:\\\/\\\/www.lichen.pl\\\/it\\\/modlili-sie-o-jednosc-malzenska\\\/\"},\"author\":{\"name\":\"AMELIA SIUDA-KOSZELA\",\"@id\":\"https:\\\/\\\/www.lichen.pl\\\/fr\\\/#\\\/schema\\\/person\\\/70bf824c102f176cf976b0d90af0d62a\"},\"headline\":\"Modlimy si\u0119 o jedno\u015b\u0107 ma\u0142\u017ce\u0144sk\u0105 &#8211; Dzie\u0144 modlitw w intencji ma\u0142\u017ce\u0144stw w kryzysie\",\"datePublished\":\"2021-08-28T13:10:42+00:00\",\"dateModified\":\"2021-09-03T12:43:24+00:00\",\"mainEntityOfPage\":{\"@id\":\"http:\\\/\\\/www.lichen.pl\\\/it\\\/modlili-sie-o-jednosc-malzenska\\\/\"},\"wordCount\":375,\"commentCount\":0,\"image\":{\"@id\":\"http:\\\/\\\/www.lichen.pl\\\/it\\\/modlili-sie-o-jednosc-malzenska\\\/#primaryimage\"},\"thumbnailUrl\":\"https:\\\/\\\/www.lichen.pl\\\/wp-content\\\/uploads\\\/2021\\\/09\\\/P1390253-scaled.jpg\",\"articleSection\":[\"Aktualno\u015bci\"],\"inLanguage\":\"de\",\"potentialAction\":[{\"@type\":\"CommentAction\",\"name\":\"Comment\",\"target\":[\"http:\\\/\\\/www.lichen.pl\\\/it\\\/modlili-sie-o-jednosc-malzenska\\\/#respond\"]}]},{\"@type\":\"WebPage\",\"@id\":\"http:\\\/\\\/www.lichen.pl\\\/it\\\/modlili-sie-o-jednosc-malzenska\\\/\",\"url\":\"http:\\\/\\\/www.lichen.pl\\\/it\\\/modlili-sie-o-jednosc-malzenska\\\/\",\"name\":\"Modlimy si\u0119 o jedno\u015b\u0107 ma\u0142\u017ce\u0144sk\u0105 - Dzie\u0144 modlitw w intencji ma\u0142\u017ce\u0144stw w kryzysie - SANKTUARIUM W LICHENIU\",\"isPartOf\":{\"@id\":\"https:\\\/\\\/www.lichen.pl\\\/fr\\\/#website\"},\"primaryImageOfPage\":{\"@id\":\"http:\\\/\\\/www.lichen.pl\\\/it\\\/modlili-sie-o-jednosc-malzenska\\\/#primaryimage\"},\"image\":{\"@id\":\"http:\\\/\\\/www.lichen.pl\\\/it\\\/modlili-sie-o-jednosc-malzenska\\\/#primaryimage\"},\"thumbnailUrl\":\"https:\\\/\\\/www.lichen.pl\\\/wp-content\\\/uploads\\\/2021\\\/09\\\/P1390253-scaled.jpg\",\"datePublished\":\"2021-08-28T13:10:42+00:00\",\"dateModified\":\"2021-09-03T12:43:24+00:00\",\"author\":{\"@id\":\"https:\\\/\\\/www.lichen.pl\\\/fr\\\/#\\\/schema\\\/person\\\/70bf824c102f176cf976b0d90af0d62a\"},\"breadcrumb\":{\"@id\":\"http:\\\/\\\/www.lichen.pl\\\/it\\\/modlili-sie-o-jednosc-malzenska\\\/#breadcrumb\"},\"inLanguage\":\"de\",\"potentialAction\":[{\"@type\":\"ReadAction\",\"target\":[\"http:\\\/\\\/www.lichen.pl\\\/it\\\/modlili-sie-o-jednosc-malzenska\\\/\"]}]},{\"@type\":\"ImageObject\",\"inLanguage\":\"de\",\"@id\":\"http:\\\/\\\/www.lichen.pl\\\/it\\\/modlili-sie-o-jednosc-malzenska\\\/#primaryimage\",\"url\":\"https:\\\/\\\/www.lichen.pl\\\/wp-content\\\/uploads\\\/2021\\\/09\\\/P1390253-scaled.jpg\",\"contentUrl\":\"https:\\\/\\\/www.lichen.pl\\\/wp-content\\\/uploads\\\/2021\\\/09\\\/P1390253-scaled.jpg\",\"width\":962,\"height\":1280},{\"@type\":\"BreadcrumbList\",\"@id\":\"http:\\\/\\\/www.lichen.pl\\\/it\\\/modlili-sie-o-jednosc-malzenska\\\/#breadcrumb\",\"itemListElement\":[{\"@type\":\"ListItem\",\"position\":1,\"name\":\"Strona g\u0142\u00f3wna\",\"item\":\"https:\\\/\\\/www.lichen.pl\\\/\"},{\"@type\":\"ListItem\",\"position\":2,\"name\":\"Modlimy si\u0119 o jedno\u015b\u0107 ma\u0142\u017ce\u0144sk\u0105 &#8211; Dzie\u0144 modlitw w intencji ma\u0142\u017ce\u0144stw w kryzysie\"}]},{\"@type\":\"WebSite\",\"@id\":\"https:\\\/\\\/www.lichen.pl\\\/fr\\\/#website\",\"url\":\"https:\\\/\\\/www.lichen.pl\\\/fr\\\/\",\"name\":\"SANKTUARIUM W LICHENIU\",\"description\":\"MATKI BO\u017bEJ LICHE\u0143SKIEJ BOLESNEJ KR\u00d3LOWEJ POLSKI\",\"potentialAction\":[{\"@type\":\"SearchAction\",\"target\":{\"@type\":\"EntryPoint\",\"urlTemplate\":\"https:\\\/\\\/www.lichen.pl\\\/fr\\\/?s={search_term_string}\"},\"query-input\":{\"@type\":\"PropertyValueSpecification\",\"valueRequired\":true,\"valueName\":\"search_term_string\"}}],\"inLanguage\":\"de\"},{\"@type\":\"Person\",\"@id\":\"https:\\\/\\\/www.lichen.pl\\\/fr\\\/#\\\/schema\\\/person\\\/70bf824c102f176cf976b0d90af0d62a\",\"name\":\"AMELIA SIUDA-KOSZELA\",\"image\":{\"@type\":\"ImageObject\",\"inLanguage\":\"de\",\"@id\":\"https:\\\/\\\/secure.gravatar.com\\\/avatar\\\/a0f9a92186ab02fb8db116f5388e3bc7280dd7bd01565c5d6b7ceb07ff27d6d9?s=96&d=retro&r=g\",\"url\":\"https:\\\/\\\/secure.gravatar.com\\\/avatar\\\/a0f9a92186ab02fb8db116f5388e3bc7280dd7bd01565c5d6b7ceb07ff27d6d9?s=96&d=retro&r=g\",\"contentUrl\":\"https:\\\/\\\/secure.gravatar.com\\\/avatar\\\/a0f9a92186ab02fb8db116f5388e3bc7280dd7bd01565c5d6b7ceb07ff27d6d9?s=96&d=retro&r=g\",\"caption\":\"AMELIA SIUDA-KOSZELA\"},\"url\":\"https:\\\/\\\/www.lichen.pl\\\/de\\\/author\\\/amelia\\\/\"}]}<\/script>\n<!-- \/ Yoast SEO plugin. -->","yoast_head_json":{"title":"Modlimy si\u0119 o jedno\u015b\u0107 ma\u0142\u017ce\u0144sk\u0105 - Dzie\u0144 modlitw w intencji ma\u0142\u017ce\u0144stw w kryzysie - SANKTUARIUM W LICHENIU","robots":{"index":"index","follow":"follow","max-snippet":"max-snippet:-1","max-image-preview":"max-image-preview:large","max-video-preview":"max-video-preview:-1"},"canonical":"http:\/\/www.lichen.pl\/de\/modlili-sie-o-jednosc-malzenska\/","og_locale":"de_DE","og_type":"article","og_title":"Modlimy si\u0119 o jedno\u015b\u0107 ma\u0142\u017ce\u0144sk\u0105 - Dzie\u0144 modlitw w intencji ma\u0142\u017ce\u0144stw w kryzysie - SANKTUARIUM W LICHENIU","og_description":"O odnow\u0119 ma\u0142\u017ce\u0144skiej mi\u0142o\u015bci modlili si\u0119 uczestnicy po\u0142udniowej Mszy \u015bw. 28 sierpnia. W Sanktuarium Matki Bo\u017cej Liche\u0144skiej by\u0142 to Dzie\u0144 modlitw w intencji ma\u0142\u017ce\u0144stw w kryzysie. Po\u0142udniow\u0105 Msz\u0119 \u015bw. sprawowa\u0142 ks. Bogus\u0142aw Binda MIC, prze\u0142o\u017cony liche\u0144skiej wsp\u00f3lnoty ksi\u0119\u017cy marian\u00f3w. We wspomnienie \u015bw. Augustyna, jednego z czterech doktor\u00f3w Ko\u015bcio\u0142a Zachodniego, przypomnia\u0142, \u017ce podczas Eucharystii w \u015bwi\u0105tyni [&hellip;]","og_url":"http:\/\/www.lichen.pl\/de\/modlili-sie-o-jednosc-malzenska\/","og_site_name":"SANKTUARIUM W LICHENIU","article_published_time":"2021-08-28T13:10:42+00:00","article_modified_time":"2021-09-03T12:43:24+00:00","og_image":[{"width":962,"height":1280,"url":"http:\/\/www.lichen.pl\/wp-content\/uploads\/2021\/09\/P1390253-scaled.jpg","type":"image\/jpeg"}],"author":"AMELIA SIUDA-KOSZELA","twitter_card":"summary_large_image","twitter_misc":{"Verfasst von":"AMELIA SIUDA-KOSZELA","Gesch\u00e4tzte Lesezeit":"2\u00a0Minuten"},"schema":{"@context":"https:\/\/schema.org","@graph":[{"@type":"Article","@id":"http:\/\/www.lichen.pl\/it\/modlili-sie-o-jednosc-malzenska\/#article","isPartOf":{"@id":"http:\/\/www.lichen.pl\/it\/modlili-sie-o-jednosc-malzenska\/"},"author":{"name":"AMELIA SIUDA-KOSZELA","@id":"https:\/\/www.lichen.pl\/fr\/#\/schema\/person\/70bf824c102f176cf976b0d90af0d62a"},"headline":"Modlimy si\u0119 o jedno\u015b\u0107 ma\u0142\u017ce\u0144sk\u0105 &#8211; Dzie\u0144 modlitw w intencji ma\u0142\u017ce\u0144stw w kryzysie","datePublished":"2021-08-28T13:10:42+00:00","dateModified":"2021-09-03T12:43:24+00:00","mainEntityOfPage":{"@id":"http:\/\/www.lichen.pl\/it\/modlili-sie-o-jednosc-malzenska\/"},"wordCount":375,"commentCount":0,"image":{"@id":"http:\/\/www.lichen.pl\/it\/modlili-sie-o-jednosc-malzenska\/#primaryimage"},"thumbnailUrl":"https:\/\/www.lichen.pl\/wp-content\/uploads\/2021\/09\/P1390253-scaled.jpg","articleSection":["Aktualno\u015bci"],"inLanguage":"de","potentialAction":[{"@type":"CommentAction","name":"Comment","target":["http:\/\/www.lichen.pl\/it\/modlili-sie-o-jednosc-malzenska\/#respond"]}]},{"@type":"WebPage","@id":"http:\/\/www.lichen.pl\/it\/modlili-sie-o-jednosc-malzenska\/","url":"http:\/\/www.lichen.pl\/it\/modlili-sie-o-jednosc-malzenska\/","name":"Modlimy si\u0119 o jedno\u015b\u0107 ma\u0142\u017ce\u0144sk\u0105 - Dzie\u0144 modlitw w intencji ma\u0142\u017ce\u0144stw w kryzysie - SANKTUARIUM W LICHENIU","isPartOf":{"@id":"https:\/\/www.lichen.pl\/fr\/#website"},"primaryImageOfPage":{"@id":"http:\/\/www.lichen.pl\/it\/modlili-sie-o-jednosc-malzenska\/#primaryimage"},"image":{"@id":"http:\/\/www.lichen.pl\/it\/modlili-sie-o-jednosc-malzenska\/#primaryimage"},"thumbnailUrl":"https:\/\/www.lichen.pl\/wp-content\/uploads\/2021\/09\/P1390253-scaled.jpg","datePublished":"2021-08-28T13:10:42+00:00","dateModified":"2021-09-03T12:43:24+00:00","author":{"@id":"https:\/\/www.lichen.pl\/fr\/#\/schema\/person\/70bf824c102f176cf976b0d90af0d62a"},"breadcrumb":{"@id":"http:\/\/www.lichen.pl\/it\/modlili-sie-o-jednosc-malzenska\/#breadcrumb"},"inLanguage":"de","potentialAction":[{"@type":"ReadAction","target":["http:\/\/www.lichen.pl\/it\/modlili-sie-o-jednosc-malzenska\/"]}]},{"@type":"ImageObject","inLanguage":"de","@id":"http:\/\/www.lichen.pl\/it\/modlili-sie-o-jednosc-malzenska\/#primaryimage","url":"https:\/\/www.lichen.pl\/wp-content\/uploads\/2021\/09\/P1390253-scaled.jpg","contentUrl":"https:\/\/www.lichen.pl\/wp-content\/uploads\/2021\/09\/P1390253-scaled.jpg","width":962,"height":1280},{"@type":"BreadcrumbList","@id":"http:\/\/www.lichen.pl\/it\/modlili-sie-o-jednosc-malzenska\/#breadcrumb","itemListElement":[{"@type":"ListItem","position":1,"name":"Strona g\u0142\u00f3wna","item":"https:\/\/www.lichen.pl\/"},{"@type":"ListItem","position":2,"name":"Modlimy si\u0119 o jedno\u015b\u0107 ma\u0142\u017ce\u0144sk\u0105 &#8211; Dzie\u0144 modlitw w intencji ma\u0142\u017ce\u0144stw w kryzysie"}]},{"@type":"WebSite","@id":"https:\/\/www.lichen.pl\/fr\/#website","url":"https:\/\/www.lichen.pl\/fr\/","name":"HEILIGTUM IN LICHENIEN","description":"DIE TRAURIGE K\u00d6NIGIN UNSERER FLECHEN VON POLEN","potentialAction":[{"@type":"SearchAction","target":{"@type":"EntryPoint","urlTemplate":"https:\/\/www.lichen.pl\/fr\/?s={search_term_string}"},"query-input":{"@type":"PropertyValueSpecification","valueRequired":true,"valueName":"search_term_string"}}],"inLanguage":"de"},{"@type":"Person","@id":"https:\/\/www.lichen.pl\/fr\/#\/schema\/person\/70bf824c102f176cf976b0d90af0d62a","name":"AMELIA SIUDA-KOSZELA","image":{"@type":"ImageObject","inLanguage":"de","@id":"https:\/\/secure.gravatar.com\/avatar\/a0f9a92186ab02fb8db116f5388e3bc7280dd7bd01565c5d6b7ceb07ff27d6d9?s=96&d=retro&r=g","url":"https:\/\/secure.gravatar.com\/avatar\/a0f9a92186ab02fb8db116f5388e3bc7280dd7bd01565c5d6b7ceb07ff27d6d9?s=96&d=retro&r=g","contentUrl":"https:\/\/secure.gravatar.com\/avatar\/a0f9a92186ab02fb8db116f5388e3bc7280dd7bd01565c5d6b7ceb07ff27d6d9?s=96&d=retro&r=g","caption":"AMELIA SIUDA-KOSZELA"},"url":"https:\/\/www.lichen.pl\/de\/author\/amelia\/"}]}},"_links":{"self":[{"href":"https:\/\/www.lichen.pl\/de\/wp-json\/wp\/v2\/posts\/28990","targetHints":{"allow":["GET"]}}],"collection":[{"href":"https:\/\/www.lichen.pl\/de\/wp-json\/wp\/v2\/posts"}],"about":[{"href":"https:\/\/www.lichen.pl\/de\/wp-json\/wp\/v2\/types\/post"}],"author":[{"embeddable":true,"href":"https:\/\/www.lichen.pl\/de\/wp-json\/wp\/v2\/users\/6"}],"replies":[{"embeddable":true,"href":"https:\/\/www.lichen.pl\/de\/wp-json\/wp\/v2\/comments?post=28990"}],"version-history":[{"count":13,"href":"https:\/\/www.lichen.pl\/de\/wp-json\/wp\/v2\/posts\/28990\/revisions"}],"predecessor-version":[{"id":29731,"href":"https:\/\/www.lichen.pl\/de\/wp-json\/wp\/v2\/posts\/28990\/revisions\/29731"}],"wp:featuredmedia":[{"embeddable":true,"href":"https:\/\/www.lichen.pl\/de\/wp-json\/wp\/v2\/media\/29031"}],"wp:attachment":[{"href":"https:\/\/www.lichen.pl\/de\/wp-json\/wp\/v2\/media?parent=28990"}],"wp:term":[{"taxonomy":"category","embeddable":true,"href":"https:\/\/www.lichen.pl\/de\/wp-json\/wp\/v2\/categories?post=28990"},{"taxonomy":"post_tag","embeddable":true,"href":"https:\/\/www.lichen.pl\/de\/wp-json\/wp\/v2\/tags?post=28990"}],"curies":[{"name":"wp","href":"https:\/\/api.w.org\/{rel}","templated":true}]}}