{"id":2904,"date":"2020-12-08T16:02:57","date_gmt":"2020-12-08T16:02:57","guid":{"rendered":"http:\/\/www.lichen.pl\/pogrzeb-sp-ks-jana-wojtkiewicza-mic-copy\/"},"modified":"2021-06-20T12:10:54","modified_gmt":"2021-06-20T12:10:54","slug":"uroczystosc-niepokalanego-poczecia-najswietszej-maryi-panny","status":"publish","type":"post","link":"https:\/\/www.lichen.pl\/de\/uroczystosc-niepokalanego-poczecia-najswietszej-maryi-panny\/","title":{"rendered":"Hochfest der Unbefleckten Empf\u00e4ngnis der Heiligen Jungfrau Maria"},"content":{"rendered":"<div data-elementor-type=\"wp-post\" data-elementor-id=\"2904\" class=\"elementor elementor-2904\" data-elementor-post-type=\"post\">\n\t\t\t\t\t\t<section class=\"elementor-section elementor-top-section elementor-element elementor-element-dcc57a2 elementor-section-boxed elementor-section-height-default elementor-section-height-default\" data-id=\"dcc57a2\" data-element_type=\"section\" data-e-type=\"section\">\n\t\t\t\t\t\t<div class=\"elementor-container elementor-column-gap-default\">\n\t\t\t\t\t<div class=\"elementor-column elementor-col-100 elementor-top-column elementor-element elementor-element-1e909ff1\" data-id=\"1e909ff1\" data-element_type=\"column\" data-e-type=\"column\">\n\t\t\t<div class=\"elementor-widget-wrap elementor-element-populated\">\n\t\t\t\t\t\t<div class=\"elementor-element elementor-element-eceb2cf elementor-widget elementor-widget-heading\" data-id=\"eceb2cf\" data-element_type=\"widget\" data-e-type=\"widget\" data-widget_type=\"heading.default\">\n\t\t\t\t<div class=\"elementor-widget-container\">\n\t\t\t\t\t<h2 class=\"elementor-heading-title elementor-size-default\">Am 8. Dezember wird in der katholischen Kirche das Hochfest der Unbefleckten Empf\u00e4ngnis der Heiligen Jungfrau Maria gefeiert. Es ist ein besonderer Tag f\u00fcr die Marienv\u00e4ter<\/h2>\t\t\t\t<\/div>\n\t\t\t\t<\/div>\n\t\t\t\t<div class=\"elementor-element elementor-element-cd00d69 elementor-widget elementor-widget-spacer\" data-id=\"cd00d69\" data-element_type=\"widget\" data-e-type=\"widget\" data-widget_type=\"spacer.default\">\n\t\t\t\t<div class=\"elementor-widget-container\">\n\t\t\t\t\t\t\t<div class=\"elementor-spacer\">\n\t\t\t<div class=\"elementor-spacer-inner\"><\/div>\n\t\t<\/div>\n\t\t\t\t\t\t<\/div>\n\t\t\t\t<\/div>\n\t\t\t\t<section class=\"elementor-section elementor-inner-section elementor-element elementor-element-475e015 elementor-section-boxed elementor-section-height-default elementor-section-height-default\" data-id=\"475e015\" data-element_type=\"section\" data-e-type=\"section\">\n\t\t\t\t\t\t<div class=\"elementor-container elementor-column-gap-default\">\n\t\t\t\t\t<div class=\"elementor-column elementor-col-50 elementor-inner-column elementor-element elementor-element-1bf3c80\" data-id=\"1bf3c80\" data-element_type=\"column\" data-e-type=\"column\">\n\t\t\t<div class=\"elementor-widget-wrap elementor-element-populated\">\n\t\t\t\t\t\t<div class=\"elementor-element elementor-element-8cfc8ec elementor-widget elementor-widget-image\" data-id=\"8cfc8ec\" data-element_type=\"widget\" data-e-type=\"widget\" data-widget_type=\"image.default\">\n\t\t\t\t<div class=\"elementor-widget-container\">\n\t\t\t\t\t\t\t\t\t\t\t\t\t\t\t<img fetchpriority=\"high\" decoding=\"async\" width=\"651\" height=\"925\" src=\"https:\/\/www.lichen.pl\/wp-content\/uploads\/2021\/02\/conception-4.jpg\" class=\"attachment-large size-large wp-image-14641\" alt=\"Niepokalane Pocz\u0119cie NMP\" srcset=\"https:\/\/www.lichen.pl\/wp-content\/uploads\/2021\/02\/conception-4.jpg 651w, https:\/\/www.lichen.pl\/wp-content\/uploads\/2021\/02\/conception-4-211x300.jpg 211w\" sizes=\"(max-width: 651px) 100vw, 651px\" \/>\t\t\t\t\t\t\t\t\t\t\t\t\t\t\t<\/div>\n\t\t\t\t<\/div>\n\t\t\t\t\t<\/div>\n\t\t<\/div>\n\t\t\t\t<div class=\"elementor-column elementor-col-50 elementor-inner-column elementor-element elementor-element-f745795\" data-id=\"f745795\" data-element_type=\"column\" data-e-type=\"column\">\n\t\t\t<div class=\"elementor-widget-wrap elementor-element-populated\">\n\t\t\t\t\t\t<div class=\"elementor-element elementor-element-21ed2fc elementor-widget elementor-widget-text-editor\" data-id=\"21ed2fc\" data-element_type=\"widget\" data-e-type=\"widget\" data-widget_type=\"text-editor.default\">\n\t\t\t\t<div class=\"elementor-widget-container\">\n\t\t\t\t\t\t\t\t\t<p><strong>Das Geheimnis der unbefleckten Empf\u00e4ngnis der seligen Jungfrau Maria ist das Herzst\u00fcck des religi\u00f6sen Charismas der Marienv\u00e4ter, und die Unbefleckte selbst ist die Hauptpatronin der Kongregation.<\/strong><\/p><p>Heilige Messe in der Basilika vor dem Gnadenbild Unserer Lieben Frau von Liche\u0144 an 12.00 Uhr unter dem Vorsitz von Fr. Janusz Kumala, MIC, Kurator des Heiligtums.<\/p><p>Zu Beginn der Eucharistie erinnerte er daran, dass die heute gefeierte Glaubenswahrheit \u00fcber die Bewahrung Marias vor dem Makel der Erbs\u00fcnde im ersten Moment ihres Daseins \u00fcber die Jahrhunderte gereift ist. Es wurde erst am 8. Dezember 1854 von Papst Bl. feierlich als Dogma proklamiert. Pius IX.<\/p><p>Gr\u00fcnder der Kongregation der Marienv\u00e4ter, St. Pater Stanis\u0142aw Papczy\u0144ski vermittelte seinen Mitbr\u00fcdern das Geheimnis der Unbefleckten Empf\u00e4ngnis als Herzst\u00fcck ihres religi\u00f6sen Charismas und hinterlie\u00df der Kirche die Aufgabe - wie es die geltenden religi\u00f6sen Konstitutionen ausdr\u00fccken - &quot;mit gr\u00f6\u00dfter Anstrengung, Fr\u00f6mmigkeit und Begeisterung zu bekennen, das Geheimnis der unbefleckten Empf\u00e4ngnis der seligen Jungfrau Maria zu verk\u00fcnden und zu verehren.<\/p>\t\t\t\t\t\t\t\t<\/div>\n\t\t\t\t<\/div>\n\t\t\t\t\t<\/div>\n\t\t<\/div>\n\t\t\t\t\t<\/div>\n\t\t<\/section>\n\t\t\t\t<div class=\"elementor-element elementor-element-256fd994 elementor-widget elementor-widget-text-editor\" data-id=\"256fd994\" data-element_type=\"widget\" data-e-type=\"widget\" data-widget_type=\"text-editor.default\">\n\t\t\t\t<div class=\"elementor-widget-container\">\n\t\t\t\t\t\t\t\t\t<p>In der Predigt von Fr. Janusz Kumala, MIC, betonte, dass wir im Mysterium der Unbefleckten Empf\u00e4ngnis Mariens das Wirken des barmherzigen Gottes entdecken k\u00f6nnen, der den Menschen von Anfang an mit freier und uneigenn\u00fctziger Liebe liebt. Schon die Schilderung der S\u00fcnde der Ureltern im Buch Genesis, von der wir in der Liturgie h\u00f6ren, zeigt einen Gott, der den S\u00fcnder nicht verwirft, sondern ihn sucht, um ihn zu retten, ihm zu vergeben. Gottes Antwort auf das Drama der Erbs\u00fcnde von Adam und Eva war die Verhei\u00dfung des Samens der Frau, der den Kopf der Schlange zertreten, Satan, S\u00fcnde und Tod \u00fcberwinden und Mensch und Welt erneuern w\u00fcrde.<\/p><p>Der Kurator wies darauf hin, dass wir, wenn wir s\u00fcndigen, anfangen, Gott zu f\u00fcrchten und uns vor Ihm verstecken wollen, genau wie Adam. Daher der Ruf Gottes <strong>&quot;Adam, wo bist du?&quot;<\/strong> es ist die Stimme des barmherzigen Gottes, der uns um Vergebung bittet. Die gute Nachricht f\u00fcr uns ist die Wahrheit \u00fcber Gott, der den S\u00fcnder nicht verwirft, sondern ihn rettet und ihm Gnade schenkt. <em>\u201eEr m\u00f6chte, dass wir wieder in Freundschaft mit ihm leben. Nur dann verfolgt unser Leben das Ziel des ewigen Lebens. Weil Gott uns so sehr liebt, dass er f\u00fcr alle Ewigkeit bei uns sein will!\u201c<\/em>.<\/p><p>Fr. Kumala erinnerte daran, dass die Unbefleckte Empf\u00e4ngnis dies bedeutet <em>\u201eMaria wurde nicht nur im ersten Augenblick ihres Lebens vor dem Makel der Erbs\u00fcnde bewahrt, sondern auch mit der F\u00fclle der Gnade erf\u00fcllt. Vom Moment der Empf\u00e4ngnis an erlebte sie die F\u00fclle der Liebe Gottes. Von Beginn ihres Lebens an war sie davon erf\u00fcllt, verwandelt. Wir sprechen \u00fcber sie \u2013 Geliebte, gewollt und geliebt von Gott. Diese marianische Glaubenswahrheit sagt dasselbe \u00fcber jeden Menschen. Diese g\u00f6ttliche Liebe zu Maria und jedem von uns ist unverdient und vollkommen frei\u201c<\/em>. <em>\u201eUnd jedes menschliche Leben von der Empf\u00e4ngnis an ist Gottes Gabe und ein Zeichen der Liebe Gottes\u201c<\/em> - hinzugef\u00fcgt.<\/p><p><em>&quot;Was sollte unsere Antwort auf Gottes Liebe sein?&quot;<\/em> - fragte Fr. Kurator. Genau nach dem Beispiel Marias in der Verk\u00fcndigung sollen wir jeden Tag sagen: <em>&quot;Ja Herr, hier bin ich, um deinen Willen zu tun&quot;<\/em>.<\/p><p>Flechte Stary, 8. Dezember 2020<\/p>\t\t\t\t\t\t\t\t<\/div>\n\t\t\t\t<\/div>\n\t\t\t\t<div class=\"elementor-element elementor-element-12eb3fe elementor-widget elementor-widget-text-editor\" data-id=\"12eb3fe\" data-element_type=\"widget\" data-e-type=\"widget\" data-widget_type=\"text-editor.default\">\n\t\t\t\t<div class=\"elementor-widget-container\">\n\t\t\t\t\t\t\t\t\t<p style=\"text-align: left;\">Text: Robert Adamczyk, Pressestelle Sanctuary<\/p>\t\t\t\t\t\t\t\t<\/div>\n\t\t\t\t<\/div>\n\t\t\t\t<div class=\"elementor-element elementor-element-32eb35c elementor-widget-divider--view-line elementor-widget elementor-widget-divider\" data-id=\"32eb35c\" data-element_type=\"widget\" data-e-type=\"widget\" data-widget_type=\"divider.default\">\n\t\t\t\t<div class=\"elementor-widget-container\">\n\t\t\t\t\t\t\t<div class=\"elementor-divider\">\n\t\t\t<span class=\"elementor-divider-separator\">\n\t\t\t\t\t\t<\/span>\n\t\t<\/div>\n\t\t\t\t\t\t<\/div>\n\t\t\t\t<\/div>\n\t\t\t\t<div class=\"elementor-element elementor-element-9db6ef3 elementor-widget elementor-widget-gallery\" data-id=\"9db6ef3\" data-element_type=\"widget\" data-e-type=\"widget\" data-settings=\"{&quot;columns&quot;:5,&quot;lazyload&quot;:&quot;yes&quot;,&quot;gallery_layout&quot;:&quot;grid&quot;,&quot;columns_tablet&quot;:2,&quot;columns_mobile&quot;:1,&quot;gap&quot;:{&quot;unit&quot;:&quot;px&quot;,&quot;size&quot;:10,&quot;sizes&quot;:[]},&quot;gap_tablet&quot;:{&quot;unit&quot;:&quot;px&quot;,&quot;size&quot;:10,&quot;sizes&quot;:[]},&quot;gap_mobile&quot;:{&quot;unit&quot;:&quot;px&quot;,&quot;size&quot;:10,&quot;sizes&quot;:[]},&quot;link_to&quot;:&quot;file&quot;,&quot;aspect_ratio&quot;:&quot;3:2&quot;,&quot;overlay_background&quot;:&quot;yes&quot;,&quot;content_hover_animation&quot;:&quot;fade-in&quot;}\" data-widget_type=\"gallery.default\">\n\t\t\t\t<div class=\"elementor-widget-container\">\n\t\t\t\t\t\t\t<div class=\"elementor-gallery__container\">\n\t\t\t\t\t\t\t<a class=\"e-gallery-item elementor-gallery-item elementor-animated-content\" href=\"https:\/\/www.lichen.pl\/wp-content\/uploads\/2021\/02\/IMG_0050.jpg\" data-elementor-open-lightbox=\"yes\" data-elementor-lightbox-slideshow=\"9db6ef3\" data-elementor-lightbox-title=\"IMG_0050\" data-e-action-hash=\"#elementor-action%3Aaction%3Dlightbox%26settings%3DeyJpZCI6MjkxNiwidXJsIjoiaHR0cHM6XC9cL3d3dy5saWNoZW4ucGxcL3dwLWNvbnRlbnRcL3VwbG9hZHNcLzIwMjFcLzAyXC9JTUdfMDA1MC5qcGciLCJzbGlkZXNob3ciOiI5ZGI2ZWYzIn0%3D\">\n\t\t\t\t\t<div class=\"e-gallery-image elementor-gallery-item__image\" data-thumbnail=\"https:\/\/www.lichen.pl\/wp-content\/uploads\/2021\/02\/IMG_0050.jpg\" data-width=\"1152\" data-height=\"768\" aria-label=\"\" role=\"img\" ><\/div>\n\t\t\t\t\t\t\t\t\t\t\t<div class=\"elementor-gallery-item__overlay\"><\/div>\n\t\t\t\t\t\t\t\t\t\t\t\t\t\t<\/a>\n\t\t\t\t\t\t\t<a class=\"e-gallery-item elementor-gallery-item elementor-animated-content\" href=\"https:\/\/www.lichen.pl\/wp-content\/uploads\/2021\/02\/IMG_0061.jpg\" data-elementor-open-lightbox=\"yes\" data-elementor-lightbox-slideshow=\"9db6ef3\" data-elementor-lightbox-title=\"IMG_0061\" data-e-action-hash=\"#elementor-action%3Aaction%3Dlightbox%26settings%3DeyJpZCI6MjkyMSwidXJsIjoiaHR0cHM6XC9cL3d3dy5saWNoZW4ucGxcL3dwLWNvbnRlbnRcL3VwbG9hZHNcLzIwMjFcLzAyXC9JTUdfMDA2MS5qcGciLCJzbGlkZXNob3ciOiI5ZGI2ZWYzIn0%3D\">\n\t\t\t\t\t<div class=\"e-gallery-image elementor-gallery-item__image\" data-thumbnail=\"https:\/\/www.lichen.pl\/wp-content\/uploads\/2021\/02\/IMG_0061.jpg\" data-width=\"1152\" data-height=\"768\" aria-label=\"\" role=\"img\" ><\/div>\n\t\t\t\t\t\t\t\t\t\t\t<div class=\"elementor-gallery-item__overlay\"><\/div>\n\t\t\t\t\t\t\t\t\t\t\t\t\t\t<\/a>\n\t\t\t\t\t\t\t<a class=\"e-gallery-item elementor-gallery-item elementor-animated-content\" href=\"https:\/\/www.lichen.pl\/wp-content\/uploads\/2021\/02\/IMG_0068.jpg\" data-elementor-open-lightbox=\"yes\" data-elementor-lightbox-slideshow=\"9db6ef3\" data-elementor-lightbox-title=\"IMG_0068\" data-e-action-hash=\"#elementor-action%3Aaction%3Dlightbox%26settings%3DeyJpZCI6MjkyNiwidXJsIjoiaHR0cHM6XC9cL3d3dy5saWNoZW4ucGxcL3dwLWNvbnRlbnRcL3VwbG9hZHNcLzIwMjFcLzAyXC9JTUdfMDA2OC5qcGciLCJzbGlkZXNob3ciOiI5ZGI2ZWYzIn0%3D\">\n\t\t\t\t\t<div class=\"e-gallery-image elementor-gallery-item__image\" data-thumbnail=\"https:\/\/www.lichen.pl\/wp-content\/uploads\/2021\/02\/IMG_0068.jpg\" data-width=\"1152\" data-height=\"768\" aria-label=\"\" role=\"img\" ><\/div>\n\t\t\t\t\t\t\t\t\t\t\t<div class=\"elementor-gallery-item__overlay\"><\/div>\n\t\t\t\t\t\t\t\t\t\t\t\t\t\t<\/a>\n\t\t\t\t\t\t\t<a class=\"e-gallery-item elementor-gallery-item elementor-animated-content\" href=\"https:\/\/www.lichen.pl\/wp-content\/uploads\/2021\/02\/IMG_0069.jpg\" data-elementor-open-lightbox=\"yes\" data-elementor-lightbox-slideshow=\"9db6ef3\" data-elementor-lightbox-title=\"IMG_0069\" data-e-action-hash=\"#elementor-action%3Aaction%3Dlightbox%26settings%3DeyJpZCI6MjkzMSwidXJsIjoiaHR0cHM6XC9cL3d3dy5saWNoZW4ucGxcL3dwLWNvbnRlbnRcL3VwbG9hZHNcLzIwMjFcLzAyXC9JTUdfMDA2OS5qcGciLCJzbGlkZXNob3ciOiI5ZGI2ZWYzIn0%3D\">\n\t\t\t\t\t<div class=\"e-gallery-image elementor-gallery-item__image\" data-thumbnail=\"https:\/\/www.lichen.pl\/wp-content\/uploads\/2021\/02\/IMG_0069.jpg\" data-width=\"1152\" data-height=\"768\" aria-label=\"\" role=\"img\" ><\/div>\n\t\t\t\t\t\t\t\t\t\t\t<div class=\"elementor-gallery-item__overlay\"><\/div>\n\t\t\t\t\t\t\t\t\t\t\t\t\t\t<\/a>\n\t\t\t\t\t\t\t<a class=\"e-gallery-item elementor-gallery-item elementor-animated-content\" href=\"https:\/\/www.lichen.pl\/wp-content\/uploads\/2021\/02\/IMG_0073.jpg\" data-elementor-open-lightbox=\"yes\" data-elementor-lightbox-slideshow=\"9db6ef3\" data-elementor-lightbox-title=\"IMG_0073\" data-e-action-hash=\"#elementor-action%3Aaction%3Dlightbox%26settings%3DeyJpZCI6MjkzNiwidXJsIjoiaHR0cHM6XC9cL3d3dy5saWNoZW4ucGxcL3dwLWNvbnRlbnRcL3VwbG9hZHNcLzIwMjFcLzAyXC9JTUdfMDA3My5qcGciLCJzbGlkZXNob3ciOiI5ZGI2ZWYzIn0%3D\">\n\t\t\t\t\t<div class=\"e-gallery-image elementor-gallery-item__image\" data-thumbnail=\"https:\/\/www.lichen.pl\/wp-content\/uploads\/2021\/02\/IMG_0073.jpg\" data-width=\"1152\" data-height=\"768\" aria-label=\"\" role=\"img\" ><\/div>\n\t\t\t\t\t\t\t\t\t\t\t<div class=\"elementor-gallery-item__overlay\"><\/div>\n\t\t\t\t\t\t\t\t\t\t\t\t\t\t<\/a>\n\t\t\t\t\t\t\t<a class=\"e-gallery-item elementor-gallery-item elementor-animated-content\" href=\"https:\/\/www.lichen.pl\/wp-content\/uploads\/2021\/02\/IMG_0077.jpg\" data-elementor-open-lightbox=\"yes\" data-elementor-lightbox-slideshow=\"9db6ef3\" data-elementor-lightbox-title=\"IMG_0077\" data-e-action-hash=\"#elementor-action%3Aaction%3Dlightbox%26settings%3DeyJpZCI6Mjk0MSwidXJsIjoiaHR0cHM6XC9cL3d3dy5saWNoZW4ucGxcL3dwLWNvbnRlbnRcL3VwbG9hZHNcLzIwMjFcLzAyXC9JTUdfMDA3Ny5qcGciLCJzbGlkZXNob3ciOiI5ZGI2ZWYzIn0%3D\">\n\t\t\t\t\t<div class=\"e-gallery-image elementor-gallery-item__image\" data-thumbnail=\"https:\/\/www.lichen.pl\/wp-content\/uploads\/2021\/02\/IMG_0077.jpg\" data-width=\"1152\" data-height=\"768\" aria-label=\"\" role=\"img\" ><\/div>\n\t\t\t\t\t\t\t\t\t\t\t<div class=\"elementor-gallery-item__overlay\"><\/div>\n\t\t\t\t\t\t\t\t\t\t\t\t\t\t<\/a>\n\t\t\t\t\t\t\t<a class=\"e-gallery-item elementor-gallery-item elementor-animated-content\" href=\"https:\/\/www.lichen.pl\/wp-content\/uploads\/2021\/02\/IMG_0113.jpg\" data-elementor-open-lightbox=\"yes\" data-elementor-lightbox-slideshow=\"9db6ef3\" data-elementor-lightbox-title=\"IMG_0113\" data-e-action-hash=\"#elementor-action%3Aaction%3Dlightbox%26settings%3DeyJpZCI6Mjk1NywidXJsIjoiaHR0cHM6XC9cL3d3dy5saWNoZW4ucGxcL3dwLWNvbnRlbnRcL3VwbG9hZHNcLzIwMjFcLzAyXC9JTUdfMDExMy5qcGciLCJzbGlkZXNob3ciOiI5ZGI2ZWYzIn0%3D\">\n\t\t\t\t\t<div class=\"e-gallery-image elementor-gallery-item__image\" data-thumbnail=\"https:\/\/www.lichen.pl\/wp-content\/uploads\/2021\/02\/IMG_0113.jpg\" data-width=\"1152\" data-height=\"768\" aria-label=\"\" role=\"img\" ><\/div>\n\t\t\t\t\t\t\t\t\t\t\t<div class=\"elementor-gallery-item__overlay\"><\/div>\n\t\t\t\t\t\t\t\t\t\t\t\t\t\t<\/a>\n\t\t\t\t\t\t\t<a class=\"e-gallery-item elementor-gallery-item elementor-animated-content\" href=\"https:\/\/www.lichen.pl\/wp-content\/uploads\/2021\/02\/IMG_0122.jpg\" data-elementor-open-lightbox=\"yes\" data-elementor-lightbox-slideshow=\"9db6ef3\" data-elementor-lightbox-title=\"IMG_0122\" data-e-action-hash=\"#elementor-action%3Aaction%3Dlightbox%26settings%3DeyJpZCI6Mjk2MiwidXJsIjoiaHR0cHM6XC9cL3d3dy5saWNoZW4ucGxcL3dwLWNvbnRlbnRcL3VwbG9hZHNcLzIwMjFcLzAyXC9JTUdfMDEyMi5qcGciLCJzbGlkZXNob3ciOiI5ZGI2ZWYzIn0%3D\">\n\t\t\t\t\t<div class=\"e-gallery-image elementor-gallery-item__image\" data-thumbnail=\"https:\/\/www.lichen.pl\/wp-content\/uploads\/2021\/02\/IMG_0122.jpg\" data-width=\"1152\" data-height=\"768\" aria-label=\"\" role=\"img\" ><\/div>\n\t\t\t\t\t\t\t\t\t\t\t<div class=\"elementor-gallery-item__overlay\"><\/div>\n\t\t\t\t\t\t\t\t\t\t\t\t\t\t<\/a>\n\t\t\t\t\t\t\t<a class=\"e-gallery-item elementor-gallery-item elementor-animated-content\" href=\"https:\/\/www.lichen.pl\/wp-content\/uploads\/2021\/02\/IMG_0125.jpg\" data-elementor-open-lightbox=\"yes\" data-elementor-lightbox-slideshow=\"9db6ef3\" data-elementor-lightbox-title=\"IMG_0125\" data-e-action-hash=\"#elementor-action%3Aaction%3Dlightbox%26settings%3DeyJpZCI6Mjk2NywidXJsIjoiaHR0cHM6XC9cL3d3dy5saWNoZW4ucGxcL3dwLWNvbnRlbnRcL3VwbG9hZHNcLzIwMjFcLzAyXC9JTUdfMDEyNS5qcGciLCJzbGlkZXNob3ciOiI5ZGI2ZWYzIn0%3D\">\n\t\t\t\t\t<div class=\"e-gallery-image elementor-gallery-item__image\" data-thumbnail=\"https:\/\/www.lichen.pl\/wp-content\/uploads\/2021\/02\/IMG_0125.jpg\" data-width=\"768\" data-height=\"1152\" aria-label=\"\" role=\"img\" ><\/div>\n\t\t\t\t\t\t\t\t\t\t\t<div class=\"elementor-gallery-item__overlay\"><\/div>\n\t\t\t\t\t\t\t\t\t\t\t\t\t\t<\/a>\n\t\t\t\t\t\t\t<a class=\"e-gallery-item elementor-gallery-item elementor-animated-content\" href=\"https:\/\/www.lichen.pl\/wp-content\/uploads\/2021\/02\/IMG_0130.jpg\" data-elementor-open-lightbox=\"yes\" data-elementor-lightbox-slideshow=\"9db6ef3\" data-elementor-lightbox-title=\"IMG_0130\" data-e-action-hash=\"#elementor-action%3Aaction%3Dlightbox%26settings%3DeyJpZCI6Mjk3MiwidXJsIjoiaHR0cHM6XC9cL3d3dy5saWNoZW4ucGxcL3dwLWNvbnRlbnRcL3VwbG9hZHNcLzIwMjFcLzAyXC9JTUdfMDEzMC5qcGciLCJzbGlkZXNob3ciOiI5ZGI2ZWYzIn0%3D\">\n\t\t\t\t\t<div class=\"e-gallery-image elementor-gallery-item__image\" data-thumbnail=\"https:\/\/www.lichen.pl\/wp-content\/uploads\/2021\/02\/IMG_0130.jpg\" data-width=\"768\" data-height=\"1152\" aria-label=\"\" role=\"img\" ><\/div>\n\t\t\t\t\t\t\t\t\t\t\t<div class=\"elementor-gallery-item__overlay\"><\/div>\n\t\t\t\t\t\t\t\t\t\t\t\t\t\t<\/a>\n\t\t\t\t\t<\/div>\n\t\t\t\t\t<\/div>\n\t\t\t\t<\/div>\n\t\t\t\t\t<\/div>\n\t\t<\/div>\n\t\t\t\t\t<\/div>\n\t\t<\/section>\n\t\t\t\t<section class=\"elementor-section elementor-top-section elementor-element elementor-element-905e4c3 elementor-section-boxed elementor-section-height-default elementor-section-height-default\" data-id=\"905e4c3\" data-element_type=\"section\" data-e-type=\"section\">\n\t\t\t\t\t\t<div class=\"elementor-container elementor-column-gap-default\">\n\t\t\t\t\t<div class=\"elementor-column elementor-col-100 elementor-top-column elementor-element elementor-element-9b8008b\" data-id=\"9b8008b\" data-element_type=\"column\" data-e-type=\"column\">\n\t\t\t<div class=\"elementor-widget-wrap elementor-element-populated\">\n\t\t\t\t\t\t<div class=\"elementor-element elementor-element-0b31500 elementor-widget-divider--view-line elementor-widget elementor-widget-divider\" data-id=\"0b31500\" data-element_type=\"widget\" data-e-type=\"widget\" data-widget_type=\"divider.default\">\n\t\t\t\t<div class=\"elementor-widget-container\">\n\t\t\t\t\t\t\t<div class=\"elementor-divider\">\n\t\t\t<span class=\"elementor-divider-separator\">\n\t\t\t\t\t\t<\/span>\n\t\t<\/div>\n\t\t\t\t\t\t<\/div>\n\t\t\t\t<\/div>\n\t\t\t\t\t<\/div>\n\t\t<\/div>\n\t\t\t\t\t<\/div>\n\t\t<\/section>\n\t\t\t\t<\/div>","protected":false},"excerpt":{"rendered":"<p>8 grudnia w Ko\u015bciele katolickim przypada uroczysto\u015b\u0107 Niepokalanego Pocz\u0119cia Naj\u015bwi\u0119tszej Maryi Panny. Jest to szczeg\u00f3lny dzie\u0144 dla ksi\u0119\u017cy marian\u00f3w Tajemnica Niepokalanego Pocz\u0119cia Naj\u015bwi\u0119tszej Maryi Panny jest sercem zakonnego charyzmatu ksi\u0119\u017cy marian\u00f3w, a sama Niepokalana g\u0142\u00f3wn\u0105 Patronk\u0105 Zgromadzenia. Mszy \u015awi\u0119tej w bazylice przed Cudownym Obrazem Matki Bo\u017cej Liche\u0144skiej o godz. 12.00 przewodniczy\u0142 ks. Janusz Kumala MIC, [&hellip;]<\/p>\n","protected":false},"author":2,"featured_media":14650,"comment_status":"open","ping_status":"open","sticky":false,"template":"","format":"standard","meta":{"footnotes":""},"categories":[1],"tags":[],"class_list":["post-2904","post","type-post","status-publish","format-standard","has-post-thumbnail","hentry","category-aktualnosci","wpbf-post"],"yoast_head":"<!-- This site is optimized with the Yoast SEO plugin v27.4 - https:\/\/yoast.com\/product\/yoast-seo-wordpress\/ -->\n<title>Uroczysto\u015b\u0107 Niepokalanego Pocz\u0119cia Naj\u015bwi\u0119tszej Maryi Panny - SANKTUARIUM W LICHENIU<\/title>\n<meta name=\"robots\" content=\"index, follow, max-snippet:-1, max-image-preview:large, max-video-preview:-1\" \/>\n<link rel=\"canonical\" href=\"http:\/\/www.lichen.pl\/de\/uroczystosc-niepokalanego-poczecia-najswietszej-maryi-panny\/\" \/>\n<meta property=\"og:locale\" content=\"de_DE\" \/>\n<meta property=\"og:type\" content=\"article\" \/>\n<meta property=\"og:title\" content=\"Uroczysto\u015b\u0107 Niepokalanego Pocz\u0119cia Naj\u015bwi\u0119tszej Maryi Panny - SANKTUARIUM W LICHENIU\" \/>\n<meta property=\"og:description\" content=\"8 grudnia w Ko\u015bciele katolickim przypada uroczysto\u015b\u0107 Niepokalanego Pocz\u0119cia Naj\u015bwi\u0119tszej Maryi Panny. Jest to szczeg\u00f3lny dzie\u0144 dla ksi\u0119\u017cy marian\u00f3w Tajemnica Niepokalanego Pocz\u0119cia Naj\u015bwi\u0119tszej Maryi Panny jest sercem zakonnego charyzmatu ksi\u0119\u017cy marian\u00f3w, a sama Niepokalana g\u0142\u00f3wn\u0105 Patronk\u0105 Zgromadzenia. Mszy \u015awi\u0119tej w bazylice przed Cudownym Obrazem Matki Bo\u017cej Liche\u0144skiej o godz. 12.00 przewodniczy\u0142 ks. Janusz Kumala MIC, [&hellip;]\" \/>\n<meta property=\"og:url\" content=\"http:\/\/www.lichen.pl\/de\/uroczystosc-niepokalanego-poczecia-najswietszej-maryi-panny\/\" \/>\n<meta property=\"og:site_name\" content=\"SANKTUARIUM W LICHENIU\" \/>\n<meta property=\"article:published_time\" content=\"2020-12-08T16:02:57+00:00\" \/>\n<meta property=\"article:modified_time\" content=\"2021-06-20T12:10:54+00:00\" \/>\n<meta property=\"og:image\" content=\"http:\/\/www.lichen.pl\/wp-content\/uploads\/2020\/12\/kadr-conception-4.jpg\" \/>\n\t<meta property=\"og:image:width\" content=\"561\" \/>\n\t<meta property=\"og:image:height\" content=\"487\" \/>\n\t<meta property=\"og:image:type\" content=\"image\/jpeg\" \/>\n<meta name=\"author\" content=\"Arkadiusz Gorgolewski\" \/>\n<meta name=\"twitter:card\" content=\"summary_large_image\" \/>\n<meta name=\"twitter:label1\" content=\"Verfasst von\" \/>\n\t<meta name=\"twitter:data1\" content=\"Arkadiusz Gorgolewski\" \/>\n\t<meta name=\"twitter:label2\" content=\"Gesch\u00e4tzte Lesezeit\" \/>\n\t<meta name=\"twitter:data2\" content=\"3\u00a0Minuten\" \/>\n<script type=\"application\/ld+json\" class=\"yoast-schema-graph\">{\"@context\":\"https:\\\/\\\/schema.org\",\"@graph\":[{\"@type\":\"Article\",\"@id\":\"http:\\\/\\\/www.lichen.pl\\\/en\\\/uroczystosc-niepokalanego-poczecia-najswietszej-maryi-panny\\\/#article\",\"isPartOf\":{\"@id\":\"http:\\\/\\\/www.lichen.pl\\\/en\\\/uroczystosc-niepokalanego-poczecia-najswietszej-maryi-panny\\\/\"},\"author\":{\"name\":\"Arkadiusz Gorgolewski\",\"@id\":\"https:\\\/\\\/www.lichen.pl\\\/fr\\\/#\\\/schema\\\/person\\\/56fc5b38d70a2b34983408f9a457fd9d\"},\"headline\":\"Uroczysto\u015b\u0107 Niepokalanego Pocz\u0119cia Naj\u015bwi\u0119tszej Maryi Panny\",\"datePublished\":\"2020-12-08T16:02:57+00:00\",\"dateModified\":\"2021-06-20T12:10:54+00:00\",\"mainEntityOfPage\":{\"@id\":\"http:\\\/\\\/www.lichen.pl\\\/en\\\/uroczystosc-niepokalanego-poczecia-najswietszej-maryi-panny\\\/\"},\"wordCount\":568,\"commentCount\":0,\"image\":{\"@id\":\"http:\\\/\\\/www.lichen.pl\\\/en\\\/uroczystosc-niepokalanego-poczecia-najswietszej-maryi-panny\\\/#primaryimage\"},\"thumbnailUrl\":\"https:\\\/\\\/www.lichen.pl\\\/wp-content\\\/uploads\\\/2020\\\/12\\\/kadr-conception-4.jpg\",\"articleSection\":[\"Aktualno\u015bci\"],\"inLanguage\":\"de\",\"potentialAction\":[{\"@type\":\"CommentAction\",\"name\":\"Comment\",\"target\":[\"http:\\\/\\\/www.lichen.pl\\\/en\\\/uroczystosc-niepokalanego-poczecia-najswietszej-maryi-panny\\\/#respond\"]}]},{\"@type\":\"WebPage\",\"@id\":\"http:\\\/\\\/www.lichen.pl\\\/en\\\/uroczystosc-niepokalanego-poczecia-najswietszej-maryi-panny\\\/\",\"url\":\"http:\\\/\\\/www.lichen.pl\\\/en\\\/uroczystosc-niepokalanego-poczecia-najswietszej-maryi-panny\\\/\",\"name\":\"Uroczysto\u015b\u0107 Niepokalanego Pocz\u0119cia Naj\u015bwi\u0119tszej Maryi Panny - SANKTUARIUM W LICHENIU\",\"isPartOf\":{\"@id\":\"https:\\\/\\\/www.lichen.pl\\\/fr\\\/#website\"},\"primaryImageOfPage\":{\"@id\":\"http:\\\/\\\/www.lichen.pl\\\/en\\\/uroczystosc-niepokalanego-poczecia-najswietszej-maryi-panny\\\/#primaryimage\"},\"image\":{\"@id\":\"http:\\\/\\\/www.lichen.pl\\\/en\\\/uroczystosc-niepokalanego-poczecia-najswietszej-maryi-panny\\\/#primaryimage\"},\"thumbnailUrl\":\"https:\\\/\\\/www.lichen.pl\\\/wp-content\\\/uploads\\\/2020\\\/12\\\/kadr-conception-4.jpg\",\"datePublished\":\"2020-12-08T16:02:57+00:00\",\"dateModified\":\"2021-06-20T12:10:54+00:00\",\"author\":{\"@id\":\"https:\\\/\\\/www.lichen.pl\\\/fr\\\/#\\\/schema\\\/person\\\/56fc5b38d70a2b34983408f9a457fd9d\"},\"breadcrumb\":{\"@id\":\"http:\\\/\\\/www.lichen.pl\\\/en\\\/uroczystosc-niepokalanego-poczecia-najswietszej-maryi-panny\\\/#breadcrumb\"},\"inLanguage\":\"de\",\"potentialAction\":[{\"@type\":\"ReadAction\",\"target\":[\"http:\\\/\\\/www.lichen.pl\\\/en\\\/uroczystosc-niepokalanego-poczecia-najswietszej-maryi-panny\\\/\"]}]},{\"@type\":\"ImageObject\",\"inLanguage\":\"de\",\"@id\":\"http:\\\/\\\/www.lichen.pl\\\/en\\\/uroczystosc-niepokalanego-poczecia-najswietszej-maryi-panny\\\/#primaryimage\",\"url\":\"https:\\\/\\\/www.lichen.pl\\\/wp-content\\\/uploads\\\/2020\\\/12\\\/kadr-conception-4.jpg\",\"contentUrl\":\"https:\\\/\\\/www.lichen.pl\\\/wp-content\\\/uploads\\\/2020\\\/12\\\/kadr-conception-4.jpg\",\"width\":561,\"height\":487},{\"@type\":\"BreadcrumbList\",\"@id\":\"http:\\\/\\\/www.lichen.pl\\\/en\\\/uroczystosc-niepokalanego-poczecia-najswietszej-maryi-panny\\\/#breadcrumb\",\"itemListElement\":[{\"@type\":\"ListItem\",\"position\":1,\"name\":\"Strona g\u0142\u00f3wna\",\"item\":\"https:\\\/\\\/www.lichen.pl\\\/\"},{\"@type\":\"ListItem\",\"position\":2,\"name\":\"Uroczysto\u015b\u0107 Niepokalanego Pocz\u0119cia Naj\u015bwi\u0119tszej Maryi Panny\"}]},{\"@type\":\"WebSite\",\"@id\":\"https:\\\/\\\/www.lichen.pl\\\/fr\\\/#website\",\"url\":\"https:\\\/\\\/www.lichen.pl\\\/fr\\\/\",\"name\":\"SANKTUARIUM W LICHENIU\",\"description\":\"MATKI BO\u017bEJ LICHE\u0143SKIEJ BOLESNEJ KR\u00d3LOWEJ POLSKI\",\"potentialAction\":[{\"@type\":\"SearchAction\",\"target\":{\"@type\":\"EntryPoint\",\"urlTemplate\":\"https:\\\/\\\/www.lichen.pl\\\/fr\\\/?s={search_term_string}\"},\"query-input\":{\"@type\":\"PropertyValueSpecification\",\"valueRequired\":true,\"valueName\":\"search_term_string\"}}],\"inLanguage\":\"de\"},{\"@type\":\"Person\",\"@id\":\"https:\\\/\\\/www.lichen.pl\\\/fr\\\/#\\\/schema\\\/person\\\/56fc5b38d70a2b34983408f9a457fd9d\",\"name\":\"Arkadiusz Gorgolewski\",\"image\":{\"@type\":\"ImageObject\",\"inLanguage\":\"de\",\"@id\":\"https:\\\/\\\/secure.gravatar.com\\\/avatar\\\/0f571b370f5aa245b1fd3b9c945511b004fe17579bdefd5054d99f0ba315149c?s=96&d=retro&r=g\",\"url\":\"https:\\\/\\\/secure.gravatar.com\\\/avatar\\\/0f571b370f5aa245b1fd3b9c945511b004fe17579bdefd5054d99f0ba315149c?s=96&d=retro&r=g\",\"contentUrl\":\"https:\\\/\\\/secure.gravatar.com\\\/avatar\\\/0f571b370f5aa245b1fd3b9c945511b004fe17579bdefd5054d99f0ba315149c?s=96&d=retro&r=g\",\"caption\":\"Arkadiusz Gorgolewski\"},\"url\":\"https:\\\/\\\/www.lichen.pl\\\/de\\\/author\\\/sanadmin\\\/\"}]}<\/script>\n<!-- \/ Yoast SEO plugin. -->","yoast_head_json":{"title":"Uroczysto\u015b\u0107 Niepokalanego Pocz\u0119cia Naj\u015bwi\u0119tszej Maryi Panny - SANKTUARIUM W LICHENIU","robots":{"index":"index","follow":"follow","max-snippet":"max-snippet:-1","max-image-preview":"max-image-preview:large","max-video-preview":"max-video-preview:-1"},"canonical":"http:\/\/www.lichen.pl\/de\/uroczystosc-niepokalanego-poczecia-najswietszej-maryi-panny\/","og_locale":"de_DE","og_type":"article","og_title":"Uroczysto\u015b\u0107 Niepokalanego Pocz\u0119cia Naj\u015bwi\u0119tszej Maryi Panny - SANKTUARIUM W LICHENIU","og_description":"8 grudnia w Ko\u015bciele katolickim przypada uroczysto\u015b\u0107 Niepokalanego Pocz\u0119cia Naj\u015bwi\u0119tszej Maryi Panny. Jest to szczeg\u00f3lny dzie\u0144 dla ksi\u0119\u017cy marian\u00f3w Tajemnica Niepokalanego Pocz\u0119cia Naj\u015bwi\u0119tszej Maryi Panny jest sercem zakonnego charyzmatu ksi\u0119\u017cy marian\u00f3w, a sama Niepokalana g\u0142\u00f3wn\u0105 Patronk\u0105 Zgromadzenia. Mszy \u015awi\u0119tej w bazylice przed Cudownym Obrazem Matki Bo\u017cej Liche\u0144skiej o godz. 12.00 przewodniczy\u0142 ks. Janusz Kumala MIC, [&hellip;]","og_url":"http:\/\/www.lichen.pl\/de\/uroczystosc-niepokalanego-poczecia-najswietszej-maryi-panny\/","og_site_name":"SANKTUARIUM W LICHENIU","article_published_time":"2020-12-08T16:02:57+00:00","article_modified_time":"2021-06-20T12:10:54+00:00","og_image":[{"width":561,"height":487,"url":"http:\/\/www.lichen.pl\/wp-content\/uploads\/2020\/12\/kadr-conception-4.jpg","type":"image\/jpeg"}],"author":"Arkadiusz Gorgolewski","twitter_card":"summary_large_image","twitter_misc":{"Verfasst von":"Arkadiusz Gorgolewski","Gesch\u00e4tzte Lesezeit":"3\u00a0Minuten"},"schema":{"@context":"https:\/\/schema.org","@graph":[{"@type":"Article","@id":"http:\/\/www.lichen.pl\/en\/uroczystosc-niepokalanego-poczecia-najswietszej-maryi-panny\/#article","isPartOf":{"@id":"http:\/\/www.lichen.pl\/en\/uroczystosc-niepokalanego-poczecia-najswietszej-maryi-panny\/"},"author":{"name":"Arkadiusz Gorgolewski","@id":"https:\/\/www.lichen.pl\/fr\/#\/schema\/person\/56fc5b38d70a2b34983408f9a457fd9d"},"headline":"Uroczysto\u015b\u0107 Niepokalanego Pocz\u0119cia Naj\u015bwi\u0119tszej Maryi Panny","datePublished":"2020-12-08T16:02:57+00:00","dateModified":"2021-06-20T12:10:54+00:00","mainEntityOfPage":{"@id":"http:\/\/www.lichen.pl\/en\/uroczystosc-niepokalanego-poczecia-najswietszej-maryi-panny\/"},"wordCount":568,"commentCount":0,"image":{"@id":"http:\/\/www.lichen.pl\/en\/uroczystosc-niepokalanego-poczecia-najswietszej-maryi-panny\/#primaryimage"},"thumbnailUrl":"https:\/\/www.lichen.pl\/wp-content\/uploads\/2020\/12\/kadr-conception-4.jpg","articleSection":["Aktualno\u015bci"],"inLanguage":"de","potentialAction":[{"@type":"CommentAction","name":"Comment","target":["http:\/\/www.lichen.pl\/en\/uroczystosc-niepokalanego-poczecia-najswietszej-maryi-panny\/#respond"]}]},{"@type":"WebPage","@id":"http:\/\/www.lichen.pl\/en\/uroczystosc-niepokalanego-poczecia-najswietszej-maryi-panny\/","url":"http:\/\/www.lichen.pl\/en\/uroczystosc-niepokalanego-poczecia-najswietszej-maryi-panny\/","name":"Uroczysto\u015b\u0107 Niepokalanego Pocz\u0119cia Naj\u015bwi\u0119tszej Maryi Panny - SANKTUARIUM W LICHENIU","isPartOf":{"@id":"https:\/\/www.lichen.pl\/fr\/#website"},"primaryImageOfPage":{"@id":"http:\/\/www.lichen.pl\/en\/uroczystosc-niepokalanego-poczecia-najswietszej-maryi-panny\/#primaryimage"},"image":{"@id":"http:\/\/www.lichen.pl\/en\/uroczystosc-niepokalanego-poczecia-najswietszej-maryi-panny\/#primaryimage"},"thumbnailUrl":"https:\/\/www.lichen.pl\/wp-content\/uploads\/2020\/12\/kadr-conception-4.jpg","datePublished":"2020-12-08T16:02:57+00:00","dateModified":"2021-06-20T12:10:54+00:00","author":{"@id":"https:\/\/www.lichen.pl\/fr\/#\/schema\/person\/56fc5b38d70a2b34983408f9a457fd9d"},"breadcrumb":{"@id":"http:\/\/www.lichen.pl\/en\/uroczystosc-niepokalanego-poczecia-najswietszej-maryi-panny\/#breadcrumb"},"inLanguage":"de","potentialAction":[{"@type":"ReadAction","target":["http:\/\/www.lichen.pl\/en\/uroczystosc-niepokalanego-poczecia-najswietszej-maryi-panny\/"]}]},{"@type":"ImageObject","inLanguage":"de","@id":"http:\/\/www.lichen.pl\/en\/uroczystosc-niepokalanego-poczecia-najswietszej-maryi-panny\/#primaryimage","url":"https:\/\/www.lichen.pl\/wp-content\/uploads\/2020\/12\/kadr-conception-4.jpg","contentUrl":"https:\/\/www.lichen.pl\/wp-content\/uploads\/2020\/12\/kadr-conception-4.jpg","width":561,"height":487},{"@type":"BreadcrumbList","@id":"http:\/\/www.lichen.pl\/en\/uroczystosc-niepokalanego-poczecia-najswietszej-maryi-panny\/#breadcrumb","itemListElement":[{"@type":"ListItem","position":1,"name":"Strona g\u0142\u00f3wna","item":"https:\/\/www.lichen.pl\/"},{"@type":"ListItem","position":2,"name":"Uroczysto\u015b\u0107 Niepokalanego Pocz\u0119cia Naj\u015bwi\u0119tszej Maryi Panny"}]},{"@type":"WebSite","@id":"https:\/\/www.lichen.pl\/fr\/#website","url":"https:\/\/www.lichen.pl\/fr\/","name":"HEILIGTUM IN LICHENIEN","description":"DIE TRAURIGE K\u00d6NIGIN UNSERER FLECHEN VON POLEN","potentialAction":[{"@type":"SearchAction","target":{"@type":"EntryPoint","urlTemplate":"https:\/\/www.lichen.pl\/fr\/?s={search_term_string}"},"query-input":{"@type":"PropertyValueSpecification","valueRequired":true,"valueName":"search_term_string"}}],"inLanguage":"de"},{"@type":"Person","@id":"https:\/\/www.lichen.pl\/fr\/#\/schema\/person\/56fc5b38d70a2b34983408f9a457fd9d","name":"Arkadiusz Gorgolewski","image":{"@type":"ImageObject","inLanguage":"de","@id":"https:\/\/secure.gravatar.com\/avatar\/0f571b370f5aa245b1fd3b9c945511b004fe17579bdefd5054d99f0ba315149c?s=96&d=retro&r=g","url":"https:\/\/secure.gravatar.com\/avatar\/0f571b370f5aa245b1fd3b9c945511b004fe17579bdefd5054d99f0ba315149c?s=96&d=retro&r=g","contentUrl":"https:\/\/secure.gravatar.com\/avatar\/0f571b370f5aa245b1fd3b9c945511b004fe17579bdefd5054d99f0ba315149c?s=96&d=retro&r=g","caption":"Arkadiusz Gorgolewski"},"url":"https:\/\/www.lichen.pl\/de\/author\/sanadmin\/"}]}},"_links":{"self":[{"href":"https:\/\/www.lichen.pl\/de\/wp-json\/wp\/v2\/posts\/2904","targetHints":{"allow":["GET"]}}],"collection":[{"href":"https:\/\/www.lichen.pl\/de\/wp-json\/wp\/v2\/posts"}],"about":[{"href":"https:\/\/www.lichen.pl\/de\/wp-json\/wp\/v2\/types\/post"}],"author":[{"embeddable":true,"href":"https:\/\/www.lichen.pl\/de\/wp-json\/wp\/v2\/users\/2"}],"replies":[{"embeddable":true,"href":"https:\/\/www.lichen.pl\/de\/wp-json\/wp\/v2\/comments?post=2904"}],"version-history":[{"count":7,"href":"https:\/\/www.lichen.pl\/de\/wp-json\/wp\/v2\/posts\/2904\/revisions"}],"predecessor-version":[{"id":14649,"href":"https:\/\/www.lichen.pl\/de\/wp-json\/wp\/v2\/posts\/2904\/revisions\/14649"}],"wp:featuredmedia":[{"embeddable":true,"href":"https:\/\/www.lichen.pl\/de\/wp-json\/wp\/v2\/media\/14650"}],"wp:attachment":[{"href":"https:\/\/www.lichen.pl\/de\/wp-json\/wp\/v2\/media?parent=2904"}],"wp:term":[{"taxonomy":"category","embeddable":true,"href":"https:\/\/www.lichen.pl\/de\/wp-json\/wp\/v2\/categories?post=2904"},{"taxonomy":"post_tag","embeddable":true,"href":"https:\/\/www.lichen.pl\/de\/wp-json\/wp\/v2\/tags?post=2904"}],"curies":[{"name":"wp","href":"https:\/\/api.w.org\/{rel}","templated":true}]}}