{"id":39153,"date":"2022-04-18T14:57:35","date_gmt":"2022-04-18T12:57:35","guid":{"rendered":"https:\/\/www.lichen.pl\/niedziela-zmartwychwstania-panskiego-badzmy-swiadkami-zmartwychwstalego-pana-copy\/"},"modified":"2022-04-19T11:31:30","modified_gmt":"2022-04-19T09:31:30","slug":"niedziela-zmartwychwstania-panskiego-badzmy-swiadkami-zmartwychwstalego-pana-copy","status":"publish","type":"post","link":"https:\/\/www.lichen.pl\/de\/niedziela-zmartwychwstania-panskiego-badzmy-swiadkami-zmartwychwstalego-pana-copy\/","title":{"rendered":"Montag in der Osteroktave - lasst uns den Auferstandenen bezeugen"},"content":{"rendered":"<div data-elementor-type=\"wp-post\" data-elementor-id=\"39153\" class=\"elementor elementor-39153\" data-elementor-post-type=\"post\">\n\t\t\t\t\t\t<section class=\"elementor-section elementor-top-section elementor-element elementor-element-c915158 elementor-section-boxed elementor-section-height-default elementor-section-height-default\" data-id=\"c915158\" data-element_type=\"section\" data-e-type=\"section\">\n\t\t\t\t\t\t<div class=\"elementor-container elementor-column-gap-default\">\n\t\t\t\t\t<div class=\"elementor-column elementor-col-100 elementor-top-column elementor-element elementor-element-4178a25\" data-id=\"4178a25\" data-element_type=\"column\" data-e-type=\"column\">\n\t\t\t<div class=\"elementor-widget-wrap elementor-element-populated\">\n\t\t\t\t\t\t<div class=\"elementor-element elementor-element-df56a1b elementor-widget elementor-widget-spacer\" data-id=\"df56a1b\" data-element_type=\"widget\" data-e-type=\"widget\" data-widget_type=\"spacer.default\">\n\t\t\t\t<div class=\"elementor-widget-container\">\n\t\t\t\t\t\t\t<div class=\"elementor-spacer\">\n\t\t\t<div class=\"elementor-spacer-inner\"><\/div>\n\t\t<\/div>\n\t\t\t\t\t\t<\/div>\n\t\t\t\t<\/div>\n\t\t\t\t\t<\/div>\n\t\t<\/div>\n\t\t\t\t\t<\/div>\n\t\t<\/section>\n\t\t\t\t<section class=\"elementor-section elementor-top-section elementor-element elementor-element-0d67c3d elementor-section-boxed elementor-section-height-default elementor-section-height-default\" data-id=\"0d67c3d\" data-element_type=\"section\" data-e-type=\"section\">\n\t\t\t\t\t\t<div class=\"elementor-container elementor-column-gap-default\">\n\t\t\t\t\t<div class=\"elementor-column elementor-col-50 elementor-top-column elementor-element elementor-element-fa7fee8\" data-id=\"fa7fee8\" data-element_type=\"column\" data-e-type=\"column\">\n\t\t\t<div class=\"elementor-widget-wrap elementor-element-populated\">\n\t\t\t\t\t\t<div class=\"elementor-element elementor-element-aaa1ad6 elementor-widget elementor-widget-image\" data-id=\"aaa1ad6\" data-element_type=\"widget\" data-e-type=\"widget\" data-widget_type=\"image.default\">\n\t\t\t\t<div class=\"elementor-widget-container\">\n\t\t\t\t\t\t\t\t\t\t\t\t\t\t\t<img fetchpriority=\"high\" decoding=\"async\" width=\"768\" height=\"1024\" src=\"https:\/\/www.lichen.pl\/wp-content\/uploads\/2022\/04\/IMG_6966_1-768x1024.jpg\" class=\"attachment-medium_large size-medium_large wp-image-39167\" alt=\"\" srcset=\"https:\/\/www.lichen.pl\/wp-content\/uploads\/2022\/04\/IMG_6966_1-768x1024.jpg 768w, https:\/\/www.lichen.pl\/wp-content\/uploads\/2022\/04\/IMG_6966_1-800x1067.jpg 800w, https:\/\/www.lichen.pl\/wp-content\/uploads\/2022\/04\/IMG_6966_1-225x300.jpg 225w, https:\/\/www.lichen.pl\/wp-content\/uploads\/2022\/04\/IMG_6966_1-1152x1536.jpg 1152w, https:\/\/www.lichen.pl\/wp-content\/uploads\/2022\/04\/IMG_6966_1-1536x2048.jpg 1536w, https:\/\/www.lichen.pl\/wp-content\/uploads\/2022\/04\/IMG_6966_1-9x12.jpg 9w, https:\/\/www.lichen.pl\/wp-content\/uploads\/2022\/04\/IMG_6966_1.jpg 960w\" sizes=\"(max-width: 768px) 100vw, 768px\" \/>\t\t\t\t\t\t\t\t\t\t\t\t\t\t\t<\/div>\n\t\t\t\t<\/div>\n\t\t\t\t\t<\/div>\n\t\t<\/div>\n\t\t\t\t<div class=\"elementor-column elementor-col-50 elementor-top-column elementor-element elementor-element-68529f3\" data-id=\"68529f3\" data-element_type=\"column\" data-e-type=\"column\">\n\t\t\t<div class=\"elementor-widget-wrap elementor-element-populated\">\n\t\t\t\t\t\t<div class=\"elementor-element elementor-element-ea5d673 elementor-widget elementor-widget-heading\" data-id=\"ea5d673\" data-element_type=\"widget\" data-e-type=\"widget\" data-widget_type=\"heading.default\">\n\t\t\t\t<div class=\"elementor-widget-container\">\n\t\t\t\t\t<h2 class=\"elementor-heading-title elementor-size-default\"><p class=\"MsoNormal\" style=\"text-align:justify\"><b><span style=\"font-size:12.0pt;line-height:107%;,serif\">- Es reicht nicht aus, mit Ihren Lieben auf angenehme Weise zu feiern, lassen Sie uns unsere Pflicht erf\u00fcllen, Zeugnis f\u00fcr den auferstandenen Jesus abzulegen - sagte P. Janusz Kumala, MIC, W\u00e4chter des Liche\u0144-Heiligtums in der Liche\u0144-Basilika w\u00e4hrend der Messe. am Montag in der Osteroktave.<\/span><\/b><\/p>\n\n<\/h2>\t\t\t\t<\/div>\n\t\t\t\t<\/div>\n\t\t\t\t<div class=\"elementor-element elementor-element-20fde68 elementor-drop-cap-yes elementor-drop-cap-view-default elementor-widget elementor-widget-text-editor\" data-id=\"20fde68\" data-element_type=\"widget\" data-e-type=\"widget\" data-settings=\"{&quot;drop_cap&quot;:&quot;yes&quot;}\" data-widget_type=\"text-editor.default\">\n\t\t\t\t<div class=\"elementor-widget-container\">\n\t\t\t\t\t\t\t\t\t<div class=\"kvgmc6g5 cxmmr5t8 oygrvhab hcukyx3x c1et5uql ii04i59q\"><div dir=\"auto\"><div class=\"cxmmr5t8 oygrvhab hcukyx3x c1et5uql o9v6fnle ii04i59q\"><div dir=\"auto\"><div class=\"kvgmc6g5 cxmmr5t8 oygrvhab hcukyx3x c1et5uql ii04i59q\"><div dir=\"auto\"><div class=\"cxmmr5t8 oygrvhab hcukyx3x c1et5uql o9v6fnle ii04i59q\"><div dir=\"auto\"><p>Wir leben in der Freude der Auferstehung Christi, dies ist das wichtigste Ereignis in der Geschichte des Universums, aber auch im pers\u00f6nlichen Leben eines jeden von uns, denn dank des auferstandenen Christus leben wir \u2013 begann die Predigt von P. Janusz Kumala. Er erkl\u00e4rte, dass das Evangelium nach St. Matth\u00e4us \u00fcber die Begegnung mit dem Auferstandenen ist ein Hinweis darauf, dass alle Gl\u00e4ubigen im Alltag Zeugen der Auferstehung sein sollen. Es reicht nicht aus, mit seinen Lieben gem\u00fctlich zu feiern, es ist wichtig, sein Herz f\u00fcr den auferstandenen Christus zu \u00f6ffnen. - Das Auferstehungserlebnis bedeutet eine Ver\u00e4nderung in unserem Leben. Es ist eine Zeit der Gnade, unser Leben zum Besseren zu ver\u00e4ndern - betonte der Kurator. Er zitierte zwei Einstellungen der evangelikalen Pers\u00f6nlichkeiten \u2013 Frauen, die die Erfahrung der Liebe Christi erlebten, und Soldaten, die Geld nahmen, um \u00fcber den Diebstahl des Leibes Christi zu l\u00fcgen. - Er bringt Jesus seiner Liebe n\u00e4her, gest\u00e4rkt und ausgedr\u00fcckt durch die Teilnahme an der Eucharistie. Vermissen wir Christus? Lasst uns beten, dass niemand den Weg der L\u00fcge geht, sondern dem auferstandenen Jesus folgt. Erf\u00fcllen wir unsere Pflicht, den auferstandenen Jesus in unserem Leben zu bezeugen \u2013 ermutigt P. Kumala und w\u00fcnschte sich, dass jeder Tag von der Auferstehung Christi voller Freude und Gl\u00fcck sein w\u00fcrde.<\/p><\/div><\/div><\/div><\/div><\/div><\/div><\/div><\/div>\t\t\t\t\t\t\t\t<\/div>\n\t\t\t\t<\/div>\n\t\t\t\t\t<\/div>\n\t\t<\/div>\n\t\t\t\t\t<\/div>\n\t\t<\/section>\n\t\t\t\t<section class=\"elementor-section elementor-top-section elementor-element elementor-element-9364600 elementor-section-boxed elementor-section-height-default elementor-section-height-default\" data-id=\"9364600\" data-element_type=\"section\" data-e-type=\"section\">\n\t\t\t\t\t\t<div class=\"elementor-container elementor-column-gap-default\">\n\t\t\t\t\t<div class=\"elementor-column elementor-col-100 elementor-top-column elementor-element elementor-element-06856fb\" data-id=\"06856fb\" data-element_type=\"column\" data-e-type=\"column\">\n\t\t\t<div class=\"elementor-widget-wrap elementor-element-populated\">\n\t\t\t\t\t\t<div class=\"elementor-element elementor-element-73e8dd6 elementor-widget elementor-widget-spacer\" data-id=\"73e8dd6\" data-element_type=\"widget\" data-e-type=\"widget\" data-widget_type=\"spacer.default\">\n\t\t\t\t<div class=\"elementor-widget-container\">\n\t\t\t\t\t\t\t<div class=\"elementor-spacer\">\n\t\t\t<div class=\"elementor-spacer-inner\"><\/div>\n\t\t<\/div>\n\t\t\t\t\t\t<\/div>\n\t\t\t\t<\/div>\n\t\t\t\t<div class=\"elementor-element elementor-element-4fe5006 elementor-widget-divider--view-line elementor-widget elementor-widget-divider\" data-id=\"4fe5006\" data-element_type=\"widget\" data-e-type=\"widget\" data-widget_type=\"divider.default\">\n\t\t\t\t<div class=\"elementor-widget-container\">\n\t\t\t\t\t\t\t<div class=\"elementor-divider\">\n\t\t\t<span class=\"elementor-divider-separator\">\n\t\t\t\t\t\t<\/span>\n\t\t<\/div>\n\t\t\t\t\t\t<\/div>\n\t\t\t\t<\/div>\n\t\t\t\t\t<\/div>\n\t\t<\/div>\n\t\t\t\t\t<\/div>\n\t\t<\/section>\n\t\t\t\t<section class=\"elementor-section elementor-top-section elementor-element elementor-element-ae6321f elementor-section-boxed elementor-section-height-default elementor-section-height-default\" data-id=\"ae6321f\" data-element_type=\"section\" data-e-type=\"section\">\n\t\t\t\t\t\t<div class=\"elementor-container elementor-column-gap-default\">\n\t\t\t\t\t<div class=\"elementor-column elementor-col-33 elementor-top-column elementor-element elementor-element-ed1d11e\" data-id=\"ed1d11e\" data-element_type=\"column\" data-e-type=\"column\">\n\t\t\t<div class=\"elementor-widget-wrap\">\n\t\t\t\t\t\t\t<\/div>\n\t\t<\/div>\n\t\t\t\t<div class=\"elementor-column elementor-col-33 elementor-top-column elementor-element elementor-element-ce58ec2\" data-id=\"ce58ec2\" data-element_type=\"column\" data-e-type=\"column\">\n\t\t\t<div class=\"elementor-widget-wrap elementor-element-populated\">\n\t\t\t\t\t\t<div class=\"elementor-element elementor-element-a6c2d11 elementor-blockquote--skin-clean elementor-blockquote--align-center elementor-widget elementor-widget-blockquote\" data-id=\"a6c2d11\" data-element_type=\"widget\" data-e-type=\"widget\" data-widget_type=\"blockquote.default\">\n\t\t\t\t<div class=\"elementor-widget-container\">\n\t\t\t\t\t\t\t<blockquote class=\"elementor-blockquote\">\n\t\t\t<p class=\"elementor-blockquote__content\">\n\t\t\t\tEr wird von einer Liebe zu Jesus angezogen, die durch die Teilnahme an der Eucharistie gest\u00e4rkt und zum Ausdruck gebracht wird. Vermissen wir Christus? Lasst uns unsere Pflicht erf\u00fcllen, den auferstandenen Jesus in unserem Leben zu bezeugen\t\t\t<\/p>\n\t\t\t\t\t<\/blockquote>\n\t\t\t\t\t\t<\/div>\n\t\t\t\t<\/div>\n\t\t\t\t\t<\/div>\n\t\t<\/div>\n\t\t\t\t<div class=\"elementor-column elementor-col-33 elementor-top-column elementor-element elementor-element-346974e\" data-id=\"346974e\" data-element_type=\"column\" data-e-type=\"column\">\n\t\t\t<div class=\"elementor-widget-wrap\">\n\t\t\t\t\t\t\t<\/div>\n\t\t<\/div>\n\t\t\t\t\t<\/div>\n\t\t<\/section>\n\t\t\t\t<section class=\"elementor-section elementor-top-section elementor-element elementor-element-e8a1f91 elementor-section-boxed elementor-section-height-default elementor-section-height-default\" data-id=\"e8a1f91\" data-element_type=\"section\" data-e-type=\"section\">\n\t\t\t\t\t\t<div class=\"elementor-container elementor-column-gap-default\">\n\t\t\t\t\t<div class=\"elementor-column elementor-col-100 elementor-top-column elementor-element elementor-element-1d9cf53\" data-id=\"1d9cf53\" data-element_type=\"column\" data-e-type=\"column\">\n\t\t\t<div class=\"elementor-widget-wrap elementor-element-populated\">\n\t\t\t\t\t\t<div class=\"elementor-element elementor-element-354ed70 elementor-widget-divider--view-line elementor-widget elementor-widget-divider\" data-id=\"354ed70\" data-element_type=\"widget\" data-e-type=\"widget\" data-widget_type=\"divider.default\">\n\t\t\t\t<div class=\"elementor-widget-container\">\n\t\t\t\t\t\t\t<div class=\"elementor-divider\">\n\t\t\t<span class=\"elementor-divider-separator\">\n\t\t\t\t\t\t<\/span>\n\t\t<\/div>\n\t\t\t\t\t\t<\/div>\n\t\t\t\t<\/div>\n\t\t\t\t<div class=\"elementor-element elementor-element-4e6f8c3 elementor-drop-cap-yes elementor-drop-cap-view-default elementor-widget elementor-widget-text-editor\" data-id=\"4e6f8c3\" data-element_type=\"widget\" data-e-type=\"widget\" data-settings=\"{&quot;drop_cap&quot;:&quot;yes&quot;}\" data-widget_type=\"text-editor.default\">\n\t\t\t\t<div class=\"elementor-widget-container\">\n\t\t\t\t\t\t\t\t\t<div class=\"kvgmc6g5 cxmmr5t8 oygrvhab hcukyx3x c1et5uql ii04i59q\"><div dir=\"auto\"><div class=\"kvgmc6g5 cxmmr5t8 oygrvhab hcukyx3x c1et5uql ii04i59q\"><div dir=\"auto\"><div class=\"cxmmr5t8 oygrvhab hcukyx3x c1et5uql o9v6fnle ii04i59q\"><div dir=\"auto\"><div class=\"cxmmr5t8 oygrvhab hcukyx3x c1et5uql o9v6fnle ii04i59q\"><div dir=\"auto\"><div class=\"cxmmr5t8 oygrvhab hcukyx3x c1et5uql o9v6fnle ii04i59q\"><div dir=\"auto\"><p>In der Heiligen Messe mit dem Sanctuary Wind Quintet, einem Team professioneller Musiker, die die Veranstaltungen im Sanctuary bereichern.<\/p><p>Am Freitag, 22. April, laden wir Sie zum Ostergottesdienst ein <em>\u00dcber Lucis<\/em>, das hei\u00dft der Lichtweg in der Basilika von Liche\u0144 nach der Messe. beim. 18.00. Am n\u00e4chsten Tag, dem 23. April, laden wir Sie zum Ostergottesdienst ein, den er leiten wird <a href=\"https:\/\/www.lichen.pl\/de\/galilea\/\" target=\"_blank\" rel=\"noopener\"><span style=\"text-decoration: underline; color: #800000;\">der Heiligtumskomplex &quot;Galilea&quot;<\/span><\/a>. Beginnend mit der Heiligen Messe beim. 18.00.<\/p><p>Am n\u00e4chsten Wochenende wird Liche\u0144 auch Gastgeber der Nationalen Wallfahrt der Solidarit\u00e4t sein. Heilige Hauptmesse am Sonntag, 24. April, um 12.00 Uhr unter der Moderation von Fr. Erzbischof Salvatore Pennacchio, Apostolischer Nuntius in Polen.<\/p><\/div><\/div><\/div><\/div><\/div><\/div><\/div><\/div><\/div><\/div>\t\t\t\t\t\t\t\t<\/div>\n\t\t\t\t<\/div>\n\t\t\t\t<div class=\"elementor-element elementor-element-99bd2d3 elementor-drop-cap-yes elementor-drop-cap-view-default elementor-widget elementor-widget-text-editor\" data-id=\"99bd2d3\" data-element_type=\"widget\" data-e-type=\"widget\" data-settings=\"{&quot;drop_cap&quot;:&quot;yes&quot;}\" data-widget_type=\"text-editor.default\">\n\t\t\t\t<div class=\"elementor-widget-container\">\n\t\t\t\t\t\t\t\t\t<div class=\"kvgmc6g5 cxmmr5t8 oygrvhab hcukyx3x c1et5uql ii04i59q\"><div dir=\"auto\"><div class=\"kvgmc6g5 cxmmr5t8 oygrvhab hcukyx3x c1et5uql ii04i59q\"><div dir=\"auto\">Text und Fotos: Sanctuary Press Office<\/div><\/div><\/div><\/div>\t\t\t\t\t\t\t\t<\/div>\n\t\t\t\t<\/div>\n\t\t\t\t\t<\/div>\n\t\t<\/div>\n\t\t\t\t\t<\/div>\n\t\t<\/section>\n\t\t\t\t<section class=\"elementor-section elementor-top-section elementor-element elementor-element-b15bd9d elementor-section-boxed elementor-section-height-default elementor-section-height-default\" data-id=\"b15bd9d\" data-element_type=\"section\" data-e-type=\"section\">\n\t\t\t\t\t\t<div class=\"elementor-container elementor-column-gap-default\">\n\t\t\t\t\t<div class=\"elementor-column elementor-col-100 elementor-top-column elementor-element elementor-element-4d545c1\" data-id=\"4d545c1\" data-element_type=\"column\" data-e-type=\"column\">\n\t\t\t<div class=\"elementor-widget-wrap elementor-element-populated\">\n\t\t\t\t\t\t<div class=\"elementor-element elementor-element-804b8ef elementor-widget-divider--view-line_icon elementor-view-default elementor-widget-divider--element-align-center elementor-widget elementor-widget-divider\" data-id=\"804b8ef\" data-element_type=\"widget\" data-e-type=\"widget\" data-widget_type=\"divider.default\">\n\t\t\t\t<div class=\"elementor-widget-container\">\n\t\t\t\t\t\t\t<div class=\"elementor-divider\">\n\t\t\t<span class=\"elementor-divider-separator\">\n\t\t\t\t\t\t\t<div class=\"elementor-icon elementor-divider__element\">\n\t\t\t\t\t<i aria-hidden=\"true\" class=\"fas fa-camera\"><\/i><\/div>\n\t\t\t\t\t\t<\/span>\n\t\t<\/div>\n\t\t\t\t\t\t<\/div>\n\t\t\t\t<\/div>\n\t\t\t\t\t<\/div>\n\t\t<\/div>\n\t\t\t\t\t<\/div>\n\t\t<\/section>\n\t\t\t\t<section class=\"elementor-section elementor-top-section elementor-element elementor-element-97141ee elementor-section-boxed elementor-section-height-default elementor-section-height-default\" data-id=\"97141ee\" data-element_type=\"section\" data-e-type=\"section\">\n\t\t\t\t\t\t<div class=\"elementor-container elementor-column-gap-default\">\n\t\t\t\t\t<div class=\"elementor-column elementor-col-100 elementor-top-column elementor-element elementor-element-171b46d\" data-id=\"171b46d\" data-element_type=\"column\" data-e-type=\"column\">\n\t\t\t<div class=\"elementor-widget-wrap elementor-element-populated\">\n\t\t\t\t\t\t<div class=\"elementor-element elementor-element-5e7c48d elementor-widget elementor-widget-gallery\" data-id=\"5e7c48d\" data-element_type=\"widget\" data-e-type=\"widget\" data-settings=\"{&quot;gap&quot;:{&quot;unit&quot;:&quot;px&quot;,&quot;size&quot;:2,&quot;sizes&quot;:[]},&quot;lazyload&quot;:&quot;yes&quot;,&quot;gallery_layout&quot;:&quot;grid&quot;,&quot;columns&quot;:4,&quot;columns_tablet&quot;:2,&quot;columns_mobile&quot;:1,&quot;gap_tablet&quot;:{&quot;unit&quot;:&quot;px&quot;,&quot;size&quot;:10,&quot;sizes&quot;:[]},&quot;gap_mobile&quot;:{&quot;unit&quot;:&quot;px&quot;,&quot;size&quot;:10,&quot;sizes&quot;:[]},&quot;link_to&quot;:&quot;file&quot;,&quot;aspect_ratio&quot;:&quot;3:2&quot;,&quot;overlay_background&quot;:&quot;yes&quot;,&quot;content_hover_animation&quot;:&quot;fade-in&quot;}\" data-widget_type=\"gallery.default\">\n\t\t\t\t<div class=\"elementor-widget-container\">\n\t\t\t\t\t\t\t<div class=\"elementor-gallery__container\">\n\t\t\t\t\t\t\t<a class=\"e-gallery-item elementor-gallery-item elementor-animated-content\" href=\"https:\/\/www.lichen.pl\/wp-content\/uploads\/2022\/04\/IMG_6976_1.jpg\" data-elementor-open-lightbox=\"yes\" data-elementor-lightbox-slideshow=\"5e7c48d\" data-elementor-lightbox-title=\"Poniedzia\u0142ek w oktawie Wielkanocy, 18 kwietnia 2022 r.\" data-e-action-hash=\"#elementor-action%3Aaction%3Dlightbox%26settings%3DeyJpZCI6MzkxNTUsInVybCI6Imh0dHBzOlwvXC93d3cubGljaGVuLnBsXC93cC1jb250ZW50XC91cGxvYWRzXC8yMDIyXC8wNFwvSU1HXzY5NzZfMS5qcGciLCJzbGlkZXNob3ciOiI1ZTdjNDhkIn0%3D\">\n\t\t\t\t\t<div class=\"e-gallery-image elementor-gallery-item__image\" data-thumbnail=\"https:\/\/www.lichen.pl\/wp-content\/uploads\/2022\/04\/IMG_6976_1-300x225.jpg\" data-width=\"300\" data-height=\"225\" aria-label=\"\" role=\"img\" ><\/div>\n\t\t\t\t\t\t\t\t\t\t\t<div class=\"elementor-gallery-item__overlay\"><\/div>\n\t\t\t\t\t\t\t\t\t\t\t\t\t\t<\/a>\n\t\t\t\t\t\t\t<a class=\"e-gallery-item elementor-gallery-item elementor-animated-content\" href=\"https:\/\/www.lichen.pl\/wp-content\/uploads\/2022\/04\/IMG_6961.jpg\" data-elementor-open-lightbox=\"yes\" data-elementor-lightbox-slideshow=\"5e7c48d\" data-elementor-lightbox-title=\"Poniedzia\u0142ek w oktawie Wielkanocy, 18 kwietnia 2022 r.\" data-e-action-hash=\"#elementor-action%3Aaction%3Dlightbox%26settings%3DeyJpZCI6MzkxNTcsInVybCI6Imh0dHBzOlwvXC93d3cubGljaGVuLnBsXC93cC1jb250ZW50XC91cGxvYWRzXC8yMDIyXC8wNFwvSU1HXzY5NjEuanBnIiwic2xpZGVzaG93IjoiNWU3YzQ4ZCJ9\">\n\t\t\t\t\t<div class=\"e-gallery-image elementor-gallery-item__image\" data-thumbnail=\"https:\/\/www.lichen.pl\/wp-content\/uploads\/2022\/04\/IMG_6961-300x200.jpg\" data-width=\"300\" data-height=\"200\" aria-label=\"\" role=\"img\" ><\/div>\n\t\t\t\t\t\t\t\t\t\t\t<div class=\"elementor-gallery-item__overlay\"><\/div>\n\t\t\t\t\t\t\t\t\t\t\t\t\t\t<\/a>\n\t\t\t\t\t\t\t<a class=\"e-gallery-item elementor-gallery-item elementor-animated-content\" href=\"https:\/\/www.lichen.pl\/wp-content\/uploads\/2022\/04\/IMG_6963.jpg\" data-elementor-open-lightbox=\"yes\" data-elementor-lightbox-slideshow=\"5e7c48d\" data-elementor-lightbox-title=\"Poniedzia\u0142ek w oktawie Wielkanocy, 18 kwietnia 2022 r.\" data-e-action-hash=\"#elementor-action%3Aaction%3Dlightbox%26settings%3DeyJpZCI6MzkxNTgsInVybCI6Imh0dHBzOlwvXC93d3cubGljaGVuLnBsXC93cC1jb250ZW50XC91cGxvYWRzXC8yMDIyXC8wNFwvSU1HXzY5NjMuanBnIiwic2xpZGVzaG93IjoiNWU3YzQ4ZCJ9\">\n\t\t\t\t\t<div class=\"e-gallery-image elementor-gallery-item__image\" data-thumbnail=\"https:\/\/www.lichen.pl\/wp-content\/uploads\/2022\/04\/IMG_6963-300x200.jpg\" data-width=\"300\" data-height=\"200\" aria-label=\"\" role=\"img\" ><\/div>\n\t\t\t\t\t\t\t\t\t\t\t<div class=\"elementor-gallery-item__overlay\"><\/div>\n\t\t\t\t\t\t\t\t\t\t\t\t\t\t<\/a>\n\t\t\t\t\t\t\t<a class=\"e-gallery-item elementor-gallery-item elementor-animated-content\" href=\"https:\/\/www.lichen.pl\/wp-content\/uploads\/2022\/04\/IMG_6974.jpg\" data-elementor-open-lightbox=\"yes\" data-elementor-lightbox-slideshow=\"5e7c48d\" data-elementor-lightbox-title=\"Poniedzia\u0142ek w oktawie Wielkanocy, 18 kwietnia 2022 r.\" data-e-action-hash=\"#elementor-action%3Aaction%3Dlightbox%26settings%3DeyJpZCI6MzkxNjIsInVybCI6Imh0dHBzOlwvXC93d3cubGljaGVuLnBsXC93cC1jb250ZW50XC91cGxvYWRzXC8yMDIyXC8wNFwvSU1HXzY5NzQuanBnIiwic2xpZGVzaG93IjoiNWU3YzQ4ZCJ9\">\n\t\t\t\t\t<div class=\"e-gallery-image elementor-gallery-item__image\" data-thumbnail=\"https:\/\/www.lichen.pl\/wp-content\/uploads\/2022\/04\/IMG_6974-300x200.jpg\" data-width=\"300\" data-height=\"200\" aria-label=\"\" role=\"img\" ><\/div>\n\t\t\t\t\t\t\t\t\t\t\t<div class=\"elementor-gallery-item__overlay\"><\/div>\n\t\t\t\t\t\t\t\t\t\t\t\t\t\t<\/a>\n\t\t\t\t\t\t\t<a class=\"e-gallery-item elementor-gallery-item elementor-animated-content\" href=\"https:\/\/www.lichen.pl\/wp-content\/uploads\/2022\/04\/IMG_6964.jpg\" data-elementor-open-lightbox=\"yes\" data-elementor-lightbox-slideshow=\"5e7c48d\" data-elementor-lightbox-title=\"Poniedzia\u0142ek w oktawie Wielkanocy, 18 kwietnia 2022 r.\" data-e-action-hash=\"#elementor-action%3Aaction%3Dlightbox%26settings%3DeyJpZCI6MzkxNTksInVybCI6Imh0dHBzOlwvXC93d3cubGljaGVuLnBsXC93cC1jb250ZW50XC91cGxvYWRzXC8yMDIyXC8wNFwvSU1HXzY5NjQuanBnIiwic2xpZGVzaG93IjoiNWU3YzQ4ZCJ9\">\n\t\t\t\t\t<div class=\"e-gallery-image elementor-gallery-item__image\" data-thumbnail=\"https:\/\/www.lichen.pl\/wp-content\/uploads\/2022\/04\/IMG_6964-300x200.jpg\" data-width=\"300\" data-height=\"200\" aria-label=\"\" role=\"img\" ><\/div>\n\t\t\t\t\t\t\t\t\t\t\t<div class=\"elementor-gallery-item__overlay\"><\/div>\n\t\t\t\t\t\t\t\t\t\t\t\t\t\t<\/a>\n\t\t\t\t\t\t\t<a class=\"e-gallery-item elementor-gallery-item elementor-animated-content\" href=\"https:\/\/www.lichen.pl\/wp-content\/uploads\/2022\/04\/IMG_6978.jpg\" data-elementor-open-lightbox=\"yes\" data-elementor-lightbox-slideshow=\"5e7c48d\" data-elementor-lightbox-title=\"Poniedzia\u0142ek w oktawie Wielkanocy, 18 kwietnia 2022 r.\" data-e-action-hash=\"#elementor-action%3Aaction%3Dlightbox%26settings%3DeyJpZCI6MzkxNjMsInVybCI6Imh0dHBzOlwvXC93d3cubGljaGVuLnBsXC93cC1jb250ZW50XC91cGxvYWRzXC8yMDIyXC8wNFwvSU1HXzY5NzguanBnIiwic2xpZGVzaG93IjoiNWU3YzQ4ZCJ9\">\n\t\t\t\t\t<div class=\"e-gallery-image elementor-gallery-item__image\" data-thumbnail=\"https:\/\/www.lichen.pl\/wp-content\/uploads\/2022\/04\/IMG_6978-300x225.jpg\" data-width=\"300\" data-height=\"225\" aria-label=\"\" role=\"img\" ><\/div>\n\t\t\t\t\t\t\t\t\t\t\t<div class=\"elementor-gallery-item__overlay\"><\/div>\n\t\t\t\t\t\t\t\t\t\t\t\t\t\t<\/a>\n\t\t\t\t\t\t\t<a class=\"e-gallery-item elementor-gallery-item elementor-animated-content\" href=\"https:\/\/www.lichen.pl\/wp-content\/uploads\/2022\/04\/IMG_6981.jpg\" data-elementor-open-lightbox=\"yes\" data-elementor-lightbox-slideshow=\"5e7c48d\" data-elementor-lightbox-title=\"Poniedzia\u0142ek w oktawie Wielkanocy, 18 kwietnia 2022 r.\" data-e-action-hash=\"#elementor-action%3Aaction%3Dlightbox%26settings%3DeyJpZCI6MzkxNjQsInVybCI6Imh0dHBzOlwvXC93d3cubGljaGVuLnBsXC93cC1jb250ZW50XC91cGxvYWRzXC8yMDIyXC8wNFwvSU1HXzY5ODEuanBnIiwic2xpZGVzaG93IjoiNWU3YzQ4ZCJ9\">\n\t\t\t\t\t<div class=\"e-gallery-image elementor-gallery-item__image\" data-thumbnail=\"https:\/\/www.lichen.pl\/wp-content\/uploads\/2022\/04\/IMG_6981-300x200.jpg\" data-width=\"300\" data-height=\"200\" aria-label=\"\" role=\"img\" ><\/div>\n\t\t\t\t\t\t\t\t\t\t\t<div class=\"elementor-gallery-item__overlay\"><\/div>\n\t\t\t\t\t\t\t\t\t\t\t\t\t\t<\/a>\n\t\t\t\t\t\t\t<a class=\"e-gallery-item elementor-gallery-item elementor-animated-content\" href=\"https:\/\/www.lichen.pl\/wp-content\/uploads\/2022\/04\/IMG_6983.jpg\" data-elementor-open-lightbox=\"yes\" data-elementor-lightbox-slideshow=\"5e7c48d\" data-elementor-lightbox-title=\"Poniedzia\u0142ek w oktawie Wielkanocy, 18 kwietnia 2022 r.\" data-e-action-hash=\"#elementor-action%3Aaction%3Dlightbox%26settings%3DeyJpZCI6MzkxNjUsInVybCI6Imh0dHBzOlwvXC93d3cubGljaGVuLnBsXC93cC1jb250ZW50XC91cGxvYWRzXC8yMDIyXC8wNFwvSU1HXzY5ODMuanBnIiwic2xpZGVzaG93IjoiNWU3YzQ4ZCJ9\">\n\t\t\t\t\t<div class=\"e-gallery-image elementor-gallery-item__image\" data-thumbnail=\"https:\/\/www.lichen.pl\/wp-content\/uploads\/2022\/04\/IMG_6983-300x200.jpg\" data-width=\"300\" data-height=\"200\" aria-label=\"\" role=\"img\" ><\/div>\n\t\t\t\t\t\t\t\t\t\t\t<div class=\"elementor-gallery-item__overlay\"><\/div>\n\t\t\t\t\t\t\t\t\t\t\t\t\t\t<\/a>\n\t\t\t\t\t<\/div>\n\t\t\t\t\t<\/div>\n\t\t\t\t<\/div>\n\t\t\t\t\t<\/div>\n\t\t<\/div>\n\t\t\t\t\t<\/div>\n\t\t<\/section>\n\t\t\t\t<section class=\"elementor-section elementor-top-section elementor-element elementor-element-9bc2e87 elementor-section-boxed elementor-section-height-default elementor-section-height-default\" data-id=\"9bc2e87\" data-element_type=\"section\" data-e-type=\"section\">\n\t\t\t\t\t\t<div class=\"elementor-container elementor-column-gap-default\">\n\t\t\t\t\t<div class=\"elementor-column elementor-col-100 elementor-top-column elementor-element elementor-element-2864f6a\" data-id=\"2864f6a\" data-element_type=\"column\" data-e-type=\"column\">\n\t\t\t<div class=\"elementor-widget-wrap elementor-element-populated\">\n\t\t\t\t\t\t<div class=\"elementor-element elementor-element-14de274 elementor-widget-divider--view-line elementor-widget elementor-widget-divider\" data-id=\"14de274\" data-element_type=\"widget\" data-e-type=\"widget\" data-widget_type=\"divider.default\">\n\t\t\t\t<div class=\"elementor-widget-container\">\n\t\t\t\t\t\t\t<div class=\"elementor-divider\">\n\t\t\t<span class=\"elementor-divider-separator\">\n\t\t\t\t\t\t<\/span>\n\t\t<\/div>\n\t\t\t\t\t\t<\/div>\n\t\t\t\t<\/div>\n\t\t\t\t\t<\/div>\n\t\t<\/div>\n\t\t\t\t\t<\/div>\n\t\t<\/section>\n\t\t\t\t<\/div>","protected":false},"excerpt":{"rendered":"<p>\u2013 Nie wystarczy mi\u0142e \u015bwi\u0119towanie w gronie najbli\u017cszych,&nbsp; wype\u0142nijmy nasz obowi\u0105zek, by \u015bwiadczy\u0107 o Jezusie zmartwychwsta\u0142ym \u2013 m\u00f3wi\u0142 ks. Janusz Kumala MIC, kustosz liche\u0144skiego sanktuarium w bazylice liche\u0144skiej podczas Mszy \u015bw. w Poniedzia\u0142ek w oktawie Wielkanocy. Trwamy w rado\u015bci ze zmartwychwstania Chrystusa, to najwa\u017cniejsze wydarzenie w dziejach wszech\u015bwiata, ale te\u017c w osobistym \u017cyciu ka\u017cdego z [&hellip;]<\/p>\n","protected":false},"author":6,"featured_media":39155,"comment_status":"open","ping_status":"open","sticky":false,"template":"","format":"standard","meta":{"footnotes":""},"categories":[1],"tags":[],"class_list":["post-39153","post","type-post","status-publish","format-standard","has-post-thumbnail","hentry","category-aktualnosci","wpbf-post"],"yoast_head":"<!-- This site is optimized with the Yoast SEO plugin v27.4 - https:\/\/yoast.com\/product\/yoast-seo-wordpress\/ -->\n<title>Poniedzia\u0142ek w oktawie Wielkanocy - dajmy \u015bwiadectwo Zmartwychwsta\u0142emu - SANKTUARIUM W LICHENIU<\/title>\n<meta name=\"robots\" content=\"index, follow, max-snippet:-1, max-image-preview:large, max-video-preview:-1\" \/>\n<link rel=\"canonical\" href=\"https:\/\/www.lichen.pl\/de\/niedziela-zmartwychwstania-panskiego-badzmy-swiadkami-zmartwychwstalego-pana-copy\/\" \/>\n<meta property=\"og:locale\" content=\"de_DE\" \/>\n<meta property=\"og:type\" content=\"article\" \/>\n<meta property=\"og:title\" content=\"Poniedzia\u0142ek w oktawie Wielkanocy - dajmy \u015bwiadectwo Zmartwychwsta\u0142emu - SANKTUARIUM W LICHENIU\" \/>\n<meta property=\"og:description\" content=\"\u2013 Nie wystarczy mi\u0142e \u015bwi\u0119towanie w gronie najbli\u017cszych,&nbsp; wype\u0142nijmy nasz obowi\u0105zek, by \u015bwiadczy\u0107 o Jezusie zmartwychwsta\u0142ym \u2013 m\u00f3wi\u0142 ks. Janusz Kumala MIC, kustosz liche\u0144skiego sanktuarium w bazylice liche\u0144skiej podczas Mszy \u015bw. w Poniedzia\u0142ek w oktawie Wielkanocy. Trwamy w rado\u015bci ze zmartwychwstania Chrystusa, to najwa\u017cniejsze wydarzenie w dziejach wszech\u015bwiata, ale te\u017c w osobistym \u017cyciu ka\u017cdego z [&hellip;]\" \/>\n<meta property=\"og:url\" content=\"https:\/\/www.lichen.pl\/de\/niedziela-zmartwychwstania-panskiego-badzmy-swiadkami-zmartwychwstalego-pana-copy\/\" \/>\n<meta property=\"og:site_name\" content=\"SANKTUARIUM W LICHENIU\" \/>\n<meta property=\"article:published_time\" content=\"2022-04-18T12:57:35+00:00\" \/>\n<meta property=\"article:modified_time\" content=\"2022-04-19T09:31:30+00:00\" \/>\n<meta property=\"og:image\" content=\"https:\/\/www.lichen.pl\/wp-content\/uploads\/2022\/04\/IMG_6976_1.jpg\" \/>\n\t<meta property=\"og:image:width\" content=\"1920\" \/>\n\t<meta property=\"og:image:height\" content=\"1440\" \/>\n\t<meta property=\"og:image:type\" content=\"image\/jpeg\" \/>\n<meta name=\"author\" content=\"AMELIA SIUDA-KOSZELA\" \/>\n<meta name=\"twitter:card\" content=\"summary_large_image\" \/>\n<meta name=\"twitter:label1\" content=\"Verfasst von\" \/>\n\t<meta name=\"twitter:data1\" content=\"AMELIA SIUDA-KOSZELA\" \/>\n\t<meta name=\"twitter:label2\" content=\"Gesch\u00e4tzte Lesezeit\" \/>\n\t<meta name=\"twitter:data2\" content=\"3\u00a0Minuten\" \/>\n<script type=\"application\/ld+json\" class=\"yoast-schema-graph\">{\"@context\":\"https:\\\/\\\/schema.org\",\"@graph\":[{\"@type\":\"Article\",\"@id\":\"https:\\\/\\\/www.lichen.pl\\\/niedziela-zmartwychwstania-panskiego-badzmy-swiadkami-zmartwychwstalego-pana-copy\\\/#article\",\"isPartOf\":{\"@id\":\"https:\\\/\\\/www.lichen.pl\\\/niedziela-zmartwychwstania-panskiego-badzmy-swiadkami-zmartwychwstalego-pana-copy\\\/\"},\"author\":{\"name\":\"AMELIA SIUDA-KOSZELA\",\"@id\":\"https:\\\/\\\/www.lichen.pl\\\/fr\\\/#\\\/schema\\\/person\\\/70bf824c102f176cf976b0d90af0d62a\"},\"headline\":\"Poniedzia\u0142ek w oktawie Wielkanocy &#8211; dajmy \u015bwiadectwo Zmartwychwsta\u0142emu\",\"datePublished\":\"2022-04-18T12:57:35+00:00\",\"dateModified\":\"2022-04-19T09:31:30+00:00\",\"mainEntityOfPage\":{\"@id\":\"https:\\\/\\\/www.lichen.pl\\\/niedziela-zmartwychwstania-panskiego-badzmy-swiadkami-zmartwychwstalego-pana-copy\\\/\"},\"wordCount\":411,\"commentCount\":0,\"image\":{\"@id\":\"https:\\\/\\\/www.lichen.pl\\\/niedziela-zmartwychwstania-panskiego-badzmy-swiadkami-zmartwychwstalego-pana-copy\\\/#primaryimage\"},\"thumbnailUrl\":\"https:\\\/\\\/www.lichen.pl\\\/wp-content\\\/uploads\\\/2022\\\/04\\\/IMG_6976_1.jpg\",\"articleSection\":[\"Aktualno\u015bci\"],\"inLanguage\":\"de\",\"potentialAction\":[{\"@type\":\"CommentAction\",\"name\":\"Comment\",\"target\":[\"https:\\\/\\\/www.lichen.pl\\\/niedziela-zmartwychwstania-panskiego-badzmy-swiadkami-zmartwychwstalego-pana-copy\\\/#respond\"]}]},{\"@type\":\"WebPage\",\"@id\":\"https:\\\/\\\/www.lichen.pl\\\/niedziela-zmartwychwstania-panskiego-badzmy-swiadkami-zmartwychwstalego-pana-copy\\\/\",\"url\":\"https:\\\/\\\/www.lichen.pl\\\/niedziela-zmartwychwstania-panskiego-badzmy-swiadkami-zmartwychwstalego-pana-copy\\\/\",\"name\":\"Poniedzia\u0142ek w oktawie Wielkanocy - dajmy \u015bwiadectwo Zmartwychwsta\u0142emu - SANKTUARIUM W LICHENIU\",\"isPartOf\":{\"@id\":\"https:\\\/\\\/www.lichen.pl\\\/fr\\\/#website\"},\"primaryImageOfPage\":{\"@id\":\"https:\\\/\\\/www.lichen.pl\\\/niedziela-zmartwychwstania-panskiego-badzmy-swiadkami-zmartwychwstalego-pana-copy\\\/#primaryimage\"},\"image\":{\"@id\":\"https:\\\/\\\/www.lichen.pl\\\/niedziela-zmartwychwstania-panskiego-badzmy-swiadkami-zmartwychwstalego-pana-copy\\\/#primaryimage\"},\"thumbnailUrl\":\"https:\\\/\\\/www.lichen.pl\\\/wp-content\\\/uploads\\\/2022\\\/04\\\/IMG_6976_1.jpg\",\"datePublished\":\"2022-04-18T12:57:35+00:00\",\"dateModified\":\"2022-04-19T09:31:30+00:00\",\"author\":{\"@id\":\"https:\\\/\\\/www.lichen.pl\\\/fr\\\/#\\\/schema\\\/person\\\/70bf824c102f176cf976b0d90af0d62a\"},\"breadcrumb\":{\"@id\":\"https:\\\/\\\/www.lichen.pl\\\/niedziela-zmartwychwstania-panskiego-badzmy-swiadkami-zmartwychwstalego-pana-copy\\\/#breadcrumb\"},\"inLanguage\":\"de\",\"potentialAction\":[{\"@type\":\"ReadAction\",\"target\":[\"https:\\\/\\\/www.lichen.pl\\\/niedziela-zmartwychwstania-panskiego-badzmy-swiadkami-zmartwychwstalego-pana-copy\\\/\"]}]},{\"@type\":\"ImageObject\",\"inLanguage\":\"de\",\"@id\":\"https:\\\/\\\/www.lichen.pl\\\/niedziela-zmartwychwstania-panskiego-badzmy-swiadkami-zmartwychwstalego-pana-copy\\\/#primaryimage\",\"url\":\"https:\\\/\\\/www.lichen.pl\\\/wp-content\\\/uploads\\\/2022\\\/04\\\/IMG_6976_1.jpg\",\"contentUrl\":\"https:\\\/\\\/www.lichen.pl\\\/wp-content\\\/uploads\\\/2022\\\/04\\\/IMG_6976_1.jpg\",\"width\":1920,\"height\":1440},{\"@type\":\"BreadcrumbList\",\"@id\":\"https:\\\/\\\/www.lichen.pl\\\/niedziela-zmartwychwstania-panskiego-badzmy-swiadkami-zmartwychwstalego-pana-copy\\\/#breadcrumb\",\"itemListElement\":[{\"@type\":\"ListItem\",\"position\":1,\"name\":\"Strona g\u0142\u00f3wna\",\"item\":\"https:\\\/\\\/www.lichen.pl\\\/\"},{\"@type\":\"ListItem\",\"position\":2,\"name\":\"Poniedzia\u0142ek w oktawie Wielkanocy &#8211; dajmy \u015bwiadectwo Zmartwychwsta\u0142emu\"}]},{\"@type\":\"WebSite\",\"@id\":\"https:\\\/\\\/www.lichen.pl\\\/fr\\\/#website\",\"url\":\"https:\\\/\\\/www.lichen.pl\\\/fr\\\/\",\"name\":\"SANKTUARIUM W LICHENIU\",\"description\":\"MATKI BO\u017bEJ LICHE\u0143SKIEJ BOLESNEJ KR\u00d3LOWEJ POLSKI\",\"potentialAction\":[{\"@type\":\"SearchAction\",\"target\":{\"@type\":\"EntryPoint\",\"urlTemplate\":\"https:\\\/\\\/www.lichen.pl\\\/fr\\\/?s={search_term_string}\"},\"query-input\":{\"@type\":\"PropertyValueSpecification\",\"valueRequired\":true,\"valueName\":\"search_term_string\"}}],\"inLanguage\":\"de\"},{\"@type\":\"Person\",\"@id\":\"https:\\\/\\\/www.lichen.pl\\\/fr\\\/#\\\/schema\\\/person\\\/70bf824c102f176cf976b0d90af0d62a\",\"name\":\"AMELIA SIUDA-KOSZELA\",\"image\":{\"@type\":\"ImageObject\",\"inLanguage\":\"de\",\"@id\":\"https:\\\/\\\/secure.gravatar.com\\\/avatar\\\/a0f9a92186ab02fb8db116f5388e3bc7280dd7bd01565c5d6b7ceb07ff27d6d9?s=96&d=retro&r=g\",\"url\":\"https:\\\/\\\/secure.gravatar.com\\\/avatar\\\/a0f9a92186ab02fb8db116f5388e3bc7280dd7bd01565c5d6b7ceb07ff27d6d9?s=96&d=retro&r=g\",\"contentUrl\":\"https:\\\/\\\/secure.gravatar.com\\\/avatar\\\/a0f9a92186ab02fb8db116f5388e3bc7280dd7bd01565c5d6b7ceb07ff27d6d9?s=96&d=retro&r=g\",\"caption\":\"AMELIA SIUDA-KOSZELA\"},\"url\":\"https:\\\/\\\/www.lichen.pl\\\/de\\\/author\\\/amelia\\\/\"}]}<\/script>\n<!-- \/ Yoast SEO plugin. -->","yoast_head_json":{"title":"Poniedzia\u0142ek w oktawie Wielkanocy - dajmy \u015bwiadectwo Zmartwychwsta\u0142emu - SANKTUARIUM W LICHENIU","robots":{"index":"index","follow":"follow","max-snippet":"max-snippet:-1","max-image-preview":"max-image-preview:large","max-video-preview":"max-video-preview:-1"},"canonical":"https:\/\/www.lichen.pl\/de\/niedziela-zmartwychwstania-panskiego-badzmy-swiadkami-zmartwychwstalego-pana-copy\/","og_locale":"de_DE","og_type":"article","og_title":"Poniedzia\u0142ek w oktawie Wielkanocy - dajmy \u015bwiadectwo Zmartwychwsta\u0142emu - SANKTUARIUM W LICHENIU","og_description":"\u2013 Nie wystarczy mi\u0142e \u015bwi\u0119towanie w gronie najbli\u017cszych,&nbsp; wype\u0142nijmy nasz obowi\u0105zek, by \u015bwiadczy\u0107 o Jezusie zmartwychwsta\u0142ym \u2013 m\u00f3wi\u0142 ks. Janusz Kumala MIC, kustosz liche\u0144skiego sanktuarium w bazylice liche\u0144skiej podczas Mszy \u015bw. w Poniedzia\u0142ek w oktawie Wielkanocy. Trwamy w rado\u015bci ze zmartwychwstania Chrystusa, to najwa\u017cniejsze wydarzenie w dziejach wszech\u015bwiata, ale te\u017c w osobistym \u017cyciu ka\u017cdego z [&hellip;]","og_url":"https:\/\/www.lichen.pl\/de\/niedziela-zmartwychwstania-panskiego-badzmy-swiadkami-zmartwychwstalego-pana-copy\/","og_site_name":"SANKTUARIUM W LICHENIU","article_published_time":"2022-04-18T12:57:35+00:00","article_modified_time":"2022-04-19T09:31:30+00:00","og_image":[{"width":1920,"height":1440,"url":"https:\/\/www.lichen.pl\/wp-content\/uploads\/2022\/04\/IMG_6976_1.jpg","type":"image\/jpeg"}],"author":"AMELIA SIUDA-KOSZELA","twitter_card":"summary_large_image","twitter_misc":{"Verfasst von":"AMELIA SIUDA-KOSZELA","Gesch\u00e4tzte Lesezeit":"3\u00a0Minuten"},"schema":{"@context":"https:\/\/schema.org","@graph":[{"@type":"Article","@id":"https:\/\/www.lichen.pl\/niedziela-zmartwychwstania-panskiego-badzmy-swiadkami-zmartwychwstalego-pana-copy\/#article","isPartOf":{"@id":"https:\/\/www.lichen.pl\/niedziela-zmartwychwstania-panskiego-badzmy-swiadkami-zmartwychwstalego-pana-copy\/"},"author":{"name":"AMELIA SIUDA-KOSZELA","@id":"https:\/\/www.lichen.pl\/fr\/#\/schema\/person\/70bf824c102f176cf976b0d90af0d62a"},"headline":"Poniedzia\u0142ek w oktawie Wielkanocy &#8211; dajmy \u015bwiadectwo Zmartwychwsta\u0142emu","datePublished":"2022-04-18T12:57:35+00:00","dateModified":"2022-04-19T09:31:30+00:00","mainEntityOfPage":{"@id":"https:\/\/www.lichen.pl\/niedziela-zmartwychwstania-panskiego-badzmy-swiadkami-zmartwychwstalego-pana-copy\/"},"wordCount":411,"commentCount":0,"image":{"@id":"https:\/\/www.lichen.pl\/niedziela-zmartwychwstania-panskiego-badzmy-swiadkami-zmartwychwstalego-pana-copy\/#primaryimage"},"thumbnailUrl":"https:\/\/www.lichen.pl\/wp-content\/uploads\/2022\/04\/IMG_6976_1.jpg","articleSection":["Aktualno\u015bci"],"inLanguage":"de","potentialAction":[{"@type":"CommentAction","name":"Comment","target":["https:\/\/www.lichen.pl\/niedziela-zmartwychwstania-panskiego-badzmy-swiadkami-zmartwychwstalego-pana-copy\/#respond"]}]},{"@type":"WebPage","@id":"https:\/\/www.lichen.pl\/niedziela-zmartwychwstania-panskiego-badzmy-swiadkami-zmartwychwstalego-pana-copy\/","url":"https:\/\/www.lichen.pl\/niedziela-zmartwychwstania-panskiego-badzmy-swiadkami-zmartwychwstalego-pana-copy\/","name":"Poniedzia\u0142ek w oktawie Wielkanocy - dajmy \u015bwiadectwo Zmartwychwsta\u0142emu - SANKTUARIUM W LICHENIU","isPartOf":{"@id":"https:\/\/www.lichen.pl\/fr\/#website"},"primaryImageOfPage":{"@id":"https:\/\/www.lichen.pl\/niedziela-zmartwychwstania-panskiego-badzmy-swiadkami-zmartwychwstalego-pana-copy\/#primaryimage"},"image":{"@id":"https:\/\/www.lichen.pl\/niedziela-zmartwychwstania-panskiego-badzmy-swiadkami-zmartwychwstalego-pana-copy\/#primaryimage"},"thumbnailUrl":"https:\/\/www.lichen.pl\/wp-content\/uploads\/2022\/04\/IMG_6976_1.jpg","datePublished":"2022-04-18T12:57:35+00:00","dateModified":"2022-04-19T09:31:30+00:00","author":{"@id":"https:\/\/www.lichen.pl\/fr\/#\/schema\/person\/70bf824c102f176cf976b0d90af0d62a"},"breadcrumb":{"@id":"https:\/\/www.lichen.pl\/niedziela-zmartwychwstania-panskiego-badzmy-swiadkami-zmartwychwstalego-pana-copy\/#breadcrumb"},"inLanguage":"de","potentialAction":[{"@type":"ReadAction","target":["https:\/\/www.lichen.pl\/niedziela-zmartwychwstania-panskiego-badzmy-swiadkami-zmartwychwstalego-pana-copy\/"]}]},{"@type":"ImageObject","inLanguage":"de","@id":"https:\/\/www.lichen.pl\/niedziela-zmartwychwstania-panskiego-badzmy-swiadkami-zmartwychwstalego-pana-copy\/#primaryimage","url":"https:\/\/www.lichen.pl\/wp-content\/uploads\/2022\/04\/IMG_6976_1.jpg","contentUrl":"https:\/\/www.lichen.pl\/wp-content\/uploads\/2022\/04\/IMG_6976_1.jpg","width":1920,"height":1440},{"@type":"BreadcrumbList","@id":"https:\/\/www.lichen.pl\/niedziela-zmartwychwstania-panskiego-badzmy-swiadkami-zmartwychwstalego-pana-copy\/#breadcrumb","itemListElement":[{"@type":"ListItem","position":1,"name":"Strona g\u0142\u00f3wna","item":"https:\/\/www.lichen.pl\/"},{"@type":"ListItem","position":2,"name":"Poniedzia\u0142ek w oktawie Wielkanocy &#8211; dajmy \u015bwiadectwo Zmartwychwsta\u0142emu"}]},{"@type":"WebSite","@id":"https:\/\/www.lichen.pl\/fr\/#website","url":"https:\/\/www.lichen.pl\/fr\/","name":"HEILIGTUM IN LICHENIEN","description":"DIE TRAURIGE K\u00d6NIGIN UNSERER FLECHEN VON POLEN","potentialAction":[{"@type":"SearchAction","target":{"@type":"EntryPoint","urlTemplate":"https:\/\/www.lichen.pl\/fr\/?s={search_term_string}"},"query-input":{"@type":"PropertyValueSpecification","valueRequired":true,"valueName":"search_term_string"}}],"inLanguage":"de"},{"@type":"Person","@id":"https:\/\/www.lichen.pl\/fr\/#\/schema\/person\/70bf824c102f176cf976b0d90af0d62a","name":"AMELIA SIUDA-KOSZELA","image":{"@type":"ImageObject","inLanguage":"de","@id":"https:\/\/secure.gravatar.com\/avatar\/a0f9a92186ab02fb8db116f5388e3bc7280dd7bd01565c5d6b7ceb07ff27d6d9?s=96&d=retro&r=g","url":"https:\/\/secure.gravatar.com\/avatar\/a0f9a92186ab02fb8db116f5388e3bc7280dd7bd01565c5d6b7ceb07ff27d6d9?s=96&d=retro&r=g","contentUrl":"https:\/\/secure.gravatar.com\/avatar\/a0f9a92186ab02fb8db116f5388e3bc7280dd7bd01565c5d6b7ceb07ff27d6d9?s=96&d=retro&r=g","caption":"AMELIA SIUDA-KOSZELA"},"url":"https:\/\/www.lichen.pl\/de\/author\/amelia\/"}]}},"_links":{"self":[{"href":"https:\/\/www.lichen.pl\/de\/wp-json\/wp\/v2\/posts\/39153","targetHints":{"allow":["GET"]}}],"collection":[{"href":"https:\/\/www.lichen.pl\/de\/wp-json\/wp\/v2\/posts"}],"about":[{"href":"https:\/\/www.lichen.pl\/de\/wp-json\/wp\/v2\/types\/post"}],"author":[{"embeddable":true,"href":"https:\/\/www.lichen.pl\/de\/wp-json\/wp\/v2\/users\/6"}],"replies":[{"embeddable":true,"href":"https:\/\/www.lichen.pl\/de\/wp-json\/wp\/v2\/comments?post=39153"}],"version-history":[{"count":12,"href":"https:\/\/www.lichen.pl\/de\/wp-json\/wp\/v2\/posts\/39153\/revisions"}],"predecessor-version":[{"id":39177,"href":"https:\/\/www.lichen.pl\/de\/wp-json\/wp\/v2\/posts\/39153\/revisions\/39177"}],"wp:featuredmedia":[{"embeddable":true,"href":"https:\/\/www.lichen.pl\/de\/wp-json\/wp\/v2\/media\/39155"}],"wp:attachment":[{"href":"https:\/\/www.lichen.pl\/de\/wp-json\/wp\/v2\/media?parent=39153"}],"wp:term":[{"taxonomy":"category","embeddable":true,"href":"https:\/\/www.lichen.pl\/de\/wp-json\/wp\/v2\/categories?post=39153"},{"taxonomy":"post_tag","embeddable":true,"href":"https:\/\/www.lichen.pl\/de\/wp-json\/wp\/v2\/tags?post=39153"}],"curies":[{"name":"wp","href":"https:\/\/api.w.org\/{rel}","templated":true}]}}