{"id":42231,"date":"2022-07-10T10:15:20","date_gmt":"2022-07-10T08:15:20","guid":{"rendered":"https:\/\/www.lichen.pl\/w-licheniu-rozpoczely-sie-warsztaty-ars-celebrandi-copy\/"},"modified":"2022-07-12T22:43:15","modified_gmt":"2022-07-12T20:43:15","slug":"warsztaty-liturgii-tradycyjnej-ars-celebrandi-w-licheniu-7-14-lipca-2022-r","status":"publish","type":"post","link":"https:\/\/www.lichen.pl\/de\/warsztaty-liturgii-tradycyjnej-ars-celebrandi-w-licheniu-7-14-lipca-2022-r\/","title":{"rendered":"Od czwartku, 7 lipca trwaj\u0105 w Licheniu IX Warsztaty Liturgii Tradycyjnej &#8220;Ars Celebrandi&#8221;"},"content":{"rendered":"<div data-elementor-type=\"wp-post\" data-elementor-id=\"42231\" class=\"elementor elementor-42231\" data-elementor-post-type=\"post\">\n\t\t\t\t\t\t<section class=\"elementor-section elementor-top-section elementor-element elementor-element-9077e4f elementor-section-boxed elementor-section-height-default elementor-section-height-default\" data-id=\"9077e4f\" data-element_type=\"section\" data-e-type=\"section\">\n\t\t\t\t\t\t<div class=\"elementor-container elementor-column-gap-default\">\n\t\t\t\t\t<div class=\"elementor-column elementor-col-100 elementor-top-column elementor-element elementor-element-08bb483\" data-id=\"08bb483\" data-element_type=\"column\" data-e-type=\"column\">\n\t\t\t<div class=\"elementor-widget-wrap elementor-element-populated\">\n\t\t\t\t\t\t<div class=\"elementor-element elementor-element-b28a545 elementor-widget elementor-widget-heading\" data-id=\"b28a545\" data-element_type=\"widget\" data-e-type=\"widget\" data-widget_type=\"heading.default\">\n\t\t\t\t<div class=\"elementor-widget-container\">\n\t\t\t\t\t<h2 class=\"elementor-heading-title elementor-size-default\">Na codzienne liturgie celebrowane wg. nadzwyczajnej formy rytu rzymskiego zapraszaj\u0105 do Lichenia organizatorzy IX Warsztat\u00f3w Liturgii Tradycyjnej \"Ars Celebrandi\". Liczne msze \u015bw., nabo\u017ce\u0144stwa i godziny kanoniczne przebiega\u0107 b\u0119d\u0105 m.in. w ko\u015bciele pw. Matki Bo\u017cej Cz\u0119stochowskiej, w ko\u015bciele parafialnym pw. \u015bw. Doroty oraz kaplicach: Mi\u0142osierdzia Bo\u017cego, \u015aw. Krzy\u017ca, Naj\u015bwi\u0119tszego Sakramentu, Maria\u0144skiej oraz Ostrobramskiej. Wszystkie celebracje liturgiczne s\u0105 publiczne i og\u00f3lnodost\u0119pne.<\/h2>\t\t\t\t<\/div>\n\t\t\t\t<\/div>\n\t\t\t\t<div class=\"elementor-element elementor-element-37a7497 elementor-widget elementor-widget-spacer\" data-id=\"37a7497\" data-element_type=\"widget\" data-e-type=\"widget\" data-widget_type=\"spacer.default\">\n\t\t\t\t<div class=\"elementor-widget-container\">\n\t\t\t\t\t\t\t<div class=\"elementor-spacer\">\n\t\t\t<div class=\"elementor-spacer-inner\"><\/div>\n\t\t<\/div>\n\t\t\t\t\t\t<\/div>\n\t\t\t\t<\/div>\n\t\t\t\t<section class=\"elementor-section elementor-inner-section elementor-element elementor-element-6b6583a elementor-section-boxed elementor-section-height-default elementor-section-height-default\" data-id=\"6b6583a\" data-element_type=\"section\" data-e-type=\"section\">\n\t\t\t\t\t\t<div class=\"elementor-container elementor-column-gap-default\">\n\t\t\t\t\t<div class=\"elementor-column elementor-col-50 elementor-inner-column elementor-element elementor-element-0a94660\" data-id=\"0a94660\" data-element_type=\"column\" data-e-type=\"column\">\n\t\t\t<div class=\"elementor-widget-wrap elementor-element-populated\">\n\t\t\t\t\t\t<div class=\"elementor-element elementor-element-946f3cd elementor-widget elementor-widget-image\" data-id=\"946f3cd\" data-element_type=\"widget\" data-e-type=\"widget\" data-widget_type=\"image.default\">\n\t\t\t\t<div class=\"elementor-widget-container\">\n\t\t\t\t\t\t\t\t\t\t\t\t\t\t\t<img fetchpriority=\"high\" decoding=\"async\" width=\"768\" height=\"1152\" src=\"https:\/\/www.lichen.pl\/wp-content\/uploads\/2022\/07\/Warsztaty-Ars-Celebrandi-7-14-lipca-2022-r.-29-768x1152.jpg\" class=\"attachment-medium_large size-medium_large wp-image-42713\" alt=\"\" srcset=\"https:\/\/www.lichen.pl\/wp-content\/uploads\/2022\/07\/Warsztaty-Ars-Celebrandi-7-14-lipca-2022-r.-29-768x1152.jpg 768w, https:\/\/www.lichen.pl\/wp-content\/uploads\/2022\/07\/Warsztaty-Ars-Celebrandi-7-14-lipca-2022-r.-29-800x1200.jpg 800w, https:\/\/www.lichen.pl\/wp-content\/uploads\/2022\/07\/Warsztaty-Ars-Celebrandi-7-14-lipca-2022-r.-29-200x300.jpg 200w, https:\/\/www.lichen.pl\/wp-content\/uploads\/2022\/07\/Warsztaty-Ars-Celebrandi-7-14-lipca-2022-r.-29-683x1024.jpg 683w, https:\/\/www.lichen.pl\/wp-content\/uploads\/2022\/07\/Warsztaty-Ars-Celebrandi-7-14-lipca-2022-r.-29-1024x1536.jpg 1024w, https:\/\/www.lichen.pl\/wp-content\/uploads\/2022\/07\/Warsztaty-Ars-Celebrandi-7-14-lipca-2022-r.-29-8x12.jpg 8w, https:\/\/www.lichen.pl\/wp-content\/uploads\/2022\/07\/Warsztaty-Ars-Celebrandi-7-14-lipca-2022-r.-29.jpg 853w\" sizes=\"(max-width: 768px) 100vw, 768px\" \/>\t\t\t\t\t\t\t\t\t\t\t\t\t\t\t<\/div>\n\t\t\t\t<\/div>\n\t\t\t\t\t<\/div>\n\t\t<\/div>\n\t\t\t\t<div class=\"elementor-column elementor-col-50 elementor-inner-column elementor-element elementor-element-f109e72\" data-id=\"f109e72\" data-element_type=\"column\" data-e-type=\"column\">\n\t\t\t<div class=\"elementor-widget-wrap elementor-element-populated\">\n\t\t\t\t\t\t<div class=\"elementor-element elementor-element-fcf0fcd elementor-widget elementor-widget-text-editor\" data-id=\"fcf0fcd\" data-element_type=\"widget\" data-e-type=\"widget\" data-widget_type=\"text-editor.default\">\n\t\t\t\t<div class=\"elementor-widget-container\">\n\t\t\t\t\t\t\t\t\t<p>Warsztaty Ars Celebrandi odbywaj\u0105 si\u0119 w Licheniu, na terenie najwi\u0119kszego w Polsce sanktuarium maryjnego. Jego centrum stanowi Bazylika Matki Bo\u017cej Liche\u0144skiej, a codzienn\u0105 pos\u0142ug\u0119 pe\u0142ni\u0105 tu Ksi\u0119\u017ca Marianie.<\/p><p>Uczestnicy warsztat\u00f3w mieszkaj\u0105 w <span style=\"text-decoration: underline; color: #800000;\"><a style=\"color: #800000; text-decoration: underline;\" href=\"http:\/\/betlejem.lichen.pl\/\" target=\"_blank\" rel=\"noopener\">Domu Pielgrzyma &#8220;Betlejem&#8221;<\/a><\/span>, jest to najnowszy dom na terenie sanktuarium. Zosta\u0142 wybudowany w 2017 roku i zapewnia wysoki standard pobytu. Ogrody otaczaj\u0105ce budynek stanowi\u0105 idealn\u0105 przestrze\u0144 dla odpoczynku i rekreacji. W domu pielgrzyma znajduje si\u0119 restauracja i kawiarnia, obok parking dla go\u015bci. Wszystkie posi\u0142ki w ramach wy\u017cywienia uczestnik\u00f3w s\u0105 podawane w jadalni domu pielgrzyma. Ko\u015bci\u00f3\u0142, kaplice oraz salki wyk\u0142adowe znajduj\u0105 si\u0119 w bliskim s\u0105siedztwie domu.<\/p><p>Codzienne wyk\u0142ady i zaj\u0119cia praktyczne odbywaj\u0105 si\u0119 w grupach wydzielonych spo\u015br\u00f3d trzech g\u0142\u00f3wnych kategorii: warsztat\u00f3w kap\u0142a\u0144skich, ministranckich i muzycznych. Zaj\u0119cia s\u0105 podzielone na bloki przedpo\u0142udniowy i popo\u0142udniowy. Mo\u017cliwe jest przemieszczanie si\u0119 pomi\u0119dzy niekt\u00f3rymi grupami wraz z nabywaniem kolejnych umiej\u0119tno\u015bci. Mo\u017cna tak\u017ce wzi\u0105\u0107 udzia\u0142u w warsztatach &#8220;Ars Celebrandi&#8221; bez zapisywania si\u0119 do jakiejkolwiek z grup (np. celem odbycia prywatnych rekolekcji czy sp\u0119dzenia czasu na wyciszeniu i modlitwie).<\/p><p>Rytm dnia wyznaczaj\u0105 liczne msze \u015bw., nabo\u017ce\u0144stwa i godziny kanoniczne, sprawowane od wczesnych godzin porannych a\u017c do p\u00f3\u017anego wieczora. Dzi\u0119ki \u017cyczliwo\u015bci ks. Kustosza, na codzienne liturgie celebrowane wg. nadzwyczajnej formy rytu rzymskiego, jest przeznaczony na wy\u0142\u0105czno\u015b\u0107 <span style=\"text-decoration: underline; color: #800000;\"><a style=\"color: #800000; text-decoration: underline;\" href=\"https:\/\/www.lichen.pl\/de\/kosciol-matki-bozej-czestochowskiej\/\" target=\"_blank\" rel=\"noopener\">ko\u015bci\u00f3\u0142 pw. Matki Bo\u017cej Cz\u0119stochowskiej<\/a><\/span>. Korzystamy tak\u017ce z <a href=\"https:\/\/www.lichen.pl\/de\/kosciol-sw-doroty\/\" target=\"_blank\" rel=\"noopener\"><span style=\"text-decoration: underline; color: #800000;\">ko\u015bcio\u0142a parafialnego pw. \u015bw. Doroty<\/span><\/a> oraz kaplic: Mi\u0142osierdzia Bo\u017cego, <a href=\"https:\/\/www.lichen.pl\/de\/kaplica-krzyza-swietego\/\" target=\"_blank\" rel=\"noopener\"><span style=\"text-decoration: underline; color: #800000;\">\u015aw. Krzy\u017ca<\/span><\/a>, Naj\u015bwi\u0119tszego Sakramentu, <a href=\"https:\/\/www.lichen.pl\/de\/kaplica-marianska\/\" target=\"_blank\" rel=\"noopener\"><span style=\"text-decoration: underline; color: #800000;\">Maria\u0144skiej<\/span><\/a> oraz Ostrobramskiej. Wszystkie celebracje liturgiczne s\u0105 publiczne i og\u00f3lnodost\u0119pne.<\/p><p>W\u015br\u00f3d tegorocznych 180 uczestnik\u00f3w jest 23 ksi\u0119\u017cy. Przyby\u0142y tak\u017ce osoby z \u0141otwy, Wielkiej Brytanii, Niemiec, Litwy czy S\u0142owenii.<\/p>\t\t\t\t\t\t\t\t<\/div>\n\t\t\t\t<\/div>\n\t\t\t\t\t<\/div>\n\t\t<\/div>\n\t\t\t\t\t<\/div>\n\t\t<\/section>\n\t\t\t\t<div class=\"elementor-element elementor-element-8a3152f elementor-widget elementor-widget-text-editor\" data-id=\"8a3152f\" data-element_type=\"widget\" data-e-type=\"widget\" data-widget_type=\"text-editor.default\">\n\t\t\t\t<div class=\"elementor-widget-container\">\n\t\t\t\t\t\t\t\t\t<p><strong>Herunterladen:<\/strong> <span style=\"text-decoration: underline; color: #800000;\"><a style=\"color: #800000;\" href=\"https:\/\/arscelebrandi.pl\/program-warsztatow\/\" target=\"_blank\" rel=\"noopener\"><span>Ars Celebrandi Workshop-Programm<\/span><\/a><\/span><\/p>\t\t\t\t\t\t\t\t<\/div>\n\t\t\t\t<\/div>\n\t\t\t\t<div class=\"elementor-element elementor-element-39a6c29 elementor-widget elementor-widget-text-editor\" data-id=\"39a6c29\" data-element_type=\"widget\" data-e-type=\"widget\" data-widget_type=\"text-editor.default\">\n\t\t\t\t<div class=\"elementor-widget-container\">\n\t\t\t\t\t\t\t\t\t<p><strong>Lesen Sie auch:<\/strong> <span style=\"text-decoration: underline; color: #800000;\"><a style=\"color: #800000; text-decoration: underline;\" href=\"https:\/\/arscelebrandi.pl\/\" target=\"_blank\" rel=\"noopener\">arscelebrandi.pl<\/a><\/span><\/p>\t\t\t\t\t\t\t\t<\/div>\n\t\t\t\t<\/div>\n\t\t\t\t<div class=\"elementor-element elementor-element-dda1d5f elementor-widget-divider--view-line_icon elementor-view-default elementor-widget-divider--element-align-center elementor-widget elementor-widget-divider\" data-id=\"dda1d5f\" data-element_type=\"widget\" data-e-type=\"widget\" data-widget_type=\"divider.default\">\n\t\t\t\t<div class=\"elementor-widget-container\">\n\t\t\t\t\t\t\t<div class=\"elementor-divider\">\n\t\t\t<span class=\"elementor-divider-separator\">\n\t\t\t\t\t\t\t<div class=\"elementor-icon elementor-divider__element\">\n\t\t\t\t\t<i aria-hidden=\"true\" class=\"fas fa-camera\"><\/i><\/div>\n\t\t\t\t\t\t<\/span>\n\t\t<\/div>\n\t\t\t\t\t\t<\/div>\n\t\t\t\t<\/div>\n\t\t\t\t<div class=\"elementor-element elementor-element-a306e70 elementor-widget elementor-widget-gallery\" data-id=\"a306e70\" data-element_type=\"widget\" data-e-type=\"widget\" data-settings=\"{&quot;columns&quot;:6,&quot;gap&quot;:{&quot;unit&quot;:&quot;px&quot;,&quot;size&quot;:2,&quot;sizes&quot;:[]},&quot;lazyload&quot;:&quot;yes&quot;,&quot;gallery_layout&quot;:&quot;grid&quot;,&quot;columns_tablet&quot;:2,&quot;columns_mobile&quot;:1,&quot;gap_tablet&quot;:{&quot;unit&quot;:&quot;px&quot;,&quot;size&quot;:10,&quot;sizes&quot;:[]},&quot;gap_mobile&quot;:{&quot;unit&quot;:&quot;px&quot;,&quot;size&quot;:10,&quot;sizes&quot;:[]},&quot;link_to&quot;:&quot;file&quot;,&quot;aspect_ratio&quot;:&quot;3:2&quot;,&quot;overlay_background&quot;:&quot;yes&quot;,&quot;content_hover_animation&quot;:&quot;fade-in&quot;}\" data-widget_type=\"gallery.default\">\n\t\t\t\t<div class=\"elementor-widget-container\">\n\t\t\t\t\t\t\t<div class=\"elementor-gallery__container\">\n\t\t\t\t\t\t\t<a class=\"e-gallery-item elementor-gallery-item elementor-animated-content\" href=\"https:\/\/www.lichen.pl\/wp-content\/uploads\/2022\/07\/Warsztaty-Ars-Celebrandi-7-14-lipca-2022-r.-1.jpg\" data-elementor-open-lightbox=\"yes\" data-elementor-lightbox-slideshow=\"a306e70\" data-elementor-lightbox-title=\"Warsztaty Ars Celebrandi, 7-14 lipca 2022 r. 1\" data-e-action-hash=\"#elementor-action%3Aaction%3Dlightbox%26settings%3DeyJpZCI6NDI2ODQsInVybCI6Imh0dHBzOlwvXC93d3cubGljaGVuLnBsXC93cC1jb250ZW50XC91cGxvYWRzXC8yMDIyXC8wN1wvV2Fyc3p0YXR5LUFycy1DZWxlYnJhbmRpLTctMTQtbGlwY2EtMjAyMi1yLi0xLmpwZyIsInNsaWRlc2hvdyI6ImEzMDZlNzAifQ%3D%3D\">\n\t\t\t\t\t<div class=\"e-gallery-image elementor-gallery-item__image\" data-thumbnail=\"https:\/\/www.lichen.pl\/wp-content\/uploads\/2022\/07\/Warsztaty-Ars-Celebrandi-7-14-lipca-2022-r.-1-300x200.jpg\" data-width=\"300\" data-height=\"200\" aria-label=\"\" role=\"img\" ><\/div>\n\t\t\t\t\t\t\t\t\t\t\t<div class=\"elementor-gallery-item__overlay\"><\/div>\n\t\t\t\t\t\t\t\t\t\t\t\t\t\t<\/a>\n\t\t\t\t\t\t\t<a class=\"e-gallery-item elementor-gallery-item elementor-animated-content\" href=\"https:\/\/www.lichen.pl\/wp-content\/uploads\/2022\/07\/Warsztaty-Ars-Celebrandi-7-14-lipca-2022-r.-7.jpg\" data-elementor-open-lightbox=\"yes\" data-elementor-lightbox-slideshow=\"a306e70\" data-elementor-lightbox-title=\"Warsztaty Ars Celebrandi, 7-14 lipca 2022 r. 7\" data-e-action-hash=\"#elementor-action%3Aaction%3Dlightbox%26settings%3DeyJpZCI6NDI2OTAsInVybCI6Imh0dHBzOlwvXC93d3cubGljaGVuLnBsXC93cC1jb250ZW50XC91cGxvYWRzXC8yMDIyXC8wN1wvV2Fyc3p0YXR5LUFycy1DZWxlYnJhbmRpLTctMTQtbGlwY2EtMjAyMi1yLi03LmpwZyIsInNsaWRlc2hvdyI6ImEzMDZlNzAifQ%3D%3D\">\n\t\t\t\t\t<div class=\"e-gallery-image elementor-gallery-item__image\" data-thumbnail=\"https:\/\/www.lichen.pl\/wp-content\/uploads\/2022\/07\/Warsztaty-Ars-Celebrandi-7-14-lipca-2022-r.-7-300x200.jpg\" data-width=\"300\" data-height=\"200\" aria-label=\"\" role=\"img\" ><\/div>\n\t\t\t\t\t\t\t\t\t\t\t<div class=\"elementor-gallery-item__overlay\"><\/div>\n\t\t\t\t\t\t\t\t\t\t\t\t\t\t<\/a>\n\t\t\t\t\t\t\t<a class=\"e-gallery-item elementor-gallery-item elementor-animated-content\" href=\"https:\/\/www.lichen.pl\/wp-content\/uploads\/2022\/07\/Warsztaty-Ars-Celebrandi-7-14-lipca-2022-r.-12.jpg\" data-elementor-open-lightbox=\"yes\" data-elementor-lightbox-slideshow=\"a306e70\" data-elementor-lightbox-title=\"Warsztaty Ars Celebrandi, 7-14 lipca 2022 r. 12\" data-e-action-hash=\"#elementor-action%3Aaction%3Dlightbox%26settings%3DeyJpZCI6NDI2OTUsInVybCI6Imh0dHBzOlwvXC93d3cubGljaGVuLnBsXC93cC1jb250ZW50XC91cGxvYWRzXC8yMDIyXC8wN1wvV2Fyc3p0YXR5LUFycy1DZWxlYnJhbmRpLTctMTQtbGlwY2EtMjAyMi1yLi0xMi5qcGciLCJzbGlkZXNob3ciOiJhMzA2ZTcwIn0%3D\">\n\t\t\t\t\t<div class=\"e-gallery-image elementor-gallery-item__image\" data-thumbnail=\"https:\/\/www.lichen.pl\/wp-content\/uploads\/2022\/07\/Warsztaty-Ars-Celebrandi-7-14-lipca-2022-r.-12-300x200.jpg\" data-width=\"300\" data-height=\"200\" aria-label=\"\" role=\"img\" ><\/div>\n\t\t\t\t\t\t\t\t\t\t\t<div class=\"elementor-gallery-item__overlay\"><\/div>\n\t\t\t\t\t\t\t\t\t\t\t\t\t\t<\/a>\n\t\t\t\t\t\t\t<a class=\"e-gallery-item elementor-gallery-item elementor-animated-content\" href=\"https:\/\/www.lichen.pl\/wp-content\/uploads\/2022\/07\/Warsztaty-Ars-Celebrandi-7-14-lipca-2022-r.-14.jpg\" data-elementor-open-lightbox=\"yes\" data-elementor-lightbox-slideshow=\"a306e70\" data-elementor-lightbox-title=\"Warsztaty Ars Celebrandi, 7-14 lipca 2022 r. 14\" data-e-action-hash=\"#elementor-action%3Aaction%3Dlightbox%26settings%3DeyJpZCI6NDI2OTcsInVybCI6Imh0dHBzOlwvXC93d3cubGljaGVuLnBsXC93cC1jb250ZW50XC91cGxvYWRzXC8yMDIyXC8wN1wvV2Fyc3p0YXR5LUFycy1DZWxlYnJhbmRpLTctMTQtbGlwY2EtMjAyMi1yLi0xNC5qcGciLCJzbGlkZXNob3ciOiJhMzA2ZTcwIn0%3D\">\n\t\t\t\t\t<div class=\"e-gallery-image elementor-gallery-item__image\" data-thumbnail=\"https:\/\/www.lichen.pl\/wp-content\/uploads\/2022\/07\/Warsztaty-Ars-Celebrandi-7-14-lipca-2022-r.-14-200x300.jpg\" data-width=\"200\" data-height=\"300\" aria-label=\"\" role=\"img\" ><\/div>\n\t\t\t\t\t\t\t\t\t\t\t<div class=\"elementor-gallery-item__overlay\"><\/div>\n\t\t\t\t\t\t\t\t\t\t\t\t\t\t<\/a>\n\t\t\t\t\t\t\t<a class=\"e-gallery-item elementor-gallery-item elementor-animated-content\" href=\"https:\/\/www.lichen.pl\/wp-content\/uploads\/2022\/07\/Warsztaty-Ars-Celebrandi-7-14-lipca-2022-r.-17.jpg\" data-elementor-open-lightbox=\"yes\" data-elementor-lightbox-slideshow=\"a306e70\" data-elementor-lightbox-title=\"Warsztaty Ars Celebrandi, 7-14 lipca 2022 r. 17\" data-e-action-hash=\"#elementor-action%3Aaction%3Dlightbox%26settings%3DeyJpZCI6NDI3MDAsInVybCI6Imh0dHBzOlwvXC93d3cubGljaGVuLnBsXC93cC1jb250ZW50XC91cGxvYWRzXC8yMDIyXC8wN1wvV2Fyc3p0YXR5LUFycy1DZWxlYnJhbmRpLTctMTQtbGlwY2EtMjAyMi1yLi0xNy5qcGciLCJzbGlkZXNob3ciOiJhMzA2ZTcwIn0%3D\">\n\t\t\t\t\t<div class=\"e-gallery-image elementor-gallery-item__image\" data-thumbnail=\"https:\/\/www.lichen.pl\/wp-content\/uploads\/2022\/07\/Warsztaty-Ars-Celebrandi-7-14-lipca-2022-r.-17-200x300.jpg\" data-width=\"200\" data-height=\"300\" aria-label=\"\" role=\"img\" ><\/div>\n\t\t\t\t\t\t\t\t\t\t\t<div class=\"elementor-gallery-item__overlay\"><\/div>\n\t\t\t\t\t\t\t\t\t\t\t\t\t\t<\/a>\n\t\t\t\t\t\t\t<a class=\"e-gallery-item elementor-gallery-item elementor-animated-content\" href=\"https:\/\/www.lichen.pl\/wp-content\/uploads\/2022\/07\/Warsztaty-Ars-Celebrandi-7-14-lipca-2022-r.-23.jpg\" data-elementor-open-lightbox=\"yes\" data-elementor-lightbox-slideshow=\"a306e70\" data-elementor-lightbox-title=\"Warsztaty Ars Celebrandi, 7-14 lipca 2022 r. 23\" data-e-action-hash=\"#elementor-action%3Aaction%3Dlightbox%26settings%3DeyJpZCI6NDI3MDcsInVybCI6Imh0dHBzOlwvXC93d3cubGljaGVuLnBsXC93cC1jb250ZW50XC91cGxvYWRzXC8yMDIyXC8wN1wvV2Fyc3p0YXR5LUFycy1DZWxlYnJhbmRpLTctMTQtbGlwY2EtMjAyMi1yLi0yMy5qcGciLCJzbGlkZXNob3ciOiJhMzA2ZTcwIn0%3D\">\n\t\t\t\t\t<div class=\"e-gallery-image elementor-gallery-item__image\" data-thumbnail=\"https:\/\/www.lichen.pl\/wp-content\/uploads\/2022\/07\/Warsztaty-Ars-Celebrandi-7-14-lipca-2022-r.-23-200x300.jpg\" data-width=\"200\" data-height=\"300\" aria-label=\"\" role=\"img\" ><\/div>\n\t\t\t\t\t\t\t\t\t\t\t<div class=\"elementor-gallery-item__overlay\"><\/div>\n\t\t\t\t\t\t\t\t\t\t\t\t\t\t<\/a>\n\t\t\t\t\t\t\t<a class=\"e-gallery-item elementor-gallery-item elementor-animated-content\" href=\"https:\/\/www.lichen.pl\/wp-content\/uploads\/2022\/07\/Warsztaty-Ars-Celebrandi-7-14-lipca-2022-r.-25.jpg\" data-elementor-open-lightbox=\"yes\" data-elementor-lightbox-slideshow=\"a306e70\" data-elementor-lightbox-title=\"Warsztaty Ars Celebrandi, 7-14 lipca 2022 r. 25\" data-e-action-hash=\"#elementor-action%3Aaction%3Dlightbox%26settings%3DeyJpZCI6NDI3MDksInVybCI6Imh0dHBzOlwvXC93d3cubGljaGVuLnBsXC93cC1jb250ZW50XC91cGxvYWRzXC8yMDIyXC8wN1wvV2Fyc3p0YXR5LUFycy1DZWxlYnJhbmRpLTctMTQtbGlwY2EtMjAyMi1yLi0yNS5qcGciLCJzbGlkZXNob3ciOiJhMzA2ZTcwIn0%3D\">\n\t\t\t\t\t<div class=\"e-gallery-image elementor-gallery-item__image\" data-thumbnail=\"https:\/\/www.lichen.pl\/wp-content\/uploads\/2022\/07\/Warsztaty-Ars-Celebrandi-7-14-lipca-2022-r.-25-200x300.jpg\" data-width=\"200\" data-height=\"300\" aria-label=\"\" role=\"img\" ><\/div>\n\t\t\t\t\t\t\t\t\t\t\t<div class=\"elementor-gallery-item__overlay\"><\/div>\n\t\t\t\t\t\t\t\t\t\t\t\t\t\t<\/a>\n\t\t\t\t\t\t\t<a class=\"e-gallery-item elementor-gallery-item elementor-animated-content\" href=\"https:\/\/www.lichen.pl\/wp-content\/uploads\/2022\/07\/Warsztaty-Ars-Celebrandi-7-14-lipca-2022-r.-29.jpg\" data-elementor-open-lightbox=\"yes\" data-elementor-lightbox-slideshow=\"a306e70\" data-elementor-lightbox-title=\"Warsztaty Ars Celebrandi, 7-14 lipca 2022 r. 29\" data-e-action-hash=\"#elementor-action%3Aaction%3Dlightbox%26settings%3DeyJpZCI6NDI3MTMsInVybCI6Imh0dHBzOlwvXC93d3cubGljaGVuLnBsXC93cC1jb250ZW50XC91cGxvYWRzXC8yMDIyXC8wN1wvV2Fyc3p0YXR5LUFycy1DZWxlYnJhbmRpLTctMTQtbGlwY2EtMjAyMi1yLi0yOS5qcGciLCJzbGlkZXNob3ciOiJhMzA2ZTcwIn0%3D\">\n\t\t\t\t\t<div class=\"e-gallery-image elementor-gallery-item__image\" data-thumbnail=\"https:\/\/www.lichen.pl\/wp-content\/uploads\/2022\/07\/Warsztaty-Ars-Celebrandi-7-14-lipca-2022-r.-29-200x300.jpg\" data-width=\"200\" data-height=\"300\" aria-label=\"\" role=\"img\" ><\/div>\n\t\t\t\t\t\t\t\t\t\t\t<div class=\"elementor-gallery-item__overlay\"><\/div>\n\t\t\t\t\t\t\t\t\t\t\t\t\t\t<\/a>\n\t\t\t\t\t\t\t<a class=\"e-gallery-item elementor-gallery-item elementor-animated-content\" href=\"https:\/\/www.lichen.pl\/wp-content\/uploads\/2022\/07\/Warsztaty-Ars-Celebrandi-7-14-lipca-2022-r.-40.jpg\" data-elementor-open-lightbox=\"yes\" data-elementor-lightbox-slideshow=\"a306e70\" data-elementor-lightbox-title=\"Warsztaty Ars Celebrandi, 7-14 lipca 2022 r. 40\" data-e-action-hash=\"#elementor-action%3Aaction%3Dlightbox%26settings%3DeyJpZCI6NDI3MjQsInVybCI6Imh0dHBzOlwvXC93d3cubGljaGVuLnBsXC93cC1jb250ZW50XC91cGxvYWRzXC8yMDIyXC8wN1wvV2Fyc3p0YXR5LUFycy1DZWxlYnJhbmRpLTctMTQtbGlwY2EtMjAyMi1yLi00MC5qcGciLCJzbGlkZXNob3ciOiJhMzA2ZTcwIn0%3D\">\n\t\t\t\t\t<div class=\"e-gallery-image elementor-gallery-item__image\" data-thumbnail=\"https:\/\/www.lichen.pl\/wp-content\/uploads\/2022\/07\/Warsztaty-Ars-Celebrandi-7-14-lipca-2022-r.-40-200x300.jpg\" data-width=\"200\" data-height=\"300\" aria-label=\"\" role=\"img\" ><\/div>\n\t\t\t\t\t\t\t\t\t\t\t<div class=\"elementor-gallery-item__overlay\"><\/div>\n\t\t\t\t\t\t\t\t\t\t\t\t\t\t<\/a>\n\t\t\t\t\t\t\t<a class=\"e-gallery-item elementor-gallery-item elementor-animated-content\" href=\"https:\/\/www.lichen.pl\/wp-content\/uploads\/2022\/07\/Warsztaty-Ars-Celebrandi-7-14-lipca-2022-r.-41.jpg\" data-elementor-open-lightbox=\"yes\" data-elementor-lightbox-slideshow=\"a306e70\" data-elementor-lightbox-title=\"Warsztaty Ars Celebrandi, 7-14 lipca 2022 r. 41\" data-e-action-hash=\"#elementor-action%3Aaction%3Dlightbox%26settings%3DeyJpZCI6NDI3MjUsInVybCI6Imh0dHBzOlwvXC93d3cubGljaGVuLnBsXC93cC1jb250ZW50XC91cGxvYWRzXC8yMDIyXC8wN1wvV2Fyc3p0YXR5LUFycy1DZWxlYnJhbmRpLTctMTQtbGlwY2EtMjAyMi1yLi00MS5qcGciLCJzbGlkZXNob3ciOiJhMzA2ZTcwIn0%3D\">\n\t\t\t\t\t<div class=\"e-gallery-image elementor-gallery-item__image\" data-thumbnail=\"https:\/\/www.lichen.pl\/wp-content\/uploads\/2022\/07\/Warsztaty-Ars-Celebrandi-7-14-lipca-2022-r.-41-200x300.jpg\" data-width=\"200\" data-height=\"300\" aria-label=\"\" role=\"img\" ><\/div>\n\t\t\t\t\t\t\t\t\t\t\t<div class=\"elementor-gallery-item__overlay\"><\/div>\n\t\t\t\t\t\t\t\t\t\t\t\t\t\t<\/a>\n\t\t\t\t\t\t\t<a class=\"e-gallery-item elementor-gallery-item elementor-animated-content\" href=\"https:\/\/www.lichen.pl\/wp-content\/uploads\/2022\/07\/Warsztaty-Ars-Celebrandi-7-14-lipca-2022-r.-44.jpg\" data-elementor-open-lightbox=\"yes\" data-elementor-lightbox-slideshow=\"a306e70\" data-elementor-lightbox-title=\"Warsztaty Ars Celebrandi, 7-14 lipca 2022 r. 44\" data-e-action-hash=\"#elementor-action%3Aaction%3Dlightbox%26settings%3DeyJpZCI6NDI3MjgsInVybCI6Imh0dHBzOlwvXC93d3cubGljaGVuLnBsXC93cC1jb250ZW50XC91cGxvYWRzXC8yMDIyXC8wN1wvV2Fyc3p0YXR5LUFycy1DZWxlYnJhbmRpLTctMTQtbGlwY2EtMjAyMi1yLi00NC5qcGciLCJzbGlkZXNob3ciOiJhMzA2ZTcwIn0%3D\">\n\t\t\t\t\t<div class=\"e-gallery-image elementor-gallery-item__image\" data-thumbnail=\"https:\/\/www.lichen.pl\/wp-content\/uploads\/2022\/07\/Warsztaty-Ars-Celebrandi-7-14-lipca-2022-r.-44-300x200.jpg\" data-width=\"300\" data-height=\"200\" aria-label=\"\" role=\"img\" ><\/div>\n\t\t\t\t\t\t\t\t\t\t\t<div class=\"elementor-gallery-item__overlay\"><\/div>\n\t\t\t\t\t\t\t\t\t\t\t\t\t\t<\/a>\n\t\t\t\t\t\t\t<a class=\"e-gallery-item elementor-gallery-item elementor-animated-content\" href=\"https:\/\/www.lichen.pl\/wp-content\/uploads\/2022\/07\/Warsztaty-Ars-Celebrandi-7-14-lipca-2022-r.-51.jpg\" data-elementor-open-lightbox=\"yes\" data-elementor-lightbox-slideshow=\"a306e70\" data-elementor-lightbox-title=\"Warsztaty Ars Celebrandi, 7-14 lipca 2022 r. 51\" data-e-action-hash=\"#elementor-action%3Aaction%3Dlightbox%26settings%3DeyJpZCI6NDI3MzUsInVybCI6Imh0dHBzOlwvXC93d3cubGljaGVuLnBsXC93cC1jb250ZW50XC91cGxvYWRzXC8yMDIyXC8wN1wvV2Fyc3p0YXR5LUFycy1DZWxlYnJhbmRpLTctMTQtbGlwY2EtMjAyMi1yLi01MS5qcGciLCJzbGlkZXNob3ciOiJhMzA2ZTcwIn0%3D\">\n\t\t\t\t\t<div class=\"e-gallery-image elementor-gallery-item__image\" data-thumbnail=\"https:\/\/www.lichen.pl\/wp-content\/uploads\/2022\/07\/Warsztaty-Ars-Celebrandi-7-14-lipca-2022-r.-51-200x300.jpg\" data-width=\"200\" data-height=\"300\" aria-label=\"\" role=\"img\" ><\/div>\n\t\t\t\t\t\t\t\t\t\t\t<div class=\"elementor-gallery-item__overlay\"><\/div>\n\t\t\t\t\t\t\t\t\t\t\t\t\t\t<\/a>\n\t\t\t\t\t<\/div>\n\t\t\t\t\t<\/div>\n\t\t\t\t<\/div>\n\t\t\t\t\t<\/div>\n\t\t<\/div>\n\t\t\t\t\t<\/div>\n\t\t<\/section>\n\t\t\t\t<section class=\"elementor-section elementor-top-section elementor-element elementor-element-2fd1ed9 elementor-section-boxed elementor-section-height-default elementor-section-height-default\" data-id=\"2fd1ed9\" data-element_type=\"section\" data-e-type=\"section\">\n\t\t\t\t\t\t<div class=\"elementor-container elementor-column-gap-default\">\n\t\t\t\t\t<div class=\"elementor-column elementor-col-100 elementor-top-column elementor-element elementor-element-50f3391\" data-id=\"50f3391\" data-element_type=\"column\" data-e-type=\"column\">\n\t\t\t<div class=\"elementor-widget-wrap elementor-element-populated\">\n\t\t\t\t\t\t<div class=\"elementor-element elementor-element-99b5cbc elementor-widget-divider--view-line elementor-widget elementor-widget-divider\" data-id=\"99b5cbc\" data-element_type=\"widget\" data-e-type=\"widget\" data-widget_type=\"divider.default\">\n\t\t\t\t<div class=\"elementor-widget-container\">\n\t\t\t\t\t\t\t<div class=\"elementor-divider\">\n\t\t\t<span class=\"elementor-divider-separator\">\n\t\t\t\t\t\t<\/span>\n\t\t<\/div>\n\t\t\t\t\t\t<\/div>\n\t\t\t\t<\/div>\n\t\t\t\t\t<\/div>\n\t\t<\/div>\n\t\t\t\t\t<\/div>\n\t\t<\/section>\n\t\t\t\t<\/div>","protected":false},"excerpt":{"rendered":"<p>Na codzienne liturgie celebrowane wg. nadzwyczajnej formy rytu rzymskiego zapraszaj\u0105 do Lichenia organizatorzy IX Warsztat\u00f3w Liturgii Tradycyjnej &#8220;Ars Celebrandi&#8221;. Liczne msze \u015bw., nabo\u017ce\u0144stwa i godziny kanoniczne przebiega\u0107 b\u0119d\u0105 m.in. w ko\u015bciele pw. Matki Bo\u017cej Cz\u0119stochowskiej, w ko\u015bciele parafialnym pw. \u015bw. Doroty oraz kaplicach: Mi\u0142osierdzia Bo\u017cego, \u015aw. Krzy\u017ca, Naj\u015bwi\u0119tszego Sakramentu, Maria\u0144skiej oraz Ostrobramskiej. Wszystkie celebracje liturgiczne [&hellip;]<\/p>\n","protected":false},"author":7,"featured_media":42745,"comment_status":"open","ping_status":"open","sticky":false,"template":"","format":"standard","meta":{"footnotes":""},"categories":[1],"tags":[],"class_list":["post-42231","post","type-post","status-publish","format-standard","has-post-thumbnail","hentry","category-aktualnosci","wpbf-post"],"yoast_head":"<!-- This site is optimized with the Yoast SEO plugin v27.5 - https:\/\/yoast.com\/product\/yoast-seo-wordpress\/ -->\n<title>Od czwartku, 7 lipca trwaj\u0105 w Licheniu IX Warsztaty Liturgii Tradycyjnej &quot;Ars Celebrandi&quot; - SANKTUARIUM W LICHENIU<\/title>\n<meta name=\"robots\" content=\"index, follow, max-snippet:-1, max-image-preview:large, max-video-preview:-1\" \/>\n<link rel=\"canonical\" href=\"https:\/\/www.lichen.pl\/de\/warsztaty-liturgii-tradycyjnej-ars-celebrandi-w-licheniu-7-14-lipca-2022-r\/\" \/>\n<meta property=\"og:locale\" content=\"de_DE\" \/>\n<meta property=\"og:type\" content=\"article\" \/>\n<meta property=\"og:title\" content=\"Od czwartku, 7 lipca trwaj\u0105 w Licheniu IX Warsztaty Liturgii Tradycyjnej &quot;Ars Celebrandi&quot; - SANKTUARIUM W LICHENIU\" \/>\n<meta property=\"og:description\" content=\"Na codzienne liturgie celebrowane wg. nadzwyczajnej formy rytu rzymskiego zapraszaj\u0105 do Lichenia organizatorzy IX Warsztat\u00f3w Liturgii Tradycyjnej &#8220;Ars Celebrandi&#8221;. Liczne msze \u015bw., nabo\u017ce\u0144stwa i godziny kanoniczne przebiega\u0107 b\u0119d\u0105 m.in. w ko\u015bciele pw. Matki Bo\u017cej Cz\u0119stochowskiej, w ko\u015bciele parafialnym pw. \u015bw. Doroty oraz kaplicach: Mi\u0142osierdzia Bo\u017cego, \u015aw. Krzy\u017ca, Naj\u015bwi\u0119tszego Sakramentu, Maria\u0144skiej oraz Ostrobramskiej. Wszystkie celebracje liturgiczne [&hellip;]\" \/>\n<meta property=\"og:url\" content=\"https:\/\/www.lichen.pl\/de\/warsztaty-liturgii-tradycyjnej-ars-celebrandi-w-licheniu-7-14-lipca-2022-r\/\" \/>\n<meta property=\"og:site_name\" content=\"SANKTUARIUM W LICHENIU\" \/>\n<meta property=\"article:published_time\" content=\"2022-07-10T08:15:20+00:00\" \/>\n<meta property=\"article:modified_time\" content=\"2022-07-12T20:43:15+00:00\" \/>\n<meta property=\"og:image\" content=\"https:\/\/www.lichen.pl\/wp-content\/uploads\/2022\/07\/Warsztaty-Ars-Celebrandi-7-14-lipca-2022-r.-kadr.jpg\" \/>\n\t<meta property=\"og:image:width\" content=\"1354\" \/>\n\t<meta property=\"og:image:height\" content=\"903\" \/>\n\t<meta property=\"og:image:type\" content=\"image\/jpeg\" \/>\n<meta name=\"author\" content=\"Biuro Obs\u0142ugi Pielgrzyma Sanktuarium w Licheniu\" \/>\n<meta name=\"twitter:card\" content=\"summary_large_image\" \/>\n<meta name=\"twitter:label1\" content=\"Verfasst von\" \/>\n\t<meta name=\"twitter:data1\" content=\"Biuro Obs\u0142ugi Pielgrzyma Sanktuarium w Licheniu\" \/>\n\t<meta name=\"twitter:label2\" content=\"Gesch\u00e4tzte Lesezeit\" \/>\n\t<meta name=\"twitter:data2\" content=\"3\u00a0Minuten\" \/>\n<script type=\"application\/ld+json\" class=\"yoast-schema-graph\">{\"@context\":\"https:\\\/\\\/schema.org\",\"@graph\":[{\"@type\":\"Article\",\"@id\":\"https:\\\/\\\/www.lichen.pl\\\/warsztaty-liturgii-tradycyjnej-ars-celebrandi-w-licheniu-7-14-lipca-2022-r\\\/#article\",\"isPartOf\":{\"@id\":\"https:\\\/\\\/www.lichen.pl\\\/warsztaty-liturgii-tradycyjnej-ars-celebrandi-w-licheniu-7-14-lipca-2022-r\\\/\"},\"author\":{\"name\":\"Biuro Obs\u0142ugi Pielgrzyma Sanktuarium w Licheniu\",\"@id\":\"https:\\\/\\\/www.lichen.pl\\\/fr\\\/#\\\/schema\\\/person\\\/74807fd8a5ff88290bdcd13783c210b2\"},\"headline\":\"Od czwartku, 7 lipca trwaj\u0105 w Licheniu IX Warsztaty Liturgii Tradycyjnej &#8220;Ars Celebrandi&#8221;\",\"datePublished\":\"2022-07-10T08:15:20+00:00\",\"dateModified\":\"2022-07-12T20:43:15+00:00\",\"mainEntityOfPage\":{\"@id\":\"https:\\\/\\\/www.lichen.pl\\\/warsztaty-liturgii-tradycyjnej-ars-celebrandi-w-licheniu-7-14-lipca-2022-r\\\/\"},\"wordCount\":406,\"commentCount\":0,\"image\":{\"@id\":\"https:\\\/\\\/www.lichen.pl\\\/warsztaty-liturgii-tradycyjnej-ars-celebrandi-w-licheniu-7-14-lipca-2022-r\\\/#primaryimage\"},\"thumbnailUrl\":\"https:\\\/\\\/www.lichen.pl\\\/wp-content\\\/uploads\\\/2022\\\/07\\\/Warsztaty-Ars-Celebrandi-7-14-lipca-2022-r.-kadr.jpg\",\"articleSection\":[\"Aktualno\u015bci\"],\"inLanguage\":\"de\",\"potentialAction\":[{\"@type\":\"CommentAction\",\"name\":\"Comment\",\"target\":[\"https:\\\/\\\/www.lichen.pl\\\/warsztaty-liturgii-tradycyjnej-ars-celebrandi-w-licheniu-7-14-lipca-2022-r\\\/#respond\"]}]},{\"@type\":\"WebPage\",\"@id\":\"https:\\\/\\\/www.lichen.pl\\\/warsztaty-liturgii-tradycyjnej-ars-celebrandi-w-licheniu-7-14-lipca-2022-r\\\/\",\"url\":\"https:\\\/\\\/www.lichen.pl\\\/warsztaty-liturgii-tradycyjnej-ars-celebrandi-w-licheniu-7-14-lipca-2022-r\\\/\",\"name\":\"Od czwartku, 7 lipca trwaj\u0105 w Licheniu IX Warsztaty Liturgii Tradycyjnej \\\"Ars Celebrandi\\\" - SANKTUARIUM W LICHENIU\",\"isPartOf\":{\"@id\":\"https:\\\/\\\/www.lichen.pl\\\/fr\\\/#website\"},\"primaryImageOfPage\":{\"@id\":\"https:\\\/\\\/www.lichen.pl\\\/warsztaty-liturgii-tradycyjnej-ars-celebrandi-w-licheniu-7-14-lipca-2022-r\\\/#primaryimage\"},\"image\":{\"@id\":\"https:\\\/\\\/www.lichen.pl\\\/warsztaty-liturgii-tradycyjnej-ars-celebrandi-w-licheniu-7-14-lipca-2022-r\\\/#primaryimage\"},\"thumbnailUrl\":\"https:\\\/\\\/www.lichen.pl\\\/wp-content\\\/uploads\\\/2022\\\/07\\\/Warsztaty-Ars-Celebrandi-7-14-lipca-2022-r.-kadr.jpg\",\"datePublished\":\"2022-07-10T08:15:20+00:00\",\"dateModified\":\"2022-07-12T20:43:15+00:00\",\"author\":{\"@id\":\"https:\\\/\\\/www.lichen.pl\\\/fr\\\/#\\\/schema\\\/person\\\/74807fd8a5ff88290bdcd13783c210b2\"},\"breadcrumb\":{\"@id\":\"https:\\\/\\\/www.lichen.pl\\\/warsztaty-liturgii-tradycyjnej-ars-celebrandi-w-licheniu-7-14-lipca-2022-r\\\/#breadcrumb\"},\"inLanguage\":\"de\",\"potentialAction\":[{\"@type\":\"ReadAction\",\"target\":[\"https:\\\/\\\/www.lichen.pl\\\/warsztaty-liturgii-tradycyjnej-ars-celebrandi-w-licheniu-7-14-lipca-2022-r\\\/\"]}]},{\"@type\":\"ImageObject\",\"inLanguage\":\"de\",\"@id\":\"https:\\\/\\\/www.lichen.pl\\\/warsztaty-liturgii-tradycyjnej-ars-celebrandi-w-licheniu-7-14-lipca-2022-r\\\/#primaryimage\",\"url\":\"https:\\\/\\\/www.lichen.pl\\\/wp-content\\\/uploads\\\/2022\\\/07\\\/Warsztaty-Ars-Celebrandi-7-14-lipca-2022-r.-kadr.jpg\",\"contentUrl\":\"https:\\\/\\\/www.lichen.pl\\\/wp-content\\\/uploads\\\/2022\\\/07\\\/Warsztaty-Ars-Celebrandi-7-14-lipca-2022-r.-kadr.jpg\",\"width\":1354,\"height\":903},{\"@type\":\"BreadcrumbList\",\"@id\":\"https:\\\/\\\/www.lichen.pl\\\/warsztaty-liturgii-tradycyjnej-ars-celebrandi-w-licheniu-7-14-lipca-2022-r\\\/#breadcrumb\",\"itemListElement\":[{\"@type\":\"ListItem\",\"position\":1,\"name\":\"Strona g\u0142\u00f3wna\",\"item\":\"https:\\\/\\\/www.lichen.pl\\\/\"},{\"@type\":\"ListItem\",\"position\":2,\"name\":\"Od czwartku, 7 lipca trwaj\u0105 w Licheniu IX Warsztaty Liturgii Tradycyjnej &#8220;Ars Celebrandi&#8221;\"}]},{\"@type\":\"WebSite\",\"@id\":\"https:\\\/\\\/www.lichen.pl\\\/fr\\\/#website\",\"url\":\"https:\\\/\\\/www.lichen.pl\\\/fr\\\/\",\"name\":\"SANKTUARIUM W LICHENIU\",\"description\":\"MATKI BO\u017bEJ LICHE\u0143SKIEJ BOLESNEJ KR\u00d3LOWEJ POLSKI\",\"potentialAction\":[{\"@type\":\"SearchAction\",\"target\":{\"@type\":\"EntryPoint\",\"urlTemplate\":\"https:\\\/\\\/www.lichen.pl\\\/fr\\\/?s={search_term_string}\"},\"query-input\":{\"@type\":\"PropertyValueSpecification\",\"valueRequired\":true,\"valueName\":\"search_term_string\"}}],\"inLanguage\":\"de\"},{\"@type\":\"Person\",\"@id\":\"https:\\\/\\\/www.lichen.pl\\\/fr\\\/#\\\/schema\\\/person\\\/74807fd8a5ff88290bdcd13783c210b2\",\"name\":\"Biuro Obs\u0142ugi Pielgrzyma Sanktuarium w Licheniu\",\"image\":{\"@type\":\"ImageObject\",\"inLanguage\":\"de\",\"@id\":\"https:\\\/\\\/secure.gravatar.com\\\/avatar\\\/fb9e022907597294678e24de843782c45d0ddff6946a4f9fd77c55a760091d51?s=96&d=retro&r=g\",\"url\":\"https:\\\/\\\/secure.gravatar.com\\\/avatar\\\/fb9e022907597294678e24de843782c45d0ddff6946a4f9fd77c55a760091d51?s=96&d=retro&r=g\",\"contentUrl\":\"https:\\\/\\\/secure.gravatar.com\\\/avatar\\\/fb9e022907597294678e24de843782c45d0ddff6946a4f9fd77c55a760091d51?s=96&d=retro&r=g\",\"caption\":\"Biuro Obs\u0142ugi Pielgrzyma Sanktuarium w Licheniu\"},\"description\":\"Biuro Obs\u0142ugi Pielgrzyma zaprasza, je\u015bli to tylko mo\u017cliwe, do odwiedzenia liche\u0144skiego sanktuarium , w kt\u00f3rym czeka Maryja. Pragniemy, aby\u015b w pe\u0142ni wykorzysta\u0142 czas, kt\u00f3ry postanowi\u0142e\u015b sp\u0119dzi\u0107 w tym miejscu. Zach\u0119camy do kontaktu z nami. W naszym biurze udzielamy aktualnych informacji dotycz\u0105cych liturgii, \u017cycia religijnego i kulturalnego sanktuarium oraz bie\u017c\u0105cych wydarze\u0144. Oferujemy pomoc osobom indywidualnym, organizatorom pielgrzymek oraz instytucjom. Znajdziesz nas: http:\\\/\\\/www.lichen.pl\\\/biuro-obslugi-pielgrzyma\\\/\",\"url\":\"https:\\\/\\\/www.lichen.pl\\\/de\\\/author\\\/bop\\\/\"}]}<\/script>\n<!-- \/ Yoast SEO plugin. -->","yoast_head_json":{"title":"Od czwartku, 7 lipca trwaj\u0105 w Licheniu IX Warsztaty Liturgii Tradycyjnej \"Ars Celebrandi\" - SANKTUARIUM W LICHENIU","robots":{"index":"index","follow":"follow","max-snippet":"max-snippet:-1","max-image-preview":"max-image-preview:large","max-video-preview":"max-video-preview:-1"},"canonical":"https:\/\/www.lichen.pl\/de\/warsztaty-liturgii-tradycyjnej-ars-celebrandi-w-licheniu-7-14-lipca-2022-r\/","og_locale":"de_DE","og_type":"article","og_title":"Od czwartku, 7 lipca trwaj\u0105 w Licheniu IX Warsztaty Liturgii Tradycyjnej \"Ars Celebrandi\" - SANKTUARIUM W LICHENIU","og_description":"Na codzienne liturgie celebrowane wg. nadzwyczajnej formy rytu rzymskiego zapraszaj\u0105 do Lichenia organizatorzy IX Warsztat\u00f3w Liturgii Tradycyjnej &#8220;Ars Celebrandi&#8221;. Liczne msze \u015bw., nabo\u017ce\u0144stwa i godziny kanoniczne przebiega\u0107 b\u0119d\u0105 m.in. w ko\u015bciele pw. Matki Bo\u017cej Cz\u0119stochowskiej, w ko\u015bciele parafialnym pw. \u015bw. Doroty oraz kaplicach: Mi\u0142osierdzia Bo\u017cego, \u015aw. Krzy\u017ca, Naj\u015bwi\u0119tszego Sakramentu, Maria\u0144skiej oraz Ostrobramskiej. Wszystkie celebracje liturgiczne [&hellip;]","og_url":"https:\/\/www.lichen.pl\/de\/warsztaty-liturgii-tradycyjnej-ars-celebrandi-w-licheniu-7-14-lipca-2022-r\/","og_site_name":"SANKTUARIUM W LICHENIU","article_published_time":"2022-07-10T08:15:20+00:00","article_modified_time":"2022-07-12T20:43:15+00:00","og_image":[{"width":1354,"height":903,"url":"https:\/\/www.lichen.pl\/wp-content\/uploads\/2022\/07\/Warsztaty-Ars-Celebrandi-7-14-lipca-2022-r.-kadr.jpg","type":"image\/jpeg"}],"author":"Biuro Obs\u0142ugi Pielgrzyma Sanktuarium w Licheniu","twitter_card":"summary_large_image","twitter_misc":{"Verfasst von":"Biuro Obs\u0142ugi Pielgrzyma Sanktuarium w Licheniu","Gesch\u00e4tzte Lesezeit":"3\u00a0Minuten"},"schema":{"@context":"https:\/\/schema.org","@graph":[{"@type":"Article","@id":"https:\/\/www.lichen.pl\/warsztaty-liturgii-tradycyjnej-ars-celebrandi-w-licheniu-7-14-lipca-2022-r\/#article","isPartOf":{"@id":"https:\/\/www.lichen.pl\/warsztaty-liturgii-tradycyjnej-ars-celebrandi-w-licheniu-7-14-lipca-2022-r\/"},"author":{"name":"Biuro Obs\u0142ugi Pielgrzyma Sanktuarium w Licheniu","@id":"https:\/\/www.lichen.pl\/fr\/#\/schema\/person\/74807fd8a5ff88290bdcd13783c210b2"},"headline":"Od czwartku, 7 lipca trwaj\u0105 w Licheniu IX Warsztaty Liturgii Tradycyjnej &#8220;Ars Celebrandi&#8221;","datePublished":"2022-07-10T08:15:20+00:00","dateModified":"2022-07-12T20:43:15+00:00","mainEntityOfPage":{"@id":"https:\/\/www.lichen.pl\/warsztaty-liturgii-tradycyjnej-ars-celebrandi-w-licheniu-7-14-lipca-2022-r\/"},"wordCount":406,"commentCount":0,"image":{"@id":"https:\/\/www.lichen.pl\/warsztaty-liturgii-tradycyjnej-ars-celebrandi-w-licheniu-7-14-lipca-2022-r\/#primaryimage"},"thumbnailUrl":"https:\/\/www.lichen.pl\/wp-content\/uploads\/2022\/07\/Warsztaty-Ars-Celebrandi-7-14-lipca-2022-r.-kadr.jpg","articleSection":["Aktualno\u015bci"],"inLanguage":"de","potentialAction":[{"@type":"CommentAction","name":"Comment","target":["https:\/\/www.lichen.pl\/warsztaty-liturgii-tradycyjnej-ars-celebrandi-w-licheniu-7-14-lipca-2022-r\/#respond"]}]},{"@type":"WebPage","@id":"https:\/\/www.lichen.pl\/warsztaty-liturgii-tradycyjnej-ars-celebrandi-w-licheniu-7-14-lipca-2022-r\/","url":"https:\/\/www.lichen.pl\/warsztaty-liturgii-tradycyjnej-ars-celebrandi-w-licheniu-7-14-lipca-2022-r\/","name":"Od czwartku, 7 lipca trwaj\u0105 w Licheniu IX Warsztaty Liturgii Tradycyjnej \"Ars Celebrandi\" - SANKTUARIUM W LICHENIU","isPartOf":{"@id":"https:\/\/www.lichen.pl\/fr\/#website"},"primaryImageOfPage":{"@id":"https:\/\/www.lichen.pl\/warsztaty-liturgii-tradycyjnej-ars-celebrandi-w-licheniu-7-14-lipca-2022-r\/#primaryimage"},"image":{"@id":"https:\/\/www.lichen.pl\/warsztaty-liturgii-tradycyjnej-ars-celebrandi-w-licheniu-7-14-lipca-2022-r\/#primaryimage"},"thumbnailUrl":"https:\/\/www.lichen.pl\/wp-content\/uploads\/2022\/07\/Warsztaty-Ars-Celebrandi-7-14-lipca-2022-r.-kadr.jpg","datePublished":"2022-07-10T08:15:20+00:00","dateModified":"2022-07-12T20:43:15+00:00","author":{"@id":"https:\/\/www.lichen.pl\/fr\/#\/schema\/person\/74807fd8a5ff88290bdcd13783c210b2"},"breadcrumb":{"@id":"https:\/\/www.lichen.pl\/warsztaty-liturgii-tradycyjnej-ars-celebrandi-w-licheniu-7-14-lipca-2022-r\/#breadcrumb"},"inLanguage":"de","potentialAction":[{"@type":"ReadAction","target":["https:\/\/www.lichen.pl\/warsztaty-liturgii-tradycyjnej-ars-celebrandi-w-licheniu-7-14-lipca-2022-r\/"]}]},{"@type":"ImageObject","inLanguage":"de","@id":"https:\/\/www.lichen.pl\/warsztaty-liturgii-tradycyjnej-ars-celebrandi-w-licheniu-7-14-lipca-2022-r\/#primaryimage","url":"https:\/\/www.lichen.pl\/wp-content\/uploads\/2022\/07\/Warsztaty-Ars-Celebrandi-7-14-lipca-2022-r.-kadr.jpg","contentUrl":"https:\/\/www.lichen.pl\/wp-content\/uploads\/2022\/07\/Warsztaty-Ars-Celebrandi-7-14-lipca-2022-r.-kadr.jpg","width":1354,"height":903},{"@type":"BreadcrumbList","@id":"https:\/\/www.lichen.pl\/warsztaty-liturgii-tradycyjnej-ars-celebrandi-w-licheniu-7-14-lipca-2022-r\/#breadcrumb","itemListElement":[{"@type":"ListItem","position":1,"name":"Strona g\u0142\u00f3wna","item":"https:\/\/www.lichen.pl\/"},{"@type":"ListItem","position":2,"name":"Od czwartku, 7 lipca trwaj\u0105 w Licheniu IX Warsztaty Liturgii Tradycyjnej &#8220;Ars Celebrandi&#8221;"}]},{"@type":"WebSite","@id":"https:\/\/www.lichen.pl\/fr\/#website","url":"https:\/\/www.lichen.pl\/fr\/","name":"HEILIGTUM IN LICHENIEN","description":"DIE TRAURIGE K\u00d6NIGIN UNSERER FLECHEN VON POLEN","potentialAction":[{"@type":"SearchAction","target":{"@type":"EntryPoint","urlTemplate":"https:\/\/www.lichen.pl\/fr\/?s={search_term_string}"},"query-input":{"@type":"PropertyValueSpecification","valueRequired":true,"valueName":"search_term_string"}}],"inLanguage":"de"},{"@type":"Person","@id":"https:\/\/www.lichen.pl\/fr\/#\/schema\/person\/74807fd8a5ff88290bdcd13783c210b2","name":"Pilgerdienstb\u00fcro des Heiligtums in Liche\u0144","image":{"@type":"ImageObject","inLanguage":"de","@id":"https:\/\/secure.gravatar.com\/avatar\/fb9e022907597294678e24de843782c45d0ddff6946a4f9fd77c55a760091d51?s=96&d=retro&r=g","url":"https:\/\/secure.gravatar.com\/avatar\/fb9e022907597294678e24de843782c45d0ddff6946a4f9fd77c55a760091d51?s=96&d=retro&r=g","contentUrl":"https:\/\/secure.gravatar.com\/avatar\/fb9e022907597294678e24de843782c45d0ddff6946a4f9fd77c55a760091d51?s=96&d=retro&r=g","caption":"Biuro Obs\u0142ugi Pielgrzyma Sanktuarium w Licheniu"},"description":"Biuro Obs\u0142ugi Pielgrzyma zaprasza, je\u015bli to tylko mo\u017cliwe, do odwiedzenia liche\u0144skiego sanktuarium , w kt\u00f3rym czeka Maryja. Pragniemy, aby\u015b w pe\u0142ni wykorzysta\u0142 czas, kt\u00f3ry postanowi\u0142e\u015b sp\u0119dzi\u0107 w tym miejscu. Zach\u0119camy do kontaktu z nami. W naszym biurze udzielamy aktualnych informacji dotycz\u0105cych liturgii, \u017cycia religijnego i kulturalnego sanktuarium oraz bie\u017c\u0105cych wydarze\u0144. Oferujemy pomoc osobom indywidualnym, organizatorom pielgrzymek oraz instytucjom. Znajdziesz nas: http:\/\/www.lichen.pl\/biuro-obslugi-pielgrzyma\/","url":"https:\/\/www.lichen.pl\/de\/author\/bop\/"}]}},"_links":{"self":[{"href":"https:\/\/www.lichen.pl\/de\/wp-json\/wp\/v2\/posts\/42231","targetHints":{"allow":["GET"]}}],"collection":[{"href":"https:\/\/www.lichen.pl\/de\/wp-json\/wp\/v2\/posts"}],"about":[{"href":"https:\/\/www.lichen.pl\/de\/wp-json\/wp\/v2\/types\/post"}],"author":[{"embeddable":true,"href":"https:\/\/www.lichen.pl\/de\/wp-json\/wp\/v2\/users\/7"}],"replies":[{"embeddable":true,"href":"https:\/\/www.lichen.pl\/de\/wp-json\/wp\/v2\/comments?post=42231"}],"version-history":[{"count":31,"href":"https:\/\/www.lichen.pl\/de\/wp-json\/wp\/v2\/posts\/42231\/revisions"}],"predecessor-version":[{"id":42749,"href":"https:\/\/www.lichen.pl\/de\/wp-json\/wp\/v2\/posts\/42231\/revisions\/42749"}],"wp:featuredmedia":[{"embeddable":true,"href":"https:\/\/www.lichen.pl\/de\/wp-json\/wp\/v2\/media\/42745"}],"wp:attachment":[{"href":"https:\/\/www.lichen.pl\/de\/wp-json\/wp\/v2\/media?parent=42231"}],"wp:term":[{"taxonomy":"category","embeddable":true,"href":"https:\/\/www.lichen.pl\/de\/wp-json\/wp\/v2\/categories?post=42231"},{"taxonomy":"post_tag","embeddable":true,"href":"https:\/\/www.lichen.pl\/de\/wp-json\/wp\/v2\/tags?post=42231"}],"curies":[{"name":"wp","href":"https:\/\/api.w.org\/{rel}","templated":true}]}}