{"id":46744,"date":"2022-10-09T13:46:14","date_gmt":"2022-10-09T11:46:14","guid":{"rendered":"https:\/\/www.lichen.pl\/relacje-w-malzenstwie-rekolekcje-dla-malzenstw-9-kwietnia-2022-r-copy\/"},"modified":"2022-10-09T17:19:08","modified_gmt":"2022-10-09T15:19:08","slug":"rekolekcje-dla-malzenstw-relacje-w-malzenstwie","status":"publish","type":"post","link":"https:\/\/www.lichen.pl\/de\/rekolekcje-dla-malzenstw-relacje-w-malzenstwie\/","title":{"rendered":"Rekolekcje dla ma\u0142\u017ce\u0144stw &#8220;Relacje w ma\u0142\u017ce\u0144stwie&#8221; &#8211; o trudnej sztuce komunikacji"},"content":{"rendered":"<div data-elementor-type=\"wp-post\" data-elementor-id=\"46744\" class=\"elementor elementor-46744\" data-elementor-post-type=\"post\">\n\t\t\t\t\t\t<section class=\"elementor-section elementor-top-section elementor-element elementor-element-60e1303 elementor-section-boxed elementor-section-height-default elementor-section-height-default\" data-id=\"60e1303\" data-element_type=\"section\" data-e-type=\"section\">\n\t\t\t\t\t\t<div class=\"elementor-container elementor-column-gap-default\">\n\t\t\t\t\t<div class=\"elementor-column elementor-col-100 elementor-top-column elementor-element elementor-element-41ebf8f\" data-id=\"41ebf8f\" data-element_type=\"column\" data-e-type=\"column\">\n\t\t\t<div class=\"elementor-widget-wrap elementor-element-populated\">\n\t\t\t\t\t\t<div class=\"elementor-element elementor-element-59f8f1a elementor-widget elementor-widget-spacer\" data-id=\"59f8f1a\" data-element_type=\"widget\" data-e-type=\"widget\" data-widget_type=\"spacer.default\">\n\t\t\t\t<div class=\"elementor-widget-container\">\n\t\t\t\t\t\t\t<div class=\"elementor-spacer\">\n\t\t\t<div class=\"elementor-spacer-inner\"><\/div>\n\t\t<\/div>\n\t\t\t\t\t\t<\/div>\n\t\t\t\t<\/div>\n\t\t\t\t<div class=\"elementor-element elementor-element-674948a elementor-widget elementor-widget-heading\" data-id=\"674948a\" data-element_type=\"widget\" data-e-type=\"widget\" data-widget_type=\"heading.default\">\n\t\t\t\t<div class=\"elementor-widget-container\">\n\t\t\t\t\t<h2 class=\"elementor-heading-title elementor-size-default\">W dniach 7 - 9 pa\u017adziernika br. odby\u0142y si\u0119 rekolekcje dla ma\u0142\u017ce\u0144stw \"Relacje w ma\u0142\u017ce\u0144stwie\" organizowane przez Liche\u0144skie Centrum Pomocy Rodzinie. <\/h2>\t\t\t\t<\/div>\n\t\t\t\t<\/div>\n\t\t\t\t<div class=\"elementor-element elementor-element-bdfe02b elementor-widget elementor-widget-spacer\" data-id=\"bdfe02b\" data-element_type=\"widget\" data-e-type=\"widget\" data-widget_type=\"spacer.default\">\n\t\t\t\t<div class=\"elementor-widget-container\">\n\t\t\t\t\t\t\t<div class=\"elementor-spacer\">\n\t\t\t<div class=\"elementor-spacer-inner\"><\/div>\n\t\t<\/div>\n\t\t\t\t\t\t<\/div>\n\t\t\t\t<\/div>\n\t\t\t\t\t<\/div>\n\t\t<\/div>\n\t\t\t\t\t<\/div>\n\t\t<\/section>\n\t\t\t\t<section class=\"elementor-section elementor-top-section elementor-element elementor-element-4e86cca elementor-section-boxed elementor-section-height-default elementor-section-height-default\" data-id=\"4e86cca\" data-element_type=\"section\" data-e-type=\"section\">\n\t\t\t\t\t\t<div class=\"elementor-container elementor-column-gap-default\">\n\t\t\t\t\t<div class=\"elementor-column elementor-col-50 elementor-top-column elementor-element elementor-element-7e0fa86\" data-id=\"7e0fa86\" data-element_type=\"column\" data-e-type=\"column\">\n\t\t\t<div class=\"elementor-widget-wrap elementor-element-populated\">\n\t\t\t\t\t\t<div class=\"elementor-element elementor-element-450fbae elementor-widget elementor-widget-image\" data-id=\"450fbae\" data-element_type=\"widget\" data-e-type=\"widget\" data-widget_type=\"image.default\">\n\t\t\t\t<div class=\"elementor-widget-container\">\n\t\t\t\t\t\t\t\t\t\t\t\t\t\t\t\t<a href=\"https:\/\/www.lichen.pl\/wp-content\/uploads\/2022\/10\/Rekolekcje-dla-malzenstw-Relacje-w-malzenstwie-7-9-pazdziernika-2022-r.strona.jpg\" data-elementor-open-lightbox=\"yes\" data-elementor-lightbox-title=\"Rekolekcje dla ma\u0142\u017ce\u0144stw Relacje w ma\u0142\u017ce\u0144stwie, 7-9 pa\u017adziernika 2022 r.strona\" data-e-action-hash=\"#elementor-action%3Aaction%3Dlightbox%26settings%3DeyJpZCI6NDY4MjksInVybCI6Imh0dHBzOlwvXC93d3cubGljaGVuLnBsXC93cC1jb250ZW50XC91cGxvYWRzXC8yMDIyXC8xMFwvUmVrb2xla2NqZS1kbGEtbWFsemVuc3R3LVJlbGFjamUtdy1tYWx6ZW5zdHdpZS03LTktcGF6ZHppZXJuaWthLTIwMjItci5zdHJvbmEuanBnIn0%3D\">\n\t\t\t\t\t\t\t<img fetchpriority=\"high\" decoding=\"async\" width=\"768\" height=\"1152\" src=\"https:\/\/www.lichen.pl\/wp-content\/uploads\/2022\/10\/Rekolekcje-dla-malzenstw-Relacje-w-malzenstwie-7-9-pazdziernika-2022-r.strona-768x1152.jpg\" class=\"attachment-medium_large size-medium_large wp-image-46829\" alt=\"\" srcset=\"https:\/\/www.lichen.pl\/wp-content\/uploads\/2022\/10\/Rekolekcje-dla-malzenstw-Relacje-w-malzenstwie-7-9-pazdziernika-2022-r.strona-768x1152.jpg 768w, https:\/\/www.lichen.pl\/wp-content\/uploads\/2022\/10\/Rekolekcje-dla-malzenstw-Relacje-w-malzenstwie-7-9-pazdziernika-2022-r.strona-800x1200.jpg 800w, https:\/\/www.lichen.pl\/wp-content\/uploads\/2022\/10\/Rekolekcje-dla-malzenstw-Relacje-w-malzenstwie-7-9-pazdziernika-2022-r.strona-200x300.jpg 200w, https:\/\/www.lichen.pl\/wp-content\/uploads\/2022\/10\/Rekolekcje-dla-malzenstw-Relacje-w-malzenstwie-7-9-pazdziernika-2022-r.strona-683x1024.jpg 683w, https:\/\/www.lichen.pl\/wp-content\/uploads\/2022\/10\/Rekolekcje-dla-malzenstw-Relacje-w-malzenstwie-7-9-pazdziernika-2022-r.strona-8x12.jpg 8w, https:\/\/www.lichen.pl\/wp-content\/uploads\/2022\/10\/Rekolekcje-dla-malzenstw-Relacje-w-malzenstwie-7-9-pazdziernika-2022-r.strona.jpg 809w\" sizes=\"(max-width: 768px) 100vw, 768px\" \/>\t\t\t\t\t\t\t\t<\/a>\n\t\t\t\t\t\t\t\t\t\t\t\t\t\t\t<\/div>\n\t\t\t\t<\/div>\n\t\t\t\t\t<\/div>\n\t\t<\/div>\n\t\t\t\t<div class=\"elementor-column elementor-col-50 elementor-top-column elementor-element elementor-element-b1750f1\" data-id=\"b1750f1\" data-element_type=\"column\" data-e-type=\"column\">\n\t\t\t<div class=\"elementor-widget-wrap elementor-element-populated\">\n\t\t\t\t\t\t<div class=\"elementor-element elementor-element-75500e2 elementor-widget elementor-widget-text-editor\" data-id=\"75500e2\" data-element_type=\"widget\" data-e-type=\"widget\" data-widget_type=\"text-editor.default\">\n\t\t\t\t<div class=\"elementor-widget-container\">\n\t\t\t\t\t\t\t\t\t<div dir=\"auto\"><div dir=\"auto\">Die Liebe in der Ehe und im Familienleben hilft Ehepartnern und Familienmitgliedern, trotz der Schwierigkeiten des Laufens der Zeit und des Lebens selbst voranzukommen.<\/div><div dir=\"auto\"><p>Um sich zu offenbaren und zu wachsen, erfordert Liebe richtige Beziehungen zwischen den Ehepartnern. Deshalb ist es wichtig, dass Ehepartner jeden Tag die Herausforderung annehmen, sich gegenseitig zu entwickeln, damit ihre Liebe mit ihnen reift und so die Festigkeit der Beziehung n\u00e4hrt, unabh\u00e4ngig davon, was in ihrem Leben passieren mag.<\/p><p>W dniach, 7-9 pa\u017adziernika br. mia\u0142y miejsce w liche\u0144skim sanktuarium kolejne w tym roku rekolekcje dla ma\u0142\u017ce\u0144stw &#8220;Relacje w ma\u0142\u017ce\u0144stwie&#8221;, kt\u00f3re zorganizowa\u0142o <a href=\"http:\/\/www.pomoc.lichen.pl\/index.php?strony=117\" target=\"_blank\" rel=\"noopener\"><span style=\"text-decoration: underline; color: #800000;\">Liche\u0144 Familienunterst\u00fctzungszentrum<\/span><\/a>. W wydarzeniu uczestniczy\u0142o 16 par ma\u0142\u017ce\u0144skich. Spotkania i konferencje prowadzi\u0142o ma\u0142\u017ce\u0144stwo Krystyna i Arkadiusz Gorgolewscy oraz ks. Zbigniew Borkowski MIC, dyrektor liche\u0144skiego o\u015brodka.<\/p><p>Wenn Sie mehr \u00fcber die Aktivit\u00e4ten des Help Centers erfahren m\u00f6chten, wenden Sie sich bitte an die Gesch\u00e4ftsstelle<span style=\"color: #000000;\">\u00a0Flechten Resort<\/span><a href=\"http:\/\/www.pomoc.lichen.pl\/index.php?strony=117\" target=\"_blank\" rel=\"noopener\"><span style=\"text-decoration: underline; color: #800000;\">,<\/span><\/a> in Stunden 8.00-16.00, Montag bis Freitag, pers\u00f6nlich oder telefonisch: (63) 270 81 32 oder 725 573 753. Anfragen k\u00f6nnen auch per E-Mail gesendet werden, E-Mail: <span style=\"text-decoration: underline; color: #333399;\">pomoc@lichen.pl<\/span><\/p><p>Mehr Informationen <a href=\"http:\/\/www.pomoc.lichen.pl\/index.php?id_rekolekcje=127\" target=\"_blank\" rel=\"noopener\"><span style=\"text-decoration: underline; color: #800000;\">Schau hier.<\/span><\/a><\/p><p>Das vollst\u00e4ndige Angebot der im Liche\u0144-Heiligtum organisierten Exerzitien finden Sie in <a href=\"https:\/\/www.lichen.pl\/de\/rekolekcje-rok-2022\/\" target=\"_blank\" rel=\"noopener\"><span style=\"text-decoration: underline; color: #800000;\">der Retreat-Kalender f\u00fcr 2022<\/span><\/a>.<\/p><\/div><\/div><div dir=\"auto\">\u00a0<\/div>\t\t\t\t\t\t\t\t<\/div>\n\t\t\t\t<\/div>\n\t\t\t\t\t<\/div>\n\t\t<\/div>\n\t\t\t\t\t<\/div>\n\t\t<\/section>\n\t\t\t\t<section class=\"elementor-section elementor-top-section elementor-element elementor-element-6d8a20c elementor-section-boxed elementor-section-height-default elementor-section-height-default\" data-id=\"6d8a20c\" data-element_type=\"section\" data-e-type=\"section\">\n\t\t\t\t\t\t<div class=\"elementor-container elementor-column-gap-default\">\n\t\t\t\t\t<div class=\"elementor-column elementor-col-100 elementor-top-column elementor-element elementor-element-18d1472\" data-id=\"18d1472\" data-element_type=\"column\" data-e-type=\"column\">\n\t\t\t<div class=\"elementor-widget-wrap elementor-element-populated\">\n\t\t\t\t\t\t<div class=\"elementor-element elementor-element-fceda1b elementor-widget elementor-widget-spacer\" data-id=\"fceda1b\" data-element_type=\"widget\" data-e-type=\"widget\" data-widget_type=\"spacer.default\">\n\t\t\t\t<div class=\"elementor-widget-container\">\n\t\t\t\t\t\t\t<div class=\"elementor-spacer\">\n\t\t\t<div class=\"elementor-spacer-inner\"><\/div>\n\t\t<\/div>\n\t\t\t\t\t\t<\/div>\n\t\t\t\t<\/div>\n\t\t\t\t<div class=\"elementor-element elementor-element-c790518 elementor-widget-divider--view-line_icon elementor-view-default elementor-widget-divider--element-align-center elementor-widget elementor-widget-divider\" data-id=\"c790518\" data-element_type=\"widget\" data-e-type=\"widget\" data-widget_type=\"divider.default\">\n\t\t\t\t<div class=\"elementor-widget-container\">\n\t\t\t\t\t\t\t<div class=\"elementor-divider\">\n\t\t\t<span class=\"elementor-divider-separator\">\n\t\t\t\t\t\t\t<div class=\"elementor-icon elementor-divider__element\">\n\t\t\t\t\t<i aria-hidden=\"true\" class=\"fas fa-camera\"><\/i><\/div>\n\t\t\t\t\t\t<\/span>\n\t\t<\/div>\n\t\t\t\t\t\t<\/div>\n\t\t\t\t<\/div>\n\t\t\t\t<div class=\"elementor-element elementor-element-d341de3 elementor-widget elementor-widget-gallery\" data-id=\"d341de3\" data-element_type=\"widget\" data-e-type=\"widget\" data-settings=\"{&quot;columns&quot;:6,&quot;gap&quot;:{&quot;unit&quot;:&quot;px&quot;,&quot;size&quot;:2,&quot;sizes&quot;:[]},&quot;lazyload&quot;:&quot;yes&quot;,&quot;gallery_layout&quot;:&quot;grid&quot;,&quot;columns_tablet&quot;:2,&quot;columns_mobile&quot;:1,&quot;gap_tablet&quot;:{&quot;unit&quot;:&quot;px&quot;,&quot;size&quot;:10,&quot;sizes&quot;:[]},&quot;gap_mobile&quot;:{&quot;unit&quot;:&quot;px&quot;,&quot;size&quot;:10,&quot;sizes&quot;:[]},&quot;link_to&quot;:&quot;file&quot;,&quot;aspect_ratio&quot;:&quot;3:2&quot;,&quot;overlay_background&quot;:&quot;yes&quot;,&quot;content_hover_animation&quot;:&quot;fade-in&quot;}\" data-widget_type=\"gallery.default\">\n\t\t\t\t<div class=\"elementor-widget-container\">\n\t\t\t\t\t\t\t<div class=\"elementor-gallery__container\">\n\t\t\t\t\t\t\t<a class=\"e-gallery-item elementor-gallery-item elementor-animated-content\" href=\"https:\/\/www.lichen.pl\/wp-content\/uploads\/2022\/10\/Rekolekcje-dla-malzenstw-Relacje-w-malzenstwie-7-9-pazdziernika-2022-r.1.jpg\" data-elementor-open-lightbox=\"yes\" data-elementor-lightbox-slideshow=\"d341de3\" data-elementor-lightbox-title=\"Rekolekcje dla ma\u0142\u017ce\u0144stw Relacje w ma\u0142\u017ce\u0144stwie, 7-9 pa\u017adziernika 2022 r.1\" data-e-action-hash=\"#elementor-action%3Aaction%3Dlightbox%26settings%3DeyJpZCI6NDY4MjEsInVybCI6Imh0dHBzOlwvXC93d3cubGljaGVuLnBsXC93cC1jb250ZW50XC91cGxvYWRzXC8yMDIyXC8xMFwvUmVrb2xla2NqZS1kbGEtbWFsemVuc3R3LVJlbGFjamUtdy1tYWx6ZW5zdHdpZS03LTktcGF6ZHppZXJuaWthLTIwMjItci4xLmpwZyIsInNsaWRlc2hvdyI6ImQzNDFkZTMifQ%3D%3D\">\n\t\t\t\t\t<div class=\"e-gallery-image elementor-gallery-item__image\" data-thumbnail=\"https:\/\/www.lichen.pl\/wp-content\/uploads\/2022\/10\/Rekolekcje-dla-malzenstw-Relacje-w-malzenstwie-7-9-pazdziernika-2022-r.1-200x300.jpg\" data-width=\"200\" data-height=\"300\" aria-label=\"\" role=\"img\" ><\/div>\n\t\t\t\t\t\t\t\t\t\t\t<div class=\"elementor-gallery-item__overlay\"><\/div>\n\t\t\t\t\t\t\t\t\t\t\t\t\t\t<\/a>\n\t\t\t\t\t\t\t<a class=\"e-gallery-item elementor-gallery-item elementor-animated-content\" href=\"https:\/\/www.lichen.pl\/wp-content\/uploads\/2022\/10\/Rekolekcje-dla-malzenstw-Relacje-w-malzenstwie-7-9-pazdziernika-2022-r.7.jpg\" data-elementor-open-lightbox=\"yes\" data-elementor-lightbox-slideshow=\"d341de3\" data-elementor-lightbox-title=\"Rekolekcje dla ma\u0142\u017ce\u0144stw Relacje w ma\u0142\u017ce\u0144stwie, 7-9 pa\u017adziernika 2022 r.7\" data-e-action-hash=\"#elementor-action%3Aaction%3Dlightbox%26settings%3DeyJpZCI6NDY4MjcsInVybCI6Imh0dHBzOlwvXC93d3cubGljaGVuLnBsXC93cC1jb250ZW50XC91cGxvYWRzXC8yMDIyXC8xMFwvUmVrb2xla2NqZS1kbGEtbWFsemVuc3R3LVJlbGFjamUtdy1tYWx6ZW5zdHdpZS03LTktcGF6ZHppZXJuaWthLTIwMjItci43LmpwZyIsInNsaWRlc2hvdyI6ImQzNDFkZTMifQ%3D%3D\">\n\t\t\t\t\t<div class=\"e-gallery-image elementor-gallery-item__image\" data-thumbnail=\"https:\/\/www.lichen.pl\/wp-content\/uploads\/2022\/10\/Rekolekcje-dla-malzenstw-Relacje-w-malzenstwie-7-9-pazdziernika-2022-r.7-300x200.jpg\" data-width=\"300\" data-height=\"200\" aria-label=\"\" role=\"img\" ><\/div>\n\t\t\t\t\t\t\t\t\t\t\t<div class=\"elementor-gallery-item__overlay\"><\/div>\n\t\t\t\t\t\t\t\t\t\t\t\t\t\t<\/a>\n\t\t\t\t\t\t\t<a class=\"e-gallery-item elementor-gallery-item elementor-animated-content\" href=\"https:\/\/www.lichen.pl\/wp-content\/uploads\/2022\/10\/Rekolekcje-dla-malzenstw-Relacje-w-malzenstwie-7-9-pazdziernika-2022-r.3.jpg\" data-elementor-open-lightbox=\"yes\" data-elementor-lightbox-slideshow=\"d341de3\" data-elementor-lightbox-title=\"Rekolekcje dla ma\u0142\u017ce\u0144stw Relacje w ma\u0142\u017ce\u0144stwie, 7-9 pa\u017adziernika 2022 r.3\" data-e-action-hash=\"#elementor-action%3Aaction%3Dlightbox%26settings%3DeyJpZCI6NDY4MjMsInVybCI6Imh0dHBzOlwvXC93d3cubGljaGVuLnBsXC93cC1jb250ZW50XC91cGxvYWRzXC8yMDIyXC8xMFwvUmVrb2xla2NqZS1kbGEtbWFsemVuc3R3LVJlbGFjamUtdy1tYWx6ZW5zdHdpZS03LTktcGF6ZHppZXJuaWthLTIwMjItci4zLmpwZyIsInNsaWRlc2hvdyI6ImQzNDFkZTMifQ%3D%3D\">\n\t\t\t\t\t<div class=\"e-gallery-image elementor-gallery-item__image\" data-thumbnail=\"https:\/\/www.lichen.pl\/wp-content\/uploads\/2022\/10\/Rekolekcje-dla-malzenstw-Relacje-w-malzenstwie-7-9-pazdziernika-2022-r.3-200x300.jpg\" data-width=\"200\" data-height=\"300\" aria-label=\"\" role=\"img\" ><\/div>\n\t\t\t\t\t\t\t\t\t\t\t<div class=\"elementor-gallery-item__overlay\"><\/div>\n\t\t\t\t\t\t\t\t\t\t\t\t\t\t<\/a>\n\t\t\t\t\t\t\t<a class=\"e-gallery-item elementor-gallery-item elementor-animated-content\" href=\"https:\/\/www.lichen.pl\/wp-content\/uploads\/2022\/10\/Rekolekcje-dla-malzenstw-Relacje-w-malzenstwie-7-9-pazdziernika-2022-r.6.jpg\" data-elementor-open-lightbox=\"yes\" data-elementor-lightbox-slideshow=\"d341de3\" data-elementor-lightbox-title=\"Rekolekcje dla ma\u0142\u017ce\u0144stw Relacje w ma\u0142\u017ce\u0144stwie, 7-9 pa\u017adziernika 2022 r.6\" data-e-action-hash=\"#elementor-action%3Aaction%3Dlightbox%26settings%3DeyJpZCI6NDY4MjYsInVybCI6Imh0dHBzOlwvXC93d3cubGljaGVuLnBsXC93cC1jb250ZW50XC91cGxvYWRzXC8yMDIyXC8xMFwvUmVrb2xla2NqZS1kbGEtbWFsemVuc3R3LVJlbGFjamUtdy1tYWx6ZW5zdHdpZS03LTktcGF6ZHppZXJuaWthLTIwMjItci42LmpwZyIsInNsaWRlc2hvdyI6ImQzNDFkZTMifQ%3D%3D\">\n\t\t\t\t\t<div class=\"e-gallery-image elementor-gallery-item__image\" data-thumbnail=\"https:\/\/www.lichen.pl\/wp-content\/uploads\/2022\/10\/Rekolekcje-dla-malzenstw-Relacje-w-malzenstwie-7-9-pazdziernika-2022-r.6-300x200.jpg\" data-width=\"300\" data-height=\"200\" aria-label=\"\" role=\"img\" ><\/div>\n\t\t\t\t\t\t\t\t\t\t\t<div class=\"elementor-gallery-item__overlay\"><\/div>\n\t\t\t\t\t\t\t\t\t\t\t\t\t\t<\/a>\n\t\t\t\t\t\t\t<a class=\"e-gallery-item elementor-gallery-item elementor-animated-content\" href=\"https:\/\/www.lichen.pl\/wp-content\/uploads\/2022\/10\/Rekolekcje-dla-malzenstw-Relacje-w-malzenstwie-7-9-pazdziernika-2022-r.5.jpg\" data-elementor-open-lightbox=\"yes\" data-elementor-lightbox-slideshow=\"d341de3\" data-elementor-lightbox-title=\"Rekolekcje dla ma\u0142\u017ce\u0144stw Relacje w ma\u0142\u017ce\u0144stwie, 7-9 pa\u017adziernika 2022 r.5\" data-e-action-hash=\"#elementor-action%3Aaction%3Dlightbox%26settings%3DeyJpZCI6NDY4MjUsInVybCI6Imh0dHBzOlwvXC93d3cubGljaGVuLnBsXC93cC1jb250ZW50XC91cGxvYWRzXC8yMDIyXC8xMFwvUmVrb2xla2NqZS1kbGEtbWFsemVuc3R3LVJlbGFjamUtdy1tYWx6ZW5zdHdpZS03LTktcGF6ZHppZXJuaWthLTIwMjItci41LmpwZyIsInNsaWRlc2hvdyI6ImQzNDFkZTMifQ%3D%3D\">\n\t\t\t\t\t<div class=\"e-gallery-image elementor-gallery-item__image\" data-thumbnail=\"https:\/\/www.lichen.pl\/wp-content\/uploads\/2022\/10\/Rekolekcje-dla-malzenstw-Relacje-w-malzenstwie-7-9-pazdziernika-2022-r.5-300x200.jpg\" data-width=\"300\" data-height=\"200\" aria-label=\"\" role=\"img\" ><\/div>\n\t\t\t\t\t\t\t\t\t\t\t<div class=\"elementor-gallery-item__overlay\"><\/div>\n\t\t\t\t\t\t\t\t\t\t\t\t\t\t<\/a>\n\t\t\t\t\t\t\t<a class=\"e-gallery-item elementor-gallery-item elementor-animated-content\" href=\"https:\/\/www.lichen.pl\/wp-content\/uploads\/2022\/10\/Rekolekcje-dla-malzenstw-Relacje-w-malzenstwie-7-9-pazdziernika-2022-r.4.jpg\" data-elementor-open-lightbox=\"yes\" data-elementor-lightbox-slideshow=\"d341de3\" data-elementor-lightbox-title=\"Rekolekcje dla ma\u0142\u017ce\u0144stw Relacje w ma\u0142\u017ce\u0144stwie, 7-9 pa\u017adziernika 2022 r.4\" data-e-action-hash=\"#elementor-action%3Aaction%3Dlightbox%26settings%3DeyJpZCI6NDY4MjQsInVybCI6Imh0dHBzOlwvXC93d3cubGljaGVuLnBsXC93cC1jb250ZW50XC91cGxvYWRzXC8yMDIyXC8xMFwvUmVrb2xla2NqZS1kbGEtbWFsemVuc3R3LVJlbGFjamUtdy1tYWx6ZW5zdHdpZS03LTktcGF6ZHppZXJuaWthLTIwMjItci40LmpwZyIsInNsaWRlc2hvdyI6ImQzNDFkZTMifQ%3D%3D\">\n\t\t\t\t\t<div class=\"e-gallery-image elementor-gallery-item__image\" data-thumbnail=\"https:\/\/www.lichen.pl\/wp-content\/uploads\/2022\/10\/Rekolekcje-dla-malzenstw-Relacje-w-malzenstwie-7-9-pazdziernika-2022-r.4-300x200.jpg\" data-width=\"300\" data-height=\"200\" aria-label=\"\" role=\"img\" ><\/div>\n\t\t\t\t\t\t\t\t\t\t\t<div class=\"elementor-gallery-item__overlay\"><\/div>\n\t\t\t\t\t\t\t\t\t\t\t\t\t\t<\/a>\n\t\t\t\t\t<\/div>\n\t\t\t\t\t<\/div>\n\t\t\t\t<\/div>\n\t\t\t\t\t<\/div>\n\t\t<\/div>\n\t\t\t\t\t<\/div>\n\t\t<\/section>\n\t\t\t\t<section class=\"elementor-section elementor-top-section elementor-element elementor-element-441c4d4 elementor-section-boxed elementor-section-height-default elementor-section-height-default\" data-id=\"441c4d4\" data-element_type=\"section\" data-e-type=\"section\">\n\t\t\t\t\t\t<div class=\"elementor-container elementor-column-gap-default\">\n\t\t\t\t\t<div class=\"elementor-column elementor-col-100 elementor-top-column elementor-element elementor-element-9484079\" data-id=\"9484079\" data-element_type=\"column\" data-e-type=\"column\">\n\t\t\t<div class=\"elementor-widget-wrap elementor-element-populated\">\n\t\t\t\t\t\t<div class=\"elementor-element elementor-element-d5dfe60 elementor-widget elementor-widget-image-gallery\" data-id=\"d5dfe60\" data-element_type=\"widget\" data-e-type=\"widget\" data-widget_type=\"image-gallery.default\">\n\t\t\t\t<div class=\"elementor-widget-container\">\n\t\t\t\t\t\t\t<div class=\"elementor-image-gallery\">\n\t\t\t\t\t<\/div>\n\t\t\t\t\t\t<\/div>\n\t\t\t\t<\/div>\n\t\t\t\t\t<\/div>\n\t\t<\/div>\n\t\t\t\t\t<\/div>\n\t\t<\/section>\n\t\t\t\t<section class=\"elementor-section elementor-top-section elementor-element elementor-element-6058ffa elementor-section-boxed elementor-section-height-default elementor-section-height-default\" data-id=\"6058ffa\" data-element_type=\"section\" data-e-type=\"section\">\n\t\t\t\t\t\t<div class=\"elementor-container elementor-column-gap-default\">\n\t\t\t\t\t<div class=\"elementor-column elementor-col-100 elementor-top-column elementor-element elementor-element-82b24dc\" data-id=\"82b24dc\" data-element_type=\"column\" data-e-type=\"column\">\n\t\t\t<div class=\"elementor-widget-wrap elementor-element-populated\">\n\t\t\t\t\t\t<div class=\"elementor-element elementor-element-466ae14 elementor-widget-divider--view-line elementor-widget elementor-widget-divider\" data-id=\"466ae14\" data-element_type=\"widget\" data-e-type=\"widget\" data-widget_type=\"divider.default\">\n\t\t\t\t<div class=\"elementor-widget-container\">\n\t\t\t\t\t\t\t<div class=\"elementor-divider\">\n\t\t\t<span class=\"elementor-divider-separator\">\n\t\t\t\t\t\t<\/span>\n\t\t<\/div>\n\t\t\t\t\t\t<\/div>\n\t\t\t\t<\/div>\n\t\t\t\t\t<\/div>\n\t\t<\/div>\n\t\t\t\t\t<\/div>\n\t\t<\/section>\n\t\t\t\t<\/div>","protected":false},"excerpt":{"rendered":"<p>W dniach 7 &#8211; 9 pa\u017adziernika br. odby\u0142y si\u0119 rekolekcje dla ma\u0142\u017ce\u0144stw &#8220;Relacje w ma\u0142\u017ce\u0144stwie&#8221; organizowane przez Liche\u0144skie Centrum Pomocy Rodzinie. Mi\u0142o\u015b\u0107 w ma\u0142\u017ce\u0144stwie i w \u017cyciu rodzinnym pomaga ma\u0142\u017conkom oraz cz\u0142onkom rodziny i\u015b\u0107 naprz\u00f3d pomimo trudno\u015bci wynikaj\u0105cych z up\u0142ywu czasu oraz z tego, co niesie samo \u017cycie. Mi\u0142o\u015b\u0107, aby si\u0119 ujawnia\u0142a i wzrasta\u0142a wymaga [&hellip;]<\/p>\n","protected":false},"author":7,"featured_media":46828,"comment_status":"open","ping_status":"open","sticky":false,"template":"","format":"standard","meta":{"footnotes":""},"categories":[1],"tags":[],"class_list":["post-46744","post","type-post","status-publish","format-standard","has-post-thumbnail","hentry","category-aktualnosci","wpbf-post"],"yoast_head":"<!-- This site is optimized with the Yoast SEO plugin v27.5 - https:\/\/yoast.com\/product\/yoast-seo-wordpress\/ -->\n<title>Rekolekcje dla ma\u0142\u017ce\u0144stw &quot;Relacje w ma\u0142\u017ce\u0144stwie&quot; - o trudnej sztuce komunikacji - SANKTUARIUM W LICHENIU<\/title>\n<meta name=\"robots\" content=\"index, follow, max-snippet:-1, max-image-preview:large, max-video-preview:-1\" \/>\n<link rel=\"canonical\" href=\"https:\/\/www.lichen.pl\/de\/rekolekcje-dla-malzenstw-relacje-w-malzenstwie\/\" \/>\n<meta property=\"og:locale\" content=\"de_DE\" \/>\n<meta property=\"og:type\" content=\"article\" \/>\n<meta property=\"og:title\" content=\"Rekolekcje dla ma\u0142\u017ce\u0144stw &quot;Relacje w ma\u0142\u017ce\u0144stwie&quot; - o trudnej sztuce komunikacji - SANKTUARIUM W LICHENIU\" \/>\n<meta property=\"og:description\" content=\"W dniach 7 &#8211; 9 pa\u017adziernika br. odby\u0142y si\u0119 rekolekcje dla ma\u0142\u017ce\u0144stw &#8220;Relacje w ma\u0142\u017ce\u0144stwie&#8221; organizowane przez Liche\u0144skie Centrum Pomocy Rodzinie. Mi\u0142o\u015b\u0107 w ma\u0142\u017ce\u0144stwie i w \u017cyciu rodzinnym pomaga ma\u0142\u017conkom oraz cz\u0142onkom rodziny i\u015b\u0107 naprz\u00f3d pomimo trudno\u015bci wynikaj\u0105cych z up\u0142ywu czasu oraz z tego, co niesie samo \u017cycie. Mi\u0142o\u015b\u0107, aby si\u0119 ujawnia\u0142a i wzrasta\u0142a wymaga [&hellip;]\" \/>\n<meta property=\"og:url\" content=\"https:\/\/www.lichen.pl\/de\/rekolekcje-dla-malzenstw-relacje-w-malzenstwie\/\" \/>\n<meta property=\"og:site_name\" content=\"SANKTUARIUM W LICHENIU\" \/>\n<meta property=\"article:published_time\" content=\"2022-10-09T11:46:14+00:00\" \/>\n<meta property=\"article:modified_time\" content=\"2022-10-09T15:19:08+00:00\" \/>\n<meta property=\"og:image\" content=\"https:\/\/www.lichen.pl\/wp-content\/uploads\/2022\/10\/Rekolekcje-dla-malzenstw-Relacje-w-malzenstwie-7-9-pazdziernika-2022-r.kadr_.jpg\" \/>\n\t<meta property=\"og:image:width\" content=\"1244\" \/>\n\t<meta property=\"og:image:height\" content=\"842\" \/>\n\t<meta property=\"og:image:type\" content=\"image\/jpeg\" \/>\n<meta name=\"author\" content=\"Biuro Obs\u0142ugi Pielgrzyma Sanktuarium w Licheniu\" \/>\n<meta name=\"twitter:card\" content=\"summary_large_image\" \/>\n<meta name=\"twitter:label1\" content=\"Verfasst von\" \/>\n\t<meta name=\"twitter:data1\" content=\"Biuro Obs\u0142ugi Pielgrzyma Sanktuarium w Licheniu\" \/>\n\t<meta name=\"twitter:label2\" content=\"Gesch\u00e4tzte Lesezeit\" \/>\n\t<meta name=\"twitter:data2\" content=\"2\u00a0Minuten\" \/>\n<script type=\"application\/ld+json\" class=\"yoast-schema-graph\">{\"@context\":\"https:\\\/\\\/schema.org\",\"@graph\":[{\"@type\":\"Article\",\"@id\":\"https:\\\/\\\/www.lichen.pl\\\/rekolekcje-dla-malzenstw-relacje-w-malzenstwie\\\/#article\",\"isPartOf\":{\"@id\":\"https:\\\/\\\/www.lichen.pl\\\/rekolekcje-dla-malzenstw-relacje-w-malzenstwie\\\/\"},\"author\":{\"name\":\"Biuro Obs\u0142ugi Pielgrzyma Sanktuarium w Licheniu\",\"@id\":\"https:\\\/\\\/www.lichen.pl\\\/fr\\\/#\\\/schema\\\/person\\\/74807fd8a5ff88290bdcd13783c210b2\"},\"headline\":\"Rekolekcje dla ma\u0142\u017ce\u0144stw &#8220;Relacje w ma\u0142\u017ce\u0144stwie&#8221; &#8211; o trudnej sztuce komunikacji\",\"datePublished\":\"2022-10-09T11:46:14+00:00\",\"dateModified\":\"2022-10-09T15:19:08+00:00\",\"mainEntityOfPage\":{\"@id\":\"https:\\\/\\\/www.lichen.pl\\\/rekolekcje-dla-malzenstw-relacje-w-malzenstwie\\\/\"},\"wordCount\":279,\"commentCount\":0,\"image\":{\"@id\":\"https:\\\/\\\/www.lichen.pl\\\/rekolekcje-dla-malzenstw-relacje-w-malzenstwie\\\/#primaryimage\"},\"thumbnailUrl\":\"https:\\\/\\\/www.lichen.pl\\\/wp-content\\\/uploads\\\/2022\\\/10\\\/Rekolekcje-dla-malzenstw-Relacje-w-malzenstwie-7-9-pazdziernika-2022-r.kadr_.jpg\",\"articleSection\":[\"Aktualno\u015bci\"],\"inLanguage\":\"de\",\"potentialAction\":[{\"@type\":\"CommentAction\",\"name\":\"Comment\",\"target\":[\"https:\\\/\\\/www.lichen.pl\\\/rekolekcje-dla-malzenstw-relacje-w-malzenstwie\\\/#respond\"]}]},{\"@type\":\"WebPage\",\"@id\":\"https:\\\/\\\/www.lichen.pl\\\/rekolekcje-dla-malzenstw-relacje-w-malzenstwie\\\/\",\"url\":\"https:\\\/\\\/www.lichen.pl\\\/rekolekcje-dla-malzenstw-relacje-w-malzenstwie\\\/\",\"name\":\"Rekolekcje dla ma\u0142\u017ce\u0144stw \\\"Relacje w ma\u0142\u017ce\u0144stwie\\\" - o trudnej sztuce komunikacji - SANKTUARIUM W LICHENIU\",\"isPartOf\":{\"@id\":\"https:\\\/\\\/www.lichen.pl\\\/fr\\\/#website\"},\"primaryImageOfPage\":{\"@id\":\"https:\\\/\\\/www.lichen.pl\\\/rekolekcje-dla-malzenstw-relacje-w-malzenstwie\\\/#primaryimage\"},\"image\":{\"@id\":\"https:\\\/\\\/www.lichen.pl\\\/rekolekcje-dla-malzenstw-relacje-w-malzenstwie\\\/#primaryimage\"},\"thumbnailUrl\":\"https:\\\/\\\/www.lichen.pl\\\/wp-content\\\/uploads\\\/2022\\\/10\\\/Rekolekcje-dla-malzenstw-Relacje-w-malzenstwie-7-9-pazdziernika-2022-r.kadr_.jpg\",\"datePublished\":\"2022-10-09T11:46:14+00:00\",\"dateModified\":\"2022-10-09T15:19:08+00:00\",\"author\":{\"@id\":\"https:\\\/\\\/www.lichen.pl\\\/fr\\\/#\\\/schema\\\/person\\\/74807fd8a5ff88290bdcd13783c210b2\"},\"breadcrumb\":{\"@id\":\"https:\\\/\\\/www.lichen.pl\\\/rekolekcje-dla-malzenstw-relacje-w-malzenstwie\\\/#breadcrumb\"},\"inLanguage\":\"de\",\"potentialAction\":[{\"@type\":\"ReadAction\",\"target\":[\"https:\\\/\\\/www.lichen.pl\\\/rekolekcje-dla-malzenstw-relacje-w-malzenstwie\\\/\"]}]},{\"@type\":\"ImageObject\",\"inLanguage\":\"de\",\"@id\":\"https:\\\/\\\/www.lichen.pl\\\/rekolekcje-dla-malzenstw-relacje-w-malzenstwie\\\/#primaryimage\",\"url\":\"https:\\\/\\\/www.lichen.pl\\\/wp-content\\\/uploads\\\/2022\\\/10\\\/Rekolekcje-dla-malzenstw-Relacje-w-malzenstwie-7-9-pazdziernika-2022-r.kadr_.jpg\",\"contentUrl\":\"https:\\\/\\\/www.lichen.pl\\\/wp-content\\\/uploads\\\/2022\\\/10\\\/Rekolekcje-dla-malzenstw-Relacje-w-malzenstwie-7-9-pazdziernika-2022-r.kadr_.jpg\",\"width\":1244,\"height\":842},{\"@type\":\"BreadcrumbList\",\"@id\":\"https:\\\/\\\/www.lichen.pl\\\/rekolekcje-dla-malzenstw-relacje-w-malzenstwie\\\/#breadcrumb\",\"itemListElement\":[{\"@type\":\"ListItem\",\"position\":1,\"name\":\"Strona g\u0142\u00f3wna\",\"item\":\"https:\\\/\\\/www.lichen.pl\\\/\"},{\"@type\":\"ListItem\",\"position\":2,\"name\":\"Rekolekcje dla ma\u0142\u017ce\u0144stw &#8220;Relacje w ma\u0142\u017ce\u0144stwie&#8221; &#8211; o trudnej sztuce komunikacji\"}]},{\"@type\":\"WebSite\",\"@id\":\"https:\\\/\\\/www.lichen.pl\\\/fr\\\/#website\",\"url\":\"https:\\\/\\\/www.lichen.pl\\\/fr\\\/\",\"name\":\"SANKTUARIUM W LICHENIU\",\"description\":\"MATKI BO\u017bEJ LICHE\u0143SKIEJ BOLESNEJ KR\u00d3LOWEJ POLSKI\",\"potentialAction\":[{\"@type\":\"SearchAction\",\"target\":{\"@type\":\"EntryPoint\",\"urlTemplate\":\"https:\\\/\\\/www.lichen.pl\\\/fr\\\/?s={search_term_string}\"},\"query-input\":{\"@type\":\"PropertyValueSpecification\",\"valueRequired\":true,\"valueName\":\"search_term_string\"}}],\"inLanguage\":\"de\"},{\"@type\":\"Person\",\"@id\":\"https:\\\/\\\/www.lichen.pl\\\/fr\\\/#\\\/schema\\\/person\\\/74807fd8a5ff88290bdcd13783c210b2\",\"name\":\"Biuro Obs\u0142ugi Pielgrzyma Sanktuarium w Licheniu\",\"image\":{\"@type\":\"ImageObject\",\"inLanguage\":\"de\",\"@id\":\"https:\\\/\\\/secure.gravatar.com\\\/avatar\\\/fb9e022907597294678e24de843782c45d0ddff6946a4f9fd77c55a760091d51?s=96&d=retro&r=g\",\"url\":\"https:\\\/\\\/secure.gravatar.com\\\/avatar\\\/fb9e022907597294678e24de843782c45d0ddff6946a4f9fd77c55a760091d51?s=96&d=retro&r=g\",\"contentUrl\":\"https:\\\/\\\/secure.gravatar.com\\\/avatar\\\/fb9e022907597294678e24de843782c45d0ddff6946a4f9fd77c55a760091d51?s=96&d=retro&r=g\",\"caption\":\"Biuro Obs\u0142ugi Pielgrzyma Sanktuarium w Licheniu\"},\"description\":\"Biuro Obs\u0142ugi Pielgrzyma zaprasza, je\u015bli to tylko mo\u017cliwe, do odwiedzenia liche\u0144skiego sanktuarium , w kt\u00f3rym czeka Maryja. Pragniemy, aby\u015b w pe\u0142ni wykorzysta\u0142 czas, kt\u00f3ry postanowi\u0142e\u015b sp\u0119dzi\u0107 w tym miejscu. Zach\u0119camy do kontaktu z nami. W naszym biurze udzielamy aktualnych informacji dotycz\u0105cych liturgii, \u017cycia religijnego i kulturalnego sanktuarium oraz bie\u017c\u0105cych wydarze\u0144. Oferujemy pomoc osobom indywidualnym, organizatorom pielgrzymek oraz instytucjom. Znajdziesz nas: http:\\\/\\\/www.lichen.pl\\\/biuro-obslugi-pielgrzyma\\\/\",\"url\":\"https:\\\/\\\/www.lichen.pl\\\/de\\\/author\\\/bop\\\/\"}]}<\/script>\n<!-- \/ Yoast SEO plugin. -->","yoast_head_json":{"title":"Rekolekcje dla ma\u0142\u017ce\u0144stw \"Relacje w ma\u0142\u017ce\u0144stwie\" - o trudnej sztuce komunikacji - SANKTUARIUM W LICHENIU","robots":{"index":"index","follow":"follow","max-snippet":"max-snippet:-1","max-image-preview":"max-image-preview:large","max-video-preview":"max-video-preview:-1"},"canonical":"https:\/\/www.lichen.pl\/de\/rekolekcje-dla-malzenstw-relacje-w-malzenstwie\/","og_locale":"de_DE","og_type":"article","og_title":"Rekolekcje dla ma\u0142\u017ce\u0144stw \"Relacje w ma\u0142\u017ce\u0144stwie\" - o trudnej sztuce komunikacji - SANKTUARIUM W LICHENIU","og_description":"W dniach 7 &#8211; 9 pa\u017adziernika br. odby\u0142y si\u0119 rekolekcje dla ma\u0142\u017ce\u0144stw &#8220;Relacje w ma\u0142\u017ce\u0144stwie&#8221; organizowane przez Liche\u0144skie Centrum Pomocy Rodzinie. Mi\u0142o\u015b\u0107 w ma\u0142\u017ce\u0144stwie i w \u017cyciu rodzinnym pomaga ma\u0142\u017conkom oraz cz\u0142onkom rodziny i\u015b\u0107 naprz\u00f3d pomimo trudno\u015bci wynikaj\u0105cych z up\u0142ywu czasu oraz z tego, co niesie samo \u017cycie. Mi\u0142o\u015b\u0107, aby si\u0119 ujawnia\u0142a i wzrasta\u0142a wymaga [&hellip;]","og_url":"https:\/\/www.lichen.pl\/de\/rekolekcje-dla-malzenstw-relacje-w-malzenstwie\/","og_site_name":"SANKTUARIUM W LICHENIU","article_published_time":"2022-10-09T11:46:14+00:00","article_modified_time":"2022-10-09T15:19:08+00:00","og_image":[{"width":1244,"height":842,"url":"https:\/\/www.lichen.pl\/wp-content\/uploads\/2022\/10\/Rekolekcje-dla-malzenstw-Relacje-w-malzenstwie-7-9-pazdziernika-2022-r.kadr_.jpg","type":"image\/jpeg"}],"author":"Biuro Obs\u0142ugi Pielgrzyma Sanktuarium w Licheniu","twitter_card":"summary_large_image","twitter_misc":{"Verfasst von":"Biuro Obs\u0142ugi Pielgrzyma Sanktuarium w Licheniu","Gesch\u00e4tzte Lesezeit":"2\u00a0Minuten"},"schema":{"@context":"https:\/\/schema.org","@graph":[{"@type":"Article","@id":"https:\/\/www.lichen.pl\/rekolekcje-dla-malzenstw-relacje-w-malzenstwie\/#article","isPartOf":{"@id":"https:\/\/www.lichen.pl\/rekolekcje-dla-malzenstw-relacje-w-malzenstwie\/"},"author":{"name":"Biuro Obs\u0142ugi Pielgrzyma Sanktuarium w Licheniu","@id":"https:\/\/www.lichen.pl\/fr\/#\/schema\/person\/74807fd8a5ff88290bdcd13783c210b2"},"headline":"Rekolekcje dla ma\u0142\u017ce\u0144stw &#8220;Relacje w ma\u0142\u017ce\u0144stwie&#8221; &#8211; o trudnej sztuce komunikacji","datePublished":"2022-10-09T11:46:14+00:00","dateModified":"2022-10-09T15:19:08+00:00","mainEntityOfPage":{"@id":"https:\/\/www.lichen.pl\/rekolekcje-dla-malzenstw-relacje-w-malzenstwie\/"},"wordCount":279,"commentCount":0,"image":{"@id":"https:\/\/www.lichen.pl\/rekolekcje-dla-malzenstw-relacje-w-malzenstwie\/#primaryimage"},"thumbnailUrl":"https:\/\/www.lichen.pl\/wp-content\/uploads\/2022\/10\/Rekolekcje-dla-malzenstw-Relacje-w-malzenstwie-7-9-pazdziernika-2022-r.kadr_.jpg","articleSection":["Aktualno\u015bci"],"inLanguage":"de","potentialAction":[{"@type":"CommentAction","name":"Comment","target":["https:\/\/www.lichen.pl\/rekolekcje-dla-malzenstw-relacje-w-malzenstwie\/#respond"]}]},{"@type":"WebPage","@id":"https:\/\/www.lichen.pl\/rekolekcje-dla-malzenstw-relacje-w-malzenstwie\/","url":"https:\/\/www.lichen.pl\/rekolekcje-dla-malzenstw-relacje-w-malzenstwie\/","name":"Rekolekcje dla ma\u0142\u017ce\u0144stw \"Relacje w ma\u0142\u017ce\u0144stwie\" - o trudnej sztuce komunikacji - SANKTUARIUM W LICHENIU","isPartOf":{"@id":"https:\/\/www.lichen.pl\/fr\/#website"},"primaryImageOfPage":{"@id":"https:\/\/www.lichen.pl\/rekolekcje-dla-malzenstw-relacje-w-malzenstwie\/#primaryimage"},"image":{"@id":"https:\/\/www.lichen.pl\/rekolekcje-dla-malzenstw-relacje-w-malzenstwie\/#primaryimage"},"thumbnailUrl":"https:\/\/www.lichen.pl\/wp-content\/uploads\/2022\/10\/Rekolekcje-dla-malzenstw-Relacje-w-malzenstwie-7-9-pazdziernika-2022-r.kadr_.jpg","datePublished":"2022-10-09T11:46:14+00:00","dateModified":"2022-10-09T15:19:08+00:00","author":{"@id":"https:\/\/www.lichen.pl\/fr\/#\/schema\/person\/74807fd8a5ff88290bdcd13783c210b2"},"breadcrumb":{"@id":"https:\/\/www.lichen.pl\/rekolekcje-dla-malzenstw-relacje-w-malzenstwie\/#breadcrumb"},"inLanguage":"de","potentialAction":[{"@type":"ReadAction","target":["https:\/\/www.lichen.pl\/rekolekcje-dla-malzenstw-relacje-w-malzenstwie\/"]}]},{"@type":"ImageObject","inLanguage":"de","@id":"https:\/\/www.lichen.pl\/rekolekcje-dla-malzenstw-relacje-w-malzenstwie\/#primaryimage","url":"https:\/\/www.lichen.pl\/wp-content\/uploads\/2022\/10\/Rekolekcje-dla-malzenstw-Relacje-w-malzenstwie-7-9-pazdziernika-2022-r.kadr_.jpg","contentUrl":"https:\/\/www.lichen.pl\/wp-content\/uploads\/2022\/10\/Rekolekcje-dla-malzenstw-Relacje-w-malzenstwie-7-9-pazdziernika-2022-r.kadr_.jpg","width":1244,"height":842},{"@type":"BreadcrumbList","@id":"https:\/\/www.lichen.pl\/rekolekcje-dla-malzenstw-relacje-w-malzenstwie\/#breadcrumb","itemListElement":[{"@type":"ListItem","position":1,"name":"Strona g\u0142\u00f3wna","item":"https:\/\/www.lichen.pl\/"},{"@type":"ListItem","position":2,"name":"Rekolekcje dla ma\u0142\u017ce\u0144stw &#8220;Relacje w ma\u0142\u017ce\u0144stwie&#8221; &#8211; o trudnej sztuce komunikacji"}]},{"@type":"WebSite","@id":"https:\/\/www.lichen.pl\/fr\/#website","url":"https:\/\/www.lichen.pl\/fr\/","name":"HEILIGTUM IN LICHENIEN","description":"DIE TRAURIGE K\u00d6NIGIN UNSERER FLECHEN VON POLEN","potentialAction":[{"@type":"SearchAction","target":{"@type":"EntryPoint","urlTemplate":"https:\/\/www.lichen.pl\/fr\/?s={search_term_string}"},"query-input":{"@type":"PropertyValueSpecification","valueRequired":true,"valueName":"search_term_string"}}],"inLanguage":"de"},{"@type":"Person","@id":"https:\/\/www.lichen.pl\/fr\/#\/schema\/person\/74807fd8a5ff88290bdcd13783c210b2","name":"Pilgerdienstb\u00fcro des Heiligtums in Liche\u0144","image":{"@type":"ImageObject","inLanguage":"de","@id":"https:\/\/secure.gravatar.com\/avatar\/fb9e022907597294678e24de843782c45d0ddff6946a4f9fd77c55a760091d51?s=96&d=retro&r=g","url":"https:\/\/secure.gravatar.com\/avatar\/fb9e022907597294678e24de843782c45d0ddff6946a4f9fd77c55a760091d51?s=96&d=retro&r=g","contentUrl":"https:\/\/secure.gravatar.com\/avatar\/fb9e022907597294678e24de843782c45d0ddff6946a4f9fd77c55a760091d51?s=96&d=retro&r=g","caption":"Biuro Obs\u0142ugi Pielgrzyma Sanktuarium w Licheniu"},"description":"Biuro Obs\u0142ugi Pielgrzyma zaprasza, je\u015bli to tylko mo\u017cliwe, do odwiedzenia liche\u0144skiego sanktuarium , w kt\u00f3rym czeka Maryja. Pragniemy, aby\u015b w pe\u0142ni wykorzysta\u0142 czas, kt\u00f3ry postanowi\u0142e\u015b sp\u0119dzi\u0107 w tym miejscu. Zach\u0119camy do kontaktu z nami. W naszym biurze udzielamy aktualnych informacji dotycz\u0105cych liturgii, \u017cycia religijnego i kulturalnego sanktuarium oraz bie\u017c\u0105cych wydarze\u0144. Oferujemy pomoc osobom indywidualnym, organizatorom pielgrzymek oraz instytucjom. Znajdziesz nas: http:\/\/www.lichen.pl\/biuro-obslugi-pielgrzyma\/","url":"https:\/\/www.lichen.pl\/de\/author\/bop\/"}]}},"_links":{"self":[{"href":"https:\/\/www.lichen.pl\/de\/wp-json\/wp\/v2\/posts\/46744","targetHints":{"allow":["GET"]}}],"collection":[{"href":"https:\/\/www.lichen.pl\/de\/wp-json\/wp\/v2\/posts"}],"about":[{"href":"https:\/\/www.lichen.pl\/de\/wp-json\/wp\/v2\/types\/post"}],"author":[{"embeddable":true,"href":"https:\/\/www.lichen.pl\/de\/wp-json\/wp\/v2\/users\/7"}],"replies":[{"embeddable":true,"href":"https:\/\/www.lichen.pl\/de\/wp-json\/wp\/v2\/comments?post=46744"}],"version-history":[{"count":19,"href":"https:\/\/www.lichen.pl\/de\/wp-json\/wp\/v2\/posts\/46744\/revisions"}],"predecessor-version":[{"id":46840,"href":"https:\/\/www.lichen.pl\/de\/wp-json\/wp\/v2\/posts\/46744\/revisions\/46840"}],"wp:featuredmedia":[{"embeddable":true,"href":"https:\/\/www.lichen.pl\/de\/wp-json\/wp\/v2\/media\/46828"}],"wp:attachment":[{"href":"https:\/\/www.lichen.pl\/de\/wp-json\/wp\/v2\/media?parent=46744"}],"wp:term":[{"taxonomy":"category","embeddable":true,"href":"https:\/\/www.lichen.pl\/de\/wp-json\/wp\/v2\/categories?post=46744"},{"taxonomy":"post_tag","embeddable":true,"href":"https:\/\/www.lichen.pl\/de\/wp-json\/wp\/v2\/tags?post=46744"}],"curies":[{"name":"wp","href":"https:\/\/api.w.org\/{rel}","templated":true}]}}