{"id":52781,"date":"2023-05-01T21:57:35","date_gmt":"2023-05-01T19:57:35","guid":{"rendered":"https:\/\/www.lichen.pl\/?p=52781"},"modified":"2023-05-01T22:22:27","modified_gmt":"2023-05-01T20:22:27","slug":"praca-to-dar-rozwoju-duchowego-wspomnienie-sw-jozefa-rzemieslnika","status":"publish","type":"post","link":"https:\/\/www.lichen.pl\/de\/praca-to-dar-rozwoju-duchowego-wspomnienie-sw-jozefa-rzemieslnika\/","title":{"rendered":"Praca to dar rozwoju duchowego &#8211; wspomnienie \u015bw. J\u00f3zefa, rzemie\u015blnika"},"content":{"rendered":"<div data-elementor-type=\"wp-post\" data-elementor-id=\"52781\" class=\"elementor elementor-52781\" data-elementor-post-type=\"post\">\n\t\t\t\t\t\t<section class=\"elementor-section elementor-top-section elementor-element elementor-element-abcfcb9 elementor-section-boxed elementor-section-height-default elementor-section-height-default\" data-id=\"abcfcb9\" data-element_type=\"section\" data-e-type=\"section\">\n\t\t\t\t\t\t<div class=\"elementor-container elementor-column-gap-default\">\n\t\t\t\t\t<div class=\"elementor-column elementor-col-100 elementor-top-column elementor-element elementor-element-05ce722\" data-id=\"05ce722\" data-element_type=\"column\" data-e-type=\"column\">\n\t\t\t<div class=\"elementor-widget-wrap elementor-element-populated\">\n\t\t\t\t\t\t<div class=\"elementor-element elementor-element-029fda6 elementor-widget elementor-widget-heading\" data-id=\"029fda6\" data-element_type=\"widget\" data-e-type=\"widget\" data-widget_type=\"heading.default\">\n\t\t\t\t<div class=\"elementor-widget-container\">\n\t\t\t\t\t<h2 class=\"elementor-heading-title elementor-size-default\">W liturgiczne wspomnienie \u015bw. J\u00f3zefa, rzemie\u015blnika, kilka tysi\u0119cy pielgrzym\u00f3w w sanktuarium Matki Bo\u017cej Liche\u0144skiej, kt\u00f3rzy przyjechali z r\u00f3\u017cnych stron Polski, modlitw\u0105 ogarnia\u0142o ludzi pracuj\u0105cych.<\/h2>\t\t\t\t<\/div>\n\t\t\t\t<\/div>\n\t\t\t\t<section class=\"elementor-section elementor-inner-section elementor-element elementor-element-ce7779d elementor-section-boxed elementor-section-height-default elementor-section-height-default\" data-id=\"ce7779d\" data-element_type=\"section\" data-e-type=\"section\">\n\t\t\t\t\t\t<div class=\"elementor-container elementor-column-gap-default\">\n\t\t\t\t\t<div class=\"elementor-column elementor-col-50 elementor-inner-column elementor-element elementor-element-a0f309e\" data-id=\"a0f309e\" data-element_type=\"column\" data-e-type=\"column\">\n\t\t\t<div class=\"elementor-widget-wrap elementor-element-populated\">\n\t\t\t\t\t\t<div class=\"elementor-element elementor-element-ba7b0e5 elementor-widget elementor-widget-text-editor\" data-id=\"ba7b0e5\" data-element_type=\"widget\" data-e-type=\"widget\" data-widget_type=\"text-editor.default\">\n\t\t\t\t<div class=\"elementor-widget-container\">\n\t\t\t\t\t\t\t\t\t<p>\u2013 Czas pracy mo\u017cemy wykorzysta\u0107, by wzrasta\u0107 do \u015bwi\u0119to\u015bci i stawa\u0107 si\u0119 lepszymi lud\u017ami \u2013 stwierdzi\u0142 w homilii ks. Janusz Kumala MIC, kustosz liche\u0144skiego sanktuarium, kt\u00f3ry przewodniczy\u0142 po\u0142udniowej Mszy \u015bw. w bazylice liche\u0144skiej. Marianin podkre\u015bli\u0142, \u017ce praca to dar, pozwalaj\u0105cy rozwija\u0107 si\u0119 duchowo. \u2013 Nie chodzi tylko o to, by by\u0107 coraz lepszym specjalist\u0105 w swoim zawodzie, ale pracowa\u0107 w obecno\u015bci Jezusa, jak \u015bw. J\u00f3zef. Czy przy pe\u0142nieniu obowi\u0105zk\u00f3w pojawia si\u0119 w naszym sercu s\u0142owo wdzi\u0119czno\u015bci i mi\u0142o\u015bci ku Bogu? \u2013 pyta\u0142 kustosz liche\u0144skiego sanktuarium. Zaznaczy\u0142, \u017ce praca s\u0142u\u017cy utrzymaniu rodziny, za kt\u00f3r\u0105 jeste\u015bmy odpowiedzialni, ale tak\u017ce s\u0142u\u017cy potrzebuj\u0105cym pomocy.\u00a0<\/p>\t\t\t\t\t\t\t\t<\/div>\n\t\t\t\t<\/div>\n\t\t\t\t\t<\/div>\n\t\t<\/div>\n\t\t\t\t<div class=\"elementor-column elementor-col-50 elementor-inner-column elementor-element elementor-element-4743ad1\" data-id=\"4743ad1\" data-element_type=\"column\" data-e-type=\"column\">\n\t\t\t<div class=\"elementor-widget-wrap elementor-element-populated\">\n\t\t\t\t\t\t<div class=\"elementor-element elementor-element-1714b79 elementor-widget elementor-widget-image\" data-id=\"1714b79\" data-element_type=\"widget\" data-e-type=\"widget\" data-widget_type=\"image.default\">\n\t\t\t\t<div class=\"elementor-widget-container\">\n\t\t\t\t\t\t\t\t\t\t\t\t\t\t\t<img fetchpriority=\"high\" decoding=\"async\" width=\"1024\" height=\"683\" src=\"https:\/\/www.lichen.pl\/wp-content\/uploads\/2023\/05\/IMG_1421-1024x683.jpg\" class=\"attachment-large size-large wp-image-52777\" alt=\"\" srcset=\"https:\/\/www.lichen.pl\/wp-content\/uploads\/2023\/05\/IMG_1421-1024x683.jpg 1024w, https:\/\/www.lichen.pl\/wp-content\/uploads\/2023\/05\/IMG_1421-800x534.jpg 800w, https:\/\/www.lichen.pl\/wp-content\/uploads\/2023\/05\/IMG_1421-300x200.jpg 300w, https:\/\/www.lichen.pl\/wp-content\/uploads\/2023\/05\/IMG_1421-768x512.jpg 768w, https:\/\/www.lichen.pl\/wp-content\/uploads\/2023\/05\/IMG_1421-1536x1024.jpg 1536w, https:\/\/www.lichen.pl\/wp-content\/uploads\/2023\/05\/IMG_1421-18x12.jpg 18w, https:\/\/www.lichen.pl\/wp-content\/uploads\/2023\/05\/IMG_1421.jpg 1600w\" sizes=\"(max-width: 1024px) 100vw, 1024px\" \/>\t\t\t\t\t\t\t\t\t\t\t\t\t\t\t<\/div>\n\t\t\t\t<\/div>\n\t\t\t\t\t<\/div>\n\t\t<\/div>\n\t\t\t\t\t<\/div>\n\t\t<\/section>\n\t\t\t\t<div class=\"elementor-element elementor-element-a09ac92 elementor-widget elementor-widget-text-editor\" data-id=\"a09ac92\" data-element_type=\"widget\" data-e-type=\"widget\" data-widget_type=\"text-editor.default\">\n\t\t\t\t<div class=\"elementor-widget-container\">\n\t\t\t\t\t\t\t\t\t<p>\u2013 \u0141atwo zatraci\u0107 si\u0119 w ci\u0105g\u0142ej pracy, co mo\u017ce zburzy\u0107 system warto\u015bci i prowadzi\u0107 do utraty rodziny. Wa\u017cna jest uczciwo\u015b\u0107 podczas pracy, jako wyraz wzajemnej troski w spo\u0142ecze\u0144stwie o drugiego cz\u0142owieka. To tak\u017ce przestrze\u0144 duchowego wzrastania \u2013 m\u00f3wi\u0142 ks. Kumala.<\/p><div class=\"x11i5rnm xat24cr x1mh8g0r x1vvkbs xtlvy1s x126k92a\"><div dir=\"auto\">Przypomnia\u0142, \u017ce ka\u017cdy cz\u0142owiek i pracownik ma warto\u015b\u0107, bez wzgl\u0119du na pe\u0142nione funkcje zawodowe. Podkre\u015bli\u0142 te\u017c, \u017ce wa\u017cny w kontek\u015bcie pracy jest wypoczynek, kt\u00f3ry nie tylko oznacza wyjazdy wakacyjne. \u2013 Odpoczynek fizyczny jest potrzebny, by nie zatraci\u0107 si\u0119 w pracoholizmie. Jednak odpocz\u0105\u0107 oznacza r\u00f3wnie\u017c zregenerowa\u0107 naszego ducha. Odpocz\u0105\u0107 to pocz\u0105\u0107 si\u0119 na nowo. W konfesjona\u0142ach zrzucamy jarzmo grzech\u00f3w i rodzimy si\u0119 na nowo. Matka Bo\u017ca Liche\u0144ska wzywa\u0142a do nawr\u00f3cenia w gr\u0105bli\u0144skim lesie w 1850 r., do podj\u0119cia trudu wzrastania duchowego, czyli trwania tak\u017ce w mi\u0142o\u015bci do bli\u017aniego i pojednania z najbli\u017cszymi. To nasza droga do nieba, oby\u015bmy nie zmarnowali ani chwili \u2013 m\u00f3wi\u0142 kustosz liche\u0144skiego sanktuarium.<\/div><\/div><div class=\"x11i5rnm xat24cr x1mh8g0r x1vvkbs xtlvy1s x126k92a\"><div dir=\"auto\">W pierwszy dzie\u0144 maja kustosz liche\u0144skiego sanktuarium zach\u0119ci\u0142 do bli\u017cszego poznania cudownego obrazu Matki Bo\u017cej Liche\u0144skiej dzi\u0119ki ksi\u0105\u017cce \u201ePrzes\u0142anie Liche\u0144skiego Obrazu\u201d, dost\u0119pnej w Ksi\u0119garni Maryjnej i punktach handlowych w sanktuarium. Wydanie odkrywa szczeg\u00f3\u0142y i symbolik\u0119 wizerunku Maryi, ale te\u017c pozwala si\u0119 w\u0142\u0105czy\u0107 w modlitewn\u0105 wsp\u00f3lnot\u0119 pielgrzym\u00f3w w liche\u0144skim sanktuarium poprzez rozwa\u017cania.<\/div><div dir=\"auto\">Ju\u017c jutro zapraszamy na Dzie\u0144 Flagi Rzeczypospolitej Polskiej. Po Mszy \u015bw. o godz. 12.00 przed bazylik\u0105 odb\u0119dzie si\u0119 spotkanie dla dzieci, kt\u00f3re otrzymaj\u0105 polskie flagi i dowiedz\u0105 si\u0119 o ich znaczeniu i dlaczego nale\u017cy je szanowa\u0107. Natomiast 3 maja b\u0119dziemy \u015bwi\u0119towa\u0107 uroczysto\u015b\u0107 Matki Bo\u017cej Kr\u00f3lowej Polski.<\/div><\/div>\t\t\t\t\t\t\t\t<\/div>\n\t\t\t\t<\/div>\n\t\t\t\t<div class=\"elementor-element elementor-element-b7e2d84 elementor-widget-divider--view-line_icon elementor-view-default elementor-widget-divider--element-align-center elementor-widget elementor-widget-divider\" data-id=\"b7e2d84\" data-element_type=\"widget\" data-e-type=\"widget\" data-widget_type=\"divider.default\">\n\t\t\t\t<div class=\"elementor-widget-container\">\n\t\t\t\t\t\t\t<div class=\"elementor-divider\">\n\t\t\t<span class=\"elementor-divider-separator\">\n\t\t\t\t\t\t\t<div class=\"elementor-icon elementor-divider__element\">\n\t\t\t\t\t<i aria-hidden=\"true\" class=\"fas fa-camera\"><\/i><\/div>\n\t\t\t\t\t\t<\/span>\n\t\t<\/div>\n\t\t\t\t\t\t<\/div>\n\t\t\t\t<\/div>\n\t\t\t\t<div class=\"elementor-element elementor-element-cfcde76 elementor-widget elementor-widget-image-gallery\" data-id=\"cfcde76\" data-element_type=\"widget\" data-e-type=\"widget\" data-widget_type=\"image-gallery.default\">\n\t\t\t\t<div class=\"elementor-widget-container\">\n\t\t\t\t\t\t\t<div class=\"elementor-image-gallery\">\n\t\t\t<div id='gallery-1' class='gallery galleryid-52781 gallery-columns-4 gallery-size-thumbnail'><figure class='gallery-item'>\n\t\t\t<div class='gallery-icon landscape'>\n\t\t\t\t<a data-elementor-open-lightbox=\"yes\" data-elementor-lightbox-slideshow=\"cfcde76\" data-elementor-lightbox-title=\"\u015aw. J\u00f3zef\" data-e-action-hash=\"#elementor-action%3Aaction%3Dlightbox%26settings%3DeyJpZCI6NTI3NzMsInVybCI6Imh0dHBzOlwvXC93d3cubGljaGVuLnBsXC93cC1jb250ZW50XC91cGxvYWRzXC8yMDIzXC8wNVwvSU1HXzE0MDUtMi5qcGciLCJzbGlkZXNob3ciOiJjZmNkZTc2In0%3D\" href='https:\/\/www.lichen.pl\/wp-content\/uploads\/2023\/05\/IMG_1405-2.jpg'><img decoding=\"async\" width=\"150\" height=\"150\" src=\"https:\/\/www.lichen.pl\/wp-content\/uploads\/2023\/05\/IMG_1405-2-150x150.jpg\" class=\"attachment-thumbnail size-thumbnail\" alt=\"\" srcset=\"https:\/\/www.lichen.pl\/wp-content\/uploads\/2023\/05\/IMG_1405-2-150x150.jpg 150w, https:\/\/www.lichen.pl\/wp-content\/uploads\/2023\/05\/IMG_1405-2-300x300.jpg 300w\" sizes=\"(max-width: 150px) 100vw, 150px\" \/><\/a>\n\t\t\t<\/div><\/figure><figure class='gallery-item'>\n\t\t\t<div class='gallery-icon portrait'>\n\t\t\t\t<a data-elementor-open-lightbox=\"yes\" data-elementor-lightbox-slideshow=\"cfcde76\" data-elementor-lightbox-title=\"\u015aw. J\u00f3zef\" data-e-action-hash=\"#elementor-action%3Aaction%3Dlightbox%26settings%3DeyJpZCI6NTI3NzUsInVybCI6Imh0dHBzOlwvXC93d3cubGljaGVuLnBsXC93cC1jb250ZW50XC91cGxvYWRzXC8yMDIzXC8wNVwvSU1HXzE0MTIuanBnIiwic2xpZGVzaG93IjoiY2ZjZGU3NiJ9\" href='https:\/\/www.lichen.pl\/wp-content\/uploads\/2023\/05\/IMG_1412.jpg'><img decoding=\"async\" width=\"150\" height=\"150\" src=\"https:\/\/www.lichen.pl\/wp-content\/uploads\/2023\/05\/IMG_1412-150x150.jpg\" class=\"attachment-thumbnail size-thumbnail\" alt=\"\" srcset=\"https:\/\/www.lichen.pl\/wp-content\/uploads\/2023\/05\/IMG_1412-150x150.jpg 150w, https:\/\/www.lichen.pl\/wp-content\/uploads\/2023\/05\/IMG_1412-300x300.jpg 300w\" sizes=\"(max-width: 150px) 100vw, 150px\" \/><\/a>\n\t\t\t<\/div><\/figure><figure class='gallery-item'>\n\t\t\t<div class='gallery-icon landscape'>\n\t\t\t\t<a data-elementor-open-lightbox=\"yes\" data-elementor-lightbox-slideshow=\"cfcde76\" data-elementor-lightbox-title=\"\u015aw. J\u00f3zef\" data-e-action-hash=\"#elementor-action%3Aaction%3Dlightbox%26settings%3DeyJpZCI6NTI3NzgsInVybCI6Imh0dHBzOlwvXC93d3cubGljaGVuLnBsXC93cC1jb250ZW50XC91cGxvYWRzXC8yMDIzXC8wNVwvSU1HXzE0MjQuanBnIiwic2xpZGVzaG93IjoiY2ZjZGU3NiJ9\" href='https:\/\/www.lichen.pl\/wp-content\/uploads\/2023\/05\/IMG_1424.jpg'><img loading=\"lazy\" decoding=\"async\" width=\"150\" height=\"150\" src=\"https:\/\/www.lichen.pl\/wp-content\/uploads\/2023\/05\/IMG_1424-150x150.jpg\" class=\"attachment-thumbnail size-thumbnail\" alt=\"\" srcset=\"https:\/\/www.lichen.pl\/wp-content\/uploads\/2023\/05\/IMG_1424-150x150.jpg 150w, https:\/\/www.lichen.pl\/wp-content\/uploads\/2023\/05\/IMG_1424-300x300.jpg 300w\" sizes=\"(max-width: 150px) 100vw, 150px\" \/><\/a>\n\t\t\t<\/div><\/figure><figure class='gallery-item'>\n\t\t\t<div class='gallery-icon landscape'>\n\t\t\t\t<a data-elementor-open-lightbox=\"yes\" data-elementor-lightbox-slideshow=\"cfcde76\" data-elementor-lightbox-title=\"\u015aw. J\u00f3zef\" data-e-action-hash=\"#elementor-action%3Aaction%3Dlightbox%26settings%3DeyJpZCI6NTI3NzYsInVybCI6Imh0dHBzOlwvXC93d3cubGljaGVuLnBsXC93cC1jb250ZW50XC91cGxvYWRzXC8yMDIzXC8wNVwvSU1HXzE0MTYuanBnIiwic2xpZGVzaG93IjoiY2ZjZGU3NiJ9\" href='https:\/\/www.lichen.pl\/wp-content\/uploads\/2023\/05\/IMG_1416.jpg'><img loading=\"lazy\" decoding=\"async\" width=\"150\" height=\"150\" src=\"https:\/\/www.lichen.pl\/wp-content\/uploads\/2023\/05\/IMG_1416-150x150.jpg\" class=\"attachment-thumbnail size-thumbnail\" alt=\"\" srcset=\"https:\/\/www.lichen.pl\/wp-content\/uploads\/2023\/05\/IMG_1416-150x150.jpg 150w, https:\/\/www.lichen.pl\/wp-content\/uploads\/2023\/05\/IMG_1416-300x300.jpg 300w\" sizes=\"(max-width: 150px) 100vw, 150px\" \/><\/a>\n\t\t\t<\/div><\/figure><figure class='gallery-item'>\n\t\t\t<div class='gallery-icon landscape'>\n\t\t\t\t<a data-elementor-open-lightbox=\"yes\" data-elementor-lightbox-slideshow=\"cfcde76\" data-elementor-lightbox-title=\"\u015aw. J\u00f3zef\" data-e-action-hash=\"#elementor-action%3Aaction%3Dlightbox%26settings%3DeyJpZCI6NTI3NzQsInVybCI6Imh0dHBzOlwvXC93d3cubGljaGVuLnBsXC93cC1jb250ZW50XC91cGxvYWRzXC8yMDIzXC8wNVwvSU1HXzE0MTAuanBnIiwic2xpZGVzaG93IjoiY2ZjZGU3NiJ9\" href='https:\/\/www.lichen.pl\/wp-content\/uploads\/2023\/05\/IMG_1410.jpg'><img loading=\"lazy\" decoding=\"async\" width=\"150\" height=\"150\" src=\"https:\/\/www.lichen.pl\/wp-content\/uploads\/2023\/05\/IMG_1410-150x150.jpg\" class=\"attachment-thumbnail size-thumbnail\" alt=\"\" srcset=\"https:\/\/www.lichen.pl\/wp-content\/uploads\/2023\/05\/IMG_1410-150x150.jpg 150w, https:\/\/www.lichen.pl\/wp-content\/uploads\/2023\/05\/IMG_1410-300x300.jpg 300w\" sizes=\"(max-width: 150px) 100vw, 150px\" \/><\/a>\n\t\t\t<\/div><\/figure><figure class='gallery-item'>\n\t\t\t<div class='gallery-icon landscape'>\n\t\t\t\t<a data-elementor-open-lightbox=\"yes\" data-elementor-lightbox-slideshow=\"cfcde76\" data-elementor-lightbox-title=\"\u015aw. J\u00f3zef\" data-e-action-hash=\"#elementor-action%3Aaction%3Dlightbox%26settings%3DeyJpZCI6NTI3NzksInVybCI6Imh0dHBzOlwvXC93d3cubGljaGVuLnBsXC93cC1jb250ZW50XC91cGxvYWRzXC8yMDIzXC8wNVwvSU1HXzE0MjYuanBnIiwic2xpZGVzaG93IjoiY2ZjZGU3NiJ9\" href='https:\/\/www.lichen.pl\/wp-content\/uploads\/2023\/05\/IMG_1426.jpg'><img loading=\"lazy\" decoding=\"async\" width=\"150\" height=\"150\" src=\"https:\/\/www.lichen.pl\/wp-content\/uploads\/2023\/05\/IMG_1426-150x150.jpg\" class=\"attachment-thumbnail size-thumbnail\" alt=\"\" srcset=\"https:\/\/www.lichen.pl\/wp-content\/uploads\/2023\/05\/IMG_1426-150x150.jpg 150w, https:\/\/www.lichen.pl\/wp-content\/uploads\/2023\/05\/IMG_1426-300x300.jpg 300w\" sizes=\"(max-width: 150px) 100vw, 150px\" \/><\/a>\n\t\t\t<\/div><\/figure><figure class='gallery-item'>\n\t\t\t<div class='gallery-icon landscape'>\n\t\t\t\t<a data-elementor-open-lightbox=\"yes\" data-elementor-lightbox-slideshow=\"cfcde76\" data-elementor-lightbox-title=\"\u015aw. J\u00f3zef\" data-e-action-hash=\"#elementor-action%3Aaction%3Dlightbox%26settings%3DeyJpZCI6NTI3ODAsInVybCI6Imh0dHBzOlwvXC93d3cubGljaGVuLnBsXC93cC1jb250ZW50XC91cGxvYWRzXC8yMDIzXC8wNVwvSU1HXzE0MzkuanBnIiwic2xpZGVzaG93IjoiY2ZjZGU3NiJ9\" href='https:\/\/www.lichen.pl\/wp-content\/uploads\/2023\/05\/IMG_1439.jpg'><img loading=\"lazy\" decoding=\"async\" width=\"150\" height=\"150\" src=\"https:\/\/www.lichen.pl\/wp-content\/uploads\/2023\/05\/IMG_1439-150x150.jpg\" class=\"attachment-thumbnail size-thumbnail\" alt=\"\" srcset=\"https:\/\/www.lichen.pl\/wp-content\/uploads\/2023\/05\/IMG_1439-150x150.jpg 150w, https:\/\/www.lichen.pl\/wp-content\/uploads\/2023\/05\/IMG_1439-300x300.jpg 300w\" sizes=\"(max-width: 150px) 100vw, 150px\" \/><\/a>\n\t\t\t<\/div><\/figure><figure class='gallery-item'>\n\t\t\t<div class='gallery-icon landscape'>\n\t\t\t\t<a data-elementor-open-lightbox=\"yes\" data-elementor-lightbox-slideshow=\"cfcde76\" data-elementor-lightbox-title=\"\u015aw. J\u00f3zef\" data-e-action-hash=\"#elementor-action%3Aaction%3Dlightbox%26settings%3DeyJpZCI6NTI3ODIsInVybCI6Imh0dHBzOlwvXC93d3cubGljaGVuLnBsXC93cC1jb250ZW50XC91cGxvYWRzXC8yMDIzXC8wNVwvSU1HXzE0MzMuanBnIiwic2xpZGVzaG93IjoiY2ZjZGU3NiJ9\" href='https:\/\/www.lichen.pl\/wp-content\/uploads\/2023\/05\/IMG_1433.jpg'><img loading=\"lazy\" decoding=\"async\" width=\"150\" height=\"150\" src=\"https:\/\/www.lichen.pl\/wp-content\/uploads\/2023\/05\/IMG_1433-150x150.jpg\" class=\"attachment-thumbnail size-thumbnail\" alt=\"\" srcset=\"https:\/\/www.lichen.pl\/wp-content\/uploads\/2023\/05\/IMG_1433-150x150.jpg 150w, https:\/\/www.lichen.pl\/wp-content\/uploads\/2023\/05\/IMG_1433-300x300.jpg 300w\" sizes=\"(max-width: 150px) 100vw, 150px\" \/><\/a>\n\t\t\t<\/div><\/figure>\n\t\t<\/div>\n\t\t<\/div>\n\t\t\t\t\t\t<\/div>\n\t\t\t\t<\/div>\n\t\t\t\t\t<\/div>\n\t\t<\/div>\n\t\t\t\t\t<\/div>\n\t\t<\/section>\n\t\t\t\t<\/div>","protected":false},"excerpt":{"rendered":"<p>W liturgiczne wspomnienie \u015bw. J\u00f3zefa, rzemie\u015blnika, kilka tysi\u0119cy pielgrzym\u00f3w w sanktuarium Matki Bo\u017cej Liche\u0144skiej, kt\u00f3rzy przyjechali z r\u00f3\u017cnych stron Polski, modlitw\u0105 ogarnia\u0142o ludzi pracuj\u0105cych. \u2013 Czas pracy mo\u017cemy wykorzysta\u0107, by wzrasta\u0107 do \u015bwi\u0119to\u015bci i stawa\u0107 si\u0119 lepszymi lud\u017ami \u2013 stwierdzi\u0142 w homilii ks. Janusz Kumala MIC, kustosz liche\u0144skiego sanktuarium, kt\u00f3ry przewodniczy\u0142 po\u0142udniowej Mszy \u015bw. w [&hellip;]<\/p>\n","protected":false},"author":6,"featured_media":52782,"comment_status":"closed","ping_status":"closed","sticky":false,"template":"","format":"standard","meta":{"footnotes":""},"categories":[1],"tags":[],"class_list":["post-52781","post","type-post","status-publish","format-standard","has-post-thumbnail","hentry","category-aktualnosci","wpbf-post"],"yoast_head":"<!-- This site is optimized with the Yoast SEO plugin v27.5 - https:\/\/yoast.com\/product\/yoast-seo-wordpress\/ -->\n<title>Praca to dar rozwoju duchowego - wspomnienie \u015bw. J\u00f3zefa, rzemie\u015blnika - SANKTUARIUM W LICHENIU<\/title>\n<meta name=\"robots\" content=\"index, follow, max-snippet:-1, max-image-preview:large, max-video-preview:-1\" \/>\n<link rel=\"canonical\" href=\"https:\/\/www.lichen.pl\/de\/praca-to-dar-rozwoju-duchowego-wspomnienie-sw-jozefa-rzemieslnika\/\" \/>\n<meta property=\"og:locale\" content=\"de_DE\" \/>\n<meta property=\"og:type\" content=\"article\" \/>\n<meta property=\"og:title\" content=\"Praca to dar rozwoju duchowego - wspomnienie \u015bw. J\u00f3zefa, rzemie\u015blnika - SANKTUARIUM W LICHENIU\" \/>\n<meta property=\"og:description\" content=\"W liturgiczne wspomnienie \u015bw. J\u00f3zefa, rzemie\u015blnika, kilka tysi\u0119cy pielgrzym\u00f3w w sanktuarium Matki Bo\u017cej Liche\u0144skiej, kt\u00f3rzy przyjechali z r\u00f3\u017cnych stron Polski, modlitw\u0105 ogarnia\u0142o ludzi pracuj\u0105cych. \u2013 Czas pracy mo\u017cemy wykorzysta\u0107, by wzrasta\u0107 do \u015bwi\u0119to\u015bci i stawa\u0107 si\u0119 lepszymi lud\u017ami \u2013 stwierdzi\u0142 w homilii ks. Janusz Kumala MIC, kustosz liche\u0144skiego sanktuarium, kt\u00f3ry przewodniczy\u0142 po\u0142udniowej Mszy \u015bw. w [&hellip;]\" \/>\n<meta property=\"og:url\" content=\"https:\/\/www.lichen.pl\/de\/praca-to-dar-rozwoju-duchowego-wspomnienie-sw-jozefa-rzemieslnika\/\" \/>\n<meta property=\"og:site_name\" content=\"SANKTUARIUM W LICHENIU\" \/>\n<meta property=\"article:published_time\" content=\"2023-05-01T19:57:35+00:00\" \/>\n<meta property=\"article:modified_time\" content=\"2023-05-01T20:22:27+00:00\" \/>\n<meta property=\"og:image\" content=\"https:\/\/www.lichen.pl\/wp-content\/uploads\/2023\/05\/IMG_1433.jpg\" \/>\n\t<meta property=\"og:image:width\" content=\"1600\" \/>\n\t<meta property=\"og:image:height\" content=\"1067\" \/>\n\t<meta property=\"og:image:type\" content=\"image\/jpeg\" \/>\n<meta name=\"author\" content=\"AMELIA SIUDA-KOSZELA\" \/>\n<meta name=\"twitter:card\" content=\"summary_large_image\" \/>\n<meta name=\"twitter:label1\" content=\"Verfasst von\" \/>\n\t<meta name=\"twitter:data1\" content=\"AMELIA SIUDA-KOSZELA\" \/>\n\t<meta name=\"twitter:label2\" content=\"Gesch\u00e4tzte Lesezeit\" \/>\n\t<meta name=\"twitter:data2\" content=\"3\u00a0Minuten\" \/>\n<script type=\"application\/ld+json\" class=\"yoast-schema-graph\">{\"@context\":\"https:\\\/\\\/schema.org\",\"@graph\":[{\"@type\":\"Article\",\"@id\":\"https:\\\/\\\/www.lichen.pl\\\/praca-to-dar-rozwoju-duchowego-wspomnienie-sw-jozefa-rzemieslnika\\\/#article\",\"isPartOf\":{\"@id\":\"https:\\\/\\\/www.lichen.pl\\\/praca-to-dar-rozwoju-duchowego-wspomnienie-sw-jozefa-rzemieslnika\\\/\"},\"author\":{\"name\":\"AMELIA SIUDA-KOSZELA\",\"@id\":\"https:\\\/\\\/www.lichen.pl\\\/fr\\\/#\\\/schema\\\/person\\\/70bf824c102f176cf976b0d90af0d62a\"},\"headline\":\"Praca to dar rozwoju duchowego &#8211; wspomnienie \u015bw. J\u00f3zefa, rzemie\u015blnika\",\"datePublished\":\"2023-05-01T19:57:35+00:00\",\"dateModified\":\"2023-05-01T20:22:27+00:00\",\"mainEntityOfPage\":{\"@id\":\"https:\\\/\\\/www.lichen.pl\\\/praca-to-dar-rozwoju-duchowego-wspomnienie-sw-jozefa-rzemieslnika\\\/\"},\"wordCount\":467,\"image\":{\"@id\":\"https:\\\/\\\/www.lichen.pl\\\/praca-to-dar-rozwoju-duchowego-wspomnienie-sw-jozefa-rzemieslnika\\\/#primaryimage\"},\"thumbnailUrl\":\"https:\\\/\\\/www.lichen.pl\\\/wp-content\\\/uploads\\\/2023\\\/05\\\/IMG_1433.jpg\",\"articleSection\":[\"Aktualno\u015bci\"],\"inLanguage\":\"de\"},{\"@type\":\"WebPage\",\"@id\":\"https:\\\/\\\/www.lichen.pl\\\/praca-to-dar-rozwoju-duchowego-wspomnienie-sw-jozefa-rzemieslnika\\\/\",\"url\":\"https:\\\/\\\/www.lichen.pl\\\/praca-to-dar-rozwoju-duchowego-wspomnienie-sw-jozefa-rzemieslnika\\\/\",\"name\":\"Praca to dar rozwoju duchowego - wspomnienie \u015bw. J\u00f3zefa, rzemie\u015blnika - SANKTUARIUM W LICHENIU\",\"isPartOf\":{\"@id\":\"https:\\\/\\\/www.lichen.pl\\\/fr\\\/#website\"},\"primaryImageOfPage\":{\"@id\":\"https:\\\/\\\/www.lichen.pl\\\/praca-to-dar-rozwoju-duchowego-wspomnienie-sw-jozefa-rzemieslnika\\\/#primaryimage\"},\"image\":{\"@id\":\"https:\\\/\\\/www.lichen.pl\\\/praca-to-dar-rozwoju-duchowego-wspomnienie-sw-jozefa-rzemieslnika\\\/#primaryimage\"},\"thumbnailUrl\":\"https:\\\/\\\/www.lichen.pl\\\/wp-content\\\/uploads\\\/2023\\\/05\\\/IMG_1433.jpg\",\"datePublished\":\"2023-05-01T19:57:35+00:00\",\"dateModified\":\"2023-05-01T20:22:27+00:00\",\"author\":{\"@id\":\"https:\\\/\\\/www.lichen.pl\\\/fr\\\/#\\\/schema\\\/person\\\/70bf824c102f176cf976b0d90af0d62a\"},\"breadcrumb\":{\"@id\":\"https:\\\/\\\/www.lichen.pl\\\/praca-to-dar-rozwoju-duchowego-wspomnienie-sw-jozefa-rzemieslnika\\\/#breadcrumb\"},\"inLanguage\":\"de\",\"potentialAction\":[{\"@type\":\"ReadAction\",\"target\":[\"https:\\\/\\\/www.lichen.pl\\\/praca-to-dar-rozwoju-duchowego-wspomnienie-sw-jozefa-rzemieslnika\\\/\"]}]},{\"@type\":\"ImageObject\",\"inLanguage\":\"de\",\"@id\":\"https:\\\/\\\/www.lichen.pl\\\/praca-to-dar-rozwoju-duchowego-wspomnienie-sw-jozefa-rzemieslnika\\\/#primaryimage\",\"url\":\"https:\\\/\\\/www.lichen.pl\\\/wp-content\\\/uploads\\\/2023\\\/05\\\/IMG_1433.jpg\",\"contentUrl\":\"https:\\\/\\\/www.lichen.pl\\\/wp-content\\\/uploads\\\/2023\\\/05\\\/IMG_1433.jpg\",\"width\":1600,\"height\":1067},{\"@type\":\"BreadcrumbList\",\"@id\":\"https:\\\/\\\/www.lichen.pl\\\/praca-to-dar-rozwoju-duchowego-wspomnienie-sw-jozefa-rzemieslnika\\\/#breadcrumb\",\"itemListElement\":[{\"@type\":\"ListItem\",\"position\":1,\"name\":\"Strona g\u0142\u00f3wna\",\"item\":\"https:\\\/\\\/www.lichen.pl\\\/\"},{\"@type\":\"ListItem\",\"position\":2,\"name\":\"Praca to dar rozwoju duchowego &#8211; wspomnienie \u015bw. J\u00f3zefa, rzemie\u015blnika\"}]},{\"@type\":\"WebSite\",\"@id\":\"https:\\\/\\\/www.lichen.pl\\\/fr\\\/#website\",\"url\":\"https:\\\/\\\/www.lichen.pl\\\/fr\\\/\",\"name\":\"SANKTUARIUM W LICHENIU\",\"description\":\"MATKI BO\u017bEJ LICHE\u0143SKIEJ BOLESNEJ KR\u00d3LOWEJ POLSKI\",\"potentialAction\":[{\"@type\":\"SearchAction\",\"target\":{\"@type\":\"EntryPoint\",\"urlTemplate\":\"https:\\\/\\\/www.lichen.pl\\\/fr\\\/?s={search_term_string}\"},\"query-input\":{\"@type\":\"PropertyValueSpecification\",\"valueRequired\":true,\"valueName\":\"search_term_string\"}}],\"inLanguage\":\"de\"},{\"@type\":\"Person\",\"@id\":\"https:\\\/\\\/www.lichen.pl\\\/fr\\\/#\\\/schema\\\/person\\\/70bf824c102f176cf976b0d90af0d62a\",\"name\":\"AMELIA SIUDA-KOSZELA\",\"image\":{\"@type\":\"ImageObject\",\"inLanguage\":\"de\",\"@id\":\"https:\\\/\\\/secure.gravatar.com\\\/avatar\\\/a0f9a92186ab02fb8db116f5388e3bc7280dd7bd01565c5d6b7ceb07ff27d6d9?s=96&d=retro&r=g\",\"url\":\"https:\\\/\\\/secure.gravatar.com\\\/avatar\\\/a0f9a92186ab02fb8db116f5388e3bc7280dd7bd01565c5d6b7ceb07ff27d6d9?s=96&d=retro&r=g\",\"contentUrl\":\"https:\\\/\\\/secure.gravatar.com\\\/avatar\\\/a0f9a92186ab02fb8db116f5388e3bc7280dd7bd01565c5d6b7ceb07ff27d6d9?s=96&d=retro&r=g\",\"caption\":\"AMELIA SIUDA-KOSZELA\"},\"url\":\"https:\\\/\\\/www.lichen.pl\\\/de\\\/author\\\/amelia\\\/\"}]}<\/script>\n<!-- \/ Yoast SEO plugin. -->","yoast_head_json":{"title":"Praca to dar rozwoju duchowego - wspomnienie \u015bw. J\u00f3zefa, rzemie\u015blnika - SANKTUARIUM W LICHENIU","robots":{"index":"index","follow":"follow","max-snippet":"max-snippet:-1","max-image-preview":"max-image-preview:large","max-video-preview":"max-video-preview:-1"},"canonical":"https:\/\/www.lichen.pl\/de\/praca-to-dar-rozwoju-duchowego-wspomnienie-sw-jozefa-rzemieslnika\/","og_locale":"de_DE","og_type":"article","og_title":"Praca to dar rozwoju duchowego - wspomnienie \u015bw. J\u00f3zefa, rzemie\u015blnika - SANKTUARIUM W LICHENIU","og_description":"W liturgiczne wspomnienie \u015bw. J\u00f3zefa, rzemie\u015blnika, kilka tysi\u0119cy pielgrzym\u00f3w w sanktuarium Matki Bo\u017cej Liche\u0144skiej, kt\u00f3rzy przyjechali z r\u00f3\u017cnych stron Polski, modlitw\u0105 ogarnia\u0142o ludzi pracuj\u0105cych. \u2013 Czas pracy mo\u017cemy wykorzysta\u0107, by wzrasta\u0107 do \u015bwi\u0119to\u015bci i stawa\u0107 si\u0119 lepszymi lud\u017ami \u2013 stwierdzi\u0142 w homilii ks. Janusz Kumala MIC, kustosz liche\u0144skiego sanktuarium, kt\u00f3ry przewodniczy\u0142 po\u0142udniowej Mszy \u015bw. w [&hellip;]","og_url":"https:\/\/www.lichen.pl\/de\/praca-to-dar-rozwoju-duchowego-wspomnienie-sw-jozefa-rzemieslnika\/","og_site_name":"SANKTUARIUM W LICHENIU","article_published_time":"2023-05-01T19:57:35+00:00","article_modified_time":"2023-05-01T20:22:27+00:00","og_image":[{"width":1600,"height":1067,"url":"https:\/\/www.lichen.pl\/wp-content\/uploads\/2023\/05\/IMG_1433.jpg","type":"image\/jpeg"}],"author":"AMELIA SIUDA-KOSZELA","twitter_card":"summary_large_image","twitter_misc":{"Verfasst von":"AMELIA SIUDA-KOSZELA","Gesch\u00e4tzte Lesezeit":"3\u00a0Minuten"},"schema":{"@context":"https:\/\/schema.org","@graph":[{"@type":"Article","@id":"https:\/\/www.lichen.pl\/praca-to-dar-rozwoju-duchowego-wspomnienie-sw-jozefa-rzemieslnika\/#article","isPartOf":{"@id":"https:\/\/www.lichen.pl\/praca-to-dar-rozwoju-duchowego-wspomnienie-sw-jozefa-rzemieslnika\/"},"author":{"name":"AMELIA SIUDA-KOSZELA","@id":"https:\/\/www.lichen.pl\/fr\/#\/schema\/person\/70bf824c102f176cf976b0d90af0d62a"},"headline":"Praca to dar rozwoju duchowego &#8211; wspomnienie \u015bw. J\u00f3zefa, rzemie\u015blnika","datePublished":"2023-05-01T19:57:35+00:00","dateModified":"2023-05-01T20:22:27+00:00","mainEntityOfPage":{"@id":"https:\/\/www.lichen.pl\/praca-to-dar-rozwoju-duchowego-wspomnienie-sw-jozefa-rzemieslnika\/"},"wordCount":467,"image":{"@id":"https:\/\/www.lichen.pl\/praca-to-dar-rozwoju-duchowego-wspomnienie-sw-jozefa-rzemieslnika\/#primaryimage"},"thumbnailUrl":"https:\/\/www.lichen.pl\/wp-content\/uploads\/2023\/05\/IMG_1433.jpg","articleSection":["Aktualno\u015bci"],"inLanguage":"de"},{"@type":"WebPage","@id":"https:\/\/www.lichen.pl\/praca-to-dar-rozwoju-duchowego-wspomnienie-sw-jozefa-rzemieslnika\/","url":"https:\/\/www.lichen.pl\/praca-to-dar-rozwoju-duchowego-wspomnienie-sw-jozefa-rzemieslnika\/","name":"Praca to dar rozwoju duchowego - wspomnienie \u015bw. J\u00f3zefa, rzemie\u015blnika - SANKTUARIUM W LICHENIU","isPartOf":{"@id":"https:\/\/www.lichen.pl\/fr\/#website"},"primaryImageOfPage":{"@id":"https:\/\/www.lichen.pl\/praca-to-dar-rozwoju-duchowego-wspomnienie-sw-jozefa-rzemieslnika\/#primaryimage"},"image":{"@id":"https:\/\/www.lichen.pl\/praca-to-dar-rozwoju-duchowego-wspomnienie-sw-jozefa-rzemieslnika\/#primaryimage"},"thumbnailUrl":"https:\/\/www.lichen.pl\/wp-content\/uploads\/2023\/05\/IMG_1433.jpg","datePublished":"2023-05-01T19:57:35+00:00","dateModified":"2023-05-01T20:22:27+00:00","author":{"@id":"https:\/\/www.lichen.pl\/fr\/#\/schema\/person\/70bf824c102f176cf976b0d90af0d62a"},"breadcrumb":{"@id":"https:\/\/www.lichen.pl\/praca-to-dar-rozwoju-duchowego-wspomnienie-sw-jozefa-rzemieslnika\/#breadcrumb"},"inLanguage":"de","potentialAction":[{"@type":"ReadAction","target":["https:\/\/www.lichen.pl\/praca-to-dar-rozwoju-duchowego-wspomnienie-sw-jozefa-rzemieslnika\/"]}]},{"@type":"ImageObject","inLanguage":"de","@id":"https:\/\/www.lichen.pl\/praca-to-dar-rozwoju-duchowego-wspomnienie-sw-jozefa-rzemieslnika\/#primaryimage","url":"https:\/\/www.lichen.pl\/wp-content\/uploads\/2023\/05\/IMG_1433.jpg","contentUrl":"https:\/\/www.lichen.pl\/wp-content\/uploads\/2023\/05\/IMG_1433.jpg","width":1600,"height":1067},{"@type":"BreadcrumbList","@id":"https:\/\/www.lichen.pl\/praca-to-dar-rozwoju-duchowego-wspomnienie-sw-jozefa-rzemieslnika\/#breadcrumb","itemListElement":[{"@type":"ListItem","position":1,"name":"Strona g\u0142\u00f3wna","item":"https:\/\/www.lichen.pl\/"},{"@type":"ListItem","position":2,"name":"Praca to dar rozwoju duchowego &#8211; wspomnienie \u015bw. J\u00f3zefa, rzemie\u015blnika"}]},{"@type":"WebSite","@id":"https:\/\/www.lichen.pl\/fr\/#website","url":"https:\/\/www.lichen.pl\/fr\/","name":"HEILIGTUM IN LICHENIEN","description":"DIE TRAURIGE K\u00d6NIGIN UNSERER FLECHEN VON POLEN","potentialAction":[{"@type":"SearchAction","target":{"@type":"EntryPoint","urlTemplate":"https:\/\/www.lichen.pl\/fr\/?s={search_term_string}"},"query-input":{"@type":"PropertyValueSpecification","valueRequired":true,"valueName":"search_term_string"}}],"inLanguage":"de"},{"@type":"Person","@id":"https:\/\/www.lichen.pl\/fr\/#\/schema\/person\/70bf824c102f176cf976b0d90af0d62a","name":"AMELIA SIUDA-KOSZELA","image":{"@type":"ImageObject","inLanguage":"de","@id":"https:\/\/secure.gravatar.com\/avatar\/a0f9a92186ab02fb8db116f5388e3bc7280dd7bd01565c5d6b7ceb07ff27d6d9?s=96&d=retro&r=g","url":"https:\/\/secure.gravatar.com\/avatar\/a0f9a92186ab02fb8db116f5388e3bc7280dd7bd01565c5d6b7ceb07ff27d6d9?s=96&d=retro&r=g","contentUrl":"https:\/\/secure.gravatar.com\/avatar\/a0f9a92186ab02fb8db116f5388e3bc7280dd7bd01565c5d6b7ceb07ff27d6d9?s=96&d=retro&r=g","caption":"AMELIA SIUDA-KOSZELA"},"url":"https:\/\/www.lichen.pl\/de\/author\/amelia\/"}]}},"_links":{"self":[{"href":"https:\/\/www.lichen.pl\/de\/wp-json\/wp\/v2\/posts\/52781","targetHints":{"allow":["GET"]}}],"collection":[{"href":"https:\/\/www.lichen.pl\/de\/wp-json\/wp\/v2\/posts"}],"about":[{"href":"https:\/\/www.lichen.pl\/de\/wp-json\/wp\/v2\/types\/post"}],"author":[{"embeddable":true,"href":"https:\/\/www.lichen.pl\/de\/wp-json\/wp\/v2\/users\/6"}],"replies":[{"embeddable":true,"href":"https:\/\/www.lichen.pl\/de\/wp-json\/wp\/v2\/comments?post=52781"}],"version-history":[{"count":4,"href":"https:\/\/www.lichen.pl\/de\/wp-json\/wp\/v2\/posts\/52781\/revisions"}],"predecessor-version":[{"id":52786,"href":"https:\/\/www.lichen.pl\/de\/wp-json\/wp\/v2\/posts\/52781\/revisions\/52786"}],"wp:featuredmedia":[{"embeddable":true,"href":"https:\/\/www.lichen.pl\/de\/wp-json\/wp\/v2\/media\/52782"}],"wp:attachment":[{"href":"https:\/\/www.lichen.pl\/de\/wp-json\/wp\/v2\/media?parent=52781"}],"wp:term":[{"taxonomy":"category","embeddable":true,"href":"https:\/\/www.lichen.pl\/de\/wp-json\/wp\/v2\/categories?post=52781"},{"taxonomy":"post_tag","embeddable":true,"href":"https:\/\/www.lichen.pl\/de\/wp-json\/wp\/v2\/tags?post=52781"}],"curies":[{"name":"wp","href":"https:\/\/api.w.org\/{rel}","templated":true}]}}