{"id":53163,"date":"2023-05-20T06:40:19","date_gmt":"2023-05-20T04:40:19","guid":{"rendered":"https:\/\/www.lichen.pl\/4-wlkp-pielgrzymka-rowerowa-copy\/"},"modified":"2023-05-20T23:03:47","modified_gmt":"2023-05-20T21:03:47","slug":"13-konwencja-rycerzy-kolumba","status":"publish","type":"post","link":"https:\/\/www.lichen.pl\/de\/13-konwencja-rycerzy-kolumba\/","title":{"rendered":"XIII Konwencja Stanowa Rycerzy Kolumba w Polsce"},"content":{"rendered":"<div data-elementor-type=\"wp-post\" data-elementor-id=\"53163\" class=\"elementor elementor-53163\" data-elementor-post-type=\"post\">\n\t\t\t\t\t\t<section class=\"elementor-section elementor-top-section elementor-element elementor-element-a482be5 elementor-section-boxed elementor-section-height-default elementor-section-height-default\" data-id=\"a482be5\" data-element_type=\"section\" data-e-type=\"section\">\n\t\t\t\t\t\t<div class=\"elementor-container elementor-column-gap-default\">\n\t\t\t\t\t<div class=\"elementor-column elementor-col-100 elementor-top-column elementor-element elementor-element-d07a658\" data-id=\"d07a658\" data-element_type=\"column\" data-e-type=\"column\">\n\t\t\t<div class=\"elementor-widget-wrap elementor-element-populated\">\n\t\t\t\t\t\t<div class=\"elementor-element elementor-element-560b426 elementor-widget elementor-widget-text-editor\" data-id=\"560b426\" data-element_type=\"widget\" data-e-type=\"widget\" data-widget_type=\"text-editor.default\">\n\t\t\t\t<div class=\"elementor-widget-container\">\n\t\t\t\t\t\t\t\t\t<p><strong>Okazj\u0105 do wsp\u00f3lnej modlitwy, podsumowania dzia\u0142alno\u015bci oraz wymiany do\u015bwiadcze\u0144 w realizowaniu misji swojego za\u0142o\u017cyciela, b\u0142. ks. McGivneya by\u0142a XIII Stanowa Konwencja Rycerzy Kolumba w Polsce. \u201eJezus Chrystus jest t\u0105 zasadnicz\u0105 drog\u0105 Ko\u015bcio\u0142a. On sam jest nasz\u0105 drog\u0105 do domu Ojca\u201d \u2013 to s\u0142owa zaczerpni\u0119te z pierwszej encykliki \u015bw. Jana Paw\u0142a II \u201eRedemptor hominis\u201d to has\u0142o wydarzenia, kt\u00f3re odby\u0142o si\u0119 w Sanktuarium Matki Bo\u017cej Liche\u0144skiej w dniach 19-20 maja 2023 roku. Podczas dorocznego spotkania kilkuset Delegat\u00f3w podsumowano ostatni rok dzia\u0142alno\u015bci oraz wyznaczono nowe cele na kolejny okres czasu.<\/strong><\/p>\t\t\t\t\t\t\t\t<\/div>\n\t\t\t\t<\/div>\n\t\t\t\t<section class=\"elementor-section elementor-inner-section elementor-element elementor-element-af56cd9 elementor-section-boxed elementor-section-height-default elementor-section-height-default\" data-id=\"af56cd9\" data-element_type=\"section\" data-e-type=\"section\">\n\t\t\t\t\t\t<div class=\"elementor-container elementor-column-gap-default\">\n\t\t\t\t\t<div class=\"elementor-column elementor-col-50 elementor-inner-column elementor-element elementor-element-6b30530\" data-id=\"6b30530\" data-element_type=\"column\" data-e-type=\"column\">\n\t\t\t<div class=\"elementor-widget-wrap elementor-element-populated\">\n\t\t\t\t\t\t<div class=\"elementor-element elementor-element-aae7a86 elementor-widget elementor-widget-image\" data-id=\"aae7a86\" data-element_type=\"widget\" data-e-type=\"widget\" data-widget_type=\"image.default\">\n\t\t\t\t<div class=\"elementor-widget-container\">\n\t\t\t\t\t\t\t\t\t\t\t\t\t\t\t<img fetchpriority=\"high\" decoding=\"async\" width=\"1024\" height=\"683\" src=\"https:\/\/www.lichen.pl\/wp-content\/uploads\/2023\/05\/IMG_7396-1024x683.jpg\" class=\"attachment-large size-large wp-image-53243\" alt=\"\" srcset=\"https:\/\/www.lichen.pl\/wp-content\/uploads\/2023\/05\/IMG_7396-1024x683.jpg 1024w, https:\/\/www.lichen.pl\/wp-content\/uploads\/2023\/05\/IMG_7396-800x533.jpg 800w, https:\/\/www.lichen.pl\/wp-content\/uploads\/2023\/05\/IMG_7396-300x200.jpg 300w, https:\/\/www.lichen.pl\/wp-content\/uploads\/2023\/05\/IMG_7396-768x512.jpg 768w, https:\/\/www.lichen.pl\/wp-content\/uploads\/2023\/05\/IMG_7396-1536x1024.jpg 1536w, https:\/\/www.lichen.pl\/wp-content\/uploads\/2023\/05\/IMG_7396-2048x1365.jpg 2048w, https:\/\/www.lichen.pl\/wp-content\/uploads\/2023\/05\/IMG_7396-18x12.jpg 18w, https:\/\/www.lichen.pl\/wp-content\/uploads\/2023\/05\/IMG_7396.jpg 1920w\" sizes=\"(max-width: 1024px) 100vw, 1024px\" \/>\t\t\t\t\t\t\t\t\t\t\t\t\t\t\t<\/div>\n\t\t\t\t<\/div>\n\t\t\t\t\t<\/div>\n\t\t<\/div>\n\t\t\t\t<div class=\"elementor-column elementor-col-50 elementor-inner-column elementor-element elementor-element-6729c1a\" data-id=\"6729c1a\" data-element_type=\"column\" data-e-type=\"column\">\n\t\t\t<div class=\"elementor-widget-wrap elementor-element-populated\">\n\t\t\t\t\t\t<div class=\"elementor-element elementor-element-bf01789 elementor-widget elementor-widget-text-editor\" data-id=\"bf01789\" data-element_type=\"widget\" data-e-type=\"widget\" data-widget_type=\"text-editor.default\">\n\t\t\t\t<div class=\"elementor-widget-container\">\n\t\t\t\t\t\t\t\t\t<p>Konwencj\u0119 rozpocz\u0119\u0142a uroczysta Msza \u015awi\u0119ta w bazylice liche\u0144skiej, kt\u00f3rej przewodniczy\u0142 abp Mieczys\u0142aw Mokrzycki, metropolita lwowski. Liturgi\u0119 koncelebrowali bp Jan Piotrowki, biskup kielecki, bp S\u0142awomir Oder, biskup gliwicki, bp Janusz Mastalski, biskup pomocniczy archidiecezji krakowskiej, bp \u0141ukasz Buzun, biskup pomocniczy diecezji kaliskiej, ks. Zbigniew Kras, kapelan Prezydenta RP oraz kilkudziesi\u0119ciu ksi\u0119\u017cy i kapelan\u00f3w Rad Lokalnych Rycerzy Kolumba. Obecni byli tak\u017ce by\u0142y Najwy\u017cszy Rycerz Rycerzy Kolumba Carl Anderson wraz z ma\u0142\u017conk\u0105 Dorian, delegat stanowy Rycerzy Kolumba w Polsce, Krzysztof Zuba oraz kilkuset Rycerzy Kolumba przyby\u0142ych wraz z ma\u0142\u017conkami. Z uczestnikami podczas mszy modli\u0142 si\u0119 kwartet wokalny pod dyrekcj\u0105 Marcina Wasilewskiego-Kruka.<\/p>\t\t\t\t\t\t\t\t<\/div>\n\t\t\t\t<\/div>\n\t\t\t\t\t<\/div>\n\t\t<\/div>\n\t\t\t\t\t<\/div>\n\t\t<\/section>\n\t\t\t\t<div class=\"elementor-element elementor-element-7ccdcaa elementor-widget elementor-widget-text-editor\" data-id=\"7ccdcaa\" data-element_type=\"widget\" data-e-type=\"widget\" data-widget_type=\"text-editor.default\">\n\t\t\t\t<div class=\"elementor-widget-container\">\n\t\t\t\t\t\t\t\t\t<p>Na pocz\u0105tku liturgii w uroczystej procesji wprowadzono relikwie oraz portrety \u015bw. Faustyny, \u015bw. Jana Paw\u0142a II, \u015b\u015b. Zelli i Ludwika Martin oraz b\u0142. ks. Michaela McGivneya, za\u0142o\u017cyciela Rycerzy Kolumba.<\/p><p>\u2013 Niech obecno\u015b\u0107 u Matki Bo\u017cej Liche\u0144skiej, Bolesnej Kr\u00f3lowej Polski b\u0119dzie dla ka\u017cdego z was jak obecno\u015b\u0107 u Matki, kt\u00f3ra nas zawsze prowadzi do Syna, Jezusa Chrystusa. Niech to b\u0119dzie czas b\u0142ogos\u0142awiony, kt\u00f3ry da owoc w postaci blisko\u015bci naszych serc i spotkania z Bogiem w duchu Maryi. Ona, jako pierwsza chrze\u015bcijanka zaprasza nas do drogi. Ca\u0142e nasze \u017cycie jest pielgrzymowaniem \u2013 powita\u0142 zgromadzonych ks. Bogus\u0142aw Binda MIC, prze\u0142o\u017cony liche\u0144skiej wsp\u00f3lnoty zakonnej ksi\u0119\u017cy i braci marian\u00f3w.<\/p>\t\t\t\t\t\t\t\t<\/div>\n\t\t\t\t<\/div>\n\t\t\t\t<section class=\"elementor-section elementor-inner-section elementor-element elementor-element-9ed59fd elementor-section-boxed elementor-section-height-default elementor-section-height-default\" data-id=\"9ed59fd\" data-element_type=\"section\" data-e-type=\"section\">\n\t\t\t\t\t\t<div class=\"elementor-container elementor-column-gap-default\">\n\t\t\t\t\t<div class=\"elementor-column elementor-col-50 elementor-inner-column elementor-element elementor-element-9436c59\" data-id=\"9436c59\" data-element_type=\"column\" data-e-type=\"column\">\n\t\t\t<div class=\"elementor-widget-wrap elementor-element-populated\">\n\t\t\t\t\t\t<div class=\"elementor-element elementor-element-2e27984 elementor-widget elementor-widget-image\" data-id=\"2e27984\" data-element_type=\"widget\" data-e-type=\"widget\" data-widget_type=\"image.default\">\n\t\t\t\t<div class=\"elementor-widget-container\">\n\t\t\t\t\t\t\t\t\t\t\t\t\t\t\t<img decoding=\"async\" width=\"1024\" height=\"683\" src=\"https:\/\/www.lichen.pl\/wp-content\/uploads\/2023\/05\/IMG_7382-1024x683.jpg\" class=\"attachment-large size-large wp-image-53245\" alt=\"\" srcset=\"https:\/\/www.lichen.pl\/wp-content\/uploads\/2023\/05\/IMG_7382-1024x683.jpg 1024w, https:\/\/www.lichen.pl\/wp-content\/uploads\/2023\/05\/IMG_7382-800x533.jpg 800w, https:\/\/www.lichen.pl\/wp-content\/uploads\/2023\/05\/IMG_7382-300x200.jpg 300w, https:\/\/www.lichen.pl\/wp-content\/uploads\/2023\/05\/IMG_7382-768x512.jpg 768w, https:\/\/www.lichen.pl\/wp-content\/uploads\/2023\/05\/IMG_7382-1536x1024.jpg 1536w, https:\/\/www.lichen.pl\/wp-content\/uploads\/2023\/05\/IMG_7382-2048x1365.jpg 2048w, https:\/\/www.lichen.pl\/wp-content\/uploads\/2023\/05\/IMG_7382-18x12.jpg 18w, https:\/\/www.lichen.pl\/wp-content\/uploads\/2023\/05\/IMG_7382.jpg 1920w\" sizes=\"(max-width: 1024px) 100vw, 1024px\" \/>\t\t\t\t\t\t\t\t\t\t\t\t\t\t\t<\/div>\n\t\t\t\t<\/div>\n\t\t\t\t<div class=\"elementor-element elementor-element-43db479 elementor-widget elementor-widget-image\" data-id=\"43db479\" data-element_type=\"widget\" data-e-type=\"widget\" data-widget_type=\"image.default\">\n\t\t\t\t<div class=\"elementor-widget-container\">\n\t\t\t\t\t\t\t\t\t\t\t\t\t\t\t<img decoding=\"async\" width=\"683\" height=\"1024\" src=\"https:\/\/www.lichen.pl\/wp-content\/uploads\/2023\/05\/IMG_7462-1-683x1024.jpg\" class=\"attachment-large size-large wp-image-53246\" alt=\"\" srcset=\"https:\/\/www.lichen.pl\/wp-content\/uploads\/2023\/05\/IMG_7462-1-683x1024.jpg 683w, https:\/\/www.lichen.pl\/wp-content\/uploads\/2023\/05\/IMG_7462-1-800x1200.jpg 800w, https:\/\/www.lichen.pl\/wp-content\/uploads\/2023\/05\/IMG_7462-1-200x300.jpg 200w, https:\/\/www.lichen.pl\/wp-content\/uploads\/2023\/05\/IMG_7462-1-768x1152.jpg 768w, https:\/\/www.lichen.pl\/wp-content\/uploads\/2023\/05\/IMG_7462-1-1024x1536.jpg 1024w, https:\/\/www.lichen.pl\/wp-content\/uploads\/2023\/05\/IMG_7462-1-1365x2048.jpg 1365w, https:\/\/www.lichen.pl\/wp-content\/uploads\/2023\/05\/IMG_7462-1-8x12.jpg 8w, https:\/\/www.lichen.pl\/wp-content\/uploads\/2023\/05\/IMG_7462-1.jpg 853w\" sizes=\"(max-width: 683px) 100vw, 683px\" \/>\t\t\t\t\t\t\t\t\t\t\t\t\t\t\t<\/div>\n\t\t\t\t<\/div>\n\t\t\t\t\t<\/div>\n\t\t<\/div>\n\t\t\t\t<div class=\"elementor-column elementor-col-50 elementor-inner-column elementor-element elementor-element-54877bd\" data-id=\"54877bd\" data-element_type=\"column\" data-e-type=\"column\">\n\t\t\t<div class=\"elementor-widget-wrap elementor-element-populated\">\n\t\t\t\t\t\t<div class=\"elementor-element elementor-element-bdc6398 elementor-widget elementor-widget-text-editor\" data-id=\"bdc6398\" data-element_type=\"widget\" data-e-type=\"widget\" data-widget_type=\"text-editor.default\">\n\t\t\t\t<div class=\"elementor-widget-container\">\n\t\t\t\t\t\t\t\t\t<p>\u2013 Jeste\u015bmy tu po to, aby powiedzie\u0107, jeste\u015bmy do dyspozycji, bo mamy wspania\u0142ego or\u0119downika, naszego za\u0142o\u017cyciela, Or\u0119downiczk\u0119, Matk\u0119 Bo\u017c\u0105 i Jezusa, kt\u00f3ry nas prowadzi \u2013 m\u00f3wi\u0142 w homilii bp Janusz Mastalski nale\u017c\u0105cy do \u0142agiewnickiej Rady 17667 im. b\u0142. ks. Micha\u0142a Sopo\u0107ki.<\/p><p>Hierarcha w swojej homilii nawo\u0142ywa\u0142 do rado\u015bci \u2013 B\u00f3g jest \u0179r\u00f3d\u0142em rado\u015bci, zadowolenia w do\u015bwiadczeniach i pr\u00f3bach. Rado\u015b\u0107 b\u0119dzie pe\u0142n\u0105 od pierwszego spotkania ze Zmartwychwsta\u0142ym Jezusem. Musimy st\u0105d wyjecha\u0107 z jeszcze wi\u0119ksz\u0105 wiar\u0105, nadziej\u0105 i mi\u0142o\u015bci\u0105. Wsp\u00f3\u0142czesny cz\u0142owiek potrzebuje wzmocnienia. Czy mo\u017cna sobie wyobrazi\u0107 Rycerza Kolumba jako cz\u0142owieka smutnego, za\u0142amanego? \u2013 pyta\u0142 ksi\u0105dz biskup. Mo\u017cna, ale gdy nie p\u00f3jdzie \u015bladami Jezusa, Matki Naj\u015bwi\u0119tszej, b\u0142. McGivney\u2019a.<\/p><p>Jako \u201ekropl\u00f3wk\u0119\u201d na obecne czasy bp. Mastalski poda\u0142 cztery niezb\u0119dne \u017cyciowe sk\u0142adniki: kochanie rado\u015bci \u017cycia, szacunek dla \u017cycia i bycie jego or\u0119downikiem, pomoc dla \u017cycia wyra\u017caj\u0105ca si\u0119 we wra\u017cliwo\u015bci na potrzeby innych, ofiarno\u015bci i s\u0142u\u017cbie oraz troska o \u017cycie duchowe (\u015bwiadectwo, budowanie si\u0119 wsp\u00f3lnot\u0105).<\/p><p>\u2013 Realizacja siebie, to rado\u015b\u0107 z bycia na swoim miejscu. Jak\u017ce nie zazdro\u015bci\u0107 wam, \u017ce znale\u017ali\u015bcie cel. Wiecie, jak\u0105 drog\u0105 i\u015b\u0107. To odpowiedzialno\u015b\u0107 za innych, jednoznaczno\u015b\u0107. \u015awiat potrzebuje takich ludzi. Mo\u017ce nie jeste\u015bmy \u015bwi\u0119ci, mo\u017ce nam nie wychodzi modlitwa, ale zmierzamy do \u015bwi\u0119to\u015bci \u2013 wyja\u015bnia\u0142 duchowny. Przypomnia\u0142 tak\u017ce ogromne zaanga\u017cowanie Rycerzy Kolumba w pomoc podczas dramatycznych chwil na Ukrainie (Rycerze Kolumba w Polsce przygotowali i wys\u0142ali ponad 200 000 paczek na Ukrain\u0119). \u2013 Wra\u017cliwo\u015b\u0107 le\u017cy u podstaw rycersko\u015bci. Uchod\u017acy potrzebuj\u0105 nie tylko mieszkania, jedzenia, ale te\u017c, by kto\u015b by\u0142 z nimi, by wys\u0142ucha\u0142.<\/p><p>Ks. bp Mastalski zach\u0119ca\u0142, by uczestnicy XIII Konwencji Stanowej nigdy nie zrezygnowali z idea\u0142\u00f3w, jakimi \u017cyj\u0105 oraz byli lud\u017ami, kt\u00f3rzy afirmuj\u0105 \u017cycie i kt\u00f3rym dobrze jest ze sob\u0105.<\/p><p>Po Mszy \u015awi\u0119tej wyr\u00f3\u017cniono i nagrodzono najlepsze dzie\u0142a rycerskie, Rodzin\u0119 Roku, a tak\u017ce wybrano cz\u0142onk\u00f3w Rady Stanowej (krajowego \u201ezarz\u0105du\u201d Rycerzy) na nast\u0119pny rok formacyjny.<\/p>\t\t\t\t\t\t\t\t<\/div>\n\t\t\t\t<\/div>\n\t\t\t\t\t<\/div>\n\t\t<\/div>\n\t\t\t\t\t<\/div>\n\t\t<\/section>\n\t\t\t\t<section class=\"elementor-section elementor-inner-section elementor-element elementor-element-458995e elementor-section-boxed elementor-section-height-default elementor-section-height-default\" data-id=\"458995e\" data-element_type=\"section\" data-e-type=\"section\">\n\t\t\t\t\t\t<div class=\"elementor-container elementor-column-gap-default\">\n\t\t\t\t\t<div class=\"elementor-column elementor-col-50 elementor-inner-column elementor-element elementor-element-80761f8\" data-id=\"80761f8\" data-element_type=\"column\" data-e-type=\"column\">\n\t\t\t<div class=\"elementor-widget-wrap elementor-element-populated\">\n\t\t\t\t\t\t<div class=\"elementor-element elementor-element-53adcbc elementor-widget elementor-widget-text-editor\" data-id=\"53adcbc\" data-element_type=\"widget\" data-e-type=\"widget\" data-widget_type=\"text-editor.default\">\n\t\t\t\t<div class=\"elementor-widget-container\">\n\t\t\t\t\t\t\t\t\t<p>\u2013 Podczas tegorocznej Konwencji raz jeszcze chcemy, za \u015bw. Janem Paw\u0142em II, przypomnie\u0107, \u017ce nasz\u0105 zasadnicz\u0105 Drog\u0105 w codziennym \u017cyciu musi by\u0107 Jezus Chrystus, to na Nim musimy budowa\u0107 nasze rodziny, nasz\u0105 wsp\u00f3lnot\u0119 i ca\u0142e spo\u0142ecze\u0144stwo. Musimy przypomina\u0107 t\u0119 prawd\u0119 zw\u0142aszcza m\u0142odym, by nie dali si\u0119 zwie\u015b\u0107 i budowali na jedynym mocnym fundamencie \u2013 wyja\u015bnia\u0142 Krzysztof Zuba, Delegat Stanowy Rycerzy Kolumba w Polsce.<\/p><p>Marek Zi\u0119tek, Sekretarz Stanowy podkre\u015bla\u0142, jak wa\u017cnym wydarzeniem dla zakonu jest XIII Konwencja Stanowa, kt\u00f3ra odbywa si\u0119 w okresie popandemicznym, w trakcie wojny na Ukrainie, w czasie bezpardonowych atak\u00f3w na nasze warto\u015bci i autorytety.\u00a0<\/p>\t\t\t\t\t\t\t\t<\/div>\n\t\t\t\t<\/div>\n\t\t\t\t\t<\/div>\n\t\t<\/div>\n\t\t\t\t<div class=\"elementor-column elementor-col-50 elementor-inner-column elementor-element elementor-element-c312426\" data-id=\"c312426\" data-element_type=\"column\" data-e-type=\"column\">\n\t\t\t<div class=\"elementor-widget-wrap elementor-element-populated\">\n\t\t\t\t\t\t<div class=\"elementor-element elementor-element-701bbb6 elementor-widget elementor-widget-image\" data-id=\"701bbb6\" data-element_type=\"widget\" data-e-type=\"widget\" data-widget_type=\"image.default\">\n\t\t\t\t<div class=\"elementor-widget-container\">\n\t\t\t\t\t\t\t\t\t\t\t\t\t\t\t<img loading=\"lazy\" decoding=\"async\" width=\"1024\" height=\"683\" src=\"https:\/\/www.lichen.pl\/wp-content\/uploads\/2023\/05\/IMG_7474-1024x683.jpg\" class=\"attachment-large size-large wp-image-53247\" alt=\"\" srcset=\"https:\/\/www.lichen.pl\/wp-content\/uploads\/2023\/05\/IMG_7474-1024x683.jpg 1024w, https:\/\/www.lichen.pl\/wp-content\/uploads\/2023\/05\/IMG_7474-800x533.jpg 800w, https:\/\/www.lichen.pl\/wp-content\/uploads\/2023\/05\/IMG_7474-300x200.jpg 300w, https:\/\/www.lichen.pl\/wp-content\/uploads\/2023\/05\/IMG_7474-768x512.jpg 768w, https:\/\/www.lichen.pl\/wp-content\/uploads\/2023\/05\/IMG_7474-1536x1024.jpg 1536w, https:\/\/www.lichen.pl\/wp-content\/uploads\/2023\/05\/IMG_7474-2048x1365.jpg 2048w, https:\/\/www.lichen.pl\/wp-content\/uploads\/2023\/05\/IMG_7474-18x12.jpg 18w, https:\/\/www.lichen.pl\/wp-content\/uploads\/2023\/05\/IMG_7474.jpg 1920w\" sizes=\"(max-width: 1024px) 100vw, 1024px\" \/>\t\t\t\t\t\t\t\t\t\t\t\t\t\t\t<\/div>\n\t\t\t\t<\/div>\n\t\t\t\t\t<\/div>\n\t\t<\/div>\n\t\t\t\t\t<\/div>\n\t\t<\/section>\n\t\t\t\t<div class=\"elementor-element elementor-element-0fbf8a7 elementor-widget elementor-widget-text-editor\" data-id=\"0fbf8a7\" data-element_type=\"widget\" data-e-type=\"widget\" data-widget_type=\"text-editor.default\">\n\t\t\t\t<div class=\"elementor-widget-container\">\n\t\t\t\t\t\t\t\t\t<p>\u2013 Rycerze Kolumba, jako najwi\u0119ksza m\u0119ska wsp\u00f3lnota katolicka, maj\u0105 szczeg\u00f3lne zadanie do wykonania. To zadanie codziennego \u015bwiadectwa \u017cycia z Chrystusem, co wyra\u017ca si\u0119 zar\u00f3wno poprzez modlitw\u0119, jak i dzie\u0142a mi\u0142osierdzia, a szczeg\u00f3lnie poprzez niesienie pomocy najs\u0142abszym, zar\u00f3wno tym bezpo\u015brednio dotkni\u0119tym okrucie\u0144stwem wojny, jak i tym \u017cyj\u0105cym obok nas, w naszych parafiach \u2013\u00a0 m\u00f3wi\u0142 Zi\u0119tek.<\/p><p>Rycerze Kolumba to najwi\u0119ksza na \u015bwiecie organizacja katolickich m\u0119\u017cczyzn \u2013 w swoich szeregach gromadz\u0105 ponad 2 miliony cz\u0142onk\u00f3w. W Polsce obecni s\u0105 od 17 lat i licz\u0105 ponad 7 tysi\u0119cy cz\u0142onk\u00f3w dzia\u0142aj\u0105cych w blisko 300 parafiach na terenie 33 diecezji. B\u0142. ks. Michael McGivney w 1882 r. w New Haven w Stanach Zjednoczonych zgromadzi\u0142 grup\u0119 m\u0119\u017cczyzn pragn\u0105cych wspiera\u0107 si\u0119 wzajemnie i formowa\u0107 w wierze katolickiej. Zasadami rycerzy dzia\u0142aj\u0105cych w kilkunastu pa\u0144stwach \u015bwiata s\u0105: Mi\u0142osierdzie, Jedno\u015b\u0107, Braterstwo i Patriotyzm.<\/p>\t\t\t\t\t\t\t\t<\/div>\n\t\t\t\t<\/div>\n\t\t\t\t<div class=\"elementor-element elementor-element-c961b5f elementor-widget-divider--view-line_icon elementor-view-default elementor-widget-divider--element-align-center elementor-widget elementor-widget-divider\" data-id=\"c961b5f\" data-element_type=\"widget\" data-e-type=\"widget\" data-widget_type=\"divider.default\">\n\t\t\t\t<div class=\"elementor-widget-container\">\n\t\t\t\t\t\t\t<div class=\"elementor-divider\">\n\t\t\t<span class=\"elementor-divider-separator\">\n\t\t\t\t\t\t\t<div class=\"elementor-icon elementor-divider__element\">\n\t\t\t\t\t<i aria-hidden=\"true\" class=\"fas fa-camera\"><\/i><\/div>\n\t\t\t\t\t\t<\/span>\n\t\t<\/div>\n\t\t\t\t\t\t<\/div>\n\t\t\t\t<\/div>\n\t\t\t\t<div class=\"elementor-element elementor-element-68bb322 elementor-widget elementor-widget-image-gallery\" data-id=\"68bb322\" data-element_type=\"widget\" data-e-type=\"widget\" data-widget_type=\"image-gallery.default\">\n\t\t\t\t<div class=\"elementor-widget-container\">\n\t\t\t\t\t\t\t<div class=\"elementor-image-gallery\">\n\t\t\t<div id='gallery-1' class='gallery galleryid-53163 gallery-columns-5 gallery-size-thumbnail'><figure class='gallery-item'>\n\t\t\t<div class='gallery-icon landscape'>\n\t\t\t\t<a data-elementor-open-lightbox=\"yes\" data-elementor-lightbox-slideshow=\"68bb322\" data-elementor-lightbox-title=\"XIII Konwencja Stanowa Rycerzy Kolumba\" data-e-action-hash=\"#elementor-action%3Aaction%3Dlightbox%26settings%3DeyJpZCI6NTMyNDgsInVybCI6Imh0dHBzOlwvXC93d3cubGljaGVuLnBsXC93cC1jb250ZW50XC91cGxvYWRzXC8yMDIzXC8wNVwvSU1HXzczNjguanBnIiwic2xpZGVzaG93IjoiNjhiYjMyMiJ9\" href='https:\/\/www.lichen.pl\/wp-content\/uploads\/2023\/05\/IMG_7368.jpg'><img loading=\"lazy\" width=\"150\" height=\"150\" src=\"https:\/\/www.lichen.pl\/wp-content\/uploads\/2023\/05\/IMG_7368-150x150.jpg\" class=\"attachment-thumbnail size-thumbnail\" alt=\"\" decoding=\"async\" srcset=\"https:\/\/www.lichen.pl\/wp-content\/uploads\/2023\/05\/IMG_7368-150x150.jpg 150w, https:\/\/www.lichen.pl\/wp-content\/uploads\/2023\/05\/IMG_7368-300x300.jpg 300w\" sizes=\"(max-width: 150px) 100vw, 150px\" \/><\/a>\n\t\t\t<\/div><\/figure><figure class='gallery-item'>\n\t\t\t<div class='gallery-icon landscape'>\n\t\t\t\t<a data-elementor-open-lightbox=\"yes\" data-elementor-lightbox-slideshow=\"68bb322\" data-elementor-lightbox-title=\"XIII Konwencja Stanowa Rycerzy Kolumba\" data-e-action-hash=\"#elementor-action%3Aaction%3Dlightbox%26settings%3DeyJpZCI6NTMyNDksInVybCI6Imh0dHBzOlwvXC93d3cubGljaGVuLnBsXC93cC1jb250ZW50XC91cGxvYWRzXC8yMDIzXC8wNVwvSU1HXzczNzMuanBnIiwic2xpZGVzaG93IjoiNjhiYjMyMiJ9\" href='https:\/\/www.lichen.pl\/wp-content\/uploads\/2023\/05\/IMG_7373.jpg'><img loading=\"lazy\" width=\"150\" height=\"150\" src=\"https:\/\/www.lichen.pl\/wp-content\/uploads\/2023\/05\/IMG_7373-150x150.jpg\" class=\"attachment-thumbnail size-thumbnail\" alt=\"\" decoding=\"async\" srcset=\"https:\/\/www.lichen.pl\/wp-content\/uploads\/2023\/05\/IMG_7373-150x150.jpg 150w, https:\/\/www.lichen.pl\/wp-content\/uploads\/2023\/05\/IMG_7373-300x300.jpg 300w\" sizes=\"(max-width: 150px) 100vw, 150px\" \/><\/a>\n\t\t\t<\/div><\/figure><figure class='gallery-item'>\n\t\t\t<div class='gallery-icon landscape'>\n\t\t\t\t<a data-elementor-open-lightbox=\"yes\" data-elementor-lightbox-slideshow=\"68bb322\" data-elementor-lightbox-title=\"XIII Konwencja Stanowa Rycerzy Kolumba\" data-e-action-hash=\"#elementor-action%3Aaction%3Dlightbox%26settings%3DeyJpZCI6NTMyNTAsInVybCI6Imh0dHBzOlwvXC93d3cubGljaGVuLnBsXC93cC1jb250ZW50XC91cGxvYWRzXC8yMDIzXC8wNVwvSU1HXzczNzUuanBnIiwic2xpZGVzaG93IjoiNjhiYjMyMiJ9\" href='https:\/\/www.lichen.pl\/wp-content\/uploads\/2023\/05\/IMG_7375.jpg'><img loading=\"lazy\" width=\"150\" height=\"150\" src=\"https:\/\/www.lichen.pl\/wp-content\/uploads\/2023\/05\/IMG_7375-150x150.jpg\" class=\"attachment-thumbnail size-thumbnail\" alt=\"\" decoding=\"async\" srcset=\"https:\/\/www.lichen.pl\/wp-content\/uploads\/2023\/05\/IMG_7375-150x150.jpg 150w, https:\/\/www.lichen.pl\/wp-content\/uploads\/2023\/05\/IMG_7375-300x300.jpg 300w\" sizes=\"(max-width: 150px) 100vw, 150px\" \/><\/a>\n\t\t\t<\/div><\/figure><figure class='gallery-item'>\n\t\t\t<div class='gallery-icon landscape'>\n\t\t\t\t<a data-elementor-open-lightbox=\"yes\" data-elementor-lightbox-slideshow=\"68bb322\" data-elementor-lightbox-title=\"XIII Konwencja Stanowa Rycerzy Kolumba - uroczysta procesja wej\u015bcia\" data-e-action-hash=\"#elementor-action%3Aaction%3Dlightbox%26settings%3DeyJpZCI6NTMyNTEsInVybCI6Imh0dHBzOlwvXC93d3cubGljaGVuLnBsXC93cC1jb250ZW50XC91cGxvYWRzXC8yMDIzXC8wNVwvSU1HXzczODQuanBnIiwic2xpZGVzaG93IjoiNjhiYjMyMiJ9\" href='https:\/\/www.lichen.pl\/wp-content\/uploads\/2023\/05\/IMG_7384.jpg'><img loading=\"lazy\" width=\"150\" height=\"150\" src=\"https:\/\/www.lichen.pl\/wp-content\/uploads\/2023\/05\/IMG_7384-150x150.jpg\" class=\"attachment-thumbnail size-thumbnail\" alt=\"\" decoding=\"async\" srcset=\"https:\/\/www.lichen.pl\/wp-content\/uploads\/2023\/05\/IMG_7384-150x150.jpg 150w, https:\/\/www.lichen.pl\/wp-content\/uploads\/2023\/05\/IMG_7384-300x300.jpg 300w\" sizes=\"(max-width: 150px) 100vw, 150px\" \/><\/a>\n\t\t\t<\/div><\/figure><figure class='gallery-item'>\n\t\t\t<div class='gallery-icon landscape'>\n\t\t\t\t<a data-elementor-open-lightbox=\"yes\" data-elementor-lightbox-slideshow=\"68bb322\" data-elementor-lightbox-title=\"XIII Konwencja Stanowa Rycerzy Kolumba - uroczysta procesja wej\u015bcia\" data-e-action-hash=\"#elementor-action%3Aaction%3Dlightbox%26settings%3DeyJpZCI6NTMyNTIsInVybCI6Imh0dHBzOlwvXC93d3cubGljaGVuLnBsXC93cC1jb250ZW50XC91cGxvYWRzXC8yMDIzXC8wNVwvSU1HXzczODcuanBnIiwic2xpZGVzaG93IjoiNjhiYjMyMiJ9\" href='https:\/\/www.lichen.pl\/wp-content\/uploads\/2023\/05\/IMG_7387.jpg'><img loading=\"lazy\" width=\"150\" height=\"150\" src=\"https:\/\/www.lichen.pl\/wp-content\/uploads\/2023\/05\/IMG_7387-150x150.jpg\" class=\"attachment-thumbnail size-thumbnail\" alt=\"\" decoding=\"async\" srcset=\"https:\/\/www.lichen.pl\/wp-content\/uploads\/2023\/05\/IMG_7387-150x150.jpg 150w, https:\/\/www.lichen.pl\/wp-content\/uploads\/2023\/05\/IMG_7387-300x300.jpg 300w\" sizes=\"(max-width: 150px) 100vw, 150px\" \/><\/a>\n\t\t\t<\/div><\/figure><figure class='gallery-item'>\n\t\t\t<div class='gallery-icon landscape'>\n\t\t\t\t<a data-elementor-open-lightbox=\"yes\" data-elementor-lightbox-slideshow=\"68bb322\" data-elementor-lightbox-title=\"XIII Konwencja Stanowa Rycerzy Kolumba - uroczysta procesja wej\u015bcia\" data-e-action-hash=\"#elementor-action%3Aaction%3Dlightbox%26settings%3DeyJpZCI6NTMyNTMsInVybCI6Imh0dHBzOlwvXC93d3cubGljaGVuLnBsXC93cC1jb250ZW50XC91cGxvYWRzXC8yMDIzXC8wNVwvSU1HXzczOTIuanBnIiwic2xpZGVzaG93IjoiNjhiYjMyMiJ9\" href='https:\/\/www.lichen.pl\/wp-content\/uploads\/2023\/05\/IMG_7392.jpg'><img loading=\"lazy\" width=\"150\" height=\"150\" src=\"https:\/\/www.lichen.pl\/wp-content\/uploads\/2023\/05\/IMG_7392-150x150.jpg\" class=\"attachment-thumbnail size-thumbnail\" alt=\"\" decoding=\"async\" srcset=\"https:\/\/www.lichen.pl\/wp-content\/uploads\/2023\/05\/IMG_7392-150x150.jpg 150w, https:\/\/www.lichen.pl\/wp-content\/uploads\/2023\/05\/IMG_7392-300x300.jpg 300w\" sizes=\"(max-width: 150px) 100vw, 150px\" \/><\/a>\n\t\t\t<\/div><\/figure><figure class='gallery-item'>\n\t\t\t<div class='gallery-icon landscape'>\n\t\t\t\t<a data-elementor-open-lightbox=\"yes\" data-elementor-lightbox-slideshow=\"68bb322\" data-elementor-lightbox-title=\"XIII Konwencja Stanowa Rycerzy Kolumba - uroczysta procesja wej\u015bcia\" data-e-action-hash=\"#elementor-action%3Aaction%3Dlightbox%26settings%3DeyJpZCI6NTMyNTQsInVybCI6Imh0dHBzOlwvXC93d3cubGljaGVuLnBsXC93cC1jb250ZW50XC91cGxvYWRzXC8yMDIzXC8wNVwvSU1HXzczOTkuanBnIiwic2xpZGVzaG93IjoiNjhiYjMyMiJ9\" href='https:\/\/www.lichen.pl\/wp-content\/uploads\/2023\/05\/IMG_7399.jpg'><img loading=\"lazy\" width=\"150\" height=\"150\" src=\"https:\/\/www.lichen.pl\/wp-content\/uploads\/2023\/05\/IMG_7399-150x150.jpg\" class=\"attachment-thumbnail size-thumbnail\" alt=\"\" decoding=\"async\" srcset=\"https:\/\/www.lichen.pl\/wp-content\/uploads\/2023\/05\/IMG_7399-150x150.jpg 150w, https:\/\/www.lichen.pl\/wp-content\/uploads\/2023\/05\/IMG_7399-300x300.jpg 300w\" sizes=\"(max-width: 150px) 100vw, 150px\" \/><\/a>\n\t\t\t<\/div><\/figure><figure class='gallery-item'>\n\t\t\t<div class='gallery-icon landscape'>\n\t\t\t\t<a data-elementor-open-lightbox=\"yes\" data-elementor-lightbox-slideshow=\"68bb322\" data-elementor-lightbox-title=\"XIII Konwencja Stanowa Rycerzy Kolumba - uroczysta procesja wej\u015bcia\" data-e-action-hash=\"#elementor-action%3Aaction%3Dlightbox%26settings%3DeyJpZCI6NTMyNTUsInVybCI6Imh0dHBzOlwvXC93d3cubGljaGVuLnBsXC93cC1jb250ZW50XC91cGxvYWRzXC8yMDIzXC8wNVwvSU1HXzc0MDEuanBnIiwic2xpZGVzaG93IjoiNjhiYjMyMiJ9\" href='https:\/\/www.lichen.pl\/wp-content\/uploads\/2023\/05\/IMG_7401.jpg'><img loading=\"lazy\" width=\"150\" height=\"150\" src=\"https:\/\/www.lichen.pl\/wp-content\/uploads\/2023\/05\/IMG_7401-150x150.jpg\" class=\"attachment-thumbnail size-thumbnail\" alt=\"\" decoding=\"async\" srcset=\"https:\/\/www.lichen.pl\/wp-content\/uploads\/2023\/05\/IMG_7401-150x150.jpg 150w, https:\/\/www.lichen.pl\/wp-content\/uploads\/2023\/05\/IMG_7401-300x300.jpg 300w\" sizes=\"(max-width: 150px) 100vw, 150px\" \/><\/a>\n\t\t\t<\/div><\/figure><figure class='gallery-item'>\n\t\t\t<div class='gallery-icon portrait'>\n\t\t\t\t<a data-elementor-open-lightbox=\"yes\" data-elementor-lightbox-slideshow=\"68bb322\" data-elementor-lightbox-title=\"XIII Konwencja Stanowa Rycerzy Kolumba\" data-e-action-hash=\"#elementor-action%3Aaction%3Dlightbox%26settings%3DeyJpZCI6NTMyNTYsInVybCI6Imh0dHBzOlwvXC93d3cubGljaGVuLnBsXC93cC1jb250ZW50XC91cGxvYWRzXC8yMDIzXC8wNVwvSU1HXzc0MTkuanBnIiwic2xpZGVzaG93IjoiNjhiYjMyMiJ9\" href='https:\/\/www.lichen.pl\/wp-content\/uploads\/2023\/05\/IMG_7419.jpg'><img loading=\"lazy\" width=\"150\" height=\"150\" src=\"https:\/\/www.lichen.pl\/wp-content\/uploads\/2023\/05\/IMG_7419-150x150.jpg\" class=\"attachment-thumbnail size-thumbnail\" alt=\"\" decoding=\"async\" srcset=\"https:\/\/www.lichen.pl\/wp-content\/uploads\/2023\/05\/IMG_7419-150x150.jpg 150w, https:\/\/www.lichen.pl\/wp-content\/uploads\/2023\/05\/IMG_7419-300x300.jpg 300w\" sizes=\"(max-width: 150px) 100vw, 150px\" \/><\/a>\n\t\t\t<\/div><\/figure><figure class='gallery-item'>\n\t\t\t<div class='gallery-icon landscape'>\n\t\t\t\t<a data-elementor-open-lightbox=\"yes\" data-elementor-lightbox-slideshow=\"68bb322\" data-elementor-lightbox-title=\"XIII Konwencja Stanowa Rycerzy Kolumba\" data-e-action-hash=\"#elementor-action%3Aaction%3Dlightbox%26settings%3DeyJpZCI6NTMyNTcsInVybCI6Imh0dHBzOlwvXC93d3cubGljaGVuLnBsXC93cC1jb250ZW50XC91cGxvYWRzXC8yMDIzXC8wNVwvSU1HXzc0MzIuanBnIiwic2xpZGVzaG93IjoiNjhiYjMyMiJ9\" href='https:\/\/www.lichen.pl\/wp-content\/uploads\/2023\/05\/IMG_7432.jpg'><img loading=\"lazy\" width=\"150\" height=\"150\" src=\"https:\/\/www.lichen.pl\/wp-content\/uploads\/2023\/05\/IMG_7432-150x150.jpg\" class=\"attachment-thumbnail size-thumbnail\" alt=\"\" decoding=\"async\" srcset=\"https:\/\/www.lichen.pl\/wp-content\/uploads\/2023\/05\/IMG_7432-150x150.jpg 150w, https:\/\/www.lichen.pl\/wp-content\/uploads\/2023\/05\/IMG_7432-300x300.jpg 300w\" sizes=\"(max-width: 150px) 100vw, 150px\" \/><\/a>\n\t\t\t<\/div><\/figure><figure class='gallery-item'>\n\t\t\t<div class='gallery-icon landscape'>\n\t\t\t\t<a data-elementor-open-lightbox=\"yes\" data-elementor-lightbox-slideshow=\"68bb322\" data-elementor-lightbox-title=\"Relikwie obecne podczas XIII Konwencji Stanowej Rycerzy Kolumba\" data-e-action-hash=\"#elementor-action%3Aaction%3Dlightbox%26settings%3DeyJpZCI6NTMyNTgsInVybCI6Imh0dHBzOlwvXC93d3cubGljaGVuLnBsXC93cC1jb250ZW50XC91cGxvYWRzXC8yMDIzXC8wNVwvSU1HXzc0MzUuanBnIiwic2xpZGVzaG93IjoiNjhiYjMyMiJ9\" href='https:\/\/www.lichen.pl\/wp-content\/uploads\/2023\/05\/IMG_7435.jpg'><img loading=\"lazy\" width=\"150\" height=\"150\" src=\"https:\/\/www.lichen.pl\/wp-content\/uploads\/2023\/05\/IMG_7435-150x150.jpg\" class=\"attachment-thumbnail size-thumbnail\" alt=\"\" decoding=\"async\" srcset=\"https:\/\/www.lichen.pl\/wp-content\/uploads\/2023\/05\/IMG_7435-150x150.jpg 150w, https:\/\/www.lichen.pl\/wp-content\/uploads\/2023\/05\/IMG_7435-300x300.jpg 300w\" sizes=\"(max-width: 150px) 100vw, 150px\" \/><\/a>\n\t\t\t<\/div><\/figure><figure class='gallery-item'>\n\t\t\t<div class='gallery-icon portrait'>\n\t\t\t\t<a data-elementor-open-lightbox=\"yes\" data-elementor-lightbox-slideshow=\"68bb322\" data-elementor-lightbox-title=\"XIII Konwencja Stanowa Rycerzy Kolumba - I czytanie podczas pi\u0105tkowej Mszy \u015awi\u0119tej\" data-e-action-hash=\"#elementor-action%3Aaction%3Dlightbox%26settings%3DeyJpZCI6NTMyNTksInVybCI6Imh0dHBzOlwvXC93d3cubGljaGVuLnBsXC93cC1jb250ZW50XC91cGxvYWRzXC8yMDIzXC8wNVwvSU1HXzc0MzguanBnIiwic2xpZGVzaG93IjoiNjhiYjMyMiJ9\" href='https:\/\/www.lichen.pl\/wp-content\/uploads\/2023\/05\/IMG_7438.jpg'><img loading=\"lazy\" width=\"150\" height=\"150\" src=\"https:\/\/www.lichen.pl\/wp-content\/uploads\/2023\/05\/IMG_7438-150x150.jpg\" class=\"attachment-thumbnail size-thumbnail\" alt=\"\" decoding=\"async\" srcset=\"https:\/\/www.lichen.pl\/wp-content\/uploads\/2023\/05\/IMG_7438-150x150.jpg 150w, https:\/\/www.lichen.pl\/wp-content\/uploads\/2023\/05\/IMG_7438-300x300.jpg 300w\" sizes=\"(max-width: 150px) 100vw, 150px\" \/><\/a>\n\t\t\t<\/div><\/figure><figure class='gallery-item'>\n\t\t\t<div class='gallery-icon landscape'>\n\t\t\t\t<a data-elementor-open-lightbox=\"yes\" data-elementor-lightbox-slideshow=\"68bb322\" data-elementor-lightbox-title=\"Kwartet wokalny pod dyrekcj\u0105 Marcina Wasilewskiego-Kruka\" data-e-action-hash=\"#elementor-action%3Aaction%3Dlightbox%26settings%3DeyJpZCI6NTMyNzIsInVybCI6Imh0dHBzOlwvXC93d3cubGljaGVuLnBsXC93cC1jb250ZW50XC91cGxvYWRzXC8yMDIzXC8wNVwvSU1HXzc1NjYuanBnIiwic2xpZGVzaG93IjoiNjhiYjMyMiJ9\" href='https:\/\/www.lichen.pl\/wp-content\/uploads\/2023\/05\/IMG_7566.jpg'><img loading=\"lazy\" width=\"150\" height=\"150\" src=\"https:\/\/www.lichen.pl\/wp-content\/uploads\/2023\/05\/IMG_7566-150x150.jpg\" class=\"attachment-thumbnail size-thumbnail\" alt=\"\" decoding=\"async\" srcset=\"https:\/\/www.lichen.pl\/wp-content\/uploads\/2023\/05\/IMG_7566-150x150.jpg 150w, https:\/\/www.lichen.pl\/wp-content\/uploads\/2023\/05\/IMG_7566-300x300.jpg 300w\" sizes=\"(max-width: 150px) 100vw, 150px\" \/><\/a>\n\t\t\t<\/div><\/figure><figure class='gallery-item'>\n\t\t\t<div class='gallery-icon landscape'>\n\t\t\t\t<a data-elementor-open-lightbox=\"yes\" data-elementor-lightbox-slideshow=\"68bb322\" data-elementor-lightbox-title=\"XIII Konwencja Stanowa Rycerzy Kolumba - koncelebruj\u0105cy liturgi\u0119 ksi\u0119\u017ca\" data-e-action-hash=\"#elementor-action%3Aaction%3Dlightbox%26settings%3DeyJpZCI6NTMyNjAsInVybCI6Imh0dHBzOlwvXC93d3cubGljaGVuLnBsXC93cC1jb250ZW50XC91cGxvYWRzXC8yMDIzXC8wNVwvSU1HXzc0MzkuanBnIiwic2xpZGVzaG93IjoiNjhiYjMyMiJ9\" href='https:\/\/www.lichen.pl\/wp-content\/uploads\/2023\/05\/IMG_7439.jpg'><img loading=\"lazy\" width=\"150\" height=\"150\" src=\"https:\/\/www.lichen.pl\/wp-content\/uploads\/2023\/05\/IMG_7439-150x150.jpg\" class=\"attachment-thumbnail size-thumbnail\" alt=\"\" decoding=\"async\" srcset=\"https:\/\/www.lichen.pl\/wp-content\/uploads\/2023\/05\/IMG_7439-150x150.jpg 150w, https:\/\/www.lichen.pl\/wp-content\/uploads\/2023\/05\/IMG_7439-300x300.jpg 300w\" sizes=\"(max-width: 150px) 100vw, 150px\" \/><\/a>\n\t\t\t<\/div><\/figure><figure class='gallery-item'>\n\t\t\t<div class='gallery-icon landscape'>\n\t\t\t\t<a data-elementor-open-lightbox=\"yes\" data-elementor-lightbox-slideshow=\"68bb322\" data-elementor-lightbox-title=\"XIII Konwencja Stanowa Rycerzy Kolumba\" data-e-action-hash=\"#elementor-action%3Aaction%3Dlightbox%26settings%3DeyJpZCI6NTMyNjEsInVybCI6Imh0dHBzOlwvXC93d3cubGljaGVuLnBsXC93cC1jb250ZW50XC91cGxvYWRzXC8yMDIzXC8wNVwvSU1HXzc0NDQuanBnIiwic2xpZGVzaG93IjoiNjhiYjMyMiJ9\" href='https:\/\/www.lichen.pl\/wp-content\/uploads\/2023\/05\/IMG_7444.jpg'><img loading=\"lazy\" width=\"150\" height=\"150\" src=\"https:\/\/www.lichen.pl\/wp-content\/uploads\/2023\/05\/IMG_7444-150x150.jpg\" class=\"attachment-thumbnail size-thumbnail\" alt=\"\" decoding=\"async\" srcset=\"https:\/\/www.lichen.pl\/wp-content\/uploads\/2023\/05\/IMG_7444-150x150.jpg 150w, https:\/\/www.lichen.pl\/wp-content\/uploads\/2023\/05\/IMG_7444-300x300.jpg 300w\" sizes=\"(max-width: 150px) 100vw, 150px\" \/><\/a>\n\t\t\t<\/div><\/figure><figure class='gallery-item'>\n\t\t\t<div class='gallery-icon landscape'>\n\t\t\t\t<a data-elementor-open-lightbox=\"yes\" data-elementor-lightbox-slideshow=\"68bb322\" data-elementor-lightbox-title=\"XIII Konwencja Stanowa Rycerzy Kolumba - psalm responsoryjny podczas pi\u0105tkowej Mszy \u015awi\u0119tej\" data-e-action-hash=\"#elementor-action%3Aaction%3Dlightbox%26settings%3DeyJpZCI6NTMyNjIsInVybCI6Imh0dHBzOlwvXC93d3cubGljaGVuLnBsXC93cC1jb250ZW50XC91cGxvYWRzXC8yMDIzXC8wNVwvSU1HXzc0NDcuanBnIiwic2xpZGVzaG93IjoiNjhiYjMyMiJ9\" href='https:\/\/www.lichen.pl\/wp-content\/uploads\/2023\/05\/IMG_7447.jpg'><img loading=\"lazy\" width=\"150\" height=\"150\" src=\"https:\/\/www.lichen.pl\/wp-content\/uploads\/2023\/05\/IMG_7447-150x150.jpg\" class=\"attachment-thumbnail size-thumbnail\" alt=\"\" decoding=\"async\" srcset=\"https:\/\/www.lichen.pl\/wp-content\/uploads\/2023\/05\/IMG_7447-150x150.jpg 150w, https:\/\/www.lichen.pl\/wp-content\/uploads\/2023\/05\/IMG_7447-300x300.jpg 300w\" sizes=\"(max-width: 150px) 100vw, 150px\" \/><\/a>\n\t\t\t<\/div><\/figure><figure class='gallery-item'>\n\t\t\t<div class='gallery-icon landscape'>\n\t\t\t\t<a data-elementor-open-lightbox=\"yes\" data-elementor-lightbox-slideshow=\"68bb322\" data-elementor-lightbox-title=\"XIII Konwencja Stanowa Rycerzy Kolumba - Ewangelia podczas pi\u0105tkowej Mszy \u015awi\u0119tej\" data-e-action-hash=\"#elementor-action%3Aaction%3Dlightbox%26settings%3DeyJpZCI6NTMyNjMsInVybCI6Imh0dHBzOlwvXC93d3cubGljaGVuLnBsXC93cC1jb250ZW50XC91cGxvYWRzXC8yMDIzXC8wNVwvSU1HXzc0NTItMS5qcGciLCJzbGlkZXNob3ciOiI2OGJiMzIyIn0%3D\" href='https:\/\/www.lichen.pl\/wp-content\/uploads\/2023\/05\/IMG_7452-1.jpg'><img loading=\"lazy\" width=\"150\" height=\"150\" src=\"https:\/\/www.lichen.pl\/wp-content\/uploads\/2023\/05\/IMG_7452-1-150x150.jpg\" class=\"attachment-thumbnail size-thumbnail\" alt=\"\" decoding=\"async\" srcset=\"https:\/\/www.lichen.pl\/wp-content\/uploads\/2023\/05\/IMG_7452-1-150x150.jpg 150w, https:\/\/www.lichen.pl\/wp-content\/uploads\/2023\/05\/IMG_7452-1-300x300.jpg 300w\" sizes=\"(max-width: 150px) 100vw, 150px\" \/><\/a>\n\t\t\t<\/div><\/figure><figure class='gallery-item'>\n\t\t\t<div class='gallery-icon landscape'>\n\t\t\t\t<a data-elementor-open-lightbox=\"yes\" data-elementor-lightbox-slideshow=\"68bb322\" data-elementor-lightbox-title=\"XIII Konwencja Stanowa Rycerzy Kolumba\" data-e-action-hash=\"#elementor-action%3Aaction%3Dlightbox%26settings%3DeyJpZCI6NTMyNjQsInVybCI6Imh0dHBzOlwvXC93d3cubGljaGVuLnBsXC93cC1jb250ZW50XC91cGxvYWRzXC8yMDIzXC8wNVwvSU1HXzc0NTUuanBnIiwic2xpZGVzaG93IjoiNjhiYjMyMiJ9\" href='https:\/\/www.lichen.pl\/wp-content\/uploads\/2023\/05\/IMG_7455.jpg'><img loading=\"lazy\" width=\"150\" height=\"150\" src=\"https:\/\/www.lichen.pl\/wp-content\/uploads\/2023\/05\/IMG_7455-150x150.jpg\" class=\"attachment-thumbnail size-thumbnail\" alt=\"\" decoding=\"async\" srcset=\"https:\/\/www.lichen.pl\/wp-content\/uploads\/2023\/05\/IMG_7455-150x150.jpg 150w, https:\/\/www.lichen.pl\/wp-content\/uploads\/2023\/05\/IMG_7455-300x300.jpg 300w\" sizes=\"(max-width: 150px) 100vw, 150px\" \/><\/a>\n\t\t\t<\/div><\/figure><figure class='gallery-item'>\n\t\t\t<div class='gallery-icon portrait'>\n\t\t\t\t<a data-elementor-open-lightbox=\"yes\" data-elementor-lightbox-slideshow=\"68bb322\" data-elementor-lightbox-title=\"XIII Konwencja Stanowa Rycerzy Kolumba - Homilia bpa Janusza Mastalskiego\" data-e-action-hash=\"#elementor-action%3Aaction%3Dlightbox%26settings%3DeyJpZCI6NTMyNjUsInVybCI6Imh0dHBzOlwvXC93d3cubGljaGVuLnBsXC93cC1jb250ZW50XC91cGxvYWRzXC8yMDIzXC8wNVwvSU1HXzc0NjctMS5qcGciLCJzbGlkZXNob3ciOiI2OGJiMzIyIn0%3D\" href='https:\/\/www.lichen.pl\/wp-content\/uploads\/2023\/05\/IMG_7467-1.jpg'><img loading=\"lazy\" width=\"150\" height=\"150\" src=\"https:\/\/www.lichen.pl\/wp-content\/uploads\/2023\/05\/IMG_7467-1-150x150.jpg\" class=\"attachment-thumbnail size-thumbnail\" alt=\"\" decoding=\"async\" srcset=\"https:\/\/www.lichen.pl\/wp-content\/uploads\/2023\/05\/IMG_7467-1-150x150.jpg 150w, https:\/\/www.lichen.pl\/wp-content\/uploads\/2023\/05\/IMG_7467-1-300x300.jpg 300w\" sizes=\"(max-width: 150px) 100vw, 150px\" \/><\/a>\n\t\t\t<\/div><\/figure><figure class='gallery-item'>\n\t\t\t<div class='gallery-icon landscape'>\n\t\t\t\t<a data-elementor-open-lightbox=\"yes\" data-elementor-lightbox-slideshow=\"68bb322\" data-elementor-lightbox-title=\"XIII Konwencja Stanowa Rycerzy Kolumba\" data-e-action-hash=\"#elementor-action%3Aaction%3Dlightbox%26settings%3DeyJpZCI6NTMyNjYsInVybCI6Imh0dHBzOlwvXC93d3cubGljaGVuLnBsXC93cC1jb250ZW50XC91cGxvYWRzXC8yMDIzXC8wNVwvSU1HXzc0ODIuanBnIiwic2xpZGVzaG93IjoiNjhiYjMyMiJ9\" href='https:\/\/www.lichen.pl\/wp-content\/uploads\/2023\/05\/IMG_7482.jpg'><img loading=\"lazy\" width=\"150\" height=\"150\" src=\"https:\/\/www.lichen.pl\/wp-content\/uploads\/2023\/05\/IMG_7482-150x150.jpg\" class=\"attachment-thumbnail size-thumbnail\" alt=\"\" decoding=\"async\" srcset=\"https:\/\/www.lichen.pl\/wp-content\/uploads\/2023\/05\/IMG_7482-150x150.jpg 150w, https:\/\/www.lichen.pl\/wp-content\/uploads\/2023\/05\/IMG_7482-300x300.jpg 300w\" sizes=\"(max-width: 150px) 100vw, 150px\" \/><\/a>\n\t\t\t<\/div><\/figure><figure class='gallery-item'>\n\t\t\t<div class='gallery-icon landscape'>\n\t\t\t\t<a data-elementor-open-lightbox=\"yes\" data-elementor-lightbox-slideshow=\"68bb322\" data-elementor-lightbox-title=\"XIII Konwencja Stanowa Rycerzy Kolumba - procesja z darami o\u0142tarza\" data-e-action-hash=\"#elementor-action%3Aaction%3Dlightbox%26settings%3DeyJpZCI6NTMyNjcsInVybCI6Imh0dHBzOlwvXC93d3cubGljaGVuLnBsXC93cC1jb250ZW50XC91cGxvYWRzXC8yMDIzXC8wNVwvSU1HXzc0ODguanBnIiwic2xpZGVzaG93IjoiNjhiYjMyMiJ9\" href='https:\/\/www.lichen.pl\/wp-content\/uploads\/2023\/05\/IMG_7488.jpg'><img loading=\"lazy\" width=\"150\" height=\"150\" src=\"https:\/\/www.lichen.pl\/wp-content\/uploads\/2023\/05\/IMG_7488-150x150.jpg\" class=\"attachment-thumbnail size-thumbnail\" alt=\"\" decoding=\"async\" srcset=\"https:\/\/www.lichen.pl\/wp-content\/uploads\/2023\/05\/IMG_7488-150x150.jpg 150w, https:\/\/www.lichen.pl\/wp-content\/uploads\/2023\/05\/IMG_7488-300x300.jpg 300w\" sizes=\"(max-width: 150px) 100vw, 150px\" \/><\/a>\n\t\t\t<\/div><\/figure><figure class='gallery-item'>\n\t\t\t<div class='gallery-icon landscape'>\n\t\t\t\t<a data-elementor-open-lightbox=\"yes\" data-elementor-lightbox-slideshow=\"68bb322\" data-elementor-lightbox-title=\"XIII Konwencja Stanowa Rycerzy Kolumba - poczty sztandarowe\" data-e-action-hash=\"#elementor-action%3Aaction%3Dlightbox%26settings%3DeyJpZCI6NTMyNjgsInVybCI6Imh0dHBzOlwvXC93d3cubGljaGVuLnBsXC93cC1jb250ZW50XC91cGxvYWRzXC8yMDIzXC8wNVwvSU1HXzc0OTcuanBnIiwic2xpZGVzaG93IjoiNjhiYjMyMiJ9\" href='https:\/\/www.lichen.pl\/wp-content\/uploads\/2023\/05\/IMG_7497.jpg'><img loading=\"lazy\" width=\"150\" height=\"150\" src=\"https:\/\/www.lichen.pl\/wp-content\/uploads\/2023\/05\/IMG_7497-150x150.jpg\" class=\"attachment-thumbnail size-thumbnail\" alt=\"\" decoding=\"async\" srcset=\"https:\/\/www.lichen.pl\/wp-content\/uploads\/2023\/05\/IMG_7497-150x150.jpg 150w, https:\/\/www.lichen.pl\/wp-content\/uploads\/2023\/05\/IMG_7497-300x300.jpg 300w\" sizes=\"(max-width: 150px) 100vw, 150px\" \/><\/a>\n\t\t\t<\/div><\/figure><figure class='gallery-item'>\n\t\t\t<div class='gallery-icon landscape'>\n\t\t\t\t<a data-elementor-open-lightbox=\"yes\" data-elementor-lightbox-slideshow=\"68bb322\" data-elementor-lightbox-title=\"XIII Konwencja Stanowa Rycerzy Kolumba\" data-e-action-hash=\"#elementor-action%3Aaction%3Dlightbox%26settings%3DeyJpZCI6NTMyNjksInVybCI6Imh0dHBzOlwvXC93d3cubGljaGVuLnBsXC93cC1jb250ZW50XC91cGxvYWRzXC8yMDIzXC8wNVwvSU1HXzc1MDYtMS5qcGciLCJzbGlkZXNob3ciOiI2OGJiMzIyIn0%3D\" href='https:\/\/www.lichen.pl\/wp-content\/uploads\/2023\/05\/IMG_7506-1.jpg'><img loading=\"lazy\" width=\"150\" height=\"150\" src=\"https:\/\/www.lichen.pl\/wp-content\/uploads\/2023\/05\/IMG_7506-1-150x150.jpg\" class=\"attachment-thumbnail size-thumbnail\" alt=\"\" decoding=\"async\" srcset=\"https:\/\/www.lichen.pl\/wp-content\/uploads\/2023\/05\/IMG_7506-1-150x150.jpg 150w, https:\/\/www.lichen.pl\/wp-content\/uploads\/2023\/05\/IMG_7506-1-300x300.jpg 300w\" sizes=\"(max-width: 150px) 100vw, 150px\" \/><\/a>\n\t\t\t<\/div><\/figure><figure class='gallery-item'>\n\t\t\t<div class='gallery-icon portrait'>\n\t\t\t\t<a data-elementor-open-lightbox=\"yes\" data-elementor-lightbox-slideshow=\"68bb322\" data-elementor-lightbox-title=\"XIII Konwencja Stanowa Rycerzy Kolumba\" data-e-action-hash=\"#elementor-action%3Aaction%3Dlightbox%26settings%3DeyJpZCI6NTMyNzAsInVybCI6Imh0dHBzOlwvXC93d3cubGljaGVuLnBsXC93cC1jb250ZW50XC91cGxvYWRzXC8yMDIzXC8wNVwvSU1HXzc1MjAtMS5qcGciLCJzbGlkZXNob3ciOiI2OGJiMzIyIn0%3D\" href='https:\/\/www.lichen.pl\/wp-content\/uploads\/2023\/05\/IMG_7520-1.jpg'><img loading=\"lazy\" width=\"150\" height=\"150\" src=\"https:\/\/www.lichen.pl\/wp-content\/uploads\/2023\/05\/IMG_7520-1-150x150.jpg\" class=\"attachment-thumbnail size-thumbnail\" alt=\"\" decoding=\"async\" srcset=\"https:\/\/www.lichen.pl\/wp-content\/uploads\/2023\/05\/IMG_7520-1-150x150.jpg 150w, https:\/\/www.lichen.pl\/wp-content\/uploads\/2023\/05\/IMG_7520-1-300x300.jpg 300w\" sizes=\"(max-width: 150px) 100vw, 150px\" \/><\/a>\n\t\t\t<\/div><\/figure><figure class='gallery-item'>\n\t\t\t<div class='gallery-icon landscape'>\n\t\t\t\t<a data-elementor-open-lightbox=\"yes\" data-elementor-lightbox-slideshow=\"68bb322\" data-elementor-lightbox-title=\"XIII Konwencja Stanowa Rycerzy Kolumba\" data-e-action-hash=\"#elementor-action%3Aaction%3Dlightbox%26settings%3DeyJpZCI6NTMyNzEsInVybCI6Imh0dHBzOlwvXC93d3cubGljaGVuLnBsXC93cC1jb250ZW50XC91cGxvYWRzXC8yMDIzXC8wNVwvSU1HXzc1MzcuanBnIiwic2xpZGVzaG93IjoiNjhiYjMyMiJ9\" href='https:\/\/www.lichen.pl\/wp-content\/uploads\/2023\/05\/IMG_7537.jpg'><img loading=\"lazy\" width=\"150\" height=\"150\" src=\"https:\/\/www.lichen.pl\/wp-content\/uploads\/2023\/05\/IMG_7537-150x150.jpg\" class=\"attachment-thumbnail size-thumbnail\" alt=\"\" decoding=\"async\" srcset=\"https:\/\/www.lichen.pl\/wp-content\/uploads\/2023\/05\/IMG_7537-150x150.jpg 150w, https:\/\/www.lichen.pl\/wp-content\/uploads\/2023\/05\/IMG_7537-300x300.jpg 300w\" sizes=\"(max-width: 150px) 100vw, 150px\" \/><\/a>\n\t\t\t<\/div><\/figure>\n\t\t<\/div>\n\t\t<\/div>\n\t\t\t\t\t\t<\/div>\n\t\t\t\t<\/div>\n\t\t\t\t\t<\/div>\n\t\t<\/div>\n\t\t\t\t\t<\/div>\n\t\t<\/section>\n\t\t\t\t<\/div>","protected":false},"excerpt":{"rendered":"<p>Okazj\u0105 do wsp\u00f3lnej modlitwy, podsumowania dzia\u0142alno\u015bci oraz wymiany do\u015bwiadcze\u0144 w realizowaniu misji swojego za\u0142o\u017cyciela, b\u0142. ks. McGivneya by\u0142a XIII Stanowa Konwencja Rycerzy Kolumba w Polsce. \u201eJezus Chrystus jest t\u0105 zasadnicz\u0105 drog\u0105 Ko\u015bcio\u0142a. On sam jest nasz\u0105 drog\u0105 do domu Ojca\u201d \u2013 to s\u0142owa zaczerpni\u0119te z pierwszej encykliki \u015bw. Jana Paw\u0142a II \u201eRedemptor hominis\u201d to has\u0142o [&hellip;]<\/p>\n","protected":false},"author":5,"featured_media":53269,"comment_status":"open","ping_status":"open","sticky":false,"template":"","format":"standard","meta":{"footnotes":""},"categories":[1],"tags":[],"class_list":["post-53163","post","type-post","status-publish","format-standard","has-post-thumbnail","hentry","category-aktualnosci","wpbf-post"],"yoast_head":"<!-- This site is optimized with the Yoast SEO plugin v27.4 - https:\/\/yoast.com\/product\/yoast-seo-wordpress\/ -->\n<title>XIII Konwencja Stanowa Rycerzy Kolumba w Polsce - SANKTUARIUM W LICHENIU<\/title>\n<meta name=\"robots\" content=\"index, follow, max-snippet:-1, max-image-preview:large, max-video-preview:-1\" \/>\n<link rel=\"canonical\" href=\"https:\/\/www.lichen.pl\/de\/13-konwencja-rycerzy-kolumba\/\" \/>\n<meta property=\"og:locale\" content=\"de_DE\" \/>\n<meta property=\"og:type\" content=\"article\" \/>\n<meta property=\"og:title\" content=\"XIII Konwencja Stanowa Rycerzy Kolumba w Polsce - SANKTUARIUM W LICHENIU\" \/>\n<meta property=\"og:description\" content=\"Okazj\u0105 do wsp\u00f3lnej modlitwy, podsumowania dzia\u0142alno\u015bci oraz wymiany do\u015bwiadcze\u0144 w realizowaniu misji swojego za\u0142o\u017cyciela, b\u0142. ks. McGivneya by\u0142a XIII Stanowa Konwencja Rycerzy Kolumba w Polsce. \u201eJezus Chrystus jest t\u0105 zasadnicz\u0105 drog\u0105 Ko\u015bcio\u0142a. On sam jest nasz\u0105 drog\u0105 do domu Ojca\u201d \u2013 to s\u0142owa zaczerpni\u0119te z pierwszej encykliki \u015bw. Jana Paw\u0142a II \u201eRedemptor hominis\u201d to has\u0142o [&hellip;]\" \/>\n<meta property=\"og:url\" content=\"https:\/\/www.lichen.pl\/de\/13-konwencja-rycerzy-kolumba\/\" \/>\n<meta property=\"og:site_name\" content=\"SANKTUARIUM W LICHENIU\" \/>\n<meta property=\"article:published_time\" content=\"2023-05-20T04:40:19+00:00\" \/>\n<meta property=\"article:modified_time\" content=\"2023-05-20T21:03:47+00:00\" \/>\n<meta property=\"og:image\" content=\"https:\/\/www.lichen.pl\/wp-content\/uploads\/2023\/05\/IMG_7506-1-1024x683.jpg\" \/>\n\t<meta property=\"og:image:width\" content=\"1024\" \/>\n\t<meta property=\"og:image:height\" content=\"683\" \/>\n\t<meta property=\"og:image:type\" content=\"image\/jpeg\" \/>\n<meta name=\"author\" content=\"Justyna Zacharek\" \/>\n<meta name=\"twitter:card\" content=\"summary_large_image\" \/>\n<meta name=\"twitter:label1\" content=\"Verfasst von\" \/>\n\t<meta name=\"twitter:data1\" content=\"Justyna Zacharek\" \/>\n\t<meta name=\"twitter:label2\" content=\"Gesch\u00e4tzte Lesezeit\" \/>\n\t<meta name=\"twitter:data2\" content=\"11\u00a0Minuten\" \/>\n<script type=\"application\/ld+json\" class=\"yoast-schema-graph\">{\"@context\":\"https:\\\/\\\/schema.org\",\"@graph\":[{\"@type\":\"Article\",\"@id\":\"https:\\\/\\\/www.lichen.pl\\\/13-konwencja-rycerzy-kolumba\\\/#article\",\"isPartOf\":{\"@id\":\"https:\\\/\\\/www.lichen.pl\\\/13-konwencja-rycerzy-kolumba\\\/\"},\"author\":{\"name\":\"Justyna Zacharek\",\"@id\":\"https:\\\/\\\/www.lichen.pl\\\/fr\\\/#\\\/schema\\\/person\\\/9f57a1408d363022abd305da0323b703\"},\"headline\":\"XIII Konwencja Stanowa Rycerzy Kolumba w Polsce\",\"datePublished\":\"2023-05-20T04:40:19+00:00\",\"dateModified\":\"2023-05-20T21:03:47+00:00\",\"mainEntityOfPage\":{\"@id\":\"https:\\\/\\\/www.lichen.pl\\\/13-konwencja-rycerzy-kolumba\\\/\"},\"wordCount\":982,\"commentCount\":0,\"image\":{\"@id\":\"https:\\\/\\\/www.lichen.pl\\\/13-konwencja-rycerzy-kolumba\\\/#primaryimage\"},\"thumbnailUrl\":\"https:\\\/\\\/www.lichen.pl\\\/wp-content\\\/uploads\\\/2023\\\/05\\\/IMG_7506-1.jpg\",\"articleSection\":[\"Aktualno\u015bci\"],\"inLanguage\":\"de\",\"potentialAction\":[{\"@type\":\"CommentAction\",\"name\":\"Comment\",\"target\":[\"https:\\\/\\\/www.lichen.pl\\\/13-konwencja-rycerzy-kolumba\\\/#respond\"]}]},{\"@type\":\"WebPage\",\"@id\":\"https:\\\/\\\/www.lichen.pl\\\/13-konwencja-rycerzy-kolumba\\\/\",\"url\":\"https:\\\/\\\/www.lichen.pl\\\/13-konwencja-rycerzy-kolumba\\\/\",\"name\":\"XIII Konwencja Stanowa Rycerzy Kolumba w Polsce - SANKTUARIUM W LICHENIU\",\"isPartOf\":{\"@id\":\"https:\\\/\\\/www.lichen.pl\\\/fr\\\/#website\"},\"primaryImageOfPage\":{\"@id\":\"https:\\\/\\\/www.lichen.pl\\\/13-konwencja-rycerzy-kolumba\\\/#primaryimage\"},\"image\":{\"@id\":\"https:\\\/\\\/www.lichen.pl\\\/13-konwencja-rycerzy-kolumba\\\/#primaryimage\"},\"thumbnailUrl\":\"https:\\\/\\\/www.lichen.pl\\\/wp-content\\\/uploads\\\/2023\\\/05\\\/IMG_7506-1.jpg\",\"datePublished\":\"2023-05-20T04:40:19+00:00\",\"dateModified\":\"2023-05-20T21:03:47+00:00\",\"author\":{\"@id\":\"https:\\\/\\\/www.lichen.pl\\\/fr\\\/#\\\/schema\\\/person\\\/9f57a1408d363022abd305da0323b703\"},\"breadcrumb\":{\"@id\":\"https:\\\/\\\/www.lichen.pl\\\/13-konwencja-rycerzy-kolumba\\\/#breadcrumb\"},\"inLanguage\":\"de\",\"potentialAction\":[{\"@type\":\"ReadAction\",\"target\":[\"https:\\\/\\\/www.lichen.pl\\\/13-konwencja-rycerzy-kolumba\\\/\"]}]},{\"@type\":\"ImageObject\",\"inLanguage\":\"de\",\"@id\":\"https:\\\/\\\/www.lichen.pl\\\/13-konwencja-rycerzy-kolumba\\\/#primaryimage\",\"url\":\"https:\\\/\\\/www.lichen.pl\\\/wp-content\\\/uploads\\\/2023\\\/05\\\/IMG_7506-1.jpg\",\"contentUrl\":\"https:\\\/\\\/www.lichen.pl\\\/wp-content\\\/uploads\\\/2023\\\/05\\\/IMG_7506-1.jpg\",\"width\":1920,\"height\":1280},{\"@type\":\"BreadcrumbList\",\"@id\":\"https:\\\/\\\/www.lichen.pl\\\/13-konwencja-rycerzy-kolumba\\\/#breadcrumb\",\"itemListElement\":[{\"@type\":\"ListItem\",\"position\":1,\"name\":\"Strona g\u0142\u00f3wna\",\"item\":\"https:\\\/\\\/www.lichen.pl\\\/\"},{\"@type\":\"ListItem\",\"position\":2,\"name\":\"XIII Konwencja Stanowa Rycerzy Kolumba w Polsce\"}]},{\"@type\":\"WebSite\",\"@id\":\"https:\\\/\\\/www.lichen.pl\\\/fr\\\/#website\",\"url\":\"https:\\\/\\\/www.lichen.pl\\\/fr\\\/\",\"name\":\"SANKTUARIUM W LICHENIU\",\"description\":\"MATKI BO\u017bEJ LICHE\u0143SKIEJ BOLESNEJ KR\u00d3LOWEJ POLSKI\",\"potentialAction\":[{\"@type\":\"SearchAction\",\"target\":{\"@type\":\"EntryPoint\",\"urlTemplate\":\"https:\\\/\\\/www.lichen.pl\\\/fr\\\/?s={search_term_string}\"},\"query-input\":{\"@type\":\"PropertyValueSpecification\",\"valueRequired\":true,\"valueName\":\"search_term_string\"}}],\"inLanguage\":\"de\"},{\"@type\":\"Person\",\"@id\":\"https:\\\/\\\/www.lichen.pl\\\/fr\\\/#\\\/schema\\\/person\\\/9f57a1408d363022abd305da0323b703\",\"name\":\"Justyna Zacharek\",\"image\":{\"@type\":\"ImageObject\",\"inLanguage\":\"de\",\"@id\":\"https:\\\/\\\/secure.gravatar.com\\\/avatar\\\/7be193626a4fb4d6a7d53a7686c3bbf938efff653c427e0182457b838e9d2c3b?s=96&d=retro&r=g\",\"url\":\"https:\\\/\\\/secure.gravatar.com\\\/avatar\\\/7be193626a4fb4d6a7d53a7686c3bbf938efff653c427e0182457b838e9d2c3b?s=96&d=retro&r=g\",\"contentUrl\":\"https:\\\/\\\/secure.gravatar.com\\\/avatar\\\/7be193626a4fb4d6a7d53a7686c3bbf938efff653c427e0182457b838e9d2c3b?s=96&d=retro&r=g\",\"caption\":\"Justyna Zacharek\"},\"url\":\"https:\\\/\\\/www.lichen.pl\\\/de\\\/author\\\/justyna\\\/\"}]}<\/script>\n<!-- \/ Yoast SEO plugin. -->","yoast_head_json":{"title":"XIII Konwencja Stanowa Rycerzy Kolumba w Polsce - SANKTUARIUM W LICHENIU","robots":{"index":"index","follow":"follow","max-snippet":"max-snippet:-1","max-image-preview":"max-image-preview:large","max-video-preview":"max-video-preview:-1"},"canonical":"https:\/\/www.lichen.pl\/de\/13-konwencja-rycerzy-kolumba\/","og_locale":"de_DE","og_type":"article","og_title":"XIII Konwencja Stanowa Rycerzy Kolumba w Polsce - SANKTUARIUM W LICHENIU","og_description":"Okazj\u0105 do wsp\u00f3lnej modlitwy, podsumowania dzia\u0142alno\u015bci oraz wymiany do\u015bwiadcze\u0144 w realizowaniu misji swojego za\u0142o\u017cyciela, b\u0142. ks. McGivneya by\u0142a XIII Stanowa Konwencja Rycerzy Kolumba w Polsce. \u201eJezus Chrystus jest t\u0105 zasadnicz\u0105 drog\u0105 Ko\u015bcio\u0142a. On sam jest nasz\u0105 drog\u0105 do domu Ojca\u201d \u2013 to s\u0142owa zaczerpni\u0119te z pierwszej encykliki \u015bw. Jana Paw\u0142a II \u201eRedemptor hominis\u201d to has\u0142o [&hellip;]","og_url":"https:\/\/www.lichen.pl\/de\/13-konwencja-rycerzy-kolumba\/","og_site_name":"SANKTUARIUM W LICHENIU","article_published_time":"2023-05-20T04:40:19+00:00","article_modified_time":"2023-05-20T21:03:47+00:00","og_image":[{"width":1024,"height":683,"url":"https:\/\/www.lichen.pl\/wp-content\/uploads\/2023\/05\/IMG_7506-1-1024x683.jpg","type":"image\/jpeg"}],"author":"Justyna Zacharek","twitter_card":"summary_large_image","twitter_misc":{"Verfasst von":"Justyna Zacharek","Gesch\u00e4tzte Lesezeit":"11\u00a0Minuten"},"schema":{"@context":"https:\/\/schema.org","@graph":[{"@type":"Article","@id":"https:\/\/www.lichen.pl\/13-konwencja-rycerzy-kolumba\/#article","isPartOf":{"@id":"https:\/\/www.lichen.pl\/13-konwencja-rycerzy-kolumba\/"},"author":{"name":"Justyna Zacharek","@id":"https:\/\/www.lichen.pl\/fr\/#\/schema\/person\/9f57a1408d363022abd305da0323b703"},"headline":"XIII Konwencja Stanowa Rycerzy Kolumba w Polsce","datePublished":"2023-05-20T04:40:19+00:00","dateModified":"2023-05-20T21:03:47+00:00","mainEntityOfPage":{"@id":"https:\/\/www.lichen.pl\/13-konwencja-rycerzy-kolumba\/"},"wordCount":982,"commentCount":0,"image":{"@id":"https:\/\/www.lichen.pl\/13-konwencja-rycerzy-kolumba\/#primaryimage"},"thumbnailUrl":"https:\/\/www.lichen.pl\/wp-content\/uploads\/2023\/05\/IMG_7506-1.jpg","articleSection":["Aktualno\u015bci"],"inLanguage":"de","potentialAction":[{"@type":"CommentAction","name":"Comment","target":["https:\/\/www.lichen.pl\/13-konwencja-rycerzy-kolumba\/#respond"]}]},{"@type":"WebPage","@id":"https:\/\/www.lichen.pl\/13-konwencja-rycerzy-kolumba\/","url":"https:\/\/www.lichen.pl\/13-konwencja-rycerzy-kolumba\/","name":"XIII Konwencja Stanowa Rycerzy Kolumba w Polsce - SANKTUARIUM W LICHENIU","isPartOf":{"@id":"https:\/\/www.lichen.pl\/fr\/#website"},"primaryImageOfPage":{"@id":"https:\/\/www.lichen.pl\/13-konwencja-rycerzy-kolumba\/#primaryimage"},"image":{"@id":"https:\/\/www.lichen.pl\/13-konwencja-rycerzy-kolumba\/#primaryimage"},"thumbnailUrl":"https:\/\/www.lichen.pl\/wp-content\/uploads\/2023\/05\/IMG_7506-1.jpg","datePublished":"2023-05-20T04:40:19+00:00","dateModified":"2023-05-20T21:03:47+00:00","author":{"@id":"https:\/\/www.lichen.pl\/fr\/#\/schema\/person\/9f57a1408d363022abd305da0323b703"},"breadcrumb":{"@id":"https:\/\/www.lichen.pl\/13-konwencja-rycerzy-kolumba\/#breadcrumb"},"inLanguage":"de","potentialAction":[{"@type":"ReadAction","target":["https:\/\/www.lichen.pl\/13-konwencja-rycerzy-kolumba\/"]}]},{"@type":"ImageObject","inLanguage":"de","@id":"https:\/\/www.lichen.pl\/13-konwencja-rycerzy-kolumba\/#primaryimage","url":"https:\/\/www.lichen.pl\/wp-content\/uploads\/2023\/05\/IMG_7506-1.jpg","contentUrl":"https:\/\/www.lichen.pl\/wp-content\/uploads\/2023\/05\/IMG_7506-1.jpg","width":1920,"height":1280},{"@type":"BreadcrumbList","@id":"https:\/\/www.lichen.pl\/13-konwencja-rycerzy-kolumba\/#breadcrumb","itemListElement":[{"@type":"ListItem","position":1,"name":"Strona g\u0142\u00f3wna","item":"https:\/\/www.lichen.pl\/"},{"@type":"ListItem","position":2,"name":"XIII Konwencja Stanowa Rycerzy Kolumba w Polsce"}]},{"@type":"WebSite","@id":"https:\/\/www.lichen.pl\/fr\/#website","url":"https:\/\/www.lichen.pl\/fr\/","name":"HEILIGTUM IN LICHENIEN","description":"DIE TRAURIGE K\u00d6NIGIN UNSERER FLECHEN VON POLEN","potentialAction":[{"@type":"SearchAction","target":{"@type":"EntryPoint","urlTemplate":"https:\/\/www.lichen.pl\/fr\/?s={search_term_string}"},"query-input":{"@type":"PropertyValueSpecification","valueRequired":true,"valueName":"search_term_string"}}],"inLanguage":"de"},{"@type":"Person","@id":"https:\/\/www.lichen.pl\/fr\/#\/schema\/person\/9f57a1408d363022abd305da0323b703","name":"Justyna Zacharek","image":{"@type":"ImageObject","inLanguage":"de","@id":"https:\/\/secure.gravatar.com\/avatar\/7be193626a4fb4d6a7d53a7686c3bbf938efff653c427e0182457b838e9d2c3b?s=96&d=retro&r=g","url":"https:\/\/secure.gravatar.com\/avatar\/7be193626a4fb4d6a7d53a7686c3bbf938efff653c427e0182457b838e9d2c3b?s=96&d=retro&r=g","contentUrl":"https:\/\/secure.gravatar.com\/avatar\/7be193626a4fb4d6a7d53a7686c3bbf938efff653c427e0182457b838e9d2c3b?s=96&d=retro&r=g","caption":"Justyna Zacharek"},"url":"https:\/\/www.lichen.pl\/de\/author\/justyna\/"}]}},"_links":{"self":[{"href":"https:\/\/www.lichen.pl\/de\/wp-json\/wp\/v2\/posts\/53163","targetHints":{"allow":["GET"]}}],"collection":[{"href":"https:\/\/www.lichen.pl\/de\/wp-json\/wp\/v2\/posts"}],"about":[{"href":"https:\/\/www.lichen.pl\/de\/wp-json\/wp\/v2\/types\/post"}],"author":[{"embeddable":true,"href":"https:\/\/www.lichen.pl\/de\/wp-json\/wp\/v2\/users\/5"}],"replies":[{"embeddable":true,"href":"https:\/\/www.lichen.pl\/de\/wp-json\/wp\/v2\/comments?post=53163"}],"version-history":[{"count":14,"href":"https:\/\/www.lichen.pl\/de\/wp-json\/wp\/v2\/posts\/53163\/revisions"}],"predecessor-version":[{"id":53276,"href":"https:\/\/www.lichen.pl\/de\/wp-json\/wp\/v2\/posts\/53163\/revisions\/53276"}],"wp:featuredmedia":[{"embeddable":true,"href":"https:\/\/www.lichen.pl\/de\/wp-json\/wp\/v2\/media\/53269"}],"wp:attachment":[{"href":"https:\/\/www.lichen.pl\/de\/wp-json\/wp\/v2\/media?parent=53163"}],"wp:term":[{"taxonomy":"category","embeddable":true,"href":"https:\/\/www.lichen.pl\/de\/wp-json\/wp\/v2\/categories?post=53163"},{"taxonomy":"post_tag","embeddable":true,"href":"https:\/\/www.lichen.pl\/de\/wp-json\/wp\/v2\/tags?post=53163"}],"curies":[{"name":"wp","href":"https:\/\/api.w.org\/{rel}","templated":true}]}}