{"id":53184,"date":"2023-05-17T07:54:04","date_gmt":"2023-05-17T05:54:04","guid":{"rendered":"https:\/\/www.lichen.pl\/?p=53184"},"modified":"2023-05-18T12:59:48","modified_gmt":"2023-05-18T10:59:48","slug":"piekno-swiatyni-serca-rekolekcje-maryjne","status":"publish","type":"post","link":"https:\/\/www.lichen.pl\/de\/piekno-swiatyni-serca-rekolekcje-maryjne\/","title":{"rendered":"\u201ePi\u0119kno \u015bwi\u0105tyni serca\u201d rekolekcje maryjne"},"content":{"rendered":"<div data-elementor-type=\"wp-post\" data-elementor-id=\"53184\" class=\"elementor elementor-53184\" data-elementor-post-type=\"post\">\n\t\t\t\t\t\t<section class=\"elementor-section elementor-top-section elementor-element elementor-element-16ce60e elementor-section-boxed elementor-section-height-default elementor-section-height-default\" data-id=\"16ce60e\" data-element_type=\"section\" data-e-type=\"section\">\n\t\t\t\t\t\t<div class=\"elementor-container elementor-column-gap-default\">\n\t\t\t\t\t<div class=\"elementor-column elementor-col-100 elementor-top-column elementor-element elementor-element-a7f5738\" data-id=\"a7f5738\" data-element_type=\"column\" data-e-type=\"column\">\n\t\t\t<div class=\"elementor-widget-wrap elementor-element-populated\">\n\t\t\t\t\t\t<div class=\"elementor-element elementor-element-f0580c6 elementor-widget elementor-widget-text-editor\" data-id=\"f0580c6\" data-element_type=\"widget\" data-e-type=\"widget\" data-widget_type=\"text-editor.default\">\n\t\t\t\t<div class=\"elementor-widget-container\">\n\t\t\t\t\t\t\t\t\t<p><span style=\"color: #000000;\">\u201ePi\u0119kno \u015bwi\u0105tyni serca\u201d to temat rekolekcji maryjnych inspirowanych duchowo\u015bci\u0105 \u015bw. Stanis\u0142awa Papczy\u0144skiego, Za\u0142o\u017cyciela Zgromadzenia Ksi\u0119\u017cy Marian\u00f3w, kt\u00f3re oby\u0142y si\u0119 w dniach 12-14 maja.<\/span><\/p>\t\t\t\t\t\t\t\t<\/div>\n\t\t\t\t<\/div>\n\t\t\t\t<div class=\"elementor-element elementor-element-c471764 elementor-widget elementor-widget-image\" data-id=\"c471764\" data-element_type=\"widget\" data-e-type=\"widget\" data-widget_type=\"image.default\">\n\t\t\t\t<div class=\"elementor-widget-container\">\n\t\t\t\t\t\t\t\t\t\t\t\t\t\t\t<img fetchpriority=\"high\" decoding=\"async\" width=\"1024\" height=\"558\" src=\"https:\/\/www.lichen.pl\/wp-content\/uploads\/2023\/05\/IMG_2187-1024x558.jpg\" class=\"attachment-large size-large wp-image-53191\" alt=\"\" srcset=\"https:\/\/www.lichen.pl\/wp-content\/uploads\/2023\/05\/IMG_2187-1024x558.jpg 1024w, https:\/\/www.lichen.pl\/wp-content\/uploads\/2023\/05\/IMG_2187-800x436.jpg 800w, https:\/\/www.lichen.pl\/wp-content\/uploads\/2023\/05\/IMG_2187-300x164.jpg 300w, https:\/\/www.lichen.pl\/wp-content\/uploads\/2023\/05\/IMG_2187-768x419.jpg 768w, https:\/\/www.lichen.pl\/wp-content\/uploads\/2023\/05\/IMG_2187-1536x837.jpg 1536w, https:\/\/www.lichen.pl\/wp-content\/uploads\/2023\/05\/IMG_2187-18x10.jpg 18w, https:\/\/www.lichen.pl\/wp-content\/uploads\/2023\/05\/IMG_2187.jpg 1600w\" sizes=\"(max-width: 1024px) 100vw, 1024px\" \/>\t\t\t\t\t\t\t\t\t\t\t\t\t\t\t<\/div>\n\t\t\t\t<\/div>\n\t\t\t\t<div class=\"elementor-element elementor-element-bd27860 elementor-widget elementor-widget-text-editor\" data-id=\"bd27860\" data-element_type=\"widget\" data-e-type=\"widget\" data-widget_type=\"text-editor.default\">\n\t\t\t\t<div class=\"elementor-widget-container\">\n\t\t\t\t\t\t\t\t\t<p><span style=\"color: #000000;\">W rozwa\u017caniach rekolekcyjnych, kt\u00f3re prowadzi\u0142 ks. dr Janusz Kumala MIC, kustosz liche\u0144skiego sanktuarium, uczestniczy\u0142y 63 osoby. \u2013 Jeste\u015bmy arcydzie\u0142em Bo\u017cego stworzenia. Od wiek\u00f3w B\u00f3g o nas pomy\u015bla\u0142 i zaplanowa\u0142 nasze istnienie.\u00a0 Ka\u017cdego z nas uczyni\u0142 pi\u0119knym, zachwyca si\u0119 nami i dba, aby\u015bmy naszego duchowego pi\u0119kna nie utracili. Naszym zadaniem jest czuwa\u0107 nad pi\u0119knem serca, czyli \u015bwi\u0105tyni dla Boga. Pi\u0119kny to znaczy te\u017c dobry. W\u0142a\u015bnie poprzez dobro\u0107 ujawnia si\u0119 nasze duchowe pi\u0119kno. B\u00f3g prowadzi nas drog\u0105 mi\u0142o\u015bci bli\u017aniego. Wa\u017cne, aby\u015bmy byli wra\u017cliwi na potrzebuj\u0105cych, czego wz\u00f3r daje nam Maryja spiesz\u0105ca do El\u017cbiety i zauwa\u017caj\u0105ca problem go\u015bci weselnych w Kanie Galilejskiej \u2013 m\u00f3wi\u0142 kustosz sanktuarium.<\/span><\/p><p><span style=\"color: #000000;\">Grupy rekolekcyjne, kt\u00f3re dotar\u0142y z Gda\u0144ska i Pruszcza Gda\u0144skiego, maj\u0105 niezwyk\u0142\u0105 histori\u0119 pielgrzymowania do Matki Bo\u017cej Liche\u0144skiej. Prywatne, kilkuosobowe przyjazdy przerodzi\u0142y si\u0119 w kilkudziesi\u0119cioosobow\u0105 pielgrzymk\u0119.<\/span><\/p>\t\t\t\t\t\t\t\t<\/div>\n\t\t\t\t<\/div>\n\t\t\t\t<div class=\"elementor-element elementor-element-b784cda elementor-widget elementor-widget-image\" data-id=\"b784cda\" data-element_type=\"widget\" data-e-type=\"widget\" data-widget_type=\"image.default\">\n\t\t\t\t<div class=\"elementor-widget-container\">\n\t\t\t\t\t\t\t\t\t\t\t\t\t\t\t<img decoding=\"async\" width=\"1024\" height=\"683\" src=\"https:\/\/www.lichen.pl\/wp-content\/uploads\/2023\/05\/IMG_2165-1024x683.jpg\" class=\"attachment-large size-large wp-image-53186\" alt=\"\" srcset=\"https:\/\/www.lichen.pl\/wp-content\/uploads\/2023\/05\/IMG_2165-1024x683.jpg 1024w, https:\/\/www.lichen.pl\/wp-content\/uploads\/2023\/05\/IMG_2165-800x534.jpg 800w, https:\/\/www.lichen.pl\/wp-content\/uploads\/2023\/05\/IMG_2165-300x200.jpg 300w, https:\/\/www.lichen.pl\/wp-content\/uploads\/2023\/05\/IMG_2165-768x512.jpg 768w, https:\/\/www.lichen.pl\/wp-content\/uploads\/2023\/05\/IMG_2165-1536x1024.jpg 1536w, https:\/\/www.lichen.pl\/wp-content\/uploads\/2023\/05\/IMG_2165-18x12.jpg 18w, https:\/\/www.lichen.pl\/wp-content\/uploads\/2023\/05\/IMG_2165.jpg 1600w\" sizes=\"(max-width: 1024px) 100vw, 1024px\" \/>\t\t\t\t\t\t\t\t\t\t\t\t\t\t\t<\/div>\n\t\t\t\t<\/div>\n\t\t\t\t<div class=\"elementor-element elementor-element-81e862b elementor-widget elementor-widget-text-editor\" data-id=\"81e862b\" data-element_type=\"widget\" data-e-type=\"widget\" data-widget_type=\"text-editor.default\">\n\t\t\t\t<div class=\"elementor-widget-container\">\n\t\t\t\t\t\t\t\t\t<p><span style=\"color: #000000;\">El\u017cbieta Lewandowska czu\u0142a w Licheniu dzia\u0142anie Ducha \u015awi\u0119tego, blisko\u015b\u0107 Matki Bo\u017cej Liche\u0144skiej, Bolesnej Kr\u00f3lowej Polski ze wzgl\u0119du na trudne ma\u0142\u017ce\u0144stwo. \u2013 Chcia\u0142am zatrzyma\u0107 si\u0119 w Licheniu na d\u0142u\u017cej, tak jak u mamy, dlatego znalaz\u0142am si\u0119 na rekolekcjach maryjnych r\u00f3\u017ca\u0144cowych w 1997 r. Okaza\u0142o si\u0119, \u017ce wi\u0119cej os\u00f3b z mojego otoczenia chce pielgrzymowa\u0107 do Matki Bo\u017cej Liche\u0144skiej i uczestniczy\u0107 w rekolekcjach. Rozwiesza\u0142am zaproszenie na rekolekcje w gda\u0144skich ko\u015bcio\u0142ach, prosi\u0142am ksi\u0119\u017cy o b\u0142ogos\u0142awie\u0144stwo i przyje\u017cd\u017ca\u0142am do Lichenia z grup\u0105 uczestnik\u00f3w. Dzi\u015b widz\u0119, \u017ce to by\u0142o Bo\u017ce prowadzenie. Rodziny, ma\u0142\u017ce\u0144stwa, nawet pojedynczo m\u0142odzi ludzie zawsze byli bardzo zadowoleni, potrzebowali blisko\u015bci Maryi, rozwa\u017ca\u0144 duchowych \u2013 podzieli\u0142a si\u0119 El\u017cbieta Lewandowska. Rekolektanci do\u0142\u0105czyli do Duchowej Rodziny Maria\u0144skiej, kt\u00f3ra tworzy wsp\u00f3lnot\u0119 ludzi modlitwy i troszczy si\u0119 o rozw\u00f3j sanktuarium, a ci kt\u00f3rzy nie mog\u0105 pielgrzymowa\u0107 utrzymuj\u0105 wi\u0119\u017a z sanktuarium poprzez listy. \u2013 Czujemy t\u0119 wsp\u00f3lnot\u0119 ducha \u2013 przyzna\u0142a.<\/span><\/p><p><span style=\"color: #000000;\">Pielgrzymowanie Danuty Madejskiej do liche\u0144skiego sanktuarium trwa ju\u017c 30 lat. Na pocz\u0105tku przyjecha\u0142a zawierzy\u0107 ma\u0142\u017ce\u0144stwo syna. \u2013 Przyje\u017cd\u017ca\u0142am sama, ale zapyta\u0142am przypadkowe osoby, czy nie chc\u0105 do\u0142\u0105czy\u0107, mia\u0142am przecie\u017c 4 wolne miejsca w samochodzie. Czu\u0142am, \u017ce te pielgrzymki prowadzi Maryja, nigdy wcze\u015bniej nie by\u0142am organizatork\u0105 wyjazd\u00f3w, a nagle przyje\u017cd\u017cali\u015bmy z parafii ca\u0142ym autokarem. Modl\u0119 si\u0119 o wiar\u0119 dla moich dzieci. Ka\u017cde rekolekcje dotykaj\u0105 serca, daj\u0105 mi bardzo du\u017co korzy\u015bci. Przede wszystkim lepiej pozna\u0142am Pana Boga \u2013 m\u00f3wi Danuta Madejska.<\/span><\/p><p><span style=\"color: #000000;\">W pewnym momencie obie gda\u0144skie grupy spotka\u0142y si\u0119 i przyje\u017cd\u017caj\u0105 do liche\u0144skiego sanktuarium razem. Pielgrzymi mog\u0105 kontynuowa\u0107 swoj\u0105 duchow\u0105 formacj\u0119 maryjn\u0105 poprzez lektur\u0119 czasopism, takich jak \u201eZeszyty Maryjne\u201d i \u201eMatka Pokoju\u201d skierowane do tych, kt\u00f3rzy chc\u0105 pog\u0142\u0119bia\u0107 maryjno\u015b\u0107, a poprzez to wi\u0119\u017a z Panem Bogiem. Rekolektanci, cz\u0142onkowie Duchowej Rodziny Maria\u0144skiej w\u0142\u0105czali si\u0119 tak\u017ce w wolontariat w sanktuarium. I dzi\u015b mog\u0105 zaanga\u017cowa\u0107 si\u0119 w pomoc \u2013 m.in. prace porz\u0105dkowe, remontowe, pomoc piel\u0119gniarsk\u0105 \u2013 i sp\u0119dzi\u0107 w liche\u0144skim sanktuarium wi\u0119cej czasu, a popo\u0142udnia sp\u0119dza\u0107 na wyciszeniu i modlitwie.<\/span><\/p><p><span style=\"color: #000000;\">Najbli\u017csze organizowane przez Centrum Formacji Maryjnej w Licheniu rekolekcje maryjne dla matek \u201ePi\u0119kno macierzy\u0144stwa\u201d odb\u0119d\u0105 si\u0119 w dniach 26-28 maja, a Eucharystyczne rekolekcje maryjne \u201eMsza \u015awi\u0119ta z Maryj\u0105\u201d w dniach\u00a0 9-11 czerwca. Zapraszamy!<\/span><\/p>\t\t\t\t\t\t\t\t<\/div>\n\t\t\t\t<\/div>\n\t\t\t\t<div class=\"elementor-element elementor-element-146fc8b elementor-widget-divider--view-line elementor-widget elementor-widget-divider\" data-id=\"146fc8b\" data-element_type=\"widget\" data-e-type=\"widget\" data-widget_type=\"divider.default\">\n\t\t\t\t<div class=\"elementor-widget-container\">\n\t\t\t\t\t\t\t<div class=\"elementor-divider\">\n\t\t\t<span class=\"elementor-divider-separator\">\n\t\t\t\t\t\t<\/span>\n\t\t<\/div>\n\t\t\t\t\t\t<\/div>\n\t\t\t\t<\/div>\n\t\t\t\t<div class=\"elementor-element elementor-element-d44d660 elementor-widget elementor-widget-gallery\" data-id=\"d44d660\" data-element_type=\"widget\" data-e-type=\"widget\" data-settings=\"{&quot;columns&quot;:3,&quot;lazyload&quot;:&quot;yes&quot;,&quot;gallery_layout&quot;:&quot;grid&quot;,&quot;columns_tablet&quot;:2,&quot;columns_mobile&quot;:1,&quot;gap&quot;:{&quot;unit&quot;:&quot;px&quot;,&quot;size&quot;:10,&quot;sizes&quot;:[]},&quot;gap_tablet&quot;:{&quot;unit&quot;:&quot;px&quot;,&quot;size&quot;:10,&quot;sizes&quot;:[]},&quot;gap_mobile&quot;:{&quot;unit&quot;:&quot;px&quot;,&quot;size&quot;:10,&quot;sizes&quot;:[]},&quot;link_to&quot;:&quot;file&quot;,&quot;aspect_ratio&quot;:&quot;3:2&quot;,&quot;overlay_background&quot;:&quot;yes&quot;,&quot;content_hover_animation&quot;:&quot;fade-in&quot;}\" data-widget_type=\"gallery.default\">\n\t\t\t\t<div class=\"elementor-widget-container\">\n\t\t\t\t\t\t\t<div class=\"elementor-gallery__container\">\n\t\t\t\t\t\t\t<a class=\"e-gallery-item elementor-gallery-item elementor-animated-content\" href=\"https:\/\/www.lichen.pl\/wp-content\/uploads\/2023\/05\/IMG_2163.jpg\" data-elementor-open-lightbox=\"yes\" data-elementor-lightbox-slideshow=\"d44d660\" data-elementor-lightbox-title=\"IMG_2163\" data-e-action-hash=\"#elementor-action%3Aaction%3Dlightbox%26settings%3DeyJpZCI6NTMxODUsInVybCI6Imh0dHBzOlwvXC93d3cubGljaGVuLnBsXC93cC1jb250ZW50XC91cGxvYWRzXC8yMDIzXC8wNVwvSU1HXzIxNjMuanBnIiwic2xpZGVzaG93IjoiZDQ0ZDY2MCJ9\">\n\t\t\t\t\t<div class=\"e-gallery-image elementor-gallery-item__image\" data-thumbnail=\"https:\/\/www.lichen.pl\/wp-content\/uploads\/2023\/05\/IMG_2163-300x200.jpg\" data-width=\"300\" data-height=\"200\" aria-label=\"\" role=\"img\" ><\/div>\n\t\t\t\t\t\t\t\t\t\t\t<div class=\"elementor-gallery-item__overlay\"><\/div>\n\t\t\t\t\t\t\t\t\t\t\t\t\t\t<\/a>\n\t\t\t\t\t\t\t<a class=\"e-gallery-item elementor-gallery-item elementor-animated-content\" href=\"https:\/\/www.lichen.pl\/wp-content\/uploads\/2023\/05\/IMG_2165.jpg\" data-elementor-open-lightbox=\"yes\" data-elementor-lightbox-slideshow=\"d44d660\" data-elementor-lightbox-title=\"IMG_2165\" data-e-action-hash=\"#elementor-action%3Aaction%3Dlightbox%26settings%3DeyJpZCI6NTMxODYsInVybCI6Imh0dHBzOlwvXC93d3cubGljaGVuLnBsXC93cC1jb250ZW50XC91cGxvYWRzXC8yMDIzXC8wNVwvSU1HXzIxNjUuanBnIiwic2xpZGVzaG93IjoiZDQ0ZDY2MCJ9\">\n\t\t\t\t\t<div class=\"e-gallery-image elementor-gallery-item__image\" data-thumbnail=\"https:\/\/www.lichen.pl\/wp-content\/uploads\/2023\/05\/IMG_2165-300x200.jpg\" data-width=\"300\" data-height=\"200\" aria-label=\"\" role=\"img\" ><\/div>\n\t\t\t\t\t\t\t\t\t\t\t<div class=\"elementor-gallery-item__overlay\"><\/div>\n\t\t\t\t\t\t\t\t\t\t\t\t\t\t<\/a>\n\t\t\t\t\t\t\t<a class=\"e-gallery-item elementor-gallery-item elementor-animated-content\" href=\"https:\/\/www.lichen.pl\/wp-content\/uploads\/2023\/05\/IMG_2168.jpg\" data-elementor-open-lightbox=\"yes\" data-elementor-lightbox-slideshow=\"d44d660\" data-elementor-lightbox-title=\"IMG_2168\" data-e-action-hash=\"#elementor-action%3Aaction%3Dlightbox%26settings%3DeyJpZCI6NTMxODcsInVybCI6Imh0dHBzOlwvXC93d3cubGljaGVuLnBsXC93cC1jb250ZW50XC91cGxvYWRzXC8yMDIzXC8wNVwvSU1HXzIxNjguanBnIiwic2xpZGVzaG93IjoiZDQ0ZDY2MCJ9\">\n\t\t\t\t\t<div class=\"e-gallery-image elementor-gallery-item__image\" data-thumbnail=\"https:\/\/www.lichen.pl\/wp-content\/uploads\/2023\/05\/IMG_2168-300x200.jpg\" data-width=\"300\" data-height=\"200\" aria-label=\"\" role=\"img\" ><\/div>\n\t\t\t\t\t\t\t\t\t\t\t<div class=\"elementor-gallery-item__overlay\"><\/div>\n\t\t\t\t\t\t\t\t\t\t\t\t\t\t<\/a>\n\t\t\t\t\t\t\t<a class=\"e-gallery-item elementor-gallery-item elementor-animated-content\" href=\"https:\/\/www.lichen.pl\/wp-content\/uploads\/2023\/05\/IMG_2170.jpg\" data-elementor-open-lightbox=\"yes\" data-elementor-lightbox-slideshow=\"d44d660\" data-elementor-lightbox-title=\"IMG_2170\" data-e-action-hash=\"#elementor-action%3Aaction%3Dlightbox%26settings%3DeyJpZCI6NTMxODgsInVybCI6Imh0dHBzOlwvXC93d3cubGljaGVuLnBsXC93cC1jb250ZW50XC91cGxvYWRzXC8yMDIzXC8wNVwvSU1HXzIxNzAuanBnIiwic2xpZGVzaG93IjoiZDQ0ZDY2MCJ9\">\n\t\t\t\t\t<div class=\"e-gallery-image elementor-gallery-item__image\" data-thumbnail=\"https:\/\/www.lichen.pl\/wp-content\/uploads\/2023\/05\/IMG_2170-300x200.jpg\" data-width=\"300\" data-height=\"200\" aria-label=\"\" role=\"img\" ><\/div>\n\t\t\t\t\t\t\t\t\t\t\t<div class=\"elementor-gallery-item__overlay\"><\/div>\n\t\t\t\t\t\t\t\t\t\t\t\t\t\t<\/a>\n\t\t\t\t\t\t\t<a class=\"e-gallery-item elementor-gallery-item elementor-animated-content\" href=\"https:\/\/www.lichen.pl\/wp-content\/uploads\/2023\/05\/IMG_2176.jpg\" data-elementor-open-lightbox=\"yes\" data-elementor-lightbox-slideshow=\"d44d660\" data-elementor-lightbox-title=\"IMG_2176\" data-e-action-hash=\"#elementor-action%3Aaction%3Dlightbox%26settings%3DeyJpZCI6NTMxODksInVybCI6Imh0dHBzOlwvXC93d3cubGljaGVuLnBsXC93cC1jb250ZW50XC91cGxvYWRzXC8yMDIzXC8wNVwvSU1HXzIxNzYuanBnIiwic2xpZGVzaG93IjoiZDQ0ZDY2MCJ9\">\n\t\t\t\t\t<div class=\"e-gallery-image elementor-gallery-item__image\" data-thumbnail=\"https:\/\/www.lichen.pl\/wp-content\/uploads\/2023\/05\/IMG_2176-300x200.jpg\" data-width=\"300\" data-height=\"200\" aria-label=\"\" role=\"img\" ><\/div>\n\t\t\t\t\t\t\t\t\t\t\t<div class=\"elementor-gallery-item__overlay\"><\/div>\n\t\t\t\t\t\t\t\t\t\t\t\t\t\t<\/a>\n\t\t\t\t\t\t\t<a class=\"e-gallery-item elementor-gallery-item elementor-animated-content\" href=\"https:\/\/www.lichen.pl\/wp-content\/uploads\/2023\/05\/IMG_2181.jpg\" data-elementor-open-lightbox=\"yes\" data-elementor-lightbox-slideshow=\"d44d660\" data-elementor-lightbox-title=\"IMG_2181\" data-e-action-hash=\"#elementor-action%3Aaction%3Dlightbox%26settings%3DeyJpZCI6NTMxOTAsInVybCI6Imh0dHBzOlwvXC93d3cubGljaGVuLnBsXC93cC1jb250ZW50XC91cGxvYWRzXC8yMDIzXC8wNVwvSU1HXzIxODEuanBnIiwic2xpZGVzaG93IjoiZDQ0ZDY2MCJ9\">\n\t\t\t\t\t<div class=\"e-gallery-image elementor-gallery-item__image\" data-thumbnail=\"https:\/\/www.lichen.pl\/wp-content\/uploads\/2023\/05\/IMG_2181-300x200.jpg\" data-width=\"300\" data-height=\"200\" aria-label=\"\" role=\"img\" ><\/div>\n\t\t\t\t\t\t\t\t\t\t\t<div class=\"elementor-gallery-item__overlay\"><\/div>\n\t\t\t\t\t\t\t\t\t\t\t\t\t\t<\/a>\n\t\t\t\t\t<\/div>\n\t\t\t\t\t<\/div>\n\t\t\t\t<\/div>\n\t\t\t\t\t<\/div>\n\t\t<\/div>\n\t\t\t\t\t<\/div>\n\t\t<\/section>\n\t\t\t\t<\/div>","protected":false},"excerpt":{"rendered":"<p>\u201ePi\u0119kno \u015bwi\u0105tyni serca\u201d to temat rekolekcji maryjnych inspirowanych duchowo\u015bci\u0105 \u015bw. Stanis\u0142awa Papczy\u0144skiego, Za\u0142o\u017cyciela Zgromadzenia Ksi\u0119\u017cy Marian\u00f3w, kt\u00f3re oby\u0142y si\u0119 w dniach 12-14 maja. W rozwa\u017caniach rekolekcyjnych, kt\u00f3re prowadzi\u0142 ks. dr Janusz Kumala MIC, kustosz liche\u0144skiego sanktuarium, uczestniczy\u0142y 63 osoby. \u2013 Jeste\u015bmy arcydzie\u0142em Bo\u017cego stworzenia. Od wiek\u00f3w B\u00f3g o nas pomy\u015bla\u0142 i zaplanowa\u0142 nasze istnienie.\u00a0 Ka\u017cdego [&hellip;]<\/p>\n","protected":false},"author":6,"featured_media":53191,"comment_status":"closed","ping_status":"closed","sticky":false,"template":"","format":"standard","meta":{"footnotes":""},"categories":[1],"tags":[],"class_list":["post-53184","post","type-post","status-publish","format-standard","has-post-thumbnail","hentry","category-aktualnosci","wpbf-post"],"yoast_head":"<!-- This site is optimized with the Yoast SEO plugin v27.4 - https:\/\/yoast.com\/product\/yoast-seo-wordpress\/ -->\n<title>\u201ePi\u0119kno \u015bwi\u0105tyni serca\u201d rekolekcje maryjne - SANKTUARIUM W LICHENIU<\/title>\n<meta name=\"robots\" content=\"index, follow, max-snippet:-1, max-image-preview:large, max-video-preview:-1\" \/>\n<link rel=\"canonical\" href=\"https:\/\/www.lichen.pl\/de\/piekno-swiatyni-serca-rekolekcje-maryjne\/\" \/>\n<meta property=\"og:locale\" content=\"de_DE\" \/>\n<meta property=\"og:type\" content=\"article\" \/>\n<meta property=\"og:title\" content=\"\u201ePi\u0119kno \u015bwi\u0105tyni serca\u201d rekolekcje maryjne - SANKTUARIUM W LICHENIU\" \/>\n<meta property=\"og:description\" content=\"\u201ePi\u0119kno \u015bwi\u0105tyni serca\u201d to temat rekolekcji maryjnych inspirowanych duchowo\u015bci\u0105 \u015bw. Stanis\u0142awa Papczy\u0144skiego, Za\u0142o\u017cyciela Zgromadzenia Ksi\u0119\u017cy Marian\u00f3w, kt\u00f3re oby\u0142y si\u0119 w dniach 12-14 maja. W rozwa\u017caniach rekolekcyjnych, kt\u00f3re prowadzi\u0142 ks. dr Janusz Kumala MIC, kustosz liche\u0144skiego sanktuarium, uczestniczy\u0142y 63 osoby. \u2013 Jeste\u015bmy arcydzie\u0142em Bo\u017cego stworzenia. Od wiek\u00f3w B\u00f3g o nas pomy\u015bla\u0142 i zaplanowa\u0142 nasze istnienie.\u00a0 Ka\u017cdego [&hellip;]\" \/>\n<meta property=\"og:url\" content=\"https:\/\/www.lichen.pl\/de\/piekno-swiatyni-serca-rekolekcje-maryjne\/\" \/>\n<meta property=\"og:site_name\" content=\"SANKTUARIUM W LICHENIU\" \/>\n<meta property=\"article:published_time\" content=\"2023-05-17T05:54:04+00:00\" \/>\n<meta property=\"article:modified_time\" content=\"2023-05-18T10:59:48+00:00\" \/>\n<meta property=\"og:image\" content=\"https:\/\/www.lichen.pl\/wp-content\/uploads\/2023\/05\/IMG_2187.jpg\" \/>\n\t<meta property=\"og:image:width\" content=\"1600\" \/>\n\t<meta property=\"og:image:height\" content=\"872\" \/>\n\t<meta property=\"og:image:type\" content=\"image\/jpeg\" \/>\n<meta name=\"author\" content=\"AMELIA SIUDA-KOSZELA\" \/>\n<meta name=\"twitter:card\" content=\"summary_large_image\" \/>\n<meta name=\"twitter:label1\" content=\"Verfasst von\" \/>\n\t<meta name=\"twitter:data1\" content=\"AMELIA SIUDA-KOSZELA\" \/>\n\t<meta name=\"twitter:label2\" content=\"Gesch\u00e4tzte Lesezeit\" \/>\n\t<meta name=\"twitter:data2\" content=\"4\u00a0Minuten\" \/>\n<script type=\"application\/ld+json\" class=\"yoast-schema-graph\">{\"@context\":\"https:\\\/\\\/schema.org\",\"@graph\":[{\"@type\":\"Article\",\"@id\":\"https:\\\/\\\/www.lichen.pl\\\/piekno-swiatyni-serca-rekolekcje-maryjne\\\/#article\",\"isPartOf\":{\"@id\":\"https:\\\/\\\/www.lichen.pl\\\/piekno-swiatyni-serca-rekolekcje-maryjne\\\/\"},\"author\":{\"name\":\"AMELIA SIUDA-KOSZELA\",\"@id\":\"https:\\\/\\\/www.lichen.pl\\\/fr\\\/#\\\/schema\\\/person\\\/70bf824c102f176cf976b0d90af0d62a\"},\"headline\":\"\u201ePi\u0119kno \u015bwi\u0105tyni serca\u201d rekolekcje maryjne\",\"datePublished\":\"2023-05-17T05:54:04+00:00\",\"dateModified\":\"2023-05-18T10:59:48+00:00\",\"mainEntityOfPage\":{\"@id\":\"https:\\\/\\\/www.lichen.pl\\\/piekno-swiatyni-serca-rekolekcje-maryjne\\\/\"},\"wordCount\":637,\"image\":{\"@id\":\"https:\\\/\\\/www.lichen.pl\\\/piekno-swiatyni-serca-rekolekcje-maryjne\\\/#primaryimage\"},\"thumbnailUrl\":\"https:\\\/\\\/www.lichen.pl\\\/wp-content\\\/uploads\\\/2023\\\/05\\\/IMG_2187.jpg\",\"articleSection\":[\"Aktualno\u015bci\"],\"inLanguage\":\"de\"},{\"@type\":\"WebPage\",\"@id\":\"https:\\\/\\\/www.lichen.pl\\\/piekno-swiatyni-serca-rekolekcje-maryjne\\\/\",\"url\":\"https:\\\/\\\/www.lichen.pl\\\/piekno-swiatyni-serca-rekolekcje-maryjne\\\/\",\"name\":\"\u201ePi\u0119kno \u015bwi\u0105tyni serca\u201d rekolekcje maryjne - SANKTUARIUM W LICHENIU\",\"isPartOf\":{\"@id\":\"https:\\\/\\\/www.lichen.pl\\\/fr\\\/#website\"},\"primaryImageOfPage\":{\"@id\":\"https:\\\/\\\/www.lichen.pl\\\/piekno-swiatyni-serca-rekolekcje-maryjne\\\/#primaryimage\"},\"image\":{\"@id\":\"https:\\\/\\\/www.lichen.pl\\\/piekno-swiatyni-serca-rekolekcje-maryjne\\\/#primaryimage\"},\"thumbnailUrl\":\"https:\\\/\\\/www.lichen.pl\\\/wp-content\\\/uploads\\\/2023\\\/05\\\/IMG_2187.jpg\",\"datePublished\":\"2023-05-17T05:54:04+00:00\",\"dateModified\":\"2023-05-18T10:59:48+00:00\",\"author\":{\"@id\":\"https:\\\/\\\/www.lichen.pl\\\/fr\\\/#\\\/schema\\\/person\\\/70bf824c102f176cf976b0d90af0d62a\"},\"breadcrumb\":{\"@id\":\"https:\\\/\\\/www.lichen.pl\\\/piekno-swiatyni-serca-rekolekcje-maryjne\\\/#breadcrumb\"},\"inLanguage\":\"de\",\"potentialAction\":[{\"@type\":\"ReadAction\",\"target\":[\"https:\\\/\\\/www.lichen.pl\\\/piekno-swiatyni-serca-rekolekcje-maryjne\\\/\"]}]},{\"@type\":\"ImageObject\",\"inLanguage\":\"de\",\"@id\":\"https:\\\/\\\/www.lichen.pl\\\/piekno-swiatyni-serca-rekolekcje-maryjne\\\/#primaryimage\",\"url\":\"https:\\\/\\\/www.lichen.pl\\\/wp-content\\\/uploads\\\/2023\\\/05\\\/IMG_2187.jpg\",\"contentUrl\":\"https:\\\/\\\/www.lichen.pl\\\/wp-content\\\/uploads\\\/2023\\\/05\\\/IMG_2187.jpg\",\"width\":1600,\"height\":872},{\"@type\":\"BreadcrumbList\",\"@id\":\"https:\\\/\\\/www.lichen.pl\\\/piekno-swiatyni-serca-rekolekcje-maryjne\\\/#breadcrumb\",\"itemListElement\":[{\"@type\":\"ListItem\",\"position\":1,\"name\":\"Strona g\u0142\u00f3wna\",\"item\":\"https:\\\/\\\/www.lichen.pl\\\/\"},{\"@type\":\"ListItem\",\"position\":2,\"name\":\"\u201ePi\u0119kno \u015bwi\u0105tyni serca\u201d rekolekcje maryjne\"}]},{\"@type\":\"WebSite\",\"@id\":\"https:\\\/\\\/www.lichen.pl\\\/fr\\\/#website\",\"url\":\"https:\\\/\\\/www.lichen.pl\\\/fr\\\/\",\"name\":\"SANKTUARIUM W LICHENIU\",\"description\":\"MATKI BO\u017bEJ LICHE\u0143SKIEJ BOLESNEJ KR\u00d3LOWEJ POLSKI\",\"potentialAction\":[{\"@type\":\"SearchAction\",\"target\":{\"@type\":\"EntryPoint\",\"urlTemplate\":\"https:\\\/\\\/www.lichen.pl\\\/fr\\\/?s={search_term_string}\"},\"query-input\":{\"@type\":\"PropertyValueSpecification\",\"valueRequired\":true,\"valueName\":\"search_term_string\"}}],\"inLanguage\":\"de\"},{\"@type\":\"Person\",\"@id\":\"https:\\\/\\\/www.lichen.pl\\\/fr\\\/#\\\/schema\\\/person\\\/70bf824c102f176cf976b0d90af0d62a\",\"name\":\"AMELIA SIUDA-KOSZELA\",\"image\":{\"@type\":\"ImageObject\",\"inLanguage\":\"de\",\"@id\":\"https:\\\/\\\/secure.gravatar.com\\\/avatar\\\/a0f9a92186ab02fb8db116f5388e3bc7280dd7bd01565c5d6b7ceb07ff27d6d9?s=96&d=retro&r=g\",\"url\":\"https:\\\/\\\/secure.gravatar.com\\\/avatar\\\/a0f9a92186ab02fb8db116f5388e3bc7280dd7bd01565c5d6b7ceb07ff27d6d9?s=96&d=retro&r=g\",\"contentUrl\":\"https:\\\/\\\/secure.gravatar.com\\\/avatar\\\/a0f9a92186ab02fb8db116f5388e3bc7280dd7bd01565c5d6b7ceb07ff27d6d9?s=96&d=retro&r=g\",\"caption\":\"AMELIA SIUDA-KOSZELA\"},\"url\":\"https:\\\/\\\/www.lichen.pl\\\/de\\\/author\\\/amelia\\\/\"}]}<\/script>\n<!-- \/ Yoast SEO plugin. -->","yoast_head_json":{"title":"\u201ePi\u0119kno \u015bwi\u0105tyni serca\u201d rekolekcje maryjne - SANKTUARIUM W LICHENIU","robots":{"index":"index","follow":"follow","max-snippet":"max-snippet:-1","max-image-preview":"max-image-preview:large","max-video-preview":"max-video-preview:-1"},"canonical":"https:\/\/www.lichen.pl\/de\/piekno-swiatyni-serca-rekolekcje-maryjne\/","og_locale":"de_DE","og_type":"article","og_title":"\u201ePi\u0119kno \u015bwi\u0105tyni serca\u201d rekolekcje maryjne - SANKTUARIUM W LICHENIU","og_description":"\u201ePi\u0119kno \u015bwi\u0105tyni serca\u201d to temat rekolekcji maryjnych inspirowanych duchowo\u015bci\u0105 \u015bw. Stanis\u0142awa Papczy\u0144skiego, Za\u0142o\u017cyciela Zgromadzenia Ksi\u0119\u017cy Marian\u00f3w, kt\u00f3re oby\u0142y si\u0119 w dniach 12-14 maja. W rozwa\u017caniach rekolekcyjnych, kt\u00f3re prowadzi\u0142 ks. dr Janusz Kumala MIC, kustosz liche\u0144skiego sanktuarium, uczestniczy\u0142y 63 osoby. \u2013 Jeste\u015bmy arcydzie\u0142em Bo\u017cego stworzenia. Od wiek\u00f3w B\u00f3g o nas pomy\u015bla\u0142 i zaplanowa\u0142 nasze istnienie.\u00a0 Ka\u017cdego [&hellip;]","og_url":"https:\/\/www.lichen.pl\/de\/piekno-swiatyni-serca-rekolekcje-maryjne\/","og_site_name":"SANKTUARIUM W LICHENIU","article_published_time":"2023-05-17T05:54:04+00:00","article_modified_time":"2023-05-18T10:59:48+00:00","og_image":[{"width":1600,"height":872,"url":"https:\/\/www.lichen.pl\/wp-content\/uploads\/2023\/05\/IMG_2187.jpg","type":"image\/jpeg"}],"author":"AMELIA SIUDA-KOSZELA","twitter_card":"summary_large_image","twitter_misc":{"Verfasst von":"AMELIA SIUDA-KOSZELA","Gesch\u00e4tzte Lesezeit":"4\u00a0Minuten"},"schema":{"@context":"https:\/\/schema.org","@graph":[{"@type":"Article","@id":"https:\/\/www.lichen.pl\/piekno-swiatyni-serca-rekolekcje-maryjne\/#article","isPartOf":{"@id":"https:\/\/www.lichen.pl\/piekno-swiatyni-serca-rekolekcje-maryjne\/"},"author":{"name":"AMELIA SIUDA-KOSZELA","@id":"https:\/\/www.lichen.pl\/fr\/#\/schema\/person\/70bf824c102f176cf976b0d90af0d62a"},"headline":"\u201ePi\u0119kno \u015bwi\u0105tyni serca\u201d rekolekcje maryjne","datePublished":"2023-05-17T05:54:04+00:00","dateModified":"2023-05-18T10:59:48+00:00","mainEntityOfPage":{"@id":"https:\/\/www.lichen.pl\/piekno-swiatyni-serca-rekolekcje-maryjne\/"},"wordCount":637,"image":{"@id":"https:\/\/www.lichen.pl\/piekno-swiatyni-serca-rekolekcje-maryjne\/#primaryimage"},"thumbnailUrl":"https:\/\/www.lichen.pl\/wp-content\/uploads\/2023\/05\/IMG_2187.jpg","articleSection":["Aktualno\u015bci"],"inLanguage":"de"},{"@type":"WebPage","@id":"https:\/\/www.lichen.pl\/piekno-swiatyni-serca-rekolekcje-maryjne\/","url":"https:\/\/www.lichen.pl\/piekno-swiatyni-serca-rekolekcje-maryjne\/","name":"\u201ePi\u0119kno \u015bwi\u0105tyni serca\u201d rekolekcje maryjne - SANKTUARIUM W LICHENIU","isPartOf":{"@id":"https:\/\/www.lichen.pl\/fr\/#website"},"primaryImageOfPage":{"@id":"https:\/\/www.lichen.pl\/piekno-swiatyni-serca-rekolekcje-maryjne\/#primaryimage"},"image":{"@id":"https:\/\/www.lichen.pl\/piekno-swiatyni-serca-rekolekcje-maryjne\/#primaryimage"},"thumbnailUrl":"https:\/\/www.lichen.pl\/wp-content\/uploads\/2023\/05\/IMG_2187.jpg","datePublished":"2023-05-17T05:54:04+00:00","dateModified":"2023-05-18T10:59:48+00:00","author":{"@id":"https:\/\/www.lichen.pl\/fr\/#\/schema\/person\/70bf824c102f176cf976b0d90af0d62a"},"breadcrumb":{"@id":"https:\/\/www.lichen.pl\/piekno-swiatyni-serca-rekolekcje-maryjne\/#breadcrumb"},"inLanguage":"de","potentialAction":[{"@type":"ReadAction","target":["https:\/\/www.lichen.pl\/piekno-swiatyni-serca-rekolekcje-maryjne\/"]}]},{"@type":"ImageObject","inLanguage":"de","@id":"https:\/\/www.lichen.pl\/piekno-swiatyni-serca-rekolekcje-maryjne\/#primaryimage","url":"https:\/\/www.lichen.pl\/wp-content\/uploads\/2023\/05\/IMG_2187.jpg","contentUrl":"https:\/\/www.lichen.pl\/wp-content\/uploads\/2023\/05\/IMG_2187.jpg","width":1600,"height":872},{"@type":"BreadcrumbList","@id":"https:\/\/www.lichen.pl\/piekno-swiatyni-serca-rekolekcje-maryjne\/#breadcrumb","itemListElement":[{"@type":"ListItem","position":1,"name":"Strona g\u0142\u00f3wna","item":"https:\/\/www.lichen.pl\/"},{"@type":"ListItem","position":2,"name":"\u201ePi\u0119kno \u015bwi\u0105tyni serca\u201d rekolekcje maryjne"}]},{"@type":"WebSite","@id":"https:\/\/www.lichen.pl\/fr\/#website","url":"https:\/\/www.lichen.pl\/fr\/","name":"HEILIGTUM IN LICHENIEN","description":"DIE TRAURIGE K\u00d6NIGIN UNSERER FLECHEN VON POLEN","potentialAction":[{"@type":"SearchAction","target":{"@type":"EntryPoint","urlTemplate":"https:\/\/www.lichen.pl\/fr\/?s={search_term_string}"},"query-input":{"@type":"PropertyValueSpecification","valueRequired":true,"valueName":"search_term_string"}}],"inLanguage":"de"},{"@type":"Person","@id":"https:\/\/www.lichen.pl\/fr\/#\/schema\/person\/70bf824c102f176cf976b0d90af0d62a","name":"AMELIA SIUDA-KOSZELA","image":{"@type":"ImageObject","inLanguage":"de","@id":"https:\/\/secure.gravatar.com\/avatar\/a0f9a92186ab02fb8db116f5388e3bc7280dd7bd01565c5d6b7ceb07ff27d6d9?s=96&d=retro&r=g","url":"https:\/\/secure.gravatar.com\/avatar\/a0f9a92186ab02fb8db116f5388e3bc7280dd7bd01565c5d6b7ceb07ff27d6d9?s=96&d=retro&r=g","contentUrl":"https:\/\/secure.gravatar.com\/avatar\/a0f9a92186ab02fb8db116f5388e3bc7280dd7bd01565c5d6b7ceb07ff27d6d9?s=96&d=retro&r=g","caption":"AMELIA SIUDA-KOSZELA"},"url":"https:\/\/www.lichen.pl\/de\/author\/amelia\/"}]}},"_links":{"self":[{"href":"https:\/\/www.lichen.pl\/de\/wp-json\/wp\/v2\/posts\/53184","targetHints":{"allow":["GET"]}}],"collection":[{"href":"https:\/\/www.lichen.pl\/de\/wp-json\/wp\/v2\/posts"}],"about":[{"href":"https:\/\/www.lichen.pl\/de\/wp-json\/wp\/v2\/types\/post"}],"author":[{"embeddable":true,"href":"https:\/\/www.lichen.pl\/de\/wp-json\/wp\/v2\/users\/6"}],"replies":[{"embeddable":true,"href":"https:\/\/www.lichen.pl\/de\/wp-json\/wp\/v2\/comments?post=53184"}],"version-history":[{"count":4,"href":"https:\/\/www.lichen.pl\/de\/wp-json\/wp\/v2\/posts\/53184\/revisions"}],"predecessor-version":[{"id":53195,"href":"https:\/\/www.lichen.pl\/de\/wp-json\/wp\/v2\/posts\/53184\/revisions\/53195"}],"wp:featuredmedia":[{"embeddable":true,"href":"https:\/\/www.lichen.pl\/de\/wp-json\/wp\/v2\/media\/53191"}],"wp:attachment":[{"href":"https:\/\/www.lichen.pl\/de\/wp-json\/wp\/v2\/media?parent=53184"}],"wp:term":[{"taxonomy":"category","embeddable":true,"href":"https:\/\/www.lichen.pl\/de\/wp-json\/wp\/v2\/categories?post=53184"},{"taxonomy":"post_tag","embeddable":true,"href":"https:\/\/www.lichen.pl\/de\/wp-json\/wp\/v2\/tags?post=53184"}],"curies":[{"name":"wp","href":"https:\/\/api.w.org\/{rel}","templated":true}]}}