{"id":53377,"date":"2023-05-28T01:38:41","date_gmt":"2023-05-27T23:38:41","guid":{"rendered":"https:\/\/www.lichen.pl\/?p=53377"},"modified":"2023-05-28T01:44:47","modified_gmt":"2023-05-27T23:44:47","slug":"wdzieczni-samorzadowcom-dzien-samorzadu-terytorialnego-w-lichenskim-sanktuarium","status":"publish","type":"post","link":"https:\/\/www.lichen.pl\/de\/wdzieczni-samorzadowcom-dzien-samorzadu-terytorialnego-w-lichenskim-sanktuarium\/","title":{"rendered":"Wdzi\u0119czni samorz\u0105dowcom &#8211; Dzie\u0144 Samorz\u0105du Terytorialnego w liche\u0144skim sanktuarium"},"content":{"rendered":"<div data-elementor-type=\"wp-post\" data-elementor-id=\"53377\" class=\"elementor elementor-53377\" data-elementor-post-type=\"post\">\n\t\t\t\t\t\t<section class=\"elementor-section elementor-top-section elementor-element elementor-element-7590cbd elementor-section-boxed elementor-section-height-default elementor-section-height-default\" data-id=\"7590cbd\" data-element_type=\"section\" data-e-type=\"section\">\n\t\t\t\t\t\t<div class=\"elementor-container elementor-column-gap-default\">\n\t\t\t\t\t<div class=\"elementor-column elementor-col-100 elementor-top-column elementor-element elementor-element-eb31860\" data-id=\"eb31860\" data-element_type=\"column\" data-e-type=\"column\">\n\t\t\t<div class=\"elementor-widget-wrap elementor-element-populated\">\n\t\t\t\t\t\t<div class=\"elementor-element elementor-element-228818f elementor-widget elementor-widget-text-editor\" data-id=\"228818f\" data-element_type=\"widget\" data-e-type=\"widget\" data-widget_type=\"text-editor.default\">\n\t\t\t\t<div class=\"elementor-widget-container\">\n\t\t\t\t\t\t\t\t\t<p><strong><span style=\"color: #000000;\">W Dzie\u0144 Samorz\u0105du Terytorialnego Msz\u0119 \u015bw. w intencji Powiatu Koni\u0144skiego sprawowa\u0142 ks. Janusz Kumala MIC, kustosz liche\u0144skiego sanktuarium, przed cudownym obrazem Matki Bo\u017cej Liche\u0144skiej.<\/span> <\/strong><\/p>\t\t\t\t\t\t\t\t<\/div>\n\t\t\t\t<\/div>\n\t\t\t\t<section class=\"elementor-section elementor-inner-section elementor-element elementor-element-e6e00f7 elementor-section-boxed elementor-section-height-default elementor-section-height-default\" data-id=\"e6e00f7\" data-element_type=\"section\" data-e-type=\"section\">\n\t\t\t\t\t\t<div class=\"elementor-container elementor-column-gap-default\">\n\t\t\t\t\t<div class=\"elementor-column elementor-col-50 elementor-inner-column elementor-element elementor-element-419610c\" data-id=\"419610c\" data-element_type=\"column\" data-e-type=\"column\">\n\t\t\t<div class=\"elementor-widget-wrap elementor-element-populated\">\n\t\t\t\t\t\t<div class=\"elementor-element elementor-element-043fc68 elementor-widget elementor-widget-image\" data-id=\"043fc68\" data-element_type=\"widget\" data-e-type=\"widget\" data-widget_type=\"image.default\">\n\t\t\t\t<div class=\"elementor-widget-container\">\n\t\t\t\t\t\t\t\t\t\t\t\t\t\t\t<img fetchpriority=\"high\" decoding=\"async\" width=\"1024\" height=\"682\" src=\"https:\/\/www.lichen.pl\/wp-content\/uploads\/2023\/05\/IMG_7740-1024x682.jpg\" class=\"attachment-large size-large wp-image-53378\" alt=\"\" srcset=\"https:\/\/www.lichen.pl\/wp-content\/uploads\/2023\/05\/IMG_7740-1024x682.jpg 1024w, https:\/\/www.lichen.pl\/wp-content\/uploads\/2023\/05\/IMG_7740-800x533.jpg 800w, https:\/\/www.lichen.pl\/wp-content\/uploads\/2023\/05\/IMG_7740-300x200.jpg 300w, https:\/\/www.lichen.pl\/wp-content\/uploads\/2023\/05\/IMG_7740-768x512.jpg 768w, https:\/\/www.lichen.pl\/wp-content\/uploads\/2023\/05\/IMG_7740-1536x1024.jpg 1536w, https:\/\/www.lichen.pl\/wp-content\/uploads\/2023\/05\/IMG_7740-18x12.jpg 18w, https:\/\/www.lichen.pl\/wp-content\/uploads\/2023\/05\/IMG_7740.jpg 1920w\" sizes=\"(max-width: 1024px) 100vw, 1024px\" \/>\t\t\t\t\t\t\t\t\t\t\t\t\t\t\t<\/div>\n\t\t\t\t<\/div>\n\t\t\t\t\t<\/div>\n\t\t<\/div>\n\t\t\t\t<div class=\"elementor-column elementor-col-50 elementor-inner-column elementor-element elementor-element-8a9ead6\" data-id=\"8a9ead6\" data-element_type=\"column\" data-e-type=\"column\">\n\t\t\t<div class=\"elementor-widget-wrap elementor-element-populated\">\n\t\t\t\t\t\t<div class=\"elementor-element elementor-element-d7da8d0 elementor-widget elementor-widget-text-editor\" data-id=\"d7da8d0\" data-element_type=\"widget\" data-e-type=\"widget\" data-widget_type=\"text-editor.default\">\n\t\t\t\t<div class=\"elementor-widget-container\">\n\t\t\t\t\t\t\t\t\t<p><span style=\"color: #000000;\">W \u015bwi\u0119towaniu w bazylice liche\u0144skiej wzi\u0105\u0142 udzia\u0142 Stanis\u0142aw Bielik, starosta koni\u0144ski oraz w\u00f3jtowie, burmistrzowie oraz radni gminni i powiatowi. W ostatni\u0105 sobot\u0119 maja do Matki Bo\u017cej Liche\u0144skiej pielgrzymowa\u0142o te\u017c wiele grup dzieci pierwszokomunijnych z ca\u0142ej Polski. \u2013 Najpi\u0119kniejsza \u015bwi\u0105tynia na ca\u0142ym \u015bwiecie jest w waszym sercu, podczas ka\u017cdej Eucharystii Chrystus do nas przychodzi. Ka\u017cdy z nas jest najpi\u0119kniejszy dla Pana Boga \u2013 zwr\u00f3ci\u0142 si\u0119 w homilii do dzieci kustosz sanktuarium i zach\u0119ci\u0142 do wyra\u017cenia wdzi\u0119czno\u015bci Bogu, rodzicom i rodzicom chrzestnym oraz ksi\u0119\u017com w parafii za towarzyszenie w przyjmowaniu sakramentu.<\/span><\/p>\t\t\t\t\t\t\t\t<\/div>\n\t\t\t\t<\/div>\n\t\t\t\t\t<\/div>\n\t\t<\/div>\n\t\t\t\t\t<\/div>\n\t\t<\/section>\n\t\t\t\t<div class=\"elementor-element elementor-element-23551b8 elementor-widget elementor-widget-text-editor\" data-id=\"23551b8\" data-element_type=\"widget\" data-e-type=\"widget\" data-widget_type=\"text-editor.default\">\n\t\t\t\t<div class=\"elementor-widget-container\">\n\t\t\t\t\t\t\t\t\t<p><span style=\"color: #000000;\">\u2013 Dzi\u015b chcemy powiedzie\u0107 dzi\u0119kuj\u0119 tak\u017ce naszym samorz\u0105dowcom, kt\u00f3rzy pracuj\u0105 w samorz\u0105dzie terytorialnym. Kim jest samorz\u0105dowiec, kt\u00f3ry s\u0142u\u017cy w naszej ma\u0142ej ojczy\u017anie? Samorz\u0105dowiec to kto\u015b, kto jest kochany przez Pana Boga. Aby s\u0142u\u017cy\u0107 innym, musimy czu\u0107 si\u0119 kochani, bo to B\u00f3g jest \u017ar\u00f3d\u0142em mi\u0142o\u015bci. Podczas Eucharystii umacniamy \u015bwiadomo\u015b\u0107, \u017ce jeste\u015bmy kochani przez Pana Boga. Samorz\u0105dowiec to tak\u017ce cz\u0142owiek m\u0105dry ludzkim do\u015bwiadczeniem. M\u0105dro\u015b\u0107 \u017cyciowa to odkrycie tego, co naprawd\u0119 wa\u017cne, ale tak\u017ce pokora i kierowanie si\u0119 zasadami moralnymi. Samorz\u0105dowiec to kto\u015b wra\u017cliwy na potrzebuj\u0105cych, odpowiedzialny za powierzone zadania, dotrzymuj\u0105cy s\u0142owa oraz obdarzony zaufaniem. Samorz\u0105dowiec to cz\u0142owiek odwagi \u2013 m\u00f3wi\u0142 ks. Kumala.<\/span><\/p><p><span style=\"color: #000000;\">Przypomnia\u0142, \u017ce b\u0142. kard. Stefan Wyszy\u0144ski, Prymas Tysi\u0105clecia, podczas koronacji cudownego obrazu w 1967 r. m\u00f3wi\u0142, \u017ce Matka Bo\u017ca Liche\u0144ska jest Patronk\u0105 ziemi koni\u0144skiej. Samorz\u0105dowcy w liche\u0144skim sanktuarium otrzymali ikon\u0119 Matki Bo\u017cej Liche\u0144skiej, Bolesnej Kr\u00f3lowej Polski, by przypomina\u0142a, \u017ce Maryja czuwa, wspiera i przybli\u017ca do Pana Boga. \u2013 Niech wasza s\u0142u\u017cba owocuje mi\u0142o\u015bci\u0105 do Pana Boga, wype\u0142nieniem sensu swojego \u017cycia. My\u015bl\u0119, \u017ce takie odczytanie obecno\u015bci w sanktuarium b\u0119dzie najpi\u0119kniejsze \u2013 stwierdzi\u0142 kustosz sanktuarium. Zaznaczy\u0142, \u017ce tradycja pielgrzymowania mieszka\u0144c\u00f3w ziemi koni\u0144skiej do liche\u0144skiego sanktuarium si\u0119ga po\u0142owy XIX w., kiedy na uroczysto\u015bciach gromadzi\u0142o si\u0119 nawet do 20 tys. pielgrzym\u00f3w.<\/span><\/p>\t\t\t\t\t\t\t\t<\/div>\n\t\t\t\t<\/div>\n\t\t\t\t<div class=\"elementor-element elementor-element-5a138c6 elementor-skin-carousel elementor-arrows-yes elementor-pagination-type-bullets elementor-pagination-position-outside elementor-widget elementor-widget-media-carousel\" data-id=\"5a138c6\" data-element_type=\"widget\" data-e-type=\"widget\" data-settings=\"{&quot;skin&quot;:&quot;carousel&quot;,&quot;effect&quot;:&quot;slide&quot;,&quot;show_arrows&quot;:&quot;yes&quot;,&quot;pagination&quot;:&quot;bullets&quot;,&quot;speed&quot;:500,&quot;autoplay&quot;:&quot;yes&quot;,&quot;autoplay_speed&quot;:5000,&quot;loop&quot;:&quot;yes&quot;,&quot;pause_on_hover&quot;:&quot;yes&quot;,&quot;pause_on_interaction&quot;:&quot;yes&quot;,&quot;space_between&quot;:{&quot;unit&quot;:&quot;px&quot;,&quot;size&quot;:10,&quot;sizes&quot;:[]},&quot;space_between_tablet&quot;:{&quot;unit&quot;:&quot;px&quot;,&quot;size&quot;:10,&quot;sizes&quot;:[]},&quot;space_between_mobile&quot;:{&quot;unit&quot;:&quot;px&quot;,&quot;size&quot;:10,&quot;sizes&quot;:[]}}\" data-widget_type=\"media-carousel.default\">\n\t\t\t\t<div class=\"elementor-widget-container\">\n\t\t\t\t\t\t\t\t\t<div class=\"elementor-swiper\">\n\t\t\t\t\t<div class=\"elementor-main-swiper swiper\" role=\"region\" aria-roledescription=\"carousel\" aria-label=\"Slider\">\n\t\t\t\t<div class=\"swiper-wrapper\">\n\t\t\t\t\t\t\t\t\t\t\t<div class=\"swiper-slide\" role=\"group\" aria-roledescription=\"slide\">\n\t\t\t\t\t\t\t\t\t<div class=\"elementor-carousel-image\" role=\"img\" aria-label=\"IMG_2523\" style=\"background-image: url(&#039;https:\/\/www.lichen.pl\/wp-content\/uploads\/2023\/05\/IMG_2523.jpg&#039;)\">\n\n\t\t\t\n\t\t\t\t\t<\/div>\n\t\t\t\t\t\t\t\t<\/div>\n\t\t\t\t\t\t\t\t\t\t\t<div class=\"swiper-slide\" role=\"group\" aria-roledescription=\"slide\">\n\t\t\t\t\t\t\t\t\t<div class=\"elementor-carousel-image\" role=\"img\" aria-label=\"IMG_2533\" style=\"background-image: url(&#039;https:\/\/www.lichen.pl\/wp-content\/uploads\/2023\/05\/IMG_2533.jpg&#039;)\">\n\n\t\t\t\n\t\t\t\t\t<\/div>\n\t\t\t\t\t\t\t\t<\/div>\n\t\t\t\t\t\t\t\t\t\t\t<div class=\"swiper-slide\" role=\"group\" aria-roledescription=\"slide\">\n\t\t\t\t\t\t\t\t\t<div class=\"elementor-carousel-image\" role=\"img\" aria-label=\"IMG_2537\" style=\"background-image: url(&#039;https:\/\/www.lichen.pl\/wp-content\/uploads\/2023\/05\/IMG_2537.jpg&#039;)\">\n\n\t\t\t\n\t\t\t\t\t<\/div>\n\t\t\t\t\t\t\t\t<\/div>\n\t\t\t\t\t\t\t\t\t\t\t<div class=\"swiper-slide\" role=\"group\" aria-roledescription=\"slide\">\n\t\t\t\t\t\t\t\t\t<div class=\"elementor-carousel-image\" role=\"img\" aria-label=\"IMG_2546\" style=\"background-image: url(&#039;https:\/\/www.lichen.pl\/wp-content\/uploads\/2023\/05\/IMG_2546.jpg&#039;)\">\n\n\t\t\t\n\t\t\t\t\t<\/div>\n\t\t\t\t\t\t\t\t<\/div>\n\t\t\t\t\t\t\t\t\t\t\t<div class=\"swiper-slide\" role=\"group\" aria-roledescription=\"slide\">\n\t\t\t\t\t\t\t\t\t<div class=\"elementor-carousel-image\" role=\"img\" aria-label=\"IMG_7694\" style=\"background-image: url(&#039;https:\/\/www.lichen.pl\/wp-content\/uploads\/2023\/05\/IMG_7694.jpg&#039;)\">\n\n\t\t\t\n\t\t\t\t\t<\/div>\n\t\t\t\t\t\t\t\t<\/div>\n\t\t\t\t\t\t\t\t\t<\/div>\n\t\t\t\t\t\t\t\t\t\t\t\t\t\t\t<div class=\"elementor-swiper-button elementor-swiper-button-prev\" role=\"button\" tabindex=\"0\" aria-label=\"Voriger\" data-no-translation-aria-label=\"\">\n\t\t\t\t\t\t\t<i aria-hidden=\"true\" class=\"eicon-chevron-left\"><\/i>\t\t\t\t\t\t<\/div>\n\t\t\t\t\t\t<div class=\"elementor-swiper-button elementor-swiper-button-next\" role=\"button\" tabindex=\"0\" aria-label=\"N\u00e4chster\" data-no-translation-aria-label=\"\">\n\t\t\t\t\t\t\t<i aria-hidden=\"true\" class=\"eicon-chevron-right\"><\/i>\t\t\t\t\t\t<\/div>\n\t\t\t\t\t\t\t\t\t\t\t\t\t\t\t\t<div class=\"swiper-pagination\"><\/div>\n\t\t\t\t\t\t\t\t\t\t\t\t<\/div>\n\t\t\t\t<\/div>\n\t\t\t\t\t\t\t\t<\/div>\n\t\t\t\t<\/div>\n\t\t\t\t<div class=\"elementor-element elementor-element-aad8725 elementor-widget elementor-widget-text-editor\" data-id=\"aad8725\" data-element_type=\"widget\" data-e-type=\"widget\" data-widget_type=\"text-editor.default\">\n\t\t\t\t<div class=\"elementor-widget-container\">\n\t\t\t\t\t\t\t\t\t<p><span style=\"color: #000000;\">Po Mszy \u015bw. \u015bwi\u0119towanie zako\u0144czy\u0142o wsp\u00f3lne zdj\u0119cie, a tak\u017ce wr\u0119czenie nagrody dla najlepszego samorz\u0105dowca. Wszyscy okazali si\u0119 zwyci\u0119zcami, poniewa\u017c zyskali zaufanie mieszka\u0144c\u00f3w i wype\u0142niaj\u0105 swoj\u0105 misj\u0119 s\u0142u\u017cby ludziom najlepiej jak potrafi\u0105. \u2013 Trzeba mie\u0107 \u015bwiadomo\u015b\u0107 pracy na rzecz spo\u0142ecze\u0144stwa, w tym przypadku to samorz\u0105d powiatowy. Stara\u0142em si\u0119 budowa\u0107 t\u0119 \u015bwiadomo\u015b\u0107 przez ca\u0142y okres mojej pracy i by\u0107 blisko ludzi, ws\u0142uchiwa\u0107 si\u0119 w ich problemy \u2013 m\u00f3wi\u0142 Stanis\u0142aw Bielik, starosta koni\u0144ski. \u2013 Wsp\u00f3\u0142pracuj\u0105c z samorz\u0105dami wojew\u00f3dzkim i gminnymi udaje si\u0119 rozwi\u0105za\u0107 wiele spraw. Pami\u0119tamy o o\u015bwiacie, drugim wa\u017cnym obszarem jest opieka spo\u0142eczna. Bardzo aktywnie wspieramy rodziny oraz dzieci, kt\u00f3re pozbawione s\u0105 opieki rodzicielskiej \u2013 na terenie naszego powiatu nie ma domu dziecka dzi\u0119ki ca\u0142odobowej pracy Powiatowemu Centrum Pomocy Rodzinie \u2013 doda\u0142. \u2013 Niezmiernie si\u0119 ciesz\u0119, \u017ce dzie\u0144 samorz\u0105dowca zosta\u0142 zauwa\u017cony przez kustosza liche\u0144skiego sanktuarium. Tym bardziej jest dla mnie istotne, \u017ce mogli\u015bmy spotka\u0107 si\u0119 w tym wa\u017cnym miejscu dla powiatu koni\u0144skiego, pomodli\u0107 si\u0119 u Matki Bo\u017cej Liche\u0144skiej \u2013 stwierdzi\u0142 starosta koni\u0144ski.<\/span><\/p><p><span style=\"color: #000000;\">Zainteresowani samorz\u0105dowcy skorzystali z mo\u017cliwo\u015bci odwiedzin w Muzeum im. ks. Jarz\u0119bowskiego w Licheniu, apartamentach papieskich oraz podziwiania okolicy z lotu ptaka, czyli wie\u017cy bazyliki liche\u0144skiej.<\/span><\/p>\t\t\t\t\t\t\t\t<\/div>\n\t\t\t\t<\/div>\n\t\t\t\t<div class=\"elementor-element elementor-element-e4ab975 elementor-widget-divider--view-line elementor-widget elementor-widget-divider\" data-id=\"e4ab975\" data-element_type=\"widget\" data-e-type=\"widget\" data-widget_type=\"divider.default\">\n\t\t\t\t<div class=\"elementor-widget-container\">\n\t\t\t\t\t\t\t<div class=\"elementor-divider\">\n\t\t\t<span class=\"elementor-divider-separator\">\n\t\t\t\t\t\t<\/span>\n\t\t<\/div>\n\t\t\t\t\t\t<\/div>\n\t\t\t\t<\/div>\n\t\t\t\t<div class=\"elementor-element elementor-element-2c3f3fb elementor-widget elementor-widget-gallery\" data-id=\"2c3f3fb\" data-element_type=\"widget\" data-e-type=\"widget\" data-settings=\"{&quot;columns&quot;:5,&quot;lazyload&quot;:&quot;yes&quot;,&quot;gallery_layout&quot;:&quot;grid&quot;,&quot;columns_tablet&quot;:2,&quot;columns_mobile&quot;:1,&quot;gap&quot;:{&quot;unit&quot;:&quot;px&quot;,&quot;size&quot;:10,&quot;sizes&quot;:[]},&quot;gap_tablet&quot;:{&quot;unit&quot;:&quot;px&quot;,&quot;size&quot;:10,&quot;sizes&quot;:[]},&quot;gap_mobile&quot;:{&quot;unit&quot;:&quot;px&quot;,&quot;size&quot;:10,&quot;sizes&quot;:[]},&quot;link_to&quot;:&quot;file&quot;,&quot;aspect_ratio&quot;:&quot;3:2&quot;,&quot;overlay_background&quot;:&quot;yes&quot;,&quot;content_hover_animation&quot;:&quot;fade-in&quot;}\" data-widget_type=\"gallery.default\">\n\t\t\t\t<div class=\"elementor-widget-container\">\n\t\t\t\t\t\t\t<div class=\"elementor-gallery__container\">\n\t\t\t\t\t\t\t<a class=\"e-gallery-item elementor-gallery-item elementor-animated-content\" href=\"https:\/\/www.lichen.pl\/wp-content\/uploads\/2023\/05\/IMG_2523.jpg\" data-elementor-open-lightbox=\"yes\" data-elementor-lightbox-slideshow=\"2c3f3fb\" data-elementor-lightbox-title=\"IMG_2523\" data-e-action-hash=\"#elementor-action%3Aaction%3Dlightbox%26settings%3DeyJpZCI6NTMzODAsInVybCI6Imh0dHBzOlwvXC93d3cubGljaGVuLnBsXC93cC1jb250ZW50XC91cGxvYWRzXC8yMDIzXC8wNVwvSU1HXzI1MjMuanBnIiwic2xpZGVzaG93IjoiMmMzZjNmYiJ9\">\n\t\t\t\t\t<div class=\"e-gallery-image elementor-gallery-item__image\" data-thumbnail=\"https:\/\/www.lichen.pl\/wp-content\/uploads\/2023\/05\/IMG_2523-300x200.jpg\" data-width=\"300\" data-height=\"200\" aria-label=\"\" role=\"img\" ><\/div>\n\t\t\t\t\t\t\t\t\t\t\t<div class=\"elementor-gallery-item__overlay\"><\/div>\n\t\t\t\t\t\t\t\t\t\t\t\t\t\t<\/a>\n\t\t\t\t\t\t\t<a class=\"e-gallery-item elementor-gallery-item elementor-animated-content\" href=\"https:\/\/www.lichen.pl\/wp-content\/uploads\/2023\/05\/IMG_2533.jpg\" data-elementor-open-lightbox=\"yes\" data-elementor-lightbox-slideshow=\"2c3f3fb\" data-elementor-lightbox-title=\"IMG_2533\" data-e-action-hash=\"#elementor-action%3Aaction%3Dlightbox%26settings%3DeyJpZCI6NTMzODEsInVybCI6Imh0dHBzOlwvXC93d3cubGljaGVuLnBsXC93cC1jb250ZW50XC91cGxvYWRzXC8yMDIzXC8wNVwvSU1HXzI1MzMuanBnIiwic2xpZGVzaG93IjoiMmMzZjNmYiJ9\">\n\t\t\t\t\t<div class=\"e-gallery-image elementor-gallery-item__image\" data-thumbnail=\"https:\/\/www.lichen.pl\/wp-content\/uploads\/2023\/05\/IMG_2533-300x200.jpg\" data-width=\"300\" data-height=\"200\" aria-label=\"\" role=\"img\" ><\/div>\n\t\t\t\t\t\t\t\t\t\t\t<div class=\"elementor-gallery-item__overlay\"><\/div>\n\t\t\t\t\t\t\t\t\t\t\t\t\t\t<\/a>\n\t\t\t\t\t\t\t<a class=\"e-gallery-item elementor-gallery-item elementor-animated-content\" href=\"https:\/\/www.lichen.pl\/wp-content\/uploads\/2023\/05\/IMG_2537.jpg\" data-elementor-open-lightbox=\"yes\" data-elementor-lightbox-slideshow=\"2c3f3fb\" data-elementor-lightbox-title=\"IMG_2537\" data-e-action-hash=\"#elementor-action%3Aaction%3Dlightbox%26settings%3DeyJpZCI6NTMzODMsInVybCI6Imh0dHBzOlwvXC93d3cubGljaGVuLnBsXC93cC1jb250ZW50XC91cGxvYWRzXC8yMDIzXC8wNVwvSU1HXzI1MzcuanBnIiwic2xpZGVzaG93IjoiMmMzZjNmYiJ9\">\n\t\t\t\t\t<div class=\"e-gallery-image elementor-gallery-item__image\" data-thumbnail=\"https:\/\/www.lichen.pl\/wp-content\/uploads\/2023\/05\/IMG_2537-300x200.jpg\" data-width=\"300\" data-height=\"200\" aria-label=\"\" role=\"img\" ><\/div>\n\t\t\t\t\t\t\t\t\t\t\t<div class=\"elementor-gallery-item__overlay\"><\/div>\n\t\t\t\t\t\t\t\t\t\t\t\t\t\t<\/a>\n\t\t\t\t\t\t\t<a class=\"e-gallery-item elementor-gallery-item elementor-animated-content\" href=\"https:\/\/www.lichen.pl\/wp-content\/uploads\/2023\/05\/IMG_2542.jpg\" data-elementor-open-lightbox=\"yes\" data-elementor-lightbox-slideshow=\"2c3f3fb\" data-elementor-lightbox-title=\"IMG_2542\" data-e-action-hash=\"#elementor-action%3Aaction%3Dlightbox%26settings%3DeyJpZCI6NTMzODQsInVybCI6Imh0dHBzOlwvXC93d3cubGljaGVuLnBsXC93cC1jb250ZW50XC91cGxvYWRzXC8yMDIzXC8wNVwvSU1HXzI1NDIuanBnIiwic2xpZGVzaG93IjoiMmMzZjNmYiJ9\">\n\t\t\t\t\t<div class=\"e-gallery-image elementor-gallery-item__image\" data-thumbnail=\"https:\/\/www.lichen.pl\/wp-content\/uploads\/2023\/05\/IMG_2542-300x200.jpg\" data-width=\"300\" data-height=\"200\" aria-label=\"\" role=\"img\" ><\/div>\n\t\t\t\t\t\t\t\t\t\t\t<div class=\"elementor-gallery-item__overlay\"><\/div>\n\t\t\t\t\t\t\t\t\t\t\t\t\t\t<\/a>\n\t\t\t\t\t\t\t<a class=\"e-gallery-item elementor-gallery-item elementor-animated-content\" href=\"https:\/\/www.lichen.pl\/wp-content\/uploads\/2023\/05\/IMG_2552.jpg\" data-elementor-open-lightbox=\"yes\" data-elementor-lightbox-slideshow=\"2c3f3fb\" data-elementor-lightbox-title=\"IMG_2552\" data-e-action-hash=\"#elementor-action%3Aaction%3Dlightbox%26settings%3DeyJpZCI6NTMzODYsInVybCI6Imh0dHBzOlwvXC93d3cubGljaGVuLnBsXC93cC1jb250ZW50XC91cGxvYWRzXC8yMDIzXC8wNVwvSU1HXzI1NTIuanBnIiwic2xpZGVzaG93IjoiMmMzZjNmYiJ9\">\n\t\t\t\t\t<div class=\"e-gallery-image elementor-gallery-item__image\" data-thumbnail=\"https:\/\/www.lichen.pl\/wp-content\/uploads\/2023\/05\/IMG_2552-300x200.jpg\" data-width=\"300\" data-height=\"200\" aria-label=\"\" role=\"img\" ><\/div>\n\t\t\t\t\t\t\t\t\t\t\t<div class=\"elementor-gallery-item__overlay\"><\/div>\n\t\t\t\t\t\t\t\t\t\t\t\t\t\t<\/a>\n\t\t\t\t\t\t\t<a class=\"e-gallery-item elementor-gallery-item elementor-animated-content\" href=\"https:\/\/www.lichen.pl\/wp-content\/uploads\/2023\/05\/IMG_7691.jpg\" data-elementor-open-lightbox=\"yes\" data-elementor-lightbox-slideshow=\"2c3f3fb\" data-elementor-lightbox-title=\"IMG_7691\" data-e-action-hash=\"#elementor-action%3Aaction%3Dlightbox%26settings%3DeyJpZCI6NTMzODcsInVybCI6Imh0dHBzOlwvXC93d3cubGljaGVuLnBsXC93cC1jb250ZW50XC91cGxvYWRzXC8yMDIzXC8wNVwvSU1HXzc2OTEuanBnIiwic2xpZGVzaG93IjoiMmMzZjNmYiJ9\">\n\t\t\t\t\t<div class=\"e-gallery-image elementor-gallery-item__image\" data-thumbnail=\"https:\/\/www.lichen.pl\/wp-content\/uploads\/2023\/05\/IMG_7691-300x200.jpg\" data-width=\"300\" data-height=\"200\" aria-label=\"\" role=\"img\" ><\/div>\n\t\t\t\t\t\t\t\t\t\t\t<div class=\"elementor-gallery-item__overlay\"><\/div>\n\t\t\t\t\t\t\t\t\t\t\t\t\t\t<\/a>\n\t\t\t\t\t\t\t<a class=\"e-gallery-item elementor-gallery-item elementor-animated-content\" href=\"https:\/\/www.lichen.pl\/wp-content\/uploads\/2023\/05\/IMG_7711-1.jpg\" data-elementor-open-lightbox=\"yes\" data-elementor-lightbox-slideshow=\"2c3f3fb\" data-elementor-lightbox-title=\"IMG_7711\" data-e-action-hash=\"#elementor-action%3Aaction%3Dlightbox%26settings%3DeyJpZCI6NTMzODksInVybCI6Imh0dHBzOlwvXC93d3cubGljaGVuLnBsXC93cC1jb250ZW50XC91cGxvYWRzXC8yMDIzXC8wNVwvSU1HXzc3MTEtMS5qcGciLCJzbGlkZXNob3ciOiIyYzNmM2ZiIn0%3D\">\n\t\t\t\t\t<div class=\"e-gallery-image elementor-gallery-item__image\" data-thumbnail=\"https:\/\/www.lichen.pl\/wp-content\/uploads\/2023\/05\/IMG_7711-1-300x200.jpg\" data-width=\"300\" data-height=\"200\" aria-label=\"\" role=\"img\" ><\/div>\n\t\t\t\t\t\t\t\t\t\t\t<div class=\"elementor-gallery-item__overlay\"><\/div>\n\t\t\t\t\t\t\t\t\t\t\t\t\t\t<\/a>\n\t\t\t\t\t\t\t<a class=\"e-gallery-item elementor-gallery-item elementor-animated-content\" href=\"https:\/\/www.lichen.pl\/wp-content\/uploads\/2023\/05\/IMG_7747.jpg\" data-elementor-open-lightbox=\"yes\" data-elementor-lightbox-slideshow=\"2c3f3fb\" data-elementor-lightbox-title=\"IMG_7747\" data-e-action-hash=\"#elementor-action%3Aaction%3Dlightbox%26settings%3DeyJpZCI6NTMzOTAsInVybCI6Imh0dHBzOlwvXC93d3cubGljaGVuLnBsXC93cC1jb250ZW50XC91cGxvYWRzXC8yMDIzXC8wNVwvSU1HXzc3NDcuanBnIiwic2xpZGVzaG93IjoiMmMzZjNmYiJ9\">\n\t\t\t\t\t<div class=\"e-gallery-image elementor-gallery-item__image\" data-thumbnail=\"https:\/\/www.lichen.pl\/wp-content\/uploads\/2023\/05\/IMG_7747-300x200.jpg\" data-width=\"300\" data-height=\"200\" aria-label=\"\" role=\"img\" ><\/div>\n\t\t\t\t\t\t\t\t\t\t\t<div class=\"elementor-gallery-item__overlay\"><\/div>\n\t\t\t\t\t\t\t\t\t\t\t\t\t\t<\/a>\n\t\t\t\t\t\t\t<a class=\"e-gallery-item elementor-gallery-item elementor-animated-content\" href=\"https:\/\/www.lichen.pl\/wp-content\/uploads\/2023\/05\/IMG_7701.jpg\" data-elementor-open-lightbox=\"yes\" data-elementor-lightbox-slideshow=\"2c3f3fb\" data-elementor-lightbox-title=\"IMG_7701\" data-e-action-hash=\"#elementor-action%3Aaction%3Dlightbox%26settings%3DeyJpZCI6NTMzOTEsInVybCI6Imh0dHBzOlwvXC93d3cubGljaGVuLnBsXC93cC1jb250ZW50XC91cGxvYWRzXC8yMDIzXC8wNVwvSU1HXzc3MDEuanBnIiwic2xpZGVzaG93IjoiMmMzZjNmYiJ9\">\n\t\t\t\t\t<div class=\"e-gallery-image elementor-gallery-item__image\" data-thumbnail=\"https:\/\/www.lichen.pl\/wp-content\/uploads\/2023\/05\/IMG_7701-300x200.jpg\" data-width=\"300\" data-height=\"200\" aria-label=\"\" role=\"img\" ><\/div>\n\t\t\t\t\t\t\t\t\t\t\t<div class=\"elementor-gallery-item__overlay\"><\/div>\n\t\t\t\t\t\t\t\t\t\t\t\t\t\t<\/a>\n\t\t\t\t\t\t\t<a class=\"e-gallery-item elementor-gallery-item elementor-animated-content\" href=\"https:\/\/www.lichen.pl\/wp-content\/uploads\/2023\/05\/IMG_7704.jpg\" data-elementor-open-lightbox=\"yes\" data-elementor-lightbox-slideshow=\"2c3f3fb\" data-elementor-lightbox-title=\"IMG_7704\" data-e-action-hash=\"#elementor-action%3Aaction%3Dlightbox%26settings%3DeyJpZCI6NTMzOTIsInVybCI6Imh0dHBzOlwvXC93d3cubGljaGVuLnBsXC93cC1jb250ZW50XC91cGxvYWRzXC8yMDIzXC8wNVwvSU1HXzc3MDQuanBnIiwic2xpZGVzaG93IjoiMmMzZjNmYiJ9\">\n\t\t\t\t\t<div class=\"e-gallery-image elementor-gallery-item__image\" data-thumbnail=\"https:\/\/www.lichen.pl\/wp-content\/uploads\/2023\/05\/IMG_7704-300x200.jpg\" data-width=\"300\" data-height=\"200\" aria-label=\"\" role=\"img\" ><\/div>\n\t\t\t\t\t\t\t\t\t\t\t<div class=\"elementor-gallery-item__overlay\"><\/div>\n\t\t\t\t\t\t\t\t\t\t\t\t\t\t<\/a>\n\t\t\t\t\t<\/div>\n\t\t\t\t\t<\/div>\n\t\t\t\t<\/div>\n\t\t\t\t\t<\/div>\n\t\t<\/div>\n\t\t\t\t\t<\/div>\n\t\t<\/section>\n\t\t\t\t<\/div>","protected":false},"excerpt":{"rendered":"<p>W Dzie\u0144 Samorz\u0105du Terytorialnego Msz\u0119 \u015bw. w intencji Powiatu Koni\u0144skiego sprawowa\u0142 ks. Janusz Kumala MIC, kustosz liche\u0144skiego sanktuarium, przed cudownym obrazem Matki Bo\u017cej Liche\u0144skiej. W \u015bwi\u0119towaniu w bazylice liche\u0144skiej wzi\u0105\u0142 udzia\u0142 Stanis\u0142aw Bielik, starosta koni\u0144ski oraz w\u00f3jtowie, burmistrzowie oraz radni gminni i powiatowi. W ostatni\u0105 sobot\u0119 maja do Matki Bo\u017cej Liche\u0144skiej pielgrzymowa\u0142o te\u017c wiele grup [&hellip;]<\/p>\n","protected":false},"author":6,"featured_media":53378,"comment_status":"closed","ping_status":"closed","sticky":false,"template":"","format":"standard","meta":{"footnotes":""},"categories":[1],"tags":[],"class_list":["post-53377","post","type-post","status-publish","format-standard","has-post-thumbnail","hentry","category-aktualnosci","wpbf-post"],"yoast_head":"<!-- This site is optimized with the Yoast SEO plugin v27.4 - https:\/\/yoast.com\/product\/yoast-seo-wordpress\/ -->\n<title>Wdzi\u0119czni samorz\u0105dowcom - Dzie\u0144 Samorz\u0105du Terytorialnego w liche\u0144skim sanktuarium - SANKTUARIUM W LICHENIU<\/title>\n<meta name=\"robots\" content=\"index, follow, max-snippet:-1, max-image-preview:large, max-video-preview:-1\" \/>\n<link rel=\"canonical\" href=\"https:\/\/www.lichen.pl\/de\/wdzieczni-samorzadowcom-dzien-samorzadu-terytorialnego-w-lichenskim-sanktuarium\/\" \/>\n<meta property=\"og:locale\" content=\"de_DE\" \/>\n<meta property=\"og:type\" content=\"article\" \/>\n<meta property=\"og:title\" content=\"Wdzi\u0119czni samorz\u0105dowcom - Dzie\u0144 Samorz\u0105du Terytorialnego w liche\u0144skim sanktuarium - SANKTUARIUM W LICHENIU\" \/>\n<meta property=\"og:description\" content=\"W Dzie\u0144 Samorz\u0105du Terytorialnego Msz\u0119 \u015bw. w intencji Powiatu Koni\u0144skiego sprawowa\u0142 ks. Janusz Kumala MIC, kustosz liche\u0144skiego sanktuarium, przed cudownym obrazem Matki Bo\u017cej Liche\u0144skiej. W \u015bwi\u0119towaniu w bazylice liche\u0144skiej wzi\u0105\u0142 udzia\u0142 Stanis\u0142aw Bielik, starosta koni\u0144ski oraz w\u00f3jtowie, burmistrzowie oraz radni gminni i powiatowi. W ostatni\u0105 sobot\u0119 maja do Matki Bo\u017cej Liche\u0144skiej pielgrzymowa\u0142o te\u017c wiele grup [&hellip;]\" \/>\n<meta property=\"og:url\" content=\"https:\/\/www.lichen.pl\/de\/wdzieczni-samorzadowcom-dzien-samorzadu-terytorialnego-w-lichenskim-sanktuarium\/\" \/>\n<meta property=\"og:site_name\" content=\"SANKTUARIUM W LICHENIU\" \/>\n<meta property=\"article:published_time\" content=\"2023-05-27T23:38:41+00:00\" \/>\n<meta property=\"article:modified_time\" content=\"2023-05-27T23:44:47+00:00\" \/>\n<meta property=\"og:image\" content=\"https:\/\/www.lichen.pl\/wp-content\/uploads\/2023\/05\/IMG_7740.jpg\" \/>\n\t<meta property=\"og:image:width\" content=\"1920\" \/>\n\t<meta property=\"og:image:height\" content=\"1280\" \/>\n\t<meta property=\"og:image:type\" content=\"image\/jpeg\" \/>\n<meta name=\"author\" content=\"AMELIA SIUDA-KOSZELA\" \/>\n<meta name=\"twitter:card\" content=\"summary_large_image\" \/>\n<meta name=\"twitter:label1\" content=\"Verfasst von\" \/>\n\t<meta name=\"twitter:data1\" content=\"AMELIA SIUDA-KOSZELA\" \/>\n\t<meta name=\"twitter:label2\" content=\"Gesch\u00e4tzte Lesezeit\" \/>\n\t<meta name=\"twitter:data2\" content=\"4\u00a0Minuten\" \/>\n<script type=\"application\/ld+json\" class=\"yoast-schema-graph\">{\"@context\":\"https:\\\/\\\/schema.org\",\"@graph\":[{\"@type\":\"Article\",\"@id\":\"https:\\\/\\\/www.lichen.pl\\\/wdzieczni-samorzadowcom-dzien-samorzadu-terytorialnego-w-lichenskim-sanktuarium\\\/#article\",\"isPartOf\":{\"@id\":\"https:\\\/\\\/www.lichen.pl\\\/wdzieczni-samorzadowcom-dzien-samorzadu-terytorialnego-w-lichenskim-sanktuarium\\\/\"},\"author\":{\"name\":\"AMELIA SIUDA-KOSZELA\",\"@id\":\"https:\\\/\\\/www.lichen.pl\\\/fr\\\/#\\\/schema\\\/person\\\/70bf824c102f176cf976b0d90af0d62a\"},\"headline\":\"Wdzi\u0119czni samorz\u0105dowcom &#8211; Dzie\u0144 Samorz\u0105du Terytorialnego w liche\u0144skim sanktuarium\",\"datePublished\":\"2023-05-27T23:38:41+00:00\",\"dateModified\":\"2023-05-27T23:44:47+00:00\",\"mainEntityOfPage\":{\"@id\":\"https:\\\/\\\/www.lichen.pl\\\/wdzieczni-samorzadowcom-dzien-samorzadu-terytorialnego-w-lichenskim-sanktuarium\\\/\"},\"wordCount\":639,\"image\":{\"@id\":\"https:\\\/\\\/www.lichen.pl\\\/wdzieczni-samorzadowcom-dzien-samorzadu-terytorialnego-w-lichenskim-sanktuarium\\\/#primaryimage\"},\"thumbnailUrl\":\"https:\\\/\\\/www.lichen.pl\\\/wp-content\\\/uploads\\\/2023\\\/05\\\/IMG_7740.jpg\",\"articleSection\":[\"Aktualno\u015bci\"],\"inLanguage\":\"de\"},{\"@type\":\"WebPage\",\"@id\":\"https:\\\/\\\/www.lichen.pl\\\/wdzieczni-samorzadowcom-dzien-samorzadu-terytorialnego-w-lichenskim-sanktuarium\\\/\",\"url\":\"https:\\\/\\\/www.lichen.pl\\\/wdzieczni-samorzadowcom-dzien-samorzadu-terytorialnego-w-lichenskim-sanktuarium\\\/\",\"name\":\"Wdzi\u0119czni samorz\u0105dowcom - Dzie\u0144 Samorz\u0105du Terytorialnego w liche\u0144skim sanktuarium - SANKTUARIUM W LICHENIU\",\"isPartOf\":{\"@id\":\"https:\\\/\\\/www.lichen.pl\\\/fr\\\/#website\"},\"primaryImageOfPage\":{\"@id\":\"https:\\\/\\\/www.lichen.pl\\\/wdzieczni-samorzadowcom-dzien-samorzadu-terytorialnego-w-lichenskim-sanktuarium\\\/#primaryimage\"},\"image\":{\"@id\":\"https:\\\/\\\/www.lichen.pl\\\/wdzieczni-samorzadowcom-dzien-samorzadu-terytorialnego-w-lichenskim-sanktuarium\\\/#primaryimage\"},\"thumbnailUrl\":\"https:\\\/\\\/www.lichen.pl\\\/wp-content\\\/uploads\\\/2023\\\/05\\\/IMG_7740.jpg\",\"datePublished\":\"2023-05-27T23:38:41+00:00\",\"dateModified\":\"2023-05-27T23:44:47+00:00\",\"author\":{\"@id\":\"https:\\\/\\\/www.lichen.pl\\\/fr\\\/#\\\/schema\\\/person\\\/70bf824c102f176cf976b0d90af0d62a\"},\"breadcrumb\":{\"@id\":\"https:\\\/\\\/www.lichen.pl\\\/wdzieczni-samorzadowcom-dzien-samorzadu-terytorialnego-w-lichenskim-sanktuarium\\\/#breadcrumb\"},\"inLanguage\":\"de\",\"potentialAction\":[{\"@type\":\"ReadAction\",\"target\":[\"https:\\\/\\\/www.lichen.pl\\\/wdzieczni-samorzadowcom-dzien-samorzadu-terytorialnego-w-lichenskim-sanktuarium\\\/\"]}]},{\"@type\":\"ImageObject\",\"inLanguage\":\"de\",\"@id\":\"https:\\\/\\\/www.lichen.pl\\\/wdzieczni-samorzadowcom-dzien-samorzadu-terytorialnego-w-lichenskim-sanktuarium\\\/#primaryimage\",\"url\":\"https:\\\/\\\/www.lichen.pl\\\/wp-content\\\/uploads\\\/2023\\\/05\\\/IMG_7740.jpg\",\"contentUrl\":\"https:\\\/\\\/www.lichen.pl\\\/wp-content\\\/uploads\\\/2023\\\/05\\\/IMG_7740.jpg\",\"width\":1920,\"height\":1280},{\"@type\":\"BreadcrumbList\",\"@id\":\"https:\\\/\\\/www.lichen.pl\\\/wdzieczni-samorzadowcom-dzien-samorzadu-terytorialnego-w-lichenskim-sanktuarium\\\/#breadcrumb\",\"itemListElement\":[{\"@type\":\"ListItem\",\"position\":1,\"name\":\"Strona g\u0142\u00f3wna\",\"item\":\"https:\\\/\\\/www.lichen.pl\\\/\"},{\"@type\":\"ListItem\",\"position\":2,\"name\":\"Wdzi\u0119czni samorz\u0105dowcom &#8211; Dzie\u0144 Samorz\u0105du Terytorialnego w liche\u0144skim sanktuarium\"}]},{\"@type\":\"WebSite\",\"@id\":\"https:\\\/\\\/www.lichen.pl\\\/fr\\\/#website\",\"url\":\"https:\\\/\\\/www.lichen.pl\\\/fr\\\/\",\"name\":\"SANKTUARIUM W LICHENIU\",\"description\":\"MATKI BO\u017bEJ LICHE\u0143SKIEJ BOLESNEJ KR\u00d3LOWEJ POLSKI\",\"potentialAction\":[{\"@type\":\"SearchAction\",\"target\":{\"@type\":\"EntryPoint\",\"urlTemplate\":\"https:\\\/\\\/www.lichen.pl\\\/fr\\\/?s={search_term_string}\"},\"query-input\":{\"@type\":\"PropertyValueSpecification\",\"valueRequired\":true,\"valueName\":\"search_term_string\"}}],\"inLanguage\":\"de\"},{\"@type\":\"Person\",\"@id\":\"https:\\\/\\\/www.lichen.pl\\\/fr\\\/#\\\/schema\\\/person\\\/70bf824c102f176cf976b0d90af0d62a\",\"name\":\"AMELIA SIUDA-KOSZELA\",\"image\":{\"@type\":\"ImageObject\",\"inLanguage\":\"de\",\"@id\":\"https:\\\/\\\/secure.gravatar.com\\\/avatar\\\/a0f9a92186ab02fb8db116f5388e3bc7280dd7bd01565c5d6b7ceb07ff27d6d9?s=96&d=retro&r=g\",\"url\":\"https:\\\/\\\/secure.gravatar.com\\\/avatar\\\/a0f9a92186ab02fb8db116f5388e3bc7280dd7bd01565c5d6b7ceb07ff27d6d9?s=96&d=retro&r=g\",\"contentUrl\":\"https:\\\/\\\/secure.gravatar.com\\\/avatar\\\/a0f9a92186ab02fb8db116f5388e3bc7280dd7bd01565c5d6b7ceb07ff27d6d9?s=96&d=retro&r=g\",\"caption\":\"AMELIA SIUDA-KOSZELA\"},\"url\":\"https:\\\/\\\/www.lichen.pl\\\/de\\\/author\\\/amelia\\\/\"}]}<\/script>\n<!-- \/ Yoast SEO plugin. -->","yoast_head_json":{"title":"Wdzi\u0119czni samorz\u0105dowcom - Dzie\u0144 Samorz\u0105du Terytorialnego w liche\u0144skim sanktuarium - SANKTUARIUM W LICHENIU","robots":{"index":"index","follow":"follow","max-snippet":"max-snippet:-1","max-image-preview":"max-image-preview:large","max-video-preview":"max-video-preview:-1"},"canonical":"https:\/\/www.lichen.pl\/de\/wdzieczni-samorzadowcom-dzien-samorzadu-terytorialnego-w-lichenskim-sanktuarium\/","og_locale":"de_DE","og_type":"article","og_title":"Wdzi\u0119czni samorz\u0105dowcom - Dzie\u0144 Samorz\u0105du Terytorialnego w liche\u0144skim sanktuarium - SANKTUARIUM W LICHENIU","og_description":"W Dzie\u0144 Samorz\u0105du Terytorialnego Msz\u0119 \u015bw. w intencji Powiatu Koni\u0144skiego sprawowa\u0142 ks. Janusz Kumala MIC, kustosz liche\u0144skiego sanktuarium, przed cudownym obrazem Matki Bo\u017cej Liche\u0144skiej. W \u015bwi\u0119towaniu w bazylice liche\u0144skiej wzi\u0105\u0142 udzia\u0142 Stanis\u0142aw Bielik, starosta koni\u0144ski oraz w\u00f3jtowie, burmistrzowie oraz radni gminni i powiatowi. W ostatni\u0105 sobot\u0119 maja do Matki Bo\u017cej Liche\u0144skiej pielgrzymowa\u0142o te\u017c wiele grup [&hellip;]","og_url":"https:\/\/www.lichen.pl\/de\/wdzieczni-samorzadowcom-dzien-samorzadu-terytorialnego-w-lichenskim-sanktuarium\/","og_site_name":"SANKTUARIUM W LICHENIU","article_published_time":"2023-05-27T23:38:41+00:00","article_modified_time":"2023-05-27T23:44:47+00:00","og_image":[{"width":1920,"height":1280,"url":"https:\/\/www.lichen.pl\/wp-content\/uploads\/2023\/05\/IMG_7740.jpg","type":"image\/jpeg"}],"author":"AMELIA SIUDA-KOSZELA","twitter_card":"summary_large_image","twitter_misc":{"Verfasst von":"AMELIA SIUDA-KOSZELA","Gesch\u00e4tzte Lesezeit":"4\u00a0Minuten"},"schema":{"@context":"https:\/\/schema.org","@graph":[{"@type":"Article","@id":"https:\/\/www.lichen.pl\/wdzieczni-samorzadowcom-dzien-samorzadu-terytorialnego-w-lichenskim-sanktuarium\/#article","isPartOf":{"@id":"https:\/\/www.lichen.pl\/wdzieczni-samorzadowcom-dzien-samorzadu-terytorialnego-w-lichenskim-sanktuarium\/"},"author":{"name":"AMELIA SIUDA-KOSZELA","@id":"https:\/\/www.lichen.pl\/fr\/#\/schema\/person\/70bf824c102f176cf976b0d90af0d62a"},"headline":"Wdzi\u0119czni samorz\u0105dowcom &#8211; Dzie\u0144 Samorz\u0105du Terytorialnego w liche\u0144skim sanktuarium","datePublished":"2023-05-27T23:38:41+00:00","dateModified":"2023-05-27T23:44:47+00:00","mainEntityOfPage":{"@id":"https:\/\/www.lichen.pl\/wdzieczni-samorzadowcom-dzien-samorzadu-terytorialnego-w-lichenskim-sanktuarium\/"},"wordCount":639,"image":{"@id":"https:\/\/www.lichen.pl\/wdzieczni-samorzadowcom-dzien-samorzadu-terytorialnego-w-lichenskim-sanktuarium\/#primaryimage"},"thumbnailUrl":"https:\/\/www.lichen.pl\/wp-content\/uploads\/2023\/05\/IMG_7740.jpg","articleSection":["Aktualno\u015bci"],"inLanguage":"de"},{"@type":"WebPage","@id":"https:\/\/www.lichen.pl\/wdzieczni-samorzadowcom-dzien-samorzadu-terytorialnego-w-lichenskim-sanktuarium\/","url":"https:\/\/www.lichen.pl\/wdzieczni-samorzadowcom-dzien-samorzadu-terytorialnego-w-lichenskim-sanktuarium\/","name":"Wdzi\u0119czni samorz\u0105dowcom - Dzie\u0144 Samorz\u0105du Terytorialnego w liche\u0144skim sanktuarium - SANKTUARIUM W LICHENIU","isPartOf":{"@id":"https:\/\/www.lichen.pl\/fr\/#website"},"primaryImageOfPage":{"@id":"https:\/\/www.lichen.pl\/wdzieczni-samorzadowcom-dzien-samorzadu-terytorialnego-w-lichenskim-sanktuarium\/#primaryimage"},"image":{"@id":"https:\/\/www.lichen.pl\/wdzieczni-samorzadowcom-dzien-samorzadu-terytorialnego-w-lichenskim-sanktuarium\/#primaryimage"},"thumbnailUrl":"https:\/\/www.lichen.pl\/wp-content\/uploads\/2023\/05\/IMG_7740.jpg","datePublished":"2023-05-27T23:38:41+00:00","dateModified":"2023-05-27T23:44:47+00:00","author":{"@id":"https:\/\/www.lichen.pl\/fr\/#\/schema\/person\/70bf824c102f176cf976b0d90af0d62a"},"breadcrumb":{"@id":"https:\/\/www.lichen.pl\/wdzieczni-samorzadowcom-dzien-samorzadu-terytorialnego-w-lichenskim-sanktuarium\/#breadcrumb"},"inLanguage":"de","potentialAction":[{"@type":"ReadAction","target":["https:\/\/www.lichen.pl\/wdzieczni-samorzadowcom-dzien-samorzadu-terytorialnego-w-lichenskim-sanktuarium\/"]}]},{"@type":"ImageObject","inLanguage":"de","@id":"https:\/\/www.lichen.pl\/wdzieczni-samorzadowcom-dzien-samorzadu-terytorialnego-w-lichenskim-sanktuarium\/#primaryimage","url":"https:\/\/www.lichen.pl\/wp-content\/uploads\/2023\/05\/IMG_7740.jpg","contentUrl":"https:\/\/www.lichen.pl\/wp-content\/uploads\/2023\/05\/IMG_7740.jpg","width":1920,"height":1280},{"@type":"BreadcrumbList","@id":"https:\/\/www.lichen.pl\/wdzieczni-samorzadowcom-dzien-samorzadu-terytorialnego-w-lichenskim-sanktuarium\/#breadcrumb","itemListElement":[{"@type":"ListItem","position":1,"name":"Strona g\u0142\u00f3wna","item":"https:\/\/www.lichen.pl\/"},{"@type":"ListItem","position":2,"name":"Wdzi\u0119czni samorz\u0105dowcom &#8211; Dzie\u0144 Samorz\u0105du Terytorialnego w liche\u0144skim sanktuarium"}]},{"@type":"WebSite","@id":"https:\/\/www.lichen.pl\/fr\/#website","url":"https:\/\/www.lichen.pl\/fr\/","name":"HEILIGTUM IN LICHENIEN","description":"DIE TRAURIGE K\u00d6NIGIN UNSERER FLECHEN VON POLEN","potentialAction":[{"@type":"SearchAction","target":{"@type":"EntryPoint","urlTemplate":"https:\/\/www.lichen.pl\/fr\/?s={search_term_string}"},"query-input":{"@type":"PropertyValueSpecification","valueRequired":true,"valueName":"search_term_string"}}],"inLanguage":"de"},{"@type":"Person","@id":"https:\/\/www.lichen.pl\/fr\/#\/schema\/person\/70bf824c102f176cf976b0d90af0d62a","name":"AMELIA SIUDA-KOSZELA","image":{"@type":"ImageObject","inLanguage":"de","@id":"https:\/\/secure.gravatar.com\/avatar\/a0f9a92186ab02fb8db116f5388e3bc7280dd7bd01565c5d6b7ceb07ff27d6d9?s=96&d=retro&r=g","url":"https:\/\/secure.gravatar.com\/avatar\/a0f9a92186ab02fb8db116f5388e3bc7280dd7bd01565c5d6b7ceb07ff27d6d9?s=96&d=retro&r=g","contentUrl":"https:\/\/secure.gravatar.com\/avatar\/a0f9a92186ab02fb8db116f5388e3bc7280dd7bd01565c5d6b7ceb07ff27d6d9?s=96&d=retro&r=g","caption":"AMELIA SIUDA-KOSZELA"},"url":"https:\/\/www.lichen.pl\/de\/author\/amelia\/"}]}},"_links":{"self":[{"href":"https:\/\/www.lichen.pl\/de\/wp-json\/wp\/v2\/posts\/53377","targetHints":{"allow":["GET"]}}],"collection":[{"href":"https:\/\/www.lichen.pl\/de\/wp-json\/wp\/v2\/posts"}],"about":[{"href":"https:\/\/www.lichen.pl\/de\/wp-json\/wp\/v2\/types\/post"}],"author":[{"embeddable":true,"href":"https:\/\/www.lichen.pl\/de\/wp-json\/wp\/v2\/users\/6"}],"replies":[{"embeddable":true,"href":"https:\/\/www.lichen.pl\/de\/wp-json\/wp\/v2\/comments?post=53377"}],"version-history":[{"count":4,"href":"https:\/\/www.lichen.pl\/de\/wp-json\/wp\/v2\/posts\/53377\/revisions"}],"predecessor-version":[{"id":53395,"href":"https:\/\/www.lichen.pl\/de\/wp-json\/wp\/v2\/posts\/53377\/revisions\/53395"}],"wp:featuredmedia":[{"embeddable":true,"href":"https:\/\/www.lichen.pl\/de\/wp-json\/wp\/v2\/media\/53378"}],"wp:attachment":[{"href":"https:\/\/www.lichen.pl\/de\/wp-json\/wp\/v2\/media?parent=53377"}],"wp:term":[{"taxonomy":"category","embeddable":true,"href":"https:\/\/www.lichen.pl\/de\/wp-json\/wp\/v2\/categories?post=53377"},{"taxonomy":"post_tag","embeddable":true,"href":"https:\/\/www.lichen.pl\/de\/wp-json\/wp\/v2\/tags?post=53377"}],"curies":[{"name":"wp","href":"https:\/\/api.w.org\/{rel}","templated":true}]}}