{"id":55031,"date":"2023-07-05T17:50:12","date_gmt":"2023-07-05T15:50:12","guid":{"rendered":"https:\/\/www.lichen.pl\/?p=55031"},"modified":"2023-07-13T15:06:57","modified_gmt":"2023-07-13T13:06:57","slug":"x-warsztaty-ars-celebrandi","status":"publish","type":"post","link":"https:\/\/www.lichen.pl\/de\/x-warsztaty-ars-celebrandi\/","title":{"rendered":"X Warsztaty Ars Celebrandi"},"content":{"rendered":"<div data-elementor-type=\"wp-post\" data-elementor-id=\"55031\" class=\"elementor elementor-55031\" data-elementor-post-type=\"post\">\n\t\t\t\t\t\t<section class=\"elementor-section elementor-top-section elementor-element elementor-element-e6ce32b elementor-section-boxed elementor-section-height-default elementor-section-height-default\" data-id=\"e6ce32b\" data-element_type=\"section\" data-e-type=\"section\">\n\t\t\t\t\t\t<div class=\"elementor-container elementor-column-gap-default\">\n\t\t\t\t\t<div class=\"elementor-column elementor-col-100 elementor-top-column elementor-element elementor-element-9357b82\" data-id=\"9357b82\" data-element_type=\"column\" data-e-type=\"column\">\n\t\t\t<div class=\"elementor-widget-wrap elementor-element-populated\">\n\t\t\t\t\t\t<div class=\"elementor-element elementor-element-6d0fad8 elementor-widget elementor-widget-heading\" data-id=\"6d0fad8\" data-element_type=\"widget\" data-e-type=\"widget\" data-widget_type=\"heading.default\">\n\t\t\t\t<div class=\"elementor-widget-container\">\n\t\t\t\t\t<h2 class=\"elementor-heading-title elementor-size-default\">Warsztaty liturgiczne Ars Celebrandi to jedyne w swoim rodzaju wydarzenie. Najwi\u0119ksze w Europie warsztaty liturgii tradycyjnej goszcz\u0105 w Sanktuarium Matki Bo\u017cej Liche\u0144skiej Bolesnej Kr\u00f3lowej Polski w Licheniu Starym ju\u017c po raz 10. Jubileuszowa edycja zgromadzi\u0142a dwie\u015bcie os\u00f3b obojga p\u0142ci i r\u00f3\u017cnych stan\u00f3w \u017cycia z kraju i zagranicy. Wydarzenie, kt\u00f3re rozpocz\u0119\u0142o si\u0119 w czwartek, 6 lipca potrwa 8 dni.<\/h2>\t\t\t\t<\/div>\n\t\t\t\t<\/div>\n\t\t\t\t\t<\/div>\n\t\t<\/div>\n\t\t\t\t\t<\/div>\n\t\t<\/section>\n\t\t\t\t<section class=\"elementor-section elementor-top-section elementor-element elementor-element-03c6f6a elementor-section-boxed elementor-section-height-default elementor-section-height-default\" data-id=\"03c6f6a\" data-element_type=\"section\" data-e-type=\"section\">\n\t\t\t\t\t\t<div class=\"elementor-container elementor-column-gap-default\">\n\t\t\t\t\t<div class=\"elementor-column elementor-col-100 elementor-top-column elementor-element elementor-element-e4e872e\" data-id=\"e4e872e\" data-element_type=\"column\" data-e-type=\"column\">\n\t\t\t<div class=\"elementor-widget-wrap elementor-element-populated\">\n\t\t\t\t\t\t<section class=\"elementor-section elementor-inner-section elementor-element elementor-element-c60f4df elementor-section-boxed elementor-section-height-default elementor-section-height-default\" data-id=\"c60f4df\" data-element_type=\"section\" data-e-type=\"section\">\n\t\t\t\t\t\t<div class=\"elementor-container elementor-column-gap-default\">\n\t\t\t\t\t<div class=\"elementor-column elementor-col-50 elementor-inner-column elementor-element elementor-element-4b25d8a\" data-id=\"4b25d8a\" data-element_type=\"column\" data-e-type=\"column\">\n\t\t\t<div class=\"elementor-widget-wrap elementor-element-populated\">\n\t\t\t\t\t\t<div class=\"elementor-element elementor-element-8dfaa3b elementor-widget elementor-widget-image\" data-id=\"8dfaa3b\" data-element_type=\"widget\" data-e-type=\"widget\" data-widget_type=\"image.default\">\n\t\t\t\t<div class=\"elementor-widget-container\">\n\t\t\t\t\t\t\t\t\t\t\t\t\t\t\t<img fetchpriority=\"high\" decoding=\"async\" width=\"1024\" height=\"1024\" src=\"https:\/\/www.lichen.pl\/wp-content\/uploads\/2023\/07\/AC2023_zwiasstun_1080x1080-1024x1024.jpg\" class=\"attachment-large size-large wp-image-55032\" alt=\"\" srcset=\"https:\/\/www.lichen.pl\/wp-content\/uploads\/2023\/07\/AC2023_zwiasstun_1080x1080-1024x1024.jpg 1024w, https:\/\/www.lichen.pl\/wp-content\/uploads\/2023\/07\/AC2023_zwiasstun_1080x1080-300x300.jpg 300w, https:\/\/www.lichen.pl\/wp-content\/uploads\/2023\/07\/AC2023_zwiasstun_1080x1080-800x800.jpg 800w, https:\/\/www.lichen.pl\/wp-content\/uploads\/2023\/07\/AC2023_zwiasstun_1080x1080-150x150.jpg 150w, https:\/\/www.lichen.pl\/wp-content\/uploads\/2023\/07\/AC2023_zwiasstun_1080x1080-768x768.jpg 768w, https:\/\/www.lichen.pl\/wp-content\/uploads\/2023\/07\/AC2023_zwiasstun_1080x1080-12x12.jpg 12w, https:\/\/www.lichen.pl\/wp-content\/uploads\/2023\/07\/AC2023_zwiasstun_1080x1080.jpg 1080w\" sizes=\"(max-width: 1024px) 100vw, 1024px\" \/>\t\t\t\t\t\t\t\t\t\t\t\t\t\t\t<\/div>\n\t\t\t\t<\/div>\n\t\t\t\t\t<\/div>\n\t\t<\/div>\n\t\t\t\t<div class=\"elementor-column elementor-col-50 elementor-inner-column elementor-element elementor-element-a84da92\" data-id=\"a84da92\" data-element_type=\"column\" data-e-type=\"column\">\n\t\t\t<div class=\"elementor-widget-wrap elementor-element-populated\">\n\t\t\t\t\t\t<div class=\"elementor-element elementor-element-b3b8ebd elementor-widget elementor-widget-text-editor\" data-id=\"b3b8ebd\" data-element_type=\"widget\" data-e-type=\"widget\" data-widget_type=\"text-editor.default\">\n\t\t\t\t<div class=\"elementor-widget-container\">\n\t\t\t\t\t\t\t\t\t<p>\u2013 Oko\u0142o 20 kap\u0142an\u00f3w poznaje tajniki celebrowania Mszy \u015bwi\u0119tej. Prawie 60 os\u00f3b uczy si\u0119 ministrantury na r\u00f3\u017cnych poziomach trudno\u015bci, a 40 os\u00f3b \u015bpiewu gregoria\u0144skiego. \u015apiewacy podzieleni s\u0105 na dwie grupy, m\u0119sk\u0105 i \u017ce\u0144sk\u0105, i codziennie na jednej Mszy warsztatowej \u015bpiewaj\u0105 sami m\u0119\u017cczy\u017ani, a na drugiej same kobiety. Taki podzia\u0142 jest zgodny z dawnymi zwyczajami i zapewnia atrakcyjniejszy odbi\u00f3r muzyczny, a ponadto pozwala skosztowa\u0107 sztuki chora\u0142u \u017ce\u0144skiego, piel\u0119gnowanej niegdy\u015b w \u017ce\u0144skich klasztorach mniszek \u2013 wyja\u015bniaj\u0105 organizatorzy.<\/p><p>Przez 10 lat istnienia warsztat\u00f3w wzi\u0119\u0142o w nich udzia\u0142 oko\u0142o 2 tysi\u0105ce uczestnik\u00f3w, z czego wi\u0119kszo\u015b\u0107 stanowili ministranci.\u00a0 Co roku przybywaj\u0105 tak\u017ce uczestnicy zza granicy, g\u0142\u00f3wnie Polonia, ale w niekt\u00f3rych latach tworzono tak\u017ce grupy angloj\u0119zyczne dla obcokrajowc\u00f3w. \u2013 To jest \u0142aska Bo\u017ca, \u015bwiadectwo tego, ze warsztaty odpowiadaj\u0105 na potrzeby, kt\u00f3re ludzie nosz\u0105 w sercach.<\/p>\t\t\t\t\t\t\t\t<\/div>\n\t\t\t\t<\/div>\n\t\t\t\t\t<\/div>\n\t\t<\/div>\n\t\t\t\t\t<\/div>\n\t\t<\/section>\n\t\t\t\t\t<\/div>\n\t\t<\/div>\n\t\t\t\t\t<\/div>\n\t\t<\/section>\n\t\t\t\t<section class=\"elementor-section elementor-top-section elementor-element elementor-element-66a6f3e elementor-section-boxed elementor-section-height-default elementor-section-height-default\" data-id=\"66a6f3e\" data-element_type=\"section\" data-e-type=\"section\">\n\t\t\t\t\t\t<div class=\"elementor-container elementor-column-gap-default\">\n\t\t\t\t\t<div class=\"elementor-column elementor-col-100 elementor-top-column elementor-element elementor-element-ec60f42\" data-id=\"ec60f42\" data-element_type=\"column\" data-e-type=\"column\">\n\t\t\t<div class=\"elementor-widget-wrap elementor-element-populated\">\n\t\t\t\t\t\t<div class=\"elementor-element elementor-element-8af0a7d elementor-widget elementor-widget-text-editor\" data-id=\"8af0a7d\" data-element_type=\"widget\" data-e-type=\"widget\" data-widget_type=\"text-editor.default\">\n\t\t\t\t<div class=\"elementor-widget-container\">\n\t\t\t\t\t\t\t\t\t<p>Warsztaty przygotowywane s\u0105 przez ludzi spo\u0142ecznie. Nie ma nikogo, kto pracowa\u0142by na etacie i zajmowa\u0142 si\u0119 tylko tym wydarzeniem. Grupa spo\u0142ecznik\u00f3w robi to kosztem w\u0142asnego czasu, pracuj\u0105c praktycznie ca\u0142y rok, mimo \u017ce warsztaty trwaj\u0105 kilka dni \u2013 wyja\u015bnia dr Dominika Krupi\u0144ska, rzeczniczka warsztat\u00f3w Ars Celebrandi.<\/p><p>\u2013 Nie ma innego miejsca w Polsce, gdzie mo\u017cna by zorganizowa\u0107 te warsztaty. Tylko tutaj jest taka infrastruktura: kilka ko\u015bcio\u0142\u00f3w i mn\u00f3stwo kapliczek, kt\u00f3rych potrzebuj\u0105 kap\u0142ani i ministranci, by uczy\u0107 si\u0119 odprawia\u0107 Msz\u0119 \u015awi\u0119t\u0105. Ko\u015bci\u00f3\u0142 Matki Bo\u017cej Cz\u0119stochowskiej zostaje oddany nam na te kilka dni do u\u017cytku i mo\u017cemy go przebudowa\u0107 do potrzeb liturgii tradycyjnej. S\u0105 te\u017c domy pielgrzyma, sto\u0142\u00f3wki, kawiarnie, jezioro. Do\u015bwiadczamy wielkiej \u017cyczliwo\u015bci zar\u00f3wno od gospodarzy miejsca jak i pracownik\u00f3w sanktuarium \u2013 opowiada pani Dominika si\u0119gaj\u0105c pami\u0119ci\u0105 do pocz\u0105tk\u00f3w \u2013 To by\u0142o dla nas nieznane miejsce. Zasz\u0142a w nas pewna ewolucja. Poproszono nas o udzia\u0142 w procesji ze \u015bwiat\u0142ami podczas Apelu Maryjnego, co robili\u015bmy ze wzgl\u0119du na pro\u015bb\u0119 gospodarzy. W ci\u0105gu tych lat zidentyfikowali\u015bmy si\u0119 z tym. To cz\u0119\u015b\u0107 naszego bycia tu, nie robienie czego\u015b na zewn\u0105trz, na czyj\u0105\u015b pro\u015bb\u0119.<\/p><p>\u2013 Msza \u015awi\u0119ta nie jest \u017cadn\u0105 ideologi\u0105. To doskona\u0142y \u015brodek do tego, by odda\u0107 Bogu publicznie chwa\u0142\u0119, do czego si\u0119 przygotowujemy. Niewa\u017cne, w jakiej roli si\u0119 znajdziemy, jaki warsztat wybierzemy; wa\u017cne, \u017ce szukamy, gdzie jest Pan B\u00f3g \u2013 m\u00f3wi\u0142 ks. Pawe\u0142 Korupka, kapelan warsztat\u00f3w Ars celebrandi podczas mszy solennej, kt\u00f3ra w czwartkowe popo\u0142udnie otworzy\u0142a tegoroczne warsztaty \u2013 Liturgia tradycyjna wymaga od nas wiele wysi\u0142ku. Jak widzimy od lat, jest wiatrem, kt\u00f3ry nap\u0119dza \u0142\u00f3d\u017a Piotrow\u0105.<\/p>\t\t\t\t\t\t\t\t<\/div>\n\t\t\t\t<\/div>\n\t\t\t\t\t<\/div>\n\t\t<\/div>\n\t\t\t\t\t<\/div>\n\t\t<\/section>\n\t\t\t\t<section class=\"elementor-section elementor-top-section elementor-element elementor-element-b2d9b88 elementor-section-boxed elementor-section-height-default elementor-section-height-default\" data-id=\"b2d9b88\" data-element_type=\"section\" data-e-type=\"section\">\n\t\t\t\t\t\t<div class=\"elementor-container elementor-column-gap-default\">\n\t\t\t\t\t<div class=\"elementor-column elementor-col-100 elementor-top-column elementor-element elementor-element-a148e17\" data-id=\"a148e17\" data-element_type=\"column\" data-e-type=\"column\">\n\t\t\t<div class=\"elementor-widget-wrap elementor-element-populated\">\n\t\t\t\t\t\t<section class=\"elementor-section elementor-inner-section elementor-element elementor-element-2815ca7 elementor-section-boxed elementor-section-height-default elementor-section-height-default\" data-id=\"2815ca7\" data-element_type=\"section\" data-e-type=\"section\">\n\t\t\t\t\t\t<div class=\"elementor-container elementor-column-gap-default\">\n\t\t\t\t\t<div class=\"elementor-column elementor-col-50 elementor-inner-column elementor-element elementor-element-75426bf\" data-id=\"75426bf\" data-element_type=\"column\" data-e-type=\"column\">\n\t\t\t<div class=\"elementor-widget-wrap elementor-element-populated\">\n\t\t\t\t\t\t<div class=\"elementor-element elementor-element-5708521 elementor-widget elementor-widget-image\" data-id=\"5708521\" data-element_type=\"widget\" data-e-type=\"widget\" data-widget_type=\"image.default\">\n\t\t\t\t<div class=\"elementor-widget-container\">\n\t\t\t\t\t\t\t\t\t\t\t\t\t\t\t<img decoding=\"async\" width=\"1024\" height=\"683\" src=\"https:\/\/www.lichen.pl\/wp-content\/uploads\/2023\/07\/IMG_9539-1024x683.jpg\" class=\"attachment-large size-large wp-image-55243\" alt=\"\" srcset=\"https:\/\/www.lichen.pl\/wp-content\/uploads\/2023\/07\/IMG_9539-1024x683.jpg 1024w, https:\/\/www.lichen.pl\/wp-content\/uploads\/2023\/07\/IMG_9539-800x533.jpg 800w, https:\/\/www.lichen.pl\/wp-content\/uploads\/2023\/07\/IMG_9539-300x200.jpg 300w, https:\/\/www.lichen.pl\/wp-content\/uploads\/2023\/07\/IMG_9539-768x512.jpg 768w, https:\/\/www.lichen.pl\/wp-content\/uploads\/2023\/07\/IMG_9539-1536x1024.jpg 1536w, https:\/\/www.lichen.pl\/wp-content\/uploads\/2023\/07\/IMG_9539-2048x1365.jpg 2048w, https:\/\/www.lichen.pl\/wp-content\/uploads\/2023\/07\/IMG_9539-18x12.jpg 18w, https:\/\/www.lichen.pl\/wp-content\/uploads\/2023\/07\/IMG_9539.jpg 1920w\" sizes=\"(max-width: 1024px) 100vw, 1024px\" \/>\t\t\t\t\t\t\t\t\t\t\t\t\t\t\t<\/div>\n\t\t\t\t<\/div>\n\t\t\t\t\t<\/div>\n\t\t<\/div>\n\t\t\t\t<div class=\"elementor-column elementor-col-50 elementor-inner-column elementor-element elementor-element-5b624cf\" data-id=\"5b624cf\" data-element_type=\"column\" data-e-type=\"column\">\n\t\t\t<div class=\"elementor-widget-wrap elementor-element-populated\">\n\t\t\t\t\t\t<div class=\"elementor-element elementor-element-872ed91 elementor-widget elementor-widget-text-editor\" data-id=\"872ed91\" data-element_type=\"widget\" data-e-type=\"widget\" data-widget_type=\"text-editor.default\">\n\t\t\t\t<div class=\"elementor-widget-container\">\n\t\t\t\t\t\t\t\t\t<p>W\u015br\u00f3d owoc\u00f3w warsztat\u00f3w mo\u017cna wyliczy\u0107 ponad 20 powo\u0142a\u0144 kap\u0142a\u0144skich i zakonnych. Podczas jubileuszowej edycji wyk\u0142adowc\u0105 jednego z warsztat\u00f3w ministranckich jest kleryk , kt\u00f3ry od lat dzia\u0142a\u0142 przy ich organizacji. W \u015brod\u0119, 12 lipca w bazylice Naj\u015bwi\u0119tszej Maryi Panny Liche\u0144skiej ks. Jan Andrzejewski IBP z Instytutu Dobrego Pasterza odprawi swoj\u0105 msze prymicyjn\u0105. To kap\u0142an, kt\u00f3ry bra\u0142 udzia\u0142 w pierwszych edycjach jeszcze jako \u015bwiecki i zosta\u0142 niedawno wy\u015bwi\u0119cony. Na warsztatach wida\u0107 tak\u017ce sporo dzieci, ca\u0142ych rodzin \u2013 przez 10 lat zosta\u0142o skojarzonych przynajmniej kilkana\u015bcie ma\u0142\u017ce\u0144stw.<\/p>\t\t\t\t\t\t\t\t<\/div>\n\t\t\t\t<\/div>\n\t\t\t\t\t<\/div>\n\t\t<\/div>\n\t\t\t\t\t<\/div>\n\t\t<\/section>\n\t\t\t\t<div class=\"elementor-element elementor-element-57cfce7 elementor-widget elementor-widget-text-editor\" data-id=\"57cfce7\" data-element_type=\"widget\" data-e-type=\"widget\" data-widget_type=\"text-editor.default\">\n\t\t\t\t<div class=\"elementor-widget-container\">\n\t\t\t\t\t\t\t\t\t<p>W warsztatach bior\u0105 udzia\u0142 kap\u0142ani, klerycy i bracia zakonni, ministranci i \u015bpiewacy liturgiczni; \u00a0osoby z ka\u017cdego przedzia\u0142u wiekowego, od kilkuletnich dzieci po senior\u00f3w, z licznym udzia\u0142em m\u0142odzie\u017cy a tak\u017ce ca\u0142ych rodzin. Uczestnicy mog\u0105 opanowa\u0107 wszelkie umiej\u0119tno\u015bci potrzebne do celebrowania tradycyjnej liturgii Ko\u015bcio\u0142a rzymskokatolickiego: Mszy \u015bwi\u0119tych, Liturgii Godzin, nabo\u017ce\u0144stw, sakrament\u00f3w i sakramentali\u00f3w. Wszyscy kap\u0142ani przyje\u017cdzaj\u0105cy na warsztaty musz\u0105 mie\u0107 zgod\u0119 swojego biskupa, a same warsztaty odbywaj\u0105 si\u0119 za zgodn\u0105 ordynariusza miejsca, biskupa w\u0142oc\u0142awskiego, Krzysztofa W\u0119tkowskiego.<\/p><p>Osoby, kt\u00f3re przyby\u0142y na warsztaty maj\u0105 te\u017c okazj\u0119, by porozmawia\u0107 z reprezentantami trzech m\u0119skich instytut\u00f3w zakonnych, pos\u0142uguj\u0105cych si\u0119 klasyczn\u0105 liturgi\u0105 rzymsk\u0105: Bractwa Kap\u0142a\u0144skiego \u015awi\u0119tego Piotra (FSSP), Instytutu Dobrego Pasterza (IBP) i Instytutu Chrystusa Kr\u00f3la Najwy\u017cszego Kap\u0142ana (ICRSS), \u00a0pozna\u0107 charyzmat tych instytut\u00f3w, ich miejsce i rol\u0119 w Ko\u015bciele katolickim.<\/p><p>Istotnym elementem, w kt\u00f3rym uczestnicy ch\u0119tnie bior\u0119 udzia\u0142 podczas ka\u017cdej z edycji jest codzienna wieczorna nauka dawnych polskich pie\u015bni nabo\u017cnych. Warsztaty prowadzi Adam Strug, polski \u015bpiewak, poeta, kompozytor. Tak\u017ce ka\u017cdego dnia rano celebrowana jest Msza tzw. \u201epolska\u201d, czyli recytowana ze \u015bpiewem tych pie\u015bni.<\/p><p>Dla niekt\u00f3rych uczestnik\u00f3w warsztaty stanowi\u0105 prywatne rekolekcje. Bior\u0105 udzia\u0142 we wszystkich liturgiach i s\u0142uchaj\u0105 kaza\u0144 rekolekcyjnych, kt\u00f3re g\u0142osi codziennie ks. Mateusz Zawadzki z diecezji gda\u0144skiej. Ich temat to: \u201eWojuj\u0105cy czy pielgrzymuj\u0105cy? Rola tradycji we wsp\u00f3\u0142czesnym Ko\u015bciele w \u015bwietle \u017cycia \u015bw. Paw\u0142a\u201d.<\/p>\t\t\t\t\t\t\t\t<\/div>\n\t\t\t\t<\/div>\n\t\t\t\t<div class=\"elementor-element elementor-element-c046cbd elementor-widget elementor-widget-image-gallery\" data-id=\"c046cbd\" data-element_type=\"widget\" data-e-type=\"widget\" data-widget_type=\"image-gallery.default\">\n\t\t\t\t<div class=\"elementor-widget-container\">\n\t\t\t\t\t\t\t<div class=\"elementor-image-gallery\">\n\t\t\t<div id='gallery-1' class='gallery galleryid-55031 gallery-columns-6 gallery-size-thumbnail'><figure class='gallery-item'>\n\t\t\t<div class='gallery-icon portrait'>\n\t\t\t\t<a data-elementor-open-lightbox=\"yes\" data-elementor-lightbox-slideshow=\"c046cbd\" data-elementor-lightbox-title=\"Warsztaty Ars celebrandi 2023\" data-e-action-hash=\"#elementor-action%3Aaction%3Dlightbox%26settings%3DeyJpZCI6NTUyMDAsInVybCI6Imh0dHBzOlwvXC93d3cubGljaGVuLnBsXC93cC1jb250ZW50XC91cGxvYWRzXC8yMDIzXC8wN1wvSU1HXzkzNjcuanBnIiwic2xpZGVzaG93IjoiYzA0NmNiZCJ9\" href='https:\/\/www.lichen.pl\/wp-content\/uploads\/2023\/07\/IMG_9367.jpg'><img width=\"150\" height=\"150\" src=\"https:\/\/www.lichen.pl\/wp-content\/uploads\/2023\/07\/IMG_9367-150x150.jpg\" class=\"attachment-thumbnail size-thumbnail\" alt=\"\" decoding=\"async\" srcset=\"https:\/\/www.lichen.pl\/wp-content\/uploads\/2023\/07\/IMG_9367-150x150.jpg 150w, https:\/\/www.lichen.pl\/wp-content\/uploads\/2023\/07\/IMG_9367-300x300.jpg 300w\" sizes=\"(max-width: 150px) 100vw, 150px\" \/><\/a>\n\t\t\t<\/div><\/figure><figure class='gallery-item'>\n\t\t\t<div class='gallery-icon portrait'>\n\t\t\t\t<a data-elementor-open-lightbox=\"yes\" data-elementor-lightbox-slideshow=\"c046cbd\" data-elementor-lightbox-title=\"Warsztaty Ars celebrandi 2023\" data-e-action-hash=\"#elementor-action%3Aaction%3Dlightbox%26settings%3DeyJpZCI6NTUyMDEsInVybCI6Imh0dHBzOlwvXC93d3cubGljaGVuLnBsXC93cC1jb250ZW50XC91cGxvYWRzXC8yMDIzXC8wN1wvSU1HXzkzNzEuanBnIiwic2xpZGVzaG93IjoiYzA0NmNiZCJ9\" href='https:\/\/www.lichen.pl\/wp-content\/uploads\/2023\/07\/IMG_9371.jpg'><img loading=\"lazy\" width=\"150\" height=\"150\" src=\"https:\/\/www.lichen.pl\/wp-content\/uploads\/2023\/07\/IMG_9371-150x150.jpg\" class=\"attachment-thumbnail size-thumbnail\" alt=\"\" decoding=\"async\" srcset=\"https:\/\/www.lichen.pl\/wp-content\/uploads\/2023\/07\/IMG_9371-150x150.jpg 150w, https:\/\/www.lichen.pl\/wp-content\/uploads\/2023\/07\/IMG_9371-300x300.jpg 300w\" sizes=\"(max-width: 150px) 100vw, 150px\" \/><\/a>\n\t\t\t<\/div><\/figure><figure class='gallery-item'>\n\t\t\t<div class='gallery-icon landscape'>\n\t\t\t\t<a data-elementor-open-lightbox=\"yes\" data-elementor-lightbox-slideshow=\"c046cbd\" data-elementor-lightbox-title=\"Warsztaty Ars celebrandi 2023\" data-e-action-hash=\"#elementor-action%3Aaction%3Dlightbox%26settings%3DeyJpZCI6NTUyMDIsInVybCI6Imh0dHBzOlwvXC93d3cubGljaGVuLnBsXC93cC1jb250ZW50XC91cGxvYWRzXC8yMDIzXC8wN1wvSU1HXzkzNzguanBnIiwic2xpZGVzaG93IjoiYzA0NmNiZCJ9\" href='https:\/\/www.lichen.pl\/wp-content\/uploads\/2023\/07\/IMG_9378.jpg'><img loading=\"lazy\" width=\"150\" height=\"150\" src=\"https:\/\/www.lichen.pl\/wp-content\/uploads\/2023\/07\/IMG_9378-150x150.jpg\" class=\"attachment-thumbnail size-thumbnail\" alt=\"\" decoding=\"async\" srcset=\"https:\/\/www.lichen.pl\/wp-content\/uploads\/2023\/07\/IMG_9378-150x150.jpg 150w, https:\/\/www.lichen.pl\/wp-content\/uploads\/2023\/07\/IMG_9378-300x300.jpg 300w\" sizes=\"(max-width: 150px) 100vw, 150px\" \/><\/a>\n\t\t\t<\/div><\/figure><figure class='gallery-item'>\n\t\t\t<div class='gallery-icon landscape'>\n\t\t\t\t<a data-elementor-open-lightbox=\"yes\" data-elementor-lightbox-slideshow=\"c046cbd\" data-elementor-lightbox-title=\"Warsztaty Ars celebrandi 2023\" data-e-action-hash=\"#elementor-action%3Aaction%3Dlightbox%26settings%3DeyJpZCI6NTUyMDMsInVybCI6Imh0dHBzOlwvXC93d3cubGljaGVuLnBsXC93cC1jb250ZW50XC91cGxvYWRzXC8yMDIzXC8wN1wvSU1HXzkzODQuanBnIiwic2xpZGVzaG93IjoiYzA0NmNiZCJ9\" href='https:\/\/www.lichen.pl\/wp-content\/uploads\/2023\/07\/IMG_9384.jpg'><img loading=\"lazy\" width=\"150\" height=\"150\" src=\"https:\/\/www.lichen.pl\/wp-content\/uploads\/2023\/07\/IMG_9384-150x150.jpg\" class=\"attachment-thumbnail size-thumbnail\" alt=\"\" decoding=\"async\" srcset=\"https:\/\/www.lichen.pl\/wp-content\/uploads\/2023\/07\/IMG_9384-150x150.jpg 150w, https:\/\/www.lichen.pl\/wp-content\/uploads\/2023\/07\/IMG_9384-300x300.jpg 300w\" sizes=\"(max-width: 150px) 100vw, 150px\" \/><\/a>\n\t\t\t<\/div><\/figure><figure class='gallery-item'>\n\t\t\t<div class='gallery-icon portrait'>\n\t\t\t\t<a data-elementor-open-lightbox=\"yes\" data-elementor-lightbox-slideshow=\"c046cbd\" data-elementor-lightbox-title=\"Warsztaty Ars celebrandi 2023\" data-e-action-hash=\"#elementor-action%3Aaction%3Dlightbox%26settings%3DeyJpZCI6NTUyMDQsInVybCI6Imh0dHBzOlwvXC93d3cubGljaGVuLnBsXC93cC1jb250ZW50XC91cGxvYWRzXC8yMDIzXC8wN1wvSU1HXzkzOTIuanBnIiwic2xpZGVzaG93IjoiYzA0NmNiZCJ9\" href='https:\/\/www.lichen.pl\/wp-content\/uploads\/2023\/07\/IMG_9392.jpg'><img loading=\"lazy\" width=\"150\" height=\"150\" src=\"https:\/\/www.lichen.pl\/wp-content\/uploads\/2023\/07\/IMG_9392-150x150.jpg\" class=\"attachment-thumbnail size-thumbnail\" alt=\"\" decoding=\"async\" srcset=\"https:\/\/www.lichen.pl\/wp-content\/uploads\/2023\/07\/IMG_9392-150x150.jpg 150w, https:\/\/www.lichen.pl\/wp-content\/uploads\/2023\/07\/IMG_9392-300x300.jpg 300w\" sizes=\"(max-width: 150px) 100vw, 150px\" \/><\/a>\n\t\t\t<\/div><\/figure><figure class='gallery-item'>\n\t\t\t<div class='gallery-icon portrait'>\n\t\t\t\t<a data-elementor-open-lightbox=\"yes\" data-elementor-lightbox-slideshow=\"c046cbd\" data-elementor-lightbox-title=\"Warsztaty Ars celebrandi 2023\" data-e-action-hash=\"#elementor-action%3Aaction%3Dlightbox%26settings%3DeyJpZCI6NTUyMDUsInVybCI6Imh0dHBzOlwvXC93d3cubGljaGVuLnBsXC93cC1jb250ZW50XC91cGxvYWRzXC8yMDIzXC8wN1wvSU1HXzkzOTcuanBnIiwic2xpZGVzaG93IjoiYzA0NmNiZCJ9\" href='https:\/\/www.lichen.pl\/wp-content\/uploads\/2023\/07\/IMG_9397.jpg'><img loading=\"lazy\" width=\"150\" height=\"150\" src=\"https:\/\/www.lichen.pl\/wp-content\/uploads\/2023\/07\/IMG_9397-150x150.jpg\" class=\"attachment-thumbnail size-thumbnail\" alt=\"\" decoding=\"async\" srcset=\"https:\/\/www.lichen.pl\/wp-content\/uploads\/2023\/07\/IMG_9397-150x150.jpg 150w, https:\/\/www.lichen.pl\/wp-content\/uploads\/2023\/07\/IMG_9397-300x300.jpg 300w\" sizes=\"(max-width: 150px) 100vw, 150px\" \/><\/a>\n\t\t\t<\/div><\/figure><figure class='gallery-item'>\n\t\t\t<div class='gallery-icon portrait'>\n\t\t\t\t<a data-elementor-open-lightbox=\"yes\" data-elementor-lightbox-slideshow=\"c046cbd\" data-elementor-lightbox-title=\"Warsztaty Ars celebrandi 2023\" data-e-action-hash=\"#elementor-action%3Aaction%3Dlightbox%26settings%3DeyJpZCI6NTUyMDYsInVybCI6Imh0dHBzOlwvXC93d3cubGljaGVuLnBsXC93cC1jb250ZW50XC91cGxvYWRzXC8yMDIzXC8wN1wvSU1HXzk0MDAuanBnIiwic2xpZGVzaG93IjoiYzA0NmNiZCJ9\" href='https:\/\/www.lichen.pl\/wp-content\/uploads\/2023\/07\/IMG_9400.jpg'><img loading=\"lazy\" width=\"150\" height=\"150\" src=\"https:\/\/www.lichen.pl\/wp-content\/uploads\/2023\/07\/IMG_9400-150x150.jpg\" class=\"attachment-thumbnail size-thumbnail\" alt=\"\" decoding=\"async\" srcset=\"https:\/\/www.lichen.pl\/wp-content\/uploads\/2023\/07\/IMG_9400-150x150.jpg 150w, https:\/\/www.lichen.pl\/wp-content\/uploads\/2023\/07\/IMG_9400-300x300.jpg 300w\" sizes=\"(max-width: 150px) 100vw, 150px\" \/><\/a>\n\t\t\t<\/div><\/figure><figure class='gallery-item'>\n\t\t\t<div class='gallery-icon portrait'>\n\t\t\t\t<a data-elementor-open-lightbox=\"yes\" data-elementor-lightbox-slideshow=\"c046cbd\" data-elementor-lightbox-title=\"Warsztaty Ars celebrandi 2023\" data-e-action-hash=\"#elementor-action%3Aaction%3Dlightbox%26settings%3DeyJpZCI6NTUyMDcsInVybCI6Imh0dHBzOlwvXC93d3cubGljaGVuLnBsXC93cC1jb250ZW50XC91cGxvYWRzXC8yMDIzXC8wN1wvSU1HXzk0MDMuanBnIiwic2xpZGVzaG93IjoiYzA0NmNiZCJ9\" href='https:\/\/www.lichen.pl\/wp-content\/uploads\/2023\/07\/IMG_9403.jpg'><img loading=\"lazy\" width=\"150\" height=\"150\" src=\"https:\/\/www.lichen.pl\/wp-content\/uploads\/2023\/07\/IMG_9403-150x150.jpg\" class=\"attachment-thumbnail size-thumbnail\" alt=\"\" decoding=\"async\" srcset=\"https:\/\/www.lichen.pl\/wp-content\/uploads\/2023\/07\/IMG_9403-150x150.jpg 150w, https:\/\/www.lichen.pl\/wp-content\/uploads\/2023\/07\/IMG_9403-300x300.jpg 300w\" sizes=\"(max-width: 150px) 100vw, 150px\" \/><\/a>\n\t\t\t<\/div><\/figure><figure class='gallery-item'>\n\t\t\t<div class='gallery-icon landscape'>\n\t\t\t\t<a data-elementor-open-lightbox=\"yes\" data-elementor-lightbox-slideshow=\"c046cbd\" data-elementor-lightbox-title=\"Warsztaty Ars celebrandi 2023\" data-e-action-hash=\"#elementor-action%3Aaction%3Dlightbox%26settings%3DeyJpZCI6NTUyMDgsInVybCI6Imh0dHBzOlwvXC93d3cubGljaGVuLnBsXC93cC1jb250ZW50XC91cGxvYWRzXC8yMDIzXC8wN1wvSU1HXzk0MDguanBnIiwic2xpZGVzaG93IjoiYzA0NmNiZCJ9\" href='https:\/\/www.lichen.pl\/wp-content\/uploads\/2023\/07\/IMG_9408.jpg'><img loading=\"lazy\" width=\"150\" height=\"150\" src=\"https:\/\/www.lichen.pl\/wp-content\/uploads\/2023\/07\/IMG_9408-150x150.jpg\" class=\"attachment-thumbnail size-thumbnail\" alt=\"\" decoding=\"async\" srcset=\"https:\/\/www.lichen.pl\/wp-content\/uploads\/2023\/07\/IMG_9408-150x150.jpg 150w, https:\/\/www.lichen.pl\/wp-content\/uploads\/2023\/07\/IMG_9408-300x300.jpg 300w\" sizes=\"(max-width: 150px) 100vw, 150px\" \/><\/a>\n\t\t\t<\/div><\/figure><figure class='gallery-item'>\n\t\t\t<div class='gallery-icon landscape'>\n\t\t\t\t<a data-elementor-open-lightbox=\"yes\" data-elementor-lightbox-slideshow=\"c046cbd\" data-elementor-lightbox-title=\"Warsztaty Ars celebrandi 2023\" data-e-action-hash=\"#elementor-action%3Aaction%3Dlightbox%26settings%3DeyJpZCI6NTUyMDksInVybCI6Imh0dHBzOlwvXC93d3cubGljaGVuLnBsXC93cC1jb250ZW50XC91cGxvYWRzXC8yMDIzXC8wN1wvSU1HXzk0MTEuanBnIiwic2xpZGVzaG93IjoiYzA0NmNiZCJ9\" href='https:\/\/www.lichen.pl\/wp-content\/uploads\/2023\/07\/IMG_9411.jpg'><img loading=\"lazy\" width=\"150\" height=\"150\" src=\"https:\/\/www.lichen.pl\/wp-content\/uploads\/2023\/07\/IMG_9411-150x150.jpg\" class=\"attachment-thumbnail size-thumbnail\" alt=\"\" decoding=\"async\" srcset=\"https:\/\/www.lichen.pl\/wp-content\/uploads\/2023\/07\/IMG_9411-150x150.jpg 150w, https:\/\/www.lichen.pl\/wp-content\/uploads\/2023\/07\/IMG_9411-300x300.jpg 300w\" sizes=\"(max-width: 150px) 100vw, 150px\" \/><\/a>\n\t\t\t<\/div><\/figure><figure class='gallery-item'>\n\t\t\t<div class='gallery-icon landscape'>\n\t\t\t\t<a data-elementor-open-lightbox=\"yes\" data-elementor-lightbox-slideshow=\"c046cbd\" data-elementor-lightbox-title=\"Warsztaty Ars celebrandi 2023\" data-e-action-hash=\"#elementor-action%3Aaction%3Dlightbox%26settings%3DeyJpZCI6NTUyMTAsInVybCI6Imh0dHBzOlwvXC93d3cubGljaGVuLnBsXC93cC1jb250ZW50XC91cGxvYWRzXC8yMDIzXC8wN1wvSU1HXzk0MTQuanBnIiwic2xpZGVzaG93IjoiYzA0NmNiZCJ9\" href='https:\/\/www.lichen.pl\/wp-content\/uploads\/2023\/07\/IMG_9414.jpg'><img loading=\"lazy\" width=\"150\" height=\"150\" src=\"https:\/\/www.lichen.pl\/wp-content\/uploads\/2023\/07\/IMG_9414-150x150.jpg\" class=\"attachment-thumbnail size-thumbnail\" alt=\"\" decoding=\"async\" srcset=\"https:\/\/www.lichen.pl\/wp-content\/uploads\/2023\/07\/IMG_9414-150x150.jpg 150w, https:\/\/www.lichen.pl\/wp-content\/uploads\/2023\/07\/IMG_9414-300x300.jpg 300w\" sizes=\"(max-width: 150px) 100vw, 150px\" \/><\/a>\n\t\t\t<\/div><\/figure><figure class='gallery-item'>\n\t\t\t<div class='gallery-icon portrait'>\n\t\t\t\t<a data-elementor-open-lightbox=\"yes\" data-elementor-lightbox-slideshow=\"c046cbd\" data-elementor-lightbox-title=\"Warsztaty Ars celebrandi 2023\" data-e-action-hash=\"#elementor-action%3Aaction%3Dlightbox%26settings%3DeyJpZCI6NTUyMTEsInVybCI6Imh0dHBzOlwvXC93d3cubGljaGVuLnBsXC93cC1jb250ZW50XC91cGxvYWRzXC8yMDIzXC8wN1wvSU1HXzk0MTcuanBnIiwic2xpZGVzaG93IjoiYzA0NmNiZCJ9\" href='https:\/\/www.lichen.pl\/wp-content\/uploads\/2023\/07\/IMG_9417.jpg'><img loading=\"lazy\" width=\"150\" height=\"150\" src=\"https:\/\/www.lichen.pl\/wp-content\/uploads\/2023\/07\/IMG_9417-150x150.jpg\" class=\"attachment-thumbnail size-thumbnail\" alt=\"\" decoding=\"async\" srcset=\"https:\/\/www.lichen.pl\/wp-content\/uploads\/2023\/07\/IMG_9417-150x150.jpg 150w, https:\/\/www.lichen.pl\/wp-content\/uploads\/2023\/07\/IMG_9417-300x300.jpg 300w\" sizes=\"(max-width: 150px) 100vw, 150px\" \/><\/a>\n\t\t\t<\/div><\/figure><figure class='gallery-item'>\n\t\t\t<div class='gallery-icon portrait'>\n\t\t\t\t<a data-elementor-open-lightbox=\"yes\" data-elementor-lightbox-slideshow=\"c046cbd\" data-elementor-lightbox-title=\"Warsztaty Ars celebrandi 2023\" data-e-action-hash=\"#elementor-action%3Aaction%3Dlightbox%26settings%3DeyJpZCI6NTUyMTIsInVybCI6Imh0dHBzOlwvXC93d3cubGljaGVuLnBsXC93cC1jb250ZW50XC91cGxvYWRzXC8yMDIzXC8wN1wvSU1HXzk0MTguanBnIiwic2xpZGVzaG93IjoiYzA0NmNiZCJ9\" href='https:\/\/www.lichen.pl\/wp-content\/uploads\/2023\/07\/IMG_9418.jpg'><img loading=\"lazy\" width=\"150\" height=\"150\" src=\"https:\/\/www.lichen.pl\/wp-content\/uploads\/2023\/07\/IMG_9418-150x150.jpg\" class=\"attachment-thumbnail size-thumbnail\" alt=\"\" decoding=\"async\" srcset=\"https:\/\/www.lichen.pl\/wp-content\/uploads\/2023\/07\/IMG_9418-150x150.jpg 150w, https:\/\/www.lichen.pl\/wp-content\/uploads\/2023\/07\/IMG_9418-300x300.jpg 300w\" sizes=\"(max-width: 150px) 100vw, 150px\" \/><\/a>\n\t\t\t<\/div><\/figure><figure class='gallery-item'>\n\t\t\t<div class='gallery-icon portrait'>\n\t\t\t\t<a data-elementor-open-lightbox=\"yes\" data-elementor-lightbox-slideshow=\"c046cbd\" data-elementor-lightbox-title=\"Warsztaty Ars celebrandi 2023\" data-e-action-hash=\"#elementor-action%3Aaction%3Dlightbox%26settings%3DeyJpZCI6NTUyMTMsInVybCI6Imh0dHBzOlwvXC93d3cubGljaGVuLnBsXC93cC1jb250ZW50XC91cGxvYWRzXC8yMDIzXC8wN1wvSU1HXzk0MTkuanBnIiwic2xpZGVzaG93IjoiYzA0NmNiZCJ9\" href='https:\/\/www.lichen.pl\/wp-content\/uploads\/2023\/07\/IMG_9419.jpg'><img loading=\"lazy\" width=\"150\" height=\"150\" src=\"https:\/\/www.lichen.pl\/wp-content\/uploads\/2023\/07\/IMG_9419-150x150.jpg\" class=\"attachment-thumbnail size-thumbnail\" alt=\"\" decoding=\"async\" srcset=\"https:\/\/www.lichen.pl\/wp-content\/uploads\/2023\/07\/IMG_9419-150x150.jpg 150w, https:\/\/www.lichen.pl\/wp-content\/uploads\/2023\/07\/IMG_9419-300x300.jpg 300w\" sizes=\"(max-width: 150px) 100vw, 150px\" \/><\/a>\n\t\t\t<\/div><\/figure><figure class='gallery-item'>\n\t\t\t<div class='gallery-icon landscape'>\n\t\t\t\t<a data-elementor-open-lightbox=\"yes\" data-elementor-lightbox-slideshow=\"c046cbd\" data-elementor-lightbox-title=\"Warsztaty Ars celebrandi 2023\" data-e-action-hash=\"#elementor-action%3Aaction%3Dlightbox%26settings%3DeyJpZCI6NTUyMTQsInVybCI6Imh0dHBzOlwvXC93d3cubGljaGVuLnBsXC93cC1jb250ZW50XC91cGxvYWRzXC8yMDIzXC8wN1wvSU1HXzk0MjIuanBnIiwic2xpZGVzaG93IjoiYzA0NmNiZCJ9\" href='https:\/\/www.lichen.pl\/wp-content\/uploads\/2023\/07\/IMG_9422.jpg'><img loading=\"lazy\" width=\"150\" height=\"150\" src=\"https:\/\/www.lichen.pl\/wp-content\/uploads\/2023\/07\/IMG_9422-150x150.jpg\" class=\"attachment-thumbnail size-thumbnail\" alt=\"\" decoding=\"async\" srcset=\"https:\/\/www.lichen.pl\/wp-content\/uploads\/2023\/07\/IMG_9422-150x150.jpg 150w, https:\/\/www.lichen.pl\/wp-content\/uploads\/2023\/07\/IMG_9422-300x300.jpg 300w\" sizes=\"(max-width: 150px) 100vw, 150px\" \/><\/a>\n\t\t\t<\/div><\/figure><figure class='gallery-item'>\n\t\t\t<div class='gallery-icon portrait'>\n\t\t\t\t<a data-elementor-open-lightbox=\"yes\" data-elementor-lightbox-slideshow=\"c046cbd\" data-elementor-lightbox-title=\"Warsztaty Ars celebrandi 2023\" data-e-action-hash=\"#elementor-action%3Aaction%3Dlightbox%26settings%3DeyJpZCI6NTUyMTUsInVybCI6Imh0dHBzOlwvXC93d3cubGljaGVuLnBsXC93cC1jb250ZW50XC91cGxvYWRzXC8yMDIzXC8wN1wvSU1HXzk0MjQuanBnIiwic2xpZGVzaG93IjoiYzA0NmNiZCJ9\" href='https:\/\/www.lichen.pl\/wp-content\/uploads\/2023\/07\/IMG_9424.jpg'><img loading=\"lazy\" width=\"150\" height=\"150\" src=\"https:\/\/www.lichen.pl\/wp-content\/uploads\/2023\/07\/IMG_9424-150x150.jpg\" class=\"attachment-thumbnail size-thumbnail\" alt=\"\" decoding=\"async\" srcset=\"https:\/\/www.lichen.pl\/wp-content\/uploads\/2023\/07\/IMG_9424-150x150.jpg 150w, https:\/\/www.lichen.pl\/wp-content\/uploads\/2023\/07\/IMG_9424-300x300.jpg 300w\" sizes=\"(max-width: 150px) 100vw, 150px\" \/><\/a>\n\t\t\t<\/div><\/figure><figure class='gallery-item'>\n\t\t\t<div class='gallery-icon landscape'>\n\t\t\t\t<a data-elementor-open-lightbox=\"yes\" data-elementor-lightbox-slideshow=\"c046cbd\" data-elementor-lightbox-title=\"Warsztaty Ars celebrandi 2023\" data-e-action-hash=\"#elementor-action%3Aaction%3Dlightbox%26settings%3DeyJpZCI6NTUyMTYsInVybCI6Imh0dHBzOlwvXC93d3cubGljaGVuLnBsXC93cC1jb250ZW50XC91cGxvYWRzXC8yMDIzXC8wN1wvSU1HXzk0MjUuanBnIiwic2xpZGVzaG93IjoiYzA0NmNiZCJ9\" href='https:\/\/www.lichen.pl\/wp-content\/uploads\/2023\/07\/IMG_9425.jpg'><img loading=\"lazy\" width=\"150\" height=\"150\" src=\"https:\/\/www.lichen.pl\/wp-content\/uploads\/2023\/07\/IMG_9425-150x150.jpg\" class=\"attachment-thumbnail size-thumbnail\" alt=\"\" decoding=\"async\" srcset=\"https:\/\/www.lichen.pl\/wp-content\/uploads\/2023\/07\/IMG_9425-150x150.jpg 150w, https:\/\/www.lichen.pl\/wp-content\/uploads\/2023\/07\/IMG_9425-300x300.jpg 300w\" sizes=\"(max-width: 150px) 100vw, 150px\" \/><\/a>\n\t\t\t<\/div><\/figure><figure class='gallery-item'>\n\t\t\t<div class='gallery-icon landscape'>\n\t\t\t\t<a data-elementor-open-lightbox=\"yes\" data-elementor-lightbox-slideshow=\"c046cbd\" data-elementor-lightbox-title=\"Warsztaty Ars celebrandi 2023\" data-e-action-hash=\"#elementor-action%3Aaction%3Dlightbox%26settings%3DeyJpZCI6NTUyMTcsInVybCI6Imh0dHBzOlwvXC93d3cubGljaGVuLnBsXC93cC1jb250ZW50XC91cGxvYWRzXC8yMDIzXC8wN1wvSU1HXzk0MzIuanBnIiwic2xpZGVzaG93IjoiYzA0NmNiZCJ9\" href='https:\/\/www.lichen.pl\/wp-content\/uploads\/2023\/07\/IMG_9432.jpg'><img loading=\"lazy\" width=\"150\" height=\"150\" src=\"https:\/\/www.lichen.pl\/wp-content\/uploads\/2023\/07\/IMG_9432-150x150.jpg\" class=\"attachment-thumbnail size-thumbnail\" alt=\"\" decoding=\"async\" srcset=\"https:\/\/www.lichen.pl\/wp-content\/uploads\/2023\/07\/IMG_9432-150x150.jpg 150w, https:\/\/www.lichen.pl\/wp-content\/uploads\/2023\/07\/IMG_9432-300x300.jpg 300w\" sizes=\"(max-width: 150px) 100vw, 150px\" \/><\/a>\n\t\t\t<\/div><\/figure><figure class='gallery-item'>\n\t\t\t<div class='gallery-icon landscape'>\n\t\t\t\t<a data-elementor-open-lightbox=\"yes\" data-elementor-lightbox-slideshow=\"c046cbd\" data-elementor-lightbox-title=\"Warsztaty Ars celebrandi 2023\" data-e-action-hash=\"#elementor-action%3Aaction%3Dlightbox%26settings%3DeyJpZCI6NTUyMTgsInVybCI6Imh0dHBzOlwvXC93d3cubGljaGVuLnBsXC93cC1jb250ZW50XC91cGxvYWRzXC8yMDIzXC8wN1wvSU1HXzk0MzYuanBnIiwic2xpZGVzaG93IjoiYzA0NmNiZCJ9\" href='https:\/\/www.lichen.pl\/wp-content\/uploads\/2023\/07\/IMG_9436.jpg'><img loading=\"lazy\" width=\"150\" height=\"150\" src=\"https:\/\/www.lichen.pl\/wp-content\/uploads\/2023\/07\/IMG_9436-150x150.jpg\" class=\"attachment-thumbnail size-thumbnail\" alt=\"\" decoding=\"async\" srcset=\"https:\/\/www.lichen.pl\/wp-content\/uploads\/2023\/07\/IMG_9436-150x150.jpg 150w, https:\/\/www.lichen.pl\/wp-content\/uploads\/2023\/07\/IMG_9436-300x300.jpg 300w\" sizes=\"(max-width: 150px) 100vw, 150px\" \/><\/a>\n\t\t\t<\/div><\/figure><figure class='gallery-item'>\n\t\t\t<div class='gallery-icon portrait'>\n\t\t\t\t<a data-elementor-open-lightbox=\"yes\" data-elementor-lightbox-slideshow=\"c046cbd\" data-elementor-lightbox-title=\"Warsztaty Ars celebrandi 2023\" data-e-action-hash=\"#elementor-action%3Aaction%3Dlightbox%26settings%3DeyJpZCI6NTUyMTksInVybCI6Imh0dHBzOlwvXC93d3cubGljaGVuLnBsXC93cC1jb250ZW50XC91cGxvYWRzXC8yMDIzXC8wN1wvSU1HXzk0MzkuanBnIiwic2xpZGVzaG93IjoiYzA0NmNiZCJ9\" href='https:\/\/www.lichen.pl\/wp-content\/uploads\/2023\/07\/IMG_9439.jpg'><img loading=\"lazy\" width=\"150\" height=\"150\" src=\"https:\/\/www.lichen.pl\/wp-content\/uploads\/2023\/07\/IMG_9439-150x150.jpg\" class=\"attachment-thumbnail size-thumbnail\" alt=\"\" decoding=\"async\" srcset=\"https:\/\/www.lichen.pl\/wp-content\/uploads\/2023\/07\/IMG_9439-150x150.jpg 150w, https:\/\/www.lichen.pl\/wp-content\/uploads\/2023\/07\/IMG_9439-300x300.jpg 300w\" sizes=\"(max-width: 150px) 100vw, 150px\" \/><\/a>\n\t\t\t<\/div><\/figure><figure class='gallery-item'>\n\t\t\t<div class='gallery-icon landscape'>\n\t\t\t\t<a data-elementor-open-lightbox=\"yes\" data-elementor-lightbox-slideshow=\"c046cbd\" data-elementor-lightbox-title=\"Warsztaty Ars celebrandi 2023\" data-e-action-hash=\"#elementor-action%3Aaction%3Dlightbox%26settings%3DeyJpZCI6NTUyMjAsInVybCI6Imh0dHBzOlwvXC93d3cubGljaGVuLnBsXC93cC1jb250ZW50XC91cGxvYWRzXC8yMDIzXC8wN1wvSU1HXzk0NDIuanBnIiwic2xpZGVzaG93IjoiYzA0NmNiZCJ9\" href='https:\/\/www.lichen.pl\/wp-content\/uploads\/2023\/07\/IMG_9442.jpg'><img loading=\"lazy\" width=\"150\" height=\"150\" src=\"https:\/\/www.lichen.pl\/wp-content\/uploads\/2023\/07\/IMG_9442-150x150.jpg\" class=\"attachment-thumbnail size-thumbnail\" alt=\"\" decoding=\"async\" srcset=\"https:\/\/www.lichen.pl\/wp-content\/uploads\/2023\/07\/IMG_9442-150x150.jpg 150w, https:\/\/www.lichen.pl\/wp-content\/uploads\/2023\/07\/IMG_9442-300x300.jpg 300w\" sizes=\"(max-width: 150px) 100vw, 150px\" \/><\/a>\n\t\t\t<\/div><\/figure><figure class='gallery-item'>\n\t\t\t<div class='gallery-icon landscape'>\n\t\t\t\t<a data-elementor-open-lightbox=\"yes\" data-elementor-lightbox-slideshow=\"c046cbd\" data-elementor-lightbox-title=\"Warsztaty Ars celebrandi 2023\" data-e-action-hash=\"#elementor-action%3Aaction%3Dlightbox%26settings%3DeyJpZCI6NTUyMjEsInVybCI6Imh0dHBzOlwvXC93d3cubGljaGVuLnBsXC93cC1jb250ZW50XC91cGxvYWRzXC8yMDIzXC8wN1wvSU1HXzk0NDguanBnIiwic2xpZGVzaG93IjoiYzA0NmNiZCJ9\" href='https:\/\/www.lichen.pl\/wp-content\/uploads\/2023\/07\/IMG_9448.jpg'><img loading=\"lazy\" width=\"150\" height=\"150\" src=\"https:\/\/www.lichen.pl\/wp-content\/uploads\/2023\/07\/IMG_9448-150x150.jpg\" class=\"attachment-thumbnail size-thumbnail\" alt=\"\" decoding=\"async\" srcset=\"https:\/\/www.lichen.pl\/wp-content\/uploads\/2023\/07\/IMG_9448-150x150.jpg 150w, https:\/\/www.lichen.pl\/wp-content\/uploads\/2023\/07\/IMG_9448-300x300.jpg 300w\" sizes=\"(max-width: 150px) 100vw, 150px\" \/><\/a>\n\t\t\t<\/div><\/figure><figure class='gallery-item'>\n\t\t\t<div class='gallery-icon portrait'>\n\t\t\t\t<a data-elementor-open-lightbox=\"yes\" data-elementor-lightbox-slideshow=\"c046cbd\" data-elementor-lightbox-title=\"Warsztaty Ars celebrandi 2023\" data-e-action-hash=\"#elementor-action%3Aaction%3Dlightbox%26settings%3DeyJpZCI6NTUyMjIsInVybCI6Imh0dHBzOlwvXC93d3cubGljaGVuLnBsXC93cC1jb250ZW50XC91cGxvYWRzXC8yMDIzXC8wN1wvSU1HXzk0NDkuanBnIiwic2xpZGVzaG93IjoiYzA0NmNiZCJ9\" href='https:\/\/www.lichen.pl\/wp-content\/uploads\/2023\/07\/IMG_9449.jpg'><img loading=\"lazy\" width=\"150\" height=\"150\" src=\"https:\/\/www.lichen.pl\/wp-content\/uploads\/2023\/07\/IMG_9449-150x150.jpg\" class=\"attachment-thumbnail size-thumbnail\" alt=\"\" decoding=\"async\" srcset=\"https:\/\/www.lichen.pl\/wp-content\/uploads\/2023\/07\/IMG_9449-150x150.jpg 150w, https:\/\/www.lichen.pl\/wp-content\/uploads\/2023\/07\/IMG_9449-300x300.jpg 300w\" sizes=\"(max-width: 150px) 100vw, 150px\" \/><\/a>\n\t\t\t<\/div><\/figure><figure class='gallery-item'>\n\t\t\t<div class='gallery-icon portrait'>\n\t\t\t\t<a data-elementor-open-lightbox=\"yes\" data-elementor-lightbox-slideshow=\"c046cbd\" data-elementor-lightbox-title=\"Warsztaty Ars celebrandi 2023\" data-e-action-hash=\"#elementor-action%3Aaction%3Dlightbox%26settings%3DeyJpZCI6NTUyMjMsInVybCI6Imh0dHBzOlwvXC93d3cubGljaGVuLnBsXC93cC1jb250ZW50XC91cGxvYWRzXC8yMDIzXC8wN1wvSU1HXzk0NTEuanBnIiwic2xpZGVzaG93IjoiYzA0NmNiZCJ9\" href='https:\/\/www.lichen.pl\/wp-content\/uploads\/2023\/07\/IMG_9451.jpg'><img loading=\"lazy\" width=\"150\" height=\"150\" src=\"https:\/\/www.lichen.pl\/wp-content\/uploads\/2023\/07\/IMG_9451-150x150.jpg\" class=\"attachment-thumbnail size-thumbnail\" alt=\"\" decoding=\"async\" srcset=\"https:\/\/www.lichen.pl\/wp-content\/uploads\/2023\/07\/IMG_9451-150x150.jpg 150w, https:\/\/www.lichen.pl\/wp-content\/uploads\/2023\/07\/IMG_9451-300x300.jpg 300w\" sizes=\"(max-width: 150px) 100vw, 150px\" \/><\/a>\n\t\t\t<\/div><\/figure><figure class='gallery-item'>\n\t\t\t<div class='gallery-icon landscape'>\n\t\t\t\t<a data-elementor-open-lightbox=\"yes\" data-elementor-lightbox-slideshow=\"c046cbd\" data-elementor-lightbox-title=\"Warsztaty Ars celebrandi 2023\" data-e-action-hash=\"#elementor-action%3Aaction%3Dlightbox%26settings%3DeyJpZCI6NTUyMjQsInVybCI6Imh0dHBzOlwvXC93d3cubGljaGVuLnBsXC93cC1jb250ZW50XC91cGxvYWRzXC8yMDIzXC8wN1wvSU1HXzk0NTIuanBnIiwic2xpZGVzaG93IjoiYzA0NmNiZCJ9\" href='https:\/\/www.lichen.pl\/wp-content\/uploads\/2023\/07\/IMG_9452.jpg'><img loading=\"lazy\" width=\"150\" height=\"150\" src=\"https:\/\/www.lichen.pl\/wp-content\/uploads\/2023\/07\/IMG_9452-150x150.jpg\" class=\"attachment-thumbnail size-thumbnail\" alt=\"\" decoding=\"async\" srcset=\"https:\/\/www.lichen.pl\/wp-content\/uploads\/2023\/07\/IMG_9452-150x150.jpg 150w, https:\/\/www.lichen.pl\/wp-content\/uploads\/2023\/07\/IMG_9452-300x300.jpg 300w\" sizes=\"(max-width: 150px) 100vw, 150px\" \/><\/a>\n\t\t\t<\/div><\/figure><figure class='gallery-item'>\n\t\t\t<div class='gallery-icon portrait'>\n\t\t\t\t<a data-elementor-open-lightbox=\"yes\" data-elementor-lightbox-slideshow=\"c046cbd\" data-elementor-lightbox-title=\"Warsztaty Ars celebrandi 2023\" data-e-action-hash=\"#elementor-action%3Aaction%3Dlightbox%26settings%3DeyJpZCI6NTUyMjUsInVybCI6Imh0dHBzOlwvXC93d3cubGljaGVuLnBsXC93cC1jb250ZW50XC91cGxvYWRzXC8yMDIzXC8wN1wvSU1HXzk0NTYuanBnIiwic2xpZGVzaG93IjoiYzA0NmNiZCJ9\" href='https:\/\/www.lichen.pl\/wp-content\/uploads\/2023\/07\/IMG_9456.jpg'><img loading=\"lazy\" width=\"150\" height=\"150\" src=\"https:\/\/www.lichen.pl\/wp-content\/uploads\/2023\/07\/IMG_9456-150x150.jpg\" class=\"attachment-thumbnail size-thumbnail\" alt=\"\" decoding=\"async\" srcset=\"https:\/\/www.lichen.pl\/wp-content\/uploads\/2023\/07\/IMG_9456-150x150.jpg 150w, https:\/\/www.lichen.pl\/wp-content\/uploads\/2023\/07\/IMG_9456-300x300.jpg 300w\" sizes=\"(max-width: 150px) 100vw, 150px\" \/><\/a>\n\t\t\t<\/div><\/figure><figure class='gallery-item'>\n\t\t\t<div class='gallery-icon landscape'>\n\t\t\t\t<a data-elementor-open-lightbox=\"yes\" data-elementor-lightbox-slideshow=\"c046cbd\" data-elementor-lightbox-title=\"Warsztaty Ars celebrandi 2023\" data-e-action-hash=\"#elementor-action%3Aaction%3Dlightbox%26settings%3DeyJpZCI6NTUyMjYsInVybCI6Imh0dHBzOlwvXC93d3cubGljaGVuLnBsXC93cC1jb250ZW50XC91cGxvYWRzXC8yMDIzXC8wN1wvSU1HXzk0NTcuanBnIiwic2xpZGVzaG93IjoiYzA0NmNiZCJ9\" href='https:\/\/www.lichen.pl\/wp-content\/uploads\/2023\/07\/IMG_9457.jpg'><img loading=\"lazy\" width=\"150\" height=\"150\" src=\"https:\/\/www.lichen.pl\/wp-content\/uploads\/2023\/07\/IMG_9457-150x150.jpg\" class=\"attachment-thumbnail size-thumbnail\" alt=\"\" decoding=\"async\" srcset=\"https:\/\/www.lichen.pl\/wp-content\/uploads\/2023\/07\/IMG_9457-150x150.jpg 150w, https:\/\/www.lichen.pl\/wp-content\/uploads\/2023\/07\/IMG_9457-300x300.jpg 300w\" sizes=\"(max-width: 150px) 100vw, 150px\" \/><\/a>\n\t\t\t<\/div><\/figure><figure class='gallery-item'>\n\t\t\t<div class='gallery-icon portrait'>\n\t\t\t\t<a data-elementor-open-lightbox=\"yes\" data-elementor-lightbox-slideshow=\"c046cbd\" data-elementor-lightbox-title=\"Warsztaty Ars celebrandi 2023\" data-e-action-hash=\"#elementor-action%3Aaction%3Dlightbox%26settings%3DeyJpZCI6NTUyMjcsInVybCI6Imh0dHBzOlwvXC93d3cubGljaGVuLnBsXC93cC1jb250ZW50XC91cGxvYWRzXC8yMDIzXC8wN1wvSU1HXzk0NjkuanBnIiwic2xpZGVzaG93IjoiYzA0NmNiZCJ9\" href='https:\/\/www.lichen.pl\/wp-content\/uploads\/2023\/07\/IMG_9469.jpg'><img loading=\"lazy\" width=\"150\" height=\"150\" src=\"https:\/\/www.lichen.pl\/wp-content\/uploads\/2023\/07\/IMG_9469-150x150.jpg\" class=\"attachment-thumbnail size-thumbnail\" alt=\"\" decoding=\"async\" srcset=\"https:\/\/www.lichen.pl\/wp-content\/uploads\/2023\/07\/IMG_9469-150x150.jpg 150w, https:\/\/www.lichen.pl\/wp-content\/uploads\/2023\/07\/IMG_9469-300x300.jpg 300w\" sizes=\"(max-width: 150px) 100vw, 150px\" \/><\/a>\n\t\t\t<\/div><\/figure><figure class='gallery-item'>\n\t\t\t<div class='gallery-icon portrait'>\n\t\t\t\t<a data-elementor-open-lightbox=\"yes\" data-elementor-lightbox-slideshow=\"c046cbd\" data-elementor-lightbox-title=\"Warsztaty Ars celebrandi 2023\" data-e-action-hash=\"#elementor-action%3Aaction%3Dlightbox%26settings%3DeyJpZCI6NTUyMjgsInVybCI6Imh0dHBzOlwvXC93d3cubGljaGVuLnBsXC93cC1jb250ZW50XC91cGxvYWRzXC8yMDIzXC8wN1wvSU1HXzk0NzEuanBnIiwic2xpZGVzaG93IjoiYzA0NmNiZCJ9\" href='https:\/\/www.lichen.pl\/wp-content\/uploads\/2023\/07\/IMG_9471.jpg'><img loading=\"lazy\" width=\"150\" height=\"150\" src=\"https:\/\/www.lichen.pl\/wp-content\/uploads\/2023\/07\/IMG_9471-150x150.jpg\" class=\"attachment-thumbnail size-thumbnail\" alt=\"\" decoding=\"async\" srcset=\"https:\/\/www.lichen.pl\/wp-content\/uploads\/2023\/07\/IMG_9471-150x150.jpg 150w, https:\/\/www.lichen.pl\/wp-content\/uploads\/2023\/07\/IMG_9471-300x300.jpg 300w\" sizes=\"(max-width: 150px) 100vw, 150px\" \/><\/a>\n\t\t\t<\/div><\/figure><figure class='gallery-item'>\n\t\t\t<div class='gallery-icon landscape'>\n\t\t\t\t<a data-elementor-open-lightbox=\"yes\" data-elementor-lightbox-slideshow=\"c046cbd\" data-elementor-lightbox-title=\"Warsztaty Ars celebrandi 2023\" data-e-action-hash=\"#elementor-action%3Aaction%3Dlightbox%26settings%3DeyJpZCI6NTUyMjksInVybCI6Imh0dHBzOlwvXC93d3cubGljaGVuLnBsXC93cC1jb250ZW50XC91cGxvYWRzXC8yMDIzXC8wN1wvSU1HXzk0NzMuanBnIiwic2xpZGVzaG93IjoiYzA0NmNiZCJ9\" href='https:\/\/www.lichen.pl\/wp-content\/uploads\/2023\/07\/IMG_9473.jpg'><img loading=\"lazy\" width=\"150\" height=\"150\" src=\"https:\/\/www.lichen.pl\/wp-content\/uploads\/2023\/07\/IMG_9473-150x150.jpg\" class=\"attachment-thumbnail size-thumbnail\" alt=\"\" decoding=\"async\" srcset=\"https:\/\/www.lichen.pl\/wp-content\/uploads\/2023\/07\/IMG_9473-150x150.jpg 150w, https:\/\/www.lichen.pl\/wp-content\/uploads\/2023\/07\/IMG_9473-300x300.jpg 300w\" sizes=\"(max-width: 150px) 100vw, 150px\" \/><\/a>\n\t\t\t<\/div><\/figure><figure class='gallery-item'>\n\t\t\t<div class='gallery-icon portrait'>\n\t\t\t\t<a data-elementor-open-lightbox=\"yes\" data-elementor-lightbox-slideshow=\"c046cbd\" data-elementor-lightbox-title=\"Warsztaty Ars celebrandi 2023\" data-e-action-hash=\"#elementor-action%3Aaction%3Dlightbox%26settings%3DeyJpZCI6NTUyMzAsInVybCI6Imh0dHBzOlwvXC93d3cubGljaGVuLnBsXC93cC1jb250ZW50XC91cGxvYWRzXC8yMDIzXC8wN1wvSU1HXzk0ODMuanBnIiwic2xpZGVzaG93IjoiYzA0NmNiZCJ9\" href='https:\/\/www.lichen.pl\/wp-content\/uploads\/2023\/07\/IMG_9483.jpg'><img loading=\"lazy\" width=\"150\" height=\"150\" src=\"https:\/\/www.lichen.pl\/wp-content\/uploads\/2023\/07\/IMG_9483-150x150.jpg\" class=\"attachment-thumbnail size-thumbnail\" alt=\"\" decoding=\"async\" srcset=\"https:\/\/www.lichen.pl\/wp-content\/uploads\/2023\/07\/IMG_9483-150x150.jpg 150w, https:\/\/www.lichen.pl\/wp-content\/uploads\/2023\/07\/IMG_9483-300x300.jpg 300w\" sizes=\"(max-width: 150px) 100vw, 150px\" \/><\/a>\n\t\t\t<\/div><\/figure><figure class='gallery-item'>\n\t\t\t<div class='gallery-icon portrait'>\n\t\t\t\t<a data-elementor-open-lightbox=\"yes\" data-elementor-lightbox-slideshow=\"c046cbd\" data-elementor-lightbox-title=\"Warsztaty Ars celebrandi 2023\" data-e-action-hash=\"#elementor-action%3Aaction%3Dlightbox%26settings%3DeyJpZCI6NTUyMzEsInVybCI6Imh0dHBzOlwvXC93d3cubGljaGVuLnBsXC93cC1jb250ZW50XC91cGxvYWRzXC8yMDIzXC8wN1wvSU1HXzk0OTMuanBnIiwic2xpZGVzaG93IjoiYzA0NmNiZCJ9\" href='https:\/\/www.lichen.pl\/wp-content\/uploads\/2023\/07\/IMG_9493.jpg'><img loading=\"lazy\" width=\"150\" height=\"150\" src=\"https:\/\/www.lichen.pl\/wp-content\/uploads\/2023\/07\/IMG_9493-150x150.jpg\" class=\"attachment-thumbnail size-thumbnail\" alt=\"\" decoding=\"async\" srcset=\"https:\/\/www.lichen.pl\/wp-content\/uploads\/2023\/07\/IMG_9493-150x150.jpg 150w, https:\/\/www.lichen.pl\/wp-content\/uploads\/2023\/07\/IMG_9493-300x300.jpg 300w\" sizes=\"(max-width: 150px) 100vw, 150px\" \/><\/a>\n\t\t\t<\/div><\/figure><figure class='gallery-item'>\n\t\t\t<div class='gallery-icon landscape'>\n\t\t\t\t<a data-elementor-open-lightbox=\"yes\" data-elementor-lightbox-slideshow=\"c046cbd\" data-elementor-lightbox-title=\"Warsztaty Ars celebrandi 2023\" data-e-action-hash=\"#elementor-action%3Aaction%3Dlightbox%26settings%3DeyJpZCI6NTUyMzIsInVybCI6Imh0dHBzOlwvXC93d3cubGljaGVuLnBsXC93cC1jb250ZW50XC91cGxvYWRzXC8yMDIzXC8wN1wvSU1HXzk0OTUuanBnIiwic2xpZGVzaG93IjoiYzA0NmNiZCJ9\" href='https:\/\/www.lichen.pl\/wp-content\/uploads\/2023\/07\/IMG_9495.jpg'><img loading=\"lazy\" width=\"150\" height=\"150\" src=\"https:\/\/www.lichen.pl\/wp-content\/uploads\/2023\/07\/IMG_9495-150x150.jpg\" class=\"attachment-thumbnail size-thumbnail\" alt=\"\" decoding=\"async\" srcset=\"https:\/\/www.lichen.pl\/wp-content\/uploads\/2023\/07\/IMG_9495-150x150.jpg 150w, https:\/\/www.lichen.pl\/wp-content\/uploads\/2023\/07\/IMG_9495-300x300.jpg 300w\" sizes=\"(max-width: 150px) 100vw, 150px\" \/><\/a>\n\t\t\t<\/div><\/figure><figure class='gallery-item'>\n\t\t\t<div class='gallery-icon landscape'>\n\t\t\t\t<a data-elementor-open-lightbox=\"yes\" data-elementor-lightbox-slideshow=\"c046cbd\" data-elementor-lightbox-title=\"Warsztaty Ars celebrandi 2023\" data-e-action-hash=\"#elementor-action%3Aaction%3Dlightbox%26settings%3DeyJpZCI6NTUyMzMsInVybCI6Imh0dHBzOlwvXC93d3cubGljaGVuLnBsXC93cC1jb250ZW50XC91cGxvYWRzXC8yMDIzXC8wN1wvSU1HXzk1MDAuanBnIiwic2xpZGVzaG93IjoiYzA0NmNiZCJ9\" href='https:\/\/www.lichen.pl\/wp-content\/uploads\/2023\/07\/IMG_9500.jpg'><img loading=\"lazy\" width=\"150\" height=\"150\" src=\"https:\/\/www.lichen.pl\/wp-content\/uploads\/2023\/07\/IMG_9500-150x150.jpg\" class=\"attachment-thumbnail size-thumbnail\" alt=\"\" decoding=\"async\" srcset=\"https:\/\/www.lichen.pl\/wp-content\/uploads\/2023\/07\/IMG_9500-150x150.jpg 150w, https:\/\/www.lichen.pl\/wp-content\/uploads\/2023\/07\/IMG_9500-300x300.jpg 300w\" sizes=\"(max-width: 150px) 100vw, 150px\" \/><\/a>\n\t\t\t<\/div><\/figure><figure class='gallery-item'>\n\t\t\t<div class='gallery-icon portrait'>\n\t\t\t\t<a data-elementor-open-lightbox=\"yes\" data-elementor-lightbox-slideshow=\"c046cbd\" data-elementor-lightbox-title=\"Warsztaty Ars celebrandi 2023\" data-e-action-hash=\"#elementor-action%3Aaction%3Dlightbox%26settings%3DeyJpZCI6NTUyMzQsInVybCI6Imh0dHBzOlwvXC93d3cubGljaGVuLnBsXC93cC1jb250ZW50XC91cGxvYWRzXC8yMDIzXC8wN1wvSU1HXzk1MDIuanBnIiwic2xpZGVzaG93IjoiYzA0NmNiZCJ9\" href='https:\/\/www.lichen.pl\/wp-content\/uploads\/2023\/07\/IMG_9502.jpg'><img loading=\"lazy\" width=\"150\" height=\"150\" src=\"https:\/\/www.lichen.pl\/wp-content\/uploads\/2023\/07\/IMG_9502-150x150.jpg\" class=\"attachment-thumbnail size-thumbnail\" alt=\"\" decoding=\"async\" srcset=\"https:\/\/www.lichen.pl\/wp-content\/uploads\/2023\/07\/IMG_9502-150x150.jpg 150w, https:\/\/www.lichen.pl\/wp-content\/uploads\/2023\/07\/IMG_9502-300x300.jpg 300w\" sizes=\"(max-width: 150px) 100vw, 150px\" \/><\/a>\n\t\t\t<\/div><\/figure><figure class='gallery-item'>\n\t\t\t<div class='gallery-icon portrait'>\n\t\t\t\t<a data-elementor-open-lightbox=\"yes\" data-elementor-lightbox-slideshow=\"c046cbd\" data-elementor-lightbox-title=\"Warsztaty Ars celebrandi 2023\" data-e-action-hash=\"#elementor-action%3Aaction%3Dlightbox%26settings%3DeyJpZCI6NTUyMzUsInVybCI6Imh0dHBzOlwvXC93d3cubGljaGVuLnBsXC93cC1jb250ZW50XC91cGxvYWRzXC8yMDIzXC8wN1wvSU1HXzk1MDMuanBnIiwic2xpZGVzaG93IjoiYzA0NmNiZCJ9\" href='https:\/\/www.lichen.pl\/wp-content\/uploads\/2023\/07\/IMG_9503.jpg'><img loading=\"lazy\" width=\"150\" height=\"150\" src=\"https:\/\/www.lichen.pl\/wp-content\/uploads\/2023\/07\/IMG_9503-150x150.jpg\" class=\"attachment-thumbnail size-thumbnail\" alt=\"\" decoding=\"async\" srcset=\"https:\/\/www.lichen.pl\/wp-content\/uploads\/2023\/07\/IMG_9503-150x150.jpg 150w, https:\/\/www.lichen.pl\/wp-content\/uploads\/2023\/07\/IMG_9503-300x300.jpg 300w\" sizes=\"(max-width: 150px) 100vw, 150px\" \/><\/a>\n\t\t\t<\/div><\/figure><figure class='gallery-item'>\n\t\t\t<div class='gallery-icon portrait'>\n\t\t\t\t<a data-elementor-open-lightbox=\"yes\" data-elementor-lightbox-slideshow=\"c046cbd\" data-elementor-lightbox-title=\"Warsztaty Ars celebrandi 2023\" data-e-action-hash=\"#elementor-action%3Aaction%3Dlightbox%26settings%3DeyJpZCI6NTUyMzYsInVybCI6Imh0dHBzOlwvXC93d3cubGljaGVuLnBsXC93cC1jb250ZW50XC91cGxvYWRzXC8yMDIzXC8wN1wvSU1HXzk1MDgtMi5qcGciLCJzbGlkZXNob3ciOiJjMDQ2Y2JkIn0%3D\" href='https:\/\/www.lichen.pl\/wp-content\/uploads\/2023\/07\/IMG_9508-2.jpg'><img loading=\"lazy\" width=\"150\" height=\"150\" src=\"https:\/\/www.lichen.pl\/wp-content\/uploads\/2023\/07\/IMG_9508-2-150x150.jpg\" class=\"attachment-thumbnail size-thumbnail\" alt=\"\" decoding=\"async\" srcset=\"https:\/\/www.lichen.pl\/wp-content\/uploads\/2023\/07\/IMG_9508-2-150x150.jpg 150w, https:\/\/www.lichen.pl\/wp-content\/uploads\/2023\/07\/IMG_9508-2-300x300.jpg 300w\" sizes=\"(max-width: 150px) 100vw, 150px\" \/><\/a>\n\t\t\t<\/div><\/figure><figure class='gallery-item'>\n\t\t\t<div class='gallery-icon portrait'>\n\t\t\t\t<a data-elementor-open-lightbox=\"yes\" data-elementor-lightbox-slideshow=\"c046cbd\" data-elementor-lightbox-title=\"Warsztaty Ars celebrandi 2023\" data-e-action-hash=\"#elementor-action%3Aaction%3Dlightbox%26settings%3DeyJpZCI6NTUyMzcsInVybCI6Imh0dHBzOlwvXC93d3cubGljaGVuLnBsXC93cC1jb250ZW50XC91cGxvYWRzXC8yMDIzXC8wN1wvSU1HXzk1MTItMy5qcGciLCJzbGlkZXNob3ciOiJjMDQ2Y2JkIn0%3D\" href='https:\/\/www.lichen.pl\/wp-content\/uploads\/2023\/07\/IMG_9512-3.jpg'><img loading=\"lazy\" width=\"150\" height=\"150\" src=\"https:\/\/www.lichen.pl\/wp-content\/uploads\/2023\/07\/IMG_9512-3-150x150.jpg\" class=\"attachment-thumbnail size-thumbnail\" alt=\"\" decoding=\"async\" srcset=\"https:\/\/www.lichen.pl\/wp-content\/uploads\/2023\/07\/IMG_9512-3-150x150.jpg 150w, https:\/\/www.lichen.pl\/wp-content\/uploads\/2023\/07\/IMG_9512-3-300x300.jpg 300w\" sizes=\"(max-width: 150px) 100vw, 150px\" \/><\/a>\n\t\t\t<\/div><\/figure><figure class='gallery-item'>\n\t\t\t<div class='gallery-icon landscape'>\n\t\t\t\t<a data-elementor-open-lightbox=\"yes\" data-elementor-lightbox-slideshow=\"c046cbd\" data-elementor-lightbox-title=\"Warsztaty Ars celebrandi 2023\" data-e-action-hash=\"#elementor-action%3Aaction%3Dlightbox%26settings%3DeyJpZCI6NTUyMzgsInVybCI6Imh0dHBzOlwvXC93d3cubGljaGVuLnBsXC93cC1jb250ZW50XC91cGxvYWRzXC8yMDIzXC8wN1wvSU1HXzk1MTguanBnIiwic2xpZGVzaG93IjoiYzA0NmNiZCJ9\" href='https:\/\/www.lichen.pl\/wp-content\/uploads\/2023\/07\/IMG_9518.jpg'><img loading=\"lazy\" width=\"150\" height=\"150\" src=\"https:\/\/www.lichen.pl\/wp-content\/uploads\/2023\/07\/IMG_9518-150x150.jpg\" class=\"attachment-thumbnail size-thumbnail\" alt=\"\" decoding=\"async\" srcset=\"https:\/\/www.lichen.pl\/wp-content\/uploads\/2023\/07\/IMG_9518-150x150.jpg 150w, https:\/\/www.lichen.pl\/wp-content\/uploads\/2023\/07\/IMG_9518-300x300.jpg 300w\" sizes=\"(max-width: 150px) 100vw, 150px\" \/><\/a>\n\t\t\t<\/div><\/figure><figure class='gallery-item'>\n\t\t\t<div class='gallery-icon portrait'>\n\t\t\t\t<a data-elementor-open-lightbox=\"yes\" data-elementor-lightbox-slideshow=\"c046cbd\" data-elementor-lightbox-title=\"Warsztaty Ars celebrandi 2023\" data-e-action-hash=\"#elementor-action%3Aaction%3Dlightbox%26settings%3DeyJpZCI6NTUyMzksInVybCI6Imh0dHBzOlwvXC93d3cubGljaGVuLnBsXC93cC1jb250ZW50XC91cGxvYWRzXC8yMDIzXC8wN1wvSU1HXzk1MjAuanBnIiwic2xpZGVzaG93IjoiYzA0NmNiZCJ9\" href='https:\/\/www.lichen.pl\/wp-content\/uploads\/2023\/07\/IMG_9520.jpg'><img loading=\"lazy\" width=\"150\" height=\"150\" src=\"https:\/\/www.lichen.pl\/wp-content\/uploads\/2023\/07\/IMG_9520-150x150.jpg\" class=\"attachment-thumbnail size-thumbnail\" alt=\"\" decoding=\"async\" srcset=\"https:\/\/www.lichen.pl\/wp-content\/uploads\/2023\/07\/IMG_9520-150x150.jpg 150w, https:\/\/www.lichen.pl\/wp-content\/uploads\/2023\/07\/IMG_9520-300x300.jpg 300w\" sizes=\"(max-width: 150px) 100vw, 150px\" \/><\/a>\n\t\t\t<\/div><\/figure><figure class='gallery-item'>\n\t\t\t<div class='gallery-icon landscape'>\n\t\t\t\t<a data-elementor-open-lightbox=\"yes\" data-elementor-lightbox-slideshow=\"c046cbd\" data-elementor-lightbox-title=\"Warsztaty Ars celebrandi 2023\" data-e-action-hash=\"#elementor-action%3Aaction%3Dlightbox%26settings%3DeyJpZCI6NTUyNDAsInVybCI6Imh0dHBzOlwvXC93d3cubGljaGVuLnBsXC93cC1jb250ZW50XC91cGxvYWRzXC8yMDIzXC8wN1wvSU1HXzk1MjkuanBnIiwic2xpZGVzaG93IjoiYzA0NmNiZCJ9\" href='https:\/\/www.lichen.pl\/wp-content\/uploads\/2023\/07\/IMG_9529.jpg'><img loading=\"lazy\" width=\"150\" height=\"150\" src=\"https:\/\/www.lichen.pl\/wp-content\/uploads\/2023\/07\/IMG_9529-150x150.jpg\" class=\"attachment-thumbnail size-thumbnail\" alt=\"\" decoding=\"async\" srcset=\"https:\/\/www.lichen.pl\/wp-content\/uploads\/2023\/07\/IMG_9529-150x150.jpg 150w, https:\/\/www.lichen.pl\/wp-content\/uploads\/2023\/07\/IMG_9529-300x300.jpg 300w\" sizes=\"(max-width: 150px) 100vw, 150px\" \/><\/a>\n\t\t\t<\/div><\/figure><figure class='gallery-item'>\n\t\t\t<div class='gallery-icon landscape'>\n\t\t\t\t<a data-elementor-open-lightbox=\"yes\" data-elementor-lightbox-slideshow=\"c046cbd\" data-elementor-lightbox-title=\"Warsztaty Ars celebrandi 2023\" data-e-action-hash=\"#elementor-action%3Aaction%3Dlightbox%26settings%3DeyJpZCI6NTUyNDIsInVybCI6Imh0dHBzOlwvXC93d3cubGljaGVuLnBsXC93cC1jb250ZW50XC91cGxvYWRzXC8yMDIzXC8wN1wvSU1HXzk1MzEuanBnIiwic2xpZGVzaG93IjoiYzA0NmNiZCJ9\" href='https:\/\/www.lichen.pl\/wp-content\/uploads\/2023\/07\/IMG_9531.jpg'><img loading=\"lazy\" width=\"150\" height=\"150\" src=\"https:\/\/www.lichen.pl\/wp-content\/uploads\/2023\/07\/IMG_9531-150x150.jpg\" class=\"attachment-thumbnail size-thumbnail\" alt=\"\" decoding=\"async\" srcset=\"https:\/\/www.lichen.pl\/wp-content\/uploads\/2023\/07\/IMG_9531-150x150.jpg 150w, https:\/\/www.lichen.pl\/wp-content\/uploads\/2023\/07\/IMG_9531-300x300.jpg 300w\" sizes=\"(max-width: 150px) 100vw, 150px\" \/><\/a>\n\t\t\t<\/div><\/figure>\n\t\t<\/div>\n\t\t<\/div>\n\t\t\t\t\t\t<\/div>\n\t\t\t\t<\/div>\n\t\t\t\t\t<\/div>\n\t\t<\/div>\n\t\t\t\t\t<\/div>\n\t\t<\/section>\n\t\t\t\t<\/div>","protected":false},"excerpt":{"rendered":"<p>Warsztaty liturgiczne Ars Celebrandi to jedyne w swoim rodzaju wydarzenie. Najwi\u0119ksze w Europie warsztaty liturgii tradycyjnej goszcz\u0105 w Sanktuarium Matki Bo\u017cej Liche\u0144skiej Bolesnej Kr\u00f3lowej Polski w Licheniu Starym ju\u017c po raz 10. Jubileuszowa edycja zgromadzi\u0142a dwie\u015bcie os\u00f3b obojga p\u0142ci i r\u00f3\u017cnych stan\u00f3w \u017cycia z kraju i zagranicy. Wydarzenie, kt\u00f3re rozpocz\u0119\u0142o si\u0119 w czwartek, 6 lipca [&hellip;]<\/p>\n","protected":false},"author":5,"featured_media":55032,"comment_status":"closed","ping_status":"closed","sticky":false,"template":"","format":"standard","meta":{"footnotes":""},"categories":[1],"tags":[],"class_list":["post-55031","post","type-post","status-publish","format-standard","has-post-thumbnail","hentry","category-aktualnosci","wpbf-post"],"yoast_head":"<!-- This site is optimized with the Yoast SEO plugin v27.4 - https:\/\/yoast.com\/product\/yoast-seo-wordpress\/ -->\n<title>X Warsztaty Ars Celebrandi - SANKTUARIUM W LICHENIU<\/title>\n<meta name=\"robots\" content=\"index, follow, max-snippet:-1, max-image-preview:large, max-video-preview:-1\" \/>\n<link rel=\"canonical\" href=\"https:\/\/www.lichen.pl\/de\/x-warsztaty-ars-celebrandi\/\" \/>\n<meta property=\"og:locale\" content=\"de_DE\" \/>\n<meta property=\"og:type\" content=\"article\" \/>\n<meta property=\"og:title\" content=\"X Warsztaty Ars Celebrandi - SANKTUARIUM W LICHENIU\" \/>\n<meta property=\"og:description\" content=\"Warsztaty liturgiczne Ars Celebrandi to jedyne w swoim rodzaju wydarzenie. Najwi\u0119ksze w Europie warsztaty liturgii tradycyjnej goszcz\u0105 w Sanktuarium Matki Bo\u017cej Liche\u0144skiej Bolesnej Kr\u00f3lowej Polski w Licheniu Starym ju\u017c po raz 10. Jubileuszowa edycja zgromadzi\u0142a dwie\u015bcie os\u00f3b obojga p\u0142ci i r\u00f3\u017cnych stan\u00f3w \u017cycia z kraju i zagranicy. Wydarzenie, kt\u00f3re rozpocz\u0119\u0142o si\u0119 w czwartek, 6 lipca [&hellip;]\" \/>\n<meta property=\"og:url\" content=\"https:\/\/www.lichen.pl\/de\/x-warsztaty-ars-celebrandi\/\" \/>\n<meta property=\"og:site_name\" content=\"SANKTUARIUM W LICHENIU\" \/>\n<meta property=\"article:published_time\" content=\"2023-07-05T15:50:12+00:00\" \/>\n<meta property=\"article:modified_time\" content=\"2023-07-13T13:06:57+00:00\" \/>\n<meta property=\"og:image\" content=\"https:\/\/www.lichen.pl\/wp-content\/uploads\/2023\/07\/AC2023_zwiasstun_1080x1080.jpg\" \/>\n\t<meta property=\"og:image:width\" content=\"1080\" \/>\n\t<meta property=\"og:image:height\" content=\"1080\" \/>\n\t<meta property=\"og:image:type\" content=\"image\/jpeg\" \/>\n<meta name=\"author\" content=\"Justyna Zacharek\" \/>\n<meta name=\"twitter:card\" content=\"summary_large_image\" \/>\n<meta name=\"twitter:label1\" content=\"Verfasst von\" \/>\n\t<meta name=\"twitter:data1\" content=\"Justyna Zacharek\" \/>\n\t<meta name=\"twitter:label2\" content=\"Gesch\u00e4tzte Lesezeit\" \/>\n\t<meta name=\"twitter:data2\" content=\"14\u00a0Minuten\" \/>\n<script type=\"application\/ld+json\" class=\"yoast-schema-graph\">{\"@context\":\"https:\\\/\\\/schema.org\",\"@graph\":[{\"@type\":\"Article\",\"@id\":\"https:\\\/\\\/www.lichen.pl\\\/x-warsztaty-ars-celebrandi\\\/#article\",\"isPartOf\":{\"@id\":\"https:\\\/\\\/www.lichen.pl\\\/x-warsztaty-ars-celebrandi\\\/\"},\"author\":{\"name\":\"Justyna Zacharek\",\"@id\":\"https:\\\/\\\/www.lichen.pl\\\/fr\\\/#\\\/schema\\\/person\\\/9f57a1408d363022abd305da0323b703\"},\"headline\":\"X Warsztaty Ars Celebrandi\",\"datePublished\":\"2023-07-05T15:50:12+00:00\",\"dateModified\":\"2023-07-13T13:06:57+00:00\",\"mainEntityOfPage\":{\"@id\":\"https:\\\/\\\/www.lichen.pl\\\/x-warsztaty-ars-celebrandi\\\/\"},\"wordCount\":890,\"image\":{\"@id\":\"https:\\\/\\\/www.lichen.pl\\\/x-warsztaty-ars-celebrandi\\\/#primaryimage\"},\"thumbnailUrl\":\"https:\\\/\\\/www.lichen.pl\\\/wp-content\\\/uploads\\\/2023\\\/07\\\/AC2023_zwiasstun_1080x1080.jpg\",\"articleSection\":[\"Aktualno\u015bci\"],\"inLanguage\":\"de\"},{\"@type\":\"WebPage\",\"@id\":\"https:\\\/\\\/www.lichen.pl\\\/x-warsztaty-ars-celebrandi\\\/\",\"url\":\"https:\\\/\\\/www.lichen.pl\\\/x-warsztaty-ars-celebrandi\\\/\",\"name\":\"X Warsztaty Ars Celebrandi - SANKTUARIUM W LICHENIU\",\"isPartOf\":{\"@id\":\"https:\\\/\\\/www.lichen.pl\\\/fr\\\/#website\"},\"primaryImageOfPage\":{\"@id\":\"https:\\\/\\\/www.lichen.pl\\\/x-warsztaty-ars-celebrandi\\\/#primaryimage\"},\"image\":{\"@id\":\"https:\\\/\\\/www.lichen.pl\\\/x-warsztaty-ars-celebrandi\\\/#primaryimage\"},\"thumbnailUrl\":\"https:\\\/\\\/www.lichen.pl\\\/wp-content\\\/uploads\\\/2023\\\/07\\\/AC2023_zwiasstun_1080x1080.jpg\",\"datePublished\":\"2023-07-05T15:50:12+00:00\",\"dateModified\":\"2023-07-13T13:06:57+00:00\",\"author\":{\"@id\":\"https:\\\/\\\/www.lichen.pl\\\/fr\\\/#\\\/schema\\\/person\\\/9f57a1408d363022abd305da0323b703\"},\"breadcrumb\":{\"@id\":\"https:\\\/\\\/www.lichen.pl\\\/x-warsztaty-ars-celebrandi\\\/#breadcrumb\"},\"inLanguage\":\"de\",\"potentialAction\":[{\"@type\":\"ReadAction\",\"target\":[\"https:\\\/\\\/www.lichen.pl\\\/x-warsztaty-ars-celebrandi\\\/\"]}]},{\"@type\":\"ImageObject\",\"inLanguage\":\"de\",\"@id\":\"https:\\\/\\\/www.lichen.pl\\\/x-warsztaty-ars-celebrandi\\\/#primaryimage\",\"url\":\"https:\\\/\\\/www.lichen.pl\\\/wp-content\\\/uploads\\\/2023\\\/07\\\/AC2023_zwiasstun_1080x1080.jpg\",\"contentUrl\":\"https:\\\/\\\/www.lichen.pl\\\/wp-content\\\/uploads\\\/2023\\\/07\\\/AC2023_zwiasstun_1080x1080.jpg\",\"width\":1080,\"height\":1080},{\"@type\":\"BreadcrumbList\",\"@id\":\"https:\\\/\\\/www.lichen.pl\\\/x-warsztaty-ars-celebrandi\\\/#breadcrumb\",\"itemListElement\":[{\"@type\":\"ListItem\",\"position\":1,\"name\":\"Strona g\u0142\u00f3wna\",\"item\":\"https:\\\/\\\/www.lichen.pl\\\/\"},{\"@type\":\"ListItem\",\"position\":2,\"name\":\"X Warsztaty Ars Celebrandi\"}]},{\"@type\":\"WebSite\",\"@id\":\"https:\\\/\\\/www.lichen.pl\\\/fr\\\/#website\",\"url\":\"https:\\\/\\\/www.lichen.pl\\\/fr\\\/\",\"name\":\"SANKTUARIUM W LICHENIU\",\"description\":\"MATKI BO\u017bEJ LICHE\u0143SKIEJ BOLESNEJ KR\u00d3LOWEJ POLSKI\",\"potentialAction\":[{\"@type\":\"SearchAction\",\"target\":{\"@type\":\"EntryPoint\",\"urlTemplate\":\"https:\\\/\\\/www.lichen.pl\\\/fr\\\/?s={search_term_string}\"},\"query-input\":{\"@type\":\"PropertyValueSpecification\",\"valueRequired\":true,\"valueName\":\"search_term_string\"}}],\"inLanguage\":\"de\"},{\"@type\":\"Person\",\"@id\":\"https:\\\/\\\/www.lichen.pl\\\/fr\\\/#\\\/schema\\\/person\\\/9f57a1408d363022abd305da0323b703\",\"name\":\"Justyna Zacharek\",\"image\":{\"@type\":\"ImageObject\",\"inLanguage\":\"de\",\"@id\":\"https:\\\/\\\/secure.gravatar.com\\\/avatar\\\/7be193626a4fb4d6a7d53a7686c3bbf938efff653c427e0182457b838e9d2c3b?s=96&d=retro&r=g\",\"url\":\"https:\\\/\\\/secure.gravatar.com\\\/avatar\\\/7be193626a4fb4d6a7d53a7686c3bbf938efff653c427e0182457b838e9d2c3b?s=96&d=retro&r=g\",\"contentUrl\":\"https:\\\/\\\/secure.gravatar.com\\\/avatar\\\/7be193626a4fb4d6a7d53a7686c3bbf938efff653c427e0182457b838e9d2c3b?s=96&d=retro&r=g\",\"caption\":\"Justyna Zacharek\"},\"url\":\"https:\\\/\\\/www.lichen.pl\\\/de\\\/author\\\/justyna\\\/\"}]}<\/script>\n<!-- \/ Yoast SEO plugin. -->","yoast_head_json":{"title":"X Warsztaty Ars Celebrandi - SANKTUARIUM W LICHENIU","robots":{"index":"index","follow":"follow","max-snippet":"max-snippet:-1","max-image-preview":"max-image-preview:large","max-video-preview":"max-video-preview:-1"},"canonical":"https:\/\/www.lichen.pl\/de\/x-warsztaty-ars-celebrandi\/","og_locale":"de_DE","og_type":"article","og_title":"X Warsztaty Ars Celebrandi - SANKTUARIUM W LICHENIU","og_description":"Warsztaty liturgiczne Ars Celebrandi to jedyne w swoim rodzaju wydarzenie. Najwi\u0119ksze w Europie warsztaty liturgii tradycyjnej goszcz\u0105 w Sanktuarium Matki Bo\u017cej Liche\u0144skiej Bolesnej Kr\u00f3lowej Polski w Licheniu Starym ju\u017c po raz 10. Jubileuszowa edycja zgromadzi\u0142a dwie\u015bcie os\u00f3b obojga p\u0142ci i r\u00f3\u017cnych stan\u00f3w \u017cycia z kraju i zagranicy. Wydarzenie, kt\u00f3re rozpocz\u0119\u0142o si\u0119 w czwartek, 6 lipca [&hellip;]","og_url":"https:\/\/www.lichen.pl\/de\/x-warsztaty-ars-celebrandi\/","og_site_name":"SANKTUARIUM W LICHENIU","article_published_time":"2023-07-05T15:50:12+00:00","article_modified_time":"2023-07-13T13:06:57+00:00","og_image":[{"width":1080,"height":1080,"url":"https:\/\/www.lichen.pl\/wp-content\/uploads\/2023\/07\/AC2023_zwiasstun_1080x1080.jpg","type":"image\/jpeg"}],"author":"Justyna Zacharek","twitter_card":"summary_large_image","twitter_misc":{"Verfasst von":"Justyna Zacharek","Gesch\u00e4tzte Lesezeit":"14\u00a0Minuten"},"schema":{"@context":"https:\/\/schema.org","@graph":[{"@type":"Article","@id":"https:\/\/www.lichen.pl\/x-warsztaty-ars-celebrandi\/#article","isPartOf":{"@id":"https:\/\/www.lichen.pl\/x-warsztaty-ars-celebrandi\/"},"author":{"name":"Justyna Zacharek","@id":"https:\/\/www.lichen.pl\/fr\/#\/schema\/person\/9f57a1408d363022abd305da0323b703"},"headline":"X Warsztaty Ars Celebrandi","datePublished":"2023-07-05T15:50:12+00:00","dateModified":"2023-07-13T13:06:57+00:00","mainEntityOfPage":{"@id":"https:\/\/www.lichen.pl\/x-warsztaty-ars-celebrandi\/"},"wordCount":890,"image":{"@id":"https:\/\/www.lichen.pl\/x-warsztaty-ars-celebrandi\/#primaryimage"},"thumbnailUrl":"https:\/\/www.lichen.pl\/wp-content\/uploads\/2023\/07\/AC2023_zwiasstun_1080x1080.jpg","articleSection":["Aktualno\u015bci"],"inLanguage":"de"},{"@type":"WebPage","@id":"https:\/\/www.lichen.pl\/x-warsztaty-ars-celebrandi\/","url":"https:\/\/www.lichen.pl\/x-warsztaty-ars-celebrandi\/","name":"X Warsztaty Ars Celebrandi - SANKTUARIUM W LICHENIU","isPartOf":{"@id":"https:\/\/www.lichen.pl\/fr\/#website"},"primaryImageOfPage":{"@id":"https:\/\/www.lichen.pl\/x-warsztaty-ars-celebrandi\/#primaryimage"},"image":{"@id":"https:\/\/www.lichen.pl\/x-warsztaty-ars-celebrandi\/#primaryimage"},"thumbnailUrl":"https:\/\/www.lichen.pl\/wp-content\/uploads\/2023\/07\/AC2023_zwiasstun_1080x1080.jpg","datePublished":"2023-07-05T15:50:12+00:00","dateModified":"2023-07-13T13:06:57+00:00","author":{"@id":"https:\/\/www.lichen.pl\/fr\/#\/schema\/person\/9f57a1408d363022abd305da0323b703"},"breadcrumb":{"@id":"https:\/\/www.lichen.pl\/x-warsztaty-ars-celebrandi\/#breadcrumb"},"inLanguage":"de","potentialAction":[{"@type":"ReadAction","target":["https:\/\/www.lichen.pl\/x-warsztaty-ars-celebrandi\/"]}]},{"@type":"ImageObject","inLanguage":"de","@id":"https:\/\/www.lichen.pl\/x-warsztaty-ars-celebrandi\/#primaryimage","url":"https:\/\/www.lichen.pl\/wp-content\/uploads\/2023\/07\/AC2023_zwiasstun_1080x1080.jpg","contentUrl":"https:\/\/www.lichen.pl\/wp-content\/uploads\/2023\/07\/AC2023_zwiasstun_1080x1080.jpg","width":1080,"height":1080},{"@type":"BreadcrumbList","@id":"https:\/\/www.lichen.pl\/x-warsztaty-ars-celebrandi\/#breadcrumb","itemListElement":[{"@type":"ListItem","position":1,"name":"Strona g\u0142\u00f3wna","item":"https:\/\/www.lichen.pl\/"},{"@type":"ListItem","position":2,"name":"X Warsztaty Ars Celebrandi"}]},{"@type":"WebSite","@id":"https:\/\/www.lichen.pl\/fr\/#website","url":"https:\/\/www.lichen.pl\/fr\/","name":"HEILIGTUM IN LICHENIEN","description":"DIE TRAURIGE K\u00d6NIGIN UNSERER FLECHEN VON POLEN","potentialAction":[{"@type":"SearchAction","target":{"@type":"EntryPoint","urlTemplate":"https:\/\/www.lichen.pl\/fr\/?s={search_term_string}"},"query-input":{"@type":"PropertyValueSpecification","valueRequired":true,"valueName":"search_term_string"}}],"inLanguage":"de"},{"@type":"Person","@id":"https:\/\/www.lichen.pl\/fr\/#\/schema\/person\/9f57a1408d363022abd305da0323b703","name":"Justyna Zacharek","image":{"@type":"ImageObject","inLanguage":"de","@id":"https:\/\/secure.gravatar.com\/avatar\/7be193626a4fb4d6a7d53a7686c3bbf938efff653c427e0182457b838e9d2c3b?s=96&d=retro&r=g","url":"https:\/\/secure.gravatar.com\/avatar\/7be193626a4fb4d6a7d53a7686c3bbf938efff653c427e0182457b838e9d2c3b?s=96&d=retro&r=g","contentUrl":"https:\/\/secure.gravatar.com\/avatar\/7be193626a4fb4d6a7d53a7686c3bbf938efff653c427e0182457b838e9d2c3b?s=96&d=retro&r=g","caption":"Justyna Zacharek"},"url":"https:\/\/www.lichen.pl\/de\/author\/justyna\/"}]}},"_links":{"self":[{"href":"https:\/\/www.lichen.pl\/de\/wp-json\/wp\/v2\/posts\/55031","targetHints":{"allow":["GET"]}}],"collection":[{"href":"https:\/\/www.lichen.pl\/de\/wp-json\/wp\/v2\/posts"}],"about":[{"href":"https:\/\/www.lichen.pl\/de\/wp-json\/wp\/v2\/types\/post"}],"author":[{"embeddable":true,"href":"https:\/\/www.lichen.pl\/de\/wp-json\/wp\/v2\/users\/5"}],"replies":[{"embeddable":true,"href":"https:\/\/www.lichen.pl\/de\/wp-json\/wp\/v2\/comments?post=55031"}],"version-history":[{"count":10,"href":"https:\/\/www.lichen.pl\/de\/wp-json\/wp\/v2\/posts\/55031\/revisions"}],"predecessor-version":[{"id":55349,"href":"https:\/\/www.lichen.pl\/de\/wp-json\/wp\/v2\/posts\/55031\/revisions\/55349"}],"wp:featuredmedia":[{"embeddable":true,"href":"https:\/\/www.lichen.pl\/de\/wp-json\/wp\/v2\/media\/55032"}],"wp:attachment":[{"href":"https:\/\/www.lichen.pl\/de\/wp-json\/wp\/v2\/media?parent=55031"}],"wp:term":[{"taxonomy":"category","embeddable":true,"href":"https:\/\/www.lichen.pl\/de\/wp-json\/wp\/v2\/categories?post=55031"},{"taxonomy":"post_tag","embeddable":true,"href":"https:\/\/www.lichen.pl\/de\/wp-json\/wp\/v2\/tags?post=55031"}],"curies":[{"name":"wp","href":"https:\/\/api.w.org\/{rel}","templated":true}]}}