{"id":55187,"date":"2023-07-08T16:28:07","date_gmt":"2023-07-08T14:28:07","guid":{"rendered":"https:\/\/www.lichen.pl\/?p=55187"},"modified":"2023-07-08T16:33:47","modified_gmt":"2023-07-08T14:33:47","slug":"tesciow-i-synowe","status":"publish","type":"post","link":"https:\/\/www.lichen.pl\/de\/tesciow-i-synowe\/","title":{"rendered":"Dzie\u0144 modlitw te\u015bciowych i synowych"},"content":{"rendered":"<div data-elementor-type=\"wp-post\" data-elementor-id=\"55187\" class=\"elementor elementor-55187\" data-elementor-post-type=\"post\">\n\t\t\t\t\t\t<section class=\"elementor-section elementor-top-section elementor-element elementor-element-0f9a927 elementor-section-boxed elementor-section-height-default elementor-section-height-default\" data-id=\"0f9a927\" data-element_type=\"section\" data-e-type=\"section\">\n\t\t\t\t\t\t<div class=\"elementor-container elementor-column-gap-default\">\n\t\t\t\t\t<div class=\"elementor-column elementor-col-100 elementor-top-column elementor-element elementor-element-931f71f\" data-id=\"931f71f\" data-element_type=\"column\" data-e-type=\"column\">\n\t\t\t<div class=\"elementor-widget-wrap elementor-element-populated\">\n\t\t\t\t\t\t<div class=\"elementor-element elementor-element-57c7311 elementor-widget elementor-widget-heading\" data-id=\"57c7311\" data-element_type=\"widget\" data-e-type=\"widget\" data-widget_type=\"heading.default\">\n\t\t\t\t<div class=\"elementor-widget-container\">\n\t\t\t\t\t<h2 class=\"elementor-heading-title elementor-size-default\">W sobot\u0119, 8 lipca w liche\u0144skim sanktuarium obchodzono Dzie\u0144 modlitw z b\u0142. Mariann\u0105 Biernack\u0105, czyli Dzie\u0144 modlitw te\u015bciowych i synowych. B\u0142. Marianna to jedna ze 108 m\u0119czennik\u00f3w II wojny \u015bwiatowej. Odda\u0142a swoje \u017cycie w zamian za \u017cycie swojej synowej podczas pacyfikacji wsi przez Niemc\u00f3w.<\/h2>\t\t\t\t<\/div>\n\t\t\t\t<\/div>\n\t\t\t\t\t<\/div>\n\t\t<\/div>\n\t\t\t\t\t<\/div>\n\t\t<\/section>\n\t\t\t\t<section class=\"elementor-section elementor-top-section elementor-element elementor-element-f8ff5d2 elementor-section-boxed elementor-section-height-default elementor-section-height-default\" data-id=\"f8ff5d2\" data-element_type=\"section\" data-e-type=\"section\">\n\t\t\t\t\t\t<div class=\"elementor-container elementor-column-gap-default\">\n\t\t\t\t\t<div class=\"elementor-column elementor-col-100 elementor-top-column elementor-element elementor-element-b7e13b0\" data-id=\"b7e13b0\" data-element_type=\"column\" data-e-type=\"column\">\n\t\t\t<div class=\"elementor-widget-wrap elementor-element-populated\">\n\t\t\t\t\t\t<section class=\"elementor-section elementor-inner-section elementor-element elementor-element-bedab59 elementor-section-boxed elementor-section-height-default elementor-section-height-default\" data-id=\"bedab59\" data-element_type=\"section\" data-e-type=\"section\">\n\t\t\t\t\t\t<div class=\"elementor-container elementor-column-gap-default\">\n\t\t\t\t\t<div class=\"elementor-column elementor-col-50 elementor-inner-column elementor-element elementor-element-9613f9c\" data-id=\"9613f9c\" data-element_type=\"column\" data-e-type=\"column\">\n\t\t\t<div class=\"elementor-widget-wrap elementor-element-populated\">\n\t\t\t\t\t\t<div class=\"elementor-element elementor-element-acfa4bc elementor-widget elementor-widget-image\" data-id=\"acfa4bc\" data-element_type=\"widget\" data-e-type=\"widget\" data-widget_type=\"image.default\">\n\t\t\t\t<div class=\"elementor-widget-container\">\n\t\t\t\t\t\t\t\t\t\t\t\t\t\t\t<img fetchpriority=\"high\" decoding=\"async\" width=\"768\" height=\"1024\" src=\"https:\/\/www.lichen.pl\/wp-content\/uploads\/2023\/07\/fb_img_1688632846749-1-768x1024.jpg\" class=\"attachment-large size-large wp-image-55189\" alt=\"\" srcset=\"https:\/\/www.lichen.pl\/wp-content\/uploads\/2023\/07\/fb_img_1688632846749-1-768x1024.jpg 768w, https:\/\/www.lichen.pl\/wp-content\/uploads\/2023\/07\/fb_img_1688632846749-1-800x1067.jpg 800w, https:\/\/www.lichen.pl\/wp-content\/uploads\/2023\/07\/fb_img_1688632846749-1-225x300.jpg 225w, https:\/\/www.lichen.pl\/wp-content\/uploads\/2023\/07\/fb_img_1688632846749-1-9x12.jpg 9w, https:\/\/www.lichen.pl\/wp-content\/uploads\/2023\/07\/fb_img_1688632846749-1.jpg 960w\" sizes=\"(max-width: 768px) 100vw, 768px\" \/>\t\t\t\t\t\t\t\t\t\t\t\t\t\t\t<\/div>\n\t\t\t\t<\/div>\n\t\t\t\t\t<\/div>\n\t\t<\/div>\n\t\t\t\t<div class=\"elementor-column elementor-col-50 elementor-inner-column elementor-element elementor-element-ab259e7\" data-id=\"ab259e7\" data-element_type=\"column\" data-e-type=\"column\">\n\t\t\t<div class=\"elementor-widget-wrap elementor-element-populated\">\n\t\t\t\t\t\t<div class=\"elementor-element elementor-element-0f4982c elementor-widget elementor-widget-text-editor\" data-id=\"0f4982c\" data-element_type=\"widget\" data-e-type=\"widget\" data-widget_type=\"text-editor.default\">\n\t\t\t\t<div class=\"elementor-widget-container\">\n\t\t\t\t\t\t\t\t\t<p>\u2013 W przepi\u0119kny spos\u00f3b na\u015bladowa\u0142a Tego, kt\u00f3ry odda\u0142 za ka\u017cdego cz\u0142owieka \u017cycie na Golgocie, Jezusa. Przypomnijmy sobie w tym miejscu s\u0142owa Chrystusa, kt\u00f3ry m\u00f3wi, i\u017c nikt ma wi\u0119kszej mi\u0142o\u015bci ni\u017c od tej, gdy kto\u015b \u017cycie swoje oddaje za swoich przyjaci\u00f3\u0142, a B\u00f3g w ka\u017cdym z nas mimo, \u017ce jeste\u015bmy s\u0142abi i grzeszni, widzi swojego przyjaciela \u2013 m\u00f3wi\u0142 w homilii ks. Adam Stankiewicz MIC, wicekustosz Sanktuarium Matki Bo\u017cej Liche\u0144skiej, kt\u00f3ry przewodniczy\u0142 g\u0142\u00f3wnej Mszy \u015awi\u0119tej o godz. 12.00.<\/p><p>Marianin stwierdzi\u0142, \u017ce jest to wyj\u0105tkowy dzie\u0144, kt\u00f3ry zach\u0119ca, by przyjrze\u0107 si\u0119 sobie i zada\u0107 pytanie, na ile jeste\u015bmy w stanie odda\u0107 \u017cycie za drugiego cz\u0142owieka. \u2013 Nikt od nas nie \u017c\u0105da by\u015bmy oddawali je w spos\u00f3b fizyczny. Mamy ka\u017cdego dnia jednak umiera\u0107 dla siebie, by \u017cy\u0107 dla drugiego cz\u0142owieka \u2013 wyja\u015bni\u0142 ks. Stankiewicz nawi\u0105zuj\u0105c do odczytywanej tego dnia Ewangelii o Dobrym Samarytaninie. Zdaniem homilety wype\u0142ni\u0142a si\u0119 ona w\u0142a\u015bnie w \u017cyciu b\u0142ogos\u0142awionej Marianny we wszystkich elementach. Kap\u0142an przekonywa\u0142, \u017ce jeste\u015bmy tak\u017ce dzi\u015b zaproszeni do takiej postawy, na\u015bladowania b\u0142ogos\u0142awionej czy Samarytanina, o kt\u00f3rym mowa w Ewangelii, a co za tym idzie, samego Jezusa.<\/p>\t\t\t\t\t\t\t\t<\/div>\n\t\t\t\t<\/div>\n\t\t\t\t\t<\/div>\n\t\t<\/div>\n\t\t\t\t\t<\/div>\n\t\t<\/section>\n\t\t\t\t<div class=\"elementor-element elementor-element-a07b694 elementor-widget elementor-widget-text-editor\" data-id=\"a07b694\" data-element_type=\"widget\" data-e-type=\"widget\" data-widget_type=\"text-editor.default\">\n\t\t\t\t<div class=\"elementor-widget-container\">\n\t\t\t\t\t\t\t\t\t<p>\u2013 \u017by\u0107 mi\u0142o\u015bci\u0105 mi\u0142osiern\u0105, kt\u00f3ra daje \u017cycie nie oczekuj\u0105c niczego w zamian. Potrzeba wpierw, podobnie jak samarytanin, zachwyci\u0107 si\u0119 cz\u0142owiekiem i wzruszy\u0107 si\u0119 z powodu jego obecno\u015bci. By to by\u0142o mo\u017cliwe potrzeba zatem w tym drugim rozpozna\u0107 swego bli\u017aniego. Dzisiejszy \u015bwiat cz\u0119sto lansuje inn\u0105 tez\u0119: by\u0107 wpatrzonym w siebie. By troszczy\u0107 si\u0119 tylko o siebie. Na drugiego mo\u017cna zwr\u00f3ci\u0107 uwag\u0119 pod warunkiem, \u017ce jest mi potrzebny do za\u0142atwienia czego\u015b, gdy dzi\u0119ki niemu mo\u017cna co\u015b zyska\u0107 \u2013 zauwa\u017cy\u0142 zakonnik \u2013 Marianna mia\u0142a swoje \u017cycie i plany na nie, ale gdy zobaczy\u0142a, ze na jej synow\u0105 zosta\u0142 wydany wyrok \u015bmierci, jej serce si\u0119 wzruszy\u0142o. Nie tylko dlatego, \u017ce to by\u0142a bliska jej osoba, ale poniewa\u017c zobaczy\u0142a umi\u0142owane dziecko Ojca niebieskiego, odkupione krwi\u0105 Chrystusa. To wzruszenie jest przejawem mi\u0142o\u015bci. Wzruszy\u0107 si\u0119 drugim to jest dopiero pocz\u0105tek. Ewangelia ukazuje nam, \u017ce samarytanin nie tylko si\u0119 wzruszy\u0142, lecz podj\u0105\u0142 konkretny czyn wobec bli\u017aniego: piel\u0119gnowa\u0142 go, a wi\u0119c zatroszczy\u0142 si\u0119 o niego, by nast\u0119pnie z\u0142o\u017cy\u0107 gospodarzowi ofiar\u0119. Podobnie i my poczujmy si\u0119 zaproszeni, by nasz\u0105 mi\u0142o\u015b\u0107 wobec bli\u017anich wyra\u017ca\u0107 nie tylko poprzez s\u0142owa, lecz przede wszystkim w konkretnych \u017cyciowych postawach \u2013 zauwa\u017cy\u0142 marianin.<\/p>\t\t\t\t\t\t\t\t<\/div>\n\t\t\t\t<\/div>\n\t\t\t\t<div class=\"elementor-element elementor-element-ad8ce8b elementor-widget elementor-widget-image-gallery\" data-id=\"ad8ce8b\" data-element_type=\"widget\" data-e-type=\"widget\" data-widget_type=\"image-gallery.default\">\n\t\t\t\t<div class=\"elementor-widget-container\">\n\t\t\t\t\t\t\t<div class=\"elementor-image-gallery\">\n\t\t\t<div id='gallery-1' class='gallery galleryid-55187 gallery-columns-5 gallery-size-thumbnail'><figure class='gallery-item'>\n\t\t\t<div class='gallery-icon landscape'>\n\t\t\t\t<a data-elementor-open-lightbox=\"yes\" data-elementor-lightbox-slideshow=\"ad8ce8b\" data-elementor-lightbox-title=\"Msza \u015awi\u0119ta w bazylcie - Dzie\u0144 Te\u015bciowych i Synowych\" data-e-action-hash=\"#elementor-action%3Aaction%3Dlightbox%26settings%3DeyJpZCI6NTUxOTAsInVybCI6Imh0dHBzOlwvXC93d3cubGljaGVuLnBsXC93cC1jb250ZW50XC91cGxvYWRzXC8yMDIzXC8wN1wvSU1HXzk1NzcuanBnIiwic2xpZGVzaG93IjoiYWQ4Y2U4YiJ9\" href='https:\/\/www.lichen.pl\/wp-content\/uploads\/2023\/07\/IMG_9577.jpg'><img width=\"150\" height=\"150\" src=\"https:\/\/www.lichen.pl\/wp-content\/uploads\/2023\/07\/IMG_9577-150x150.jpg\" class=\"attachment-thumbnail size-thumbnail\" alt=\"\" decoding=\"async\" srcset=\"https:\/\/www.lichen.pl\/wp-content\/uploads\/2023\/07\/IMG_9577-150x150.jpg 150w, https:\/\/www.lichen.pl\/wp-content\/uploads\/2023\/07\/IMG_9577-300x300.jpg 300w\" sizes=\"(max-width: 150px) 100vw, 150px\" \/><\/a>\n\t\t\t<\/div><\/figure><figure class='gallery-item'>\n\t\t\t<div class='gallery-icon portrait'>\n\t\t\t\t<a data-elementor-open-lightbox=\"yes\" data-elementor-lightbox-slideshow=\"ad8ce8b\" data-elementor-lightbox-title=\"Msza \u015awi\u0119ta w bazylcie - Dzie\u0144 Te\u015bciowych i Synowych\" data-e-action-hash=\"#elementor-action%3Aaction%3Dlightbox%26settings%3DeyJpZCI6NTUxOTEsInVybCI6Imh0dHBzOlwvXC93d3cubGljaGVuLnBsXC93cC1jb250ZW50XC91cGxvYWRzXC8yMDIzXC8wN1wvSU1HXzk1NzkuanBnIiwic2xpZGVzaG93IjoiYWQ4Y2U4YiJ9\" href='https:\/\/www.lichen.pl\/wp-content\/uploads\/2023\/07\/IMG_9579.jpg'><img width=\"150\" height=\"150\" src=\"https:\/\/www.lichen.pl\/wp-content\/uploads\/2023\/07\/IMG_9579-150x150.jpg\" class=\"attachment-thumbnail size-thumbnail\" alt=\"\" decoding=\"async\" srcset=\"https:\/\/www.lichen.pl\/wp-content\/uploads\/2023\/07\/IMG_9579-150x150.jpg 150w, https:\/\/www.lichen.pl\/wp-content\/uploads\/2023\/07\/IMG_9579-300x300.jpg 300w\" sizes=\"(max-width: 150px) 100vw, 150px\" \/><\/a>\n\t\t\t<\/div><\/figure><figure class='gallery-item'>\n\t\t\t<div class='gallery-icon portrait'>\n\t\t\t\t<a data-elementor-open-lightbox=\"yes\" data-elementor-lightbox-slideshow=\"ad8ce8b\" data-elementor-lightbox-title=\"Msza \u015awi\u0119ta w bazylcie - Dzie\u0144 Te\u015bciowych i Synowych\" data-e-action-hash=\"#elementor-action%3Aaction%3Dlightbox%26settings%3DeyJpZCI6NTUxOTIsInVybCI6Imh0dHBzOlwvXC93d3cubGljaGVuLnBsXC93cC1jb250ZW50XC91cGxvYWRzXC8yMDIzXC8wN1wvSU1HXzk1ODIuanBnIiwic2xpZGVzaG93IjoiYWQ4Y2U4YiJ9\" href='https:\/\/www.lichen.pl\/wp-content\/uploads\/2023\/07\/IMG_9582.jpg'><img loading=\"lazy\" width=\"150\" height=\"150\" src=\"https:\/\/www.lichen.pl\/wp-content\/uploads\/2023\/07\/IMG_9582-150x150.jpg\" class=\"attachment-thumbnail size-thumbnail\" alt=\"\" decoding=\"async\" srcset=\"https:\/\/www.lichen.pl\/wp-content\/uploads\/2023\/07\/IMG_9582-150x150.jpg 150w, https:\/\/www.lichen.pl\/wp-content\/uploads\/2023\/07\/IMG_9582-300x300.jpg 300w\" sizes=\"(max-width: 150px) 100vw, 150px\" \/><\/a>\n\t\t\t<\/div><\/figure><figure class='gallery-item'>\n\t\t\t<div class='gallery-icon landscape'>\n\t\t\t\t<a data-elementor-open-lightbox=\"yes\" data-elementor-lightbox-slideshow=\"ad8ce8b\" data-elementor-lightbox-title=\"Msza \u015awi\u0119ta w bazylcie - Dzie\u0144 Te\u015bciowych i Synowych\" data-e-action-hash=\"#elementor-action%3Aaction%3Dlightbox%26settings%3DeyJpZCI6NTUxOTMsInVybCI6Imh0dHBzOlwvXC93d3cubGljaGVuLnBsXC93cC1jb250ZW50XC91cGxvYWRzXC8yMDIzXC8wN1wvSU1HXzk1ODcuanBnIiwic2xpZGVzaG93IjoiYWQ4Y2U4YiJ9\" href='https:\/\/www.lichen.pl\/wp-content\/uploads\/2023\/07\/IMG_9587.jpg'><img loading=\"lazy\" width=\"150\" height=\"150\" src=\"https:\/\/www.lichen.pl\/wp-content\/uploads\/2023\/07\/IMG_9587-150x150.jpg\" class=\"attachment-thumbnail size-thumbnail\" alt=\"\" decoding=\"async\" srcset=\"https:\/\/www.lichen.pl\/wp-content\/uploads\/2023\/07\/IMG_9587-150x150.jpg 150w, https:\/\/www.lichen.pl\/wp-content\/uploads\/2023\/07\/IMG_9587-300x300.jpg 300w\" sizes=\"(max-width: 150px) 100vw, 150px\" \/><\/a>\n\t\t\t<\/div><\/figure><figure class='gallery-item'>\n\t\t\t<div class='gallery-icon landscape'>\n\t\t\t\t<a data-elementor-open-lightbox=\"yes\" data-elementor-lightbox-slideshow=\"ad8ce8b\" data-elementor-lightbox-title=\"Msza \u015awi\u0119ta w bazylcie - Dzie\u0144 Te\u015bciowych i Synowych\" data-e-action-hash=\"#elementor-action%3Aaction%3Dlightbox%26settings%3DeyJpZCI6NTUxOTQsInVybCI6Imh0dHBzOlwvXC93d3cubGljaGVuLnBsXC93cC1jb250ZW50XC91cGxvYWRzXC8yMDIzXC8wN1wvSU1HXzk1ODkuanBnIiwic2xpZGVzaG93IjoiYWQ4Y2U4YiJ9\" href='https:\/\/www.lichen.pl\/wp-content\/uploads\/2023\/07\/IMG_9589.jpg'><img loading=\"lazy\" width=\"150\" height=\"150\" src=\"https:\/\/www.lichen.pl\/wp-content\/uploads\/2023\/07\/IMG_9589-150x150.jpg\" class=\"attachment-thumbnail size-thumbnail\" alt=\"\" decoding=\"async\" srcset=\"https:\/\/www.lichen.pl\/wp-content\/uploads\/2023\/07\/IMG_9589-150x150.jpg 150w, https:\/\/www.lichen.pl\/wp-content\/uploads\/2023\/07\/IMG_9589-300x300.jpg 300w\" sizes=\"(max-width: 150px) 100vw, 150px\" \/><\/a>\n\t\t\t<\/div><\/figure>\n\t\t<\/div>\n\t\t<\/div>\n\t\t\t\t\t\t<\/div>\n\t\t\t\t<\/div>\n\t\t\t\t<div class=\"elementor-element elementor-element-333093e elementor-widget elementor-widget-text-editor\" data-id=\"333093e\" data-element_type=\"widget\" data-e-type=\"widget\" data-widget_type=\"text-editor.default\">\n\t\t\t\t<div class=\"elementor-widget-container\">\n\t\t\t\t\t\t\t\t\t<p>B\u0142. Marianna Biernacka zosta\u0142a beatyfikowana jako jedna z grona 108. B\u0142ogos\u0142awionych M\u0119czennik\u00f3w okresu II wojny \u015bwiatowej przez Jana Paw\u0142a II w Warszawie w dniu 13 czerwca 1999 roku.<\/p><p>Gdy, na pocz\u0105tku lipca 1943 r., gestapowcy skazali jej syna i synow\u0105 na \u015bmier\u0107. Marianna postanowi\u0142a odda\u0107 si\u0119 w r\u0119ce oprawc\u00f3w i umrze\u0107 za synow\u0105, kt\u00f3ra oczekiwa\u0142a narodzin dziecka. W tym czasie na \u015bwiecie by\u0142a ju\u017c ich dwuletnia c\u00f3reczka. Mia\u0142a jedn\u0105 pro\u015bb\u0119, by przed \u015bmierci\u0105 dostarczono jej r\u00f3\u017caniec. Mariann\u0119 i jej syna rozstrzelano wraz z 48 mieszka\u0144cami Lipska 13 lipca 1943 na fortach w Naumowiczach ko\u0142o Grodna. \u00a0W liche\u0144skiej bazylice, w ko\u015bciele dolnym, znajduje si\u0119 kaplica po\u015bwi\u0119cona 108. B\u0142ogos\u0142awionym M\u0119czennikom okresu II wojny \u015bwiatowej. Na jednej ze \u015bcian mo\u017cna odnale\u017a\u0107 tam podobizn\u0119 b\u0142. Marianny Biernackiej. Kobieta spogl\u0105da tak\u017ce na odwiedzaj\u0105cych kaplic\u0119 z p\u0142\u00f3tna obrazu, kt\u00f3ry by\u0142 obecny podczas uroczysto\u015bci beatyfikacyjnych w 1999 r. Artysta naoko\u0142o Chrystusa odzianego w krwistoczerwon\u0105 szat\u0119 umie\u015bci\u0142 wizerunki wszystkich z grona 108 B\u0142ogos\u0142awionych.<\/p>\t\t\t\t\t\t\t\t<\/div>\n\t\t\t\t<\/div>\n\t\t\t\t\t<\/div>\n\t\t<\/div>\n\t\t\t\t\t<\/div>\n\t\t<\/section>\n\t\t\t\t<\/div>","protected":false},"excerpt":{"rendered":"<p>W sobot\u0119, 8 lipca w liche\u0144skim sanktuarium obchodzono Dzie\u0144 modlitw z b\u0142. Mariann\u0105 Biernack\u0105, czyli Dzie\u0144 modlitw te\u015bciowych i synowych. B\u0142. Marianna to jedna ze 108 m\u0119czennik\u00f3w II wojny \u015bwiatowej. Odda\u0142a swoje \u017cycie w zamian za \u017cycie swojej synowej podczas pacyfikacji wsi przez Niemc\u00f3w. \u2013 W przepi\u0119kny spos\u00f3b na\u015bladowa\u0142a Tego, kt\u00f3ry odda\u0142 za ka\u017cdego cz\u0142owieka [&hellip;]<\/p>\n","protected":false},"author":5,"featured_media":55038,"comment_status":"closed","ping_status":"closed","sticky":false,"template":"","format":"standard","meta":{"footnotes":""},"categories":[1],"tags":[],"class_list":["post-55187","post","type-post","status-publish","format-standard","has-post-thumbnail","hentry","category-aktualnosci","wpbf-post"],"yoast_head":"<!-- This site is optimized with the Yoast SEO plugin v27.4 - https:\/\/yoast.com\/product\/yoast-seo-wordpress\/ -->\n<title>Dzie\u0144 modlitw te\u015bciowych i synowych - SANKTUARIUM W LICHENIU<\/title>\n<meta name=\"robots\" content=\"index, follow, max-snippet:-1, max-image-preview:large, max-video-preview:-1\" \/>\n<link rel=\"canonical\" href=\"https:\/\/www.lichen.pl\/de\/tesciow-i-synowe\/\" \/>\n<meta property=\"og:locale\" content=\"de_DE\" \/>\n<meta property=\"og:type\" content=\"article\" \/>\n<meta property=\"og:title\" content=\"Dzie\u0144 modlitw te\u015bciowych i synowych - SANKTUARIUM W LICHENIU\" \/>\n<meta property=\"og:description\" content=\"W sobot\u0119, 8 lipca w liche\u0144skim sanktuarium obchodzono Dzie\u0144 modlitw z b\u0142. Mariann\u0105 Biernack\u0105, czyli Dzie\u0144 modlitw te\u015bciowych i synowych. B\u0142. Marianna to jedna ze 108 m\u0119czennik\u00f3w II wojny \u015bwiatowej. Odda\u0142a swoje \u017cycie w zamian za \u017cycie swojej synowej podczas pacyfikacji wsi przez Niemc\u00f3w. \u2013 W przepi\u0119kny spos\u00f3b na\u015bladowa\u0142a Tego, kt\u00f3ry odda\u0142 za ka\u017cdego cz\u0142owieka [&hellip;]\" \/>\n<meta property=\"og:url\" content=\"https:\/\/www.lichen.pl\/de\/tesciow-i-synowe\/\" \/>\n<meta property=\"og:site_name\" content=\"SANKTUARIUM W LICHENIU\" \/>\n<meta property=\"article:published_time\" content=\"2023-07-08T14:28:07+00:00\" \/>\n<meta property=\"article:modified_time\" content=\"2023-07-08T14:33:47+00:00\" \/>\n<meta property=\"og:image\" content=\"https:\/\/www.lichen.pl\/wp-content\/uploads\/2023\/07\/fb_img_1688632846749-e1688638473593.jpg\" \/>\n\t<meta property=\"og:image:width\" content=\"960\" \/>\n\t<meta property=\"og:image:height\" content=\"422\" \/>\n\t<meta property=\"og:image:type\" content=\"image\/jpeg\" \/>\n<meta name=\"author\" content=\"Justyna Zacharek\" \/>\n<meta name=\"twitter:card\" content=\"summary_large_image\" \/>\n<meta name=\"twitter:label1\" content=\"Verfasst von\" \/>\n\t<meta name=\"twitter:data1\" content=\"Justyna Zacharek\" \/>\n\t<meta name=\"twitter:label2\" content=\"Gesch\u00e4tzte Lesezeit\" \/>\n\t<meta name=\"twitter:data2\" content=\"5\u00a0Minuten\" \/>\n<script type=\"application\/ld+json\" class=\"yoast-schema-graph\">{\"@context\":\"https:\\\/\\\/schema.org\",\"@graph\":[{\"@type\":\"Article\",\"@id\":\"https:\\\/\\\/www.lichen.pl\\\/tesciow-i-synowe\\\/#article\",\"isPartOf\":{\"@id\":\"https:\\\/\\\/www.lichen.pl\\\/tesciow-i-synowe\\\/\"},\"author\":{\"name\":\"Justyna Zacharek\",\"@id\":\"https:\\\/\\\/www.lichen.pl\\\/fr\\\/#\\\/schema\\\/person\\\/9f57a1408d363022abd305da0323b703\"},\"headline\":\"Dzie\u0144 modlitw te\u015bciowych i synowych\",\"datePublished\":\"2023-07-08T14:28:07+00:00\",\"dateModified\":\"2023-07-08T14:33:47+00:00\",\"mainEntityOfPage\":{\"@id\":\"https:\\\/\\\/www.lichen.pl\\\/tesciow-i-synowe\\\/\"},\"wordCount\":677,\"image\":{\"@id\":\"https:\\\/\\\/www.lichen.pl\\\/tesciow-i-synowe\\\/#primaryimage\"},\"thumbnailUrl\":\"https:\\\/\\\/www.lichen.pl\\\/wp-content\\\/uploads\\\/2023\\\/07\\\/fb_img_1688632846749-e1688638473593.jpg\",\"articleSection\":[\"Aktualno\u015bci\"],\"inLanguage\":\"de\"},{\"@type\":\"WebPage\",\"@id\":\"https:\\\/\\\/www.lichen.pl\\\/tesciow-i-synowe\\\/\",\"url\":\"https:\\\/\\\/www.lichen.pl\\\/tesciow-i-synowe\\\/\",\"name\":\"Dzie\u0144 modlitw te\u015bciowych i synowych - SANKTUARIUM W LICHENIU\",\"isPartOf\":{\"@id\":\"https:\\\/\\\/www.lichen.pl\\\/fr\\\/#website\"},\"primaryImageOfPage\":{\"@id\":\"https:\\\/\\\/www.lichen.pl\\\/tesciow-i-synowe\\\/#primaryimage\"},\"image\":{\"@id\":\"https:\\\/\\\/www.lichen.pl\\\/tesciow-i-synowe\\\/#primaryimage\"},\"thumbnailUrl\":\"https:\\\/\\\/www.lichen.pl\\\/wp-content\\\/uploads\\\/2023\\\/07\\\/fb_img_1688632846749-e1688638473593.jpg\",\"datePublished\":\"2023-07-08T14:28:07+00:00\",\"dateModified\":\"2023-07-08T14:33:47+00:00\",\"author\":{\"@id\":\"https:\\\/\\\/www.lichen.pl\\\/fr\\\/#\\\/schema\\\/person\\\/9f57a1408d363022abd305da0323b703\"},\"breadcrumb\":{\"@id\":\"https:\\\/\\\/www.lichen.pl\\\/tesciow-i-synowe\\\/#breadcrumb\"},\"inLanguage\":\"de\",\"potentialAction\":[{\"@type\":\"ReadAction\",\"target\":[\"https:\\\/\\\/www.lichen.pl\\\/tesciow-i-synowe\\\/\"]}]},{\"@type\":\"ImageObject\",\"inLanguage\":\"de\",\"@id\":\"https:\\\/\\\/www.lichen.pl\\\/tesciow-i-synowe\\\/#primaryimage\",\"url\":\"https:\\\/\\\/www.lichen.pl\\\/wp-content\\\/uploads\\\/2023\\\/07\\\/fb_img_1688632846749-e1688638473593.jpg\",\"contentUrl\":\"https:\\\/\\\/www.lichen.pl\\\/wp-content\\\/uploads\\\/2023\\\/07\\\/fb_img_1688632846749-e1688638473593.jpg\",\"width\":960,\"height\":422},{\"@type\":\"BreadcrumbList\",\"@id\":\"https:\\\/\\\/www.lichen.pl\\\/tesciow-i-synowe\\\/#breadcrumb\",\"itemListElement\":[{\"@type\":\"ListItem\",\"position\":1,\"name\":\"Strona g\u0142\u00f3wna\",\"item\":\"https:\\\/\\\/www.lichen.pl\\\/\"},{\"@type\":\"ListItem\",\"position\":2,\"name\":\"Dzie\u0144 modlitw te\u015bciowych i synowych\"}]},{\"@type\":\"WebSite\",\"@id\":\"https:\\\/\\\/www.lichen.pl\\\/fr\\\/#website\",\"url\":\"https:\\\/\\\/www.lichen.pl\\\/fr\\\/\",\"name\":\"SANKTUARIUM W LICHENIU\",\"description\":\"MATKI BO\u017bEJ LICHE\u0143SKIEJ BOLESNEJ KR\u00d3LOWEJ POLSKI\",\"potentialAction\":[{\"@type\":\"SearchAction\",\"target\":{\"@type\":\"EntryPoint\",\"urlTemplate\":\"https:\\\/\\\/www.lichen.pl\\\/fr\\\/?s={search_term_string}\"},\"query-input\":{\"@type\":\"PropertyValueSpecification\",\"valueRequired\":true,\"valueName\":\"search_term_string\"}}],\"inLanguage\":\"de\"},{\"@type\":\"Person\",\"@id\":\"https:\\\/\\\/www.lichen.pl\\\/fr\\\/#\\\/schema\\\/person\\\/9f57a1408d363022abd305da0323b703\",\"name\":\"Justyna Zacharek\",\"image\":{\"@type\":\"ImageObject\",\"inLanguage\":\"de\",\"@id\":\"https:\\\/\\\/secure.gravatar.com\\\/avatar\\\/7be193626a4fb4d6a7d53a7686c3bbf938efff653c427e0182457b838e9d2c3b?s=96&d=retro&r=g\",\"url\":\"https:\\\/\\\/secure.gravatar.com\\\/avatar\\\/7be193626a4fb4d6a7d53a7686c3bbf938efff653c427e0182457b838e9d2c3b?s=96&d=retro&r=g\",\"contentUrl\":\"https:\\\/\\\/secure.gravatar.com\\\/avatar\\\/7be193626a4fb4d6a7d53a7686c3bbf938efff653c427e0182457b838e9d2c3b?s=96&d=retro&r=g\",\"caption\":\"Justyna Zacharek\"},\"url\":\"https:\\\/\\\/www.lichen.pl\\\/de\\\/author\\\/justyna\\\/\"}]}<\/script>\n<!-- \/ Yoast SEO plugin. -->","yoast_head_json":{"title":"Dzie\u0144 modlitw te\u015bciowych i synowych - SANKTUARIUM W LICHENIU","robots":{"index":"index","follow":"follow","max-snippet":"max-snippet:-1","max-image-preview":"max-image-preview:large","max-video-preview":"max-video-preview:-1"},"canonical":"https:\/\/www.lichen.pl\/de\/tesciow-i-synowe\/","og_locale":"de_DE","og_type":"article","og_title":"Dzie\u0144 modlitw te\u015bciowych i synowych - SANKTUARIUM W LICHENIU","og_description":"W sobot\u0119, 8 lipca w liche\u0144skim sanktuarium obchodzono Dzie\u0144 modlitw z b\u0142. Mariann\u0105 Biernack\u0105, czyli Dzie\u0144 modlitw te\u015bciowych i synowych. B\u0142. Marianna to jedna ze 108 m\u0119czennik\u00f3w II wojny \u015bwiatowej. Odda\u0142a swoje \u017cycie w zamian za \u017cycie swojej synowej podczas pacyfikacji wsi przez Niemc\u00f3w. \u2013 W przepi\u0119kny spos\u00f3b na\u015bladowa\u0142a Tego, kt\u00f3ry odda\u0142 za ka\u017cdego cz\u0142owieka [&hellip;]","og_url":"https:\/\/www.lichen.pl\/de\/tesciow-i-synowe\/","og_site_name":"SANKTUARIUM W LICHENIU","article_published_time":"2023-07-08T14:28:07+00:00","article_modified_time":"2023-07-08T14:33:47+00:00","og_image":[{"width":960,"height":422,"url":"https:\/\/www.lichen.pl\/wp-content\/uploads\/2023\/07\/fb_img_1688632846749-e1688638473593.jpg","type":"image\/jpeg"}],"author":"Justyna Zacharek","twitter_card":"summary_large_image","twitter_misc":{"Verfasst von":"Justyna Zacharek","Gesch\u00e4tzte Lesezeit":"5\u00a0Minuten"},"schema":{"@context":"https:\/\/schema.org","@graph":[{"@type":"Article","@id":"https:\/\/www.lichen.pl\/tesciow-i-synowe\/#article","isPartOf":{"@id":"https:\/\/www.lichen.pl\/tesciow-i-synowe\/"},"author":{"name":"Justyna Zacharek","@id":"https:\/\/www.lichen.pl\/fr\/#\/schema\/person\/9f57a1408d363022abd305da0323b703"},"headline":"Dzie\u0144 modlitw te\u015bciowych i synowych","datePublished":"2023-07-08T14:28:07+00:00","dateModified":"2023-07-08T14:33:47+00:00","mainEntityOfPage":{"@id":"https:\/\/www.lichen.pl\/tesciow-i-synowe\/"},"wordCount":677,"image":{"@id":"https:\/\/www.lichen.pl\/tesciow-i-synowe\/#primaryimage"},"thumbnailUrl":"https:\/\/www.lichen.pl\/wp-content\/uploads\/2023\/07\/fb_img_1688632846749-e1688638473593.jpg","articleSection":["Aktualno\u015bci"],"inLanguage":"de"},{"@type":"WebPage","@id":"https:\/\/www.lichen.pl\/tesciow-i-synowe\/","url":"https:\/\/www.lichen.pl\/tesciow-i-synowe\/","name":"Dzie\u0144 modlitw te\u015bciowych i synowych - SANKTUARIUM W LICHENIU","isPartOf":{"@id":"https:\/\/www.lichen.pl\/fr\/#website"},"primaryImageOfPage":{"@id":"https:\/\/www.lichen.pl\/tesciow-i-synowe\/#primaryimage"},"image":{"@id":"https:\/\/www.lichen.pl\/tesciow-i-synowe\/#primaryimage"},"thumbnailUrl":"https:\/\/www.lichen.pl\/wp-content\/uploads\/2023\/07\/fb_img_1688632846749-e1688638473593.jpg","datePublished":"2023-07-08T14:28:07+00:00","dateModified":"2023-07-08T14:33:47+00:00","author":{"@id":"https:\/\/www.lichen.pl\/fr\/#\/schema\/person\/9f57a1408d363022abd305da0323b703"},"breadcrumb":{"@id":"https:\/\/www.lichen.pl\/tesciow-i-synowe\/#breadcrumb"},"inLanguage":"de","potentialAction":[{"@type":"ReadAction","target":["https:\/\/www.lichen.pl\/tesciow-i-synowe\/"]}]},{"@type":"ImageObject","inLanguage":"de","@id":"https:\/\/www.lichen.pl\/tesciow-i-synowe\/#primaryimage","url":"https:\/\/www.lichen.pl\/wp-content\/uploads\/2023\/07\/fb_img_1688632846749-e1688638473593.jpg","contentUrl":"https:\/\/www.lichen.pl\/wp-content\/uploads\/2023\/07\/fb_img_1688632846749-e1688638473593.jpg","width":960,"height":422},{"@type":"BreadcrumbList","@id":"https:\/\/www.lichen.pl\/tesciow-i-synowe\/#breadcrumb","itemListElement":[{"@type":"ListItem","position":1,"name":"Strona g\u0142\u00f3wna","item":"https:\/\/www.lichen.pl\/"},{"@type":"ListItem","position":2,"name":"Dzie\u0144 modlitw te\u015bciowych i synowych"}]},{"@type":"WebSite","@id":"https:\/\/www.lichen.pl\/fr\/#website","url":"https:\/\/www.lichen.pl\/fr\/","name":"HEILIGTUM IN LICHENIEN","description":"DIE TRAURIGE K\u00d6NIGIN UNSERER FLECHEN VON POLEN","potentialAction":[{"@type":"SearchAction","target":{"@type":"EntryPoint","urlTemplate":"https:\/\/www.lichen.pl\/fr\/?s={search_term_string}"},"query-input":{"@type":"PropertyValueSpecification","valueRequired":true,"valueName":"search_term_string"}}],"inLanguage":"de"},{"@type":"Person","@id":"https:\/\/www.lichen.pl\/fr\/#\/schema\/person\/9f57a1408d363022abd305da0323b703","name":"Justyna Zacharek","image":{"@type":"ImageObject","inLanguage":"de","@id":"https:\/\/secure.gravatar.com\/avatar\/7be193626a4fb4d6a7d53a7686c3bbf938efff653c427e0182457b838e9d2c3b?s=96&d=retro&r=g","url":"https:\/\/secure.gravatar.com\/avatar\/7be193626a4fb4d6a7d53a7686c3bbf938efff653c427e0182457b838e9d2c3b?s=96&d=retro&r=g","contentUrl":"https:\/\/secure.gravatar.com\/avatar\/7be193626a4fb4d6a7d53a7686c3bbf938efff653c427e0182457b838e9d2c3b?s=96&d=retro&r=g","caption":"Justyna Zacharek"},"url":"https:\/\/www.lichen.pl\/de\/author\/justyna\/"}]}},"_links":{"self":[{"href":"https:\/\/www.lichen.pl\/de\/wp-json\/wp\/v2\/posts\/55187","targetHints":{"allow":["GET"]}}],"collection":[{"href":"https:\/\/www.lichen.pl\/de\/wp-json\/wp\/v2\/posts"}],"about":[{"href":"https:\/\/www.lichen.pl\/de\/wp-json\/wp\/v2\/types\/post"}],"author":[{"embeddable":true,"href":"https:\/\/www.lichen.pl\/de\/wp-json\/wp\/v2\/users\/5"}],"replies":[{"embeddable":true,"href":"https:\/\/www.lichen.pl\/de\/wp-json\/wp\/v2\/comments?post=55187"}],"version-history":[{"count":4,"href":"https:\/\/www.lichen.pl\/de\/wp-json\/wp\/v2\/posts\/55187\/revisions"}],"predecessor-version":[{"id":55198,"href":"https:\/\/www.lichen.pl\/de\/wp-json\/wp\/v2\/posts\/55187\/revisions\/55198"}],"wp:featuredmedia":[{"embeddable":true,"href":"https:\/\/www.lichen.pl\/de\/wp-json\/wp\/v2\/media\/55038"}],"wp:attachment":[{"href":"https:\/\/www.lichen.pl\/de\/wp-json\/wp\/v2\/media?parent=55187"}],"wp:term":[{"taxonomy":"category","embeddable":true,"href":"https:\/\/www.lichen.pl\/de\/wp-json\/wp\/v2\/categories?post=55187"},{"taxonomy":"post_tag","embeddable":true,"href":"https:\/\/www.lichen.pl\/de\/wp-json\/wp\/v2\/tags?post=55187"}],"curies":[{"name":"wp","href":"https:\/\/api.w.org\/{rel}","templated":true}]}}