{"id":56696,"date":"2023-07-10T17:47:40","date_gmt":"2023-07-10T15:47:40","guid":{"rendered":"https:\/\/www.lichen.pl\/?p=56696"},"modified":"2023-08-05T16:12:02","modified_gmt":"2023-08-05T14:12:02","slug":"koncert-malgorzaty-klorek","status":"publish","type":"post","link":"https:\/\/www.lichen.pl\/de\/koncert-malgorzaty-klorek\/","title":{"rendered":"Koncert Ma\u0142gorzaty Klorek &#8211; Festiwal &#8220;Basilica sonans&#8221;"},"content":{"rendered":"<div data-elementor-type=\"wp-post\" data-elementor-id=\"56696\" class=\"elementor elementor-56696\" data-elementor-post-type=\"post\">\n\t\t\t\t\t\t<section class=\"elementor-section elementor-top-section elementor-element elementor-element-1452311 elementor-section-boxed elementor-section-height-default elementor-section-height-default\" data-id=\"1452311\" data-element_type=\"section\" data-e-type=\"section\">\n\t\t\t\t\t\t<div class=\"elementor-container elementor-column-gap-default\">\n\t\t\t\t\t<div class=\"elementor-column elementor-col-100 elementor-top-column elementor-element elementor-element-b26a7de\" data-id=\"b26a7de\" data-element_type=\"column\" data-e-type=\"column\">\n\t\t\t<div class=\"elementor-widget-wrap elementor-element-populated\">\n\t\t\t\t\t\t<div class=\"elementor-element elementor-element-a85211a elementor-widget elementor-widget-heading\" data-id=\"a85211a\" data-element_type=\"widget\" data-e-type=\"widget\" data-widget_type=\"heading.default\">\n\t\t\t\t<div class=\"elementor-widget-container\">\n\t\t\t\t\t<h2 class=\"elementor-heading-title elementor-size-default\">Utwory Alexandra Guilmant, Fryderyka Chopina, Louisa Vierne'a czy Feliksa Nowowiejskiego mog\u0142y us\u0142ysze\u0107 osoby, kt\u00f3re przyby\u0142y na trzeci z koncert\u00f3w tegorocznego festiwalu. Wykonawczyni\u0105 recitalu by\u0142a Ma\u0142gorzata Klorek.<\/h2>\t\t\t\t<\/div>\n\t\t\t\t<\/div>\n\t\t\t\t<div class=\"elementor-element elementor-element-9690739 elementor-widget elementor-widget-image-gallery\" data-id=\"9690739\" data-element_type=\"widget\" data-e-type=\"widget\" data-widget_type=\"image-gallery.default\">\n\t\t\t\t<div class=\"elementor-widget-container\">\n\t\t\t\t\t\t\t<div class=\"elementor-image-gallery\">\n\t\t\t<div id='gallery-1' class='gallery galleryid-56696 gallery-columns-6 gallery-size-thumbnail'><figure class='gallery-item'>\n\t\t\t<div class='gallery-icon portrait'>\n\t\t\t\t<a data-elementor-open-lightbox=\"yes\" data-elementor-lightbox-slideshow=\"9690739\" data-elementor-lightbox-title=\"Koncert Ma\u0142gorzaty Klorek\" data-e-action-hash=\"#elementor-action%3Aaction%3Dlightbox%26settings%3DeyJpZCI6NTY3MTEsInVybCI6Imh0dHBzOlwvXC93d3cubGljaGVuLnBsXC93cC1jb250ZW50XC91cGxvYWRzXC8yMDIzXC8wOFwvS29uY2VydC1NYWxnb3J6YXR5LUtsb3Jlay5qcGciLCJzbGlkZXNob3ciOiI5NjkwNzM5In0%3D\" href='https:\/\/www.lichen.pl\/wp-content\/uploads\/2023\/08\/Koncert-Malgorzaty-Klorek.jpg'><img decoding=\"async\" width=\"150\" height=\"150\" src=\"https:\/\/www.lichen.pl\/wp-content\/uploads\/2023\/08\/Koncert-Malgorzaty-Klorek-150x150.jpg\" class=\"attachment-thumbnail size-thumbnail\" alt=\"\" srcset=\"https:\/\/www.lichen.pl\/wp-content\/uploads\/2023\/08\/Koncert-Malgorzaty-Klorek-150x150.jpg 150w, https:\/\/www.lichen.pl\/wp-content\/uploads\/2023\/08\/Koncert-Malgorzaty-Klorek-300x300.jpg 300w\" sizes=\"(max-width: 150px) 100vw, 150px\" \/><\/a>\n\t\t\t<\/div><\/figure><figure class='gallery-item'>\n\t\t\t<div class='gallery-icon portrait'>\n\t\t\t\t<a data-elementor-open-lightbox=\"yes\" data-elementor-lightbox-slideshow=\"9690739\" data-elementor-lightbox-title=\"Koncert Ma\u0142gorzaty Klorek13\" data-e-action-hash=\"#elementor-action%3Aaction%3Dlightbox%26settings%3DeyJpZCI6NTY2OTcsInVybCI6Imh0dHBzOlwvXC93d3cubGljaGVuLnBsXC93cC1jb250ZW50XC91cGxvYWRzXC8yMDIzXC8wOFwvS29uY2VydC1NYWxnb3J6YXR5LUtsb3JlazEzLmpwZyIsInNsaWRlc2hvdyI6Ijk2OTA3MzkifQ%3D%3D\" href='https:\/\/www.lichen.pl\/wp-content\/uploads\/2023\/08\/Koncert-Malgorzaty-Klorek13.jpg'><img decoding=\"async\" width=\"150\" height=\"150\" src=\"https:\/\/www.lichen.pl\/wp-content\/uploads\/2023\/08\/Koncert-Malgorzaty-Klorek13-150x150.jpg\" class=\"attachment-thumbnail size-thumbnail\" alt=\"\" srcset=\"https:\/\/www.lichen.pl\/wp-content\/uploads\/2023\/08\/Koncert-Malgorzaty-Klorek13-150x150.jpg 150w, https:\/\/www.lichen.pl\/wp-content\/uploads\/2023\/08\/Koncert-Malgorzaty-Klorek13-300x300.jpg 300w\" sizes=\"(max-width: 150px) 100vw, 150px\" \/><\/a>\n\t\t\t<\/div><\/figure><figure class='gallery-item'>\n\t\t\t<div class='gallery-icon portrait'>\n\t\t\t\t<a data-elementor-open-lightbox=\"yes\" data-elementor-lightbox-slideshow=\"9690739\" data-elementor-lightbox-title=\"Koncert Ma\u0142gorzaty Klorek 11\" data-e-action-hash=\"#elementor-action%3Aaction%3Dlightbox%26settings%3DeyJpZCI6NTY3MDAsInVybCI6Imh0dHBzOlwvXC93d3cubGljaGVuLnBsXC93cC1jb250ZW50XC91cGxvYWRzXC8yMDIzXC8wOFwvS29uY2VydC1NYWxnb3J6YXR5LUtsb3Jlay0xMS5qcGciLCJzbGlkZXNob3ciOiI5NjkwNzM5In0%3D\" href='https:\/\/www.lichen.pl\/wp-content\/uploads\/2023\/08\/Koncert-Malgorzaty-Klorek-11.jpg'><img decoding=\"async\" width=\"150\" height=\"150\" src=\"https:\/\/www.lichen.pl\/wp-content\/uploads\/2023\/08\/Koncert-Malgorzaty-Klorek-11-150x150.jpg\" class=\"attachment-thumbnail size-thumbnail\" alt=\"\" srcset=\"https:\/\/www.lichen.pl\/wp-content\/uploads\/2023\/08\/Koncert-Malgorzaty-Klorek-11-150x150.jpg 150w, https:\/\/www.lichen.pl\/wp-content\/uploads\/2023\/08\/Koncert-Malgorzaty-Klorek-11-300x300.jpg 300w\" sizes=\"(max-width: 150px) 100vw, 150px\" \/><\/a>\n\t\t\t<\/div><\/figure><figure class='gallery-item'>\n\t\t\t<div class='gallery-icon landscape'>\n\t\t\t\t<a data-elementor-open-lightbox=\"yes\" data-elementor-lightbox-slideshow=\"9690739\" data-elementor-lightbox-title=\"Koncert Ma\u0142gorzaty Klorek10\" data-e-action-hash=\"#elementor-action%3Aaction%3Dlightbox%26settings%3DeyJpZCI6NTY3MDEsInVybCI6Imh0dHBzOlwvXC93d3cubGljaGVuLnBsXC93cC1jb250ZW50XC91cGxvYWRzXC8yMDIzXC8wOFwvS29uY2VydC1NYWxnb3J6YXR5LUtsb3JlazEwLmpwZyIsInNsaWRlc2hvdyI6Ijk2OTA3MzkifQ%3D%3D\" href='https:\/\/www.lichen.pl\/wp-content\/uploads\/2023\/08\/Koncert-Malgorzaty-Klorek10.jpg'><img loading=\"lazy\" decoding=\"async\" width=\"150\" height=\"150\" src=\"https:\/\/www.lichen.pl\/wp-content\/uploads\/2023\/08\/Koncert-Malgorzaty-Klorek10-150x150.jpg\" class=\"attachment-thumbnail size-thumbnail\" alt=\"\" srcset=\"https:\/\/www.lichen.pl\/wp-content\/uploads\/2023\/08\/Koncert-Malgorzaty-Klorek10-150x150.jpg 150w, https:\/\/www.lichen.pl\/wp-content\/uploads\/2023\/08\/Koncert-Malgorzaty-Klorek10-300x300.jpg 300w\" sizes=\"(max-width: 150px) 100vw, 150px\" \/><\/a>\n\t\t\t<\/div><\/figure><figure class='gallery-item'>\n\t\t\t<div class='gallery-icon landscape'>\n\t\t\t\t<a data-elementor-open-lightbox=\"yes\" data-elementor-lightbox-slideshow=\"9690739\" data-elementor-lightbox-title=\"Koncert Ma\u0142gorzaty Klorek 9\" data-e-action-hash=\"#elementor-action%3Aaction%3Dlightbox%26settings%3DeyJpZCI6NTY3MDIsInVybCI6Imh0dHBzOlwvXC93d3cubGljaGVuLnBsXC93cC1jb250ZW50XC91cGxvYWRzXC8yMDIzXC8wOFwvS29uY2VydC1NYWxnb3J6YXR5LUtsb3Jlay05LmpwZyIsInNsaWRlc2hvdyI6Ijk2OTA3MzkifQ%3D%3D\" href='https:\/\/www.lichen.pl\/wp-content\/uploads\/2023\/08\/Koncert-Malgorzaty-Klorek-9.jpg'><img loading=\"lazy\" decoding=\"async\" width=\"150\" height=\"150\" src=\"https:\/\/www.lichen.pl\/wp-content\/uploads\/2023\/08\/Koncert-Malgorzaty-Klorek-9-150x150.jpg\" class=\"attachment-thumbnail size-thumbnail\" alt=\"\" srcset=\"https:\/\/www.lichen.pl\/wp-content\/uploads\/2023\/08\/Koncert-Malgorzaty-Klorek-9-150x150.jpg 150w, https:\/\/www.lichen.pl\/wp-content\/uploads\/2023\/08\/Koncert-Malgorzaty-Klorek-9-300x300.jpg 300w\" sizes=\"(max-width: 150px) 100vw, 150px\" \/><\/a>\n\t\t\t<\/div><\/figure><figure class='gallery-item'>\n\t\t\t<div class='gallery-icon portrait'>\n\t\t\t\t<a data-elementor-open-lightbox=\"yes\" data-elementor-lightbox-slideshow=\"9690739\" data-elementor-lightbox-title=\"Koncert Ma\u0142gorzaty Klorek 6\" data-e-action-hash=\"#elementor-action%3Aaction%3Dlightbox%26settings%3DeyJpZCI6NTY3MDUsInVybCI6Imh0dHBzOlwvXC93d3cubGljaGVuLnBsXC93cC1jb250ZW50XC91cGxvYWRzXC8yMDIzXC8wOFwvS29uY2VydC1NYWxnb3J6YXR5LUtsb3Jlay02LmpwZyIsInNsaWRlc2hvdyI6Ijk2OTA3MzkifQ%3D%3D\" href='https:\/\/www.lichen.pl\/wp-content\/uploads\/2023\/08\/Koncert-Malgorzaty-Klorek-6.jpg'><img loading=\"lazy\" decoding=\"async\" width=\"150\" height=\"150\" src=\"https:\/\/www.lichen.pl\/wp-content\/uploads\/2023\/08\/Koncert-Malgorzaty-Klorek-6-150x150.jpg\" class=\"attachment-thumbnail size-thumbnail\" alt=\"\" srcset=\"https:\/\/www.lichen.pl\/wp-content\/uploads\/2023\/08\/Koncert-Malgorzaty-Klorek-6-150x150.jpg 150w, https:\/\/www.lichen.pl\/wp-content\/uploads\/2023\/08\/Koncert-Malgorzaty-Klorek-6-300x300.jpg 300w\" sizes=\"(max-width: 150px) 100vw, 150px\" \/><\/a>\n\t\t\t<\/div><\/figure><figure class='gallery-item'>\n\t\t\t<div class='gallery-icon landscape'>\n\t\t\t\t<a data-elementor-open-lightbox=\"yes\" data-elementor-lightbox-slideshow=\"9690739\" data-elementor-lightbox-title=\"Koncert Ma\u0142gorzaty Klorek 8\" data-e-action-hash=\"#elementor-action%3Aaction%3Dlightbox%26settings%3DeyJpZCI6NTY3MDMsInVybCI6Imh0dHBzOlwvXC93d3cubGljaGVuLnBsXC93cC1jb250ZW50XC91cGxvYWRzXC8yMDIzXC8wOFwvS29uY2VydC1NYWxnb3J6YXR5LUtsb3Jlay04LmpwZyIsInNsaWRlc2hvdyI6Ijk2OTA3MzkifQ%3D%3D\" href='https:\/\/www.lichen.pl\/wp-content\/uploads\/2023\/08\/Koncert-Malgorzaty-Klorek-8.jpg'><img loading=\"lazy\" decoding=\"async\" width=\"150\" height=\"150\" src=\"https:\/\/www.lichen.pl\/wp-content\/uploads\/2023\/08\/Koncert-Malgorzaty-Klorek-8-150x150.jpg\" class=\"attachment-thumbnail size-thumbnail\" alt=\"\" srcset=\"https:\/\/www.lichen.pl\/wp-content\/uploads\/2023\/08\/Koncert-Malgorzaty-Klorek-8-150x150.jpg 150w, https:\/\/www.lichen.pl\/wp-content\/uploads\/2023\/08\/Koncert-Malgorzaty-Klorek-8-300x300.jpg 300w\" sizes=\"(max-width: 150px) 100vw, 150px\" \/><\/a>\n\t\t\t<\/div><\/figure><figure class='gallery-item'>\n\t\t\t<div class='gallery-icon portrait'>\n\t\t\t\t<a data-elementor-open-lightbox=\"yes\" data-elementor-lightbox-slideshow=\"9690739\" data-elementor-lightbox-title=\"Koncert Ma\u0142gorzaty Klorek 4\" data-e-action-hash=\"#elementor-action%3Aaction%3Dlightbox%26settings%3DeyJpZCI6NTY3MDcsInVybCI6Imh0dHBzOlwvXC93d3cubGljaGVuLnBsXC93cC1jb250ZW50XC91cGxvYWRzXC8yMDIzXC8wOFwvS29uY2VydC1NYWxnb3J6YXR5LUtsb3Jlay00LmpwZyIsInNsaWRlc2hvdyI6Ijk2OTA3MzkifQ%3D%3D\" href='https:\/\/www.lichen.pl\/wp-content\/uploads\/2023\/08\/Koncert-Malgorzaty-Klorek-4.jpg'><img loading=\"lazy\" decoding=\"async\" width=\"150\" height=\"150\" src=\"https:\/\/www.lichen.pl\/wp-content\/uploads\/2023\/08\/Koncert-Malgorzaty-Klorek-4-150x150.jpg\" class=\"attachment-thumbnail size-thumbnail\" alt=\"\" srcset=\"https:\/\/www.lichen.pl\/wp-content\/uploads\/2023\/08\/Koncert-Malgorzaty-Klorek-4-150x150.jpg 150w, https:\/\/www.lichen.pl\/wp-content\/uploads\/2023\/08\/Koncert-Malgorzaty-Klorek-4-300x300.jpg 300w\" sizes=\"(max-width: 150px) 100vw, 150px\" \/><\/a>\n\t\t\t<\/div><\/figure><figure class='gallery-item'>\n\t\t\t<div class='gallery-icon landscape'>\n\t\t\t\t<a data-elementor-open-lightbox=\"yes\" data-elementor-lightbox-slideshow=\"9690739\" data-elementor-lightbox-title=\"Koncert Ma\u0142gorzaty Klorek 5\" data-e-action-hash=\"#elementor-action%3Aaction%3Dlightbox%26settings%3DeyJpZCI6NTY3MDYsInVybCI6Imh0dHBzOlwvXC93d3cubGljaGVuLnBsXC93cC1jb250ZW50XC91cGxvYWRzXC8yMDIzXC8wOFwvS29uY2VydC1NYWxnb3J6YXR5LUtsb3Jlay01LmpwZyIsInNsaWRlc2hvdyI6Ijk2OTA3MzkifQ%3D%3D\" href='https:\/\/www.lichen.pl\/wp-content\/uploads\/2023\/08\/Koncert-Malgorzaty-Klorek-5.jpg'><img loading=\"lazy\" decoding=\"async\" width=\"150\" height=\"150\" src=\"https:\/\/www.lichen.pl\/wp-content\/uploads\/2023\/08\/Koncert-Malgorzaty-Klorek-5-150x150.jpg\" class=\"attachment-thumbnail size-thumbnail\" alt=\"\" srcset=\"https:\/\/www.lichen.pl\/wp-content\/uploads\/2023\/08\/Koncert-Malgorzaty-Klorek-5-150x150.jpg 150w, https:\/\/www.lichen.pl\/wp-content\/uploads\/2023\/08\/Koncert-Malgorzaty-Klorek-5-300x300.jpg 300w\" sizes=\"(max-width: 150px) 100vw, 150px\" \/><\/a>\n\t\t\t<\/div><\/figure><figure class='gallery-item'>\n\t\t\t<div class='gallery-icon portrait'>\n\t\t\t\t<a data-elementor-open-lightbox=\"yes\" data-elementor-lightbox-slideshow=\"9690739\" data-elementor-lightbox-title=\"Koncert Ma\u0142gorzaty Klorek 3\" data-e-action-hash=\"#elementor-action%3Aaction%3Dlightbox%26settings%3DeyJpZCI6NTY3MDgsInVybCI6Imh0dHBzOlwvXC93d3cubGljaGVuLnBsXC93cC1jb250ZW50XC91cGxvYWRzXC8yMDIzXC8wOFwvS29uY2VydC1NYWxnb3J6YXR5LUtsb3Jlay0zLmpwZyIsInNsaWRlc2hvdyI6Ijk2OTA3MzkifQ%3D%3D\" href='https:\/\/www.lichen.pl\/wp-content\/uploads\/2023\/08\/Koncert-Malgorzaty-Klorek-3.jpg'><img loading=\"lazy\" decoding=\"async\" width=\"150\" height=\"150\" src=\"https:\/\/www.lichen.pl\/wp-content\/uploads\/2023\/08\/Koncert-Malgorzaty-Klorek-3-150x150.jpg\" class=\"attachment-thumbnail size-thumbnail\" alt=\"\" srcset=\"https:\/\/www.lichen.pl\/wp-content\/uploads\/2023\/08\/Koncert-Malgorzaty-Klorek-3-150x150.jpg 150w, https:\/\/www.lichen.pl\/wp-content\/uploads\/2023\/08\/Koncert-Malgorzaty-Klorek-3-300x300.jpg 300w\" sizes=\"(max-width: 150px) 100vw, 150px\" \/><\/a>\n\t\t\t<\/div><\/figure><figure class='gallery-item'>\n\t\t\t<div class='gallery-icon portrait'>\n\t\t\t\t<a data-elementor-open-lightbox=\"yes\" data-elementor-lightbox-slideshow=\"9690739\" data-elementor-lightbox-title=\"Koncert Ma\u0142gorzaty Klorek 2\" data-e-action-hash=\"#elementor-action%3Aaction%3Dlightbox%26settings%3DeyJpZCI6NTY3MDksInVybCI6Imh0dHBzOlwvXC93d3cubGljaGVuLnBsXC93cC1jb250ZW50XC91cGxvYWRzXC8yMDIzXC8wOFwvS29uY2VydC1NYWxnb3J6YXR5LUtsb3Jlay0yLmpwZyIsInNsaWRlc2hvdyI6Ijk2OTA3MzkifQ%3D%3D\" href='https:\/\/www.lichen.pl\/wp-content\/uploads\/2023\/08\/Koncert-Malgorzaty-Klorek-2.jpg'><img loading=\"lazy\" decoding=\"async\" width=\"150\" height=\"150\" src=\"https:\/\/www.lichen.pl\/wp-content\/uploads\/2023\/08\/Koncert-Malgorzaty-Klorek-2-150x150.jpg\" class=\"attachment-thumbnail size-thumbnail\" alt=\"\" srcset=\"https:\/\/www.lichen.pl\/wp-content\/uploads\/2023\/08\/Koncert-Malgorzaty-Klorek-2-150x150.jpg 150w, https:\/\/www.lichen.pl\/wp-content\/uploads\/2023\/08\/Koncert-Malgorzaty-Klorek-2-300x300.jpg 300w\" sizes=\"(max-width: 150px) 100vw, 150px\" \/><\/a>\n\t\t\t<\/div><\/figure><figure class='gallery-item'>\n\t\t\t<div class='gallery-icon portrait'>\n\t\t\t\t<a data-elementor-open-lightbox=\"yes\" data-elementor-lightbox-slideshow=\"9690739\" data-elementor-lightbox-title=\"Koncert Ma\u0142gorzaty Klorek 1\" data-e-action-hash=\"#elementor-action%3Aaction%3Dlightbox%26settings%3DeyJpZCI6NTY3MTAsInVybCI6Imh0dHBzOlwvXC93d3cubGljaGVuLnBsXC93cC1jb250ZW50XC91cGxvYWRzXC8yMDIzXC8wOFwvS29uY2VydC1NYWxnb3J6YXR5LUtsb3Jlay0xLmpwZyIsInNsaWRlc2hvdyI6Ijk2OTA3MzkifQ%3D%3D\" href='https:\/\/www.lichen.pl\/wp-content\/uploads\/2023\/08\/Koncert-Malgorzaty-Klorek-1.jpg'><img loading=\"lazy\" decoding=\"async\" width=\"150\" height=\"150\" src=\"https:\/\/www.lichen.pl\/wp-content\/uploads\/2023\/08\/Koncert-Malgorzaty-Klorek-1-150x150.jpg\" class=\"attachment-thumbnail size-thumbnail\" alt=\"\" srcset=\"https:\/\/www.lichen.pl\/wp-content\/uploads\/2023\/08\/Koncert-Malgorzaty-Klorek-1-150x150.jpg 150w, https:\/\/www.lichen.pl\/wp-content\/uploads\/2023\/08\/Koncert-Malgorzaty-Klorek-1-300x300.jpg 300w\" sizes=\"(max-width: 150px) 100vw, 150px\" \/><\/a>\n\t\t\t<\/div><\/figure>\n\t\t<\/div>\n\t\t<\/div>\n\t\t\t\t\t\t<\/div>\n\t\t\t\t<\/div>\n\t\t\t\t<div class=\"elementor-element elementor-element-30117c6 elementor-widget elementor-widget-text-editor\" data-id=\"30117c6\" data-element_type=\"widget\" data-e-type=\"widget\" data-widget_type=\"text-editor.default\">\n\t\t\t\t<div class=\"elementor-widget-container\">\n\t\t\t\t\t\t\t\t\t<p>MA\u0141GORZATA KLOREK uko\u0144czy\u0142a studia muzyczne na wydzia\u0142ach Wychowania Muzycznego oraz Instrumentalnym Akademii Muzycznej w Poznaniu. Studiowa\u0142a gr\u0119 organow\u0105 pod kierunkiem prof. Romualda Sroczy\u0144skiego. Swoje umiej\u0119tno\u015bci doskonali\u0142a na mistrzowskich kursach organowych w kraju i za granic\u0105. Od wielu lat organizuje Kurs Interpretacji Muzyki Organowej w Szczecinie dla uczni\u00f3w szk\u00f3\u0142 gimnazjalnych i \u015brednich pod kierunkiem prof. Andrzeja Chorosi\u0144skiego i Kurs Improwizacji Organowej pod kierunkiem prof. Tomasza Adama Nowaka (Niemcy), w ramach Festiwalu Muzycznego im. Carla Loewe. Prowadzi klas\u0119 organ\u00f3w w Zespole Pa\u0144stwowych Szk\u00f3\u0142 Muzycznych im. Feliksa Nowowiejskiego w Szczecinie. Jest animatorem i dyrektorem artystycznym licznych Mi\u0119dzynarodowych Festiwali Organowych. Prowadzi o\u017cywion\u0105 dzia\u0142alno\u015b\u0107 koncertow\u0105 w kraju i za granic\u0105. Posiada w swoim dorobku nagrania radiowe, telewizyjne oraz p\u0142ytowe.<\/p>\t\t\t\t\t\t\t\t<\/div>\n\t\t\t\t<\/div>\n\t\t\t\t<div class=\"elementor-element elementor-element-caa5ba3 elementor-widget elementor-widget-text-editor\" data-id=\"caa5ba3\" data-element_type=\"widget\" data-e-type=\"widget\" data-widget_type=\"text-editor.default\">\n\t\t\t\t<div class=\"elementor-widget-container\">\n\t\t\t\t\t\t\t\t\t<p><strong>Patroni V Mi\u0119dzynarodowego Liche\u0144skiego Festiwalu Muzyki Organowej \u201cBasilica Sonans\u201d\u00a0<\/strong><\/p>\t\t\t\t\t\t\t\t<\/div>\n\t\t\t\t<\/div>\n\t\t\t\t<div class=\"elementor-element elementor-element-07daedb elementor-skin-carousel elementor-arrows-yes elementor-pagination-type-bullets elementor-pagination-position-outside elementor-widget elementor-widget-media-carousel\" data-id=\"07daedb\" data-element_type=\"widget\" data-e-type=\"widget\" data-settings=\"{&quot;slides_per_view&quot;:&quot;3&quot;,&quot;speed&quot;:300,&quot;skin&quot;:&quot;carousel&quot;,&quot;effect&quot;:&quot;slide&quot;,&quot;show_arrows&quot;:&quot;yes&quot;,&quot;pagination&quot;:&quot;bullets&quot;,&quot;autoplay&quot;:&quot;yes&quot;,&quot;autoplay_speed&quot;:5000,&quot;loop&quot;:&quot;yes&quot;,&quot;pause_on_hover&quot;:&quot;yes&quot;,&quot;pause_on_interaction&quot;:&quot;yes&quot;,&quot;space_between&quot;:{&quot;unit&quot;:&quot;px&quot;,&quot;size&quot;:10,&quot;sizes&quot;:[]},&quot;space_between_tablet&quot;:{&quot;unit&quot;:&quot;px&quot;,&quot;size&quot;:10,&quot;sizes&quot;:[]},&quot;space_between_mobile&quot;:{&quot;unit&quot;:&quot;px&quot;,&quot;size&quot;:10,&quot;sizes&quot;:[]}}\" data-widget_type=\"media-carousel.default\">\n\t\t\t\t<div class=\"elementor-widget-container\">\n\t\t\t\t\t\t\t\t\t<div class=\"elementor-swiper\">\n\t\t\t\t\t<div class=\"elementor-main-swiper swiper\" role=\"region\" aria-roledescription=\"carousel\" aria-label=\"Slider\">\n\t\t\t\t<div class=\"swiper-wrapper\">\n\t\t\t\t\t\t\t\t\t\t\t<div class=\"swiper-slide\" role=\"group\" aria-roledescription=\"slide\">\n\t\t\t\t\t\t\t<a href=\"https:\/\/www.diecezja.wloclawek.pl\/\">\t\t<div class=\"elementor-carousel-image\" role=\"img\" aria-label=\"Patronat Biskup W\u0142oc\u0142awki\" style=\"background-image: url(&#039;https:\/\/www.lichen.pl\/wp-content\/uploads\/2023\/05\/Patronat-Biskup-Wloclawki-300x251.jpg&#039;)\">\n\n\t\t\t\n\t\t\t\t\t<\/div>\n\t\t<\/a>\t\t\t\t\t\t<\/div>\n\t\t\t\t\t\t\t\t\t\t\t<div class=\"swiper-slide\" role=\"group\" aria-roledescription=\"slide\">\n\t\t\t\t\t\t\t<a href=\"https:\/\/www.ekai.pl\/\">\t\t<div class=\"elementor-carousel-image\" role=\"img\" aria-label=\"Patronat KAI\" style=\"background-image: url(&#039;https:\/\/www.lichen.pl\/wp-content\/uploads\/2023\/05\/Patronat-KAI-300x251.jpg&#039;)\">\n\n\t\t\t\n\t\t\t\t\t<\/div>\n\t\t<\/a>\t\t\t\t\t\t<\/div>\n\t\t\t\t\t\t\t\t\t\t\t<div class=\"swiper-slide\" role=\"group\" aria-roledescription=\"slide\">\n\t\t\t\t\t\t\t<a href=\"https:\/\/poznan.tvp.pl\/\">\t\t<div class=\"elementor-carousel-image\" role=\"img\" aria-label=\"Patronat TVP3 Pozna\u0144\" style=\"background-image: url(&#039;https:\/\/www.lichen.pl\/wp-content\/uploads\/2023\/05\/Patronat-TVP3-Poznan-300x251.jpg&#039;)\">\n\n\t\t\t\n\t\t\t\t\t<\/div>\n\t\t<\/a>\t\t\t\t\t\t<\/div>\n\t\t\t\t\t\t\t\t\t\t\t<div class=\"swiper-slide\" role=\"group\" aria-roledescription=\"slide\">\n\t\t\t\t\t\t\t<a href=\"https:\/\/konin.fm\/\">\t\t<div class=\"elementor-carousel-image\" role=\"img\" aria-label=\"Patronat Konin FM\" style=\"background-image: url(&#039;https:\/\/www.lichen.pl\/wp-content\/uploads\/2023\/05\/Patronat-Konin-FM-300x251.jpg&#039;)\">\n\n\t\t\t\n\t\t\t\t\t<\/div>\n\t\t<\/a>\t\t\t\t\t\t<\/div>\n\t\t\t\t\t\t\t\t\t\t\t<div class=\"swiper-slide\" role=\"group\" aria-roledescription=\"slide\">\n\t\t\t\t\t\t\t<a href=\"http:\/\/idziemy.pl\/\">\t\t<div class=\"elementor-carousel-image\" role=\"img\" aria-label=\"Patronat Idziemy\" style=\"background-image: url(&#039;https:\/\/www.lichen.pl\/wp-content\/uploads\/2023\/05\/Patronat-Idziemy-300x251.jpg&#039;)\">\n\n\t\t\t\n\t\t\t\t\t<\/div>\n\t\t<\/a>\t\t\t\t\t\t<\/div>\n\t\t\t\t\t\t\t\t\t\t\t<div class=\"swiper-slide\" role=\"group\" aria-roledescription=\"slide\">\n\t\t\t\t\t\t\t<a href=\"https:\/\/www.facebook.com\/ladbozy\/\">\t\t<div class=\"elementor-carousel-image\" role=\"img\" aria-label=\"Patronat \u0141ad Bo\u017cy\" style=\"background-image: url(&#039;https:\/\/www.lichen.pl\/wp-content\/uploads\/2023\/05\/Patronat-Lad-Bozy-300x251.jpg&#039;)\">\n\n\t\t\t\n\t\t\t\t\t<\/div>\n\t\t<\/a>\t\t\t\t\t\t<\/div>\n\t\t\t\t\t\t\t\t\t\t\t<div class=\"swiper-slide\" role=\"group\" aria-roledescription=\"slide\">\n\t\t\t\t\t\t\t<a href=\"https:\/\/cameralmusic.pl\/\">\t\t<div class=\"elementor-carousel-image\" role=\"img\" aria-label=\"Basilica Sonans patronat\" style=\"background-image: url(&#039;https:\/\/www.lichen.pl\/wp-content\/uploads\/2023\/05\/Basilica-Sonans-3-300x251.jpg&#039;)\">\n\n\t\t\t\n\t\t\t\t\t<\/div>\n\t\t<\/a>\t\t\t\t\t\t<\/div>\n\t\t\t\t\t\t\t\t\t<\/div>\n\t\t\t\t\t\t\t\t\t\t\t\t\t\t\t<div class=\"elementor-swiper-button elementor-swiper-button-prev\" role=\"button\" tabindex=\"0\" aria-label=\"Voriger\">\n\t\t\t\t\t\t\t<i aria-hidden=\"true\" class=\"eicon-chevron-left\"><\/i>\t\t\t\t\t\t<\/div>\n\t\t\t\t\t\t<div class=\"elementor-swiper-button elementor-swiper-button-next\" role=\"button\" tabindex=\"0\" aria-label=\"N\u00e4chster\">\n\t\t\t\t\t\t\t<i aria-hidden=\"true\" class=\"eicon-chevron-right\"><\/i>\t\t\t\t\t\t<\/div>\n\t\t\t\t\t\t\t\t\t\t\t\t\t\t\t\t<div class=\"swiper-pagination\"><\/div>\n\t\t\t\t\t\t\t\t\t\t\t\t<\/div>\n\t\t\t\t<\/div>\n\t\t\t\t\t\t\t\t<\/div>\n\t\t\t\t<\/div>\n\t\t\t\t<section class=\"elementor-section elementor-inner-section elementor-element elementor-element-b2c270f elementor-section-boxed elementor-section-height-default elementor-section-height-default\" data-id=\"b2c270f\" data-element_type=\"section\" data-e-type=\"section\">\n\t\t\t\t\t\t<div class=\"elementor-container elementor-column-gap-default\">\n\t\t\t\t\t<div class=\"elementor-column elementor-col-50 elementor-inner-column elementor-element elementor-element-cab01d5\" data-id=\"cab01d5\" data-element_type=\"column\" data-e-type=\"column\">\n\t\t\t<div class=\"elementor-widget-wrap elementor-element-populated\">\n\t\t\t\t\t\t<div class=\"elementor-element elementor-element-96719bd elementor-widget elementor-widget-text-editor\" data-id=\"96719bd\" data-element_type=\"widget\" data-e-type=\"widget\" data-widget_type=\"text-editor.default\">\n\t\t\t\t<div class=\"elementor-widget-container\">\n\t\t\t\t\t\t\t\t\t<p><strong>ZAOBSERWUJ<br \/>Festiwal &#8220;Basilica Sonans&#8221; na Facebooku \ud83d\udc49<\/strong><\/p>\t\t\t\t\t\t\t\t<\/div>\n\t\t\t\t<\/div>\n\t\t\t\t\t<\/div>\n\t\t<\/div>\n\t\t\t\t<div class=\"elementor-column elementor-col-50 elementor-inner-column elementor-element elementor-element-4dfb6c2\" data-id=\"4dfb6c2\" data-element_type=\"column\" data-e-type=\"column\">\n\t\t\t<div class=\"elementor-widget-wrap elementor-element-populated\">\n\t\t\t\t\t\t<div class=\"elementor-element elementor-element-4953732 elementor-widget__width-inherit elementor-widget elementor-widget-facebook-page\" data-id=\"4953732\" data-element_type=\"widget\" data-e-type=\"widget\" data-widget_type=\"facebook-page.default\">\n\t\t\t\t<div class=\"elementor-widget-container\">\n\t\t\t\t\t<div class=\"elementor-facebook-widget fb-page\" data-href=\"https:\/\/www.facebook.com\/BasilicaSonans\" data-tabs=\"\" data-height=\"134px\" data-width=\"500px\" data-small-header=\"false\" data-hide-cover=\"false\" data-show-facepile=\"true\" data-hide-cta=\"false\" style=\"min-height: 1px;height:134px\"><\/div>\t\t\t\t<\/div>\n\t\t\t\t<\/div>\n\t\t\t\t\t<\/div>\n\t\t<\/div>\n\t\t\t\t\t<\/div>\n\t\t<\/section>\n\t\t\t\t\t<\/div>\n\t\t<\/div>\n\t\t\t\t\t<\/div>\n\t\t<\/section>\n\t\t\t\t<section class=\"elementor-section elementor-top-section elementor-element elementor-element-136dfce elementor-section-boxed elementor-section-height-default elementor-section-height-default\" data-id=\"136dfce\" data-element_type=\"section\" data-e-type=\"section\">\n\t\t\t\t\t\t<div class=\"elementor-container elementor-column-gap-default\">\n\t\t\t\t\t<div class=\"elementor-column elementor-col-100 elementor-top-column elementor-element elementor-element-fcdd444\" data-id=\"fcdd444\" data-element_type=\"column\" data-e-type=\"column\">\n\t\t\t<div class=\"elementor-widget-wrap\">\n\t\t\t\t\t\t\t<\/div>\n\t\t<\/div>\n\t\t\t\t\t<\/div>\n\t\t<\/section>\n\t\t\t\t<section class=\"elementor-section elementor-top-section elementor-element elementor-element-12d576c elementor-section-boxed elementor-section-height-default elementor-section-height-default\" data-id=\"12d576c\" data-element_type=\"section\" data-e-type=\"section\">\n\t\t\t\t\t\t<div class=\"elementor-container elementor-column-gap-default\">\n\t\t\t\t\t<div class=\"elementor-column elementor-col-100 elementor-top-column elementor-element elementor-element-98bd4ea\" data-id=\"98bd4ea\" data-element_type=\"column\" data-e-type=\"column\">\n\t\t\t<div class=\"elementor-widget-wrap\">\n\t\t\t\t\t\t\t<\/div>\n\t\t<\/div>\n\t\t\t\t\t<\/div>\n\t\t<\/section>\n\t\t\t\t<\/div>","protected":false},"excerpt":{"rendered":"<p>Utwory Alexandra Guilmant, Fryderyka Chopina, Louisa Vierne&#8217;a czy Feliksa Nowowiejskiego mog\u0142y us\u0142ysze\u0107 osoby, kt\u00f3re przyby\u0142y na trzeci z koncert\u00f3w tegorocznego festiwalu. Wykonawczyni\u0105 recitalu by\u0142a Ma\u0142gorzata Klorek. MA\u0141GORZATA KLOREK uko\u0144czy\u0142a studia muzyczne na wydzia\u0142ach Wychowania Muzycznego oraz Instrumentalnym Akademii Muzycznej w Poznaniu. Studiowa\u0142a gr\u0119 organow\u0105 pod kierunkiem prof. Romualda Sroczy\u0144skiego. Swoje umiej\u0119tno\u015bci doskonali\u0142a na mistrzowskich kursach [&hellip;]<\/p>\n","protected":false},"author":5,"featured_media":56813,"comment_status":"closed","ping_status":"closed","sticky":false,"template":"","format":"standard","meta":{"footnotes":""},"categories":[73],"tags":[],"class_list":["post-56696","post","type-post","status-publish","format-standard","has-post-thumbnail","hentry","category-relcaje-koncertow","wpbf-post"],"yoast_head":"<!-- This site is optimized with the Yoast SEO plugin v27.5 - https:\/\/yoast.com\/product\/yoast-seo-wordpress\/ -->\n<title>Koncert Ma\u0142gorzaty Klorek - Festiwal &quot;Basilica sonans&quot; - SANKTUARIUM W LICHENIU<\/title>\n<meta name=\"robots\" content=\"index, follow, max-snippet:-1, max-image-preview:large, max-video-preview:-1\" \/>\n<link rel=\"canonical\" href=\"https:\/\/www.lichen.pl\/de\/koncert-malgorzaty-klorek\/\" \/>\n<meta property=\"og:locale\" content=\"de_DE\" \/>\n<meta property=\"og:type\" content=\"article\" \/>\n<meta property=\"og:title\" content=\"Koncert Ma\u0142gorzaty Klorek - Festiwal &quot;Basilica sonans&quot; - SANKTUARIUM W LICHENIU\" \/>\n<meta property=\"og:description\" content=\"Utwory Alexandra Guilmant, Fryderyka Chopina, Louisa Vierne&#8217;a czy Feliksa Nowowiejskiego mog\u0142y us\u0142ysze\u0107 osoby, kt\u00f3re przyby\u0142y na trzeci z koncert\u00f3w tegorocznego festiwalu. Wykonawczyni\u0105 recitalu by\u0142a Ma\u0142gorzata Klorek. MA\u0141GORZATA KLOREK uko\u0144czy\u0142a studia muzyczne na wydzia\u0142ach Wychowania Muzycznego oraz Instrumentalnym Akademii Muzycznej w Poznaniu. Studiowa\u0142a gr\u0119 organow\u0105 pod kierunkiem prof. Romualda Sroczy\u0144skiego. Swoje umiej\u0119tno\u015bci doskonali\u0142a na mistrzowskich kursach [&hellip;]\" \/>\n<meta property=\"og:url\" content=\"https:\/\/www.lichen.pl\/de\/koncert-malgorzaty-klorek\/\" \/>\n<meta property=\"og:site_name\" content=\"SANKTUARIUM W LICHENIU\" \/>\n<meta property=\"article:published_time\" content=\"2023-07-10T15:47:40+00:00\" \/>\n<meta property=\"article:modified_time\" content=\"2023-08-05T14:12:02+00:00\" \/>\n<meta property=\"og:image\" content=\"https:\/\/www.lichen.pl\/wp-content\/uploads\/2023\/07\/Koncert-pani-Klorek.jpg\" \/>\n\t<meta property=\"og:image:width\" content=\"1365\" \/>\n\t<meta property=\"og:image:height\" content=\"912\" \/>\n\t<meta property=\"og:image:type\" content=\"image\/jpeg\" \/>\n<meta name=\"author\" content=\"Justyna Zacharek\" \/>\n<meta name=\"twitter:card\" content=\"summary_large_image\" \/>\n<meta name=\"twitter:label1\" content=\"Verfasst von\" \/>\n\t<meta name=\"twitter:data1\" content=\"Justyna Zacharek\" \/>\n\t<meta name=\"twitter:label2\" content=\"Gesch\u00e4tzte Lesezeit\" \/>\n\t<meta name=\"twitter:data2\" content=\"4\u00a0Minuten\" \/>\n<script type=\"application\/ld+json\" class=\"yoast-schema-graph\">{\"@context\":\"https:\\\/\\\/schema.org\",\"@graph\":[{\"@type\":\"Article\",\"@id\":\"https:\\\/\\\/www.lichen.pl\\\/koncert-malgorzaty-klorek\\\/#article\",\"isPartOf\":{\"@id\":\"https:\\\/\\\/www.lichen.pl\\\/koncert-malgorzaty-klorek\\\/\"},\"author\":{\"name\":\"Justyna Zacharek\",\"@id\":\"https:\\\/\\\/www.lichen.pl\\\/fr\\\/#\\\/schema\\\/person\\\/9f57a1408d363022abd305da0323b703\"},\"headline\":\"Koncert Ma\u0142gorzaty Klorek &#8211; Festiwal &#8220;Basilica sonans&#8221;\",\"datePublished\":\"2023-07-10T15:47:40+00:00\",\"dateModified\":\"2023-08-05T14:12:02+00:00\",\"mainEntityOfPage\":{\"@id\":\"https:\\\/\\\/www.lichen.pl\\\/koncert-malgorzaty-klorek\\\/\"},\"wordCount\":193,\"image\":{\"@id\":\"https:\\\/\\\/www.lichen.pl\\\/koncert-malgorzaty-klorek\\\/#primaryimage\"},\"thumbnailUrl\":\"https:\\\/\\\/www.lichen.pl\\\/wp-content\\\/uploads\\\/2023\\\/07\\\/Koncert-pani-Klorek-e1691244946926.jpg\",\"articleSection\":[\"Relcaje koncert\u00f3w\"],\"inLanguage\":\"de\"},{\"@type\":\"WebPage\",\"@id\":\"https:\\\/\\\/www.lichen.pl\\\/koncert-malgorzaty-klorek\\\/\",\"url\":\"https:\\\/\\\/www.lichen.pl\\\/koncert-malgorzaty-klorek\\\/\",\"name\":\"Koncert Ma\u0142gorzaty Klorek - Festiwal \\\"Basilica sonans\\\" - SANKTUARIUM W LICHENIU\",\"isPartOf\":{\"@id\":\"https:\\\/\\\/www.lichen.pl\\\/fr\\\/#website\"},\"primaryImageOfPage\":{\"@id\":\"https:\\\/\\\/www.lichen.pl\\\/koncert-malgorzaty-klorek\\\/#primaryimage\"},\"image\":{\"@id\":\"https:\\\/\\\/www.lichen.pl\\\/koncert-malgorzaty-klorek\\\/#primaryimage\"},\"thumbnailUrl\":\"https:\\\/\\\/www.lichen.pl\\\/wp-content\\\/uploads\\\/2023\\\/07\\\/Koncert-pani-Klorek-e1691244946926.jpg\",\"datePublished\":\"2023-07-10T15:47:40+00:00\",\"dateModified\":\"2023-08-05T14:12:02+00:00\",\"author\":{\"@id\":\"https:\\\/\\\/www.lichen.pl\\\/fr\\\/#\\\/schema\\\/person\\\/9f57a1408d363022abd305da0323b703\"},\"breadcrumb\":{\"@id\":\"https:\\\/\\\/www.lichen.pl\\\/koncert-malgorzaty-klorek\\\/#breadcrumb\"},\"inLanguage\":\"de\",\"potentialAction\":[{\"@type\":\"ReadAction\",\"target\":[\"https:\\\/\\\/www.lichen.pl\\\/koncert-malgorzaty-klorek\\\/\"]}]},{\"@type\":\"ImageObject\",\"inLanguage\":\"de\",\"@id\":\"https:\\\/\\\/www.lichen.pl\\\/koncert-malgorzaty-klorek\\\/#primaryimage\",\"url\":\"https:\\\/\\\/www.lichen.pl\\\/wp-content\\\/uploads\\\/2023\\\/07\\\/Koncert-pani-Klorek-e1691244946926.jpg\",\"contentUrl\":\"https:\\\/\\\/www.lichen.pl\\\/wp-content\\\/uploads\\\/2023\\\/07\\\/Koncert-pani-Klorek-e1691244946926.jpg\",\"width\":1364,\"height\":716},{\"@type\":\"BreadcrumbList\",\"@id\":\"https:\\\/\\\/www.lichen.pl\\\/koncert-malgorzaty-klorek\\\/#breadcrumb\",\"itemListElement\":[{\"@type\":\"ListItem\",\"position\":1,\"name\":\"Strona g\u0142\u00f3wna\",\"item\":\"https:\\\/\\\/www.lichen.pl\\\/\"},{\"@type\":\"ListItem\",\"position\":2,\"name\":\"Koncert Ma\u0142gorzaty Klorek &#8211; Festiwal &#8222;Basilica sonans&#8221;\"}]},{\"@type\":\"WebSite\",\"@id\":\"https:\\\/\\\/www.lichen.pl\\\/fr\\\/#website\",\"url\":\"https:\\\/\\\/www.lichen.pl\\\/fr\\\/\",\"name\":\"SANKTUARIUM W LICHENIU\",\"description\":\"MATKI BO\u017bEJ LICHE\u0143SKIEJ BOLESNEJ KR\u00d3LOWEJ POLSKI\",\"potentialAction\":[{\"@type\":\"SearchAction\",\"target\":{\"@type\":\"EntryPoint\",\"urlTemplate\":\"https:\\\/\\\/www.lichen.pl\\\/fr\\\/?s={search_term_string}\"},\"query-input\":{\"@type\":\"PropertyValueSpecification\",\"valueRequired\":true,\"valueName\":\"search_term_string\"}}],\"inLanguage\":\"de\"},{\"@type\":\"Person\",\"@id\":\"https:\\\/\\\/www.lichen.pl\\\/fr\\\/#\\\/schema\\\/person\\\/9f57a1408d363022abd305da0323b703\",\"name\":\"Justyna Zacharek\",\"image\":{\"@type\":\"ImageObject\",\"inLanguage\":\"de\",\"@id\":\"https:\\\/\\\/secure.gravatar.com\\\/avatar\\\/7be193626a4fb4d6a7d53a7686c3bbf938efff653c427e0182457b838e9d2c3b?s=96&d=retro&r=g\",\"url\":\"https:\\\/\\\/secure.gravatar.com\\\/avatar\\\/7be193626a4fb4d6a7d53a7686c3bbf938efff653c427e0182457b838e9d2c3b?s=96&d=retro&r=g\",\"contentUrl\":\"https:\\\/\\\/secure.gravatar.com\\\/avatar\\\/7be193626a4fb4d6a7d53a7686c3bbf938efff653c427e0182457b838e9d2c3b?s=96&d=retro&r=g\",\"caption\":\"Justyna Zacharek\"},\"url\":\"https:\\\/\\\/www.lichen.pl\\\/de\\\/author\\\/justyna\\\/\"}]}<\/script>\n<!-- \/ Yoast SEO plugin. -->","yoast_head_json":{"title":"Koncert Ma\u0142gorzaty Klorek - Festiwal \"Basilica sonans\" - SANKTUARIUM W LICHENIU","robots":{"index":"index","follow":"follow","max-snippet":"max-snippet:-1","max-image-preview":"max-image-preview:large","max-video-preview":"max-video-preview:-1"},"canonical":"https:\/\/www.lichen.pl\/de\/koncert-malgorzaty-klorek\/","og_locale":"de_DE","og_type":"article","og_title":"Koncert Ma\u0142gorzaty Klorek - Festiwal \"Basilica sonans\" - SANKTUARIUM W LICHENIU","og_description":"Utwory Alexandra Guilmant, Fryderyka Chopina, Louisa Vierne&#8217;a czy Feliksa Nowowiejskiego mog\u0142y us\u0142ysze\u0107 osoby, kt\u00f3re przyby\u0142y na trzeci z koncert\u00f3w tegorocznego festiwalu. Wykonawczyni\u0105 recitalu by\u0142a Ma\u0142gorzata Klorek. MA\u0141GORZATA KLOREK uko\u0144czy\u0142a studia muzyczne na wydzia\u0142ach Wychowania Muzycznego oraz Instrumentalnym Akademii Muzycznej w Poznaniu. Studiowa\u0142a gr\u0119 organow\u0105 pod kierunkiem prof. Romualda Sroczy\u0144skiego. Swoje umiej\u0119tno\u015bci doskonali\u0142a na mistrzowskich kursach [&hellip;]","og_url":"https:\/\/www.lichen.pl\/de\/koncert-malgorzaty-klorek\/","og_site_name":"SANKTUARIUM W LICHENIU","article_published_time":"2023-07-10T15:47:40+00:00","article_modified_time":"2023-08-05T14:12:02+00:00","og_image":[{"width":1365,"height":912,"url":"https:\/\/www.lichen.pl\/wp-content\/uploads\/2023\/07\/Koncert-pani-Klorek.jpg","type":"image\/jpeg"}],"author":"Justyna Zacharek","twitter_card":"summary_large_image","twitter_misc":{"Verfasst von":"Justyna Zacharek","Gesch\u00e4tzte Lesezeit":"4\u00a0Minuten"},"schema":{"@context":"https:\/\/schema.org","@graph":[{"@type":"Article","@id":"https:\/\/www.lichen.pl\/koncert-malgorzaty-klorek\/#article","isPartOf":{"@id":"https:\/\/www.lichen.pl\/koncert-malgorzaty-klorek\/"},"author":{"name":"Justyna Zacharek","@id":"https:\/\/www.lichen.pl\/fr\/#\/schema\/person\/9f57a1408d363022abd305da0323b703"},"headline":"Koncert Ma\u0142gorzaty Klorek &#8211; Festiwal &#8220;Basilica sonans&#8221;","datePublished":"2023-07-10T15:47:40+00:00","dateModified":"2023-08-05T14:12:02+00:00","mainEntityOfPage":{"@id":"https:\/\/www.lichen.pl\/koncert-malgorzaty-klorek\/"},"wordCount":193,"image":{"@id":"https:\/\/www.lichen.pl\/koncert-malgorzaty-klorek\/#primaryimage"},"thumbnailUrl":"https:\/\/www.lichen.pl\/wp-content\/uploads\/2023\/07\/Koncert-pani-Klorek-e1691244946926.jpg","articleSection":["Relcaje koncert\u00f3w"],"inLanguage":"de"},{"@type":"WebPage","@id":"https:\/\/www.lichen.pl\/koncert-malgorzaty-klorek\/","url":"https:\/\/www.lichen.pl\/koncert-malgorzaty-klorek\/","name":"Koncert Ma\u0142gorzaty Klorek - Festiwal \"Basilica sonans\" - SANKTUARIUM W LICHENIU","isPartOf":{"@id":"https:\/\/www.lichen.pl\/fr\/#website"},"primaryImageOfPage":{"@id":"https:\/\/www.lichen.pl\/koncert-malgorzaty-klorek\/#primaryimage"},"image":{"@id":"https:\/\/www.lichen.pl\/koncert-malgorzaty-klorek\/#primaryimage"},"thumbnailUrl":"https:\/\/www.lichen.pl\/wp-content\/uploads\/2023\/07\/Koncert-pani-Klorek-e1691244946926.jpg","datePublished":"2023-07-10T15:47:40+00:00","dateModified":"2023-08-05T14:12:02+00:00","author":{"@id":"https:\/\/www.lichen.pl\/fr\/#\/schema\/person\/9f57a1408d363022abd305da0323b703"},"breadcrumb":{"@id":"https:\/\/www.lichen.pl\/koncert-malgorzaty-klorek\/#breadcrumb"},"inLanguage":"de","potentialAction":[{"@type":"ReadAction","target":["https:\/\/www.lichen.pl\/koncert-malgorzaty-klorek\/"]}]},{"@type":"ImageObject","inLanguage":"de","@id":"https:\/\/www.lichen.pl\/koncert-malgorzaty-klorek\/#primaryimage","url":"https:\/\/www.lichen.pl\/wp-content\/uploads\/2023\/07\/Koncert-pani-Klorek-e1691244946926.jpg","contentUrl":"https:\/\/www.lichen.pl\/wp-content\/uploads\/2023\/07\/Koncert-pani-Klorek-e1691244946926.jpg","width":1364,"height":716},{"@type":"BreadcrumbList","@id":"https:\/\/www.lichen.pl\/koncert-malgorzaty-klorek\/#breadcrumb","itemListElement":[{"@type":"ListItem","position":1,"name":"Strona g\u0142\u00f3wna","item":"https:\/\/www.lichen.pl\/"},{"@type":"ListItem","position":2,"name":"Koncert Ma\u0142gorzaty Klorek &#8211; Festiwal &#8222;Basilica sonans&#8221;"}]},{"@type":"WebSite","@id":"https:\/\/www.lichen.pl\/fr\/#website","url":"https:\/\/www.lichen.pl\/fr\/","name":"HEILIGTUM IN LICHENIEN","description":"DIE TRAURIGE K\u00d6NIGIN UNSERER FLECHEN VON POLEN","potentialAction":[{"@type":"SearchAction","target":{"@type":"EntryPoint","urlTemplate":"https:\/\/www.lichen.pl\/fr\/?s={search_term_string}"},"query-input":{"@type":"PropertyValueSpecification","valueRequired":true,"valueName":"search_term_string"}}],"inLanguage":"de"},{"@type":"Person","@id":"https:\/\/www.lichen.pl\/fr\/#\/schema\/person\/9f57a1408d363022abd305da0323b703","name":"Justyna Zacharek","image":{"@type":"ImageObject","inLanguage":"de","@id":"https:\/\/secure.gravatar.com\/avatar\/7be193626a4fb4d6a7d53a7686c3bbf938efff653c427e0182457b838e9d2c3b?s=96&d=retro&r=g","url":"https:\/\/secure.gravatar.com\/avatar\/7be193626a4fb4d6a7d53a7686c3bbf938efff653c427e0182457b838e9d2c3b?s=96&d=retro&r=g","contentUrl":"https:\/\/secure.gravatar.com\/avatar\/7be193626a4fb4d6a7d53a7686c3bbf938efff653c427e0182457b838e9d2c3b?s=96&d=retro&r=g","caption":"Justyna Zacharek"},"url":"https:\/\/www.lichen.pl\/de\/author\/justyna\/"}]}},"_links":{"self":[{"href":"https:\/\/www.lichen.pl\/de\/wp-json\/wp\/v2\/posts\/56696","targetHints":{"allow":["GET"]}}],"collection":[{"href":"https:\/\/www.lichen.pl\/de\/wp-json\/wp\/v2\/posts"}],"about":[{"href":"https:\/\/www.lichen.pl\/de\/wp-json\/wp\/v2\/types\/post"}],"author":[{"embeddable":true,"href":"https:\/\/www.lichen.pl\/de\/wp-json\/wp\/v2\/users\/5"}],"replies":[{"embeddable":true,"href":"https:\/\/www.lichen.pl\/de\/wp-json\/wp\/v2\/comments?post=56696"}],"version-history":[{"count":9,"href":"https:\/\/www.lichen.pl\/de\/wp-json\/wp\/v2\/posts\/56696\/revisions"}],"predecessor-version":[{"id":56728,"href":"https:\/\/www.lichen.pl\/de\/wp-json\/wp\/v2\/posts\/56696\/revisions\/56728"}],"wp:featuredmedia":[{"embeddable":true,"href":"https:\/\/www.lichen.pl\/de\/wp-json\/wp\/v2\/media\/56813"}],"wp:attachment":[{"href":"https:\/\/www.lichen.pl\/de\/wp-json\/wp\/v2\/media?parent=56696"}],"wp:term":[{"taxonomy":"category","embeddable":true,"href":"https:\/\/www.lichen.pl\/de\/wp-json\/wp\/v2\/categories?post=56696"},{"taxonomy":"post_tag","embeddable":true,"href":"https:\/\/www.lichen.pl\/de\/wp-json\/wp\/v2\/tags?post=56696"}],"curies":[{"name":"wp","href":"https:\/\/api.w.org\/{rel}","templated":true}]}}