{"id":57683,"date":"2023-08-28T08:38:12","date_gmt":"2023-08-28T06:38:12","guid":{"rendered":"https:\/\/www.lichen.pl\/?p=57683"},"modified":"2023-08-28T08:49:13","modified_gmt":"2023-08-28T06:49:13","slug":"konkurs-na-wycinanke-ludowa","status":"publish","type":"post","link":"https:\/\/www.lichen.pl\/de\/konkurs-na-wycinanke-ludowa\/","title":{"rendered":"Konkurs na wycinank\u0119 ludow\u0105"},"content":{"rendered":"<div data-elementor-type=\"wp-post\" data-elementor-id=\"57683\" class=\"elementor elementor-57683\" data-elementor-post-type=\"post\">\n\t\t\t\t\t\t<section class=\"elementor-section elementor-top-section elementor-element elementor-element-f661aed elementor-section-boxed elementor-section-height-default elementor-section-height-default\" data-id=\"f661aed\" data-element_type=\"section\" data-e-type=\"section\">\n\t\t\t\t\t\t<div class=\"elementor-container elementor-column-gap-default\">\n\t\t\t\t\t<div class=\"elementor-column elementor-col-100 elementor-top-column elementor-element elementor-element-dfef543\" data-id=\"dfef543\" data-element_type=\"column\" data-e-type=\"column\">\n\t\t\t<div class=\"elementor-widget-wrap elementor-element-populated\">\n\t\t\t\t\t\t<div class=\"elementor-element elementor-element-7ee9dc9 elementor-widget elementor-widget-heading\" data-id=\"7ee9dc9\" data-element_type=\"widget\" data-e-type=\"widget\" data-widget_type=\"heading.default\">\n\t\t\t\t<div class=\"elementor-widget-container\">\n\t\t\t\t\t<h1 class=\"elementor-heading-title elementor-size-default\">Przypominamy o konkursie  na wycinank\u0119 ludow\u0105 og\u0142oszonym przez Muzeum im. ks. J\u00f3zefa Jarz\u0119bowskiego w Sanktuarium Maryjnym w Licheniu. Termin wysy\u0142ania prac do 20 wrze\u015bnia 2023 r.\nInspiracj\u0105 do wykonania pracy mog\u0105 by\u0107 wycinanki, jakie ogl\u0105da\u0107 mo\u017cna na wystawie \"Promienny \u015blad\" w liche\u0144\u015bkim Muzeum. Ekspozycja po\u015bwi\u0119cona jest \u017cyciu ks. J\u00f3zefa Jarz\u0119bowskiego, kt\u00f3remu zawdzi\u0119czamy istnienie Muzeum.<\/h1>\t\t\t\t<\/div>\n\t\t\t\t<\/div>\n\t\t\t\t\t<\/div>\n\t\t<\/div>\n\t\t\t\t\t<\/div>\n\t\t<\/section>\n\t\t\t\t<section class=\"elementor-section elementor-top-section elementor-element elementor-element-b6ee287 elementor-section-boxed elementor-section-height-default elementor-section-height-default\" data-id=\"b6ee287\" data-element_type=\"section\" data-e-type=\"section\">\n\t\t\t\t\t\t<div class=\"elementor-container elementor-column-gap-default\">\n\t\t\t\t\t<div class=\"elementor-column elementor-col-100 elementor-top-column elementor-element elementor-element-4821c5f\" data-id=\"4821c5f\" data-element_type=\"column\" data-e-type=\"column\">\n\t\t\t<div class=\"elementor-widget-wrap elementor-element-populated\">\n\t\t\t\t\t\t<div class=\"elementor-element elementor-element-ecc3d03 elementor-widget elementor-widget-text-editor\" data-id=\"ecc3d03\" data-element_type=\"widget\" data-e-type=\"widget\" data-widget_type=\"text-editor.default\">\n\t\t\t\t<div class=\"elementor-widget-container\">\n\t\t\t\t\t\t\t\t\t<div class=\"x11i5rnm xat24cr x1mh8g0r x1vvkbs xtlvy1s x126k92a\"><div dir=\"auto\">Odwiedzaj\u0105c wystaw\u0119, mo\u017cna pozna\u0107 \u017cycie tocz\u0105ce si\u0119 w internacie dla polskich dzieci w Tlalpan (1947- 1952) oraz kolonii Santa Rosa na terenie Meksyku. W latach 1943- 1946 schronienie znale\u017ali tam Polacy wywiezieni przez Sowiet\u00f3w z Kres\u00f3w Wschodnich na Sybir, kt\u00f3rzy wyszli z ZSRR wraz z Armi\u0105 Andersa. Kolonia liczy\u0142a 1500 ocale\u0144c\u00f3w, w tym 700 dzieci, w\u015br\u00f3d kt\u00f3rych 264 by\u0142o sierotami.<\/div><\/div><div class=\"x11i5rnm xat24cr x1mh8g0r x1vvkbs xtlvy1s x126k92a\"><div dir=\"auto\">Tam, w ramach nauki w szkole i kultywowania polsko\u015bci, uczyli si\u0119 haftowa\u0107 i robili wycinanki. Wycinanki przygotowuje si\u0119 w prosty spos\u00f3b. Trzeba z\u0142o\u017cy\u0107 odpowiednio papier. Im bardziej go z\u0142o\u017cymy, tym bardziej ozdobna b\u0119dzie wycinanka.<\/div><\/div><div class=\"x11i5rnm xat24cr x1mh8g0r x1vvkbs xtlvy1s x126k92a\"><div dir=\"auto\">Wycinanki s\u0105 do\u015b\u0107 charakterystycznym elementem polskiej sztuki ludowej. Na polskiej wsi obecne s\u0105 od p\u00f3\u0142tora wieku. Dope\u0142nia\u0142y \u015bwi\u0105tecznego wystroju wiejskiej izby \u2013 papierowe dzie\u0142a sztuki cz\u0119sto wykonywano przed \u015bwi\u0119tami Bo\u017cego Narodzenia czy Wielkanoc\u0105. U\u017cywano papieru glansowanego, kt\u00f3ry pojawi\u0142 si\u0119 w latach 50-tych XIX wieku. W\u015br\u00f3d najpopularniejszych wzor\u00f3w znajduj\u0105 si\u0119 motywy kwiatowe, zwierz\u0119ce, abstrakcyjne kszta\u0142ty zamkni\u0119te w formie rozet b\u0105d\u017a kwadrat\u00f3w a tak\u017ce sceny z \u017cycia codziennego na wsi.<\/div><\/div>\t\t\t\t\t\t\t\t<\/div>\n\t\t\t\t<\/div>\n\t\t\t\t<div class=\"elementor-element elementor-element-642ada6 elementor-widget elementor-widget-image-gallery\" data-id=\"642ada6\" data-element_type=\"widget\" data-e-type=\"widget\" data-widget_type=\"image-gallery.default\">\n\t\t\t\t<div class=\"elementor-widget-container\">\n\t\t\t\t\t\t\t<div class=\"elementor-image-gallery\">\n\t\t\t<div id='gallery-1' class='gallery galleryid-57683 gallery-columns-4 gallery-size-thumbnail'><figure class='gallery-item'>\n\t\t\t<div class='gallery-icon portrait'>\n\t\t\t\t<a data-elementor-open-lightbox=\"yes\" data-elementor-lightbox-slideshow=\"642ada6\" data-elementor-lightbox-title=\"Wycinanka ludowa - Muzeum ks. J. Jarz\u0119bowskiego w Licheniu Starym\" data-e-action-hash=\"#elementor-action%3Aaction%3Dlightbox%26settings%3DeyJpZCI6NTc2ODcsInVybCI6Imh0dHBzOlwvXC93d3cubGljaGVuLnBsXC93cC1jb250ZW50XC91cGxvYWRzXC8yMDIzXC8wOFwvSU1HXzI0NDguanBnIiwic2xpZGVzaG93IjoiNjQyYWRhNiJ9\" href='https:\/\/www.lichen.pl\/wp-content\/uploads\/2023\/08\/IMG_2448.jpg'><img width=\"150\" height=\"150\" src=\"https:\/\/www.lichen.pl\/wp-content\/uploads\/2023\/08\/IMG_2448-150x150.jpg\" class=\"attachment-thumbnail size-thumbnail\" alt=\"\" decoding=\"async\" srcset=\"https:\/\/www.lichen.pl\/wp-content\/uploads\/2023\/08\/IMG_2448-150x150.jpg 150w, https:\/\/www.lichen.pl\/wp-content\/uploads\/2023\/08\/IMG_2448-300x300.jpg 300w\" sizes=\"(max-width: 150px) 100vw, 150px\" \/><\/a>\n\t\t\t<\/div><\/figure><figure class='gallery-item'>\n\t\t\t<div class='gallery-icon portrait'>\n\t\t\t\t<a data-elementor-open-lightbox=\"yes\" data-elementor-lightbox-slideshow=\"642ada6\" data-elementor-lightbox-title=\"Wycinanka ludowa - Muzeum ks. J. Jarz\u0119bowskiego w Licheniu Starym\" data-e-action-hash=\"#elementor-action%3Aaction%3Dlightbox%26settings%3DeyJpZCI6NTc2ODgsInVybCI6Imh0dHBzOlwvXC93d3cubGljaGVuLnBsXC93cC1jb250ZW50XC91cGxvYWRzXC8yMDIzXC8wOFwvSU1HXzI0NTMuanBnIiwic2xpZGVzaG93IjoiNjQyYWRhNiJ9\" href='https:\/\/www.lichen.pl\/wp-content\/uploads\/2023\/08\/IMG_2453.jpg'><img width=\"150\" height=\"150\" src=\"https:\/\/www.lichen.pl\/wp-content\/uploads\/2023\/08\/IMG_2453-150x150.jpg\" class=\"attachment-thumbnail size-thumbnail\" alt=\"\" decoding=\"async\" srcset=\"https:\/\/www.lichen.pl\/wp-content\/uploads\/2023\/08\/IMG_2453-150x150.jpg 150w, https:\/\/www.lichen.pl\/wp-content\/uploads\/2023\/08\/IMG_2453-300x300.jpg 300w\" sizes=\"(max-width: 150px) 100vw, 150px\" \/><\/a>\n\t\t\t<\/div><\/figure><figure class='gallery-item'>\n\t\t\t<div class='gallery-icon portrait'>\n\t\t\t\t<a data-elementor-open-lightbox=\"yes\" data-elementor-lightbox-slideshow=\"642ada6\" data-elementor-lightbox-title=\"Wycinanka ludowa - Muzeum ks. J. Jarz\u0119bowskiego w Licheniu Starym\" data-e-action-hash=\"#elementor-action%3Aaction%3Dlightbox%26settings%3DeyJpZCI6NTc2ODksInVybCI6Imh0dHBzOlwvXC93d3cubGljaGVuLnBsXC93cC1jb250ZW50XC91cGxvYWRzXC8yMDIzXC8wOFwvSU1HXzI0NTQuanBnIiwic2xpZGVzaG93IjoiNjQyYWRhNiJ9\" href='https:\/\/www.lichen.pl\/wp-content\/uploads\/2023\/08\/IMG_2454.jpg'><img width=\"150\" height=\"150\" src=\"https:\/\/www.lichen.pl\/wp-content\/uploads\/2023\/08\/IMG_2454-150x150.jpg\" class=\"attachment-thumbnail size-thumbnail\" alt=\"\" decoding=\"async\" srcset=\"https:\/\/www.lichen.pl\/wp-content\/uploads\/2023\/08\/IMG_2454-150x150.jpg 150w, https:\/\/www.lichen.pl\/wp-content\/uploads\/2023\/08\/IMG_2454-300x300.jpg 300w\" sizes=\"(max-width: 150px) 100vw, 150px\" \/><\/a>\n\t\t\t<\/div><\/figure><figure class='gallery-item'>\n\t\t\t<div class='gallery-icon landscape'>\n\t\t\t\t<a data-elementor-open-lightbox=\"yes\" data-elementor-lightbox-slideshow=\"642ada6\" data-elementor-lightbox-title=\"Wycinanka ludowa - Muzeum ks. J. Jarz\u0119bowskiego w Licheniu Starym\" data-e-action-hash=\"#elementor-action%3Aaction%3Dlightbox%26settings%3DeyJpZCI6NTc2OTAsInVybCI6Imh0dHBzOlwvXC93d3cubGljaGVuLnBsXC93cC1jb250ZW50XC91cGxvYWRzXC8yMDIzXC8wOFwvSU1HXzI0NTUuanBnIiwic2xpZGVzaG93IjoiNjQyYWRhNiJ9\" href='https:\/\/www.lichen.pl\/wp-content\/uploads\/2023\/08\/IMG_2455.jpg'><img loading=\"lazy\" width=\"150\" height=\"150\" src=\"https:\/\/www.lichen.pl\/wp-content\/uploads\/2023\/08\/IMG_2455-150x150.jpg\" class=\"attachment-thumbnail size-thumbnail\" alt=\"\" decoding=\"async\" srcset=\"https:\/\/www.lichen.pl\/wp-content\/uploads\/2023\/08\/IMG_2455-150x150.jpg 150w, https:\/\/www.lichen.pl\/wp-content\/uploads\/2023\/08\/IMG_2455-300x300.jpg 300w\" sizes=\"(max-width: 150px) 100vw, 150px\" \/><\/a>\n\t\t\t<\/div><\/figure><figure class='gallery-item'>\n\t\t\t<div class='gallery-icon landscape'>\n\t\t\t\t<a data-elementor-open-lightbox=\"yes\" data-elementor-lightbox-slideshow=\"642ada6\" data-elementor-lightbox-title=\"Wycinanka ludowa - Muzeum ks. J. Jarz\u0119bowskiego w Licheniu Starym\" data-e-action-hash=\"#elementor-action%3Aaction%3Dlightbox%26settings%3DeyJpZCI6NTc2OTEsInVybCI6Imh0dHBzOlwvXC93d3cubGljaGVuLnBsXC93cC1jb250ZW50XC91cGxvYWRzXC8yMDIzXC8wOFwvSU1HXzI0NjMuanBnIiwic2xpZGVzaG93IjoiNjQyYWRhNiJ9\" href='https:\/\/www.lichen.pl\/wp-content\/uploads\/2023\/08\/IMG_2463.jpg'><img loading=\"lazy\" width=\"150\" height=\"150\" src=\"https:\/\/www.lichen.pl\/wp-content\/uploads\/2023\/08\/IMG_2463-150x150.jpg\" class=\"attachment-thumbnail size-thumbnail\" alt=\"\" decoding=\"async\" srcset=\"https:\/\/www.lichen.pl\/wp-content\/uploads\/2023\/08\/IMG_2463-150x150.jpg 150w, https:\/\/www.lichen.pl\/wp-content\/uploads\/2023\/08\/IMG_2463-300x300.jpg 300w\" sizes=\"(max-width: 150px) 100vw, 150px\" \/><\/a>\n\t\t\t<\/div><\/figure><figure class='gallery-item'>\n\t\t\t<div class='gallery-icon landscape'>\n\t\t\t\t<a data-elementor-open-lightbox=\"yes\" data-elementor-lightbox-slideshow=\"642ada6\" data-elementor-lightbox-title=\"Wycinanka ludowa - Muzeum ks. J. Jarz\u0119bowskiego w Licheniu Starym\" data-e-action-hash=\"#elementor-action%3Aaction%3Dlightbox%26settings%3DeyJpZCI6NTc2OTIsInVybCI6Imh0dHBzOlwvXC93d3cubGljaGVuLnBsXC93cC1jb250ZW50XC91cGxvYWRzXC8yMDIzXC8wOFwvSU1HXzI0NjUuanBnIiwic2xpZGVzaG93IjoiNjQyYWRhNiJ9\" href='https:\/\/www.lichen.pl\/wp-content\/uploads\/2023\/08\/IMG_2465.jpg'><img loading=\"lazy\" width=\"150\" height=\"150\" src=\"https:\/\/www.lichen.pl\/wp-content\/uploads\/2023\/08\/IMG_2465-150x150.jpg\" class=\"attachment-thumbnail size-thumbnail\" alt=\"\" decoding=\"async\" srcset=\"https:\/\/www.lichen.pl\/wp-content\/uploads\/2023\/08\/IMG_2465-150x150.jpg 150w, https:\/\/www.lichen.pl\/wp-content\/uploads\/2023\/08\/IMG_2465-300x300.jpg 300w\" sizes=\"(max-width: 150px) 100vw, 150px\" \/><\/a>\n\t\t\t<\/div><\/figure><figure class='gallery-item'>\n\t\t\t<div class='gallery-icon landscape'>\n\t\t\t\t<a data-elementor-open-lightbox=\"yes\" data-elementor-lightbox-slideshow=\"642ada6\" data-elementor-lightbox-title=\"Wycinanka ludowa - Muzeum ks. J. Jarz\u0119bowskiego w Licheniu Starym\" data-e-action-hash=\"#elementor-action%3Aaction%3Dlightbox%26settings%3DeyJpZCI6NTc2ODQsInVybCI6Imh0dHBzOlwvXC93d3cubGljaGVuLnBsXC93cC1jb250ZW50XC91cGxvYWRzXC8yMDIzXC8wOFwvSU1HXzI0NTcuanBnIiwic2xpZGVzaG93IjoiNjQyYWRhNiJ9\" href='https:\/\/www.lichen.pl\/wp-content\/uploads\/2023\/08\/IMG_2457.jpg'><img loading=\"lazy\" width=\"150\" height=\"150\" src=\"https:\/\/www.lichen.pl\/wp-content\/uploads\/2023\/08\/IMG_2457-150x150.jpg\" class=\"attachment-thumbnail size-thumbnail\" alt=\"\" decoding=\"async\" srcset=\"https:\/\/www.lichen.pl\/wp-content\/uploads\/2023\/08\/IMG_2457-150x150.jpg 150w, https:\/\/www.lichen.pl\/wp-content\/uploads\/2023\/08\/IMG_2457-300x300.jpg 300w\" sizes=\"(max-width: 150px) 100vw, 150px\" \/><\/a>\n\t\t\t<\/div><\/figure><figure class='gallery-item'>\n\t\t\t<div class='gallery-icon landscape'>\n\t\t\t\t<a data-elementor-open-lightbox=\"yes\" data-elementor-lightbox-slideshow=\"642ada6\" data-elementor-lightbox-title=\"Wystawa &quot;Promienny \u015blad&quot;\" data-e-action-hash=\"#elementor-action%3Aaction%3Dlightbox%26settings%3DeyJpZCI6NTMyOTIsInVybCI6Imh0dHBzOlwvXC93d3cubGljaGVuLnBsXC93cC1jb250ZW50XC91cGxvYWRzXC8yMDIzXC8wNVwvd3lzdGF3YS1KSi0yLmpwZyIsInNsaWRlc2hvdyI6IjY0MmFkYTYifQ%3D%3D\" href='https:\/\/www.lichen.pl\/wp-content\/uploads\/2023\/05\/wystawa-JJ-2.jpg'><img loading=\"lazy\" width=\"150\" height=\"150\" src=\"https:\/\/www.lichen.pl\/wp-content\/uploads\/2023\/05\/wystawa-JJ-2-150x150.jpg\" class=\"attachment-thumbnail size-thumbnail\" alt=\"\" decoding=\"async\" srcset=\"https:\/\/www.lichen.pl\/wp-content\/uploads\/2023\/05\/wystawa-JJ-2-150x150.jpg 150w, https:\/\/www.lichen.pl\/wp-content\/uploads\/2023\/05\/wystawa-JJ-2-300x300.jpg 300w\" sizes=\"(max-width: 150px) 100vw, 150px\" \/><\/a>\n\t\t\t<\/div><\/figure>\n\t\t<\/div>\n\t\t<\/div>\n\t\t\t\t\t\t<\/div>\n\t\t\t\t<\/div>\n\t\t\t\t<div class=\"elementor-element elementor-element-2211413 elementor-widget elementor-widget-text-editor\" data-id=\"2211413\" data-element_type=\"widget\" data-e-type=\"widget\" data-widget_type=\"text-editor.default\">\n\t\t\t\t<div class=\"elementor-widget-container\">\n\t\t\t\t\t\t\t\t\t<div class=\"x11i5rnm xat24cr x1mh8g0r x1vvkbs xtlvy1s x126k92a\">\u00a0<\/div><div class=\"x11i5rnm xat24cr x1mh8g0r x1vvkbs xtlvy1s x126k92a\"><div dir=\"auto\">Og\u0142oszony przez liche\u0144skie muzeum konkurs nie narzuca tematu wycinanki. Praca mo\u017ce by\u0107 jednokolorowa. Mo\u017cna tak\u017ce po\u0142\u0105czy\u0107 technik\u0119 z wyklejaniem. Inspiracji mo\u017cna szuka\u0107 odwiedzaj\u0105c wystaw\u0119 \u201ePromienny \u015blad\u201d w liche\u0144skim muzeum. Wydarzenie skierowane jest do dzieci i m\u0142odzie\u017cy. Prace b\u0119d\u0105 oceniane w trzech kategoriach wiekowych: 6-8 lat, 9-11 lat oraz 12-15 lat. Praca powinna by\u0107 wykonana samodzielnie.<\/div><\/div><div class=\"x11i5rnm xat24cr x1mh8g0r x1vvkbs xtlvy1s x126k92a\"><div dir=\"auto\">Zg\u0142oszenia przyjmowane b\u0119d\u0105 do 20 wrze\u015bnia 2023 r. Wycinank\u0119 nale\u017cy naklei\u0107 na grubszy papier. Zg\u0142oszenia mo\u017cna wysy\u0142a\u0107 na adres Muzeum im. ks. J\u00f3zefa Jarz\u0119bowskiego, ul. Klasztorna 4, 62-563 Liche\u0144 Stary. Z ty\u0142u pracy nale\u017cy umie\u015bci\u0107 \u201emetryczk\u0119\u201d zawieraj\u0105c\u0105 podstawowe informacje dotycz\u0105ce autora (imi\u0119, nazwisko i wiek) oraz kontakt: adres e-mail, adres zamieszkania. (Dane te b\u0119d\u0105 s\u0142u\u017cy\u0107 do kontaktu organizatora z uczestnikiem konkursu, Prace niepodpisane, anonimowe nie b\u0119d\u0105 zakwalifikowane.) W ka\u017cdej kategorii wiekowej zostan\u0105 przyznane po trzy nagrody rzeczowe. Og\u0142oszenie wynik\u00f3w konkursu nast\u0105pi 1 pa\u017adziernika 2023<\/div><\/div>\t\t\t\t\t\t\t\t<\/div>\n\t\t\t\t<\/div>\n\t\t\t\t\t<\/div>\n\t\t<\/div>\n\t\t\t\t\t<\/div>\n\t\t<\/section>\n\t\t\t\t<\/div>","protected":false},"excerpt":{"rendered":"<p>Przypominamy o konkursie na wycinank\u0119 ludow\u0105 og\u0142oszonym przez Muzeum im. ks. J\u00f3zefa Jarz\u0119bowskiego w Sanktuarium Maryjnym w Licheniu. Termin wysy\u0142ania prac do 20 wrze\u015bnia 2023 r. Inspiracj\u0105 do wykonania pracy mog\u0105 by\u0107 wycinanki, jakie ogl\u0105da\u0107 mo\u017cna na wystawie &#8220;Promienny \u015blad&#8221; w liche\u0144\u015bkim Muzeum. Ekspozycja po\u015bwi\u0119cona jest \u017cyciu ks. J\u00f3zefa Jarz\u0119bowskiego, kt\u00f3remu zawdzi\u0119czamy istnienie Muzeum. Odwiedzaj\u0105c [&hellip;]<\/p>\n","protected":false},"author":5,"featured_media":57684,"comment_status":"closed","ping_status":"closed","sticky":false,"template":"","format":"standard","meta":{"footnotes":""},"categories":[1],"tags":[],"class_list":["post-57683","post","type-post","status-publish","format-standard","has-post-thumbnail","hentry","category-aktualnosci","wpbf-post"],"yoast_head":"<!-- This site is optimized with the Yoast SEO plugin v27.4 - https:\/\/yoast.com\/product\/yoast-seo-wordpress\/ -->\n<title>Konkurs na wycinank\u0119 ludow\u0105 - SANKTUARIUM W LICHENIU<\/title>\n<meta name=\"robots\" content=\"index, follow, max-snippet:-1, max-image-preview:large, max-video-preview:-1\" \/>\n<link rel=\"canonical\" href=\"https:\/\/www.lichen.pl\/de\/konkurs-na-wycinanke-ludowa\/\" \/>\n<meta property=\"og:locale\" content=\"de_DE\" \/>\n<meta property=\"og:type\" content=\"article\" \/>\n<meta property=\"og:title\" content=\"Konkurs na wycinank\u0119 ludow\u0105 - SANKTUARIUM W LICHENIU\" \/>\n<meta property=\"og:description\" content=\"Przypominamy o konkursie na wycinank\u0119 ludow\u0105 og\u0142oszonym przez Muzeum im. ks. J\u00f3zefa Jarz\u0119bowskiego w Sanktuarium Maryjnym w Licheniu. Termin wysy\u0142ania prac do 20 wrze\u015bnia 2023 r. Inspiracj\u0105 do wykonania pracy mog\u0105 by\u0107 wycinanki, jakie ogl\u0105da\u0107 mo\u017cna na wystawie &#8220;Promienny \u015blad&#8221; w liche\u0144\u015bkim Muzeum. Ekspozycja po\u015bwi\u0119cona jest \u017cyciu ks. J\u00f3zefa Jarz\u0119bowskiego, kt\u00f3remu zawdzi\u0119czamy istnienie Muzeum. Odwiedzaj\u0105c [&hellip;]\" \/>\n<meta property=\"og:url\" content=\"https:\/\/www.lichen.pl\/de\/konkurs-na-wycinanke-ludowa\/\" \/>\n<meta property=\"og:site_name\" content=\"SANKTUARIUM W LICHENIU\" \/>\n<meta property=\"article:published_time\" content=\"2023-08-28T06:38:12+00:00\" \/>\n<meta property=\"article:modified_time\" content=\"2023-08-28T06:49:13+00:00\" \/>\n<meta property=\"og:image\" content=\"https:\/\/www.lichen.pl\/wp-content\/uploads\/2023\/08\/IMG_2457-1024x683.jpg\" \/>\n\t<meta property=\"og:image:width\" content=\"1024\" \/>\n\t<meta property=\"og:image:height\" content=\"683\" \/>\n\t<meta property=\"og:image:type\" content=\"image\/jpeg\" \/>\n<meta name=\"author\" content=\"Justyna Zacharek\" \/>\n<meta name=\"twitter:card\" content=\"summary_large_image\" \/>\n<meta name=\"twitter:label1\" content=\"Verfasst von\" \/>\n\t<meta name=\"twitter:data1\" content=\"Justyna Zacharek\" \/>\n\t<meta name=\"twitter:label2\" content=\"Gesch\u00e4tzte Lesezeit\" \/>\n\t<meta name=\"twitter:data2\" content=\"4\u00a0Minuten\" \/>\n<script type=\"application\/ld+json\" class=\"yoast-schema-graph\">{\"@context\":\"https:\\\/\\\/schema.org\",\"@graph\":[{\"@type\":\"Article\",\"@id\":\"https:\\\/\\\/www.lichen.pl\\\/konkurs-na-wycinanke-ludowa\\\/#article\",\"isPartOf\":{\"@id\":\"https:\\\/\\\/www.lichen.pl\\\/konkurs-na-wycinanke-ludowa\\\/\"},\"author\":{\"name\":\"Justyna Zacharek\",\"@id\":\"https:\\\/\\\/www.lichen.pl\\\/fr\\\/#\\\/schema\\\/person\\\/9f57a1408d363022abd305da0323b703\"},\"headline\":\"Konkurs na wycinank\u0119 ludow\u0105\",\"datePublished\":\"2023-08-28T06:38:12+00:00\",\"dateModified\":\"2023-08-28T06:49:13+00:00\",\"mainEntityOfPage\":{\"@id\":\"https:\\\/\\\/www.lichen.pl\\\/konkurs-na-wycinanke-ludowa\\\/\"},\"wordCount\":435,\"image\":{\"@id\":\"https:\\\/\\\/www.lichen.pl\\\/konkurs-na-wycinanke-ludowa\\\/#primaryimage\"},\"thumbnailUrl\":\"https:\\\/\\\/www.lichen.pl\\\/wp-content\\\/uploads\\\/2023\\\/08\\\/IMG_2457.jpg\",\"articleSection\":[\"Aktualno\u015bci\"],\"inLanguage\":\"de\"},{\"@type\":\"WebPage\",\"@id\":\"https:\\\/\\\/www.lichen.pl\\\/konkurs-na-wycinanke-ludowa\\\/\",\"url\":\"https:\\\/\\\/www.lichen.pl\\\/konkurs-na-wycinanke-ludowa\\\/\",\"name\":\"Konkurs na wycinank\u0119 ludow\u0105 - SANKTUARIUM W LICHENIU\",\"isPartOf\":{\"@id\":\"https:\\\/\\\/www.lichen.pl\\\/fr\\\/#website\"},\"primaryImageOfPage\":{\"@id\":\"https:\\\/\\\/www.lichen.pl\\\/konkurs-na-wycinanke-ludowa\\\/#primaryimage\"},\"image\":{\"@id\":\"https:\\\/\\\/www.lichen.pl\\\/konkurs-na-wycinanke-ludowa\\\/#primaryimage\"},\"thumbnailUrl\":\"https:\\\/\\\/www.lichen.pl\\\/wp-content\\\/uploads\\\/2023\\\/08\\\/IMG_2457.jpg\",\"datePublished\":\"2023-08-28T06:38:12+00:00\",\"dateModified\":\"2023-08-28T06:49:13+00:00\",\"author\":{\"@id\":\"https:\\\/\\\/www.lichen.pl\\\/fr\\\/#\\\/schema\\\/person\\\/9f57a1408d363022abd305da0323b703\"},\"breadcrumb\":{\"@id\":\"https:\\\/\\\/www.lichen.pl\\\/konkurs-na-wycinanke-ludowa\\\/#breadcrumb\"},\"inLanguage\":\"de\",\"potentialAction\":[{\"@type\":\"ReadAction\",\"target\":[\"https:\\\/\\\/www.lichen.pl\\\/konkurs-na-wycinanke-ludowa\\\/\"]}]},{\"@type\":\"ImageObject\",\"inLanguage\":\"de\",\"@id\":\"https:\\\/\\\/www.lichen.pl\\\/konkurs-na-wycinanke-ludowa\\\/#primaryimage\",\"url\":\"https:\\\/\\\/www.lichen.pl\\\/wp-content\\\/uploads\\\/2023\\\/08\\\/IMG_2457.jpg\",\"contentUrl\":\"https:\\\/\\\/www.lichen.pl\\\/wp-content\\\/uploads\\\/2023\\\/08\\\/IMG_2457.jpg\",\"width\":1920,\"height\":1280},{\"@type\":\"BreadcrumbList\",\"@id\":\"https:\\\/\\\/www.lichen.pl\\\/konkurs-na-wycinanke-ludowa\\\/#breadcrumb\",\"itemListElement\":[{\"@type\":\"ListItem\",\"position\":1,\"name\":\"Strona g\u0142\u00f3wna\",\"item\":\"https:\\\/\\\/www.lichen.pl\\\/\"},{\"@type\":\"ListItem\",\"position\":2,\"name\":\"Konkurs na wycinank\u0119 ludow\u0105\"}]},{\"@type\":\"WebSite\",\"@id\":\"https:\\\/\\\/www.lichen.pl\\\/fr\\\/#website\",\"url\":\"https:\\\/\\\/www.lichen.pl\\\/fr\\\/\",\"name\":\"SANKTUARIUM W LICHENIU\",\"description\":\"MATKI BO\u017bEJ LICHE\u0143SKIEJ BOLESNEJ KR\u00d3LOWEJ POLSKI\",\"potentialAction\":[{\"@type\":\"SearchAction\",\"target\":{\"@type\":\"EntryPoint\",\"urlTemplate\":\"https:\\\/\\\/www.lichen.pl\\\/fr\\\/?s={search_term_string}\"},\"query-input\":{\"@type\":\"PropertyValueSpecification\",\"valueRequired\":true,\"valueName\":\"search_term_string\"}}],\"inLanguage\":\"de\"},{\"@type\":\"Person\",\"@id\":\"https:\\\/\\\/www.lichen.pl\\\/fr\\\/#\\\/schema\\\/person\\\/9f57a1408d363022abd305da0323b703\",\"name\":\"Justyna Zacharek\",\"image\":{\"@type\":\"ImageObject\",\"inLanguage\":\"de\",\"@id\":\"https:\\\/\\\/secure.gravatar.com\\\/avatar\\\/7be193626a4fb4d6a7d53a7686c3bbf938efff653c427e0182457b838e9d2c3b?s=96&d=retro&r=g\",\"url\":\"https:\\\/\\\/secure.gravatar.com\\\/avatar\\\/7be193626a4fb4d6a7d53a7686c3bbf938efff653c427e0182457b838e9d2c3b?s=96&d=retro&r=g\",\"contentUrl\":\"https:\\\/\\\/secure.gravatar.com\\\/avatar\\\/7be193626a4fb4d6a7d53a7686c3bbf938efff653c427e0182457b838e9d2c3b?s=96&d=retro&r=g\",\"caption\":\"Justyna Zacharek\"},\"url\":\"https:\\\/\\\/www.lichen.pl\\\/de\\\/author\\\/justyna\\\/\"}]}<\/script>\n<!-- \/ Yoast SEO plugin. -->","yoast_head_json":{"title":"Konkurs na wycinank\u0119 ludow\u0105 - SANKTUARIUM W LICHENIU","robots":{"index":"index","follow":"follow","max-snippet":"max-snippet:-1","max-image-preview":"max-image-preview:large","max-video-preview":"max-video-preview:-1"},"canonical":"https:\/\/www.lichen.pl\/de\/konkurs-na-wycinanke-ludowa\/","og_locale":"de_DE","og_type":"article","og_title":"Konkurs na wycinank\u0119 ludow\u0105 - SANKTUARIUM W LICHENIU","og_description":"Przypominamy o konkursie na wycinank\u0119 ludow\u0105 og\u0142oszonym przez Muzeum im. ks. J\u00f3zefa Jarz\u0119bowskiego w Sanktuarium Maryjnym w Licheniu. Termin wysy\u0142ania prac do 20 wrze\u015bnia 2023 r. Inspiracj\u0105 do wykonania pracy mog\u0105 by\u0107 wycinanki, jakie ogl\u0105da\u0107 mo\u017cna na wystawie &#8220;Promienny \u015blad&#8221; w liche\u0144\u015bkim Muzeum. Ekspozycja po\u015bwi\u0119cona jest \u017cyciu ks. J\u00f3zefa Jarz\u0119bowskiego, kt\u00f3remu zawdzi\u0119czamy istnienie Muzeum. Odwiedzaj\u0105c [&hellip;]","og_url":"https:\/\/www.lichen.pl\/de\/konkurs-na-wycinanke-ludowa\/","og_site_name":"SANKTUARIUM W LICHENIU","article_published_time":"2023-08-28T06:38:12+00:00","article_modified_time":"2023-08-28T06:49:13+00:00","og_image":[{"width":1024,"height":683,"url":"https:\/\/www.lichen.pl\/wp-content\/uploads\/2023\/08\/IMG_2457-1024x683.jpg","type":"image\/jpeg"}],"author":"Justyna Zacharek","twitter_card":"summary_large_image","twitter_misc":{"Verfasst von":"Justyna Zacharek","Gesch\u00e4tzte Lesezeit":"4\u00a0Minuten"},"schema":{"@context":"https:\/\/schema.org","@graph":[{"@type":"Article","@id":"https:\/\/www.lichen.pl\/konkurs-na-wycinanke-ludowa\/#article","isPartOf":{"@id":"https:\/\/www.lichen.pl\/konkurs-na-wycinanke-ludowa\/"},"author":{"name":"Justyna Zacharek","@id":"https:\/\/www.lichen.pl\/fr\/#\/schema\/person\/9f57a1408d363022abd305da0323b703"},"headline":"Konkurs na wycinank\u0119 ludow\u0105","datePublished":"2023-08-28T06:38:12+00:00","dateModified":"2023-08-28T06:49:13+00:00","mainEntityOfPage":{"@id":"https:\/\/www.lichen.pl\/konkurs-na-wycinanke-ludowa\/"},"wordCount":435,"image":{"@id":"https:\/\/www.lichen.pl\/konkurs-na-wycinanke-ludowa\/#primaryimage"},"thumbnailUrl":"https:\/\/www.lichen.pl\/wp-content\/uploads\/2023\/08\/IMG_2457.jpg","articleSection":["Aktualno\u015bci"],"inLanguage":"de"},{"@type":"WebPage","@id":"https:\/\/www.lichen.pl\/konkurs-na-wycinanke-ludowa\/","url":"https:\/\/www.lichen.pl\/konkurs-na-wycinanke-ludowa\/","name":"Konkurs na wycinank\u0119 ludow\u0105 - SANKTUARIUM W LICHENIU","isPartOf":{"@id":"https:\/\/www.lichen.pl\/fr\/#website"},"primaryImageOfPage":{"@id":"https:\/\/www.lichen.pl\/konkurs-na-wycinanke-ludowa\/#primaryimage"},"image":{"@id":"https:\/\/www.lichen.pl\/konkurs-na-wycinanke-ludowa\/#primaryimage"},"thumbnailUrl":"https:\/\/www.lichen.pl\/wp-content\/uploads\/2023\/08\/IMG_2457.jpg","datePublished":"2023-08-28T06:38:12+00:00","dateModified":"2023-08-28T06:49:13+00:00","author":{"@id":"https:\/\/www.lichen.pl\/fr\/#\/schema\/person\/9f57a1408d363022abd305da0323b703"},"breadcrumb":{"@id":"https:\/\/www.lichen.pl\/konkurs-na-wycinanke-ludowa\/#breadcrumb"},"inLanguage":"de","potentialAction":[{"@type":"ReadAction","target":["https:\/\/www.lichen.pl\/konkurs-na-wycinanke-ludowa\/"]}]},{"@type":"ImageObject","inLanguage":"de","@id":"https:\/\/www.lichen.pl\/konkurs-na-wycinanke-ludowa\/#primaryimage","url":"https:\/\/www.lichen.pl\/wp-content\/uploads\/2023\/08\/IMG_2457.jpg","contentUrl":"https:\/\/www.lichen.pl\/wp-content\/uploads\/2023\/08\/IMG_2457.jpg","width":1920,"height":1280},{"@type":"BreadcrumbList","@id":"https:\/\/www.lichen.pl\/konkurs-na-wycinanke-ludowa\/#breadcrumb","itemListElement":[{"@type":"ListItem","position":1,"name":"Strona g\u0142\u00f3wna","item":"https:\/\/www.lichen.pl\/"},{"@type":"ListItem","position":2,"name":"Konkurs na wycinank\u0119 ludow\u0105"}]},{"@type":"WebSite","@id":"https:\/\/www.lichen.pl\/fr\/#website","url":"https:\/\/www.lichen.pl\/fr\/","name":"HEILIGTUM IN LICHENIEN","description":"DIE TRAURIGE K\u00d6NIGIN UNSERER FLECHEN VON POLEN","potentialAction":[{"@type":"SearchAction","target":{"@type":"EntryPoint","urlTemplate":"https:\/\/www.lichen.pl\/fr\/?s={search_term_string}"},"query-input":{"@type":"PropertyValueSpecification","valueRequired":true,"valueName":"search_term_string"}}],"inLanguage":"de"},{"@type":"Person","@id":"https:\/\/www.lichen.pl\/fr\/#\/schema\/person\/9f57a1408d363022abd305da0323b703","name":"Justyna Zacharek","image":{"@type":"ImageObject","inLanguage":"de","@id":"https:\/\/secure.gravatar.com\/avatar\/7be193626a4fb4d6a7d53a7686c3bbf938efff653c427e0182457b838e9d2c3b?s=96&d=retro&r=g","url":"https:\/\/secure.gravatar.com\/avatar\/7be193626a4fb4d6a7d53a7686c3bbf938efff653c427e0182457b838e9d2c3b?s=96&d=retro&r=g","contentUrl":"https:\/\/secure.gravatar.com\/avatar\/7be193626a4fb4d6a7d53a7686c3bbf938efff653c427e0182457b838e9d2c3b?s=96&d=retro&r=g","caption":"Justyna Zacharek"},"url":"https:\/\/www.lichen.pl\/de\/author\/justyna\/"}]}},"_links":{"self":[{"href":"https:\/\/www.lichen.pl\/de\/wp-json\/wp\/v2\/posts\/57683","targetHints":{"allow":["GET"]}}],"collection":[{"href":"https:\/\/www.lichen.pl\/de\/wp-json\/wp\/v2\/posts"}],"about":[{"href":"https:\/\/www.lichen.pl\/de\/wp-json\/wp\/v2\/types\/post"}],"author":[{"embeddable":true,"href":"https:\/\/www.lichen.pl\/de\/wp-json\/wp\/v2\/users\/5"}],"replies":[{"embeddable":true,"href":"https:\/\/www.lichen.pl\/de\/wp-json\/wp\/v2\/comments?post=57683"}],"version-history":[{"count":4,"href":"https:\/\/www.lichen.pl\/de\/wp-json\/wp\/v2\/posts\/57683\/revisions"}],"predecessor-version":[{"id":57695,"href":"https:\/\/www.lichen.pl\/de\/wp-json\/wp\/v2\/posts\/57683\/revisions\/57695"}],"wp:featuredmedia":[{"embeddable":true,"href":"https:\/\/www.lichen.pl\/de\/wp-json\/wp\/v2\/media\/57684"}],"wp:attachment":[{"href":"https:\/\/www.lichen.pl\/de\/wp-json\/wp\/v2\/media?parent=57683"}],"wp:term":[{"taxonomy":"category","embeddable":true,"href":"https:\/\/www.lichen.pl\/de\/wp-json\/wp\/v2\/categories?post=57683"},{"taxonomy":"post_tag","embeddable":true,"href":"https:\/\/www.lichen.pl\/de\/wp-json\/wp\/v2\/tags?post=57683"}],"curies":[{"name":"wp","href":"https:\/\/api.w.org\/{rel}","templated":true}]}}