{"id":58940,"date":"2023-09-29T23:09:02","date_gmt":"2023-09-29T21:09:02","guid":{"rendered":"https:\/\/www.lichen.pl\/?p=58940"},"modified":"2023-10-02T13:02:21","modified_gmt":"2023-10-02T11:02:21","slug":"ohp2023","status":"publish","type":"post","link":"https:\/\/www.lichen.pl\/de\/ohp2023\/","title":{"rendered":"Ochotnicze Hufce Pracy u Matki Bo\u017cej Liche\u0144skiej"},"content":{"rendered":"<div data-elementor-type=\"wp-post\" data-elementor-id=\"58940\" class=\"elementor elementor-58940\" data-elementor-post-type=\"post\">\n\t\t\t\t\t\t<section class=\"elementor-section elementor-top-section elementor-element elementor-element-f40e531 elementor-section-boxed elementor-section-height-default elementor-section-height-default\" data-id=\"f40e531\" data-element_type=\"section\" data-e-type=\"section\">\n\t\t\t\t\t\t<div class=\"elementor-container elementor-column-gap-default\">\n\t\t\t\t\t<div class=\"elementor-column elementor-col-100 elementor-top-column elementor-element elementor-element-5f19df2\" data-id=\"5f19df2\" data-element_type=\"column\" data-e-type=\"column\">\n\t\t\t<div class=\"elementor-widget-wrap elementor-element-populated\">\n\t\t\t\t\t\t<div class=\"elementor-element elementor-element-754bcb5 elementor-widget elementor-widget-heading\" data-id=\"754bcb5\" data-element_type=\"widget\" data-e-type=\"widget\" data-widget_type=\"heading.default\">\n\t\t\t\t<div class=\"elementor-widget-container\">\n\t\t\t\t\t<h2 class=\"elementor-heading-title elementor-size-default\">Opiece i wstawiennictwu Matki Bo\u017cej nowy rok szkoleniowy powierza\u0142a m\u0142odzie\u017c Ochotniczych Hufc\u00f3w Pracy podczas og\u00f3lnopolskiej inauguracji, kt\u00f3ra odby\u0142a si\u0119 w liche\u0144skim sanktuarium w czwartek, 28 wrze\u015bnia. <\/h2>\t\t\t\t<\/div>\n\t\t\t\t<\/div>\n\t\t\t\t\t<\/div>\n\t\t<\/div>\n\t\t\t\t\t<\/div>\n\t\t<\/section>\n\t\t\t\t<section class=\"elementor-section elementor-top-section elementor-element elementor-element-fa2a9fa elementor-section-boxed elementor-section-height-default elementor-section-height-default\" data-id=\"fa2a9fa\" data-element_type=\"section\" data-e-type=\"section\">\n\t\t\t\t\t\t<div class=\"elementor-container elementor-column-gap-default\">\n\t\t\t\t\t<div class=\"elementor-column elementor-col-100 elementor-top-column elementor-element elementor-element-75096fa\" data-id=\"75096fa\" data-element_type=\"column\" data-e-type=\"column\">\n\t\t\t<div class=\"elementor-widget-wrap elementor-element-populated\">\n\t\t\t\t\t\t<div class=\"elementor-element elementor-element-6771cd7 elementor-widget elementor-widget-text-editor\" data-id=\"6771cd7\" data-element_type=\"widget\" data-e-type=\"widget\" data-widget_type=\"text-editor.default\">\n\t\t\t\t<div class=\"elementor-widget-container\">\n\t\t\t\t\t\t\t\t\t<p>Ka\u017cdej jesieni osoby rozpoczynaj\u0105ce edukacj\u0119 w OHP sk\u0142adaj\u0105 uroczyste \u015blubowanie podczas inauguracji roku szkoleniowego w liche\u0144skiej bazylice. Odnawiany jest tak\u017ce akt zawierzenia Matce Bo\u017cej. Spotkanie rozpocz\u0119\u0142o si\u0119 na placu przed dzwonnic\u0105. Uczestnik\u00f3w przywita\u0142 ks. S\u0142awomir Homoncik MIC, kustosz sanktuarium, kt\u00f3ry wyrazi\u0142 rado\u015b\u0107 z kolejnego spotkania m\u0142odzie\u017cy OHP w sanktuarium w Licheniu Starym, podkre\u015blaj\u0105c, \u017ce to miejsce jest domem Matki otwartym dla wszystkich.<\/p>\t\t\t\t\t\t\t\t<\/div>\n\t\t\t\t<\/div>\n\t\t\t\t\t<\/div>\n\t\t<\/div>\n\t\t\t\t\t<\/div>\n\t\t<\/section>\n\t\t\t\t<section class=\"elementor-section elementor-top-section elementor-element elementor-element-c478780 elementor-section-boxed elementor-section-height-default elementor-section-height-default\" data-id=\"c478780\" data-element_type=\"section\" data-e-type=\"section\">\n\t\t\t\t\t\t<div class=\"elementor-container elementor-column-gap-default\">\n\t\t\t\t\t<div class=\"elementor-column elementor-col-100 elementor-top-column elementor-element elementor-element-cc92aa2\" data-id=\"cc92aa2\" data-element_type=\"column\" data-e-type=\"column\">\n\t\t\t<div class=\"elementor-widget-wrap elementor-element-populated\">\n\t\t\t\t\t\t<section class=\"elementor-section elementor-inner-section elementor-element elementor-element-688de19 elementor-section-boxed elementor-section-height-default elementor-section-height-default\" data-id=\"688de19\" data-element_type=\"section\" data-e-type=\"section\">\n\t\t\t\t\t\t<div class=\"elementor-container elementor-column-gap-default\">\n\t\t\t\t\t<div class=\"elementor-column elementor-col-50 elementor-inner-column elementor-element elementor-element-deeba9b\" data-id=\"deeba9b\" data-element_type=\"column\" data-e-type=\"column\">\n\t\t\t<div class=\"elementor-widget-wrap elementor-element-populated\">\n\t\t\t\t\t\t<div class=\"elementor-element elementor-element-0b5a685 elementor-widget elementor-widget-image\" data-id=\"0b5a685\" data-element_type=\"widget\" data-e-type=\"widget\" data-widget_type=\"image.default\">\n\t\t\t\t<div class=\"elementor-widget-container\">\n\t\t\t\t\t\t\t\t\t\t\t\t\t\t\t<img fetchpriority=\"high\" decoding=\"async\" width=\"1024\" height=\"683\" src=\"https:\/\/www.lichen.pl\/wp-content\/uploads\/2023\/09\/Ochotnicze-Hufce-Pracy-5-1024x683.jpg\" class=\"attachment-large size-large wp-image-58973\" alt=\"\" srcset=\"https:\/\/www.lichen.pl\/wp-content\/uploads\/2023\/09\/Ochotnicze-Hufce-Pracy-5-1024x683.jpg 1024w, https:\/\/www.lichen.pl\/wp-content\/uploads\/2023\/09\/Ochotnicze-Hufce-Pracy-5-800x533.jpg 800w, https:\/\/www.lichen.pl\/wp-content\/uploads\/2023\/09\/Ochotnicze-Hufce-Pracy-5-300x200.jpg 300w, https:\/\/www.lichen.pl\/wp-content\/uploads\/2023\/09\/Ochotnicze-Hufce-Pracy-5-768x512.jpg 768w, https:\/\/www.lichen.pl\/wp-content\/uploads\/2023\/09\/Ochotnicze-Hufce-Pracy-5-1536x1024.jpg 1536w, https:\/\/www.lichen.pl\/wp-content\/uploads\/2023\/09\/Ochotnicze-Hufce-Pracy-5-2048x1365.jpg 2048w, https:\/\/www.lichen.pl\/wp-content\/uploads\/2023\/09\/Ochotnicze-Hufce-Pracy-5-18x12.jpg 18w, https:\/\/www.lichen.pl\/wp-content\/uploads\/2023\/09\/Ochotnicze-Hufce-Pracy-5.jpg 1920w\" sizes=\"(max-width: 1024px) 100vw, 1024px\" \/>\t\t\t\t\t\t\t\t\t\t\t\t\t\t\t<\/div>\n\t\t\t\t<\/div>\n\t\t\t\t\t<\/div>\n\t\t<\/div>\n\t\t\t\t<div class=\"elementor-column elementor-col-50 elementor-inner-column elementor-element elementor-element-d3e7eee\" data-id=\"d3e7eee\" data-element_type=\"column\" data-e-type=\"column\">\n\t\t\t<div class=\"elementor-widget-wrap elementor-element-populated\">\n\t\t\t\t\t\t<div class=\"elementor-element elementor-element-ed5f622 elementor-widget elementor-widget-text-editor\" data-id=\"ed5f622\" data-element_type=\"widget\" data-e-type=\"widget\" data-widget_type=\"text-editor.default\">\n\t\t\t\t<div class=\"elementor-widget-container\">\n\t\t\t\t\t\t\t\t\t<p>W wydarzeniu wzi\u0119li udzia\u0142 parlamentarzy\u015bci, Beata Maszewska, wicewojewoda wielkopolski, ks. bp Krzysztof W\u0142odarczyk, biskup bydgoski, ks. pra\u0142at Jaros\u0142aw Sroka, krajowy duszpasterz OHP oraz duszpasterze wojew\u00f3dzcy, Piotr Modzelewski, zast\u0119pca komendanta g\u0142\u00f3wnego OHP, przedstawiciele komendy g\u0142\u00f3wnej i wojew\u00f3dzkich komend hufc\u00f3w pracy, centr\u00f3w kszta\u0142cenia i wychowania, kadra i uczestnicy Ochotniczych Hufc\u00f3w Pracy z ca\u0142ego kraju.<br>Piotr Modzelewski, zast\u0119pca komendanta g\u0142\u00f3wnego OHP przypomnia\u0142 s\u0142owa \u015bw. Jana Paw\u0142a II, patrona OHP, kt\u00f3ry m\u00f3wi\u0142, \u017ce najbardziej tw\u00f3rcz\u0105 z prac jest praca nad sob\u0105, kt\u00f3ra pozwala odkrywa\u0107 uroki m\u0142odo\u015bci. Nazwa\u0142 sanktuarium szczeg\u00f3lnym miejscem dla Ochotniczych Hufc\u00f3w Pracy, kt\u00f3re zosta\u0142o wype\u0142nione &nbsp;duchowym pi\u0119knem. \u2013 Jest symbolem jedno\u015bci, pracy i po\u015bwi\u0119cenia, kt\u00f3re odzwierciedlaj\u0105 warto\u015bci, jakimi kierujemy si\u0119 w naszej instytucji \u2013 m\u00f3wi\u0142.<\/p>\t\t\t\t\t\t\t\t<\/div>\n\t\t\t\t<\/div>\n\t\t\t\t\t<\/div>\n\t\t<\/div>\n\t\t\t\t\t<\/div>\n\t\t<\/section>\n\t\t\t\t<div class=\"elementor-element elementor-element-2b3ffe1 elementor-widget elementor-widget-text-editor\" data-id=\"2b3ffe1\" data-element_type=\"widget\" data-e-type=\"widget\" data-widget_type=\"text-editor.default\">\n\t\t\t\t<div class=\"elementor-widget-container\">\n\t\t\t\t\t\t\t\t\t<p>Do uczestnik\u00f3w listy skierowali Marlena Mal\u0105g Minister Rodziny i Polityki Spo\u0142ecznej, Przemys\u0142aw Czarnek, Minister Edukacji i Nauki oraz Prezes Rady Ministr\u00f3w, Mateusz Morawiecki. Premier przypomnia\u0142 zadania Ochotniczych Hufc\u00f3w Pracy, a w\u015br\u00f3d nich szczeg\u00f3lnie zwr\u00f3ci\u0142 uwag\u0119 na prac\u0119 wychowawcz\u0105, \u201ebez kt\u00f3rej trudno wyobrazi\u0107 sobie zdrowe spo\u0142ecze\u0144stwo (\u2026) Musimy mie\u0107 \u015bwiadomo\u015b\u0107, \u017ce w wychowaniu m\u0142odych istotne jest kszta\u0142towanie profilu etycznego cz\u0142owieka\u201d.<\/p><p>Wydarzenie by\u0142o okazj\u0105, by podzi\u0119kowa\u0107 pracownikom opieku\u0144czym, wychowawczym i dydaktycznym za ich odpowiedzialn\u0105 prac\u0119, zaanga\u017cowanie, wsparcie i pomoc okazywan\u0105 m\u0142odym ludziom, dzi\u0119ki kt\u00f3rej mog\u0105 oni bez uprzedze\u0144 funkcjonowa\u0107 w doros\u0142ym \u017cyciu. Przyznano medale Komisji Edukacji Narodowej, honorowe odznaki Meritis pro Familia i honorowe odznaki OHP. Wr\u0119czono tak\u017ce listy gratulacyjne i nagrody absolwentom OHP, kt\u00f3rzy zwyci\u0119\u017cyli w og\u00f3lnopolskim konkursie Absolwent Roku OHP 2022\/23. Uhonorowani dzia\u0142ali w wolontariatach, uczestniczyli w ko\u0142ach zainteresowa\u0144, zwyci\u0119\u017cali w r\u00f3\u017cnorodnych konkursach i zawodach, promowali dzia\u0142alno\u015b\u0107 hufc\u00f3w pracy.<\/p>\t\t\t\t\t\t\t\t<\/div>\n\t\t\t\t<\/div>\n\t\t\t\t\t<\/div>\n\t\t<\/div>\n\t\t\t\t\t<\/div>\n\t\t<\/section>\n\t\t\t\t<section class=\"elementor-section elementor-top-section elementor-element elementor-element-7e6f6d3 elementor-section-boxed elementor-section-height-default elementor-section-height-default\" data-id=\"7e6f6d3\" data-element_type=\"section\" data-e-type=\"section\">\n\t\t\t\t\t\t<div class=\"elementor-container elementor-column-gap-default\">\n\t\t\t\t\t<div class=\"elementor-column elementor-col-100 elementor-top-column elementor-element elementor-element-f012e09\" data-id=\"f012e09\" data-element_type=\"column\" data-e-type=\"column\">\n\t\t\t<div class=\"elementor-widget-wrap elementor-element-populated\">\n\t\t\t\t\t\t<section class=\"elementor-section elementor-inner-section elementor-element elementor-element-f8b726e elementor-section-boxed elementor-section-height-default elementor-section-height-default\" data-id=\"f8b726e\" data-element_type=\"section\" data-e-type=\"section\">\n\t\t\t\t\t\t<div class=\"elementor-container elementor-column-gap-default\">\n\t\t\t\t\t<div class=\"elementor-column elementor-col-50 elementor-inner-column elementor-element elementor-element-5aab06a\" data-id=\"5aab06a\" data-element_type=\"column\" data-e-type=\"column\">\n\t\t\t<div class=\"elementor-widget-wrap elementor-element-populated\">\n\t\t\t\t\t\t<div class=\"elementor-element elementor-element-39abad3 elementor-widget elementor-widget-image\" data-id=\"39abad3\" data-element_type=\"widget\" data-e-type=\"widget\" data-widget_type=\"image.default\">\n\t\t\t\t<div class=\"elementor-widget-container\">\n\t\t\t\t\t\t\t\t\t\t\t\t\t\t\t<img decoding=\"async\" width=\"1024\" height=\"683\" src=\"https:\/\/www.lichen.pl\/wp-content\/uploads\/2023\/09\/Ochotnicze-Hufce-Pracy-23-1024x683.jpg\" class=\"attachment-large size-large wp-image-58962\" alt=\"\" srcset=\"https:\/\/www.lichen.pl\/wp-content\/uploads\/2023\/09\/Ochotnicze-Hufce-Pracy-23-1024x683.jpg 1024w, https:\/\/www.lichen.pl\/wp-content\/uploads\/2023\/09\/Ochotnicze-Hufce-Pracy-23-800x533.jpg 800w, https:\/\/www.lichen.pl\/wp-content\/uploads\/2023\/09\/Ochotnicze-Hufce-Pracy-23-300x200.jpg 300w, https:\/\/www.lichen.pl\/wp-content\/uploads\/2023\/09\/Ochotnicze-Hufce-Pracy-23-768x512.jpg 768w, https:\/\/www.lichen.pl\/wp-content\/uploads\/2023\/09\/Ochotnicze-Hufce-Pracy-23-1536x1024.jpg 1536w, https:\/\/www.lichen.pl\/wp-content\/uploads\/2023\/09\/Ochotnicze-Hufce-Pracy-23-2048x1365.jpg 2048w, https:\/\/www.lichen.pl\/wp-content\/uploads\/2023\/09\/Ochotnicze-Hufce-Pracy-23-18x12.jpg 18w, https:\/\/www.lichen.pl\/wp-content\/uploads\/2023\/09\/Ochotnicze-Hufce-Pracy-23.jpg 1920w\" sizes=\"(max-width: 1024px) 100vw, 1024px\" \/>\t\t\t\t\t\t\t\t\t\t\t\t\t\t\t<\/div>\n\t\t\t\t<\/div>\n\t\t\t\t\t<\/div>\n\t\t<\/div>\n\t\t\t\t<div class=\"elementor-column elementor-col-50 elementor-inner-column elementor-element elementor-element-7e10f03\" data-id=\"7e10f03\" data-element_type=\"column\" data-e-type=\"column\">\n\t\t\t<div class=\"elementor-widget-wrap elementor-element-populated\">\n\t\t\t\t\t\t<div class=\"elementor-element elementor-element-eda5e55 elementor-widget elementor-widget-text-editor\" data-id=\"eda5e55\" data-element_type=\"widget\" data-e-type=\"widget\" data-widget_type=\"text-editor.default\">\n\t\t\t\t<div class=\"elementor-widget-container\">\n\t\t\t\t\t\t\t\t\t<p>Po zako\u0144czeniu pierwszej cz\u0119\u015bci wydarzenia, m\u0142odzie\u017c przesz\u0142a w pochodzie do bazyliki przy d\u017awi\u0119kach M\u0142odzie\u017cowej Orkiestry D\u0119tej Zespo\u0142u Szk\u00f3\u0142 G\u00f3rniczo-Energetycznych pod dyr. Roberta \u017bura\u0144skiego. Przed wej\u015bciem do \u015bwi\u0105tyni delegacja z\u0142o\u017cy\u0142a kwiaty pod pomnikiem \u015bw. Jana Paw\u0142a II, patrona Ochotniczych Hufc\u00f3w Pracy. Mszy \u015awi\u0119tej w bazylice przewodniczy\u0142 Krzysztof W\u0142odarczyk, biskup bydgoski. Liturgi\u0119 koncelebrowali m.in. ks. pra\u0142. Jaros\u0142aw Sroka, krajowy duszpasterz OHP oraz ks. S\u0142awomir Homoncik MIC, kustosz sanktuarium.<\/p>\t\t\t\t\t\t\t\t<\/div>\n\t\t\t\t<\/div>\n\t\t\t\t\t<\/div>\n\t\t<\/div>\n\t\t\t\t\t<\/div>\n\t\t<\/section>\n\t\t\t\t<div class=\"elementor-element elementor-element-a45e726 elementor-widget elementor-widget-text-editor\" data-id=\"a45e726\" data-element_type=\"widget\" data-e-type=\"widget\" data-widget_type=\"text-editor.default\">\n\t\t\t\t<div class=\"elementor-widget-container\">\n\t\t\t\t\t\t\t\t\t<p>W homilii ksi\u0105dz biskup zauwa\u017cy\u0142, \u017ce priorytetem w pracy szkoleniowej OHP jest troska o najlepsze efekty szkole\u0144 nowych pokole\u0144 m\u0142odych ludzi gotowych do ci\u0119\u017ckiej pracy i s\u0142u\u017cby Ojczy\u017anie. \u2013 Naszym wsp\u00f3lnym pragnieniem jest to, by kszta\u0142ci\u0142y nie tylko ludzi do pracy, ale te\u017c samodzielnego \u017cycia, podejmowania wyzwa\u0144 i pracy w zespole. Szkolenie ma wymiar relacyjny \u2013 zauwa\u017cy\u0142 hierarcha, zach\u0119caj\u0105c, by m\u0142odzi ludzie otwierali si\u0119 i pozwalali prowadzi\u0107 swoim nauczycielom. Przed uczestnikami przedstawi\u0142 \u201eide\u0119 trzech W\u201d: \u2013 \u201ewarto wiedzie\u0107 wi\u0119cej\u201d. \u2013 Wiara polega osobistej relacji z Chrystusem, przylgni\u0119ciu do Niego ca\u0142ym sercem i dusz\u0105.<\/p>\t\t\t\t\t\t\t\t<\/div>\n\t\t\t\t<\/div>\n\t\t\t\t\t<\/div>\n\t\t<\/div>\n\t\t\t\t\t<\/div>\n\t\t<\/section>\n\t\t\t\t<section class=\"elementor-section elementor-top-section elementor-element elementor-element-8240907 elementor-section-boxed elementor-section-height-default elementor-section-height-default\" data-id=\"8240907\" data-element_type=\"section\" data-e-type=\"section\">\n\t\t\t\t\t\t<div class=\"elementor-container elementor-column-gap-default\">\n\t\t\t\t\t<div class=\"elementor-column elementor-col-100 elementor-top-column elementor-element elementor-element-a95198d\" data-id=\"a95198d\" data-element_type=\"column\" data-e-type=\"column\">\n\t\t\t<div class=\"elementor-widget-wrap elementor-element-populated\">\n\t\t\t\t\t\t<section class=\"elementor-section elementor-inner-section elementor-element elementor-element-eeb1f58 elementor-section-boxed elementor-section-height-default elementor-section-height-default\" data-id=\"eeb1f58\" data-element_type=\"section\" data-e-type=\"section\">\n\t\t\t\t\t\t<div class=\"elementor-container elementor-column-gap-default\">\n\t\t\t\t\t<div class=\"elementor-column elementor-col-50 elementor-inner-column elementor-element elementor-element-fee66d7\" data-id=\"fee66d7\" data-element_type=\"column\" data-e-type=\"column\">\n\t\t\t<div class=\"elementor-widget-wrap elementor-element-populated\">\n\t\t\t\t\t\t<div class=\"elementor-element elementor-element-a2b6ad6 elementor-widget elementor-widget-image\" data-id=\"a2b6ad6\" data-element_type=\"widget\" data-e-type=\"widget\" data-widget_type=\"image.default\">\n\t\t\t\t<div class=\"elementor-widget-container\">\n\t\t\t\t\t\t\t\t\t\t\t\t\t\t\t<img decoding=\"async\" width=\"683\" height=\"1024\" src=\"https:\/\/www.lichen.pl\/wp-content\/uploads\/2023\/09\/Ochotnicze-Hufce-Pracy-38-683x1024.jpg\" class=\"attachment-large size-large wp-image-58950\" alt=\"\" srcset=\"https:\/\/www.lichen.pl\/wp-content\/uploads\/2023\/09\/Ochotnicze-Hufce-Pracy-38-683x1024.jpg 683w, https:\/\/www.lichen.pl\/wp-content\/uploads\/2023\/09\/Ochotnicze-Hufce-Pracy-38-800x1200.jpg 800w, https:\/\/www.lichen.pl\/wp-content\/uploads\/2023\/09\/Ochotnicze-Hufce-Pracy-38-200x300.jpg 200w, https:\/\/www.lichen.pl\/wp-content\/uploads\/2023\/09\/Ochotnicze-Hufce-Pracy-38-768x1152.jpg 768w, https:\/\/www.lichen.pl\/wp-content\/uploads\/2023\/09\/Ochotnicze-Hufce-Pracy-38-1024x1536.jpg 1024w, https:\/\/www.lichen.pl\/wp-content\/uploads\/2023\/09\/Ochotnicze-Hufce-Pracy-38-1365x2048.jpg 1365w, https:\/\/www.lichen.pl\/wp-content\/uploads\/2023\/09\/Ochotnicze-Hufce-Pracy-38-8x12.jpg 8w, https:\/\/www.lichen.pl\/wp-content\/uploads\/2023\/09\/Ochotnicze-Hufce-Pracy-38.jpg 853w\" sizes=\"(max-width: 683px) 100vw, 683px\" \/>\t\t\t\t\t\t\t\t\t\t\t\t\t\t\t<\/div>\n\t\t\t\t<\/div>\n\t\t\t\t\t<\/div>\n\t\t<\/div>\n\t\t\t\t<div class=\"elementor-column elementor-col-50 elementor-inner-column elementor-element elementor-element-553ce01\" data-id=\"553ce01\" data-element_type=\"column\" data-e-type=\"column\">\n\t\t\t<div class=\"elementor-widget-wrap elementor-element-populated\">\n\t\t\t\t\t\t<div class=\"elementor-element elementor-element-8a5870f elementor-widget__width-initial elementor-widget elementor-widget-text-editor\" data-id=\"8a5870f\" data-element_type=\"widget\" data-e-type=\"widget\" data-widget_type=\"text-editor.default\">\n\t\t\t\t<div class=\"elementor-widget-container\">\n\t\t\t\t\t\t\t\t\t<p>Podczas liturgii odby\u0142o si\u0119 \u015blubowanie, kt\u00f3re jest jednym z najwa\u017cniejszych wydarze\u0144 w \u017cyciu ka\u017cdego ucznia. \u201eMatko Bo\u017ca, Niepokalana Maryjo, pom\u00f3\u017c nam odnale\u017a\u0107 w\u0142asn\u0105 drog\u0119 w \u017cyciu. Spraw, aby \u015blubowanie z\u0142o\u017cone przez Twoim o\u0142tarzem, pomog\u0142o nam w pracy nad sob\u0105, w harmonijnym rozwoju naszych zdolno\u015bci fizycznych, intelektualnych i moralnych\u201d \u2013 prosili przedstawiciele m\u0142odzie\u017cy podczas uroczystego \u015blubowania uczestnik\u00f3w pierwszego rocznika OHP.<\/p><p>\u2013 Ta praca to wyzwanie, ale te\u017c przyjemno\u015b\u0107 i \u017ar\u00f3d\u0142o satysfakcji \u2013 m\u00f3wi\u0142a jedna z nagrodzonych nauczycielek, \u00a0El\u017cbieta Dziemianiuk z Podlaskiej Wojew\u00f3dzkiej Komendy OHP. \u2013 Widzimy, \u017ce nasza praca nie idzie na marne, co jest motorem do dzia\u0142ania, cho\u0107 czasami efekty wida\u0107 po jakim\u015b czasie \u2013 opowiada\u0142a. Na co dzie\u0144 pani Dziemianiuk pracuje w dziale odpowiedzialnym m.in. za organizacj\u0119 sta\u017cy zagranicznych dla m\u0142odzie\u017cy, gdzie mog\u0105 nie tylko zdoby\u0107 do\u015bwiadczenie zawodowe, ale te\u017c pozna\u0107 r\u00f3wie\u015bnik\u00f3w z r\u00f3\u017cnych kraj\u00f3w. \u2013 Niejednokrotnie przed trafieniem do OHP m\u0142odzie\u017c zajmowa\u0142a ostatnie miejsca na listach rekrutacyjnych, tutaj otrzymuj\u0105 szans\u0119 na rozw\u00f3j \u00a0poprzez udzia\u0142 w projektach zagranicznych. Ucz\u0105 si\u0119, przyje\u017cd\u017caj\u0105 odmienieni, wida\u0107 po nich, \u017ce inaczej funkcjonuj\u0105, s\u0105 bardziej otwarci, pewni siebie, zdobywaj\u0105 wiedz\u0119 i do\u015bwiadczenie \u2013 przyzna\u0142a.<\/p><p>Pielgrzymki OHP do liche\u0144skiego sanktuarium rozpocz\u0119\u0142y si\u0119 w 1998 roku, gdy z okazji 40. rocznicy powstania OHP, w Koninie odby\u0142 si\u0119 Og\u00f3lnopolski Zlot M\u0142odzie\u017cy Ochotniczych Hufc\u00f3w Pracy.<\/p>\t\t\t\t\t\t\t\t<\/div>\n\t\t\t\t<\/div>\n\t\t\t\t\t<\/div>\n\t\t<\/div>\n\t\t\t\t\t<\/div>\n\t\t<\/section>\n\t\t\t\t<div class=\"elementor-element elementor-element-c9d004a elementor-widget elementor-widget-facebook-embed\" data-id=\"c9d004a\" data-element_type=\"widget\" data-e-type=\"widget\" data-widget_type=\"facebook-embed.default\">\n\t\t\t\t<div class=\"elementor-widget-container\">\n\t\t\t\t\t<div style=\"min-height: 1px\" class=\"elementor-facebook-widget fb-video\" data-href=\"https:\/\/www.facebook.com\/SanktuariumLichen\/videos\/1087867612201885\" data-show-text=\"false\" data-allowfullscreen=\"false\" data-autoplay=\"false\" data-show-captions=\"false\"><\/div>\t\t\t\t<\/div>\n\t\t\t\t<\/div>\n\t\t\t\t\t<\/div>\n\t\t<\/div>\n\t\t\t\t\t<\/div>\n\t\t<\/section>\n\t\t\t\t<section class=\"elementor-section elementor-top-section elementor-element elementor-element-61a6a3f elementor-section-boxed elementor-section-height-default elementor-section-height-default\" data-id=\"61a6a3f\" data-element_type=\"section\" data-e-type=\"section\">\n\t\t\t\t\t\t<div class=\"elementor-container elementor-column-gap-default\">\n\t\t\t\t\t<div class=\"elementor-column elementor-col-100 elementor-top-column elementor-element elementor-element-c0afc93\" data-id=\"c0afc93\" data-element_type=\"column\" data-e-type=\"column\">\n\t\t\t<div class=\"elementor-widget-wrap elementor-element-populated\">\n\t\t\t\t\t\t<div class=\"elementor-element elementor-element-3b637a1 elementor-widget elementor-widget-image-gallery\" data-id=\"3b637a1\" data-element_type=\"widget\" data-e-type=\"widget\" data-widget_type=\"image-gallery.default\">\n\t\t\t\t<div class=\"elementor-widget-container\">\n\t\t\t\t\t\t\t<div class=\"elementor-image-gallery\">\n\t\t\t<div id='gallery-1' class='gallery galleryid-58940 gallery-columns-7 gallery-size-thumbnail'><figure class='gallery-item'>\n\t\t\t<div class='gallery-icon portrait'>\n\t\t\t\t<a data-elementor-open-lightbox=\"yes\" data-elementor-lightbox-slideshow=\"3b637a1\" data-elementor-lightbox-title=\"Ochotnicze Hufce Pracy (8)\" data-e-action-hash=\"#elementor-action%3Aaction%3Dlightbox%26settings%3DeyJpZCI6NTg5NzIsInVybCI6Imh0dHBzOlwvXC93d3cubGljaGVuLnBsXC93cC1jb250ZW50XC91cGxvYWRzXC8yMDIzXC8wOVwvT2Nob3RuaWN6ZS1IdWZjZS1QcmFjeS04LmpwZyIsInNsaWRlc2hvdyI6IjNiNjM3YTEifQ%3D%3D\" href='https:\/\/www.lichen.pl\/wp-content\/uploads\/2023\/09\/Ochotnicze-Hufce-Pracy-8.jpg'><img loading=\"lazy\" width=\"150\" height=\"150\" src=\"https:\/\/www.lichen.pl\/wp-content\/uploads\/2023\/09\/Ochotnicze-Hufce-Pracy-8-150x150.jpg\" class=\"attachment-thumbnail size-thumbnail\" alt=\"\" decoding=\"async\" srcset=\"https:\/\/www.lichen.pl\/wp-content\/uploads\/2023\/09\/Ochotnicze-Hufce-Pracy-8-150x150.jpg 150w, https:\/\/www.lichen.pl\/wp-content\/uploads\/2023\/09\/Ochotnicze-Hufce-Pracy-8-300x300.jpg 300w\" sizes=\"(max-width: 150px) 100vw, 150px\" \/><\/a>\n\t\t\t<\/div><\/figure><figure class='gallery-item'>\n\t\t\t<div class='gallery-icon landscape'>\n\t\t\t\t<a data-elementor-open-lightbox=\"yes\" data-elementor-lightbox-slideshow=\"3b637a1\" data-elementor-lightbox-title=\"Ochotnicze Hufce Pracy (9)\" data-e-action-hash=\"#elementor-action%3Aaction%3Dlightbox%26settings%3DeyJpZCI6NTg5NzEsInVybCI6Imh0dHBzOlwvXC93d3cubGljaGVuLnBsXC93cC1jb250ZW50XC91cGxvYWRzXC8yMDIzXC8wOVwvT2Nob3RuaWN6ZS1IdWZjZS1QcmFjeS05LmpwZyIsInNsaWRlc2hvdyI6IjNiNjM3YTEifQ%3D%3D\" href='https:\/\/www.lichen.pl\/wp-content\/uploads\/2023\/09\/Ochotnicze-Hufce-Pracy-9.jpg'><img loading=\"lazy\" width=\"150\" height=\"150\" src=\"https:\/\/www.lichen.pl\/wp-content\/uploads\/2023\/09\/Ochotnicze-Hufce-Pracy-9-150x150.jpg\" class=\"attachment-thumbnail size-thumbnail\" alt=\"\" decoding=\"async\" srcset=\"https:\/\/www.lichen.pl\/wp-content\/uploads\/2023\/09\/Ochotnicze-Hufce-Pracy-9-150x150.jpg 150w, https:\/\/www.lichen.pl\/wp-content\/uploads\/2023\/09\/Ochotnicze-Hufce-Pracy-9-300x300.jpg 300w\" sizes=\"(max-width: 150px) 100vw, 150px\" \/><\/a>\n\t\t\t<\/div><\/figure><figure class='gallery-item'>\n\t\t\t<div class='gallery-icon landscape'>\n\t\t\t\t<a data-elementor-open-lightbox=\"yes\" data-elementor-lightbox-slideshow=\"3b637a1\" data-elementor-lightbox-title=\"Ochotnicze Hufce Pracy (10)\" data-e-action-hash=\"#elementor-action%3Aaction%3Dlightbox%26settings%3DeyJpZCI6NTg5NzAsInVybCI6Imh0dHBzOlwvXC93d3cubGljaGVuLnBsXC93cC1jb250ZW50XC91cGxvYWRzXC8yMDIzXC8wOVwvT2Nob3RuaWN6ZS1IdWZjZS1QcmFjeS0xMC5qcGciLCJzbGlkZXNob3ciOiIzYjYzN2ExIn0%3D\" href='https:\/\/www.lichen.pl\/wp-content\/uploads\/2023\/09\/Ochotnicze-Hufce-Pracy-10.jpg'><img loading=\"lazy\" width=\"150\" height=\"150\" src=\"https:\/\/www.lichen.pl\/wp-content\/uploads\/2023\/09\/Ochotnicze-Hufce-Pracy-10-150x150.jpg\" class=\"attachment-thumbnail size-thumbnail\" alt=\"\" decoding=\"async\" srcset=\"https:\/\/www.lichen.pl\/wp-content\/uploads\/2023\/09\/Ochotnicze-Hufce-Pracy-10-150x150.jpg 150w, https:\/\/www.lichen.pl\/wp-content\/uploads\/2023\/09\/Ochotnicze-Hufce-Pracy-10-300x300.jpg 300w\" sizes=\"(max-width: 150px) 100vw, 150px\" \/><\/a>\n\t\t\t<\/div><\/figure><figure class='gallery-item'>\n\t\t\t<div class='gallery-icon landscape'>\n\t\t\t\t<a data-elementor-open-lightbox=\"yes\" data-elementor-lightbox-slideshow=\"3b637a1\" data-elementor-lightbox-title=\"Ochotnicze Hufce Pracy (11)\" data-e-action-hash=\"#elementor-action%3Aaction%3Dlightbox%26settings%3DeyJpZCI6NTg5NjksInVybCI6Imh0dHBzOlwvXC93d3cubGljaGVuLnBsXC93cC1jb250ZW50XC91cGxvYWRzXC8yMDIzXC8wOVwvT2Nob3RuaWN6ZS1IdWZjZS1QcmFjeS0xMS5qcGciLCJzbGlkZXNob3ciOiIzYjYzN2ExIn0%3D\" href='https:\/\/www.lichen.pl\/wp-content\/uploads\/2023\/09\/Ochotnicze-Hufce-Pracy-11.jpg'><img loading=\"lazy\" width=\"150\" height=\"150\" src=\"https:\/\/www.lichen.pl\/wp-content\/uploads\/2023\/09\/Ochotnicze-Hufce-Pracy-11-150x150.jpg\" class=\"attachment-thumbnail size-thumbnail\" alt=\"\" decoding=\"async\" srcset=\"https:\/\/www.lichen.pl\/wp-content\/uploads\/2023\/09\/Ochotnicze-Hufce-Pracy-11-150x150.jpg 150w, https:\/\/www.lichen.pl\/wp-content\/uploads\/2023\/09\/Ochotnicze-Hufce-Pracy-11-300x300.jpg 300w\" sizes=\"(max-width: 150px) 100vw, 150px\" \/><\/a>\n\t\t\t<\/div><\/figure><figure class='gallery-item'>\n\t\t\t<div class='gallery-icon landscape'>\n\t\t\t\t<a data-elementor-open-lightbox=\"yes\" data-elementor-lightbox-slideshow=\"3b637a1\" data-elementor-lightbox-title=\"Ochotnicze Hufce Pracy (12)\" data-e-action-hash=\"#elementor-action%3Aaction%3Dlightbox%26settings%3DeyJpZCI6NTg5NjgsInVybCI6Imh0dHBzOlwvXC93d3cubGljaGVuLnBsXC93cC1jb250ZW50XC91cGxvYWRzXC8yMDIzXC8wOVwvT2Nob3RuaWN6ZS1IdWZjZS1QcmFjeS0xMi5qcGciLCJzbGlkZXNob3ciOiIzYjYzN2ExIn0%3D\" href='https:\/\/www.lichen.pl\/wp-content\/uploads\/2023\/09\/Ochotnicze-Hufce-Pracy-12.jpg'><img loading=\"lazy\" width=\"150\" height=\"150\" src=\"https:\/\/www.lichen.pl\/wp-content\/uploads\/2023\/09\/Ochotnicze-Hufce-Pracy-12-150x150.jpg\" class=\"attachment-thumbnail size-thumbnail\" alt=\"\" decoding=\"async\" srcset=\"https:\/\/www.lichen.pl\/wp-content\/uploads\/2023\/09\/Ochotnicze-Hufce-Pracy-12-150x150.jpg 150w, https:\/\/www.lichen.pl\/wp-content\/uploads\/2023\/09\/Ochotnicze-Hufce-Pracy-12-300x300.jpg 300w\" sizes=\"(max-width: 150px) 100vw, 150px\" \/><\/a>\n\t\t\t<\/div><\/figure><figure class='gallery-item'>\n\t\t\t<div class='gallery-icon portrait'>\n\t\t\t\t<a data-elementor-open-lightbox=\"yes\" data-elementor-lightbox-slideshow=\"3b637a1\" data-elementor-lightbox-title=\"Ochotnicze Hufce Pracy (13)\" data-e-action-hash=\"#elementor-action%3Aaction%3Dlightbox%26settings%3DeyJpZCI6NTg5NjcsInVybCI6Imh0dHBzOlwvXC93d3cubGljaGVuLnBsXC93cC1jb250ZW50XC91cGxvYWRzXC8yMDIzXC8wOVwvT2Nob3RuaWN6ZS1IdWZjZS1QcmFjeS0xMy5qcGciLCJzbGlkZXNob3ciOiIzYjYzN2ExIn0%3D\" href='https:\/\/www.lichen.pl\/wp-content\/uploads\/2023\/09\/Ochotnicze-Hufce-Pracy-13.jpg'><img loading=\"lazy\" width=\"150\" height=\"150\" src=\"https:\/\/www.lichen.pl\/wp-content\/uploads\/2023\/09\/Ochotnicze-Hufce-Pracy-13-150x150.jpg\" class=\"attachment-thumbnail size-thumbnail\" alt=\"\" decoding=\"async\" srcset=\"https:\/\/www.lichen.pl\/wp-content\/uploads\/2023\/09\/Ochotnicze-Hufce-Pracy-13-150x150.jpg 150w, https:\/\/www.lichen.pl\/wp-content\/uploads\/2023\/09\/Ochotnicze-Hufce-Pracy-13-300x300.jpg 300w\" sizes=\"(max-width: 150px) 100vw, 150px\" \/><\/a>\n\t\t\t<\/div><\/figure><figure class='gallery-item'>\n\t\t\t<div class='gallery-icon landscape'>\n\t\t\t\t<a data-elementor-open-lightbox=\"yes\" data-elementor-lightbox-slideshow=\"3b637a1\" data-elementor-lightbox-title=\"Ochotnicze Hufce Pracy (16)\" data-e-action-hash=\"#elementor-action%3Aaction%3Dlightbox%26settings%3DeyJpZCI6NTg5NjYsInVybCI6Imh0dHBzOlwvXC93d3cubGljaGVuLnBsXC93cC1jb250ZW50XC91cGxvYWRzXC8yMDIzXC8wOVwvT2Nob3RuaWN6ZS1IdWZjZS1QcmFjeS0xNi5qcGciLCJzbGlkZXNob3ciOiIzYjYzN2ExIn0%3D\" href='https:\/\/www.lichen.pl\/wp-content\/uploads\/2023\/09\/Ochotnicze-Hufce-Pracy-16.jpg'><img loading=\"lazy\" width=\"150\" height=\"150\" src=\"https:\/\/www.lichen.pl\/wp-content\/uploads\/2023\/09\/Ochotnicze-Hufce-Pracy-16-150x150.jpg\" class=\"attachment-thumbnail size-thumbnail\" alt=\"\" decoding=\"async\" srcset=\"https:\/\/www.lichen.pl\/wp-content\/uploads\/2023\/09\/Ochotnicze-Hufce-Pracy-16-150x150.jpg 150w, https:\/\/www.lichen.pl\/wp-content\/uploads\/2023\/09\/Ochotnicze-Hufce-Pracy-16-300x300.jpg 300w\" sizes=\"(max-width: 150px) 100vw, 150px\" \/><\/a>\n\t\t\t<\/div><\/figure><figure class='gallery-item'>\n\t\t\t<div class='gallery-icon landscape'>\n\t\t\t\t<a data-elementor-open-lightbox=\"yes\" data-elementor-lightbox-slideshow=\"3b637a1\" data-elementor-lightbox-title=\"Ochotnicze Hufce Pracy (17)\" data-e-action-hash=\"#elementor-action%3Aaction%3Dlightbox%26settings%3DeyJpZCI6NTg5NjUsInVybCI6Imh0dHBzOlwvXC93d3cubGljaGVuLnBsXC93cC1jb250ZW50XC91cGxvYWRzXC8yMDIzXC8wOVwvT2Nob3RuaWN6ZS1IdWZjZS1QcmFjeS0xNy5qcGciLCJzbGlkZXNob3ciOiIzYjYzN2ExIn0%3D\" href='https:\/\/www.lichen.pl\/wp-content\/uploads\/2023\/09\/Ochotnicze-Hufce-Pracy-17.jpg'><img loading=\"lazy\" width=\"150\" height=\"150\" src=\"https:\/\/www.lichen.pl\/wp-content\/uploads\/2023\/09\/Ochotnicze-Hufce-Pracy-17-150x150.jpg\" class=\"attachment-thumbnail size-thumbnail\" alt=\"\" decoding=\"async\" srcset=\"https:\/\/www.lichen.pl\/wp-content\/uploads\/2023\/09\/Ochotnicze-Hufce-Pracy-17-150x150.jpg 150w, https:\/\/www.lichen.pl\/wp-content\/uploads\/2023\/09\/Ochotnicze-Hufce-Pracy-17-300x300.jpg 300w\" sizes=\"(max-width: 150px) 100vw, 150px\" \/><\/a>\n\t\t\t<\/div><\/figure><figure class='gallery-item'>\n\t\t\t<div class='gallery-icon landscape'>\n\t\t\t\t<a data-elementor-open-lightbox=\"yes\" data-elementor-lightbox-slideshow=\"3b637a1\" data-elementor-lightbox-title=\"Ochotnicze Hufce Pracy (20)\" data-e-action-hash=\"#elementor-action%3Aaction%3Dlightbox%26settings%3DeyJpZCI6NTg5NjQsInVybCI6Imh0dHBzOlwvXC93d3cubGljaGVuLnBsXC93cC1jb250ZW50XC91cGxvYWRzXC8yMDIzXC8wOVwvT2Nob3RuaWN6ZS1IdWZjZS1QcmFjeS0yMC5qcGciLCJzbGlkZXNob3ciOiIzYjYzN2ExIn0%3D\" href='https:\/\/www.lichen.pl\/wp-content\/uploads\/2023\/09\/Ochotnicze-Hufce-Pracy-20.jpg'><img loading=\"lazy\" width=\"150\" height=\"150\" src=\"https:\/\/www.lichen.pl\/wp-content\/uploads\/2023\/09\/Ochotnicze-Hufce-Pracy-20-150x150.jpg\" class=\"attachment-thumbnail size-thumbnail\" alt=\"\" decoding=\"async\" srcset=\"https:\/\/www.lichen.pl\/wp-content\/uploads\/2023\/09\/Ochotnicze-Hufce-Pracy-20-150x150.jpg 150w, https:\/\/www.lichen.pl\/wp-content\/uploads\/2023\/09\/Ochotnicze-Hufce-Pracy-20-300x300.jpg 300w\" sizes=\"(max-width: 150px) 100vw, 150px\" \/><\/a>\n\t\t\t<\/div><\/figure><figure class='gallery-item'>\n\t\t\t<div class='gallery-icon landscape'>\n\t\t\t\t<a data-elementor-open-lightbox=\"yes\" data-elementor-lightbox-slideshow=\"3b637a1\" data-elementor-lightbox-title=\"Ochotnicze Hufce Pracy (22)\" data-e-action-hash=\"#elementor-action%3Aaction%3Dlightbox%26settings%3DeyJpZCI6NTg5NjMsInVybCI6Imh0dHBzOlwvXC93d3cubGljaGVuLnBsXC93cC1jb250ZW50XC91cGxvYWRzXC8yMDIzXC8wOVwvT2Nob3RuaWN6ZS1IdWZjZS1QcmFjeS0yMi5qcGciLCJzbGlkZXNob3ciOiIzYjYzN2ExIn0%3D\" href='https:\/\/www.lichen.pl\/wp-content\/uploads\/2023\/09\/Ochotnicze-Hufce-Pracy-22.jpg'><img loading=\"lazy\" width=\"150\" height=\"150\" src=\"https:\/\/www.lichen.pl\/wp-content\/uploads\/2023\/09\/Ochotnicze-Hufce-Pracy-22-150x150.jpg\" class=\"attachment-thumbnail size-thumbnail\" alt=\"\" decoding=\"async\" srcset=\"https:\/\/www.lichen.pl\/wp-content\/uploads\/2023\/09\/Ochotnicze-Hufce-Pracy-22-150x150.jpg 150w, https:\/\/www.lichen.pl\/wp-content\/uploads\/2023\/09\/Ochotnicze-Hufce-Pracy-22-300x300.jpg 300w\" sizes=\"(max-width: 150px) 100vw, 150px\" \/><\/a>\n\t\t\t<\/div><\/figure><figure class='gallery-item'>\n\t\t\t<div class='gallery-icon landscape'>\n\t\t\t\t<a data-elementor-open-lightbox=\"yes\" data-elementor-lightbox-slideshow=\"3b637a1\" data-elementor-lightbox-title=\"Ochotnicze Hufce Pracy (24)\" data-e-action-hash=\"#elementor-action%3Aaction%3Dlightbox%26settings%3DeyJpZCI6NTg5NjEsInVybCI6Imh0dHBzOlwvXC93d3cubGljaGVuLnBsXC93cC1jb250ZW50XC91cGxvYWRzXC8yMDIzXC8wOVwvT2Nob3RuaWN6ZS1IdWZjZS1QcmFjeS0yNC5qcGciLCJzbGlkZXNob3ciOiIzYjYzN2ExIn0%3D\" href='https:\/\/www.lichen.pl\/wp-content\/uploads\/2023\/09\/Ochotnicze-Hufce-Pracy-24.jpg'><img loading=\"lazy\" width=\"150\" height=\"150\" src=\"https:\/\/www.lichen.pl\/wp-content\/uploads\/2023\/09\/Ochotnicze-Hufce-Pracy-24-150x150.jpg\" class=\"attachment-thumbnail size-thumbnail\" alt=\"\" decoding=\"async\" srcset=\"https:\/\/www.lichen.pl\/wp-content\/uploads\/2023\/09\/Ochotnicze-Hufce-Pracy-24-150x150.jpg 150w, https:\/\/www.lichen.pl\/wp-content\/uploads\/2023\/09\/Ochotnicze-Hufce-Pracy-24-300x300.jpg 300w\" sizes=\"(max-width: 150px) 100vw, 150px\" \/><\/a>\n\t\t\t<\/div><\/figure><figure class='gallery-item'>\n\t\t\t<div class='gallery-icon landscape'>\n\t\t\t\t<a data-elementor-open-lightbox=\"yes\" data-elementor-lightbox-slideshow=\"3b637a1\" data-elementor-lightbox-title=\"Ochotnicze Hufce Pracy (26)\" data-e-action-hash=\"#elementor-action%3Aaction%3Dlightbox%26settings%3DeyJpZCI6NTg5NjAsInVybCI6Imh0dHBzOlwvXC93d3cubGljaGVuLnBsXC93cC1jb250ZW50XC91cGxvYWRzXC8yMDIzXC8wOVwvT2Nob3RuaWN6ZS1IdWZjZS1QcmFjeS0yNi5qcGciLCJzbGlkZXNob3ciOiIzYjYzN2ExIn0%3D\" href='https:\/\/www.lichen.pl\/wp-content\/uploads\/2023\/09\/Ochotnicze-Hufce-Pracy-26.jpg'><img loading=\"lazy\" width=\"150\" height=\"150\" src=\"https:\/\/www.lichen.pl\/wp-content\/uploads\/2023\/09\/Ochotnicze-Hufce-Pracy-26-150x150.jpg\" class=\"attachment-thumbnail size-thumbnail\" alt=\"\" decoding=\"async\" srcset=\"https:\/\/www.lichen.pl\/wp-content\/uploads\/2023\/09\/Ochotnicze-Hufce-Pracy-26-150x150.jpg 150w, https:\/\/www.lichen.pl\/wp-content\/uploads\/2023\/09\/Ochotnicze-Hufce-Pracy-26-300x300.jpg 300w\" sizes=\"(max-width: 150px) 100vw, 150px\" \/><\/a>\n\t\t\t<\/div><\/figure><figure class='gallery-item'>\n\t\t\t<div class='gallery-icon landscape'>\n\t\t\t\t<a data-elementor-open-lightbox=\"yes\" data-elementor-lightbox-slideshow=\"3b637a1\" data-elementor-lightbox-title=\"Ochotnicze Hufce Pracy (27)\" data-e-action-hash=\"#elementor-action%3Aaction%3Dlightbox%26settings%3DeyJpZCI6NTg5NTksInVybCI6Imh0dHBzOlwvXC93d3cubGljaGVuLnBsXC93cC1jb250ZW50XC91cGxvYWRzXC8yMDIzXC8wOVwvT2Nob3RuaWN6ZS1IdWZjZS1QcmFjeS0yNy5qcGciLCJzbGlkZXNob3ciOiIzYjYzN2ExIn0%3D\" href='https:\/\/www.lichen.pl\/wp-content\/uploads\/2023\/09\/Ochotnicze-Hufce-Pracy-27.jpg'><img loading=\"lazy\" width=\"150\" height=\"150\" src=\"https:\/\/www.lichen.pl\/wp-content\/uploads\/2023\/09\/Ochotnicze-Hufce-Pracy-27-150x150.jpg\" class=\"attachment-thumbnail size-thumbnail\" alt=\"\" decoding=\"async\" srcset=\"https:\/\/www.lichen.pl\/wp-content\/uploads\/2023\/09\/Ochotnicze-Hufce-Pracy-27-150x150.jpg 150w, https:\/\/www.lichen.pl\/wp-content\/uploads\/2023\/09\/Ochotnicze-Hufce-Pracy-27-300x300.jpg 300w\" sizes=\"(max-width: 150px) 100vw, 150px\" \/><\/a>\n\t\t\t<\/div><\/figure><figure class='gallery-item'>\n\t\t\t<div class='gallery-icon landscape'>\n\t\t\t\t<a data-elementor-open-lightbox=\"yes\" data-elementor-lightbox-slideshow=\"3b637a1\" data-elementor-lightbox-title=\"Ochotnicze Hufce Pracy\" data-e-action-hash=\"#elementor-action%3Aaction%3Dlightbox%26settings%3DeyJpZCI6NTg5NDEsInVybCI6Imh0dHBzOlwvXC93d3cubGljaGVuLnBsXC93cC1jb250ZW50XC91cGxvYWRzXC8yMDIzXC8wOVwvSU1HXzU4NDIuanBnIiwic2xpZGVzaG93IjoiM2I2MzdhMSJ9\" href='https:\/\/www.lichen.pl\/wp-content\/uploads\/2023\/09\/IMG_5842.jpg'><img loading=\"lazy\" width=\"150\" height=\"150\" src=\"https:\/\/www.lichen.pl\/wp-content\/uploads\/2023\/09\/IMG_5842-150x150.jpg\" class=\"attachment-thumbnail size-thumbnail\" alt=\"\" decoding=\"async\" srcset=\"https:\/\/www.lichen.pl\/wp-content\/uploads\/2023\/09\/IMG_5842-150x150.jpg 150w, https:\/\/www.lichen.pl\/wp-content\/uploads\/2023\/09\/IMG_5842-300x300.jpg 300w\" sizes=\"(max-width: 150px) 100vw, 150px\" \/><\/a>\n\t\t\t<\/div><\/figure><figure class='gallery-item'>\n\t\t\t<div class='gallery-icon landscape'>\n\t\t\t\t<a data-elementor-open-lightbox=\"yes\" data-elementor-lightbox-slideshow=\"3b637a1\" data-elementor-lightbox-title=\"Ochotnicze Hufce Pracy (30)\" data-e-action-hash=\"#elementor-action%3Aaction%3Dlightbox%26settings%3DeyJpZCI6NTg5NTcsInVybCI6Imh0dHBzOlwvXC93d3cubGljaGVuLnBsXC93cC1jb250ZW50XC91cGxvYWRzXC8yMDIzXC8wOVwvT2Nob3RuaWN6ZS1IdWZjZS1QcmFjeS0zMC5qcGciLCJzbGlkZXNob3ciOiIzYjYzN2ExIn0%3D\" href='https:\/\/www.lichen.pl\/wp-content\/uploads\/2023\/09\/Ochotnicze-Hufce-Pracy-30.jpg'><img loading=\"lazy\" width=\"150\" height=\"150\" src=\"https:\/\/www.lichen.pl\/wp-content\/uploads\/2023\/09\/Ochotnicze-Hufce-Pracy-30-150x150.jpg\" class=\"attachment-thumbnail size-thumbnail\" alt=\"\" decoding=\"async\" srcset=\"https:\/\/www.lichen.pl\/wp-content\/uploads\/2023\/09\/Ochotnicze-Hufce-Pracy-30-150x150.jpg 150w, https:\/\/www.lichen.pl\/wp-content\/uploads\/2023\/09\/Ochotnicze-Hufce-Pracy-30-300x300.jpg 300w\" sizes=\"(max-width: 150px) 100vw, 150px\" \/><\/a>\n\t\t\t<\/div><\/figure><figure class='gallery-item'>\n\t\t\t<div class='gallery-icon landscape'>\n\t\t\t\t<a data-elementor-open-lightbox=\"yes\" data-elementor-lightbox-slideshow=\"3b637a1\" data-elementor-lightbox-title=\"Ochotnicze Hufce Pracy (31)\" data-e-action-hash=\"#elementor-action%3Aaction%3Dlightbox%26settings%3DeyJpZCI6NTg5NTYsInVybCI6Imh0dHBzOlwvXC93d3cubGljaGVuLnBsXC93cC1jb250ZW50XC91cGxvYWRzXC8yMDIzXC8wOVwvT2Nob3RuaWN6ZS1IdWZjZS1QcmFjeS0zMS5qcGciLCJzbGlkZXNob3ciOiIzYjYzN2ExIn0%3D\" href='https:\/\/www.lichen.pl\/wp-content\/uploads\/2023\/09\/Ochotnicze-Hufce-Pracy-31.jpg'><img loading=\"lazy\" width=\"150\" height=\"150\" src=\"https:\/\/www.lichen.pl\/wp-content\/uploads\/2023\/09\/Ochotnicze-Hufce-Pracy-31-150x150.jpg\" class=\"attachment-thumbnail size-thumbnail\" alt=\"\" decoding=\"async\" srcset=\"https:\/\/www.lichen.pl\/wp-content\/uploads\/2023\/09\/Ochotnicze-Hufce-Pracy-31-150x150.jpg 150w, https:\/\/www.lichen.pl\/wp-content\/uploads\/2023\/09\/Ochotnicze-Hufce-Pracy-31-300x300.jpg 300w\" sizes=\"(max-width: 150px) 100vw, 150px\" \/><\/a>\n\t\t\t<\/div><\/figure><figure class='gallery-item'>\n\t\t\t<div class='gallery-icon landscape'>\n\t\t\t\t<a data-elementor-open-lightbox=\"yes\" data-elementor-lightbox-slideshow=\"3b637a1\" data-elementor-lightbox-title=\"Ochotnicze Hufce Pracy (32)\" data-e-action-hash=\"#elementor-action%3Aaction%3Dlightbox%26settings%3DeyJpZCI6NTg5NTUsInVybCI6Imh0dHBzOlwvXC93d3cubGljaGVuLnBsXC93cC1jb250ZW50XC91cGxvYWRzXC8yMDIzXC8wOVwvT2Nob3RuaWN6ZS1IdWZjZS1QcmFjeS0zMi5qcGciLCJzbGlkZXNob3ciOiIzYjYzN2ExIn0%3D\" href='https:\/\/www.lichen.pl\/wp-content\/uploads\/2023\/09\/Ochotnicze-Hufce-Pracy-32.jpg'><img loading=\"lazy\" width=\"150\" height=\"150\" src=\"https:\/\/www.lichen.pl\/wp-content\/uploads\/2023\/09\/Ochotnicze-Hufce-Pracy-32-150x150.jpg\" class=\"attachment-thumbnail size-thumbnail\" alt=\"\" decoding=\"async\" srcset=\"https:\/\/www.lichen.pl\/wp-content\/uploads\/2023\/09\/Ochotnicze-Hufce-Pracy-32-150x150.jpg 150w, https:\/\/www.lichen.pl\/wp-content\/uploads\/2023\/09\/Ochotnicze-Hufce-Pracy-32-300x300.jpg 300w\" sizes=\"(max-width: 150px) 100vw, 150px\" \/><\/a>\n\t\t\t<\/div><\/figure><figure class='gallery-item'>\n\t\t\t<div class='gallery-icon landscape'>\n\t\t\t\t<a data-elementor-open-lightbox=\"yes\" data-elementor-lightbox-slideshow=\"3b637a1\" data-elementor-lightbox-title=\"Ochotnicze Hufce Pracy (33)\" data-e-action-hash=\"#elementor-action%3Aaction%3Dlightbox%26settings%3DeyJpZCI6NTg5NTQsInVybCI6Imh0dHBzOlwvXC93d3cubGljaGVuLnBsXC93cC1jb250ZW50XC91cGxvYWRzXC8yMDIzXC8wOVwvT2Nob3RuaWN6ZS1IdWZjZS1QcmFjeS0zMy5qcGciLCJzbGlkZXNob3ciOiIzYjYzN2ExIn0%3D\" href='https:\/\/www.lichen.pl\/wp-content\/uploads\/2023\/09\/Ochotnicze-Hufce-Pracy-33.jpg'><img loading=\"lazy\" width=\"150\" height=\"150\" src=\"https:\/\/www.lichen.pl\/wp-content\/uploads\/2023\/09\/Ochotnicze-Hufce-Pracy-33-150x150.jpg\" class=\"attachment-thumbnail size-thumbnail\" alt=\"\" decoding=\"async\" srcset=\"https:\/\/www.lichen.pl\/wp-content\/uploads\/2023\/09\/Ochotnicze-Hufce-Pracy-33-150x150.jpg 150w, https:\/\/www.lichen.pl\/wp-content\/uploads\/2023\/09\/Ochotnicze-Hufce-Pracy-33-300x300.jpg 300w\" sizes=\"(max-width: 150px) 100vw, 150px\" \/><\/a>\n\t\t\t<\/div><\/figure><figure class='gallery-item'>\n\t\t\t<div class='gallery-icon landscape'>\n\t\t\t\t<a data-elementor-open-lightbox=\"yes\" data-elementor-lightbox-slideshow=\"3b637a1\" data-elementor-lightbox-title=\"Ochotnicze Hufce Pracy (34)\" data-e-action-hash=\"#elementor-action%3Aaction%3Dlightbox%26settings%3DeyJpZCI6NTg5NTMsInVybCI6Imh0dHBzOlwvXC93d3cubGljaGVuLnBsXC93cC1jb250ZW50XC91cGxvYWRzXC8yMDIzXC8wOVwvT2Nob3RuaWN6ZS1IdWZjZS1QcmFjeS0zNC5qcGciLCJzbGlkZXNob3ciOiIzYjYzN2ExIn0%3D\" href='https:\/\/www.lichen.pl\/wp-content\/uploads\/2023\/09\/Ochotnicze-Hufce-Pracy-34.jpg'><img loading=\"lazy\" width=\"150\" height=\"150\" src=\"https:\/\/www.lichen.pl\/wp-content\/uploads\/2023\/09\/Ochotnicze-Hufce-Pracy-34-150x150.jpg\" class=\"attachment-thumbnail size-thumbnail\" alt=\"\" decoding=\"async\" srcset=\"https:\/\/www.lichen.pl\/wp-content\/uploads\/2023\/09\/Ochotnicze-Hufce-Pracy-34-150x150.jpg 150w, https:\/\/www.lichen.pl\/wp-content\/uploads\/2023\/09\/Ochotnicze-Hufce-Pracy-34-300x300.jpg 300w\" sizes=\"(max-width: 150px) 100vw, 150px\" \/><\/a>\n\t\t\t<\/div><\/figure><figure class='gallery-item'>\n\t\t\t<div class='gallery-icon landscape'>\n\t\t\t\t<a data-elementor-open-lightbox=\"yes\" data-elementor-lightbox-slideshow=\"3b637a1\" data-elementor-lightbox-title=\"Ochotnicze Hufce Pracy (35)\" data-e-action-hash=\"#elementor-action%3Aaction%3Dlightbox%26settings%3DeyJpZCI6NTg5NTIsInVybCI6Imh0dHBzOlwvXC93d3cubGljaGVuLnBsXC93cC1jb250ZW50XC91cGxvYWRzXC8yMDIzXC8wOVwvT2Nob3RuaWN6ZS1IdWZjZS1QcmFjeS0zNS5qcGciLCJzbGlkZXNob3ciOiIzYjYzN2ExIn0%3D\" href='https:\/\/www.lichen.pl\/wp-content\/uploads\/2023\/09\/Ochotnicze-Hufce-Pracy-35.jpg'><img loading=\"lazy\" width=\"150\" height=\"150\" src=\"https:\/\/www.lichen.pl\/wp-content\/uploads\/2023\/09\/Ochotnicze-Hufce-Pracy-35-150x150.jpg\" class=\"attachment-thumbnail size-thumbnail\" alt=\"\" decoding=\"async\" srcset=\"https:\/\/www.lichen.pl\/wp-content\/uploads\/2023\/09\/Ochotnicze-Hufce-Pracy-35-150x150.jpg 150w, https:\/\/www.lichen.pl\/wp-content\/uploads\/2023\/09\/Ochotnicze-Hufce-Pracy-35-300x300.jpg 300w\" sizes=\"(max-width: 150px) 100vw, 150px\" \/><\/a>\n\t\t\t<\/div><\/figure><figure class='gallery-item'>\n\t\t\t<div class='gallery-icon landscape'>\n\t\t\t\t<a data-elementor-open-lightbox=\"yes\" data-elementor-lightbox-slideshow=\"3b637a1\" data-elementor-lightbox-title=\"Ochotnicze Hufce Pracy (37)\" data-e-action-hash=\"#elementor-action%3Aaction%3Dlightbox%26settings%3DeyJpZCI6NTg5NTEsInVybCI6Imh0dHBzOlwvXC93d3cubGljaGVuLnBsXC93cC1jb250ZW50XC91cGxvYWRzXC8yMDIzXC8wOVwvT2Nob3RuaWN6ZS1IdWZjZS1QcmFjeS0zNy5qcGciLCJzbGlkZXNob3ciOiIzYjYzN2ExIn0%3D\" href='https:\/\/www.lichen.pl\/wp-content\/uploads\/2023\/09\/Ochotnicze-Hufce-Pracy-37.jpg'><img loading=\"lazy\" width=\"150\" height=\"150\" src=\"https:\/\/www.lichen.pl\/wp-content\/uploads\/2023\/09\/Ochotnicze-Hufce-Pracy-37-150x150.jpg\" class=\"attachment-thumbnail size-thumbnail\" alt=\"\" decoding=\"async\" srcset=\"https:\/\/www.lichen.pl\/wp-content\/uploads\/2023\/09\/Ochotnicze-Hufce-Pracy-37-150x150.jpg 150w, https:\/\/www.lichen.pl\/wp-content\/uploads\/2023\/09\/Ochotnicze-Hufce-Pracy-37-300x300.jpg 300w\" sizes=\"(max-width: 150px) 100vw, 150px\" \/><\/a>\n\t\t\t<\/div><\/figure><figure class='gallery-item'>\n\t\t\t<div class='gallery-icon portrait'>\n\t\t\t\t<a data-elementor-open-lightbox=\"yes\" data-elementor-lightbox-slideshow=\"3b637a1\" data-elementor-lightbox-title=\"Ochotnicze Hufce Pracy (41)\" data-e-action-hash=\"#elementor-action%3Aaction%3Dlightbox%26settings%3DeyJpZCI6NTg5NDksInVybCI6Imh0dHBzOlwvXC93d3cubGljaGVuLnBsXC93cC1jb250ZW50XC91cGxvYWRzXC8yMDIzXC8wOVwvT2Nob3RuaWN6ZS1IdWZjZS1QcmFjeS00MS5qcGciLCJzbGlkZXNob3ciOiIzYjYzN2ExIn0%3D\" href='https:\/\/www.lichen.pl\/wp-content\/uploads\/2023\/09\/Ochotnicze-Hufce-Pracy-41.jpg'><img loading=\"lazy\" width=\"150\" height=\"150\" src=\"https:\/\/www.lichen.pl\/wp-content\/uploads\/2023\/09\/Ochotnicze-Hufce-Pracy-41-150x150.jpg\" class=\"attachment-thumbnail size-thumbnail\" alt=\"\" decoding=\"async\" srcset=\"https:\/\/www.lichen.pl\/wp-content\/uploads\/2023\/09\/Ochotnicze-Hufce-Pracy-41-150x150.jpg 150w, https:\/\/www.lichen.pl\/wp-content\/uploads\/2023\/09\/Ochotnicze-Hufce-Pracy-41-300x300.jpg 300w\" sizes=\"(max-width: 150px) 100vw, 150px\" \/><\/a>\n\t\t\t<\/div><\/figure><figure class='gallery-item'>\n\t\t\t<div class='gallery-icon landscape'>\n\t\t\t\t<a data-elementor-open-lightbox=\"yes\" data-elementor-lightbox-slideshow=\"3b637a1\" data-elementor-lightbox-title=\"Ochotnicze Hufce Pracy (44)\" data-e-action-hash=\"#elementor-action%3Aaction%3Dlightbox%26settings%3DeyJpZCI6NTg5NDgsInVybCI6Imh0dHBzOlwvXC93d3cubGljaGVuLnBsXC93cC1jb250ZW50XC91cGxvYWRzXC8yMDIzXC8wOVwvT2Nob3RuaWN6ZS1IdWZjZS1QcmFjeS00NC5qcGciLCJzbGlkZXNob3ciOiIzYjYzN2ExIn0%3D\" href='https:\/\/www.lichen.pl\/wp-content\/uploads\/2023\/09\/Ochotnicze-Hufce-Pracy-44.jpg'><img loading=\"lazy\" width=\"150\" height=\"150\" src=\"https:\/\/www.lichen.pl\/wp-content\/uploads\/2023\/09\/Ochotnicze-Hufce-Pracy-44-150x150.jpg\" class=\"attachment-thumbnail size-thumbnail\" alt=\"\" decoding=\"async\" srcset=\"https:\/\/www.lichen.pl\/wp-content\/uploads\/2023\/09\/Ochotnicze-Hufce-Pracy-44-150x150.jpg 150w, https:\/\/www.lichen.pl\/wp-content\/uploads\/2023\/09\/Ochotnicze-Hufce-Pracy-44-300x300.jpg 300w\" sizes=\"(max-width: 150px) 100vw, 150px\" \/><\/a>\n\t\t\t<\/div><\/figure><figure class='gallery-item'>\n\t\t\t<div class='gallery-icon landscape'>\n\t\t\t\t<a data-elementor-open-lightbox=\"yes\" data-elementor-lightbox-slideshow=\"3b637a1\" data-elementor-lightbox-title=\"Ochotnicze Hufce Pracy (46)\" data-e-action-hash=\"#elementor-action%3Aaction%3Dlightbox%26settings%3DeyJpZCI6NTg5NDcsInVybCI6Imh0dHBzOlwvXC93d3cubGljaGVuLnBsXC93cC1jb250ZW50XC91cGxvYWRzXC8yMDIzXC8wOVwvT2Nob3RuaWN6ZS1IdWZjZS1QcmFjeS00Ni5qcGciLCJzbGlkZXNob3ciOiIzYjYzN2ExIn0%3D\" href='https:\/\/www.lichen.pl\/wp-content\/uploads\/2023\/09\/Ochotnicze-Hufce-Pracy-46.jpg'><img loading=\"lazy\" width=\"150\" height=\"150\" src=\"https:\/\/www.lichen.pl\/wp-content\/uploads\/2023\/09\/Ochotnicze-Hufce-Pracy-46-150x150.jpg\" class=\"attachment-thumbnail size-thumbnail\" alt=\"\" decoding=\"async\" srcset=\"https:\/\/www.lichen.pl\/wp-content\/uploads\/2023\/09\/Ochotnicze-Hufce-Pracy-46-150x150.jpg 150w, https:\/\/www.lichen.pl\/wp-content\/uploads\/2023\/09\/Ochotnicze-Hufce-Pracy-46-300x300.jpg 300w\" sizes=\"(max-width: 150px) 100vw, 150px\" \/><\/a>\n\t\t\t<\/div><\/figure><figure class='gallery-item'>\n\t\t\t<div class='gallery-icon portrait'>\n\t\t\t\t<a data-elementor-open-lightbox=\"yes\" data-elementor-lightbox-slideshow=\"3b637a1\" data-elementor-lightbox-title=\"Ochotnicze Hufce Pracy (1)\" data-e-action-hash=\"#elementor-action%3Aaction%3Dlightbox%26settings%3DeyJpZCI6NTg5NDYsInVybCI6Imh0dHBzOlwvXC93d3cubGljaGVuLnBsXC93cC1jb250ZW50XC91cGxvYWRzXC8yMDIzXC8wOVwvT2Nob3RuaWN6ZS1IdWZjZS1QcmFjeS0xLmpwZyIsInNsaWRlc2hvdyI6IjNiNjM3YTEifQ%3D%3D\" href='https:\/\/www.lichen.pl\/wp-content\/uploads\/2023\/09\/Ochotnicze-Hufce-Pracy-1.jpg'><img loading=\"lazy\" width=\"150\" height=\"150\" src=\"https:\/\/www.lichen.pl\/wp-content\/uploads\/2023\/09\/Ochotnicze-Hufce-Pracy-1-150x150.jpg\" class=\"attachment-thumbnail size-thumbnail\" alt=\"\" decoding=\"async\" srcset=\"https:\/\/www.lichen.pl\/wp-content\/uploads\/2023\/09\/Ochotnicze-Hufce-Pracy-1-150x150.jpg 150w, https:\/\/www.lichen.pl\/wp-content\/uploads\/2023\/09\/Ochotnicze-Hufce-Pracy-1-300x300.jpg 300w\" sizes=\"(max-width: 150px) 100vw, 150px\" \/><\/a>\n\t\t\t<\/div><\/figure><figure class='gallery-item'>\n\t\t\t<div class='gallery-icon landscape'>\n\t\t\t\t<a data-elementor-open-lightbox=\"yes\" data-elementor-lightbox-slideshow=\"3b637a1\" data-elementor-lightbox-title=\"Ochotnicze Hufce Pracy (2)\" data-e-action-hash=\"#elementor-action%3Aaction%3Dlightbox%26settings%3DeyJpZCI6NTg5NDUsInVybCI6Imh0dHBzOlwvXC93d3cubGljaGVuLnBsXC93cC1jb250ZW50XC91cGxvYWRzXC8yMDIzXC8wOVwvT2Nob3RuaWN6ZS1IdWZjZS1QcmFjeS0yLmpwZyIsInNsaWRlc2hvdyI6IjNiNjM3YTEifQ%3D%3D\" href='https:\/\/www.lichen.pl\/wp-content\/uploads\/2023\/09\/Ochotnicze-Hufce-Pracy-2.jpg'><img loading=\"lazy\" width=\"150\" height=\"150\" src=\"https:\/\/www.lichen.pl\/wp-content\/uploads\/2023\/09\/Ochotnicze-Hufce-Pracy-2-150x150.jpg\" class=\"attachment-thumbnail size-thumbnail\" alt=\"\" decoding=\"async\" srcset=\"https:\/\/www.lichen.pl\/wp-content\/uploads\/2023\/09\/Ochotnicze-Hufce-Pracy-2-150x150.jpg 150w, https:\/\/www.lichen.pl\/wp-content\/uploads\/2023\/09\/Ochotnicze-Hufce-Pracy-2-300x300.jpg 300w\" sizes=\"(max-width: 150px) 100vw, 150px\" \/><\/a>\n\t\t\t<\/div><\/figure><figure class='gallery-item'>\n\t\t\t<div class='gallery-icon landscape'>\n\t\t\t\t<a data-elementor-open-lightbox=\"yes\" data-elementor-lightbox-slideshow=\"3b637a1\" data-elementor-lightbox-title=\"Ochotnicze Hufce Pracy (3)\" data-e-action-hash=\"#elementor-action%3Aaction%3Dlightbox%26settings%3DeyJpZCI6NTg5NDQsInVybCI6Imh0dHBzOlwvXC93d3cubGljaGVuLnBsXC93cC1jb250ZW50XC91cGxvYWRzXC8yMDIzXC8wOVwvT2Nob3RuaWN6ZS1IdWZjZS1QcmFjeS0zLmpwZyIsInNsaWRlc2hvdyI6IjNiNjM3YTEifQ%3D%3D\" href='https:\/\/www.lichen.pl\/wp-content\/uploads\/2023\/09\/Ochotnicze-Hufce-Pracy-3.jpg'><img loading=\"lazy\" width=\"150\" height=\"150\" src=\"https:\/\/www.lichen.pl\/wp-content\/uploads\/2023\/09\/Ochotnicze-Hufce-Pracy-3-150x150.jpg\" class=\"attachment-thumbnail size-thumbnail\" alt=\"\" decoding=\"async\" srcset=\"https:\/\/www.lichen.pl\/wp-content\/uploads\/2023\/09\/Ochotnicze-Hufce-Pracy-3-150x150.jpg 150w, https:\/\/www.lichen.pl\/wp-content\/uploads\/2023\/09\/Ochotnicze-Hufce-Pracy-3-300x300.jpg 300w\" sizes=\"(max-width: 150px) 100vw, 150px\" \/><\/a>\n\t\t\t<\/div><\/figure>\n\t\t<\/div>\n\t\t<\/div>\n\t\t\t\t\t\t<\/div>\n\t\t\t\t<\/div>\n\t\t\t\t\t<\/div>\n\t\t<\/div>\n\t\t\t\t\t<\/div>\n\t\t<\/section>\n\t\t\t\t<\/div>","protected":false},"excerpt":{"rendered":"<p>Opiece i wstawiennictwu Matki Bo\u017cej nowy rok szkoleniowy powierza\u0142a m\u0142odzie\u017c Ochotniczych Hufc\u00f3w Pracy podczas og\u00f3lnopolskiej inauguracji, kt\u00f3ra odby\u0142a si\u0119 w liche\u0144skim sanktuarium w czwartek, 28 wrze\u015bnia. Ka\u017cdej jesieni osoby rozpoczynaj\u0105ce edukacj\u0119 w OHP sk\u0142adaj\u0105 uroczyste \u015blubowanie podczas inauguracji roku szkoleniowego w liche\u0144skiej bazylice. Odnawiany jest tak\u017ce akt zawierzenia Matce Bo\u017cej. Spotkanie rozpocz\u0119\u0142o si\u0119 na placu [&hellip;]<\/p>\n","protected":false},"author":5,"featured_media":58941,"comment_status":"closed","ping_status":"closed","sticky":false,"template":"","format":"standard","meta":{"footnotes":""},"categories":[1],"tags":[],"class_list":["post-58940","post","type-post","status-publish","format-standard","has-post-thumbnail","hentry","category-aktualnosci","wpbf-post"],"yoast_head":"<!-- This site is optimized with the Yoast SEO plugin v27.4 - https:\/\/yoast.com\/product\/yoast-seo-wordpress\/ -->\n<title>Ochotnicze Hufce Pracy u Matki Bo\u017cej Liche\u0144skiej - SANKTUARIUM W LICHENIU<\/title>\n<meta name=\"robots\" content=\"index, follow, max-snippet:-1, max-image-preview:large, max-video-preview:-1\" \/>\n<link rel=\"canonical\" href=\"https:\/\/www.lichen.pl\/de\/ohp2023\/\" \/>\n<meta property=\"og:locale\" content=\"de_DE\" \/>\n<meta property=\"og:type\" content=\"article\" \/>\n<meta property=\"og:title\" content=\"Ochotnicze Hufce Pracy u Matki Bo\u017cej Liche\u0144skiej - SANKTUARIUM W LICHENIU\" \/>\n<meta property=\"og:description\" content=\"Opiece i wstawiennictwu Matki Bo\u017cej nowy rok szkoleniowy powierza\u0142a m\u0142odzie\u017c Ochotniczych Hufc\u00f3w Pracy podczas og\u00f3lnopolskiej inauguracji, kt\u00f3ra odby\u0142a si\u0119 w liche\u0144skim sanktuarium w czwartek, 28 wrze\u015bnia. Ka\u017cdej jesieni osoby rozpoczynaj\u0105ce edukacj\u0119 w OHP sk\u0142adaj\u0105 uroczyste \u015blubowanie podczas inauguracji roku szkoleniowego w liche\u0144skiej bazylice. Odnawiany jest tak\u017ce akt zawierzenia Matce Bo\u017cej. Spotkanie rozpocz\u0119\u0142o si\u0119 na placu [&hellip;]\" \/>\n<meta property=\"og:url\" content=\"https:\/\/www.lichen.pl\/de\/ohp2023\/\" \/>\n<meta property=\"og:site_name\" content=\"SANKTUARIUM W LICHENIU\" \/>\n<meta property=\"article:published_time\" content=\"2023-09-29T21:09:02+00:00\" \/>\n<meta property=\"article:modified_time\" content=\"2023-10-02T11:02:21+00:00\" \/>\n<meta property=\"og:image\" content=\"https:\/\/www.lichen.pl\/wp-content\/uploads\/2023\/09\/IMG_5842-1024x683.jpg\" \/>\n\t<meta property=\"og:image:width\" content=\"1024\" \/>\n\t<meta property=\"og:image:height\" content=\"683\" \/>\n\t<meta property=\"og:image:type\" content=\"image\/jpeg\" \/>\n<meta name=\"author\" content=\"Justyna Zacharek\" \/>\n<meta name=\"twitter:card\" content=\"summary_large_image\" \/>\n<meta name=\"twitter:label1\" content=\"Verfasst von\" \/>\n\t<meta name=\"twitter:data1\" content=\"Justyna Zacharek\" \/>\n\t<meta name=\"twitter:label2\" content=\"Gesch\u00e4tzte Lesezeit\" \/>\n\t<meta name=\"twitter:data2\" content=\"11\u00a0Minuten\" \/>\n<script type=\"application\/ld+json\" class=\"yoast-schema-graph\">{\"@context\":\"https:\\\/\\\/schema.org\",\"@graph\":[{\"@type\":\"Article\",\"@id\":\"https:\\\/\\\/www.lichen.pl\\\/ohp2023\\\/#article\",\"isPartOf\":{\"@id\":\"https:\\\/\\\/www.lichen.pl\\\/ohp2023\\\/\"},\"author\":{\"name\":\"Justyna Zacharek\",\"@id\":\"https:\\\/\\\/www.lichen.pl\\\/fr\\\/#\\\/schema\\\/person\\\/9f57a1408d363022abd305da0323b703\"},\"headline\":\"Ochotnicze Hufce Pracy u Matki Bo\u017cej Liche\u0144skiej\",\"datePublished\":\"2023-09-29T21:09:02+00:00\",\"dateModified\":\"2023-10-02T11:02:21+00:00\",\"mainEntityOfPage\":{\"@id\":\"https:\\\/\\\/www.lichen.pl\\\/ohp2023\\\/\"},\"wordCount\":879,\"image\":{\"@id\":\"https:\\\/\\\/www.lichen.pl\\\/ohp2023\\\/#primaryimage\"},\"thumbnailUrl\":\"https:\\\/\\\/www.lichen.pl\\\/wp-content\\\/uploads\\\/2023\\\/09\\\/IMG_5842.jpg\",\"articleSection\":[\"Aktualno\u015bci\"],\"inLanguage\":\"de\"},{\"@type\":\"WebPage\",\"@id\":\"https:\\\/\\\/www.lichen.pl\\\/ohp2023\\\/\",\"url\":\"https:\\\/\\\/www.lichen.pl\\\/ohp2023\\\/\",\"name\":\"Ochotnicze Hufce Pracy u Matki Bo\u017cej Liche\u0144skiej - SANKTUARIUM W LICHENIU\",\"isPartOf\":{\"@id\":\"https:\\\/\\\/www.lichen.pl\\\/fr\\\/#website\"},\"primaryImageOfPage\":{\"@id\":\"https:\\\/\\\/www.lichen.pl\\\/ohp2023\\\/#primaryimage\"},\"image\":{\"@id\":\"https:\\\/\\\/www.lichen.pl\\\/ohp2023\\\/#primaryimage\"},\"thumbnailUrl\":\"https:\\\/\\\/www.lichen.pl\\\/wp-content\\\/uploads\\\/2023\\\/09\\\/IMG_5842.jpg\",\"datePublished\":\"2023-09-29T21:09:02+00:00\",\"dateModified\":\"2023-10-02T11:02:21+00:00\",\"author\":{\"@id\":\"https:\\\/\\\/www.lichen.pl\\\/fr\\\/#\\\/schema\\\/person\\\/9f57a1408d363022abd305da0323b703\"},\"breadcrumb\":{\"@id\":\"https:\\\/\\\/www.lichen.pl\\\/ohp2023\\\/#breadcrumb\"},\"inLanguage\":\"de\",\"potentialAction\":[{\"@type\":\"ReadAction\",\"target\":[\"https:\\\/\\\/www.lichen.pl\\\/ohp2023\\\/\"]}]},{\"@type\":\"ImageObject\",\"inLanguage\":\"de\",\"@id\":\"https:\\\/\\\/www.lichen.pl\\\/ohp2023\\\/#primaryimage\",\"url\":\"https:\\\/\\\/www.lichen.pl\\\/wp-content\\\/uploads\\\/2023\\\/09\\\/IMG_5842.jpg\",\"contentUrl\":\"https:\\\/\\\/www.lichen.pl\\\/wp-content\\\/uploads\\\/2023\\\/09\\\/IMG_5842.jpg\",\"width\":1920,\"height\":1280},{\"@type\":\"BreadcrumbList\",\"@id\":\"https:\\\/\\\/www.lichen.pl\\\/ohp2023\\\/#breadcrumb\",\"itemListElement\":[{\"@type\":\"ListItem\",\"position\":1,\"name\":\"Strona g\u0142\u00f3wna\",\"item\":\"https:\\\/\\\/www.lichen.pl\\\/\"},{\"@type\":\"ListItem\",\"position\":2,\"name\":\"Ochotnicze Hufce Pracy u Matki Bo\u017cej Liche\u0144skiej\"}]},{\"@type\":\"WebSite\",\"@id\":\"https:\\\/\\\/www.lichen.pl\\\/fr\\\/#website\",\"url\":\"https:\\\/\\\/www.lichen.pl\\\/fr\\\/\",\"name\":\"SANKTUARIUM W LICHENIU\",\"description\":\"MATKI BO\u017bEJ LICHE\u0143SKIEJ BOLESNEJ KR\u00d3LOWEJ POLSKI\",\"potentialAction\":[{\"@type\":\"SearchAction\",\"target\":{\"@type\":\"EntryPoint\",\"urlTemplate\":\"https:\\\/\\\/www.lichen.pl\\\/fr\\\/?s={search_term_string}\"},\"query-input\":{\"@type\":\"PropertyValueSpecification\",\"valueRequired\":true,\"valueName\":\"search_term_string\"}}],\"inLanguage\":\"de\"},{\"@type\":\"Person\",\"@id\":\"https:\\\/\\\/www.lichen.pl\\\/fr\\\/#\\\/schema\\\/person\\\/9f57a1408d363022abd305da0323b703\",\"name\":\"Justyna Zacharek\",\"image\":{\"@type\":\"ImageObject\",\"inLanguage\":\"de\",\"@id\":\"https:\\\/\\\/secure.gravatar.com\\\/avatar\\\/7be193626a4fb4d6a7d53a7686c3bbf938efff653c427e0182457b838e9d2c3b?s=96&d=retro&r=g\",\"url\":\"https:\\\/\\\/secure.gravatar.com\\\/avatar\\\/7be193626a4fb4d6a7d53a7686c3bbf938efff653c427e0182457b838e9d2c3b?s=96&d=retro&r=g\",\"contentUrl\":\"https:\\\/\\\/secure.gravatar.com\\\/avatar\\\/7be193626a4fb4d6a7d53a7686c3bbf938efff653c427e0182457b838e9d2c3b?s=96&d=retro&r=g\",\"caption\":\"Justyna Zacharek\"},\"url\":\"https:\\\/\\\/www.lichen.pl\\\/de\\\/author\\\/justyna\\\/\"}]}<\/script>\n<!-- \/ Yoast SEO plugin. -->","yoast_head_json":{"title":"Ochotnicze Hufce Pracy u Matki Bo\u017cej Liche\u0144skiej - SANKTUARIUM W LICHENIU","robots":{"index":"index","follow":"follow","max-snippet":"max-snippet:-1","max-image-preview":"max-image-preview:large","max-video-preview":"max-video-preview:-1"},"canonical":"https:\/\/www.lichen.pl\/de\/ohp2023\/","og_locale":"de_DE","og_type":"article","og_title":"Ochotnicze Hufce Pracy u Matki Bo\u017cej Liche\u0144skiej - SANKTUARIUM W LICHENIU","og_description":"Opiece i wstawiennictwu Matki Bo\u017cej nowy rok szkoleniowy powierza\u0142a m\u0142odzie\u017c Ochotniczych Hufc\u00f3w Pracy podczas og\u00f3lnopolskiej inauguracji, kt\u00f3ra odby\u0142a si\u0119 w liche\u0144skim sanktuarium w czwartek, 28 wrze\u015bnia. Ka\u017cdej jesieni osoby rozpoczynaj\u0105ce edukacj\u0119 w OHP sk\u0142adaj\u0105 uroczyste \u015blubowanie podczas inauguracji roku szkoleniowego w liche\u0144skiej bazylice. Odnawiany jest tak\u017ce akt zawierzenia Matce Bo\u017cej. Spotkanie rozpocz\u0119\u0142o si\u0119 na placu [&hellip;]","og_url":"https:\/\/www.lichen.pl\/de\/ohp2023\/","og_site_name":"SANKTUARIUM W LICHENIU","article_published_time":"2023-09-29T21:09:02+00:00","article_modified_time":"2023-10-02T11:02:21+00:00","og_image":[{"width":1024,"height":683,"url":"https:\/\/www.lichen.pl\/wp-content\/uploads\/2023\/09\/IMG_5842-1024x683.jpg","type":"image\/jpeg"}],"author":"Justyna Zacharek","twitter_card":"summary_large_image","twitter_misc":{"Verfasst von":"Justyna Zacharek","Gesch\u00e4tzte Lesezeit":"11\u00a0Minuten"},"schema":{"@context":"https:\/\/schema.org","@graph":[{"@type":"Article","@id":"https:\/\/www.lichen.pl\/ohp2023\/#article","isPartOf":{"@id":"https:\/\/www.lichen.pl\/ohp2023\/"},"author":{"name":"Justyna Zacharek","@id":"https:\/\/www.lichen.pl\/fr\/#\/schema\/person\/9f57a1408d363022abd305da0323b703"},"headline":"Ochotnicze Hufce Pracy u Matki Bo\u017cej Liche\u0144skiej","datePublished":"2023-09-29T21:09:02+00:00","dateModified":"2023-10-02T11:02:21+00:00","mainEntityOfPage":{"@id":"https:\/\/www.lichen.pl\/ohp2023\/"},"wordCount":879,"image":{"@id":"https:\/\/www.lichen.pl\/ohp2023\/#primaryimage"},"thumbnailUrl":"https:\/\/www.lichen.pl\/wp-content\/uploads\/2023\/09\/IMG_5842.jpg","articleSection":["Aktualno\u015bci"],"inLanguage":"de"},{"@type":"WebPage","@id":"https:\/\/www.lichen.pl\/ohp2023\/","url":"https:\/\/www.lichen.pl\/ohp2023\/","name":"Ochotnicze Hufce Pracy u Matki Bo\u017cej Liche\u0144skiej - SANKTUARIUM W LICHENIU","isPartOf":{"@id":"https:\/\/www.lichen.pl\/fr\/#website"},"primaryImageOfPage":{"@id":"https:\/\/www.lichen.pl\/ohp2023\/#primaryimage"},"image":{"@id":"https:\/\/www.lichen.pl\/ohp2023\/#primaryimage"},"thumbnailUrl":"https:\/\/www.lichen.pl\/wp-content\/uploads\/2023\/09\/IMG_5842.jpg","datePublished":"2023-09-29T21:09:02+00:00","dateModified":"2023-10-02T11:02:21+00:00","author":{"@id":"https:\/\/www.lichen.pl\/fr\/#\/schema\/person\/9f57a1408d363022abd305da0323b703"},"breadcrumb":{"@id":"https:\/\/www.lichen.pl\/ohp2023\/#breadcrumb"},"inLanguage":"de","potentialAction":[{"@type":"ReadAction","target":["https:\/\/www.lichen.pl\/ohp2023\/"]}]},{"@type":"ImageObject","inLanguage":"de","@id":"https:\/\/www.lichen.pl\/ohp2023\/#primaryimage","url":"https:\/\/www.lichen.pl\/wp-content\/uploads\/2023\/09\/IMG_5842.jpg","contentUrl":"https:\/\/www.lichen.pl\/wp-content\/uploads\/2023\/09\/IMG_5842.jpg","width":1920,"height":1280},{"@type":"BreadcrumbList","@id":"https:\/\/www.lichen.pl\/ohp2023\/#breadcrumb","itemListElement":[{"@type":"ListItem","position":1,"name":"Strona g\u0142\u00f3wna","item":"https:\/\/www.lichen.pl\/"},{"@type":"ListItem","position":2,"name":"Ochotnicze Hufce Pracy u Matki Bo\u017cej Liche\u0144skiej"}]},{"@type":"WebSite","@id":"https:\/\/www.lichen.pl\/fr\/#website","url":"https:\/\/www.lichen.pl\/fr\/","name":"HEILIGTUM IN LICHENIEN","description":"DIE TRAURIGE K\u00d6NIGIN UNSERER FLECHEN VON POLEN","potentialAction":[{"@type":"SearchAction","target":{"@type":"EntryPoint","urlTemplate":"https:\/\/www.lichen.pl\/fr\/?s={search_term_string}"},"query-input":{"@type":"PropertyValueSpecification","valueRequired":true,"valueName":"search_term_string"}}],"inLanguage":"de"},{"@type":"Person","@id":"https:\/\/www.lichen.pl\/fr\/#\/schema\/person\/9f57a1408d363022abd305da0323b703","name":"Justyna Zacharek","image":{"@type":"ImageObject","inLanguage":"de","@id":"https:\/\/secure.gravatar.com\/avatar\/7be193626a4fb4d6a7d53a7686c3bbf938efff653c427e0182457b838e9d2c3b?s=96&d=retro&r=g","url":"https:\/\/secure.gravatar.com\/avatar\/7be193626a4fb4d6a7d53a7686c3bbf938efff653c427e0182457b838e9d2c3b?s=96&d=retro&r=g","contentUrl":"https:\/\/secure.gravatar.com\/avatar\/7be193626a4fb4d6a7d53a7686c3bbf938efff653c427e0182457b838e9d2c3b?s=96&d=retro&r=g","caption":"Justyna Zacharek"},"url":"https:\/\/www.lichen.pl\/de\/author\/justyna\/"}]}},"_links":{"self":[{"href":"https:\/\/www.lichen.pl\/de\/wp-json\/wp\/v2\/posts\/58940","targetHints":{"allow":["GET"]}}],"collection":[{"href":"https:\/\/www.lichen.pl\/de\/wp-json\/wp\/v2\/posts"}],"about":[{"href":"https:\/\/www.lichen.pl\/de\/wp-json\/wp\/v2\/types\/post"}],"author":[{"embeddable":true,"href":"https:\/\/www.lichen.pl\/de\/wp-json\/wp\/v2\/users\/5"}],"replies":[{"embeddable":true,"href":"https:\/\/www.lichen.pl\/de\/wp-json\/wp\/v2\/comments?post=58940"}],"version-history":[{"count":10,"href":"https:\/\/www.lichen.pl\/de\/wp-json\/wp\/v2\/posts\/58940\/revisions"}],"predecessor-version":[{"id":59114,"href":"https:\/\/www.lichen.pl\/de\/wp-json\/wp\/v2\/posts\/58940\/revisions\/59114"}],"wp:featuredmedia":[{"embeddable":true,"href":"https:\/\/www.lichen.pl\/de\/wp-json\/wp\/v2\/media\/58941"}],"wp:attachment":[{"href":"https:\/\/www.lichen.pl\/de\/wp-json\/wp\/v2\/media?parent=58940"}],"wp:term":[{"taxonomy":"category","embeddable":true,"href":"https:\/\/www.lichen.pl\/de\/wp-json\/wp\/v2\/categories?post=58940"},{"taxonomy":"post_tag","embeddable":true,"href":"https:\/\/www.lichen.pl\/de\/wp-json\/wp\/v2\/tags?post=58940"}],"curies":[{"name":"wp","href":"https:\/\/api.w.org\/{rel}","templated":true}]}}