{"id":61515,"date":"2023-11-19T21:48:58","date_gmt":"2023-11-19T20:48:58","guid":{"rendered":"https:\/\/www.lichen.pl\/?p=61515"},"modified":"2023-11-19T21:51:32","modified_gmt":"2023-11-19T20:51:32","slug":"przelozeni-zakonni-spotkali-sie-w-licheniu","status":"publish","type":"post","link":"https:\/\/www.lichen.pl\/de\/przelozeni-zakonni-spotkali-sie-w-licheniu\/","title":{"rendered":"Prze\u0142ozeni zakonni spotkali si\u0119 w Licheniu"},"content":{"rendered":"<div data-elementor-type=\"wp-post\" data-elementor-id=\"61515\" class=\"elementor elementor-61515\" data-elementor-post-type=\"post\">\n\t\t\t\t\t\t<section class=\"elementor-section elementor-top-section elementor-element elementor-element-d5c11bd elementor-section-boxed elementor-section-height-default elementor-section-height-default\" data-id=\"d5c11bd\" data-element_type=\"section\" data-e-type=\"section\">\n\t\t\t\t\t\t<div class=\"elementor-container elementor-column-gap-default\">\n\t\t\t\t\t<div class=\"elementor-column elementor-col-100 elementor-top-column elementor-element elementor-element-f257a39\" data-id=\"f257a39\" data-element_type=\"column\" data-e-type=\"column\">\n\t\t\t<div class=\"elementor-widget-wrap elementor-element-populated\">\n\t\t\t\t\t\t<div class=\"elementor-element elementor-element-91c9843 elementor-widget elementor-widget-heading\" data-id=\"91c9843\" data-element_type=\"widget\" data-e-type=\"widget\" data-widget_type=\"heading.default\">\n\t\t\t\t<div class=\"elementor-widget-container\">\n\t\t\t\t\t<h2 class=\"elementor-heading-title elementor-size-default\">W sobot\u0119, 18 listopada br. w domu zakonnym Zgromadzenia Ksi\u0119\u017cy Marian\u00f3w w Licheniu Starym  mia\u0142o miejsce spotkanie przedstawicieli zakon\u00f3w m\u0119skich z terenu diecezji w\u0142oc\u0142awskiej.<\/h2>\t\t\t\t<\/div>\n\t\t\t\t<\/div>\n\t\t\t\t<div class=\"elementor-element elementor-element-d15ff21 elementor-widget elementor-widget-image\" data-id=\"d15ff21\" data-element_type=\"widget\" data-e-type=\"widget\" data-widget_type=\"image.default\">\n\t\t\t\t<div class=\"elementor-widget-container\">\n\t\t\t\t\t\t\t\t\t\t\t\t\t\t\t<img fetchpriority=\"high\" decoding=\"async\" width=\"1024\" height=\"768\" src=\"https:\/\/www.lichen.pl\/wp-content\/uploads\/2023\/11\/przelozeni.jpg\" class=\"attachment-large size-large wp-image-61516\" alt=\"\" srcset=\"https:\/\/www.lichen.pl\/wp-content\/uploads\/2023\/11\/przelozeni.jpg 1024w, https:\/\/www.lichen.pl\/wp-content\/uploads\/2023\/11\/przelozeni-800x600.jpg 800w, https:\/\/www.lichen.pl\/wp-content\/uploads\/2023\/11\/przelozeni-300x225.jpg 300w, https:\/\/www.lichen.pl\/wp-content\/uploads\/2023\/11\/przelozeni-768x576.jpg 768w, https:\/\/www.lichen.pl\/wp-content\/uploads\/2023\/11\/przelozeni-16x12.jpg 16w\" sizes=\"(max-width: 1024px) 100vw, 1024px\" \/>\t\t\t\t\t\t\t\t\t\t\t\t\t\t\t<\/div>\n\t\t\t\t<\/div>\n\t\t\t\t<div class=\"elementor-element elementor-element-0714f70 elementor-widget elementor-widget-text-editor\" data-id=\"0714f70\" data-element_type=\"widget\" data-e-type=\"widget\" data-widget_type=\"text-editor.default\">\n\t\t\t\t<div class=\"elementor-widget-container\">\n\t\t\t\t\t\t\t\t\t<p>Pierwszym punktem liche\u0144skiego spotkania by\u0142a konferencja, kt\u00f3r\u0105 do zgromadzonych wyg\u0142osi\u0142 ks. Franciszek Filipiec MIC \u2013 misjonarz pracuj\u0105cy w Afryce. Tematem wiod\u0105cym konferencji by\u0142a refleksja nad wsp\u00f3lnot\u0105 Ko\u015bcio\u0142a opart\u0105 na wierno\u015bci Bo\u017cemu S\u0142owu, modlitwie, sprawowaniu sakrament\u00f3w oraz na \u015bwiadomo\u015bci bycia razem. Prelegent zach\u0119ca\u0142, aby przede wszystkim w dzisiejszym \u015bwiecie, zakonnicy ukazywali pi\u0119kno i bogactwo Ko\u015bcio\u0142a poprzez dawanie \u015bwiadectwa \u017cycia Ewangeli\u0105.<br><\/p>\n<p>Nast\u0119pnie odby\u0142a si\u0119 adoracja Naj\u015bwi\u0119tszego Sakramentu, podczas kt\u00f3rej obecni na spotkaniu zakonnicy mogli skorzysta\u0107 z sakramentu pokuty i pojednania.<\/p>\n<p>W samo po\u0142udnie zakonnicy modlili si\u0119 wsp\u00f3lnie podczas Eucharystii pod przewodnictwem ks. Adama Stankiewicz MIC, prze\u0142o\u017conego liche\u0144skiej wsp\u00f3lnoty zakonnej ksi\u0119\u017cy i braci marian\u00f3w. W homilii nawi\u0105zuj\u0105c do liturgii s\u0142owa, kaznodzieja ukaza\u0142 bogactwo i cechy modlitwy chrze\u015bcijanina.<br>Der letzte Punkt des Treffens war ein gemeinsames Essen, bei dem die M\u00f6nche Gelegenheit hatten, ihre Erfahrungen mit dem Leben im Ordensleben auszutauschen.<\/p>\n<p>W spotkaniu uczestniczyli zakonnicy m.in. z Aleksandrowa Kujawskiego, Brdowa, Radziejowa, Kazimierza Biskupiego, W\u0142oc\u0142awka oraz Lichenia.<br>Kolejne spotkanie zaplanowane jest w styczniu przysz\u0142ego roku r\u00f3wnie\u017c w Licheniu.<\/p>\t\t\t\t\t\t\t\t<\/div>\n\t\t\t\t<\/div>\n\t\t\t\t\t<\/div>\n\t\t<\/div>\n\t\t\t\t\t<\/div>\n\t\t<\/section>\n\t\t\t\t<\/div>","protected":false},"excerpt":{"rendered":"<p>W sobot\u0119, 18 listopada br. w domu zakonnym Zgromadzenia Ksi\u0119\u017cy Marian\u00f3w w Licheniu Starym mia\u0142o miejsce spotkanie przedstawicieli zakon\u00f3w m\u0119skich z terenu diecezji w\u0142oc\u0142awskiej. Pierwszym punktem liche\u0144skiego spotkania by\u0142a konferencja, kt\u00f3r\u0105 do zgromadzonych wyg\u0142osi\u0142 ks. Franciszek Filipiec MIC \u2013 misjonarz pracuj\u0105cy w Afryce. Tematem wiod\u0105cym konferencji by\u0142a refleksja nad wsp\u00f3lnot\u0105 Ko\u015bcio\u0142a opart\u0105 na wierno\u015bci Bo\u017cemu [&hellip;]<\/p>\n","protected":false},"author":5,"featured_media":61516,"comment_status":"closed","ping_status":"closed","sticky":false,"template":"","format":"standard","meta":{"footnotes":""},"categories":[1],"tags":[],"class_list":["post-61515","post","type-post","status-publish","format-standard","has-post-thumbnail","hentry","category-aktualnosci","wpbf-post"],"yoast_head":"<!-- This site is optimized with the Yoast SEO plugin v27.4 - https:\/\/yoast.com\/product\/yoast-seo-wordpress\/ -->\n<title>Prze\u0142ozeni zakonni spotkali si\u0119 w Licheniu - SANKTUARIUM W LICHENIU<\/title>\n<meta name=\"robots\" content=\"index, follow, max-snippet:-1, max-image-preview:large, max-video-preview:-1\" \/>\n<link rel=\"canonical\" href=\"https:\/\/www.lichen.pl\/de\/przelozeni-zakonni-spotkali-sie-w-licheniu\/\" \/>\n<meta property=\"og:locale\" content=\"de_DE\" \/>\n<meta property=\"og:type\" content=\"article\" \/>\n<meta property=\"og:title\" content=\"Prze\u0142ozeni zakonni spotkali si\u0119 w Licheniu - SANKTUARIUM W LICHENIU\" \/>\n<meta property=\"og:description\" content=\"W sobot\u0119, 18 listopada br. w domu zakonnym Zgromadzenia Ksi\u0119\u017cy Marian\u00f3w w Licheniu Starym mia\u0142o miejsce spotkanie przedstawicieli zakon\u00f3w m\u0119skich z terenu diecezji w\u0142oc\u0142awskiej. Pierwszym punktem liche\u0144skiego spotkania by\u0142a konferencja, kt\u00f3r\u0105 do zgromadzonych wyg\u0142osi\u0142 ks. Franciszek Filipiec MIC \u2013 misjonarz pracuj\u0105cy w Afryce. Tematem wiod\u0105cym konferencji by\u0142a refleksja nad wsp\u00f3lnot\u0105 Ko\u015bcio\u0142a opart\u0105 na wierno\u015bci Bo\u017cemu [&hellip;]\" \/>\n<meta property=\"og:url\" content=\"https:\/\/www.lichen.pl\/de\/przelozeni-zakonni-spotkali-sie-w-licheniu\/\" \/>\n<meta property=\"og:site_name\" content=\"SANKTUARIUM W LICHENIU\" \/>\n<meta property=\"article:published_time\" content=\"2023-11-19T20:48:58+00:00\" \/>\n<meta property=\"article:modified_time\" content=\"2023-11-19T20:51:32+00:00\" \/>\n<meta property=\"og:image\" content=\"https:\/\/www.lichen.pl\/wp-content\/uploads\/2023\/11\/przelozeni.jpg\" \/>\n\t<meta property=\"og:image:width\" content=\"1024\" \/>\n\t<meta property=\"og:image:height\" content=\"768\" \/>\n\t<meta property=\"og:image:type\" content=\"image\/jpeg\" \/>\n<meta name=\"author\" content=\"Justyna Zacharek\" \/>\n<meta name=\"twitter:card\" content=\"summary_large_image\" \/>\n<meta name=\"twitter:label1\" content=\"Verfasst von\" \/>\n\t<meta name=\"twitter:data1\" content=\"Justyna Zacharek\" \/>\n\t<meta name=\"twitter:label2\" content=\"Gesch\u00e4tzte Lesezeit\" \/>\n\t<meta name=\"twitter:data2\" content=\"2\u00a0Minuten\" \/>\n<script type=\"application\/ld+json\" class=\"yoast-schema-graph\">{\"@context\":\"https:\\\/\\\/schema.org\",\"@graph\":[{\"@type\":\"Article\",\"@id\":\"https:\\\/\\\/www.lichen.pl\\\/przelozeni-zakonni-spotkali-sie-w-licheniu\\\/#article\",\"isPartOf\":{\"@id\":\"https:\\\/\\\/www.lichen.pl\\\/przelozeni-zakonni-spotkali-sie-w-licheniu\\\/\"},\"author\":{\"name\":\"Justyna Zacharek\",\"@id\":\"https:\\\/\\\/www.lichen.pl\\\/fr\\\/#\\\/schema\\\/person\\\/9f57a1408d363022abd305da0323b703\"},\"headline\":\"Prze\u0142ozeni zakonni spotkali si\u0119 w Licheniu\",\"datePublished\":\"2023-11-19T20:48:58+00:00\",\"dateModified\":\"2023-11-19T20:51:32+00:00\",\"mainEntityOfPage\":{\"@id\":\"https:\\\/\\\/www.lichen.pl\\\/przelozeni-zakonni-spotkali-sie-w-licheniu\\\/\"},\"wordCount\":240,\"image\":{\"@id\":\"https:\\\/\\\/www.lichen.pl\\\/przelozeni-zakonni-spotkali-sie-w-licheniu\\\/#primaryimage\"},\"thumbnailUrl\":\"https:\\\/\\\/www.lichen.pl\\\/wp-content\\\/uploads\\\/2023\\\/11\\\/przelozeni.jpg\",\"articleSection\":[\"Aktualno\u015bci\"],\"inLanguage\":\"de\"},{\"@type\":\"WebPage\",\"@id\":\"https:\\\/\\\/www.lichen.pl\\\/przelozeni-zakonni-spotkali-sie-w-licheniu\\\/\",\"url\":\"https:\\\/\\\/www.lichen.pl\\\/przelozeni-zakonni-spotkali-sie-w-licheniu\\\/\",\"name\":\"Prze\u0142ozeni zakonni spotkali si\u0119 w Licheniu - SANKTUARIUM W LICHENIU\",\"isPartOf\":{\"@id\":\"https:\\\/\\\/www.lichen.pl\\\/fr\\\/#website\"},\"primaryImageOfPage\":{\"@id\":\"https:\\\/\\\/www.lichen.pl\\\/przelozeni-zakonni-spotkali-sie-w-licheniu\\\/#primaryimage\"},\"image\":{\"@id\":\"https:\\\/\\\/www.lichen.pl\\\/przelozeni-zakonni-spotkali-sie-w-licheniu\\\/#primaryimage\"},\"thumbnailUrl\":\"https:\\\/\\\/www.lichen.pl\\\/wp-content\\\/uploads\\\/2023\\\/11\\\/przelozeni.jpg\",\"datePublished\":\"2023-11-19T20:48:58+00:00\",\"dateModified\":\"2023-11-19T20:51:32+00:00\",\"author\":{\"@id\":\"https:\\\/\\\/www.lichen.pl\\\/fr\\\/#\\\/schema\\\/person\\\/9f57a1408d363022abd305da0323b703\"},\"breadcrumb\":{\"@id\":\"https:\\\/\\\/www.lichen.pl\\\/przelozeni-zakonni-spotkali-sie-w-licheniu\\\/#breadcrumb\"},\"inLanguage\":\"de\",\"potentialAction\":[{\"@type\":\"ReadAction\",\"target\":[\"https:\\\/\\\/www.lichen.pl\\\/przelozeni-zakonni-spotkali-sie-w-licheniu\\\/\"]}]},{\"@type\":\"ImageObject\",\"inLanguage\":\"de\",\"@id\":\"https:\\\/\\\/www.lichen.pl\\\/przelozeni-zakonni-spotkali-sie-w-licheniu\\\/#primaryimage\",\"url\":\"https:\\\/\\\/www.lichen.pl\\\/wp-content\\\/uploads\\\/2023\\\/11\\\/przelozeni.jpg\",\"contentUrl\":\"https:\\\/\\\/www.lichen.pl\\\/wp-content\\\/uploads\\\/2023\\\/11\\\/przelozeni.jpg\",\"width\":1024,\"height\":768},{\"@type\":\"BreadcrumbList\",\"@id\":\"https:\\\/\\\/www.lichen.pl\\\/przelozeni-zakonni-spotkali-sie-w-licheniu\\\/#breadcrumb\",\"itemListElement\":[{\"@type\":\"ListItem\",\"position\":1,\"name\":\"Strona g\u0142\u00f3wna\",\"item\":\"https:\\\/\\\/www.lichen.pl\\\/\"},{\"@type\":\"ListItem\",\"position\":2,\"name\":\"Prze\u0142ozeni zakonni spotkali si\u0119 w Licheniu\"}]},{\"@type\":\"WebSite\",\"@id\":\"https:\\\/\\\/www.lichen.pl\\\/fr\\\/#website\",\"url\":\"https:\\\/\\\/www.lichen.pl\\\/fr\\\/\",\"name\":\"SANKTUARIUM W LICHENIU\",\"description\":\"MATKI BO\u017bEJ LICHE\u0143SKIEJ BOLESNEJ KR\u00d3LOWEJ POLSKI\",\"potentialAction\":[{\"@type\":\"SearchAction\",\"target\":{\"@type\":\"EntryPoint\",\"urlTemplate\":\"https:\\\/\\\/www.lichen.pl\\\/fr\\\/?s={search_term_string}\"},\"query-input\":{\"@type\":\"PropertyValueSpecification\",\"valueRequired\":true,\"valueName\":\"search_term_string\"}}],\"inLanguage\":\"de\"},{\"@type\":\"Person\",\"@id\":\"https:\\\/\\\/www.lichen.pl\\\/fr\\\/#\\\/schema\\\/person\\\/9f57a1408d363022abd305da0323b703\",\"name\":\"Justyna Zacharek\",\"image\":{\"@type\":\"ImageObject\",\"inLanguage\":\"de\",\"@id\":\"https:\\\/\\\/secure.gravatar.com\\\/avatar\\\/7be193626a4fb4d6a7d53a7686c3bbf938efff653c427e0182457b838e9d2c3b?s=96&d=retro&r=g\",\"url\":\"https:\\\/\\\/secure.gravatar.com\\\/avatar\\\/7be193626a4fb4d6a7d53a7686c3bbf938efff653c427e0182457b838e9d2c3b?s=96&d=retro&r=g\",\"contentUrl\":\"https:\\\/\\\/secure.gravatar.com\\\/avatar\\\/7be193626a4fb4d6a7d53a7686c3bbf938efff653c427e0182457b838e9d2c3b?s=96&d=retro&r=g\",\"caption\":\"Justyna Zacharek\"},\"url\":\"https:\\\/\\\/www.lichen.pl\\\/de\\\/author\\\/justyna\\\/\"}]}<\/script>\n<!-- \/ Yoast SEO plugin. -->","yoast_head_json":{"title":"Prze\u0142ozeni zakonni spotkali si\u0119 w Licheniu - SANKTUARIUM W LICHENIU","robots":{"index":"index","follow":"follow","max-snippet":"max-snippet:-1","max-image-preview":"max-image-preview:large","max-video-preview":"max-video-preview:-1"},"canonical":"https:\/\/www.lichen.pl\/de\/przelozeni-zakonni-spotkali-sie-w-licheniu\/","og_locale":"de_DE","og_type":"article","og_title":"Prze\u0142ozeni zakonni spotkali si\u0119 w Licheniu - SANKTUARIUM W LICHENIU","og_description":"W sobot\u0119, 18 listopada br. w domu zakonnym Zgromadzenia Ksi\u0119\u017cy Marian\u00f3w w Licheniu Starym mia\u0142o miejsce spotkanie przedstawicieli zakon\u00f3w m\u0119skich z terenu diecezji w\u0142oc\u0142awskiej. Pierwszym punktem liche\u0144skiego spotkania by\u0142a konferencja, kt\u00f3r\u0105 do zgromadzonych wyg\u0142osi\u0142 ks. Franciszek Filipiec MIC \u2013 misjonarz pracuj\u0105cy w Afryce. Tematem wiod\u0105cym konferencji by\u0142a refleksja nad wsp\u00f3lnot\u0105 Ko\u015bcio\u0142a opart\u0105 na wierno\u015bci Bo\u017cemu [&hellip;]","og_url":"https:\/\/www.lichen.pl\/de\/przelozeni-zakonni-spotkali-sie-w-licheniu\/","og_site_name":"SANKTUARIUM W LICHENIU","article_published_time":"2023-11-19T20:48:58+00:00","article_modified_time":"2023-11-19T20:51:32+00:00","og_image":[{"width":1024,"height":768,"url":"https:\/\/www.lichen.pl\/wp-content\/uploads\/2023\/11\/przelozeni.jpg","type":"image\/jpeg"}],"author":"Justyna Zacharek","twitter_card":"summary_large_image","twitter_misc":{"Verfasst von":"Justyna Zacharek","Gesch\u00e4tzte Lesezeit":"2\u00a0Minuten"},"schema":{"@context":"https:\/\/schema.org","@graph":[{"@type":"Article","@id":"https:\/\/www.lichen.pl\/przelozeni-zakonni-spotkali-sie-w-licheniu\/#article","isPartOf":{"@id":"https:\/\/www.lichen.pl\/przelozeni-zakonni-spotkali-sie-w-licheniu\/"},"author":{"name":"Justyna Zacharek","@id":"https:\/\/www.lichen.pl\/fr\/#\/schema\/person\/9f57a1408d363022abd305da0323b703"},"headline":"Prze\u0142ozeni zakonni spotkali si\u0119 w Licheniu","datePublished":"2023-11-19T20:48:58+00:00","dateModified":"2023-11-19T20:51:32+00:00","mainEntityOfPage":{"@id":"https:\/\/www.lichen.pl\/przelozeni-zakonni-spotkali-sie-w-licheniu\/"},"wordCount":240,"image":{"@id":"https:\/\/www.lichen.pl\/przelozeni-zakonni-spotkali-sie-w-licheniu\/#primaryimage"},"thumbnailUrl":"https:\/\/www.lichen.pl\/wp-content\/uploads\/2023\/11\/przelozeni.jpg","articleSection":["Aktualno\u015bci"],"inLanguage":"de"},{"@type":"WebPage","@id":"https:\/\/www.lichen.pl\/przelozeni-zakonni-spotkali-sie-w-licheniu\/","url":"https:\/\/www.lichen.pl\/przelozeni-zakonni-spotkali-sie-w-licheniu\/","name":"Prze\u0142ozeni zakonni spotkali si\u0119 w Licheniu - SANKTUARIUM W LICHENIU","isPartOf":{"@id":"https:\/\/www.lichen.pl\/fr\/#website"},"primaryImageOfPage":{"@id":"https:\/\/www.lichen.pl\/przelozeni-zakonni-spotkali-sie-w-licheniu\/#primaryimage"},"image":{"@id":"https:\/\/www.lichen.pl\/przelozeni-zakonni-spotkali-sie-w-licheniu\/#primaryimage"},"thumbnailUrl":"https:\/\/www.lichen.pl\/wp-content\/uploads\/2023\/11\/przelozeni.jpg","datePublished":"2023-11-19T20:48:58+00:00","dateModified":"2023-11-19T20:51:32+00:00","author":{"@id":"https:\/\/www.lichen.pl\/fr\/#\/schema\/person\/9f57a1408d363022abd305da0323b703"},"breadcrumb":{"@id":"https:\/\/www.lichen.pl\/przelozeni-zakonni-spotkali-sie-w-licheniu\/#breadcrumb"},"inLanguage":"de","potentialAction":[{"@type":"ReadAction","target":["https:\/\/www.lichen.pl\/przelozeni-zakonni-spotkali-sie-w-licheniu\/"]}]},{"@type":"ImageObject","inLanguage":"de","@id":"https:\/\/www.lichen.pl\/przelozeni-zakonni-spotkali-sie-w-licheniu\/#primaryimage","url":"https:\/\/www.lichen.pl\/wp-content\/uploads\/2023\/11\/przelozeni.jpg","contentUrl":"https:\/\/www.lichen.pl\/wp-content\/uploads\/2023\/11\/przelozeni.jpg","width":1024,"height":768},{"@type":"BreadcrumbList","@id":"https:\/\/www.lichen.pl\/przelozeni-zakonni-spotkali-sie-w-licheniu\/#breadcrumb","itemListElement":[{"@type":"ListItem","position":1,"name":"Strona g\u0142\u00f3wna","item":"https:\/\/www.lichen.pl\/"},{"@type":"ListItem","position":2,"name":"Prze\u0142ozeni zakonni spotkali si\u0119 w Licheniu"}]},{"@type":"WebSite","@id":"https:\/\/www.lichen.pl\/fr\/#website","url":"https:\/\/www.lichen.pl\/fr\/","name":"HEILIGTUM IN LICHENIEN","description":"DIE TRAURIGE K\u00d6NIGIN UNSERER FLECHEN VON POLEN","potentialAction":[{"@type":"SearchAction","target":{"@type":"EntryPoint","urlTemplate":"https:\/\/www.lichen.pl\/fr\/?s={search_term_string}"},"query-input":{"@type":"PropertyValueSpecification","valueRequired":true,"valueName":"search_term_string"}}],"inLanguage":"de"},{"@type":"Person","@id":"https:\/\/www.lichen.pl\/fr\/#\/schema\/person\/9f57a1408d363022abd305da0323b703","name":"Justyna Zacharek","image":{"@type":"ImageObject","inLanguage":"de","@id":"https:\/\/secure.gravatar.com\/avatar\/7be193626a4fb4d6a7d53a7686c3bbf938efff653c427e0182457b838e9d2c3b?s=96&d=retro&r=g","url":"https:\/\/secure.gravatar.com\/avatar\/7be193626a4fb4d6a7d53a7686c3bbf938efff653c427e0182457b838e9d2c3b?s=96&d=retro&r=g","contentUrl":"https:\/\/secure.gravatar.com\/avatar\/7be193626a4fb4d6a7d53a7686c3bbf938efff653c427e0182457b838e9d2c3b?s=96&d=retro&r=g","caption":"Justyna Zacharek"},"url":"https:\/\/www.lichen.pl\/de\/author\/justyna\/"}]}},"_links":{"self":[{"href":"https:\/\/www.lichen.pl\/de\/wp-json\/wp\/v2\/posts\/61515","targetHints":{"allow":["GET"]}}],"collection":[{"href":"https:\/\/www.lichen.pl\/de\/wp-json\/wp\/v2\/posts"}],"about":[{"href":"https:\/\/www.lichen.pl\/de\/wp-json\/wp\/v2\/types\/post"}],"author":[{"embeddable":true,"href":"https:\/\/www.lichen.pl\/de\/wp-json\/wp\/v2\/users\/5"}],"replies":[{"embeddable":true,"href":"https:\/\/www.lichen.pl\/de\/wp-json\/wp\/v2\/comments?post=61515"}],"version-history":[{"count":4,"href":"https:\/\/www.lichen.pl\/de\/wp-json\/wp\/v2\/posts\/61515\/revisions"}],"predecessor-version":[{"id":61520,"href":"https:\/\/www.lichen.pl\/de\/wp-json\/wp\/v2\/posts\/61515\/revisions\/61520"}],"wp:featuredmedia":[{"embeddable":true,"href":"https:\/\/www.lichen.pl\/de\/wp-json\/wp\/v2\/media\/61516"}],"wp:attachment":[{"href":"https:\/\/www.lichen.pl\/de\/wp-json\/wp\/v2\/media?parent=61515"}],"wp:term":[{"taxonomy":"category","embeddable":true,"href":"https:\/\/www.lichen.pl\/de\/wp-json\/wp\/v2\/categories?post=61515"},{"taxonomy":"post_tag","embeddable":true,"href":"https:\/\/www.lichen.pl\/de\/wp-json\/wp\/v2\/tags?post=61515"}],"curies":[{"name":"wp","href":"https:\/\/api.w.org\/{rel}","templated":true}]}}