{"id":79602,"date":"2025-01-25T15:54:56","date_gmt":"2025-01-25T14:54:56","guid":{"rendered":"https:\/\/www.lichen.pl\/?p=79602"},"modified":"2025-01-25T15:59:19","modified_gmt":"2025-01-25T14:59:19","slug":"noworoczne-spotkanie-z-dziennikarzami-i-pracownikami-mediow-w-lichenskim-sanktuarium","status":"publish","type":"post","link":"https:\/\/www.lichen.pl\/de\/noworoczne-spotkanie-z-dziennikarzami-i-pracownikami-mediow-w-lichenskim-sanktuarium\/","title":{"rendered":"Noworoczne spotkanie z dziennikarzami i pracownikami medi\u00f3w w liche\u0144skim sanktuarium"},"content":{"rendered":"<div data-elementor-type=\"wp-post\" data-elementor-id=\"79602\" class=\"elementor elementor-79602\" data-elementor-post-type=\"post\">\n\t\t\t\t\t\t<section class=\"elementor-section elementor-top-section elementor-element elementor-element-66ec7d5 elementor-section-boxed elementor-section-height-default elementor-section-height-default\" data-id=\"66ec7d5\" data-element_type=\"section\" data-e-type=\"section\">\n\t\t\t\t\t\t<div class=\"elementor-container elementor-column-gap-default\">\n\t\t\t\t\t<div class=\"elementor-column elementor-col-100 elementor-top-column elementor-element elementor-element-64cca12\" data-id=\"64cca12\" data-element_type=\"column\" data-e-type=\"column\">\n\t\t\t<div class=\"elementor-widget-wrap elementor-element-populated\">\n\t\t\t\t\t\t<div class=\"elementor-element elementor-element-8fa9633 elementor-widget elementor-widget-text-editor\" data-id=\"8fa9633\" data-element_type=\"widget\" data-e-type=\"widget\" data-widget_type=\"text-editor.default\">\n\t\t\t\t<div class=\"elementor-widget-container\">\n\t\t\t\t\t\t\t\t\t<h2 lang=\"pl-PL\">W miniony pi\u0105tek, 24 stycznia mieli\u015bmy zaszczyt go\u015bci\u0107 w sanktuarium Matki Bo\u017cej Liche\u0144skiej dziennikarzy oraz pracownik\u00f3w medi\u00f3w. By\u0142o to wyj\u0105tkowe wydarzenie, wpisuj\u0105ce si\u0119 w obchody Roku Jubileuszowego 2025, kiedy w tym samym dniu w Watykanie \u015bwi\u0119towano Jubileusz Dziennikarzy i Pracownik\u00f3w Medi\u00f3w.<\/h2>\t\t\t\t\t\t\t\t<\/div>\n\t\t\t\t<\/div>\n\t\t\t\t\t<\/div>\n\t\t<\/div>\n\t\t\t\t\t<\/div>\n\t\t<\/section>\n\t\t\t\t<section class=\"elementor-section elementor-top-section elementor-element elementor-element-1662bee elementor-section-boxed elementor-section-height-default elementor-section-height-default\" data-id=\"1662bee\" data-element_type=\"section\" data-e-type=\"section\">\n\t\t\t\t\t\t<div class=\"elementor-container elementor-column-gap-default\">\n\t\t\t\t\t<div class=\"elementor-column elementor-col-100 elementor-top-column elementor-element elementor-element-12be1b1\" data-id=\"12be1b1\" data-element_type=\"column\" data-e-type=\"column\">\n\t\t\t<div class=\"elementor-widget-wrap elementor-element-populated\">\n\t\t\t\t\t\t<div class=\"elementor-element elementor-element-98631ce elementor-widget elementor-widget-heading\" data-id=\"98631ce\" data-element_type=\"widget\" data-e-type=\"widget\" data-widget_type=\"heading.default\">\n\t\t\t\t<div class=\"elementor-widget-container\">\n\t\t\t\t\t<h2 class=\"elementor-heading-title elementor-size-default\">Dlaczego 24 stycznia?<\/h2>\t\t\t\t<\/div>\n\t\t\t\t<\/div>\n\t\t\t\t\t<\/div>\n\t\t<\/div>\n\t\t\t\t\t<\/div>\n\t\t<\/section>\n\t\t\t\t<section class=\"elementor-section elementor-top-section elementor-element elementor-element-0b7fd4d elementor-section-boxed elementor-section-height-default elementor-section-height-default\" data-id=\"0b7fd4d\" data-element_type=\"section\" data-e-type=\"section\">\n\t\t\t\t\t\t<div class=\"elementor-container elementor-column-gap-default\">\n\t\t\t\t\t<div class=\"elementor-column elementor-col-100 elementor-top-column elementor-element elementor-element-bffe1e5\" data-id=\"bffe1e5\" data-element_type=\"column\" data-e-type=\"column\">\n\t\t\t<div class=\"elementor-widget-wrap elementor-element-populated\">\n\t\t\t\t\t\t<div class=\"elementor-element elementor-element-ffc9e0c elementor-widget elementor-widget-text-editor\" data-id=\"ffc9e0c\" data-element_type=\"widget\" data-e-type=\"widget\" data-widget_type=\"text-editor.default\">\n\t\t\t\t<div class=\"elementor-widget-container\">\n\t\t\t\t\t\t\t\t\t<p><span lang=\"pl-PL\" style=\"color: #000000;\">Data ta nie jest przypadkowa. Tego dnia Ko\u015bci\u00f3\u0142 wspomina \u015bw. Franciszka Salezego \u2013 patrona dziennikarzy i ludzi zwi\u0105zanych z mediami. Wierzymy, \u017ce przyk\u0142ad jego \u017cycia oraz przes\u0142anie przypominaj\u0105 wszystkim pracownikom medi\u00f3w o warto\u015bci rzetelnej, pe\u0142nej mi\u0142o\u015bci i prawdy komunikacji.<\/span><\/p>\t\t\t\t\t\t\t\t<\/div>\n\t\t\t\t<\/div>\n\t\t\t\t\t<\/div>\n\t\t<\/div>\n\t\t\t\t\t<\/div>\n\t\t<\/section>\n\t\t\t\t<section class=\"elementor-section elementor-top-section elementor-element elementor-element-2435bcb elementor-section-boxed elementor-section-height-default elementor-section-height-default\" data-id=\"2435bcb\" data-element_type=\"section\" data-e-type=\"section\">\n\t\t\t\t\t\t<div class=\"elementor-container elementor-column-gap-default\">\n\t\t\t\t\t<div class=\"elementor-column elementor-col-100 elementor-top-column elementor-element elementor-element-b0aab87\" data-id=\"b0aab87\" data-element_type=\"column\" data-e-type=\"column\">\n\t\t\t<div class=\"elementor-widget-wrap elementor-element-populated\">\n\t\t\t\t\t\t<div class=\"elementor-element elementor-element-cb62589 elementor-widget elementor-widget-text-editor\" data-id=\"cb62589\" data-element_type=\"widget\" data-e-type=\"widget\" data-widget_type=\"text-editor.default\">\n\t\t\t\t<div class=\"elementor-widget-container\">\n\t\t\t\t\t\t\t\t\t<p lang=\"pl-PL\"><span style=\"color: #000000;\">Podczas spotkania pracownicy Biura Prasowego oraz Biura Promocji zapoznali dziennikarzy z poszczeg\u00f3lnymi agendami sanktuarium, prezentuj\u0105c jego przestrze\u0144, jako miejsce spotkania z Bogiem, z drugim cz\u0142owiekiem i z samym sob\u0105 w r\u00f3\u017cnych wymiarach \u017cycia duchowego. Om\u00f3wiono podejmowane dzia\u0142ania ewangelizacyjne i duszpasterskie skierowane nie tylko do pielgrzym\u00f3w, lecz i przybywaj\u0105cych do Lichenia turyst\u00f3w. Jak podkre\u015bli\u0142 ks. kustosz S\u0142awomir Homoncik MIC: \u201eSanktuarium jest przede wszystkim miejscem \u017cycia religijnego, ale drzwi Domu Matki pozostaj\u0105 otwarte dla wszystkich\u201d. O fenomenie liche\u0144skiego sanktuarium, gdzie cz\u0142owiek ze swoimi czasami trudnymi i bolesnymi sprawami otaczany jest trosk\u0105 od pocz\u0119cia po kres \u017cycia, m\u00f3wi\u0142a Maria Nowakowska. Koordynator ds. promocji sanktuarium zaprosi\u0142a dziennikarzy do cz\u0119stego odwiedzania Lichenia, dzi\u0119kuj\u0105c, \u017ce swoj\u0105 prac\u0105 pomagaj\u0105 w szerzeniu dobra i warto\u015bci, kt\u00f3re wszyscy wyznajemy. Uwag\u0119 go\u015bci zwr\u00f3cono r\u00f3wnie\u017c na portale internetowe i media spo\u0142eczno\u015bciowe, szczeg\u00f3lnie omawiaj\u0105c now\u0105 inicjatyw\u0119 skierowan\u0105 do ludzi m\u0142odych. O \u201eLicheniu M\u0142odych\u201d opowiedzia\u0142a Patrycja Nawrocka, koordynator ds. m\u0142odych.<\/span><\/p>\t\t\t\t\t\t\t\t<\/div>\n\t\t\t\t<\/div>\n\t\t\t\t\t<\/div>\n\t\t<\/div>\n\t\t\t\t\t<\/div>\n\t\t<\/section>\n\t\t\t\t<section class=\"elementor-section elementor-top-section elementor-element elementor-element-9f36b47 elementor-section-boxed elementor-section-height-default elementor-section-height-default\" data-id=\"9f36b47\" data-element_type=\"section\" data-e-type=\"section\">\n\t\t\t\t\t\t<div class=\"elementor-container elementor-column-gap-default\">\n\t\t\t\t\t<div class=\"elementor-column elementor-col-100 elementor-top-column elementor-element elementor-element-d1f6181\" data-id=\"d1f6181\" data-element_type=\"column\" data-e-type=\"column\">\n\t\t\t<div class=\"elementor-widget-wrap elementor-element-populated\">\n\t\t\t\t\t\t<div class=\"elementor-element elementor-element-d2e5fed elementor-widget elementor-widget-heading\" data-id=\"d2e5fed\" data-element_type=\"widget\" data-e-type=\"widget\" data-widget_type=\"heading.default\">\n\t\t\t\t<div class=\"elementor-widget-container\">\n\t\t\t\t\t<h2 class=\"elementor-heading-title elementor-size-default\">Dzi\u0119kujemy za obecno\u015b\u0107 i zaanga\u017cowanie!<\/h2>\t\t\t\t<\/div>\n\t\t\t\t<\/div>\n\t\t\t\t\t<\/div>\n\t\t<\/div>\n\t\t\t\t\t<\/div>\n\t\t<\/section>\n\t\t\t\t<section class=\"elementor-section elementor-top-section elementor-element elementor-element-88270e6 elementor-section-boxed elementor-section-height-default elementor-section-height-default\" data-id=\"88270e6\" data-element_type=\"section\" data-e-type=\"section\">\n\t\t\t\t\t\t<div class=\"elementor-container elementor-column-gap-default\">\n\t\t\t\t\t<div class=\"elementor-column elementor-col-100 elementor-top-column elementor-element elementor-element-b2a217d\" data-id=\"b2a217d\" data-element_type=\"column\" data-e-type=\"column\">\n\t\t\t<div class=\"elementor-widget-wrap elementor-element-populated\">\n\t\t\t\t\t\t<div class=\"elementor-element elementor-element-52b220d elementor-widget elementor-widget-text-editor\" data-id=\"52b220d\" data-element_type=\"widget\" data-e-type=\"widget\" data-widget_type=\"text-editor.default\">\n\t\t\t\t<div class=\"elementor-widget-container\">\n\t\t\t\t\t\t\t\t\t<p><span lang=\"pl-PL\" style=\"color: #000000;\">Wasza obecno\u015b\u0107 i otwarto\u015b\u0107 na nasz\u0105 misj\u0119 s\u0105 dla nas niezwykle cenne. Media to dzi\u015b pot\u0119\u017cne narz\u0119dzie w przekazywaniu informacji, budowaniu wsp\u00f3lnoty i zbli\u017caniu ludzi do Boga. Wsp\u00f3lnie mo\u017cemy czyni\u0107 wiele dobrego, przekazuj\u0105c przes\u0142anie pokoju, nadziei i mi\u0142o\u015bci.<\/span><\/p><p lang=\"pl-PL\"><span style=\"color: #000000;\">Niech \u015bw. Franciszek Salezy wspiera Was w codziennej pracy i dodaje si\u0142 w realizacji Waszej misji. Dzi\u0119kujemy za to, \u017ce byli\u015bcie z nami i liczymy na dalsz\u0105 wsp\u00f3\u0142prac\u0119 i wsp\u00f3lne dzia\u0142ania na rzecz szerzenia dobra \u2013 do koleg\u00f3w i kole\u017canek dziennikarzy s\u0142owa te kieruj\u0105 pracownicy Biura Prasowego, Dariusz Michalak i Emanuel Szyma\u0144ski.<\/span><\/p>\t\t\t\t\t\t\t\t<\/div>\n\t\t\t\t<\/div>\n\t\t\t\t\t<\/div>\n\t\t<\/div>\n\t\t\t\t\t<\/div>\n\t\t<\/section>\n\t\t\t\t<section class=\"elementor-section elementor-top-section elementor-element elementor-element-1bcadf1 elementor-section-boxed elementor-section-height-default elementor-section-height-default\" data-id=\"1bcadf1\" data-element_type=\"section\" data-e-type=\"section\">\n\t\t\t\t\t\t<div class=\"elementor-container elementor-column-gap-default\">\n\t\t\t\t\t<div class=\"elementor-column elementor-col-100 elementor-top-column elementor-element elementor-element-cce946f\" data-id=\"cce946f\" data-element_type=\"column\" data-e-type=\"column\">\n\t\t\t<div class=\"elementor-widget-wrap elementor-element-populated\">\n\t\t\t\t\t\t<div class=\"elementor-element elementor-element-b3e571f elementor-widget elementor-widget-gallery\" data-id=\"b3e571f\" data-element_type=\"widget\" data-e-type=\"widget\" data-settings=\"{&quot;lazyload&quot;:&quot;yes&quot;,&quot;gallery_layout&quot;:&quot;grid&quot;,&quot;columns&quot;:4,&quot;columns_tablet&quot;:2,&quot;columns_mobile&quot;:1,&quot;gap&quot;:{&quot;unit&quot;:&quot;px&quot;,&quot;size&quot;:10,&quot;sizes&quot;:[]},&quot;gap_tablet&quot;:{&quot;unit&quot;:&quot;px&quot;,&quot;size&quot;:10,&quot;sizes&quot;:[]},&quot;gap_mobile&quot;:{&quot;unit&quot;:&quot;px&quot;,&quot;size&quot;:10,&quot;sizes&quot;:[]},&quot;link_to&quot;:&quot;file&quot;,&quot;aspect_ratio&quot;:&quot;3:2&quot;,&quot;overlay_background&quot;:&quot;yes&quot;,&quot;content_hover_animation&quot;:&quot;fade-in&quot;}\" data-widget_type=\"gallery.default\">\n\t\t\t\t<div class=\"elementor-widget-container\">\n\t\t\t\t\t\t\t<div class=\"elementor-gallery__container\">\n\t\t\t\t\t\t\t<a class=\"e-gallery-item elementor-gallery-item elementor-animated-content\" href=\"https:\/\/www.lichen.pl\/wp-content\/uploads\/2025\/01\/spotkanie-z-mediami-1.jpg\" data-elementor-open-lightbox=\"yes\" data-elementor-lightbox-slideshow=\"b3e571f\" data-elementor-lightbox-title=\"spotkanie z mediami (1)\" data-e-action-hash=\"#elementor-action%3Aaction%3Dlightbox%26settings%3DeyJpZCI6Nzk2MDMsInVybCI6Imh0dHBzOlwvXC93d3cubGljaGVuLnBsXC93cC1jb250ZW50XC91cGxvYWRzXC8yMDI1XC8wMVwvc3BvdGthbmllLXotbWVkaWFtaS0xLmpwZyIsInNsaWRlc2hvdyI6ImIzZTU3MWYifQ%3D%3D\">\n\t\t\t\t\t<div class=\"e-gallery-image elementor-gallery-item__image\" data-thumbnail=\"https:\/\/www.lichen.pl\/wp-content\/uploads\/2025\/01\/spotkanie-z-mediami-1-300x200.jpg\" data-width=\"300\" data-height=\"200\" aria-label=\"\" role=\"img\" ><\/div>\n\t\t\t\t\t\t\t\t\t\t\t<div class=\"elementor-gallery-item__overlay\"><\/div>\n\t\t\t\t\t\t\t\t\t\t\t\t\t\t<\/a>\n\t\t\t\t\t\t\t<a class=\"e-gallery-item elementor-gallery-item elementor-animated-content\" href=\"https:\/\/www.lichen.pl\/wp-content\/uploads\/2025\/01\/spotkanie-z-mediami-9.jpg\" data-elementor-open-lightbox=\"yes\" data-elementor-lightbox-slideshow=\"b3e571f\" data-elementor-lightbox-title=\"spotkanie z mediami (9)\" data-e-action-hash=\"#elementor-action%3Aaction%3Dlightbox%26settings%3DeyJpZCI6Nzk2MTEsInVybCI6Imh0dHBzOlwvXC93d3cubGljaGVuLnBsXC93cC1jb250ZW50XC91cGxvYWRzXC8yMDI1XC8wMVwvc3BvdGthbmllLXotbWVkaWFtaS05LmpwZyIsInNsaWRlc2hvdyI6ImIzZTU3MWYifQ%3D%3D\">\n\t\t\t\t\t<div class=\"e-gallery-image elementor-gallery-item__image\" data-thumbnail=\"https:\/\/www.lichen.pl\/wp-content\/uploads\/2025\/01\/spotkanie-z-mediami-9-300x200.jpg\" data-width=\"300\" data-height=\"200\" aria-label=\"\" role=\"img\" ><\/div>\n\t\t\t\t\t\t\t\t\t\t\t<div class=\"elementor-gallery-item__overlay\"><\/div>\n\t\t\t\t\t\t\t\t\t\t\t\t\t\t<\/a>\n\t\t\t\t\t\t\t<a class=\"e-gallery-item elementor-gallery-item elementor-animated-content\" href=\"https:\/\/www.lichen.pl\/wp-content\/uploads\/2025\/01\/spotkanie-z-mediami-2.jpg\" data-elementor-open-lightbox=\"yes\" data-elementor-lightbox-slideshow=\"b3e571f\" data-elementor-lightbox-title=\"spotkanie z mediami (2)\" data-e-action-hash=\"#elementor-action%3Aaction%3Dlightbox%26settings%3DeyJpZCI6Nzk2MDQsInVybCI6Imh0dHBzOlwvXC93d3cubGljaGVuLnBsXC93cC1jb250ZW50XC91cGxvYWRzXC8yMDI1XC8wMVwvc3BvdGthbmllLXotbWVkaWFtaS0yLmpwZyIsInNsaWRlc2hvdyI6ImIzZTU3MWYifQ%3D%3D\">\n\t\t\t\t\t<div class=\"e-gallery-image elementor-gallery-item__image\" data-thumbnail=\"https:\/\/www.lichen.pl\/wp-content\/uploads\/2025\/01\/spotkanie-z-mediami-2-300x200.jpg\" data-width=\"300\" data-height=\"200\" aria-label=\"\" role=\"img\" ><\/div>\n\t\t\t\t\t\t\t\t\t\t\t<div class=\"elementor-gallery-item__overlay\"><\/div>\n\t\t\t\t\t\t\t\t\t\t\t\t\t\t<\/a>\n\t\t\t\t\t\t\t<a class=\"e-gallery-item elementor-gallery-item elementor-animated-content\" href=\"https:\/\/www.lichen.pl\/wp-content\/uploads\/2025\/01\/spotkanie-z-mediami-3.jpg\" data-elementor-open-lightbox=\"yes\" data-elementor-lightbox-slideshow=\"b3e571f\" data-elementor-lightbox-title=\"spotkanie z mediami (3)\" data-e-action-hash=\"#elementor-action%3Aaction%3Dlightbox%26settings%3DeyJpZCI6Nzk2MDUsInVybCI6Imh0dHBzOlwvXC93d3cubGljaGVuLnBsXC93cC1jb250ZW50XC91cGxvYWRzXC8yMDI1XC8wMVwvc3BvdGthbmllLXotbWVkaWFtaS0zLmpwZyIsInNsaWRlc2hvdyI6ImIzZTU3MWYifQ%3D%3D\">\n\t\t\t\t\t<div class=\"e-gallery-image elementor-gallery-item__image\" data-thumbnail=\"https:\/\/www.lichen.pl\/wp-content\/uploads\/2025\/01\/spotkanie-z-mediami-3-300x200.jpg\" data-width=\"300\" data-height=\"200\" aria-label=\"\" role=\"img\" ><\/div>\n\t\t\t\t\t\t\t\t\t\t\t<div class=\"elementor-gallery-item__overlay\"><\/div>\n\t\t\t\t\t\t\t\t\t\t\t\t\t\t<\/a>\n\t\t\t\t\t\t\t<a class=\"e-gallery-item elementor-gallery-item elementor-animated-content\" href=\"https:\/\/www.lichen.pl\/wp-content\/uploads\/2025\/01\/spotkanie-z-mediami-4.jpg\" data-elementor-open-lightbox=\"yes\" data-elementor-lightbox-slideshow=\"b3e571f\" data-elementor-lightbox-title=\"spotkanie z mediami (4)\" data-e-action-hash=\"#elementor-action%3Aaction%3Dlightbox%26settings%3DeyJpZCI6Nzk2MDYsInVybCI6Imh0dHBzOlwvXC93d3cubGljaGVuLnBsXC93cC1jb250ZW50XC91cGxvYWRzXC8yMDI1XC8wMVwvc3BvdGthbmllLXotbWVkaWFtaS00LmpwZyIsInNsaWRlc2hvdyI6ImIzZTU3MWYifQ%3D%3D\">\n\t\t\t\t\t<div class=\"e-gallery-image elementor-gallery-item__image\" data-thumbnail=\"https:\/\/www.lichen.pl\/wp-content\/uploads\/2025\/01\/spotkanie-z-mediami-4-300x200.jpg\" data-width=\"300\" data-height=\"200\" aria-label=\"\" role=\"img\" ><\/div>\n\t\t\t\t\t\t\t\t\t\t\t<div class=\"elementor-gallery-item__overlay\"><\/div>\n\t\t\t\t\t\t\t\t\t\t\t\t\t\t<\/a>\n\t\t\t\t\t\t\t<a class=\"e-gallery-item elementor-gallery-item elementor-animated-content\" href=\"https:\/\/www.lichen.pl\/wp-content\/uploads\/2025\/01\/spotkanie-z-mediami-8.jpg\" data-elementor-open-lightbox=\"yes\" data-elementor-lightbox-slideshow=\"b3e571f\" data-elementor-lightbox-title=\"spotkanie z mediami (8)\" data-e-action-hash=\"#elementor-action%3Aaction%3Dlightbox%26settings%3DeyJpZCI6Nzk2MTAsInVybCI6Imh0dHBzOlwvXC93d3cubGljaGVuLnBsXC93cC1jb250ZW50XC91cGxvYWRzXC8yMDI1XC8wMVwvc3BvdGthbmllLXotbWVkaWFtaS04LmpwZyIsInNsaWRlc2hvdyI6ImIzZTU3MWYifQ%3D%3D\">\n\t\t\t\t\t<div class=\"e-gallery-image elementor-gallery-item__image\" data-thumbnail=\"https:\/\/www.lichen.pl\/wp-content\/uploads\/2025\/01\/spotkanie-z-mediami-8-300x200.jpg\" data-width=\"300\" data-height=\"200\" aria-label=\"\" role=\"img\" ><\/div>\n\t\t\t\t\t\t\t\t\t\t\t<div class=\"elementor-gallery-item__overlay\"><\/div>\n\t\t\t\t\t\t\t\t\t\t\t\t\t\t<\/a>\n\t\t\t\t\t\t\t<a class=\"e-gallery-item elementor-gallery-item elementor-animated-content\" href=\"https:\/\/www.lichen.pl\/wp-content\/uploads\/2025\/01\/spotkanie-z-mediami-6.jpg\" data-elementor-open-lightbox=\"yes\" data-elementor-lightbox-slideshow=\"b3e571f\" data-elementor-lightbox-title=\"spotkanie z mediami (6)\" data-e-action-hash=\"#elementor-action%3Aaction%3Dlightbox%26settings%3DeyJpZCI6Nzk2MDgsInVybCI6Imh0dHBzOlwvXC93d3cubGljaGVuLnBsXC93cC1jb250ZW50XC91cGxvYWRzXC8yMDI1XC8wMVwvc3BvdGthbmllLXotbWVkaWFtaS02LmpwZyIsInNsaWRlc2hvdyI6ImIzZTU3MWYifQ%3D%3D\">\n\t\t\t\t\t<div class=\"e-gallery-image elementor-gallery-item__image\" data-thumbnail=\"https:\/\/www.lichen.pl\/wp-content\/uploads\/2025\/01\/spotkanie-z-mediami-6-300x200.jpg\" data-width=\"300\" data-height=\"200\" aria-label=\"\" role=\"img\" ><\/div>\n\t\t\t\t\t\t\t\t\t\t\t<div class=\"elementor-gallery-item__overlay\"><\/div>\n\t\t\t\t\t\t\t\t\t\t\t\t\t\t<\/a>\n\t\t\t\t\t\t\t<a class=\"e-gallery-item elementor-gallery-item elementor-animated-content\" href=\"https:\/\/www.lichen.pl\/wp-content\/uploads\/2025\/01\/spotkanie-z-mediami-7.jpg\" data-elementor-open-lightbox=\"yes\" data-elementor-lightbox-slideshow=\"b3e571f\" data-elementor-lightbox-title=\"spotkanie z mediami (7)\" data-e-action-hash=\"#elementor-action%3Aaction%3Dlightbox%26settings%3DeyJpZCI6Nzk2MDksInVybCI6Imh0dHBzOlwvXC93d3cubGljaGVuLnBsXC93cC1jb250ZW50XC91cGxvYWRzXC8yMDI1XC8wMVwvc3BvdGthbmllLXotbWVkaWFtaS03LmpwZyIsInNsaWRlc2hvdyI6ImIzZTU3MWYifQ%3D%3D\">\n\t\t\t\t\t<div class=\"e-gallery-image elementor-gallery-item__image\" data-thumbnail=\"https:\/\/www.lichen.pl\/wp-content\/uploads\/2025\/01\/spotkanie-z-mediami-7-300x200.jpg\" data-width=\"300\" data-height=\"200\" aria-label=\"\" role=\"img\" ><\/div>\n\t\t\t\t\t\t\t\t\t\t\t<div class=\"elementor-gallery-item__overlay\"><\/div>\n\t\t\t\t\t\t\t\t\t\t\t\t\t\t<\/a>\n\t\t\t\t\t<\/div>\n\t\t\t\t\t<\/div>\n\t\t\t\t<\/div>\n\t\t\t\t\t<\/div>\n\t\t<\/div>\n\t\t\t\t\t<\/div>\n\t\t<\/section>\n\t\t\t\t<\/div>","protected":false},"excerpt":{"rendered":"<p>W miniony pi\u0105tek, 24 stycznia mieli\u015bmy zaszczyt go\u015bci\u0107 w sanktuarium Matki Bo\u017cej Liche\u0144skiej dziennikarzy oraz pracownik\u00f3w medi\u00f3w. By\u0142o to wyj\u0105tkowe wydarzenie, wpisuj\u0105ce si\u0119 w obchody Roku Jubileuszowego 2025, kiedy w tym samym dniu w Watykanie \u015bwi\u0119towano Jubileusz Dziennikarzy i Pracownik\u00f3w Medi\u00f3w. Dlaczego 24 stycznia? Data ta nie jest przypadkowa. Tego dnia Ko\u015bci\u00f3\u0142 wspomina \u015bw. Franciszka [&hellip;]<\/p>\n","protected":false},"author":8,"featured_media":79609,"comment_status":"closed","ping_status":"closed","sticky":false,"template":"","format":"standard","meta":{"footnotes":""},"categories":[1],"tags":[],"class_list":["post-79602","post","type-post","status-publish","format-standard","has-post-thumbnail","hentry","category-aktualnosci","wpbf-post"],"yoast_head":"<!-- This site is optimized with the Yoast SEO plugin v27.4 - https:\/\/yoast.com\/product\/yoast-seo-wordpress\/ -->\n<title>Noworoczne spotkanie z dziennikarzami i pracownikami medi\u00f3w w liche\u0144skim sanktuarium - SANKTUARIUM W LICHENIU<\/title>\n<meta name=\"robots\" content=\"index, follow, max-snippet:-1, max-image-preview:large, max-video-preview:-1\" \/>\n<link rel=\"canonical\" href=\"https:\/\/www.lichen.pl\/de\/noworoczne-spotkanie-z-dziennikarzami-i-pracownikami-mediow-w-lichenskim-sanktuarium\/\" \/>\n<meta property=\"og:locale\" content=\"de_DE\" \/>\n<meta property=\"og:type\" content=\"article\" \/>\n<meta property=\"og:title\" content=\"Noworoczne spotkanie z dziennikarzami i pracownikami medi\u00f3w w liche\u0144skim sanktuarium - SANKTUARIUM W LICHENIU\" \/>\n<meta property=\"og:description\" content=\"W miniony pi\u0105tek, 24 stycznia mieli\u015bmy zaszczyt go\u015bci\u0107 w sanktuarium Matki Bo\u017cej Liche\u0144skiej dziennikarzy oraz pracownik\u00f3w medi\u00f3w. By\u0142o to wyj\u0105tkowe wydarzenie, wpisuj\u0105ce si\u0119 w obchody Roku Jubileuszowego 2025, kiedy w tym samym dniu w Watykanie \u015bwi\u0119towano Jubileusz Dziennikarzy i Pracownik\u00f3w Medi\u00f3w. Dlaczego 24 stycznia? Data ta nie jest przypadkowa. Tego dnia Ko\u015bci\u00f3\u0142 wspomina \u015bw. Franciszka [&hellip;]\" \/>\n<meta property=\"og:url\" content=\"https:\/\/www.lichen.pl\/de\/noworoczne-spotkanie-z-dziennikarzami-i-pracownikami-mediow-w-lichenskim-sanktuarium\/\" \/>\n<meta property=\"og:site_name\" content=\"SANKTUARIUM W LICHENIU\" \/>\n<meta property=\"article:published_time\" content=\"2025-01-25T14:54:56+00:00\" \/>\n<meta property=\"article:modified_time\" content=\"2025-01-25T14:59:19+00:00\" \/>\n<meta property=\"og:image\" content=\"https:\/\/www.lichen.pl\/wp-content\/uploads\/2025\/01\/spotkanie-z-mediami-7-1024x683.jpg\" \/>\n\t<meta property=\"og:image:width\" content=\"1024\" \/>\n\t<meta property=\"og:image:height\" content=\"683\" \/>\n\t<meta property=\"og:image:type\" content=\"image\/jpeg\" \/>\n<meta name=\"author\" content=\"Biuro Prasowe\" \/>\n<meta name=\"twitter:card\" content=\"summary_large_image\" \/>\n<meta name=\"twitter:label1\" content=\"Verfasst von\" \/>\n\t<meta name=\"twitter:data1\" content=\"Biuro Prasowe\" \/>\n\t<meta name=\"twitter:label2\" content=\"Gesch\u00e4tzte Lesezeit\" \/>\n\t<meta name=\"twitter:data2\" content=\"2\u00a0Minuten\" \/>\n<script type=\"application\/ld+json\" class=\"yoast-schema-graph\">{\"@context\":\"https:\\\/\\\/schema.org\",\"@graph\":[{\"@type\":\"Article\",\"@id\":\"https:\\\/\\\/www.lichen.pl\\\/noworoczne-spotkanie-z-dziennikarzami-i-pracownikami-mediow-w-lichenskim-sanktuarium\\\/#article\",\"isPartOf\":{\"@id\":\"https:\\\/\\\/www.lichen.pl\\\/noworoczne-spotkanie-z-dziennikarzami-i-pracownikami-mediow-w-lichenskim-sanktuarium\\\/\"},\"author\":{\"name\":\"Biuro Prasowe\",\"@id\":\"https:\\\/\\\/www.lichen.pl\\\/fr\\\/#\\\/schema\\\/person\\\/682b5cfa2f8a664a298ed0bc19782a02\"},\"headline\":\"Noworoczne spotkanie z dziennikarzami i pracownikami medi\u00f3w w liche\u0144skim sanktuarium\",\"datePublished\":\"2025-01-25T14:54:56+00:00\",\"dateModified\":\"2025-01-25T14:59:19+00:00\",\"mainEntityOfPage\":{\"@id\":\"https:\\\/\\\/www.lichen.pl\\\/noworoczne-spotkanie-z-dziennikarzami-i-pracownikami-mediow-w-lichenskim-sanktuarium\\\/\"},\"wordCount\":408,\"image\":{\"@id\":\"https:\\\/\\\/www.lichen.pl\\\/noworoczne-spotkanie-z-dziennikarzami-i-pracownikami-mediow-w-lichenskim-sanktuarium\\\/#primaryimage\"},\"thumbnailUrl\":\"https:\\\/\\\/www.lichen.pl\\\/wp-content\\\/uploads\\\/2025\\\/01\\\/spotkanie-z-mediami-7.jpg\",\"articleSection\":[\"Aktualno\u015bci\"],\"inLanguage\":\"de\"},{\"@type\":\"WebPage\",\"@id\":\"https:\\\/\\\/www.lichen.pl\\\/noworoczne-spotkanie-z-dziennikarzami-i-pracownikami-mediow-w-lichenskim-sanktuarium\\\/\",\"url\":\"https:\\\/\\\/www.lichen.pl\\\/noworoczne-spotkanie-z-dziennikarzami-i-pracownikami-mediow-w-lichenskim-sanktuarium\\\/\",\"name\":\"Noworoczne spotkanie z dziennikarzami i pracownikami medi\u00f3w w liche\u0144skim sanktuarium - SANKTUARIUM W LICHENIU\",\"isPartOf\":{\"@id\":\"https:\\\/\\\/www.lichen.pl\\\/fr\\\/#website\"},\"primaryImageOfPage\":{\"@id\":\"https:\\\/\\\/www.lichen.pl\\\/noworoczne-spotkanie-z-dziennikarzami-i-pracownikami-mediow-w-lichenskim-sanktuarium\\\/#primaryimage\"},\"image\":{\"@id\":\"https:\\\/\\\/www.lichen.pl\\\/noworoczne-spotkanie-z-dziennikarzami-i-pracownikami-mediow-w-lichenskim-sanktuarium\\\/#primaryimage\"},\"thumbnailUrl\":\"https:\\\/\\\/www.lichen.pl\\\/wp-content\\\/uploads\\\/2025\\\/01\\\/spotkanie-z-mediami-7.jpg\",\"datePublished\":\"2025-01-25T14:54:56+00:00\",\"dateModified\":\"2025-01-25T14:59:19+00:00\",\"author\":{\"@id\":\"https:\\\/\\\/www.lichen.pl\\\/fr\\\/#\\\/schema\\\/person\\\/682b5cfa2f8a664a298ed0bc19782a02\"},\"breadcrumb\":{\"@id\":\"https:\\\/\\\/www.lichen.pl\\\/noworoczne-spotkanie-z-dziennikarzami-i-pracownikami-mediow-w-lichenskim-sanktuarium\\\/#breadcrumb\"},\"inLanguage\":\"de\",\"potentialAction\":[{\"@type\":\"ReadAction\",\"target\":[\"https:\\\/\\\/www.lichen.pl\\\/noworoczne-spotkanie-z-dziennikarzami-i-pracownikami-mediow-w-lichenskim-sanktuarium\\\/\"]}]},{\"@type\":\"ImageObject\",\"inLanguage\":\"de\",\"@id\":\"https:\\\/\\\/www.lichen.pl\\\/noworoczne-spotkanie-z-dziennikarzami-i-pracownikami-mediow-w-lichenskim-sanktuarium\\\/#primaryimage\",\"url\":\"https:\\\/\\\/www.lichen.pl\\\/wp-content\\\/uploads\\\/2025\\\/01\\\/spotkanie-z-mediami-7.jpg\",\"contentUrl\":\"https:\\\/\\\/www.lichen.pl\\\/wp-content\\\/uploads\\\/2025\\\/01\\\/spotkanie-z-mediami-7.jpg\",\"width\":1920,\"height\":1280},{\"@type\":\"BreadcrumbList\",\"@id\":\"https:\\\/\\\/www.lichen.pl\\\/noworoczne-spotkanie-z-dziennikarzami-i-pracownikami-mediow-w-lichenskim-sanktuarium\\\/#breadcrumb\",\"itemListElement\":[{\"@type\":\"ListItem\",\"position\":1,\"name\":\"Strona g\u0142\u00f3wna\",\"item\":\"https:\\\/\\\/www.lichen.pl\\\/\"},{\"@type\":\"ListItem\",\"position\":2,\"name\":\"Noworoczne spotkanie z dziennikarzami i pracownikami medi\u00f3w w liche\u0144skim sanktuarium\"}]},{\"@type\":\"WebSite\",\"@id\":\"https:\\\/\\\/www.lichen.pl\\\/fr\\\/#website\",\"url\":\"https:\\\/\\\/www.lichen.pl\\\/fr\\\/\",\"name\":\"SANKTUARIUM W LICHENIU\",\"description\":\"MATKI BO\u017bEJ LICHE\u0143SKIEJ BOLESNEJ KR\u00d3LOWEJ POLSKI\",\"potentialAction\":[{\"@type\":\"SearchAction\",\"target\":{\"@type\":\"EntryPoint\",\"urlTemplate\":\"https:\\\/\\\/www.lichen.pl\\\/fr\\\/?s={search_term_string}\"},\"query-input\":{\"@type\":\"PropertyValueSpecification\",\"valueRequired\":true,\"valueName\":\"search_term_string\"}}],\"inLanguage\":\"de\"},{\"@type\":\"Person\",\"@id\":\"https:\\\/\\\/www.lichen.pl\\\/fr\\\/#\\\/schema\\\/person\\\/682b5cfa2f8a664a298ed0bc19782a02\",\"name\":\"Biuro Prasowe\",\"image\":{\"@type\":\"ImageObject\",\"inLanguage\":\"de\",\"@id\":\"https:\\\/\\\/secure.gravatar.com\\\/avatar\\\/07fa3449d37670fd38888cb2e3db27aa13df245d811ec65206e44888f202bb53?s=96&d=retro&r=g\",\"url\":\"https:\\\/\\\/secure.gravatar.com\\\/avatar\\\/07fa3449d37670fd38888cb2e3db27aa13df245d811ec65206e44888f202bb53?s=96&d=retro&r=g\",\"contentUrl\":\"https:\\\/\\\/secure.gravatar.com\\\/avatar\\\/07fa3449d37670fd38888cb2e3db27aa13df245d811ec65206e44888f202bb53?s=96&d=retro&r=g\",\"caption\":\"Biuro Prasowe\"},\"sameAs\":[\"http:\\\/\\\/www.lichen.pl\"],\"url\":\"https:\\\/\\\/www.lichen.pl\\\/de\\\/author\\\/biuro-prasowe\\\/\"}]}<\/script>\n<!-- \/ Yoast SEO plugin. -->","yoast_head_json":{"title":"Noworoczne spotkanie z dziennikarzami i pracownikami medi\u00f3w w liche\u0144skim sanktuarium - SANKTUARIUM W LICHENIU","robots":{"index":"index","follow":"follow","max-snippet":"max-snippet:-1","max-image-preview":"max-image-preview:large","max-video-preview":"max-video-preview:-1"},"canonical":"https:\/\/www.lichen.pl\/de\/noworoczne-spotkanie-z-dziennikarzami-i-pracownikami-mediow-w-lichenskim-sanktuarium\/","og_locale":"de_DE","og_type":"article","og_title":"Noworoczne spotkanie z dziennikarzami i pracownikami medi\u00f3w w liche\u0144skim sanktuarium - SANKTUARIUM W LICHENIU","og_description":"W miniony pi\u0105tek, 24 stycznia mieli\u015bmy zaszczyt go\u015bci\u0107 w sanktuarium Matki Bo\u017cej Liche\u0144skiej dziennikarzy oraz pracownik\u00f3w medi\u00f3w. By\u0142o to wyj\u0105tkowe wydarzenie, wpisuj\u0105ce si\u0119 w obchody Roku Jubileuszowego 2025, kiedy w tym samym dniu w Watykanie \u015bwi\u0119towano Jubileusz Dziennikarzy i Pracownik\u00f3w Medi\u00f3w. Dlaczego 24 stycznia? Data ta nie jest przypadkowa. Tego dnia Ko\u015bci\u00f3\u0142 wspomina \u015bw. Franciszka [&hellip;]","og_url":"https:\/\/www.lichen.pl\/de\/noworoczne-spotkanie-z-dziennikarzami-i-pracownikami-mediow-w-lichenskim-sanktuarium\/","og_site_name":"SANKTUARIUM W LICHENIU","article_published_time":"2025-01-25T14:54:56+00:00","article_modified_time":"2025-01-25T14:59:19+00:00","og_image":[{"width":1024,"height":683,"url":"https:\/\/www.lichen.pl\/wp-content\/uploads\/2025\/01\/spotkanie-z-mediami-7-1024x683.jpg","type":"image\/jpeg"}],"author":"Biuro Prasowe","twitter_card":"summary_large_image","twitter_misc":{"Verfasst von":"Biuro Prasowe","Gesch\u00e4tzte Lesezeit":"2\u00a0Minuten"},"schema":{"@context":"https:\/\/schema.org","@graph":[{"@type":"Article","@id":"https:\/\/www.lichen.pl\/noworoczne-spotkanie-z-dziennikarzami-i-pracownikami-mediow-w-lichenskim-sanktuarium\/#article","isPartOf":{"@id":"https:\/\/www.lichen.pl\/noworoczne-spotkanie-z-dziennikarzami-i-pracownikami-mediow-w-lichenskim-sanktuarium\/"},"author":{"name":"Biuro Prasowe","@id":"https:\/\/www.lichen.pl\/fr\/#\/schema\/person\/682b5cfa2f8a664a298ed0bc19782a02"},"headline":"Noworoczne spotkanie z dziennikarzami i pracownikami medi\u00f3w w liche\u0144skim sanktuarium","datePublished":"2025-01-25T14:54:56+00:00","dateModified":"2025-01-25T14:59:19+00:00","mainEntityOfPage":{"@id":"https:\/\/www.lichen.pl\/noworoczne-spotkanie-z-dziennikarzami-i-pracownikami-mediow-w-lichenskim-sanktuarium\/"},"wordCount":408,"image":{"@id":"https:\/\/www.lichen.pl\/noworoczne-spotkanie-z-dziennikarzami-i-pracownikami-mediow-w-lichenskim-sanktuarium\/#primaryimage"},"thumbnailUrl":"https:\/\/www.lichen.pl\/wp-content\/uploads\/2025\/01\/spotkanie-z-mediami-7.jpg","articleSection":["Aktualno\u015bci"],"inLanguage":"de"},{"@type":"WebPage","@id":"https:\/\/www.lichen.pl\/noworoczne-spotkanie-z-dziennikarzami-i-pracownikami-mediow-w-lichenskim-sanktuarium\/","url":"https:\/\/www.lichen.pl\/noworoczne-spotkanie-z-dziennikarzami-i-pracownikami-mediow-w-lichenskim-sanktuarium\/","name":"Noworoczne spotkanie z dziennikarzami i pracownikami medi\u00f3w w liche\u0144skim sanktuarium - SANKTUARIUM W LICHENIU","isPartOf":{"@id":"https:\/\/www.lichen.pl\/fr\/#website"},"primaryImageOfPage":{"@id":"https:\/\/www.lichen.pl\/noworoczne-spotkanie-z-dziennikarzami-i-pracownikami-mediow-w-lichenskim-sanktuarium\/#primaryimage"},"image":{"@id":"https:\/\/www.lichen.pl\/noworoczne-spotkanie-z-dziennikarzami-i-pracownikami-mediow-w-lichenskim-sanktuarium\/#primaryimage"},"thumbnailUrl":"https:\/\/www.lichen.pl\/wp-content\/uploads\/2025\/01\/spotkanie-z-mediami-7.jpg","datePublished":"2025-01-25T14:54:56+00:00","dateModified":"2025-01-25T14:59:19+00:00","author":{"@id":"https:\/\/www.lichen.pl\/fr\/#\/schema\/person\/682b5cfa2f8a664a298ed0bc19782a02"},"breadcrumb":{"@id":"https:\/\/www.lichen.pl\/noworoczne-spotkanie-z-dziennikarzami-i-pracownikami-mediow-w-lichenskim-sanktuarium\/#breadcrumb"},"inLanguage":"de","potentialAction":[{"@type":"ReadAction","target":["https:\/\/www.lichen.pl\/noworoczne-spotkanie-z-dziennikarzami-i-pracownikami-mediow-w-lichenskim-sanktuarium\/"]}]},{"@type":"ImageObject","inLanguage":"de","@id":"https:\/\/www.lichen.pl\/noworoczne-spotkanie-z-dziennikarzami-i-pracownikami-mediow-w-lichenskim-sanktuarium\/#primaryimage","url":"https:\/\/www.lichen.pl\/wp-content\/uploads\/2025\/01\/spotkanie-z-mediami-7.jpg","contentUrl":"https:\/\/www.lichen.pl\/wp-content\/uploads\/2025\/01\/spotkanie-z-mediami-7.jpg","width":1920,"height":1280},{"@type":"BreadcrumbList","@id":"https:\/\/www.lichen.pl\/noworoczne-spotkanie-z-dziennikarzami-i-pracownikami-mediow-w-lichenskim-sanktuarium\/#breadcrumb","itemListElement":[{"@type":"ListItem","position":1,"name":"Strona g\u0142\u00f3wna","item":"https:\/\/www.lichen.pl\/"},{"@type":"ListItem","position":2,"name":"Noworoczne spotkanie z dziennikarzami i pracownikami medi\u00f3w w liche\u0144skim sanktuarium"}]},{"@type":"WebSite","@id":"https:\/\/www.lichen.pl\/fr\/#website","url":"https:\/\/www.lichen.pl\/fr\/","name":"HEILIGTUM IN LICHENIEN","description":"DIE TRAURIGE K\u00d6NIGIN UNSERER FLECHEN VON POLEN","potentialAction":[{"@type":"SearchAction","target":{"@type":"EntryPoint","urlTemplate":"https:\/\/www.lichen.pl\/fr\/?s={search_term_string}"},"query-input":{"@type":"PropertyValueSpecification","valueRequired":true,"valueName":"search_term_string"}}],"inLanguage":"de"},{"@type":"Person","@id":"https:\/\/www.lichen.pl\/fr\/#\/schema\/person\/682b5cfa2f8a664a298ed0bc19782a02","name":"Biuro Prasowe","image":{"@type":"ImageObject","inLanguage":"de","@id":"https:\/\/secure.gravatar.com\/avatar\/07fa3449d37670fd38888cb2e3db27aa13df245d811ec65206e44888f202bb53?s=96&d=retro&r=g","url":"https:\/\/secure.gravatar.com\/avatar\/07fa3449d37670fd38888cb2e3db27aa13df245d811ec65206e44888f202bb53?s=96&d=retro&r=g","contentUrl":"https:\/\/secure.gravatar.com\/avatar\/07fa3449d37670fd38888cb2e3db27aa13df245d811ec65206e44888f202bb53?s=96&d=retro&r=g","caption":"Biuro Prasowe"},"sameAs":["http:\/\/www.lichen.pl"],"url":"https:\/\/www.lichen.pl\/de\/author\/biuro-prasowe\/"}]}},"_links":{"self":[{"href":"https:\/\/www.lichen.pl\/de\/wp-json\/wp\/v2\/posts\/79602","targetHints":{"allow":["GET"]}}],"collection":[{"href":"https:\/\/www.lichen.pl\/de\/wp-json\/wp\/v2\/posts"}],"about":[{"href":"https:\/\/www.lichen.pl\/de\/wp-json\/wp\/v2\/types\/post"}],"author":[{"embeddable":true,"href":"https:\/\/www.lichen.pl\/de\/wp-json\/wp\/v2\/users\/8"}],"replies":[{"embeddable":true,"href":"https:\/\/www.lichen.pl\/de\/wp-json\/wp\/v2\/comments?post=79602"}],"version-history":[{"count":3,"href":"https:\/\/www.lichen.pl\/de\/wp-json\/wp\/v2\/posts\/79602\/revisions"}],"predecessor-version":[{"id":79614,"href":"https:\/\/www.lichen.pl\/de\/wp-json\/wp\/v2\/posts\/79602\/revisions\/79614"}],"wp:featuredmedia":[{"embeddable":true,"href":"https:\/\/www.lichen.pl\/de\/wp-json\/wp\/v2\/media\/79609"}],"wp:attachment":[{"href":"https:\/\/www.lichen.pl\/de\/wp-json\/wp\/v2\/media?parent=79602"}],"wp:term":[{"taxonomy":"category","embeddable":true,"href":"https:\/\/www.lichen.pl\/de\/wp-json\/wp\/v2\/categories?post=79602"},{"taxonomy":"post_tag","embeddable":true,"href":"https:\/\/www.lichen.pl\/de\/wp-json\/wp\/v2\/tags?post=79602"}],"curies":[{"name":"wp","href":"https:\/\/api.w.org\/{rel}","templated":true}]}}