{"id":81158,"date":"2025-03-24T21:29:28","date_gmt":"2025-03-24T20:29:28","guid":{"rendered":"https:\/\/www.lichen.pl\/?p=81158"},"modified":"2025-03-24T21:31:35","modified_gmt":"2025-03-24T20:31:35","slug":"comiesieczna-msza-sw-z-mlodymi-i-dla-mlodych-w-bazylice-lichenskiej-wsrod-wielkopostnego-klimatu","status":"publish","type":"post","link":"https:\/\/www.lichen.pl\/de\/comiesieczna-msza-sw-z-mlodymi-i-dla-mlodych-w-bazylice-lichenskiej-wsrod-wielkopostnego-klimatu\/","title":{"rendered":"Comiesi\u0119czna Msza \u015bw. \u201eZ m\u0142odymi i dla m\u0142odych\u201d w bazylice liche\u0144skiej w\u015br\u00f3d wielkopostnego klimatu."},"content":{"rendered":"<div data-elementor-type=\"wp-post\" data-elementor-id=\"81158\" class=\"elementor elementor-81158\" data-elementor-post-type=\"post\">\n\t\t\t\t\t\t<section class=\"elementor-section elementor-top-section elementor-element elementor-element-3d66f34 elementor-section-boxed elementor-section-height-default elementor-section-height-default\" data-id=\"3d66f34\" data-element_type=\"section\" data-e-type=\"section\">\n\t\t\t\t\t\t<div class=\"elementor-container elementor-column-gap-default\">\n\t\t\t\t\t<div class=\"elementor-column elementor-col-100 elementor-top-column elementor-element elementor-element-d75a5ae\" data-id=\"d75a5ae\" data-element_type=\"column\" data-e-type=\"column\">\n\t\t\t<div class=\"elementor-widget-wrap elementor-element-populated\">\n\t\t\t\t\t\t<div class=\"elementor-element elementor-element-e14ef40 elementor-widget elementor-widget-text-editor\" data-id=\"e14ef40\" data-element_type=\"widget\" data-e-type=\"widget\" data-widget_type=\"text-editor.default\">\n\t\t\t\t<div class=\"elementor-widget-container\">\n\t\t\t\t\t\t\t\t\t<p><span style=\"font-size: medium; color: #000000;\">Msze \u015bw. z cyklu \u201eZ m\u0142odymi i dla m\u0142odych\u201d odbywaj\u0105 si\u0119 w sanktuarium Matki Bo\u017cej Liche\u0144skiej w ka\u017cd\u0105 czwart\u0105 niedziel\u0119 miesi\u0105ca. Niedzielnej Mszy \u015bw. przewodniczy\u0142 i homili\u0119 wyg\u0142osi\u0142 ks. Pawe\u0142 Skonieczny MIC. <\/span><\/p>\t\t\t\t\t\t\t\t<\/div>\n\t\t\t\t<\/div>\n\t\t\t\t\t<\/div>\n\t\t<\/div>\n\t\t\t\t\t<\/div>\n\t\t<\/section>\n\t\t\t\t<section class=\"elementor-section elementor-top-section elementor-element elementor-element-61d1ae0 elementor-section-boxed elementor-section-height-default elementor-section-height-default\" data-id=\"61d1ae0\" data-element_type=\"section\" data-e-type=\"section\">\n\t\t\t\t\t\t<div class=\"elementor-container elementor-column-gap-default\">\n\t\t\t\t\t<div class=\"elementor-column elementor-col-100 elementor-top-column elementor-element elementor-element-6092412\" data-id=\"6092412\" data-element_type=\"column\" data-e-type=\"column\">\n\t\t\t<div class=\"elementor-widget-wrap elementor-element-populated\">\n\t\t\t\t\t\t<div class=\"elementor-element elementor-element-3524ba4 elementor-widget elementor-widget-heading\" data-id=\"3524ba4\" data-element_type=\"widget\" data-e-type=\"widget\" data-widget_type=\"heading.default\">\n\t\t\t\t<div class=\"elementor-widget-container\">\n\t\t\t\t\t<h2 class=\"elementor-heading-title elementor-size-default\">\u2026mo\u017ce wyda owoc<\/h2>\t\t\t\t<\/div>\n\t\t\t\t<\/div>\n\t\t\t\t\t<\/div>\n\t\t<\/div>\n\t\t\t\t\t<\/div>\n\t\t<\/section>\n\t\t\t\t<section class=\"elementor-section elementor-top-section elementor-element elementor-element-84ea938 elementor-section-boxed elementor-section-height-default elementor-section-height-default\" data-id=\"84ea938\" data-element_type=\"section\" data-e-type=\"section\">\n\t\t\t\t\t\t<div class=\"elementor-container elementor-column-gap-default\">\n\t\t\t\t\t<div class=\"elementor-column elementor-col-100 elementor-top-column elementor-element elementor-element-e3b098a\" data-id=\"e3b098a\" data-element_type=\"column\" data-e-type=\"column\">\n\t\t\t<div class=\"elementor-widget-wrap elementor-element-populated\">\n\t\t\t\t\t\t<div class=\"elementor-element elementor-element-d6fffbb elementor-widget elementor-widget-text-editor\" data-id=\"d6fffbb\" data-element_type=\"widget\" data-e-type=\"widget\" data-widget_type=\"text-editor.default\">\n\t\t\t\t<div class=\"elementor-widget-container\">\n\t\t\t\t\t\t\t\t\t<p><span style=\"color: #000000;\"><span style=\"font-size: medium;\">Jak zwraca\u0142 uwag\u0119 w homilii ks. Skonieczny, nawr\u00f3cenie wymaga wysi\u0142ku, a co wa\u017cniejsze spojrzenia na siebie z nadziej\u0105. Dzisiejsza Ewangelia pokazuje nam ten trud i szans\u0119 dla drzewa figowego: \u00abOto ju\u017c trzy lata odk\u0105d przychodz\u0119 i szukam owocu na tym figowcu, a nie znajduj\u0119. Wytnij go, po co jeszcze ziemi\u0119 wyja\u0142awia?\u201d. Lecz on mu odpowiedzia\u0142: \u201ePanie, jeszcze na ten rok go pozostaw, a\u017c okopi\u0119 go i ob\u0142o\u017c\u0119 nawozem; i mo\u017ce wyda owoc. A je\u015bli nie, w przysz\u0142o\u015bci mo\u017cesz go wyci\u0105\u0107\u00bb. <\/span><\/span><\/p>\t\t\t\t\t\t\t\t<\/div>\n\t\t\t\t<\/div>\n\t\t\t\t\t<\/div>\n\t\t<\/div>\n\t\t\t\t\t<\/div>\n\t\t<\/section>\n\t\t\t\t<section class=\"elementor-section elementor-top-section elementor-element elementor-element-a880931 elementor-section-boxed elementor-section-height-default elementor-section-height-default\" data-id=\"a880931\" data-element_type=\"section\" data-e-type=\"section\">\n\t\t\t\t\t\t<div class=\"elementor-container elementor-column-gap-default\">\n\t\t\t\t\t<div class=\"elementor-column elementor-col-100 elementor-top-column elementor-element elementor-element-fc6fe5d\" data-id=\"fc6fe5d\" data-element_type=\"column\" data-e-type=\"column\">\n\t\t\t<div class=\"elementor-widget-wrap elementor-element-populated\">\n\t\t\t\t\t\t<div class=\"elementor-element elementor-element-755a166 elementor-widget elementor-widget-heading\" data-id=\"755a166\" data-element_type=\"widget\" data-e-type=\"widget\" data-widget_type=\"heading.default\">\n\t\t\t\t<div class=\"elementor-widget-container\">\n\t\t\t\t\t<h2 class=\"elementor-heading-title elementor-size-default\">Odnale\u017a\u0107 siebie w zamy\u015ble Boga<\/h2>\t\t\t\t<\/div>\n\t\t\t\t<\/div>\n\t\t\t\t\t<\/div>\n\t\t<\/div>\n\t\t\t\t\t<\/div>\n\t\t<\/section>\n\t\t\t\t<section class=\"elementor-section elementor-top-section elementor-element elementor-element-fa3a046 elementor-section-boxed elementor-section-height-default elementor-section-height-default\" data-id=\"fa3a046\" data-element_type=\"section\" data-e-type=\"section\">\n\t\t\t\t\t\t<div class=\"elementor-container elementor-column-gap-default\">\n\t\t\t\t\t<div class=\"elementor-column elementor-col-100 elementor-top-column elementor-element elementor-element-c164509\" data-id=\"c164509\" data-element_type=\"column\" data-e-type=\"column\">\n\t\t\t<div class=\"elementor-widget-wrap elementor-element-populated\">\n\t\t\t\t\t\t<div class=\"elementor-element elementor-element-43d5d91 elementor-widget elementor-widget-text-editor\" data-id=\"43d5d91\" data-element_type=\"widget\" data-e-type=\"widget\" data-widget_type=\"text-editor.default\">\n\t\t\t\t<div class=\"elementor-widget-container\">\n\t\t\t\t\t\t\t\t\t<p><span style=\"font-size: medium; color: #000000;\">Kap\u0142an przywo\u0142ywa\u0142 histori\u0119 powstania rze\u017aby Micha\u0142a Anio\u0142a pt. \u201eDawid\u201d. Wielu artyst\u00f3w nie chcia\u0142o podj\u0105\u0107 si\u0119 pracy na ogromnym, trudnym do pracy kamieniu, a\u017c do momentu, gdy pojawi\u0142 si\u0119 Micha\u0142 Anio\u0142, kt\u00f3ry od\u0142upa\u0142 zb\u0119dne elementy i stworzy\u0142 ponadczasowe dzie\u0142o. Tymi zb\u0119dnymi elementami w \u017cyciu cz\u0142owieka s\u0105 pycha, egoizm, nieprzebaczenie, ka\u017cdy grzech.<\/span><\/p><p><span style=\"color: #000000;\">&quot;<span style=\"font-size: medium;\">B\u00f3g patrzy na nas jak ogrodnik, z nadziej\u0105, i uczy nas patrzenia na siebie z nadziej\u0105, aby odkry\u0107 pi\u0119kno duchowe, pi\u0119kno cz\u0142owiecze\u0144stwa\u201d \u2013 podsumowa\u0142 ks. Pawe\u0142 Skonieczny MIC. <\/span><\/span><\/p><p><span style=\"font-size: medium; color: #000000;\">Opraw\u0119 muzyczn\u0105 Mszy \u015bw. wykona\u0142a grupa muzyczna z Turku. <\/span><\/p>\t\t\t\t\t\t\t\t<\/div>\n\t\t\t\t<\/div>\n\t\t\t\t\t<\/div>\n\t\t<\/div>\n\t\t\t\t\t<\/div>\n\t\t<\/section>\n\t\t\t\t<section class=\"elementor-section elementor-top-section elementor-element elementor-element-9e663a0 elementor-section-boxed elementor-section-height-default elementor-section-height-default\" data-id=\"9e663a0\" data-element_type=\"section\" data-e-type=\"section\">\n\t\t\t\t\t\t<div class=\"elementor-container elementor-column-gap-default\">\n\t\t\t\t\t<div class=\"elementor-column elementor-col-100 elementor-top-column elementor-element elementor-element-49de39f\" data-id=\"49de39f\" data-element_type=\"column\" data-e-type=\"column\">\n\t\t\t<div class=\"elementor-widget-wrap elementor-element-populated\">\n\t\t\t\t\t\t<div class=\"elementor-element elementor-element-e114eae elementor-widget elementor-widget-gallery\" data-id=\"e114eae\" data-element_type=\"widget\" data-e-type=\"widget\" data-settings=\"{&quot;lazyload&quot;:&quot;yes&quot;,&quot;gallery_layout&quot;:&quot;grid&quot;,&quot;columns&quot;:4,&quot;columns_tablet&quot;:2,&quot;columns_mobile&quot;:1,&quot;gap&quot;:{&quot;unit&quot;:&quot;px&quot;,&quot;size&quot;:10,&quot;sizes&quot;:[]},&quot;gap_tablet&quot;:{&quot;unit&quot;:&quot;px&quot;,&quot;size&quot;:10,&quot;sizes&quot;:[]},&quot;gap_mobile&quot;:{&quot;unit&quot;:&quot;px&quot;,&quot;size&quot;:10,&quot;sizes&quot;:[]},&quot;link_to&quot;:&quot;file&quot;,&quot;aspect_ratio&quot;:&quot;3:2&quot;,&quot;overlay_background&quot;:&quot;yes&quot;,&quot;content_hover_animation&quot;:&quot;fade-in&quot;}\" data-widget_type=\"gallery.default\">\n\t\t\t\t<div class=\"elementor-widget-container\">\n\t\t\t\t\t\t\t<div class=\"elementor-gallery__container\">\n\t\t\t\t\t\t\t<a class=\"e-gallery-item elementor-gallery-item elementor-animated-content\" href=\"https:\/\/www.lichen.pl\/wp-content\/uploads\/2025\/03\/Z-mlodymi-i-dla-mlodych-2.jpg\" data-elementor-open-lightbox=\"yes\" data-elementor-lightbox-slideshow=\"e114eae\" data-elementor-lightbox-title=\"Z m\u0142odymi i dla m\u0142odych (2)\" data-e-action-hash=\"#elementor-action%3Aaction%3Dlightbox%26settings%3DeyJpZCI6ODExNjAsInVybCI6Imh0dHBzOlwvXC93d3cubGljaGVuLnBsXC93cC1jb250ZW50XC91cGxvYWRzXC8yMDI1XC8wM1wvWi1tbG9keW1pLWktZGxhLW1sb2R5Y2gtMi5qcGciLCJzbGlkZXNob3ciOiJlMTE0ZWFlIn0%3D\">\n\t\t\t\t\t<div class=\"e-gallery-image elementor-gallery-item__image\" data-thumbnail=\"https:\/\/www.lichen.pl\/wp-content\/uploads\/2025\/03\/Z-mlodymi-i-dla-mlodych-2-300x200.jpg\" data-width=\"300\" data-height=\"200\" aria-label=\"\" role=\"img\" ><\/div>\n\t\t\t\t\t\t\t\t\t\t\t<div class=\"elementor-gallery-item__overlay\"><\/div>\n\t\t\t\t\t\t\t\t\t\t\t\t\t\t<\/a>\n\t\t\t\t\t\t\t<a class=\"e-gallery-item elementor-gallery-item elementor-animated-content\" href=\"https:\/\/www.lichen.pl\/wp-content\/uploads\/2025\/03\/Z-mlodymi-i-dla-mlodych-4.jpg\" data-elementor-open-lightbox=\"yes\" data-elementor-lightbox-slideshow=\"e114eae\" data-elementor-lightbox-title=\"Z m\u0142odymi i dla m\u0142odych (4)\" data-e-action-hash=\"#elementor-action%3Aaction%3Dlightbox%26settings%3DeyJpZCI6ODExNjIsInVybCI6Imh0dHBzOlwvXC93d3cubGljaGVuLnBsXC93cC1jb250ZW50XC91cGxvYWRzXC8yMDI1XC8wM1wvWi1tbG9keW1pLWktZGxhLW1sb2R5Y2gtNC5qcGciLCJzbGlkZXNob3ciOiJlMTE0ZWFlIn0%3D\">\n\t\t\t\t\t<div class=\"e-gallery-image elementor-gallery-item__image\" data-thumbnail=\"https:\/\/www.lichen.pl\/wp-content\/uploads\/2025\/03\/Z-mlodymi-i-dla-mlodych-4-300x200.jpg\" data-width=\"300\" data-height=\"200\" aria-label=\"\" role=\"img\" ><\/div>\n\t\t\t\t\t\t\t\t\t\t\t<div class=\"elementor-gallery-item__overlay\"><\/div>\n\t\t\t\t\t\t\t\t\t\t\t\t\t\t<\/a>\n\t\t\t\t\t\t\t<a class=\"e-gallery-item elementor-gallery-item elementor-animated-content\" href=\"https:\/\/www.lichen.pl\/wp-content\/uploads\/2025\/03\/Z-mlodymi-i-dla-mlodych-5.jpg\" data-elementor-open-lightbox=\"yes\" data-elementor-lightbox-slideshow=\"e114eae\" data-elementor-lightbox-title=\"Z m\u0142odymi i dla m\u0142odych (5)\" data-e-action-hash=\"#elementor-action%3Aaction%3Dlightbox%26settings%3DeyJpZCI6ODExNjMsInVybCI6Imh0dHBzOlwvXC93d3cubGljaGVuLnBsXC93cC1jb250ZW50XC91cGxvYWRzXC8yMDI1XC8wM1wvWi1tbG9keW1pLWktZGxhLW1sb2R5Y2gtNS5qcGciLCJzbGlkZXNob3ciOiJlMTE0ZWFlIn0%3D\">\n\t\t\t\t\t<div class=\"e-gallery-image elementor-gallery-item__image\" data-thumbnail=\"https:\/\/www.lichen.pl\/wp-content\/uploads\/2025\/03\/Z-mlodymi-i-dla-mlodych-5-300x200.jpg\" data-width=\"300\" data-height=\"200\" aria-label=\"\" role=\"img\" ><\/div>\n\t\t\t\t\t\t\t\t\t\t\t<div class=\"elementor-gallery-item__overlay\"><\/div>\n\t\t\t\t\t\t\t\t\t\t\t\t\t\t<\/a>\n\t\t\t\t\t\t\t<a class=\"e-gallery-item elementor-gallery-item elementor-animated-content\" href=\"https:\/\/www.lichen.pl\/wp-content\/uploads\/2025\/03\/Z-mlodymi-i-dla-mlodych-6.jpg\" data-elementor-open-lightbox=\"yes\" data-elementor-lightbox-slideshow=\"e114eae\" data-elementor-lightbox-title=\"Z m\u0142odymi i dla m\u0142odych (6)\" data-e-action-hash=\"#elementor-action%3Aaction%3Dlightbox%26settings%3DeyJpZCI6ODExNjQsInVybCI6Imh0dHBzOlwvXC93d3cubGljaGVuLnBsXC93cC1jb250ZW50XC91cGxvYWRzXC8yMDI1XC8wM1wvWi1tbG9keW1pLWktZGxhLW1sb2R5Y2gtNi5qcGciLCJzbGlkZXNob3ciOiJlMTE0ZWFlIn0%3D\">\n\t\t\t\t\t<div class=\"e-gallery-image elementor-gallery-item__image\" data-thumbnail=\"https:\/\/www.lichen.pl\/wp-content\/uploads\/2025\/03\/Z-mlodymi-i-dla-mlodych-6-300x200.jpg\" data-width=\"300\" data-height=\"200\" aria-label=\"\" role=\"img\" ><\/div>\n\t\t\t\t\t\t\t\t\t\t\t<div class=\"elementor-gallery-item__overlay\"><\/div>\n\t\t\t\t\t\t\t\t\t\t\t\t\t\t<\/a>\n\t\t\t\t\t\t\t<a class=\"e-gallery-item elementor-gallery-item elementor-animated-content\" href=\"https:\/\/www.lichen.pl\/wp-content\/uploads\/2025\/03\/Z-mlodymi-i-dla-mlodych-7.jpg\" data-elementor-open-lightbox=\"yes\" data-elementor-lightbox-slideshow=\"e114eae\" data-elementor-lightbox-title=\"Z m\u0142odymi i dla m\u0142odych (7)\" data-e-action-hash=\"#elementor-action%3Aaction%3Dlightbox%26settings%3DeyJpZCI6ODExNjUsInVybCI6Imh0dHBzOlwvXC93d3cubGljaGVuLnBsXC93cC1jb250ZW50XC91cGxvYWRzXC8yMDI1XC8wM1wvWi1tbG9keW1pLWktZGxhLW1sb2R5Y2gtNy5qcGciLCJzbGlkZXNob3ciOiJlMTE0ZWFlIn0%3D\">\n\t\t\t\t\t<div class=\"e-gallery-image elementor-gallery-item__image\" data-thumbnail=\"https:\/\/www.lichen.pl\/wp-content\/uploads\/2025\/03\/Z-mlodymi-i-dla-mlodych-7-300x200.jpg\" data-width=\"300\" data-height=\"200\" aria-label=\"\" role=\"img\" ><\/div>\n\t\t\t\t\t\t\t\t\t\t\t<div class=\"elementor-gallery-item__overlay\"><\/div>\n\t\t\t\t\t\t\t\t\t\t\t\t\t\t<\/a>\n\t\t\t\t\t\t\t<a class=\"e-gallery-item elementor-gallery-item elementor-animated-content\" href=\"https:\/\/www.lichen.pl\/wp-content\/uploads\/2025\/03\/Z-mlodymi-i-dla-mlodych-8.jpg\" data-elementor-open-lightbox=\"yes\" data-elementor-lightbox-slideshow=\"e114eae\" data-elementor-lightbox-title=\"Z m\u0142odymi i dla m\u0142odych (8)\" data-e-action-hash=\"#elementor-action%3Aaction%3Dlightbox%26settings%3DeyJpZCI6ODExNjYsInVybCI6Imh0dHBzOlwvXC93d3cubGljaGVuLnBsXC93cC1jb250ZW50XC91cGxvYWRzXC8yMDI1XC8wM1wvWi1tbG9keW1pLWktZGxhLW1sb2R5Y2gtOC5qcGciLCJzbGlkZXNob3ciOiJlMTE0ZWFlIn0%3D\">\n\t\t\t\t\t<div class=\"e-gallery-image elementor-gallery-item__image\" data-thumbnail=\"https:\/\/www.lichen.pl\/wp-content\/uploads\/2025\/03\/Z-mlodymi-i-dla-mlodych-8-300x200.jpg\" data-width=\"300\" data-height=\"200\" aria-label=\"\" role=\"img\" ><\/div>\n\t\t\t\t\t\t\t\t\t\t\t<div class=\"elementor-gallery-item__overlay\"><\/div>\n\t\t\t\t\t\t\t\t\t\t\t\t\t\t<\/a>\n\t\t\t\t\t\t\t<a class=\"e-gallery-item elementor-gallery-item elementor-animated-content\" href=\"https:\/\/www.lichen.pl\/wp-content\/uploads\/2025\/03\/Z-mlodymi-i-dla-mlodych-9.jpg\" data-elementor-open-lightbox=\"yes\" data-elementor-lightbox-slideshow=\"e114eae\" data-elementor-lightbox-title=\"Z m\u0142odymi i dla m\u0142odych (9)\" data-e-action-hash=\"#elementor-action%3Aaction%3Dlightbox%26settings%3DeyJpZCI6ODExNjcsInVybCI6Imh0dHBzOlwvXC93d3cubGljaGVuLnBsXC93cC1jb250ZW50XC91cGxvYWRzXC8yMDI1XC8wM1wvWi1tbG9keW1pLWktZGxhLW1sb2R5Y2gtOS5qcGciLCJzbGlkZXNob3ciOiJlMTE0ZWFlIn0%3D\">\n\t\t\t\t\t<div class=\"e-gallery-image elementor-gallery-item__image\" data-thumbnail=\"https:\/\/www.lichen.pl\/wp-content\/uploads\/2025\/03\/Z-mlodymi-i-dla-mlodych-9-300x200.jpg\" data-width=\"300\" data-height=\"200\" aria-label=\"\" role=\"img\" ><\/div>\n\t\t\t\t\t\t\t\t\t\t\t<div class=\"elementor-gallery-item__overlay\"><\/div>\n\t\t\t\t\t\t\t\t\t\t\t\t\t\t<\/a>\n\t\t\t\t\t\t\t<a class=\"e-gallery-item elementor-gallery-item elementor-animated-content\" href=\"https:\/\/www.lichen.pl\/wp-content\/uploads\/2025\/03\/Z-mlodymi-i-dla-mlodych-10.jpg\" data-elementor-open-lightbox=\"yes\" data-elementor-lightbox-slideshow=\"e114eae\" data-elementor-lightbox-title=\"Z m\u0142odymi i dla m\u0142odych (10)\" data-e-action-hash=\"#elementor-action%3Aaction%3Dlightbox%26settings%3DeyJpZCI6ODExNjgsInVybCI6Imh0dHBzOlwvXC93d3cubGljaGVuLnBsXC93cC1jb250ZW50XC91cGxvYWRzXC8yMDI1XC8wM1wvWi1tbG9keW1pLWktZGxhLW1sb2R5Y2gtMTAuanBnIiwic2xpZGVzaG93IjoiZTExNGVhZSJ9\">\n\t\t\t\t\t<div class=\"e-gallery-image elementor-gallery-item__image\" data-thumbnail=\"https:\/\/www.lichen.pl\/wp-content\/uploads\/2025\/03\/Z-mlodymi-i-dla-mlodych-10-300x200.jpg\" data-width=\"300\" data-height=\"200\" aria-label=\"\" role=\"img\" ><\/div>\n\t\t\t\t\t\t\t\t\t\t\t<div class=\"elementor-gallery-item__overlay\"><\/div>\n\t\t\t\t\t\t\t\t\t\t\t\t\t\t<\/a>\n\t\t\t\t\t\t\t<a class=\"e-gallery-item elementor-gallery-item elementor-animated-content\" href=\"https:\/\/www.lichen.pl\/wp-content\/uploads\/2025\/03\/Z-mlodymi-i-dla-mlodych-11.jpg\" data-elementor-open-lightbox=\"yes\" data-elementor-lightbox-slideshow=\"e114eae\" data-elementor-lightbox-title=\"Z m\u0142odymi i dla m\u0142odych (11)\" data-e-action-hash=\"#elementor-action%3Aaction%3Dlightbox%26settings%3DeyJpZCI6ODExNjksInVybCI6Imh0dHBzOlwvXC93d3cubGljaGVuLnBsXC93cC1jb250ZW50XC91cGxvYWRzXC8yMDI1XC8wM1wvWi1tbG9keW1pLWktZGxhLW1sb2R5Y2gtMTEuanBnIiwic2xpZGVzaG93IjoiZTExNGVhZSJ9\">\n\t\t\t\t\t<div class=\"e-gallery-image elementor-gallery-item__image\" data-thumbnail=\"https:\/\/www.lichen.pl\/wp-content\/uploads\/2025\/03\/Z-mlodymi-i-dla-mlodych-11-300x200.jpg\" data-width=\"300\" data-height=\"200\" aria-label=\"\" role=\"img\" ><\/div>\n\t\t\t\t\t\t\t\t\t\t\t<div class=\"elementor-gallery-item__overlay\"><\/div>\n\t\t\t\t\t\t\t\t\t\t\t\t\t\t<\/a>\n\t\t\t\t\t\t\t<a class=\"e-gallery-item elementor-gallery-item elementor-animated-content\" href=\"https:\/\/www.lichen.pl\/wp-content\/uploads\/2025\/03\/Z-mlodymi-i-dla-mlodych-12.jpg\" data-elementor-open-lightbox=\"yes\" data-elementor-lightbox-slideshow=\"e114eae\" data-elementor-lightbox-title=\"Z m\u0142odymi i dla m\u0142odych (12)\" data-e-action-hash=\"#elementor-action%3Aaction%3Dlightbox%26settings%3DeyJpZCI6ODExNzAsInVybCI6Imh0dHBzOlwvXC93d3cubGljaGVuLnBsXC93cC1jb250ZW50XC91cGxvYWRzXC8yMDI1XC8wM1wvWi1tbG9keW1pLWktZGxhLW1sb2R5Y2gtMTIuanBnIiwic2xpZGVzaG93IjoiZTExNGVhZSJ9\">\n\t\t\t\t\t<div class=\"e-gallery-image elementor-gallery-item__image\" data-thumbnail=\"https:\/\/www.lichen.pl\/wp-content\/uploads\/2025\/03\/Z-mlodymi-i-dla-mlodych-12-300x200.jpg\" data-width=\"300\" data-height=\"200\" aria-label=\"\" role=\"img\" ><\/div>\n\t\t\t\t\t\t\t\t\t\t\t<div class=\"elementor-gallery-item__overlay\"><\/div>\n\t\t\t\t\t\t\t\t\t\t\t\t\t\t<\/a>\n\t\t\t\t\t\t\t<a class=\"e-gallery-item elementor-gallery-item elementor-animated-content\" href=\"https:\/\/www.lichen.pl\/wp-content\/uploads\/2025\/03\/Z-mlodymi-i-dla-mlodych-13.jpg\" data-elementor-open-lightbox=\"yes\" data-elementor-lightbox-slideshow=\"e114eae\" data-elementor-lightbox-title=\"Z m\u0142odymi i dla m\u0142odych (13)\" data-e-action-hash=\"#elementor-action%3Aaction%3Dlightbox%26settings%3DeyJpZCI6ODExNzEsInVybCI6Imh0dHBzOlwvXC93d3cubGljaGVuLnBsXC93cC1jb250ZW50XC91cGxvYWRzXC8yMDI1XC8wM1wvWi1tbG9keW1pLWktZGxhLW1sb2R5Y2gtMTMuanBnIiwic2xpZGVzaG93IjoiZTExNGVhZSJ9\">\n\t\t\t\t\t<div class=\"e-gallery-image elementor-gallery-item__image\" data-thumbnail=\"https:\/\/www.lichen.pl\/wp-content\/uploads\/2025\/03\/Z-mlodymi-i-dla-mlodych-13-300x200.jpg\" data-width=\"300\" data-height=\"200\" aria-label=\"\" role=\"img\" ><\/div>\n\t\t\t\t\t\t\t\t\t\t\t<div class=\"elementor-gallery-item__overlay\"><\/div>\n\t\t\t\t\t\t\t\t\t\t\t\t\t\t<\/a>\n\t\t\t\t\t\t\t<a class=\"e-gallery-item elementor-gallery-item elementor-animated-content\" href=\"https:\/\/www.lichen.pl\/wp-content\/uploads\/2025\/03\/Z-mlodymi-i-dla-mlodych-14.jpg\" data-elementor-open-lightbox=\"yes\" data-elementor-lightbox-slideshow=\"e114eae\" data-elementor-lightbox-title=\"Z m\u0142odymi i dla m\u0142odych (14)\" data-e-action-hash=\"#elementor-action%3Aaction%3Dlightbox%26settings%3DeyJpZCI6ODExNzIsInVybCI6Imh0dHBzOlwvXC93d3cubGljaGVuLnBsXC93cC1jb250ZW50XC91cGxvYWRzXC8yMDI1XC8wM1wvWi1tbG9keW1pLWktZGxhLW1sb2R5Y2gtMTQuanBnIiwic2xpZGVzaG93IjoiZTExNGVhZSJ9\">\n\t\t\t\t\t<div class=\"e-gallery-image elementor-gallery-item__image\" data-thumbnail=\"https:\/\/www.lichen.pl\/wp-content\/uploads\/2025\/03\/Z-mlodymi-i-dla-mlodych-14-300x200.jpg\" data-width=\"300\" data-height=\"200\" aria-label=\"\" role=\"img\" ><\/div>\n\t\t\t\t\t\t\t\t\t\t\t<div class=\"elementor-gallery-item__overlay\"><\/div>\n\t\t\t\t\t\t\t\t\t\t\t\t\t\t<\/a>\n\t\t\t\t\t<\/div>\n\t\t\t\t\t<\/div>\n\t\t\t\t<\/div>\n\t\t\t\t\t<\/div>\n\t\t<\/div>\n\t\t\t\t\t<\/div>\n\t\t<\/section>\n\t\t\t\t<\/div>","protected":false},"excerpt":{"rendered":"<p>Msze \u015bw. z cyklu \u201eZ m\u0142odymi i dla m\u0142odych\u201d odbywaj\u0105 si\u0119 w sanktuarium Matki Bo\u017cej Liche\u0144skiej w ka\u017cd\u0105 czwart\u0105 niedziel\u0119 miesi\u0105ca. Niedzielnej Mszy \u015bw. przewodniczy\u0142 i homili\u0119 wyg\u0142osi\u0142 ks. Pawe\u0142 Skonieczny MIC. \u2026mo\u017ce wyda owoc Jak zwraca\u0142 uwag\u0119 w homilii ks. Skonieczny, nawr\u00f3cenie wymaga wysi\u0142ku, a co wa\u017cniejsze spojrzenia na siebie z nadziej\u0105. Dzisiejsza Ewangelia [&hellip;]<\/p>\n","protected":false},"author":8,"featured_media":81159,"comment_status":"closed","ping_status":"closed","sticky":false,"template":"","format":"standard","meta":{"footnotes":""},"categories":[1],"tags":[],"class_list":["post-81158","post","type-post","status-publish","format-standard","has-post-thumbnail","hentry","category-aktualnosci","wpbf-post"],"yoast_head":"<!-- This site is optimized with the Yoast SEO plugin v27.4 - https:\/\/yoast.com\/product\/yoast-seo-wordpress\/ -->\n<title>Comiesi\u0119czna Msza \u015bw. \u201eZ m\u0142odymi i dla m\u0142odych\u201d w bazylice liche\u0144skiej w\u015br\u00f3d wielkopostnego klimatu. - SANKTUARIUM W LICHENIU<\/title>\n<meta name=\"robots\" content=\"index, follow, max-snippet:-1, max-image-preview:large, max-video-preview:-1\" \/>\n<link rel=\"canonical\" href=\"https:\/\/www.lichen.pl\/de\/comiesieczna-msza-sw-z-mlodymi-i-dla-mlodych-w-bazylice-lichenskiej-wsrod-wielkopostnego-klimatu\/\" \/>\n<meta property=\"og:locale\" content=\"de_DE\" \/>\n<meta property=\"og:type\" content=\"article\" \/>\n<meta property=\"og:title\" content=\"Comiesi\u0119czna Msza \u015bw. \u201eZ m\u0142odymi i dla m\u0142odych\u201d w bazylice liche\u0144skiej w\u015br\u00f3d wielkopostnego klimatu. - SANKTUARIUM W LICHENIU\" \/>\n<meta property=\"og:description\" content=\"Msze \u015bw. z cyklu \u201eZ m\u0142odymi i dla m\u0142odych\u201d odbywaj\u0105 si\u0119 w sanktuarium Matki Bo\u017cej Liche\u0144skiej w ka\u017cd\u0105 czwart\u0105 niedziel\u0119 miesi\u0105ca. Niedzielnej Mszy \u015bw. przewodniczy\u0142 i homili\u0119 wyg\u0142osi\u0142 ks. Pawe\u0142 Skonieczny MIC. \u2026mo\u017ce wyda owoc Jak zwraca\u0142 uwag\u0119 w homilii ks. Skonieczny, nawr\u00f3cenie wymaga wysi\u0142ku, a co wa\u017cniejsze spojrzenia na siebie z nadziej\u0105. Dzisiejsza Ewangelia [&hellip;]\" \/>\n<meta property=\"og:url\" content=\"https:\/\/www.lichen.pl\/de\/comiesieczna-msza-sw-z-mlodymi-i-dla-mlodych-w-bazylice-lichenskiej-wsrod-wielkopostnego-klimatu\/\" \/>\n<meta property=\"og:site_name\" content=\"SANKTUARIUM W LICHENIU\" \/>\n<meta property=\"article:published_time\" content=\"2025-03-24T20:29:28+00:00\" \/>\n<meta property=\"article:modified_time\" content=\"2025-03-24T20:31:35+00:00\" \/>\n<meta property=\"og:image\" content=\"https:\/\/www.lichen.pl\/wp-content\/uploads\/2025\/03\/Z-mlodymi-i-dla-mlodych-1-1024x683.jpg\" \/>\n\t<meta property=\"og:image:width\" content=\"1024\" \/>\n\t<meta property=\"og:image:height\" content=\"683\" \/>\n\t<meta property=\"og:image:type\" content=\"image\/jpeg\" \/>\n<meta name=\"author\" content=\"Biuro Prasowe\" \/>\n<meta name=\"twitter:card\" content=\"summary_large_image\" \/>\n<meta name=\"twitter:label1\" content=\"Verfasst von\" \/>\n\t<meta name=\"twitter:data1\" content=\"Biuro Prasowe\" \/>\n\t<meta name=\"twitter:label2\" content=\"Gesch\u00e4tzte Lesezeit\" \/>\n\t<meta name=\"twitter:data2\" content=\"2\u00a0Minuten\" \/>\n<script type=\"application\/ld+json\" class=\"yoast-schema-graph\">{\"@context\":\"https:\\\/\\\/schema.org\",\"@graph\":[{\"@type\":\"Article\",\"@id\":\"https:\\\/\\\/www.lichen.pl\\\/comiesieczna-msza-sw-z-mlodymi-i-dla-mlodych-w-bazylice-lichenskiej-wsrod-wielkopostnego-klimatu\\\/#article\",\"isPartOf\":{\"@id\":\"https:\\\/\\\/www.lichen.pl\\\/comiesieczna-msza-sw-z-mlodymi-i-dla-mlodych-w-bazylice-lichenskiej-wsrod-wielkopostnego-klimatu\\\/\"},\"author\":{\"name\":\"Biuro Prasowe\",\"@id\":\"https:\\\/\\\/www.lichen.pl\\\/fr\\\/#\\\/schema\\\/person\\\/682b5cfa2f8a664a298ed0bc19782a02\"},\"headline\":\"Comiesi\u0119czna Msza \u015bw. \u201eZ m\u0142odymi i dla m\u0142odych\u201d w bazylice liche\u0144skiej w\u015br\u00f3d wielkopostnego klimatu.\",\"datePublished\":\"2025-03-24T20:29:28+00:00\",\"dateModified\":\"2025-03-24T20:31:35+00:00\",\"mainEntityOfPage\":{\"@id\":\"https:\\\/\\\/www.lichen.pl\\\/comiesieczna-msza-sw-z-mlodymi-i-dla-mlodych-w-bazylice-lichenskiej-wsrod-wielkopostnego-klimatu\\\/\"},\"wordCount\":266,\"image\":{\"@id\":\"https:\\\/\\\/www.lichen.pl\\\/comiesieczna-msza-sw-z-mlodymi-i-dla-mlodych-w-bazylice-lichenskiej-wsrod-wielkopostnego-klimatu\\\/#primaryimage\"},\"thumbnailUrl\":\"https:\\\/\\\/www.lichen.pl\\\/wp-content\\\/uploads\\\/2025\\\/03\\\/Z-mlodymi-i-dla-mlodych-1.jpg\",\"articleSection\":[\"Aktualno\u015bci\"],\"inLanguage\":\"de\"},{\"@type\":\"WebPage\",\"@id\":\"https:\\\/\\\/www.lichen.pl\\\/comiesieczna-msza-sw-z-mlodymi-i-dla-mlodych-w-bazylice-lichenskiej-wsrod-wielkopostnego-klimatu\\\/\",\"url\":\"https:\\\/\\\/www.lichen.pl\\\/comiesieczna-msza-sw-z-mlodymi-i-dla-mlodych-w-bazylice-lichenskiej-wsrod-wielkopostnego-klimatu\\\/\",\"name\":\"Comiesi\u0119czna Msza \u015bw. \u201eZ m\u0142odymi i dla m\u0142odych\u201d w bazylice liche\u0144skiej w\u015br\u00f3d wielkopostnego klimatu. - SANKTUARIUM W LICHENIU\",\"isPartOf\":{\"@id\":\"https:\\\/\\\/www.lichen.pl\\\/fr\\\/#website\"},\"primaryImageOfPage\":{\"@id\":\"https:\\\/\\\/www.lichen.pl\\\/comiesieczna-msza-sw-z-mlodymi-i-dla-mlodych-w-bazylice-lichenskiej-wsrod-wielkopostnego-klimatu\\\/#primaryimage\"},\"image\":{\"@id\":\"https:\\\/\\\/www.lichen.pl\\\/comiesieczna-msza-sw-z-mlodymi-i-dla-mlodych-w-bazylice-lichenskiej-wsrod-wielkopostnego-klimatu\\\/#primaryimage\"},\"thumbnailUrl\":\"https:\\\/\\\/www.lichen.pl\\\/wp-content\\\/uploads\\\/2025\\\/03\\\/Z-mlodymi-i-dla-mlodych-1.jpg\",\"datePublished\":\"2025-03-24T20:29:28+00:00\",\"dateModified\":\"2025-03-24T20:31:35+00:00\",\"author\":{\"@id\":\"https:\\\/\\\/www.lichen.pl\\\/fr\\\/#\\\/schema\\\/person\\\/682b5cfa2f8a664a298ed0bc19782a02\"},\"breadcrumb\":{\"@id\":\"https:\\\/\\\/www.lichen.pl\\\/comiesieczna-msza-sw-z-mlodymi-i-dla-mlodych-w-bazylice-lichenskiej-wsrod-wielkopostnego-klimatu\\\/#breadcrumb\"},\"inLanguage\":\"de\",\"potentialAction\":[{\"@type\":\"ReadAction\",\"target\":[\"https:\\\/\\\/www.lichen.pl\\\/comiesieczna-msza-sw-z-mlodymi-i-dla-mlodych-w-bazylice-lichenskiej-wsrod-wielkopostnego-klimatu\\\/\"]}]},{\"@type\":\"ImageObject\",\"inLanguage\":\"de\",\"@id\":\"https:\\\/\\\/www.lichen.pl\\\/comiesieczna-msza-sw-z-mlodymi-i-dla-mlodych-w-bazylice-lichenskiej-wsrod-wielkopostnego-klimatu\\\/#primaryimage\",\"url\":\"https:\\\/\\\/www.lichen.pl\\\/wp-content\\\/uploads\\\/2025\\\/03\\\/Z-mlodymi-i-dla-mlodych-1.jpg\",\"contentUrl\":\"https:\\\/\\\/www.lichen.pl\\\/wp-content\\\/uploads\\\/2025\\\/03\\\/Z-mlodymi-i-dla-mlodych-1.jpg\",\"width\":1920,\"height\":1280},{\"@type\":\"BreadcrumbList\",\"@id\":\"https:\\\/\\\/www.lichen.pl\\\/comiesieczna-msza-sw-z-mlodymi-i-dla-mlodych-w-bazylice-lichenskiej-wsrod-wielkopostnego-klimatu\\\/#breadcrumb\",\"itemListElement\":[{\"@type\":\"ListItem\",\"position\":1,\"name\":\"Strona g\u0142\u00f3wna\",\"item\":\"https:\\\/\\\/www.lichen.pl\\\/\"},{\"@type\":\"ListItem\",\"position\":2,\"name\":\"Comiesi\u0119czna Msza \u015bw. \u201eZ m\u0142odymi i dla m\u0142odych\u201d w bazylice liche\u0144skiej w\u015br\u00f3d wielkopostnego klimatu.\"}]},{\"@type\":\"WebSite\",\"@id\":\"https:\\\/\\\/www.lichen.pl\\\/fr\\\/#website\",\"url\":\"https:\\\/\\\/www.lichen.pl\\\/fr\\\/\",\"name\":\"SANKTUARIUM W LICHENIU\",\"description\":\"MATKI BO\u017bEJ LICHE\u0143SKIEJ BOLESNEJ KR\u00d3LOWEJ POLSKI\",\"potentialAction\":[{\"@type\":\"SearchAction\",\"target\":{\"@type\":\"EntryPoint\",\"urlTemplate\":\"https:\\\/\\\/www.lichen.pl\\\/fr\\\/?s={search_term_string}\"},\"query-input\":{\"@type\":\"PropertyValueSpecification\",\"valueRequired\":true,\"valueName\":\"search_term_string\"}}],\"inLanguage\":\"de\"},{\"@type\":\"Person\",\"@id\":\"https:\\\/\\\/www.lichen.pl\\\/fr\\\/#\\\/schema\\\/person\\\/682b5cfa2f8a664a298ed0bc19782a02\",\"name\":\"Biuro Prasowe\",\"image\":{\"@type\":\"ImageObject\",\"inLanguage\":\"de\",\"@id\":\"https:\\\/\\\/secure.gravatar.com\\\/avatar\\\/07fa3449d37670fd38888cb2e3db27aa13df245d811ec65206e44888f202bb53?s=96&d=retro&r=g\",\"url\":\"https:\\\/\\\/secure.gravatar.com\\\/avatar\\\/07fa3449d37670fd38888cb2e3db27aa13df245d811ec65206e44888f202bb53?s=96&d=retro&r=g\",\"contentUrl\":\"https:\\\/\\\/secure.gravatar.com\\\/avatar\\\/07fa3449d37670fd38888cb2e3db27aa13df245d811ec65206e44888f202bb53?s=96&d=retro&r=g\",\"caption\":\"Biuro Prasowe\"},\"sameAs\":[\"http:\\\/\\\/www.lichen.pl\"],\"url\":\"https:\\\/\\\/www.lichen.pl\\\/de\\\/author\\\/biuro-prasowe\\\/\"}]}<\/script>\n<!-- \/ Yoast SEO plugin. -->","yoast_head_json":{"title":"Comiesi\u0119czna Msza \u015bw. \u201eZ m\u0142odymi i dla m\u0142odych\u201d w bazylice liche\u0144skiej w\u015br\u00f3d wielkopostnego klimatu. - SANKTUARIUM W LICHENIU","robots":{"index":"index","follow":"follow","max-snippet":"max-snippet:-1","max-image-preview":"max-image-preview:large","max-video-preview":"max-video-preview:-1"},"canonical":"https:\/\/www.lichen.pl\/de\/comiesieczna-msza-sw-z-mlodymi-i-dla-mlodych-w-bazylice-lichenskiej-wsrod-wielkopostnego-klimatu\/","og_locale":"de_DE","og_type":"article","og_title":"Comiesi\u0119czna Msza \u015bw. \u201eZ m\u0142odymi i dla m\u0142odych\u201d w bazylice liche\u0144skiej w\u015br\u00f3d wielkopostnego klimatu. - SANKTUARIUM W LICHENIU","og_description":"Msze \u015bw. z cyklu \u201eZ m\u0142odymi i dla m\u0142odych\u201d odbywaj\u0105 si\u0119 w sanktuarium Matki Bo\u017cej Liche\u0144skiej w ka\u017cd\u0105 czwart\u0105 niedziel\u0119 miesi\u0105ca. Niedzielnej Mszy \u015bw. przewodniczy\u0142 i homili\u0119 wyg\u0142osi\u0142 ks. Pawe\u0142 Skonieczny MIC. \u2026mo\u017ce wyda owoc Jak zwraca\u0142 uwag\u0119 w homilii ks. Skonieczny, nawr\u00f3cenie wymaga wysi\u0142ku, a co wa\u017cniejsze spojrzenia na siebie z nadziej\u0105. Dzisiejsza Ewangelia [&hellip;]","og_url":"https:\/\/www.lichen.pl\/de\/comiesieczna-msza-sw-z-mlodymi-i-dla-mlodych-w-bazylice-lichenskiej-wsrod-wielkopostnego-klimatu\/","og_site_name":"SANKTUARIUM W LICHENIU","article_published_time":"2025-03-24T20:29:28+00:00","article_modified_time":"2025-03-24T20:31:35+00:00","og_image":[{"width":1024,"height":683,"url":"https:\/\/www.lichen.pl\/wp-content\/uploads\/2025\/03\/Z-mlodymi-i-dla-mlodych-1-1024x683.jpg","type":"image\/jpeg"}],"author":"Biuro Prasowe","twitter_card":"summary_large_image","twitter_misc":{"Verfasst von":"Biuro Prasowe","Gesch\u00e4tzte Lesezeit":"2\u00a0Minuten"},"schema":{"@context":"https:\/\/schema.org","@graph":[{"@type":"Article","@id":"https:\/\/www.lichen.pl\/comiesieczna-msza-sw-z-mlodymi-i-dla-mlodych-w-bazylice-lichenskiej-wsrod-wielkopostnego-klimatu\/#article","isPartOf":{"@id":"https:\/\/www.lichen.pl\/comiesieczna-msza-sw-z-mlodymi-i-dla-mlodych-w-bazylice-lichenskiej-wsrod-wielkopostnego-klimatu\/"},"author":{"name":"Biuro Prasowe","@id":"https:\/\/www.lichen.pl\/fr\/#\/schema\/person\/682b5cfa2f8a664a298ed0bc19782a02"},"headline":"Comiesi\u0119czna Msza \u015bw. \u201eZ m\u0142odymi i dla m\u0142odych\u201d w bazylice liche\u0144skiej w\u015br\u00f3d wielkopostnego klimatu.","datePublished":"2025-03-24T20:29:28+00:00","dateModified":"2025-03-24T20:31:35+00:00","mainEntityOfPage":{"@id":"https:\/\/www.lichen.pl\/comiesieczna-msza-sw-z-mlodymi-i-dla-mlodych-w-bazylice-lichenskiej-wsrod-wielkopostnego-klimatu\/"},"wordCount":266,"image":{"@id":"https:\/\/www.lichen.pl\/comiesieczna-msza-sw-z-mlodymi-i-dla-mlodych-w-bazylice-lichenskiej-wsrod-wielkopostnego-klimatu\/#primaryimage"},"thumbnailUrl":"https:\/\/www.lichen.pl\/wp-content\/uploads\/2025\/03\/Z-mlodymi-i-dla-mlodych-1.jpg","articleSection":["Aktualno\u015bci"],"inLanguage":"de"},{"@type":"WebPage","@id":"https:\/\/www.lichen.pl\/comiesieczna-msza-sw-z-mlodymi-i-dla-mlodych-w-bazylice-lichenskiej-wsrod-wielkopostnego-klimatu\/","url":"https:\/\/www.lichen.pl\/comiesieczna-msza-sw-z-mlodymi-i-dla-mlodych-w-bazylice-lichenskiej-wsrod-wielkopostnego-klimatu\/","name":"Comiesi\u0119czna Msza \u015bw. \u201eZ m\u0142odymi i dla m\u0142odych\u201d w bazylice liche\u0144skiej w\u015br\u00f3d wielkopostnego klimatu. - SANKTUARIUM W LICHENIU","isPartOf":{"@id":"https:\/\/www.lichen.pl\/fr\/#website"},"primaryImageOfPage":{"@id":"https:\/\/www.lichen.pl\/comiesieczna-msza-sw-z-mlodymi-i-dla-mlodych-w-bazylice-lichenskiej-wsrod-wielkopostnego-klimatu\/#primaryimage"},"image":{"@id":"https:\/\/www.lichen.pl\/comiesieczna-msza-sw-z-mlodymi-i-dla-mlodych-w-bazylice-lichenskiej-wsrod-wielkopostnego-klimatu\/#primaryimage"},"thumbnailUrl":"https:\/\/www.lichen.pl\/wp-content\/uploads\/2025\/03\/Z-mlodymi-i-dla-mlodych-1.jpg","datePublished":"2025-03-24T20:29:28+00:00","dateModified":"2025-03-24T20:31:35+00:00","author":{"@id":"https:\/\/www.lichen.pl\/fr\/#\/schema\/person\/682b5cfa2f8a664a298ed0bc19782a02"},"breadcrumb":{"@id":"https:\/\/www.lichen.pl\/comiesieczna-msza-sw-z-mlodymi-i-dla-mlodych-w-bazylice-lichenskiej-wsrod-wielkopostnego-klimatu\/#breadcrumb"},"inLanguage":"de","potentialAction":[{"@type":"ReadAction","target":["https:\/\/www.lichen.pl\/comiesieczna-msza-sw-z-mlodymi-i-dla-mlodych-w-bazylice-lichenskiej-wsrod-wielkopostnego-klimatu\/"]}]},{"@type":"ImageObject","inLanguage":"de","@id":"https:\/\/www.lichen.pl\/comiesieczna-msza-sw-z-mlodymi-i-dla-mlodych-w-bazylice-lichenskiej-wsrod-wielkopostnego-klimatu\/#primaryimage","url":"https:\/\/www.lichen.pl\/wp-content\/uploads\/2025\/03\/Z-mlodymi-i-dla-mlodych-1.jpg","contentUrl":"https:\/\/www.lichen.pl\/wp-content\/uploads\/2025\/03\/Z-mlodymi-i-dla-mlodych-1.jpg","width":1920,"height":1280},{"@type":"BreadcrumbList","@id":"https:\/\/www.lichen.pl\/comiesieczna-msza-sw-z-mlodymi-i-dla-mlodych-w-bazylice-lichenskiej-wsrod-wielkopostnego-klimatu\/#breadcrumb","itemListElement":[{"@type":"ListItem","position":1,"name":"Strona g\u0142\u00f3wna","item":"https:\/\/www.lichen.pl\/"},{"@type":"ListItem","position":2,"name":"Comiesi\u0119czna Msza \u015bw. \u201eZ m\u0142odymi i dla m\u0142odych\u201d w bazylice liche\u0144skiej w\u015br\u00f3d wielkopostnego klimatu."}]},{"@type":"WebSite","@id":"https:\/\/www.lichen.pl\/fr\/#website","url":"https:\/\/www.lichen.pl\/fr\/","name":"HEILIGTUM IN LICHENIEN","description":"DIE TRAURIGE K\u00d6NIGIN UNSERER FLECHEN VON POLEN","potentialAction":[{"@type":"SearchAction","target":{"@type":"EntryPoint","urlTemplate":"https:\/\/www.lichen.pl\/fr\/?s={search_term_string}"},"query-input":{"@type":"PropertyValueSpecification","valueRequired":true,"valueName":"search_term_string"}}],"inLanguage":"de"},{"@type":"Person","@id":"https:\/\/www.lichen.pl\/fr\/#\/schema\/person\/682b5cfa2f8a664a298ed0bc19782a02","name":"Biuro Prasowe","image":{"@type":"ImageObject","inLanguage":"de","@id":"https:\/\/secure.gravatar.com\/avatar\/07fa3449d37670fd38888cb2e3db27aa13df245d811ec65206e44888f202bb53?s=96&d=retro&r=g","url":"https:\/\/secure.gravatar.com\/avatar\/07fa3449d37670fd38888cb2e3db27aa13df245d811ec65206e44888f202bb53?s=96&d=retro&r=g","contentUrl":"https:\/\/secure.gravatar.com\/avatar\/07fa3449d37670fd38888cb2e3db27aa13df245d811ec65206e44888f202bb53?s=96&d=retro&r=g","caption":"Biuro Prasowe"},"sameAs":["http:\/\/www.lichen.pl"],"url":"https:\/\/www.lichen.pl\/de\/author\/biuro-prasowe\/"}]}},"_links":{"self":[{"href":"https:\/\/www.lichen.pl\/de\/wp-json\/wp\/v2\/posts\/81158","targetHints":{"allow":["GET"]}}],"collection":[{"href":"https:\/\/www.lichen.pl\/de\/wp-json\/wp\/v2\/posts"}],"about":[{"href":"https:\/\/www.lichen.pl\/de\/wp-json\/wp\/v2\/types\/post"}],"author":[{"embeddable":true,"href":"https:\/\/www.lichen.pl\/de\/wp-json\/wp\/v2\/users\/8"}],"replies":[{"embeddable":true,"href":"https:\/\/www.lichen.pl\/de\/wp-json\/wp\/v2\/comments?post=81158"}],"version-history":[{"count":3,"href":"https:\/\/www.lichen.pl\/de\/wp-json\/wp\/v2\/posts\/81158\/revisions"}],"predecessor-version":[{"id":81175,"href":"https:\/\/www.lichen.pl\/de\/wp-json\/wp\/v2\/posts\/81158\/revisions\/81175"}],"wp:featuredmedia":[{"embeddable":true,"href":"https:\/\/www.lichen.pl\/de\/wp-json\/wp\/v2\/media\/81159"}],"wp:attachment":[{"href":"https:\/\/www.lichen.pl\/de\/wp-json\/wp\/v2\/media?parent=81158"}],"wp:term":[{"taxonomy":"category","embeddable":true,"href":"https:\/\/www.lichen.pl\/de\/wp-json\/wp\/v2\/categories?post=81158"},{"taxonomy":"post_tag","embeddable":true,"href":"https:\/\/www.lichen.pl\/de\/wp-json\/wp\/v2\/tags?post=81158"}],"curies":[{"name":"wp","href":"https:\/\/api.w.org\/{rel}","templated":true}]}}