{"id":90523,"date":"2025-10-13T16:54:44","date_gmt":"2025-10-13T14:54:44","guid":{"rendered":"https:\/\/www.lichen.pl\/?p=90523"},"modified":"2025-10-14T10:08:18","modified_gmt":"2025-10-14T08:08:18","slug":"gesty-pelne-dobra-swiatowy-dzien-hospicjow-i-opieki-paliatywnej","status":"publish","type":"post","link":"https:\/\/www.lichen.pl\/de\/gesty-pelne-dobra-swiatowy-dzien-hospicjow-i-opieki-paliatywnej\/","title":{"rendered":"\u015awiatowy Dzie\u0144 Hospicj\u00f3w i Opieki Paliatywnej"},"content":{"rendered":"<div data-elementor-type=\"wp-post\" data-elementor-id=\"90523\" class=\"elementor elementor-90523\" data-elementor-post-type=\"post\">\n\t\t\t\t\t\t<section class=\"elementor-section elementor-top-section elementor-element elementor-element-a6e2c92 elementor-section-boxed elementor-section-height-default elementor-section-height-default\" data-id=\"a6e2c92\" data-element_type=\"section\" data-e-type=\"section\">\n\t\t\t\t\t\t<div class=\"elementor-container elementor-column-gap-default\">\n\t\t\t\t\t<div class=\"elementor-column elementor-col-100 elementor-top-column elementor-element elementor-element-e97327a\" data-id=\"e97327a\" data-element_type=\"column\" data-e-type=\"column\">\n\t\t\t<div class=\"elementor-widget-wrap elementor-element-populated\">\n\t\t\t\t\t\t<div class=\"elementor-element elementor-element-c676068 elementor-widget elementor-widget-text-editor\" data-id=\"c676068\" data-element_type=\"widget\" data-e-type=\"widget\" data-widget_type=\"text-editor.default\">\n\t\t\t\t<div class=\"elementor-widget-container\">\n\t\t\t\t\t\t\t\t\t<p><span style=\"color: #000000;\">11 pa\u017adziernika obchodzili\u015bmy \u015awiatowy Dzie\u0144 Hospicj\u00f3w i Opieki Paliatywnej. W liche\u0144skim sanktuarium \u015bwi\u0119towanie rozpocz\u0119\u0142o si\u0119 od porannej Mszy \u015bw. w kaplicy hospicyjnej. Po zako\u0144czonej Eucharystii grupa pracownik\u00f3w oraz przyjaci\u00f3\u0142 liche\u0144skiego hospicjum wzi\u0119\u0142a udzia\u0142 w Pieszej Pielgrzymce Zespo\u0142u Hospicyjnego do sanktuarium Pi\u0119ciu Braci M\u0119czennik\u00f3w, kt\u00f3re znajduje si\u0119 w Kazimierzu Biskupim.<\/span><\/p>\t\t\t\t\t\t\t\t<\/div>\n\t\t\t\t<\/div>\n\t\t\t\t\t<\/div>\n\t\t<\/div>\n\t\t\t\t\t<\/div>\n\t\t<\/section>\n\t\t\t\t<section class=\"elementor-section elementor-top-section elementor-element elementor-element-d97af41 elementor-section-boxed elementor-section-height-default elementor-section-height-default\" data-id=\"d97af41\" data-element_type=\"section\" data-e-type=\"section\">\n\t\t\t\t\t\t<div class=\"elementor-container elementor-column-gap-default\">\n\t\t\t\t\t<div class=\"elementor-column elementor-col-100 elementor-top-column elementor-element elementor-element-9e39831\" data-id=\"9e39831\" data-element_type=\"column\" data-e-type=\"column\">\n\t\t\t<div class=\"elementor-widget-wrap elementor-element-populated\">\n\t\t\t\t\t\t<div class=\"elementor-element elementor-element-8c9bc61 elementor-widget elementor-widget-image\" data-id=\"8c9bc61\" data-element_type=\"widget\" data-e-type=\"widget\" data-widget_type=\"image.default\">\n\t\t\t\t<div class=\"elementor-widget-container\">\n\t\t\t\t\t\t\t\t\t\t\t\t\t\t\t<img fetchpriority=\"high\" decoding=\"async\" width=\"1024\" height=\"576\" src=\"https:\/\/www.lichen.pl\/wp-content\/uploads\/2025\/10\/1760366902808-1024x576.jpg\" class=\"attachment-large size-large wp-image-90524\" alt=\"\" srcset=\"https:\/\/www.lichen.pl\/wp-content\/uploads\/2025\/10\/1760366902808-1024x576.jpg 1024w, https:\/\/www.lichen.pl\/wp-content\/uploads\/2025\/10\/1760366902808-300x169.jpg 300w, https:\/\/www.lichen.pl\/wp-content\/uploads\/2025\/10\/1760366902808-768x432.jpg 768w, https:\/\/www.lichen.pl\/wp-content\/uploads\/2025\/10\/1760366902808-1536x864.jpg 1536w, https:\/\/www.lichen.pl\/wp-content\/uploads\/2025\/10\/1760366902808-18x10.jpg 18w, https:\/\/www.lichen.pl\/wp-content\/uploads\/2025\/10\/1760366902808-800x450.jpg 800w, https:\/\/www.lichen.pl\/wp-content\/uploads\/2025\/10\/1760366902808.jpg 1920w\" sizes=\"(max-width: 1024px) 100vw, 1024px\" \/>\t\t\t\t\t\t\t\t\t\t\t\t\t\t\t<\/div>\n\t\t\t\t<\/div>\n\t\t\t\t\t<\/div>\n\t\t<\/div>\n\t\t\t\t\t<\/div>\n\t\t<\/section>\n\t\t\t\t<section class=\"elementor-section elementor-top-section elementor-element elementor-element-6b5e773 elementor-section-boxed elementor-section-height-default elementor-section-height-default\" data-id=\"6b5e773\" data-element_type=\"section\" data-e-type=\"section\">\n\t\t\t\t\t\t<div class=\"elementor-container elementor-column-gap-default\">\n\t\t\t\t\t<div class=\"elementor-column elementor-col-100 elementor-top-column elementor-element elementor-element-db5f914\" data-id=\"db5f914\" data-element_type=\"column\" data-e-type=\"column\">\n\t\t\t<div class=\"elementor-widget-wrap elementor-element-populated\">\n\t\t\t\t\t\t<div class=\"elementor-element elementor-element-fc0e6f8 elementor-widget elementor-widget-text-editor\" data-id=\"fc0e6f8\" data-element_type=\"widget\" data-e-type=\"widget\" data-widget_type=\"text-editor.default\">\n\t\t\t\t<div class=\"elementor-widget-container\">\n\t\t\t\t\t\t\t\t\t<h1><span style=\"color: #800000;\">Hospicjum \u2013 miejsce obecno\u015bci i towarzyszenia<\/span><\/h1>\t\t\t\t\t\t\t\t<\/div>\n\t\t\t\t<\/div>\n\t\t\t\t\t<\/div>\n\t\t<\/div>\n\t\t\t\t\t<\/div>\n\t\t<\/section>\n\t\t\t\t<section class=\"elementor-section elementor-top-section elementor-element elementor-element-0446a7d elementor-section-boxed elementor-section-height-default elementor-section-height-default\" data-id=\"0446a7d\" data-element_type=\"section\" data-e-type=\"section\">\n\t\t\t\t\t\t<div class=\"elementor-container elementor-column-gap-default\">\n\t\t\t\t\t<div class=\"elementor-column elementor-col-100 elementor-top-column elementor-element elementor-element-8dc27af\" data-id=\"8dc27af\" data-element_type=\"column\" data-e-type=\"column\">\n\t\t\t<div class=\"elementor-widget-wrap elementor-element-populated\">\n\t\t\t\t\t\t<div class=\"elementor-element elementor-element-a5562b9 elementor-widget elementor-widget-text-editor\" data-id=\"a5562b9\" data-element_type=\"widget\" data-e-type=\"widget\" data-widget_type=\"text-editor.default\">\n\t\t\t\t<div class=\"elementor-widget-container\">\n\t\t\t\t\t\t\t\t\t<p><span style=\"color: #000000;\">Przyby\u0142ych na po\u0142udniow\u0105 Msz\u0119 \u015bw. sprawowan\u0105 w intencji wszystkich os\u00f3b\u00a0<\/span><span style=\"color: #000000;\">zaanga\u017cowanych w opiek\u0119 paliatywn\u0105 i hospicyjn\u0105 w liche\u0144skiej bazylice przywita\u0142 ks.\u00a0<\/span><span style=\"color: #000000;\">S\u0142awomir Homoncik MIC, kustosz liche\u0144skiego sanktuarium.<\/span><\/p>\t\t\t\t\t\t\t\t<\/div>\n\t\t\t\t<\/div>\n\t\t\t\t\t<\/div>\n\t\t<\/div>\n\t\t\t\t\t<\/div>\n\t\t<\/section>\n\t\t\t\t<section class=\"elementor-section elementor-top-section elementor-element elementor-element-3d6d715 elementor-section-boxed elementor-section-height-default elementor-section-height-default\" data-id=\"3d6d715\" data-element_type=\"section\" data-e-type=\"section\">\n\t\t\t\t\t\t<div class=\"elementor-container elementor-column-gap-default\">\n\t\t\t\t\t<div class=\"elementor-column elementor-col-100 elementor-top-column elementor-element elementor-element-795282f\" data-id=\"795282f\" data-element_type=\"column\" data-e-type=\"column\">\n\t\t\t<div class=\"elementor-widget-wrap elementor-element-populated\">\n\t\t\t\t\t\t<div class=\"elementor-element elementor-element-fb3b952 elementor-widget elementor-widget-text-editor\" data-id=\"fb3b952\" data-element_type=\"widget\" data-e-type=\"widget\" data-widget_type=\"text-editor.default\">\n\t\t\t\t<div class=\"elementor-widget-container\">\n\t\t\t\t\t\t\t\t\t<p style=\"padding-left: 40px;\"><em><strong><span style=\"color: #000000;\">\u201eB\u0105d\u017amy \u015bwiadkami mi\u0142o\u015bci Boga, kt\u00f3ry chce przytula\u0107 do siebie, do swojego serca\u00a0<\/span><\/strong><\/em><em><strong><span style=\"color: #000000;\">wszystkie swoje dzieci. My\u015bl\u0119, \u017ce szczeg\u00f3lnie bliscy s\u0105 Mu ci, kt\u00f3rzy maj\u0105 udzia\u0142 w Jego\u00a0<\/span><\/strong><\/em><em><strong><span style=\"color: #000000;\">cierpieniu\u201d.<\/span><\/strong><\/em><\/p>\t\t\t\t\t\t\t\t<\/div>\n\t\t\t\t<\/div>\n\t\t\t\t\t<\/div>\n\t\t<\/div>\n\t\t\t\t\t<\/div>\n\t\t<\/section>\n\t\t\t\t<section class=\"elementor-section elementor-top-section elementor-element elementor-element-90471a5 elementor-section-boxed elementor-section-height-default elementor-section-height-default\" data-id=\"90471a5\" data-element_type=\"section\" data-e-type=\"section\">\n\t\t\t\t\t\t<div class=\"elementor-container elementor-column-gap-default\">\n\t\t\t\t\t<div class=\"elementor-column elementor-col-100 elementor-top-column elementor-element elementor-element-4488ee9\" data-id=\"4488ee9\" data-element_type=\"column\" data-e-type=\"column\">\n\t\t\t<div class=\"elementor-widget-wrap elementor-element-populated\">\n\t\t\t\t\t\t<div class=\"elementor-element elementor-element-0133e49 elementor-widget elementor-widget-image\" data-id=\"0133e49\" data-element_type=\"widget\" data-e-type=\"widget\" data-widget_type=\"image.default\">\n\t\t\t\t<div class=\"elementor-widget-container\">\n\t\t\t\t\t\t\t\t\t\t\t\t\t\t\t<img decoding=\"async\" width=\"1024\" height=\"683\" src=\"https:\/\/www.lichen.pl\/wp-content\/uploads\/2025\/10\/IMG_6620-Poprawione-Szum-1024x683.jpg\" class=\"attachment-large size-large wp-image-90525\" alt=\"\" srcset=\"https:\/\/www.lichen.pl\/wp-content\/uploads\/2025\/10\/IMG_6620-Poprawione-Szum-1024x683.jpg 1024w, https:\/\/www.lichen.pl\/wp-content\/uploads\/2025\/10\/IMG_6620-Poprawione-Szum-300x200.jpg 300w, https:\/\/www.lichen.pl\/wp-content\/uploads\/2025\/10\/IMG_6620-Poprawione-Szum-768x512.jpg 768w, https:\/\/www.lichen.pl\/wp-content\/uploads\/2025\/10\/IMG_6620-Poprawione-Szum-1536x1024.jpg 1536w, https:\/\/www.lichen.pl\/wp-content\/uploads\/2025\/10\/IMG_6620-Poprawione-Szum-2048x1365.jpg 2048w, https:\/\/www.lichen.pl\/wp-content\/uploads\/2025\/10\/IMG_6620-Poprawione-Szum-18x12.jpg 18w, https:\/\/www.lichen.pl\/wp-content\/uploads\/2025\/10\/IMG_6620-Poprawione-Szum-800x533.jpg 800w, https:\/\/www.lichen.pl\/wp-content\/uploads\/2025\/10\/IMG_6620-Poprawione-Szum.jpg 1920w\" sizes=\"(max-width: 1024px) 100vw, 1024px\" \/>\t\t\t\t\t\t\t\t\t\t\t\t\t\t\t<\/div>\n\t\t\t\t<\/div>\n\t\t\t\t\t<\/div>\n\t\t<\/div>\n\t\t\t\t\t<\/div>\n\t\t<\/section>\n\t\t\t\t<section class=\"elementor-section elementor-top-section elementor-element elementor-element-4695fd9 elementor-section-boxed elementor-section-height-default elementor-section-height-default\" data-id=\"4695fd9\" data-element_type=\"section\" data-e-type=\"section\">\n\t\t\t\t\t\t<div class=\"elementor-container elementor-column-gap-default\">\n\t\t\t\t\t<div class=\"elementor-column elementor-col-100 elementor-top-column elementor-element elementor-element-f2f32c3\" data-id=\"f2f32c3\" data-element_type=\"column\" data-e-type=\"column\">\n\t\t\t<div class=\"elementor-widget-wrap elementor-element-populated\">\n\t\t\t\t\t\t<div class=\"elementor-element elementor-element-18e44ed elementor-widget elementor-widget-text-editor\" data-id=\"18e44ed\" data-element_type=\"widget\" data-e-type=\"widget\" data-widget_type=\"text-editor.default\">\n\t\t\t\t<div class=\"elementor-widget-container\">\n\t\t\t\t\t\t\t\t\t<h1><span style=\"color: #800000;\">Dla poprawy jako\u015bci \u017cycia<\/span><\/h1>\t\t\t\t\t\t\t\t<\/div>\n\t\t\t\t<\/div>\n\t\t\t\t\t<\/div>\n\t\t<\/div>\n\t\t\t\t\t<\/div>\n\t\t<\/section>\n\t\t\t\t<section class=\"elementor-section elementor-top-section elementor-element elementor-element-15f18f6 elementor-section-boxed elementor-section-height-default elementor-section-height-default\" data-id=\"15f18f6\" data-element_type=\"section\" data-e-type=\"section\">\n\t\t\t\t\t\t<div class=\"elementor-container elementor-column-gap-default\">\n\t\t\t\t\t<div class=\"elementor-column elementor-col-100 elementor-top-column elementor-element elementor-element-e3b746e\" data-id=\"e3b746e\" data-element_type=\"column\" data-e-type=\"column\">\n\t\t\t<div class=\"elementor-widget-wrap elementor-element-populated\">\n\t\t\t\t\t\t<div class=\"elementor-element elementor-element-521170b elementor-widget elementor-widget-text-editor\" data-id=\"521170b\" data-element_type=\"widget\" data-e-type=\"widget\" data-widget_type=\"text-editor.default\">\n\t\t\t\t<div class=\"elementor-widget-container\">\n\t\t\t\t\t\t\t\t\t<p><span style=\"color: #000000;\">Mszy \u015bw. przewodniczy\u0142 ks. Andrzej Gowkielewicz MIC, a homili\u0119 wyg\u0142osi\u0142 ks. Krzysztof\u00a0<\/span><span style=\"color: #000000;\">Jagoda, kt\u00f3ry pos\u0142uguje jako duszpasterz w liche\u0144skim hospicjum. Ksi\u0105dz Krzysztof jest tym,\u00a0<\/span><span style=\"color: #000000;\">kt\u00f3ry troszczy si\u0119, by wszyscy, kt\u00f3rzy si\u0119 tam znajduj\u0105 \u2013 dzi\u0119ki \u0142asce Bo\u017cej i modlitwie wielu\u00a0<\/span><span style=\"color: #000000;\">os\u00f3b \u2013 mogli odej\u015b\u0107 z tego \u015bwiata pojednani z Panem Bogiem, w stanie \u0142aski u\u015bwi\u0119caj\u0105cej.<\/span><\/p>\t\t\t\t\t\t\t\t<\/div>\n\t\t\t\t<\/div>\n\t\t\t\t\t<\/div>\n\t\t<\/div>\n\t\t\t\t\t<\/div>\n\t\t<\/section>\n\t\t\t\t<section class=\"elementor-section elementor-top-section elementor-element elementor-element-32b548e elementor-section-boxed elementor-section-height-default elementor-section-height-default\" data-id=\"32b548e\" data-element_type=\"section\" data-e-type=\"section\">\n\t\t\t\t\t\t<div class=\"elementor-container elementor-column-gap-default\">\n\t\t\t\t\t<div class=\"elementor-column elementor-col-100 elementor-top-column elementor-element elementor-element-9cca067\" data-id=\"9cca067\" data-element_type=\"column\" data-e-type=\"column\">\n\t\t\t<div class=\"elementor-widget-wrap elementor-element-populated\">\n\t\t\t\t\t\t<div class=\"elementor-element elementor-element-40f3c2d elementor-widget elementor-widget-text-editor\" data-id=\"40f3c2d\" data-element_type=\"widget\" data-e-type=\"widget\" data-widget_type=\"text-editor.default\">\n\t\t\t\t<div class=\"elementor-widget-container\">\n\t\t\t\t\t\t\t\t\t<p><span style=\"color: #000000;\">W swojej homilii ks. Krzysztof wyja\u015bni\u0142 cel \u015awiatowego Dnia Hospicj\u00f3w i Opieki Paliatywnej.<\/span><\/p>\t\t\t\t\t\t\t\t<\/div>\n\t\t\t\t<\/div>\n\t\t\t\t\t<\/div>\n\t\t<\/div>\n\t\t\t\t\t<\/div>\n\t\t<\/section>\n\t\t\t\t<section class=\"elementor-section elementor-top-section elementor-element elementor-element-c892b45 elementor-section-boxed elementor-section-height-default elementor-section-height-default\" data-id=\"c892b45\" data-element_type=\"section\" data-e-type=\"section\">\n\t\t\t\t\t\t<div class=\"elementor-container elementor-column-gap-default\">\n\t\t\t\t\t<div class=\"elementor-column elementor-col-100 elementor-top-column elementor-element elementor-element-5998df8\" data-id=\"5998df8\" data-element_type=\"column\" data-e-type=\"column\">\n\t\t\t<div class=\"elementor-widget-wrap elementor-element-populated\">\n\t\t\t\t\t\t<div class=\"elementor-element elementor-element-8fd2674 elementor-widget elementor-widget-text-editor\" data-id=\"8fd2674\" data-element_type=\"widget\" data-e-type=\"widget\" data-widget_type=\"text-editor.default\">\n\t\t\t\t<div class=\"elementor-widget-container\">\n\t\t\t\t\t\t\t\t\t<p style=\"padding-left: 40px;\"><em><strong><span style=\"color: #000000;\">\u201eCelem tego \u015bwi\u0119ta jest pog\u0142\u0119bienie \u015bwiadomo\u015bci nas wszystkich, jak wa\u017cne jest dla os\u00f3b\u00a0<\/span><\/strong><\/em><em><strong><span style=\"color: #000000;\">chorych, cierpi\u0105cych zapewnienie godnego \u017cycia u jego kresu. Do\u015bwiadczaj\u0105c dobrej opieki\u00a0<\/span><\/strong><\/em><em><strong><span style=\"color: #000000;\">medycznej, piel\u0119gniarskiej, psychologicznej, rehabilitacyjnej i duchowej pacjenci cz\u0119sto\u00a0<\/span><\/strong><\/em><em><strong><span style=\"color: #000000;\">do\u015bwiadczaj\u0105 pewnej poprawy swojej jako\u015bci \u017cycia. Cz\u0119sto do\u015bwiadczaj\u0105 z\u0142agodzenia\u00a0<\/span><\/strong><\/em><em><strong><span style=\"color: #000000;\">dolegliwo\u015bci b\u00f3lowych\u201d<\/span><\/strong><\/em><span style=\"color: #000000;\"> \u2013 doda\u0142 kap\u0142an.<\/span><\/p>\t\t\t\t\t\t\t\t<\/div>\n\t\t\t\t<\/div>\n\t\t\t\t\t<\/div>\n\t\t<\/div>\n\t\t\t\t\t<\/div>\n\t\t<\/section>\n\t\t\t\t<section class=\"elementor-section elementor-top-section elementor-element elementor-element-441f0b5 elementor-section-boxed elementor-section-height-default elementor-section-height-default\" data-id=\"441f0b5\" data-element_type=\"section\" data-e-type=\"section\">\n\t\t\t\t\t\t<div class=\"elementor-container elementor-column-gap-default\">\n\t\t\t\t\t<div class=\"elementor-column elementor-col-100 elementor-top-column elementor-element elementor-element-8f879d1\" data-id=\"8f879d1\" data-element_type=\"column\" data-e-type=\"column\">\n\t\t\t<div class=\"elementor-widget-wrap elementor-element-populated\">\n\t\t\t\t\t\t<div class=\"elementor-element elementor-element-33ee8d7 elementor-widget elementor-widget-image\" data-id=\"33ee8d7\" data-element_type=\"widget\" data-e-type=\"widget\" data-widget_type=\"image.default\">\n\t\t\t\t<div class=\"elementor-widget-container\">\n\t\t\t\t\t\t\t\t\t\t\t\t\t\t\t<img decoding=\"async\" width=\"1024\" height=\"683\" src=\"https:\/\/www.lichen.pl\/wp-content\/uploads\/2025\/10\/IMG_6668-Poprawione-Szum-1024x683.jpg\" class=\"attachment-large size-large wp-image-90526\" alt=\"\" srcset=\"https:\/\/www.lichen.pl\/wp-content\/uploads\/2025\/10\/IMG_6668-Poprawione-Szum-1024x683.jpg 1024w, https:\/\/www.lichen.pl\/wp-content\/uploads\/2025\/10\/IMG_6668-Poprawione-Szum-300x200.jpg 300w, https:\/\/www.lichen.pl\/wp-content\/uploads\/2025\/10\/IMG_6668-Poprawione-Szum-768x512.jpg 768w, https:\/\/www.lichen.pl\/wp-content\/uploads\/2025\/10\/IMG_6668-Poprawione-Szum-1536x1024.jpg 1536w, https:\/\/www.lichen.pl\/wp-content\/uploads\/2025\/10\/IMG_6668-Poprawione-Szum-2048x1365.jpg 2048w, https:\/\/www.lichen.pl\/wp-content\/uploads\/2025\/10\/IMG_6668-Poprawione-Szum-18x12.jpg 18w, https:\/\/www.lichen.pl\/wp-content\/uploads\/2025\/10\/IMG_6668-Poprawione-Szum-800x533.jpg 800w, https:\/\/www.lichen.pl\/wp-content\/uploads\/2025\/10\/IMG_6668-Poprawione-Szum.jpg 1920w\" sizes=\"(max-width: 1024px) 100vw, 1024px\" \/>\t\t\t\t\t\t\t\t\t\t\t\t\t\t\t<\/div>\n\t\t\t\t<\/div>\n\t\t\t\t\t<\/div>\n\t\t<\/div>\n\t\t\t\t\t<\/div>\n\t\t<\/section>\n\t\t\t\t<section class=\"elementor-section elementor-top-section elementor-element elementor-element-697f427 elementor-section-boxed elementor-section-height-default elementor-section-height-default\" data-id=\"697f427\" data-element_type=\"section\" data-e-type=\"section\">\n\t\t\t\t\t\t<div class=\"elementor-container elementor-column-gap-default\">\n\t\t\t\t\t<div class=\"elementor-column elementor-col-100 elementor-top-column elementor-element elementor-element-ac58575\" data-id=\"ac58575\" data-element_type=\"column\" data-e-type=\"column\">\n\t\t\t<div class=\"elementor-widget-wrap elementor-element-populated\">\n\t\t\t\t\t\t<div class=\"elementor-element elementor-element-253e008 elementor-widget elementor-widget-text-editor\" data-id=\"253e008\" data-element_type=\"widget\" data-e-type=\"widget\" data-widget_type=\"text-editor.default\">\n\t\t\t\t<div class=\"elementor-widget-container\">\n\t\t\t\t\t\t\t\t\t<h3><span style=\"color: #800000;\"><strong>Pola Nadziei \u2013 \u201eGesty pe\u0142ne dobra\u201d<\/strong><\/span><\/h3>\t\t\t\t\t\t\t\t<\/div>\n\t\t\t\t<\/div>\n\t\t\t\t\t<\/div>\n\t\t<\/div>\n\t\t\t\t\t<\/div>\n\t\t<\/section>\n\t\t\t\t<section class=\"elementor-section elementor-top-section elementor-element elementor-element-9e402ae elementor-section-boxed elementor-section-height-default elementor-section-height-default\" data-id=\"9e402ae\" data-element_type=\"section\" data-e-type=\"section\">\n\t\t\t\t\t\t<div class=\"elementor-container elementor-column-gap-default\">\n\t\t\t\t\t<div class=\"elementor-column elementor-col-100 elementor-top-column elementor-element elementor-element-d4f7e95\" data-id=\"d4f7e95\" data-element_type=\"column\" data-e-type=\"column\">\n\t\t\t<div class=\"elementor-widget-wrap elementor-element-populated\">\n\t\t\t\t\t\t<div class=\"elementor-element elementor-element-e6090d6 elementor-widget elementor-widget-text-editor\" data-id=\"e6090d6\" data-element_type=\"widget\" data-e-type=\"widget\" data-widget_type=\"text-editor.default\">\n\t\t\t\t<div class=\"elementor-widget-container\">\n\t\t\t\t\t\t\t\t\t<p><span style=\"color: #000000;\">Kontynuacj\u0105 \u015bwi\u0119towania by\u0142o rozpocz\u0119cie akcji \u201ePola Nadziei\u201d, kt\u00f3ra trwa od jesieni a\u017c do wiosny nast\u0119pnego roku. 13 pa\u017adziernika akcja zaanga\u017cowa\u0142a- ju\u017c po raz trzeci- uczni\u00f3w oraz nauczycieli z Zespo\u0142u Szkolno-Przedszkolnego w M\u0105kolnie. Wsp\u00f3lne sadzenie cebulek \u017conkili sta\u0142o si\u0119 r\u00f3wnie\u017c lekcj\u0105 empatii i solidarno\u015bci z osobami chorymi.<\/span><\/p>\t\t\t\t\t\t\t\t<\/div>\n\t\t\t\t<\/div>\n\t\t\t\t\t<\/div>\n\t\t<\/div>\n\t\t\t\t\t<\/div>\n\t\t<\/section>\n\t\t\t\t<section class=\"elementor-section elementor-top-section elementor-element elementor-element-6478cf7 elementor-section-boxed elementor-section-height-default elementor-section-height-default\" data-id=\"6478cf7\" data-element_type=\"section\" data-e-type=\"section\">\n\t\t\t\t\t\t<div class=\"elementor-container elementor-column-gap-default\">\n\t\t\t\t\t<div class=\"elementor-column elementor-col-100 elementor-top-column elementor-element elementor-element-8624618\" data-id=\"8624618\" data-element_type=\"column\" data-e-type=\"column\">\n\t\t\t<div class=\"elementor-widget-wrap elementor-element-populated\">\n\t\t\t\t\t\t<div class=\"elementor-element elementor-element-001dd77 elementor-widget elementor-widget-text-editor\" data-id=\"001dd77\" data-element_type=\"widget\" data-e-type=\"widget\" data-widget_type=\"text-editor.default\">\n\t\t\t\t<div class=\"elementor-widget-container\">\n\t\t\t\t\t\t\t\t\t<p style=\"padding-left: 40px;\"><em><strong><span style=\"color: #000000;\">\u201eW akcji bierzemy udzia\u0142 wraz z wolontariuszami, uczniami klas 7 i 8, oraz z nauczycielami.\u00a0<\/span><\/strong><\/em><em><strong><span style=\"color: #000000;\">Przy\u0142\u0105czyli\u015bmy si\u0119 do tego, by posadzi\u0107 Nadziej\u0119, by mog\u0142a na wiosn\u0119 wyrosn\u0105\u0107, zakwitn\u0105\u0107\u00a0<\/span><\/strong><\/em><em><strong><span style=\"color: #000000;\">oraz przynie\u015b\u0107 dobro\u0107 i pomoc tym, kt\u00f3rzy jej najbardziej potrzebuj\u0105. Tego rodzaju\u00a0<\/span><\/strong><\/em><em><strong><span style=\"color: #000000;\">dzia\u0142ania ch\u0119tnie anga\u017cuj\u0105 naszych uczni\u00f3w, ale przede wszystkim uwra\u017cliwiaj\u0105 ich na\u00a0<\/span><\/strong><\/em><em><strong><span style=\"color: #000000;\">cierpienie innych\u201d <\/span><\/strong><\/em><span style=\"color: #000000;\">\u2013 t\u0142umaczy\u0142a dyrektorka plac\u00f3wki, Adelina Nowak.<\/span><\/p>\t\t\t\t\t\t\t\t<\/div>\n\t\t\t\t<\/div>\n\t\t\t\t\t<\/div>\n\t\t<\/div>\n\t\t\t\t\t<\/div>\n\t\t<\/section>\n\t\t\t\t<section class=\"elementor-section elementor-top-section elementor-element elementor-element-027102c elementor-section-boxed elementor-section-height-default elementor-section-height-default\" data-id=\"027102c\" data-element_type=\"section\" data-e-type=\"section\">\n\t\t\t\t\t\t<div class=\"elementor-container elementor-column-gap-default\">\n\t\t\t\t\t<div class=\"elementor-column elementor-col-100 elementor-top-column elementor-element elementor-element-731d8ad\" data-id=\"731d8ad\" data-element_type=\"column\" data-e-type=\"column\">\n\t\t\t<div class=\"elementor-widget-wrap elementor-element-populated\">\n\t\t\t\t\t\t<div class=\"elementor-element elementor-element-3d2d89d elementor-widget elementor-widget-image\" data-id=\"3d2d89d\" data-element_type=\"widget\" data-e-type=\"widget\" data-widget_type=\"image.default\">\n\t\t\t\t<div class=\"elementor-widget-container\">\n\t\t\t\t\t\t\t\t\t\t\t\t\t\t\t<img loading=\"lazy\" decoding=\"async\" width=\"1024\" height=\"683\" src=\"https:\/\/www.lichen.pl\/wp-content\/uploads\/2025\/10\/IMG_7183-Poprawione-Szum-1024x683.jpg\" class=\"attachment-large size-large wp-image-90527\" alt=\"\" srcset=\"https:\/\/www.lichen.pl\/wp-content\/uploads\/2025\/10\/IMG_7183-Poprawione-Szum-1024x683.jpg 1024w, https:\/\/www.lichen.pl\/wp-content\/uploads\/2025\/10\/IMG_7183-Poprawione-Szum-300x200.jpg 300w, https:\/\/www.lichen.pl\/wp-content\/uploads\/2025\/10\/IMG_7183-Poprawione-Szum-768x512.jpg 768w, https:\/\/www.lichen.pl\/wp-content\/uploads\/2025\/10\/IMG_7183-Poprawione-Szum-1536x1024.jpg 1536w, https:\/\/www.lichen.pl\/wp-content\/uploads\/2025\/10\/IMG_7183-Poprawione-Szum-2048x1365.jpg 2048w, https:\/\/www.lichen.pl\/wp-content\/uploads\/2025\/10\/IMG_7183-Poprawione-Szum-18x12.jpg 18w, https:\/\/www.lichen.pl\/wp-content\/uploads\/2025\/10\/IMG_7183-Poprawione-Szum-800x533.jpg 800w, https:\/\/www.lichen.pl\/wp-content\/uploads\/2025\/10\/IMG_7183-Poprawione-Szum.jpg 1920w\" sizes=\"(max-width: 1024px) 100vw, 1024px\" \/>\t\t\t\t\t\t\t\t\t\t\t\t\t\t\t<\/div>\n\t\t\t\t<\/div>\n\t\t\t\t\t<\/div>\n\t\t<\/div>\n\t\t\t\t\t<\/div>\n\t\t<\/section>\n\t\t\t\t<section class=\"elementor-section elementor-top-section elementor-element elementor-element-66f64a6 elementor-section-boxed elementor-section-height-default elementor-section-height-default\" data-id=\"66f64a6\" data-element_type=\"section\" data-e-type=\"section\">\n\t\t\t\t\t\t<div class=\"elementor-container elementor-column-gap-default\">\n\t\t\t\t\t<div class=\"elementor-column elementor-col-100 elementor-top-column elementor-element elementor-element-1fb0117\" data-id=\"1fb0117\" data-element_type=\"column\" data-e-type=\"column\">\n\t\t\t<div class=\"elementor-widget-wrap elementor-element-populated\">\n\t\t\t\t\t\t<div class=\"elementor-element elementor-element-50e9c1b elementor-widget elementor-widget-text-editor\" data-id=\"50e9c1b\" data-element_type=\"widget\" data-e-type=\"widget\" data-widget_type=\"text-editor.default\">\n\t\t\t\t<div class=\"elementor-widget-container\">\n\t\t\t\t\t\t\t\t\t<p><span style=\"color: #000000;\">Pola Nadziei to og\u00f3lnopolska inicjatywa o charakterze charytatywno-edukacyjnym, kt\u00f3rej\u00a0<\/span><span style=\"color: #000000;\">celem jest promowanie idei opieki paliatywnej oraz wsparcie dla hospicj\u00f3w dzia\u0142aj\u0105cych na\u00a0<\/span><span style=\"color: #000000;\">terenie ca\u0142ej Polski. Kampania ma na celu uwra\u017cliwienie spo\u0142ecze\u0144stwa na potrzeby os\u00f3b<\/span><br \/><span style=\"color: #000000;\">ci\u0119\u017cko chorych, szczeg\u00f3lnie tych obj\u0119tych opiek\u0105 hospicyjn\u0105, oraz zach\u0119canie do niesienia im\u00a0<\/span><span style=\"color: #000000;\">pomocy.<\/span><\/p>\t\t\t\t\t\t\t\t<\/div>\n\t\t\t\t<\/div>\n\t\t\t\t\t<\/div>\n\t\t<\/div>\n\t\t\t\t\t<\/div>\n\t\t<\/section>\n\t\t\t\t<section class=\"elementor-section elementor-top-section elementor-element elementor-element-3eb4a53 elementor-section-boxed elementor-section-height-default elementor-section-height-default\" data-id=\"3eb4a53\" data-element_type=\"section\" data-e-type=\"section\">\n\t\t\t\t\t\t<div class=\"elementor-container elementor-column-gap-default\">\n\t\t\t\t\t<div class=\"elementor-column elementor-col-100 elementor-top-column elementor-element elementor-element-8520d89\" data-id=\"8520d89\" data-element_type=\"column\" data-e-type=\"column\">\n\t\t\t<div class=\"elementor-widget-wrap elementor-element-populated\">\n\t\t\t\t\t\t<div class=\"elementor-element elementor-element-6559aed elementor-widget elementor-widget-text-editor\" data-id=\"6559aed\" data-element_type=\"widget\" data-e-type=\"widget\" data-widget_type=\"text-editor.default\">\n\t\t\t\t<div class=\"elementor-widget-container\">\n\t\t\t\t\t\t\t\t\t<h3><span style=\"color: #999999;\"><strong>Czy wiesz, \u017ce..?<\/strong><\/span><\/h3><p><strong><span style=\"color: #000000;\">Ka\u017cde hospicjum bior\u0105ce udzia\u0142 w akcji ustala w\u0142asne has\u0142o? W edycji 2025\/2026 naszym has\u0142em s\u0105: \u201eGesty pe\u0142ne dobra\u201d<\/span><\/strong><\/p>\t\t\t\t\t\t\t\t<\/div>\n\t\t\t\t<\/div>\n\t\t\t\t\t<\/div>\n\t\t<\/div>\n\t\t\t\t\t<\/div>\n\t\t<\/section>\n\t\t\t\t<section class=\"elementor-section elementor-top-section elementor-element elementor-element-bd56bc5 elementor-section-boxed elementor-section-height-default elementor-section-height-default\" data-id=\"bd56bc5\" data-element_type=\"section\" data-e-type=\"section\">\n\t\t\t\t\t\t<div class=\"elementor-container elementor-column-gap-default\">\n\t\t\t\t\t<div class=\"elementor-column elementor-col-100 elementor-top-column elementor-element elementor-element-6f8d944\" data-id=\"6f8d944\" data-element_type=\"column\" data-e-type=\"column\">\n\t\t\t<div class=\"elementor-widget-wrap elementor-element-populated\">\n\t\t\t\t\t\t<div class=\"elementor-element elementor-element-9602052 elementor-widget elementor-widget-text-editor\" data-id=\"9602052\" data-element_type=\"widget\" data-e-type=\"widget\" data-widget_type=\"text-editor.default\">\n\t\t\t\t<div class=\"elementor-widget-container\">\n\t\t\t\t\t\t\t\t\t<p><span style=\"color: #000000;\">Teraz pozostaje nam czeka\u0107 do wiosny, a\u017c zakwitnie Nadzieja, kt\u00f3r\u0105 wsp\u00f3lnie zasadzili\u015bm.<\/span><\/p>\t\t\t\t\t\t\t\t<\/div>\n\t\t\t\t<\/div>\n\t\t\t\t\t<\/div>\n\t\t<\/div>\n\t\t\t\t\t<\/div>\n\t\t<\/section>\n\t\t\t\t<section class=\"elementor-section elementor-top-section elementor-element elementor-element-7b27f20 elementor-section-boxed elementor-section-height-default elementor-section-height-default\" data-id=\"7b27f20\" data-element_type=\"section\" data-e-type=\"section\">\n\t\t\t\t\t\t<div class=\"elementor-container elementor-column-gap-default\">\n\t\t\t\t\t<div class=\"elementor-column elementor-col-100 elementor-top-column elementor-element elementor-element-0e665ec\" data-id=\"0e665ec\" data-element_type=\"column\" data-e-type=\"column\">\n\t\t\t<div class=\"elementor-widget-wrap elementor-element-populated\">\n\t\t\t\t\t\t<div class=\"elementor-element elementor-element-f04d072 elementor-widget elementor-widget-image-gallery\" data-id=\"f04d072\" data-element_type=\"widget\" data-e-type=\"widget\" data-widget_type=\"image-gallery.default\">\n\t\t\t\t<div class=\"elementor-widget-container\">\n\t\t\t\t\t\t\t<div class=\"elementor-image-gallery\">\n\t\t\t<div id='gallery-1' class='gallery galleryid-90523 gallery-columns-4 gallery-size-medium'><figure class='gallery-item'>\n\t\t\t<div class='gallery-icon landscape'>\n\t\t\t\t<a data-elementor-open-lightbox=\"yes\" data-elementor-lightbox-slideshow=\"f04d072\" data-elementor-lightbox-title=\"Msza_za_hospicjum (1)\" data-e-action-hash=\"#elementor-action%3Aaction%3Dlightbox%26settings%3DeyJpZCI6OTA1MjgsInVybCI6Imh0dHBzOlwvXC93d3cubGljaGVuLnBsXC93cC1jb250ZW50XC91cGxvYWRzXC8yMDI1XC8xMFwvTXN6YV96YV9ob3NwaWNqdW0tMS5qcGciLCJzbGlkZXNob3ciOiJmMDRkMDcyIn0%3D\" href='https:\/\/www.lichen.pl\/wp-content\/uploads\/2025\/10\/Msza_za_hospicjum-1.jpg'><img loading=\"lazy\" width=\"300\" height=\"200\" src=\"https:\/\/www.lichen.pl\/wp-content\/uploads\/2025\/10\/Msza_za_hospicjum-1-300x200.jpg\" class=\"attachment-medium size-medium\" alt=\"\" decoding=\"async\" srcset=\"https:\/\/www.lichen.pl\/wp-content\/uploads\/2025\/10\/Msza_za_hospicjum-1-300x200.jpg 300w, https:\/\/www.lichen.pl\/wp-content\/uploads\/2025\/10\/Msza_za_hospicjum-1-1024x683.jpg 1024w, https:\/\/www.lichen.pl\/wp-content\/uploads\/2025\/10\/Msza_za_hospicjum-1-768x512.jpg 768w, https:\/\/www.lichen.pl\/wp-content\/uploads\/2025\/10\/Msza_za_hospicjum-1-1536x1024.jpg 1536w, https:\/\/www.lichen.pl\/wp-content\/uploads\/2025\/10\/Msza_za_hospicjum-1-2048x1365.jpg 2048w, https:\/\/www.lichen.pl\/wp-content\/uploads\/2025\/10\/Msza_za_hospicjum-1-18x12.jpg 18w, https:\/\/www.lichen.pl\/wp-content\/uploads\/2025\/10\/Msza_za_hospicjum-1-800x533.jpg 800w, https:\/\/www.lichen.pl\/wp-content\/uploads\/2025\/10\/Msza_za_hospicjum-1.jpg 1920w\" sizes=\"(max-width: 300px) 100vw, 300px\" \/><\/a>\n\t\t\t<\/div><\/figure><figure class='gallery-item'>\n\t\t\t<div class='gallery-icon landscape'>\n\t\t\t\t<a data-elementor-open-lightbox=\"yes\" data-elementor-lightbox-slideshow=\"f04d072\" data-elementor-lightbox-title=\"Msza_za_hospicjum (2)\" data-e-action-hash=\"#elementor-action%3Aaction%3Dlightbox%26settings%3DeyJpZCI6OTA1MjksInVybCI6Imh0dHBzOlwvXC93d3cubGljaGVuLnBsXC93cC1jb250ZW50XC91cGxvYWRzXC8yMDI1XC8xMFwvTXN6YV96YV9ob3NwaWNqdW0tMi5qcGciLCJzbGlkZXNob3ciOiJmMDRkMDcyIn0%3D\" href='https:\/\/www.lichen.pl\/wp-content\/uploads\/2025\/10\/Msza_za_hospicjum-2.jpg'><img loading=\"lazy\" width=\"300\" height=\"200\" src=\"https:\/\/www.lichen.pl\/wp-content\/uploads\/2025\/10\/Msza_za_hospicjum-2-300x200.jpg\" class=\"attachment-medium size-medium\" alt=\"\" decoding=\"async\" srcset=\"https:\/\/www.lichen.pl\/wp-content\/uploads\/2025\/10\/Msza_za_hospicjum-2-300x200.jpg 300w, https:\/\/www.lichen.pl\/wp-content\/uploads\/2025\/10\/Msza_za_hospicjum-2-1024x683.jpg 1024w, https:\/\/www.lichen.pl\/wp-content\/uploads\/2025\/10\/Msza_za_hospicjum-2-768x512.jpg 768w, https:\/\/www.lichen.pl\/wp-content\/uploads\/2025\/10\/Msza_za_hospicjum-2-1536x1024.jpg 1536w, https:\/\/www.lichen.pl\/wp-content\/uploads\/2025\/10\/Msza_za_hospicjum-2-2048x1365.jpg 2048w, https:\/\/www.lichen.pl\/wp-content\/uploads\/2025\/10\/Msza_za_hospicjum-2-18x12.jpg 18w, https:\/\/www.lichen.pl\/wp-content\/uploads\/2025\/10\/Msza_za_hospicjum-2-800x533.jpg 800w\" sizes=\"(max-width: 300px) 100vw, 300px\" \/><\/a>\n\t\t\t<\/div><\/figure><figure class='gallery-item'>\n\t\t\t<div class='gallery-icon landscape'>\n\t\t\t\t<a data-elementor-open-lightbox=\"yes\" data-elementor-lightbox-slideshow=\"f04d072\" data-elementor-lightbox-title=\"Msza_za_hospicjum (3)\" data-e-action-hash=\"#elementor-action%3Aaction%3Dlightbox%26settings%3DeyJpZCI6OTA1MzAsInVybCI6Imh0dHBzOlwvXC93d3cubGljaGVuLnBsXC93cC1jb250ZW50XC91cGxvYWRzXC8yMDI1XC8xMFwvTXN6YV96YV9ob3NwaWNqdW0tMy5qcGciLCJzbGlkZXNob3ciOiJmMDRkMDcyIn0%3D\" href='https:\/\/www.lichen.pl\/wp-content\/uploads\/2025\/10\/Msza_za_hospicjum-3.jpg'><img loading=\"lazy\" width=\"300\" height=\"200\" src=\"https:\/\/www.lichen.pl\/wp-content\/uploads\/2025\/10\/Msza_za_hospicjum-3-300x200.jpg\" class=\"attachment-medium size-medium\" alt=\"\" decoding=\"async\" srcset=\"https:\/\/www.lichen.pl\/wp-content\/uploads\/2025\/10\/Msza_za_hospicjum-3-300x200.jpg 300w, https:\/\/www.lichen.pl\/wp-content\/uploads\/2025\/10\/Msza_za_hospicjum-3-1024x683.jpg 1024w, https:\/\/www.lichen.pl\/wp-content\/uploads\/2025\/10\/Msza_za_hospicjum-3-768x512.jpg 768w, https:\/\/www.lichen.pl\/wp-content\/uploads\/2025\/10\/Msza_za_hospicjum-3-1536x1024.jpg 1536w, https:\/\/www.lichen.pl\/wp-content\/uploads\/2025\/10\/Msza_za_hospicjum-3-2048x1365.jpg 2048w, https:\/\/www.lichen.pl\/wp-content\/uploads\/2025\/10\/Msza_za_hospicjum-3-18x12.jpg 18w, https:\/\/www.lichen.pl\/wp-content\/uploads\/2025\/10\/Msza_za_hospicjum-3-800x533.jpg 800w, https:\/\/www.lichen.pl\/wp-content\/uploads\/2025\/10\/Msza_za_hospicjum-3.jpg 1920w\" sizes=\"(max-width: 300px) 100vw, 300px\" \/><\/a>\n\t\t\t<\/div><\/figure><figure class='gallery-item'>\n\t\t\t<div class='gallery-icon landscape'>\n\t\t\t\t<a data-elementor-open-lightbox=\"yes\" data-elementor-lightbox-slideshow=\"f04d072\" data-elementor-lightbox-title=\"Msza_za_hospicjum (4)\" data-e-action-hash=\"#elementor-action%3Aaction%3Dlightbox%26settings%3DeyJpZCI6OTA1MzEsInVybCI6Imh0dHBzOlwvXC93d3cubGljaGVuLnBsXC93cC1jb250ZW50XC91cGxvYWRzXC8yMDI1XC8xMFwvTXN6YV96YV9ob3NwaWNqdW0tNC5qcGciLCJzbGlkZXNob3ciOiJmMDRkMDcyIn0%3D\" href='https:\/\/www.lichen.pl\/wp-content\/uploads\/2025\/10\/Msza_za_hospicjum-4.jpg'><img loading=\"lazy\" width=\"300\" height=\"200\" src=\"https:\/\/www.lichen.pl\/wp-content\/uploads\/2025\/10\/Msza_za_hospicjum-4-300x200.jpg\" class=\"attachment-medium size-medium\" alt=\"\" decoding=\"async\" srcset=\"https:\/\/www.lichen.pl\/wp-content\/uploads\/2025\/10\/Msza_za_hospicjum-4-300x200.jpg 300w, https:\/\/www.lichen.pl\/wp-content\/uploads\/2025\/10\/Msza_za_hospicjum-4-1024x683.jpg 1024w, https:\/\/www.lichen.pl\/wp-content\/uploads\/2025\/10\/Msza_za_hospicjum-4-768x512.jpg 768w, https:\/\/www.lichen.pl\/wp-content\/uploads\/2025\/10\/Msza_za_hospicjum-4-1536x1024.jpg 1536w, https:\/\/www.lichen.pl\/wp-content\/uploads\/2025\/10\/Msza_za_hospicjum-4-2048x1365.jpg 2048w, https:\/\/www.lichen.pl\/wp-content\/uploads\/2025\/10\/Msza_za_hospicjum-4-18x12.jpg 18w, https:\/\/www.lichen.pl\/wp-content\/uploads\/2025\/10\/Msza_za_hospicjum-4-800x533.jpg 800w, https:\/\/www.lichen.pl\/wp-content\/uploads\/2025\/10\/Msza_za_hospicjum-4.jpg 1920w\" sizes=\"(max-width: 300px) 100vw, 300px\" \/><\/a>\n\t\t\t<\/div><\/figure><figure class='gallery-item'>\n\t\t\t<div class='gallery-icon landscape'>\n\t\t\t\t<a data-elementor-open-lightbox=\"yes\" data-elementor-lightbox-slideshow=\"f04d072\" data-elementor-lightbox-title=\"Msza_za_hospicjum (5)\" data-e-action-hash=\"#elementor-action%3Aaction%3Dlightbox%26settings%3DeyJpZCI6OTA1MzIsInVybCI6Imh0dHBzOlwvXC93d3cubGljaGVuLnBsXC93cC1jb250ZW50XC91cGxvYWRzXC8yMDI1XC8xMFwvTXN6YV96YV9ob3NwaWNqdW0tNS5qcGciLCJzbGlkZXNob3ciOiJmMDRkMDcyIn0%3D\" href='https:\/\/www.lichen.pl\/wp-content\/uploads\/2025\/10\/Msza_za_hospicjum-5.jpg'><img loading=\"lazy\" width=\"300\" height=\"200\" src=\"https:\/\/www.lichen.pl\/wp-content\/uploads\/2025\/10\/Msza_za_hospicjum-5-300x200.jpg\" class=\"attachment-medium size-medium\" alt=\"\" decoding=\"async\" srcset=\"https:\/\/www.lichen.pl\/wp-content\/uploads\/2025\/10\/Msza_za_hospicjum-5-300x200.jpg 300w, https:\/\/www.lichen.pl\/wp-content\/uploads\/2025\/10\/Msza_za_hospicjum-5-1024x683.jpg 1024w, https:\/\/www.lichen.pl\/wp-content\/uploads\/2025\/10\/Msza_za_hospicjum-5-768x512.jpg 768w, https:\/\/www.lichen.pl\/wp-content\/uploads\/2025\/10\/Msza_za_hospicjum-5-1536x1024.jpg 1536w, https:\/\/www.lichen.pl\/wp-content\/uploads\/2025\/10\/Msza_za_hospicjum-5-2048x1365.jpg 2048w, https:\/\/www.lichen.pl\/wp-content\/uploads\/2025\/10\/Msza_za_hospicjum-5-18x12.jpg 18w, https:\/\/www.lichen.pl\/wp-content\/uploads\/2025\/10\/Msza_za_hospicjum-5-800x533.jpg 800w\" sizes=\"(max-width: 300px) 100vw, 300px\" \/><\/a>\n\t\t\t<\/div><\/figure><figure class='gallery-item'>\n\t\t\t<div class='gallery-icon landscape'>\n\t\t\t\t<a data-elementor-open-lightbox=\"yes\" data-elementor-lightbox-slideshow=\"f04d072\" data-elementor-lightbox-title=\"Msza_za_hospicjum (6)\" data-e-action-hash=\"#elementor-action%3Aaction%3Dlightbox%26settings%3DeyJpZCI6OTA1MzMsInVybCI6Imh0dHBzOlwvXC93d3cubGljaGVuLnBsXC93cC1jb250ZW50XC91cGxvYWRzXC8yMDI1XC8xMFwvTXN6YV96YV9ob3NwaWNqdW0tNi5qcGciLCJzbGlkZXNob3ciOiJmMDRkMDcyIn0%3D\" href='https:\/\/www.lichen.pl\/wp-content\/uploads\/2025\/10\/Msza_za_hospicjum-6.jpg'><img loading=\"lazy\" width=\"300\" height=\"200\" src=\"https:\/\/www.lichen.pl\/wp-content\/uploads\/2025\/10\/Msza_za_hospicjum-6-300x200.jpg\" class=\"attachment-medium size-medium\" alt=\"\" decoding=\"async\" srcset=\"https:\/\/www.lichen.pl\/wp-content\/uploads\/2025\/10\/Msza_za_hospicjum-6-300x200.jpg 300w, https:\/\/www.lichen.pl\/wp-content\/uploads\/2025\/10\/Msza_za_hospicjum-6-1024x683.jpg 1024w, https:\/\/www.lichen.pl\/wp-content\/uploads\/2025\/10\/Msza_za_hospicjum-6-768x512.jpg 768w, https:\/\/www.lichen.pl\/wp-content\/uploads\/2025\/10\/Msza_za_hospicjum-6-1536x1024.jpg 1536w, https:\/\/www.lichen.pl\/wp-content\/uploads\/2025\/10\/Msza_za_hospicjum-6-2048x1365.jpg 2048w, https:\/\/www.lichen.pl\/wp-content\/uploads\/2025\/10\/Msza_za_hospicjum-6-18x12.jpg 18w, https:\/\/www.lichen.pl\/wp-content\/uploads\/2025\/10\/Msza_za_hospicjum-6-800x533.jpg 800w, https:\/\/www.lichen.pl\/wp-content\/uploads\/2025\/10\/Msza_za_hospicjum-6.jpg 1920w\" sizes=\"(max-width: 300px) 100vw, 300px\" \/><\/a>\n\t\t\t<\/div><\/figure><figure class='gallery-item'>\n\t\t\t<div class='gallery-icon landscape'>\n\t\t\t\t<a data-elementor-open-lightbox=\"yes\" data-elementor-lightbox-slideshow=\"f04d072\" data-elementor-lightbox-title=\"Msza_za_hospicjum (7)\" data-e-action-hash=\"#elementor-action%3Aaction%3Dlightbox%26settings%3DeyJpZCI6OTA1MzQsInVybCI6Imh0dHBzOlwvXC93d3cubGljaGVuLnBsXC93cC1jb250ZW50XC91cGxvYWRzXC8yMDI1XC8xMFwvTXN6YV96YV9ob3NwaWNqdW0tNy5qcGciLCJzbGlkZXNob3ciOiJmMDRkMDcyIn0%3D\" href='https:\/\/www.lichen.pl\/wp-content\/uploads\/2025\/10\/Msza_za_hospicjum-7.jpg'><img loading=\"lazy\" width=\"300\" height=\"200\" src=\"https:\/\/www.lichen.pl\/wp-content\/uploads\/2025\/10\/Msza_za_hospicjum-7-300x200.jpg\" class=\"attachment-medium size-medium\" alt=\"\" decoding=\"async\" srcset=\"https:\/\/www.lichen.pl\/wp-content\/uploads\/2025\/10\/Msza_za_hospicjum-7-300x200.jpg 300w, https:\/\/www.lichen.pl\/wp-content\/uploads\/2025\/10\/Msza_za_hospicjum-7-1024x683.jpg 1024w, https:\/\/www.lichen.pl\/wp-content\/uploads\/2025\/10\/Msza_za_hospicjum-7-768x512.jpg 768w, https:\/\/www.lichen.pl\/wp-content\/uploads\/2025\/10\/Msza_za_hospicjum-7-1536x1024.jpg 1536w, https:\/\/www.lichen.pl\/wp-content\/uploads\/2025\/10\/Msza_za_hospicjum-7-2048x1365.jpg 2048w, https:\/\/www.lichen.pl\/wp-content\/uploads\/2025\/10\/Msza_za_hospicjum-7-18x12.jpg 18w, https:\/\/www.lichen.pl\/wp-content\/uploads\/2025\/10\/Msza_za_hospicjum-7-800x533.jpg 800w, https:\/\/www.lichen.pl\/wp-content\/uploads\/2025\/10\/Msza_za_hospicjum-7.jpg 1920w\" sizes=\"(max-width: 300px) 100vw, 300px\" \/><\/a>\n\t\t\t<\/div><\/figure><figure class='gallery-item'>\n\t\t\t<div class='gallery-icon landscape'>\n\t\t\t\t<a data-elementor-open-lightbox=\"yes\" data-elementor-lightbox-slideshow=\"f04d072\" data-elementor-lightbox-title=\"Sadzenie_zonkili (1)\" data-e-action-hash=\"#elementor-action%3Aaction%3Dlightbox%26settings%3DeyJpZCI6OTA1MzUsInVybCI6Imh0dHBzOlwvXC93d3cubGljaGVuLnBsXC93cC1jb250ZW50XC91cGxvYWRzXC8yMDI1XC8xMFwvU2FkemVuaWVfem9ua2lsaS0xLmpwZyIsInNsaWRlc2hvdyI6ImYwNGQwNzIifQ%3D%3D\" href='https:\/\/www.lichen.pl\/wp-content\/uploads\/2025\/10\/Sadzenie_zonkili-1.jpg'><img loading=\"lazy\" width=\"300\" height=\"200\" src=\"https:\/\/www.lichen.pl\/wp-content\/uploads\/2025\/10\/Sadzenie_zonkili-1-300x200.jpg\" class=\"attachment-medium size-medium\" alt=\"\" decoding=\"async\" srcset=\"https:\/\/www.lichen.pl\/wp-content\/uploads\/2025\/10\/Sadzenie_zonkili-1-300x200.jpg 300w, https:\/\/www.lichen.pl\/wp-content\/uploads\/2025\/10\/Sadzenie_zonkili-1-1024x683.jpg 1024w, https:\/\/www.lichen.pl\/wp-content\/uploads\/2025\/10\/Sadzenie_zonkili-1-768x512.jpg 768w, https:\/\/www.lichen.pl\/wp-content\/uploads\/2025\/10\/Sadzenie_zonkili-1-1536x1024.jpg 1536w, https:\/\/www.lichen.pl\/wp-content\/uploads\/2025\/10\/Sadzenie_zonkili-1-2048x1365.jpg 2048w, https:\/\/www.lichen.pl\/wp-content\/uploads\/2025\/10\/Sadzenie_zonkili-1-18x12.jpg 18w, https:\/\/www.lichen.pl\/wp-content\/uploads\/2025\/10\/Sadzenie_zonkili-1-800x533.jpg 800w, https:\/\/www.lichen.pl\/wp-content\/uploads\/2025\/10\/Sadzenie_zonkili-1.jpg 1920w\" sizes=\"(max-width: 300px) 100vw, 300px\" \/><\/a>\n\t\t\t<\/div><\/figure><figure class='gallery-item'>\n\t\t\t<div class='gallery-icon landscape'>\n\t\t\t\t<a data-elementor-open-lightbox=\"yes\" data-elementor-lightbox-slideshow=\"f04d072\" data-elementor-lightbox-title=\"Sadzenie_zonkili (2)\" data-e-action-hash=\"#elementor-action%3Aaction%3Dlightbox%26settings%3DeyJpZCI6OTA1MzYsInVybCI6Imh0dHBzOlwvXC93d3cubGljaGVuLnBsXC93cC1jb250ZW50XC91cGxvYWRzXC8yMDI1XC8xMFwvU2FkemVuaWVfem9ua2lsaS0yLmpwZyIsInNsaWRlc2hvdyI6ImYwNGQwNzIifQ%3D%3D\" href='https:\/\/www.lichen.pl\/wp-content\/uploads\/2025\/10\/Sadzenie_zonkili-2.jpg'><img loading=\"lazy\" width=\"300\" height=\"200\" src=\"https:\/\/www.lichen.pl\/wp-content\/uploads\/2025\/10\/Sadzenie_zonkili-2-300x200.jpg\" class=\"attachment-medium size-medium\" alt=\"\" decoding=\"async\" srcset=\"https:\/\/www.lichen.pl\/wp-content\/uploads\/2025\/10\/Sadzenie_zonkili-2-300x200.jpg 300w, https:\/\/www.lichen.pl\/wp-content\/uploads\/2025\/10\/Sadzenie_zonkili-2-1024x683.jpg 1024w, https:\/\/www.lichen.pl\/wp-content\/uploads\/2025\/10\/Sadzenie_zonkili-2-768x512.jpg 768w, https:\/\/www.lichen.pl\/wp-content\/uploads\/2025\/10\/Sadzenie_zonkili-2-1536x1024.jpg 1536w, https:\/\/www.lichen.pl\/wp-content\/uploads\/2025\/10\/Sadzenie_zonkili-2-2048x1365.jpg 2048w, https:\/\/www.lichen.pl\/wp-content\/uploads\/2025\/10\/Sadzenie_zonkili-2-18x12.jpg 18w, https:\/\/www.lichen.pl\/wp-content\/uploads\/2025\/10\/Sadzenie_zonkili-2-800x533.jpg 800w\" sizes=\"(max-width: 300px) 100vw, 300px\" \/><\/a>\n\t\t\t<\/div><\/figure><figure class='gallery-item'>\n\t\t\t<div class='gallery-icon landscape'>\n\t\t\t\t<a data-elementor-open-lightbox=\"yes\" data-elementor-lightbox-slideshow=\"f04d072\" data-elementor-lightbox-title=\"Sadzenie_zonkili (3)\" data-e-action-hash=\"#elementor-action%3Aaction%3Dlightbox%26settings%3DeyJpZCI6OTA1MzcsInVybCI6Imh0dHBzOlwvXC93d3cubGljaGVuLnBsXC93cC1jb250ZW50XC91cGxvYWRzXC8yMDI1XC8xMFwvU2FkemVuaWVfem9ua2lsaS0zLmpwZyIsInNsaWRlc2hvdyI6ImYwNGQwNzIifQ%3D%3D\" href='https:\/\/www.lichen.pl\/wp-content\/uploads\/2025\/10\/Sadzenie_zonkili-3.jpg'><img loading=\"lazy\" width=\"300\" height=\"200\" src=\"https:\/\/www.lichen.pl\/wp-content\/uploads\/2025\/10\/Sadzenie_zonkili-3-300x200.jpg\" class=\"attachment-medium size-medium\" alt=\"\" decoding=\"async\" srcset=\"https:\/\/www.lichen.pl\/wp-content\/uploads\/2025\/10\/Sadzenie_zonkili-3-300x200.jpg 300w, https:\/\/www.lichen.pl\/wp-content\/uploads\/2025\/10\/Sadzenie_zonkili-3-1024x683.jpg 1024w, https:\/\/www.lichen.pl\/wp-content\/uploads\/2025\/10\/Sadzenie_zonkili-3-768x512.jpg 768w, https:\/\/www.lichen.pl\/wp-content\/uploads\/2025\/10\/Sadzenie_zonkili-3-1536x1024.jpg 1536w, https:\/\/www.lichen.pl\/wp-content\/uploads\/2025\/10\/Sadzenie_zonkili-3-2048x1365.jpg 2048w, https:\/\/www.lichen.pl\/wp-content\/uploads\/2025\/10\/Sadzenie_zonkili-3-18x12.jpg 18w, https:\/\/www.lichen.pl\/wp-content\/uploads\/2025\/10\/Sadzenie_zonkili-3-800x533.jpg 800w\" sizes=\"(max-width: 300px) 100vw, 300px\" \/><\/a>\n\t\t\t<\/div><\/figure><figure class='gallery-item'>\n\t\t\t<div class='gallery-icon landscape'>\n\t\t\t\t<a data-elementor-open-lightbox=\"yes\" data-elementor-lightbox-slideshow=\"f04d072\" data-elementor-lightbox-title=\"Sadzenie_zonkili (4)\" data-e-action-hash=\"#elementor-action%3Aaction%3Dlightbox%26settings%3DeyJpZCI6OTA1MzgsInVybCI6Imh0dHBzOlwvXC93d3cubGljaGVuLnBsXC93cC1jb250ZW50XC91cGxvYWRzXC8yMDI1XC8xMFwvU2FkemVuaWVfem9ua2lsaS00LmpwZyIsInNsaWRlc2hvdyI6ImYwNGQwNzIifQ%3D%3D\" href='https:\/\/www.lichen.pl\/wp-content\/uploads\/2025\/10\/Sadzenie_zonkili-4.jpg'><img loading=\"lazy\" width=\"300\" height=\"200\" src=\"https:\/\/www.lichen.pl\/wp-content\/uploads\/2025\/10\/Sadzenie_zonkili-4-300x200.jpg\" class=\"attachment-medium size-medium\" alt=\"\" decoding=\"async\" srcset=\"https:\/\/www.lichen.pl\/wp-content\/uploads\/2025\/10\/Sadzenie_zonkili-4-300x200.jpg 300w, https:\/\/www.lichen.pl\/wp-content\/uploads\/2025\/10\/Sadzenie_zonkili-4-1024x683.jpg 1024w, https:\/\/www.lichen.pl\/wp-content\/uploads\/2025\/10\/Sadzenie_zonkili-4-768x512.jpg 768w, https:\/\/www.lichen.pl\/wp-content\/uploads\/2025\/10\/Sadzenie_zonkili-4-1536x1024.jpg 1536w, https:\/\/www.lichen.pl\/wp-content\/uploads\/2025\/10\/Sadzenie_zonkili-4-2048x1365.jpg 2048w, https:\/\/www.lichen.pl\/wp-content\/uploads\/2025\/10\/Sadzenie_zonkili-4-18x12.jpg 18w, https:\/\/www.lichen.pl\/wp-content\/uploads\/2025\/10\/Sadzenie_zonkili-4-800x533.jpg 800w\" sizes=\"(max-width: 300px) 100vw, 300px\" \/><\/a>\n\t\t\t<\/div><\/figure><figure class='gallery-item'>\n\t\t\t<div class='gallery-icon landscape'>\n\t\t\t\t<a data-elementor-open-lightbox=\"yes\" data-elementor-lightbox-slideshow=\"f04d072\" data-elementor-lightbox-title=\"Sadzenie_zonkili (5)\" data-e-action-hash=\"#elementor-action%3Aaction%3Dlightbox%26settings%3DeyJpZCI6OTA1MzksInVybCI6Imh0dHBzOlwvXC93d3cubGljaGVuLnBsXC93cC1jb250ZW50XC91cGxvYWRzXC8yMDI1XC8xMFwvU2FkemVuaWVfem9ua2lsaS01LmpwZyIsInNsaWRlc2hvdyI6ImYwNGQwNzIifQ%3D%3D\" href='https:\/\/www.lichen.pl\/wp-content\/uploads\/2025\/10\/Sadzenie_zonkili-5.jpg'><img loading=\"lazy\" width=\"300\" height=\"200\" src=\"https:\/\/www.lichen.pl\/wp-content\/uploads\/2025\/10\/Sadzenie_zonkili-5-300x200.jpg\" class=\"attachment-medium size-medium\" alt=\"\" decoding=\"async\" srcset=\"https:\/\/www.lichen.pl\/wp-content\/uploads\/2025\/10\/Sadzenie_zonkili-5-300x200.jpg 300w, https:\/\/www.lichen.pl\/wp-content\/uploads\/2025\/10\/Sadzenie_zonkili-5-1024x683.jpg 1024w, https:\/\/www.lichen.pl\/wp-content\/uploads\/2025\/10\/Sadzenie_zonkili-5-768x512.jpg 768w, https:\/\/www.lichen.pl\/wp-content\/uploads\/2025\/10\/Sadzenie_zonkili-5-1536x1024.jpg 1536w, https:\/\/www.lichen.pl\/wp-content\/uploads\/2025\/10\/Sadzenie_zonkili-5-2048x1365.jpg 2048w, https:\/\/www.lichen.pl\/wp-content\/uploads\/2025\/10\/Sadzenie_zonkili-5-18x12.jpg 18w, https:\/\/www.lichen.pl\/wp-content\/uploads\/2025\/10\/Sadzenie_zonkili-5-800x533.jpg 800w\" sizes=\"(max-width: 300px) 100vw, 300px\" \/><\/a>\n\t\t\t<\/div><\/figure><figure class='gallery-item'>\n\t\t\t<div class='gallery-icon landscape'>\n\t\t\t\t<a data-elementor-open-lightbox=\"yes\" data-elementor-lightbox-slideshow=\"f04d072\" data-elementor-lightbox-title=\"Sadzenie_zonkili (6)\" data-e-action-hash=\"#elementor-action%3Aaction%3Dlightbox%26settings%3DeyJpZCI6OTA1NDAsInVybCI6Imh0dHBzOlwvXC93d3cubGljaGVuLnBsXC93cC1jb250ZW50XC91cGxvYWRzXC8yMDI1XC8xMFwvU2FkemVuaWVfem9ua2lsaS02LmpwZyIsInNsaWRlc2hvdyI6ImYwNGQwNzIifQ%3D%3D\" href='https:\/\/www.lichen.pl\/wp-content\/uploads\/2025\/10\/Sadzenie_zonkili-6.jpg'><img loading=\"lazy\" width=\"300\" height=\"200\" src=\"https:\/\/www.lichen.pl\/wp-content\/uploads\/2025\/10\/Sadzenie_zonkili-6-300x200.jpg\" class=\"attachment-medium size-medium\" alt=\"\" decoding=\"async\" srcset=\"https:\/\/www.lichen.pl\/wp-content\/uploads\/2025\/10\/Sadzenie_zonkili-6-300x200.jpg 300w, https:\/\/www.lichen.pl\/wp-content\/uploads\/2025\/10\/Sadzenie_zonkili-6-1024x683.jpg 1024w, https:\/\/www.lichen.pl\/wp-content\/uploads\/2025\/10\/Sadzenie_zonkili-6-768x512.jpg 768w, https:\/\/www.lichen.pl\/wp-content\/uploads\/2025\/10\/Sadzenie_zonkili-6-1536x1024.jpg 1536w, https:\/\/www.lichen.pl\/wp-content\/uploads\/2025\/10\/Sadzenie_zonkili-6-2048x1365.jpg 2048w, https:\/\/www.lichen.pl\/wp-content\/uploads\/2025\/10\/Sadzenie_zonkili-6-18x12.jpg 18w, https:\/\/www.lichen.pl\/wp-content\/uploads\/2025\/10\/Sadzenie_zonkili-6-800x533.jpg 800w\" sizes=\"(max-width: 300px) 100vw, 300px\" \/><\/a>\n\t\t\t<\/div><\/figure><figure class='gallery-item'>\n\t\t\t<div class='gallery-icon landscape'>\n\t\t\t\t<a data-elementor-open-lightbox=\"yes\" data-elementor-lightbox-slideshow=\"f04d072\" data-elementor-lightbox-title=\"Sadzenie_zonkili (7)\" data-e-action-hash=\"#elementor-action%3Aaction%3Dlightbox%26settings%3DeyJpZCI6OTA1NDEsInVybCI6Imh0dHBzOlwvXC93d3cubGljaGVuLnBsXC93cC1jb250ZW50XC91cGxvYWRzXC8yMDI1XC8xMFwvU2FkemVuaWVfem9ua2lsaS03LmpwZyIsInNsaWRlc2hvdyI6ImYwNGQwNzIifQ%3D%3D\" href='https:\/\/www.lichen.pl\/wp-content\/uploads\/2025\/10\/Sadzenie_zonkili-7.jpg'><img loading=\"lazy\" width=\"300\" height=\"200\" src=\"https:\/\/www.lichen.pl\/wp-content\/uploads\/2025\/10\/Sadzenie_zonkili-7-300x200.jpg\" class=\"attachment-medium size-medium\" alt=\"\" decoding=\"async\" srcset=\"https:\/\/www.lichen.pl\/wp-content\/uploads\/2025\/10\/Sadzenie_zonkili-7-300x200.jpg 300w, https:\/\/www.lichen.pl\/wp-content\/uploads\/2025\/10\/Sadzenie_zonkili-7-1024x683.jpg 1024w, https:\/\/www.lichen.pl\/wp-content\/uploads\/2025\/10\/Sadzenie_zonkili-7-768x512.jpg 768w, https:\/\/www.lichen.pl\/wp-content\/uploads\/2025\/10\/Sadzenie_zonkili-7-1536x1024.jpg 1536w, https:\/\/www.lichen.pl\/wp-content\/uploads\/2025\/10\/Sadzenie_zonkili-7-2048x1365.jpg 2048w, https:\/\/www.lichen.pl\/wp-content\/uploads\/2025\/10\/Sadzenie_zonkili-7-18x12.jpg 18w, https:\/\/www.lichen.pl\/wp-content\/uploads\/2025\/10\/Sadzenie_zonkili-7-800x533.jpg 800w\" sizes=\"(max-width: 300px) 100vw, 300px\" \/><\/a>\n\t\t\t<\/div><\/figure><figure class='gallery-item'>\n\t\t\t<div class='gallery-icon landscape'>\n\t\t\t\t<a data-elementor-open-lightbox=\"yes\" data-elementor-lightbox-slideshow=\"f04d072\" data-elementor-lightbox-title=\"Sadzenie_zonkili (8)\" data-e-action-hash=\"#elementor-action%3Aaction%3Dlightbox%26settings%3DeyJpZCI6OTA1NDIsInVybCI6Imh0dHBzOlwvXC93d3cubGljaGVuLnBsXC93cC1jb250ZW50XC91cGxvYWRzXC8yMDI1XC8xMFwvU2FkemVuaWVfem9ua2lsaS04LmpwZyIsInNsaWRlc2hvdyI6ImYwNGQwNzIifQ%3D%3D\" href='https:\/\/www.lichen.pl\/wp-content\/uploads\/2025\/10\/Sadzenie_zonkili-8.jpg'><img loading=\"lazy\" width=\"300\" height=\"200\" src=\"https:\/\/www.lichen.pl\/wp-content\/uploads\/2025\/10\/Sadzenie_zonkili-8-300x200.jpg\" class=\"attachment-medium size-medium\" alt=\"\" decoding=\"async\" srcset=\"https:\/\/www.lichen.pl\/wp-content\/uploads\/2025\/10\/Sadzenie_zonkili-8-300x200.jpg 300w, https:\/\/www.lichen.pl\/wp-content\/uploads\/2025\/10\/Sadzenie_zonkili-8-1024x683.jpg 1024w, https:\/\/www.lichen.pl\/wp-content\/uploads\/2025\/10\/Sadzenie_zonkili-8-768x512.jpg 768w, https:\/\/www.lichen.pl\/wp-content\/uploads\/2025\/10\/Sadzenie_zonkili-8-1536x1024.jpg 1536w, https:\/\/www.lichen.pl\/wp-content\/uploads\/2025\/10\/Sadzenie_zonkili-8-2048x1365.jpg 2048w, https:\/\/www.lichen.pl\/wp-content\/uploads\/2025\/10\/Sadzenie_zonkili-8-18x12.jpg 18w, https:\/\/www.lichen.pl\/wp-content\/uploads\/2025\/10\/Sadzenie_zonkili-8-800x533.jpg 800w\" sizes=\"(max-width: 300px) 100vw, 300px\" \/><\/a>\n\t\t\t<\/div><\/figure><figure class='gallery-item'>\n\t\t\t<div class='gallery-icon landscape'>\n\t\t\t\t<a data-elementor-open-lightbox=\"yes\" data-elementor-lightbox-slideshow=\"f04d072\" data-elementor-lightbox-title=\"Sadzenie_zonkili (9)\" data-e-action-hash=\"#elementor-action%3Aaction%3Dlightbox%26settings%3DeyJpZCI6OTA1NDMsInVybCI6Imh0dHBzOlwvXC93d3cubGljaGVuLnBsXC93cC1jb250ZW50XC91cGxvYWRzXC8yMDI1XC8xMFwvU2FkemVuaWVfem9ua2lsaS05LmpwZyIsInNsaWRlc2hvdyI6ImYwNGQwNzIifQ%3D%3D\" href='https:\/\/www.lichen.pl\/wp-content\/uploads\/2025\/10\/Sadzenie_zonkili-9.jpg'><img loading=\"lazy\" width=\"300\" height=\"200\" src=\"https:\/\/www.lichen.pl\/wp-content\/uploads\/2025\/10\/Sadzenie_zonkili-9-300x200.jpg\" class=\"attachment-medium size-medium\" alt=\"\" decoding=\"async\" srcset=\"https:\/\/www.lichen.pl\/wp-content\/uploads\/2025\/10\/Sadzenie_zonkili-9-300x200.jpg 300w, https:\/\/www.lichen.pl\/wp-content\/uploads\/2025\/10\/Sadzenie_zonkili-9-1024x683.jpg 1024w, https:\/\/www.lichen.pl\/wp-content\/uploads\/2025\/10\/Sadzenie_zonkili-9-768x512.jpg 768w, https:\/\/www.lichen.pl\/wp-content\/uploads\/2025\/10\/Sadzenie_zonkili-9-1536x1024.jpg 1536w, https:\/\/www.lichen.pl\/wp-content\/uploads\/2025\/10\/Sadzenie_zonkili-9-2048x1365.jpg 2048w, https:\/\/www.lichen.pl\/wp-content\/uploads\/2025\/10\/Sadzenie_zonkili-9-18x12.jpg 18w, https:\/\/www.lichen.pl\/wp-content\/uploads\/2025\/10\/Sadzenie_zonkili-9-800x533.jpg 800w\" sizes=\"(max-width: 300px) 100vw, 300px\" \/><\/a>\n\t\t\t<\/div><\/figure><figure class='gallery-item'>\n\t\t\t<div class='gallery-icon landscape'>\n\t\t\t\t<a data-elementor-open-lightbox=\"yes\" data-elementor-lightbox-slideshow=\"f04d072\" data-elementor-lightbox-title=\"Sadzenie_zonkili (11)\" data-e-action-hash=\"#elementor-action%3Aaction%3Dlightbox%26settings%3DeyJpZCI6OTA1NDUsInVybCI6Imh0dHBzOlwvXC93d3cubGljaGVuLnBsXC93cC1jb250ZW50XC91cGxvYWRzXC8yMDI1XC8xMFwvU2FkemVuaWVfem9ua2lsaS0xMS5qcGciLCJzbGlkZXNob3ciOiJmMDRkMDcyIn0%3D\" href='https:\/\/www.lichen.pl\/wp-content\/uploads\/2025\/10\/Sadzenie_zonkili-11.jpg'><img loading=\"lazy\" width=\"300\" height=\"200\" src=\"https:\/\/www.lichen.pl\/wp-content\/uploads\/2025\/10\/Sadzenie_zonkili-11-300x200.jpg\" class=\"attachment-medium size-medium\" alt=\"\" decoding=\"async\" srcset=\"https:\/\/www.lichen.pl\/wp-content\/uploads\/2025\/10\/Sadzenie_zonkili-11-300x200.jpg 300w, https:\/\/www.lichen.pl\/wp-content\/uploads\/2025\/10\/Sadzenie_zonkili-11-1024x683.jpg 1024w, https:\/\/www.lichen.pl\/wp-content\/uploads\/2025\/10\/Sadzenie_zonkili-11-768x512.jpg 768w, https:\/\/www.lichen.pl\/wp-content\/uploads\/2025\/10\/Sadzenie_zonkili-11-1536x1024.jpg 1536w, https:\/\/www.lichen.pl\/wp-content\/uploads\/2025\/10\/Sadzenie_zonkili-11-2048x1365.jpg 2048w, https:\/\/www.lichen.pl\/wp-content\/uploads\/2025\/10\/Sadzenie_zonkili-11-18x12.jpg 18w, https:\/\/www.lichen.pl\/wp-content\/uploads\/2025\/10\/Sadzenie_zonkili-11-800x533.jpg 800w\" sizes=\"(max-width: 300px) 100vw, 300px\" \/><\/a>\n\t\t\t<\/div><\/figure><figure class='gallery-item'>\n\t\t\t<div class='gallery-icon landscape'>\n\t\t\t\t<a data-elementor-open-lightbox=\"yes\" data-elementor-lightbox-slideshow=\"f04d072\" data-elementor-lightbox-title=\"Sadzenie_zonkili (12)\" data-e-action-hash=\"#elementor-action%3Aaction%3Dlightbox%26settings%3DeyJpZCI6OTA1NDYsInVybCI6Imh0dHBzOlwvXC93d3cubGljaGVuLnBsXC93cC1jb250ZW50XC91cGxvYWRzXC8yMDI1XC8xMFwvU2FkemVuaWVfem9ua2lsaS0xMi5qcGciLCJzbGlkZXNob3ciOiJmMDRkMDcyIn0%3D\" href='https:\/\/www.lichen.pl\/wp-content\/uploads\/2025\/10\/Sadzenie_zonkili-12.jpg'><img loading=\"lazy\" width=\"300\" height=\"200\" src=\"https:\/\/www.lichen.pl\/wp-content\/uploads\/2025\/10\/Sadzenie_zonkili-12-300x200.jpg\" class=\"attachment-medium size-medium\" alt=\"\" decoding=\"async\" srcset=\"https:\/\/www.lichen.pl\/wp-content\/uploads\/2025\/10\/Sadzenie_zonkili-12-300x200.jpg 300w, https:\/\/www.lichen.pl\/wp-content\/uploads\/2025\/10\/Sadzenie_zonkili-12-1024x683.jpg 1024w, https:\/\/www.lichen.pl\/wp-content\/uploads\/2025\/10\/Sadzenie_zonkili-12-768x512.jpg 768w, https:\/\/www.lichen.pl\/wp-content\/uploads\/2025\/10\/Sadzenie_zonkili-12-1536x1024.jpg 1536w, https:\/\/www.lichen.pl\/wp-content\/uploads\/2025\/10\/Sadzenie_zonkili-12-2048x1365.jpg 2048w, https:\/\/www.lichen.pl\/wp-content\/uploads\/2025\/10\/Sadzenie_zonkili-12-18x12.jpg 18w, https:\/\/www.lichen.pl\/wp-content\/uploads\/2025\/10\/Sadzenie_zonkili-12-800x533.jpg 800w, https:\/\/www.lichen.pl\/wp-content\/uploads\/2025\/10\/Sadzenie_zonkili-12.jpg 1920w\" sizes=\"(max-width: 300px) 100vw, 300px\" \/><\/a>\n\t\t\t<\/div><\/figure><figure class='gallery-item'>\n\t\t\t<div class='gallery-icon landscape'>\n\t\t\t\t<a data-elementor-open-lightbox=\"yes\" data-elementor-lightbox-slideshow=\"f04d072\" data-elementor-lightbox-title=\"Sadzenie_zonkili (13)\" data-e-action-hash=\"#elementor-action%3Aaction%3Dlightbox%26settings%3DeyJpZCI6OTA1NDcsInVybCI6Imh0dHBzOlwvXC93d3cubGljaGVuLnBsXC93cC1jb250ZW50XC91cGxvYWRzXC8yMDI1XC8xMFwvU2FkemVuaWVfem9ua2lsaS0xMy5qcGciLCJzbGlkZXNob3ciOiJmMDRkMDcyIn0%3D\" href='https:\/\/www.lichen.pl\/wp-content\/uploads\/2025\/10\/Sadzenie_zonkili-13.jpg'><img loading=\"lazy\" width=\"300\" height=\"200\" src=\"https:\/\/www.lichen.pl\/wp-content\/uploads\/2025\/10\/Sadzenie_zonkili-13-300x200.jpg\" class=\"attachment-medium size-medium\" alt=\"\" decoding=\"async\" srcset=\"https:\/\/www.lichen.pl\/wp-content\/uploads\/2025\/10\/Sadzenie_zonkili-13-300x200.jpg 300w, https:\/\/www.lichen.pl\/wp-content\/uploads\/2025\/10\/Sadzenie_zonkili-13-1024x683.jpg 1024w, https:\/\/www.lichen.pl\/wp-content\/uploads\/2025\/10\/Sadzenie_zonkili-13-768x512.jpg 768w, https:\/\/www.lichen.pl\/wp-content\/uploads\/2025\/10\/Sadzenie_zonkili-13-1536x1024.jpg 1536w, https:\/\/www.lichen.pl\/wp-content\/uploads\/2025\/10\/Sadzenie_zonkili-13-2048x1365.jpg 2048w, https:\/\/www.lichen.pl\/wp-content\/uploads\/2025\/10\/Sadzenie_zonkili-13-18x12.jpg 18w, https:\/\/www.lichen.pl\/wp-content\/uploads\/2025\/10\/Sadzenie_zonkili-13-800x533.jpg 800w, https:\/\/www.lichen.pl\/wp-content\/uploads\/2025\/10\/Sadzenie_zonkili-13.jpg 1920w\" sizes=\"(max-width: 300px) 100vw, 300px\" \/><\/a>\n\t\t\t<\/div><\/figure>\n\t\t<\/div>\n\t\t<\/div>\n\t\t\t\t\t\t<\/div>\n\t\t\t\t<\/div>\n\t\t\t\t\t<\/div>\n\t\t<\/div>\n\t\t\t\t\t<\/div>\n\t\t<\/section>\n\t\t\t\t<\/div>","protected":false},"excerpt":{"rendered":"<p>11 pa\u017adziernika obchodzili\u015bmy \u015awiatowy Dzie\u0144 Hospicj\u00f3w i Opieki Paliatywnej. W liche\u0144skim sanktuarium \u015bwi\u0119towanie rozpocz\u0119\u0142o si\u0119 od porannej Mszy \u015bw. w kaplicy hospicyjnej. Po zako\u0144czonej Eucharystii grupa pracownik\u00f3w oraz przyjaci\u00f3\u0142 liche\u0144skiego hospicjum wzi\u0119\u0142a udzia\u0142 w Pieszej Pielgrzymce Zespo\u0142u Hospicyjnego do sanktuarium Pi\u0119ciu Braci M\u0119czennik\u00f3w, kt\u00f3re znajduje si\u0119 w Kazimierzu Biskupim. Hospicjum \u2013 miejsce obecno\u015bci i towarzyszenia [&hellip;]<\/p>\n","protected":false},"author":8,"featured_media":90536,"comment_status":"closed","ping_status":"closed","sticky":false,"template":"","format":"standard","meta":{"footnotes":""},"categories":[1],"tags":[],"class_list":["post-90523","post","type-post","status-publish","format-standard","has-post-thumbnail","hentry","category-aktualnosci","wpbf-post"],"yoast_head":"<!-- This site is optimized with the Yoast SEO plugin v27.4 - https:\/\/yoast.com\/product\/yoast-seo-wordpress\/ -->\n<title>\u015awiatowy Dzie\u0144 Hospicj\u00f3w i Opieki Paliatywnej - SANKTUARIUM W LICHENIU<\/title>\n<meta name=\"robots\" content=\"index, follow, max-snippet:-1, max-image-preview:large, max-video-preview:-1\" \/>\n<link rel=\"canonical\" href=\"https:\/\/www.lichen.pl\/de\/gesty-pelne-dobra-swiatowy-dzien-hospicjow-i-opieki-paliatywnej\/\" \/>\n<meta property=\"og:locale\" content=\"de_DE\" \/>\n<meta property=\"og:type\" content=\"article\" \/>\n<meta property=\"og:title\" content=\"\u015awiatowy Dzie\u0144 Hospicj\u00f3w i Opieki Paliatywnej - SANKTUARIUM W LICHENIU\" \/>\n<meta property=\"og:description\" content=\"11 pa\u017adziernika obchodzili\u015bmy \u015awiatowy Dzie\u0144 Hospicj\u00f3w i Opieki Paliatywnej. W liche\u0144skim sanktuarium \u015bwi\u0119towanie rozpocz\u0119\u0142o si\u0119 od porannej Mszy \u015bw. w kaplicy hospicyjnej. Po zako\u0144czonej Eucharystii grupa pracownik\u00f3w oraz przyjaci\u00f3\u0142 liche\u0144skiego hospicjum wzi\u0119\u0142a udzia\u0142 w Pieszej Pielgrzymce Zespo\u0142u Hospicyjnego do sanktuarium Pi\u0119ciu Braci M\u0119czennik\u00f3w, kt\u00f3re znajduje si\u0119 w Kazimierzu Biskupim. Hospicjum \u2013 miejsce obecno\u015bci i towarzyszenia [&hellip;]\" \/>\n<meta property=\"og:url\" content=\"https:\/\/www.lichen.pl\/de\/gesty-pelne-dobra-swiatowy-dzien-hospicjow-i-opieki-paliatywnej\/\" \/>\n<meta property=\"og:site_name\" content=\"SANKTUARIUM W LICHENIU\" \/>\n<meta property=\"article:published_time\" content=\"2025-10-13T14:54:44+00:00\" \/>\n<meta property=\"article:modified_time\" content=\"2025-10-14T08:08:18+00:00\" \/>\n<meta property=\"og:image\" content=\"https:\/\/www.lichen.pl\/wp-content\/uploads\/2025\/10\/Sadzenie_zonkili-2-1024x683.jpg\" \/>\n\t<meta property=\"og:image:width\" content=\"1024\" \/>\n\t<meta property=\"og:image:height\" content=\"683\" \/>\n\t<meta property=\"og:image:type\" content=\"image\/jpeg\" \/>\n<meta name=\"author\" content=\"Biuro Prasowe\" \/>\n<meta name=\"twitter:card\" content=\"summary_large_image\" \/>\n<meta name=\"twitter:label1\" content=\"Verfasst von\" \/>\n\t<meta name=\"twitter:data1\" content=\"Biuro Prasowe\" \/>\n\t<meta name=\"twitter:label2\" content=\"Gesch\u00e4tzte Lesezeit\" \/>\n\t<meta name=\"twitter:data2\" content=\"8\u00a0Minuten\" \/>\n<script type=\"application\/ld+json\" class=\"yoast-schema-graph\">{\"@context\":\"https:\\\/\\\/schema.org\",\"@graph\":[{\"@type\":\"Article\",\"@id\":\"https:\\\/\\\/www.lichen.pl\\\/gesty-pelne-dobra-swiatowy-dzien-hospicjow-i-opieki-paliatywnej\\\/#article\",\"isPartOf\":{\"@id\":\"https:\\\/\\\/www.lichen.pl\\\/gesty-pelne-dobra-swiatowy-dzien-hospicjow-i-opieki-paliatywnej\\\/\"},\"author\":{\"name\":\"Biuro Prasowe\",\"@id\":\"https:\\\/\\\/www.lichen.pl\\\/fr\\\/#\\\/schema\\\/person\\\/682b5cfa2f8a664a298ed0bc19782a02\"},\"headline\":\"\u015awiatowy Dzie\u0144 Hospicj\u00f3w i Opieki Paliatywnej\",\"datePublished\":\"2025-10-13T14:54:44+00:00\",\"dateModified\":\"2025-10-14T08:08:18+00:00\",\"mainEntityOfPage\":{\"@id\":\"https:\\\/\\\/www.lichen.pl\\\/gesty-pelne-dobra-swiatowy-dzien-hospicjow-i-opieki-paliatywnej\\\/\"},\"wordCount\":529,\"image\":{\"@id\":\"https:\\\/\\\/www.lichen.pl\\\/gesty-pelne-dobra-swiatowy-dzien-hospicjow-i-opieki-paliatywnej\\\/#primaryimage\"},\"thumbnailUrl\":\"https:\\\/\\\/www.lichen.pl\\\/wp-content\\\/uploads\\\/2025\\\/10\\\/Sadzenie_zonkili-2.jpg\",\"articleSection\":[\"Aktualno\u015bci\"],\"inLanguage\":\"de\"},{\"@type\":\"WebPage\",\"@id\":\"https:\\\/\\\/www.lichen.pl\\\/gesty-pelne-dobra-swiatowy-dzien-hospicjow-i-opieki-paliatywnej\\\/\",\"url\":\"https:\\\/\\\/www.lichen.pl\\\/gesty-pelne-dobra-swiatowy-dzien-hospicjow-i-opieki-paliatywnej\\\/\",\"name\":\"\u015awiatowy Dzie\u0144 Hospicj\u00f3w i Opieki Paliatywnej - SANKTUARIUM W LICHENIU\",\"isPartOf\":{\"@id\":\"https:\\\/\\\/www.lichen.pl\\\/fr\\\/#website\"},\"primaryImageOfPage\":{\"@id\":\"https:\\\/\\\/www.lichen.pl\\\/gesty-pelne-dobra-swiatowy-dzien-hospicjow-i-opieki-paliatywnej\\\/#primaryimage\"},\"image\":{\"@id\":\"https:\\\/\\\/www.lichen.pl\\\/gesty-pelne-dobra-swiatowy-dzien-hospicjow-i-opieki-paliatywnej\\\/#primaryimage\"},\"thumbnailUrl\":\"https:\\\/\\\/www.lichen.pl\\\/wp-content\\\/uploads\\\/2025\\\/10\\\/Sadzenie_zonkili-2.jpg\",\"datePublished\":\"2025-10-13T14:54:44+00:00\",\"dateModified\":\"2025-10-14T08:08:18+00:00\",\"author\":{\"@id\":\"https:\\\/\\\/www.lichen.pl\\\/fr\\\/#\\\/schema\\\/person\\\/682b5cfa2f8a664a298ed0bc19782a02\"},\"breadcrumb\":{\"@id\":\"https:\\\/\\\/www.lichen.pl\\\/gesty-pelne-dobra-swiatowy-dzien-hospicjow-i-opieki-paliatywnej\\\/#breadcrumb\"},\"inLanguage\":\"de\",\"potentialAction\":[{\"@type\":\"ReadAction\",\"target\":[\"https:\\\/\\\/www.lichen.pl\\\/gesty-pelne-dobra-swiatowy-dzien-hospicjow-i-opieki-paliatywnej\\\/\"]}]},{\"@type\":\"ImageObject\",\"inLanguage\":\"de\",\"@id\":\"https:\\\/\\\/www.lichen.pl\\\/gesty-pelne-dobra-swiatowy-dzien-hospicjow-i-opieki-paliatywnej\\\/#primaryimage\",\"url\":\"https:\\\/\\\/www.lichen.pl\\\/wp-content\\\/uploads\\\/2025\\\/10\\\/Sadzenie_zonkili-2.jpg\",\"contentUrl\":\"https:\\\/\\\/www.lichen.pl\\\/wp-content\\\/uploads\\\/2025\\\/10\\\/Sadzenie_zonkili-2.jpg\",\"width\":5808,\"height\":3872},{\"@type\":\"BreadcrumbList\",\"@id\":\"https:\\\/\\\/www.lichen.pl\\\/gesty-pelne-dobra-swiatowy-dzien-hospicjow-i-opieki-paliatywnej\\\/#breadcrumb\",\"itemListElement\":[{\"@type\":\"ListItem\",\"position\":1,\"name\":\"Strona g\u0142\u00f3wna\",\"item\":\"https:\\\/\\\/www.lichen.pl\\\/\"},{\"@type\":\"ListItem\",\"position\":2,\"name\":\"\u015awiatowy Dzie\u0144 Hospicj\u00f3w i Opieki Paliatywnej\"}]},{\"@type\":\"WebSite\",\"@id\":\"https:\\\/\\\/www.lichen.pl\\\/fr\\\/#website\",\"url\":\"https:\\\/\\\/www.lichen.pl\\\/fr\\\/\",\"name\":\"SANKTUARIUM W LICHENIU\",\"description\":\"MATKI BO\u017bEJ LICHE\u0143SKIEJ BOLESNEJ KR\u00d3LOWEJ POLSKI\",\"potentialAction\":[{\"@type\":\"SearchAction\",\"target\":{\"@type\":\"EntryPoint\",\"urlTemplate\":\"https:\\\/\\\/www.lichen.pl\\\/fr\\\/?s={search_term_string}\"},\"query-input\":{\"@type\":\"PropertyValueSpecification\",\"valueRequired\":true,\"valueName\":\"search_term_string\"}}],\"inLanguage\":\"de\"},{\"@type\":\"Person\",\"@id\":\"https:\\\/\\\/www.lichen.pl\\\/fr\\\/#\\\/schema\\\/person\\\/682b5cfa2f8a664a298ed0bc19782a02\",\"name\":\"Biuro Prasowe\",\"image\":{\"@type\":\"ImageObject\",\"inLanguage\":\"de\",\"@id\":\"https:\\\/\\\/secure.gravatar.com\\\/avatar\\\/07fa3449d37670fd38888cb2e3db27aa13df245d811ec65206e44888f202bb53?s=96&d=retro&r=g\",\"url\":\"https:\\\/\\\/secure.gravatar.com\\\/avatar\\\/07fa3449d37670fd38888cb2e3db27aa13df245d811ec65206e44888f202bb53?s=96&d=retro&r=g\",\"contentUrl\":\"https:\\\/\\\/secure.gravatar.com\\\/avatar\\\/07fa3449d37670fd38888cb2e3db27aa13df245d811ec65206e44888f202bb53?s=96&d=retro&r=g\",\"caption\":\"Biuro Prasowe\"},\"sameAs\":[\"http:\\\/\\\/www.lichen.pl\"],\"url\":\"https:\\\/\\\/www.lichen.pl\\\/de\\\/author\\\/biuro-prasowe\\\/\"}]}<\/script>\n<!-- \/ Yoast SEO plugin. -->","yoast_head_json":{"title":"\u015awiatowy Dzie\u0144 Hospicj\u00f3w i Opieki Paliatywnej - SANKTUARIUM W LICHENIU","robots":{"index":"index","follow":"follow","max-snippet":"max-snippet:-1","max-image-preview":"max-image-preview:large","max-video-preview":"max-video-preview:-1"},"canonical":"https:\/\/www.lichen.pl\/de\/gesty-pelne-dobra-swiatowy-dzien-hospicjow-i-opieki-paliatywnej\/","og_locale":"de_DE","og_type":"article","og_title":"\u015awiatowy Dzie\u0144 Hospicj\u00f3w i Opieki Paliatywnej - SANKTUARIUM W LICHENIU","og_description":"11 pa\u017adziernika obchodzili\u015bmy \u015awiatowy Dzie\u0144 Hospicj\u00f3w i Opieki Paliatywnej. W liche\u0144skim sanktuarium \u015bwi\u0119towanie rozpocz\u0119\u0142o si\u0119 od porannej Mszy \u015bw. w kaplicy hospicyjnej. Po zako\u0144czonej Eucharystii grupa pracownik\u00f3w oraz przyjaci\u00f3\u0142 liche\u0144skiego hospicjum wzi\u0119\u0142a udzia\u0142 w Pieszej Pielgrzymce Zespo\u0142u Hospicyjnego do sanktuarium Pi\u0119ciu Braci M\u0119czennik\u00f3w, kt\u00f3re znajduje si\u0119 w Kazimierzu Biskupim. Hospicjum \u2013 miejsce obecno\u015bci i towarzyszenia [&hellip;]","og_url":"https:\/\/www.lichen.pl\/de\/gesty-pelne-dobra-swiatowy-dzien-hospicjow-i-opieki-paliatywnej\/","og_site_name":"SANKTUARIUM W LICHENIU","article_published_time":"2025-10-13T14:54:44+00:00","article_modified_time":"2025-10-14T08:08:18+00:00","og_image":[{"width":1024,"height":683,"url":"https:\/\/www.lichen.pl\/wp-content\/uploads\/2025\/10\/Sadzenie_zonkili-2-1024x683.jpg","type":"image\/jpeg"}],"author":"Biuro Prasowe","twitter_card":"summary_large_image","twitter_misc":{"Verfasst von":"Biuro Prasowe","Gesch\u00e4tzte Lesezeit":"8\u00a0Minuten"},"schema":{"@context":"https:\/\/schema.org","@graph":[{"@type":"Article","@id":"https:\/\/www.lichen.pl\/gesty-pelne-dobra-swiatowy-dzien-hospicjow-i-opieki-paliatywnej\/#article","isPartOf":{"@id":"https:\/\/www.lichen.pl\/gesty-pelne-dobra-swiatowy-dzien-hospicjow-i-opieki-paliatywnej\/"},"author":{"name":"Biuro Prasowe","@id":"https:\/\/www.lichen.pl\/fr\/#\/schema\/person\/682b5cfa2f8a664a298ed0bc19782a02"},"headline":"\u015awiatowy Dzie\u0144 Hospicj\u00f3w i Opieki Paliatywnej","datePublished":"2025-10-13T14:54:44+00:00","dateModified":"2025-10-14T08:08:18+00:00","mainEntityOfPage":{"@id":"https:\/\/www.lichen.pl\/gesty-pelne-dobra-swiatowy-dzien-hospicjow-i-opieki-paliatywnej\/"},"wordCount":529,"image":{"@id":"https:\/\/www.lichen.pl\/gesty-pelne-dobra-swiatowy-dzien-hospicjow-i-opieki-paliatywnej\/#primaryimage"},"thumbnailUrl":"https:\/\/www.lichen.pl\/wp-content\/uploads\/2025\/10\/Sadzenie_zonkili-2.jpg","articleSection":["Aktualno\u015bci"],"inLanguage":"de"},{"@type":"WebPage","@id":"https:\/\/www.lichen.pl\/gesty-pelne-dobra-swiatowy-dzien-hospicjow-i-opieki-paliatywnej\/","url":"https:\/\/www.lichen.pl\/gesty-pelne-dobra-swiatowy-dzien-hospicjow-i-opieki-paliatywnej\/","name":"\u015awiatowy Dzie\u0144 Hospicj\u00f3w i Opieki Paliatywnej - SANKTUARIUM W LICHENIU","isPartOf":{"@id":"https:\/\/www.lichen.pl\/fr\/#website"},"primaryImageOfPage":{"@id":"https:\/\/www.lichen.pl\/gesty-pelne-dobra-swiatowy-dzien-hospicjow-i-opieki-paliatywnej\/#primaryimage"},"image":{"@id":"https:\/\/www.lichen.pl\/gesty-pelne-dobra-swiatowy-dzien-hospicjow-i-opieki-paliatywnej\/#primaryimage"},"thumbnailUrl":"https:\/\/www.lichen.pl\/wp-content\/uploads\/2025\/10\/Sadzenie_zonkili-2.jpg","datePublished":"2025-10-13T14:54:44+00:00","dateModified":"2025-10-14T08:08:18+00:00","author":{"@id":"https:\/\/www.lichen.pl\/fr\/#\/schema\/person\/682b5cfa2f8a664a298ed0bc19782a02"},"breadcrumb":{"@id":"https:\/\/www.lichen.pl\/gesty-pelne-dobra-swiatowy-dzien-hospicjow-i-opieki-paliatywnej\/#breadcrumb"},"inLanguage":"de","potentialAction":[{"@type":"ReadAction","target":["https:\/\/www.lichen.pl\/gesty-pelne-dobra-swiatowy-dzien-hospicjow-i-opieki-paliatywnej\/"]}]},{"@type":"ImageObject","inLanguage":"de","@id":"https:\/\/www.lichen.pl\/gesty-pelne-dobra-swiatowy-dzien-hospicjow-i-opieki-paliatywnej\/#primaryimage","url":"https:\/\/www.lichen.pl\/wp-content\/uploads\/2025\/10\/Sadzenie_zonkili-2.jpg","contentUrl":"https:\/\/www.lichen.pl\/wp-content\/uploads\/2025\/10\/Sadzenie_zonkili-2.jpg","width":5808,"height":3872},{"@type":"BreadcrumbList","@id":"https:\/\/www.lichen.pl\/gesty-pelne-dobra-swiatowy-dzien-hospicjow-i-opieki-paliatywnej\/#breadcrumb","itemListElement":[{"@type":"ListItem","position":1,"name":"Strona g\u0142\u00f3wna","item":"https:\/\/www.lichen.pl\/"},{"@type":"ListItem","position":2,"name":"\u015awiatowy Dzie\u0144 Hospicj\u00f3w i Opieki Paliatywnej"}]},{"@type":"WebSite","@id":"https:\/\/www.lichen.pl\/fr\/#website","url":"https:\/\/www.lichen.pl\/fr\/","name":"HEILIGTUM IN LICHENIEN","description":"DIE TRAURIGE K\u00d6NIGIN UNSERER FLECHEN VON POLEN","potentialAction":[{"@type":"SearchAction","target":{"@type":"EntryPoint","urlTemplate":"https:\/\/www.lichen.pl\/fr\/?s={search_term_string}"},"query-input":{"@type":"PropertyValueSpecification","valueRequired":true,"valueName":"search_term_string"}}],"inLanguage":"de"},{"@type":"Person","@id":"https:\/\/www.lichen.pl\/fr\/#\/schema\/person\/682b5cfa2f8a664a298ed0bc19782a02","name":"Biuro Prasowe","image":{"@type":"ImageObject","inLanguage":"de","@id":"https:\/\/secure.gravatar.com\/avatar\/07fa3449d37670fd38888cb2e3db27aa13df245d811ec65206e44888f202bb53?s=96&d=retro&r=g","url":"https:\/\/secure.gravatar.com\/avatar\/07fa3449d37670fd38888cb2e3db27aa13df245d811ec65206e44888f202bb53?s=96&d=retro&r=g","contentUrl":"https:\/\/secure.gravatar.com\/avatar\/07fa3449d37670fd38888cb2e3db27aa13df245d811ec65206e44888f202bb53?s=96&d=retro&r=g","caption":"Biuro Prasowe"},"sameAs":["http:\/\/www.lichen.pl"],"url":"https:\/\/www.lichen.pl\/de\/author\/biuro-prasowe\/"}]}},"_links":{"self":[{"href":"https:\/\/www.lichen.pl\/de\/wp-json\/wp\/v2\/posts\/90523","targetHints":{"allow":["GET"]}}],"collection":[{"href":"https:\/\/www.lichen.pl\/de\/wp-json\/wp\/v2\/posts"}],"about":[{"href":"https:\/\/www.lichen.pl\/de\/wp-json\/wp\/v2\/types\/post"}],"author":[{"embeddable":true,"href":"https:\/\/www.lichen.pl\/de\/wp-json\/wp\/v2\/users\/8"}],"replies":[{"embeddable":true,"href":"https:\/\/www.lichen.pl\/de\/wp-json\/wp\/v2\/comments?post=90523"}],"version-history":[{"count":13,"href":"https:\/\/www.lichen.pl\/de\/wp-json\/wp\/v2\/posts\/90523\/revisions"}],"predecessor-version":[{"id":90591,"href":"https:\/\/www.lichen.pl\/de\/wp-json\/wp\/v2\/posts\/90523\/revisions\/90591"}],"wp:featuredmedia":[{"embeddable":true,"href":"https:\/\/www.lichen.pl\/de\/wp-json\/wp\/v2\/media\/90536"}],"wp:attachment":[{"href":"https:\/\/www.lichen.pl\/de\/wp-json\/wp\/v2\/media?parent=90523"}],"wp:term":[{"taxonomy":"category","embeddable":true,"href":"https:\/\/www.lichen.pl\/de\/wp-json\/wp\/v2\/categories?post=90523"},{"taxonomy":"post_tag","embeddable":true,"href":"https:\/\/www.lichen.pl\/de\/wp-json\/wp\/v2\/tags?post=90523"}],"curies":[{"name":"wp","href":"https:\/\/api.w.org\/{rel}","templated":true}]}}