{"id":9746,"date":"2021-05-31T14:00:12","date_gmt":"2021-05-31T14:00:12","guid":{"rendered":"http:\/\/www.lichen.pl\/?p=9746"},"modified":"2021-06-07T08:09:36","modified_gmt":"2021-06-07T08:09:36","slug":"mazowsze-i-perly-muzyki-sakralnej-w-licheniu","status":"publish","type":"post","link":"https:\/\/www.lichen.pl\/de\/mazowsze-i-perly-muzyki-sakralnej-w-licheniu\/","title":{"rendered":"&quot;Perlen der Kirchenmusik&quot; - Konzert in der Basilika von Liche\u0144"},"content":{"rendered":"<div data-elementor-type=\"wp-post\" data-elementor-id=\"9746\" class=\"elementor elementor-9746\" data-elementor-post-type=\"post\">\n\t\t\t\t\t\t<section class=\"elementor-section elementor-top-section elementor-element elementor-element-18ee4e3 elementor-section-boxed elementor-section-height-default elementor-section-height-default\" data-id=\"18ee4e3\" data-element_type=\"section\" data-e-type=\"section\">\n\t\t\t\t\t\t<div class=\"elementor-container elementor-column-gap-default\">\n\t\t\t\t\t<div class=\"elementor-column elementor-col-100 elementor-top-column elementor-element elementor-element-27382598\" data-id=\"27382598\" data-element_type=\"column\" data-e-type=\"column\">\n\t\t\t<div class=\"elementor-widget-wrap elementor-element-populated\">\n\t\t\t\t\t\t<div class=\"elementor-element elementor-element-bbcd84e elementor-widget elementor-widget-heading\" data-id=\"bbcd84e\" data-element_type=\"widget\" data-e-type=\"widget\" data-widget_type=\"heading.default\">\n\t\t\t\t<div class=\"elementor-widget-container\">\n\t\t\t\t\t<h2 class=\"elementor-heading-title elementor-size-default\">Am Fest der Heiligen Dreifaltigkeit, am 30. Mai, war die Basilika von Liche\u0144 Gastgeber des Chors und Orchesters des Nationalen Gesangs- und Tanzensembles \u201eMazowsze\u201c. Tadeusz Sygiety\u0144ski. Unter der Leitung von Maestro Jacek Boniecki begleiteten die K\u00fcnstler die Mittagsmesse mit ihrer Musik und gaben dem Publikum nach der Liturgie ein au\u00dfergew\u00f6hnliches Konzert.<\/h2>\t\t\t\t<\/div>\n\t\t\t\t<\/div>\n\t\t\t\t<div class=\"elementor-element elementor-element-90b9ce1 elementor-widget elementor-widget-text-editor\" data-id=\"90b9ce1\" data-element_type=\"widget\" data-e-type=\"widget\" data-widget_type=\"text-editor.default\">\n\t\t\t\t<div class=\"elementor-widget-container\">\n\t\t\t\t\t\t\t\t\t<p>Die heilige Hauptmesse in der Basilika wurde um 12.00 Uhr unter der Leitung von P. Bogus\u0142aw Bindy, MIC, Oberer der Lichen-Gemeinschaft der marianischen Priester und Br\u00fcder. Die Essenz des gestrigen Festes wurde den Versammelten vor der Liturgie vom Vizekurator des Heiligtums, P. Adam Stankiewicz, MIC: <i>\u201eDer Glaube an einen Gott von dreien ist eines der spezifischsten Elemente des Christentums. Keine andere Religion beansprucht dieses Mysterium. Die Existenz der Heiligen Dreifaltigkeit ist ein Dogma unseres Glaubens. Mit menschlicher Vernunft allein w\u00fcrden wir nicht zu dieser Wahrheit kommen. Jesus Christus hat es uns offenbart.\u201c<\/i><\/p>\t\t\t\t\t\t\t\t<\/div>\n\t\t\t\t<\/div>\n\t\t\t\t<section class=\"elementor-section elementor-inner-section elementor-element elementor-element-bf0a32d elementor-section-boxed elementor-section-height-default elementor-section-height-default\" data-id=\"bf0a32d\" data-element_type=\"section\" data-e-type=\"section\">\n\t\t\t\t\t\t<div class=\"elementor-container elementor-column-gap-default\">\n\t\t\t\t\t<div class=\"elementor-column elementor-col-50 elementor-inner-column elementor-element elementor-element-7bd26e5\" data-id=\"7bd26e5\" data-element_type=\"column\" data-e-type=\"column\">\n\t\t\t<div class=\"elementor-widget-wrap elementor-element-populated\">\n\t\t\t\t\t\t<div class=\"elementor-element elementor-element-6940064 elementor-widget elementor-widget-image\" data-id=\"6940064\" data-element_type=\"widget\" data-e-type=\"widget\" data-widget_type=\"image.default\">\n\t\t\t\t<div class=\"elementor-widget-container\">\n\t\t\t\t\t\t\t\t\t\t\t\t<figure class=\"wp-caption\">\n\t\t\t\t\t\t\t\t\t\t<img fetchpriority=\"high\" decoding=\"async\" width=\"286\" height=\"300\" src=\"https:\/\/www.lichen.pl\/wp-content\/uploads\/2021\/05\/Msza-31-maja-2021-ks.-Boguslaw-Binda-MIC-e1622828162446-286x300.jpg\" class=\"attachment-medium size-medium wp-image-10562\" alt=\"Msza \u015awi\u0119ta 31 maja 2021 ks. Bogus\u0142aw Binda MIC\" srcset=\"https:\/\/www.lichen.pl\/wp-content\/uploads\/2021\/05\/Msza-31-maja-2021-ks.-Boguslaw-Binda-MIC-e1622828162446-286x300.jpg 286w, https:\/\/www.lichen.pl\/wp-content\/uploads\/2021\/05\/Msza-31-maja-2021-ks.-Boguslaw-Binda-MIC-e1622828162446.jpg 633w\" sizes=\"(max-width: 286px) 100vw, 286px\" \/>\t\t\t\t\t\t\t\t\t\t\t<figcaption class=\"widget-image-caption wp-caption-text\">Fr. Bogus\u0142aw Binda, MIC <\/figcaption>\n\t\t\t\t\t\t\t\t\t\t<\/figure>\n\t\t\t\t\t\t\t\t\t<\/div>\n\t\t\t\t<\/div>\n\t\t\t\t<div class=\"elementor-element elementor-element-2790c87 elementor-widget elementor-widget-image\" data-id=\"2790c87\" data-element_type=\"widget\" data-e-type=\"widget\" data-widget_type=\"image.default\">\n\t\t\t\t<div class=\"elementor-widget-container\">\n\t\t\t\t\t\t\t\t\t\t\t\t<figure class=\"wp-caption\">\n\t\t\t\t\t\t\t\t\t\t<img decoding=\"async\" width=\"200\" height=\"300\" src=\"https:\/\/www.lichen.pl\/wp-content\/uploads\/2021\/05\/Msza-31-maja-2021-1-200x300.jpg\" class=\"attachment-medium size-medium wp-image-10571\" alt=\"Msza 31 maja 2021 1\" srcset=\"https:\/\/www.lichen.pl\/wp-content\/uploads\/2021\/05\/Msza-31-maja-2021-1-200x300.jpg 200w, https:\/\/www.lichen.pl\/wp-content\/uploads\/2021\/05\/Msza-31-maja-2021-1-800x1200.jpg 800w, https:\/\/www.lichen.pl\/wp-content\/uploads\/2021\/05\/Msza-31-maja-2021-1-682x1024.jpg 682w, https:\/\/www.lichen.pl\/wp-content\/uploads\/2021\/05\/Msza-31-maja-2021-1-768x1152.jpg 768w, https:\/\/www.lichen.pl\/wp-content\/uploads\/2021\/05\/Msza-31-maja-2021-1-1024x1536.jpg 1024w, https:\/\/www.lichen.pl\/wp-content\/uploads\/2021\/05\/Msza-31-maja-2021-1.jpg 853w\" sizes=\"(max-width: 200px) 100vw, 200px\" \/>\t\t\t\t\t\t\t\t\t\t\t<figcaption class=\"widget-image-caption wp-caption-text\">Basilika, Hochfest der Allerheiligsten Dreifaltigkeit, 30. Mai 2021<\/figcaption>\n\t\t\t\t\t\t\t\t\t\t<\/figure>\n\t\t\t\t\t\t\t\t\t<\/div>\n\t\t\t\t<\/div>\n\t\t\t\t\t<\/div>\n\t\t<\/div>\n\t\t\t\t<div class=\"elementor-column elementor-col-50 elementor-inner-column elementor-element elementor-element-4a81911\" data-id=\"4a81911\" data-element_type=\"column\" data-e-type=\"column\">\n\t\t\t<div class=\"elementor-widget-wrap elementor-element-populated\">\n\t\t\t\t\t\t<div class=\"elementor-element elementor-element-671368a elementor-widget elementor-widget-text-editor\" data-id=\"671368a\" data-element_type=\"widget\" data-e-type=\"widget\" data-widget_type=\"text-editor.default\">\n\t\t\t\t<div class=\"elementor-widget-container\">\n\t\t\t\t\t\t\t\t\t<p>In der Predigt von P. Binda ermutigte zur \u00c4u\u00dferung der Worte des Zeichens des Heiligen Kreuzes und reflektierte ihre Bedeutung. - <em>Das Wort Gottes offenbart die Heilige Dreifaltigkeit, die in der Geschichte f\u00fcr uns und unsere Errettung wirkt. Diese Geschichte setzt sich im Leben eines jeden fort. Die heutige Eucharistie ist eine Begegnung mit dem Vater, dem Sohn und dem Heiligen Geist. Jedes Mal, wenn wir das heilige Kreuzzeichen machen, soll es uns an unsere Taufe erinnern<\/em>.<\/p><p>Mit weiteren Worten versicherte der Marianer: <em>- das Ma\u00df der Liebe ist Liebe ohne Ma\u00df. Gott ist unserer nie m\u00fcde. F\u00fcr ihn bist du kein Sklave, sondern ein Kind, das wie alle Eltern liebt.<\/em><\/p><p><em>- Ich m\u00f6chte, dass Sie wissen, dass alles, was Sie von Gott dem Vater trennt, im Ozean der barmherzigen Liebe vergeben werden kann. Ich m\u00f6chte, dass Sie verstehen, dass Sie ein einzigartiger Teil Seines Leibes sind \u2013 der Kirche \u2013 einer Gemeinschaft, in die wir durch die Heilige Taufe eingegliedert wurden. Unser Alltag erfordert, dass wir Zeugnis geben. Alleine sind wir dazu nicht in der Lage. Wir sehen, wie schwierig es f\u00fcr uns ist. Der Heilige Geist lebt als Geschenk des Vaters und des Sohnes in jedem von uns \u2013 ich m\u00f6chte jetzt seine Weisheit, Kraft und die wahre, authentische Gegenwart Gottes in mir erfahren. Das Geheimnis der Heiligen Dreifaltigkeit ist ein Aufruf und eine Aufgabe f\u00fcr uns, zu lernen, wie wir unsere Beziehungen und Bindungen zu Gott und anderen richtig aufbauen<\/em> - sagte der M\u00f6nch.<\/p>\t\t\t\t\t\t\t\t<\/div>\n\t\t\t\t<\/div>\n\t\t\t\t<div class=\"elementor-element elementor-element-4deb83a elementor-widget-divider--view-line elementor-widget elementor-widget-divider\" data-id=\"4deb83a\" data-element_type=\"widget\" data-e-type=\"widget\" data-widget_type=\"divider.default\">\n\t\t\t\t<div class=\"elementor-widget-container\">\n\t\t\t\t\t\t\t<div class=\"elementor-divider\">\n\t\t\t<span class=\"elementor-divider-separator\">\n\t\t\t\t\t\t<\/span>\n\t\t<\/div>\n\t\t\t\t\t\t<\/div>\n\t\t\t\t<\/div>\n\t\t\t\t\t<\/div>\n\t\t<\/div>\n\t\t\t\t\t<\/div>\n\t\t<\/section>\n\t\t\t\t<div class=\"elementor-element elementor-element-ea51916 elementor-widget elementor-widget-heading\" data-id=\"ea51916\" data-element_type=\"widget\" data-e-type=\"widget\" data-widget_type=\"heading.default\">\n\t\t\t\t<div class=\"elementor-widget-container\">\n\t\t\t\t\t<h2 class=\"elementor-heading-title elementor-size-default\">Nach vielen Monaten der Arbeit in der Stille der Prober\u00e4ume, ohne Kontakt zum Publikum und Konzerten \u00fcber das Internet, genoss &quot;Mazowsze&quot; am letzten Sonntag im Mai die Gelegenheit, live vor Publikum aufzutreten. W\u00e4hrend der feierlichen Heiligen Messe u.a. \u201eKr\u00f6nungsmesse\u201c von WA Mozart oder das ber\u00fchmte \u201eHallelujah\u201c aus GF H\u00e4ndels Oratorium \u201eMessiah\u201c.<\/h2>\t\t\t\t<\/div>\n\t\t\t\t<\/div>\n\t\t\t\t<section class=\"elementor-section elementor-inner-section elementor-element elementor-element-dc5be4f elementor-section-boxed elementor-section-height-default elementor-section-height-default\" data-id=\"dc5be4f\" data-element_type=\"section\" data-e-type=\"section\">\n\t\t\t\t\t\t<div class=\"elementor-container elementor-column-gap-default\">\n\t\t\t\t\t<div class=\"elementor-column elementor-col-50 elementor-inner-column elementor-element elementor-element-a1c9372\" data-id=\"a1c9372\" data-element_type=\"column\" data-e-type=\"column\">\n\t\t\t<div class=\"elementor-widget-wrap elementor-element-populated\">\n\t\t\t\t\t\t<div class=\"elementor-element elementor-element-13b82ee elementor-widget elementor-widget-text-editor\" data-id=\"13b82ee\" data-element_type=\"widget\" data-e-type=\"widget\" data-widget_type=\"text-editor.default\">\n\t\t\t\t<div class=\"elementor-widget-container\">\n\t\t\t\t\t\t\t\t\t<p>Das Konzert wurde mit den zw\u00f6lf S\u00e4tzen von Antonio Vivaldis Gloria er\u00f6ffnet. Das Publikum hatte unter anderem auch Gelegenheit zu h\u00f6ren \u201eGebet zur Gottesmutter\u201c mit Musik von Fr. Jan \u017bukowski, geschrieben nach den Worten von Juliusz S\u0142owacki und in das Repertoire von \u201eMazowsze\u201c w\u00e4hrend der Pandemie \u201eAgnus Dei\u201c von Georges aufgenommen. Es gab auch den Klang von Charles Gounods Laudate Dominum, das nie von Mazowsze aufgef\u00fchrt wurde und in Liche\u0144 uraufgef\u00fchrt wurde. Gastgeber des Konzerts war Maestro Jacek Boniecki, der an fr\u00fchere Besuche aus Mazowsze in Liche\u0144 erinnerte. 1999 begr\u00fc\u00dfte das Ensemble auf den Stufen der noch im Bau befindlichen Basilika Papst Johannes Paul II. mit seinem Gesang w\u00e4hrend der 7. Wallfahrt des Heiligen Vaters nach Polen. Vor zwei Jahren feierte das Ensemble mit den Marienpatern in Liche\u0144 den 70. Jahrestag seiner Anwesenheit im Heiligtum. \u201eJeder dieser Aufenthalte hier, sowohl k\u00fcnstlerische als auch Gebetsaufenthalte, hat zum Nachdenken angeregt und war in besonderen Momenten. Heute wollen wir \u00fcber die Zukunft nachdenken, im Zusammenhang mit den Ereignissen, die die ganze Welt ber\u00fchrten und die, vielleicht, Gott bewahre, zu einer Ver\u00e4nderung in jedem Raum gef\u00fchrt haben. Heute m\u00f6chte Masowien Freude singen und Gott bitten, dass dieses Ungl\u00fcck, das die Welt ber\u00fchrt hat, vor\u00fcbergehen wird. - sagte der Dirigent der Gruppe, Maestro Jacek Boniecki. Der Chor wurde f\u00fcr das Konzert von Miros\u0142aw Ziomek vorbereitet.<\/p>\t\t\t\t\t\t\t\t<\/div>\n\t\t\t\t<\/div>\n\t\t\t\t\t<\/div>\n\t\t<\/div>\n\t\t\t\t<div class=\"elementor-column elementor-col-50 elementor-inner-column elementor-element elementor-element-7cc33a0\" data-id=\"7cc33a0\" data-element_type=\"column\" data-e-type=\"column\">\n\t\t\t<div class=\"elementor-widget-wrap elementor-element-populated\">\n\t\t\t\t\t\t<div class=\"elementor-element elementor-element-1b68278 elementor-widget elementor-widget-image\" data-id=\"1b68278\" data-element_type=\"widget\" data-e-type=\"widget\" data-widget_type=\"image.default\">\n\t\t\t\t<div class=\"elementor-widget-container\">\n\t\t\t\t\t\t\t\t\t\t\t\t<figure class=\"wp-caption\">\n\t\t\t\t\t\t\t\t\t\t<img decoding=\"async\" width=\"683\" height=\"1024\" src=\"https:\/\/www.lichen.pl\/wp-content\/uploads\/2021\/05\/MAzowsze-2-683x1024.jpg\" class=\"attachment-large size-large wp-image-10576\" alt=\"\" srcset=\"https:\/\/www.lichen.pl\/wp-content\/uploads\/2021\/05\/MAzowsze-2-683x1024.jpg 683w, https:\/\/www.lichen.pl\/wp-content\/uploads\/2021\/05\/MAzowsze-2-800x1199.jpg 800w, https:\/\/www.lichen.pl\/wp-content\/uploads\/2021\/05\/MAzowsze-2-200x300.jpg 200w, https:\/\/www.lichen.pl\/wp-content\/uploads\/2021\/05\/MAzowsze-2-768x1152.jpg 768w, https:\/\/www.lichen.pl\/wp-content\/uploads\/2021\/05\/MAzowsze-2-1024x1536.jpg 1024w, https:\/\/www.lichen.pl\/wp-content\/uploads\/2021\/05\/MAzowsze-2.jpg 854w\" sizes=\"(max-width: 683px) 100vw, 683px\" \/>\t\t\t\t\t\t\t\t\t\t\t<figcaption class=\"widget-image-caption wp-caption-text\">Chor und Orchester des Nationalen Gesangs- und Tanzensembles \u201eMazowsze\u201c, Basilika, 30. Mai 2021<\/figcaption>\n\t\t\t\t\t\t\t\t\t\t<\/figure>\n\t\t\t\t\t\t\t\t\t<\/div>\n\t\t\t\t<\/div>\n\t\t\t\t\t<\/div>\n\t\t<\/div>\n\t\t\t\t\t<\/div>\n\t\t<\/section>\n\t\t\t\t<div class=\"elementor-element elementor-element-179c504 elementor-widget elementor-widget-spacer\" data-id=\"179c504\" data-element_type=\"widget\" data-e-type=\"widget\" data-widget_type=\"spacer.default\">\n\t\t\t\t<div class=\"elementor-widget-container\">\n\t\t\t\t\t\t\t<div class=\"elementor-spacer\">\n\t\t\t<div class=\"elementor-spacer-inner\"><\/div>\n\t\t<\/div>\n\t\t\t\t\t\t<\/div>\n\t\t\t\t<\/div>\n\t\t\t\t<div class=\"elementor-element elementor-element-786ef79 elementor-widget elementor-widget-gallery\" data-id=\"786ef79\" data-element_type=\"widget\" data-e-type=\"widget\" data-settings=\"{&quot;lazyload&quot;:&quot;yes&quot;,&quot;gallery_layout&quot;:&quot;grid&quot;,&quot;columns&quot;:4,&quot;columns_tablet&quot;:2,&quot;columns_mobile&quot;:1,&quot;gap&quot;:{&quot;unit&quot;:&quot;px&quot;,&quot;size&quot;:10,&quot;sizes&quot;:[]},&quot;gap_tablet&quot;:{&quot;unit&quot;:&quot;px&quot;,&quot;size&quot;:10,&quot;sizes&quot;:[]},&quot;gap_mobile&quot;:{&quot;unit&quot;:&quot;px&quot;,&quot;size&quot;:10,&quot;sizes&quot;:[]},&quot;link_to&quot;:&quot;file&quot;,&quot;aspect_ratio&quot;:&quot;3:2&quot;,&quot;overlay_background&quot;:&quot;yes&quot;,&quot;content_hover_animation&quot;:&quot;fade-in&quot;}\" data-widget_type=\"gallery.default\">\n\t\t\t\t<div class=\"elementor-widget-container\">\n\t\t\t\t\t\t\t<div class=\"elementor-gallery__container\">\n\t\t\t\t\t\t\t<a class=\"e-gallery-item elementor-gallery-item elementor-animated-content\" href=\"https:\/\/www.lichen.pl\/wp-content\/uploads\/2021\/05\/LICHEN-PERLY-FB-EVENT.png\" data-elementor-open-lightbox=\"yes\" data-elementor-lightbox-slideshow=\"786ef79\" data-elementor-lightbox-title=\"LICHE\u0143-PER\u0141Y-FB-EVENT\" data-e-action-hash=\"#elementor-action%3Aaction%3Dlightbox%26settings%3DeyJpZCI6OTc0OCwidXJsIjoiaHR0cHM6XC9cL3d3dy5saWNoZW4ucGxcL3dwLWNvbnRlbnRcL3VwbG9hZHNcLzIwMjFcLzA1XC9MSUNIRU4tUEVSTFktRkItRVZFTlQucG5nIiwic2xpZGVzaG93IjoiNzg2ZWY3OSJ9\">\n\t\t\t\t\t<div class=\"e-gallery-image elementor-gallery-item__image\" data-thumbnail=\"https:\/\/www.lichen.pl\/wp-content\/uploads\/2021\/05\/LICHEN-PERLY-FB-EVENT-300x157.png\" data-width=\"300\" data-height=\"157\" aria-label=\"\" role=\"img\" ><\/div>\n\t\t\t\t\t\t\t\t\t\t\t<div class=\"elementor-gallery-item__overlay\"><\/div>\n\t\t\t\t\t\t\t\t\t\t\t\t\t\t<\/a>\n\t\t\t\t\t\t\t<a class=\"e-gallery-item elementor-gallery-item elementor-animated-content\" href=\"https:\/\/www.lichen.pl\/wp-content\/uploads\/2021\/05\/Mazowsze.jpg\" data-elementor-open-lightbox=\"yes\" data-elementor-lightbox-slideshow=\"786ef79\" data-elementor-lightbox-title=\"Mazowsze\" data-e-action-hash=\"#elementor-action%3Aaction%3Dlightbox%26settings%3DeyJpZCI6MTA2MDEsInVybCI6Imh0dHBzOlwvXC93d3cubGljaGVuLnBsXC93cC1jb250ZW50XC91cGxvYWRzXC8yMDIxXC8wNVwvTWF6b3dzemUuanBnIiwic2xpZGVzaG93IjoiNzg2ZWY3OSJ9\">\n\t\t\t\t\t<div class=\"e-gallery-image elementor-gallery-item__image\" data-thumbnail=\"https:\/\/www.lichen.pl\/wp-content\/uploads\/2021\/05\/Mazowsze-300x200.jpg\" data-width=\"300\" data-height=\"200\" aria-label=\"\" role=\"img\" ><\/div>\n\t\t\t\t\t\t\t\t\t\t\t<div class=\"elementor-gallery-item__overlay\"><\/div>\n\t\t\t\t\t\t\t\t\t\t\t\t\t\t<\/a>\n\t\t\t\t\t\t\t<a class=\"e-gallery-item elementor-gallery-item elementor-animated-content\" href=\"https:\/\/www.lichen.pl\/wp-content\/uploads\/2021\/05\/MAzowsze-2.jpg\" data-elementor-open-lightbox=\"yes\" data-elementor-lightbox-slideshow=\"786ef79\" data-elementor-lightbox-title=\"MAzowsze, bazylika 3. maja 2021\" data-e-action-hash=\"#elementor-action%3Aaction%3Dlightbox%26settings%3DeyJpZCI6MTA1NzYsInVybCI6Imh0dHBzOlwvXC93d3cubGljaGVuLnBsXC93cC1jb250ZW50XC91cGxvYWRzXC8yMDIxXC8wNVwvTUF6b3dzemUtMi5qcGciLCJzbGlkZXNob3ciOiI3ODZlZjc5In0%3D\">\n\t\t\t\t\t<div class=\"e-gallery-image elementor-gallery-item__image\" data-thumbnail=\"https:\/\/www.lichen.pl\/wp-content\/uploads\/2021\/05\/MAzowsze-2-200x300.jpg\" data-width=\"200\" data-height=\"300\" aria-label=\"\" role=\"img\" ><\/div>\n\t\t\t\t\t\t\t\t\t\t\t<div class=\"elementor-gallery-item__overlay\"><\/div>\n\t\t\t\t\t\t\t\t\t\t\t\t\t\t<\/a>\n\t\t\t\t\t\t\t<a class=\"e-gallery-item elementor-gallery-item elementor-animated-content\" href=\"https:\/\/www.lichen.pl\/wp-content\/uploads\/2021\/05\/MAzowsze-3.jpg\" data-elementor-open-lightbox=\"yes\" data-elementor-lightbox-slideshow=\"786ef79\" data-elementor-lightbox-title=\"MAzowsze 3\" data-e-action-hash=\"#elementor-action%3Aaction%3Dlightbox%26settings%3DeyJpZCI6MTA1ODYsInVybCI6Imh0dHBzOlwvXC93d3cubGljaGVuLnBsXC93cC1jb250ZW50XC91cGxvYWRzXC8yMDIxXC8wNVwvTUF6b3dzemUtMy5qcGciLCJzbGlkZXNob3ciOiI3ODZlZjc5In0%3D\">\n\t\t\t\t\t<div class=\"e-gallery-image elementor-gallery-item__image\" data-thumbnail=\"https:\/\/www.lichen.pl\/wp-content\/uploads\/2021\/05\/MAzowsze-3-200x300.jpg\" data-width=\"200\" data-height=\"300\" aria-label=\"\" role=\"img\" ><\/div>\n\t\t\t\t\t\t\t\t\t\t\t<div class=\"elementor-gallery-item__overlay\"><\/div>\n\t\t\t\t\t\t\t\t\t\t\t\t\t\t<\/a>\n\t\t\t\t\t\t\t<a class=\"e-gallery-item elementor-gallery-item elementor-animated-content\" href=\"https:\/\/www.lichen.pl\/wp-content\/uploads\/2021\/05\/MAzowsze-4.jpg\" data-elementor-open-lightbox=\"yes\" data-elementor-lightbox-slideshow=\"786ef79\" data-elementor-lightbox-title=\"MAzowsze 4\" data-e-action-hash=\"#elementor-action%3Aaction%3Dlightbox%26settings%3DeyJpZCI6MTA1OTEsInVybCI6Imh0dHBzOlwvXC93d3cubGljaGVuLnBsXC93cC1jb250ZW50XC91cGxvYWRzXC8yMDIxXC8wNVwvTUF6b3dzemUtNC5qcGciLCJzbGlkZXNob3ciOiI3ODZlZjc5In0%3D\">\n\t\t\t\t\t<div class=\"e-gallery-image elementor-gallery-item__image\" data-thumbnail=\"https:\/\/www.lichen.pl\/wp-content\/uploads\/2021\/05\/MAzowsze-4-300x200.jpg\" data-width=\"300\" data-height=\"200\" aria-label=\"\" role=\"img\" ><\/div>\n\t\t\t\t\t\t\t\t\t\t\t<div class=\"elementor-gallery-item__overlay\"><\/div>\n\t\t\t\t\t\t\t\t\t\t\t\t\t\t<\/a>\n\t\t\t\t\t\t\t<a class=\"e-gallery-item elementor-gallery-item elementor-animated-content\" href=\"https:\/\/www.lichen.pl\/wp-content\/uploads\/2021\/05\/MAzowsze-5.jpg\" data-elementor-open-lightbox=\"yes\" data-elementor-lightbox-slideshow=\"786ef79\" data-elementor-lightbox-title=\"MAzowsze 5\" data-e-action-hash=\"#elementor-action%3Aaction%3Dlightbox%26settings%3DeyJpZCI6MTA1OTYsInVybCI6Imh0dHBzOlwvXC93d3cubGljaGVuLnBsXC93cC1jb250ZW50XC91cGxvYWRzXC8yMDIxXC8wNVwvTUF6b3dzemUtNS5qcGciLCJzbGlkZXNob3ciOiI3ODZlZjc5In0%3D\">\n\t\t\t\t\t<div class=\"e-gallery-image elementor-gallery-item__image\" data-thumbnail=\"https:\/\/www.lichen.pl\/wp-content\/uploads\/2021\/05\/MAzowsze-5-200x300.jpg\" data-width=\"200\" data-height=\"300\" aria-label=\"\" role=\"img\" ><\/div>\n\t\t\t\t\t\t\t\t\t\t\t<div class=\"elementor-gallery-item__overlay\"><\/div>\n\t\t\t\t\t\t\t\t\t\t\t\t\t\t<\/a>\n\t\t\t\t\t\t\t<a class=\"e-gallery-item elementor-gallery-item elementor-animated-content\" href=\"https:\/\/www.lichen.pl\/wp-content\/uploads\/2021\/05\/MAzowsze-1.jpg\" data-elementor-open-lightbox=\"yes\" data-elementor-lightbox-slideshow=\"786ef79\" data-elementor-lightbox-title=\"MAzowsze 1\" data-e-action-hash=\"#elementor-action%3Aaction%3Dlightbox%26settings%3DeyJpZCI6MTA1ODEsInVybCI6Imh0dHBzOlwvXC93d3cubGljaGVuLnBsXC93cC1jb250ZW50XC91cGxvYWRzXC8yMDIxXC8wNVwvTUF6b3dzemUtMS5qcGciLCJzbGlkZXNob3ciOiI3ODZlZjc5In0%3D\">\n\t\t\t\t\t<div class=\"e-gallery-image elementor-gallery-item__image\" data-thumbnail=\"https:\/\/www.lichen.pl\/wp-content\/uploads\/2021\/05\/MAzowsze-1-300x200.jpg\" data-width=\"300\" data-height=\"200\" aria-label=\"\" role=\"img\" ><\/div>\n\t\t\t\t\t\t\t\t\t\t\t<div class=\"elementor-gallery-item__overlay\"><\/div>\n\t\t\t\t\t\t\t\t\t\t\t\t\t\t<\/a>\n\t\t\t\t\t<\/div>\n\t\t\t\t\t<\/div>\n\t\t\t\t<\/div>\n\t\t\t\t<div class=\"elementor-element elementor-element-28a6703 elementor-widget-divider--view-line elementor-widget elementor-widget-divider\" data-id=\"28a6703\" data-element_type=\"widget\" data-e-type=\"widget\" data-widget_type=\"divider.default\">\n\t\t\t\t<div class=\"elementor-widget-container\">\n\t\t\t\t\t\t\t<div class=\"elementor-divider\">\n\t\t\t<span class=\"elementor-divider-separator\">\n\t\t\t\t\t\t<\/span>\n\t\t<\/div>\n\t\t\t\t\t\t<\/div>\n\t\t\t\t<\/div>\n\t\t\t\t\t<\/div>\n\t\t<\/div>\n\t\t\t\t\t<\/div>\n\t\t<\/section>\n\t\t\t\t<\/div>","protected":false},"excerpt":{"rendered":"<p>W uroczysto\u015b\u0107 Naj\u015bwi\u0119tszej Tr\u00f3jcy, 30 maja liche\u0144ska bazylika go\u015bci\u0142a Ch\u00f3r i Orkiestr\u0119 Pa\u0144stwowego Zespo\u0142u Pie\u015bni i Ta\u0144ca \u201eMazowsze\u201d im. Tadeusza Sygiety\u0144skiego. Pod batut\u0105 Maestro Jacka Bonieckiego arty\u015bci towarzyszyli swoj\u0105 muzyk\u0105 po\u0142udniowej Mszy \u015awi\u0119tej, a po liturgii uraczyli zebranych niezwyk\u0142ym koncertem. G\u0142\u00f3wna Msza \u015awi\u0119ta w bazylice zosta\u0142a odprawiona o godzinie 12.00 pod przewodnictwem ks. Bogus\u0142awa Bindy [&hellip;]<\/p>\n","protected":false},"author":4,"featured_media":10581,"comment_status":"open","ping_status":"open","sticky":false,"template":"","format":"standard","meta":{"footnotes":""},"categories":[1],"tags":[],"class_list":["post-9746","post","type-post","status-publish","format-standard","has-post-thumbnail","hentry","category-aktualnosci","wpbf-post"],"yoast_head":"<!-- This site is optimized with the Yoast SEO plugin v27.4 - https:\/\/yoast.com\/product\/yoast-seo-wordpress\/ -->\n<title>&quot;Per\u0142y muzyki sakralnej&quot; - koncert w liche\u0144skiej bazylice - SANKTUARIUM W LICHENIU<\/title>\n<meta name=\"robots\" content=\"index, follow, max-snippet:-1, max-image-preview:large, max-video-preview:-1\" \/>\n<link rel=\"canonical\" href=\"http:\/\/www.lichen.pl\/de\/mazowsze-i-perly-muzyki-sakralnej-w-licheniu\/\" \/>\n<meta property=\"og:locale\" content=\"de_DE\" \/>\n<meta property=\"og:type\" content=\"article\" \/>\n<meta property=\"og:title\" content=\"&quot;Per\u0142y muzyki sakralnej&quot; - koncert w liche\u0144skiej bazylice - SANKTUARIUM W LICHENIU\" \/>\n<meta property=\"og:description\" content=\"W uroczysto\u015b\u0107 Naj\u015bwi\u0119tszej Tr\u00f3jcy, 30 maja liche\u0144ska bazylika go\u015bci\u0142a Ch\u00f3r i Orkiestr\u0119 Pa\u0144stwowego Zespo\u0142u Pie\u015bni i Ta\u0144ca \u201eMazowsze\u201d im. Tadeusza Sygiety\u0144skiego. Pod batut\u0105 Maestro Jacka Bonieckiego arty\u015bci towarzyszyli swoj\u0105 muzyk\u0105 po\u0142udniowej Mszy \u015awi\u0119tej, a po liturgii uraczyli zebranych niezwyk\u0142ym koncertem. G\u0142\u00f3wna Msza \u015awi\u0119ta w bazylice zosta\u0142a odprawiona o godzinie 12.00 pod przewodnictwem ks. Bogus\u0142awa Bindy [&hellip;]\" \/>\n<meta property=\"og:url\" content=\"http:\/\/www.lichen.pl\/de\/mazowsze-i-perly-muzyki-sakralnej-w-licheniu\/\" \/>\n<meta property=\"og:site_name\" content=\"SANKTUARIUM W LICHENIU\" \/>\n<meta property=\"article:published_time\" content=\"2021-05-31T14:00:12+00:00\" \/>\n<meta property=\"article:modified_time\" content=\"2021-06-07T08:09:36+00:00\" \/>\n<meta property=\"og:image\" content=\"http:\/\/www.lichen.pl\/wp-content\/uploads\/2021\/05\/MAzowsze-1.jpg\" \/>\n\t<meta property=\"og:image:width\" content=\"1333\" \/>\n\t<meta property=\"og:image:height\" content=\"889\" \/>\n\t<meta property=\"og:image:type\" content=\"image\/jpeg\" \/>\n<meta name=\"author\" content=\"ROBERT ADAMCZYK\" \/>\n<meta name=\"twitter:card\" content=\"summary_large_image\" \/>\n<meta name=\"twitter:label1\" content=\"Verfasst von\" \/>\n\t<meta name=\"twitter:data1\" content=\"ROBERT ADAMCZYK\" \/>\n\t<meta name=\"twitter:label2\" content=\"Gesch\u00e4tzte Lesezeit\" \/>\n\t<meta name=\"twitter:data2\" content=\"4\u00a0Minuten\" \/>\n<script type=\"application\/ld+json\" class=\"yoast-schema-graph\">{\"@context\":\"https:\\\/\\\/schema.org\",\"@graph\":[{\"@type\":\"Article\",\"@id\":\"http:\\\/\\\/www.lichen.pl\\\/de\\\/mazowsze-i-perly-muzyki-sakralnej-w-licheniu\\\/#article\",\"isPartOf\":{\"@id\":\"http:\\\/\\\/www.lichen.pl\\\/de\\\/mazowsze-i-perly-muzyki-sakralnej-w-licheniu\\\/\"},\"author\":{\"name\":\"ROBERT ADAMCZYK\",\"@id\":\"https:\\\/\\\/www.lichen.pl\\\/fr\\\/#\\\/schema\\\/person\\\/c06cd926b95870cc59f18d6ee6e33da5\"},\"headline\":\"&#8220;Per\u0142y muzyki sakralnej&#8221; &#8211; koncert w liche\u0144skiej bazylice\",\"datePublished\":\"2021-05-31T14:00:12+00:00\",\"dateModified\":\"2021-06-07T08:09:36+00:00\",\"mainEntityOfPage\":{\"@id\":\"http:\\\/\\\/www.lichen.pl\\\/de\\\/mazowsze-i-perly-muzyki-sakralnej-w-licheniu\\\/\"},\"wordCount\":729,\"commentCount\":0,\"image\":{\"@id\":\"http:\\\/\\\/www.lichen.pl\\\/de\\\/mazowsze-i-perly-muzyki-sakralnej-w-licheniu\\\/#primaryimage\"},\"thumbnailUrl\":\"https:\\\/\\\/www.lichen.pl\\\/wp-content\\\/uploads\\\/2021\\\/05\\\/MAzowsze-1.jpg\",\"articleSection\":[\"Aktualno\u015bci\"],\"inLanguage\":\"de\",\"potentialAction\":[{\"@type\":\"CommentAction\",\"name\":\"Comment\",\"target\":[\"http:\\\/\\\/www.lichen.pl\\\/de\\\/mazowsze-i-perly-muzyki-sakralnej-w-licheniu\\\/#respond\"]}]},{\"@type\":\"WebPage\",\"@id\":\"http:\\\/\\\/www.lichen.pl\\\/de\\\/mazowsze-i-perly-muzyki-sakralnej-w-licheniu\\\/\",\"url\":\"http:\\\/\\\/www.lichen.pl\\\/de\\\/mazowsze-i-perly-muzyki-sakralnej-w-licheniu\\\/\",\"name\":\"\\\"Per\u0142y muzyki sakralnej\\\" - koncert w liche\u0144skiej bazylice - SANKTUARIUM W LICHENIU\",\"isPartOf\":{\"@id\":\"https:\\\/\\\/www.lichen.pl\\\/fr\\\/#website\"},\"primaryImageOfPage\":{\"@id\":\"http:\\\/\\\/www.lichen.pl\\\/de\\\/mazowsze-i-perly-muzyki-sakralnej-w-licheniu\\\/#primaryimage\"},\"image\":{\"@id\":\"http:\\\/\\\/www.lichen.pl\\\/de\\\/mazowsze-i-perly-muzyki-sakralnej-w-licheniu\\\/#primaryimage\"},\"thumbnailUrl\":\"https:\\\/\\\/www.lichen.pl\\\/wp-content\\\/uploads\\\/2021\\\/05\\\/MAzowsze-1.jpg\",\"datePublished\":\"2021-05-31T14:00:12+00:00\",\"dateModified\":\"2021-06-07T08:09:36+00:00\",\"author\":{\"@id\":\"https:\\\/\\\/www.lichen.pl\\\/fr\\\/#\\\/schema\\\/person\\\/c06cd926b95870cc59f18d6ee6e33da5\"},\"breadcrumb\":{\"@id\":\"http:\\\/\\\/www.lichen.pl\\\/de\\\/mazowsze-i-perly-muzyki-sakralnej-w-licheniu\\\/#breadcrumb\"},\"inLanguage\":\"de\",\"potentialAction\":[{\"@type\":\"ReadAction\",\"target\":[\"http:\\\/\\\/www.lichen.pl\\\/de\\\/mazowsze-i-perly-muzyki-sakralnej-w-licheniu\\\/\"]}]},{\"@type\":\"ImageObject\",\"inLanguage\":\"de\",\"@id\":\"http:\\\/\\\/www.lichen.pl\\\/de\\\/mazowsze-i-perly-muzyki-sakralnej-w-licheniu\\\/#primaryimage\",\"url\":\"https:\\\/\\\/www.lichen.pl\\\/wp-content\\\/uploads\\\/2021\\\/05\\\/MAzowsze-1.jpg\",\"contentUrl\":\"https:\\\/\\\/www.lichen.pl\\\/wp-content\\\/uploads\\\/2021\\\/05\\\/MAzowsze-1.jpg\",\"width\":1333,\"height\":889,\"caption\":\"Mazowsze, bazylika 30 maja 2021\"},{\"@type\":\"BreadcrumbList\",\"@id\":\"http:\\\/\\\/www.lichen.pl\\\/de\\\/mazowsze-i-perly-muzyki-sakralnej-w-licheniu\\\/#breadcrumb\",\"itemListElement\":[{\"@type\":\"ListItem\",\"position\":1,\"name\":\"Strona g\u0142\u00f3wna\",\"item\":\"https:\\\/\\\/www.lichen.pl\\\/\"},{\"@type\":\"ListItem\",\"position\":2,\"name\":\"&#8220;Per\u0142y muzyki sakralnej&#8221; &#8211; koncert w liche\u0144skiej bazylice\"}]},{\"@type\":\"WebSite\",\"@id\":\"https:\\\/\\\/www.lichen.pl\\\/fr\\\/#website\",\"url\":\"https:\\\/\\\/www.lichen.pl\\\/fr\\\/\",\"name\":\"SANKTUARIUM W LICHENIU\",\"description\":\"MATKI BO\u017bEJ LICHE\u0143SKIEJ BOLESNEJ KR\u00d3LOWEJ POLSKI\",\"potentialAction\":[{\"@type\":\"SearchAction\",\"target\":{\"@type\":\"EntryPoint\",\"urlTemplate\":\"https:\\\/\\\/www.lichen.pl\\\/fr\\\/?s={search_term_string}\"},\"query-input\":{\"@type\":\"PropertyValueSpecification\",\"valueRequired\":true,\"valueName\":\"search_term_string\"}}],\"inLanguage\":\"de\"},{\"@type\":\"Person\",\"@id\":\"https:\\\/\\\/www.lichen.pl\\\/fr\\\/#\\\/schema\\\/person\\\/c06cd926b95870cc59f18d6ee6e33da5\",\"name\":\"ROBERT ADAMCZYK\",\"image\":{\"@type\":\"ImageObject\",\"inLanguage\":\"de\",\"@id\":\"https:\\\/\\\/secure.gravatar.com\\\/avatar\\\/53c330430596e73552f4c356c2e47c209ff8f6352a5106011c9b6abcce5e00df?s=96&d=retro&r=g\",\"url\":\"https:\\\/\\\/secure.gravatar.com\\\/avatar\\\/53c330430596e73552f4c356c2e47c209ff8f6352a5106011c9b6abcce5e00df?s=96&d=retro&r=g\",\"contentUrl\":\"https:\\\/\\\/secure.gravatar.com\\\/avatar\\\/53c330430596e73552f4c356c2e47c209ff8f6352a5106011c9b6abcce5e00df?s=96&d=retro&r=g\",\"caption\":\"ROBERT ADAMCZYK\"},\"url\":\"https:\\\/\\\/www.lichen.pl\\\/de\\\/author\\\/press\\\/\"}]}<\/script>\n<!-- \/ Yoast SEO plugin. -->","yoast_head_json":{"title":"\"Per\u0142y muzyki sakralnej\" - koncert w liche\u0144skiej bazylice - SANKTUARIUM W LICHENIU","robots":{"index":"index","follow":"follow","max-snippet":"max-snippet:-1","max-image-preview":"max-image-preview:large","max-video-preview":"max-video-preview:-1"},"canonical":"http:\/\/www.lichen.pl\/de\/mazowsze-i-perly-muzyki-sakralnej-w-licheniu\/","og_locale":"de_DE","og_type":"article","og_title":"\"Per\u0142y muzyki sakralnej\" - koncert w liche\u0144skiej bazylice - SANKTUARIUM W LICHENIU","og_description":"W uroczysto\u015b\u0107 Naj\u015bwi\u0119tszej Tr\u00f3jcy, 30 maja liche\u0144ska bazylika go\u015bci\u0142a Ch\u00f3r i Orkiestr\u0119 Pa\u0144stwowego Zespo\u0142u Pie\u015bni i Ta\u0144ca \u201eMazowsze\u201d im. Tadeusza Sygiety\u0144skiego. Pod batut\u0105 Maestro Jacka Bonieckiego arty\u015bci towarzyszyli swoj\u0105 muzyk\u0105 po\u0142udniowej Mszy \u015awi\u0119tej, a po liturgii uraczyli zebranych niezwyk\u0142ym koncertem. G\u0142\u00f3wna Msza \u015awi\u0119ta w bazylice zosta\u0142a odprawiona o godzinie 12.00 pod przewodnictwem ks. Bogus\u0142awa Bindy [&hellip;]","og_url":"http:\/\/www.lichen.pl\/de\/mazowsze-i-perly-muzyki-sakralnej-w-licheniu\/","og_site_name":"SANKTUARIUM W LICHENIU","article_published_time":"2021-05-31T14:00:12+00:00","article_modified_time":"2021-06-07T08:09:36+00:00","og_image":[{"width":1333,"height":889,"url":"http:\/\/www.lichen.pl\/wp-content\/uploads\/2021\/05\/MAzowsze-1.jpg","type":"image\/jpeg"}],"author":"ROBERT ADAMCZYK","twitter_card":"summary_large_image","twitter_misc":{"Verfasst von":"ROBERT ADAMCZYK","Gesch\u00e4tzte Lesezeit":"4\u00a0Minuten"},"schema":{"@context":"https:\/\/schema.org","@graph":[{"@type":"Article","@id":"http:\/\/www.lichen.pl\/de\/mazowsze-i-perly-muzyki-sakralnej-w-licheniu\/#article","isPartOf":{"@id":"http:\/\/www.lichen.pl\/de\/mazowsze-i-perly-muzyki-sakralnej-w-licheniu\/"},"author":{"name":"ROBERT ADAMCZYK","@id":"https:\/\/www.lichen.pl\/fr\/#\/schema\/person\/c06cd926b95870cc59f18d6ee6e33da5"},"headline":"&#8220;Per\u0142y muzyki sakralnej&#8221; &#8211; koncert w liche\u0144skiej bazylice","datePublished":"2021-05-31T14:00:12+00:00","dateModified":"2021-06-07T08:09:36+00:00","mainEntityOfPage":{"@id":"http:\/\/www.lichen.pl\/de\/mazowsze-i-perly-muzyki-sakralnej-w-licheniu\/"},"wordCount":729,"commentCount":0,"image":{"@id":"http:\/\/www.lichen.pl\/de\/mazowsze-i-perly-muzyki-sakralnej-w-licheniu\/#primaryimage"},"thumbnailUrl":"https:\/\/www.lichen.pl\/wp-content\/uploads\/2021\/05\/MAzowsze-1.jpg","articleSection":["Aktualno\u015bci"],"inLanguage":"de","potentialAction":[{"@type":"CommentAction","name":"Comment","target":["http:\/\/www.lichen.pl\/de\/mazowsze-i-perly-muzyki-sakralnej-w-licheniu\/#respond"]}]},{"@type":"WebPage","@id":"http:\/\/www.lichen.pl\/de\/mazowsze-i-perly-muzyki-sakralnej-w-licheniu\/","url":"http:\/\/www.lichen.pl\/de\/mazowsze-i-perly-muzyki-sakralnej-w-licheniu\/","name":"\"Per\u0142y muzyki sakralnej\" - koncert w liche\u0144skiej bazylice - SANKTUARIUM W LICHENIU","isPartOf":{"@id":"https:\/\/www.lichen.pl\/fr\/#website"},"primaryImageOfPage":{"@id":"http:\/\/www.lichen.pl\/de\/mazowsze-i-perly-muzyki-sakralnej-w-licheniu\/#primaryimage"},"image":{"@id":"http:\/\/www.lichen.pl\/de\/mazowsze-i-perly-muzyki-sakralnej-w-licheniu\/#primaryimage"},"thumbnailUrl":"https:\/\/www.lichen.pl\/wp-content\/uploads\/2021\/05\/MAzowsze-1.jpg","datePublished":"2021-05-31T14:00:12+00:00","dateModified":"2021-06-07T08:09:36+00:00","author":{"@id":"https:\/\/www.lichen.pl\/fr\/#\/schema\/person\/c06cd926b95870cc59f18d6ee6e33da5"},"breadcrumb":{"@id":"http:\/\/www.lichen.pl\/de\/mazowsze-i-perly-muzyki-sakralnej-w-licheniu\/#breadcrumb"},"inLanguage":"de","potentialAction":[{"@type":"ReadAction","target":["http:\/\/www.lichen.pl\/de\/mazowsze-i-perly-muzyki-sakralnej-w-licheniu\/"]}]},{"@type":"ImageObject","inLanguage":"de","@id":"http:\/\/www.lichen.pl\/de\/mazowsze-i-perly-muzyki-sakralnej-w-licheniu\/#primaryimage","url":"https:\/\/www.lichen.pl\/wp-content\/uploads\/2021\/05\/MAzowsze-1.jpg","contentUrl":"https:\/\/www.lichen.pl\/wp-content\/uploads\/2021\/05\/MAzowsze-1.jpg","width":1333,"height":889,"caption":"Mazowsze, bazylika 30 maja 2021"},{"@type":"BreadcrumbList","@id":"http:\/\/www.lichen.pl\/de\/mazowsze-i-perly-muzyki-sakralnej-w-licheniu\/#breadcrumb","itemListElement":[{"@type":"ListItem","position":1,"name":"Strona g\u0142\u00f3wna","item":"https:\/\/www.lichen.pl\/"},{"@type":"ListItem","position":2,"name":"&#8220;Per\u0142y muzyki sakralnej&#8221; &#8211; koncert w liche\u0144skiej bazylice"}]},{"@type":"WebSite","@id":"https:\/\/www.lichen.pl\/fr\/#website","url":"https:\/\/www.lichen.pl\/fr\/","name":"HEILIGTUM IN LICHENIEN","description":"DIE TRAURIGE K\u00d6NIGIN UNSERER FLECHEN VON POLEN","potentialAction":[{"@type":"SearchAction","target":{"@type":"EntryPoint","urlTemplate":"https:\/\/www.lichen.pl\/fr\/?s={search_term_string}"},"query-input":{"@type":"PropertyValueSpecification","valueRequired":true,"valueName":"search_term_string"}}],"inLanguage":"de"},{"@type":"Person","@id":"https:\/\/www.lichen.pl\/fr\/#\/schema\/person\/c06cd926b95870cc59f18d6ee6e33da5","name":"ROBERT ADAMCZYK","image":{"@type":"ImageObject","inLanguage":"de","@id":"https:\/\/secure.gravatar.com\/avatar\/53c330430596e73552f4c356c2e47c209ff8f6352a5106011c9b6abcce5e00df?s=96&d=retro&r=g","url":"https:\/\/secure.gravatar.com\/avatar\/53c330430596e73552f4c356c2e47c209ff8f6352a5106011c9b6abcce5e00df?s=96&d=retro&r=g","contentUrl":"https:\/\/secure.gravatar.com\/avatar\/53c330430596e73552f4c356c2e47c209ff8f6352a5106011c9b6abcce5e00df?s=96&d=retro&r=g","caption":"ROBERT ADAMCZYK"},"url":"https:\/\/www.lichen.pl\/de\/author\/press\/"}]}},"_links":{"self":[{"href":"https:\/\/www.lichen.pl\/de\/wp-json\/wp\/v2\/posts\/9746","targetHints":{"allow":["GET"]}}],"collection":[{"href":"https:\/\/www.lichen.pl\/de\/wp-json\/wp\/v2\/posts"}],"about":[{"href":"https:\/\/www.lichen.pl\/de\/wp-json\/wp\/v2\/types\/post"}],"author":[{"embeddable":true,"href":"https:\/\/www.lichen.pl\/de\/wp-json\/wp\/v2\/users\/4"}],"replies":[{"embeddable":true,"href":"https:\/\/www.lichen.pl\/de\/wp-json\/wp\/v2\/comments?post=9746"}],"version-history":[{"count":31,"href":"https:\/\/www.lichen.pl\/de\/wp-json\/wp\/v2\/posts\/9746\/revisions"}],"predecessor-version":[{"id":10808,"href":"https:\/\/www.lichen.pl\/de\/wp-json\/wp\/v2\/posts\/9746\/revisions\/10808"}],"wp:featuredmedia":[{"embeddable":true,"href":"https:\/\/www.lichen.pl\/de\/wp-json\/wp\/v2\/media\/10581"}],"wp:attachment":[{"href":"https:\/\/www.lichen.pl\/de\/wp-json\/wp\/v2\/media?parent=9746"}],"wp:term":[{"taxonomy":"category","embeddable":true,"href":"https:\/\/www.lichen.pl\/de\/wp-json\/wp\/v2\/categories?post=9746"},{"taxonomy":"post_tag","embeddable":true,"href":"https:\/\/www.lichen.pl\/de\/wp-json\/wp\/v2\/tags?post=9746"}],"curies":[{"name":"wp","href":"https:\/\/api.w.org\/{rel}","templated":true}]}}