{"id":1051,"date":"2020-08-13T09:01:08","date_gmt":"2020-08-13T09:01:08","guid":{"rendered":"http:\/\/www.lichen.pl\/tytul-wpisu-2-copy\/"},"modified":"2021-06-11T12:25:10","modified_gmt":"2021-06-11T12:25:10","slug":"uroczystosc-wniebowziecia-najswietszej-maryi-panny","status":"publish","type":"post","link":"https:\/\/www.lichen.pl\/en\/uroczystosc-wniebowziecia-najswietszej-maryi-panny\/","title":{"rendered":"Solemnity of the Assumption of the Blessed Virgin Mary"},"content":{"rendered":"<div data-elementor-type=\"wp-post\" data-elementor-id=\"1051\" class=\"elementor elementor-1051\" data-elementor-post-type=\"post\">\n\t\t\t\t\t\t<section class=\"elementor-section elementor-top-section elementor-element elementor-element-dcc57a2 elementor-section-boxed elementor-section-height-default elementor-section-height-default\" data-id=\"dcc57a2\" data-element_type=\"section\" data-e-type=\"section\">\n\t\t\t\t\t\t<div class=\"elementor-container elementor-column-gap-default\">\n\t\t\t\t\t<div class=\"elementor-column elementor-col-100 elementor-top-column elementor-element elementor-element-1e909ff1\" data-id=\"1e909ff1\" data-element_type=\"column\" data-e-type=\"column\">\n\t\t\t<div class=\"elementor-widget-wrap elementor-element-populated\">\n\t\t\t\t\t\t<div class=\"elementor-element elementor-element-5a4cb15 elementor-widget elementor-widget-heading\" data-id=\"5a4cb15\" data-element_type=\"widget\" data-e-type=\"widget\" data-widget_type=\"heading.default\">\n\t\t\t\t<div class=\"elementor-widget-container\">\n\t\t\t\t\t<h2 class=\"elementor-heading-title elementor-size-default\">Indulgence celebrations<\/h2>\t\t\t\t<\/div>\n\t\t\t\t<\/div>\n\t\t\t\t<div class=\"elementor-element elementor-element-dd7f1eb elementor-widget elementor-widget-image\" data-id=\"dd7f1eb\" data-element_type=\"widget\" data-e-type=\"widget\" data-widget_type=\"image.default\">\n\t\t\t\t<div class=\"elementor-widget-container\">\n\t\t\t\t\t\t\t\t\t\t\t\t<figure class=\"wp-caption\">\n\t\t\t\t\t\t\t\t\t\t<img fetchpriority=\"high\" decoding=\"async\" width=\"764\" height=\"1080\" src=\"https:\/\/www.lichen.pl\/wp-content\/uploads\/2020\/06\/Niebo-nasz\u0105-Ojczyzn\u0105-15.08.20.jpg\" class=\"attachment-medium_large size-medium_large wp-image-1548\" alt=\"\" srcset=\"https:\/\/www.lichen.pl\/wp-content\/uploads\/2020\/06\/Niebo-nasz\u0105-Ojczyzn\u0105-15.08.20.jpg 764w, https:\/\/www.lichen.pl\/wp-content\/uploads\/2020\/06\/Niebo-nasz\u0105-Ojczyzn\u0105-15.08.20-212x300.jpg 212w, https:\/\/www.lichen.pl\/wp-content\/uploads\/2020\/06\/Niebo-nasz\u0105-Ojczyzn\u0105-15.08.20-724x1024.jpg 724w\" sizes=\"(max-width: 764px) 100vw, 764px\" \/>\t\t\t\t\t\t\t\t\t\t\t<figcaption class=\"widget-image-caption wp-caption-text\">Indulgence of the Assumption of the Blessed Virgin Mary - CELEBRATION PROGRAM <\/figcaption>\n\t\t\t\t\t\t\t\t\t\t<\/figure>\n\t\t\t\t\t\t\t\t\t<\/div>\n\t\t\t\t<\/div>\n\t\t\t\t<div class=\"elementor-element elementor-element-7557eed elementor-widget-divider--view-line_text elementor-widget-divider--element-align-center elementor-widget elementor-widget-divider\" data-id=\"7557eed\" data-element_type=\"widget\" data-e-type=\"widget\" data-widget_type=\"divider.default\">\n\t\t\t\t<div class=\"elementor-widget-container\">\n\t\t\t\t\t\t\t<div class=\"elementor-divider\">\n\t\t\t<span class=\"elementor-divider-separator\">\n\t\t\t\t\t\t\t<span class=\"elementor-divider__text elementor-divider__element\">\n\t\t\t\tInformation from the Press Office of the Sanctuary \t\t\t\t<\/span>\n\t\t\t\t\t\t<\/span>\n\t\t<\/div>\n\t\t\t\t\t\t<\/div>\n\t\t\t\t<\/div>\n\t\t\t\t<div class=\"elementor-element elementor-element-256fd994 elementor-widget elementor-widget-text-editor\" data-id=\"256fd994\" data-element_type=\"widget\" data-e-type=\"widget\" data-widget_type=\"text-editor.default\">\n\t\t\t\t<div class=\"elementor-widget-container\">\n\t\t\t\t\t\t\t\t\t<p>This year&#039;s Assumption of the Blessed Virgin Mary will be on August 14-16 at the Sanctuary of Our Lady of Liche\u0144 an occasion for a triple celebration: commemorating the 170th anniversary of the apparitions of Our Lady in Gr\u0105blin, 53rd anniversary of the coronation of the image of Our Lady of Lichen and the hundredth anniversary of the Miracle on the Vistula .<\/p><p>The indulgence celebrations will begin on Friday, August 14 with Marian Vespers and Holy Mass. at the coronation altar in the old part of the Sanctuary. After the Eucharist in the Liche\u0144 basilica at 8:15 pm Mrs. Barbara Kaczor, a lichen organist, will play the concert &quot;Magnificat. We praise God with Mary. &quot; After it, the Marian Appeal and a procession with lights will traditionally take place.<\/p><p>On the day of the indulgence, August 15, the faithful will pray in the basilica at 11 Rosary for the Fatherland. At noon, the main Mass will be celebrated, during which the choir of the Lichen Basilica &quot;Stabat Mater&quot; and the Sanctuary Wind Quintet will sing.<\/p><p>In the afternoon, at 2.30 pm, the delegation will lay flowers at the memorial obelisk of the Battle of Warsaw 1920, and the Holy Mass. at. 16 will be celebrated for the intention of those who died in defense of their homeland in the Polish-Bolshevik war of 1920.<\/p><p>The pilgrimage celebrations will end on Sunday. At. 15 from the church of St. Dorothy in Liche\u0144, a procession will set off to the chapel of the apparitions in Gr\u0105blin, where the Holy Mass will be celebrated.<\/p>\t\t\t\t\t\t\t\t<\/div>\n\t\t\t\t<\/div>\n\t\t\t\t<div class=\"elementor-element elementor-element-ed92449 elementor-widget-divider--view-line elementor-widget elementor-widget-divider\" data-id=\"ed92449\" data-element_type=\"widget\" data-e-type=\"widget\" data-widget_type=\"divider.default\">\n\t\t\t\t<div class=\"elementor-widget-container\">\n\t\t\t\t\t\t\t<div class=\"elementor-divider\">\n\t\t\t<span class=\"elementor-divider-separator\">\n\t\t\t\t\t\t<\/span>\n\t\t<\/div>\n\t\t\t\t\t\t<\/div>\n\t\t\t\t<\/div>\n\t\t\t\t\t<\/div>\n\t\t<\/div>\n\t\t\t\t\t<\/div>\n\t\t<\/section>\n\t\t\t\t<\/div>","protected":false},"excerpt":{"rendered":"<p>Uroczysto\u015bci odpustowe ODPUST WNIEBOWZI\u0118CIA NAJ\u015aWI\u0118TSZEJ MARYI PANNY &#8211; PROGRAM OBCHOD\u00d3W Informacja Biura Prasowego Sanktuarium Tegoroczna uroczysto\u015b\u0107 Wniebowzi\u0119cia Naj\u015bwi\u0119tszej Maryi Panny stanie si\u0119 w dniach 14-16 sierpnia w Sanktuarium Matki Bo\u017cej Liche\u0144skiej okazj\u0105 do potr\u00f3jnego \u015bwi\u0119towania: uczczenia 170. rocznicy objawie\u0144 Matki Bo\u017cej w Gr\u0105blinie, 53. rocznicy koronacji obrazu Matki Bo\u017cej Liche\u0144skiej i setnej rocznicy \u201eCudu nad [&hellip;]<\/p>\n","protected":false},"author":4,"featured_media":12663,"comment_status":"open","ping_status":"open","sticky":false,"template":"","format":"standard","meta":{"footnotes":""},"categories":[1],"tags":[],"class_list":["post-1051","post","type-post","status-publish","format-standard","has-post-thumbnail","hentry","category-aktualnosci","wpbf-post"],"yoast_head":"<!-- This site is optimized with the Yoast SEO plugin v27.4 - https:\/\/yoast.com\/product\/yoast-seo-wordpress\/ -->\n<title>Uroczysto\u015b\u0107 Wniebowzi\u0119cia Naj\u015bwi\u0119tszej Maryi Panny - SANKTUARIUM W LICHENIU<\/title>\n<meta name=\"robots\" content=\"index, follow, max-snippet:-1, max-image-preview:large, max-video-preview:-1\" \/>\n<link rel=\"canonical\" href=\"http:\/\/www.lichen.pl\/en\/uroczystosc-wniebowziecia-najswietszej-maryi-panny\/\" \/>\n<meta property=\"og:locale\" content=\"en_GB\" \/>\n<meta property=\"og:type\" content=\"article\" \/>\n<meta property=\"og:title\" content=\"Uroczysto\u015b\u0107 Wniebowzi\u0119cia Naj\u015bwi\u0119tszej Maryi Panny - SANKTUARIUM W LICHENIU\" \/>\n<meta property=\"og:description\" content=\"Uroczysto\u015bci odpustowe ODPUST WNIEBOWZI\u0118CIA NAJ\u015aWI\u0118TSZEJ MARYI PANNY &#8211; PROGRAM OBCHOD\u00d3W Informacja Biura Prasowego Sanktuarium Tegoroczna uroczysto\u015b\u0107 Wniebowzi\u0119cia Naj\u015bwi\u0119tszej Maryi Panny stanie si\u0119 w dniach 14-16 sierpnia w Sanktuarium Matki Bo\u017cej Liche\u0144skiej okazj\u0105 do potr\u00f3jnego \u015bwi\u0119towania: uczczenia 170. rocznicy objawie\u0144 Matki Bo\u017cej w Gr\u0105blinie, 53. rocznicy koronacji obrazu Matki Bo\u017cej Liche\u0144skiej i setnej rocznicy \u201eCudu nad [&hellip;]\" \/>\n<meta property=\"og:url\" content=\"http:\/\/www.lichen.pl\/en\/uroczystosc-wniebowziecia-najswietszej-maryi-panny\/\" \/>\n<meta property=\"og:site_name\" content=\"SANKTUARIUM W LICHENIU\" \/>\n<meta property=\"article:published_time\" content=\"2020-08-13T09:01:08+00:00\" \/>\n<meta property=\"article:modified_time\" content=\"2021-06-11T12:25:10+00:00\" \/>\n<meta property=\"og:image\" content=\"http:\/\/www.lichen.pl\/wp-content\/uploads\/2021\/06\/bazylika-z-arki.jpg\" \/>\n\t<meta property=\"og:image:width\" content=\"600\" \/>\n\t<meta property=\"og:image:height\" content=\"450\" \/>\n\t<meta property=\"og:image:type\" content=\"image\/jpeg\" \/>\n<meta name=\"author\" content=\"ROBERT ADAMCZYK\" \/>\n<meta name=\"twitter:card\" content=\"summary_large_image\" \/>\n<meta name=\"twitter:label1\" content=\"Written by\" \/>\n\t<meta name=\"twitter:data1\" content=\"ROBERT ADAMCZYK\" \/>\n\t<meta name=\"twitter:label2\" content=\"Estimated reading time\" \/>\n\t<meta name=\"twitter:data2\" content=\"2 minutes\" \/>\n<script type=\"application\/ld+json\" class=\"yoast-schema-graph\">{\"@context\":\"https:\\\/\\\/schema.org\",\"@graph\":[{\"@type\":\"Article\",\"@id\":\"http:\\\/\\\/www.lichen.pl\\\/it\\\/uroczystosc-wniebowziecia-najswietszej-maryi-panny\\\/#article\",\"isPartOf\":{\"@id\":\"http:\\\/\\\/www.lichen.pl\\\/it\\\/uroczystosc-wniebowziecia-najswietszej-maryi-panny\\\/\"},\"author\":{\"name\":\"ROBERT ADAMCZYK\",\"@id\":\"https:\\\/\\\/www.lichen.pl\\\/fr\\\/#\\\/schema\\\/person\\\/c06cd926b95870cc59f18d6ee6e33da5\"},\"headline\":\"Uroczysto\u015b\u0107 Wniebowzi\u0119cia Naj\u015bwi\u0119tszej Maryi Panny\",\"datePublished\":\"2020-08-13T09:01:08+00:00\",\"dateModified\":\"2021-06-11T12:25:10+00:00\",\"mainEntityOfPage\":{\"@id\":\"http:\\\/\\\/www.lichen.pl\\\/it\\\/uroczystosc-wniebowziecia-najswietszej-maryi-panny\\\/\"},\"wordCount\":247,\"commentCount\":0,\"image\":{\"@id\":\"http:\\\/\\\/www.lichen.pl\\\/it\\\/uroczystosc-wniebowziecia-najswietszej-maryi-panny\\\/#primaryimage\"},\"thumbnailUrl\":\"https:\\\/\\\/www.lichen.pl\\\/wp-content\\\/uploads\\\/2021\\\/06\\\/bazylika-z-arki.jpg\",\"articleSection\":[\"Aktualno\u015bci\"],\"inLanguage\":\"en-GB\",\"potentialAction\":[{\"@type\":\"CommentAction\",\"name\":\"Comment\",\"target\":[\"http:\\\/\\\/www.lichen.pl\\\/it\\\/uroczystosc-wniebowziecia-najswietszej-maryi-panny\\\/#respond\"]}]},{\"@type\":\"WebPage\",\"@id\":\"http:\\\/\\\/www.lichen.pl\\\/it\\\/uroczystosc-wniebowziecia-najswietszej-maryi-panny\\\/\",\"url\":\"http:\\\/\\\/www.lichen.pl\\\/it\\\/uroczystosc-wniebowziecia-najswietszej-maryi-panny\\\/\",\"name\":\"Uroczysto\u015b\u0107 Wniebowzi\u0119cia Naj\u015bwi\u0119tszej Maryi Panny - SANKTUARIUM W LICHENIU\",\"isPartOf\":{\"@id\":\"https:\\\/\\\/www.lichen.pl\\\/fr\\\/#website\"},\"primaryImageOfPage\":{\"@id\":\"http:\\\/\\\/www.lichen.pl\\\/it\\\/uroczystosc-wniebowziecia-najswietszej-maryi-panny\\\/#primaryimage\"},\"image\":{\"@id\":\"http:\\\/\\\/www.lichen.pl\\\/it\\\/uroczystosc-wniebowziecia-najswietszej-maryi-panny\\\/#primaryimage\"},\"thumbnailUrl\":\"https:\\\/\\\/www.lichen.pl\\\/wp-content\\\/uploads\\\/2021\\\/06\\\/bazylika-z-arki.jpg\",\"datePublished\":\"2020-08-13T09:01:08+00:00\",\"dateModified\":\"2021-06-11T12:25:10+00:00\",\"author\":{\"@id\":\"https:\\\/\\\/www.lichen.pl\\\/fr\\\/#\\\/schema\\\/person\\\/c06cd926b95870cc59f18d6ee6e33da5\"},\"breadcrumb\":{\"@id\":\"http:\\\/\\\/www.lichen.pl\\\/it\\\/uroczystosc-wniebowziecia-najswietszej-maryi-panny\\\/#breadcrumb\"},\"inLanguage\":\"en-GB\",\"potentialAction\":[{\"@type\":\"ReadAction\",\"target\":[\"http:\\\/\\\/www.lichen.pl\\\/it\\\/uroczystosc-wniebowziecia-najswietszej-maryi-panny\\\/\"]}]},{\"@type\":\"ImageObject\",\"inLanguage\":\"en-GB\",\"@id\":\"http:\\\/\\\/www.lichen.pl\\\/it\\\/uroczystosc-wniebowziecia-najswietszej-maryi-panny\\\/#primaryimage\",\"url\":\"https:\\\/\\\/www.lichen.pl\\\/wp-content\\\/uploads\\\/2021\\\/06\\\/bazylika-z-arki.jpg\",\"contentUrl\":\"https:\\\/\\\/www.lichen.pl\\\/wp-content\\\/uploads\\\/2021\\\/06\\\/bazylika-z-arki.jpg\",\"width\":600,\"height\":450},{\"@type\":\"BreadcrumbList\",\"@id\":\"http:\\\/\\\/www.lichen.pl\\\/it\\\/uroczystosc-wniebowziecia-najswietszej-maryi-panny\\\/#breadcrumb\",\"itemListElement\":[{\"@type\":\"ListItem\",\"position\":1,\"name\":\"Strona g\u0142\u00f3wna\",\"item\":\"https:\\\/\\\/www.lichen.pl\\\/\"},{\"@type\":\"ListItem\",\"position\":2,\"name\":\"Uroczysto\u015b\u0107 Wniebowzi\u0119cia Naj\u015bwi\u0119tszej Maryi Panny\"}]},{\"@type\":\"WebSite\",\"@id\":\"https:\\\/\\\/www.lichen.pl\\\/fr\\\/#website\",\"url\":\"https:\\\/\\\/www.lichen.pl\\\/fr\\\/\",\"name\":\"SANKTUARIUM W LICHENIU\",\"description\":\"MATKI BO\u017bEJ LICHE\u0143SKIEJ BOLESNEJ KR\u00d3LOWEJ POLSKI\",\"potentialAction\":[{\"@type\":\"SearchAction\",\"target\":{\"@type\":\"EntryPoint\",\"urlTemplate\":\"https:\\\/\\\/www.lichen.pl\\\/fr\\\/?s={search_term_string}\"},\"query-input\":{\"@type\":\"PropertyValueSpecification\",\"valueRequired\":true,\"valueName\":\"search_term_string\"}}],\"inLanguage\":\"en-GB\"},{\"@type\":\"Person\",\"@id\":\"https:\\\/\\\/www.lichen.pl\\\/fr\\\/#\\\/schema\\\/person\\\/c06cd926b95870cc59f18d6ee6e33da5\",\"name\":\"ROBERT ADAMCZYK\",\"image\":{\"@type\":\"ImageObject\",\"inLanguage\":\"en-GB\",\"@id\":\"https:\\\/\\\/secure.gravatar.com\\\/avatar\\\/53c330430596e73552f4c356c2e47c209ff8f6352a5106011c9b6abcce5e00df?s=96&d=retro&r=g\",\"url\":\"https:\\\/\\\/secure.gravatar.com\\\/avatar\\\/53c330430596e73552f4c356c2e47c209ff8f6352a5106011c9b6abcce5e00df?s=96&d=retro&r=g\",\"contentUrl\":\"https:\\\/\\\/secure.gravatar.com\\\/avatar\\\/53c330430596e73552f4c356c2e47c209ff8f6352a5106011c9b6abcce5e00df?s=96&d=retro&r=g\",\"caption\":\"ROBERT ADAMCZYK\"},\"url\":\"https:\\\/\\\/www.lichen.pl\\\/en\\\/author\\\/press\\\/\"}]}<\/script>\n<!-- \/ Yoast SEO plugin. -->","yoast_head_json":{"title":"Uroczysto\u015b\u0107 Wniebowzi\u0119cia Naj\u015bwi\u0119tszej Maryi Panny - SANKTUARIUM W LICHENIU","robots":{"index":"index","follow":"follow","max-snippet":"max-snippet:-1","max-image-preview":"max-image-preview:large","max-video-preview":"max-video-preview:-1"},"canonical":"http:\/\/www.lichen.pl\/en\/uroczystosc-wniebowziecia-najswietszej-maryi-panny\/","og_locale":"en_GB","og_type":"article","og_title":"Uroczysto\u015b\u0107 Wniebowzi\u0119cia Naj\u015bwi\u0119tszej Maryi Panny - SANKTUARIUM W LICHENIU","og_description":"Uroczysto\u015bci odpustowe ODPUST WNIEBOWZI\u0118CIA NAJ\u015aWI\u0118TSZEJ MARYI PANNY &#8211; PROGRAM OBCHOD\u00d3W Informacja Biura Prasowego Sanktuarium Tegoroczna uroczysto\u015b\u0107 Wniebowzi\u0119cia Naj\u015bwi\u0119tszej Maryi Panny stanie si\u0119 w dniach 14-16 sierpnia w Sanktuarium Matki Bo\u017cej Liche\u0144skiej okazj\u0105 do potr\u00f3jnego \u015bwi\u0119towania: uczczenia 170. rocznicy objawie\u0144 Matki Bo\u017cej w Gr\u0105blinie, 53. rocznicy koronacji obrazu Matki Bo\u017cej Liche\u0144skiej i setnej rocznicy \u201eCudu nad [&hellip;]","og_url":"http:\/\/www.lichen.pl\/en\/uroczystosc-wniebowziecia-najswietszej-maryi-panny\/","og_site_name":"SANKTUARIUM W LICHENIU","article_published_time":"2020-08-13T09:01:08+00:00","article_modified_time":"2021-06-11T12:25:10+00:00","og_image":[{"width":600,"height":450,"url":"http:\/\/www.lichen.pl\/wp-content\/uploads\/2021\/06\/bazylika-z-arki.jpg","type":"image\/jpeg"}],"author":"ROBERT ADAMCZYK","twitter_card":"summary_large_image","twitter_misc":{"Written by":"ROBERT ADAMCZYK","Estimated reading time":"2 minutes"},"schema":{"@context":"https:\/\/schema.org","@graph":[{"@type":"Article","@id":"http:\/\/www.lichen.pl\/it\/uroczystosc-wniebowziecia-najswietszej-maryi-panny\/#article","isPartOf":{"@id":"http:\/\/www.lichen.pl\/it\/uroczystosc-wniebowziecia-najswietszej-maryi-panny\/"},"author":{"name":"ROBERT ADAMCZYK","@id":"https:\/\/www.lichen.pl\/fr\/#\/schema\/person\/c06cd926b95870cc59f18d6ee6e33da5"},"headline":"Uroczysto\u015b\u0107 Wniebowzi\u0119cia Naj\u015bwi\u0119tszej Maryi Panny","datePublished":"2020-08-13T09:01:08+00:00","dateModified":"2021-06-11T12:25:10+00:00","mainEntityOfPage":{"@id":"http:\/\/www.lichen.pl\/it\/uroczystosc-wniebowziecia-najswietszej-maryi-panny\/"},"wordCount":247,"commentCount":0,"image":{"@id":"http:\/\/www.lichen.pl\/it\/uroczystosc-wniebowziecia-najswietszej-maryi-panny\/#primaryimage"},"thumbnailUrl":"https:\/\/www.lichen.pl\/wp-content\/uploads\/2021\/06\/bazylika-z-arki.jpg","articleSection":["Aktualno\u015bci"],"inLanguage":"en-GB","potentialAction":[{"@type":"CommentAction","name":"Comment","target":["http:\/\/www.lichen.pl\/it\/uroczystosc-wniebowziecia-najswietszej-maryi-panny\/#respond"]}]},{"@type":"WebPage","@id":"http:\/\/www.lichen.pl\/it\/uroczystosc-wniebowziecia-najswietszej-maryi-panny\/","url":"http:\/\/www.lichen.pl\/it\/uroczystosc-wniebowziecia-najswietszej-maryi-panny\/","name":"Uroczysto\u015b\u0107 Wniebowzi\u0119cia Naj\u015bwi\u0119tszej Maryi Panny - SANKTUARIUM W LICHENIU","isPartOf":{"@id":"https:\/\/www.lichen.pl\/fr\/#website"},"primaryImageOfPage":{"@id":"http:\/\/www.lichen.pl\/it\/uroczystosc-wniebowziecia-najswietszej-maryi-panny\/#primaryimage"},"image":{"@id":"http:\/\/www.lichen.pl\/it\/uroczystosc-wniebowziecia-najswietszej-maryi-panny\/#primaryimage"},"thumbnailUrl":"https:\/\/www.lichen.pl\/wp-content\/uploads\/2021\/06\/bazylika-z-arki.jpg","datePublished":"2020-08-13T09:01:08+00:00","dateModified":"2021-06-11T12:25:10+00:00","author":{"@id":"https:\/\/www.lichen.pl\/fr\/#\/schema\/person\/c06cd926b95870cc59f18d6ee6e33da5"},"breadcrumb":{"@id":"http:\/\/www.lichen.pl\/it\/uroczystosc-wniebowziecia-najswietszej-maryi-panny\/#breadcrumb"},"inLanguage":"en-GB","potentialAction":[{"@type":"ReadAction","target":["http:\/\/www.lichen.pl\/it\/uroczystosc-wniebowziecia-najswietszej-maryi-panny\/"]}]},{"@type":"ImageObject","inLanguage":"en-GB","@id":"http:\/\/www.lichen.pl\/it\/uroczystosc-wniebowziecia-najswietszej-maryi-panny\/#primaryimage","url":"https:\/\/www.lichen.pl\/wp-content\/uploads\/2021\/06\/bazylika-z-arki.jpg","contentUrl":"https:\/\/www.lichen.pl\/wp-content\/uploads\/2021\/06\/bazylika-z-arki.jpg","width":600,"height":450},{"@type":"BreadcrumbList","@id":"http:\/\/www.lichen.pl\/it\/uroczystosc-wniebowziecia-najswietszej-maryi-panny\/#breadcrumb","itemListElement":[{"@type":"ListItem","position":1,"name":"Strona g\u0142\u00f3wna","item":"https:\/\/www.lichen.pl\/"},{"@type":"ListItem","position":2,"name":"Uroczysto\u015b\u0107 Wniebowzi\u0119cia Naj\u015bwi\u0119tszej Maryi Panny"}]},{"@type":"WebSite","@id":"https:\/\/www.lichen.pl\/fr\/#website","url":"https:\/\/www.lichen.pl\/fr\/","name":"SANCTUARY IN LICHENIA","description":"OUR LICHEN&#039;S SORROWFUL QUEEN OF POLAND","potentialAction":[{"@type":"SearchAction","target":{"@type":"EntryPoint","urlTemplate":"https:\/\/www.lichen.pl\/fr\/?s={search_term_string}"},"query-input":{"@type":"PropertyValueSpecification","valueRequired":true,"valueName":"search_term_string"}}],"inLanguage":"en-GB"},{"@type":"Person","@id":"https:\/\/www.lichen.pl\/fr\/#\/schema\/person\/c06cd926b95870cc59f18d6ee6e33da5","name":"ROBERT ADAMCZYK","image":{"@type":"ImageObject","inLanguage":"en-GB","@id":"https:\/\/secure.gravatar.com\/avatar\/53c330430596e73552f4c356c2e47c209ff8f6352a5106011c9b6abcce5e00df?s=96&d=retro&r=g","url":"https:\/\/secure.gravatar.com\/avatar\/53c330430596e73552f4c356c2e47c209ff8f6352a5106011c9b6abcce5e00df?s=96&d=retro&r=g","contentUrl":"https:\/\/secure.gravatar.com\/avatar\/53c330430596e73552f4c356c2e47c209ff8f6352a5106011c9b6abcce5e00df?s=96&d=retro&r=g","caption":"ROBERT ADAMCZYK"},"url":"https:\/\/www.lichen.pl\/en\/author\/press\/"}]}},"_links":{"self":[{"href":"https:\/\/www.lichen.pl\/en\/wp-json\/wp\/v2\/posts\/1051","targetHints":{"allow":["GET"]}}],"collection":[{"href":"https:\/\/www.lichen.pl\/en\/wp-json\/wp\/v2\/posts"}],"about":[{"href":"https:\/\/www.lichen.pl\/en\/wp-json\/wp\/v2\/types\/post"}],"author":[{"embeddable":true,"href":"https:\/\/www.lichen.pl\/en\/wp-json\/wp\/v2\/users\/4"}],"replies":[{"embeddable":true,"href":"https:\/\/www.lichen.pl\/en\/wp-json\/wp\/v2\/comments?post=1051"}],"version-history":[{"count":8,"href":"https:\/\/www.lichen.pl\/en\/wp-json\/wp\/v2\/posts\/1051\/revisions"}],"predecessor-version":[{"id":12972,"href":"https:\/\/www.lichen.pl\/en\/wp-json\/wp\/v2\/posts\/1051\/revisions\/12972"}],"wp:featuredmedia":[{"embeddable":true,"href":"https:\/\/www.lichen.pl\/en\/wp-json\/wp\/v2\/media\/12663"}],"wp:attachment":[{"href":"https:\/\/www.lichen.pl\/en\/wp-json\/wp\/v2\/media?parent=1051"}],"wp:term":[{"taxonomy":"category","embeddable":true,"href":"https:\/\/www.lichen.pl\/en\/wp-json\/wp\/v2\/categories?post=1051"},{"taxonomy":"post_tag","embeddable":true,"href":"https:\/\/www.lichen.pl\/en\/wp-json\/wp\/v2\/tags?post=1051"}],"curies":[{"name":"wp","href":"https:\/\/api.w.org\/{rel}","templated":true}]}}