{"id":13086,"date":"2018-09-03T16:21:34","date_gmt":"2018-09-03T16:21:34","guid":{"rendered":"http:\/\/www.lichen.pl\/?p=13086"},"modified":"2021-06-15T16:51:15","modified_gmt":"2021-06-15T16:51:15","slug":"ogolnopolskie-spotkanie-artystyczne","status":"publish","type":"post","link":"https:\/\/www.lichen.pl\/en\/ogolnopolskie-spotkanie-artystyczne\/","title":{"rendered":"Nationwide Artistic Meeting"},"content":{"rendered":"<div data-elementor-type=\"wp-post\" data-elementor-id=\"13086\" class=\"elementor elementor-13086\" data-elementor-post-type=\"post\">\n\t\t\t\t\t\t<section class=\"elementor-section elementor-top-section elementor-element elementor-element-6e317339 elementor-section-boxed elementor-section-height-default elementor-section-height-default\" data-id=\"6e317339\" data-element_type=\"section\" data-e-type=\"section\">\n\t\t\t\t\t\t<div class=\"elementor-container elementor-column-gap-default\">\n\t\t\t\t\t<div class=\"elementor-column elementor-col-100 elementor-top-column elementor-element elementor-element-318ebb0c\" data-id=\"318ebb0c\" data-element_type=\"column\" data-e-type=\"column\">\n\t\t\t<div class=\"elementor-widget-wrap elementor-element-populated\">\n\t\t\t\t\t\t<div class=\"elementor-element elementor-element-52820513 elementor-widget elementor-widget-text-editor\" data-id=\"52820513\" data-element_type=\"widget\" data-e-type=\"widget\" data-widget_type=\"text-editor.default\">\n\t\t\t\t<div class=\"elementor-widget-container\">\n\t\t\t\t\t\t\t\t\t<p>As part of the annual painting plein-air in Liche\u0144, artists participating in the Polish Art Meetings met. The creators in their works focused on the subject <strong>&quot;Identity of the place&quot;<\/strong>, trying to show the Liche\u0144 sanctuary in an artistic perspective.<\/p><p><em>\u201cWe&#039;re still trying to find out about the &#039;DNA&#039; of the Lichen sanctuary. We try to notice things that significantly influence this place, which are its indispensable signs. First of all, I mean the basilica, and secondly, all the content that is inscribed in the specificity of this place &quot;<\/em> - said Robert Brz\u0119cki, curator of the lichen plein-air.<\/p><p>The artists were inspired by, among others Museum of Fr. J\u00f3zef Jarz\u0119bowski, which, apart from the permanent exhibition, offered the recipient this year a temporary exhibition devoted to regaining independence by Poland, entitled &quot;Poland is the future 1795-1918&quot;.<\/p><p>According to Robert Brz\u0119cki, the patriotic element is an extremely important component of the content that is inscribed in the Sanctuary of Our Lady of Liche\u0144.<\/p><p>Artists using a wide range of creative expression techniques were invited to participate in this year&#039;s plein-air: - <em>\u201cWe tried to invite people who could pick up the content available in the sanctuary in a variety of ways, to include it in their own works. That is why both sculptors, watercolors and photographers worked during the open air &quot;<\/em> - added Brz\u0119cki.<\/p><p>This year the invitation was accepted by: Jacek \u0141yd\u017cba, Sylwester Stabry\u0142a, Magdalena Szadkowska, Dorota To\u0142\u0142oczko-Femerling, Adam Molenda, Jaros\u0142aw Skutnik, Ela Barszcz, Gra\u017cyna Kieli\u0144ska, Izabela Rudzka, Alicja Majewska, Tomasz Olszewski and Franciszek Kupczyk.<\/p><p>National Artistic Meeting &quot;Identity of the place&quot; in Liche\u0144, lasting from 27<span style=\"text-decoration: line-through;\">.<\/span> August will end on 4<span style=\"text-decoration: line-through;\">.<\/span> September. The post-plein-air exhibition of artists&#039; works will be on view at the &quot;Water Tower&quot; Center for Culture and Art in Konin, starting on November 30 this year. until January 11, 2019 next year.<\/p><p>The event is organized by the Center of Culture and Art in Konin with the participation of the Sanctuary of Our Lady of Liche\u0144.<\/p>\t\t\t\t\t\t\t\t<\/div>\n\t\t\t\t<\/div>\n\t\t\t\t<div class=\"elementor-element elementor-element-c09c30b elementor-widget-divider--view-line elementor-widget elementor-widget-divider\" data-id=\"c09c30b\" data-element_type=\"widget\" data-e-type=\"widget\" data-widget_type=\"divider.default\">\n\t\t\t\t<div class=\"elementor-widget-container\">\n\t\t\t\t\t\t\t<div class=\"elementor-divider\">\n\t\t\t<span class=\"elementor-divider-separator\">\n\t\t\t\t\t\t<\/span>\n\t\t<\/div>\n\t\t\t\t\t\t<\/div>\n\t\t\t\t<\/div>\n\t\t\t\t\t<\/div>\n\t\t<\/div>\n\t\t\t\t\t<\/div>\n\t\t<\/section>\n\t\t\t\t<\/div>","protected":false},"excerpt":{"rendered":"<p>W ramach dorocznego pleneru malarskiego w Licheniu spotkali si\u0119 arty\u015bci uczestnicz\u0105cy w Og\u00f3lnopolskich Spotkaniach Artystycznych. Tw\u00f3rcy w swych pracach pochylali si\u0119 nad tematem \u201eTo\u017csamo\u015b\u0107 miejsca\u201d, pr\u00f3buj\u0105c w pokaza\u0107 liche\u0144skie sanktuarium w artystycznym uj\u0119ciu. \u201eCi\u0105gle pr\u00f3bujemy dociec \u201eDNA\u201d liche\u0144skiego sanktuarium. Staramy si\u0119 dostrzec rzeczy w spos\u00f3b istotny wp\u0142ywaj\u0105ce na to miejsce, kt\u00f3re s\u0105 jego niezbywalnymi znakami. [&hellip;]<\/p>\n","protected":false},"author":4,"featured_media":13092,"comment_status":"open","ping_status":"open","sticky":false,"template":"","format":"standard","meta":{"footnotes":""},"categories":[1],"tags":[],"class_list":["post-13086","post","type-post","status-publish","format-standard","has-post-thumbnail","hentry","category-aktualnosci","wpbf-post"],"yoast_head":"<!-- This site is optimized with the Yoast SEO plugin v27.4 - https:\/\/yoast.com\/product\/yoast-seo-wordpress\/ -->\n<title>Og\u00f3lnopolskie Spotkanie Artystyczne - SANKTUARIUM W LICHENIU<\/title>\n<meta name=\"robots\" content=\"index, follow, max-snippet:-1, max-image-preview:large, max-video-preview:-1\" \/>\n<link rel=\"canonical\" href=\"https:\/\/www.lichen.pl\/en\/ogolnopolskie-spotkanie-artystyczne\/\" \/>\n<meta property=\"og:locale\" content=\"en_GB\" \/>\n<meta property=\"og:type\" content=\"article\" \/>\n<meta property=\"og:title\" content=\"Og\u00f3lnopolskie Spotkanie Artystyczne - SANKTUARIUM W LICHENIU\" \/>\n<meta property=\"og:description\" content=\"W ramach dorocznego pleneru malarskiego w Licheniu spotkali si\u0119 arty\u015bci uczestnicz\u0105cy w Og\u00f3lnopolskich Spotkaniach Artystycznych. Tw\u00f3rcy w swych pracach pochylali si\u0119 nad tematem \u201eTo\u017csamo\u015b\u0107 miejsca\u201d, pr\u00f3buj\u0105c w pokaza\u0107 liche\u0144skie sanktuarium w artystycznym uj\u0119ciu. \u201eCi\u0105gle pr\u00f3bujemy dociec \u201eDNA\u201d liche\u0144skiego sanktuarium. Staramy si\u0119 dostrzec rzeczy w spos\u00f3b istotny wp\u0142ywaj\u0105ce na to miejsce, kt\u00f3re s\u0105 jego niezbywalnymi znakami. [&hellip;]\" \/>\n<meta property=\"og:url\" content=\"https:\/\/www.lichen.pl\/en\/ogolnopolskie-spotkanie-artystyczne\/\" \/>\n<meta property=\"og:site_name\" content=\"SANKTUARIUM W LICHENIU\" \/>\n<meta property=\"article:published_time\" content=\"2018-09-03T16:21:34+00:00\" \/>\n<meta property=\"article:modified_time\" content=\"2021-06-15T16:51:15+00:00\" \/>\n<meta property=\"og:image\" content=\"https:\/\/www.lichen.pl\/wp-content\/uploads\/2021\/06\/bazylika-cz-bb.jpg\" \/>\n\t<meta property=\"og:image:width\" content=\"600\" \/>\n\t<meta property=\"og:image:height\" content=\"450\" \/>\n\t<meta property=\"og:image:type\" content=\"image\/jpeg\" \/>\n<meta name=\"author\" content=\"ROBERT ADAMCZYK\" \/>\n<meta name=\"twitter:card\" content=\"summary_large_image\" \/>\n<meta name=\"twitter:label1\" content=\"Written by\" \/>\n\t<meta name=\"twitter:data1\" content=\"ROBERT ADAMCZYK\" \/>\n\t<meta name=\"twitter:label2\" content=\"Estimated reading time\" \/>\n\t<meta name=\"twitter:data2\" content=\"2 minutes\" \/>\n<script type=\"application\/ld+json\" class=\"yoast-schema-graph\">{\"@context\":\"https:\\\/\\\/schema.org\",\"@graph\":[{\"@type\":\"Article\",\"@id\":\"https:\\\/\\\/www.lichen.pl\\\/en\\\/ogolnopolskie-spotkanie-artystyczne\\\/#article\",\"isPartOf\":{\"@id\":\"https:\\\/\\\/www.lichen.pl\\\/en\\\/ogolnopolskie-spotkanie-artystyczne\\\/\"},\"author\":{\"name\":\"ROBERT ADAMCZYK\",\"@id\":\"https:\\\/\\\/www.lichen.pl\\\/fr\\\/#\\\/schema\\\/person\\\/c06cd926b95870cc59f18d6ee6e33da5\"},\"headline\":\"Og\u00f3lnopolskie Spotkanie Artystyczne\",\"datePublished\":\"2018-09-03T16:21:34+00:00\",\"dateModified\":\"2021-06-15T16:51:15+00:00\",\"mainEntityOfPage\":{\"@id\":\"https:\\\/\\\/www.lichen.pl\\\/en\\\/ogolnopolskie-spotkanie-artystyczne\\\/\"},\"wordCount\":345,\"commentCount\":0,\"image\":{\"@id\":\"https:\\\/\\\/www.lichen.pl\\\/en\\\/ogolnopolskie-spotkanie-artystyczne\\\/#primaryimage\"},\"thumbnailUrl\":\"https:\\\/\\\/www.lichen.pl\\\/wp-content\\\/uploads\\\/2021\\\/06\\\/bazylika-cz-bb.jpg\",\"articleSection\":[\"Aktualno\u015bci\"],\"inLanguage\":\"en-GB\",\"potentialAction\":[{\"@type\":\"CommentAction\",\"name\":\"Comment\",\"target\":[\"https:\\\/\\\/www.lichen.pl\\\/en\\\/ogolnopolskie-spotkanie-artystyczne\\\/#respond\"]}]},{\"@type\":\"WebPage\",\"@id\":\"https:\\\/\\\/www.lichen.pl\\\/en\\\/ogolnopolskie-spotkanie-artystyczne\\\/\",\"url\":\"https:\\\/\\\/www.lichen.pl\\\/en\\\/ogolnopolskie-spotkanie-artystyczne\\\/\",\"name\":\"Og\u00f3lnopolskie Spotkanie Artystyczne - SANKTUARIUM W LICHENIU\",\"isPartOf\":{\"@id\":\"https:\\\/\\\/www.lichen.pl\\\/fr\\\/#website\"},\"primaryImageOfPage\":{\"@id\":\"https:\\\/\\\/www.lichen.pl\\\/en\\\/ogolnopolskie-spotkanie-artystyczne\\\/#primaryimage\"},\"image\":{\"@id\":\"https:\\\/\\\/www.lichen.pl\\\/en\\\/ogolnopolskie-spotkanie-artystyczne\\\/#primaryimage\"},\"thumbnailUrl\":\"https:\\\/\\\/www.lichen.pl\\\/wp-content\\\/uploads\\\/2021\\\/06\\\/bazylika-cz-bb.jpg\",\"datePublished\":\"2018-09-03T16:21:34+00:00\",\"dateModified\":\"2021-06-15T16:51:15+00:00\",\"author\":{\"@id\":\"https:\\\/\\\/www.lichen.pl\\\/fr\\\/#\\\/schema\\\/person\\\/c06cd926b95870cc59f18d6ee6e33da5\"},\"breadcrumb\":{\"@id\":\"https:\\\/\\\/www.lichen.pl\\\/en\\\/ogolnopolskie-spotkanie-artystyczne\\\/#breadcrumb\"},\"inLanguage\":\"en-GB\",\"potentialAction\":[{\"@type\":\"ReadAction\",\"target\":[\"https:\\\/\\\/www.lichen.pl\\\/en\\\/ogolnopolskie-spotkanie-artystyczne\\\/\"]}]},{\"@type\":\"ImageObject\",\"inLanguage\":\"en-GB\",\"@id\":\"https:\\\/\\\/www.lichen.pl\\\/en\\\/ogolnopolskie-spotkanie-artystyczne\\\/#primaryimage\",\"url\":\"https:\\\/\\\/www.lichen.pl\\\/wp-content\\\/uploads\\\/2021\\\/06\\\/bazylika-cz-bb.jpg\",\"contentUrl\":\"https:\\\/\\\/www.lichen.pl\\\/wp-content\\\/uploads\\\/2021\\\/06\\\/bazylika-cz-bb.jpg\",\"width\":600,\"height\":450},{\"@type\":\"BreadcrumbList\",\"@id\":\"https:\\\/\\\/www.lichen.pl\\\/en\\\/ogolnopolskie-spotkanie-artystyczne\\\/#breadcrumb\",\"itemListElement\":[{\"@type\":\"ListItem\",\"position\":1,\"name\":\"Strona g\u0142\u00f3wna\",\"item\":\"https:\\\/\\\/www.lichen.pl\\\/\"},{\"@type\":\"ListItem\",\"position\":2,\"name\":\"Og\u00f3lnopolskie Spotkanie Artystyczne\"}]},{\"@type\":\"WebSite\",\"@id\":\"https:\\\/\\\/www.lichen.pl\\\/fr\\\/#website\",\"url\":\"https:\\\/\\\/www.lichen.pl\\\/fr\\\/\",\"name\":\"SANKTUARIUM W LICHENIU\",\"description\":\"MATKI BO\u017bEJ LICHE\u0143SKIEJ BOLESNEJ KR\u00d3LOWEJ POLSKI\",\"potentialAction\":[{\"@type\":\"SearchAction\",\"target\":{\"@type\":\"EntryPoint\",\"urlTemplate\":\"https:\\\/\\\/www.lichen.pl\\\/fr\\\/?s={search_term_string}\"},\"query-input\":{\"@type\":\"PropertyValueSpecification\",\"valueRequired\":true,\"valueName\":\"search_term_string\"}}],\"inLanguage\":\"en-GB\"},{\"@type\":\"Person\",\"@id\":\"https:\\\/\\\/www.lichen.pl\\\/fr\\\/#\\\/schema\\\/person\\\/c06cd926b95870cc59f18d6ee6e33da5\",\"name\":\"ROBERT ADAMCZYK\",\"image\":{\"@type\":\"ImageObject\",\"inLanguage\":\"en-GB\",\"@id\":\"https:\\\/\\\/secure.gravatar.com\\\/avatar\\\/53c330430596e73552f4c356c2e47c209ff8f6352a5106011c9b6abcce5e00df?s=96&d=retro&r=g\",\"url\":\"https:\\\/\\\/secure.gravatar.com\\\/avatar\\\/53c330430596e73552f4c356c2e47c209ff8f6352a5106011c9b6abcce5e00df?s=96&d=retro&r=g\",\"contentUrl\":\"https:\\\/\\\/secure.gravatar.com\\\/avatar\\\/53c330430596e73552f4c356c2e47c209ff8f6352a5106011c9b6abcce5e00df?s=96&d=retro&r=g\",\"caption\":\"ROBERT ADAMCZYK\"},\"url\":\"https:\\\/\\\/www.lichen.pl\\\/en\\\/author\\\/press\\\/\"}]}<\/script>\n<!-- \/ Yoast SEO plugin. -->","yoast_head_json":{"title":"Og\u00f3lnopolskie Spotkanie Artystyczne - SANKTUARIUM W LICHENIU","robots":{"index":"index","follow":"follow","max-snippet":"max-snippet:-1","max-image-preview":"max-image-preview:large","max-video-preview":"max-video-preview:-1"},"canonical":"https:\/\/www.lichen.pl\/en\/ogolnopolskie-spotkanie-artystyczne\/","og_locale":"en_GB","og_type":"article","og_title":"Og\u00f3lnopolskie Spotkanie Artystyczne - SANKTUARIUM W LICHENIU","og_description":"W ramach dorocznego pleneru malarskiego w Licheniu spotkali si\u0119 arty\u015bci uczestnicz\u0105cy w Og\u00f3lnopolskich Spotkaniach Artystycznych. Tw\u00f3rcy w swych pracach pochylali si\u0119 nad tematem \u201eTo\u017csamo\u015b\u0107 miejsca\u201d, pr\u00f3buj\u0105c w pokaza\u0107 liche\u0144skie sanktuarium w artystycznym uj\u0119ciu. \u201eCi\u0105gle pr\u00f3bujemy dociec \u201eDNA\u201d liche\u0144skiego sanktuarium. Staramy si\u0119 dostrzec rzeczy w spos\u00f3b istotny wp\u0142ywaj\u0105ce na to miejsce, kt\u00f3re s\u0105 jego niezbywalnymi znakami. [&hellip;]","og_url":"https:\/\/www.lichen.pl\/en\/ogolnopolskie-spotkanie-artystyczne\/","og_site_name":"SANKTUARIUM W LICHENIU","article_published_time":"2018-09-03T16:21:34+00:00","article_modified_time":"2021-06-15T16:51:15+00:00","og_image":[{"width":600,"height":450,"url":"https:\/\/www.lichen.pl\/wp-content\/uploads\/2021\/06\/bazylika-cz-bb.jpg","type":"image\/jpeg"}],"author":"ROBERT ADAMCZYK","twitter_card":"summary_large_image","twitter_misc":{"Written by":"ROBERT ADAMCZYK","Estimated reading time":"2 minutes"},"schema":{"@context":"https:\/\/schema.org","@graph":[{"@type":"Article","@id":"https:\/\/www.lichen.pl\/en\/ogolnopolskie-spotkanie-artystyczne\/#article","isPartOf":{"@id":"https:\/\/www.lichen.pl\/en\/ogolnopolskie-spotkanie-artystyczne\/"},"author":{"name":"ROBERT ADAMCZYK","@id":"https:\/\/www.lichen.pl\/fr\/#\/schema\/person\/c06cd926b95870cc59f18d6ee6e33da5"},"headline":"Og\u00f3lnopolskie Spotkanie Artystyczne","datePublished":"2018-09-03T16:21:34+00:00","dateModified":"2021-06-15T16:51:15+00:00","mainEntityOfPage":{"@id":"https:\/\/www.lichen.pl\/en\/ogolnopolskie-spotkanie-artystyczne\/"},"wordCount":345,"commentCount":0,"image":{"@id":"https:\/\/www.lichen.pl\/en\/ogolnopolskie-spotkanie-artystyczne\/#primaryimage"},"thumbnailUrl":"https:\/\/www.lichen.pl\/wp-content\/uploads\/2021\/06\/bazylika-cz-bb.jpg","articleSection":["Aktualno\u015bci"],"inLanguage":"en-GB","potentialAction":[{"@type":"CommentAction","name":"Comment","target":["https:\/\/www.lichen.pl\/en\/ogolnopolskie-spotkanie-artystyczne\/#respond"]}]},{"@type":"WebPage","@id":"https:\/\/www.lichen.pl\/en\/ogolnopolskie-spotkanie-artystyczne\/","url":"https:\/\/www.lichen.pl\/en\/ogolnopolskie-spotkanie-artystyczne\/","name":"Og\u00f3lnopolskie Spotkanie Artystyczne - SANKTUARIUM W LICHENIU","isPartOf":{"@id":"https:\/\/www.lichen.pl\/fr\/#website"},"primaryImageOfPage":{"@id":"https:\/\/www.lichen.pl\/en\/ogolnopolskie-spotkanie-artystyczne\/#primaryimage"},"image":{"@id":"https:\/\/www.lichen.pl\/en\/ogolnopolskie-spotkanie-artystyczne\/#primaryimage"},"thumbnailUrl":"https:\/\/www.lichen.pl\/wp-content\/uploads\/2021\/06\/bazylika-cz-bb.jpg","datePublished":"2018-09-03T16:21:34+00:00","dateModified":"2021-06-15T16:51:15+00:00","author":{"@id":"https:\/\/www.lichen.pl\/fr\/#\/schema\/person\/c06cd926b95870cc59f18d6ee6e33da5"},"breadcrumb":{"@id":"https:\/\/www.lichen.pl\/en\/ogolnopolskie-spotkanie-artystyczne\/#breadcrumb"},"inLanguage":"en-GB","potentialAction":[{"@type":"ReadAction","target":["https:\/\/www.lichen.pl\/en\/ogolnopolskie-spotkanie-artystyczne\/"]}]},{"@type":"ImageObject","inLanguage":"en-GB","@id":"https:\/\/www.lichen.pl\/en\/ogolnopolskie-spotkanie-artystyczne\/#primaryimage","url":"https:\/\/www.lichen.pl\/wp-content\/uploads\/2021\/06\/bazylika-cz-bb.jpg","contentUrl":"https:\/\/www.lichen.pl\/wp-content\/uploads\/2021\/06\/bazylika-cz-bb.jpg","width":600,"height":450},{"@type":"BreadcrumbList","@id":"https:\/\/www.lichen.pl\/en\/ogolnopolskie-spotkanie-artystyczne\/#breadcrumb","itemListElement":[{"@type":"ListItem","position":1,"name":"Strona g\u0142\u00f3wna","item":"https:\/\/www.lichen.pl\/"},{"@type":"ListItem","position":2,"name":"Og\u00f3lnopolskie Spotkanie Artystyczne"}]},{"@type":"WebSite","@id":"https:\/\/www.lichen.pl\/fr\/#website","url":"https:\/\/www.lichen.pl\/fr\/","name":"SANCTUARY IN LICHENIA","description":"OUR LICHEN&#039;S SORROWFUL QUEEN OF POLAND","potentialAction":[{"@type":"SearchAction","target":{"@type":"EntryPoint","urlTemplate":"https:\/\/www.lichen.pl\/fr\/?s={search_term_string}"},"query-input":{"@type":"PropertyValueSpecification","valueRequired":true,"valueName":"search_term_string"}}],"inLanguage":"en-GB"},{"@type":"Person","@id":"https:\/\/www.lichen.pl\/fr\/#\/schema\/person\/c06cd926b95870cc59f18d6ee6e33da5","name":"ROBERT ADAMCZYK","image":{"@type":"ImageObject","inLanguage":"en-GB","@id":"https:\/\/secure.gravatar.com\/avatar\/53c330430596e73552f4c356c2e47c209ff8f6352a5106011c9b6abcce5e00df?s=96&d=retro&r=g","url":"https:\/\/secure.gravatar.com\/avatar\/53c330430596e73552f4c356c2e47c209ff8f6352a5106011c9b6abcce5e00df?s=96&d=retro&r=g","contentUrl":"https:\/\/secure.gravatar.com\/avatar\/53c330430596e73552f4c356c2e47c209ff8f6352a5106011c9b6abcce5e00df?s=96&d=retro&r=g","caption":"ROBERT ADAMCZYK"},"url":"https:\/\/www.lichen.pl\/en\/author\/press\/"}]}},"_links":{"self":[{"href":"https:\/\/www.lichen.pl\/en\/wp-json\/wp\/v2\/posts\/13086","targetHints":{"allow":["GET"]}}],"collection":[{"href":"https:\/\/www.lichen.pl\/en\/wp-json\/wp\/v2\/posts"}],"about":[{"href":"https:\/\/www.lichen.pl\/en\/wp-json\/wp\/v2\/types\/post"}],"author":[{"embeddable":true,"href":"https:\/\/www.lichen.pl\/en\/wp-json\/wp\/v2\/users\/4"}],"replies":[{"embeddable":true,"href":"https:\/\/www.lichen.pl\/en\/wp-json\/wp\/v2\/comments?post=13086"}],"version-history":[{"count":11,"href":"https:\/\/www.lichen.pl\/en\/wp-json\/wp\/v2\/posts\/13086\/revisions"}],"predecessor-version":[{"id":13886,"href":"https:\/\/www.lichen.pl\/en\/wp-json\/wp\/v2\/posts\/13086\/revisions\/13886"}],"wp:featuredmedia":[{"embeddable":true,"href":"https:\/\/www.lichen.pl\/en\/wp-json\/wp\/v2\/media\/13092"}],"wp:attachment":[{"href":"https:\/\/www.lichen.pl\/en\/wp-json\/wp\/v2\/media?parent=13086"}],"wp:term":[{"taxonomy":"category","embeddable":true,"href":"https:\/\/www.lichen.pl\/en\/wp-json\/wp\/v2\/categories?post=13086"},{"taxonomy":"post_tag","embeddable":true,"href":"https:\/\/www.lichen.pl\/en\/wp-json\/wp\/v2\/tags?post=13086"}],"curies":[{"name":"wp","href":"https:\/\/api.w.org\/{rel}","templated":true}]}}