{"id":14068,"date":"2021-06-14T13:13:37","date_gmt":"2021-06-14T13:13:37","guid":{"rendered":"http:\/\/www.lichen.pl\/rekolekcje-zacheusz-chce-ujrzec-jezusa-copy\/"},"modified":"2021-06-17T08:03:44","modified_gmt":"2021-06-17T08:03:44","slug":"rekolekcje-byc-dla-innych-jak-maryja-11-13-czerwca","status":"publish","type":"post","link":"https:\/\/www.lichen.pl\/en\/rekolekcje-byc-dla-innych-jak-maryja-11-13-czerwca\/","title":{"rendered":"Retreat &quot;To be for others like Mary&quot;, June 11-13"},"content":{"rendered":"<div data-elementor-type=\"wp-post\" data-elementor-id=\"14068\" class=\"elementor elementor-14068\" data-elementor-post-type=\"post\">\n\t\t\t\t\t\t<section class=\"elementor-section elementor-top-section elementor-element elementor-element-48d6ba3e elementor-section-boxed elementor-section-height-default elementor-section-height-default\" data-id=\"48d6ba3e\" data-element_type=\"section\" data-e-type=\"section\">\n\t\t\t\t\t\t<div class=\"elementor-container elementor-column-gap-default\">\n\t\t\t\t\t<div class=\"elementor-column elementor-col-100 elementor-top-column elementor-element elementor-element-96099bf\" data-id=\"96099bf\" data-element_type=\"column\" data-e-type=\"column\">\n\t\t\t<div class=\"elementor-widget-wrap elementor-element-populated\">\n\t\t\t\t\t\t<div class=\"elementor-element elementor-element-0c31ca4 elementor-widget elementor-widget-heading\" data-id=\"0c31ca4\" data-element_type=\"widget\" data-e-type=\"widget\" data-widget_type=\"heading.default\">\n\t\t\t\t<div class=\"elementor-widget-container\">\n\t\t\t\t\t<h2 class=\"elementor-heading-title elementor-size-default\">&quot;To be for others like Mary&quot; - in a meeting led by Fr. Dr. Janusz Kumala, MIC, the curator of the Sanctuary, was attended by 15 people from all over Poland<\/h2>\t\t\t\t<\/div>\n\t\t\t\t<\/div>\n\t\t\t\t<section class=\"elementor-section elementor-inner-section elementor-element elementor-element-04e976f elementor-section-boxed elementor-section-height-default elementor-section-height-default\" data-id=\"04e976f\" data-element_type=\"section\" data-e-type=\"section\">\n\t\t\t\t\t\t<div class=\"elementor-container elementor-column-gap-default\">\n\t\t\t\t\t<div class=\"elementor-column elementor-col-50 elementor-inner-column elementor-element elementor-element-2ecd1f1\" data-id=\"2ecd1f1\" data-element_type=\"column\" data-e-type=\"column\">\n\t\t\t<div class=\"elementor-widget-wrap elementor-element-populated\">\n\t\t\t\t\t\t<div class=\"elementor-element elementor-element-1837a94 elementor-widget elementor-widget-image\" data-id=\"1837a94\" data-element_type=\"widget\" data-e-type=\"widget\" data-widget_type=\"image.default\">\n\t\t\t\t<div class=\"elementor-widget-container\">\n\t\t\t\t\t\t\t\t\t\t\t\t<figure class=\"wp-caption\">\n\t\t\t\t\t\t\t\t\t\t<img fetchpriority=\"high\" decoding=\"async\" width=\"480\" height=\"320\" src=\"https:\/\/www.lichen.pl\/wp-content\/uploads\/2021\/06\/Byc-dla-innych-jak-Maryja.jpg\" class=\"attachment-medium_large size-medium_large wp-image-14070\" alt=\"\" srcset=\"https:\/\/www.lichen.pl\/wp-content\/uploads\/2021\/06\/Byc-dla-innych-jak-Maryja.jpg 480w, https:\/\/www.lichen.pl\/wp-content\/uploads\/2021\/06\/Byc-dla-innych-jak-Maryja-300x200.jpg 300w\" sizes=\"(max-width: 480px) 100vw, 480px\" \/>\t\t\t\t\t\t\t\t\t\t\t<figcaption class=\"widget-image-caption wp-caption-text\">Participants of the Retreat &quot;To be for others like Mary&quot;<\/figcaption>\n\t\t\t\t\t\t\t\t\t\t<\/figure>\n\t\t\t\t\t\t\t\t\t<\/div>\n\t\t\t\t<\/div>\n\t\t\t\t\t<\/div>\n\t\t<\/div>\n\t\t\t\t<div class=\"elementor-column elementor-col-50 elementor-inner-column elementor-element elementor-element-077e7e5\" data-id=\"077e7e5\" data-element_type=\"column\" data-e-type=\"column\">\n\t\t\t<div class=\"elementor-widget-wrap elementor-element-populated\">\n\t\t\t\t\t\t<div class=\"elementor-element elementor-element-f7a6e05 elementor-widget elementor-widget-text-editor\" data-id=\"f7a6e05\" data-element_type=\"widget\" data-e-type=\"widget\" data-widget_type=\"text-editor.default\">\n\t\t\t\t<div class=\"elementor-widget-container\">\n\t\t\t\t\t\t\t\t\t<p>During the retreat, which took place at the Ark pilgrim&#039;s house, biblical scenes were observed, including a wedding at Cana in Galilee, Mary&#039;s being with the disciples in the Upper Room or the scene of Jesus&#039; crucifixion. \u201cMary is completely devoted to Christ - this is an exemplary relationship for us. Due to the fact that she is all Christ, she can be whole for people. The source of our relationship to people is our relationship to Christ &quot;- explains Fr. Janusz Kumala, MIC. \u201cJesus, speaking about the commandment of love, spoke to all of us and to all situations in our life, not only the easy ones. Love is our weapon that affects our relationships even when we don&#039;t see it. Love makes us stay with someone regardless of difficulties and circumstances \u201d- said the priest explaining the importance of our loving presence on the example of Our Lady standing under the cross.<\/p>\t\t\t\t\t\t\t\t<\/div>\n\t\t\t\t<\/div>\n\t\t\t\t\t<\/div>\n\t\t<\/div>\n\t\t\t\t\t<\/div>\n\t\t<\/section>\n\t\t\t\t\t<\/div>\n\t\t<\/div>\n\t\t\t\t\t<\/div>\n\t\t<\/section>\n\t\t\t\t<section class=\"elementor-section elementor-top-section elementor-element elementor-element-5da5d9b elementor-section-boxed elementor-section-height-default elementor-section-height-default\" data-id=\"5da5d9b\" data-element_type=\"section\" data-e-type=\"section\">\n\t\t\t\t\t\t<div class=\"elementor-container elementor-column-gap-default\">\n\t\t\t\t\t<div class=\"elementor-column elementor-col-100 elementor-top-column elementor-element elementor-element-fcb59df\" data-id=\"fcb59df\" data-element_type=\"column\" data-e-type=\"column\">\n\t\t\t<div class=\"elementor-widget-wrap elementor-element-populated\">\n\t\t\t\t\t\t<div class=\"elementor-element elementor-element-1448482 elementor-widget elementor-widget-text-editor\" data-id=\"1448482\" data-element_type=\"widget\" data-e-type=\"widget\" data-widget_type=\"text-editor.default\">\n\t\t\t\t<div class=\"elementor-widget-container\">\n\t\t\t\t\t\t\t\t\t<p>Mrs. Genowefa from \u017barki-Letnisko took part in the retreat at the sanctuary for the third time. She came to Liche\u0144 with her family: daughter, granddaughters and cousin. As they themselves assure, they already have a longer tradition of joint pilgrimage. This time the subject of the retreat was chosen by Marta - U, a daughter<em>I believe that relationships with other people are at the heart of our lives<\/em> - explains the participant - <em>The first meeting during the retreat was very important to me when I heard that the Latin word &#039;I am&#039; also means help. Such simple things can change a lot in our perception and life<\/em>.<\/p><p>One of the participants, Mr. Jerzy from Szczecin, has been coming to Liche\u0144 for many years -\u2026<em>to pray not only for family, friends and priests. I am on this retreat to express my gratitude to the Mother of God for her protection. Liche\u0144 is a Marian oasis that bears great fruit. The topics discussed during the retreat were very edifying, faith-strengthening and apostolic joyful.<\/em>\u00a0 \u00a0 \u00a0 \u00a0 \u00a0 \u00a0 \u00a0 \u00a0 \u00a0<\/p><p>Lichen Stary, June 13, 2021<\/p>\t\t\t\t\t\t\t\t<\/div>\n\t\t\t\t<\/div>\n\t\t\t\t<div class=\"elementor-element elementor-element-7fbf7f7 elementor-widget elementor-widget-text-editor\" data-id=\"7fbf7f7\" data-element_type=\"widget\" data-e-type=\"widget\" data-widget_type=\"text-editor.default\">\n\t\t\t\t<div class=\"elementor-widget-container\">\n\t\t\t\t\t\t\t\t\t<p>Text: Sanctuary Press Office<\/p>\t\t\t\t\t\t\t\t<\/div>\n\t\t\t\t<\/div>\n\t\t\t\t<div class=\"elementor-element elementor-element-6d03c19 elementor-widget-divider--view-line elementor-widget elementor-widget-divider\" data-id=\"6d03c19\" data-element_type=\"widget\" data-e-type=\"widget\" data-widget_type=\"divider.default\">\n\t\t\t\t<div class=\"elementor-widget-container\">\n\t\t\t\t\t\t\t<div class=\"elementor-divider\">\n\t\t\t<span class=\"elementor-divider-separator\">\n\t\t\t\t\t\t<\/span>\n\t\t<\/div>\n\t\t\t\t\t\t<\/div>\n\t\t\t\t<\/div>\n\t\t\t\t\t<\/div>\n\t\t<\/div>\n\t\t\t\t\t<\/div>\n\t\t<\/section>\n\t\t\t\t<\/div>","protected":false},"excerpt":{"rendered":"<p>\u201eBy\u0107 dla innych jak Maryja\u201d &#8211; w spotkaniu prowadzonym przez ks. dr Janusza Kumal\u0119 MIC, kustosza Sanktuarium, wzi\u0119\u0142o udzia\u0142 15 os\u00f3b z ca\u0142ej Polski Uczestnicy Rekolekcji &#8220;By\u0107 dla innych jak Maryja&#8221; Podczas rekolekcji, kt\u00f3re odbywa\u0142y si\u0119 w domu pielgrzyma Arka, przygl\u0105dano si\u0119 scenom biblijnym, m.in. weselu w Kanie Galilejskiej, trwaniu Maryi z uczniami w Wieczerniku [&hellip;]<\/p>\n","protected":false},"author":2,"featured_media":14070,"comment_status":"open","ping_status":"open","sticky":false,"template":"","format":"standard","meta":{"footnotes":""},"categories":[1],"tags":[],"class_list":["post-14068","post","type-post","status-publish","format-standard","has-post-thumbnail","hentry","category-aktualnosci","wpbf-post"],"yoast_head":"<!-- This site is optimized with the Yoast SEO plugin v27.4 - https:\/\/yoast.com\/product\/yoast-seo-wordpress\/ -->\n<title>Rekolekcje &quot;By\u0107 dla innych jak Maryja&quot;, 11-13 czerwca - SANKTUARIUM W LICHENIU<\/title>\n<meta name=\"robots\" content=\"index, follow, max-snippet:-1, max-image-preview:large, max-video-preview:-1\" \/>\n<link rel=\"canonical\" href=\"https:\/\/www.lichen.pl\/en\/rekolekcje-byc-dla-innych-jak-maryja-11-13-czerwca\/\" \/>\n<meta property=\"og:locale\" content=\"en_GB\" \/>\n<meta property=\"og:type\" content=\"article\" \/>\n<meta property=\"og:title\" content=\"Rekolekcje &quot;By\u0107 dla innych jak Maryja&quot;, 11-13 czerwca - SANKTUARIUM W LICHENIU\" \/>\n<meta property=\"og:description\" content=\"\u201eBy\u0107 dla innych jak Maryja\u201d &#8211; w spotkaniu prowadzonym przez ks. dr Janusza Kumal\u0119 MIC, kustosza Sanktuarium, wzi\u0119\u0142o udzia\u0142 15 os\u00f3b z ca\u0142ej Polski Uczestnicy Rekolekcji &#8220;By\u0107 dla innych jak Maryja&#8221; Podczas rekolekcji, kt\u00f3re odbywa\u0142y si\u0119 w domu pielgrzyma Arka, przygl\u0105dano si\u0119 scenom biblijnym, m.in. weselu w Kanie Galilejskiej, trwaniu Maryi z uczniami w Wieczerniku [&hellip;]\" \/>\n<meta property=\"og:url\" content=\"https:\/\/www.lichen.pl\/en\/rekolekcje-byc-dla-innych-jak-maryja-11-13-czerwca\/\" \/>\n<meta property=\"og:site_name\" content=\"SANKTUARIUM W LICHENIU\" \/>\n<meta property=\"article:published_time\" content=\"2021-06-14T13:13:37+00:00\" \/>\n<meta property=\"article:modified_time\" content=\"2021-06-17T08:03:44+00:00\" \/>\n<meta property=\"og:image\" content=\"https:\/\/www.lichen.pl\/wp-content\/uploads\/2021\/06\/Byc-dla-innych-jak-Maryja.jpg\" \/>\n\t<meta property=\"og:image:width\" content=\"480\" \/>\n\t<meta property=\"og:image:height\" content=\"320\" \/>\n\t<meta property=\"og:image:type\" content=\"image\/jpeg\" \/>\n<meta name=\"author\" content=\"Arkadiusz Gorgolewski\" \/>\n<meta name=\"twitter:card\" content=\"summary_large_image\" \/>\n<meta name=\"twitter:label1\" content=\"Written by\" \/>\n\t<meta name=\"twitter:data1\" content=\"Arkadiusz Gorgolewski\" \/>\n\t<meta name=\"twitter:label2\" content=\"Estimated reading time\" \/>\n\t<meta name=\"twitter:data2\" content=\"2 minutes\" \/>\n<script type=\"application\/ld+json\" class=\"yoast-schema-graph\">{\"@context\":\"https:\\\/\\\/schema.org\",\"@graph\":[{\"@type\":\"Article\",\"@id\":\"https:\\\/\\\/www.lichen.pl\\\/fr\\\/rekolekcje-byc-dla-innych-jak-maryja-11-13-czerwca\\\/#article\",\"isPartOf\":{\"@id\":\"https:\\\/\\\/www.lichen.pl\\\/fr\\\/rekolekcje-byc-dla-innych-jak-maryja-11-13-czerwca\\\/\"},\"author\":{\"name\":\"Arkadiusz Gorgolewski\",\"@id\":\"https:\\\/\\\/www.lichen.pl\\\/fr\\\/#\\\/schema\\\/person\\\/56fc5b38d70a2b34983408f9a457fd9d\"},\"headline\":\"Rekolekcje &#8220;By\u0107 dla innych jak Maryja&#8221;, 11-13 czerwca\",\"datePublished\":\"2021-06-14T13:13:37+00:00\",\"dateModified\":\"2021-06-17T08:03:44+00:00\",\"mainEntityOfPage\":{\"@id\":\"https:\\\/\\\/www.lichen.pl\\\/fr\\\/rekolekcje-byc-dla-innych-jak-maryja-11-13-czerwca\\\/\"},\"wordCount\":385,\"commentCount\":0,\"image\":{\"@id\":\"https:\\\/\\\/www.lichen.pl\\\/fr\\\/rekolekcje-byc-dla-innych-jak-maryja-11-13-czerwca\\\/#primaryimage\"},\"thumbnailUrl\":\"https:\\\/\\\/www.lichen.pl\\\/wp-content\\\/uploads\\\/2021\\\/06\\\/Byc-dla-innych-jak-Maryja.jpg\",\"articleSection\":[\"Aktualno\u015bci\"],\"inLanguage\":\"en-GB\",\"potentialAction\":[{\"@type\":\"CommentAction\",\"name\":\"Comment\",\"target\":[\"https:\\\/\\\/www.lichen.pl\\\/fr\\\/rekolekcje-byc-dla-innych-jak-maryja-11-13-czerwca\\\/#respond\"]}]},{\"@type\":\"WebPage\",\"@id\":\"https:\\\/\\\/www.lichen.pl\\\/fr\\\/rekolekcje-byc-dla-innych-jak-maryja-11-13-czerwca\\\/\",\"url\":\"https:\\\/\\\/www.lichen.pl\\\/fr\\\/rekolekcje-byc-dla-innych-jak-maryja-11-13-czerwca\\\/\",\"name\":\"Rekolekcje \\\"By\u0107 dla innych jak Maryja\\\", 11-13 czerwca - SANKTUARIUM W LICHENIU\",\"isPartOf\":{\"@id\":\"https:\\\/\\\/www.lichen.pl\\\/fr\\\/#website\"},\"primaryImageOfPage\":{\"@id\":\"https:\\\/\\\/www.lichen.pl\\\/fr\\\/rekolekcje-byc-dla-innych-jak-maryja-11-13-czerwca\\\/#primaryimage\"},\"image\":{\"@id\":\"https:\\\/\\\/www.lichen.pl\\\/fr\\\/rekolekcje-byc-dla-innych-jak-maryja-11-13-czerwca\\\/#primaryimage\"},\"thumbnailUrl\":\"https:\\\/\\\/www.lichen.pl\\\/wp-content\\\/uploads\\\/2021\\\/06\\\/Byc-dla-innych-jak-Maryja.jpg\",\"datePublished\":\"2021-06-14T13:13:37+00:00\",\"dateModified\":\"2021-06-17T08:03:44+00:00\",\"author\":{\"@id\":\"https:\\\/\\\/www.lichen.pl\\\/fr\\\/#\\\/schema\\\/person\\\/56fc5b38d70a2b34983408f9a457fd9d\"},\"breadcrumb\":{\"@id\":\"https:\\\/\\\/www.lichen.pl\\\/fr\\\/rekolekcje-byc-dla-innych-jak-maryja-11-13-czerwca\\\/#breadcrumb\"},\"inLanguage\":\"en-GB\",\"potentialAction\":[{\"@type\":\"ReadAction\",\"target\":[\"https:\\\/\\\/www.lichen.pl\\\/fr\\\/rekolekcje-byc-dla-innych-jak-maryja-11-13-czerwca\\\/\"]}]},{\"@type\":\"ImageObject\",\"inLanguage\":\"en-GB\",\"@id\":\"https:\\\/\\\/www.lichen.pl\\\/fr\\\/rekolekcje-byc-dla-innych-jak-maryja-11-13-czerwca\\\/#primaryimage\",\"url\":\"https:\\\/\\\/www.lichen.pl\\\/wp-content\\\/uploads\\\/2021\\\/06\\\/Byc-dla-innych-jak-Maryja.jpg\",\"contentUrl\":\"https:\\\/\\\/www.lichen.pl\\\/wp-content\\\/uploads\\\/2021\\\/06\\\/Byc-dla-innych-jak-Maryja.jpg\",\"width\":480,\"height\":320},{\"@type\":\"BreadcrumbList\",\"@id\":\"https:\\\/\\\/www.lichen.pl\\\/fr\\\/rekolekcje-byc-dla-innych-jak-maryja-11-13-czerwca\\\/#breadcrumb\",\"itemListElement\":[{\"@type\":\"ListItem\",\"position\":1,\"name\":\"Strona g\u0142\u00f3wna\",\"item\":\"https:\\\/\\\/www.lichen.pl\\\/\"},{\"@type\":\"ListItem\",\"position\":2,\"name\":\"Rekolekcje &#8220;By\u0107 dla innych jak Maryja&#8221;, 11-13 czerwca\"}]},{\"@type\":\"WebSite\",\"@id\":\"https:\\\/\\\/www.lichen.pl\\\/fr\\\/#website\",\"url\":\"https:\\\/\\\/www.lichen.pl\\\/fr\\\/\",\"name\":\"SANKTUARIUM W LICHENIU\",\"description\":\"MATKI BO\u017bEJ LICHE\u0143SKIEJ BOLESNEJ KR\u00d3LOWEJ POLSKI\",\"potentialAction\":[{\"@type\":\"SearchAction\",\"target\":{\"@type\":\"EntryPoint\",\"urlTemplate\":\"https:\\\/\\\/www.lichen.pl\\\/fr\\\/?s={search_term_string}\"},\"query-input\":{\"@type\":\"PropertyValueSpecification\",\"valueRequired\":true,\"valueName\":\"search_term_string\"}}],\"inLanguage\":\"en-GB\"},{\"@type\":\"Person\",\"@id\":\"https:\\\/\\\/www.lichen.pl\\\/fr\\\/#\\\/schema\\\/person\\\/56fc5b38d70a2b34983408f9a457fd9d\",\"name\":\"Arkadiusz Gorgolewski\",\"image\":{\"@type\":\"ImageObject\",\"inLanguage\":\"en-GB\",\"@id\":\"https:\\\/\\\/secure.gravatar.com\\\/avatar\\\/0f571b370f5aa245b1fd3b9c945511b004fe17579bdefd5054d99f0ba315149c?s=96&d=retro&r=g\",\"url\":\"https:\\\/\\\/secure.gravatar.com\\\/avatar\\\/0f571b370f5aa245b1fd3b9c945511b004fe17579bdefd5054d99f0ba315149c?s=96&d=retro&r=g\",\"contentUrl\":\"https:\\\/\\\/secure.gravatar.com\\\/avatar\\\/0f571b370f5aa245b1fd3b9c945511b004fe17579bdefd5054d99f0ba315149c?s=96&d=retro&r=g\",\"caption\":\"Arkadiusz Gorgolewski\"},\"url\":\"https:\\\/\\\/www.lichen.pl\\\/en\\\/author\\\/sanadmin\\\/\"}]}<\/script>\n<!-- \/ Yoast SEO plugin. -->","yoast_head_json":{"title":"Rekolekcje \"By\u0107 dla innych jak Maryja\", 11-13 czerwca - SANKTUARIUM W LICHENIU","robots":{"index":"index","follow":"follow","max-snippet":"max-snippet:-1","max-image-preview":"max-image-preview:large","max-video-preview":"max-video-preview:-1"},"canonical":"https:\/\/www.lichen.pl\/en\/rekolekcje-byc-dla-innych-jak-maryja-11-13-czerwca\/","og_locale":"en_GB","og_type":"article","og_title":"Rekolekcje \"By\u0107 dla innych jak Maryja\", 11-13 czerwca - SANKTUARIUM W LICHENIU","og_description":"\u201eBy\u0107 dla innych jak Maryja\u201d &#8211; w spotkaniu prowadzonym przez ks. dr Janusza Kumal\u0119 MIC, kustosza Sanktuarium, wzi\u0119\u0142o udzia\u0142 15 os\u00f3b z ca\u0142ej Polski Uczestnicy Rekolekcji &#8220;By\u0107 dla innych jak Maryja&#8221; Podczas rekolekcji, kt\u00f3re odbywa\u0142y si\u0119 w domu pielgrzyma Arka, przygl\u0105dano si\u0119 scenom biblijnym, m.in. weselu w Kanie Galilejskiej, trwaniu Maryi z uczniami w Wieczerniku [&hellip;]","og_url":"https:\/\/www.lichen.pl\/en\/rekolekcje-byc-dla-innych-jak-maryja-11-13-czerwca\/","og_site_name":"SANKTUARIUM W LICHENIU","article_published_time":"2021-06-14T13:13:37+00:00","article_modified_time":"2021-06-17T08:03:44+00:00","og_image":[{"width":480,"height":320,"url":"https:\/\/www.lichen.pl\/wp-content\/uploads\/2021\/06\/Byc-dla-innych-jak-Maryja.jpg","type":"image\/jpeg"}],"author":"Arkadiusz Gorgolewski","twitter_card":"summary_large_image","twitter_misc":{"Written by":"Arkadiusz Gorgolewski","Estimated reading time":"2 minutes"},"schema":{"@context":"https:\/\/schema.org","@graph":[{"@type":"Article","@id":"https:\/\/www.lichen.pl\/fr\/rekolekcje-byc-dla-innych-jak-maryja-11-13-czerwca\/#article","isPartOf":{"@id":"https:\/\/www.lichen.pl\/fr\/rekolekcje-byc-dla-innych-jak-maryja-11-13-czerwca\/"},"author":{"name":"Arkadiusz Gorgolewski","@id":"https:\/\/www.lichen.pl\/fr\/#\/schema\/person\/56fc5b38d70a2b34983408f9a457fd9d"},"headline":"Rekolekcje &#8220;By\u0107 dla innych jak Maryja&#8221;, 11-13 czerwca","datePublished":"2021-06-14T13:13:37+00:00","dateModified":"2021-06-17T08:03:44+00:00","mainEntityOfPage":{"@id":"https:\/\/www.lichen.pl\/fr\/rekolekcje-byc-dla-innych-jak-maryja-11-13-czerwca\/"},"wordCount":385,"commentCount":0,"image":{"@id":"https:\/\/www.lichen.pl\/fr\/rekolekcje-byc-dla-innych-jak-maryja-11-13-czerwca\/#primaryimage"},"thumbnailUrl":"https:\/\/www.lichen.pl\/wp-content\/uploads\/2021\/06\/Byc-dla-innych-jak-Maryja.jpg","articleSection":["Aktualno\u015bci"],"inLanguage":"en-GB","potentialAction":[{"@type":"CommentAction","name":"Comment","target":["https:\/\/www.lichen.pl\/fr\/rekolekcje-byc-dla-innych-jak-maryja-11-13-czerwca\/#respond"]}]},{"@type":"WebPage","@id":"https:\/\/www.lichen.pl\/fr\/rekolekcje-byc-dla-innych-jak-maryja-11-13-czerwca\/","url":"https:\/\/www.lichen.pl\/fr\/rekolekcje-byc-dla-innych-jak-maryja-11-13-czerwca\/","name":"Rekolekcje \"By\u0107 dla innych jak Maryja\", 11-13 czerwca - SANKTUARIUM W LICHENIU","isPartOf":{"@id":"https:\/\/www.lichen.pl\/fr\/#website"},"primaryImageOfPage":{"@id":"https:\/\/www.lichen.pl\/fr\/rekolekcje-byc-dla-innych-jak-maryja-11-13-czerwca\/#primaryimage"},"image":{"@id":"https:\/\/www.lichen.pl\/fr\/rekolekcje-byc-dla-innych-jak-maryja-11-13-czerwca\/#primaryimage"},"thumbnailUrl":"https:\/\/www.lichen.pl\/wp-content\/uploads\/2021\/06\/Byc-dla-innych-jak-Maryja.jpg","datePublished":"2021-06-14T13:13:37+00:00","dateModified":"2021-06-17T08:03:44+00:00","author":{"@id":"https:\/\/www.lichen.pl\/fr\/#\/schema\/person\/56fc5b38d70a2b34983408f9a457fd9d"},"breadcrumb":{"@id":"https:\/\/www.lichen.pl\/fr\/rekolekcje-byc-dla-innych-jak-maryja-11-13-czerwca\/#breadcrumb"},"inLanguage":"en-GB","potentialAction":[{"@type":"ReadAction","target":["https:\/\/www.lichen.pl\/fr\/rekolekcje-byc-dla-innych-jak-maryja-11-13-czerwca\/"]}]},{"@type":"ImageObject","inLanguage":"en-GB","@id":"https:\/\/www.lichen.pl\/fr\/rekolekcje-byc-dla-innych-jak-maryja-11-13-czerwca\/#primaryimage","url":"https:\/\/www.lichen.pl\/wp-content\/uploads\/2021\/06\/Byc-dla-innych-jak-Maryja.jpg","contentUrl":"https:\/\/www.lichen.pl\/wp-content\/uploads\/2021\/06\/Byc-dla-innych-jak-Maryja.jpg","width":480,"height":320},{"@type":"BreadcrumbList","@id":"https:\/\/www.lichen.pl\/fr\/rekolekcje-byc-dla-innych-jak-maryja-11-13-czerwca\/#breadcrumb","itemListElement":[{"@type":"ListItem","position":1,"name":"Strona g\u0142\u00f3wna","item":"https:\/\/www.lichen.pl\/"},{"@type":"ListItem","position":2,"name":"Rekolekcje &#8220;By\u0107 dla innych jak Maryja&#8221;, 11-13 czerwca"}]},{"@type":"WebSite","@id":"https:\/\/www.lichen.pl\/fr\/#website","url":"https:\/\/www.lichen.pl\/fr\/","name":"SANCTUARY IN LICHENIA","description":"OUR LICHEN&#039;S SORROWFUL QUEEN OF POLAND","potentialAction":[{"@type":"SearchAction","target":{"@type":"EntryPoint","urlTemplate":"https:\/\/www.lichen.pl\/fr\/?s={search_term_string}"},"query-input":{"@type":"PropertyValueSpecification","valueRequired":true,"valueName":"search_term_string"}}],"inLanguage":"en-GB"},{"@type":"Person","@id":"https:\/\/www.lichen.pl\/fr\/#\/schema\/person\/56fc5b38d70a2b34983408f9a457fd9d","name":"Arkadiusz Gorgolewski","image":{"@type":"ImageObject","inLanguage":"en-GB","@id":"https:\/\/secure.gravatar.com\/avatar\/0f571b370f5aa245b1fd3b9c945511b004fe17579bdefd5054d99f0ba315149c?s=96&d=retro&r=g","url":"https:\/\/secure.gravatar.com\/avatar\/0f571b370f5aa245b1fd3b9c945511b004fe17579bdefd5054d99f0ba315149c?s=96&d=retro&r=g","contentUrl":"https:\/\/secure.gravatar.com\/avatar\/0f571b370f5aa245b1fd3b9c945511b004fe17579bdefd5054d99f0ba315149c?s=96&d=retro&r=g","caption":"Arkadiusz Gorgolewski"},"url":"https:\/\/www.lichen.pl\/en\/author\/sanadmin\/"}]}},"_links":{"self":[{"href":"https:\/\/www.lichen.pl\/en\/wp-json\/wp\/v2\/posts\/14068","targetHints":{"allow":["GET"]}}],"collection":[{"href":"https:\/\/www.lichen.pl\/en\/wp-json\/wp\/v2\/posts"}],"about":[{"href":"https:\/\/www.lichen.pl\/en\/wp-json\/wp\/v2\/types\/post"}],"author":[{"embeddable":true,"href":"https:\/\/www.lichen.pl\/en\/wp-json\/wp\/v2\/users\/2"}],"replies":[{"embeddable":true,"href":"https:\/\/www.lichen.pl\/en\/wp-json\/wp\/v2\/comments?post=14068"}],"version-history":[{"count":8,"href":"https:\/\/www.lichen.pl\/en\/wp-json\/wp\/v2\/posts\/14068\/revisions"}],"predecessor-version":[{"id":14201,"href":"https:\/\/www.lichen.pl\/en\/wp-json\/wp\/v2\/posts\/14068\/revisions\/14201"}],"wp:featuredmedia":[{"embeddable":true,"href":"https:\/\/www.lichen.pl\/en\/wp-json\/wp\/v2\/media\/14070"}],"wp:attachment":[{"href":"https:\/\/www.lichen.pl\/en\/wp-json\/wp\/v2\/media?parent=14068"}],"wp:term":[{"taxonomy":"category","embeddable":true,"href":"https:\/\/www.lichen.pl\/en\/wp-json\/wp\/v2\/categories?post=14068"},{"taxonomy":"post_tag","embeddable":true,"href":"https:\/\/www.lichen.pl\/en\/wp-json\/wp\/v2\/tags?post=14068"}],"curies":[{"name":"wp","href":"https:\/\/api.w.org\/{rel}","templated":true}]}}