{"id":14341,"date":"2019-01-17T22:55:34","date_gmt":"2019-01-17T22:55:34","guid":{"rendered":"http:\/\/www.lichen.pl\/?p=14341"},"modified":"2021-06-18T08:05:54","modified_gmt":"2021-06-18T08:05:54","slug":"rekolekcje-ruchu-rodzin-nazaretanskich","status":"publish","type":"post","link":"https:\/\/www.lichen.pl\/en\/rekolekcje-ruchu-rodzin-nazaretanskich\/","title":{"rendered":"Retreat of the Families of Nazareth Movement"},"content":{"rendered":"<div data-elementor-type=\"wp-post\" data-elementor-id=\"14341\" class=\"elementor elementor-14341\" data-elementor-post-type=\"post\">\n\t\t\t\t\t\t<section class=\"elementor-section elementor-top-section elementor-element elementor-element-74f6adc elementor-section-boxed elementor-section-height-default elementor-section-height-default\" data-id=\"74f6adc\" data-element_type=\"section\" data-e-type=\"section\">\n\t\t\t\t\t\t<div class=\"elementor-container elementor-column-gap-default\">\n\t\t\t\t\t<div class=\"elementor-column elementor-col-100 elementor-top-column elementor-element elementor-element-529a7e5\" data-id=\"529a7e5\" data-element_type=\"column\" data-e-type=\"column\">\n\t\t\t<div class=\"elementor-widget-wrap elementor-element-populated\">\n\t\t\t\t\t\t<div class=\"elementor-element elementor-element-e663078 elementor-widget elementor-widget-heading\" data-id=\"e663078\" data-element_type=\"widget\" data-e-type=\"widget\" data-widget_type=\"heading.default\">\n\t\t\t\t<div class=\"elementor-widget-container\">\n\t\t\t\t\t<h2 class=\"elementor-heading-title elementor-size-default\">Concerning the themes &quot;Let it be done&quot; and &quot;With Mary, led by the Holy Spirit,&quot; members of the Families of Nazareth Movement (RRN) met at the Marian Shrine in Liche\u0144 Stary for the annual retreat. The meeting, which will last until Sunday, January 27, is attended by 370 people - adults, adolescents and children. <\/h2>\t\t\t\t<\/div>\n\t\t\t\t<\/div>\n\t\t\t\t<div class=\"elementor-element elementor-element-3943791 elementor-widget elementor-widget-text-editor\" data-id=\"3943791\" data-element_type=\"widget\" data-e-type=\"widget\" data-widget_type=\"text-editor.default\">\n\t\t\t\t<div class=\"elementor-widget-container\">\n\t\t\t\t\t\t\t\t\t<p>When asked why people belonging to the Families of Nazareth Movement come to Liche\u0144 to experience a winter formation retreat, Fr. Krzysztof Dulny, organizer of the retreat, replies:<\/p>\n<p>- \u201cIt&#039;s a matter of looking for something that a person is looking for in life. We have many things in our life and they make us happy. But there is a void deep within us that we are trying to fill. And we come to Liche\u0144 to find out how to find this missing part. I mean God. We want to meet him here, \u201dthe priest explained.<\/p>\n<p>According to Fr. Dulnego, it is often said that a retreat is a time to recharge the batteries for further life. In turn, the members of RRN come to Liche\u0144 for a completely different purpose: - &quot;This is the time for us to discharge our batteries, to want to seek God also at home, to recharge our battery in everyday life.&quot;<\/p>\n<p>The beginning of the preparations for the Lichen retreat begins at the beginning of November - the first issue is to indicate the topics that will guide them. Then the organizational work goes into the hands of selected people. At the same time, materials are being prepared for three groups - adults, adolescents and children.<\/p>\n<p>In the account of Fr. Dulny, during the spiritual exercises, the same topic is discussed, but the presentation of content in individual groups looks different and is adapted to the age and perception of recipients.<\/p>\n<p>On Saturday, participants of the Liche\u0144 RRN retreat will connect via the Internet with Bishop Andrzej Siemieniewski, auxiliary bishop of the Archdiocese of Wroc\u0142aw, who is currently in Panama for World Youth Day. Also on Saturday, during the Holy Mass. at. 11.30, Bishop Pawe\u0142 Socha, senior bishop of the Diocese of Zielona G\u00f3ra and Gorz\u00f3w will pray together with the retreatants.<\/p>\n<p>The retreat is attended by members of the RRN from Western Poland: incl. from Pozna\u0144, Szczecin, Gorz\u00f3w Wielkopolski, Zielona G\u00f3ra, Legnica and Wroc\u0142aw. Single people also came from Krakow and Warsaw.<\/p>\n<p>The Families of Nazareth Movement is a Marian community operating in parishes. People associated in the community try to explore the spirituality of the Holy Family of Nazareth in their lives. They place particular emphasis on frequent participation in the Eucharist and the sacrament of reconciliation.<\/p>\t\t\t\t\t\t\t\t<\/div>\n\t\t\t\t<\/div>\n\t\t\t\t\t<\/div>\n\t\t<\/div>\n\t\t\t\t\t<\/div>\n\t\t<\/section>\n\t\t\t\t<\/div>","protected":false},"excerpt":{"rendered":"<p>Pochylaj\u0105c si\u0119 na tematami \u201eNiech mi si\u0119 stanie\u201d oraz \u201eZ Maryj\u0105 prowadzeni przez Ducha \u015awi\u0119tego\u201d cz\u0142onkowie Ruchu Rodzin Nazareta\u0144skich (RRN) spotkali si\u0119 w Sanktuarium Maryjnym w Licheniu Starym na dorocznych rekolekcjach. W spotkaniu, kt\u00f3re potrwa do niedzieli, 27 stycznia, bierze udzia\u0142 370 os\u00f3b- doros\u0142ych, m\u0142odzie\u017cy i dzieci. Na pytanie dlaczego osoby nale\u017c\u0105ce do Ruchu Rodzin [&hellip;]<\/p>\n","protected":false},"author":4,"featured_media":14342,"comment_status":"open","ping_status":"open","sticky":false,"template":"","format":"standard","meta":{"footnotes":""},"categories":[1],"tags":[],"class_list":["post-14341","post","type-post","status-publish","format-standard","has-post-thumbnail","hentry","category-aktualnosci","wpbf-post"],"yoast_head":"<!-- This site is optimized with the Yoast SEO plugin v27.4 - https:\/\/yoast.com\/product\/yoast-seo-wordpress\/ -->\n<title>Rekolekcje Ruchu Rodzin Nazareta\u0144skich - SANKTUARIUM W LICHENIU<\/title>\n<meta name=\"robots\" content=\"index, follow, max-snippet:-1, max-image-preview:large, max-video-preview:-1\" \/>\n<link rel=\"canonical\" href=\"http:\/\/www.lichen.pl\/en\/rekolekcje-ruchu-rodzin-nazaretanskich\/\" \/>\n<meta property=\"og:locale\" content=\"en_GB\" \/>\n<meta property=\"og:type\" content=\"article\" \/>\n<meta property=\"og:title\" content=\"Rekolekcje Ruchu Rodzin Nazareta\u0144skich - SANKTUARIUM W LICHENIU\" \/>\n<meta property=\"og:description\" content=\"Pochylaj\u0105c si\u0119 na tematami \u201eNiech mi si\u0119 stanie\u201d oraz \u201eZ Maryj\u0105 prowadzeni przez Ducha \u015awi\u0119tego\u201d cz\u0142onkowie Ruchu Rodzin Nazareta\u0144skich (RRN) spotkali si\u0119 w Sanktuarium Maryjnym w Licheniu Starym na dorocznych rekolekcjach. W spotkaniu, kt\u00f3re potrwa do niedzieli, 27 stycznia, bierze udzia\u0142 370 os\u00f3b- doros\u0142ych, m\u0142odzie\u017cy i dzieci. Na pytanie dlaczego osoby nale\u017c\u0105ce do Ruchu Rodzin [&hellip;]\" \/>\n<meta property=\"og:url\" content=\"http:\/\/www.lichen.pl\/en\/rekolekcje-ruchu-rodzin-nazaretanskich\/\" \/>\n<meta property=\"og:site_name\" content=\"SANKTUARIUM W LICHENIU\" \/>\n<meta property=\"article:published_time\" content=\"2019-01-17T22:55:34+00:00\" \/>\n<meta property=\"article:modified_time\" content=\"2021-06-18T08:05:54+00:00\" \/>\n<meta property=\"og:image\" content=\"http:\/\/www.lichen.pl\/wp-content\/uploads\/2021\/06\/IMG_0168-scaled.jpg\" \/>\n\t<meta property=\"og:image:width\" content=\"1920\" \/>\n\t<meta property=\"og:image:height\" content=\"1280\" \/>\n\t<meta property=\"og:image:type\" content=\"image\/jpeg\" \/>\n<meta name=\"author\" content=\"ROBERT ADAMCZYK\" \/>\n<meta name=\"twitter:card\" content=\"summary_large_image\" \/>\n<meta name=\"twitter:label1\" content=\"Written by\" \/>\n\t<meta name=\"twitter:data1\" content=\"ROBERT ADAMCZYK\" \/>\n\t<meta name=\"twitter:label2\" content=\"Estimated reading time\" \/>\n\t<meta name=\"twitter:data2\" content=\"2 minutes\" \/>\n<script type=\"application\/ld+json\" class=\"yoast-schema-graph\">{\"@context\":\"https:\\\/\\\/schema.org\",\"@graph\":[{\"@type\":\"Article\",\"@id\":\"http:\\\/\\\/www.lichen.pl\\\/it\\\/rekolekcje-ruchu-rodzin-nazaretanskich\\\/#article\",\"isPartOf\":{\"@id\":\"http:\\\/\\\/www.lichen.pl\\\/it\\\/rekolekcje-ruchu-rodzin-nazaretanskich\\\/\"},\"author\":{\"name\":\"ROBERT ADAMCZYK\",\"@id\":\"https:\\\/\\\/www.lichen.pl\\\/fr\\\/#\\\/schema\\\/person\\\/c06cd926b95870cc59f18d6ee6e33da5\"},\"headline\":\"Rekolekcje Ruchu Rodzin Nazareta\u0144skich\",\"datePublished\":\"2019-01-17T22:55:34+00:00\",\"dateModified\":\"2021-06-18T08:05:54+00:00\",\"mainEntityOfPage\":{\"@id\":\"http:\\\/\\\/www.lichen.pl\\\/it\\\/rekolekcje-ruchu-rodzin-nazaretanskich\\\/\"},\"wordCount\":432,\"commentCount\":0,\"image\":{\"@id\":\"http:\\\/\\\/www.lichen.pl\\\/it\\\/rekolekcje-ruchu-rodzin-nazaretanskich\\\/#primaryimage\"},\"thumbnailUrl\":\"https:\\\/\\\/www.lichen.pl\\\/wp-content\\\/uploads\\\/2021\\\/06\\\/IMG_0168-scaled.jpg\",\"articleSection\":[\"Aktualno\u015bci\"],\"inLanguage\":\"en-GB\",\"potentialAction\":[{\"@type\":\"CommentAction\",\"name\":\"Comment\",\"target\":[\"http:\\\/\\\/www.lichen.pl\\\/it\\\/rekolekcje-ruchu-rodzin-nazaretanskich\\\/#respond\"]}]},{\"@type\":\"WebPage\",\"@id\":\"http:\\\/\\\/www.lichen.pl\\\/it\\\/rekolekcje-ruchu-rodzin-nazaretanskich\\\/\",\"url\":\"http:\\\/\\\/www.lichen.pl\\\/it\\\/rekolekcje-ruchu-rodzin-nazaretanskich\\\/\",\"name\":\"Rekolekcje Ruchu Rodzin Nazareta\u0144skich - SANKTUARIUM W LICHENIU\",\"isPartOf\":{\"@id\":\"https:\\\/\\\/www.lichen.pl\\\/fr\\\/#website\"},\"primaryImageOfPage\":{\"@id\":\"http:\\\/\\\/www.lichen.pl\\\/it\\\/rekolekcje-ruchu-rodzin-nazaretanskich\\\/#primaryimage\"},\"image\":{\"@id\":\"http:\\\/\\\/www.lichen.pl\\\/it\\\/rekolekcje-ruchu-rodzin-nazaretanskich\\\/#primaryimage\"},\"thumbnailUrl\":\"https:\\\/\\\/www.lichen.pl\\\/wp-content\\\/uploads\\\/2021\\\/06\\\/IMG_0168-scaled.jpg\",\"datePublished\":\"2019-01-17T22:55:34+00:00\",\"dateModified\":\"2021-06-18T08:05:54+00:00\",\"author\":{\"@id\":\"https:\\\/\\\/www.lichen.pl\\\/fr\\\/#\\\/schema\\\/person\\\/c06cd926b95870cc59f18d6ee6e33da5\"},\"breadcrumb\":{\"@id\":\"http:\\\/\\\/www.lichen.pl\\\/it\\\/rekolekcje-ruchu-rodzin-nazaretanskich\\\/#breadcrumb\"},\"inLanguage\":\"en-GB\",\"potentialAction\":[{\"@type\":\"ReadAction\",\"target\":[\"http:\\\/\\\/www.lichen.pl\\\/it\\\/rekolekcje-ruchu-rodzin-nazaretanskich\\\/\"]}]},{\"@type\":\"ImageObject\",\"inLanguage\":\"en-GB\",\"@id\":\"http:\\\/\\\/www.lichen.pl\\\/it\\\/rekolekcje-ruchu-rodzin-nazaretanskich\\\/#primaryimage\",\"url\":\"https:\\\/\\\/www.lichen.pl\\\/wp-content\\\/uploads\\\/2021\\\/06\\\/IMG_0168-scaled.jpg\",\"contentUrl\":\"https:\\\/\\\/www.lichen.pl\\\/wp-content\\\/uploads\\\/2021\\\/06\\\/IMG_0168-scaled.jpg\",\"width\":1920,\"height\":1280},{\"@type\":\"BreadcrumbList\",\"@id\":\"http:\\\/\\\/www.lichen.pl\\\/it\\\/rekolekcje-ruchu-rodzin-nazaretanskich\\\/#breadcrumb\",\"itemListElement\":[{\"@type\":\"ListItem\",\"position\":1,\"name\":\"Strona g\u0142\u00f3wna\",\"item\":\"https:\\\/\\\/www.lichen.pl\\\/\"},{\"@type\":\"ListItem\",\"position\":2,\"name\":\"Rekolekcje Ruchu Rodzin Nazareta\u0144skich\"}]},{\"@type\":\"WebSite\",\"@id\":\"https:\\\/\\\/www.lichen.pl\\\/fr\\\/#website\",\"url\":\"https:\\\/\\\/www.lichen.pl\\\/fr\\\/\",\"name\":\"SANKTUARIUM W LICHENIU\",\"description\":\"MATKI BO\u017bEJ LICHE\u0143SKIEJ BOLESNEJ KR\u00d3LOWEJ POLSKI\",\"potentialAction\":[{\"@type\":\"SearchAction\",\"target\":{\"@type\":\"EntryPoint\",\"urlTemplate\":\"https:\\\/\\\/www.lichen.pl\\\/fr\\\/?s={search_term_string}\"},\"query-input\":{\"@type\":\"PropertyValueSpecification\",\"valueRequired\":true,\"valueName\":\"search_term_string\"}}],\"inLanguage\":\"en-GB\"},{\"@type\":\"Person\",\"@id\":\"https:\\\/\\\/www.lichen.pl\\\/fr\\\/#\\\/schema\\\/person\\\/c06cd926b95870cc59f18d6ee6e33da5\",\"name\":\"ROBERT ADAMCZYK\",\"image\":{\"@type\":\"ImageObject\",\"inLanguage\":\"en-GB\",\"@id\":\"https:\\\/\\\/secure.gravatar.com\\\/avatar\\\/53c330430596e73552f4c356c2e47c209ff8f6352a5106011c9b6abcce5e00df?s=96&d=retro&r=g\",\"url\":\"https:\\\/\\\/secure.gravatar.com\\\/avatar\\\/53c330430596e73552f4c356c2e47c209ff8f6352a5106011c9b6abcce5e00df?s=96&d=retro&r=g\",\"contentUrl\":\"https:\\\/\\\/secure.gravatar.com\\\/avatar\\\/53c330430596e73552f4c356c2e47c209ff8f6352a5106011c9b6abcce5e00df?s=96&d=retro&r=g\",\"caption\":\"ROBERT ADAMCZYK\"},\"url\":\"https:\\\/\\\/www.lichen.pl\\\/en\\\/author\\\/press\\\/\"}]}<\/script>\n<!-- \/ Yoast SEO plugin. -->","yoast_head_json":{"title":"Rekolekcje Ruchu Rodzin Nazareta\u0144skich - SANKTUARIUM W LICHENIU","robots":{"index":"index","follow":"follow","max-snippet":"max-snippet:-1","max-image-preview":"max-image-preview:large","max-video-preview":"max-video-preview:-1"},"canonical":"http:\/\/www.lichen.pl\/en\/rekolekcje-ruchu-rodzin-nazaretanskich\/","og_locale":"en_GB","og_type":"article","og_title":"Rekolekcje Ruchu Rodzin Nazareta\u0144skich - SANKTUARIUM W LICHENIU","og_description":"Pochylaj\u0105c si\u0119 na tematami \u201eNiech mi si\u0119 stanie\u201d oraz \u201eZ Maryj\u0105 prowadzeni przez Ducha \u015awi\u0119tego\u201d cz\u0142onkowie Ruchu Rodzin Nazareta\u0144skich (RRN) spotkali si\u0119 w Sanktuarium Maryjnym w Licheniu Starym na dorocznych rekolekcjach. W spotkaniu, kt\u00f3re potrwa do niedzieli, 27 stycznia, bierze udzia\u0142 370 os\u00f3b- doros\u0142ych, m\u0142odzie\u017cy i dzieci. Na pytanie dlaczego osoby nale\u017c\u0105ce do Ruchu Rodzin [&hellip;]","og_url":"http:\/\/www.lichen.pl\/en\/rekolekcje-ruchu-rodzin-nazaretanskich\/","og_site_name":"SANKTUARIUM W LICHENIU","article_published_time":"2019-01-17T22:55:34+00:00","article_modified_time":"2021-06-18T08:05:54+00:00","og_image":[{"width":1920,"height":1280,"url":"http:\/\/www.lichen.pl\/wp-content\/uploads\/2021\/06\/IMG_0168-scaled.jpg","type":"image\/jpeg"}],"author":"ROBERT ADAMCZYK","twitter_card":"summary_large_image","twitter_misc":{"Written by":"ROBERT ADAMCZYK","Estimated reading time":"2 minutes"},"schema":{"@context":"https:\/\/schema.org","@graph":[{"@type":"Article","@id":"http:\/\/www.lichen.pl\/it\/rekolekcje-ruchu-rodzin-nazaretanskich\/#article","isPartOf":{"@id":"http:\/\/www.lichen.pl\/it\/rekolekcje-ruchu-rodzin-nazaretanskich\/"},"author":{"name":"ROBERT ADAMCZYK","@id":"https:\/\/www.lichen.pl\/fr\/#\/schema\/person\/c06cd926b95870cc59f18d6ee6e33da5"},"headline":"Rekolekcje Ruchu Rodzin Nazareta\u0144skich","datePublished":"2019-01-17T22:55:34+00:00","dateModified":"2021-06-18T08:05:54+00:00","mainEntityOfPage":{"@id":"http:\/\/www.lichen.pl\/it\/rekolekcje-ruchu-rodzin-nazaretanskich\/"},"wordCount":432,"commentCount":0,"image":{"@id":"http:\/\/www.lichen.pl\/it\/rekolekcje-ruchu-rodzin-nazaretanskich\/#primaryimage"},"thumbnailUrl":"https:\/\/www.lichen.pl\/wp-content\/uploads\/2021\/06\/IMG_0168-scaled.jpg","articleSection":["Aktualno\u015bci"],"inLanguage":"en-GB","potentialAction":[{"@type":"CommentAction","name":"Comment","target":["http:\/\/www.lichen.pl\/it\/rekolekcje-ruchu-rodzin-nazaretanskich\/#respond"]}]},{"@type":"WebPage","@id":"http:\/\/www.lichen.pl\/it\/rekolekcje-ruchu-rodzin-nazaretanskich\/","url":"http:\/\/www.lichen.pl\/it\/rekolekcje-ruchu-rodzin-nazaretanskich\/","name":"Rekolekcje Ruchu Rodzin Nazareta\u0144skich - SANKTUARIUM W LICHENIU","isPartOf":{"@id":"https:\/\/www.lichen.pl\/fr\/#website"},"primaryImageOfPage":{"@id":"http:\/\/www.lichen.pl\/it\/rekolekcje-ruchu-rodzin-nazaretanskich\/#primaryimage"},"image":{"@id":"http:\/\/www.lichen.pl\/it\/rekolekcje-ruchu-rodzin-nazaretanskich\/#primaryimage"},"thumbnailUrl":"https:\/\/www.lichen.pl\/wp-content\/uploads\/2021\/06\/IMG_0168-scaled.jpg","datePublished":"2019-01-17T22:55:34+00:00","dateModified":"2021-06-18T08:05:54+00:00","author":{"@id":"https:\/\/www.lichen.pl\/fr\/#\/schema\/person\/c06cd926b95870cc59f18d6ee6e33da5"},"breadcrumb":{"@id":"http:\/\/www.lichen.pl\/it\/rekolekcje-ruchu-rodzin-nazaretanskich\/#breadcrumb"},"inLanguage":"en-GB","potentialAction":[{"@type":"ReadAction","target":["http:\/\/www.lichen.pl\/it\/rekolekcje-ruchu-rodzin-nazaretanskich\/"]}]},{"@type":"ImageObject","inLanguage":"en-GB","@id":"http:\/\/www.lichen.pl\/it\/rekolekcje-ruchu-rodzin-nazaretanskich\/#primaryimage","url":"https:\/\/www.lichen.pl\/wp-content\/uploads\/2021\/06\/IMG_0168-scaled.jpg","contentUrl":"https:\/\/www.lichen.pl\/wp-content\/uploads\/2021\/06\/IMG_0168-scaled.jpg","width":1920,"height":1280},{"@type":"BreadcrumbList","@id":"http:\/\/www.lichen.pl\/it\/rekolekcje-ruchu-rodzin-nazaretanskich\/#breadcrumb","itemListElement":[{"@type":"ListItem","position":1,"name":"Strona g\u0142\u00f3wna","item":"https:\/\/www.lichen.pl\/"},{"@type":"ListItem","position":2,"name":"Rekolekcje Ruchu Rodzin Nazareta\u0144skich"}]},{"@type":"WebSite","@id":"https:\/\/www.lichen.pl\/fr\/#website","url":"https:\/\/www.lichen.pl\/fr\/","name":"SANCTUARY IN LICHENIA","description":"OUR LICHEN&#039;S SORROWFUL QUEEN OF POLAND","potentialAction":[{"@type":"SearchAction","target":{"@type":"EntryPoint","urlTemplate":"https:\/\/www.lichen.pl\/fr\/?s={search_term_string}"},"query-input":{"@type":"PropertyValueSpecification","valueRequired":true,"valueName":"search_term_string"}}],"inLanguage":"en-GB"},{"@type":"Person","@id":"https:\/\/www.lichen.pl\/fr\/#\/schema\/person\/c06cd926b95870cc59f18d6ee6e33da5","name":"ROBERT ADAMCZYK","image":{"@type":"ImageObject","inLanguage":"en-GB","@id":"https:\/\/secure.gravatar.com\/avatar\/53c330430596e73552f4c356c2e47c209ff8f6352a5106011c9b6abcce5e00df?s=96&d=retro&r=g","url":"https:\/\/secure.gravatar.com\/avatar\/53c330430596e73552f4c356c2e47c209ff8f6352a5106011c9b6abcce5e00df?s=96&d=retro&r=g","contentUrl":"https:\/\/secure.gravatar.com\/avatar\/53c330430596e73552f4c356c2e47c209ff8f6352a5106011c9b6abcce5e00df?s=96&d=retro&r=g","caption":"ROBERT ADAMCZYK"},"url":"https:\/\/www.lichen.pl\/en\/author\/press\/"}]}},"_links":{"self":[{"href":"https:\/\/www.lichen.pl\/en\/wp-json\/wp\/v2\/posts\/14341","targetHints":{"allow":["GET"]}}],"collection":[{"href":"https:\/\/www.lichen.pl\/en\/wp-json\/wp\/v2\/posts"}],"about":[{"href":"https:\/\/www.lichen.pl\/en\/wp-json\/wp\/v2\/types\/post"}],"author":[{"embeddable":true,"href":"https:\/\/www.lichen.pl\/en\/wp-json\/wp\/v2\/users\/4"}],"replies":[{"embeddable":true,"href":"https:\/\/www.lichen.pl\/en\/wp-json\/wp\/v2\/comments?post=14341"}],"version-history":[{"count":5,"href":"https:\/\/www.lichen.pl\/en\/wp-json\/wp\/v2\/posts\/14341\/revisions"}],"predecessor-version":[{"id":14352,"href":"https:\/\/www.lichen.pl\/en\/wp-json\/wp\/v2\/posts\/14341\/revisions\/14352"}],"wp:featuredmedia":[{"embeddable":true,"href":"https:\/\/www.lichen.pl\/en\/wp-json\/wp\/v2\/media\/14342"}],"wp:attachment":[{"href":"https:\/\/www.lichen.pl\/en\/wp-json\/wp\/v2\/media?parent=14341"}],"wp:term":[{"taxonomy":"category","embeddable":true,"href":"https:\/\/www.lichen.pl\/en\/wp-json\/wp\/v2\/categories?post=14341"},{"taxonomy":"post_tag","embeddable":true,"href":"https:\/\/www.lichen.pl\/en\/wp-json\/wp\/v2\/tags?post=14341"}],"curies":[{"name":"wp","href":"https:\/\/api.w.org\/{rel}","templated":true}]}}