{"id":15052,"date":"2021-06-27T19:38:20","date_gmt":"2021-06-27T19:38:20","guid":{"rendered":"http:\/\/www.lichen.pl\/?p=15052"},"modified":"2021-06-28T20:03:44","modified_gmt":"2021-06-28T20:03:44","slug":"juz-wkrotce-koncert-organowy-w-wykonaniu-mateusza-rzewuskiego-bazylika-27-czerwca-2021-r-godz-14-30","status":"publish","type":"post","link":"https:\/\/www.lichen.pl\/en\/juz-wkrotce-koncert-organowy-w-wykonaniu-mateusza-rzewuskiego-bazylika-27-czerwca-2021-r-godz-14-30\/","title":{"rendered":"Organ concert performed by Mateusz Rzewuski. Sunday June 27, 2021"},"content":{"rendered":"<div data-elementor-type=\"wp-post\" data-elementor-id=\"15052\" class=\"elementor elementor-15052\" data-elementor-post-type=\"post\">\n\t\t\t\t\t\t<section class=\"elementor-section elementor-top-section elementor-element elementor-element-e9efdf5 elementor-section-boxed elementor-section-height-default elementor-section-height-default\" data-id=\"e9efdf5\" data-element_type=\"section\" data-e-type=\"section\">\n\t\t\t\t\t\t<div class=\"elementor-container elementor-column-gap-default\">\n\t\t\t\t\t<div class=\"elementor-column elementor-col-100 elementor-top-column elementor-element elementor-element-a1a9922\" data-id=\"a1a9922\" data-element_type=\"column\" data-e-type=\"column\">\n\t\t\t<div class=\"elementor-widget-wrap elementor-element-populated\">\n\t\t\t\t\t\t<div class=\"elementor-element elementor-element-fbe3fa6 elementor-widget elementor-widget-heading\" data-id=\"fbe3fa6\" data-element_type=\"widget\" data-e-type=\"widget\" data-widget_type=\"heading.default\">\n\t\t\t\t<div class=\"elementor-widget-container\">\n\t\t\t\t\t<h2 class=\"elementor-heading-title elementor-size-default\">With the concert of Dr. Mateusz Rzewuski, on June 27, the 3rd International Lichen International Organ Festival &quot;Basilica Sonans&quot; was inaugurated.<\/h2>\t\t\t\t<\/div>\n\t\t\t\t<\/div>\n\t\t\t\t<div class=\"elementor-element elementor-element-925dd1f elementor-widget elementor-widget-spacer\" data-id=\"925dd1f\" data-element_type=\"widget\" data-e-type=\"widget\" data-widget_type=\"spacer.default\">\n\t\t\t\t<div class=\"elementor-widget-container\">\n\t\t\t\t\t\t\t<div class=\"elementor-spacer\">\n\t\t\t<div class=\"elementor-spacer-inner\"><\/div>\n\t\t<\/div>\n\t\t\t\t\t\t<\/div>\n\t\t\t\t<\/div>\n\t\t\t\t<section class=\"elementor-section elementor-inner-section elementor-element elementor-element-1a2c3ad elementor-section-boxed elementor-section-height-default elementor-section-height-default\" data-id=\"1a2c3ad\" data-element_type=\"section\" data-e-type=\"section\">\n\t\t\t\t\t\t<div class=\"elementor-container elementor-column-gap-default\">\n\t\t\t\t\t<div class=\"elementor-column elementor-col-50 elementor-inner-column elementor-element elementor-element-944a4aa\" data-id=\"944a4aa\" data-element_type=\"column\" data-e-type=\"column\">\n\t\t\t<div class=\"elementor-widget-wrap elementor-element-populated\">\n\t\t\t\t\t\t<div class=\"elementor-element elementor-element-4c94280 elementor-blockquote--skin-border elementor-widget elementor-widget-blockquote\" data-id=\"4c94280\" data-element_type=\"widget\" data-e-type=\"widget\" data-widget_type=\"blockquote.default\">\n\t\t\t\t<div class=\"elementor-widget-container\">\n\t\t\t\t\t\t\t<blockquote class=\"elementor-blockquote\">\n\t\t\t<p class=\"elementor-blockquote__content\">\n\t\t\t\tThe concerts that we offer throughout the summer holidays have the purpose of taking us to a different world - the world of music, beauty expressed through sounds. It is an extraordinary festival, because the organ on which concerts are performed - the largest in Poland - is extraordinary. The best performers and organ virtuosos provide a spiritual feast\t\t\t<\/p>\n\t\t\t\t\t\t\t<div class=\"e-q-footer\">\n\t\t\t\t\t\t\t\t\t\t\t<cite class=\"elementor-blockquote__author\">Fr. Janusz Kumala, MIC, June 27, 2021<\/cite>\n\t\t\t\t\t\t\t\t\t\t\t\t\t\t<\/div>\n\t\t\t\t\t<\/blockquote>\n\t\t\t\t\t\t<\/div>\n\t\t\t\t<\/div>\n\t\t\t\t<div class=\"elementor-element elementor-element-a7b9f22 elementor-widget elementor-widget-text-editor\" data-id=\"a7b9f22\" data-element_type=\"widget\" data-e-type=\"widget\" data-widget_type=\"text-editor.default\">\n\t\t\t\t<div class=\"elementor-widget-container\">\n\t\t\t\t\t\t\t\t\t<div class=\"o9v6fnle cxmmr5t8 oygrvhab hcukyx3x c1et5uql ii04i59q\"><div dir=\"auto\">Mateusz Rzewuski, the performer of the concert that inaugurated this year&#039;s Basilica sonans Festival, is a doctor of musical arts. The musician is a graduate of music universities in four countries (Warsaw, L\u00fcbeck, Paris, Basel), a laureate of many national and international organ competitions, the originator and artistic director of international organ and chamber music festivals. He has performed on four continents, in 22 European countries, the USA, Australia, New Zealand, and South Korea. and Hong Kong.<\/div><\/div><div class=\"o9v6fnle cxmmr5t8 oygrvhab hcukyx3x c1et5uql ii04i59q\"><div dir=\"auto\">\u00a0<\/div><\/div>\t\t\t\t\t\t\t\t<\/div>\n\t\t\t\t<\/div>\n\t\t\t\t<div class=\"elementor-element elementor-element-f00cdf4 elementor-widget elementor-widget-text-editor\" data-id=\"f00cdf4\" data-element_type=\"widget\" data-e-type=\"widget\" data-widget_type=\"text-editor.default\">\n\t\t\t\t<div class=\"elementor-widget-container\">\n\t\t\t\t\t\t\t\t\t<div class=\"o9v6fnle cxmmr5t8 oygrvhab hcukyx3x c1et5uql ii04i59q\"><div dir=\"auto\">The performer, wishing to honor the 50th anniversary of the death of the eminent French organist and composer Marcel Dupre, began his concert with the Prelude and Fugue in G minor, Op. 7 No. 3 and fragments of the Symphony-Passion, Op. 23 of the same composer.<\/div><div dir=\"auto\">\u00a0<\/div><div dir=\"auto\">A talented representative of the young generation of Polish organists, he presented improvisations: variations on the themes of Polish Marian songs. Attentive listeners could notice motifs taken from well-known works: &quot;From Dawna Polski, You Queen&quot;, Gregorian &quot;Salve Regina&quot; and the Marian Appeal.<\/div><div dir=\"auto\">\u00a0<\/div><div dir=\"auto\">The audience was put in a fairy-tale mood by the dance fragments of the suite &quot;The Nutcracker&quot; Op. 71a, Piotr Tchaikovsky. One of the greatest composers in history, Johann Sebastian Bach, was also present (the Prelude and Fugue in C major, BWV 545 were performed).<\/div><\/div>\t\t\t\t\t\t\t\t<\/div>\n\t\t\t\t<\/div>\n\t\t\t\t\t<\/div>\n\t\t<\/div>\n\t\t\t\t<div class=\"elementor-column elementor-col-50 elementor-inner-column elementor-element elementor-element-062dad1\" data-id=\"062dad1\" data-element_type=\"column\" data-e-type=\"column\">\n\t\t\t<div class=\"elementor-widget-wrap elementor-element-populated\">\n\t\t\t\t\t\t<div class=\"elementor-element elementor-element-d515c3d elementor-widget elementor-widget-image\" data-id=\"d515c3d\" data-element_type=\"widget\" data-e-type=\"widget\" data-widget_type=\"image.default\">\n\t\t\t\t<div class=\"elementor-widget-container\">\n\t\t\t\t\t\t\t\t\t\t\t\t<figure class=\"wp-caption\">\n\t\t\t\t\t\t\t\t\t\t<img fetchpriority=\"high\" decoding=\"async\" width=\"768\" height=\"1023\" src=\"https:\/\/www.lichen.pl\/wp-content\/uploads\/2021\/06\/Mateusz-Rzewuski-2-768x1023.jpg\" class=\"attachment-medium_large size-medium_large wp-image-15813\" alt=\"\" srcset=\"https:\/\/www.lichen.pl\/wp-content\/uploads\/2021\/06\/Mateusz-Rzewuski-2-768x1023.jpg 768w, https:\/\/www.lichen.pl\/wp-content\/uploads\/2021\/06\/Mateusz-Rzewuski-2-800x1065.jpg 800w, https:\/\/www.lichen.pl\/wp-content\/uploads\/2021\/06\/Mateusz-Rzewuski-2-225x300.jpg 225w, https:\/\/www.lichen.pl\/wp-content\/uploads\/2021\/06\/Mateusz-Rzewuski-2-769x1024.jpg 769w, https:\/\/www.lichen.pl\/wp-content\/uploads\/2021\/06\/Mateusz-Rzewuski-2.jpg 901w\" sizes=\"(max-width: 768px) 100vw, 768px\" \/>\t\t\t\t\t\t\t\t\t\t\t<figcaption class=\"widget-image-caption wp-caption-text\">Fr. Janusz Kumala, MIC, starts this year&#039;s concert<\/figcaption>\n\t\t\t\t\t\t\t\t\t\t<\/figure>\n\t\t\t\t\t\t\t\t\t<\/div>\n\t\t\t\t<\/div>\n\t\t\t\t<div class=\"elementor-element elementor-element-64cc84d elementor-widget elementor-widget-image\" data-id=\"64cc84d\" data-element_type=\"widget\" data-e-type=\"widget\" data-widget_type=\"image.default\">\n\t\t\t\t<div class=\"elementor-widget-container\">\n\t\t\t\t\t\t\t\t\t\t\t\t<figure class=\"wp-caption\">\n\t\t\t\t\t\t\t\t\t\t<img decoding=\"async\" width=\"768\" height=\"512\" src=\"https:\/\/www.lichen.pl\/wp-content\/uploads\/2021\/06\/Mateusz-Rzewuski-1-768x512.jpg\" class=\"attachment-medium_large size-medium_large wp-image-15808\" alt=\"\" srcset=\"https:\/\/www.lichen.pl\/wp-content\/uploads\/2021\/06\/Mateusz-Rzewuski-1-768x512.jpg 768w, https:\/\/www.lichen.pl\/wp-content\/uploads\/2021\/06\/Mateusz-Rzewuski-1-800x534.jpg 800w, https:\/\/www.lichen.pl\/wp-content\/uploads\/2021\/06\/Mateusz-Rzewuski-1-300x200.jpg 300w, https:\/\/www.lichen.pl\/wp-content\/uploads\/2021\/06\/Mateusz-Rzewuski-1-1024x683.jpg 1024w, https:\/\/www.lichen.pl\/wp-content\/uploads\/2021\/06\/Mateusz-Rzewuski-1.jpg 1333w\" sizes=\"(max-width: 768px) 100vw, 768px\" \/>\t\t\t\t\t\t\t\t\t\t\t<figcaption class=\"widget-image-caption wp-caption-text\">Dr. Mateusz Rzewuski<\/figcaption>\n\t\t\t\t\t\t\t\t\t\t<\/figure>\n\t\t\t\t\t\t\t\t\t<\/div>\n\t\t\t\t<\/div>\n\t\t\t\t\t<\/div>\n\t\t<\/div>\n\t\t\t\t\t<\/div>\n\t\t<\/section>\n\t\t\t\t<div class=\"elementor-element elementor-element-4ce1eb7 elementor-widget elementor-widget-text-editor\" data-id=\"4ce1eb7\" data-element_type=\"widget\" data-e-type=\"widget\" data-widget_type=\"text-editor.default\">\n\t\t\t\t<div class=\"elementor-widget-container\">\n\t\t\t\t\t\t\t\t\t<div class=\"o9v6fnle cxmmr5t8 oygrvhab hcukyx3x c1et5uql ii04i59q\"><div dir=\"auto\"><div class=\"kvgmc6g5 cxmmr5t8 oygrvhab hcukyx3x c1et5uql ii04i59q\">We invite listeners to the next concerts every Sunday (from June 27 to August 29) at 2.30 pm.<\/div><div class=\"o9v6fnle cxmmr5t8 oygrvhab hcukyx3x c1et5uql ii04i59q\"><div dir=\"auto\">On July 4, 2021, another performer, Marek Kudlicki (Vienna), will present a suite of dances from the Organ Tabulature by Jan of Lublin (1540) as well as works by, among others, Bach, Sweelinck, Saint-Sa\u00ebns or Nowowiejski.<\/div><\/div><div class=\"o9v6fnle cxmmr5t8 oygrvhab hcukyx3x c1et5uql ii04i59q\"><div dir=\"auto\">Free entrance. Broadcast in the sanctuary media.<\/div><\/div><\/div><\/div>\t\t\t\t\t\t\t\t<\/div>\n\t\t\t\t<\/div>\n\t\t\t\t<div class=\"elementor-element elementor-element-9945c77 elementor-widget elementor-widget-text-editor\" data-id=\"9945c77\" data-element_type=\"widget\" data-e-type=\"widget\" data-widget_type=\"text-editor.default\">\n\t\t\t\t<div class=\"elementor-widget-container\">\n\t\t\t\t\t\t\t\t\t<p>Text and photos: Sanctuary Press Office<\/p>\t\t\t\t\t\t\t\t<\/div>\n\t\t\t\t<\/div>\n\t\t\t\t<div class=\"elementor-element elementor-element-54c420a elementor-widget-divider--view-line_icon elementor-view-default elementor-widget-divider--element-align-center elementor-widget elementor-widget-divider\" data-id=\"54c420a\" data-element_type=\"widget\" data-e-type=\"widget\" data-widget_type=\"divider.default\">\n\t\t\t\t<div class=\"elementor-widget-container\">\n\t\t\t\t\t\t\t<div class=\"elementor-divider\">\n\t\t\t<span class=\"elementor-divider-separator\">\n\t\t\t\t\t\t\t<div class=\"elementor-icon elementor-divider__element\">\n\t\t\t\t\t<i aria-hidden=\"true\" class=\"fas fa-camera\"><\/i><\/div>\n\t\t\t\t\t\t<\/span>\n\t\t<\/div>\n\t\t\t\t\t\t<\/div>\n\t\t\t\t<\/div>\n\t\t\t\t<div class=\"elementor-element elementor-element-c568e57 elementor-widget elementor-widget-gallery\" data-id=\"c568e57\" data-element_type=\"widget\" data-e-type=\"widget\" data-settings=\"{&quot;columns&quot;:5,&quot;lazyload&quot;:&quot;yes&quot;,&quot;gallery_layout&quot;:&quot;grid&quot;,&quot;columns_tablet&quot;:2,&quot;columns_mobile&quot;:1,&quot;gap&quot;:{&quot;unit&quot;:&quot;px&quot;,&quot;size&quot;:10,&quot;sizes&quot;:[]},&quot;gap_tablet&quot;:{&quot;unit&quot;:&quot;px&quot;,&quot;size&quot;:10,&quot;sizes&quot;:[]},&quot;gap_mobile&quot;:{&quot;unit&quot;:&quot;px&quot;,&quot;size&quot;:10,&quot;sizes&quot;:[]},&quot;link_to&quot;:&quot;file&quot;,&quot;aspect_ratio&quot;:&quot;3:2&quot;,&quot;overlay_background&quot;:&quot;yes&quot;,&quot;content_hover_animation&quot;:&quot;fade-in&quot;}\" data-widget_type=\"gallery.default\">\n\t\t\t\t<div class=\"elementor-widget-container\">\n\t\t\t\t\t\t\t<div class=\"elementor-gallery__container\">\n\t\t\t\t\t\t\t<a class=\"e-gallery-item elementor-gallery-item elementor-animated-content\" href=\"https:\/\/www.lichen.pl\/wp-content\/uploads\/2021\/06\/Mateusz-Rzewuski-1.jpg\" data-elementor-open-lightbox=\"yes\" data-elementor-lightbox-slideshow=\"c568e57\" data-elementor-lightbox-title=\"Koncert Mateusz Rzewuski, Basilica Sonans 27 czerwca 2021 r.\" data-e-action-hash=\"#elementor-action%3Aaction%3Dlightbox%26settings%3DeyJpZCI6MTU4MDgsInVybCI6Imh0dHBzOlwvXC93d3cubGljaGVuLnBsXC93cC1jb250ZW50XC91cGxvYWRzXC8yMDIxXC8wNlwvTWF0ZXVzei1SemV3dXNraS0xLmpwZyIsInNsaWRlc2hvdyI6ImM1NjhlNTcifQ%3D%3D\">\n\t\t\t\t\t<div class=\"e-gallery-image elementor-gallery-item__image\" data-thumbnail=\"https:\/\/www.lichen.pl\/wp-content\/uploads\/2021\/06\/Mateusz-Rzewuski-1-768x512.jpg\" data-width=\"768\" data-height=\"512\" aria-label=\"\" role=\"img\" ><\/div>\n\t\t\t\t\t\t\t\t\t\t\t<div class=\"elementor-gallery-item__overlay\"><\/div>\n\t\t\t\t\t\t\t\t\t\t\t\t\t\t<\/a>\n\t\t\t\t\t\t\t<a class=\"e-gallery-item elementor-gallery-item elementor-animated-content\" href=\"https:\/\/www.lichen.pl\/wp-content\/uploads\/2021\/06\/Mateusz-Rzewuski-14.jpg\" data-elementor-open-lightbox=\"yes\" data-elementor-lightbox-slideshow=\"c568e57\" data-elementor-lightbox-title=\"Koncert Mateusz Rzewuski, Basilica Sonans 27 czerwca 2021 r.\" data-e-action-hash=\"#elementor-action%3Aaction%3Dlightbox%26settings%3DeyJpZCI6MTU4NzMsInVybCI6Imh0dHBzOlwvXC93d3cubGljaGVuLnBsXC93cC1jb250ZW50XC91cGxvYWRzXC8yMDIxXC8wNlwvTWF0ZXVzei1SemV3dXNraS0xNC5qcGciLCJzbGlkZXNob3ciOiJjNTY4ZTU3In0%3D\">\n\t\t\t\t\t<div class=\"e-gallery-image elementor-gallery-item__image\" data-thumbnail=\"https:\/\/www.lichen.pl\/wp-content\/uploads\/2021\/06\/Mateusz-Rzewuski-14-768x1152.jpg\" data-width=\"768\" data-height=\"1152\" aria-label=\"\" role=\"img\" ><\/div>\n\t\t\t\t\t\t\t\t\t\t\t<div class=\"elementor-gallery-item__overlay\"><\/div>\n\t\t\t\t\t\t\t\t\t\t\t\t\t\t<\/a>\n\t\t\t\t\t\t\t<a class=\"e-gallery-item elementor-gallery-item elementor-animated-content\" href=\"https:\/\/www.lichen.pl\/wp-content\/uploads\/2021\/06\/Mateusz-Rzewuski-3.jpg\" data-elementor-open-lightbox=\"yes\" data-elementor-lightbox-slideshow=\"c568e57\" data-elementor-lightbox-title=\"Koncert Mateusz Rzewuski, Basilica Sonans 27 czerwca 2021 r.\" data-e-action-hash=\"#elementor-action%3Aaction%3Dlightbox%26settings%3DeyJpZCI6MTU4MTgsInVybCI6Imh0dHBzOlwvXC93d3cubGljaGVuLnBsXC93cC1jb250ZW50XC91cGxvYWRzXC8yMDIxXC8wNlwvTWF0ZXVzei1SemV3dXNraS0zLmpwZyIsInNsaWRlc2hvdyI6ImM1NjhlNTcifQ%3D%3D\">\n\t\t\t\t\t<div class=\"e-gallery-image elementor-gallery-item__image\" data-thumbnail=\"https:\/\/www.lichen.pl\/wp-content\/uploads\/2021\/06\/Mateusz-Rzewuski-3-768x1152.jpg\" data-width=\"768\" data-height=\"1152\" aria-label=\"\" role=\"img\" ><\/div>\n\t\t\t\t\t\t\t\t\t\t\t<div class=\"elementor-gallery-item__overlay\"><\/div>\n\t\t\t\t\t\t\t\t\t\t\t\t\t\t<\/a>\n\t\t\t\t\t\t\t<a class=\"e-gallery-item elementor-gallery-item elementor-animated-content\" href=\"https:\/\/www.lichen.pl\/wp-content\/uploads\/2021\/06\/Mateusz-Rzewuski-4.jpg\" data-elementor-open-lightbox=\"yes\" data-elementor-lightbox-slideshow=\"c568e57\" data-elementor-lightbox-title=\"Koncert Mateusz Rzewuski, Basilica Sonans 27 czerwca 2021 r.\" data-e-action-hash=\"#elementor-action%3Aaction%3Dlightbox%26settings%3DeyJpZCI6MTU4MjMsInVybCI6Imh0dHBzOlwvXC93d3cubGljaGVuLnBsXC93cC1jb250ZW50XC91cGxvYWRzXC8yMDIxXC8wNlwvTWF0ZXVzei1SemV3dXNraS00LmpwZyIsInNsaWRlc2hvdyI6ImM1NjhlNTcifQ%3D%3D\">\n\t\t\t\t\t<div class=\"e-gallery-image elementor-gallery-item__image\" data-thumbnail=\"https:\/\/www.lichen.pl\/wp-content\/uploads\/2021\/06\/Mateusz-Rzewuski-4-768x512.jpg\" data-width=\"768\" data-height=\"512\" aria-label=\"\" role=\"img\" ><\/div>\n\t\t\t\t\t\t\t\t\t\t\t<div class=\"elementor-gallery-item__overlay\"><\/div>\n\t\t\t\t\t\t\t\t\t\t\t\t\t\t<\/a>\n\t\t\t\t\t\t\t<a class=\"e-gallery-item elementor-gallery-item elementor-animated-content\" href=\"https:\/\/www.lichen.pl\/wp-content\/uploads\/2021\/06\/Mateusz-Rzewuski-5.jpg\" data-elementor-open-lightbox=\"yes\" data-elementor-lightbox-slideshow=\"c568e57\" data-elementor-lightbox-title=\"Koncert Mateusz Rzewuski, Basilica Sonans 27 czerwca 2021 r.\" data-e-action-hash=\"#elementor-action%3Aaction%3Dlightbox%26settings%3DeyJpZCI6MTU4MjgsInVybCI6Imh0dHBzOlwvXC93d3cubGljaGVuLnBsXC93cC1jb250ZW50XC91cGxvYWRzXC8yMDIxXC8wNlwvTWF0ZXVzei1SemV3dXNraS01LmpwZyIsInNsaWRlc2hvdyI6ImM1NjhlNTcifQ%3D%3D\">\n\t\t\t\t\t<div class=\"e-gallery-image elementor-gallery-item__image\" data-thumbnail=\"https:\/\/www.lichen.pl\/wp-content\/uploads\/2021\/06\/Mateusz-Rzewuski-5-768x1152.jpg\" data-width=\"768\" data-height=\"1152\" aria-label=\"\" role=\"img\" ><\/div>\n\t\t\t\t\t\t\t\t\t\t\t<div class=\"elementor-gallery-item__overlay\"><\/div>\n\t\t\t\t\t\t\t\t\t\t\t\t\t\t<\/a>\n\t\t\t\t\t\t\t<a class=\"e-gallery-item elementor-gallery-item elementor-animated-content\" href=\"https:\/\/www.lichen.pl\/wp-content\/uploads\/2021\/06\/Mateusz-Rzewuski-11.jpg\" data-elementor-open-lightbox=\"yes\" data-elementor-lightbox-slideshow=\"c568e57\" data-elementor-lightbox-title=\"Koncert Mateusz Rzewuski, Basilica Sonans 27 czerwca 2021 r.\" data-e-action-hash=\"#elementor-action%3Aaction%3Dlightbox%26settings%3DeyJpZCI6MTU4NTgsInVybCI6Imh0dHBzOlwvXC93d3cubGljaGVuLnBsXC93cC1jb250ZW50XC91cGxvYWRzXC8yMDIxXC8wNlwvTWF0ZXVzei1SemV3dXNraS0xMS5qcGciLCJzbGlkZXNob3ciOiJjNTY4ZTU3In0%3D\">\n\t\t\t\t\t<div class=\"e-gallery-image elementor-gallery-item__image\" data-thumbnail=\"https:\/\/www.lichen.pl\/wp-content\/uploads\/2021\/06\/Mateusz-Rzewuski-11-768x1152.jpg\" data-width=\"768\" data-height=\"1152\" aria-label=\"\" role=\"img\" ><\/div>\n\t\t\t\t\t\t\t\t\t\t\t<div class=\"elementor-gallery-item__overlay\"><\/div>\n\t\t\t\t\t\t\t\t\t\t\t\t\t\t<\/a>\n\t\t\t\t\t\t\t<a class=\"e-gallery-item elementor-gallery-item elementor-animated-content\" href=\"https:\/\/www.lichen.pl\/wp-content\/uploads\/2021\/06\/Mateusz-Rzewuski-9.jpg\" data-elementor-open-lightbox=\"yes\" data-elementor-lightbox-slideshow=\"c568e57\" data-elementor-lightbox-title=\"Koncert Mateusz Rzewuski, Basilica Sonans 27 czerwca 2021 r.\" data-e-action-hash=\"#elementor-action%3Aaction%3Dlightbox%26settings%3DeyJpZCI6MTU4NDgsInVybCI6Imh0dHBzOlwvXC93d3cubGljaGVuLnBsXC93cC1jb250ZW50XC91cGxvYWRzXC8yMDIxXC8wNlwvTWF0ZXVzei1SemV3dXNraS05LmpwZyIsInNsaWRlc2hvdyI6ImM1NjhlNTcifQ%3D%3D\">\n\t\t\t\t\t<div class=\"e-gallery-image elementor-gallery-item__image\" data-thumbnail=\"https:\/\/www.lichen.pl\/wp-content\/uploads\/2021\/06\/Mateusz-Rzewuski-9-768x1152.jpg\" data-width=\"768\" data-height=\"1152\" aria-label=\"\" role=\"img\" ><\/div>\n\t\t\t\t\t\t\t\t\t\t\t<div class=\"elementor-gallery-item__overlay\"><\/div>\n\t\t\t\t\t\t\t\t\t\t\t\t\t\t<\/a>\n\t\t\t\t\t\t\t<a class=\"e-gallery-item elementor-gallery-item elementor-animated-content\" href=\"https:\/\/www.lichen.pl\/wp-content\/uploads\/2021\/06\/Mateusz-Rzewuski-8.jpg\" data-elementor-open-lightbox=\"yes\" data-elementor-lightbox-slideshow=\"c568e57\" data-elementor-lightbox-title=\"Koncert Mateusz Rzewuski, Basilica Sonans 27 czerwca 2021 r.\" data-e-action-hash=\"#elementor-action%3Aaction%3Dlightbox%26settings%3DeyJpZCI6MTU4NDMsInVybCI6Imh0dHBzOlwvXC93d3cubGljaGVuLnBsXC93cC1jb250ZW50XC91cGxvYWRzXC8yMDIxXC8wNlwvTWF0ZXVzei1SemV3dXNraS04LmpwZyIsInNsaWRlc2hvdyI6ImM1NjhlNTcifQ%3D%3D\">\n\t\t\t\t\t<div class=\"e-gallery-image elementor-gallery-item__image\" data-thumbnail=\"https:\/\/www.lichen.pl\/wp-content\/uploads\/2021\/06\/Mateusz-Rzewuski-8-768x512.jpg\" data-width=\"768\" data-height=\"512\" aria-label=\"\" role=\"img\" ><\/div>\n\t\t\t\t\t\t\t\t\t\t\t<div class=\"elementor-gallery-item__overlay\"><\/div>\n\t\t\t\t\t\t\t\t\t\t\t\t\t\t<\/a>\n\t\t\t\t\t\t\t<a class=\"e-gallery-item elementor-gallery-item elementor-animated-content\" href=\"https:\/\/www.lichen.pl\/wp-content\/uploads\/2021\/06\/Mateusz-Rzewuski-6.jpg\" data-elementor-open-lightbox=\"yes\" data-elementor-lightbox-slideshow=\"c568e57\" data-elementor-lightbox-title=\"Koncert Mateusz Rzewuski, Basilica Sonans 27 czerwca 2021 r.\" data-e-action-hash=\"#elementor-action%3Aaction%3Dlightbox%26settings%3DeyJpZCI6MTU4MzMsInVybCI6Imh0dHBzOlwvXC93d3cubGljaGVuLnBsXC93cC1jb250ZW50XC91cGxvYWRzXC8yMDIxXC8wNlwvTWF0ZXVzei1SemV3dXNraS02LmpwZyIsInNsaWRlc2hvdyI6ImM1NjhlNTcifQ%3D%3D\">\n\t\t\t\t\t<div class=\"e-gallery-image elementor-gallery-item__image\" data-thumbnail=\"https:\/\/www.lichen.pl\/wp-content\/uploads\/2021\/06\/Mateusz-Rzewuski-6-768x512.jpg\" data-width=\"768\" data-height=\"512\" aria-label=\"\" role=\"img\" ><\/div>\n\t\t\t\t\t\t\t\t\t\t\t<div class=\"elementor-gallery-item__overlay\"><\/div>\n\t\t\t\t\t\t\t\t\t\t\t\t\t\t<\/a>\n\t\t\t\t\t\t\t<a class=\"e-gallery-item elementor-gallery-item elementor-animated-content\" href=\"https:\/\/www.lichen.pl\/wp-content\/uploads\/2021\/06\/Mateusz-Rzewuski-15.jpg\" data-elementor-open-lightbox=\"yes\" data-elementor-lightbox-slideshow=\"c568e57\" data-elementor-lightbox-title=\"Koncert Mateusz Rzewuski, Basilica Sonans 27 czerwca 2021 r.\" data-e-action-hash=\"#elementor-action%3Aaction%3Dlightbox%26settings%3DeyJpZCI6MTU4NzgsInVybCI6Imh0dHBzOlwvXC93d3cubGljaGVuLnBsXC93cC1jb250ZW50XC91cGxvYWRzXC8yMDIxXC8wNlwvTWF0ZXVzei1SemV3dXNraS0xNS5qcGciLCJzbGlkZXNob3ciOiJjNTY4ZTU3In0%3D\">\n\t\t\t\t\t<div class=\"e-gallery-image elementor-gallery-item__image\" data-thumbnail=\"https:\/\/www.lichen.pl\/wp-content\/uploads\/2021\/06\/Mateusz-Rzewuski-15-768x1152.jpg\" data-width=\"768\" data-height=\"1152\" aria-label=\"\" role=\"img\" ><\/div>\n\t\t\t\t\t\t\t\t\t\t\t<div class=\"elementor-gallery-item__overlay\"><\/div>\n\t\t\t\t\t\t\t\t\t\t\t\t\t\t<\/a>\n\t\t\t\t\t<\/div>\n\t\t\t\t\t<\/div>\n\t\t\t\t<\/div>\n\t\t\t\t<div class=\"elementor-element elementor-element-69f5a2a elementor-widget-divider--view-line elementor-widget elementor-widget-divider\" data-id=\"69f5a2a\" data-element_type=\"widget\" data-e-type=\"widget\" data-widget_type=\"divider.default\">\n\t\t\t\t<div class=\"elementor-widget-container\">\n\t\t\t\t\t\t\t<div class=\"elementor-divider\">\n\t\t\t<span class=\"elementor-divider-separator\">\n\t\t\t\t\t\t<\/span>\n\t\t<\/div>\n\t\t\t\t\t\t<\/div>\n\t\t\t\t<\/div>\n\t\t\t\t<div class=\"elementor-element elementor-element-9c1623a elementor-widget elementor-widget-image\" data-id=\"9c1623a\" data-element_type=\"widget\" data-e-type=\"widget\" data-widget_type=\"image.default\">\n\t\t\t\t<div class=\"elementor-widget-container\">\n\t\t\t\t\t\t\t\t\t\t\t\t<figure class=\"wp-caption\">\n\t\t\t\t\t\t\t\t\t\t<img decoding=\"async\" width=\"768\" height=\"1054\" src=\"https:\/\/www.lichen.pl\/wp-content\/uploads\/2021\/06\/Rzewuski-pion-768x1054.jpg\" class=\"attachment-medium_large size-medium_large wp-image-15044\" alt=\"Mateusz Rzewuski &quot;Basilica Sonans&quot; 27 czerwca 2021\" srcset=\"https:\/\/www.lichen.pl\/wp-content\/uploads\/2021\/06\/Rzewuski-pion-768x1054.jpg 768w, https:\/\/www.lichen.pl\/wp-content\/uploads\/2021\/06\/Rzewuski-pion-scaled-800x1098.jpg 800w, https:\/\/www.lichen.pl\/wp-content\/uploads\/2021\/06\/Rzewuski-pion-219x300.jpg 219w, https:\/\/www.lichen.pl\/wp-content\/uploads\/2021\/06\/Rzewuski-pion-746x1024.jpg 746w, https:\/\/www.lichen.pl\/wp-content\/uploads\/2021\/06\/Rzewuski-pion-1492x2048.jpg 1492w, https:\/\/www.lichen.pl\/wp-content\/uploads\/2021\/06\/Rzewuski-pion-scaled.jpg 933w\" sizes=\"(max-width: 768px) 100vw, 768px\" \/>\t\t\t\t\t\t\t\t\t\t\t<figcaption class=\"widget-image-caption wp-caption-text\">A poster announcing the concert of Mateusz Rzewuski<\/figcaption>\n\t\t\t\t\t\t\t\t\t\t<\/figure>\n\t\t\t\t\t\t\t\t\t<\/div>\n\t\t\t\t<\/div>\n\t\t\t\t<div class=\"elementor-element elementor-element-f7a980b elementor-widget elementor-widget-text-editor\" data-id=\"f7a980b\" data-element_type=\"widget\" data-e-type=\"widget\" data-widget_type=\"text-editor.default\">\n\t\t\t\t<div class=\"elementor-widget-container\">\n\t\t\t\t\t\t\t\t\t<p><span style=\"color: #0000ff;\"><a href=\"http:\/\/www.lichen.pl\/en\/koncerty-organowe\/\" target=\"_blank\" rel=\"noopener\">More on organ concerts in the basilica<\/a><\/span><\/p>\t\t\t\t\t\t\t\t<\/div>\n\t\t\t\t<\/div>\n\t\t\t\t\t<\/div>\n\t\t<\/div>\n\t\t\t\t\t<\/div>\n\t\t<\/section>\n\t\t\t\t<\/div>","protected":false},"excerpt":{"rendered":"<p>Koncertem Dr. Mateusza Rzewuskiego, 27 czerwca, zainaugurowany zosta\u0142 III Mi\u0119dzynarodowy Liche\u0144ski Festiwal Organowy \u201eBasilica Sonans\u201d. Koncerty, kt\u00f3re proponujemy przez ca\u0142e wakacje maj\u0105 cel, by przenie\u015b\u0107 nas do innego \u015bwiata \u2013 \u015bwiata muzyki, pi\u0119kna wyra\u017canego poprzez d\u017awi\u0119ki. Jest to niezwyk\u0142y festiwal, bo niezwyk\u0142e s\u0105 organy, na kt\u00f3rych wykonywane s\u0105 koncerty \u2013 najwi\u0119ksze w Polsce. Duchow\u0105 uczt\u0119 [&hellip;]<\/p>\n","protected":false},"author":2,"featured_media":15039,"comment_status":"open","ping_status":"open","sticky":false,"template":"","format":"standard","meta":{"footnotes":""},"categories":[1],"tags":[],"class_list":["post-15052","post","type-post","status-publish","format-standard","has-post-thumbnail","hentry","category-aktualnosci","wpbf-post"],"yoast_head":"<!-- This site is optimized with the Yoast SEO plugin v27.4 - https:\/\/yoast.com\/product\/yoast-seo-wordpress\/ -->\n<title>Koncert organowy w wykonaniu Mateusza Rzewuskiego. Niedziela, 27 czerwca 2021 r. - SANKTUARIUM W LICHENIU<\/title>\n<meta name=\"robots\" content=\"index, follow, max-snippet:-1, max-image-preview:large, max-video-preview:-1\" \/>\n<link rel=\"canonical\" href=\"http:\/\/www.lichen.pl\/en\/juz-wkrotce-koncert-organowy-w-wykonaniu-mateusza-rzewuskiego-bazylika-27-czerwca-2021-r-godz-14-30\/\" \/>\n<meta property=\"og:locale\" content=\"en_GB\" \/>\n<meta property=\"og:type\" content=\"article\" \/>\n<meta property=\"og:title\" content=\"Koncert organowy w wykonaniu Mateusza Rzewuskiego. Niedziela, 27 czerwca 2021 r. - SANKTUARIUM W LICHENIU\" \/>\n<meta property=\"og:description\" content=\"Koncertem Dr. Mateusza Rzewuskiego, 27 czerwca, zainaugurowany zosta\u0142 III Mi\u0119dzynarodowy Liche\u0144ski Festiwal Organowy \u201eBasilica Sonans\u201d. Koncerty, kt\u00f3re proponujemy przez ca\u0142e wakacje maj\u0105 cel, by przenie\u015b\u0107 nas do innego \u015bwiata \u2013 \u015bwiata muzyki, pi\u0119kna wyra\u017canego poprzez d\u017awi\u0119ki. Jest to niezwyk\u0142y festiwal, bo niezwyk\u0142e s\u0105 organy, na kt\u00f3rych wykonywane s\u0105 koncerty \u2013 najwi\u0119ksze w Polsce. Duchow\u0105 uczt\u0119 [&hellip;]\" \/>\n<meta property=\"og:url\" content=\"http:\/\/www.lichen.pl\/en\/juz-wkrotce-koncert-organowy-w-wykonaniu-mateusza-rzewuskiego-bazylika-27-czerwca-2021-r-godz-14-30\/\" \/>\n<meta property=\"og:site_name\" content=\"SANKTUARIUM W LICHENIU\" \/>\n<meta property=\"article:published_time\" content=\"2021-06-27T19:38:20+00:00\" \/>\n<meta property=\"article:modified_time\" content=\"2021-06-28T20:03:44+00:00\" \/>\n<meta property=\"og:image\" content=\"http:\/\/www.lichen.pl\/wp-content\/uploads\/2021\/06\/Rzewuski-poziom-scaled.jpg\" \/>\n\t<meta property=\"og:image:width\" content=\"1920\" \/>\n\t<meta property=\"og:image:height\" content=\"1359\" \/>\n\t<meta property=\"og:image:type\" content=\"image\/jpeg\" \/>\n<meta name=\"author\" content=\"Arkadiusz Gorgolewski\" \/>\n<meta name=\"twitter:card\" content=\"summary_large_image\" \/>\n<meta name=\"twitter:label1\" content=\"Written by\" \/>\n\t<meta name=\"twitter:data1\" content=\"Arkadiusz Gorgolewski\" \/>\n\t<meta name=\"twitter:label2\" content=\"Estimated reading time\" \/>\n\t<meta name=\"twitter:data2\" content=\"2 minutes\" \/>\n<script type=\"application\/ld+json\" class=\"yoast-schema-graph\">{\"@context\":\"https:\\\/\\\/schema.org\",\"@graph\":[{\"@type\":\"Article\",\"@id\":\"http:\\\/\\\/www.lichen.pl\\\/es\\\/juz-wkrotce-koncert-organowy-w-wykonaniu-mateusza-rzewuskiego-bazylika-27-czerwca-2021-r-godz-14-30\\\/#article\",\"isPartOf\":{\"@id\":\"http:\\\/\\\/www.lichen.pl\\\/es\\\/juz-wkrotce-koncert-organowy-w-wykonaniu-mateusza-rzewuskiego-bazylika-27-czerwca-2021-r-godz-14-30\\\/\"},\"author\":{\"name\":\"Arkadiusz Gorgolewski\",\"@id\":\"https:\\\/\\\/www.lichen.pl\\\/fr\\\/#\\\/schema\\\/person\\\/56fc5b38d70a2b34983408f9a457fd9d\"},\"headline\":\"Koncert organowy w wykonaniu Mateusza Rzewuskiego. Niedziela, 27 czerwca 2021 r.\",\"datePublished\":\"2021-06-27T19:38:20+00:00\",\"dateModified\":\"2021-06-28T20:03:44+00:00\",\"mainEntityOfPage\":{\"@id\":\"http:\\\/\\\/www.lichen.pl\\\/es\\\/juz-wkrotce-koncert-organowy-w-wykonaniu-mateusza-rzewuskiego-bazylika-27-czerwca-2021-r-godz-14-30\\\/\"},\"wordCount\":359,\"commentCount\":0,\"image\":{\"@id\":\"http:\\\/\\\/www.lichen.pl\\\/es\\\/juz-wkrotce-koncert-organowy-w-wykonaniu-mateusza-rzewuskiego-bazylika-27-czerwca-2021-r-godz-14-30\\\/#primaryimage\"},\"thumbnailUrl\":\"https:\\\/\\\/www.lichen.pl\\\/wp-content\\\/uploads\\\/2021\\\/06\\\/Rzewuski-poziom-scaled.jpg\",\"articleSection\":[\"Aktualno\u015bci\"],\"inLanguage\":\"en-GB\",\"potentialAction\":[{\"@type\":\"CommentAction\",\"name\":\"Comment\",\"target\":[\"http:\\\/\\\/www.lichen.pl\\\/es\\\/juz-wkrotce-koncert-organowy-w-wykonaniu-mateusza-rzewuskiego-bazylika-27-czerwca-2021-r-godz-14-30\\\/#respond\"]}]},{\"@type\":\"WebPage\",\"@id\":\"http:\\\/\\\/www.lichen.pl\\\/es\\\/juz-wkrotce-koncert-organowy-w-wykonaniu-mateusza-rzewuskiego-bazylika-27-czerwca-2021-r-godz-14-30\\\/\",\"url\":\"http:\\\/\\\/www.lichen.pl\\\/es\\\/juz-wkrotce-koncert-organowy-w-wykonaniu-mateusza-rzewuskiego-bazylika-27-czerwca-2021-r-godz-14-30\\\/\",\"name\":\"Koncert organowy w wykonaniu Mateusza Rzewuskiego. Niedziela, 27 czerwca 2021 r. - SANKTUARIUM W LICHENIU\",\"isPartOf\":{\"@id\":\"https:\\\/\\\/www.lichen.pl\\\/fr\\\/#website\"},\"primaryImageOfPage\":{\"@id\":\"http:\\\/\\\/www.lichen.pl\\\/es\\\/juz-wkrotce-koncert-organowy-w-wykonaniu-mateusza-rzewuskiego-bazylika-27-czerwca-2021-r-godz-14-30\\\/#primaryimage\"},\"image\":{\"@id\":\"http:\\\/\\\/www.lichen.pl\\\/es\\\/juz-wkrotce-koncert-organowy-w-wykonaniu-mateusza-rzewuskiego-bazylika-27-czerwca-2021-r-godz-14-30\\\/#primaryimage\"},\"thumbnailUrl\":\"https:\\\/\\\/www.lichen.pl\\\/wp-content\\\/uploads\\\/2021\\\/06\\\/Rzewuski-poziom-scaled.jpg\",\"datePublished\":\"2021-06-27T19:38:20+00:00\",\"dateModified\":\"2021-06-28T20:03:44+00:00\",\"author\":{\"@id\":\"https:\\\/\\\/www.lichen.pl\\\/fr\\\/#\\\/schema\\\/person\\\/56fc5b38d70a2b34983408f9a457fd9d\"},\"breadcrumb\":{\"@id\":\"http:\\\/\\\/www.lichen.pl\\\/es\\\/juz-wkrotce-koncert-organowy-w-wykonaniu-mateusza-rzewuskiego-bazylika-27-czerwca-2021-r-godz-14-30\\\/#breadcrumb\"},\"inLanguage\":\"en-GB\",\"potentialAction\":[{\"@type\":\"ReadAction\",\"target\":[\"http:\\\/\\\/www.lichen.pl\\\/es\\\/juz-wkrotce-koncert-organowy-w-wykonaniu-mateusza-rzewuskiego-bazylika-27-czerwca-2021-r-godz-14-30\\\/\"]}]},{\"@type\":\"ImageObject\",\"inLanguage\":\"en-GB\",\"@id\":\"http:\\\/\\\/www.lichen.pl\\\/es\\\/juz-wkrotce-koncert-organowy-w-wykonaniu-mateusza-rzewuskiego-bazylika-27-czerwca-2021-r-godz-14-30\\\/#primaryimage\",\"url\":\"https:\\\/\\\/www.lichen.pl\\\/wp-content\\\/uploads\\\/2021\\\/06\\\/Rzewuski-poziom-scaled.jpg\",\"contentUrl\":\"https:\\\/\\\/www.lichen.pl\\\/wp-content\\\/uploads\\\/2021\\\/06\\\/Rzewuski-poziom-scaled.jpg\",\"width\":1920,\"height\":1359,\"caption\":\"Mateusz Rzewuski, Basilica Sonans, 27 czerwca 2021 r.\"},{\"@type\":\"BreadcrumbList\",\"@id\":\"http:\\\/\\\/www.lichen.pl\\\/es\\\/juz-wkrotce-koncert-organowy-w-wykonaniu-mateusza-rzewuskiego-bazylika-27-czerwca-2021-r-godz-14-30\\\/#breadcrumb\",\"itemListElement\":[{\"@type\":\"ListItem\",\"position\":1,\"name\":\"Strona g\u0142\u00f3wna\",\"item\":\"https:\\\/\\\/www.lichen.pl\\\/\"},{\"@type\":\"ListItem\",\"position\":2,\"name\":\"Koncert organowy w wykonaniu Mateusza Rzewuskiego. Niedziela, 27 czerwca 2021 r.\"}]},{\"@type\":\"WebSite\",\"@id\":\"https:\\\/\\\/www.lichen.pl\\\/fr\\\/#website\",\"url\":\"https:\\\/\\\/www.lichen.pl\\\/fr\\\/\",\"name\":\"SANKTUARIUM W LICHENIU\",\"description\":\"MATKI BO\u017bEJ LICHE\u0143SKIEJ BOLESNEJ KR\u00d3LOWEJ POLSKI\",\"potentialAction\":[{\"@type\":\"SearchAction\",\"target\":{\"@type\":\"EntryPoint\",\"urlTemplate\":\"https:\\\/\\\/www.lichen.pl\\\/fr\\\/?s={search_term_string}\"},\"query-input\":{\"@type\":\"PropertyValueSpecification\",\"valueRequired\":true,\"valueName\":\"search_term_string\"}}],\"inLanguage\":\"en-GB\"},{\"@type\":\"Person\",\"@id\":\"https:\\\/\\\/www.lichen.pl\\\/fr\\\/#\\\/schema\\\/person\\\/56fc5b38d70a2b34983408f9a457fd9d\",\"name\":\"Arkadiusz Gorgolewski\",\"image\":{\"@type\":\"ImageObject\",\"inLanguage\":\"en-GB\",\"@id\":\"https:\\\/\\\/secure.gravatar.com\\\/avatar\\\/0f571b370f5aa245b1fd3b9c945511b004fe17579bdefd5054d99f0ba315149c?s=96&d=retro&r=g\",\"url\":\"https:\\\/\\\/secure.gravatar.com\\\/avatar\\\/0f571b370f5aa245b1fd3b9c945511b004fe17579bdefd5054d99f0ba315149c?s=96&d=retro&r=g\",\"contentUrl\":\"https:\\\/\\\/secure.gravatar.com\\\/avatar\\\/0f571b370f5aa245b1fd3b9c945511b004fe17579bdefd5054d99f0ba315149c?s=96&d=retro&r=g\",\"caption\":\"Arkadiusz Gorgolewski\"},\"url\":\"https:\\\/\\\/www.lichen.pl\\\/en\\\/author\\\/sanadmin\\\/\"}]}<\/script>\n<!-- \/ Yoast SEO plugin. -->","yoast_head_json":{"title":"Koncert organowy w wykonaniu Mateusza Rzewuskiego. Niedziela, 27 czerwca 2021 r. - SANKTUARIUM W LICHENIU","robots":{"index":"index","follow":"follow","max-snippet":"max-snippet:-1","max-image-preview":"max-image-preview:large","max-video-preview":"max-video-preview:-1"},"canonical":"http:\/\/www.lichen.pl\/en\/juz-wkrotce-koncert-organowy-w-wykonaniu-mateusza-rzewuskiego-bazylika-27-czerwca-2021-r-godz-14-30\/","og_locale":"en_GB","og_type":"article","og_title":"Koncert organowy w wykonaniu Mateusza Rzewuskiego. Niedziela, 27 czerwca 2021 r. - SANKTUARIUM W LICHENIU","og_description":"Koncertem Dr. Mateusza Rzewuskiego, 27 czerwca, zainaugurowany zosta\u0142 III Mi\u0119dzynarodowy Liche\u0144ski Festiwal Organowy \u201eBasilica Sonans\u201d. Koncerty, kt\u00f3re proponujemy przez ca\u0142e wakacje maj\u0105 cel, by przenie\u015b\u0107 nas do innego \u015bwiata \u2013 \u015bwiata muzyki, pi\u0119kna wyra\u017canego poprzez d\u017awi\u0119ki. Jest to niezwyk\u0142y festiwal, bo niezwyk\u0142e s\u0105 organy, na kt\u00f3rych wykonywane s\u0105 koncerty \u2013 najwi\u0119ksze w Polsce. Duchow\u0105 uczt\u0119 [&hellip;]","og_url":"http:\/\/www.lichen.pl\/en\/juz-wkrotce-koncert-organowy-w-wykonaniu-mateusza-rzewuskiego-bazylika-27-czerwca-2021-r-godz-14-30\/","og_site_name":"SANKTUARIUM W LICHENIU","article_published_time":"2021-06-27T19:38:20+00:00","article_modified_time":"2021-06-28T20:03:44+00:00","og_image":[{"width":1920,"height":1359,"url":"http:\/\/www.lichen.pl\/wp-content\/uploads\/2021\/06\/Rzewuski-poziom-scaled.jpg","type":"image\/jpeg"}],"author":"Arkadiusz Gorgolewski","twitter_card":"summary_large_image","twitter_misc":{"Written by":"Arkadiusz Gorgolewski","Estimated reading time":"2 minutes"},"schema":{"@context":"https:\/\/schema.org","@graph":[{"@type":"Article","@id":"http:\/\/www.lichen.pl\/es\/juz-wkrotce-koncert-organowy-w-wykonaniu-mateusza-rzewuskiego-bazylika-27-czerwca-2021-r-godz-14-30\/#article","isPartOf":{"@id":"http:\/\/www.lichen.pl\/es\/juz-wkrotce-koncert-organowy-w-wykonaniu-mateusza-rzewuskiego-bazylika-27-czerwca-2021-r-godz-14-30\/"},"author":{"name":"Arkadiusz Gorgolewski","@id":"https:\/\/www.lichen.pl\/fr\/#\/schema\/person\/56fc5b38d70a2b34983408f9a457fd9d"},"headline":"Koncert organowy w wykonaniu Mateusza Rzewuskiego. Niedziela, 27 czerwca 2021 r.","datePublished":"2021-06-27T19:38:20+00:00","dateModified":"2021-06-28T20:03:44+00:00","mainEntityOfPage":{"@id":"http:\/\/www.lichen.pl\/es\/juz-wkrotce-koncert-organowy-w-wykonaniu-mateusza-rzewuskiego-bazylika-27-czerwca-2021-r-godz-14-30\/"},"wordCount":359,"commentCount":0,"image":{"@id":"http:\/\/www.lichen.pl\/es\/juz-wkrotce-koncert-organowy-w-wykonaniu-mateusza-rzewuskiego-bazylika-27-czerwca-2021-r-godz-14-30\/#primaryimage"},"thumbnailUrl":"https:\/\/www.lichen.pl\/wp-content\/uploads\/2021\/06\/Rzewuski-poziom-scaled.jpg","articleSection":["Aktualno\u015bci"],"inLanguage":"en-GB","potentialAction":[{"@type":"CommentAction","name":"Comment","target":["http:\/\/www.lichen.pl\/es\/juz-wkrotce-koncert-organowy-w-wykonaniu-mateusza-rzewuskiego-bazylika-27-czerwca-2021-r-godz-14-30\/#respond"]}]},{"@type":"WebPage","@id":"http:\/\/www.lichen.pl\/es\/juz-wkrotce-koncert-organowy-w-wykonaniu-mateusza-rzewuskiego-bazylika-27-czerwca-2021-r-godz-14-30\/","url":"http:\/\/www.lichen.pl\/es\/juz-wkrotce-koncert-organowy-w-wykonaniu-mateusza-rzewuskiego-bazylika-27-czerwca-2021-r-godz-14-30\/","name":"Koncert organowy w wykonaniu Mateusza Rzewuskiego. Niedziela, 27 czerwca 2021 r. - SANKTUARIUM W LICHENIU","isPartOf":{"@id":"https:\/\/www.lichen.pl\/fr\/#website"},"primaryImageOfPage":{"@id":"http:\/\/www.lichen.pl\/es\/juz-wkrotce-koncert-organowy-w-wykonaniu-mateusza-rzewuskiego-bazylika-27-czerwca-2021-r-godz-14-30\/#primaryimage"},"image":{"@id":"http:\/\/www.lichen.pl\/es\/juz-wkrotce-koncert-organowy-w-wykonaniu-mateusza-rzewuskiego-bazylika-27-czerwca-2021-r-godz-14-30\/#primaryimage"},"thumbnailUrl":"https:\/\/www.lichen.pl\/wp-content\/uploads\/2021\/06\/Rzewuski-poziom-scaled.jpg","datePublished":"2021-06-27T19:38:20+00:00","dateModified":"2021-06-28T20:03:44+00:00","author":{"@id":"https:\/\/www.lichen.pl\/fr\/#\/schema\/person\/56fc5b38d70a2b34983408f9a457fd9d"},"breadcrumb":{"@id":"http:\/\/www.lichen.pl\/es\/juz-wkrotce-koncert-organowy-w-wykonaniu-mateusza-rzewuskiego-bazylika-27-czerwca-2021-r-godz-14-30\/#breadcrumb"},"inLanguage":"en-GB","potentialAction":[{"@type":"ReadAction","target":["http:\/\/www.lichen.pl\/es\/juz-wkrotce-koncert-organowy-w-wykonaniu-mateusza-rzewuskiego-bazylika-27-czerwca-2021-r-godz-14-30\/"]}]},{"@type":"ImageObject","inLanguage":"en-GB","@id":"http:\/\/www.lichen.pl\/es\/juz-wkrotce-koncert-organowy-w-wykonaniu-mateusza-rzewuskiego-bazylika-27-czerwca-2021-r-godz-14-30\/#primaryimage","url":"https:\/\/www.lichen.pl\/wp-content\/uploads\/2021\/06\/Rzewuski-poziom-scaled.jpg","contentUrl":"https:\/\/www.lichen.pl\/wp-content\/uploads\/2021\/06\/Rzewuski-poziom-scaled.jpg","width":1920,"height":1359,"caption":"Mateusz Rzewuski, Basilica Sonans, 27 czerwca 2021 r."},{"@type":"BreadcrumbList","@id":"http:\/\/www.lichen.pl\/es\/juz-wkrotce-koncert-organowy-w-wykonaniu-mateusza-rzewuskiego-bazylika-27-czerwca-2021-r-godz-14-30\/#breadcrumb","itemListElement":[{"@type":"ListItem","position":1,"name":"Strona g\u0142\u00f3wna","item":"https:\/\/www.lichen.pl\/"},{"@type":"ListItem","position":2,"name":"Koncert organowy w wykonaniu Mateusza Rzewuskiego. Niedziela, 27 czerwca 2021 r."}]},{"@type":"WebSite","@id":"https:\/\/www.lichen.pl\/fr\/#website","url":"https:\/\/www.lichen.pl\/fr\/","name":"SANCTUARY IN LICHENIA","description":"OUR LICHEN&#039;S SORROWFUL QUEEN OF POLAND","potentialAction":[{"@type":"SearchAction","target":{"@type":"EntryPoint","urlTemplate":"https:\/\/www.lichen.pl\/fr\/?s={search_term_string}"},"query-input":{"@type":"PropertyValueSpecification","valueRequired":true,"valueName":"search_term_string"}}],"inLanguage":"en-GB"},{"@type":"Person","@id":"https:\/\/www.lichen.pl\/fr\/#\/schema\/person\/56fc5b38d70a2b34983408f9a457fd9d","name":"Arkadiusz Gorgolewski","image":{"@type":"ImageObject","inLanguage":"en-GB","@id":"https:\/\/secure.gravatar.com\/avatar\/0f571b370f5aa245b1fd3b9c945511b004fe17579bdefd5054d99f0ba315149c?s=96&d=retro&r=g","url":"https:\/\/secure.gravatar.com\/avatar\/0f571b370f5aa245b1fd3b9c945511b004fe17579bdefd5054d99f0ba315149c?s=96&d=retro&r=g","contentUrl":"https:\/\/secure.gravatar.com\/avatar\/0f571b370f5aa245b1fd3b9c945511b004fe17579bdefd5054d99f0ba315149c?s=96&d=retro&r=g","caption":"Arkadiusz Gorgolewski"},"url":"https:\/\/www.lichen.pl\/en\/author\/sanadmin\/"}]}},"_links":{"self":[{"href":"https:\/\/www.lichen.pl\/en\/wp-json\/wp\/v2\/posts\/15052","targetHints":{"allow":["GET"]}}],"collection":[{"href":"https:\/\/www.lichen.pl\/en\/wp-json\/wp\/v2\/posts"}],"about":[{"href":"https:\/\/www.lichen.pl\/en\/wp-json\/wp\/v2\/types\/post"}],"author":[{"embeddable":true,"href":"https:\/\/www.lichen.pl\/en\/wp-json\/wp\/v2\/users\/2"}],"replies":[{"embeddable":true,"href":"https:\/\/www.lichen.pl\/en\/wp-json\/wp\/v2\/comments?post=15052"}],"version-history":[{"count":24,"href":"https:\/\/www.lichen.pl\/en\/wp-json\/wp\/v2\/posts\/15052\/revisions"}],"predecessor-version":[{"id":15913,"href":"https:\/\/www.lichen.pl\/en\/wp-json\/wp\/v2\/posts\/15052\/revisions\/15913"}],"wp:featuredmedia":[{"embeddable":true,"href":"https:\/\/www.lichen.pl\/en\/wp-json\/wp\/v2\/media\/15039"}],"wp:attachment":[{"href":"https:\/\/www.lichen.pl\/en\/wp-json\/wp\/v2\/media?parent=15052"}],"wp:term":[{"taxonomy":"category","embeddable":true,"href":"https:\/\/www.lichen.pl\/en\/wp-json\/wp\/v2\/categories?post=15052"},{"taxonomy":"post_tag","embeddable":true,"href":"https:\/\/www.lichen.pl\/en\/wp-json\/wp\/v2\/tags?post=15052"}],"curies":[{"name":"wp","href":"https:\/\/api.w.org\/{rel}","templated":true}]}}