{"id":15502,"date":"2021-06-26T19:37:00","date_gmt":"2021-06-26T19:37:00","guid":{"rendered":"http:\/\/www.lichen.pl\/?p=15502"},"modified":"2021-07-03T12:50:56","modified_gmt":"2021-07-03T12:50:56","slug":"autobusy-mzk-konin-beda-kursowaly-do-lichenia","status":"publish","type":"post","link":"https:\/\/www.lichen.pl\/en\/autobusy-mzk-konin-beda-kursowaly-do-lichenia\/","title":{"rendered":"From June 26, 2021 MZK Konin buses will run regularly to Liche\u0144."},"content":{"rendered":"<div data-elementor-type=\"wp-post\" data-elementor-id=\"15502\" class=\"elementor elementor-15502\" data-elementor-post-type=\"post\">\n\t\t\t\t\t\t<section class=\"elementor-section elementor-top-section elementor-element elementor-element-1e0cb12 elementor-section-boxed elementor-section-height-default elementor-section-height-default\" data-id=\"1e0cb12\" data-element_type=\"section\" data-e-type=\"section\">\n\t\t\t\t\t\t<div class=\"elementor-container elementor-column-gap-default\">\n\t\t\t\t\t<div class=\"elementor-column elementor-col-100 elementor-top-column elementor-element elementor-element-eb60b07\" data-id=\"eb60b07\" data-element_type=\"column\" data-e-type=\"column\">\n\t\t\t<div class=\"elementor-widget-wrap elementor-element-populated\">\n\t\t\t\t\t\t<div class=\"elementor-element elementor-element-b4bd788 elementor-widget elementor-widget-heading\" data-id=\"b4bd788\" data-element_type=\"widget\" data-e-type=\"widget\" data-widget_type=\"heading.default\">\n\t\t\t\t<div class=\"elementor-widget-container\">\n\t\t\t\t\t<h2 class=\"elementor-heading-title elementor-size-default\">From this Saturday, June 26, buses will run to the Marian Sanctuary in Liche\u0144. they are not holidays. \n<\/h2>\t\t\t\t<\/div>\n\t\t\t\t<\/div>\n\t\t\t\t<section class=\"elementor-section elementor-inner-section elementor-element elementor-element-385ce13 elementor-section-boxed elementor-section-height-default elementor-section-height-default\" data-id=\"385ce13\" data-element_type=\"section\" data-e-type=\"section\">\n\t\t\t\t\t\t<div class=\"elementor-container elementor-column-gap-default\">\n\t\t\t\t\t<div class=\"elementor-column elementor-col-50 elementor-inner-column elementor-element elementor-element-4775125\" data-id=\"4775125\" data-element_type=\"column\" data-e-type=\"column\">\n\t\t\t<div class=\"elementor-widget-wrap elementor-element-populated\">\n\t\t\t\t\t\t<div class=\"elementor-element elementor-element-4025483 elementor-widget elementor-widget-text-editor\" data-id=\"4025483\" data-element_type=\"widget\" data-e-type=\"widget\" data-widget_type=\"text-editor.default\">\n\t\t\t\t<div class=\"elementor-widget-container\">\n\t\t\t\t\t\t\t\t\t<p>Buses from Konin will depart from the stop located at the railway station. Their route will run through Aleje 1. Maja, Wyszy\u0144skiego and Jana Paw\u0142a II, stopping at all stops located along these streets.<\/p><p>The final stop in Liche\u0144 will be located in the parking lot next to the pilgrim&#039;s house &quot;Bethlehem&quot;. Outside the administrative boundaries of Konin, the line will stop only at the stop in Las Gr\u0105bli\u0144ski.<\/p><p>Departure times from the Konin Dworzec PKP stop in the direction of Liche\u0144: <strong>9:00 a.m., 10:45 a.m., 1:00 p.m. and 3:00 p.m.<\/strong><\/p><p>Departure times from the Liche\u0144 Dom Pielgrzyma Betlejem stop in the direction of Konin: <strong>9:45, 11:30, 14:00 and 18:00.<\/strong><\/p><p>To travel on line 67 will be valid for tickets identical to other communication lines operated by Miejski Zak\u0142ad Komunikacji in Konin sp. Z oo \u00a0<\/p><p>&#8211; <strong>normal ticket 2.80<\/strong> zloty;<\/p><p>&#8211; <strong>reduced ticket 1.40<\/strong> zloty;<\/p><p>&#8211; <strong>time and season tickets<\/strong>;<\/p><p>&#8211; <strong>tickets for seniors and Honorary Blood Donors<\/strong>.<\/p><p>Tickets can be purchased at ticket machines located in the city and on buses.<\/p><p>Estimated bus travel time on the Konin-Sanktuarium line in Liche\u0144 is 35 minutes.<\/p>\t\t\t\t\t\t\t\t<\/div>\n\t\t\t\t<\/div>\n\t\t\t\t\t<\/div>\n\t\t<\/div>\n\t\t\t\t<div class=\"elementor-column elementor-col-50 elementor-inner-column elementor-element elementor-element-ff141f0\" data-id=\"ff141f0\" data-element_type=\"column\" data-e-type=\"column\">\n\t\t\t<div class=\"elementor-widget-wrap elementor-element-populated\">\n\t\t\t\t\t\t<div class=\"elementor-element elementor-element-65b9f81 elementor-widget elementor-widget-heading\" data-id=\"65b9f81\" data-element_type=\"widget\" data-e-type=\"widget\" data-widget_type=\"heading.default\">\n\t\t\t\t<div class=\"elementor-widget-container\">\n\t\t\t\t\t<h2 class=\"elementor-heading-title elementor-size-default\">Konin&#039;s bus MZK in Liche\u0144<\/h2>\t\t\t\t<\/div>\n\t\t\t\t<\/div>\n\t\t\t\t<div class=\"elementor-element elementor-element-f6e1c98 elementor-widget elementor-widget-image\" data-id=\"f6e1c98\" data-element_type=\"widget\" data-e-type=\"widget\" data-widget_type=\"image.default\">\n\t\t\t\t<div class=\"elementor-widget-container\">\n\t\t\t\t\t\t\t\t\t\t\t\t<figure class=\"wp-caption\">\n\t\t\t\t\t\t\t\t\t\t<img fetchpriority=\"high\" decoding=\"async\" width=\"1024\" height=\"683\" src=\"https:\/\/www.lichen.pl\/wp-content\/uploads\/2021\/06\/IMG_4043-1024x683.jpg\" class=\"attachment-large size-large wp-image-15511\" alt=\"Konin&#039;s bus MZK in Liche\u0144\" srcset=\"https:\/\/www.lichen.pl\/wp-content\/uploads\/2021\/06\/IMG_4043-1024x683.jpg 1024w, https:\/\/www.lichen.pl\/wp-content\/uploads\/2021\/06\/IMG_4043-800x533.jpg 800w, https:\/\/www.lichen.pl\/wp-content\/uploads\/2021\/06\/IMG_4043-300x200.jpg 300w, https:\/\/www.lichen.pl\/wp-content\/uploads\/2021\/06\/IMG_4043-768x512.jpg 768w, https:\/\/www.lichen.pl\/wp-content\/uploads\/2021\/06\/IMG_4043.jpg 1152w\" sizes=\"(max-width: 1024px) 100vw, 1024px\" \/>\t\t\t\t\t\t\t\t\t\t\t<figcaption class=\"widget-image-caption wp-caption-text\">MZK bus in Liche\u0144<\/figcaption>\n\t\t\t\t\t\t\t\t\t\t<\/figure>\n\t\t\t\t\t\t\t\t\t<\/div>\n\t\t\t\t<\/div>\n\t\t\t\t<div class=\"elementor-element elementor-element-1730ac4 elementor-widget elementor-widget-image\" data-id=\"1730ac4\" data-element_type=\"widget\" data-e-type=\"widget\" data-widget_type=\"image.default\">\n\t\t\t\t<div class=\"elementor-widget-container\">\n\t\t\t\t\t\t\t\t\t\t\t\t<figure class=\"wp-caption\">\n\t\t\t\t\t\t\t\t\t\t<img decoding=\"async\" width=\"1024\" height=\"683\" src=\"https:\/\/www.lichen.pl\/wp-content\/uploads\/2021\/05\/IMG_4007-1024x683.jpg\" class=\"attachment-large size-large wp-image-9355\" alt=\"Autobus\" srcset=\"https:\/\/www.lichen.pl\/wp-content\/uploads\/2021\/05\/IMG_4007-1024x683.jpg 1024w, https:\/\/www.lichen.pl\/wp-content\/uploads\/2021\/05\/IMG_4007-800x533.jpg 800w, https:\/\/www.lichen.pl\/wp-content\/uploads\/2021\/05\/IMG_4007-300x200.jpg 300w, https:\/\/www.lichen.pl\/wp-content\/uploads\/2021\/05\/IMG_4007-768x512.jpg 768w, https:\/\/www.lichen.pl\/wp-content\/uploads\/2021\/05\/IMG_4007.jpg 1152w\" sizes=\"(max-width: 1024px) 100vw, 1024px\" \/>\t\t\t\t\t\t\t\t\t\t\t<figcaption class=\"widget-image-caption wp-caption-text\">MZK bus in Liche\u0144<\/figcaption>\n\t\t\t\t\t\t\t\t\t\t<\/figure>\n\t\t\t\t\t\t\t\t\t<\/div>\n\t\t\t\t<\/div>\n\t\t\t\t\t<\/div>\n\t\t<\/div>\n\t\t\t\t\t<\/div>\n\t\t<\/section>\n\t\t\t\t<section class=\"elementor-section elementor-inner-section elementor-element elementor-element-d2082c4 elementor-section-boxed elementor-section-height-default elementor-section-height-default\" data-id=\"d2082c4\" data-element_type=\"section\" data-e-type=\"section\">\n\t\t\t\t\t\t<div class=\"elementor-container elementor-column-gap-default\">\n\t\t\t\t\t<div class=\"elementor-column elementor-col-100 elementor-inner-column elementor-element elementor-element-39c63bd\" data-id=\"39c63bd\" data-element_type=\"column\" data-e-type=\"column\">\n\t\t\t<div class=\"elementor-widget-wrap elementor-element-populated\">\n\t\t\t\t\t\t<div class=\"elementor-element elementor-element-ae296b7 elementor-widget-divider--view-line elementor-widget elementor-widget-divider\" data-id=\"ae296b7\" data-element_type=\"widget\" data-e-type=\"widget\" data-widget_type=\"divider.default\">\n\t\t\t\t<div class=\"elementor-widget-container\">\n\t\t\t\t\t\t\t<div class=\"elementor-divider\">\n\t\t\t<span class=\"elementor-divider-separator\">\n\t\t\t\t\t\t<\/span>\n\t\t<\/div>\n\t\t\t\t\t\t<\/div>\n\t\t\t\t<\/div>\n\t\t\t\t\t<\/div>\n\t\t<\/div>\n\t\t\t\t\t<\/div>\n\t\t<\/section>\n\t\t\t\t<section class=\"elementor-section elementor-inner-section elementor-element elementor-element-81b3e77 elementor-section-boxed elementor-section-height-default elementor-section-height-default\" data-id=\"81b3e77\" data-element_type=\"section\" data-e-type=\"section\">\n\t\t\t\t\t\t<div class=\"elementor-container elementor-column-gap-default\">\n\t\t\t\t\t<div class=\"elementor-column elementor-col-50 elementor-inner-column elementor-element elementor-element-dbd8b08\" data-id=\"dbd8b08\" data-element_type=\"column\" data-e-type=\"column\">\n\t\t\t<div class=\"elementor-widget-wrap elementor-element-populated\">\n\t\t\t\t\t\t<div class=\"elementor-element elementor-element-9f00350 elementor-widget elementor-widget-image\" data-id=\"9f00350\" data-element_type=\"widget\" data-e-type=\"widget\" data-widget_type=\"image.default\">\n\t\t\t\t<div class=\"elementor-widget-container\">\n\t\t\t\t\t\t\t\t\t\t\t\t\t\t\t<img decoding=\"async\" width=\"768\" height=\"1107\" src=\"https:\/\/www.lichen.pl\/wp-content\/uploads\/2021\/06\/Rozklad-jazdy-Linia-67-Konin-Lichen-768x1107.jpg\" class=\"attachment-medium_large size-medium_large wp-image-15522\" alt=\"\" srcset=\"https:\/\/www.lichen.pl\/wp-content\/uploads\/2021\/06\/Rozklad-jazdy-Linia-67-Konin-Lichen-768x1107.jpg 768w, https:\/\/www.lichen.pl\/wp-content\/uploads\/2021\/06\/Rozklad-jazdy-Linia-67-Konin-Lichen-800x1153.jpg 800w, https:\/\/www.lichen.pl\/wp-content\/uploads\/2021\/06\/Rozklad-jazdy-Linia-67-Konin-Lichen-208x300.jpg 208w, https:\/\/www.lichen.pl\/wp-content\/uploads\/2021\/06\/Rozklad-jazdy-Linia-67-Konin-Lichen-711x1024.jpg 711w, https:\/\/www.lichen.pl\/wp-content\/uploads\/2021\/06\/Rozklad-jazdy-Linia-67-Konin-Lichen-1066x1536.jpg 1066w, https:\/\/www.lichen.pl\/wp-content\/uploads\/2021\/06\/Rozklad-jazdy-Linia-67-Konin-Lichen.jpg 888w\" sizes=\"(max-width: 768px) 100vw, 768px\" \/>\t\t\t\t\t\t\t\t\t\t\t\t\t\t\t<\/div>\n\t\t\t\t<\/div>\n\t\t\t\t\t<\/div>\n\t\t<\/div>\n\t\t\t\t<div class=\"elementor-column elementor-col-50 elementor-inner-column elementor-element elementor-element-c590d53\" data-id=\"c590d53\" data-element_type=\"column\" data-e-type=\"column\">\n\t\t\t<div class=\"elementor-widget-wrap elementor-element-populated\">\n\t\t\t\t\t\t<div class=\"elementor-element elementor-element-8adc496 elementor-widget elementor-widget-image\" data-id=\"8adc496\" data-element_type=\"widget\" data-e-type=\"widget\" data-widget_type=\"image.default\">\n\t\t\t\t<div class=\"elementor-widget-container\">\n\t\t\t\t\t\t\t\t\t\t\t\t\t\t\t<img loading=\"lazy\" decoding=\"async\" width=\"718\" height=\"1024\" src=\"https:\/\/www.lichen.pl\/wp-content\/uploads\/2021\/06\/Rozklad-jazdy-Linia-67-Lichen-Konin-718x1024.jpg\" class=\"attachment-large size-large wp-image-15527\" alt=\"\" srcset=\"https:\/\/www.lichen.pl\/wp-content\/uploads\/2021\/06\/Rozklad-jazdy-Linia-67-Lichen-Konin-718x1024.jpg 718w, https:\/\/www.lichen.pl\/wp-content\/uploads\/2021\/06\/Rozklad-jazdy-Linia-67-Lichen-Konin-800x1142.jpg 800w, https:\/\/www.lichen.pl\/wp-content\/uploads\/2021\/06\/Rozklad-jazdy-Linia-67-Lichen-Konin-210x300.jpg 210w, https:\/\/www.lichen.pl\/wp-content\/uploads\/2021\/06\/Rozklad-jazdy-Linia-67-Lichen-Konin-768x1096.jpg 768w, https:\/\/www.lichen.pl\/wp-content\/uploads\/2021\/06\/Rozklad-jazdy-Linia-67-Lichen-Konin-1076x1536.jpg 1076w, https:\/\/www.lichen.pl\/wp-content\/uploads\/2021\/06\/Rozklad-jazdy-Linia-67-Lichen-Konin.jpg 897w\" sizes=\"(max-width: 718px) 100vw, 718px\" \/>\t\t\t\t\t\t\t\t\t\t\t\t\t\t\t<\/div>\n\t\t\t\t<\/div>\n\t\t\t\t\t<\/div>\n\t\t<\/div>\n\t\t\t\t\t<\/div>\n\t\t<\/section>\n\t\t\t\t<div class=\"elementor-element elementor-element-bc1d4a0 elementor-widget-divider--view-line elementor-widget elementor-widget-divider\" data-id=\"bc1d4a0\" data-element_type=\"widget\" data-e-type=\"widget\" data-widget_type=\"divider.default\">\n\t\t\t\t<div class=\"elementor-widget-container\">\n\t\t\t\t\t\t\t<div class=\"elementor-divider\">\n\t\t\t<span class=\"elementor-divider-separator\">\n\t\t\t\t\t\t<\/span>\n\t\t<\/div>\n\t\t\t\t\t\t<\/div>\n\t\t\t\t<\/div>\n\t\t\t\t\t<\/div>\n\t\t<\/div>\n\t\t\t\t\t<\/div>\n\t\t<\/section>\n\t\t\t\t<\/div>","protected":false},"excerpt":{"rendered":"<p>Pocz\u0105wszy od najbli\u017cszej soboty, 26 czerwca, do Sanktuarium Maryjnego w Licheniu kursowa\u0107 b\u0119d\u0105 autobusy Miejskiego Zak\u0142adu Komunikacji w Koninie sp. z o.o. Przewo\u017anik uruchamia regularn\u0105 lini\u0119 specjaln\u0105 o numerze 67. Nowa linia b\u0119dzie kursowa\u0142a w soboty, niedziele i \u015bwi\u0119ta (tak\u017ce ko\u015bcielne), kt\u00f3re nie s\u0105 dniami wolnymi od pracy. Autobusy z Konina b\u0119d\u0105 odje\u017cd\u017ca\u0142y z przystanku [&hellip;]<\/p>\n","protected":false},"author":4,"featured_media":17663,"comment_status":"open","ping_status":"open","sticky":false,"template":"","format":"standard","meta":{"footnotes":""},"categories":[1],"tags":[],"class_list":["post-15502","post","type-post","status-publish","format-standard","has-post-thumbnail","hentry","category-aktualnosci","wpbf-post"],"yoast_head":"<!-- This site is optimized with the Yoast SEO plugin v27.4 - https:\/\/yoast.com\/product\/yoast-seo-wordpress\/ -->\n<title>Autobusy MZK Konin od 26 czerwca 2021 r. b\u0119d\u0105 regularnie kursowa\u0142y do Lichenia. - SANKTUARIUM W LICHENIU<\/title>\n<meta name=\"robots\" content=\"index, follow, max-snippet:-1, max-image-preview:large, max-video-preview:-1\" \/>\n<link rel=\"canonical\" href=\"http:\/\/www.lichen.pl\/en\/autobusy-mzk-konin-beda-kursowaly-do-lichenia\/\" \/>\n<meta property=\"og:locale\" content=\"en_GB\" \/>\n<meta property=\"og:type\" content=\"article\" \/>\n<meta property=\"og:title\" content=\"Autobusy MZK Konin od 26 czerwca 2021 r. b\u0119d\u0105 regularnie kursowa\u0142y do Lichenia. - SANKTUARIUM W LICHENIU\" \/>\n<meta property=\"og:description\" content=\"Pocz\u0105wszy od najbli\u017cszej soboty, 26 czerwca, do Sanktuarium Maryjnego w Licheniu kursowa\u0107 b\u0119d\u0105 autobusy Miejskiego Zak\u0142adu Komunikacji w Koninie sp. z o.o. Przewo\u017anik uruchamia regularn\u0105 lini\u0119 specjaln\u0105 o numerze 67. Nowa linia b\u0119dzie kursowa\u0142a w soboty, niedziele i \u015bwi\u0119ta (tak\u017ce ko\u015bcielne), kt\u00f3re nie s\u0105 dniami wolnymi od pracy. Autobusy z Konina b\u0119d\u0105 odje\u017cd\u017ca\u0142y z przystanku [&hellip;]\" \/>\n<meta property=\"og:url\" content=\"http:\/\/www.lichen.pl\/en\/autobusy-mzk-konin-beda-kursowaly-do-lichenia\/\" \/>\n<meta property=\"og:site_name\" content=\"SANKTUARIUM W LICHENIU\" \/>\n<meta property=\"article:published_time\" content=\"2021-06-26T19:37:00+00:00\" \/>\n<meta property=\"article:modified_time\" content=\"2021-07-03T12:50:56+00:00\" \/>\n<meta property=\"og:image\" content=\"http:\/\/www.lichen.pl\/wp-content\/uploads\/2021\/06\/MZK.jpg\" \/>\n\t<meta property=\"og:image:width\" content=\"1600\" \/>\n\t<meta property=\"og:image:height\" content=\"1200\" \/>\n\t<meta property=\"og:image:type\" content=\"image\/jpeg\" \/>\n<meta name=\"author\" content=\"ROBERT ADAMCZYK\" \/>\n<meta name=\"twitter:card\" content=\"summary_large_image\" \/>\n<meta name=\"twitter:label1\" content=\"Written by\" \/>\n\t<meta name=\"twitter:data1\" content=\"ROBERT ADAMCZYK\" \/>\n\t<meta name=\"twitter:label2\" content=\"Estimated reading time\" \/>\n\t<meta name=\"twitter:data2\" content=\"2 minutes\" \/>\n<script type=\"application\/ld+json\" class=\"yoast-schema-graph\">{\"@context\":\"https:\\\/\\\/schema.org\",\"@graph\":[{\"@type\":\"Article\",\"@id\":\"http:\\\/\\\/www.lichen.pl\\\/de\\\/autobusy-mzk-konin-beda-kursowaly-do-lichenia\\\/#article\",\"isPartOf\":{\"@id\":\"http:\\\/\\\/www.lichen.pl\\\/de\\\/autobusy-mzk-konin-beda-kursowaly-do-lichenia\\\/\"},\"author\":{\"name\":\"ROBERT ADAMCZYK\",\"@id\":\"https:\\\/\\\/www.lichen.pl\\\/fr\\\/#\\\/schema\\\/person\\\/c06cd926b95870cc59f18d6ee6e33da5\"},\"headline\":\"Autobusy MZK Konin od 26 czerwca 2021 r. b\u0119d\u0105 regularnie kursowa\u0142y do Lichenia.\",\"datePublished\":\"2021-06-26T19:37:00+00:00\",\"dateModified\":\"2021-07-03T12:50:56+00:00\",\"mainEntityOfPage\":{\"@id\":\"http:\\\/\\\/www.lichen.pl\\\/de\\\/autobusy-mzk-konin-beda-kursowaly-do-lichenia\\\/\"},\"wordCount\":250,\"commentCount\":0,\"image\":{\"@id\":\"http:\\\/\\\/www.lichen.pl\\\/de\\\/autobusy-mzk-konin-beda-kursowaly-do-lichenia\\\/#primaryimage\"},\"thumbnailUrl\":\"https:\\\/\\\/www.lichen.pl\\\/wp-content\\\/uploads\\\/2021\\\/06\\\/MZK.jpg\",\"articleSection\":[\"Aktualno\u015bci\"],\"inLanguage\":\"en-GB\",\"potentialAction\":[{\"@type\":\"CommentAction\",\"name\":\"Comment\",\"target\":[\"http:\\\/\\\/www.lichen.pl\\\/de\\\/autobusy-mzk-konin-beda-kursowaly-do-lichenia\\\/#respond\"]}]},{\"@type\":\"WebPage\",\"@id\":\"http:\\\/\\\/www.lichen.pl\\\/de\\\/autobusy-mzk-konin-beda-kursowaly-do-lichenia\\\/\",\"url\":\"http:\\\/\\\/www.lichen.pl\\\/de\\\/autobusy-mzk-konin-beda-kursowaly-do-lichenia\\\/\",\"name\":\"Autobusy MZK Konin od 26 czerwca 2021 r. b\u0119d\u0105 regularnie kursowa\u0142y do Lichenia. - SANKTUARIUM W LICHENIU\",\"isPartOf\":{\"@id\":\"https:\\\/\\\/www.lichen.pl\\\/fr\\\/#website\"},\"primaryImageOfPage\":{\"@id\":\"http:\\\/\\\/www.lichen.pl\\\/de\\\/autobusy-mzk-konin-beda-kursowaly-do-lichenia\\\/#primaryimage\"},\"image\":{\"@id\":\"http:\\\/\\\/www.lichen.pl\\\/de\\\/autobusy-mzk-konin-beda-kursowaly-do-lichenia\\\/#primaryimage\"},\"thumbnailUrl\":\"https:\\\/\\\/www.lichen.pl\\\/wp-content\\\/uploads\\\/2021\\\/06\\\/MZK.jpg\",\"datePublished\":\"2021-06-26T19:37:00+00:00\",\"dateModified\":\"2021-07-03T12:50:56+00:00\",\"author\":{\"@id\":\"https:\\\/\\\/www.lichen.pl\\\/fr\\\/#\\\/schema\\\/person\\\/c06cd926b95870cc59f18d6ee6e33da5\"},\"breadcrumb\":{\"@id\":\"http:\\\/\\\/www.lichen.pl\\\/de\\\/autobusy-mzk-konin-beda-kursowaly-do-lichenia\\\/#breadcrumb\"},\"inLanguage\":\"en-GB\",\"potentialAction\":[{\"@type\":\"ReadAction\",\"target\":[\"http:\\\/\\\/www.lichen.pl\\\/de\\\/autobusy-mzk-konin-beda-kursowaly-do-lichenia\\\/\"]}]},{\"@type\":\"ImageObject\",\"inLanguage\":\"en-GB\",\"@id\":\"http:\\\/\\\/www.lichen.pl\\\/de\\\/autobusy-mzk-konin-beda-kursowaly-do-lichenia\\\/#primaryimage\",\"url\":\"https:\\\/\\\/www.lichen.pl\\\/wp-content\\\/uploads\\\/2021\\\/06\\\/MZK.jpg\",\"contentUrl\":\"https:\\\/\\\/www.lichen.pl\\\/wp-content\\\/uploads\\\/2021\\\/06\\\/MZK.jpg\",\"width\":1600,\"height\":1200},{\"@type\":\"BreadcrumbList\",\"@id\":\"http:\\\/\\\/www.lichen.pl\\\/de\\\/autobusy-mzk-konin-beda-kursowaly-do-lichenia\\\/#breadcrumb\",\"itemListElement\":[{\"@type\":\"ListItem\",\"position\":1,\"name\":\"Strona g\u0142\u00f3wna\",\"item\":\"https:\\\/\\\/www.lichen.pl\\\/\"},{\"@type\":\"ListItem\",\"position\":2,\"name\":\"Autobusy MZK Konin od 26 czerwca 2021 r. b\u0119d\u0105 regularnie kursowa\u0142y do Lichenia.\"}]},{\"@type\":\"WebSite\",\"@id\":\"https:\\\/\\\/www.lichen.pl\\\/fr\\\/#website\",\"url\":\"https:\\\/\\\/www.lichen.pl\\\/fr\\\/\",\"name\":\"SANKTUARIUM W LICHENIU\",\"description\":\"MATKI BO\u017bEJ LICHE\u0143SKIEJ BOLESNEJ KR\u00d3LOWEJ POLSKI\",\"potentialAction\":[{\"@type\":\"SearchAction\",\"target\":{\"@type\":\"EntryPoint\",\"urlTemplate\":\"https:\\\/\\\/www.lichen.pl\\\/fr\\\/?s={search_term_string}\"},\"query-input\":{\"@type\":\"PropertyValueSpecification\",\"valueRequired\":true,\"valueName\":\"search_term_string\"}}],\"inLanguage\":\"en-GB\"},{\"@type\":\"Person\",\"@id\":\"https:\\\/\\\/www.lichen.pl\\\/fr\\\/#\\\/schema\\\/person\\\/c06cd926b95870cc59f18d6ee6e33da5\",\"name\":\"ROBERT ADAMCZYK\",\"image\":{\"@type\":\"ImageObject\",\"inLanguage\":\"en-GB\",\"@id\":\"https:\\\/\\\/secure.gravatar.com\\\/avatar\\\/53c330430596e73552f4c356c2e47c209ff8f6352a5106011c9b6abcce5e00df?s=96&d=retro&r=g\",\"url\":\"https:\\\/\\\/secure.gravatar.com\\\/avatar\\\/53c330430596e73552f4c356c2e47c209ff8f6352a5106011c9b6abcce5e00df?s=96&d=retro&r=g\",\"contentUrl\":\"https:\\\/\\\/secure.gravatar.com\\\/avatar\\\/53c330430596e73552f4c356c2e47c209ff8f6352a5106011c9b6abcce5e00df?s=96&d=retro&r=g\",\"caption\":\"ROBERT ADAMCZYK\"},\"url\":\"https:\\\/\\\/www.lichen.pl\\\/en\\\/author\\\/press\\\/\"}]}<\/script>\n<!-- \/ Yoast SEO plugin. -->","yoast_head_json":{"title":"Autobusy MZK Konin od 26 czerwca 2021 r. b\u0119d\u0105 regularnie kursowa\u0142y do Lichenia. - SANKTUARIUM W LICHENIU","robots":{"index":"index","follow":"follow","max-snippet":"max-snippet:-1","max-image-preview":"max-image-preview:large","max-video-preview":"max-video-preview:-1"},"canonical":"http:\/\/www.lichen.pl\/en\/autobusy-mzk-konin-beda-kursowaly-do-lichenia\/","og_locale":"en_GB","og_type":"article","og_title":"Autobusy MZK Konin od 26 czerwca 2021 r. b\u0119d\u0105 regularnie kursowa\u0142y do Lichenia. - SANKTUARIUM W LICHENIU","og_description":"Pocz\u0105wszy od najbli\u017cszej soboty, 26 czerwca, do Sanktuarium Maryjnego w Licheniu kursowa\u0107 b\u0119d\u0105 autobusy Miejskiego Zak\u0142adu Komunikacji w Koninie sp. z o.o. Przewo\u017anik uruchamia regularn\u0105 lini\u0119 specjaln\u0105 o numerze 67. Nowa linia b\u0119dzie kursowa\u0142a w soboty, niedziele i \u015bwi\u0119ta (tak\u017ce ko\u015bcielne), kt\u00f3re nie s\u0105 dniami wolnymi od pracy. Autobusy z Konina b\u0119d\u0105 odje\u017cd\u017ca\u0142y z przystanku [&hellip;]","og_url":"http:\/\/www.lichen.pl\/en\/autobusy-mzk-konin-beda-kursowaly-do-lichenia\/","og_site_name":"SANKTUARIUM W LICHENIU","article_published_time":"2021-06-26T19:37:00+00:00","article_modified_time":"2021-07-03T12:50:56+00:00","og_image":[{"width":1600,"height":1200,"url":"http:\/\/www.lichen.pl\/wp-content\/uploads\/2021\/06\/MZK.jpg","type":"image\/jpeg"}],"author":"ROBERT ADAMCZYK","twitter_card":"summary_large_image","twitter_misc":{"Written by":"ROBERT ADAMCZYK","Estimated reading time":"2 minutes"},"schema":{"@context":"https:\/\/schema.org","@graph":[{"@type":"Article","@id":"http:\/\/www.lichen.pl\/de\/autobusy-mzk-konin-beda-kursowaly-do-lichenia\/#article","isPartOf":{"@id":"http:\/\/www.lichen.pl\/de\/autobusy-mzk-konin-beda-kursowaly-do-lichenia\/"},"author":{"name":"ROBERT ADAMCZYK","@id":"https:\/\/www.lichen.pl\/fr\/#\/schema\/person\/c06cd926b95870cc59f18d6ee6e33da5"},"headline":"Autobusy MZK Konin od 26 czerwca 2021 r. b\u0119d\u0105 regularnie kursowa\u0142y do Lichenia.","datePublished":"2021-06-26T19:37:00+00:00","dateModified":"2021-07-03T12:50:56+00:00","mainEntityOfPage":{"@id":"http:\/\/www.lichen.pl\/de\/autobusy-mzk-konin-beda-kursowaly-do-lichenia\/"},"wordCount":250,"commentCount":0,"image":{"@id":"http:\/\/www.lichen.pl\/de\/autobusy-mzk-konin-beda-kursowaly-do-lichenia\/#primaryimage"},"thumbnailUrl":"https:\/\/www.lichen.pl\/wp-content\/uploads\/2021\/06\/MZK.jpg","articleSection":["Aktualno\u015bci"],"inLanguage":"en-GB","potentialAction":[{"@type":"CommentAction","name":"Comment","target":["http:\/\/www.lichen.pl\/de\/autobusy-mzk-konin-beda-kursowaly-do-lichenia\/#respond"]}]},{"@type":"WebPage","@id":"http:\/\/www.lichen.pl\/de\/autobusy-mzk-konin-beda-kursowaly-do-lichenia\/","url":"http:\/\/www.lichen.pl\/de\/autobusy-mzk-konin-beda-kursowaly-do-lichenia\/","name":"Autobusy MZK Konin od 26 czerwca 2021 r. b\u0119d\u0105 regularnie kursowa\u0142y do Lichenia. - SANKTUARIUM W LICHENIU","isPartOf":{"@id":"https:\/\/www.lichen.pl\/fr\/#website"},"primaryImageOfPage":{"@id":"http:\/\/www.lichen.pl\/de\/autobusy-mzk-konin-beda-kursowaly-do-lichenia\/#primaryimage"},"image":{"@id":"http:\/\/www.lichen.pl\/de\/autobusy-mzk-konin-beda-kursowaly-do-lichenia\/#primaryimage"},"thumbnailUrl":"https:\/\/www.lichen.pl\/wp-content\/uploads\/2021\/06\/MZK.jpg","datePublished":"2021-06-26T19:37:00+00:00","dateModified":"2021-07-03T12:50:56+00:00","author":{"@id":"https:\/\/www.lichen.pl\/fr\/#\/schema\/person\/c06cd926b95870cc59f18d6ee6e33da5"},"breadcrumb":{"@id":"http:\/\/www.lichen.pl\/de\/autobusy-mzk-konin-beda-kursowaly-do-lichenia\/#breadcrumb"},"inLanguage":"en-GB","potentialAction":[{"@type":"ReadAction","target":["http:\/\/www.lichen.pl\/de\/autobusy-mzk-konin-beda-kursowaly-do-lichenia\/"]}]},{"@type":"ImageObject","inLanguage":"en-GB","@id":"http:\/\/www.lichen.pl\/de\/autobusy-mzk-konin-beda-kursowaly-do-lichenia\/#primaryimage","url":"https:\/\/www.lichen.pl\/wp-content\/uploads\/2021\/06\/MZK.jpg","contentUrl":"https:\/\/www.lichen.pl\/wp-content\/uploads\/2021\/06\/MZK.jpg","width":1600,"height":1200},{"@type":"BreadcrumbList","@id":"http:\/\/www.lichen.pl\/de\/autobusy-mzk-konin-beda-kursowaly-do-lichenia\/#breadcrumb","itemListElement":[{"@type":"ListItem","position":1,"name":"Strona g\u0142\u00f3wna","item":"https:\/\/www.lichen.pl\/"},{"@type":"ListItem","position":2,"name":"Autobusy MZK Konin od 26 czerwca 2021 r. b\u0119d\u0105 regularnie kursowa\u0142y do Lichenia."}]},{"@type":"WebSite","@id":"https:\/\/www.lichen.pl\/fr\/#website","url":"https:\/\/www.lichen.pl\/fr\/","name":"SANCTUARY IN LICHENIA","description":"OUR LICHEN&#039;S SORROWFUL QUEEN OF POLAND","potentialAction":[{"@type":"SearchAction","target":{"@type":"EntryPoint","urlTemplate":"https:\/\/www.lichen.pl\/fr\/?s={search_term_string}"},"query-input":{"@type":"PropertyValueSpecification","valueRequired":true,"valueName":"search_term_string"}}],"inLanguage":"en-GB"},{"@type":"Person","@id":"https:\/\/www.lichen.pl\/fr\/#\/schema\/person\/c06cd926b95870cc59f18d6ee6e33da5","name":"ROBERT ADAMCZYK","image":{"@type":"ImageObject","inLanguage":"en-GB","@id":"https:\/\/secure.gravatar.com\/avatar\/53c330430596e73552f4c356c2e47c209ff8f6352a5106011c9b6abcce5e00df?s=96&d=retro&r=g","url":"https:\/\/secure.gravatar.com\/avatar\/53c330430596e73552f4c356c2e47c209ff8f6352a5106011c9b6abcce5e00df?s=96&d=retro&r=g","contentUrl":"https:\/\/secure.gravatar.com\/avatar\/53c330430596e73552f4c356c2e47c209ff8f6352a5106011c9b6abcce5e00df?s=96&d=retro&r=g","caption":"ROBERT ADAMCZYK"},"url":"https:\/\/www.lichen.pl\/en\/author\/press\/"}]}},"_links":{"self":[{"href":"https:\/\/www.lichen.pl\/en\/wp-json\/wp\/v2\/posts\/15502","targetHints":{"allow":["GET"]}}],"collection":[{"href":"https:\/\/www.lichen.pl\/en\/wp-json\/wp\/v2\/posts"}],"about":[{"href":"https:\/\/www.lichen.pl\/en\/wp-json\/wp\/v2\/types\/post"}],"author":[{"embeddable":true,"href":"https:\/\/www.lichen.pl\/en\/wp-json\/wp\/v2\/users\/4"}],"replies":[{"embeddable":true,"href":"https:\/\/www.lichen.pl\/en\/wp-json\/wp\/v2\/comments?post=15502"}],"version-history":[{"count":12,"href":"https:\/\/www.lichen.pl\/en\/wp-json\/wp\/v2\/posts\/15502\/revisions"}],"predecessor-version":[{"id":15566,"href":"https:\/\/www.lichen.pl\/en\/wp-json\/wp\/v2\/posts\/15502\/revisions\/15566"}],"wp:featuredmedia":[{"embeddable":true,"href":"https:\/\/www.lichen.pl\/en\/wp-json\/wp\/v2\/media\/17663"}],"wp:attachment":[{"href":"https:\/\/www.lichen.pl\/en\/wp-json\/wp\/v2\/media?parent=15502"}],"wp:term":[{"taxonomy":"category","embeddable":true,"href":"https:\/\/www.lichen.pl\/en\/wp-json\/wp\/v2\/categories?post=15502"},{"taxonomy":"post_tag","embeddable":true,"href":"https:\/\/www.lichen.pl\/en\/wp-json\/wp\/v2\/tags?post=15502"}],"curies":[{"name":"wp","href":"https:\/\/api.w.org\/{rel}","templated":true}]}}