{"id":16348,"date":"2021-06-26T09:16:22","date_gmt":"2021-06-26T09:16:22","guid":{"rendered":"http:\/\/www.lichen.pl\/?p=16348"},"modified":"2021-07-03T12:45:36","modified_gmt":"2021-07-03T12:45:36","slug":"ogolnodiecezjalne-formacyjne-spotkanie-dla-liderow-i-animatorow-wspolnot-odnowy-w-duchu-swietym","status":"publish","type":"post","link":"https:\/\/www.lichen.pl\/en\/ogolnodiecezjalne-formacyjne-spotkanie-dla-liderow-i-animatorow-wspolnot-odnowy-w-duchu-swietym\/","title":{"rendered":"Diocesan formation meeting for leaders and animators of Renewal communities in the Holy Spirit"},"content":{"rendered":"<div data-elementor-type=\"wp-post\" data-elementor-id=\"16348\" class=\"elementor elementor-16348\" data-elementor-post-type=\"post\">\n\t\t\t\t\t\t<section class=\"elementor-section elementor-top-section elementor-element elementor-element-80855f2 elementor-section-boxed elementor-section-height-default elementor-section-height-default\" data-id=\"80855f2\" data-element_type=\"section\" data-e-type=\"section\">\n\t\t\t\t\t\t<div class=\"elementor-container elementor-column-gap-default\">\n\t\t\t\t\t<div class=\"elementor-column elementor-col-100 elementor-top-column elementor-element elementor-element-09e9f22\" data-id=\"09e9f22\" data-element_type=\"column\" data-e-type=\"column\">\n\t\t\t<div class=\"elementor-widget-wrap elementor-element-populated\">\n\t\t\t\t\t\t<div class=\"elementor-element elementor-element-d422705 elementor-widget elementor-widget-image\" data-id=\"d422705\" data-element_type=\"widget\" data-e-type=\"widget\" data-widget_type=\"image.default\">\n\t\t\t\t<div class=\"elementor-widget-container\">\n\t\t\t\t\t\t\t\t\t\t\t\t\t\t\t<img fetchpriority=\"high\" decoding=\"async\" width=\"768\" height=\"1024\" src=\"https:\/\/www.lichen.pl\/wp-content\/uploads\/2021\/06\/P1350399-768x1024.jpg\" class=\"attachment-large size-large wp-image-16424\" alt=\"\" srcset=\"https:\/\/www.lichen.pl\/wp-content\/uploads\/2021\/06\/P1350399-768x1024.jpg 768w, https:\/\/www.lichen.pl\/wp-content\/uploads\/2021\/06\/P1350399-800x1067.jpg 800w, https:\/\/www.lichen.pl\/wp-content\/uploads\/2021\/06\/P1350399-225x300.jpg 225w, https:\/\/www.lichen.pl\/wp-content\/uploads\/2021\/06\/P1350399-1152x1536.jpg 1152w, https:\/\/www.lichen.pl\/wp-content\/uploads\/2021\/06\/P1350399.jpg 960w\" sizes=\"(max-width: 768px) 100vw, 768px\" \/>\t\t\t\t\t\t\t\t\t\t\t\t\t\t\t<\/div>\n\t\t\t\t<\/div>\n\t\t\t\t<div class=\"elementor-element elementor-element-183ccb2 elementor-widget elementor-widget-text-editor\" data-id=\"183ccb2\" data-element_type=\"widget\" data-e-type=\"widget\" data-widget_type=\"text-editor.default\">\n\t\t\t\t<div class=\"elementor-widget-container\">\n\t\t\t\t\t\t\t\t\t<p><span style=\"color: #000000;\"><span style=\"font-size: 12.0pt; mso-bidi-font-size: 11.0pt; font-family: 'Times New Roman',serif;\">Cz\u0142onkowie wsp\u00f3lnoty spotkali si\u0119 po raz pierwszy razem od czasu pandemii. Przez ponad rok dzia\u0142alno\u015b\u0107 parafialnych wsp\u00f3lnot by\u0142a zawieszona lub ograniczona.\u00a0<\/span><span style=\"font-family: 'Times New Roman', serif; font-size: 12pt; text-indent: 35.4pt;\">Po rozeznaniu potrzeb organizatorzy postanowili, by dzie\u0144 skupienia w Licheniu by\u0142 spotkaniem modlitewnym, by mogli od\u017cy\u0107 duchowo. \u2013 Podczas spotka\u0144 nie mieli\u015bmy \u017cadnych konferencji i katechez, ale nieustannie razem si\u0119 modlili\u015bmy \u2013 m\u00f3wi\u0142 ks. Krzysztof Antczak, koordynator Odnowy w Duchu \u015awi\u0119tym Diecezji W\u0142oc\u0142awskiej i proboszcz parafii w Sadlnie.<\/span><\/span><\/p><p><span style=\"font-size: 12pt; font-family: 'Times New Roman', serif; color: #000000;\">W parafii \u015bw. Miko\u0142aja Biskupa w Sadlnie spotkania Odnowy w Duchu \u015awi\u0119tym maj\u0105 charakter otwarty. Rozpoczyna je Msza \u015bw., czytanie Biblii po\u0142\u0105czone jest z katechez\u0105, a nast\u0119pnie odbywa si\u0119 spotkanie wsp\u00f3lnoty, w kt\u00f3rym mog\u0105 uczestniczy\u0107 wszyscy parafianie i go\u015bcie. <\/span><\/p><p><span style=\"color: #000000;\"><span style=\"font-size: 12.0pt; mso-bidi-font-size: 11.0pt; font-family: 'Times New Roman',serif;\">Cz\u0142onkowie wsp\u00f3lnoty z niecierpliwo\u015bci\u0105 czekali na dzie\u0144 skupienia. \u2013 Przyjechali\u015bmy z r\u00f3\u017cnych wsp\u00f3lnot z ca\u0142ej diecezji. Bardzo t\u0119sknili\u015bmy za modlitw\u0105 i spotkaniem. Chcieli\u015bmy sprawdzi\u0107, czy jeszcze jeste\u015bmy, niekt\u00f3rzy z nas podczas pandemii zostali w domu i czuli si\u0119 osamotnieni w wierze i relacji z Panem Bogiem. Wsp\u00f3lnota jest potrzebna. Widz\u0119, jacy jeste\u015bmy o\u017cywieni po dniu wsp\u00f3lnej modlitwy, do kt\u00f3rej nas zaprosi\u0142 Pan B\u00f3g. Wydaje mi si\u0119, \u017ce wreszcie oddychamy pe\u0142n\u0105 piersi\u0105, bo wiara prze\u017cywana we wsp\u00f3lnocie, to zupe\u0142nie inny wymiar modlitwy \u2013 stwierdzi\u0142a Daria Ma\u0142ecka, koordynatorka Odnowy w Duchu \u015awi\u0119tym Diecezji W\u0142oc\u0142awskiej z parafii Wniebowzi\u0119cia NMP w Grzegorzewie. Spotkanie zako\u0144czy\u0142a Msza \u015bw.<\/span><span style=\"font-family: 'Times New Roman', serif; font-size: 12pt; text-indent: 35.4pt;\">Liderzy i cz\u0142onkowie wsp\u00f3lnot maj\u0105 nadziej\u0119, \u017ce dzie\u0144 skupienia jest pierwszym krokiem powrotu do regularnych spotka\u0144 i cyklu spotka\u0144 weekendowych trzy razy do roku. Ciesz\u0105 si\u0119, \u017ce ju\u017c nied\u0142ugo mog\u0105 uczestniczy\u0107 w rekolekcjach wakacyjnych w Trz\u0119saczu nad morzem. \u2013 To rekolekcje skierowane do cz\u0142onk\u00f3w Odnowy w Duchu \u015awi\u0119tym, ale nie tylko, r\u00f3wnie\u017c dla wszystkich, kt\u00f3rzy potrzebuj\u0105 spotkania z Bogiem \u2013 zaprasza Daria Ma\u0142ecka.<\/span><\/span><\/p>\t\t\t\t\t\t\t\t<\/div>\n\t\t\t\t<\/div>\n\t\t\t\t\t<\/div>\n\t\t<\/div>\n\t\t\t\t\t<\/div>\n\t\t<\/section>\n\t\t\t\t<section class=\"elementor-section elementor-top-section elementor-element elementor-element-d884163 elementor-section-boxed elementor-section-height-default elementor-section-height-default\" data-id=\"d884163\" data-element_type=\"section\" data-e-type=\"section\">\n\t\t\t\t\t\t<div class=\"elementor-container elementor-column-gap-default\">\n\t\t\t\t\t<div class=\"elementor-column elementor-col-100 elementor-top-column elementor-element elementor-element-4f46b5e\" data-id=\"4f46b5e\" data-element_type=\"column\" data-e-type=\"column\">\n\t\t\t<div class=\"elementor-widget-wrap elementor-element-populated\">\n\t\t\t\t\t\t<div class=\"elementor-element elementor-element-9174220 elementor-widget elementor-widget-gallery\" data-id=\"9174220\" data-element_type=\"widget\" data-e-type=\"widget\" data-settings=\"{&quot;columns&quot;:6,&quot;gap&quot;:{&quot;unit&quot;:&quot;px&quot;,&quot;size&quot;:6,&quot;sizes&quot;:[]},&quot;lazyload&quot;:&quot;yes&quot;,&quot;gallery_layout&quot;:&quot;grid&quot;,&quot;columns_tablet&quot;:2,&quot;columns_mobile&quot;:1,&quot;gap_tablet&quot;:{&quot;unit&quot;:&quot;px&quot;,&quot;size&quot;:10,&quot;sizes&quot;:[]},&quot;gap_mobile&quot;:{&quot;unit&quot;:&quot;px&quot;,&quot;size&quot;:10,&quot;sizes&quot;:[]},&quot;link_to&quot;:&quot;file&quot;,&quot;aspect_ratio&quot;:&quot;3:2&quot;,&quot;overlay_background&quot;:&quot;yes&quot;,&quot;content_hover_animation&quot;:&quot;fade-in&quot;}\" data-widget_type=\"gallery.default\">\n\t\t\t\t<div class=\"elementor-widget-container\">\n\t\t\t\t\t\t\t<div class=\"elementor-gallery__container\">\n\t\t\t\t\t\t\t<a class=\"e-gallery-item elementor-gallery-item elementor-animated-content\" href=\"https:\/\/www.lichen.pl\/wp-content\/uploads\/2021\/06\/P1350394.jpg\" data-elementor-open-lightbox=\"yes\" data-elementor-lightbox-slideshow=\"9174220\" data-elementor-lightbox-title=\"P1350394\" data-e-action-hash=\"#elementor-action%3Aaction%3Dlightbox%26settings%3DeyJpZCI6MTY0MTQsInVybCI6Imh0dHBzOlwvXC93d3cubGljaGVuLnBsXC93cC1jb250ZW50XC91cGxvYWRzXC8yMDIxXC8wNlwvUDEzNTAzOTQuanBnIiwic2xpZGVzaG93IjoiOTE3NDIyMCJ9\">\n\t\t\t\t\t<div class=\"e-gallery-image elementor-gallery-item__image\" data-thumbnail=\"https:\/\/www.lichen.pl\/wp-content\/uploads\/2021\/06\/P1350394-225x300.jpg\" data-width=\"225\" data-height=\"300\" aria-label=\"\" role=\"img\" ><\/div>\n\t\t\t\t\t\t\t\t\t\t\t<div class=\"elementor-gallery-item__overlay\"><\/div>\n\t\t\t\t\t\t\t\t\t\t\t\t\t\t<\/a>\n\t\t\t\t\t\t\t<a class=\"e-gallery-item elementor-gallery-item elementor-animated-content\" href=\"https:\/\/www.lichen.pl\/wp-content\/uploads\/2021\/06\/P1350397.jpg\" data-elementor-open-lightbox=\"yes\" data-elementor-lightbox-slideshow=\"9174220\" data-elementor-lightbox-title=\"P1350397\" data-e-action-hash=\"#elementor-action%3Aaction%3Dlightbox%26settings%3DeyJpZCI6MTY0MTksInVybCI6Imh0dHBzOlwvXC93d3cubGljaGVuLnBsXC93cC1jb250ZW50XC91cGxvYWRzXC8yMDIxXC8wNlwvUDEzNTAzOTcuanBnIiwic2xpZGVzaG93IjoiOTE3NDIyMCJ9\">\n\t\t\t\t\t<div class=\"e-gallery-image elementor-gallery-item__image\" data-thumbnail=\"https:\/\/www.lichen.pl\/wp-content\/uploads\/2021\/06\/P1350397-225x300.jpg\" data-width=\"225\" data-height=\"300\" aria-label=\"\" role=\"img\" ><\/div>\n\t\t\t\t\t\t\t\t\t\t\t<div class=\"elementor-gallery-item__overlay\"><\/div>\n\t\t\t\t\t\t\t\t\t\t\t\t\t\t<\/a>\n\t\t\t\t\t\t\t<a class=\"e-gallery-item elementor-gallery-item elementor-animated-content\" href=\"https:\/\/www.lichen.pl\/wp-content\/uploads\/2021\/06\/P1350400.jpg\" data-elementor-open-lightbox=\"yes\" data-elementor-lightbox-slideshow=\"9174220\" data-elementor-lightbox-title=\"P1350400\" data-e-action-hash=\"#elementor-action%3Aaction%3Dlightbox%26settings%3DeyJpZCI6MTY0MjksInVybCI6Imh0dHBzOlwvXC93d3cubGljaGVuLnBsXC93cC1jb250ZW50XC91cGxvYWRzXC8yMDIxXC8wNlwvUDEzNTA0MDAuanBnIiwic2xpZGVzaG93IjoiOTE3NDIyMCJ9\">\n\t\t\t\t\t<div class=\"e-gallery-image elementor-gallery-item__image\" data-thumbnail=\"https:\/\/www.lichen.pl\/wp-content\/uploads\/2021\/06\/P1350400-300x225.jpg\" data-width=\"300\" data-height=\"225\" aria-label=\"\" role=\"img\" ><\/div>\n\t\t\t\t\t\t\t\t\t\t\t<div class=\"elementor-gallery-item__overlay\"><\/div>\n\t\t\t\t\t\t\t\t\t\t\t\t\t\t<\/a>\n\t\t\t\t\t\t\t<a class=\"e-gallery-item elementor-gallery-item elementor-animated-content\" href=\"https:\/\/www.lichen.pl\/wp-content\/uploads\/2021\/06\/P1350401.jpg\" data-elementor-open-lightbox=\"yes\" data-elementor-lightbox-slideshow=\"9174220\" data-elementor-lightbox-title=\"P1350401\" data-e-action-hash=\"#elementor-action%3Aaction%3Dlightbox%26settings%3DeyJpZCI6MTY0MzQsInVybCI6Imh0dHBzOlwvXC93d3cubGljaGVuLnBsXC93cC1jb250ZW50XC91cGxvYWRzXC8yMDIxXC8wNlwvUDEzNTA0MDEuanBnIiwic2xpZGVzaG93IjoiOTE3NDIyMCJ9\">\n\t\t\t\t\t<div class=\"e-gallery-image elementor-gallery-item__image\" data-thumbnail=\"https:\/\/www.lichen.pl\/wp-content\/uploads\/2021\/06\/P1350401-300x225.jpg\" data-width=\"300\" data-height=\"225\" aria-label=\"\" role=\"img\" ><\/div>\n\t\t\t\t\t\t\t\t\t\t\t<div class=\"elementor-gallery-item__overlay\"><\/div>\n\t\t\t\t\t\t\t\t\t\t\t\t\t\t<\/a>\n\t\t\t\t\t\t\t<a class=\"e-gallery-item elementor-gallery-item elementor-animated-content\" href=\"https:\/\/www.lichen.pl\/wp-content\/uploads\/2021\/06\/P1350403.jpg\" data-elementor-open-lightbox=\"yes\" data-elementor-lightbox-slideshow=\"9174220\" data-elementor-lightbox-title=\"P1350403\" data-e-action-hash=\"#elementor-action%3Aaction%3Dlightbox%26settings%3DeyJpZCI6MTY0MzksInVybCI6Imh0dHBzOlwvXC93d3cubGljaGVuLnBsXC93cC1jb250ZW50XC91cGxvYWRzXC8yMDIxXC8wNlwvUDEzNTA0MDMuanBnIiwic2xpZGVzaG93IjoiOTE3NDIyMCJ9\">\n\t\t\t\t\t<div class=\"e-gallery-image elementor-gallery-item__image\" data-thumbnail=\"https:\/\/www.lichen.pl\/wp-content\/uploads\/2021\/06\/P1350403-300x225.jpg\" data-width=\"300\" data-height=\"225\" aria-label=\"\" role=\"img\" ><\/div>\n\t\t\t\t\t\t\t\t\t\t\t<div class=\"elementor-gallery-item__overlay\"><\/div>\n\t\t\t\t\t\t\t\t\t\t\t\t\t\t<\/a>\n\t\t\t\t\t\t\t<a class=\"e-gallery-item elementor-gallery-item elementor-animated-content\" href=\"https:\/\/www.lichen.pl\/wp-content\/uploads\/2021\/06\/P1350405.jpg\" data-elementor-open-lightbox=\"yes\" data-elementor-lightbox-slideshow=\"9174220\" data-elementor-lightbox-title=\"P1350405\" data-e-action-hash=\"#elementor-action%3Aaction%3Dlightbox%26settings%3DeyJpZCI6MTY0NDQsInVybCI6Imh0dHBzOlwvXC93d3cubGljaGVuLnBsXC93cC1jb250ZW50XC91cGxvYWRzXC8yMDIxXC8wNlwvUDEzNTA0MDUuanBnIiwic2xpZGVzaG93IjoiOTE3NDIyMCJ9\">\n\t\t\t\t\t<div class=\"e-gallery-image elementor-gallery-item__image\" data-thumbnail=\"https:\/\/www.lichen.pl\/wp-content\/uploads\/2021\/06\/P1350405-225x300.jpg\" data-width=\"225\" data-height=\"300\" aria-label=\"\" role=\"img\" ><\/div>\n\t\t\t\t\t\t\t\t\t\t\t<div class=\"elementor-gallery-item__overlay\"><\/div>\n\t\t\t\t\t\t\t\t\t\t\t\t\t\t<\/a>\n\t\t\t\t\t<\/div>\n\t\t\t\t\t<\/div>\n\t\t\t\t<\/div>\n\t\t\t\t<div class=\"elementor-element elementor-element-150db31 elementor-widget-divider--view-line elementor-widget elementor-widget-divider\" data-id=\"150db31\" data-element_type=\"widget\" data-e-type=\"widget\" data-widget_type=\"divider.default\">\n\t\t\t\t<div class=\"elementor-widget-container\">\n\t\t\t\t\t\t\t<div class=\"elementor-divider\">\n\t\t\t<span class=\"elementor-divider-separator\">\n\t\t\t\t\t\t<\/span>\n\t\t<\/div>\n\t\t\t\t\t\t<\/div>\n\t\t\t\t<\/div>\n\t\t\t\t\t<\/div>\n\t\t<\/div>\n\t\t\t\t\t<\/div>\n\t\t<\/section>\n\t\t\t\t<\/div>","protected":false},"excerpt":{"rendered":"<p>Cz\u0142onkowie wsp\u00f3lnoty spotkali si\u0119 po raz pierwszy razem od czasu pandemii. Przez ponad rok dzia\u0142alno\u015b\u0107 parafialnych wsp\u00f3lnot by\u0142a zawieszona lub ograniczona. Po rozeznaniu potrzeb organizatorzy postanowili, by dzie\u0144 skupienia w Licheniu by\u0142 spotkaniem modlitewnym, by mogli od\u017cy\u0107 duchowo. \u2013 Podczas spotka\u0144 nie mieli\u015bmy \u017cadnych konferencji i katechez, ale nieustannie razem si\u0119 modlili\u015bmy \u2013 m\u00f3wi\u0142 ks. [&hellip;]<\/p>\n","protected":false},"author":6,"featured_media":16424,"comment_status":"open","ping_status":"open","sticky":false,"template":"","format":"standard","meta":{"footnotes":""},"categories":[1],"tags":[],"class_list":["post-16348","post","type-post","status-publish","format-standard","has-post-thumbnail","hentry","category-aktualnosci","wpbf-post"],"yoast_head":"<!-- This site is optimized with the Yoast SEO plugin v27.4 - https:\/\/yoast.com\/product\/yoast-seo-wordpress\/ -->\n<title>Og\u00f3lnodiecezjalne formacyjne spotkanie dla lider\u00f3w i animator\u00f3w wsp\u00f3lnot Odnowy w Duchu \u015awi\u0119tym - SANKTUARIUM W LICHENIU<\/title>\n<meta name=\"robots\" content=\"index, follow, max-snippet:-1, max-image-preview:large, max-video-preview:-1\" \/>\n<link rel=\"canonical\" href=\"http:\/\/www.lichen.pl\/en\/ogolnodiecezjalne-formacyjne-spotkanie-dla-liderow-i-animatorow-wspolnot-odnowy-w-duchu-swietym\/\" \/>\n<meta property=\"og:locale\" content=\"en_GB\" \/>\n<meta property=\"og:type\" content=\"article\" \/>\n<meta property=\"og:title\" content=\"Og\u00f3lnodiecezjalne formacyjne spotkanie dla lider\u00f3w i animator\u00f3w wsp\u00f3lnot Odnowy w Duchu \u015awi\u0119tym - SANKTUARIUM W LICHENIU\" \/>\n<meta property=\"og:description\" content=\"Cz\u0142onkowie wsp\u00f3lnoty spotkali si\u0119 po raz pierwszy razem od czasu pandemii. Przez ponad rok dzia\u0142alno\u015b\u0107 parafialnych wsp\u00f3lnot by\u0142a zawieszona lub ograniczona. Po rozeznaniu potrzeb organizatorzy postanowili, by dzie\u0144 skupienia w Licheniu by\u0142 spotkaniem modlitewnym, by mogli od\u017cy\u0107 duchowo. \u2013 Podczas spotka\u0144 nie mieli\u015bmy \u017cadnych konferencji i katechez, ale nieustannie razem si\u0119 modlili\u015bmy \u2013 m\u00f3wi\u0142 ks. [&hellip;]\" \/>\n<meta property=\"og:url\" content=\"http:\/\/www.lichen.pl\/en\/ogolnodiecezjalne-formacyjne-spotkanie-dla-liderow-i-animatorow-wspolnot-odnowy-w-duchu-swietym\/\" \/>\n<meta property=\"og:site_name\" content=\"SANKTUARIUM W LICHENIU\" \/>\n<meta property=\"article:published_time\" content=\"2021-06-26T09:16:22+00:00\" \/>\n<meta property=\"article:modified_time\" content=\"2021-07-03T12:45:36+00:00\" \/>\n<meta property=\"og:image\" content=\"http:\/\/www.lichen.pl\/wp-content\/uploads\/2021\/06\/P1350399.jpg\" \/>\n\t<meta property=\"og:image:width\" content=\"960\" \/>\n\t<meta property=\"og:image:height\" content=\"1280\" \/>\n\t<meta property=\"og:image:type\" content=\"image\/jpeg\" \/>\n<meta name=\"author\" content=\"AMELIA SIUDA-KOSZELA\" \/>\n<meta name=\"twitter:card\" content=\"summary_large_image\" \/>\n<meta name=\"twitter:label1\" content=\"Written by\" \/>\n\t<meta name=\"twitter:data1\" content=\"AMELIA SIUDA-KOSZELA\" \/>\n\t<meta name=\"twitter:label2\" content=\"Estimated reading time\" \/>\n\t<meta name=\"twitter:data2\" content=\"2 minutes\" \/>\n<script type=\"application\/ld+json\" class=\"yoast-schema-graph\">{\"@context\":\"https:\\\/\\\/schema.org\",\"@graph\":[{\"@type\":\"Article\",\"@id\":\"http:\\\/\\\/www.lichen.pl\\\/ogolnodiecezjalne-formacyjne-spotkanie-dla-liderow-i-animatorow-wspolnot-odnowy-w-duchu-swietym\\\/#article\",\"isPartOf\":{\"@id\":\"http:\\\/\\\/www.lichen.pl\\\/ogolnodiecezjalne-formacyjne-spotkanie-dla-liderow-i-animatorow-wspolnot-odnowy-w-duchu-swietym\\\/\"},\"author\":{\"name\":\"AMELIA SIUDA-KOSZELA\",\"@id\":\"https:\\\/\\\/www.lichen.pl\\\/fr\\\/#\\\/schema\\\/person\\\/70bf824c102f176cf976b0d90af0d62a\"},\"headline\":\"Og\u00f3lnodiecezjalne formacyjne spotkanie dla lider\u00f3w i animator\u00f3w wsp\u00f3lnot Odnowy w Duchu \u015awi\u0119tym\",\"datePublished\":\"2021-06-26T09:16:22+00:00\",\"dateModified\":\"2021-07-03T12:45:36+00:00\",\"mainEntityOfPage\":{\"@id\":\"http:\\\/\\\/www.lichen.pl\\\/ogolnodiecezjalne-formacyjne-spotkanie-dla-liderow-i-animatorow-wspolnot-odnowy-w-duchu-swietym\\\/\"},\"wordCount\":343,\"commentCount\":0,\"image\":{\"@id\":\"http:\\\/\\\/www.lichen.pl\\\/ogolnodiecezjalne-formacyjne-spotkanie-dla-liderow-i-animatorow-wspolnot-odnowy-w-duchu-swietym\\\/#primaryimage\"},\"thumbnailUrl\":\"https:\\\/\\\/www.lichen.pl\\\/wp-content\\\/uploads\\\/2021\\\/06\\\/P1350399.jpg\",\"articleSection\":[\"Aktualno\u015bci\"],\"inLanguage\":\"en-GB\",\"potentialAction\":[{\"@type\":\"CommentAction\",\"name\":\"Comment\",\"target\":[\"http:\\\/\\\/www.lichen.pl\\\/ogolnodiecezjalne-formacyjne-spotkanie-dla-liderow-i-animatorow-wspolnot-odnowy-w-duchu-swietym\\\/#respond\"]}]},{\"@type\":\"WebPage\",\"@id\":\"http:\\\/\\\/www.lichen.pl\\\/ogolnodiecezjalne-formacyjne-spotkanie-dla-liderow-i-animatorow-wspolnot-odnowy-w-duchu-swietym\\\/\",\"url\":\"http:\\\/\\\/www.lichen.pl\\\/ogolnodiecezjalne-formacyjne-spotkanie-dla-liderow-i-animatorow-wspolnot-odnowy-w-duchu-swietym\\\/\",\"name\":\"Og\u00f3lnodiecezjalne formacyjne spotkanie dla lider\u00f3w i animator\u00f3w wsp\u00f3lnot Odnowy w Duchu \u015awi\u0119tym - SANKTUARIUM W LICHENIU\",\"isPartOf\":{\"@id\":\"https:\\\/\\\/www.lichen.pl\\\/fr\\\/#website\"},\"primaryImageOfPage\":{\"@id\":\"http:\\\/\\\/www.lichen.pl\\\/ogolnodiecezjalne-formacyjne-spotkanie-dla-liderow-i-animatorow-wspolnot-odnowy-w-duchu-swietym\\\/#primaryimage\"},\"image\":{\"@id\":\"http:\\\/\\\/www.lichen.pl\\\/ogolnodiecezjalne-formacyjne-spotkanie-dla-liderow-i-animatorow-wspolnot-odnowy-w-duchu-swietym\\\/#primaryimage\"},\"thumbnailUrl\":\"https:\\\/\\\/www.lichen.pl\\\/wp-content\\\/uploads\\\/2021\\\/06\\\/P1350399.jpg\",\"datePublished\":\"2021-06-26T09:16:22+00:00\",\"dateModified\":\"2021-07-03T12:45:36+00:00\",\"author\":{\"@id\":\"https:\\\/\\\/www.lichen.pl\\\/fr\\\/#\\\/schema\\\/person\\\/70bf824c102f176cf976b0d90af0d62a\"},\"breadcrumb\":{\"@id\":\"http:\\\/\\\/www.lichen.pl\\\/ogolnodiecezjalne-formacyjne-spotkanie-dla-liderow-i-animatorow-wspolnot-odnowy-w-duchu-swietym\\\/#breadcrumb\"},\"inLanguage\":\"en-GB\",\"potentialAction\":[{\"@type\":\"ReadAction\",\"target\":[\"http:\\\/\\\/www.lichen.pl\\\/ogolnodiecezjalne-formacyjne-spotkanie-dla-liderow-i-animatorow-wspolnot-odnowy-w-duchu-swietym\\\/\"]}]},{\"@type\":\"ImageObject\",\"inLanguage\":\"en-GB\",\"@id\":\"http:\\\/\\\/www.lichen.pl\\\/ogolnodiecezjalne-formacyjne-spotkanie-dla-liderow-i-animatorow-wspolnot-odnowy-w-duchu-swietym\\\/#primaryimage\",\"url\":\"https:\\\/\\\/www.lichen.pl\\\/wp-content\\\/uploads\\\/2021\\\/06\\\/P1350399.jpg\",\"contentUrl\":\"https:\\\/\\\/www.lichen.pl\\\/wp-content\\\/uploads\\\/2021\\\/06\\\/P1350399.jpg\",\"width\":960,\"height\":1280},{\"@type\":\"BreadcrumbList\",\"@id\":\"http:\\\/\\\/www.lichen.pl\\\/ogolnodiecezjalne-formacyjne-spotkanie-dla-liderow-i-animatorow-wspolnot-odnowy-w-duchu-swietym\\\/#breadcrumb\",\"itemListElement\":[{\"@type\":\"ListItem\",\"position\":1,\"name\":\"Strona g\u0142\u00f3wna\",\"item\":\"https:\\\/\\\/www.lichen.pl\\\/\"},{\"@type\":\"ListItem\",\"position\":2,\"name\":\"Og\u00f3lnodiecezjalne formacyjne spotkanie dla lider\u00f3w i animator\u00f3w wsp\u00f3lnot Odnowy w Duchu \u015awi\u0119tym\"}]},{\"@type\":\"WebSite\",\"@id\":\"https:\\\/\\\/www.lichen.pl\\\/fr\\\/#website\",\"url\":\"https:\\\/\\\/www.lichen.pl\\\/fr\\\/\",\"name\":\"SANKTUARIUM W LICHENIU\",\"description\":\"MATKI BO\u017bEJ LICHE\u0143SKIEJ BOLESNEJ KR\u00d3LOWEJ POLSKI\",\"potentialAction\":[{\"@type\":\"SearchAction\",\"target\":{\"@type\":\"EntryPoint\",\"urlTemplate\":\"https:\\\/\\\/www.lichen.pl\\\/fr\\\/?s={search_term_string}\"},\"query-input\":{\"@type\":\"PropertyValueSpecification\",\"valueRequired\":true,\"valueName\":\"search_term_string\"}}],\"inLanguage\":\"en-GB\"},{\"@type\":\"Person\",\"@id\":\"https:\\\/\\\/www.lichen.pl\\\/fr\\\/#\\\/schema\\\/person\\\/70bf824c102f176cf976b0d90af0d62a\",\"name\":\"AMELIA SIUDA-KOSZELA\",\"image\":{\"@type\":\"ImageObject\",\"inLanguage\":\"en-GB\",\"@id\":\"https:\\\/\\\/secure.gravatar.com\\\/avatar\\\/a0f9a92186ab02fb8db116f5388e3bc7280dd7bd01565c5d6b7ceb07ff27d6d9?s=96&d=retro&r=g\",\"url\":\"https:\\\/\\\/secure.gravatar.com\\\/avatar\\\/a0f9a92186ab02fb8db116f5388e3bc7280dd7bd01565c5d6b7ceb07ff27d6d9?s=96&d=retro&r=g\",\"contentUrl\":\"https:\\\/\\\/secure.gravatar.com\\\/avatar\\\/a0f9a92186ab02fb8db116f5388e3bc7280dd7bd01565c5d6b7ceb07ff27d6d9?s=96&d=retro&r=g\",\"caption\":\"AMELIA SIUDA-KOSZELA\"},\"url\":\"https:\\\/\\\/www.lichen.pl\\\/en\\\/author\\\/amelia\\\/\"}]}<\/script>\n<!-- \/ Yoast SEO plugin. -->","yoast_head_json":{"title":"Og\u00f3lnodiecezjalne formacyjne spotkanie dla lider\u00f3w i animator\u00f3w wsp\u00f3lnot Odnowy w Duchu \u015awi\u0119tym - SANKTUARIUM W LICHENIU","robots":{"index":"index","follow":"follow","max-snippet":"max-snippet:-1","max-image-preview":"max-image-preview:large","max-video-preview":"max-video-preview:-1"},"canonical":"http:\/\/www.lichen.pl\/en\/ogolnodiecezjalne-formacyjne-spotkanie-dla-liderow-i-animatorow-wspolnot-odnowy-w-duchu-swietym\/","og_locale":"en_GB","og_type":"article","og_title":"Og\u00f3lnodiecezjalne formacyjne spotkanie dla lider\u00f3w i animator\u00f3w wsp\u00f3lnot Odnowy w Duchu \u015awi\u0119tym - SANKTUARIUM W LICHENIU","og_description":"Cz\u0142onkowie wsp\u00f3lnoty spotkali si\u0119 po raz pierwszy razem od czasu pandemii. Przez ponad rok dzia\u0142alno\u015b\u0107 parafialnych wsp\u00f3lnot by\u0142a zawieszona lub ograniczona. Po rozeznaniu potrzeb organizatorzy postanowili, by dzie\u0144 skupienia w Licheniu by\u0142 spotkaniem modlitewnym, by mogli od\u017cy\u0107 duchowo. \u2013 Podczas spotka\u0144 nie mieli\u015bmy \u017cadnych konferencji i katechez, ale nieustannie razem si\u0119 modlili\u015bmy \u2013 m\u00f3wi\u0142 ks. [&hellip;]","og_url":"http:\/\/www.lichen.pl\/en\/ogolnodiecezjalne-formacyjne-spotkanie-dla-liderow-i-animatorow-wspolnot-odnowy-w-duchu-swietym\/","og_site_name":"SANKTUARIUM W LICHENIU","article_published_time":"2021-06-26T09:16:22+00:00","article_modified_time":"2021-07-03T12:45:36+00:00","og_image":[{"width":960,"height":1280,"url":"http:\/\/www.lichen.pl\/wp-content\/uploads\/2021\/06\/P1350399.jpg","type":"image\/jpeg"}],"author":"AMELIA SIUDA-KOSZELA","twitter_card":"summary_large_image","twitter_misc":{"Written by":"AMELIA SIUDA-KOSZELA","Estimated reading time":"2 minutes"},"schema":{"@context":"https:\/\/schema.org","@graph":[{"@type":"Article","@id":"http:\/\/www.lichen.pl\/ogolnodiecezjalne-formacyjne-spotkanie-dla-liderow-i-animatorow-wspolnot-odnowy-w-duchu-swietym\/#article","isPartOf":{"@id":"http:\/\/www.lichen.pl\/ogolnodiecezjalne-formacyjne-spotkanie-dla-liderow-i-animatorow-wspolnot-odnowy-w-duchu-swietym\/"},"author":{"name":"AMELIA SIUDA-KOSZELA","@id":"https:\/\/www.lichen.pl\/fr\/#\/schema\/person\/70bf824c102f176cf976b0d90af0d62a"},"headline":"Og\u00f3lnodiecezjalne formacyjne spotkanie dla lider\u00f3w i animator\u00f3w wsp\u00f3lnot Odnowy w Duchu \u015awi\u0119tym","datePublished":"2021-06-26T09:16:22+00:00","dateModified":"2021-07-03T12:45:36+00:00","mainEntityOfPage":{"@id":"http:\/\/www.lichen.pl\/ogolnodiecezjalne-formacyjne-spotkanie-dla-liderow-i-animatorow-wspolnot-odnowy-w-duchu-swietym\/"},"wordCount":343,"commentCount":0,"image":{"@id":"http:\/\/www.lichen.pl\/ogolnodiecezjalne-formacyjne-spotkanie-dla-liderow-i-animatorow-wspolnot-odnowy-w-duchu-swietym\/#primaryimage"},"thumbnailUrl":"https:\/\/www.lichen.pl\/wp-content\/uploads\/2021\/06\/P1350399.jpg","articleSection":["Aktualno\u015bci"],"inLanguage":"en-GB","potentialAction":[{"@type":"CommentAction","name":"Comment","target":["http:\/\/www.lichen.pl\/ogolnodiecezjalne-formacyjne-spotkanie-dla-liderow-i-animatorow-wspolnot-odnowy-w-duchu-swietym\/#respond"]}]},{"@type":"WebPage","@id":"http:\/\/www.lichen.pl\/ogolnodiecezjalne-formacyjne-spotkanie-dla-liderow-i-animatorow-wspolnot-odnowy-w-duchu-swietym\/","url":"http:\/\/www.lichen.pl\/ogolnodiecezjalne-formacyjne-spotkanie-dla-liderow-i-animatorow-wspolnot-odnowy-w-duchu-swietym\/","name":"Og\u00f3lnodiecezjalne formacyjne spotkanie dla lider\u00f3w i animator\u00f3w wsp\u00f3lnot Odnowy w Duchu \u015awi\u0119tym - SANKTUARIUM W LICHENIU","isPartOf":{"@id":"https:\/\/www.lichen.pl\/fr\/#website"},"primaryImageOfPage":{"@id":"http:\/\/www.lichen.pl\/ogolnodiecezjalne-formacyjne-spotkanie-dla-liderow-i-animatorow-wspolnot-odnowy-w-duchu-swietym\/#primaryimage"},"image":{"@id":"http:\/\/www.lichen.pl\/ogolnodiecezjalne-formacyjne-spotkanie-dla-liderow-i-animatorow-wspolnot-odnowy-w-duchu-swietym\/#primaryimage"},"thumbnailUrl":"https:\/\/www.lichen.pl\/wp-content\/uploads\/2021\/06\/P1350399.jpg","datePublished":"2021-06-26T09:16:22+00:00","dateModified":"2021-07-03T12:45:36+00:00","author":{"@id":"https:\/\/www.lichen.pl\/fr\/#\/schema\/person\/70bf824c102f176cf976b0d90af0d62a"},"breadcrumb":{"@id":"http:\/\/www.lichen.pl\/ogolnodiecezjalne-formacyjne-spotkanie-dla-liderow-i-animatorow-wspolnot-odnowy-w-duchu-swietym\/#breadcrumb"},"inLanguage":"en-GB","potentialAction":[{"@type":"ReadAction","target":["http:\/\/www.lichen.pl\/ogolnodiecezjalne-formacyjne-spotkanie-dla-liderow-i-animatorow-wspolnot-odnowy-w-duchu-swietym\/"]}]},{"@type":"ImageObject","inLanguage":"en-GB","@id":"http:\/\/www.lichen.pl\/ogolnodiecezjalne-formacyjne-spotkanie-dla-liderow-i-animatorow-wspolnot-odnowy-w-duchu-swietym\/#primaryimage","url":"https:\/\/www.lichen.pl\/wp-content\/uploads\/2021\/06\/P1350399.jpg","contentUrl":"https:\/\/www.lichen.pl\/wp-content\/uploads\/2021\/06\/P1350399.jpg","width":960,"height":1280},{"@type":"BreadcrumbList","@id":"http:\/\/www.lichen.pl\/ogolnodiecezjalne-formacyjne-spotkanie-dla-liderow-i-animatorow-wspolnot-odnowy-w-duchu-swietym\/#breadcrumb","itemListElement":[{"@type":"ListItem","position":1,"name":"Strona g\u0142\u00f3wna","item":"https:\/\/www.lichen.pl\/"},{"@type":"ListItem","position":2,"name":"Og\u00f3lnodiecezjalne formacyjne spotkanie dla lider\u00f3w i animator\u00f3w wsp\u00f3lnot Odnowy w Duchu \u015awi\u0119tym"}]},{"@type":"WebSite","@id":"https:\/\/www.lichen.pl\/fr\/#website","url":"https:\/\/www.lichen.pl\/fr\/","name":"SANCTUARY IN LICHENIA","description":"OUR LICHEN&#039;S SORROWFUL QUEEN OF POLAND","potentialAction":[{"@type":"SearchAction","target":{"@type":"EntryPoint","urlTemplate":"https:\/\/www.lichen.pl\/fr\/?s={search_term_string}"},"query-input":{"@type":"PropertyValueSpecification","valueRequired":true,"valueName":"search_term_string"}}],"inLanguage":"en-GB"},{"@type":"Person","@id":"https:\/\/www.lichen.pl\/fr\/#\/schema\/person\/70bf824c102f176cf976b0d90af0d62a","name":"AMELIA SIUDA-KOSZELA","image":{"@type":"ImageObject","inLanguage":"en-GB","@id":"https:\/\/secure.gravatar.com\/avatar\/a0f9a92186ab02fb8db116f5388e3bc7280dd7bd01565c5d6b7ceb07ff27d6d9?s=96&d=retro&r=g","url":"https:\/\/secure.gravatar.com\/avatar\/a0f9a92186ab02fb8db116f5388e3bc7280dd7bd01565c5d6b7ceb07ff27d6d9?s=96&d=retro&r=g","contentUrl":"https:\/\/secure.gravatar.com\/avatar\/a0f9a92186ab02fb8db116f5388e3bc7280dd7bd01565c5d6b7ceb07ff27d6d9?s=96&d=retro&r=g","caption":"AMELIA SIUDA-KOSZELA"},"url":"https:\/\/www.lichen.pl\/en\/author\/amelia\/"}]}},"_links":{"self":[{"href":"https:\/\/www.lichen.pl\/en\/wp-json\/wp\/v2\/posts\/16348","targetHints":{"allow":["GET"]}}],"collection":[{"href":"https:\/\/www.lichen.pl\/en\/wp-json\/wp\/v2\/posts"}],"about":[{"href":"https:\/\/www.lichen.pl\/en\/wp-json\/wp\/v2\/types\/post"}],"author":[{"embeddable":true,"href":"https:\/\/www.lichen.pl\/en\/wp-json\/wp\/v2\/users\/6"}],"replies":[{"embeddable":true,"href":"https:\/\/www.lichen.pl\/en\/wp-json\/wp\/v2\/comments?post=16348"}],"version-history":[{"count":11,"href":"https:\/\/www.lichen.pl\/en\/wp-json\/wp\/v2\/posts\/16348\/revisions"}],"predecessor-version":[{"id":17657,"href":"https:\/\/www.lichen.pl\/en\/wp-json\/wp\/v2\/posts\/16348\/revisions\/17657"}],"wp:featuredmedia":[{"embeddable":true,"href":"https:\/\/www.lichen.pl\/en\/wp-json\/wp\/v2\/media\/16424"}],"wp:attachment":[{"href":"https:\/\/www.lichen.pl\/en\/wp-json\/wp\/v2\/media?parent=16348"}],"wp:term":[{"taxonomy":"category","embeddable":true,"href":"https:\/\/www.lichen.pl\/en\/wp-json\/wp\/v2\/categories?post=16348"},{"taxonomy":"post_tag","embeddable":true,"href":"https:\/\/www.lichen.pl\/en\/wp-json\/wp\/v2\/tags?post=16348"}],"curies":[{"name":"wp","href":"https:\/\/api.w.org\/{rel}","templated":true}]}}