{"id":16834,"date":"2020-08-16T10:45:11","date_gmt":"2020-08-16T10:45:11","guid":{"rendered":"http:\/\/www.lichen.pl\/?p=16834"},"modified":"2021-06-30T10:52:01","modified_gmt":"2021-06-30T10:52:01","slug":"modlili-sie-o-dar-rodzicielstwa","status":"publish","type":"post","link":"https:\/\/www.lichen.pl\/en\/modlili-sie-o-dar-rodzicielstwa\/","title":{"rendered":"They prayed for the gift of parenthood"},"content":{"rendered":"<div data-elementor-type=\"wp-post\" data-elementor-id=\"16834\" class=\"elementor elementor-16834\" data-elementor-post-type=\"post\">\n\t\t\t\t\t\t<section class=\"elementor-section elementor-top-section elementor-element elementor-element-35d46b8 elementor-section-boxed elementor-section-height-default elementor-section-height-default\" data-id=\"35d46b8\" data-element_type=\"section\" data-e-type=\"section\">\n\t\t\t\t\t\t<div class=\"elementor-container elementor-column-gap-default\">\n\t\t\t\t\t<div class=\"elementor-column elementor-col-100 elementor-top-column elementor-element elementor-element-710d055\" data-id=\"710d055\" data-element_type=\"column\" data-e-type=\"column\">\n\t\t\t<div class=\"elementor-widget-wrap elementor-element-populated\">\n\t\t\t\t\t\t<div class=\"elementor-element elementor-element-71496c6 elementor-widget elementor-widget-text-editor\" data-id=\"71496c6\" data-element_type=\"widget\" data-e-type=\"widget\" data-widget_type=\"text-editor.default\">\n\t\t\t\t<div class=\"elementor-widget-container\">\n\t\t\t\t\t\t\t\t\t<p><span style=\"color: #000000;\"><strong>The faithful prayed at the Sanctuary of Our Lady of Liche\u0144 on August 16 for the intention of childless couples who want children.<\/strong><\/span><\/p><p><span style=\"color: #000000;\">- Taking care of the family, we want to notice all problems before Our Lady of Liche\u0144, Patroness of family happiness. Also spouses, who may have been longing for children for many years - said Fr. Janusz Kumala, MIC, custodian of the Lichen sanctuary, welcomes the gathered people during the Sunday noon Mass. The gathered people prayed for the gift of motherhood and fatherhood for childless spouses. - We invite married couples to kneel with faith and trust before Mary and to entrust to her their desire for the gift of parenthood.<\/span><\/p>\t\t\t\t\t\t\t\t<\/div>\n\t\t\t\t<\/div>\n\t\t\t\t<div class=\"elementor-element elementor-element-3724fcd elementor-skin-carousel elementor-arrows-yes elementor-pagination-type-bullets elementor-pagination-position-outside elementor-widget elementor-widget-media-carousel\" data-id=\"3724fcd\" data-element_type=\"widget\" data-e-type=\"widget\" data-settings=\"{&quot;skin&quot;:&quot;carousel&quot;,&quot;effect&quot;:&quot;slide&quot;,&quot;show_arrows&quot;:&quot;yes&quot;,&quot;pagination&quot;:&quot;bullets&quot;,&quot;speed&quot;:500,&quot;autoplay&quot;:&quot;yes&quot;,&quot;autoplay_speed&quot;:5000,&quot;loop&quot;:&quot;yes&quot;,&quot;pause_on_hover&quot;:&quot;yes&quot;,&quot;pause_on_interaction&quot;:&quot;yes&quot;,&quot;space_between&quot;:{&quot;unit&quot;:&quot;px&quot;,&quot;size&quot;:10,&quot;sizes&quot;:[]},&quot;space_between_tablet&quot;:{&quot;unit&quot;:&quot;px&quot;,&quot;size&quot;:10,&quot;sizes&quot;:[]},&quot;space_between_mobile&quot;:{&quot;unit&quot;:&quot;px&quot;,&quot;size&quot;:10,&quot;sizes&quot;:[]}}\" data-widget_type=\"media-carousel.default\">\n\t\t\t\t<div class=\"elementor-widget-container\">\n\t\t\t\t\t\t\t\t\t<div class=\"elementor-swiper\">\n\t\t\t\t\t<div class=\"elementor-main-swiper swiper\" role=\"region\" aria-roledescription=\"carousel\" aria-label=\"Slides\">\n\t\t\t\t<div class=\"swiper-wrapper\">\n\t\t\t\t\t\t\t\t\t\t\t<div class=\"swiper-slide\" role=\"group\" aria-roledescription=\"slide\">\n\t\t\t\t\t\t\t\t\t<div class=\"elementor-carousel-image\" role=\"img\" aria-label=\"16 niedziela093\" style=\"background-image: url(&#039;https:\/\/www.lichen.pl\/wp-content\/uploads\/2021\/06\/16-niedziela093.jpg&#039;)\">\n\n\t\t\t\n\t\t\t\t\t<\/div>\n\t\t\t\t\t\t\t\t<\/div>\n\t\t\t\t\t\t\t\t\t\t\t<div class=\"swiper-slide\" role=\"group\" aria-roledescription=\"slide\">\n\t\t\t\t\t\t\t\t\t<div class=\"elementor-carousel-image\" role=\"img\" aria-label=\"16 niedziela104\" style=\"background-image: url(&#039;https:\/\/www.lichen.pl\/wp-content\/uploads\/2021\/06\/16-niedziela104.jpg&#039;)\">\n\n\t\t\t\n\t\t\t\t\t<\/div>\n\t\t\t\t\t\t\t\t<\/div>\n\t\t\t\t\t\t\t\t\t\t\t<div class=\"swiper-slide\" role=\"group\" aria-roledescription=\"slide\">\n\t\t\t\t\t\t\t\t\t<div class=\"elementor-carousel-image\" role=\"img\" aria-label=\"16 niedziela107\" style=\"background-image: url(&#039;https:\/\/www.lichen.pl\/wp-content\/uploads\/2021\/06\/16-niedziela107.jpg&#039;)\">\n\n\t\t\t\n\t\t\t\t\t<\/div>\n\t\t\t\t\t\t\t\t<\/div>\n\t\t\t\t\t\t\t\t\t<\/div>\n\t\t\t\t\t\t\t\t\t\t\t\t\t\t\t<div class=\"elementor-swiper-button elementor-swiper-button-prev\" role=\"button\" tabindex=\"0\" aria-label=\"Previous\" data-no-translation-aria-label=\"\">\n\t\t\t\t\t\t\t<i aria-hidden=\"true\" class=\"eicon-chevron-left\"><\/i>\t\t\t\t\t\t<\/div>\n\t\t\t\t\t\t<div class=\"elementor-swiper-button elementor-swiper-button-next\" role=\"button\" tabindex=\"0\" aria-label=\"Next\" data-no-translation-aria-label=\"\">\n\t\t\t\t\t\t\t<i aria-hidden=\"true\" class=\"eicon-chevron-right\"><\/i>\t\t\t\t\t\t<\/div>\n\t\t\t\t\t\t\t\t\t\t\t\t\t\t\t\t<div class=\"swiper-pagination\"><\/div>\n\t\t\t\t\t\t\t\t\t\t\t\t<\/div>\n\t\t\t\t<\/div>\n\t\t\t\t\t\t\t\t<\/div>\n\t\t\t\t<\/div>\n\t\t\t\t<div class=\"elementor-element elementor-element-7907974 elementor-widget elementor-widget-text-editor\" data-id=\"7907974\" data-element_type=\"widget\" data-e-type=\"widget\" data-widget_type=\"text-editor.default\">\n\t\t\t\t<div class=\"elementor-widget-container\">\n\t\t\t\t\t\t\t\t\t<p><span style=\"color: #000000;\">Marianin recalled that the words of the marriage vows spoken by young spouses reveal to them the truth that offspring is God&#039;s gift. - God is the giver of life. You have to remember that, it was not up to us that we appeared in the world. The source of our life is God - he emphasized, paying attention to the different attitudes of the spouses - from asking for children to accusing God for the lack of children. - Our devotion to God&#039;s will, openness to His action in life, will be a blessing and a source of happiness for us - he said, recalling the testimonies of married couples who after many years enjoy their offspring and examples from the Lichen book of graces.<\/span><\/p><p><span style=\"color: #000000;\">The custodian priest also remembered the difficult situation in Belarus and Lebanon after the disaster in Beirut.<\/span><\/p><p><span style=\"color: #000000;\">After the Eucharist, the faithful received a folder with a prayer to Our Lady of Lichen for spouses who wanted children. At the Sanctuary of Our Lady of Liche\u0144, there is the &quot;NaProTechnologia&quot; Fertility Support Center, which offers modern forms of diagnostics and comprehensive treatment supporting natural procreation.<\/span><\/p>\t\t\t\t\t\t\t\t<\/div>\n\t\t\t\t<\/div>\n\t\t\t\t<div class=\"elementor-element elementor-element-947d2df elementor-widget elementor-widget-gallery\" data-id=\"947d2df\" data-element_type=\"widget\" data-e-type=\"widget\" data-settings=\"{&quot;lazyload&quot;:&quot;yes&quot;,&quot;gallery_layout&quot;:&quot;grid&quot;,&quot;columns&quot;:4,&quot;columns_tablet&quot;:2,&quot;columns_mobile&quot;:1,&quot;gap&quot;:{&quot;unit&quot;:&quot;px&quot;,&quot;size&quot;:10,&quot;sizes&quot;:[]},&quot;gap_tablet&quot;:{&quot;unit&quot;:&quot;px&quot;,&quot;size&quot;:10,&quot;sizes&quot;:[]},&quot;gap_mobile&quot;:{&quot;unit&quot;:&quot;px&quot;,&quot;size&quot;:10,&quot;sizes&quot;:[]},&quot;link_to&quot;:&quot;file&quot;,&quot;aspect_ratio&quot;:&quot;3:2&quot;,&quot;overlay_background&quot;:&quot;yes&quot;,&quot;content_hover_animation&quot;:&quot;fade-in&quot;}\" data-widget_type=\"gallery.default\">\n\t\t\t\t<div class=\"elementor-widget-container\">\n\t\t\t\t\t\t\t<div class=\"elementor-gallery__container\">\n\t\t\t\t\t\t\t<a class=\"e-gallery-item elementor-gallery-item elementor-animated-content\" href=\"https:\/\/www.lichen.pl\/wp-content\/uploads\/2021\/06\/16-niedziela113.jpg\" data-elementor-open-lightbox=\"yes\" data-elementor-lightbox-slideshow=\"947d2df\" data-elementor-lightbox-title=\"16 niedziela113\" data-e-action-hash=\"#elementor-action%3Aaction%3Dlightbox%26settings%3DeyJpZCI6MTY4ODUsInVybCI6Imh0dHBzOlwvXC93d3cubGljaGVuLnBsXC93cC1jb250ZW50XC91cGxvYWRzXC8yMDIxXC8wNlwvMTYtbmllZHppZWxhMTEzLmpwZyIsInNsaWRlc2hvdyI6Ijk0N2QyZGYifQ%3D%3D\">\n\t\t\t\t\t<div class=\"e-gallery-image elementor-gallery-item__image\" data-thumbnail=\"https:\/\/www.lichen.pl\/wp-content\/uploads\/2021\/06\/16-niedziela113-225x300.jpg\" data-width=\"225\" data-height=\"300\" aria-label=\"\" role=\"img\" ><\/div>\n\t\t\t\t\t\t\t\t\t\t\t<div class=\"elementor-gallery-item__overlay\"><\/div>\n\t\t\t\t\t\t\t\t\t\t\t\t\t\t<\/a>\n\t\t\t\t\t\t\t<a class=\"e-gallery-item elementor-gallery-item elementor-animated-content\" href=\"https:\/\/www.lichen.pl\/wp-content\/uploads\/2021\/06\/16-niedziela111.jpg\" data-elementor-open-lightbox=\"yes\" data-elementor-lightbox-slideshow=\"947d2df\" data-elementor-lightbox-title=\"16 niedziela111\" data-e-action-hash=\"#elementor-action%3Aaction%3Dlightbox%26settings%3DeyJpZCI6MTY4ODAsInVybCI6Imh0dHBzOlwvXC93d3cubGljaGVuLnBsXC93cC1jb250ZW50XC91cGxvYWRzXC8yMDIxXC8wNlwvMTYtbmllZHppZWxhMTExLmpwZyIsInNsaWRlc2hvdyI6Ijk0N2QyZGYifQ%3D%3D\">\n\t\t\t\t\t<div class=\"e-gallery-image elementor-gallery-item__image\" data-thumbnail=\"https:\/\/www.lichen.pl\/wp-content\/uploads\/2021\/06\/16-niedziela111-300x225.jpg\" data-width=\"300\" data-height=\"225\" aria-label=\"\" role=\"img\" ><\/div>\n\t\t\t\t\t\t\t\t\t\t\t<div class=\"elementor-gallery-item__overlay\"><\/div>\n\t\t\t\t\t\t\t\t\t\t\t\t\t\t<\/a>\n\t\t\t\t\t\t\t<a class=\"e-gallery-item elementor-gallery-item elementor-animated-content\" href=\"https:\/\/www.lichen.pl\/wp-content\/uploads\/2021\/06\/16-niedziela100.jpg\" data-elementor-open-lightbox=\"yes\" data-elementor-lightbox-slideshow=\"947d2df\" data-elementor-lightbox-title=\"16 niedziela100\" data-e-action-hash=\"#elementor-action%3Aaction%3Dlightbox%26settings%3DeyJpZCI6MTY4NjAsInVybCI6Imh0dHBzOlwvXC93d3cubGljaGVuLnBsXC93cC1jb250ZW50XC91cGxvYWRzXC8yMDIxXC8wNlwvMTYtbmllZHppZWxhMTAwLmpwZyIsInNsaWRlc2hvdyI6Ijk0N2QyZGYifQ%3D%3D\">\n\t\t\t\t\t<div class=\"e-gallery-image elementor-gallery-item__image\" data-thumbnail=\"https:\/\/www.lichen.pl\/wp-content\/uploads\/2021\/06\/16-niedziela100-225x300.jpg\" data-width=\"225\" data-height=\"300\" aria-label=\"\" role=\"img\" ><\/div>\n\t\t\t\t\t\t\t\t\t\t\t<div class=\"elementor-gallery-item__overlay\"><\/div>\n\t\t\t\t\t\t\t\t\t\t\t\t\t\t<\/a>\n\t\t\t\t\t\t\t<a class=\"e-gallery-item elementor-gallery-item elementor-animated-content\" href=\"https:\/\/www.lichen.pl\/wp-content\/uploads\/2021\/06\/16-niedziela098.jpg\" data-elementor-open-lightbox=\"yes\" data-elementor-lightbox-slideshow=\"947d2df\" data-elementor-lightbox-title=\"16 niedziela098\" data-e-action-hash=\"#elementor-action%3Aaction%3Dlightbox%26settings%3DeyJpZCI6MTY4NTUsInVybCI6Imh0dHBzOlwvXC93d3cubGljaGVuLnBsXC93cC1jb250ZW50XC91cGxvYWRzXC8yMDIxXC8wNlwvMTYtbmllZHppZWxhMDk4LmpwZyIsInNsaWRlc2hvdyI6Ijk0N2QyZGYifQ%3D%3D\">\n\t\t\t\t\t<div class=\"e-gallery-image elementor-gallery-item__image\" data-thumbnail=\"https:\/\/www.lichen.pl\/wp-content\/uploads\/2021\/06\/16-niedziela098-300x225.jpg\" data-width=\"300\" data-height=\"225\" aria-label=\"\" role=\"img\" ><\/div>\n\t\t\t\t\t\t\t\t\t\t\t<div class=\"elementor-gallery-item__overlay\"><\/div>\n\t\t\t\t\t\t\t\t\t\t\t\t\t\t<\/a>\n\t\t\t\t\t<\/div>\n\t\t\t\t\t<\/div>\n\t\t\t\t<\/div>\n\t\t\t\t\t<\/div>\n\t\t<\/div>\n\t\t\t\t\t<\/div>\n\t\t<\/section>\n\t\t\t\t<\/div>","protected":false},"excerpt":{"rendered":"<p>W intencji ma\u0142\u017ce\u0144stw bezdzietnych, kt\u00f3re pragn\u0105 potomstwa, modlili si\u0119 wierni w Sanktuarium Matki Bo\u017cej Liche\u0144skiej 16 sierpnia. \u2013 Troszcz\u0105c si\u0119 o rodzin\u0119 chcemy przed Matk\u0105 Bo\u017c\u0105 Liche\u0144sk\u0105, Patronk\u0105 szcz\u0119\u015bcia rodzinnego, zauwa\u017cy\u0107 wszystkie problemy. R\u00f3wnie\u017c ma\u0142\u017conk\u00f3w, kt\u00f3rzy mo\u017ce od wielu lat nosz\u0105 w sobie t\u0119sknot\u0119 za potomstwem \u2013 m\u00f3wi\u0142 ks. Janusz Kumala MIC, kustosz liche\u0144skiego sanktuarium, [&hellip;]<\/p>\n","protected":false},"author":6,"featured_media":16835,"comment_status":"open","ping_status":"open","sticky":false,"template":"","format":"standard","meta":{"footnotes":""},"categories":[1],"tags":[],"class_list":["post-16834","post","type-post","status-publish","format-standard","has-post-thumbnail","hentry","category-aktualnosci","wpbf-post"],"yoast_head":"<!-- This site is optimized with the Yoast SEO plugin v27.4 - https:\/\/yoast.com\/product\/yoast-seo-wordpress\/ -->\n<title>Modlili si\u0119 o dar rodzicielstwa - SANKTUARIUM W LICHENIU<\/title>\n<meta name=\"robots\" content=\"index, follow, max-snippet:-1, max-image-preview:large, max-video-preview:-1\" \/>\n<link rel=\"canonical\" href=\"http:\/\/www.lichen.pl\/en\/modlili-sie-o-dar-rodzicielstwa\/\" \/>\n<meta property=\"og:locale\" content=\"en_GB\" \/>\n<meta property=\"og:type\" content=\"article\" \/>\n<meta property=\"og:title\" content=\"Modlili si\u0119 o dar rodzicielstwa - SANKTUARIUM W LICHENIU\" \/>\n<meta property=\"og:description\" content=\"W intencji ma\u0142\u017ce\u0144stw bezdzietnych, kt\u00f3re pragn\u0105 potomstwa, modlili si\u0119 wierni w Sanktuarium Matki Bo\u017cej Liche\u0144skiej 16 sierpnia. \u2013 Troszcz\u0105c si\u0119 o rodzin\u0119 chcemy przed Matk\u0105 Bo\u017c\u0105 Liche\u0144sk\u0105, Patronk\u0105 szcz\u0119\u015bcia rodzinnego, zauwa\u017cy\u0107 wszystkie problemy. R\u00f3wnie\u017c ma\u0142\u017conk\u00f3w, kt\u00f3rzy mo\u017ce od wielu lat nosz\u0105 w sobie t\u0119sknot\u0119 za potomstwem \u2013 m\u00f3wi\u0142 ks. Janusz Kumala MIC, kustosz liche\u0144skiego sanktuarium, [&hellip;]\" \/>\n<meta property=\"og:url\" content=\"http:\/\/www.lichen.pl\/en\/modlili-sie-o-dar-rodzicielstwa\/\" \/>\n<meta property=\"og:site_name\" content=\"SANKTUARIUM W LICHENIU\" \/>\n<meta property=\"article:published_time\" content=\"2020-08-16T10:45:11+00:00\" \/>\n<meta property=\"article:modified_time\" content=\"2021-06-30T10:52:01+00:00\" \/>\n<meta property=\"og:image\" content=\"http:\/\/www.lichen.pl\/wp-content\/uploads\/2021\/06\/16-niedziela088.jpg\" \/>\n\t<meta property=\"og:image:width\" content=\"1200\" \/>\n\t<meta property=\"og:image:height\" content=\"901\" \/>\n\t<meta property=\"og:image:type\" content=\"image\/jpeg\" \/>\n<meta name=\"author\" content=\"AMELIA SIUDA-KOSZELA\" \/>\n<meta name=\"twitter:card\" content=\"summary_large_image\" \/>\n<meta name=\"twitter:label1\" content=\"Written by\" \/>\n\t<meta name=\"twitter:data1\" content=\"AMELIA SIUDA-KOSZELA\" \/>\n\t<meta name=\"twitter:label2\" content=\"Estimated reading time\" \/>\n\t<meta name=\"twitter:data2\" content=\"2 minutes\" \/>\n<script type=\"application\/ld+json\" class=\"yoast-schema-graph\">{\"@context\":\"https:\\\/\\\/schema.org\",\"@graph\":[{\"@type\":\"Article\",\"@id\":\"http:\\\/\\\/www.lichen.pl\\\/es\\\/modlili-sie-o-dar-rodzicielstwa\\\/#article\",\"isPartOf\":{\"@id\":\"http:\\\/\\\/www.lichen.pl\\\/es\\\/modlili-sie-o-dar-rodzicielstwa\\\/\"},\"author\":{\"name\":\"AMELIA SIUDA-KOSZELA\",\"@id\":\"https:\\\/\\\/www.lichen.pl\\\/fr\\\/#\\\/schema\\\/person\\\/70bf824c102f176cf976b0d90af0d62a\"},\"headline\":\"Modlili si\u0119 o dar rodzicielstwa\",\"datePublished\":\"2020-08-16T10:45:11+00:00\",\"dateModified\":\"2021-06-30T10:52:01+00:00\",\"mainEntityOfPage\":{\"@id\":\"http:\\\/\\\/www.lichen.pl\\\/es\\\/modlili-sie-o-dar-rodzicielstwa\\\/\"},\"wordCount\":331,\"commentCount\":0,\"image\":{\"@id\":\"http:\\\/\\\/www.lichen.pl\\\/es\\\/modlili-sie-o-dar-rodzicielstwa\\\/#primaryimage\"},\"thumbnailUrl\":\"https:\\\/\\\/www.lichen.pl\\\/wp-content\\\/uploads\\\/2021\\\/06\\\/16-niedziela088.jpg\",\"articleSection\":[\"Aktualno\u015bci\"],\"inLanguage\":\"en-GB\",\"potentialAction\":[{\"@type\":\"CommentAction\",\"name\":\"Comment\",\"target\":[\"http:\\\/\\\/www.lichen.pl\\\/es\\\/modlili-sie-o-dar-rodzicielstwa\\\/#respond\"]}]},{\"@type\":\"WebPage\",\"@id\":\"http:\\\/\\\/www.lichen.pl\\\/es\\\/modlili-sie-o-dar-rodzicielstwa\\\/\",\"url\":\"http:\\\/\\\/www.lichen.pl\\\/es\\\/modlili-sie-o-dar-rodzicielstwa\\\/\",\"name\":\"Modlili si\u0119 o dar rodzicielstwa - SANKTUARIUM W LICHENIU\",\"isPartOf\":{\"@id\":\"https:\\\/\\\/www.lichen.pl\\\/fr\\\/#website\"},\"primaryImageOfPage\":{\"@id\":\"http:\\\/\\\/www.lichen.pl\\\/es\\\/modlili-sie-o-dar-rodzicielstwa\\\/#primaryimage\"},\"image\":{\"@id\":\"http:\\\/\\\/www.lichen.pl\\\/es\\\/modlili-sie-o-dar-rodzicielstwa\\\/#primaryimage\"},\"thumbnailUrl\":\"https:\\\/\\\/www.lichen.pl\\\/wp-content\\\/uploads\\\/2021\\\/06\\\/16-niedziela088.jpg\",\"datePublished\":\"2020-08-16T10:45:11+00:00\",\"dateModified\":\"2021-06-30T10:52:01+00:00\",\"author\":{\"@id\":\"https:\\\/\\\/www.lichen.pl\\\/fr\\\/#\\\/schema\\\/person\\\/70bf824c102f176cf976b0d90af0d62a\"},\"breadcrumb\":{\"@id\":\"http:\\\/\\\/www.lichen.pl\\\/es\\\/modlili-sie-o-dar-rodzicielstwa\\\/#breadcrumb\"},\"inLanguage\":\"en-GB\",\"potentialAction\":[{\"@type\":\"ReadAction\",\"target\":[\"http:\\\/\\\/www.lichen.pl\\\/es\\\/modlili-sie-o-dar-rodzicielstwa\\\/\"]}]},{\"@type\":\"ImageObject\",\"inLanguage\":\"en-GB\",\"@id\":\"http:\\\/\\\/www.lichen.pl\\\/es\\\/modlili-sie-o-dar-rodzicielstwa\\\/#primaryimage\",\"url\":\"https:\\\/\\\/www.lichen.pl\\\/wp-content\\\/uploads\\\/2021\\\/06\\\/16-niedziela088.jpg\",\"contentUrl\":\"https:\\\/\\\/www.lichen.pl\\\/wp-content\\\/uploads\\\/2021\\\/06\\\/16-niedziela088.jpg\",\"width\":1200,\"height\":901},{\"@type\":\"BreadcrumbList\",\"@id\":\"http:\\\/\\\/www.lichen.pl\\\/es\\\/modlili-sie-o-dar-rodzicielstwa\\\/#breadcrumb\",\"itemListElement\":[{\"@type\":\"ListItem\",\"position\":1,\"name\":\"Strona g\u0142\u00f3wna\",\"item\":\"https:\\\/\\\/www.lichen.pl\\\/\"},{\"@type\":\"ListItem\",\"position\":2,\"name\":\"Modlili si\u0119 o dar rodzicielstwa\"}]},{\"@type\":\"WebSite\",\"@id\":\"https:\\\/\\\/www.lichen.pl\\\/fr\\\/#website\",\"url\":\"https:\\\/\\\/www.lichen.pl\\\/fr\\\/\",\"name\":\"SANKTUARIUM W LICHENIU\",\"description\":\"MATKI BO\u017bEJ LICHE\u0143SKIEJ BOLESNEJ KR\u00d3LOWEJ POLSKI\",\"potentialAction\":[{\"@type\":\"SearchAction\",\"target\":{\"@type\":\"EntryPoint\",\"urlTemplate\":\"https:\\\/\\\/www.lichen.pl\\\/fr\\\/?s={search_term_string}\"},\"query-input\":{\"@type\":\"PropertyValueSpecification\",\"valueRequired\":true,\"valueName\":\"search_term_string\"}}],\"inLanguage\":\"en-GB\"},{\"@type\":\"Person\",\"@id\":\"https:\\\/\\\/www.lichen.pl\\\/fr\\\/#\\\/schema\\\/person\\\/70bf824c102f176cf976b0d90af0d62a\",\"name\":\"AMELIA SIUDA-KOSZELA\",\"image\":{\"@type\":\"ImageObject\",\"inLanguage\":\"en-GB\",\"@id\":\"https:\\\/\\\/secure.gravatar.com\\\/avatar\\\/a0f9a92186ab02fb8db116f5388e3bc7280dd7bd01565c5d6b7ceb07ff27d6d9?s=96&d=retro&r=g\",\"url\":\"https:\\\/\\\/secure.gravatar.com\\\/avatar\\\/a0f9a92186ab02fb8db116f5388e3bc7280dd7bd01565c5d6b7ceb07ff27d6d9?s=96&d=retro&r=g\",\"contentUrl\":\"https:\\\/\\\/secure.gravatar.com\\\/avatar\\\/a0f9a92186ab02fb8db116f5388e3bc7280dd7bd01565c5d6b7ceb07ff27d6d9?s=96&d=retro&r=g\",\"caption\":\"AMELIA SIUDA-KOSZELA\"},\"url\":\"https:\\\/\\\/www.lichen.pl\\\/en\\\/author\\\/amelia\\\/\"}]}<\/script>\n<!-- \/ Yoast SEO plugin. -->","yoast_head_json":{"title":"Modlili si\u0119 o dar rodzicielstwa - SANKTUARIUM W LICHENIU","robots":{"index":"index","follow":"follow","max-snippet":"max-snippet:-1","max-image-preview":"max-image-preview:large","max-video-preview":"max-video-preview:-1"},"canonical":"http:\/\/www.lichen.pl\/en\/modlili-sie-o-dar-rodzicielstwa\/","og_locale":"en_GB","og_type":"article","og_title":"Modlili si\u0119 o dar rodzicielstwa - SANKTUARIUM W LICHENIU","og_description":"W intencji ma\u0142\u017ce\u0144stw bezdzietnych, kt\u00f3re pragn\u0105 potomstwa, modlili si\u0119 wierni w Sanktuarium Matki Bo\u017cej Liche\u0144skiej 16 sierpnia. \u2013 Troszcz\u0105c si\u0119 o rodzin\u0119 chcemy przed Matk\u0105 Bo\u017c\u0105 Liche\u0144sk\u0105, Patronk\u0105 szcz\u0119\u015bcia rodzinnego, zauwa\u017cy\u0107 wszystkie problemy. R\u00f3wnie\u017c ma\u0142\u017conk\u00f3w, kt\u00f3rzy mo\u017ce od wielu lat nosz\u0105 w sobie t\u0119sknot\u0119 za potomstwem \u2013 m\u00f3wi\u0142 ks. Janusz Kumala MIC, kustosz liche\u0144skiego sanktuarium, [&hellip;]","og_url":"http:\/\/www.lichen.pl\/en\/modlili-sie-o-dar-rodzicielstwa\/","og_site_name":"SANKTUARIUM W LICHENIU","article_published_time":"2020-08-16T10:45:11+00:00","article_modified_time":"2021-06-30T10:52:01+00:00","og_image":[{"width":1200,"height":901,"url":"http:\/\/www.lichen.pl\/wp-content\/uploads\/2021\/06\/16-niedziela088.jpg","type":"image\/jpeg"}],"author":"AMELIA SIUDA-KOSZELA","twitter_card":"summary_large_image","twitter_misc":{"Written by":"AMELIA SIUDA-KOSZELA","Estimated reading time":"2 minutes"},"schema":{"@context":"https:\/\/schema.org","@graph":[{"@type":"Article","@id":"http:\/\/www.lichen.pl\/es\/modlili-sie-o-dar-rodzicielstwa\/#article","isPartOf":{"@id":"http:\/\/www.lichen.pl\/es\/modlili-sie-o-dar-rodzicielstwa\/"},"author":{"name":"AMELIA SIUDA-KOSZELA","@id":"https:\/\/www.lichen.pl\/fr\/#\/schema\/person\/70bf824c102f176cf976b0d90af0d62a"},"headline":"Modlili si\u0119 o dar rodzicielstwa","datePublished":"2020-08-16T10:45:11+00:00","dateModified":"2021-06-30T10:52:01+00:00","mainEntityOfPage":{"@id":"http:\/\/www.lichen.pl\/es\/modlili-sie-o-dar-rodzicielstwa\/"},"wordCount":331,"commentCount":0,"image":{"@id":"http:\/\/www.lichen.pl\/es\/modlili-sie-o-dar-rodzicielstwa\/#primaryimage"},"thumbnailUrl":"https:\/\/www.lichen.pl\/wp-content\/uploads\/2021\/06\/16-niedziela088.jpg","articleSection":["Aktualno\u015bci"],"inLanguage":"en-GB","potentialAction":[{"@type":"CommentAction","name":"Comment","target":["http:\/\/www.lichen.pl\/es\/modlili-sie-o-dar-rodzicielstwa\/#respond"]}]},{"@type":"WebPage","@id":"http:\/\/www.lichen.pl\/es\/modlili-sie-o-dar-rodzicielstwa\/","url":"http:\/\/www.lichen.pl\/es\/modlili-sie-o-dar-rodzicielstwa\/","name":"Modlili si\u0119 o dar rodzicielstwa - SANKTUARIUM W LICHENIU","isPartOf":{"@id":"https:\/\/www.lichen.pl\/fr\/#website"},"primaryImageOfPage":{"@id":"http:\/\/www.lichen.pl\/es\/modlili-sie-o-dar-rodzicielstwa\/#primaryimage"},"image":{"@id":"http:\/\/www.lichen.pl\/es\/modlili-sie-o-dar-rodzicielstwa\/#primaryimage"},"thumbnailUrl":"https:\/\/www.lichen.pl\/wp-content\/uploads\/2021\/06\/16-niedziela088.jpg","datePublished":"2020-08-16T10:45:11+00:00","dateModified":"2021-06-30T10:52:01+00:00","author":{"@id":"https:\/\/www.lichen.pl\/fr\/#\/schema\/person\/70bf824c102f176cf976b0d90af0d62a"},"breadcrumb":{"@id":"http:\/\/www.lichen.pl\/es\/modlili-sie-o-dar-rodzicielstwa\/#breadcrumb"},"inLanguage":"en-GB","potentialAction":[{"@type":"ReadAction","target":["http:\/\/www.lichen.pl\/es\/modlili-sie-o-dar-rodzicielstwa\/"]}]},{"@type":"ImageObject","inLanguage":"en-GB","@id":"http:\/\/www.lichen.pl\/es\/modlili-sie-o-dar-rodzicielstwa\/#primaryimage","url":"https:\/\/www.lichen.pl\/wp-content\/uploads\/2021\/06\/16-niedziela088.jpg","contentUrl":"https:\/\/www.lichen.pl\/wp-content\/uploads\/2021\/06\/16-niedziela088.jpg","width":1200,"height":901},{"@type":"BreadcrumbList","@id":"http:\/\/www.lichen.pl\/es\/modlili-sie-o-dar-rodzicielstwa\/#breadcrumb","itemListElement":[{"@type":"ListItem","position":1,"name":"Strona g\u0142\u00f3wna","item":"https:\/\/www.lichen.pl\/"},{"@type":"ListItem","position":2,"name":"Modlili si\u0119 o dar rodzicielstwa"}]},{"@type":"WebSite","@id":"https:\/\/www.lichen.pl\/fr\/#website","url":"https:\/\/www.lichen.pl\/fr\/","name":"SANCTUARY IN LICHENIA","description":"OUR LICHEN&#039;S SORROWFUL QUEEN OF POLAND","potentialAction":[{"@type":"SearchAction","target":{"@type":"EntryPoint","urlTemplate":"https:\/\/www.lichen.pl\/fr\/?s={search_term_string}"},"query-input":{"@type":"PropertyValueSpecification","valueRequired":true,"valueName":"search_term_string"}}],"inLanguage":"en-GB"},{"@type":"Person","@id":"https:\/\/www.lichen.pl\/fr\/#\/schema\/person\/70bf824c102f176cf976b0d90af0d62a","name":"AMELIA SIUDA-KOSZELA","image":{"@type":"ImageObject","inLanguage":"en-GB","@id":"https:\/\/secure.gravatar.com\/avatar\/a0f9a92186ab02fb8db116f5388e3bc7280dd7bd01565c5d6b7ceb07ff27d6d9?s=96&d=retro&r=g","url":"https:\/\/secure.gravatar.com\/avatar\/a0f9a92186ab02fb8db116f5388e3bc7280dd7bd01565c5d6b7ceb07ff27d6d9?s=96&d=retro&r=g","contentUrl":"https:\/\/secure.gravatar.com\/avatar\/a0f9a92186ab02fb8db116f5388e3bc7280dd7bd01565c5d6b7ceb07ff27d6d9?s=96&d=retro&r=g","caption":"AMELIA SIUDA-KOSZELA"},"url":"https:\/\/www.lichen.pl\/en\/author\/amelia\/"}]}},"_links":{"self":[{"href":"https:\/\/www.lichen.pl\/en\/wp-json\/wp\/v2\/posts\/16834","targetHints":{"allow":["GET"]}}],"collection":[{"href":"https:\/\/www.lichen.pl\/en\/wp-json\/wp\/v2\/posts"}],"about":[{"href":"https:\/\/www.lichen.pl\/en\/wp-json\/wp\/v2\/types\/post"}],"author":[{"embeddable":true,"href":"https:\/\/www.lichen.pl\/en\/wp-json\/wp\/v2\/users\/6"}],"replies":[{"embeddable":true,"href":"https:\/\/www.lichen.pl\/en\/wp-json\/wp\/v2\/comments?post=16834"}],"version-history":[{"count":4,"href":"https:\/\/www.lichen.pl\/en\/wp-json\/wp\/v2\/posts\/16834\/revisions"}],"predecessor-version":[{"id":16918,"href":"https:\/\/www.lichen.pl\/en\/wp-json\/wp\/v2\/posts\/16834\/revisions\/16918"}],"wp:featuredmedia":[{"embeddable":true,"href":"https:\/\/www.lichen.pl\/en\/wp-json\/wp\/v2\/media\/16835"}],"wp:attachment":[{"href":"https:\/\/www.lichen.pl\/en\/wp-json\/wp\/v2\/media?parent=16834"}],"wp:term":[{"taxonomy":"category","embeddable":true,"href":"https:\/\/www.lichen.pl\/en\/wp-json\/wp\/v2\/categories?post=16834"},{"taxonomy":"post_tag","embeddable":true,"href":"https:\/\/www.lichen.pl\/en\/wp-json\/wp\/v2\/tags?post=16834"}],"curies":[{"name":"wp","href":"https:\/\/api.w.org\/{rel}","templated":true}]}}