{"id":19975,"date":"2021-07-25T16:40:52","date_gmt":"2021-07-25T16:40:52","guid":{"rendered":"http:\/\/www.lichen.pl\/28-ogolnopolskie-spotkania-trzezwosciowe-ozywieni-slowem-lichen-23-25-lipca-2021-r-copy\/"},"modified":"2021-07-28T12:19:20","modified_gmt":"2021-07-28T12:19:20","slug":"28-ogolnopolskie-spotkania-trzezwosciowe-ozywieni-slowem-lichen-23-25-lipca-2021-r-copy","status":"publish","type":"post","link":"https:\/\/www.lichen.pl\/en\/28-ogolnopolskie-spotkania-trzezwosciowe-ozywieni-slowem-lichen-23-25-lipca-2021-r-copy\/","title":{"rendered":"World Day of Grandparents and the Elderly in Liche\u0144"},"content":{"rendered":"<div data-elementor-type=\"wp-post\" data-elementor-id=\"19975\" class=\"elementor elementor-19975\" data-elementor-post-type=\"post\">\n\t\t\t\t\t\t<section class=\"elementor-section elementor-top-section elementor-element elementor-element-f153ce1 elementor-section-boxed elementor-section-height-default elementor-section-height-default\" data-id=\"f153ce1\" data-element_type=\"section\" data-e-type=\"section\">\n\t\t\t\t\t\t<div class=\"elementor-container elementor-column-gap-default\">\n\t\t\t\t\t<div class=\"elementor-column elementor-col-100 elementor-top-column elementor-element elementor-element-4e46c03\" data-id=\"4e46c03\" data-element_type=\"column\" data-e-type=\"column\">\n\t\t\t<div class=\"elementor-widget-wrap elementor-element-populated\">\n\t\t\t\t\t\t<div class=\"elementor-element elementor-element-b9c8f25 elementor-blockquote--align-center elementor-blockquote--skin-border elementor-widget elementor-widget-blockquote\" data-id=\"b9c8f25\" data-element_type=\"widget\" data-e-type=\"widget\" data-widget_type=\"blockquote.default\">\n\t\t\t\t<div class=\"elementor-widget-container\">\n\t\t\t\t\t\t\t<blockquote class=\"elementor-blockquote\">\n\t\t\t<p class=\"elementor-blockquote__content\">\n\t\t\t\tLooking at the development of the Lichen sanctuary, at its beginnings, one could say that it was entrusted to seniors. At the age of 63, the shepherd Miko\u0142aj Sikatka experienced the apparition of Our Lady in the Gr\u0105blin forest. In those days, it was a really old man (Rev. Janusz Kumala, MIC, October 21, 2019).\t\t\t<\/p>\n\t\t\t\t\t<\/blockquote>\n\t\t\t\t\t\t<\/div>\n\t\t\t\t<\/div>\n\t\t\t\t<section class=\"elementor-section elementor-inner-section elementor-element elementor-element-f42038b elementor-section-boxed elementor-section-height-default elementor-section-height-default\" data-id=\"f42038b\" data-element_type=\"section\" data-e-type=\"section\">\n\t\t\t\t\t\t<div class=\"elementor-container elementor-column-gap-default\">\n\t\t\t\t\t<div class=\"elementor-column elementor-col-100 elementor-inner-column elementor-element elementor-element-e1b118a\" data-id=\"e1b118a\" data-element_type=\"column\" data-e-type=\"column\">\n\t\t\t<div class=\"elementor-widget-wrap elementor-element-populated\">\n\t\t\t\t\t\t<div class=\"elementor-element elementor-element-eb51fd1 elementor-widget elementor-widget-text-editor\" data-id=\"eb51fd1\" data-element_type=\"widget\" data-e-type=\"widget\" data-widget_type=\"text-editor.default\">\n\t\t\t\t<div class=\"elementor-widget-container\">\n\t\t\t\t\t\t\t\t\t<p>The World Day of Grandparents and the Elderly, celebrated on July 25 in the Liche\u0144 sanctuary, has become an opportunity to thank the seniors and surround them with heartfelt prayer. - <em>We need grandparents to learn selfless love<\/em> - said Fr. Janusz Kumala, MIC.<\/p><p>The Day of gratitude to parents and grandparents was held at the Sanctuary of Our Lady of Liche\u0144 for the third time, and for the first time the local celebration was part of the World Day of Grandparents and Elderly, established this year by Pope Francis.<\/p><p>At the noon Sunday Mass, presided over in the Lichen basilica, Fr. Janusz Kumala, MIC, the curator of the sanctuary, took part in Senior Clubs from Greater Poland. The faithful asked the Mother of Liche\u0144, Patroness of family happiness, to strengthen family and intergenerational ties. <br \/>In his homily, the custodian priest appreciated the care for seniors, when they enjoy warm family relationships, respect and patience in their surroundings. However, he emphasized the dangers faced by the elderly - <em>in Western countries, euthanasia is used, they are condemned to loneliness, and in the family they meet with self-interest instead of kindness. - God needs us at every stage of our lives. I don&#039;t have to be strong and fit, even bedridden, I can love God. God expects love from man!<\/em> He said.<\/p>\t\t\t\t\t\t\t\t<\/div>\n\t\t\t\t<\/div>\n\t\t\t\t\t<\/div>\n\t\t<\/div>\n\t\t\t\t\t<\/div>\n\t\t<\/section>\n\t\t\t\t<div class=\"elementor-element elementor-element-9ec59f7 elementor-widget elementor-widget-text-editor\" data-id=\"9ec59f7\" data-element_type=\"widget\" data-e-type=\"widget\" data-widget_type=\"text-editor.default\">\n\t\t\t\t<div class=\"elementor-widget-container\">\n\t\t\t\t\t\t\t\t\t<p>He emphasized that it is worth considering the relationship with close seniors who are waiting for us. Do we spend too little time on them? - <em>We need older people, let them live a hundred years! They are needed in families and in the life of the Church<\/em> - Fr. Kumala. - <em>Let us not be afraid of today&#039;s world, but let us listen to Jesus, as Our Lady of Liche\u0144 looks at the pilgrims and says as in Cana in Galilee: <strong>&quot;Do whatever my Son tells you.&quot;<\/strong><\/em><\/p><p>Seniors took part in the liturgy of the Word and the procession with gifts, and the Holy Mass was celebrated by was graced by the brass band of the Municipal and Communal Cultural Center in \u015alesin.<\/p>\t\t\t\t\t\t\t\t<\/div>\n\t\t\t\t<\/div>\n\t\t\t\t<div class=\"elementor-element elementor-element-f21bf89 elementor-widget-divider--view-line_icon elementor-view-default elementor-widget-divider--element-align-center elementor-widget elementor-widget-divider\" data-id=\"f21bf89\" data-element_type=\"widget\" data-e-type=\"widget\" data-widget_type=\"divider.default\">\n\t\t\t\t<div class=\"elementor-widget-container\">\n\t\t\t\t\t\t\t<div class=\"elementor-divider\">\n\t\t\t<span class=\"elementor-divider-separator\">\n\t\t\t\t\t\t\t<div class=\"elementor-icon elementor-divider__element\">\n\t\t\t\t\t<i aria-hidden=\"true\" class=\"fas fa-camera\"><\/i><\/div>\n\t\t\t\t\t\t<\/span>\n\t\t<\/div>\n\t\t\t\t\t\t<\/div>\n\t\t\t\t<\/div>\n\t\t\t\t<div class=\"elementor-element elementor-element-cd59e3d elementor-widget elementor-widget-gallery\" data-id=\"cd59e3d\" data-element_type=\"widget\" data-e-type=\"widget\" data-settings=\"{&quot;columns&quot;:6,&quot;lazyload&quot;:&quot;yes&quot;,&quot;gallery_layout&quot;:&quot;grid&quot;,&quot;columns_tablet&quot;:2,&quot;columns_mobile&quot;:1,&quot;gap&quot;:{&quot;unit&quot;:&quot;px&quot;,&quot;size&quot;:10,&quot;sizes&quot;:[]},&quot;gap_tablet&quot;:{&quot;unit&quot;:&quot;px&quot;,&quot;size&quot;:10,&quot;sizes&quot;:[]},&quot;gap_mobile&quot;:{&quot;unit&quot;:&quot;px&quot;,&quot;size&quot;:10,&quot;sizes&quot;:[]},&quot;link_to&quot;:&quot;file&quot;,&quot;aspect_ratio&quot;:&quot;3:2&quot;,&quot;overlay_background&quot;:&quot;yes&quot;,&quot;content_hover_animation&quot;:&quot;fade-in&quot;}\" data-widget_type=\"gallery.default\">\n\t\t\t\t<div class=\"elementor-widget-container\">\n\t\t\t\t\t\t\t<div class=\"elementor-gallery__container\">\n\t\t\t\t\t\t\t<a class=\"e-gallery-item elementor-gallery-item elementor-animated-content\" href=\"https:\/\/www.lichen.pl\/wp-content\/uploads\/2021\/04\/dzien-dziadkow-plakat-scaled.jpg\" data-elementor-open-lightbox=\"yes\" data-elementor-lightbox-slideshow=\"cd59e3d\" data-elementor-lightbox-title=\"dzie\u0144 dziadk\u00f3w plakat\" data-e-action-hash=\"#elementor-action%3Aaction%3Dlightbox%26settings%3DeyJpZCI6MTk5NjksInVybCI6Imh0dHBzOlwvXC93d3cubGljaGVuLnBsXC93cC1jb250ZW50XC91cGxvYWRzXC8yMDIxXC8wNFwvZHppZW4tZHppYWRrb3ctcGxha2F0LXNjYWxlZC5qcGciLCJzbGlkZXNob3ciOiJjZDU5ZTNkIn0%3D\">\n\t\t\t\t\t<div class=\"e-gallery-image elementor-gallery-item__image\" data-thumbnail=\"https:\/\/www.lichen.pl\/wp-content\/uploads\/2021\/04\/dzien-dziadkow-plakat-219x300.jpg\" data-width=\"219\" data-height=\"300\" aria-label=\"\" role=\"img\" ><\/div>\n\t\t\t\t\t\t\t\t\t\t\t<div class=\"elementor-gallery-item__overlay\"><\/div>\n\t\t\t\t\t\t\t\t\t\t\t\t\t\t<\/a>\n\t\t\t\t\t\t\t<a class=\"e-gallery-item elementor-gallery-item elementor-animated-content\" href=\"https:\/\/www.lichen.pl\/wp-content\/uploads\/2021\/07\/1-Dzien-Osob-Starszych-25-lipca-2021.jpg\" data-elementor-open-lightbox=\"yes\" data-elementor-lightbox-slideshow=\"cd59e3d\" data-elementor-lightbox-title=\"Dzie\u0144 Os\u00f3b Starszych 25 lipca 2021\" data-e-action-hash=\"#elementor-action%3Aaction%3Dlightbox%26settings%3DeyJpZCI6MjIwODAsInVybCI6Imh0dHBzOlwvXC93d3cubGljaGVuLnBsXC93cC1jb250ZW50XC91cGxvYWRzXC8yMDIxXC8wN1wvMS1Eemllbi1Pc29iLVN0YXJzenljaC0yNS1saXBjYS0yMDIxLmpwZyIsInNsaWRlc2hvdyI6ImNkNTllM2QifQ%3D%3D\">\n\t\t\t\t\t<div class=\"e-gallery-image elementor-gallery-item__image\" data-thumbnail=\"https:\/\/www.lichen.pl\/wp-content\/uploads\/2021\/07\/1-Dzien-Osob-Starszych-25-lipca-2021-300x225.jpg\" data-width=\"300\" data-height=\"225\" aria-label=\"\" role=\"img\" ><\/div>\n\t\t\t\t\t\t\t\t\t\t\t<div class=\"elementor-gallery-item__overlay\"><\/div>\n\t\t\t\t\t\t\t\t\t\t\t\t\t\t<\/a>\n\t\t\t\t\t\t\t<a class=\"e-gallery-item elementor-gallery-item elementor-animated-content\" href=\"https:\/\/www.lichen.pl\/wp-content\/uploads\/2021\/07\/2-Dzien-Osob-Starszych-25-lipca-2021.jpg\" data-elementor-open-lightbox=\"yes\" data-elementor-lightbox-slideshow=\"cd59e3d\" data-elementor-lightbox-title=\"Dzie\u0144 Os\u00f3b Starszych 25 lipca 2021\" data-e-action-hash=\"#elementor-action%3Aaction%3Dlightbox%26settings%3DeyJpZCI6MjIwODUsInVybCI6Imh0dHBzOlwvXC93d3cubGljaGVuLnBsXC93cC1jb250ZW50XC91cGxvYWRzXC8yMDIxXC8wN1wvMi1Eemllbi1Pc29iLVN0YXJzenljaC0yNS1saXBjYS0yMDIxLmpwZyIsInNsaWRlc2hvdyI6ImNkNTllM2QifQ%3D%3D\">\n\t\t\t\t\t<div class=\"e-gallery-image elementor-gallery-item__image\" data-thumbnail=\"https:\/\/www.lichen.pl\/wp-content\/uploads\/2021\/07\/2-Dzien-Osob-Starszych-25-lipca-2021-300x225.jpg\" data-width=\"300\" data-height=\"225\" aria-label=\"\" role=\"img\" ><\/div>\n\t\t\t\t\t\t\t\t\t\t\t<div class=\"elementor-gallery-item__overlay\"><\/div>\n\t\t\t\t\t\t\t\t\t\t\t\t\t\t<\/a>\n\t\t\t\t\t\t\t<a class=\"e-gallery-item elementor-gallery-item elementor-animated-content\" href=\"https:\/\/www.lichen.pl\/wp-content\/uploads\/2021\/07\/3-Dzien-Osob-Starszych-25-lipca-2021.jpg\" data-elementor-open-lightbox=\"yes\" data-elementor-lightbox-slideshow=\"cd59e3d\" data-elementor-lightbox-title=\"Dzie\u0144 Os\u00f3b Starszych 25 lipca 2021\" data-e-action-hash=\"#elementor-action%3Aaction%3Dlightbox%26settings%3DeyJpZCI6MjIwOTAsInVybCI6Imh0dHBzOlwvXC93d3cubGljaGVuLnBsXC93cC1jb250ZW50XC91cGxvYWRzXC8yMDIxXC8wN1wvMy1Eemllbi1Pc29iLVN0YXJzenljaC0yNS1saXBjYS0yMDIxLmpwZyIsInNsaWRlc2hvdyI6ImNkNTllM2QifQ%3D%3D\">\n\t\t\t\t\t<div class=\"e-gallery-image elementor-gallery-item__image\" data-thumbnail=\"https:\/\/www.lichen.pl\/wp-content\/uploads\/2021\/07\/3-Dzien-Osob-Starszych-25-lipca-2021-225x300.jpg\" data-width=\"225\" data-height=\"300\" aria-label=\"\" role=\"img\" ><\/div>\n\t\t\t\t\t\t\t\t\t\t\t<div class=\"elementor-gallery-item__overlay\"><\/div>\n\t\t\t\t\t\t\t\t\t\t\t\t\t\t<\/a>\n\t\t\t\t\t\t\t<a class=\"e-gallery-item elementor-gallery-item elementor-animated-content\" href=\"https:\/\/www.lichen.pl\/wp-content\/uploads\/2021\/07\/5-Dzien-Osob-Starszych-25-lipca-2021.jpg\" data-elementor-open-lightbox=\"yes\" data-elementor-lightbox-slideshow=\"cd59e3d\" data-elementor-lightbox-title=\"2 Dzie\u0144 Os\u00f3b Starszych 25 lipca 2021\" data-e-action-hash=\"#elementor-action%3Aaction%3Dlightbox%26settings%3DeyJpZCI6MjIxMDAsInVybCI6Imh0dHBzOlwvXC93d3cubGljaGVuLnBsXC93cC1jb250ZW50XC91cGxvYWRzXC8yMDIxXC8wN1wvNS1Eemllbi1Pc29iLVN0YXJzenljaC0yNS1saXBjYS0yMDIxLmpwZyIsInNsaWRlc2hvdyI6ImNkNTllM2QifQ%3D%3D\">\n\t\t\t\t\t<div class=\"e-gallery-image elementor-gallery-item__image\" data-thumbnail=\"https:\/\/www.lichen.pl\/wp-content\/uploads\/2021\/07\/5-Dzien-Osob-Starszych-25-lipca-2021-225x300.jpg\" data-width=\"225\" data-height=\"300\" aria-label=\"\" role=\"img\" ><\/div>\n\t\t\t\t\t\t\t\t\t\t\t<div class=\"elementor-gallery-item__overlay\"><\/div>\n\t\t\t\t\t\t\t\t\t\t\t\t\t\t<\/a>\n\t\t\t\t\t\t\t<a class=\"e-gallery-item elementor-gallery-item elementor-animated-content\" href=\"https:\/\/www.lichen.pl\/wp-content\/uploads\/2021\/07\/6-Dzien-Osob-Starszych-25-lipca-2021.jpg\" data-elementor-open-lightbox=\"yes\" data-elementor-lightbox-slideshow=\"cd59e3d\" data-elementor-lightbox-title=\"Dzie\u0144 Os\u00f3b Starszych 25 lipca 2021\" data-e-action-hash=\"#elementor-action%3Aaction%3Dlightbox%26settings%3DeyJpZCI6MjIxMDUsInVybCI6Imh0dHBzOlwvXC93d3cubGljaGVuLnBsXC93cC1jb250ZW50XC91cGxvYWRzXC8yMDIxXC8wN1wvNi1Eemllbi1Pc29iLVN0YXJzenljaC0yNS1saXBjYS0yMDIxLmpwZyIsInNsaWRlc2hvdyI6ImNkNTllM2QifQ%3D%3D\">\n\t\t\t\t\t<div class=\"e-gallery-image elementor-gallery-item__image\" data-thumbnail=\"https:\/\/www.lichen.pl\/wp-content\/uploads\/2021\/07\/6-Dzien-Osob-Starszych-25-lipca-2021-225x300.jpg\" data-width=\"225\" data-height=\"300\" aria-label=\"\" role=\"img\" ><\/div>\n\t\t\t\t\t\t\t\t\t\t\t<div class=\"elementor-gallery-item__overlay\"><\/div>\n\t\t\t\t\t\t\t\t\t\t\t\t\t\t<\/a>\n\t\t\t\t\t\t\t<a class=\"e-gallery-item elementor-gallery-item elementor-animated-content\" href=\"https:\/\/www.lichen.pl\/wp-content\/uploads\/2021\/07\/7-Dzien-Osob-Starszych-25-lipca-2021.jpg\" data-elementor-open-lightbox=\"yes\" data-elementor-lightbox-slideshow=\"cd59e3d\" data-elementor-lightbox-title=\"Dzie\u0144 Os\u00f3b Starszych 25 lipca 2021\" data-e-action-hash=\"#elementor-action%3Aaction%3Dlightbox%26settings%3DeyJpZCI6MjIxMTAsInVybCI6Imh0dHBzOlwvXC93d3cubGljaGVuLnBsXC93cC1jb250ZW50XC91cGxvYWRzXC8yMDIxXC8wN1wvNy1Eemllbi1Pc29iLVN0YXJzenljaC0yNS1saXBjYS0yMDIxLmpwZyIsInNsaWRlc2hvdyI6ImNkNTllM2QifQ%3D%3D\">\n\t\t\t\t\t<div class=\"e-gallery-image elementor-gallery-item__image\" data-thumbnail=\"https:\/\/www.lichen.pl\/wp-content\/uploads\/2021\/07\/7-Dzien-Osob-Starszych-25-lipca-2021-225x300.jpg\" data-width=\"225\" data-height=\"300\" aria-label=\"\" role=\"img\" ><\/div>\n\t\t\t\t\t\t\t\t\t\t\t<div class=\"elementor-gallery-item__overlay\"><\/div>\n\t\t\t\t\t\t\t\t\t\t\t\t\t\t<\/a>\n\t\t\t\t\t\t\t<a class=\"e-gallery-item elementor-gallery-item elementor-animated-content\" href=\"https:\/\/www.lichen.pl\/wp-content\/uploads\/2021\/07\/8-Dzien-Osob-Starszych-25-lipca-2021.jpg\" data-elementor-open-lightbox=\"yes\" data-elementor-lightbox-slideshow=\"cd59e3d\" data-elementor-lightbox-title=\"Dzie\u0144 Os\u00f3b Starszych 25 lipca 2021\" data-e-action-hash=\"#elementor-action%3Aaction%3Dlightbox%26settings%3DeyJpZCI6MjIxMTUsInVybCI6Imh0dHBzOlwvXC93d3cubGljaGVuLnBsXC93cC1jb250ZW50XC91cGxvYWRzXC8yMDIxXC8wN1wvOC1Eemllbi1Pc29iLVN0YXJzenljaC0yNS1saXBjYS0yMDIxLmpwZyIsInNsaWRlc2hvdyI6ImNkNTllM2QifQ%3D%3D\">\n\t\t\t\t\t<div class=\"e-gallery-image elementor-gallery-item__image\" data-thumbnail=\"https:\/\/www.lichen.pl\/wp-content\/uploads\/2021\/07\/8-Dzien-Osob-Starszych-25-lipca-2021-225x300.jpg\" data-width=\"225\" data-height=\"300\" aria-label=\"\" role=\"img\" ><\/div>\n\t\t\t\t\t\t\t\t\t\t\t<div class=\"elementor-gallery-item__overlay\"><\/div>\n\t\t\t\t\t\t\t\t\t\t\t\t\t\t<\/a>\n\t\t\t\t\t\t\t<a class=\"e-gallery-item elementor-gallery-item elementor-animated-content\" href=\"https:\/\/www.lichen.pl\/wp-content\/uploads\/2021\/07\/9-Dzien-Osob-Starszych-25-lipca-2021.jpg\" data-elementor-open-lightbox=\"yes\" data-elementor-lightbox-slideshow=\"cd59e3d\" data-elementor-lightbox-title=\"Dzie\u0144 Os\u00f3b Starszych 25 lipca 2021\" data-e-action-hash=\"#elementor-action%3Aaction%3Dlightbox%26settings%3DeyJpZCI6MjIxMjAsInVybCI6Imh0dHBzOlwvXC93d3cubGljaGVuLnBsXC93cC1jb250ZW50XC91cGxvYWRzXC8yMDIxXC8wN1wvOS1Eemllbi1Pc29iLVN0YXJzenljaC0yNS1saXBjYS0yMDIxLmpwZyIsInNsaWRlc2hvdyI6ImNkNTllM2QifQ%3D%3D\">\n\t\t\t\t\t<div class=\"e-gallery-image elementor-gallery-item__image\" data-thumbnail=\"https:\/\/www.lichen.pl\/wp-content\/uploads\/2021\/07\/9-Dzien-Osob-Starszych-25-lipca-2021-300x225.jpg\" data-width=\"300\" data-height=\"225\" aria-label=\"\" role=\"img\" ><\/div>\n\t\t\t\t\t\t\t\t\t\t\t<div class=\"elementor-gallery-item__overlay\"><\/div>\n\t\t\t\t\t\t\t\t\t\t\t\t\t\t<\/a>\n\t\t\t\t\t\t\t<a class=\"e-gallery-item elementor-gallery-item elementor-animated-content\" href=\"https:\/\/www.lichen.pl\/wp-content\/uploads\/2021\/07\/10-Dzien-Osob-Starszych-25-lipca-2021.jpg\" data-elementor-open-lightbox=\"yes\" data-elementor-lightbox-slideshow=\"cd59e3d\" data-elementor-lightbox-title=\"Dzie\u0144 Os\u00f3b Starszych 25 lipca 2021\" data-e-action-hash=\"#elementor-action%3Aaction%3Dlightbox%26settings%3DeyJpZCI6MjIxMjUsInVybCI6Imh0dHBzOlwvXC93d3cubGljaGVuLnBsXC93cC1jb250ZW50XC91cGxvYWRzXC8yMDIxXC8wN1wvMTAtRHppZW4tT3NvYi1TdGFyc3p5Y2gtMjUtbGlwY2EtMjAyMS5qcGciLCJzbGlkZXNob3ciOiJjZDU5ZTNkIn0%3D\">\n\t\t\t\t\t<div class=\"e-gallery-image elementor-gallery-item__image\" data-thumbnail=\"https:\/\/www.lichen.pl\/wp-content\/uploads\/2021\/07\/10-Dzien-Osob-Starszych-25-lipca-2021-225x300.jpg\" data-width=\"225\" data-height=\"300\" aria-label=\"\" role=\"img\" ><\/div>\n\t\t\t\t\t\t\t\t\t\t\t<div class=\"elementor-gallery-item__overlay\"><\/div>\n\t\t\t\t\t\t\t\t\t\t\t\t\t\t<\/a>\n\t\t\t\t\t\t\t<a class=\"e-gallery-item elementor-gallery-item elementor-animated-content\" href=\"https:\/\/www.lichen.pl\/wp-content\/uploads\/2021\/07\/11-Dzien-Osob-Starszych-25-lipca-2021.jpg\" data-elementor-open-lightbox=\"yes\" data-elementor-lightbox-slideshow=\"cd59e3d\" data-elementor-lightbox-title=\"Dzie\u0144 Os\u00f3b Starszych 25 lipca 2021\" data-e-action-hash=\"#elementor-action%3Aaction%3Dlightbox%26settings%3DeyJpZCI6MjIxMzAsInVybCI6Imh0dHBzOlwvXC93d3cubGljaGVuLnBsXC93cC1jb250ZW50XC91cGxvYWRzXC8yMDIxXC8wN1wvMTEtRHppZW4tT3NvYi1TdGFyc3p5Y2gtMjUtbGlwY2EtMjAyMS5qcGciLCJzbGlkZXNob3ciOiJjZDU5ZTNkIn0%3D\">\n\t\t\t\t\t<div class=\"e-gallery-image elementor-gallery-item__image\" data-thumbnail=\"https:\/\/www.lichen.pl\/wp-content\/uploads\/2021\/07\/11-Dzien-Osob-Starszych-25-lipca-2021-300x225.jpg\" data-width=\"300\" data-height=\"225\" aria-label=\"\" role=\"img\" ><\/div>\n\t\t\t\t\t\t\t\t\t\t\t<div class=\"elementor-gallery-item__overlay\"><\/div>\n\t\t\t\t\t\t\t\t\t\t\t\t\t\t<\/a>\n\t\t\t\t\t\t\t<a class=\"e-gallery-item elementor-gallery-item elementor-animated-content\" href=\"https:\/\/www.lichen.pl\/wp-content\/uploads\/2021\/07\/12-Dzien-Osob-Starszych-25-lipca-2021.jpg\" data-elementor-open-lightbox=\"yes\" data-elementor-lightbox-slideshow=\"cd59e3d\" data-elementor-lightbox-title=\"Dzie\u0144 Os\u00f3b Starszych 25 lipca 2021\" data-e-action-hash=\"#elementor-action%3Aaction%3Dlightbox%26settings%3DeyJpZCI6MjIxMzUsInVybCI6Imh0dHBzOlwvXC93d3cubGljaGVuLnBsXC93cC1jb250ZW50XC91cGxvYWRzXC8yMDIxXC8wN1wvMTItRHppZW4tT3NvYi1TdGFyc3p5Y2gtMjUtbGlwY2EtMjAyMS5qcGciLCJzbGlkZXNob3ciOiJjZDU5ZTNkIn0%3D\">\n\t\t\t\t\t<div class=\"e-gallery-image elementor-gallery-item__image\" data-thumbnail=\"https:\/\/www.lichen.pl\/wp-content\/uploads\/2021\/07\/12-Dzien-Osob-Starszych-25-lipca-2021-225x300.jpg\" data-width=\"225\" data-height=\"300\" aria-label=\"\" role=\"img\" ><\/div>\n\t\t\t\t\t\t\t\t\t\t\t<div class=\"elementor-gallery-item__overlay\"><\/div>\n\t\t\t\t\t\t\t\t\t\t\t\t\t\t<\/a>\n\t\t\t\t\t\t\t<a class=\"e-gallery-item elementor-gallery-item elementor-animated-content\" href=\"https:\/\/www.lichen.pl\/wp-content\/uploads\/2021\/07\/13-Dzien-Osob-Starszych-25-lipca-2021.jpg\" data-elementor-open-lightbox=\"yes\" data-elementor-lightbox-slideshow=\"cd59e3d\" data-elementor-lightbox-title=\"Dzie\u0144 Os\u00f3b Starszych 25 lipca 2021\" data-e-action-hash=\"#elementor-action%3Aaction%3Dlightbox%26settings%3DeyJpZCI6MjIxNDAsInVybCI6Imh0dHBzOlwvXC93d3cubGljaGVuLnBsXC93cC1jb250ZW50XC91cGxvYWRzXC8yMDIxXC8wN1wvMTMtRHppZW4tT3NvYi1TdGFyc3p5Y2gtMjUtbGlwY2EtMjAyMS5qcGciLCJzbGlkZXNob3ciOiJjZDU5ZTNkIn0%3D\">\n\t\t\t\t\t<div class=\"e-gallery-image elementor-gallery-item__image\" data-thumbnail=\"https:\/\/www.lichen.pl\/wp-content\/uploads\/2021\/07\/13-Dzien-Osob-Starszych-25-lipca-2021-225x300.jpg\" data-width=\"225\" data-height=\"300\" aria-label=\"\" role=\"img\" ><\/div>\n\t\t\t\t\t\t\t\t\t\t\t<div class=\"elementor-gallery-item__overlay\"><\/div>\n\t\t\t\t\t\t\t\t\t\t\t\t\t\t<\/a>\n\t\t\t\t\t\t\t<a class=\"e-gallery-item elementor-gallery-item elementor-animated-content\" href=\"https:\/\/www.lichen.pl\/wp-content\/uploads\/2021\/07\/14-Dzien-Osob-Starszych-25-lipca-2021.jpg\" data-elementor-open-lightbox=\"yes\" data-elementor-lightbox-slideshow=\"cd59e3d\" data-elementor-lightbox-title=\"Dzie\u0144 Os\u00f3b Starszych 25 lipca 2021\" data-e-action-hash=\"#elementor-action%3Aaction%3Dlightbox%26settings%3DeyJpZCI6MjIxNDUsInVybCI6Imh0dHBzOlwvXC93d3cubGljaGVuLnBsXC93cC1jb250ZW50XC91cGxvYWRzXC8yMDIxXC8wN1wvMTQtRHppZW4tT3NvYi1TdGFyc3p5Y2gtMjUtbGlwY2EtMjAyMS5qcGciLCJzbGlkZXNob3ciOiJjZDU5ZTNkIn0%3D\">\n\t\t\t\t\t<div class=\"e-gallery-image elementor-gallery-item__image\" data-thumbnail=\"https:\/\/www.lichen.pl\/wp-content\/uploads\/2021\/07\/14-Dzien-Osob-Starszych-25-lipca-2021-225x300.jpg\" data-width=\"225\" data-height=\"300\" aria-label=\"\" role=\"img\" ><\/div>\n\t\t\t\t\t\t\t\t\t\t\t<div class=\"elementor-gallery-item__overlay\"><\/div>\n\t\t\t\t\t\t\t\t\t\t\t\t\t\t<\/a>\n\t\t\t\t\t\t\t<a class=\"e-gallery-item elementor-gallery-item elementor-animated-content\" href=\"https:\/\/www.lichen.pl\/wp-content\/uploads\/2021\/07\/15-Dzien-Osob-Starszych-25-lipca-2021.jpg\" data-elementor-open-lightbox=\"yes\" data-elementor-lightbox-slideshow=\"cd59e3d\" data-elementor-lightbox-title=\"Dzie\u0144 Os\u00f3b Starszych 25 lipca 2021\" data-e-action-hash=\"#elementor-action%3Aaction%3Dlightbox%26settings%3DeyJpZCI6MjIxNTAsInVybCI6Imh0dHBzOlwvXC93d3cubGljaGVuLnBsXC93cC1jb250ZW50XC91cGxvYWRzXC8yMDIxXC8wN1wvMTUtRHppZW4tT3NvYi1TdGFyc3p5Y2gtMjUtbGlwY2EtMjAyMS5qcGciLCJzbGlkZXNob3ciOiJjZDU5ZTNkIn0%3D\">\n\t\t\t\t\t<div class=\"e-gallery-image elementor-gallery-item__image\" data-thumbnail=\"https:\/\/www.lichen.pl\/wp-content\/uploads\/2021\/07\/15-Dzien-Osob-Starszych-25-lipca-2021-225x300.jpg\" data-width=\"225\" data-height=\"300\" aria-label=\"\" role=\"img\" ><\/div>\n\t\t\t\t\t\t\t\t\t\t\t<div class=\"elementor-gallery-item__overlay\"><\/div>\n\t\t\t\t\t\t\t\t\t\t\t\t\t\t<\/a>\n\t\t\t\t\t\t\t<a class=\"e-gallery-item elementor-gallery-item elementor-animated-content\" href=\"https:\/\/www.lichen.pl\/wp-content\/uploads\/2021\/07\/16-Dzien-Osob-Starszych-25-lipca-2021.jpg\" data-elementor-open-lightbox=\"yes\" data-elementor-lightbox-slideshow=\"cd59e3d\" data-elementor-lightbox-title=\"2 Dzie\u0144 Os\u00f3b Starszych 25 lipca 2021\" data-e-action-hash=\"#elementor-action%3Aaction%3Dlightbox%26settings%3DeyJpZCI6MjIxNTUsInVybCI6Imh0dHBzOlwvXC93d3cubGljaGVuLnBsXC93cC1jb250ZW50XC91cGxvYWRzXC8yMDIxXC8wN1wvMTYtRHppZW4tT3NvYi1TdGFyc3p5Y2gtMjUtbGlwY2EtMjAyMS5qcGciLCJzbGlkZXNob3ciOiJjZDU5ZTNkIn0%3D\">\n\t\t\t\t\t<div class=\"e-gallery-image elementor-gallery-item__image\" data-thumbnail=\"https:\/\/www.lichen.pl\/wp-content\/uploads\/2021\/07\/16-Dzien-Osob-Starszych-25-lipca-2021-225x300.jpg\" data-width=\"225\" data-height=\"300\" aria-label=\"\" role=\"img\" ><\/div>\n\t\t\t\t\t\t\t\t\t\t\t<div class=\"elementor-gallery-item__overlay\"><\/div>\n\t\t\t\t\t\t\t\t\t\t\t\t\t\t<\/a>\n\t\t\t\t\t\t\t<a class=\"e-gallery-item elementor-gallery-item elementor-animated-content\" href=\"https:\/\/www.lichen.pl\/wp-content\/uploads\/2021\/07\/18-Dzien-Osob-Starszych-25-lipca-2021.jpg\" data-elementor-open-lightbox=\"yes\" data-elementor-lightbox-slideshow=\"cd59e3d\" data-elementor-lightbox-title=\"Dzie\u0144 Os\u00f3b Starszych 25 lipca 2021\" data-e-action-hash=\"#elementor-action%3Aaction%3Dlightbox%26settings%3DeyJpZCI6MjIxNjUsInVybCI6Imh0dHBzOlwvXC93d3cubGljaGVuLnBsXC93cC1jb250ZW50XC91cGxvYWRzXC8yMDIxXC8wN1wvMTgtRHppZW4tT3NvYi1TdGFyc3p5Y2gtMjUtbGlwY2EtMjAyMS5qcGciLCJzbGlkZXNob3ciOiJjZDU5ZTNkIn0%3D\">\n\t\t\t\t\t<div class=\"e-gallery-image elementor-gallery-item__image\" data-thumbnail=\"https:\/\/www.lichen.pl\/wp-content\/uploads\/2021\/07\/18-Dzien-Osob-Starszych-25-lipca-2021-225x300.jpg\" data-width=\"225\" data-height=\"300\" aria-label=\"\" role=\"img\" ><\/div>\n\t\t\t\t\t\t\t\t\t\t\t<div class=\"elementor-gallery-item__overlay\"><\/div>\n\t\t\t\t\t\t\t\t\t\t\t\t\t\t<\/a>\n\t\t\t\t\t\t\t<a class=\"e-gallery-item elementor-gallery-item elementor-animated-content\" href=\"https:\/\/www.lichen.pl\/wp-content\/uploads\/2021\/07\/20-Dzien-Osob-Starszych-25-lipca-2021.jpg\" data-elementor-open-lightbox=\"yes\" data-elementor-lightbox-slideshow=\"cd59e3d\" data-elementor-lightbox-title=\"Dzie\u0144 Os\u00f3b Starszych 25 lipca 2021\" data-e-action-hash=\"#elementor-action%3Aaction%3Dlightbox%26settings%3DeyJpZCI6MjIxNzUsInVybCI6Imh0dHBzOlwvXC93d3cubGljaGVuLnBsXC93cC1jb250ZW50XC91cGxvYWRzXC8yMDIxXC8wN1wvMjAtRHppZW4tT3NvYi1TdGFyc3p5Y2gtMjUtbGlwY2EtMjAyMS5qcGciLCJzbGlkZXNob3ciOiJjZDU5ZTNkIn0%3D\">\n\t\t\t\t\t<div class=\"e-gallery-image elementor-gallery-item__image\" data-thumbnail=\"https:\/\/www.lichen.pl\/wp-content\/uploads\/2021\/07\/20-Dzien-Osob-Starszych-25-lipca-2021-225x300.jpg\" data-width=\"225\" data-height=\"300\" aria-label=\"\" role=\"img\" ><\/div>\n\t\t\t\t\t\t\t\t\t\t\t<div class=\"elementor-gallery-item__overlay\"><\/div>\n\t\t\t\t\t\t\t\t\t\t\t\t\t\t<\/a>\n\t\t\t\t\t<\/div>\n\t\t\t\t\t<\/div>\n\t\t\t\t<\/div>\n\t\t\t\t\t<\/div>\n\t\t<\/div>\n\t\t\t\t\t<\/div>\n\t\t<\/section>\n\t\t\t\t<section class=\"elementor-section elementor-top-section elementor-element elementor-element-992f768 elementor-section-boxed elementor-section-height-default elementor-section-height-default\" data-id=\"992f768\" data-element_type=\"section\" data-e-type=\"section\">\n\t\t\t\t\t\t<div class=\"elementor-container elementor-column-gap-default\">\n\t\t\t\t\t<div class=\"elementor-column elementor-col-100 elementor-top-column elementor-element elementor-element-2efef3f\" data-id=\"2efef3f\" data-element_type=\"column\" data-e-type=\"column\">\n\t\t\t<div class=\"elementor-widget-wrap elementor-element-populated\">\n\t\t\t\t\t\t<div class=\"elementor-element elementor-element-cece422 elementor-widget-divider--view-line elementor-widget elementor-widget-divider\" data-id=\"cece422\" data-element_type=\"widget\" data-e-type=\"widget\" data-widget_type=\"divider.default\">\n\t\t\t\t<div class=\"elementor-widget-container\">\n\t\t\t\t\t\t\t<div class=\"elementor-divider\">\n\t\t\t<span class=\"elementor-divider-separator\">\n\t\t\t\t\t\t<\/span>\n\t\t<\/div>\n\t\t\t\t\t\t<\/div>\n\t\t\t\t<\/div>\n\t\t\t\t\t<\/div>\n\t\t<\/div>\n\t\t\t\t\t<\/div>\n\t\t<\/section>\n\t\t\t\t<\/div>","protected":false},"excerpt":{"rendered":"<p>Patrz\u0105c na rozw\u00f3j liche\u0144skiego sanktuarium, na jego pocz\u0105tki, mo\u017cna by powiedzie\u0107, \u017ce zosta\u0142o ono powierzone seniorom. Pasterz Miko\u0142aj Sikatka do\u015bwiadczy\u0142 objawienia Matki Bo\u017cej w lesie gr\u0105bli\u0144skim w wieku 63 lat. W tamtych czasach by\u0142 to naprawd\u0119 starszy cz\u0142owiek (ks. Janusz Kumala MIC, 21 pa\u017adziernika 2019 r.). \u015awiatowy Dzie\u0144 Dziadk\u00f3w i Os\u00f3b Starszych obchodzony 25 lipca [&hellip;]<\/p>\n","protected":false},"author":2,"featured_media":19977,"comment_status":"open","ping_status":"open","sticky":false,"template":"","format":"standard","meta":{"footnotes":""},"categories":[1],"tags":[],"class_list":["post-19975","post","type-post","status-publish","format-standard","has-post-thumbnail","hentry","category-aktualnosci","wpbf-post"],"yoast_head":"<!-- This site is optimized with the Yoast SEO plugin v27.4 - https:\/\/yoast.com\/product\/yoast-seo-wordpress\/ -->\n<title>\u015awiatowy Dzie\u0144 Dziadk\u00f3w i Os\u00f3b Starszych w Licheniu - SANKTUARIUM W LICHENIU<\/title>\n<meta name=\"robots\" content=\"index, follow, max-snippet:-1, max-image-preview:large, max-video-preview:-1\" \/>\n<link rel=\"canonical\" href=\"http:\/\/www.lichen.pl\/en\/28-ogolnopolskie-spotkania-trzezwosciowe-ozywieni-slowem-lichen-23-25-lipca-2021-r-copy\/\" \/>\n<meta property=\"og:locale\" content=\"en_GB\" \/>\n<meta property=\"og:type\" content=\"article\" \/>\n<meta property=\"og:title\" content=\"\u015awiatowy Dzie\u0144 Dziadk\u00f3w i Os\u00f3b Starszych w Licheniu - SANKTUARIUM W LICHENIU\" \/>\n<meta property=\"og:description\" content=\"Patrz\u0105c na rozw\u00f3j liche\u0144skiego sanktuarium, na jego pocz\u0105tki, mo\u017cna by powiedzie\u0107, \u017ce zosta\u0142o ono powierzone seniorom. Pasterz Miko\u0142aj Sikatka do\u015bwiadczy\u0142 objawienia Matki Bo\u017cej w lesie gr\u0105bli\u0144skim w wieku 63 lat. W tamtych czasach by\u0142 to naprawd\u0119 starszy cz\u0142owiek (ks. Janusz Kumala MIC, 21 pa\u017adziernika 2019 r.). \u015awiatowy Dzie\u0144 Dziadk\u00f3w i Os\u00f3b Starszych obchodzony 25 lipca [&hellip;]\" \/>\n<meta property=\"og:url\" content=\"http:\/\/www.lichen.pl\/en\/28-ogolnopolskie-spotkania-trzezwosciowe-ozywieni-slowem-lichen-23-25-lipca-2021-r-copy\/\" \/>\n<meta property=\"og:site_name\" content=\"SANKTUARIUM W LICHENIU\" \/>\n<meta property=\"article:published_time\" content=\"2021-07-25T16:40:52+00:00\" \/>\n<meta property=\"article:modified_time\" content=\"2021-07-28T12:19:20+00:00\" \/>\n<meta property=\"og:image\" content=\"http:\/\/www.lichen.pl\/wp-content\/uploads\/2021\/07\/dzien-dziadkow-plakat-scaled.jpg\" \/>\n\t<meta property=\"og:image:width\" content=\"1920\" \/>\n\t<meta property=\"og:image:height\" content=\"1362\" \/>\n\t<meta property=\"og:image:type\" content=\"image\/jpeg\" \/>\n<meta name=\"author\" content=\"Arkadiusz Gorgolewski\" \/>\n<meta name=\"twitter:card\" content=\"summary_large_image\" \/>\n<meta name=\"twitter:label1\" content=\"Written by\" \/>\n\t<meta name=\"twitter:data1\" content=\"Arkadiusz Gorgolewski\" \/>\n\t<meta name=\"twitter:label2\" content=\"Estimated reading time\" \/>\n\t<meta name=\"twitter:data2\" content=\"2 minutes\" \/>\n<script type=\"application\/ld+json\" class=\"yoast-schema-graph\">{\"@context\":\"https:\\\/\\\/schema.org\",\"@graph\":[{\"@type\":\"Article\",\"@id\":\"http:\\\/\\\/www.lichen.pl\\\/de\\\/28-ogolnopolskie-spotkania-trzezwosciowe-ozywieni-slowem-lichen-23-25-lipca-2021-r-copy\\\/#article\",\"isPartOf\":{\"@id\":\"http:\\\/\\\/www.lichen.pl\\\/de\\\/28-ogolnopolskie-spotkania-trzezwosciowe-ozywieni-slowem-lichen-23-25-lipca-2021-r-copy\\\/\"},\"author\":{\"name\":\"Arkadiusz Gorgolewski\",\"@id\":\"https:\\\/\\\/www.lichen.pl\\\/fr\\\/#\\\/schema\\\/person\\\/56fc5b38d70a2b34983408f9a457fd9d\"},\"headline\":\"\u015awiatowy Dzie\u0144 Dziadk\u00f3w i Os\u00f3b Starszych w Licheniu\",\"datePublished\":\"2021-07-25T16:40:52+00:00\",\"dateModified\":\"2021-07-28T12:19:20+00:00\",\"mainEntityOfPage\":{\"@id\":\"http:\\\/\\\/www.lichen.pl\\\/de\\\/28-ogolnopolskie-spotkania-trzezwosciowe-ozywieni-slowem-lichen-23-25-lipca-2021-r-copy\\\/\"},\"wordCount\":408,\"commentCount\":0,\"image\":{\"@id\":\"http:\\\/\\\/www.lichen.pl\\\/de\\\/28-ogolnopolskie-spotkania-trzezwosciowe-ozywieni-slowem-lichen-23-25-lipca-2021-r-copy\\\/#primaryimage\"},\"thumbnailUrl\":\"https:\\\/\\\/www.lichen.pl\\\/wp-content\\\/uploads\\\/2021\\\/07\\\/dzien-dziadkow-plakat-scaled.jpg\",\"articleSection\":[\"Aktualno\u015bci\"],\"inLanguage\":\"en-GB\",\"potentialAction\":[{\"@type\":\"CommentAction\",\"name\":\"Comment\",\"target\":[\"http:\\\/\\\/www.lichen.pl\\\/de\\\/28-ogolnopolskie-spotkania-trzezwosciowe-ozywieni-slowem-lichen-23-25-lipca-2021-r-copy\\\/#respond\"]}]},{\"@type\":\"WebPage\",\"@id\":\"http:\\\/\\\/www.lichen.pl\\\/de\\\/28-ogolnopolskie-spotkania-trzezwosciowe-ozywieni-slowem-lichen-23-25-lipca-2021-r-copy\\\/\",\"url\":\"http:\\\/\\\/www.lichen.pl\\\/de\\\/28-ogolnopolskie-spotkania-trzezwosciowe-ozywieni-slowem-lichen-23-25-lipca-2021-r-copy\\\/\",\"name\":\"\u015awiatowy Dzie\u0144 Dziadk\u00f3w i Os\u00f3b Starszych w Licheniu - SANKTUARIUM W LICHENIU\",\"isPartOf\":{\"@id\":\"https:\\\/\\\/www.lichen.pl\\\/fr\\\/#website\"},\"primaryImageOfPage\":{\"@id\":\"http:\\\/\\\/www.lichen.pl\\\/de\\\/28-ogolnopolskie-spotkania-trzezwosciowe-ozywieni-slowem-lichen-23-25-lipca-2021-r-copy\\\/#primaryimage\"},\"image\":{\"@id\":\"http:\\\/\\\/www.lichen.pl\\\/de\\\/28-ogolnopolskie-spotkania-trzezwosciowe-ozywieni-slowem-lichen-23-25-lipca-2021-r-copy\\\/#primaryimage\"},\"thumbnailUrl\":\"https:\\\/\\\/www.lichen.pl\\\/wp-content\\\/uploads\\\/2021\\\/07\\\/dzien-dziadkow-plakat-scaled.jpg\",\"datePublished\":\"2021-07-25T16:40:52+00:00\",\"dateModified\":\"2021-07-28T12:19:20+00:00\",\"author\":{\"@id\":\"https:\\\/\\\/www.lichen.pl\\\/fr\\\/#\\\/schema\\\/person\\\/56fc5b38d70a2b34983408f9a457fd9d\"},\"breadcrumb\":{\"@id\":\"http:\\\/\\\/www.lichen.pl\\\/de\\\/28-ogolnopolskie-spotkania-trzezwosciowe-ozywieni-slowem-lichen-23-25-lipca-2021-r-copy\\\/#breadcrumb\"},\"inLanguage\":\"en-GB\",\"potentialAction\":[{\"@type\":\"ReadAction\",\"target\":[\"http:\\\/\\\/www.lichen.pl\\\/de\\\/28-ogolnopolskie-spotkania-trzezwosciowe-ozywieni-slowem-lichen-23-25-lipca-2021-r-copy\\\/\"]}]},{\"@type\":\"ImageObject\",\"inLanguage\":\"en-GB\",\"@id\":\"http:\\\/\\\/www.lichen.pl\\\/de\\\/28-ogolnopolskie-spotkania-trzezwosciowe-ozywieni-slowem-lichen-23-25-lipca-2021-r-copy\\\/#primaryimage\",\"url\":\"https:\\\/\\\/www.lichen.pl\\\/wp-content\\\/uploads\\\/2021\\\/07\\\/dzien-dziadkow-plakat-scaled.jpg\",\"contentUrl\":\"https:\\\/\\\/www.lichen.pl\\\/wp-content\\\/uploads\\\/2021\\\/07\\\/dzien-dziadkow-plakat-scaled.jpg\",\"width\":1920,\"height\":1362},{\"@type\":\"BreadcrumbList\",\"@id\":\"http:\\\/\\\/www.lichen.pl\\\/de\\\/28-ogolnopolskie-spotkania-trzezwosciowe-ozywieni-slowem-lichen-23-25-lipca-2021-r-copy\\\/#breadcrumb\",\"itemListElement\":[{\"@type\":\"ListItem\",\"position\":1,\"name\":\"Strona g\u0142\u00f3wna\",\"item\":\"https:\\\/\\\/www.lichen.pl\\\/\"},{\"@type\":\"ListItem\",\"position\":2,\"name\":\"\u015awiatowy Dzie\u0144 Dziadk\u00f3w i Os\u00f3b Starszych w Licheniu\"}]},{\"@type\":\"WebSite\",\"@id\":\"https:\\\/\\\/www.lichen.pl\\\/fr\\\/#website\",\"url\":\"https:\\\/\\\/www.lichen.pl\\\/fr\\\/\",\"name\":\"SANKTUARIUM W LICHENIU\",\"description\":\"MATKI BO\u017bEJ LICHE\u0143SKIEJ BOLESNEJ KR\u00d3LOWEJ POLSKI\",\"potentialAction\":[{\"@type\":\"SearchAction\",\"target\":{\"@type\":\"EntryPoint\",\"urlTemplate\":\"https:\\\/\\\/www.lichen.pl\\\/fr\\\/?s={search_term_string}\"},\"query-input\":{\"@type\":\"PropertyValueSpecification\",\"valueRequired\":true,\"valueName\":\"search_term_string\"}}],\"inLanguage\":\"en-GB\"},{\"@type\":\"Person\",\"@id\":\"https:\\\/\\\/www.lichen.pl\\\/fr\\\/#\\\/schema\\\/person\\\/56fc5b38d70a2b34983408f9a457fd9d\",\"name\":\"Arkadiusz Gorgolewski\",\"image\":{\"@type\":\"ImageObject\",\"inLanguage\":\"en-GB\",\"@id\":\"https:\\\/\\\/secure.gravatar.com\\\/avatar\\\/0f571b370f5aa245b1fd3b9c945511b004fe17579bdefd5054d99f0ba315149c?s=96&d=retro&r=g\",\"url\":\"https:\\\/\\\/secure.gravatar.com\\\/avatar\\\/0f571b370f5aa245b1fd3b9c945511b004fe17579bdefd5054d99f0ba315149c?s=96&d=retro&r=g\",\"contentUrl\":\"https:\\\/\\\/secure.gravatar.com\\\/avatar\\\/0f571b370f5aa245b1fd3b9c945511b004fe17579bdefd5054d99f0ba315149c?s=96&d=retro&r=g\",\"caption\":\"Arkadiusz Gorgolewski\"},\"url\":\"https:\\\/\\\/www.lichen.pl\\\/en\\\/author\\\/sanadmin\\\/\"}]}<\/script>\n<!-- \/ Yoast SEO plugin. -->","yoast_head_json":{"title":"\u015awiatowy Dzie\u0144 Dziadk\u00f3w i Os\u00f3b Starszych w Licheniu - SANKTUARIUM W LICHENIU","robots":{"index":"index","follow":"follow","max-snippet":"max-snippet:-1","max-image-preview":"max-image-preview:large","max-video-preview":"max-video-preview:-1"},"canonical":"http:\/\/www.lichen.pl\/en\/28-ogolnopolskie-spotkania-trzezwosciowe-ozywieni-slowem-lichen-23-25-lipca-2021-r-copy\/","og_locale":"en_GB","og_type":"article","og_title":"\u015awiatowy Dzie\u0144 Dziadk\u00f3w i Os\u00f3b Starszych w Licheniu - SANKTUARIUM W LICHENIU","og_description":"Patrz\u0105c na rozw\u00f3j liche\u0144skiego sanktuarium, na jego pocz\u0105tki, mo\u017cna by powiedzie\u0107, \u017ce zosta\u0142o ono powierzone seniorom. Pasterz Miko\u0142aj Sikatka do\u015bwiadczy\u0142 objawienia Matki Bo\u017cej w lesie gr\u0105bli\u0144skim w wieku 63 lat. W tamtych czasach by\u0142 to naprawd\u0119 starszy cz\u0142owiek (ks. Janusz Kumala MIC, 21 pa\u017adziernika 2019 r.). \u015awiatowy Dzie\u0144 Dziadk\u00f3w i Os\u00f3b Starszych obchodzony 25 lipca [&hellip;]","og_url":"http:\/\/www.lichen.pl\/en\/28-ogolnopolskie-spotkania-trzezwosciowe-ozywieni-slowem-lichen-23-25-lipca-2021-r-copy\/","og_site_name":"SANKTUARIUM W LICHENIU","article_published_time":"2021-07-25T16:40:52+00:00","article_modified_time":"2021-07-28T12:19:20+00:00","og_image":[{"width":1920,"height":1362,"url":"http:\/\/www.lichen.pl\/wp-content\/uploads\/2021\/07\/dzien-dziadkow-plakat-scaled.jpg","type":"image\/jpeg"}],"author":"Arkadiusz Gorgolewski","twitter_card":"summary_large_image","twitter_misc":{"Written by":"Arkadiusz Gorgolewski","Estimated reading time":"2 minutes"},"schema":{"@context":"https:\/\/schema.org","@graph":[{"@type":"Article","@id":"http:\/\/www.lichen.pl\/de\/28-ogolnopolskie-spotkania-trzezwosciowe-ozywieni-slowem-lichen-23-25-lipca-2021-r-copy\/#article","isPartOf":{"@id":"http:\/\/www.lichen.pl\/de\/28-ogolnopolskie-spotkania-trzezwosciowe-ozywieni-slowem-lichen-23-25-lipca-2021-r-copy\/"},"author":{"name":"Arkadiusz Gorgolewski","@id":"https:\/\/www.lichen.pl\/fr\/#\/schema\/person\/56fc5b38d70a2b34983408f9a457fd9d"},"headline":"\u015awiatowy Dzie\u0144 Dziadk\u00f3w i Os\u00f3b Starszych w Licheniu","datePublished":"2021-07-25T16:40:52+00:00","dateModified":"2021-07-28T12:19:20+00:00","mainEntityOfPage":{"@id":"http:\/\/www.lichen.pl\/de\/28-ogolnopolskie-spotkania-trzezwosciowe-ozywieni-slowem-lichen-23-25-lipca-2021-r-copy\/"},"wordCount":408,"commentCount":0,"image":{"@id":"http:\/\/www.lichen.pl\/de\/28-ogolnopolskie-spotkania-trzezwosciowe-ozywieni-slowem-lichen-23-25-lipca-2021-r-copy\/#primaryimage"},"thumbnailUrl":"https:\/\/www.lichen.pl\/wp-content\/uploads\/2021\/07\/dzien-dziadkow-plakat-scaled.jpg","articleSection":["Aktualno\u015bci"],"inLanguage":"en-GB","potentialAction":[{"@type":"CommentAction","name":"Comment","target":["http:\/\/www.lichen.pl\/de\/28-ogolnopolskie-spotkania-trzezwosciowe-ozywieni-slowem-lichen-23-25-lipca-2021-r-copy\/#respond"]}]},{"@type":"WebPage","@id":"http:\/\/www.lichen.pl\/de\/28-ogolnopolskie-spotkania-trzezwosciowe-ozywieni-slowem-lichen-23-25-lipca-2021-r-copy\/","url":"http:\/\/www.lichen.pl\/de\/28-ogolnopolskie-spotkania-trzezwosciowe-ozywieni-slowem-lichen-23-25-lipca-2021-r-copy\/","name":"\u015awiatowy Dzie\u0144 Dziadk\u00f3w i Os\u00f3b Starszych w Licheniu - SANKTUARIUM W LICHENIU","isPartOf":{"@id":"https:\/\/www.lichen.pl\/fr\/#website"},"primaryImageOfPage":{"@id":"http:\/\/www.lichen.pl\/de\/28-ogolnopolskie-spotkania-trzezwosciowe-ozywieni-slowem-lichen-23-25-lipca-2021-r-copy\/#primaryimage"},"image":{"@id":"http:\/\/www.lichen.pl\/de\/28-ogolnopolskie-spotkania-trzezwosciowe-ozywieni-slowem-lichen-23-25-lipca-2021-r-copy\/#primaryimage"},"thumbnailUrl":"https:\/\/www.lichen.pl\/wp-content\/uploads\/2021\/07\/dzien-dziadkow-plakat-scaled.jpg","datePublished":"2021-07-25T16:40:52+00:00","dateModified":"2021-07-28T12:19:20+00:00","author":{"@id":"https:\/\/www.lichen.pl\/fr\/#\/schema\/person\/56fc5b38d70a2b34983408f9a457fd9d"},"breadcrumb":{"@id":"http:\/\/www.lichen.pl\/de\/28-ogolnopolskie-spotkania-trzezwosciowe-ozywieni-slowem-lichen-23-25-lipca-2021-r-copy\/#breadcrumb"},"inLanguage":"en-GB","potentialAction":[{"@type":"ReadAction","target":["http:\/\/www.lichen.pl\/de\/28-ogolnopolskie-spotkania-trzezwosciowe-ozywieni-slowem-lichen-23-25-lipca-2021-r-copy\/"]}]},{"@type":"ImageObject","inLanguage":"en-GB","@id":"http:\/\/www.lichen.pl\/de\/28-ogolnopolskie-spotkania-trzezwosciowe-ozywieni-slowem-lichen-23-25-lipca-2021-r-copy\/#primaryimage","url":"https:\/\/www.lichen.pl\/wp-content\/uploads\/2021\/07\/dzien-dziadkow-plakat-scaled.jpg","contentUrl":"https:\/\/www.lichen.pl\/wp-content\/uploads\/2021\/07\/dzien-dziadkow-plakat-scaled.jpg","width":1920,"height":1362},{"@type":"BreadcrumbList","@id":"http:\/\/www.lichen.pl\/de\/28-ogolnopolskie-spotkania-trzezwosciowe-ozywieni-slowem-lichen-23-25-lipca-2021-r-copy\/#breadcrumb","itemListElement":[{"@type":"ListItem","position":1,"name":"Strona g\u0142\u00f3wna","item":"https:\/\/www.lichen.pl\/"},{"@type":"ListItem","position":2,"name":"\u015awiatowy Dzie\u0144 Dziadk\u00f3w i Os\u00f3b Starszych w Licheniu"}]},{"@type":"WebSite","@id":"https:\/\/www.lichen.pl\/fr\/#website","url":"https:\/\/www.lichen.pl\/fr\/","name":"SANCTUARY IN LICHENIA","description":"OUR LICHEN&#039;S SORROWFUL QUEEN OF POLAND","potentialAction":[{"@type":"SearchAction","target":{"@type":"EntryPoint","urlTemplate":"https:\/\/www.lichen.pl\/fr\/?s={search_term_string}"},"query-input":{"@type":"PropertyValueSpecification","valueRequired":true,"valueName":"search_term_string"}}],"inLanguage":"en-GB"},{"@type":"Person","@id":"https:\/\/www.lichen.pl\/fr\/#\/schema\/person\/56fc5b38d70a2b34983408f9a457fd9d","name":"Arkadiusz Gorgolewski","image":{"@type":"ImageObject","inLanguage":"en-GB","@id":"https:\/\/secure.gravatar.com\/avatar\/0f571b370f5aa245b1fd3b9c945511b004fe17579bdefd5054d99f0ba315149c?s=96&d=retro&r=g","url":"https:\/\/secure.gravatar.com\/avatar\/0f571b370f5aa245b1fd3b9c945511b004fe17579bdefd5054d99f0ba315149c?s=96&d=retro&r=g","contentUrl":"https:\/\/secure.gravatar.com\/avatar\/0f571b370f5aa245b1fd3b9c945511b004fe17579bdefd5054d99f0ba315149c?s=96&d=retro&r=g","caption":"Arkadiusz Gorgolewski"},"url":"https:\/\/www.lichen.pl\/en\/author\/sanadmin\/"}]}},"_links":{"self":[{"href":"https:\/\/www.lichen.pl\/en\/wp-json\/wp\/v2\/posts\/19975","targetHints":{"allow":["GET"]}}],"collection":[{"href":"https:\/\/www.lichen.pl\/en\/wp-json\/wp\/v2\/posts"}],"about":[{"href":"https:\/\/www.lichen.pl\/en\/wp-json\/wp\/v2\/types\/post"}],"author":[{"embeddable":true,"href":"https:\/\/www.lichen.pl\/en\/wp-json\/wp\/v2\/users\/2"}],"replies":[{"embeddable":true,"href":"https:\/\/www.lichen.pl\/en\/wp-json\/wp\/v2\/comments?post=19975"}],"version-history":[{"count":11,"href":"https:\/\/www.lichen.pl\/en\/wp-json\/wp\/v2\/posts\/19975\/revisions"}],"predecessor-version":[{"id":22182,"href":"https:\/\/www.lichen.pl\/en\/wp-json\/wp\/v2\/posts\/19975\/revisions\/22182"}],"wp:featuredmedia":[{"embeddable":true,"href":"https:\/\/www.lichen.pl\/en\/wp-json\/wp\/v2\/media\/19977"}],"wp:attachment":[{"href":"https:\/\/www.lichen.pl\/en\/wp-json\/wp\/v2\/media?parent=19975"}],"wp:term":[{"taxonomy":"category","embeddable":true,"href":"https:\/\/www.lichen.pl\/en\/wp-json\/wp\/v2\/categories?post=19975"},{"taxonomy":"post_tag","embeddable":true,"href":"https:\/\/www.lichen.pl\/en\/wp-json\/wp\/v2\/tags?post=19975"}],"curies":[{"name":"wp","href":"https:\/\/api.w.org\/{rel}","templated":true}]}}